{"id":16119,"date":"2019-11-07T18:22:37","date_gmt":"2019-11-07T22:22:37","guid":{"rendered":"http:\/\/vanderloubet.com.br\/deputado\/?p=16119"},"modified":"2019-11-07T18:22:37","modified_gmt":"2019-11-07T22:22:37","slug":"com-apoio-de-vander-pec-da-policia-penal-e-aprovada-na-camara-dos-deputados","status":"publish","type":"post","link":"https:\/\/vanderloubet.com.br\/deputado\/com-apoio-de-vander-pec-da-policia-penal-e-aprovada-na-camara-dos-deputados\/","title":{"rendered":"Com apoio de Vander, PEC da Pol\u00edcia Penal \u00e9 aprovada na C\u00e2mara dos Deputados"},"content":{"rendered":"<p>Ap\u00f3s aproximadamente 14 anos de luta dos agentes penitenci\u00e1rios, a Pol\u00edcia Penal, um antigo anseio da categoria, tornou-se realidade. Esse \u00e9 considerado o maior projeto de seguran\u00e7a p\u00fablica ap\u00f3s a Constitui\u00e7\u00e3o Federal de 1988.<\/p>\n<p>A Proposta de Emenda \u00e0 Constitui\u00e7\u00e3o (PEC) 372\/17, que cria a Pol\u00edcia Penal, foi aprovada na quarta-feira (6) na C\u00e2mara dos Deputados, em Bras\u00edlia, em vota\u00e7\u00e3o de segundo turno, com 385 votos favor\u00e1veis e apenas 16 contr\u00e1rios. O deputado federal Vander Loubet foi um dos parlamentares que votou a favor da mat\u00e9ria.<\/p>\n<p>Representantes dos agentes penitenci\u00e1rios estiveram mais uma vez no Congresso Nacional trabalhando pela aprova\u00e7\u00e3o da proposta. Na ocasi\u00e3o, o presidente do Sindicato dos Servidores da Administra\u00e7\u00e3o Penitenci\u00e1ria de Mato Grosso do Sul (Sinsap-MS), Andr\u00e9 Santiago, e o vice-presidente, Lourival Pereira da Mota, participaram de reuni\u00f5es solicitando a vota\u00e7\u00e3o e aprova\u00e7\u00e3o da pauta.<\/p>\n<p>A PEC regulamentar\u00e1 a profiss\u00e3o de agente prisional profissional respons\u00e1vel pela seguran\u00e7a de unidades penais e incluir\u00e1 a Pol\u00edcia Penal no artigo 144 da Constitui\u00e7\u00e3o Federal, que estabelece as pol\u00edcias que fazem parte da seguran\u00e7a p\u00fablica. Com a cria\u00e7\u00e3o da Pol\u00edcia Penal os governos dos estados v\u00e3o poder criar mecanismos de seguran\u00e7a e controle nas unidades penais.<\/p>\n<p>O Sinsap-MS parabenizou todos os agentes penitenci\u00e1rios de Mato Grosso do Sul por essa vit\u00f3ria, sobretudo aqueles que sempre apoiaram a causa e nunca desanimaram. De acordo com o Sindicato, foram in\u00fameras caravanas para participar de mobiliza\u00e7\u00f5es em Bras\u00edlia. <\/p>\n<p>&#8220;Essa \u00e9 uma conquista hist\u00f3rica. Enfrentamos viagens, reuni\u00f5es, g\u00e1s e muita cr\u00edtica. A esperan\u00e7a e a perseveran\u00e7a, que n\u00f3s agentes guerreiros temos devido a tanto sofrimento em nossa labuta, fizeram com que alcan\u00e7\u00e1ssemos essa vit\u00f3ria&#8221;, destacou Santiago.<\/p>\n<p><em>(Fonte: Sinsap-MS)<\/em><\/p>\n","protected":false},"excerpt":{"rendered":"<p>PEC regulamentar\u00e1 profiss\u00e3o de agente prisional profissional respons\u00e1vel pela seguran\u00e7a de unidades penais.<\/p>\n","protected":false},"author":2,"featured_media":16120,"comment_status":"closed","ping_status":"closed","sticky":false,"template":"","format":"standard","meta":{"jetpack_post_was_ever_published":false,"_jetpack_newsletter_access":"","_jetpack_dont_email_post_to_subs":false,"_jetpack_newsletter_tier_id":0,"_jetpack_memberships_contains_paywalled_content":false,"_jetpack_memberships_contains_paid_content":false,"footnotes":""},"categories":[2098,10],"tags":[2300,2220],"class_list":{"0":"post-16119","1":"post","2":"type-post","3":"status-publish","4":"format-standard","5":"has-post-thumbnail","7":"category-brasil-noticias","8":"category-noticias","9":"tag-proposta-de-emenda-a-constituicao","10":"tag-seguranca-publica"},"yoast_head":"<!-- This site is optimized with the Yoast SEO plugin v27.4 - https:\/\/yoast.com\/product\/yoast-seo-wordpress\/ -->\n<title>Com apoio de Vander, PEC da Pol\u00edcia Penal \u00e9 aprovada na C\u00e2mara dos Deputados<\/title>\n<meta name=\"description\" content=\"PEC regulamentar\u00e1 profiss\u00e3o de agente prisional profissional respons\u00e1vel pela seguran\u00e7a de unidades penais.\" \/>\n<meta name=\"robots\" content=\"index, follow, max-snippet:-1, max-image-preview:large, max-video-preview:-1\" \/>\n<link rel=\"canonical\" href=\"https:\/\/vanderloubet.com.br\/deputado\/com-apoio-de-vander-pec-da-policia-penal-e-aprovada-na-camara-dos-deputados\/\" \/>\n<meta property=\"og:locale\" content=\"pt_BR\" \/>\n<meta property=\"og:type\" content=\"article\" \/>\n<meta property=\"og:title\" content=\"Com apoio de Vander, PEC da Pol\u00edcia Penal \u00e9 aprovada na C\u00e2mara dos Deputados\" \/>\n<meta property=\"og:description\" content=\"PEC regulamentar\u00e1 profiss\u00e3o de agente prisional profissional respons\u00e1vel pela seguran\u00e7a de unidades penais.\" \/>\n<meta property=\"og:url\" content=\"https:\/\/vanderloubet.com.br\/deputado\/com-apoio-de-vander-pec-da-policia-penal-e-aprovada-na-camara-dos-deputados\/\" \/>\n<meta property=\"og:site_name\" content=\"Deputado Federal Vander Loubet\" \/>\n<meta property=\"article:publisher\" content=\"https:\/\/facebook.com\/deputadovander\" \/>\n<meta property=\"article:published_time\" content=\"2019-11-07T22:22:37+00:00\" \/>\n<meta property=\"og:image\" content=\"https:\/\/vanderloubet.com.br\/deputado\/wp-content\/uploads\/2019\/11\/foto-2019-11-07-pec-policia-penal.jpg\" \/>\n\t<meta property=\"og:image:width\" content=\"960\" \/>\n\t<meta property=\"og:image:height\" content=\"640\" \/>\n\t<meta property=\"og:image:type\" content=\"image\/jpeg\" \/>\n<meta name=\"author\" content=\"\u00c9der\" \/>\n<meta name=\"twitter:card\" content=\"summary_large_image\" \/>\n<meta name=\"twitter:creator\" content=\"@vanderloubet\" \/>\n<meta name=\"twitter:site\" content=\"@vanderloubet\" \/>\n<script type=\"application\/ld+json\" class=\"yoast-schema-graph\">{\"@context\":\"https:\\\/\\\/schema.org\",\"@graph\":[{\"@type\":\"Article\",\"@id\":\"https:\\\/\\\/vanderloubet.com.br\\\/deputado\\\/com-apoio-de-vander-pec-da-policia-penal-e-aprovada-na-camara-dos-deputados\\\/#article\",\"isPartOf\":{\"@id\":\"https:\\\/\\\/vanderloubet.com.br\\\/deputado\\\/com-apoio-de-vander-pec-da-policia-penal-e-aprovada-na-camara-dos-deputados\\\/\"},\"author\":{\"name\":\"\u00c9der\",\"@id\":\"https:\\\/\\\/vanderloubet.com.br\\\/deputado\\\/#\\\/schema\\\/person\\\/15b51bd564532a8a68d9dec1b8eb890e\"},\"headline\":\"Com apoio de Vander, PEC da Pol\u00edcia Penal \u00e9 aprovada na C\u00e2mara dos Deputados\",\"datePublished\":\"2019-11-07T22:22:37+00:00\",\"mainEntityOfPage\":{\"@id\":\"https:\\\/\\\/vanderloubet.com.br\\\/deputado\\\/com-apoio-de-vander-pec-da-policia-penal-e-aprovada-na-camara-dos-deputados\\\/\"},\"wordCount\":327,\"publisher\":{\"@id\":\"https:\\\/\\\/vanderloubet.com.br\\\/deputado\\\/#organization\"},\"image\":{\"@id\":\"https:\\\/\\\/vanderloubet.com.br\\\/deputado\\\/com-apoio-de-vander-pec-da-policia-penal-e-aprovada-na-camara-dos-deputados\\\/#primaryimage\"},\"thumbnailUrl\":\"https:\\\/\\\/vanderloubet.com.br\\\/deputado\\\/wp-content\\\/uploads\\\/2019\\\/11\\\/foto-2019-11-07-pec-policia-penal.jpg\",\"keywords\":[\"proposta de emenda \u00e0 constitui\u00e7\u00e3o\",\"seguran\u00e7a p\u00fablica\"],\"articleSection\":[\"Brasil\",\"Not\u00edcias\"],\"inLanguage\":\"pt-BR\"},{\"@type\":\"WebPage\",\"@id\":\"https:\\\/\\\/vanderloubet.com.br\\\/deputado\\\/com-apoio-de-vander-pec-da-policia-penal-e-aprovada-na-camara-dos-deputados\\\/\",\"url\":\"https:\\\/\\\/vanderloubet.com.br\\\/deputado\\\/com-apoio-de-vander-pec-da-policia-penal-e-aprovada-na-camara-dos-deputados\\\/\",\"name\":\"Com apoio de Vander, PEC da Pol\u00edcia Penal \u00e9 aprovada na C\u00e2mara dos Deputados\",\"isPartOf\":{\"@id\":\"https:\\\/\\\/vanderloubet.com.br\\\/deputado\\\/#website\"},\"primaryImageOfPage\":{\"@id\":\"https:\\\/\\\/vanderloubet.com.br\\\/deputado\\\/com-apoio-de-vander-pec-da-policia-penal-e-aprovada-na-camara-dos-deputados\\\/#primaryimage\"},\"image\":{\"@id\":\"https:\\\/\\\/vanderloubet.com.br\\\/deputado\\\/com-apoio-de-vander-pec-da-policia-penal-e-aprovada-na-camara-dos-deputados\\\/#primaryimage\"},\"thumbnailUrl\":\"https:\\\/\\\/vanderloubet.com.br\\\/deputado\\\/wp-content\\\/uploads\\\/2019\\\/11\\\/foto-2019-11-07-pec-policia-penal.jpg\",\"datePublished\":\"2019-11-07T22:22:37+00:00\",\"description\":\"PEC regulamentar\u00e1 profiss\u00e3o de agente prisional profissional respons\u00e1vel pela seguran\u00e7a de unidades penais.\",\"breadcrumb\":{\"@id\":\"https:\\\/\\\/vanderloubet.com.br\\\/deputado\\\/com-apoio-de-vander-pec-da-policia-penal-e-aprovada-na-camara-dos-deputados\\\/#breadcrumb\"},\"inLanguage\":\"pt-BR\",\"potentialAction\":[{\"@type\":\"ReadAction\",\"target\":[\"https:\\\/\\\/vanderloubet.com.br\\\/deputado\\\/com-apoio-de-vander-pec-da-policia-penal-e-aprovada-na-camara-dos-deputados\\\/\"]}]},{\"@type\":\"ImageObject\",\"inLanguage\":\"pt-BR\",\"@id\":\"https:\\\/\\\/vanderloubet.com.br\\\/deputado\\\/com-apoio-de-vander-pec-da-policia-penal-e-aprovada-na-camara-dos-deputados\\\/#primaryimage\",\"url\":\"https:\\\/\\\/vanderloubet.com.br\\\/deputado\\\/wp-content\\\/uploads\\\/2019\\\/11\\\/foto-2019-11-07-pec-policia-penal.jpg\",\"contentUrl\":\"https:\\\/\\\/vanderloubet.com.br\\\/deputado\\\/wp-content\\\/uploads\\\/2019\\\/11\\\/foto-2019-11-07-pec-policia-penal.jpg\",\"width\":960,\"height\":640,\"caption\":\"Vander se encontrou com representantes de agentes penitenci\u00e1rios e declarou apoio \u00e0 PEC 372\\\/17\"},{\"@type\":\"BreadcrumbList\",\"@id\":\"https:\\\/\\\/vanderloubet.com.br\\\/deputado\\\/com-apoio-de-vander-pec-da-policia-penal-e-aprovada-na-camara-dos-deputados\\\/#breadcrumb\",\"itemListElement\":[{\"@type\":\"ListItem\",\"position\":1,\"name\":\"In\u00edcio\",\"item\":\"https:\\\/\\\/vanderloubet.com.br\\\/deputado\\\/\"},{\"@type\":\"ListItem\",\"position\":2,\"name\":\"Com apoio de Vander, PEC da Pol\u00edcia Penal \u00e9 aprovada na C\u00e2mara dos Deputados\"}]},{\"@type\":\"WebSite\",\"@id\":\"https:\\\/\\\/vanderloubet.com.br\\\/deputado\\\/#website\",\"url\":\"https:\\\/\\\/vanderloubet.com.br\\\/deputado\\\/\",\"name\":\"Deputado Federal Vander Loubet\",\"description\":\"O Federal de MS\",\"publisher\":{\"@id\":\"https:\\\/\\\/vanderloubet.com.br\\\/deputado\\\/#organization\"},\"alternateName\":\"Deputado Vander\",\"potentialAction\":[{\"@type\":\"SearchAction\",\"target\":{\"@type\":\"EntryPoint\",\"urlTemplate\":\"https:\\\/\\\/vanderloubet.com.br\\\/deputado\\\/?s={search_term_string}\"},\"query-input\":{\"@type\":\"PropertyValueSpecification\",\"valueRequired\":true,\"valueName\":\"search_term_string\"}}],\"inLanguage\":\"pt-BR\"},{\"@type\":\"Organization\",\"@id\":\"https:\\\/\\\/vanderloubet.com.br\\\/deputado\\\/#organization\",\"name\":\"Deputado Federal Vander Loubet\",\"alternateName\":\"Deputado Vander\",\"url\":\"https:\\\/\\\/vanderloubet.com.br\\\/deputado\\\/\",\"logo\":{\"@type\":\"ImageObject\",\"inLanguage\":\"pt-BR\",\"@id\":\"https:\\\/\\\/vanderloubet.com.br\\\/deputado\\\/#\\\/schema\\\/logo\\\/image\\\/\",\"url\":\"https:\\\/\\\/vanderloubet.com.br\\\/deputado\\\/wp-content\\\/uploads\\\/2023\\\/06\\\/foto-2023-06-19-mandato-deputado-vander.jpg\",\"contentUrl\":\"https:\\\/\\\/vanderloubet.com.br\\\/deputado\\\/wp-content\\\/uploads\\\/2023\\\/06\\\/foto-2023-06-19-mandato-deputado-vander.jpg\",\"width\":1080,\"height\":1080,\"caption\":\"Deputado Federal Vander Loubet\"},\"image\":{\"@id\":\"https:\\\/\\\/vanderloubet.com.br\\\/deputado\\\/#\\\/schema\\\/logo\\\/image\\\/\"},\"sameAs\":[\"https:\\\/\\\/facebook.com\\\/deputadovander\",\"https:\\\/\\\/x.com\\\/vanderloubet\",\"https:\\\/\\\/instagram.com\\\/vanderloubet\",\"https:\\\/\\\/youtube.com\\\/vanderloubet\",\"https:\\\/\\\/tiktok.com\\\/@vanderloubetms\"]},{\"@type\":\"Person\",\"@id\":\"https:\\\/\\\/vanderloubet.com.br\\\/deputado\\\/#\\\/schema\\\/person\\\/15b51bd564532a8a68d9dec1b8eb890e\",\"name\":\"\u00c9der\",\"image\":{\"@type\":\"ImageObject\",\"inLanguage\":\"pt-BR\",\"@id\":\"https:\\\/\\\/vanderloubet.com.br\\\/deputado\\\/wp-content\\\/litespeed\\\/avatar\\\/88ca4090d9d5ab1c9495f6ca03b68efa.jpg?ver=1777058957\",\"url\":\"https:\\\/\\\/vanderloubet.com.br\\\/deputado\\\/wp-content\\\/litespeed\\\/avatar\\\/88ca4090d9d5ab1c9495f6ca03b68efa.jpg?ver=1777058957\",\"contentUrl\":\"https:\\\/\\\/vanderloubet.com.br\\\/deputado\\\/wp-content\\\/litespeed\\\/avatar\\\/88ca4090d9d5ab1c9495f6ca03b68efa.jpg?ver=1777058957\",\"caption\":\"\u00c9der\"}}]}<\/script>\n<!-- \/ Yoast SEO plugin. -->","yoast_head_json":{"title":"Com apoio de Vander, PEC da Pol\u00edcia Penal \u00e9 aprovada na C\u00e2mara dos Deputados","description":"PEC regulamentar\u00e1 profiss\u00e3o de agente prisional profissional respons\u00e1vel pela seguran\u00e7a de unidades penais.","robots":{"index":"index","follow":"follow","max-snippet":"max-snippet:-1","max-image-preview":"max-image-preview:large","max-video-preview":"max-video-preview:-1"},"canonical":"https:\/\/vanderloubet.com.br\/deputado\/com-apoio-de-vander-pec-da-policia-penal-e-aprovada-na-camara-dos-deputados\/","og_locale":"pt_BR","og_type":"article","og_title":"Com apoio de Vander, PEC da Pol\u00edcia Penal \u00e9 aprovada na C\u00e2mara dos Deputados","og_description":"PEC regulamentar\u00e1 profiss\u00e3o de agente prisional profissional respons\u00e1vel pela seguran\u00e7a de unidades penais.","og_url":"https:\/\/vanderloubet.com.br\/deputado\/com-apoio-de-vander-pec-da-policia-penal-e-aprovada-na-camara-dos-deputados\/","og_site_name":"Deputado Federal Vander Loubet","article_publisher":"https:\/\/facebook.com\/deputadovander","article_published_time":"2019-11-07T22:22:37+00:00","og_image":[{"width":960,"height":640,"url":"https:\/\/vanderloubet.com.br\/deputado\/wp-content\/uploads\/2019\/11\/foto-2019-11-07-pec-policia-penal.jpg","type":"image\/jpeg"}],"author":"\u00c9der","twitter_card":"summary_large_image","twitter_creator":"@vanderloubet","twitter_site":"@vanderloubet","schema":{"@context":"https:\/\/schema.org","@graph":[{"@type":"Article","@id":"https:\/\/vanderloubet.com.br\/deputado\/com-apoio-de-vander-pec-da-policia-penal-e-aprovada-na-camara-dos-deputados\/#article","isPartOf":{"@id":"https:\/\/vanderloubet.com.br\/deputado\/com-apoio-de-vander-pec-da-policia-penal-e-aprovada-na-camara-dos-deputados\/"},"author":{"name":"\u00c9der","@id":"https:\/\/vanderloubet.com.br\/deputado\/#\/schema\/person\/15b51bd564532a8a68d9dec1b8eb890e"},"headline":"Com apoio de Vander, PEC da Pol\u00edcia Penal \u00e9 aprovada na C\u00e2mara dos Deputados","datePublished":"2019-11-07T22:22:37+00:00","mainEntityOfPage":{"@id":"https:\/\/vanderloubet.com.br\/deputado\/com-apoio-de-vander-pec-da-policia-penal-e-aprovada-na-camara-dos-deputados\/"},"wordCount":327,"publisher":{"@id":"https:\/\/vanderloubet.com.br\/deputado\/#organization"},"image":{"@id":"https:\/\/vanderloubet.com.br\/deputado\/com-apoio-de-vander-pec-da-policia-penal-e-aprovada-na-camara-dos-deputados\/#primaryimage"},"thumbnailUrl":"https:\/\/vanderloubet.com.br\/deputado\/wp-content\/uploads\/2019\/11\/foto-2019-11-07-pec-policia-penal.jpg","keywords":["proposta de emenda \u00e0 constitui\u00e7\u00e3o","seguran\u00e7a p\u00fablica"],"articleSection":["Brasil","Not\u00edcias"],"inLanguage":"pt-BR"},{"@type":"WebPage","@id":"https:\/\/vanderloubet.com.br\/deputado\/com-apoio-de-vander-pec-da-policia-penal-e-aprovada-na-camara-dos-deputados\/","url":"https:\/\/vanderloubet.com.br\/deputado\/com-apoio-de-vander-pec-da-policia-penal-e-aprovada-na-camara-dos-deputados\/","name":"Com apoio de Vander, PEC da Pol\u00edcia Penal \u00e9 aprovada na C\u00e2mara dos Deputados","isPartOf":{"@id":"https:\/\/vanderloubet.com.br\/deputado\/#website"},"primaryImageOfPage":{"@id":"https:\/\/vanderloubet.com.br\/deputado\/com-apoio-de-vander-pec-da-policia-penal-e-aprovada-na-camara-dos-deputados\/#primaryimage"},"image":{"@id":"https:\/\/vanderloubet.com.br\/deputado\/com-apoio-de-vander-pec-da-policia-penal-e-aprovada-na-camara-dos-deputados\/#primaryimage"},"thumbnailUrl":"https:\/\/vanderloubet.com.br\/deputado\/wp-content\/uploads\/2019\/11\/foto-2019-11-07-pec-policia-penal.jpg","datePublished":"2019-11-07T22:22:37+00:00","description":"PEC regulamentar\u00e1 profiss\u00e3o de agente prisional profissional respons\u00e1vel pela seguran\u00e7a de unidades penais.","breadcrumb":{"@id":"https:\/\/vanderloubet.com.br\/deputado\/com-apoio-de-vander-pec-da-policia-penal-e-aprovada-na-camara-dos-deputados\/#breadcrumb"},"inLanguage":"pt-BR","potentialAction":[{"@type":"ReadAction","target":["https:\/\/vanderloubet.com.br\/deputado\/com-apoio-de-vander-pec-da-policia-penal-e-aprovada-na-camara-dos-deputados\/"]}]},{"@type":"ImageObject","inLanguage":"pt-BR","@id":"https:\/\/vanderloubet.com.br\/deputado\/com-apoio-de-vander-pec-da-policia-penal-e-aprovada-na-camara-dos-deputados\/#primaryimage","url":"https:\/\/vanderloubet.com.br\/deputado\/wp-content\/uploads\/2019\/11\/foto-2019-11-07-pec-policia-penal.jpg","contentUrl":"https:\/\/vanderloubet.com.br\/deputado\/wp-content\/uploads\/2019\/11\/foto-2019-11-07-pec-policia-penal.jpg","width":960,"height":640,"caption":"Vander se encontrou com representantes de agentes penitenci\u00e1rios e declarou apoio \u00e0 PEC 372\/17"},{"@type":"BreadcrumbList","@id":"https:\/\/vanderloubet.com.br\/deputado\/com-apoio-de-vander-pec-da-policia-penal-e-aprovada-na-camara-dos-deputados\/#breadcrumb","itemListElement":[{"@type":"ListItem","position":1,"name":"In\u00edcio","item":"https:\/\/vanderloubet.com.br\/deputado\/"},{"@type":"ListItem","position":2,"name":"Com apoio de Vander, PEC da Pol\u00edcia Penal \u00e9 aprovada na C\u00e2mara dos Deputados"}]},{"@type":"WebSite","@id":"https:\/\/vanderloubet.com.br\/deputado\/#website","url":"https:\/\/vanderloubet.com.br\/deputado\/","name":"Deputado Federal Vander Loubet","description":"O Federal de MS","publisher":{"@id":"https:\/\/vanderloubet.com.br\/deputado\/#organization"},"alternateName":"Deputado Vander","potentialAction":[{"@type":"SearchAction","target":{"@type":"EntryPoint","urlTemplate":"https:\/\/vanderloubet.com.br\/deputado\/?s={search_term_string}"},"query-input":{"@type":"PropertyValueSpecification","valueRequired":true,"valueName":"search_term_string"}}],"inLanguage":"pt-BR"},{"@type":"Organization","@id":"https:\/\/vanderloubet.com.br\/deputado\/#organization","name":"Deputado Federal Vander Loubet","alternateName":"Deputado Vander","url":"https:\/\/vanderloubet.com.br\/deputado\/","logo":{"@type":"ImageObject","inLanguage":"pt-BR","@id":"https:\/\/vanderloubet.com.br\/deputado\/#\/schema\/logo\/image\/","url":"https:\/\/vanderloubet.com.br\/deputado\/wp-content\/uploads\/2023\/06\/foto-2023-06-19-mandato-deputado-vander.jpg","contentUrl":"https:\/\/vanderloubet.com.br\/deputado\/wp-content\/uploads\/2023\/06\/foto-2023-06-19-mandato-deputado-vander.jpg","width":1080,"height":1080,"caption":"Deputado Federal Vander Loubet"},"image":{"@id":"https:\/\/vanderloubet.com.br\/deputado\/#\/schema\/logo\/image\/"},"sameAs":["https:\/\/facebook.com\/deputadovander","https:\/\/x.com\/vanderloubet","https:\/\/instagram.com\/vanderloubet","https:\/\/youtube.com\/vanderloubet","https:\/\/tiktok.com\/@vanderloubetms"]},{"@type":"Person","@id":"https:\/\/vanderloubet.com.br\/deputado\/#\/schema\/person\/15b51bd564532a8a68d9dec1b8eb890e","name":"\u00c9der","image":{"@type":"ImageObject","inLanguage":"pt-BR","@id":"https:\/\/vanderloubet.com.br\/deputado\/wp-content\/litespeed\/avatar\/88ca4090d9d5ab1c9495f6ca03b68efa.jpg?ver=1777058957","url":"https:\/\/vanderloubet.com.br\/deputado\/wp-content\/litespeed\/avatar\/88ca4090d9d5ab1c9495f6ca03b68efa.jpg?ver=1777058957","contentUrl":"https:\/\/vanderloubet.com.br\/deputado\/wp-content\/litespeed\/avatar\/88ca4090d9d5ab1c9495f6ca03b68efa.jpg?ver=1777058957","caption":"\u00c9der"}}]}},"jetpack_featured_media_url":"https:\/\/vanderloubet.com.br\/deputado\/wp-content\/uploads\/2019\/11\/foto-2019-11-07-pec-policia-penal.jpg","jetpack_sharing_enabled":true,"_links":{"self":[{"href":"https:\/\/vanderloubet.com.br\/deputado\/wp-json\/wp\/v2\/posts\/16119","targetHints":{"allow":["GET"]}}],"collection":[{"href":"https:\/\/vanderloubet.com.br\/deputado\/wp-json\/wp\/v2\/posts"}],"about":[{"href":"https:\/\/vanderloubet.com.br\/deputado\/wp-json\/wp\/v2\/types\/post"}],"author":[{"embeddable":true,"href":"https:\/\/vanderloubet.com.br\/deputado\/wp-json\/wp\/v2\/users\/2"}],"replies":[{"embeddable":true,"href":"https:\/\/vanderloubet.com.br\/deputado\/wp-json\/wp\/v2\/comments?post=16119"}],"version-history":[{"count":0,"href":"https:\/\/vanderloubet.com.br\/deputado\/wp-json\/wp\/v2\/posts\/16119\/revisions"}],"wp:featuredmedia":[{"embeddable":true,"href":"https:\/\/vanderloubet.com.br\/deputado\/wp-json\/wp\/v2\/media\/16120"}],"wp:attachment":[{"href":"https:\/\/vanderloubet.com.br\/deputado\/wp-json\/wp\/v2\/media?parent=16119"}],"wp:term":[{"taxonomy":"category","embeddable":true,"href":"https:\/\/vanderloubet.com.br\/deputado\/wp-json\/wp\/v2\/categories?post=16119"},{"taxonomy":"post_tag","embeddable":true,"href":"https:\/\/vanderloubet.com.br\/deputado\/wp-json\/wp\/v2\/tags?post=16119"}],"curies":[{"name":"wp","href":"https:\/\/api.w.org\/{rel}","templated":true}]}}