{"id":16081,"date":"2019-11-05T09:08:16","date_gmt":"2019-11-05T13:08:16","guid":{"rendered":"http:\/\/vanderloubet.com.br\/deputado\/?p=16081"},"modified":"2019-11-11T16:39:42","modified_gmt":"2019-11-11T20:39:42","slug":"corredor-bioceanico-segue-com-obras-em-ritmo-acelerado-no-paraguai","status":"publish","type":"post","link":"https:\/\/vanderloubet.com.br\/deputado\/corredor-bioceanico-segue-com-obras-em-ritmo-acelerado-no-paraguai\/","title":{"rendered":"Corredor Bioce\u00e2nico segue com obras em ritmo acelerado no Paraguai"},"content":{"rendered":"<p>As obras do Corredor Bioce\u00e2nico, liga\u00e7\u00e3o rodovi\u00e1ria entre Brasil, Paraguai, Argentina e Chile desde a costa do Oceano Atl\u00e2ntico at\u00e9 a costa do Oceano Pac\u00edfico, seguem em ritmo acelerado no Paraguai, na regi\u00e3o do munic\u00edpio de Carmelo Peralta, vizinho a Porto Murtinho.<\/p>\n<p>De acordo com as informa\u00e7\u00f5es do Ministerio de Obras P\u00fablicas y Comunicaciones (MOPC), o trabalho na chamada Se\u00e7\u00e3o 1, que liga Carmelo Peralta a Loma Plata (trecho com 212 km de extens\u00e3o), avan\u00e7a em sete frentes de obras, incluindo o trabalho aos domingos e noturno.<\/p>\n<p>No \u00faltimo fim de semana, foi iniciada a coloca\u00e7\u00e3o de vigas de concreto para a ponte sobre um riacho a 25 quil\u00f4metros de Carmelo Peralta. Nessa frente, j\u00e1 foi conclu\u00edda a coloca\u00e7\u00e3o do solo-cal enquanto a coloca\u00e7\u00e3o do solo-cimento continua \u2013 que s\u00e3o as bases de prepara\u00e7\u00e3o do terreno para que seja feita a pavimenta\u00e7\u00e3o. Esse mesmo procedimento segue em ritmo acelerado nas frentes de trabalho em Loma Plata, segundo o governo paraguaio.<\/p>\n<p>&#8220;Aqui no Brasil, estamos na depend\u00eancia da libera\u00e7\u00e3o de recursos por parte do governo federal para fazer as obras avan\u00e7arem. Nossa bancada em Bras\u00edlia fez sua li\u00e7\u00e3o de casa: para a recupera\u00e7\u00e3o de pontos cr\u00edticos da BR-267 entre Murtinho e Jardim\/Guia Lopes da Laguna e da BR-262 entre Corumb\u00e1 e Miranda conseguimos este ano com o DNIT [Departamento Nacional de Infraestrutura de Transportes] R$ 20 milh\u00f5es e para 2020 indicamos uma emenda impositiva de bancada de R$ 28 milh\u00f5es. Al\u00e9m disso, colocamos outros R$ 139 milh\u00f5es no PPA [Plano Plurianual] de 2020-2023 do governo para a constru\u00e7\u00e3o do acesso da BR-267 \u00e0 ponte sobre o Rio Paraguai&#8221;, destaca o deputado federal Vander Loubet.<\/p>\n<p>A constru\u00e7\u00e3o da ponte sobre o Rio Paraguai para ligar Porto Murtinho e Carmelo Peralta \u00e9 um sonho antigo da popula\u00e7\u00e3o da regi\u00e3o. Ap\u00f3s muitos anos de espera, o projeto come\u00e7a a sair do papel, com investimento previsto de US$ 75 milh\u00f5es, custeado pela Itaipu Binacional, empresa estatal brasileira e paraguaia.<\/p>\n<p>&#8220;O trabalho pela concretiza\u00e7\u00e3o da Rota Bioce\u00e2nica me acompanha desde a \u00e9poca de secret\u00e1rio de Estado no governo do Zeca do PT. Por isso, estou muito entusiasmado pelo fato de esse projeto estar come\u00e7ando a se tornar realidade&#8221;, comemora Vander.<\/p>\n<p>A Rota Bioce\u00e2nica dever\u00e1 reduzir em 17 dias o trajeto de viagem das commodities de Mato Grosso do Sul at\u00e9 o mercado asi\u00e1tico, embarcando nos portos do Chile ao inv\u00e9s de usar os portos de Paranagu\u00e1 (PR) ou de Santos (SP). No Paraguai, j\u00e1 est\u00e1 sendo pavimentado um trecho de 600 quil\u00f4metros da rota que corta seu territ\u00f3rio. Partindo de Campo Grande, a rodovia vai percorrer 2.400 quil\u00f4metros at\u00e9 a cidade chilena de Antofagasta.<\/p>\n<p><em>(Fonte:  Portal do Governo de Mato Grosso do Sul)<\/em><\/p>\n\r\n                <style type=\"text\/css\">\r\n                    \r\n                    #tdi_1  .td-doubleSlider-2 .td-item1 {\r\n                        background: url(https:\/\/vanderloubet.com.br\/deputado\/wp-content\/uploads\/2019\/11\/foto-2019-11-05-rota-bioceanica-paraguai-1-80x60.jpg) 0 0 no-repeat;\r\n                    }\r\n                    #tdi_1  .td-doubleSlider-2 .td-item2 {\r\n                        background: url(https:\/\/vanderloubet.com.br\/deputado\/wp-content\/uploads\/2019\/11\/foto-2019-11-05-rota-bioceanica-paraguai-2-80x60.jpg) 0 0 no-repeat;\r\n                    }\r\n                    #tdi_1  .td-doubleSlider-2 .td-item3 {\r\n                        background: url(https:\/\/vanderloubet.com.br\/deputado\/wp-content\/uploads\/2019\/11\/foto-2019-11-05-rota-bioceanica-paraguai-3-80x60.jpg) 0 0 no-repeat;\r\n                    }\r\n                    #tdi_1  .td-doubleSlider-2 .td-item4 {\r\n                        background: url(https:\/\/vanderloubet.com.br\/deputado\/wp-content\/uploads\/2019\/11\/foto-2019-11-05-rota-bioceanica-paraguai-4-80x60.jpg) 0 0 no-repeat;\r\n                    }\r\n                    #tdi_1  .td-doubleSlider-2 .td-item5 {\r\n                        background: url(https:\/\/vanderloubet.com.br\/deputado\/wp-content\/uploads\/2019\/11\/foto-2019-11-05-rota-bioceanica-paraguai-5-80x60.jpg) 0 0 no-repeat;\r\n                    }\r\n                    #tdi_1  .td-doubleSlider-2 .td-item6 {\r\n                        background: url(https:\/\/vanderloubet.com.br\/deputado\/wp-content\/uploads\/2019\/11\/foto-2019-11-05-rota-bioceanica-paraguai-6-80x60.jpg) 0 0 no-repeat;\r\n                    }\r\n                <\/style>\r\n\r\n                <div id=\"tdi_1\" class=\"td-gallery td-slide-on-2-columns\">\r\n                    <div class=\"post_td_gallery\">\r\n                        <div class=\"td-gallery-slide-top\">\r\n                           <div class=\"td-gallery-title\"><\/div>\r\n\r\n                            <div class=\"td-gallery-controls-wrapper\">\r\n                                <div class=\"td-gallery-slide-count\"><span class=\"td-gallery-slide-item-focus\">1<\/span> de 6<\/div>\r\n                                <div class=\"td-gallery-slide-prev-next-but\">\r\n                                    <i class = \"td-icon-left doubleSliderPrevButton\"><\/i>\r\n                                    <i class = \"td-icon-right doubleSliderNextButton\"><\/i>\r\n                                <\/div>\r\n                            <\/div>\r\n                        <\/div>\r\n\r\n                        <div class = \"td-doubleSlider-1 \">\r\n                            <div class = \"td-slider\">\r\n                                \r\n                    <div class = \"td-slide-item td-item1\">\r\n                        <figure class=\"td-slide-galery-figure td-slide-popup-gallery\">\r\n                            <a class=\"slide-gallery-image-link\" href=\"https:\/\/vanderloubet.com.br\/deputado\/wp-content\/uploads\/2019\/11\/foto-2019-11-05-rota-bioceanica-paraguai-1.jpg\" title=\"Obras seguem aceleradas do lado paraguaio da Rota Bioce\u00e2nica\"  data-caption=\"\"  data-description=\"Obras seguem aceleradas do lado paraguaio da Rota Bioce&acirc;nica\">\r\n                                <img decoding=\"async\" src=\"https:\/\/vanderloubet.com.br\/deputado\/wp-content\/uploads\/2019\/11\/foto-2019-11-05-rota-bioceanica-paraguai-1-630x420.jpg\" srcset=\"https:\/\/vanderloubet.com.br\/deputado\/wp-content\/uploads\/2019\/11\/foto-2019-11-05-rota-bioceanica-paraguai-1-630x420.jpg 630w, https:\/\/vanderloubet.com.br\/deputado\/wp-content\/uploads\/2019\/11\/foto-2019-11-05-rota-bioceanica-paraguai-1-350x233.jpg 350w, https:\/\/vanderloubet.com.br\/deputado\/wp-content\/uploads\/2019\/11\/foto-2019-11-05-rota-bioceanica-paraguai-1-768x512.jpg 768w, https:\/\/vanderloubet.com.br\/deputado\/wp-content\/uploads\/2019\/11\/foto-2019-11-05-rota-bioceanica-paraguai-1-700x467.jpg 700w, https:\/\/vanderloubet.com.br\/deputado\/wp-content\/uploads\/2019\/11\/foto-2019-11-05-rota-bioceanica-paraguai-1-696x464.jpg 696w, https:\/\/vanderloubet.com.br\/deputado\/wp-content\/uploads\/2019\/11\/foto-2019-11-05-rota-bioceanica-paraguai-1-1068x712.jpg 1068w, https:\/\/vanderloubet.com.br\/deputado\/wp-content\/uploads\/2019\/11\/foto-2019-11-05-rota-bioceanica-paraguai-1.jpg 1080w\" sizes=\"(max-width: 630px) 100vw, 630px\" alt=\"Obras seguem aceleradas do lado paraguaio da Rota Bioce&acirc;nica\">\r\n                            <\/a>\r\n                            <figcaption class = \"td-slide-caption td-gallery-slide-content\"><span>Obras seguem aceleradas do lado paraguaio da Rota Bioce\u00e2nica<\/span><\/figcaption>\r\n                        <\/figure>\r\n                    <\/div>\r\n                    <div class = \"td-slide-item td-item2\">\r\n                        <figure class=\"td-slide-galery-figure td-slide-popup-gallery\">\r\n                            <a class=\"slide-gallery-image-link\" href=\"https:\/\/vanderloubet.com.br\/deputado\/wp-content\/uploads\/2019\/11\/foto-2019-11-05-rota-bioceanica-paraguai-2.jpg\" title=\"Obras seguem aceleradas do lado paraguaio da Rota Bioce\u00e2nica\"  data-caption=\"\"  data-description=\"Obras seguem aceleradas do lado paraguaio da Rota Bioce&acirc;nica\">\r\n                                <img decoding=\"async\" src=\"https:\/\/vanderloubet.com.br\/deputado\/wp-content\/uploads\/2019\/11\/foto-2019-11-05-rota-bioceanica-paraguai-2-630x420.jpg\" srcset=\"https:\/\/vanderloubet.com.br\/deputado\/wp-content\/uploads\/2019\/11\/foto-2019-11-05-rota-bioceanica-paraguai-2-630x420.jpg 630w, https:\/\/vanderloubet.com.br\/deputado\/wp-content\/uploads\/2019\/11\/foto-2019-11-05-rota-bioceanica-paraguai-2-350x233.jpg 350w, https:\/\/vanderloubet.com.br\/deputado\/wp-content\/uploads\/2019\/11\/foto-2019-11-05-rota-bioceanica-paraguai-2-768x512.jpg 768w, https:\/\/vanderloubet.com.br\/deputado\/wp-content\/uploads\/2019\/11\/foto-2019-11-05-rota-bioceanica-paraguai-2-700x467.jpg 700w, https:\/\/vanderloubet.com.br\/deputado\/wp-content\/uploads\/2019\/11\/foto-2019-11-05-rota-bioceanica-paraguai-2-696x464.jpg 696w, https:\/\/vanderloubet.com.br\/deputado\/wp-content\/uploads\/2019\/11\/foto-2019-11-05-rota-bioceanica-paraguai-2-1068x712.jpg 1068w, https:\/\/vanderloubet.com.br\/deputado\/wp-content\/uploads\/2019\/11\/foto-2019-11-05-rota-bioceanica-paraguai-2.jpg 1080w\" sizes=\"(max-width: 630px) 100vw, 630px\" alt=\"Obras seguem aceleradas do lado paraguaio da Rota Bioce&acirc;nica\">\r\n                            <\/a>\r\n                            <figcaption class = \"td-slide-caption td-gallery-slide-content\"><span>Obras seguem aceleradas do lado paraguaio da Rota Bioce\u00e2nica<\/span><\/figcaption>\r\n                        <\/figure>\r\n                    <\/div>\r\n                    <div class = \"td-slide-item td-item3\">\r\n                        <figure class=\"td-slide-galery-figure td-slide-popup-gallery\">\r\n                            <a class=\"slide-gallery-image-link\" href=\"https:\/\/vanderloubet.com.br\/deputado\/wp-content\/uploads\/2019\/11\/foto-2019-11-05-rota-bioceanica-paraguai-3.jpg\" title=\"Obras seguem aceleradas do lado paraguaio da Rota Bioce\u00e2nica\"  data-caption=\"\"  data-description=\"Obras seguem aceleradas do lado paraguaio da Rota Bioce&acirc;nica\">\r\n                                <img decoding=\"async\" src=\"https:\/\/vanderloubet.com.br\/deputado\/wp-content\/uploads\/2019\/11\/foto-2019-11-05-rota-bioceanica-paraguai-3-630x420.jpg\" srcset=\"https:\/\/vanderloubet.com.br\/deputado\/wp-content\/uploads\/2019\/11\/foto-2019-11-05-rota-bioceanica-paraguai-3-630x420.jpg 630w, https:\/\/vanderloubet.com.br\/deputado\/wp-content\/uploads\/2019\/11\/foto-2019-11-05-rota-bioceanica-paraguai-3-350x233.jpg 350w, https:\/\/vanderloubet.com.br\/deputado\/wp-content\/uploads\/2019\/11\/foto-2019-11-05-rota-bioceanica-paraguai-3-768x512.jpg 768w, https:\/\/vanderloubet.com.br\/deputado\/wp-content\/uploads\/2019\/11\/foto-2019-11-05-rota-bioceanica-paraguai-3-700x467.jpg 700w, https:\/\/vanderloubet.com.br\/deputado\/wp-content\/uploads\/2019\/11\/foto-2019-11-05-rota-bioceanica-paraguai-3-696x464.jpg 696w, https:\/\/vanderloubet.com.br\/deputado\/wp-content\/uploads\/2019\/11\/foto-2019-11-05-rota-bioceanica-paraguai-3-1068x712.jpg 1068w, https:\/\/vanderloubet.com.br\/deputado\/wp-content\/uploads\/2019\/11\/foto-2019-11-05-rota-bioceanica-paraguai-3.jpg 1080w\" sizes=\"(max-width: 630px) 100vw, 630px\" alt=\"Obras seguem aceleradas do lado paraguaio da Rota Bioce&acirc;nica\">\r\n                            <\/a>\r\n                            <figcaption class = \"td-slide-caption td-gallery-slide-content\"><span>Obras seguem aceleradas do lado paraguaio da Rota Bioce\u00e2nica<\/span><\/figcaption>\r\n                        <\/figure>\r\n                    <\/div>\r\n                    <div class = \"td-slide-item td-item4\">\r\n                        <figure class=\"td-slide-galery-figure td-slide-popup-gallery\">\r\n                            <a class=\"slide-gallery-image-link\" href=\"https:\/\/vanderloubet.com.br\/deputado\/wp-content\/uploads\/2019\/11\/foto-2019-11-05-rota-bioceanica-paraguai-4.jpg\" title=\"Obras seguem aceleradas do lado paraguaio da Rota Bioce\u00e2nica\"  data-caption=\"\"  data-description=\"Obras seguem aceleradas do lado paraguaio da Rota Bioce&acirc;nica\">\r\n                                <img decoding=\"async\" src=\"https:\/\/vanderloubet.com.br\/deputado\/wp-content\/uploads\/2019\/11\/foto-2019-11-05-rota-bioceanica-paraguai-4-630x420.jpg\" srcset=\"https:\/\/vanderloubet.com.br\/deputado\/wp-content\/uploads\/2019\/11\/foto-2019-11-05-rota-bioceanica-paraguai-4-630x420.jpg 630w, https:\/\/vanderloubet.com.br\/deputado\/wp-content\/uploads\/2019\/11\/foto-2019-11-05-rota-bioceanica-paraguai-4-350x233.jpg 350w, https:\/\/vanderloubet.com.br\/deputado\/wp-content\/uploads\/2019\/11\/foto-2019-11-05-rota-bioceanica-paraguai-4-768x512.jpg 768w, https:\/\/vanderloubet.com.br\/deputado\/wp-content\/uploads\/2019\/11\/foto-2019-11-05-rota-bioceanica-paraguai-4-700x467.jpg 700w, https:\/\/vanderloubet.com.br\/deputado\/wp-content\/uploads\/2019\/11\/foto-2019-11-05-rota-bioceanica-paraguai-4-696x464.jpg 696w, https:\/\/vanderloubet.com.br\/deputado\/wp-content\/uploads\/2019\/11\/foto-2019-11-05-rota-bioceanica-paraguai-4-1068x712.jpg 1068w, https:\/\/vanderloubet.com.br\/deputado\/wp-content\/uploads\/2019\/11\/foto-2019-11-05-rota-bioceanica-paraguai-4.jpg 1080w\" sizes=\"(max-width: 630px) 100vw, 630px\" alt=\"Obras seguem aceleradas do lado paraguaio da Rota Bioce&acirc;nica\">\r\n                            <\/a>\r\n                            <figcaption class = \"td-slide-caption td-gallery-slide-content\"><span>Obras seguem aceleradas do lado paraguaio da Rota Bioce\u00e2nica<\/span><\/figcaption>\r\n                        <\/figure>\r\n                    <\/div>\r\n                    <div class = \"td-slide-item td-item5\">\r\n                        <figure class=\"td-slide-galery-figure td-slide-popup-gallery\">\r\n                            <a class=\"slide-gallery-image-link\" href=\"https:\/\/vanderloubet.com.br\/deputado\/wp-content\/uploads\/2019\/11\/foto-2019-11-05-rota-bioceanica-paraguai-5.jpg\" title=\"Obras seguem aceleradas do lado paraguaio da Rota Bioce\u00e2nica\"  data-caption=\"\"  data-description=\"Obras seguem aceleradas do lado paraguaio da Rota Bioce&acirc;nica\">\r\n                                <img decoding=\"async\" src=\"https:\/\/vanderloubet.com.br\/deputado\/wp-content\/uploads\/2019\/11\/foto-2019-11-05-rota-bioceanica-paraguai-5-630x420.jpg\" srcset=\"https:\/\/vanderloubet.com.br\/deputado\/wp-content\/uploads\/2019\/11\/foto-2019-11-05-rota-bioceanica-paraguai-5-630x420.jpg 630w, https:\/\/vanderloubet.com.br\/deputado\/wp-content\/uploads\/2019\/11\/foto-2019-11-05-rota-bioceanica-paraguai-5-350x233.jpg 350w, https:\/\/vanderloubet.com.br\/deputado\/wp-content\/uploads\/2019\/11\/foto-2019-11-05-rota-bioceanica-paraguai-5-768x512.jpg 768w, https:\/\/vanderloubet.com.br\/deputado\/wp-content\/uploads\/2019\/11\/foto-2019-11-05-rota-bioceanica-paraguai-5-700x467.jpg 700w, https:\/\/vanderloubet.com.br\/deputado\/wp-content\/uploads\/2019\/11\/foto-2019-11-05-rota-bioceanica-paraguai-5-696x464.jpg 696w, https:\/\/vanderloubet.com.br\/deputado\/wp-content\/uploads\/2019\/11\/foto-2019-11-05-rota-bioceanica-paraguai-5-1068x712.jpg 1068w, https:\/\/vanderloubet.com.br\/deputado\/wp-content\/uploads\/2019\/11\/foto-2019-11-05-rota-bioceanica-paraguai-5.jpg 1080w\" sizes=\"(max-width: 630px) 100vw, 630px\" alt=\"Obras seguem aceleradas do lado paraguaio da Rota Bioce&acirc;nica\">\r\n                            <\/a>\r\n                            <figcaption class = \"td-slide-caption td-gallery-slide-content\"><span>Obras seguem aceleradas do lado paraguaio da Rota Bioce\u00e2nica<\/span><\/figcaption>\r\n                        <\/figure>\r\n                    <\/div>\r\n                    <div class = \"td-slide-item td-item6\">\r\n                        <figure class=\"td-slide-galery-figure td-slide-popup-gallery\">\r\n                            <a class=\"slide-gallery-image-link\" href=\"https:\/\/vanderloubet.com.br\/deputado\/wp-content\/uploads\/2019\/11\/foto-2019-11-05-rota-bioceanica-paraguai-6.jpg\" title=\"Obras seguem aceleradas do lado paraguaio da Rota Bioce\u00e2nica\"  data-caption=\"\"  data-description=\"Obras seguem aceleradas do lado paraguaio da Rota Bioce&acirc;nica\">\r\n                                <img decoding=\"async\" src=\"https:\/\/vanderloubet.com.br\/deputado\/wp-content\/uploads\/2019\/11\/foto-2019-11-05-rota-bioceanica-paraguai-6-630x420.jpg\" srcset=\"https:\/\/vanderloubet.com.br\/deputado\/wp-content\/uploads\/2019\/11\/foto-2019-11-05-rota-bioceanica-paraguai-6-630x420.jpg 630w, https:\/\/vanderloubet.com.br\/deputado\/wp-content\/uploads\/2019\/11\/foto-2019-11-05-rota-bioceanica-paraguai-6-350x233.jpg 350w, https:\/\/vanderloubet.com.br\/deputado\/wp-content\/uploads\/2019\/11\/foto-2019-11-05-rota-bioceanica-paraguai-6-768x512.jpg 768w, https:\/\/vanderloubet.com.br\/deputado\/wp-content\/uploads\/2019\/11\/foto-2019-11-05-rota-bioceanica-paraguai-6-700x467.jpg 700w, https:\/\/vanderloubet.com.br\/deputado\/wp-content\/uploads\/2019\/11\/foto-2019-11-05-rota-bioceanica-paraguai-6-696x464.jpg 696w, https:\/\/vanderloubet.com.br\/deputado\/wp-content\/uploads\/2019\/11\/foto-2019-11-05-rota-bioceanica-paraguai-6-1068x712.jpg 1068w, https:\/\/vanderloubet.com.br\/deputado\/wp-content\/uploads\/2019\/11\/foto-2019-11-05-rota-bioceanica-paraguai-6.jpg 1080w\" sizes=\"(max-width: 630px) 100vw, 630px\" alt=\"Obras seguem aceleradas do lado paraguaio da Rota Bioce&acirc;nica\">\r\n                            <\/a>\r\n                            <figcaption class = \"td-slide-caption td-gallery-slide-content\"><span>Obras seguem aceleradas do lado paraguaio da Rota Bioce\u00e2nica<\/span><\/figcaption>\r\n                        <\/figure>\r\n                    <\/div>\r\n                            <\/div>\r\n                        <\/div>\r\n\r\n                        <div class = \"td-doubleSlider-2\">\r\n                            <div class = \"td-slider\">\r\n                                \r\n                    <div class = \"td-button td-item1\">\r\n                        <div class = \"td-border\"><\/div>\r\n                    <\/div>\r\n                    <div class = \"td-button td-item2\">\r\n                        <div class = \"td-border\"><\/div>\r\n                    <\/div>\r\n                    <div class = \"td-button td-item3\">\r\n                        <div class = \"td-border\"><\/div>\r\n                    <\/div>\r\n                    <div class = \"td-button td-item4\">\r\n                        <div class = \"td-border\"><\/div>\r\n                    <\/div>\r\n                    <div class = \"td-button td-item5\">\r\n                        <div class = \"td-border\"><\/div>\r\n                    <\/div>\r\n                    <div class = \"td-button td-item6\">\r\n                        <div class = \"td-border\"><\/div>\r\n                    <\/div>\r\n                            <\/div>\r\n                        <\/div>\r\n\r\n                    <\/div>\r\n\r\n                <\/div>\r\n                \n","protected":false},"excerpt":{"rendered":"<p>Do lado brasileiro, Vander destaca que bancada j\u00e1 indicou recursos tanto no PPA quanto de emenda para que obras possam ser iniciadas.<\/p>\n","protected":false},"author":2,"featured_media":16084,"comment_status":"closed","ping_status":"closed","sticky":false,"template":"","format":"standard","meta":{"jetpack_post_was_ever_published":false,"_jetpack_newsletter_access":"","_jetpack_dont_email_post_to_subs":false,"_jetpack_newsletter_tier_id":0,"_jetpack_memberships_contains_paywalled_content":false,"_jetpack_memberships_contains_paid_content":false,"footnotes":""},"categories":[2099,10],"tags":[2429,2127,2346],"class_list":{"0":"post-16081","1":"post","2":"type-post","3":"status-publish","4":"format-standard","5":"has-post-thumbnail","7":"category-ms-noticias","8":"category-noticias","9":"tag-emenda-de-bancada","10":"tag-emenda-parlamentar","11":"tag-rota-bioceanica"},"yoast_head":"<!-- This site is optimized with the Yoast SEO plugin v27.4 - https:\/\/yoast.com\/product\/yoast-seo-wordpress\/ -->\n<title>Corredor Bioce\u00e2nico segue com obras em ritmo acelerado no Paraguai<\/title>\n<meta name=\"description\" content=\"Do lado brasileiro, Vander destaca que bancada j\u00e1 indicou recursos tanto no PPA quanto de emenda para que obras possam ser iniciadas.\" \/>\n<meta name=\"robots\" content=\"index, follow, max-snippet:-1, max-image-preview:large, max-video-preview:-1\" \/>\n<link rel=\"canonical\" href=\"https:\/\/vanderloubet.com.br\/deputado\/corredor-bioceanico-segue-com-obras-em-ritmo-acelerado-no-paraguai\/\" \/>\n<meta property=\"og:locale\" content=\"pt_BR\" \/>\n<meta property=\"og:type\" content=\"article\" \/>\n<meta property=\"og:title\" content=\"Corredor Bioce\u00e2nico segue com obras em ritmo acelerado no Paraguai\" \/>\n<meta property=\"og:description\" content=\"Do lado brasileiro, Vander destaca que bancada j\u00e1 indicou recursos tanto no PPA quanto de emenda para que obras possam ser iniciadas.\" \/>\n<meta property=\"og:url\" content=\"https:\/\/vanderloubet.com.br\/deputado\/corredor-bioceanico-segue-com-obras-em-ritmo-acelerado-no-paraguai\/\" \/>\n<meta property=\"og:site_name\" content=\"Deputado Federal Vander Loubet\" \/>\n<meta property=\"article:publisher\" content=\"https:\/\/facebook.com\/deputadovander\" \/>\n<meta property=\"article:published_time\" content=\"2019-11-05T13:08:16+00:00\" \/>\n<meta property=\"article:modified_time\" content=\"2019-11-11T20:39:42+00:00\" \/>\n<meta property=\"og:image\" content=\"https:\/\/vanderloubet.com.br\/deputado\/wp-content\/uploads\/2019\/11\/foto-2019-11-05-rota-bioceanica-paraguai-3.jpg\" \/>\n\t<meta property=\"og:image:width\" content=\"1080\" \/>\n\t<meta property=\"og:image:height\" content=\"720\" \/>\n\t<meta property=\"og:image:type\" content=\"image\/jpeg\" \/>\n<meta name=\"author\" content=\"\u00c9der\" \/>\n<meta name=\"twitter:card\" content=\"summary_large_image\" \/>\n<meta name=\"twitter:creator\" content=\"@vanderloubet\" \/>\n<meta name=\"twitter:site\" content=\"@vanderloubet\" \/>\n<script type=\"application\/ld+json\" class=\"yoast-schema-graph\">{\"@context\":\"https:\\\/\\\/schema.org\",\"@graph\":[{\"@type\":\"Article\",\"@id\":\"https:\\\/\\\/vanderloubet.com.br\\\/deputado\\\/corredor-bioceanico-segue-com-obras-em-ritmo-acelerado-no-paraguai\\\/#article\",\"isPartOf\":{\"@id\":\"https:\\\/\\\/vanderloubet.com.br\\\/deputado\\\/corredor-bioceanico-segue-com-obras-em-ritmo-acelerado-no-paraguai\\\/\"},\"author\":{\"name\":\"\u00c9der\",\"@id\":\"https:\\\/\\\/vanderloubet.com.br\\\/deputado\\\/#\\\/schema\\\/person\\\/15b51bd564532a8a68d9dec1b8eb890e\"},\"headline\":\"Corredor Bioce\u00e2nico segue com obras em ritmo acelerado no Paraguai\",\"datePublished\":\"2019-11-05T13:08:16+00:00\",\"dateModified\":\"2019-11-11T20:39:42+00:00\",\"mainEntityOfPage\":{\"@id\":\"https:\\\/\\\/vanderloubet.com.br\\\/deputado\\\/corredor-bioceanico-segue-com-obras-em-ritmo-acelerado-no-paraguai\\\/\"},\"wordCount\":502,\"publisher\":{\"@id\":\"https:\\\/\\\/vanderloubet.com.br\\\/deputado\\\/#organization\"},\"image\":{\"@id\":\"https:\\\/\\\/vanderloubet.com.br\\\/deputado\\\/corredor-bioceanico-segue-com-obras-em-ritmo-acelerado-no-paraguai\\\/#primaryimage\"},\"thumbnailUrl\":\"https:\\\/\\\/vanderloubet.com.br\\\/deputado\\\/wp-content\\\/uploads\\\/2019\\\/11\\\/foto-2019-11-05-rota-bioceanica-paraguai-3.jpg\",\"keywords\":[\"emenda de bancada\",\"emenda parlamentar\",\"rota bioce\u00e2nica\"],\"articleSection\":[\"Mato Grosso do Sul\",\"Not\u00edcias\"],\"inLanguage\":\"pt-BR\"},{\"@type\":\"WebPage\",\"@id\":\"https:\\\/\\\/vanderloubet.com.br\\\/deputado\\\/corredor-bioceanico-segue-com-obras-em-ritmo-acelerado-no-paraguai\\\/\",\"url\":\"https:\\\/\\\/vanderloubet.com.br\\\/deputado\\\/corredor-bioceanico-segue-com-obras-em-ritmo-acelerado-no-paraguai\\\/\",\"name\":\"Corredor Bioce\u00e2nico segue com obras em ritmo acelerado no Paraguai\",\"isPartOf\":{\"@id\":\"https:\\\/\\\/vanderloubet.com.br\\\/deputado\\\/#website\"},\"primaryImageOfPage\":{\"@id\":\"https:\\\/\\\/vanderloubet.com.br\\\/deputado\\\/corredor-bioceanico-segue-com-obras-em-ritmo-acelerado-no-paraguai\\\/#primaryimage\"},\"image\":{\"@id\":\"https:\\\/\\\/vanderloubet.com.br\\\/deputado\\\/corredor-bioceanico-segue-com-obras-em-ritmo-acelerado-no-paraguai\\\/#primaryimage\"},\"thumbnailUrl\":\"https:\\\/\\\/vanderloubet.com.br\\\/deputado\\\/wp-content\\\/uploads\\\/2019\\\/11\\\/foto-2019-11-05-rota-bioceanica-paraguai-3.jpg\",\"datePublished\":\"2019-11-05T13:08:16+00:00\",\"dateModified\":\"2019-11-11T20:39:42+00:00\",\"description\":\"Do lado brasileiro, Vander destaca que bancada j\u00e1 indicou recursos tanto no PPA quanto de emenda para que obras possam ser iniciadas.\",\"breadcrumb\":{\"@id\":\"https:\\\/\\\/vanderloubet.com.br\\\/deputado\\\/corredor-bioceanico-segue-com-obras-em-ritmo-acelerado-no-paraguai\\\/#breadcrumb\"},\"inLanguage\":\"pt-BR\",\"potentialAction\":[{\"@type\":\"ReadAction\",\"target\":[\"https:\\\/\\\/vanderloubet.com.br\\\/deputado\\\/corredor-bioceanico-segue-com-obras-em-ritmo-acelerado-no-paraguai\\\/\"]}]},{\"@type\":\"ImageObject\",\"inLanguage\":\"pt-BR\",\"@id\":\"https:\\\/\\\/vanderloubet.com.br\\\/deputado\\\/corredor-bioceanico-segue-com-obras-em-ritmo-acelerado-no-paraguai\\\/#primaryimage\",\"url\":\"https:\\\/\\\/vanderloubet.com.br\\\/deputado\\\/wp-content\\\/uploads\\\/2019\\\/11\\\/foto-2019-11-05-rota-bioceanica-paraguai-3.jpg\",\"contentUrl\":\"https:\\\/\\\/vanderloubet.com.br\\\/deputado\\\/wp-content\\\/uploads\\\/2019\\\/11\\\/foto-2019-11-05-rota-bioceanica-paraguai-3.jpg\",\"width\":1080,\"height\":720,\"caption\":\"Obras seguem aceleradas do lado paraguaio da Rota Bioce\u00e2nica\"},{\"@type\":\"BreadcrumbList\",\"@id\":\"https:\\\/\\\/vanderloubet.com.br\\\/deputado\\\/corredor-bioceanico-segue-com-obras-em-ritmo-acelerado-no-paraguai\\\/#breadcrumb\",\"itemListElement\":[{\"@type\":\"ListItem\",\"position\":1,\"name\":\"In\u00edcio\",\"item\":\"https:\\\/\\\/vanderloubet.com.br\\\/deputado\\\/\"},{\"@type\":\"ListItem\",\"position\":2,\"name\":\"Corredor Bioce\u00e2nico segue com obras em ritmo acelerado no Paraguai\"}]},{\"@type\":\"WebSite\",\"@id\":\"https:\\\/\\\/vanderloubet.com.br\\\/deputado\\\/#website\",\"url\":\"https:\\\/\\\/vanderloubet.com.br\\\/deputado\\\/\",\"name\":\"Deputado Federal Vander Loubet\",\"description\":\"O Federal de MS\",\"publisher\":{\"@id\":\"https:\\\/\\\/vanderloubet.com.br\\\/deputado\\\/#organization\"},\"alternateName\":\"Deputado Vander\",\"potentialAction\":[{\"@type\":\"SearchAction\",\"target\":{\"@type\":\"EntryPoint\",\"urlTemplate\":\"https:\\\/\\\/vanderloubet.com.br\\\/deputado\\\/?s={search_term_string}\"},\"query-input\":{\"@type\":\"PropertyValueSpecification\",\"valueRequired\":true,\"valueName\":\"search_term_string\"}}],\"inLanguage\":\"pt-BR\"},{\"@type\":\"Organization\",\"@id\":\"https:\\\/\\\/vanderloubet.com.br\\\/deputado\\\/#organization\",\"name\":\"Deputado Federal Vander Loubet\",\"alternateName\":\"Deputado Vander\",\"url\":\"https:\\\/\\\/vanderloubet.com.br\\\/deputado\\\/\",\"logo\":{\"@type\":\"ImageObject\",\"inLanguage\":\"pt-BR\",\"@id\":\"https:\\\/\\\/vanderloubet.com.br\\\/deputado\\\/#\\\/schema\\\/logo\\\/image\\\/\",\"url\":\"https:\\\/\\\/vanderloubet.com.br\\\/deputado\\\/wp-content\\\/uploads\\\/2023\\\/06\\\/foto-2023-06-19-mandato-deputado-vander.jpg\",\"contentUrl\":\"https:\\\/\\\/vanderloubet.com.br\\\/deputado\\\/wp-content\\\/uploads\\\/2023\\\/06\\\/foto-2023-06-19-mandato-deputado-vander.jpg\",\"width\":1080,\"height\":1080,\"caption\":\"Deputado Federal Vander Loubet\"},\"image\":{\"@id\":\"https:\\\/\\\/vanderloubet.com.br\\\/deputado\\\/#\\\/schema\\\/logo\\\/image\\\/\"},\"sameAs\":[\"https:\\\/\\\/facebook.com\\\/deputadovander\",\"https:\\\/\\\/x.com\\\/vanderloubet\",\"https:\\\/\\\/instagram.com\\\/vanderloubet\",\"https:\\\/\\\/youtube.com\\\/vanderloubet\",\"https:\\\/\\\/tiktok.com\\\/@vanderloubetms\"]},{\"@type\":\"Person\",\"@id\":\"https:\\\/\\\/vanderloubet.com.br\\\/deputado\\\/#\\\/schema\\\/person\\\/15b51bd564532a8a68d9dec1b8eb890e\",\"name\":\"\u00c9der\",\"image\":{\"@type\":\"ImageObject\",\"inLanguage\":\"pt-BR\",\"@id\":\"https:\\\/\\\/vanderloubet.com.br\\\/deputado\\\/wp-content\\\/litespeed\\\/avatar\\\/88ca4090d9d5ab1c9495f6ca03b68efa.jpg?ver=1777058957\",\"url\":\"https:\\\/\\\/vanderloubet.com.br\\\/deputado\\\/wp-content\\\/litespeed\\\/avatar\\\/88ca4090d9d5ab1c9495f6ca03b68efa.jpg?ver=1777058957\",\"contentUrl\":\"https:\\\/\\\/vanderloubet.com.br\\\/deputado\\\/wp-content\\\/litespeed\\\/avatar\\\/88ca4090d9d5ab1c9495f6ca03b68efa.jpg?ver=1777058957\",\"caption\":\"\u00c9der\"}}]}<\/script>\n<!-- \/ Yoast SEO plugin. -->","yoast_head_json":{"title":"Corredor Bioce\u00e2nico segue com obras em ritmo acelerado no Paraguai","description":"Do lado brasileiro, Vander destaca que bancada j\u00e1 indicou recursos tanto no PPA quanto de emenda para que obras possam ser iniciadas.","robots":{"index":"index","follow":"follow","max-snippet":"max-snippet:-1","max-image-preview":"max-image-preview:large","max-video-preview":"max-video-preview:-1"},"canonical":"https:\/\/vanderloubet.com.br\/deputado\/corredor-bioceanico-segue-com-obras-em-ritmo-acelerado-no-paraguai\/","og_locale":"pt_BR","og_type":"article","og_title":"Corredor Bioce\u00e2nico segue com obras em ritmo acelerado no Paraguai","og_description":"Do lado brasileiro, Vander destaca que bancada j\u00e1 indicou recursos tanto no PPA quanto de emenda para que obras possam ser iniciadas.","og_url":"https:\/\/vanderloubet.com.br\/deputado\/corredor-bioceanico-segue-com-obras-em-ritmo-acelerado-no-paraguai\/","og_site_name":"Deputado Federal Vander Loubet","article_publisher":"https:\/\/facebook.com\/deputadovander","article_published_time":"2019-11-05T13:08:16+00:00","article_modified_time":"2019-11-11T20:39:42+00:00","og_image":[{"width":1080,"height":720,"url":"https:\/\/vanderloubet.com.br\/deputado\/wp-content\/uploads\/2019\/11\/foto-2019-11-05-rota-bioceanica-paraguai-3.jpg","type":"image\/jpeg"}],"author":"\u00c9der","twitter_card":"summary_large_image","twitter_creator":"@vanderloubet","twitter_site":"@vanderloubet","schema":{"@context":"https:\/\/schema.org","@graph":[{"@type":"Article","@id":"https:\/\/vanderloubet.com.br\/deputado\/corredor-bioceanico-segue-com-obras-em-ritmo-acelerado-no-paraguai\/#article","isPartOf":{"@id":"https:\/\/vanderloubet.com.br\/deputado\/corredor-bioceanico-segue-com-obras-em-ritmo-acelerado-no-paraguai\/"},"author":{"name":"\u00c9der","@id":"https:\/\/vanderloubet.com.br\/deputado\/#\/schema\/person\/15b51bd564532a8a68d9dec1b8eb890e"},"headline":"Corredor Bioce\u00e2nico segue com obras em ritmo acelerado no Paraguai","datePublished":"2019-11-05T13:08:16+00:00","dateModified":"2019-11-11T20:39:42+00:00","mainEntityOfPage":{"@id":"https:\/\/vanderloubet.com.br\/deputado\/corredor-bioceanico-segue-com-obras-em-ritmo-acelerado-no-paraguai\/"},"wordCount":502,"publisher":{"@id":"https:\/\/vanderloubet.com.br\/deputado\/#organization"},"image":{"@id":"https:\/\/vanderloubet.com.br\/deputado\/corredor-bioceanico-segue-com-obras-em-ritmo-acelerado-no-paraguai\/#primaryimage"},"thumbnailUrl":"https:\/\/vanderloubet.com.br\/deputado\/wp-content\/uploads\/2019\/11\/foto-2019-11-05-rota-bioceanica-paraguai-3.jpg","keywords":["emenda de bancada","emenda parlamentar","rota bioce\u00e2nica"],"articleSection":["Mato Grosso do Sul","Not\u00edcias"],"inLanguage":"pt-BR"},{"@type":"WebPage","@id":"https:\/\/vanderloubet.com.br\/deputado\/corredor-bioceanico-segue-com-obras-em-ritmo-acelerado-no-paraguai\/","url":"https:\/\/vanderloubet.com.br\/deputado\/corredor-bioceanico-segue-com-obras-em-ritmo-acelerado-no-paraguai\/","name":"Corredor Bioce\u00e2nico segue com obras em ritmo acelerado no Paraguai","isPartOf":{"@id":"https:\/\/vanderloubet.com.br\/deputado\/#website"},"primaryImageOfPage":{"@id":"https:\/\/vanderloubet.com.br\/deputado\/corredor-bioceanico-segue-com-obras-em-ritmo-acelerado-no-paraguai\/#primaryimage"},"image":{"@id":"https:\/\/vanderloubet.com.br\/deputado\/corredor-bioceanico-segue-com-obras-em-ritmo-acelerado-no-paraguai\/#primaryimage"},"thumbnailUrl":"https:\/\/vanderloubet.com.br\/deputado\/wp-content\/uploads\/2019\/11\/foto-2019-11-05-rota-bioceanica-paraguai-3.jpg","datePublished":"2019-11-05T13:08:16+00:00","dateModified":"2019-11-11T20:39:42+00:00","description":"Do lado brasileiro, Vander destaca que bancada j\u00e1 indicou recursos tanto no PPA quanto de emenda para que obras possam ser iniciadas.","breadcrumb":{"@id":"https:\/\/vanderloubet.com.br\/deputado\/corredor-bioceanico-segue-com-obras-em-ritmo-acelerado-no-paraguai\/#breadcrumb"},"inLanguage":"pt-BR","potentialAction":[{"@type":"ReadAction","target":["https:\/\/vanderloubet.com.br\/deputado\/corredor-bioceanico-segue-com-obras-em-ritmo-acelerado-no-paraguai\/"]}]},{"@type":"ImageObject","inLanguage":"pt-BR","@id":"https:\/\/vanderloubet.com.br\/deputado\/corredor-bioceanico-segue-com-obras-em-ritmo-acelerado-no-paraguai\/#primaryimage","url":"https:\/\/vanderloubet.com.br\/deputado\/wp-content\/uploads\/2019\/11\/foto-2019-11-05-rota-bioceanica-paraguai-3.jpg","contentUrl":"https:\/\/vanderloubet.com.br\/deputado\/wp-content\/uploads\/2019\/11\/foto-2019-11-05-rota-bioceanica-paraguai-3.jpg","width":1080,"height":720,"caption":"Obras seguem aceleradas do lado paraguaio da Rota Bioce\u00e2nica"},{"@type":"BreadcrumbList","@id":"https:\/\/vanderloubet.com.br\/deputado\/corredor-bioceanico-segue-com-obras-em-ritmo-acelerado-no-paraguai\/#breadcrumb","itemListElement":[{"@type":"ListItem","position":1,"name":"In\u00edcio","item":"https:\/\/vanderloubet.com.br\/deputado\/"},{"@type":"ListItem","position":2,"name":"Corredor Bioce\u00e2nico segue com obras em ritmo acelerado no Paraguai"}]},{"@type":"WebSite","@id":"https:\/\/vanderloubet.com.br\/deputado\/#website","url":"https:\/\/vanderloubet.com.br\/deputado\/","name":"Deputado Federal Vander Loubet","description":"O Federal de MS","publisher":{"@id":"https:\/\/vanderloubet.com.br\/deputado\/#organization"},"alternateName":"Deputado Vander","potentialAction":[{"@type":"SearchAction","target":{"@type":"EntryPoint","urlTemplate":"https:\/\/vanderloubet.com.br\/deputado\/?s={search_term_string}"},"query-input":{"@type":"PropertyValueSpecification","valueRequired":true,"valueName":"search_term_string"}}],"inLanguage":"pt-BR"},{"@type":"Organization","@id":"https:\/\/vanderloubet.com.br\/deputado\/#organization","name":"Deputado Federal Vander Loubet","alternateName":"Deputado Vander","url":"https:\/\/vanderloubet.com.br\/deputado\/","logo":{"@type":"ImageObject","inLanguage":"pt-BR","@id":"https:\/\/vanderloubet.com.br\/deputado\/#\/schema\/logo\/image\/","url":"https:\/\/vanderloubet.com.br\/deputado\/wp-content\/uploads\/2023\/06\/foto-2023-06-19-mandato-deputado-vander.jpg","contentUrl":"https:\/\/vanderloubet.com.br\/deputado\/wp-content\/uploads\/2023\/06\/foto-2023-06-19-mandato-deputado-vander.jpg","width":1080,"height":1080,"caption":"Deputado Federal Vander Loubet"},"image":{"@id":"https:\/\/vanderloubet.com.br\/deputado\/#\/schema\/logo\/image\/"},"sameAs":["https:\/\/facebook.com\/deputadovander","https:\/\/x.com\/vanderloubet","https:\/\/instagram.com\/vanderloubet","https:\/\/youtube.com\/vanderloubet","https:\/\/tiktok.com\/@vanderloubetms"]},{"@type":"Person","@id":"https:\/\/vanderloubet.com.br\/deputado\/#\/schema\/person\/15b51bd564532a8a68d9dec1b8eb890e","name":"\u00c9der","image":{"@type":"ImageObject","inLanguage":"pt-BR","@id":"https:\/\/vanderloubet.com.br\/deputado\/wp-content\/litespeed\/avatar\/88ca4090d9d5ab1c9495f6ca03b68efa.jpg?ver=1777058957","url":"https:\/\/vanderloubet.com.br\/deputado\/wp-content\/litespeed\/avatar\/88ca4090d9d5ab1c9495f6ca03b68efa.jpg?ver=1777058957","contentUrl":"https:\/\/vanderloubet.com.br\/deputado\/wp-content\/litespeed\/avatar\/88ca4090d9d5ab1c9495f6ca03b68efa.jpg?ver=1777058957","caption":"\u00c9der"}}]}},"jetpack_featured_media_url":"https:\/\/vanderloubet.com.br\/deputado\/wp-content\/uploads\/2019\/11\/foto-2019-11-05-rota-bioceanica-paraguai-3.jpg","jetpack_sharing_enabled":true,"_links":{"self":[{"href":"https:\/\/vanderloubet.com.br\/deputado\/wp-json\/wp\/v2\/posts\/16081","targetHints":{"allow":["GET"]}}],"collection":[{"href":"https:\/\/vanderloubet.com.br\/deputado\/wp-json\/wp\/v2\/posts"}],"about":[{"href":"https:\/\/vanderloubet.com.br\/deputado\/wp-json\/wp\/v2\/types\/post"}],"author":[{"embeddable":true,"href":"https:\/\/vanderloubet.com.br\/deputado\/wp-json\/wp\/v2\/users\/2"}],"replies":[{"embeddable":true,"href":"https:\/\/vanderloubet.com.br\/deputado\/wp-json\/wp\/v2\/comments?post=16081"}],"version-history":[{"count":0,"href":"https:\/\/vanderloubet.com.br\/deputado\/wp-json\/wp\/v2\/posts\/16081\/revisions"}],"wp:featuredmedia":[{"embeddable":true,"href":"https:\/\/vanderloubet.com.br\/deputado\/wp-json\/wp\/v2\/media\/16084"}],"wp:attachment":[{"href":"https:\/\/vanderloubet.com.br\/deputado\/wp-json\/wp\/v2\/media?parent=16081"}],"wp:term":[{"taxonomy":"category","embeddable":true,"href":"https:\/\/vanderloubet.com.br\/deputado\/wp-json\/wp\/v2\/categories?post=16081"},{"taxonomy":"post_tag","embeddable":true,"href":"https:\/\/vanderloubet.com.br\/deputado\/wp-json\/wp\/v2\/tags?post=16081"}],"curies":[{"name":"wp","href":"https:\/\/api.w.org\/{rel}","templated":true}]}}