{"id":16075,"date":"2019-10-31T11:00:31","date_gmt":"2019-10-31T15:00:31","guid":{"rendered":"http:\/\/vanderloubet.com.br\/deputado\/?p=16075"},"modified":"2019-11-11T16:40:17","modified_gmt":"2019-11-11T20:40:17","slug":"deputado-vander-cobra-de-autoridades-providencias-contra-queimadas-no-pantanal","status":"publish","type":"post","link":"https:\/\/vanderloubet.com.br\/deputado\/deputado-vander-cobra-de-autoridades-providencias-contra-queimadas-no-pantanal\/","title":{"rendered":"Vander cobra de autoridades provid\u00eancias contra queimadas no Pantanal"},"content":{"rendered":"<p>Na quarta-feira (dia 30), durante sess\u00e3o deliberativa extraordin\u00e1ria da C\u00e2mara dos Deputados, o deputado federal Vander Loubet fez uso da palavra em Plen\u00e1rio para denunciar as queimadas que est\u00e3o sendo registradas no Pantanal Sul-Mato-Grossense.<\/p>\n<p>O parlamentar esteve em Corumb\u00e1 no \u00faltimo final de semana, por conta de uma audi\u00eancia p\u00fablica na C\u00e2mara Municipal, e presenciou \u00e0s margens da rodovia BR-262 o fogo que consome a vegeta\u00e7\u00e3o. Vander cobrou do Instituto Brasileiro do Meio Ambiente e dos Recursos Naturais Renov\u00e1veis (Ibama) e demais autoridades que adotem provid\u00eancias no combate a esse crime ambiental.<\/p>\n<p>Confira o texto protocolado pelo deputado na Mesa Diretora da C\u00e2mara:<\/p>\n<p><iframe title=\"Deputado Vander cobra de autoridades provid\u00eancias contra queimadas no Pantanal\" width=\"696\" height=\"392\" src=\"https:\/\/www.youtube.com\/embed\/UOGthjwkBFc?feature=oembed\" frameborder=\"0\" allow=\"accelerometer; autoplay; encrypted-media; gyroscope; picture-in-picture\" allowfullscreen><\/iframe><\/p>\n<p><em>Sr. presidente, senhoras deputadas e senhores deputados,<\/em><\/p>\n<p><em>Nosso pronunciamento se refere ao inc\u00eandio que vem consumindo as margens na BR-262 que, segundo a Pol\u00edcia Rodovi\u00e1ria Federal, foi causado possivelmente por atividade criminosa. Desde a madrugada de s\u00e1bado (26\/11), equipes do Corpo de Bombeiros tentam extinguir o inc\u00eandio que alcan\u00e7ou a vegeta\u00e7\u00e3o rasteira e se espalhou por uma \u00e1rea aproximada de 100 km, em pleno Pantanal, entre as cidades de Corumb\u00e1 e Miranda, no Estado de Mato Grosso do Sul.<\/em><\/p>\n<p><em>H\u00e1 muitos dias n\u00e3o chove na regi\u00e3o. A vegeta\u00e7\u00e3o seca \u00e9 facilmente consumida pelas chamas. Al\u00e9m disso, a fuma\u00e7a prejudica muito o tr\u00e1fego, da\u00ed a recomenda\u00e7\u00e3o do Corpo de Bombeiros para que os motoristas redobrem seus cuidados ao trafegarem pelos locais mais atingidos. Redobrar a aten\u00e7\u00e3o, diminuir a velocidade dos ve\u00edculos, evitar dirigir \u00e0 noite, aten\u00e7\u00e3o quanto aos animais na pista.<\/em><\/p>\n<p><em>A cidade de Corumb\u00e1 vive momentos extremamente delicados. Aguarda-se, portanto, que os governos possam, devido \u00e0 emerg\u00eancia, disponibilizar de imediato recursos para auxiliar a regi\u00e3o. O rompimento de linhas de transmiss\u00e3o j\u00e1 \u00e9 realidade preocupante, pontes j\u00e1 foram consumidas pelo fogo, o transporte \u00e9 prec\u00e1rio. Enfim, a popula\u00e7\u00e3o e todos os segmentos produtivos da regi\u00e3o sofrem com a atual situa\u00e7\u00e3o. Da\u00ed o nosso apelo para que os dirigentes municipais, estaduais e federais envidem o m\u00e1ximo de seus esfor\u00e7os para minimizar essa situa\u00e7\u00e3o que tantos preju\u00edzos t\u00eam causado a Corumb\u00e1 e \u00e0 regi\u00e3o pantaneira.<\/em><\/p>\n<p><em>Muito obrigado,<\/em><\/p>\n<p><em>Vander Loubet<\/em><br \/>\n<em>Deputado Federal (PT-MS)<\/em><\/p>\n","protected":false},"excerpt":{"rendered":"<p>Cobran\u00e7a foi feita durante sess\u00e3o deliberativa extraordin\u00e1ria da C\u00e2mara. Deputado esteve em Corumb\u00e1 e presenciou \u00e0s margens da BR-262 o fogo que consome a vegeta\u00e7\u00e3o.<\/p>\n","protected":false},"author":2,"featured_media":16076,"comment_status":"closed","ping_status":"closed","sticky":false,"template":"","format":"video","meta":{"jetpack_post_was_ever_published":false,"_jetpack_newsletter_access":"","_jetpack_dont_email_post_to_subs":false,"_jetpack_newsletter_tier_id":0,"_jetpack_memberships_contains_paywalled_content":false,"_jetpack_memberships_contains_paid_content":false,"footnotes":""},"categories":[2099,2101,10,12],"tags":[1267],"class_list":{"0":"post-16075","1":"post","2":"type-post","3":"status-publish","4":"format-video","5":"has-post-thumbnail","7":"category-ms-noticias","8":"category-multimidia","9":"category-noticias","10":"category-videos","11":"tag-meio-ambiente","12":"post_format-post-format-video"},"yoast_head":"<!-- This site is optimized with the Yoast SEO plugin v27.4 - https:\/\/yoast.com\/product\/yoast-seo-wordpress\/ -->\n<title>Vander cobra de autoridades provid\u00eancias contra queimadas no Pantanal<\/title>\n<meta name=\"description\" content=\"Cobran\u00e7a foi feita durante sess\u00e3o da C\u00e2mara. Deputado esteve em Corumb\u00e1 e presenciou \u00e0s margens da BR-262 o fogo que consome a vegeta\u00e7\u00e3o.\" \/>\n<meta name=\"robots\" content=\"index, follow, max-snippet:-1, max-image-preview:large, max-video-preview:-1\" \/>\n<link rel=\"canonical\" href=\"https:\/\/vanderloubet.com.br\/deputado\/deputado-vander-cobra-de-autoridades-providencias-contra-queimadas-no-pantanal\/\" \/>\n<meta property=\"og:locale\" content=\"pt_BR\" \/>\n<meta property=\"og:type\" content=\"article\" \/>\n<meta property=\"og:title\" content=\"Vander cobra de autoridades provid\u00eancias contra queimadas no Pantanal\" \/>\n<meta property=\"og:description\" content=\"Cobran\u00e7a foi feita durante sess\u00e3o da C\u00e2mara. Deputado esteve em Corumb\u00e1 e presenciou \u00e0s margens da BR-262 o fogo que consome a vegeta\u00e7\u00e3o.\" \/>\n<meta property=\"og:url\" content=\"https:\/\/vanderloubet.com.br\/deputado\/deputado-vander-cobra-de-autoridades-providencias-contra-queimadas-no-pantanal\/\" \/>\n<meta property=\"og:site_name\" content=\"Deputado Federal Vander Loubet\" \/>\n<meta property=\"article:publisher\" content=\"https:\/\/facebook.com\/deputadovander\" \/>\n<meta property=\"article:published_time\" content=\"2019-10-31T15:00:31+00:00\" \/>\n<meta property=\"article:modified_time\" content=\"2019-11-11T20:40:17+00:00\" \/>\n<meta property=\"og:image\" content=\"https:\/\/vanderloubet.com.br\/deputado\/wp-content\/uploads\/2019\/10\/foto-2019-10-30-deputado-vander-loubet.jpg\" \/>\n\t<meta property=\"og:image:width\" content=\"900\" \/>\n\t<meta property=\"og:image:height\" content=\"506\" \/>\n\t<meta property=\"og:image:type\" content=\"image\/jpeg\" \/>\n<meta name=\"author\" content=\"\u00c9der\" \/>\n<meta name=\"twitter:card\" content=\"summary_large_image\" \/>\n<meta name=\"twitter:creator\" content=\"@vanderloubet\" \/>\n<meta name=\"twitter:site\" content=\"@vanderloubet\" \/>\n<script type=\"application\/ld+json\" class=\"yoast-schema-graph\">{\"@context\":\"https:\\\/\\\/schema.org\",\"@graph\":[{\"@type\":\"Article\",\"@id\":\"https:\\\/\\\/vanderloubet.com.br\\\/deputado\\\/deputado-vander-cobra-de-autoridades-providencias-contra-queimadas-no-pantanal\\\/#article\",\"isPartOf\":{\"@id\":\"https:\\\/\\\/vanderloubet.com.br\\\/deputado\\\/deputado-vander-cobra-de-autoridades-providencias-contra-queimadas-no-pantanal\\\/\"},\"author\":{\"name\":\"\u00c9der\",\"@id\":\"https:\\\/\\\/vanderloubet.com.br\\\/deputado\\\/#\\\/schema\\\/person\\\/15b51bd564532a8a68d9dec1b8eb890e\"},\"headline\":\"Vander cobra de autoridades provid\u00eancias contra queimadas no Pantanal\",\"datePublished\":\"2019-10-31T15:00:31+00:00\",\"dateModified\":\"2019-11-11T20:40:17+00:00\",\"mainEntityOfPage\":{\"@id\":\"https:\\\/\\\/vanderloubet.com.br\\\/deputado\\\/deputado-vander-cobra-de-autoridades-providencias-contra-queimadas-no-pantanal\\\/\"},\"wordCount\":390,\"publisher\":{\"@id\":\"https:\\\/\\\/vanderloubet.com.br\\\/deputado\\\/#organization\"},\"image\":{\"@id\":\"https:\\\/\\\/vanderloubet.com.br\\\/deputado\\\/deputado-vander-cobra-de-autoridades-providencias-contra-queimadas-no-pantanal\\\/#primaryimage\"},\"thumbnailUrl\":\"https:\\\/\\\/vanderloubet.com.br\\\/deputado\\\/wp-content\\\/uploads\\\/2019\\\/10\\\/foto-2019-10-30-deputado-vander-loubet.jpg\",\"keywords\":[\"meio ambiente\"],\"articleSection\":[\"Mato Grosso do Sul\",\"Multim\u00eddia\",\"Not\u00edcias\",\"V\u00eddeos\"],\"inLanguage\":\"pt-BR\"},{\"@type\":\"WebPage\",\"@id\":\"https:\\\/\\\/vanderloubet.com.br\\\/deputado\\\/deputado-vander-cobra-de-autoridades-providencias-contra-queimadas-no-pantanal\\\/\",\"url\":\"https:\\\/\\\/vanderloubet.com.br\\\/deputado\\\/deputado-vander-cobra-de-autoridades-providencias-contra-queimadas-no-pantanal\\\/\",\"name\":\"Vander cobra de autoridades provid\u00eancias contra queimadas no Pantanal\",\"isPartOf\":{\"@id\":\"https:\\\/\\\/vanderloubet.com.br\\\/deputado\\\/#website\"},\"primaryImageOfPage\":{\"@id\":\"https:\\\/\\\/vanderloubet.com.br\\\/deputado\\\/deputado-vander-cobra-de-autoridades-providencias-contra-queimadas-no-pantanal\\\/#primaryimage\"},\"image\":{\"@id\":\"https:\\\/\\\/vanderloubet.com.br\\\/deputado\\\/deputado-vander-cobra-de-autoridades-providencias-contra-queimadas-no-pantanal\\\/#primaryimage\"},\"thumbnailUrl\":\"https:\\\/\\\/vanderloubet.com.br\\\/deputado\\\/wp-content\\\/uploads\\\/2019\\\/10\\\/foto-2019-10-30-deputado-vander-loubet.jpg\",\"datePublished\":\"2019-10-31T15:00:31+00:00\",\"dateModified\":\"2019-11-11T20:40:17+00:00\",\"description\":\"Cobran\u00e7a foi feita durante sess\u00e3o da C\u00e2mara. Deputado esteve em Corumb\u00e1 e presenciou \u00e0s margens da BR-262 o fogo que consome a vegeta\u00e7\u00e3o.\",\"breadcrumb\":{\"@id\":\"https:\\\/\\\/vanderloubet.com.br\\\/deputado\\\/deputado-vander-cobra-de-autoridades-providencias-contra-queimadas-no-pantanal\\\/#breadcrumb\"},\"inLanguage\":\"pt-BR\",\"potentialAction\":[{\"@type\":\"ReadAction\",\"target\":[\"https:\\\/\\\/vanderloubet.com.br\\\/deputado\\\/deputado-vander-cobra-de-autoridades-providencias-contra-queimadas-no-pantanal\\\/\"]}]},{\"@type\":\"ImageObject\",\"inLanguage\":\"pt-BR\",\"@id\":\"https:\\\/\\\/vanderloubet.com.br\\\/deputado\\\/deputado-vander-cobra-de-autoridades-providencias-contra-queimadas-no-pantanal\\\/#primaryimage\",\"url\":\"https:\\\/\\\/vanderloubet.com.br\\\/deputado\\\/wp-content\\\/uploads\\\/2019\\\/10\\\/foto-2019-10-30-deputado-vander-loubet.jpg\",\"contentUrl\":\"https:\\\/\\\/vanderloubet.com.br\\\/deputado\\\/wp-content\\\/uploads\\\/2019\\\/10\\\/foto-2019-10-30-deputado-vander-loubet.jpg\",\"width\":900,\"height\":506,\"caption\":\"Deputado Federal Vander Loubet (PT)\"},{\"@type\":\"BreadcrumbList\",\"@id\":\"https:\\\/\\\/vanderloubet.com.br\\\/deputado\\\/deputado-vander-cobra-de-autoridades-providencias-contra-queimadas-no-pantanal\\\/#breadcrumb\",\"itemListElement\":[{\"@type\":\"ListItem\",\"position\":1,\"name\":\"In\u00edcio\",\"item\":\"https:\\\/\\\/vanderloubet.com.br\\\/deputado\\\/\"},{\"@type\":\"ListItem\",\"position\":2,\"name\":\"Vander cobra de autoridades provid\u00eancias contra queimadas no Pantanal\"}]},{\"@type\":\"WebSite\",\"@id\":\"https:\\\/\\\/vanderloubet.com.br\\\/deputado\\\/#website\",\"url\":\"https:\\\/\\\/vanderloubet.com.br\\\/deputado\\\/\",\"name\":\"Deputado Federal Vander Loubet\",\"description\":\"O Federal de MS\",\"publisher\":{\"@id\":\"https:\\\/\\\/vanderloubet.com.br\\\/deputado\\\/#organization\"},\"alternateName\":\"Deputado Vander\",\"potentialAction\":[{\"@type\":\"SearchAction\",\"target\":{\"@type\":\"EntryPoint\",\"urlTemplate\":\"https:\\\/\\\/vanderloubet.com.br\\\/deputado\\\/?s={search_term_string}\"},\"query-input\":{\"@type\":\"PropertyValueSpecification\",\"valueRequired\":true,\"valueName\":\"search_term_string\"}}],\"inLanguage\":\"pt-BR\"},{\"@type\":\"Organization\",\"@id\":\"https:\\\/\\\/vanderloubet.com.br\\\/deputado\\\/#organization\",\"name\":\"Deputado Federal Vander Loubet\",\"alternateName\":\"Deputado Vander\",\"url\":\"https:\\\/\\\/vanderloubet.com.br\\\/deputado\\\/\",\"logo\":{\"@type\":\"ImageObject\",\"inLanguage\":\"pt-BR\",\"@id\":\"https:\\\/\\\/vanderloubet.com.br\\\/deputado\\\/#\\\/schema\\\/logo\\\/image\\\/\",\"url\":\"https:\\\/\\\/vanderloubet.com.br\\\/deputado\\\/wp-content\\\/uploads\\\/2023\\\/06\\\/foto-2023-06-19-mandato-deputado-vander.jpg\",\"contentUrl\":\"https:\\\/\\\/vanderloubet.com.br\\\/deputado\\\/wp-content\\\/uploads\\\/2023\\\/06\\\/foto-2023-06-19-mandato-deputado-vander.jpg\",\"width\":1080,\"height\":1080,\"caption\":\"Deputado Federal Vander Loubet\"},\"image\":{\"@id\":\"https:\\\/\\\/vanderloubet.com.br\\\/deputado\\\/#\\\/schema\\\/logo\\\/image\\\/\"},\"sameAs\":[\"https:\\\/\\\/facebook.com\\\/deputadovander\",\"https:\\\/\\\/x.com\\\/vanderloubet\",\"https:\\\/\\\/instagram.com\\\/vanderloubet\",\"https:\\\/\\\/youtube.com\\\/vanderloubet\",\"https:\\\/\\\/tiktok.com\\\/@vanderloubetms\"]},{\"@type\":\"Person\",\"@id\":\"https:\\\/\\\/vanderloubet.com.br\\\/deputado\\\/#\\\/schema\\\/person\\\/15b51bd564532a8a68d9dec1b8eb890e\",\"name\":\"\u00c9der\",\"image\":{\"@type\":\"ImageObject\",\"inLanguage\":\"pt-BR\",\"@id\":\"https:\\\/\\\/vanderloubet.com.br\\\/deputado\\\/wp-content\\\/litespeed\\\/avatar\\\/88ca4090d9d5ab1c9495f6ca03b68efa.jpg?ver=1777058957\",\"url\":\"https:\\\/\\\/vanderloubet.com.br\\\/deputado\\\/wp-content\\\/litespeed\\\/avatar\\\/88ca4090d9d5ab1c9495f6ca03b68efa.jpg?ver=1777058957\",\"contentUrl\":\"https:\\\/\\\/vanderloubet.com.br\\\/deputado\\\/wp-content\\\/litespeed\\\/avatar\\\/88ca4090d9d5ab1c9495f6ca03b68efa.jpg?ver=1777058957\",\"caption\":\"\u00c9der\"}}]}<\/script>\n<!-- \/ Yoast SEO plugin. -->","yoast_head_json":{"title":"Vander cobra de autoridades provid\u00eancias contra queimadas no Pantanal","description":"Cobran\u00e7a foi feita durante sess\u00e3o da C\u00e2mara. Deputado esteve em Corumb\u00e1 e presenciou \u00e0s margens da BR-262 o fogo que consome a vegeta\u00e7\u00e3o.","robots":{"index":"index","follow":"follow","max-snippet":"max-snippet:-1","max-image-preview":"max-image-preview:large","max-video-preview":"max-video-preview:-1"},"canonical":"https:\/\/vanderloubet.com.br\/deputado\/deputado-vander-cobra-de-autoridades-providencias-contra-queimadas-no-pantanal\/","og_locale":"pt_BR","og_type":"article","og_title":"Vander cobra de autoridades provid\u00eancias contra queimadas no Pantanal","og_description":"Cobran\u00e7a foi feita durante sess\u00e3o da C\u00e2mara. Deputado esteve em Corumb\u00e1 e presenciou \u00e0s margens da BR-262 o fogo que consome a vegeta\u00e7\u00e3o.","og_url":"https:\/\/vanderloubet.com.br\/deputado\/deputado-vander-cobra-de-autoridades-providencias-contra-queimadas-no-pantanal\/","og_site_name":"Deputado Federal Vander Loubet","article_publisher":"https:\/\/facebook.com\/deputadovander","article_published_time":"2019-10-31T15:00:31+00:00","article_modified_time":"2019-11-11T20:40:17+00:00","og_image":[{"width":900,"height":506,"url":"https:\/\/vanderloubet.com.br\/deputado\/wp-content\/uploads\/2019\/10\/foto-2019-10-30-deputado-vander-loubet.jpg","type":"image\/jpeg"}],"author":"\u00c9der","twitter_card":"summary_large_image","twitter_creator":"@vanderloubet","twitter_site":"@vanderloubet","schema":{"@context":"https:\/\/schema.org","@graph":[{"@type":"Article","@id":"https:\/\/vanderloubet.com.br\/deputado\/deputado-vander-cobra-de-autoridades-providencias-contra-queimadas-no-pantanal\/#article","isPartOf":{"@id":"https:\/\/vanderloubet.com.br\/deputado\/deputado-vander-cobra-de-autoridades-providencias-contra-queimadas-no-pantanal\/"},"author":{"name":"\u00c9der","@id":"https:\/\/vanderloubet.com.br\/deputado\/#\/schema\/person\/15b51bd564532a8a68d9dec1b8eb890e"},"headline":"Vander cobra de autoridades provid\u00eancias contra queimadas no Pantanal","datePublished":"2019-10-31T15:00:31+00:00","dateModified":"2019-11-11T20:40:17+00:00","mainEntityOfPage":{"@id":"https:\/\/vanderloubet.com.br\/deputado\/deputado-vander-cobra-de-autoridades-providencias-contra-queimadas-no-pantanal\/"},"wordCount":390,"publisher":{"@id":"https:\/\/vanderloubet.com.br\/deputado\/#organization"},"image":{"@id":"https:\/\/vanderloubet.com.br\/deputado\/deputado-vander-cobra-de-autoridades-providencias-contra-queimadas-no-pantanal\/#primaryimage"},"thumbnailUrl":"https:\/\/vanderloubet.com.br\/deputado\/wp-content\/uploads\/2019\/10\/foto-2019-10-30-deputado-vander-loubet.jpg","keywords":["meio ambiente"],"articleSection":["Mato Grosso do Sul","Multim\u00eddia","Not\u00edcias","V\u00eddeos"],"inLanguage":"pt-BR"},{"@type":"WebPage","@id":"https:\/\/vanderloubet.com.br\/deputado\/deputado-vander-cobra-de-autoridades-providencias-contra-queimadas-no-pantanal\/","url":"https:\/\/vanderloubet.com.br\/deputado\/deputado-vander-cobra-de-autoridades-providencias-contra-queimadas-no-pantanal\/","name":"Vander cobra de autoridades provid\u00eancias contra queimadas no Pantanal","isPartOf":{"@id":"https:\/\/vanderloubet.com.br\/deputado\/#website"},"primaryImageOfPage":{"@id":"https:\/\/vanderloubet.com.br\/deputado\/deputado-vander-cobra-de-autoridades-providencias-contra-queimadas-no-pantanal\/#primaryimage"},"image":{"@id":"https:\/\/vanderloubet.com.br\/deputado\/deputado-vander-cobra-de-autoridades-providencias-contra-queimadas-no-pantanal\/#primaryimage"},"thumbnailUrl":"https:\/\/vanderloubet.com.br\/deputado\/wp-content\/uploads\/2019\/10\/foto-2019-10-30-deputado-vander-loubet.jpg","datePublished":"2019-10-31T15:00:31+00:00","dateModified":"2019-11-11T20:40:17+00:00","description":"Cobran\u00e7a foi feita durante sess\u00e3o da C\u00e2mara. Deputado esteve em Corumb\u00e1 e presenciou \u00e0s margens da BR-262 o fogo que consome a vegeta\u00e7\u00e3o.","breadcrumb":{"@id":"https:\/\/vanderloubet.com.br\/deputado\/deputado-vander-cobra-de-autoridades-providencias-contra-queimadas-no-pantanal\/#breadcrumb"},"inLanguage":"pt-BR","potentialAction":[{"@type":"ReadAction","target":["https:\/\/vanderloubet.com.br\/deputado\/deputado-vander-cobra-de-autoridades-providencias-contra-queimadas-no-pantanal\/"]}]},{"@type":"ImageObject","inLanguage":"pt-BR","@id":"https:\/\/vanderloubet.com.br\/deputado\/deputado-vander-cobra-de-autoridades-providencias-contra-queimadas-no-pantanal\/#primaryimage","url":"https:\/\/vanderloubet.com.br\/deputado\/wp-content\/uploads\/2019\/10\/foto-2019-10-30-deputado-vander-loubet.jpg","contentUrl":"https:\/\/vanderloubet.com.br\/deputado\/wp-content\/uploads\/2019\/10\/foto-2019-10-30-deputado-vander-loubet.jpg","width":900,"height":506,"caption":"Deputado Federal Vander Loubet (PT)"},{"@type":"BreadcrumbList","@id":"https:\/\/vanderloubet.com.br\/deputado\/deputado-vander-cobra-de-autoridades-providencias-contra-queimadas-no-pantanal\/#breadcrumb","itemListElement":[{"@type":"ListItem","position":1,"name":"In\u00edcio","item":"https:\/\/vanderloubet.com.br\/deputado\/"},{"@type":"ListItem","position":2,"name":"Vander cobra de autoridades provid\u00eancias contra queimadas no Pantanal"}]},{"@type":"WebSite","@id":"https:\/\/vanderloubet.com.br\/deputado\/#website","url":"https:\/\/vanderloubet.com.br\/deputado\/","name":"Deputado Federal Vander Loubet","description":"O Federal de MS","publisher":{"@id":"https:\/\/vanderloubet.com.br\/deputado\/#organization"},"alternateName":"Deputado Vander","potentialAction":[{"@type":"SearchAction","target":{"@type":"EntryPoint","urlTemplate":"https:\/\/vanderloubet.com.br\/deputado\/?s={search_term_string}"},"query-input":{"@type":"PropertyValueSpecification","valueRequired":true,"valueName":"search_term_string"}}],"inLanguage":"pt-BR"},{"@type":"Organization","@id":"https:\/\/vanderloubet.com.br\/deputado\/#organization","name":"Deputado Federal Vander Loubet","alternateName":"Deputado Vander","url":"https:\/\/vanderloubet.com.br\/deputado\/","logo":{"@type":"ImageObject","inLanguage":"pt-BR","@id":"https:\/\/vanderloubet.com.br\/deputado\/#\/schema\/logo\/image\/","url":"https:\/\/vanderloubet.com.br\/deputado\/wp-content\/uploads\/2023\/06\/foto-2023-06-19-mandato-deputado-vander.jpg","contentUrl":"https:\/\/vanderloubet.com.br\/deputado\/wp-content\/uploads\/2023\/06\/foto-2023-06-19-mandato-deputado-vander.jpg","width":1080,"height":1080,"caption":"Deputado Federal Vander Loubet"},"image":{"@id":"https:\/\/vanderloubet.com.br\/deputado\/#\/schema\/logo\/image\/"},"sameAs":["https:\/\/facebook.com\/deputadovander","https:\/\/x.com\/vanderloubet","https:\/\/instagram.com\/vanderloubet","https:\/\/youtube.com\/vanderloubet","https:\/\/tiktok.com\/@vanderloubetms"]},{"@type":"Person","@id":"https:\/\/vanderloubet.com.br\/deputado\/#\/schema\/person\/15b51bd564532a8a68d9dec1b8eb890e","name":"\u00c9der","image":{"@type":"ImageObject","inLanguage":"pt-BR","@id":"https:\/\/vanderloubet.com.br\/deputado\/wp-content\/litespeed\/avatar\/88ca4090d9d5ab1c9495f6ca03b68efa.jpg?ver=1777058957","url":"https:\/\/vanderloubet.com.br\/deputado\/wp-content\/litespeed\/avatar\/88ca4090d9d5ab1c9495f6ca03b68efa.jpg?ver=1777058957","contentUrl":"https:\/\/vanderloubet.com.br\/deputado\/wp-content\/litespeed\/avatar\/88ca4090d9d5ab1c9495f6ca03b68efa.jpg?ver=1777058957","caption":"\u00c9der"}}]}},"jetpack_featured_media_url":"https:\/\/vanderloubet.com.br\/deputado\/wp-content\/uploads\/2019\/10\/foto-2019-10-30-deputado-vander-loubet.jpg","jetpack_sharing_enabled":true,"_links":{"self":[{"href":"https:\/\/vanderloubet.com.br\/deputado\/wp-json\/wp\/v2\/posts\/16075","targetHints":{"allow":["GET"]}}],"collection":[{"href":"https:\/\/vanderloubet.com.br\/deputado\/wp-json\/wp\/v2\/posts"}],"about":[{"href":"https:\/\/vanderloubet.com.br\/deputado\/wp-json\/wp\/v2\/types\/post"}],"author":[{"embeddable":true,"href":"https:\/\/vanderloubet.com.br\/deputado\/wp-json\/wp\/v2\/users\/2"}],"replies":[{"embeddable":true,"href":"https:\/\/vanderloubet.com.br\/deputado\/wp-json\/wp\/v2\/comments?post=16075"}],"version-history":[{"count":0,"href":"https:\/\/vanderloubet.com.br\/deputado\/wp-json\/wp\/v2\/posts\/16075\/revisions"}],"wp:featuredmedia":[{"embeddable":true,"href":"https:\/\/vanderloubet.com.br\/deputado\/wp-json\/wp\/v2\/media\/16076"}],"wp:attachment":[{"href":"https:\/\/vanderloubet.com.br\/deputado\/wp-json\/wp\/v2\/media?parent=16075"}],"wp:term":[{"taxonomy":"category","embeddable":true,"href":"https:\/\/vanderloubet.com.br\/deputado\/wp-json\/wp\/v2\/categories?post=16075"},{"taxonomy":"post_tag","embeddable":true,"href":"https:\/\/vanderloubet.com.br\/deputado\/wp-json\/wp\/v2\/tags?post=16075"}],"curies":[{"name":"wp","href":"https:\/\/api.w.org\/{rel}","templated":true}]}}