{"id":16067,"date":"2019-10-28T15:00:08","date_gmt":"2019-10-28T19:00:08","guid":{"rendered":"http:\/\/vanderloubet.com.br\/deputado\/?p=16067"},"modified":"2019-11-11T16:41:03","modified_gmt":"2019-11-11T20:41:03","slug":"recordista-em-emendas-vander-fala-de-verbas-federais-para-ms-em-2020","status":"publish","type":"post","link":"https:\/\/vanderloubet.com.br\/deputado\/recordista-em-emendas-vander-fala-de-verbas-federais-para-ms-em-2020\/","title":{"rendered":"Recordista em emendas, Vander fala de verbas federais para MS em 2020"},"content":{"rendered":"<p>Apontado como recordista no encaminhamento de emendas parlamentares do Or\u00e7amento da Uni\u00e3o a Mato Grosso do Sul, o deputado federal Vander Loubet se disse bastante otimista em rela\u00e7\u00e3o ao trabalho realizado pela bancada para o Estado de olho nas verbas de 2020, que, recentemente, foi alvo de reuni\u00f5es entre os parlamentares. Em entrevista ao programa Bom Dia Campo Grande (R\u00e1dio Educativa FM 104,7), por telefone, nesta segunda-feira (28), ele destacou que as emendas coletivas, que passam a ser impositivas \u2013 isto \u00e9, devem ser obrigatoriamente pagas pelo governo federal \u2013 representar\u00e3o investimentos de R$ 247,6 milh\u00f5es no estado, sendo que um ter\u00e7o do valor vir\u00e1 para a Capital.<\/p>\n<p>A posi\u00e7\u00e3o de Vander como parlamentar que, desde 2015, tornou-se recordista na viabiliza\u00e7\u00e3o de emendas do Or\u00e7amento Geral da Uni\u00e3o, foi apontada em agosto pelo Siga Brasil, plataforma do Senado que acompanha a execu\u00e7\u00e3o or\u00e7ament\u00e1ria. No per\u00edodo, foram R$ 37,5 milh\u00f5es em emendas parlamentares com suas digitais. &#8220;Estou no meu quarto mandato e, sobre isso, experi\u00eancia conta muito. Meu mandato sempre foi pautado em cima dos munic\u00edpios. Mas n\u00e3o adianta falar que \u00e9 municipalista se n\u00e3o tiver presen\u00e7a e a\u00e7\u00f5es nos munic\u00edpios&#8221;, afirmou \u00e0 r\u00e1dio.<\/p>\n<p>&#8220;Sei o quanto os munic\u00edpios precisam da parceria com Estado e governo federal. E, nos \u00faltimos tempos, os recursos sempre foram muito concentrados no governo federal&#8221;, pontou o deputado federal, que afirma conhecer o roteiro para buscar verbas em Bras\u00edlia e ocupa cargos em comiss\u00f5es estrat\u00e9gicas, como a Comiss\u00e3o Mista de Or\u00e7amento. Ele afirma que tais fatos, mesmo com sua presen\u00e7a na oposi\u00e7\u00e3o desde o fim do governo Dilma Rousseff, ajudam na libera\u00e7\u00e3o dos recursos.<\/p>\n<p>&#8220;N\u00e3o basta conhecer o ministro, \u00e9 preciso ir ao segundo o terceiro escal\u00e3o, acompanhar os projetos, apresentar a emenda, trabalhar seu empenho e o projeto executivo para liberar os recursos e, na \u00faltima parte, executar e ter a capacidade de interlocu\u00e7\u00e3o para o pagamento das emendas. Acham que \u00e9 f\u00e1cil, mas n\u00e3o \u00e9 tanto. E agora ainda \u00e9 mais dif\u00edcil, porque, a partir do ano que vem, o or\u00e7amento ser\u00e1 impositivo&#8221;, explicou.<\/p>\n<p>Vander lembrou que, na \u00faltima sexta-feira (25), a bancada federal bateu o martelo em rela\u00e7\u00e3o \u00e0s emendas coletivas, sob coordenador do coordenador Nelson Trad Filho (o senador Nelsinho Trad), &#8220;que conduziu a bancada de forma coletiva&#8221;. Dos R$ 247 milh\u00f5es, foram acertados R$ 92 milh\u00f5es para a\u00e7\u00f5es em Campo Grande e o restante para os demais munic\u00edpios e obras diversas. As emendas incluem repasses de R$ 12 milh\u00f5es para a Universidade Estadual, R$ 6 milh\u00f5es para agroind\u00fastrias de Campo Grande e R$ 70 milh\u00f5es para obras de infraestrutura na Capital, salientou o deputado.<\/p>\n<p>&#8220;Tudo isso impositivo. Campo Grande foi muito bem contemplada e o governo do Estado, tamb\u00e9m. Gra\u00e7as a toda a bancada&#8221;, salientou o deputado federal, refor\u00e7ando que, independentemente das diferen\u00e7as pol\u00edticas \u2013que se espalham para 2020, quando haver\u00e1 elei\u00e7\u00f5es municipais contrapontos partidos e projetos\u2013, &#8220;conseguimos consensuar os recursos das emendas impositivas da bancada&#8221;. &#8220;Ganham os munic\u00edpios, ganha o Estado&#8221;.<\/p>\n<p><strong>Emendas impositivas<\/strong> &#8211; O deputado federal reiterou que as emendas aprovadas agora s\u00e3o para o or\u00e7amento de 2020 que, diferente do em vigor neste ano, ter\u00e1 car\u00e1ter impositivo.<\/p>\n<p>&#8220;Antes, o governo colocava as emendas das bancadas, e como n\u00e3o eram impositivas, era enviada \u00e0 Comiss\u00e3o do Or\u00e7amento mensagem para o Congresso votar e remanejar o or\u00e7amento. Ent\u00e3o esse dinheiro todo, R$ 247 milh\u00f5es que se multiplica por 27 Estados, \u00e9 o que tinha para ser manipulado a partir da Casa Civil, onde h\u00e1 decis\u00f5es de medidas como as reformas da previd\u00eancia e tribut\u00e1ria. Caso quisesse mudar, usaria o recurso para atender apenas \u00e0 base, e n\u00e3o a oposi\u00e7\u00e3o, porque n\u00e3o eram emendas impositivas&#8221;, destacou.<\/p>\n<p>Agora com a obrigatoriedade do pagamento, Vander refor\u00e7a que tal situa\u00e7\u00e3o n\u00e3o vai mais se repetir. &#8220;Vamos viver, a partir do ano que vem, um momento no qual os prefeitos e governadores, em vez de irem \u00e0 Casa Civil do Pal\u00e1cio do Planalto (solicitar investimentos), articularem com a bancada de cada Estado para viabilizar&#8221;, afirmou.<\/p>\n<p>Neste ano, prosseguiu o deputado, houve inclusive reuni\u00f5es com representantes do pr\u00f3prio governo federal solicitando a destina\u00e7\u00e3o de emendas no Congresso para projetos nos Estados. Ele tamb\u00e9m refor\u00e7ou a unidade dos oito deputados federais e tr\u00eas senadores na condu\u00e7\u00e3o dos debates das emendas, uma vez que a bancada \u00e9 menor que a de Estados como S\u00e3o Paulo e Minas Gerais, com dezenas de congressistas cada; e refor\u00e7ou que os projetos inclu\u00eddos no or\u00e7amento do ano que vem contemplam tamb\u00e9m projetos como o Corredor Bioce\u00e2nico e a sede da Academia de Seguran\u00e7a P\u00fablica.<\/p>\n<p><em>(Fonte: Humberto Marques &#8211; Portal da Educativa)<\/em><\/p>\n","protected":false},"excerpt":{"rendered":"<p>Deputado comentou na Educativa FM 104,7 resultado de levantamento do Siga Brasil e trabalho da bancada com emendas impositivas para o estado.<\/p>\n","protected":false},"author":2,"featured_media":16068,"comment_status":"closed","ping_status":"closed","sticky":false,"template":"","format":"standard","meta":{"jetpack_post_was_ever_published":false,"_jetpack_newsletter_access":"","_jetpack_dont_email_post_to_subs":false,"_jetpack_newsletter_tier_id":0,"_jetpack_memberships_contains_paywalled_content":false,"_jetpack_memberships_contains_paid_content":false,"footnotes":""},"categories":[2099,10],"tags":[2127],"class_list":{"0":"post-16067","1":"post","2":"type-post","3":"status-publish","4":"format-standard","5":"has-post-thumbnail","7":"category-ms-noticias","8":"category-noticias","9":"tag-emenda-parlamentar"},"yoast_head":"<!-- This site is optimized with the Yoast SEO plugin v27.4 - https:\/\/yoast.com\/product\/yoast-seo-wordpress\/ -->\n<title>Recordista em emendas, Vander fala de verbas federais para MS em 2020<\/title>\n<meta name=\"description\" content=\"Deputado comentou na Educativa FM 104,7 resultado de levantamento do Siga Brasil e trabalho da bancada com emendas impositivas para o estado.\" \/>\n<meta name=\"robots\" content=\"index, follow, max-snippet:-1, max-image-preview:large, max-video-preview:-1\" \/>\n<link rel=\"canonical\" href=\"https:\/\/vanderloubet.com.br\/deputado\/recordista-em-emendas-vander-fala-de-verbas-federais-para-ms-em-2020\/\" \/>\n<meta property=\"og:locale\" content=\"pt_BR\" \/>\n<meta property=\"og:type\" content=\"article\" \/>\n<meta property=\"og:title\" content=\"Recordista em emendas, Vander fala de verbas federais para MS em 2020\" \/>\n<meta property=\"og:description\" content=\"Deputado comentou na Educativa FM 104,7 resultado de levantamento do Siga Brasil e trabalho da bancada com emendas impositivas para o estado.\" \/>\n<meta property=\"og:url\" content=\"https:\/\/vanderloubet.com.br\/deputado\/recordista-em-emendas-vander-fala-de-verbas-federais-para-ms-em-2020\/\" \/>\n<meta property=\"og:site_name\" content=\"Deputado Federal Vander Loubet\" \/>\n<meta property=\"article:publisher\" content=\"https:\/\/facebook.com\/deputadovander\" \/>\n<meta property=\"article:published_time\" content=\"2019-10-28T19:00:08+00:00\" \/>\n<meta property=\"article:modified_time\" content=\"2019-11-11T20:41:03+00:00\" \/>\n<meta property=\"og:image\" content=\"https:\/\/vanderloubet.com.br\/deputado\/wp-content\/uploads\/2019\/10\/Deputado-Federal-Vander-Loubet-PT.jpg\" \/>\n\t<meta property=\"og:image:width\" content=\"1080\" \/>\n\t<meta property=\"og:image:height\" content=\"720\" \/>\n\t<meta property=\"og:image:type\" content=\"image\/jpeg\" \/>\n<meta name=\"author\" content=\"\u00c9der\" \/>\n<meta name=\"twitter:card\" content=\"summary_large_image\" \/>\n<meta name=\"twitter:creator\" content=\"@vanderloubet\" \/>\n<meta name=\"twitter:site\" content=\"@vanderloubet\" \/>\n<script type=\"application\/ld+json\" class=\"yoast-schema-graph\">{\"@context\":\"https:\\\/\\\/schema.org\",\"@graph\":[{\"@type\":\"Article\",\"@id\":\"https:\\\/\\\/vanderloubet.com.br\\\/deputado\\\/recordista-em-emendas-vander-fala-de-verbas-federais-para-ms-em-2020\\\/#article\",\"isPartOf\":{\"@id\":\"https:\\\/\\\/vanderloubet.com.br\\\/deputado\\\/recordista-em-emendas-vander-fala-de-verbas-federais-para-ms-em-2020\\\/\"},\"author\":{\"name\":\"\u00c9der\",\"@id\":\"https:\\\/\\\/vanderloubet.com.br\\\/deputado\\\/#\\\/schema\\\/person\\\/15b51bd564532a8a68d9dec1b8eb890e\"},\"headline\":\"Recordista em emendas, Vander fala de verbas federais para MS em 2020\",\"datePublished\":\"2019-10-28T19:00:08+00:00\",\"dateModified\":\"2019-11-11T20:41:03+00:00\",\"mainEntityOfPage\":{\"@id\":\"https:\\\/\\\/vanderloubet.com.br\\\/deputado\\\/recordista-em-emendas-vander-fala-de-verbas-federais-para-ms-em-2020\\\/\"},\"wordCount\":831,\"publisher\":{\"@id\":\"https:\\\/\\\/vanderloubet.com.br\\\/deputado\\\/#organization\"},\"image\":{\"@id\":\"https:\\\/\\\/vanderloubet.com.br\\\/deputado\\\/recordista-em-emendas-vander-fala-de-verbas-federais-para-ms-em-2020\\\/#primaryimage\"},\"thumbnailUrl\":\"https:\\\/\\\/vanderloubet.com.br\\\/deputado\\\/wp-content\\\/uploads\\\/2019\\\/10\\\/Deputado-Federal-Vander-Loubet-PT.jpg\",\"keywords\":[\"emenda parlamentar\"],\"articleSection\":[\"Mato Grosso do Sul\",\"Not\u00edcias\"],\"inLanguage\":\"pt-BR\"},{\"@type\":\"WebPage\",\"@id\":\"https:\\\/\\\/vanderloubet.com.br\\\/deputado\\\/recordista-em-emendas-vander-fala-de-verbas-federais-para-ms-em-2020\\\/\",\"url\":\"https:\\\/\\\/vanderloubet.com.br\\\/deputado\\\/recordista-em-emendas-vander-fala-de-verbas-federais-para-ms-em-2020\\\/\",\"name\":\"Recordista em emendas, Vander fala de verbas federais para MS em 2020\",\"isPartOf\":{\"@id\":\"https:\\\/\\\/vanderloubet.com.br\\\/deputado\\\/#website\"},\"primaryImageOfPage\":{\"@id\":\"https:\\\/\\\/vanderloubet.com.br\\\/deputado\\\/recordista-em-emendas-vander-fala-de-verbas-federais-para-ms-em-2020\\\/#primaryimage\"},\"image\":{\"@id\":\"https:\\\/\\\/vanderloubet.com.br\\\/deputado\\\/recordista-em-emendas-vander-fala-de-verbas-federais-para-ms-em-2020\\\/#primaryimage\"},\"thumbnailUrl\":\"https:\\\/\\\/vanderloubet.com.br\\\/deputado\\\/wp-content\\\/uploads\\\/2019\\\/10\\\/Deputado-Federal-Vander-Loubet-PT.jpg\",\"datePublished\":\"2019-10-28T19:00:08+00:00\",\"dateModified\":\"2019-11-11T20:41:03+00:00\",\"description\":\"Deputado comentou na Educativa FM 104,7 resultado de levantamento do Siga Brasil e trabalho da bancada com emendas impositivas para o estado.\",\"breadcrumb\":{\"@id\":\"https:\\\/\\\/vanderloubet.com.br\\\/deputado\\\/recordista-em-emendas-vander-fala-de-verbas-federais-para-ms-em-2020\\\/#breadcrumb\"},\"inLanguage\":\"pt-BR\",\"potentialAction\":[{\"@type\":\"ReadAction\",\"target\":[\"https:\\\/\\\/vanderloubet.com.br\\\/deputado\\\/recordista-em-emendas-vander-fala-de-verbas-federais-para-ms-em-2020\\\/\"]}]},{\"@type\":\"ImageObject\",\"inLanguage\":\"pt-BR\",\"@id\":\"https:\\\/\\\/vanderloubet.com.br\\\/deputado\\\/recordista-em-emendas-vander-fala-de-verbas-federais-para-ms-em-2020\\\/#primaryimage\",\"url\":\"https:\\\/\\\/vanderloubet.com.br\\\/deputado\\\/wp-content\\\/uploads\\\/2019\\\/10\\\/Deputado-Federal-Vander-Loubet-PT.jpg\",\"contentUrl\":\"https:\\\/\\\/vanderloubet.com.br\\\/deputado\\\/wp-content\\\/uploads\\\/2019\\\/10\\\/Deputado-Federal-Vander-Loubet-PT.jpg\",\"width\":1080,\"height\":720,\"caption\":\"Deputado Federal Vander Loubet (PT)\"},{\"@type\":\"BreadcrumbList\",\"@id\":\"https:\\\/\\\/vanderloubet.com.br\\\/deputado\\\/recordista-em-emendas-vander-fala-de-verbas-federais-para-ms-em-2020\\\/#breadcrumb\",\"itemListElement\":[{\"@type\":\"ListItem\",\"position\":1,\"name\":\"In\u00edcio\",\"item\":\"https:\\\/\\\/vanderloubet.com.br\\\/deputado\\\/\"},{\"@type\":\"ListItem\",\"position\":2,\"name\":\"Recordista em emendas, Vander fala de verbas federais para MS em 2020\"}]},{\"@type\":\"WebSite\",\"@id\":\"https:\\\/\\\/vanderloubet.com.br\\\/deputado\\\/#website\",\"url\":\"https:\\\/\\\/vanderloubet.com.br\\\/deputado\\\/\",\"name\":\"Deputado Federal Vander Loubet\",\"description\":\"O Federal de MS\",\"publisher\":{\"@id\":\"https:\\\/\\\/vanderloubet.com.br\\\/deputado\\\/#organization\"},\"alternateName\":\"Deputado Vander\",\"potentialAction\":[{\"@type\":\"SearchAction\",\"target\":{\"@type\":\"EntryPoint\",\"urlTemplate\":\"https:\\\/\\\/vanderloubet.com.br\\\/deputado\\\/?s={search_term_string}\"},\"query-input\":{\"@type\":\"PropertyValueSpecification\",\"valueRequired\":true,\"valueName\":\"search_term_string\"}}],\"inLanguage\":\"pt-BR\"},{\"@type\":\"Organization\",\"@id\":\"https:\\\/\\\/vanderloubet.com.br\\\/deputado\\\/#organization\",\"name\":\"Deputado Federal Vander Loubet\",\"alternateName\":\"Deputado Vander\",\"url\":\"https:\\\/\\\/vanderloubet.com.br\\\/deputado\\\/\",\"logo\":{\"@type\":\"ImageObject\",\"inLanguage\":\"pt-BR\",\"@id\":\"https:\\\/\\\/vanderloubet.com.br\\\/deputado\\\/#\\\/schema\\\/logo\\\/image\\\/\",\"url\":\"https:\\\/\\\/vanderloubet.com.br\\\/deputado\\\/wp-content\\\/uploads\\\/2023\\\/06\\\/foto-2023-06-19-mandato-deputado-vander.jpg\",\"contentUrl\":\"https:\\\/\\\/vanderloubet.com.br\\\/deputado\\\/wp-content\\\/uploads\\\/2023\\\/06\\\/foto-2023-06-19-mandato-deputado-vander.jpg\",\"width\":1080,\"height\":1080,\"caption\":\"Deputado Federal Vander Loubet\"},\"image\":{\"@id\":\"https:\\\/\\\/vanderloubet.com.br\\\/deputado\\\/#\\\/schema\\\/logo\\\/image\\\/\"},\"sameAs\":[\"https:\\\/\\\/facebook.com\\\/deputadovander\",\"https:\\\/\\\/x.com\\\/vanderloubet\",\"https:\\\/\\\/instagram.com\\\/vanderloubet\",\"https:\\\/\\\/youtube.com\\\/vanderloubet\",\"https:\\\/\\\/tiktok.com\\\/@vanderloubetms\"]},{\"@type\":\"Person\",\"@id\":\"https:\\\/\\\/vanderloubet.com.br\\\/deputado\\\/#\\\/schema\\\/person\\\/15b51bd564532a8a68d9dec1b8eb890e\",\"name\":\"\u00c9der\",\"image\":{\"@type\":\"ImageObject\",\"inLanguage\":\"pt-BR\",\"@id\":\"https:\\\/\\\/vanderloubet.com.br\\\/deputado\\\/wp-content\\\/litespeed\\\/avatar\\\/88ca4090d9d5ab1c9495f6ca03b68efa.jpg?ver=1777058957\",\"url\":\"https:\\\/\\\/vanderloubet.com.br\\\/deputado\\\/wp-content\\\/litespeed\\\/avatar\\\/88ca4090d9d5ab1c9495f6ca03b68efa.jpg?ver=1777058957\",\"contentUrl\":\"https:\\\/\\\/vanderloubet.com.br\\\/deputado\\\/wp-content\\\/litespeed\\\/avatar\\\/88ca4090d9d5ab1c9495f6ca03b68efa.jpg?ver=1777058957\",\"caption\":\"\u00c9der\"}}]}<\/script>\n<!-- \/ Yoast SEO plugin. -->","yoast_head_json":{"title":"Recordista em emendas, Vander fala de verbas federais para MS em 2020","description":"Deputado comentou na Educativa FM 104,7 resultado de levantamento do Siga Brasil e trabalho da bancada com emendas impositivas para o estado.","robots":{"index":"index","follow":"follow","max-snippet":"max-snippet:-1","max-image-preview":"max-image-preview:large","max-video-preview":"max-video-preview:-1"},"canonical":"https:\/\/vanderloubet.com.br\/deputado\/recordista-em-emendas-vander-fala-de-verbas-federais-para-ms-em-2020\/","og_locale":"pt_BR","og_type":"article","og_title":"Recordista em emendas, Vander fala de verbas federais para MS em 2020","og_description":"Deputado comentou na Educativa FM 104,7 resultado de levantamento do Siga Brasil e trabalho da bancada com emendas impositivas para o estado.","og_url":"https:\/\/vanderloubet.com.br\/deputado\/recordista-em-emendas-vander-fala-de-verbas-federais-para-ms-em-2020\/","og_site_name":"Deputado Federal Vander Loubet","article_publisher":"https:\/\/facebook.com\/deputadovander","article_published_time":"2019-10-28T19:00:08+00:00","article_modified_time":"2019-11-11T20:41:03+00:00","og_image":[{"width":1080,"height":720,"url":"https:\/\/vanderloubet.com.br\/deputado\/wp-content\/uploads\/2019\/10\/Deputado-Federal-Vander-Loubet-PT.jpg","type":"image\/jpeg"}],"author":"\u00c9der","twitter_card":"summary_large_image","twitter_creator":"@vanderloubet","twitter_site":"@vanderloubet","schema":{"@context":"https:\/\/schema.org","@graph":[{"@type":"Article","@id":"https:\/\/vanderloubet.com.br\/deputado\/recordista-em-emendas-vander-fala-de-verbas-federais-para-ms-em-2020\/#article","isPartOf":{"@id":"https:\/\/vanderloubet.com.br\/deputado\/recordista-em-emendas-vander-fala-de-verbas-federais-para-ms-em-2020\/"},"author":{"name":"\u00c9der","@id":"https:\/\/vanderloubet.com.br\/deputado\/#\/schema\/person\/15b51bd564532a8a68d9dec1b8eb890e"},"headline":"Recordista em emendas, Vander fala de verbas federais para MS em 2020","datePublished":"2019-10-28T19:00:08+00:00","dateModified":"2019-11-11T20:41:03+00:00","mainEntityOfPage":{"@id":"https:\/\/vanderloubet.com.br\/deputado\/recordista-em-emendas-vander-fala-de-verbas-federais-para-ms-em-2020\/"},"wordCount":831,"publisher":{"@id":"https:\/\/vanderloubet.com.br\/deputado\/#organization"},"image":{"@id":"https:\/\/vanderloubet.com.br\/deputado\/recordista-em-emendas-vander-fala-de-verbas-federais-para-ms-em-2020\/#primaryimage"},"thumbnailUrl":"https:\/\/vanderloubet.com.br\/deputado\/wp-content\/uploads\/2019\/10\/Deputado-Federal-Vander-Loubet-PT.jpg","keywords":["emenda parlamentar"],"articleSection":["Mato Grosso do Sul","Not\u00edcias"],"inLanguage":"pt-BR"},{"@type":"WebPage","@id":"https:\/\/vanderloubet.com.br\/deputado\/recordista-em-emendas-vander-fala-de-verbas-federais-para-ms-em-2020\/","url":"https:\/\/vanderloubet.com.br\/deputado\/recordista-em-emendas-vander-fala-de-verbas-federais-para-ms-em-2020\/","name":"Recordista em emendas, Vander fala de verbas federais para MS em 2020","isPartOf":{"@id":"https:\/\/vanderloubet.com.br\/deputado\/#website"},"primaryImageOfPage":{"@id":"https:\/\/vanderloubet.com.br\/deputado\/recordista-em-emendas-vander-fala-de-verbas-federais-para-ms-em-2020\/#primaryimage"},"image":{"@id":"https:\/\/vanderloubet.com.br\/deputado\/recordista-em-emendas-vander-fala-de-verbas-federais-para-ms-em-2020\/#primaryimage"},"thumbnailUrl":"https:\/\/vanderloubet.com.br\/deputado\/wp-content\/uploads\/2019\/10\/Deputado-Federal-Vander-Loubet-PT.jpg","datePublished":"2019-10-28T19:00:08+00:00","dateModified":"2019-11-11T20:41:03+00:00","description":"Deputado comentou na Educativa FM 104,7 resultado de levantamento do Siga Brasil e trabalho da bancada com emendas impositivas para o estado.","breadcrumb":{"@id":"https:\/\/vanderloubet.com.br\/deputado\/recordista-em-emendas-vander-fala-de-verbas-federais-para-ms-em-2020\/#breadcrumb"},"inLanguage":"pt-BR","potentialAction":[{"@type":"ReadAction","target":["https:\/\/vanderloubet.com.br\/deputado\/recordista-em-emendas-vander-fala-de-verbas-federais-para-ms-em-2020\/"]}]},{"@type":"ImageObject","inLanguage":"pt-BR","@id":"https:\/\/vanderloubet.com.br\/deputado\/recordista-em-emendas-vander-fala-de-verbas-federais-para-ms-em-2020\/#primaryimage","url":"https:\/\/vanderloubet.com.br\/deputado\/wp-content\/uploads\/2019\/10\/Deputado-Federal-Vander-Loubet-PT.jpg","contentUrl":"https:\/\/vanderloubet.com.br\/deputado\/wp-content\/uploads\/2019\/10\/Deputado-Federal-Vander-Loubet-PT.jpg","width":1080,"height":720,"caption":"Deputado Federal Vander Loubet (PT)"},{"@type":"BreadcrumbList","@id":"https:\/\/vanderloubet.com.br\/deputado\/recordista-em-emendas-vander-fala-de-verbas-federais-para-ms-em-2020\/#breadcrumb","itemListElement":[{"@type":"ListItem","position":1,"name":"In\u00edcio","item":"https:\/\/vanderloubet.com.br\/deputado\/"},{"@type":"ListItem","position":2,"name":"Recordista em emendas, Vander fala de verbas federais para MS em 2020"}]},{"@type":"WebSite","@id":"https:\/\/vanderloubet.com.br\/deputado\/#website","url":"https:\/\/vanderloubet.com.br\/deputado\/","name":"Deputado Federal Vander Loubet","description":"O Federal de MS","publisher":{"@id":"https:\/\/vanderloubet.com.br\/deputado\/#organization"},"alternateName":"Deputado Vander","potentialAction":[{"@type":"SearchAction","target":{"@type":"EntryPoint","urlTemplate":"https:\/\/vanderloubet.com.br\/deputado\/?s={search_term_string}"},"query-input":{"@type":"PropertyValueSpecification","valueRequired":true,"valueName":"search_term_string"}}],"inLanguage":"pt-BR"},{"@type":"Organization","@id":"https:\/\/vanderloubet.com.br\/deputado\/#organization","name":"Deputado Federal Vander Loubet","alternateName":"Deputado Vander","url":"https:\/\/vanderloubet.com.br\/deputado\/","logo":{"@type":"ImageObject","inLanguage":"pt-BR","@id":"https:\/\/vanderloubet.com.br\/deputado\/#\/schema\/logo\/image\/","url":"https:\/\/vanderloubet.com.br\/deputado\/wp-content\/uploads\/2023\/06\/foto-2023-06-19-mandato-deputado-vander.jpg","contentUrl":"https:\/\/vanderloubet.com.br\/deputado\/wp-content\/uploads\/2023\/06\/foto-2023-06-19-mandato-deputado-vander.jpg","width":1080,"height":1080,"caption":"Deputado Federal Vander Loubet"},"image":{"@id":"https:\/\/vanderloubet.com.br\/deputado\/#\/schema\/logo\/image\/"},"sameAs":["https:\/\/facebook.com\/deputadovander","https:\/\/x.com\/vanderloubet","https:\/\/instagram.com\/vanderloubet","https:\/\/youtube.com\/vanderloubet","https:\/\/tiktok.com\/@vanderloubetms"]},{"@type":"Person","@id":"https:\/\/vanderloubet.com.br\/deputado\/#\/schema\/person\/15b51bd564532a8a68d9dec1b8eb890e","name":"\u00c9der","image":{"@type":"ImageObject","inLanguage":"pt-BR","@id":"https:\/\/vanderloubet.com.br\/deputado\/wp-content\/litespeed\/avatar\/88ca4090d9d5ab1c9495f6ca03b68efa.jpg?ver=1777058957","url":"https:\/\/vanderloubet.com.br\/deputado\/wp-content\/litespeed\/avatar\/88ca4090d9d5ab1c9495f6ca03b68efa.jpg?ver=1777058957","contentUrl":"https:\/\/vanderloubet.com.br\/deputado\/wp-content\/litespeed\/avatar\/88ca4090d9d5ab1c9495f6ca03b68efa.jpg?ver=1777058957","caption":"\u00c9der"}}]}},"jetpack_featured_media_url":"https:\/\/vanderloubet.com.br\/deputado\/wp-content\/uploads\/2019\/10\/Deputado-Federal-Vander-Loubet-PT.jpg","jetpack_sharing_enabled":true,"_links":{"self":[{"href":"https:\/\/vanderloubet.com.br\/deputado\/wp-json\/wp\/v2\/posts\/16067","targetHints":{"allow":["GET"]}}],"collection":[{"href":"https:\/\/vanderloubet.com.br\/deputado\/wp-json\/wp\/v2\/posts"}],"about":[{"href":"https:\/\/vanderloubet.com.br\/deputado\/wp-json\/wp\/v2\/types\/post"}],"author":[{"embeddable":true,"href":"https:\/\/vanderloubet.com.br\/deputado\/wp-json\/wp\/v2\/users\/2"}],"replies":[{"embeddable":true,"href":"https:\/\/vanderloubet.com.br\/deputado\/wp-json\/wp\/v2\/comments?post=16067"}],"version-history":[{"count":0,"href":"https:\/\/vanderloubet.com.br\/deputado\/wp-json\/wp\/v2\/posts\/16067\/revisions"}],"wp:featuredmedia":[{"embeddable":true,"href":"https:\/\/vanderloubet.com.br\/deputado\/wp-json\/wp\/v2\/media\/16068"}],"wp:attachment":[{"href":"https:\/\/vanderloubet.com.br\/deputado\/wp-json\/wp\/v2\/media?parent=16067"}],"wp:term":[{"taxonomy":"category","embeddable":true,"href":"https:\/\/vanderloubet.com.br\/deputado\/wp-json\/wp\/v2\/categories?post=16067"},{"taxonomy":"post_tag","embeddable":true,"href":"https:\/\/vanderloubet.com.br\/deputado\/wp-json\/wp\/v2\/tags?post=16067"}],"curies":[{"name":"wp","href":"https:\/\/api.w.org\/{rel}","templated":true}]}}