{"id":16047,"date":"2019-10-23T17:05:43","date_gmt":"2019-10-23T21:05:43","guid":{"rendered":"http:\/\/vanderloubet.com.br\/deputado\/?p=16047"},"modified":"2019-10-23T18:20:34","modified_gmt":"2019-10-23T22:20:34","slug":"representantes-da-ufgd-buscam-apoio-de-vander-e-da-bancada-contra-intervencao-na-instituicao","status":"publish","type":"post","link":"https:\/\/vanderloubet.com.br\/deputado\/representantes-da-ufgd-buscam-apoio-de-vander-e-da-bancada-contra-intervencao-na-instituicao\/","title":{"rendered":"Representantes da UFGD buscam apoio de Vander e da bancada contra interven\u00e7\u00e3o na institui\u00e7\u00e3o"},"content":{"rendered":"<p><em><strong>Processo de escolha da reitoria da Universidade foi judicializado e institui\u00e7\u00e3o tem sua autonomia amea\u00e7ada<\/strong><\/em><\/p>\n<p>Lideran\u00e7as da comunidade acad\u00eamica da Universidade Federal da Grande Dourados (UFGD) estiveram na \u00faltima sexta-feira (18) em Campo Grande para uma reuni\u00e3o com parlamentares federais  a fim de pedir a mobiliza\u00e7\u00e3o da bancada sul-mato-grossense pelo fim do golpe atualmente em curso na Universidade.<\/p>\n<p>os deputados federais Vander Loubet, F\u00e1bio Trad e Rose Modesto marcaram presen\u00e7a na reuni\u00e3o, al\u00e9m de representantes dos deputados federais Dagoberto Nogueira e Bia Cavassa e dos senadores Nelsinho Trad e Simone Tebet. <\/p>\n<p>Em junho deste ano, a institui\u00e7\u00e3o realizou consulta pr\u00e9via e elegeu o professor Etienne Biasoto e a professora Claudia Lima como reitor e vice-reitor da Universidade. No entanto, o processo de escolha da Reitoria da UFGD foi judicializado e segue suspenso at\u00e9 o momento.<\/p>\n<p>De acordo com o professor Tiago Botelho, do curso de Direito da UFGD, a Universidade foi colocada sob interven\u00e7\u00e3o e tem sua autonomia amea\u00e7ada.<\/p>\n<p>&#8220;Al\u00e9m disso, a chapa que teve a menor aceita\u00e7\u00e3o da comunidade UFGD est\u00e1 administrando a institui\u00e7\u00e3o no momento, pois a interventora nomeada tem v\u00ednculo com o grupo que ficou em \u00faltimo lugar no processo de consulta pr\u00e9via na universidade&#8221;, disse o professor e advogado.<\/p>\n<p>Vander, F\u00e1bio e Rose destacaram apoiar o respeito ao processo democr\u00e1tico dentro da UFGD e garantiram que a bancada federal de Mato Grosso do Sul atuar\u00e1 junto ao Minist\u00e9rio da Educa\u00e7\u00e3o para que seja respeitada a decis\u00e3o da Justi\u00e7a Federal de Dourados, que determinou a sequ\u00eancia do curso regular da lista tr\u00edplice.<\/p>\n<p>Estiveram presentes na reuni\u00e3o os ex-reitores Dami\u00e3o Duque de Farias e Liane Maria Calarge; a coordenadora geral dos t\u00e9cnicos administrativos, Andressa Casari; os representantes do sindicato dos professores, C\u00e1ssio Knapp e Franklin Schmalz; a representante da Associa\u00e7\u00e3o de P\u00f3s-Graduandos (APG), Marisa Lomba; e as representantes do Diret\u00f3rio Central dos Estudantes (DCE), Maria Augusta e Ana Elisa.<\/p>\n<p><em>(Fonte: Assessoria\/Dep. F\u00e1bio Trad)<\/em><\/p>\n","protected":false},"excerpt":{"rendered":"<p>Processo de escolha da reitoria da Universidade foi judicializado e institui\u00e7\u00e3o tem sua autonomia amea\u00e7ada.<\/p>\n","protected":false},"author":2,"featured_media":16048,"comment_status":"closed","ping_status":"closed","sticky":false,"template":"","format":"standard","meta":{"jetpack_post_was_ever_published":false,"_jetpack_newsletter_access":"","_jetpack_dont_email_post_to_subs":false,"_jetpack_newsletter_tier_id":0,"_jetpack_memberships_contains_paywalled_content":false,"_jetpack_memberships_contains_paid_content":false,"footnotes":""},"categories":[2099,10],"tags":[697,2327],"class_list":{"0":"post-16047","1":"post","2":"type-post","3":"status-publish","4":"format-standard","5":"has-post-thumbnail","7":"category-ms-noticias","8":"category-noticias","9":"tag-educacao","10":"tag-ensino-superior"},"yoast_head":"<!-- This site is optimized with the Yoast SEO plugin v27.4 - https:\/\/yoast.com\/product\/yoast-seo-wordpress\/ -->\n<title>Representantes da UFGD buscam apoio de Vander e da bancada contra interven\u00e7\u00e3o na institui\u00e7\u00e3o<\/title>\n<meta name=\"description\" content=\"Processo de escolha da reitoria da Universidade foi judicializado e institui\u00e7\u00e3o tem sua autonomia amea\u00e7ada, afirmam representantes da comunidade acad\u00eamica.\" \/>\n<meta name=\"robots\" content=\"index, follow, max-snippet:-1, max-image-preview:large, max-video-preview:-1\" \/>\n<link rel=\"canonical\" href=\"https:\/\/vanderloubet.com.br\/deputado\/representantes-da-ufgd-buscam-apoio-de-vander-e-da-bancada-contra-intervencao-na-instituicao\/\" \/>\n<meta property=\"og:locale\" content=\"pt_BR\" \/>\n<meta property=\"og:type\" content=\"article\" \/>\n<meta property=\"og:title\" content=\"Representantes da UFGD buscam apoio de Vander e da bancada contra interven\u00e7\u00e3o na institui\u00e7\u00e3o\" \/>\n<meta property=\"og:description\" content=\"Processo de escolha da reitoria da Universidade foi judicializado e institui\u00e7\u00e3o tem sua autonomia amea\u00e7ada, afirmam representantes da comunidade acad\u00eamica.\" \/>\n<meta property=\"og:url\" content=\"https:\/\/vanderloubet.com.br\/deputado\/representantes-da-ufgd-buscam-apoio-de-vander-e-da-bancada-contra-intervencao-na-instituicao\/\" \/>\n<meta property=\"og:site_name\" content=\"Deputado Federal Vander Loubet\" \/>\n<meta property=\"article:publisher\" content=\"https:\/\/facebook.com\/deputadovander\" \/>\n<meta property=\"article:published_time\" content=\"2019-10-23T21:05:43+00:00\" \/>\n<meta property=\"article:modified_time\" content=\"2019-10-23T22:20:34+00:00\" \/>\n<meta property=\"og:image\" content=\"https:\/\/vanderloubet.com.br\/deputado\/wp-content\/uploads\/2019\/10\/foto-2019-10-23-reuniao-ufgd-deputados.jpg\" \/>\n\t<meta property=\"og:image:width\" content=\"1080\" \/>\n\t<meta property=\"og:image:height\" content=\"720\" \/>\n\t<meta property=\"og:image:type\" content=\"image\/jpeg\" \/>\n<meta name=\"author\" content=\"\u00c9der\" \/>\n<meta name=\"twitter:card\" content=\"summary_large_image\" \/>\n<meta name=\"twitter:creator\" content=\"@vanderloubet\" \/>\n<meta name=\"twitter:site\" content=\"@vanderloubet\" \/>\n<script type=\"application\/ld+json\" class=\"yoast-schema-graph\">{\"@context\":\"https:\\\/\\\/schema.org\",\"@graph\":[{\"@type\":\"Article\",\"@id\":\"https:\\\/\\\/vanderloubet.com.br\\\/deputado\\\/representantes-da-ufgd-buscam-apoio-de-vander-e-da-bancada-contra-intervencao-na-instituicao\\\/#article\",\"isPartOf\":{\"@id\":\"https:\\\/\\\/vanderloubet.com.br\\\/deputado\\\/representantes-da-ufgd-buscam-apoio-de-vander-e-da-bancada-contra-intervencao-na-instituicao\\\/\"},\"author\":{\"name\":\"\u00c9der\",\"@id\":\"https:\\\/\\\/vanderloubet.com.br\\\/deputado\\\/#\\\/schema\\\/person\\\/15b51bd564532a8a68d9dec1b8eb890e\"},\"headline\":\"Representantes da UFGD buscam apoio de Vander e da bancada contra interven\u00e7\u00e3o na institui\u00e7\u00e3o\",\"datePublished\":\"2019-10-23T21:05:43+00:00\",\"dateModified\":\"2019-10-23T22:20:34+00:00\",\"mainEntityOfPage\":{\"@id\":\"https:\\\/\\\/vanderloubet.com.br\\\/deputado\\\/representantes-da-ufgd-buscam-apoio-de-vander-e-da-bancada-contra-intervencao-na-instituicao\\\/\"},\"wordCount\":366,\"publisher\":{\"@id\":\"https:\\\/\\\/vanderloubet.com.br\\\/deputado\\\/#organization\"},\"image\":{\"@id\":\"https:\\\/\\\/vanderloubet.com.br\\\/deputado\\\/representantes-da-ufgd-buscam-apoio-de-vander-e-da-bancada-contra-intervencao-na-instituicao\\\/#primaryimage\"},\"thumbnailUrl\":\"https:\\\/\\\/vanderloubet.com.br\\\/deputado\\\/wp-content\\\/uploads\\\/2019\\\/10\\\/foto-2019-10-23-reuniao-ufgd-deputados.jpg\",\"keywords\":[\"educa\u00e7\u00e3o\",\"ensino superior\"],\"articleSection\":[\"Mato Grosso do Sul\",\"Not\u00edcias\"],\"inLanguage\":\"pt-BR\"},{\"@type\":\"WebPage\",\"@id\":\"https:\\\/\\\/vanderloubet.com.br\\\/deputado\\\/representantes-da-ufgd-buscam-apoio-de-vander-e-da-bancada-contra-intervencao-na-instituicao\\\/\",\"url\":\"https:\\\/\\\/vanderloubet.com.br\\\/deputado\\\/representantes-da-ufgd-buscam-apoio-de-vander-e-da-bancada-contra-intervencao-na-instituicao\\\/\",\"name\":\"Representantes da UFGD buscam apoio de Vander e da bancada contra interven\u00e7\u00e3o na institui\u00e7\u00e3o\",\"isPartOf\":{\"@id\":\"https:\\\/\\\/vanderloubet.com.br\\\/deputado\\\/#website\"},\"primaryImageOfPage\":{\"@id\":\"https:\\\/\\\/vanderloubet.com.br\\\/deputado\\\/representantes-da-ufgd-buscam-apoio-de-vander-e-da-bancada-contra-intervencao-na-instituicao\\\/#primaryimage\"},\"image\":{\"@id\":\"https:\\\/\\\/vanderloubet.com.br\\\/deputado\\\/representantes-da-ufgd-buscam-apoio-de-vander-e-da-bancada-contra-intervencao-na-instituicao\\\/#primaryimage\"},\"thumbnailUrl\":\"https:\\\/\\\/vanderloubet.com.br\\\/deputado\\\/wp-content\\\/uploads\\\/2019\\\/10\\\/foto-2019-10-23-reuniao-ufgd-deputados.jpg\",\"datePublished\":\"2019-10-23T21:05:43+00:00\",\"dateModified\":\"2019-10-23T22:20:34+00:00\",\"description\":\"Processo de escolha da reitoria da Universidade foi judicializado e institui\u00e7\u00e3o tem sua autonomia amea\u00e7ada, afirmam representantes da comunidade acad\u00eamica.\",\"breadcrumb\":{\"@id\":\"https:\\\/\\\/vanderloubet.com.br\\\/deputado\\\/representantes-da-ufgd-buscam-apoio-de-vander-e-da-bancada-contra-intervencao-na-instituicao\\\/#breadcrumb\"},\"inLanguage\":\"pt-BR\",\"potentialAction\":[{\"@type\":\"ReadAction\",\"target\":[\"https:\\\/\\\/vanderloubet.com.br\\\/deputado\\\/representantes-da-ufgd-buscam-apoio-de-vander-e-da-bancada-contra-intervencao-na-instituicao\\\/\"]}]},{\"@type\":\"ImageObject\",\"inLanguage\":\"pt-BR\",\"@id\":\"https:\\\/\\\/vanderloubet.com.br\\\/deputado\\\/representantes-da-ufgd-buscam-apoio-de-vander-e-da-bancada-contra-intervencao-na-instituicao\\\/#primaryimage\",\"url\":\"https:\\\/\\\/vanderloubet.com.br\\\/deputado\\\/wp-content\\\/uploads\\\/2019\\\/10\\\/foto-2019-10-23-reuniao-ufgd-deputados.jpg\",\"contentUrl\":\"https:\\\/\\\/vanderloubet.com.br\\\/deputado\\\/wp-content\\\/uploads\\\/2019\\\/10\\\/foto-2019-10-23-reuniao-ufgd-deputados.jpg\",\"width\":1080,\"height\":720,\"caption\":\"Comunidade acad\u00eamica da UFGD pediu apoio contra interven\u00e7\u00e3o e viola\u00e7\u00e3o da autonomia da Universidade\"},{\"@type\":\"BreadcrumbList\",\"@id\":\"https:\\\/\\\/vanderloubet.com.br\\\/deputado\\\/representantes-da-ufgd-buscam-apoio-de-vander-e-da-bancada-contra-intervencao-na-instituicao\\\/#breadcrumb\",\"itemListElement\":[{\"@type\":\"ListItem\",\"position\":1,\"name\":\"In\u00edcio\",\"item\":\"https:\\\/\\\/vanderloubet.com.br\\\/deputado\\\/\"},{\"@type\":\"ListItem\",\"position\":2,\"name\":\"Representantes da UFGD buscam apoio de Vander e da bancada contra interven\u00e7\u00e3o na institui\u00e7\u00e3o\"}]},{\"@type\":\"WebSite\",\"@id\":\"https:\\\/\\\/vanderloubet.com.br\\\/deputado\\\/#website\",\"url\":\"https:\\\/\\\/vanderloubet.com.br\\\/deputado\\\/\",\"name\":\"Deputado Federal Vander Loubet\",\"description\":\"O Federal de MS\",\"publisher\":{\"@id\":\"https:\\\/\\\/vanderloubet.com.br\\\/deputado\\\/#organization\"},\"alternateName\":\"Deputado Vander\",\"potentialAction\":[{\"@type\":\"SearchAction\",\"target\":{\"@type\":\"EntryPoint\",\"urlTemplate\":\"https:\\\/\\\/vanderloubet.com.br\\\/deputado\\\/?s={search_term_string}\"},\"query-input\":{\"@type\":\"PropertyValueSpecification\",\"valueRequired\":true,\"valueName\":\"search_term_string\"}}],\"inLanguage\":\"pt-BR\"},{\"@type\":\"Organization\",\"@id\":\"https:\\\/\\\/vanderloubet.com.br\\\/deputado\\\/#organization\",\"name\":\"Deputado Federal Vander Loubet\",\"alternateName\":\"Deputado Vander\",\"url\":\"https:\\\/\\\/vanderloubet.com.br\\\/deputado\\\/\",\"logo\":{\"@type\":\"ImageObject\",\"inLanguage\":\"pt-BR\",\"@id\":\"https:\\\/\\\/vanderloubet.com.br\\\/deputado\\\/#\\\/schema\\\/logo\\\/image\\\/\",\"url\":\"https:\\\/\\\/vanderloubet.com.br\\\/deputado\\\/wp-content\\\/uploads\\\/2023\\\/06\\\/foto-2023-06-19-mandato-deputado-vander.jpg\",\"contentUrl\":\"https:\\\/\\\/vanderloubet.com.br\\\/deputado\\\/wp-content\\\/uploads\\\/2023\\\/06\\\/foto-2023-06-19-mandato-deputado-vander.jpg\",\"width\":1080,\"height\":1080,\"caption\":\"Deputado Federal Vander Loubet\"},\"image\":{\"@id\":\"https:\\\/\\\/vanderloubet.com.br\\\/deputado\\\/#\\\/schema\\\/logo\\\/image\\\/\"},\"sameAs\":[\"https:\\\/\\\/facebook.com\\\/deputadovander\",\"https:\\\/\\\/x.com\\\/vanderloubet\",\"https:\\\/\\\/instagram.com\\\/vanderloubet\",\"https:\\\/\\\/youtube.com\\\/vanderloubet\",\"https:\\\/\\\/tiktok.com\\\/@vanderloubetms\"]},{\"@type\":\"Person\",\"@id\":\"https:\\\/\\\/vanderloubet.com.br\\\/deputado\\\/#\\\/schema\\\/person\\\/15b51bd564532a8a68d9dec1b8eb890e\",\"name\":\"\u00c9der\",\"image\":{\"@type\":\"ImageObject\",\"inLanguage\":\"pt-BR\",\"@id\":\"https:\\\/\\\/vanderloubet.com.br\\\/deputado\\\/wp-content\\\/litespeed\\\/avatar\\\/88ca4090d9d5ab1c9495f6ca03b68efa.jpg?ver=1777058957\",\"url\":\"https:\\\/\\\/vanderloubet.com.br\\\/deputado\\\/wp-content\\\/litespeed\\\/avatar\\\/88ca4090d9d5ab1c9495f6ca03b68efa.jpg?ver=1777058957\",\"contentUrl\":\"https:\\\/\\\/vanderloubet.com.br\\\/deputado\\\/wp-content\\\/litespeed\\\/avatar\\\/88ca4090d9d5ab1c9495f6ca03b68efa.jpg?ver=1777058957\",\"caption\":\"\u00c9der\"}}]}<\/script>\n<!-- \/ Yoast SEO plugin. -->","yoast_head_json":{"title":"Representantes da UFGD buscam apoio de Vander e da bancada contra interven\u00e7\u00e3o na institui\u00e7\u00e3o","description":"Processo de escolha da reitoria da Universidade foi judicializado e institui\u00e7\u00e3o tem sua autonomia amea\u00e7ada, afirmam representantes da comunidade acad\u00eamica.","robots":{"index":"index","follow":"follow","max-snippet":"max-snippet:-1","max-image-preview":"max-image-preview:large","max-video-preview":"max-video-preview:-1"},"canonical":"https:\/\/vanderloubet.com.br\/deputado\/representantes-da-ufgd-buscam-apoio-de-vander-e-da-bancada-contra-intervencao-na-instituicao\/","og_locale":"pt_BR","og_type":"article","og_title":"Representantes da UFGD buscam apoio de Vander e da bancada contra interven\u00e7\u00e3o na institui\u00e7\u00e3o","og_description":"Processo de escolha da reitoria da Universidade foi judicializado e institui\u00e7\u00e3o tem sua autonomia amea\u00e7ada, afirmam representantes da comunidade acad\u00eamica.","og_url":"https:\/\/vanderloubet.com.br\/deputado\/representantes-da-ufgd-buscam-apoio-de-vander-e-da-bancada-contra-intervencao-na-instituicao\/","og_site_name":"Deputado Federal Vander Loubet","article_publisher":"https:\/\/facebook.com\/deputadovander","article_published_time":"2019-10-23T21:05:43+00:00","article_modified_time":"2019-10-23T22:20:34+00:00","og_image":[{"width":1080,"height":720,"url":"https:\/\/vanderloubet.com.br\/deputado\/wp-content\/uploads\/2019\/10\/foto-2019-10-23-reuniao-ufgd-deputados.jpg","type":"image\/jpeg"}],"author":"\u00c9der","twitter_card":"summary_large_image","twitter_creator":"@vanderloubet","twitter_site":"@vanderloubet","schema":{"@context":"https:\/\/schema.org","@graph":[{"@type":"Article","@id":"https:\/\/vanderloubet.com.br\/deputado\/representantes-da-ufgd-buscam-apoio-de-vander-e-da-bancada-contra-intervencao-na-instituicao\/#article","isPartOf":{"@id":"https:\/\/vanderloubet.com.br\/deputado\/representantes-da-ufgd-buscam-apoio-de-vander-e-da-bancada-contra-intervencao-na-instituicao\/"},"author":{"name":"\u00c9der","@id":"https:\/\/vanderloubet.com.br\/deputado\/#\/schema\/person\/15b51bd564532a8a68d9dec1b8eb890e"},"headline":"Representantes da UFGD buscam apoio de Vander e da bancada contra interven\u00e7\u00e3o na institui\u00e7\u00e3o","datePublished":"2019-10-23T21:05:43+00:00","dateModified":"2019-10-23T22:20:34+00:00","mainEntityOfPage":{"@id":"https:\/\/vanderloubet.com.br\/deputado\/representantes-da-ufgd-buscam-apoio-de-vander-e-da-bancada-contra-intervencao-na-instituicao\/"},"wordCount":366,"publisher":{"@id":"https:\/\/vanderloubet.com.br\/deputado\/#organization"},"image":{"@id":"https:\/\/vanderloubet.com.br\/deputado\/representantes-da-ufgd-buscam-apoio-de-vander-e-da-bancada-contra-intervencao-na-instituicao\/#primaryimage"},"thumbnailUrl":"https:\/\/vanderloubet.com.br\/deputado\/wp-content\/uploads\/2019\/10\/foto-2019-10-23-reuniao-ufgd-deputados.jpg","keywords":["educa\u00e7\u00e3o","ensino superior"],"articleSection":["Mato Grosso do Sul","Not\u00edcias"],"inLanguage":"pt-BR"},{"@type":"WebPage","@id":"https:\/\/vanderloubet.com.br\/deputado\/representantes-da-ufgd-buscam-apoio-de-vander-e-da-bancada-contra-intervencao-na-instituicao\/","url":"https:\/\/vanderloubet.com.br\/deputado\/representantes-da-ufgd-buscam-apoio-de-vander-e-da-bancada-contra-intervencao-na-instituicao\/","name":"Representantes da UFGD buscam apoio de Vander e da bancada contra interven\u00e7\u00e3o na institui\u00e7\u00e3o","isPartOf":{"@id":"https:\/\/vanderloubet.com.br\/deputado\/#website"},"primaryImageOfPage":{"@id":"https:\/\/vanderloubet.com.br\/deputado\/representantes-da-ufgd-buscam-apoio-de-vander-e-da-bancada-contra-intervencao-na-instituicao\/#primaryimage"},"image":{"@id":"https:\/\/vanderloubet.com.br\/deputado\/representantes-da-ufgd-buscam-apoio-de-vander-e-da-bancada-contra-intervencao-na-instituicao\/#primaryimage"},"thumbnailUrl":"https:\/\/vanderloubet.com.br\/deputado\/wp-content\/uploads\/2019\/10\/foto-2019-10-23-reuniao-ufgd-deputados.jpg","datePublished":"2019-10-23T21:05:43+00:00","dateModified":"2019-10-23T22:20:34+00:00","description":"Processo de escolha da reitoria da Universidade foi judicializado e institui\u00e7\u00e3o tem sua autonomia amea\u00e7ada, afirmam representantes da comunidade acad\u00eamica.","breadcrumb":{"@id":"https:\/\/vanderloubet.com.br\/deputado\/representantes-da-ufgd-buscam-apoio-de-vander-e-da-bancada-contra-intervencao-na-instituicao\/#breadcrumb"},"inLanguage":"pt-BR","potentialAction":[{"@type":"ReadAction","target":["https:\/\/vanderloubet.com.br\/deputado\/representantes-da-ufgd-buscam-apoio-de-vander-e-da-bancada-contra-intervencao-na-instituicao\/"]}]},{"@type":"ImageObject","inLanguage":"pt-BR","@id":"https:\/\/vanderloubet.com.br\/deputado\/representantes-da-ufgd-buscam-apoio-de-vander-e-da-bancada-contra-intervencao-na-instituicao\/#primaryimage","url":"https:\/\/vanderloubet.com.br\/deputado\/wp-content\/uploads\/2019\/10\/foto-2019-10-23-reuniao-ufgd-deputados.jpg","contentUrl":"https:\/\/vanderloubet.com.br\/deputado\/wp-content\/uploads\/2019\/10\/foto-2019-10-23-reuniao-ufgd-deputados.jpg","width":1080,"height":720,"caption":"Comunidade acad\u00eamica da UFGD pediu apoio contra interven\u00e7\u00e3o e viola\u00e7\u00e3o da autonomia da Universidade"},{"@type":"BreadcrumbList","@id":"https:\/\/vanderloubet.com.br\/deputado\/representantes-da-ufgd-buscam-apoio-de-vander-e-da-bancada-contra-intervencao-na-instituicao\/#breadcrumb","itemListElement":[{"@type":"ListItem","position":1,"name":"In\u00edcio","item":"https:\/\/vanderloubet.com.br\/deputado\/"},{"@type":"ListItem","position":2,"name":"Representantes da UFGD buscam apoio de Vander e da bancada contra interven\u00e7\u00e3o na institui\u00e7\u00e3o"}]},{"@type":"WebSite","@id":"https:\/\/vanderloubet.com.br\/deputado\/#website","url":"https:\/\/vanderloubet.com.br\/deputado\/","name":"Deputado Federal Vander Loubet","description":"O Federal de MS","publisher":{"@id":"https:\/\/vanderloubet.com.br\/deputado\/#organization"},"alternateName":"Deputado Vander","potentialAction":[{"@type":"SearchAction","target":{"@type":"EntryPoint","urlTemplate":"https:\/\/vanderloubet.com.br\/deputado\/?s={search_term_string}"},"query-input":{"@type":"PropertyValueSpecification","valueRequired":true,"valueName":"search_term_string"}}],"inLanguage":"pt-BR"},{"@type":"Organization","@id":"https:\/\/vanderloubet.com.br\/deputado\/#organization","name":"Deputado Federal Vander Loubet","alternateName":"Deputado Vander","url":"https:\/\/vanderloubet.com.br\/deputado\/","logo":{"@type":"ImageObject","inLanguage":"pt-BR","@id":"https:\/\/vanderloubet.com.br\/deputado\/#\/schema\/logo\/image\/","url":"https:\/\/vanderloubet.com.br\/deputado\/wp-content\/uploads\/2023\/06\/foto-2023-06-19-mandato-deputado-vander.jpg","contentUrl":"https:\/\/vanderloubet.com.br\/deputado\/wp-content\/uploads\/2023\/06\/foto-2023-06-19-mandato-deputado-vander.jpg","width":1080,"height":1080,"caption":"Deputado Federal Vander Loubet"},"image":{"@id":"https:\/\/vanderloubet.com.br\/deputado\/#\/schema\/logo\/image\/"},"sameAs":["https:\/\/facebook.com\/deputadovander","https:\/\/x.com\/vanderloubet","https:\/\/instagram.com\/vanderloubet","https:\/\/youtube.com\/vanderloubet","https:\/\/tiktok.com\/@vanderloubetms"]},{"@type":"Person","@id":"https:\/\/vanderloubet.com.br\/deputado\/#\/schema\/person\/15b51bd564532a8a68d9dec1b8eb890e","name":"\u00c9der","image":{"@type":"ImageObject","inLanguage":"pt-BR","@id":"https:\/\/vanderloubet.com.br\/deputado\/wp-content\/litespeed\/avatar\/88ca4090d9d5ab1c9495f6ca03b68efa.jpg?ver=1777058957","url":"https:\/\/vanderloubet.com.br\/deputado\/wp-content\/litespeed\/avatar\/88ca4090d9d5ab1c9495f6ca03b68efa.jpg?ver=1777058957","contentUrl":"https:\/\/vanderloubet.com.br\/deputado\/wp-content\/litespeed\/avatar\/88ca4090d9d5ab1c9495f6ca03b68efa.jpg?ver=1777058957","caption":"\u00c9der"}}]}},"jetpack_featured_media_url":"https:\/\/vanderloubet.com.br\/deputado\/wp-content\/uploads\/2019\/10\/foto-2019-10-23-reuniao-ufgd-deputados.jpg","jetpack_sharing_enabled":true,"_links":{"self":[{"href":"https:\/\/vanderloubet.com.br\/deputado\/wp-json\/wp\/v2\/posts\/16047","targetHints":{"allow":["GET"]}}],"collection":[{"href":"https:\/\/vanderloubet.com.br\/deputado\/wp-json\/wp\/v2\/posts"}],"about":[{"href":"https:\/\/vanderloubet.com.br\/deputado\/wp-json\/wp\/v2\/types\/post"}],"author":[{"embeddable":true,"href":"https:\/\/vanderloubet.com.br\/deputado\/wp-json\/wp\/v2\/users\/2"}],"replies":[{"embeddable":true,"href":"https:\/\/vanderloubet.com.br\/deputado\/wp-json\/wp\/v2\/comments?post=16047"}],"version-history":[{"count":0,"href":"https:\/\/vanderloubet.com.br\/deputado\/wp-json\/wp\/v2\/posts\/16047\/revisions"}],"wp:featuredmedia":[{"embeddable":true,"href":"https:\/\/vanderloubet.com.br\/deputado\/wp-json\/wp\/v2\/media\/16048"}],"wp:attachment":[{"href":"https:\/\/vanderloubet.com.br\/deputado\/wp-json\/wp\/v2\/media?parent=16047"}],"wp:term":[{"taxonomy":"category","embeddable":true,"href":"https:\/\/vanderloubet.com.br\/deputado\/wp-json\/wp\/v2\/categories?post=16047"},{"taxonomy":"post_tag","embeddable":true,"href":"https:\/\/vanderloubet.com.br\/deputado\/wp-json\/wp\/v2\/tags?post=16047"}],"curies":[{"name":"wp","href":"https:\/\/api.w.org\/{rel}","templated":true}]}}