{"id":16025,"date":"2019-10-17T11:38:45","date_gmt":"2019-10-17T15:38:45","guid":{"rendered":"http:\/\/vanderloubet.com.br\/deputado\/?p=16025"},"modified":"2021-03-03T14:22:10","modified_gmt":"2021-03-03T18:22:10","slug":"com-acao-decisiva-de-vander-ms-tem-novo-aporte-de-recursos-federais-para-2020","status":"publish","type":"post","link":"https:\/\/vanderloubet.com.br\/deputado\/com-acao-decisiva-de-vander-ms-tem-novo-aporte-de-recursos-federais-para-2020\/","title":{"rendered":"Com a\u00e7\u00e3o decisiva de Vander, MS tem novo aporte de recursos federais para 2020"},"content":{"rendered":"<p><em><strong>Bancada do estado em Bras\u00edlia desempenhou articula\u00e7\u00e3o vitoriosa, avalia o deputado petista<\/strong><\/em><\/p>\n<p>Al\u00e9m de assegurar reservas financeiras impositivas no Or\u00e7amento Geral da Uni\u00e3o de 2020 para Mato Grosso do Sul, a bancada federal do estado garantiu socorro providencial para Campo Grande e atendeu pleitos que s\u00e3o priorizados pelo prefeito Marquinhos Trad (PSD). Na quarta-feira (16), em Bras\u00edlia, o prefeito reuniu-se com os parlamentares e foi informado das boas not\u00edcias que j\u00e1 trouxe para a Capital, al\u00e9m de comemorar os benef\u00edcios que j\u00e1 est\u00e3o consolidados para os demais munic\u00edpios.<\/p>\n<p>O deputado federal Vander Loubet (PT) destacou o empenho suprapartid\u00e1rio de todos os congressistas, considerando que a unidade e o esfor\u00e7o da bancada foram fatores determinantes para materializar a expectativa de melhorar as dota\u00e7\u00f5es or\u00e7ament\u00e1rias da Uni\u00e3o para Mato Grosso do Sul.<\/p>\n<p>&#8220;Foi um trabalho de f\u00f4lego, coletivo. Todos se empenharam&#8221;, credita o parlamentar. &#8220;O interesse que prevalece \u00e9 da popula\u00e7\u00e3o, dos munic\u00edpios. As cores ideol\u00f3gicas e pol\u00edticas n\u00e3o entram nesse processo. Por isso, Mato Grosso do Sul sai vitorioso desta verdadeira batalha&#8221;, salientou Vander.<\/p>\n<p><strong>Lista<\/strong> &#8211; O volume de recursos j\u00e1 carimbados para Mato Grosso do Sul nesta vitoriosa iniciativa parlamentar totaliza R$ 247,6 milh\u00f5es. Campo Grande obteve, em dota\u00e7\u00f5es para pol\u00edticas publicas setoriais, R$ 100,1 milh\u00f5es, que ser\u00e3o investidos assim: R$ R$ 20 milh\u00f5es na rede p\u00fablica de sa\u00fade, R$ 10,1 milh\u00f5es para a agricultura familiar e R$ 70 milh\u00f5es para infraestrutura urbana.<\/p>\n<p>A lista de recursos e a\u00e7\u00f5es contempladas prev\u00ea para o Estado: na sa\u00fade, R$ 15 milh\u00f5es destinados \u00e0 compra de equipamentos, R$ 7,5 milh\u00f5es para a aquisi\u00e7\u00e3o de caminh\u00f5es de coleta de lixo pela regional da Funasa e R$ 5 milh\u00f5es para o Distrito Sanit\u00e1rio Especial Ind\u00edgena (Dsei) atender as demandas de abastecimento de \u00e1gua e reforma de postos de sa\u00fade nas aldeias.<\/p>\n<p>Na educa\u00e7\u00e3o, R$ 15 milh\u00f5es est\u00e3o assegurados para a compra de \u00f4nibus escolares e ainda R$ 12 milh\u00f5es para a Universidade Estadual (Uems), enquanto que a agricultura familiar ter\u00e1 R$ 15 milh\u00f5es para adquirir equipamentos. Para aparelhar a seguran\u00e7a, foram destinados R$ 15 milh\u00f5es. Outros R$ 10 milh\u00f5es ser\u00e3o aplicados na constru\u00e7\u00e3o da Academia da Pol\u00edcia Militar.<\/p>\n<p>O setor de infraestrutura no estado acrescentou em sua planilha de investimentos R$ 15 milh\u00f5es para a constru\u00e7\u00e3o de contorno vi\u00e1rio em Tr\u00eas Lagoas, R$ 28 milh\u00f5es para o Dnit aplicar na manuten\u00e7\u00e3o das BRs 267 e 262, com abrang\u00eancia na \u00e1rea de influ\u00eancia do Corredor Bioce\u00e2nico, e R$ 5 milh\u00f5es para obras no aeroporto de Dourados.<\/p>\n<p>A bancada garantiu ainda R$ 5 milh\u00f5es para a Empresa Brasileira de Servi\u00e7os Hospitalares (Ebserh), que atende os hospitais universit\u00e1rios de Campo Grande (ligado \u00e0 UFMS) e de Dourados (ligado \u00e0 UFGD).<\/p>\n<p><em>(Texto: Edson Moraes &#8211; Edi\u00e7\u00e3o: \u00c9der F. Yanaguita)<\/em><\/p>\n","protected":false},"excerpt":{"rendered":"<p>Bancada do estado em Bras\u00edlia desempenhou articula\u00e7\u00e3o vitoriosa, avalia o deputado petista.<\/p>\n","protected":false},"author":2,"featured_media":16020,"comment_status":"closed","ping_status":"closed","sticky":false,"template":"","format":"standard","meta":{"jetpack_post_was_ever_published":false,"_jetpack_newsletter_access":"","_jetpack_dont_email_post_to_subs":false,"_jetpack_newsletter_tier_id":0,"_jetpack_memberships_contains_paywalled_content":false,"_jetpack_memberships_contains_paid_content":false,"footnotes":""},"categories":[2097,10],"tags":[2132,697,2429,2127,2371,2334,1803,2220],"class_list":{"0":"post-16025","1":"post","2":"type-post","3":"status-publish","4":"format-standard","5":"has-post-thumbnail","7":"category-municipios-noticias","8":"category-noticias","9":"tag-agricultura-familiar","10":"tag-educacao","11":"tag-emenda-de-bancada","12":"tag-emenda-parlamentar","13":"tag-infraestrutura-rodoviaria","14":"tag-infraestrutura-urbana","15":"tag-saude","16":"tag-seguranca-publica"},"yoast_head":"<!-- This site is optimized with the Yoast SEO plugin v27.4 - https:\/\/yoast.com\/product\/yoast-seo-wordpress\/ -->\n<title>Com a\u00e7\u00e3o decisiva de Vander, MS tem novo aporte de recursos federais para 2020<\/title>\n<meta name=\"description\" content=\"Bancada de Mato Grosso do Sul no Congresso Nacional desempenhou articula\u00e7\u00e3o vitoriosa, avalia o deputado federal Vander Loubet.\" \/>\n<meta name=\"robots\" content=\"index, follow, max-snippet:-1, max-image-preview:large, max-video-preview:-1\" \/>\n<link rel=\"canonical\" href=\"https:\/\/vanderloubet.com.br\/deputado\/com-acao-decisiva-de-vander-ms-tem-novo-aporte-de-recursos-federais-para-2020\/\" \/>\n<meta property=\"og:locale\" content=\"pt_BR\" \/>\n<meta property=\"og:type\" content=\"article\" \/>\n<meta property=\"og:title\" content=\"Com a\u00e7\u00e3o decisiva de Vander, MS tem novo aporte de recursos federais para 2020\" \/>\n<meta property=\"og:description\" content=\"Bancada de Mato Grosso do Sul no Congresso Nacional desempenhou articula\u00e7\u00e3o vitoriosa, avalia o deputado federal Vander Loubet.\" \/>\n<meta property=\"og:url\" content=\"https:\/\/vanderloubet.com.br\/deputado\/com-acao-decisiva-de-vander-ms-tem-novo-aporte-de-recursos-federais-para-2020\/\" \/>\n<meta property=\"og:site_name\" content=\"Deputado Federal Vander Loubet\" \/>\n<meta property=\"article:publisher\" content=\"https:\/\/facebook.com\/deputadovander\" \/>\n<meta property=\"article:published_time\" content=\"2019-10-17T15:38:45+00:00\" \/>\n<meta property=\"article:modified_time\" content=\"2021-03-03T18:22:10+00:00\" \/>\n<meta property=\"og:image\" content=\"https:\/\/vanderloubet.com.br\/deputado\/wp-content\/uploads\/2019\/10\/foto-2019-10-17-reuniao-bancada-federal-ms-1.jpg\" \/>\n\t<meta property=\"og:image:width\" content=\"960\" \/>\n\t<meta property=\"og:image:height\" content=\"720\" \/>\n\t<meta property=\"og:image:type\" content=\"image\/jpeg\" \/>\n<meta name=\"author\" content=\"\u00c9der\" \/>\n<meta name=\"twitter:card\" content=\"summary_large_image\" \/>\n<meta name=\"twitter:creator\" content=\"@vanderloubet\" \/>\n<meta name=\"twitter:site\" content=\"@vanderloubet\" \/>\n<script type=\"application\/ld+json\" class=\"yoast-schema-graph\">{\"@context\":\"https:\\\/\\\/schema.org\",\"@graph\":[{\"@type\":\"Article\",\"@id\":\"https:\\\/\\\/vanderloubet.com.br\\\/deputado\\\/com-acao-decisiva-de-vander-ms-tem-novo-aporte-de-recursos-federais-para-2020\\\/#article\",\"isPartOf\":{\"@id\":\"https:\\\/\\\/vanderloubet.com.br\\\/deputado\\\/com-acao-decisiva-de-vander-ms-tem-novo-aporte-de-recursos-federais-para-2020\\\/\"},\"author\":{\"name\":\"\u00c9der\",\"@id\":\"https:\\\/\\\/vanderloubet.com.br\\\/deputado\\\/#\\\/schema\\\/person\\\/15b51bd564532a8a68d9dec1b8eb890e\"},\"headline\":\"Com a\u00e7\u00e3o decisiva de Vander, MS tem novo aporte de recursos federais para 2020\",\"datePublished\":\"2019-10-17T15:38:45+00:00\",\"dateModified\":\"2021-03-03T18:22:10+00:00\",\"mainEntityOfPage\":{\"@id\":\"https:\\\/\\\/vanderloubet.com.br\\\/deputado\\\/com-acao-decisiva-de-vander-ms-tem-novo-aporte-de-recursos-federais-para-2020\\\/\"},\"wordCount\":508,\"publisher\":{\"@id\":\"https:\\\/\\\/vanderloubet.com.br\\\/deputado\\\/#organization\"},\"image\":{\"@id\":\"https:\\\/\\\/vanderloubet.com.br\\\/deputado\\\/com-acao-decisiva-de-vander-ms-tem-novo-aporte-de-recursos-federais-para-2020\\\/#primaryimage\"},\"thumbnailUrl\":\"https:\\\/\\\/vanderloubet.com.br\\\/deputado\\\/wp-content\\\/uploads\\\/2019\\\/10\\\/foto-2019-10-17-reuniao-bancada-federal-ms-1.jpg\",\"keywords\":[\"agricultura familiar\",\"educa\u00e7\u00e3o\",\"emenda de bancada\",\"emenda parlamentar\",\"infraestrutura rodovi\u00e1ria\",\"infraestrutura urbana\",\"sa\u00fade\",\"seguran\u00e7a p\u00fablica\"],\"articleSection\":[\"Munic\u00edpios\",\"Not\u00edcias\"],\"inLanguage\":\"pt-BR\"},{\"@type\":\"WebPage\",\"@id\":\"https:\\\/\\\/vanderloubet.com.br\\\/deputado\\\/com-acao-decisiva-de-vander-ms-tem-novo-aporte-de-recursos-federais-para-2020\\\/\",\"url\":\"https:\\\/\\\/vanderloubet.com.br\\\/deputado\\\/com-acao-decisiva-de-vander-ms-tem-novo-aporte-de-recursos-federais-para-2020\\\/\",\"name\":\"Com a\u00e7\u00e3o decisiva de Vander, MS tem novo aporte de recursos federais para 2020\",\"isPartOf\":{\"@id\":\"https:\\\/\\\/vanderloubet.com.br\\\/deputado\\\/#website\"},\"primaryImageOfPage\":{\"@id\":\"https:\\\/\\\/vanderloubet.com.br\\\/deputado\\\/com-acao-decisiva-de-vander-ms-tem-novo-aporte-de-recursos-federais-para-2020\\\/#primaryimage\"},\"image\":{\"@id\":\"https:\\\/\\\/vanderloubet.com.br\\\/deputado\\\/com-acao-decisiva-de-vander-ms-tem-novo-aporte-de-recursos-federais-para-2020\\\/#primaryimage\"},\"thumbnailUrl\":\"https:\\\/\\\/vanderloubet.com.br\\\/deputado\\\/wp-content\\\/uploads\\\/2019\\\/10\\\/foto-2019-10-17-reuniao-bancada-federal-ms-1.jpg\",\"datePublished\":\"2019-10-17T15:38:45+00:00\",\"dateModified\":\"2021-03-03T18:22:10+00:00\",\"description\":\"Bancada de Mato Grosso do Sul no Congresso Nacional desempenhou articula\u00e7\u00e3o vitoriosa, avalia o deputado federal Vander Loubet.\",\"breadcrumb\":{\"@id\":\"https:\\\/\\\/vanderloubet.com.br\\\/deputado\\\/com-acao-decisiva-de-vander-ms-tem-novo-aporte-de-recursos-federais-para-2020\\\/#breadcrumb\"},\"inLanguage\":\"pt-BR\",\"potentialAction\":[{\"@type\":\"ReadAction\",\"target\":[\"https:\\\/\\\/vanderloubet.com.br\\\/deputado\\\/com-acao-decisiva-de-vander-ms-tem-novo-aporte-de-recursos-federais-para-2020\\\/\"]}]},{\"@type\":\"ImageObject\",\"inLanguage\":\"pt-BR\",\"@id\":\"https:\\\/\\\/vanderloubet.com.br\\\/deputado\\\/com-acao-decisiva-de-vander-ms-tem-novo-aporte-de-recursos-federais-para-2020\\\/#primaryimage\",\"url\":\"https:\\\/\\\/vanderloubet.com.br\\\/deputado\\\/wp-content\\\/uploads\\\/2019\\\/10\\\/foto-2019-10-17-reuniao-bancada-federal-ms-1.jpg\",\"contentUrl\":\"https:\\\/\\\/vanderloubet.com.br\\\/deputado\\\/wp-content\\\/uploads\\\/2019\\\/10\\\/foto-2019-10-17-reuniao-bancada-federal-ms-1.jpg\",\"width\":960,\"height\":720,\"caption\":\"Vander destacou unidade da bancada em torno das indica\u00e7\u00f5es das emendas coletivas para 2020\"},{\"@type\":\"BreadcrumbList\",\"@id\":\"https:\\\/\\\/vanderloubet.com.br\\\/deputado\\\/com-acao-decisiva-de-vander-ms-tem-novo-aporte-de-recursos-federais-para-2020\\\/#breadcrumb\",\"itemListElement\":[{\"@type\":\"ListItem\",\"position\":1,\"name\":\"In\u00edcio\",\"item\":\"https:\\\/\\\/vanderloubet.com.br\\\/deputado\\\/\"},{\"@type\":\"ListItem\",\"position\":2,\"name\":\"Com a\u00e7\u00e3o decisiva de Vander, MS tem novo aporte de recursos federais para 2020\"}]},{\"@type\":\"WebSite\",\"@id\":\"https:\\\/\\\/vanderloubet.com.br\\\/deputado\\\/#website\",\"url\":\"https:\\\/\\\/vanderloubet.com.br\\\/deputado\\\/\",\"name\":\"Deputado Federal Vander Loubet\",\"description\":\"O Federal de MS\",\"publisher\":{\"@id\":\"https:\\\/\\\/vanderloubet.com.br\\\/deputado\\\/#organization\"},\"alternateName\":\"Deputado Vander\",\"potentialAction\":[{\"@type\":\"SearchAction\",\"target\":{\"@type\":\"EntryPoint\",\"urlTemplate\":\"https:\\\/\\\/vanderloubet.com.br\\\/deputado\\\/?s={search_term_string}\"},\"query-input\":{\"@type\":\"PropertyValueSpecification\",\"valueRequired\":true,\"valueName\":\"search_term_string\"}}],\"inLanguage\":\"pt-BR\"},{\"@type\":\"Organization\",\"@id\":\"https:\\\/\\\/vanderloubet.com.br\\\/deputado\\\/#organization\",\"name\":\"Deputado Federal Vander Loubet\",\"alternateName\":\"Deputado Vander\",\"url\":\"https:\\\/\\\/vanderloubet.com.br\\\/deputado\\\/\",\"logo\":{\"@type\":\"ImageObject\",\"inLanguage\":\"pt-BR\",\"@id\":\"https:\\\/\\\/vanderloubet.com.br\\\/deputado\\\/#\\\/schema\\\/logo\\\/image\\\/\",\"url\":\"https:\\\/\\\/vanderloubet.com.br\\\/deputado\\\/wp-content\\\/uploads\\\/2023\\\/06\\\/foto-2023-06-19-mandato-deputado-vander.jpg\",\"contentUrl\":\"https:\\\/\\\/vanderloubet.com.br\\\/deputado\\\/wp-content\\\/uploads\\\/2023\\\/06\\\/foto-2023-06-19-mandato-deputado-vander.jpg\",\"width\":1080,\"height\":1080,\"caption\":\"Deputado Federal Vander Loubet\"},\"image\":{\"@id\":\"https:\\\/\\\/vanderloubet.com.br\\\/deputado\\\/#\\\/schema\\\/logo\\\/image\\\/\"},\"sameAs\":[\"https:\\\/\\\/facebook.com\\\/deputadovander\",\"https:\\\/\\\/x.com\\\/vanderloubet\",\"https:\\\/\\\/instagram.com\\\/vanderloubet\",\"https:\\\/\\\/youtube.com\\\/vanderloubet\",\"https:\\\/\\\/tiktok.com\\\/@vanderloubetms\"]},{\"@type\":\"Person\",\"@id\":\"https:\\\/\\\/vanderloubet.com.br\\\/deputado\\\/#\\\/schema\\\/person\\\/15b51bd564532a8a68d9dec1b8eb890e\",\"name\":\"\u00c9der\",\"image\":{\"@type\":\"ImageObject\",\"inLanguage\":\"pt-BR\",\"@id\":\"https:\\\/\\\/vanderloubet.com.br\\\/deputado\\\/wp-content\\\/litespeed\\\/avatar\\\/88ca4090d9d5ab1c9495f6ca03b68efa.jpg?ver=1777058957\",\"url\":\"https:\\\/\\\/vanderloubet.com.br\\\/deputado\\\/wp-content\\\/litespeed\\\/avatar\\\/88ca4090d9d5ab1c9495f6ca03b68efa.jpg?ver=1777058957\",\"contentUrl\":\"https:\\\/\\\/vanderloubet.com.br\\\/deputado\\\/wp-content\\\/litespeed\\\/avatar\\\/88ca4090d9d5ab1c9495f6ca03b68efa.jpg?ver=1777058957\",\"caption\":\"\u00c9der\"}}]}<\/script>\n<!-- \/ Yoast SEO plugin. -->","yoast_head_json":{"title":"Com a\u00e7\u00e3o decisiva de Vander, MS tem novo aporte de recursos federais para 2020","description":"Bancada de Mato Grosso do Sul no Congresso Nacional desempenhou articula\u00e7\u00e3o vitoriosa, avalia o deputado federal Vander Loubet.","robots":{"index":"index","follow":"follow","max-snippet":"max-snippet:-1","max-image-preview":"max-image-preview:large","max-video-preview":"max-video-preview:-1"},"canonical":"https:\/\/vanderloubet.com.br\/deputado\/com-acao-decisiva-de-vander-ms-tem-novo-aporte-de-recursos-federais-para-2020\/","og_locale":"pt_BR","og_type":"article","og_title":"Com a\u00e7\u00e3o decisiva de Vander, MS tem novo aporte de recursos federais para 2020","og_description":"Bancada de Mato Grosso do Sul no Congresso Nacional desempenhou articula\u00e7\u00e3o vitoriosa, avalia o deputado federal Vander Loubet.","og_url":"https:\/\/vanderloubet.com.br\/deputado\/com-acao-decisiva-de-vander-ms-tem-novo-aporte-de-recursos-federais-para-2020\/","og_site_name":"Deputado Federal Vander Loubet","article_publisher":"https:\/\/facebook.com\/deputadovander","article_published_time":"2019-10-17T15:38:45+00:00","article_modified_time":"2021-03-03T18:22:10+00:00","og_image":[{"width":960,"height":720,"url":"https:\/\/vanderloubet.com.br\/deputado\/wp-content\/uploads\/2019\/10\/foto-2019-10-17-reuniao-bancada-federal-ms-1.jpg","type":"image\/jpeg"}],"author":"\u00c9der","twitter_card":"summary_large_image","twitter_creator":"@vanderloubet","twitter_site":"@vanderloubet","schema":{"@context":"https:\/\/schema.org","@graph":[{"@type":"Article","@id":"https:\/\/vanderloubet.com.br\/deputado\/com-acao-decisiva-de-vander-ms-tem-novo-aporte-de-recursos-federais-para-2020\/#article","isPartOf":{"@id":"https:\/\/vanderloubet.com.br\/deputado\/com-acao-decisiva-de-vander-ms-tem-novo-aporte-de-recursos-federais-para-2020\/"},"author":{"name":"\u00c9der","@id":"https:\/\/vanderloubet.com.br\/deputado\/#\/schema\/person\/15b51bd564532a8a68d9dec1b8eb890e"},"headline":"Com a\u00e7\u00e3o decisiva de Vander, MS tem novo aporte de recursos federais para 2020","datePublished":"2019-10-17T15:38:45+00:00","dateModified":"2021-03-03T18:22:10+00:00","mainEntityOfPage":{"@id":"https:\/\/vanderloubet.com.br\/deputado\/com-acao-decisiva-de-vander-ms-tem-novo-aporte-de-recursos-federais-para-2020\/"},"wordCount":508,"publisher":{"@id":"https:\/\/vanderloubet.com.br\/deputado\/#organization"},"image":{"@id":"https:\/\/vanderloubet.com.br\/deputado\/com-acao-decisiva-de-vander-ms-tem-novo-aporte-de-recursos-federais-para-2020\/#primaryimage"},"thumbnailUrl":"https:\/\/vanderloubet.com.br\/deputado\/wp-content\/uploads\/2019\/10\/foto-2019-10-17-reuniao-bancada-federal-ms-1.jpg","keywords":["agricultura familiar","educa\u00e7\u00e3o","emenda de bancada","emenda parlamentar","infraestrutura rodovi\u00e1ria","infraestrutura urbana","sa\u00fade","seguran\u00e7a p\u00fablica"],"articleSection":["Munic\u00edpios","Not\u00edcias"],"inLanguage":"pt-BR"},{"@type":"WebPage","@id":"https:\/\/vanderloubet.com.br\/deputado\/com-acao-decisiva-de-vander-ms-tem-novo-aporte-de-recursos-federais-para-2020\/","url":"https:\/\/vanderloubet.com.br\/deputado\/com-acao-decisiva-de-vander-ms-tem-novo-aporte-de-recursos-federais-para-2020\/","name":"Com a\u00e7\u00e3o decisiva de Vander, MS tem novo aporte de recursos federais para 2020","isPartOf":{"@id":"https:\/\/vanderloubet.com.br\/deputado\/#website"},"primaryImageOfPage":{"@id":"https:\/\/vanderloubet.com.br\/deputado\/com-acao-decisiva-de-vander-ms-tem-novo-aporte-de-recursos-federais-para-2020\/#primaryimage"},"image":{"@id":"https:\/\/vanderloubet.com.br\/deputado\/com-acao-decisiva-de-vander-ms-tem-novo-aporte-de-recursos-federais-para-2020\/#primaryimage"},"thumbnailUrl":"https:\/\/vanderloubet.com.br\/deputado\/wp-content\/uploads\/2019\/10\/foto-2019-10-17-reuniao-bancada-federal-ms-1.jpg","datePublished":"2019-10-17T15:38:45+00:00","dateModified":"2021-03-03T18:22:10+00:00","description":"Bancada de Mato Grosso do Sul no Congresso Nacional desempenhou articula\u00e7\u00e3o vitoriosa, avalia o deputado federal Vander Loubet.","breadcrumb":{"@id":"https:\/\/vanderloubet.com.br\/deputado\/com-acao-decisiva-de-vander-ms-tem-novo-aporte-de-recursos-federais-para-2020\/#breadcrumb"},"inLanguage":"pt-BR","potentialAction":[{"@type":"ReadAction","target":["https:\/\/vanderloubet.com.br\/deputado\/com-acao-decisiva-de-vander-ms-tem-novo-aporte-de-recursos-federais-para-2020\/"]}]},{"@type":"ImageObject","inLanguage":"pt-BR","@id":"https:\/\/vanderloubet.com.br\/deputado\/com-acao-decisiva-de-vander-ms-tem-novo-aporte-de-recursos-federais-para-2020\/#primaryimage","url":"https:\/\/vanderloubet.com.br\/deputado\/wp-content\/uploads\/2019\/10\/foto-2019-10-17-reuniao-bancada-federal-ms-1.jpg","contentUrl":"https:\/\/vanderloubet.com.br\/deputado\/wp-content\/uploads\/2019\/10\/foto-2019-10-17-reuniao-bancada-federal-ms-1.jpg","width":960,"height":720,"caption":"Vander destacou unidade da bancada em torno das indica\u00e7\u00f5es das emendas coletivas para 2020"},{"@type":"BreadcrumbList","@id":"https:\/\/vanderloubet.com.br\/deputado\/com-acao-decisiva-de-vander-ms-tem-novo-aporte-de-recursos-federais-para-2020\/#breadcrumb","itemListElement":[{"@type":"ListItem","position":1,"name":"In\u00edcio","item":"https:\/\/vanderloubet.com.br\/deputado\/"},{"@type":"ListItem","position":2,"name":"Com a\u00e7\u00e3o decisiva de Vander, MS tem novo aporte de recursos federais para 2020"}]},{"@type":"WebSite","@id":"https:\/\/vanderloubet.com.br\/deputado\/#website","url":"https:\/\/vanderloubet.com.br\/deputado\/","name":"Deputado Federal Vander Loubet","description":"O Federal de MS","publisher":{"@id":"https:\/\/vanderloubet.com.br\/deputado\/#organization"},"alternateName":"Deputado Vander","potentialAction":[{"@type":"SearchAction","target":{"@type":"EntryPoint","urlTemplate":"https:\/\/vanderloubet.com.br\/deputado\/?s={search_term_string}"},"query-input":{"@type":"PropertyValueSpecification","valueRequired":true,"valueName":"search_term_string"}}],"inLanguage":"pt-BR"},{"@type":"Organization","@id":"https:\/\/vanderloubet.com.br\/deputado\/#organization","name":"Deputado Federal Vander Loubet","alternateName":"Deputado Vander","url":"https:\/\/vanderloubet.com.br\/deputado\/","logo":{"@type":"ImageObject","inLanguage":"pt-BR","@id":"https:\/\/vanderloubet.com.br\/deputado\/#\/schema\/logo\/image\/","url":"https:\/\/vanderloubet.com.br\/deputado\/wp-content\/uploads\/2023\/06\/foto-2023-06-19-mandato-deputado-vander.jpg","contentUrl":"https:\/\/vanderloubet.com.br\/deputado\/wp-content\/uploads\/2023\/06\/foto-2023-06-19-mandato-deputado-vander.jpg","width":1080,"height":1080,"caption":"Deputado Federal Vander Loubet"},"image":{"@id":"https:\/\/vanderloubet.com.br\/deputado\/#\/schema\/logo\/image\/"},"sameAs":["https:\/\/facebook.com\/deputadovander","https:\/\/x.com\/vanderloubet","https:\/\/instagram.com\/vanderloubet","https:\/\/youtube.com\/vanderloubet","https:\/\/tiktok.com\/@vanderloubetms"]},{"@type":"Person","@id":"https:\/\/vanderloubet.com.br\/deputado\/#\/schema\/person\/15b51bd564532a8a68d9dec1b8eb890e","name":"\u00c9der","image":{"@type":"ImageObject","inLanguage":"pt-BR","@id":"https:\/\/vanderloubet.com.br\/deputado\/wp-content\/litespeed\/avatar\/88ca4090d9d5ab1c9495f6ca03b68efa.jpg?ver=1777058957","url":"https:\/\/vanderloubet.com.br\/deputado\/wp-content\/litespeed\/avatar\/88ca4090d9d5ab1c9495f6ca03b68efa.jpg?ver=1777058957","contentUrl":"https:\/\/vanderloubet.com.br\/deputado\/wp-content\/litespeed\/avatar\/88ca4090d9d5ab1c9495f6ca03b68efa.jpg?ver=1777058957","caption":"\u00c9der"}}]}},"jetpack_featured_media_url":"https:\/\/vanderloubet.com.br\/deputado\/wp-content\/uploads\/2019\/10\/foto-2019-10-17-reuniao-bancada-federal-ms-1.jpg","jetpack_sharing_enabled":true,"_links":{"self":[{"href":"https:\/\/vanderloubet.com.br\/deputado\/wp-json\/wp\/v2\/posts\/16025","targetHints":{"allow":["GET"]}}],"collection":[{"href":"https:\/\/vanderloubet.com.br\/deputado\/wp-json\/wp\/v2\/posts"}],"about":[{"href":"https:\/\/vanderloubet.com.br\/deputado\/wp-json\/wp\/v2\/types\/post"}],"author":[{"embeddable":true,"href":"https:\/\/vanderloubet.com.br\/deputado\/wp-json\/wp\/v2\/users\/2"}],"replies":[{"embeddable":true,"href":"https:\/\/vanderloubet.com.br\/deputado\/wp-json\/wp\/v2\/comments?post=16025"}],"version-history":[{"count":0,"href":"https:\/\/vanderloubet.com.br\/deputado\/wp-json\/wp\/v2\/posts\/16025\/revisions"}],"wp:featuredmedia":[{"embeddable":true,"href":"https:\/\/vanderloubet.com.br\/deputado\/wp-json\/wp\/v2\/media\/16020"}],"wp:attachment":[{"href":"https:\/\/vanderloubet.com.br\/deputado\/wp-json\/wp\/v2\/media?parent=16025"}],"wp:term":[{"taxonomy":"category","embeddable":true,"href":"https:\/\/vanderloubet.com.br\/deputado\/wp-json\/wp\/v2\/categories?post=16025"},{"taxonomy":"post_tag","embeddable":true,"href":"https:\/\/vanderloubet.com.br\/deputado\/wp-json\/wp\/v2\/tags?post=16025"}],"curies":[{"name":"wp","href":"https:\/\/api.w.org\/{rel}","templated":true}]}}