{"id":16012,"date":"2019-10-17T09:29:38","date_gmt":"2019-10-17T13:29:38","guid":{"rendered":"http:\/\/vanderloubet.com.br\/deputado\/?p=16012"},"modified":"2020-03-26T22:55:48","modified_gmt":"2020-03-27T02:55:48","slug":"indigenas-de-aral-moreira-agradecem-vander-por-trabalho-em-prol-das-aldeias","status":"publish","type":"post","link":"https:\/\/vanderloubet.com.br\/deputado\/indigenas-de-aral-moreira-agradecem-vander-por-trabalho-em-prol-das-aldeias\/","title":{"rendered":"Ind\u00edgenas de Aral Moreira agradecem a Vander por trabalho em prol das aldeias"},"content":{"rendered":"<p>Gratid\u00e3o. Essa \u00e9 a palavra que resume o sentimento manifestado pelo capit\u00e3o Paulo Armoa, da Aldeia Guassuty, em mensagem destinada ao deputado federal Vander Loubet.<\/p>\n<p>&#8220;A Aldeia Guassuty agradece a ajuda do deputado Vander. Obrigado. Agora a aldeia tem esperan\u00e7a. Obrigado tamb\u00e9m ao prefeito [Alexandrino Garcia], \u00e0 Agraer [Ag\u00eancia Estadual de Desenvolvimento Agr\u00e1rio e Extens\u00e3o Rural] e ao Giovani&#8221;, escreveu o capit\u00e3o da aldeia.<\/p>\n<p>Giovani, no caso, se trata de Giovani Corbari, ex-vereador e atual secret\u00e1rio municipal de Administra\u00e7\u00e3o de Aral Moreira. Foi ele quem levou ao conhecimento de Vander a mensagem de Paulo Armoa. Tamb\u00e9m assinaram a mensagem os ind\u00edgenas Waldenir, Alexandre e o tratorista da aldeia, Leandro.<\/p>\n<p>Em julho de 2018, a Aldeia Guassuty foi beneficiada com uma patrulha mecanizada, formada por um trator e diversos implementos agr\u00edcolas. Os equipamentos, avaliados em R$ 130 mil e entregues pela Agraer, foram viabilizados por meio de emendas parlamentares do deputado Vander e do ex-deputado Zeca do PT e recursos pr\u00f3prios do Governo do Estado. De l\u00e1 para c\u00e1, segundo Giovani Corbari, os ind\u00edgenas passaram a produzir milho, feij\u00e3o e mandioca, al\u00e9m de uma \u00e1rea de 120 hectares de soja. Com isso, poder\u00e3o n\u00e3o apenas produzir para sua subsist\u00eancia como tamb\u00e9m para comercializa\u00e7\u00e3o.<\/p>\n<p>Para Vander Loubet, receber uma mensagem como essa \u00e9 motivo de enorme satisfa\u00e7\u00e3o e motiva\u00e7\u00e3o. &#8220;A gente percebe que os ind\u00edgenas est\u00e3o em busca de uma vida melhor. Por isso \u00e9 importante que o preconceito contra eles seja vencido. Eles apenas precisam da m\u00e3o estendida do poder p\u00fablico, de um empurr\u00e3ozinho para poderem caminhar com as pr\u00f3prias pernas. Fico muito contente de ver que est\u00e3o produzindo e gerando uma fonte de alimento e de gera\u00e7\u00e3o de renda. Isso me motiva a seguir com esse trabalho que o Zeca e eu iniciamos em 2015, de apoiar as atividades produtivas nas aldeias&#8221;, declarou o deputado.<\/p>\n<p><strong>Benef\u00edcios<\/strong> &#8211; Al\u00e9m da Guassuty, dezenas de outras aldeias foram e seguem sendo beneficiadas com equipamentos (tratores, microtratores, implementos), insumos e ferramentas para apoio \u00e0 agricultura, gra\u00e7as \u00e0s emendas parlamentares de Vander e de Zeca, alocadas tanto no Governo do Estado quanto na Funda\u00e7\u00e3o Nacional do \u00cdndio (Funai).<\/p>\n<p>O trabalho de Vander e Zeca em prol dos ind\u00edgenas tamb\u00e9m garantiu obras de saneamento b\u00e1sico pela Secretaria Especial de Sa\u00fade Ind\u00edgena (Sesai) em diversas aldeias. \u00c9 o caso da Aldeia Tey Kue, em Caarap\u00f3, onde est\u00e1 sendo finalizada a maior obra de abastecimento de \u00e1gua j\u00e1 executada em uma aldeia pelo Distrito Sanit\u00e1rio Especial Ind\u00edgena (Dsei) de Mato Grosso do Sul, investimento de R$ 2,240 milh\u00f5es que est\u00e1 atendendo 690 fam\u00edlias que h\u00e1 mais de 40 anos aguardavam pela \u00e1gua encanada. Tamb\u00e9m est\u00e1 nessa lista a obra de abastecimento de \u00e1gua na Aldeia Amambai, em Amambai, investimento de quase R$ 1 milh\u00e3o que est\u00e1 beneficiando 7.000 ind\u00edgenas.<\/p>\n<p>&#8220;Ainda nessa quest\u00e3o do saneamento b\u00e1sico, articulei com nossa bancada federal uma emenda impositiva de bancada de R$ 5 milh\u00f5es para 2020 para que o Dsei possa realizar novas obras de abastecimento de \u00e1gua e de reforma de postos de sa\u00fade ind\u00edgenas nas aldeias de Mato Grosso do Sul. Ou seja, nossa a\u00e7\u00e3o parlamentar para buscar benef\u00edcios para os ind\u00edgenas segue firme e forte&#8221;, concluiu o deputado.<\/p>\n<p><em>(\u00c9der F. Yanaguita &#8211; Ascom\/Dep. Vander Loubet)<\/em><\/p>\n\r\n                <style type=\"text\/css\">\r\n                    \r\n                    #tdi_1  .td-doubleSlider-2 .td-item1 {\r\n                        background: url(https:\/\/vanderloubet.com.br\/deputado\/wp-content\/uploads\/2019\/10\/foto-2019-10-17-aldeia-guassuty-aral-moreira-1-80x60.jpg) 0 0 no-repeat;\r\n                    }\r\n                    #tdi_1  .td-doubleSlider-2 .td-item2 {\r\n                        background: url(https:\/\/vanderloubet.com.br\/deputado\/wp-content\/uploads\/2019\/10\/foto-2019-10-17-aldeia-guassuty-aral-moreira-2-80x60.jpg) 0 0 no-repeat;\r\n                    }\r\n                    #tdi_1  .td-doubleSlider-2 .td-item3 {\r\n                        background: url(https:\/\/vanderloubet.com.br\/deputado\/wp-content\/uploads\/2019\/10\/foto-2019-10-17-aldeia-guassuty-aral-moreira-3-80x60.jpg) 0 0 no-repeat;\r\n                    }\r\n                    #tdi_1  .td-doubleSlider-2 .td-item4 {\r\n                        background: url(https:\/\/vanderloubet.com.br\/deputado\/wp-content\/uploads\/2019\/10\/foto-2019-10-17-aldeia-guassuty-aral-moreira-4-80x60.jpg) 0 0 no-repeat;\r\n                    }\r\n                    #tdi_1  .td-doubleSlider-2 .td-item5 {\r\n                        background: url(https:\/\/vanderloubet.com.br\/deputado\/wp-content\/uploads\/2019\/10\/foto-2019-10-17-aldeia-guassuty-aral-moreira-5-80x60.jpg) 0 0 no-repeat;\r\n                    }\r\n                <\/style>\r\n\r\n                <div id=\"tdi_1\" class=\"td-gallery td-slide-on-2-columns\">\r\n                    <div class=\"post_td_gallery\">\r\n                        <div class=\"td-gallery-slide-top\">\r\n                           <div class=\"td-gallery-title\"><\/div>\r\n\r\n                            <div class=\"td-gallery-controls-wrapper\">\r\n                                <div class=\"td-gallery-slide-count\"><span class=\"td-gallery-slide-item-focus\">1<\/span> de 5<\/div>\r\n                                <div class=\"td-gallery-slide-prev-next-but\">\r\n                                    <i class = \"td-icon-left doubleSliderPrevButton\"><\/i>\r\n                                    <i class = \"td-icon-right doubleSliderNextButton\"><\/i>\r\n                                <\/div>\r\n                            <\/div>\r\n                        <\/div>\r\n\r\n                        <div class = \"td-doubleSlider-1 \">\r\n                            <div class = \"td-slider\">\r\n                                \r\n                    <div class = \"td-slide-item td-item1\">\r\n                        <figure class=\"td-slide-galery-figure td-slide-popup-gallery\">\r\n                            <a class=\"slide-gallery-image-link\" href=\"https:\/\/vanderloubet.com.br\/deputado\/wp-content\/uploads\/2019\/10\/foto-2019-10-17-aldeia-guassuty-aral-moreira-1.jpg\" title=\"Ind\u00edgenas da Aldeia Guassuty preparam o solo para plantio com aux\u00edlio da patrulha mecanizada\"  data-caption=\"\"  data-description=\"Ind&iacute;genas da Aldeia Guassuty preparam o solo para plantio com aux&iacute;lio da patrulha mecanizada\">\r\n                                <img decoding=\"async\" src=\"https:\/\/vanderloubet.com.br\/deputado\/wp-content\/uploads\/2019\/10\/foto-2019-10-17-aldeia-guassuty-aral-moreira-1-630x420.jpg\" srcset=\"https:\/\/vanderloubet.com.br\/deputado\/wp-content\/uploads\/2019\/10\/foto-2019-10-17-aldeia-guassuty-aral-moreira-1-630x420.jpg 630w, https:\/\/vanderloubet.com.br\/deputado\/wp-content\/uploads\/2019\/10\/foto-2019-10-17-aldeia-guassuty-aral-moreira-1-350x233.jpg 350w, https:\/\/vanderloubet.com.br\/deputado\/wp-content\/uploads\/2019\/10\/foto-2019-10-17-aldeia-guassuty-aral-moreira-1-768x512.jpg 768w, https:\/\/vanderloubet.com.br\/deputado\/wp-content\/uploads\/2019\/10\/foto-2019-10-17-aldeia-guassuty-aral-moreira-1-700x467.jpg 700w, https:\/\/vanderloubet.com.br\/deputado\/wp-content\/uploads\/2019\/10\/foto-2019-10-17-aldeia-guassuty-aral-moreira-1-696x464.jpg 696w, https:\/\/vanderloubet.com.br\/deputado\/wp-content\/uploads\/2019\/10\/foto-2019-10-17-aldeia-guassuty-aral-moreira-1.jpg 960w\" sizes=\"(max-width: 630px) 100vw, 630px\" alt=\"Ind&iacute;genas da Aldeia Guassuty preparam o solo para plantio com aux&iacute;lio da patrulha mecanizada\">\r\n                            <\/a>\r\n                            <figcaption class = \"td-slide-caption td-gallery-slide-content\"><span>Ind\u00edgenas da Aldeia Guassuty preparam o solo para plantio com aux\u00edlio da patrulha mecanizada<\/span><\/figcaption>\r\n                        <\/figure>\r\n                    <\/div>\r\n                    <div class = \"td-slide-item td-item2\">\r\n                        <figure class=\"td-slide-galery-figure td-slide-popup-gallery\">\r\n                            <a class=\"slide-gallery-image-link\" href=\"https:\/\/vanderloubet.com.br\/deputado\/wp-content\/uploads\/2019\/10\/foto-2019-10-17-aldeia-guassuty-aral-moreira-2.jpg\" title=\"Capit\u00e3o Paulo agradeceu ao deputado Vander pelo trabalho em prol da Aldeia Guassuty\"  data-caption=\"\"  data-description=\"Capit&atilde;o Paulo agradeceu ao deputado Vander pelo trabalho em prol da Aldeia Guassuty\">\r\n                                <img decoding=\"async\" src=\"https:\/\/vanderloubet.com.br\/deputado\/wp-content\/uploads\/2019\/10\/foto-2019-10-17-aldeia-guassuty-aral-moreira-2-630x420.jpg\" srcset=\"https:\/\/vanderloubet.com.br\/deputado\/wp-content\/uploads\/2019\/10\/foto-2019-10-17-aldeia-guassuty-aral-moreira-2-630x420.jpg 630w, https:\/\/vanderloubet.com.br\/deputado\/wp-content\/uploads\/2019\/10\/foto-2019-10-17-aldeia-guassuty-aral-moreira-2-350x233.jpg 350w, https:\/\/vanderloubet.com.br\/deputado\/wp-content\/uploads\/2019\/10\/foto-2019-10-17-aldeia-guassuty-aral-moreira-2-768x512.jpg 768w, https:\/\/vanderloubet.com.br\/deputado\/wp-content\/uploads\/2019\/10\/foto-2019-10-17-aldeia-guassuty-aral-moreira-2-700x467.jpg 700w, https:\/\/vanderloubet.com.br\/deputado\/wp-content\/uploads\/2019\/10\/foto-2019-10-17-aldeia-guassuty-aral-moreira-2-696x464.jpg 696w, https:\/\/vanderloubet.com.br\/deputado\/wp-content\/uploads\/2019\/10\/foto-2019-10-17-aldeia-guassuty-aral-moreira-2.jpg 960w\" sizes=\"(max-width: 630px) 100vw, 630px\" alt=\"Capit&atilde;o Paulo agradeceu ao deputado Vander pelo trabalho em prol da Aldeia Guassuty\">\r\n                            <\/a>\r\n                            <figcaption class = \"td-slide-caption td-gallery-slide-content\"><span>Capit\u00e3o Paulo agradeceu ao deputado Vander pelo trabalho em prol da Aldeia Guassuty<\/span><\/figcaption>\r\n                        <\/figure>\r\n                    <\/div>\r\n                    <div class = \"td-slide-item td-item3\">\r\n                        <figure class=\"td-slide-galery-figure td-slide-popup-gallery\">\r\n                            <a class=\"slide-gallery-image-link\" href=\"https:\/\/vanderloubet.com.br\/deputado\/wp-content\/uploads\/2019\/10\/foto-2019-10-17-aldeia-guassuty-aral-moreira-3.jpg\" title=\"Patrulha mecanizada da Aldeia Guassuty foi recebida pela Prefeitura em julho de 2018 e entregue na aldeia em seguida\"  data-caption=\"\"  data-description=\"Patrulha mecanizada da Aldeia Guassuty foi recebida pela Prefeitura em julho de 2018 e entregue na aldeia em seguida\">\r\n                                <img decoding=\"async\" src=\"https:\/\/vanderloubet.com.br\/deputado\/wp-content\/uploads\/2019\/10\/foto-2019-10-17-aldeia-guassuty-aral-moreira-3-630x420.jpg\" srcset=\"https:\/\/vanderloubet.com.br\/deputado\/wp-content\/uploads\/2019\/10\/foto-2019-10-17-aldeia-guassuty-aral-moreira-3-630x420.jpg 630w, https:\/\/vanderloubet.com.br\/deputado\/wp-content\/uploads\/2019\/10\/foto-2019-10-17-aldeia-guassuty-aral-moreira-3-350x233.jpg 350w, https:\/\/vanderloubet.com.br\/deputado\/wp-content\/uploads\/2019\/10\/foto-2019-10-17-aldeia-guassuty-aral-moreira-3-768x512.jpg 768w, https:\/\/vanderloubet.com.br\/deputado\/wp-content\/uploads\/2019\/10\/foto-2019-10-17-aldeia-guassuty-aral-moreira-3-700x467.jpg 700w, https:\/\/vanderloubet.com.br\/deputado\/wp-content\/uploads\/2019\/10\/foto-2019-10-17-aldeia-guassuty-aral-moreira-3-696x464.jpg 696w, https:\/\/vanderloubet.com.br\/deputado\/wp-content\/uploads\/2019\/10\/foto-2019-10-17-aldeia-guassuty-aral-moreira-3.jpg 960w\" sizes=\"(max-width: 630px) 100vw, 630px\" alt=\"Patrulha mecanizada da Aldeia Guassuty foi recebida pela Prefeitura em julho de 2018 e entregue na aldeia em seguida\">\r\n                            <\/a>\r\n                            <figcaption class = \"td-slide-caption td-gallery-slide-content\"><span>Patrulha mecanizada da Aldeia Guassuty foi recebida pela Prefeitura em julho de 2018 e entregue na aldeia em seguida<\/span><\/figcaption>\r\n                        <\/figure>\r\n                    <\/div>\r\n                    <div class = \"td-slide-item td-item4\">\r\n                        <figure class=\"td-slide-galery-figure td-slide-popup-gallery\">\r\n                            <a class=\"slide-gallery-image-link\" href=\"https:\/\/vanderloubet.com.br\/deputado\/wp-content\/uploads\/2019\/10\/foto-2019-10-17-aldeia-guassuty-aral-moreira-4.jpg\" title=\"Patrulha mecanizada da Aldeia Guassuty foi recebida pela Prefeitura em julho de 2018 e entregue na aldeia em seguida\"  data-caption=\"\"  data-description=\"Patrulha mecanizada da Aldeia Guassuty foi recebida pela Prefeitura em julho de 2018 e entregue na aldeia em seguida\">\r\n                                <img decoding=\"async\" src=\"https:\/\/vanderloubet.com.br\/deputado\/wp-content\/uploads\/2019\/10\/foto-2019-10-17-aldeia-guassuty-aral-moreira-4-630x420.jpg\" srcset=\"https:\/\/vanderloubet.com.br\/deputado\/wp-content\/uploads\/2019\/10\/foto-2019-10-17-aldeia-guassuty-aral-moreira-4-630x420.jpg 630w, https:\/\/vanderloubet.com.br\/deputado\/wp-content\/uploads\/2019\/10\/foto-2019-10-17-aldeia-guassuty-aral-moreira-4-350x233.jpg 350w, https:\/\/vanderloubet.com.br\/deputado\/wp-content\/uploads\/2019\/10\/foto-2019-10-17-aldeia-guassuty-aral-moreira-4-768x512.jpg 768w, https:\/\/vanderloubet.com.br\/deputado\/wp-content\/uploads\/2019\/10\/foto-2019-10-17-aldeia-guassuty-aral-moreira-4-700x467.jpg 700w, https:\/\/vanderloubet.com.br\/deputado\/wp-content\/uploads\/2019\/10\/foto-2019-10-17-aldeia-guassuty-aral-moreira-4-696x464.jpg 696w, https:\/\/vanderloubet.com.br\/deputado\/wp-content\/uploads\/2019\/10\/foto-2019-10-17-aldeia-guassuty-aral-moreira-4.jpg 960w\" sizes=\"(max-width: 630px) 100vw, 630px\" alt=\"Patrulha mecanizada da Aldeia Guassuty foi recebida pela Prefeitura em julho de 2018 e entregue na aldeia em seguida\">\r\n                            <\/a>\r\n                            <figcaption class = \"td-slide-caption td-gallery-slide-content\"><span>Patrulha mecanizada da Aldeia Guassuty foi recebida pela Prefeitura em julho de 2018 e entregue na aldeia em seguida<\/span><\/figcaption>\r\n                        <\/figure>\r\n                    <\/div>\r\n                    <div class = \"td-slide-item td-item5\">\r\n                        <figure class=\"td-slide-galery-figure td-slide-popup-gallery\">\r\n                            <a class=\"slide-gallery-image-link\" href=\"https:\/\/vanderloubet.com.br\/deputado\/wp-content\/uploads\/2019\/10\/foto-2019-10-17-aldeia-guassuty-aral-moreira-5.jpg\" title=\"Patrulha mecanizada da Aldeia Guassuty foi recebida pela Prefeitura em julho de 2018 e entregue na aldeia em seguida\"  data-caption=\"\"  data-description=\"Patrulha mecanizada da Aldeia Guassuty foi recebida pela Prefeitura em julho de 2018 e entregue na aldeia em seguida\">\r\n                                <img decoding=\"async\" src=\"https:\/\/vanderloubet.com.br\/deputado\/wp-content\/uploads\/2019\/10\/foto-2019-10-17-aldeia-guassuty-aral-moreira-5-630x420.jpg\" srcset=\"https:\/\/vanderloubet.com.br\/deputado\/wp-content\/uploads\/2019\/10\/foto-2019-10-17-aldeia-guassuty-aral-moreira-5-630x420.jpg 630w, https:\/\/vanderloubet.com.br\/deputado\/wp-content\/uploads\/2019\/10\/foto-2019-10-17-aldeia-guassuty-aral-moreira-5-350x233.jpg 350w, https:\/\/vanderloubet.com.br\/deputado\/wp-content\/uploads\/2019\/10\/foto-2019-10-17-aldeia-guassuty-aral-moreira-5-768x512.jpg 768w, https:\/\/vanderloubet.com.br\/deputado\/wp-content\/uploads\/2019\/10\/foto-2019-10-17-aldeia-guassuty-aral-moreira-5-700x467.jpg 700w, https:\/\/vanderloubet.com.br\/deputado\/wp-content\/uploads\/2019\/10\/foto-2019-10-17-aldeia-guassuty-aral-moreira-5-696x464.jpg 696w, https:\/\/vanderloubet.com.br\/deputado\/wp-content\/uploads\/2019\/10\/foto-2019-10-17-aldeia-guassuty-aral-moreira-5.jpg 960w\" sizes=\"(max-width: 630px) 100vw, 630px\" alt=\"Patrulha mecanizada da Aldeia Guassuty foi recebida pela Prefeitura em julho de 2018 e entregue na aldeia em seguida\">\r\n                            <\/a>\r\n                            <figcaption class = \"td-slide-caption td-gallery-slide-content\"><span>Patrulha mecanizada da Aldeia Guassuty foi recebida pela Prefeitura em julho de 2018 e entregue na aldeia em seguida<\/span><\/figcaption>\r\n                        <\/figure>\r\n                    <\/div>\r\n                            <\/div>\r\n                        <\/div>\r\n\r\n                        <div class = \"td-doubleSlider-2\">\r\n                            <div class = \"td-slider\">\r\n                                \r\n                    <div class = \"td-button td-item1\">\r\n                        <div class = \"td-border\"><\/div>\r\n                    <\/div>\r\n                    <div class = \"td-button td-item2\">\r\n                        <div class = \"td-border\"><\/div>\r\n                    <\/div>\r\n                    <div class = \"td-button td-item3\">\r\n                        <div class = \"td-border\"><\/div>\r\n                    <\/div>\r\n                    <div class = \"td-button td-item4\">\r\n                        <div class = \"td-border\"><\/div>\r\n                    <\/div>\r\n                    <div class = \"td-button td-item5\">\r\n                        <div class = \"td-border\"><\/div>\r\n                    <\/div>\r\n                            <\/div>\r\n                        <\/div>\r\n\r\n                    <\/div>\r\n\r\n                <\/div>\r\n                \n","protected":false},"excerpt":{"rendered":"<p>&#8220;A Aldeia Guassuty agradece a ajuda do deputado Vander. Obrigado. Agora a aldeia tem esperan\u00e7a&#8221;, escreveu o capit\u00e3o da aldeia.<\/p>\n","protected":false},"author":2,"featured_media":16015,"comment_status":"closed","ping_status":"closed","sticky":false,"template":"","format":"standard","meta":{"jetpack_post_was_ever_published":false,"_jetpack_newsletter_access":"","_jetpack_dont_email_post_to_subs":false,"_jetpack_newsletter_tier_id":0,"_jetpack_memberships_contains_paywalled_content":false,"_jetpack_memberships_contains_paid_content":false,"footnotes":""},"categories":[2097,10],"tags":[2132,2373,2127],"class_list":{"0":"post-16012","1":"post","2":"type-post","3":"status-publish","4":"format-standard","5":"has-post-thumbnail","7":"category-municipios-noticias","8":"category-noticias","9":"tag-agricultura-familiar","10":"tag-aldeia-indigena","11":"tag-emenda-parlamentar"},"yoast_head":"<!-- This site is optimized with the Yoast SEO plugin v27.4 - https:\/\/yoast.com\/product\/yoast-seo-wordpress\/ -->\n<title>Ind\u00edgenas de Aral Moreira agradecem a Vander por trabalho em prol das aldeias<\/title>\n<meta name=\"description\" content=\"&quot;A Aldeia Guassuty agradece a ajuda do deputado Vander. Obrigado. Agora a aldeia tem esperan\u00e7a&quot;, escreveu o capit\u00e3o da aldeia, Paulo Armoa.\" \/>\n<meta name=\"robots\" content=\"index, follow, max-snippet:-1, max-image-preview:large, max-video-preview:-1\" \/>\n<link rel=\"canonical\" href=\"https:\/\/vanderloubet.com.br\/deputado\/indigenas-de-aral-moreira-agradecem-vander-por-trabalho-em-prol-das-aldeias\/\" \/>\n<meta property=\"og:locale\" content=\"pt_BR\" \/>\n<meta property=\"og:type\" content=\"article\" \/>\n<meta property=\"og:title\" content=\"Ind\u00edgenas de Aral Moreira agradecem a Vander por trabalho em prol das aldeias\" \/>\n<meta property=\"og:description\" content=\"&quot;A Aldeia Guassuty agradece a ajuda do deputado Vander. Obrigado. Agora a aldeia tem esperan\u00e7a&quot;, escreveu o capit\u00e3o da aldeia, Paulo Armoa.\" \/>\n<meta property=\"og:url\" content=\"https:\/\/vanderloubet.com.br\/deputado\/indigenas-de-aral-moreira-agradecem-vander-por-trabalho-em-prol-das-aldeias\/\" \/>\n<meta property=\"og:site_name\" content=\"Deputado Federal Vander Loubet\" \/>\n<meta property=\"article:publisher\" content=\"https:\/\/facebook.com\/deputadovander\" \/>\n<meta property=\"article:published_time\" content=\"2019-10-17T13:29:38+00:00\" \/>\n<meta property=\"article:modified_time\" content=\"2020-03-27T02:55:48+00:00\" \/>\n<meta property=\"og:image\" content=\"https:\/\/vanderloubet.com.br\/deputado\/wp-content\/uploads\/2019\/10\/foto-2019-10-17-aldeia-guassuty-aral-moreira-3.jpg\" \/>\n\t<meta property=\"og:image:width\" content=\"960\" \/>\n\t<meta property=\"og:image:height\" content=\"640\" \/>\n\t<meta property=\"og:image:type\" content=\"image\/jpeg\" \/>\n<meta name=\"author\" content=\"\u00c9der\" \/>\n<meta name=\"twitter:card\" content=\"summary_large_image\" \/>\n<meta name=\"twitter:creator\" content=\"@vanderloubet\" \/>\n<meta name=\"twitter:site\" content=\"@vanderloubet\" \/>\n<script type=\"application\/ld+json\" class=\"yoast-schema-graph\">{\"@context\":\"https:\\\/\\\/schema.org\",\"@graph\":[{\"@type\":\"Article\",\"@id\":\"https:\\\/\\\/vanderloubet.com.br\\\/deputado\\\/indigenas-de-aral-moreira-agradecem-vander-por-trabalho-em-prol-das-aldeias\\\/#article\",\"isPartOf\":{\"@id\":\"https:\\\/\\\/vanderloubet.com.br\\\/deputado\\\/indigenas-de-aral-moreira-agradecem-vander-por-trabalho-em-prol-das-aldeias\\\/\"},\"author\":{\"name\":\"\u00c9der\",\"@id\":\"https:\\\/\\\/vanderloubet.com.br\\\/deputado\\\/#\\\/schema\\\/person\\\/15b51bd564532a8a68d9dec1b8eb890e\"},\"headline\":\"Ind\u00edgenas de Aral Moreira agradecem a Vander por trabalho em prol das aldeias\",\"datePublished\":\"2019-10-17T13:29:38+00:00\",\"dateModified\":\"2020-03-27T02:55:48+00:00\",\"mainEntityOfPage\":{\"@id\":\"https:\\\/\\\/vanderloubet.com.br\\\/deputado\\\/indigenas-de-aral-moreira-agradecem-vander-por-trabalho-em-prol-das-aldeias\\\/\"},\"wordCount\":598,\"publisher\":{\"@id\":\"https:\\\/\\\/vanderloubet.com.br\\\/deputado\\\/#organization\"},\"image\":{\"@id\":\"https:\\\/\\\/vanderloubet.com.br\\\/deputado\\\/indigenas-de-aral-moreira-agradecem-vander-por-trabalho-em-prol-das-aldeias\\\/#primaryimage\"},\"thumbnailUrl\":\"https:\\\/\\\/vanderloubet.com.br\\\/deputado\\\/wp-content\\\/uploads\\\/2019\\\/10\\\/foto-2019-10-17-aldeia-guassuty-aral-moreira-3.jpg\",\"keywords\":[\"agricultura familiar\",\"aldeia ind\u00edgena\",\"emenda parlamentar\"],\"articleSection\":[\"Munic\u00edpios\",\"Not\u00edcias\"],\"inLanguage\":\"pt-BR\"},{\"@type\":\"WebPage\",\"@id\":\"https:\\\/\\\/vanderloubet.com.br\\\/deputado\\\/indigenas-de-aral-moreira-agradecem-vander-por-trabalho-em-prol-das-aldeias\\\/\",\"url\":\"https:\\\/\\\/vanderloubet.com.br\\\/deputado\\\/indigenas-de-aral-moreira-agradecem-vander-por-trabalho-em-prol-das-aldeias\\\/\",\"name\":\"Ind\u00edgenas de Aral Moreira agradecem a Vander por trabalho em prol das aldeias\",\"isPartOf\":{\"@id\":\"https:\\\/\\\/vanderloubet.com.br\\\/deputado\\\/#website\"},\"primaryImageOfPage\":{\"@id\":\"https:\\\/\\\/vanderloubet.com.br\\\/deputado\\\/indigenas-de-aral-moreira-agradecem-vander-por-trabalho-em-prol-das-aldeias\\\/#primaryimage\"},\"image\":{\"@id\":\"https:\\\/\\\/vanderloubet.com.br\\\/deputado\\\/indigenas-de-aral-moreira-agradecem-vander-por-trabalho-em-prol-das-aldeias\\\/#primaryimage\"},\"thumbnailUrl\":\"https:\\\/\\\/vanderloubet.com.br\\\/deputado\\\/wp-content\\\/uploads\\\/2019\\\/10\\\/foto-2019-10-17-aldeia-guassuty-aral-moreira-3.jpg\",\"datePublished\":\"2019-10-17T13:29:38+00:00\",\"dateModified\":\"2020-03-27T02:55:48+00:00\",\"description\":\"\\\"A Aldeia Guassuty agradece a ajuda do deputado Vander. Obrigado. Agora a aldeia tem esperan\u00e7a\\\", escreveu o capit\u00e3o da aldeia, Paulo Armoa.\",\"breadcrumb\":{\"@id\":\"https:\\\/\\\/vanderloubet.com.br\\\/deputado\\\/indigenas-de-aral-moreira-agradecem-vander-por-trabalho-em-prol-das-aldeias\\\/#breadcrumb\"},\"inLanguage\":\"pt-BR\",\"potentialAction\":[{\"@type\":\"ReadAction\",\"target\":[\"https:\\\/\\\/vanderloubet.com.br\\\/deputado\\\/indigenas-de-aral-moreira-agradecem-vander-por-trabalho-em-prol-das-aldeias\\\/\"]}]},{\"@type\":\"ImageObject\",\"inLanguage\":\"pt-BR\",\"@id\":\"https:\\\/\\\/vanderloubet.com.br\\\/deputado\\\/indigenas-de-aral-moreira-agradecem-vander-por-trabalho-em-prol-das-aldeias\\\/#primaryimage\",\"url\":\"https:\\\/\\\/vanderloubet.com.br\\\/deputado\\\/wp-content\\\/uploads\\\/2019\\\/10\\\/foto-2019-10-17-aldeia-guassuty-aral-moreira-3.jpg\",\"contentUrl\":\"https:\\\/\\\/vanderloubet.com.br\\\/deputado\\\/wp-content\\\/uploads\\\/2019\\\/10\\\/foto-2019-10-17-aldeia-guassuty-aral-moreira-3.jpg\",\"width\":960,\"height\":640,\"caption\":\"Patrulha mecanizada da Aldeia Guassuty foi recebida pela Prefeitura em julho de 2018 e entregue na aldeia em seguida\"},{\"@type\":\"BreadcrumbList\",\"@id\":\"https:\\\/\\\/vanderloubet.com.br\\\/deputado\\\/indigenas-de-aral-moreira-agradecem-vander-por-trabalho-em-prol-das-aldeias\\\/#breadcrumb\",\"itemListElement\":[{\"@type\":\"ListItem\",\"position\":1,\"name\":\"In\u00edcio\",\"item\":\"https:\\\/\\\/vanderloubet.com.br\\\/deputado\\\/\"},{\"@type\":\"ListItem\",\"position\":2,\"name\":\"Ind\u00edgenas de Aral Moreira agradecem a Vander por trabalho em prol das aldeias\"}]},{\"@type\":\"WebSite\",\"@id\":\"https:\\\/\\\/vanderloubet.com.br\\\/deputado\\\/#website\",\"url\":\"https:\\\/\\\/vanderloubet.com.br\\\/deputado\\\/\",\"name\":\"Deputado Federal Vander Loubet\",\"description\":\"O Federal de MS\",\"publisher\":{\"@id\":\"https:\\\/\\\/vanderloubet.com.br\\\/deputado\\\/#organization\"},\"alternateName\":\"Deputado Vander\",\"potentialAction\":[{\"@type\":\"SearchAction\",\"target\":{\"@type\":\"EntryPoint\",\"urlTemplate\":\"https:\\\/\\\/vanderloubet.com.br\\\/deputado\\\/?s={search_term_string}\"},\"query-input\":{\"@type\":\"PropertyValueSpecification\",\"valueRequired\":true,\"valueName\":\"search_term_string\"}}],\"inLanguage\":\"pt-BR\"},{\"@type\":\"Organization\",\"@id\":\"https:\\\/\\\/vanderloubet.com.br\\\/deputado\\\/#organization\",\"name\":\"Deputado Federal Vander Loubet\",\"alternateName\":\"Deputado Vander\",\"url\":\"https:\\\/\\\/vanderloubet.com.br\\\/deputado\\\/\",\"logo\":{\"@type\":\"ImageObject\",\"inLanguage\":\"pt-BR\",\"@id\":\"https:\\\/\\\/vanderloubet.com.br\\\/deputado\\\/#\\\/schema\\\/logo\\\/image\\\/\",\"url\":\"https:\\\/\\\/vanderloubet.com.br\\\/deputado\\\/wp-content\\\/uploads\\\/2023\\\/06\\\/foto-2023-06-19-mandato-deputado-vander.jpg\",\"contentUrl\":\"https:\\\/\\\/vanderloubet.com.br\\\/deputado\\\/wp-content\\\/uploads\\\/2023\\\/06\\\/foto-2023-06-19-mandato-deputado-vander.jpg\",\"width\":1080,\"height\":1080,\"caption\":\"Deputado Federal Vander Loubet\"},\"image\":{\"@id\":\"https:\\\/\\\/vanderloubet.com.br\\\/deputado\\\/#\\\/schema\\\/logo\\\/image\\\/\"},\"sameAs\":[\"https:\\\/\\\/facebook.com\\\/deputadovander\",\"https:\\\/\\\/x.com\\\/vanderloubet\",\"https:\\\/\\\/instagram.com\\\/vanderloubet\",\"https:\\\/\\\/youtube.com\\\/vanderloubet\",\"https:\\\/\\\/tiktok.com\\\/@vanderloubetms\"]},{\"@type\":\"Person\",\"@id\":\"https:\\\/\\\/vanderloubet.com.br\\\/deputado\\\/#\\\/schema\\\/person\\\/15b51bd564532a8a68d9dec1b8eb890e\",\"name\":\"\u00c9der\",\"image\":{\"@type\":\"ImageObject\",\"inLanguage\":\"pt-BR\",\"@id\":\"https:\\\/\\\/vanderloubet.com.br\\\/deputado\\\/wp-content\\\/litespeed\\\/avatar\\\/88ca4090d9d5ab1c9495f6ca03b68efa.jpg?ver=1777058957\",\"url\":\"https:\\\/\\\/vanderloubet.com.br\\\/deputado\\\/wp-content\\\/litespeed\\\/avatar\\\/88ca4090d9d5ab1c9495f6ca03b68efa.jpg?ver=1777058957\",\"contentUrl\":\"https:\\\/\\\/vanderloubet.com.br\\\/deputado\\\/wp-content\\\/litespeed\\\/avatar\\\/88ca4090d9d5ab1c9495f6ca03b68efa.jpg?ver=1777058957\",\"caption\":\"\u00c9der\"}}]}<\/script>\n<!-- \/ Yoast SEO plugin. -->","yoast_head_json":{"title":"Ind\u00edgenas de Aral Moreira agradecem a Vander por trabalho em prol das aldeias","description":"\"A Aldeia Guassuty agradece a ajuda do deputado Vander. Obrigado. Agora a aldeia tem esperan\u00e7a\", escreveu o capit\u00e3o da aldeia, Paulo Armoa.","robots":{"index":"index","follow":"follow","max-snippet":"max-snippet:-1","max-image-preview":"max-image-preview:large","max-video-preview":"max-video-preview:-1"},"canonical":"https:\/\/vanderloubet.com.br\/deputado\/indigenas-de-aral-moreira-agradecem-vander-por-trabalho-em-prol-das-aldeias\/","og_locale":"pt_BR","og_type":"article","og_title":"Ind\u00edgenas de Aral Moreira agradecem a Vander por trabalho em prol das aldeias","og_description":"\"A Aldeia Guassuty agradece a ajuda do deputado Vander. Obrigado. Agora a aldeia tem esperan\u00e7a\", escreveu o capit\u00e3o da aldeia, Paulo Armoa.","og_url":"https:\/\/vanderloubet.com.br\/deputado\/indigenas-de-aral-moreira-agradecem-vander-por-trabalho-em-prol-das-aldeias\/","og_site_name":"Deputado Federal Vander Loubet","article_publisher":"https:\/\/facebook.com\/deputadovander","article_published_time":"2019-10-17T13:29:38+00:00","article_modified_time":"2020-03-27T02:55:48+00:00","og_image":[{"width":960,"height":640,"url":"https:\/\/vanderloubet.com.br\/deputado\/wp-content\/uploads\/2019\/10\/foto-2019-10-17-aldeia-guassuty-aral-moreira-3.jpg","type":"image\/jpeg"}],"author":"\u00c9der","twitter_card":"summary_large_image","twitter_creator":"@vanderloubet","twitter_site":"@vanderloubet","schema":{"@context":"https:\/\/schema.org","@graph":[{"@type":"Article","@id":"https:\/\/vanderloubet.com.br\/deputado\/indigenas-de-aral-moreira-agradecem-vander-por-trabalho-em-prol-das-aldeias\/#article","isPartOf":{"@id":"https:\/\/vanderloubet.com.br\/deputado\/indigenas-de-aral-moreira-agradecem-vander-por-trabalho-em-prol-das-aldeias\/"},"author":{"name":"\u00c9der","@id":"https:\/\/vanderloubet.com.br\/deputado\/#\/schema\/person\/15b51bd564532a8a68d9dec1b8eb890e"},"headline":"Ind\u00edgenas de Aral Moreira agradecem a Vander por trabalho em prol das aldeias","datePublished":"2019-10-17T13:29:38+00:00","dateModified":"2020-03-27T02:55:48+00:00","mainEntityOfPage":{"@id":"https:\/\/vanderloubet.com.br\/deputado\/indigenas-de-aral-moreira-agradecem-vander-por-trabalho-em-prol-das-aldeias\/"},"wordCount":598,"publisher":{"@id":"https:\/\/vanderloubet.com.br\/deputado\/#organization"},"image":{"@id":"https:\/\/vanderloubet.com.br\/deputado\/indigenas-de-aral-moreira-agradecem-vander-por-trabalho-em-prol-das-aldeias\/#primaryimage"},"thumbnailUrl":"https:\/\/vanderloubet.com.br\/deputado\/wp-content\/uploads\/2019\/10\/foto-2019-10-17-aldeia-guassuty-aral-moreira-3.jpg","keywords":["agricultura familiar","aldeia ind\u00edgena","emenda parlamentar"],"articleSection":["Munic\u00edpios","Not\u00edcias"],"inLanguage":"pt-BR"},{"@type":"WebPage","@id":"https:\/\/vanderloubet.com.br\/deputado\/indigenas-de-aral-moreira-agradecem-vander-por-trabalho-em-prol-das-aldeias\/","url":"https:\/\/vanderloubet.com.br\/deputado\/indigenas-de-aral-moreira-agradecem-vander-por-trabalho-em-prol-das-aldeias\/","name":"Ind\u00edgenas de Aral Moreira agradecem a Vander por trabalho em prol das aldeias","isPartOf":{"@id":"https:\/\/vanderloubet.com.br\/deputado\/#website"},"primaryImageOfPage":{"@id":"https:\/\/vanderloubet.com.br\/deputado\/indigenas-de-aral-moreira-agradecem-vander-por-trabalho-em-prol-das-aldeias\/#primaryimage"},"image":{"@id":"https:\/\/vanderloubet.com.br\/deputado\/indigenas-de-aral-moreira-agradecem-vander-por-trabalho-em-prol-das-aldeias\/#primaryimage"},"thumbnailUrl":"https:\/\/vanderloubet.com.br\/deputado\/wp-content\/uploads\/2019\/10\/foto-2019-10-17-aldeia-guassuty-aral-moreira-3.jpg","datePublished":"2019-10-17T13:29:38+00:00","dateModified":"2020-03-27T02:55:48+00:00","description":"\"A Aldeia Guassuty agradece a ajuda do deputado Vander. Obrigado. Agora a aldeia tem esperan\u00e7a\", escreveu o capit\u00e3o da aldeia, Paulo Armoa.","breadcrumb":{"@id":"https:\/\/vanderloubet.com.br\/deputado\/indigenas-de-aral-moreira-agradecem-vander-por-trabalho-em-prol-das-aldeias\/#breadcrumb"},"inLanguage":"pt-BR","potentialAction":[{"@type":"ReadAction","target":["https:\/\/vanderloubet.com.br\/deputado\/indigenas-de-aral-moreira-agradecem-vander-por-trabalho-em-prol-das-aldeias\/"]}]},{"@type":"ImageObject","inLanguage":"pt-BR","@id":"https:\/\/vanderloubet.com.br\/deputado\/indigenas-de-aral-moreira-agradecem-vander-por-trabalho-em-prol-das-aldeias\/#primaryimage","url":"https:\/\/vanderloubet.com.br\/deputado\/wp-content\/uploads\/2019\/10\/foto-2019-10-17-aldeia-guassuty-aral-moreira-3.jpg","contentUrl":"https:\/\/vanderloubet.com.br\/deputado\/wp-content\/uploads\/2019\/10\/foto-2019-10-17-aldeia-guassuty-aral-moreira-3.jpg","width":960,"height":640,"caption":"Patrulha mecanizada da Aldeia Guassuty foi recebida pela Prefeitura em julho de 2018 e entregue na aldeia em seguida"},{"@type":"BreadcrumbList","@id":"https:\/\/vanderloubet.com.br\/deputado\/indigenas-de-aral-moreira-agradecem-vander-por-trabalho-em-prol-das-aldeias\/#breadcrumb","itemListElement":[{"@type":"ListItem","position":1,"name":"In\u00edcio","item":"https:\/\/vanderloubet.com.br\/deputado\/"},{"@type":"ListItem","position":2,"name":"Ind\u00edgenas de Aral Moreira agradecem a Vander por trabalho em prol das aldeias"}]},{"@type":"WebSite","@id":"https:\/\/vanderloubet.com.br\/deputado\/#website","url":"https:\/\/vanderloubet.com.br\/deputado\/","name":"Deputado Federal Vander Loubet","description":"O Federal de MS","publisher":{"@id":"https:\/\/vanderloubet.com.br\/deputado\/#organization"},"alternateName":"Deputado Vander","potentialAction":[{"@type":"SearchAction","target":{"@type":"EntryPoint","urlTemplate":"https:\/\/vanderloubet.com.br\/deputado\/?s={search_term_string}"},"query-input":{"@type":"PropertyValueSpecification","valueRequired":true,"valueName":"search_term_string"}}],"inLanguage":"pt-BR"},{"@type":"Organization","@id":"https:\/\/vanderloubet.com.br\/deputado\/#organization","name":"Deputado Federal Vander Loubet","alternateName":"Deputado Vander","url":"https:\/\/vanderloubet.com.br\/deputado\/","logo":{"@type":"ImageObject","inLanguage":"pt-BR","@id":"https:\/\/vanderloubet.com.br\/deputado\/#\/schema\/logo\/image\/","url":"https:\/\/vanderloubet.com.br\/deputado\/wp-content\/uploads\/2023\/06\/foto-2023-06-19-mandato-deputado-vander.jpg","contentUrl":"https:\/\/vanderloubet.com.br\/deputado\/wp-content\/uploads\/2023\/06\/foto-2023-06-19-mandato-deputado-vander.jpg","width":1080,"height":1080,"caption":"Deputado Federal Vander Loubet"},"image":{"@id":"https:\/\/vanderloubet.com.br\/deputado\/#\/schema\/logo\/image\/"},"sameAs":["https:\/\/facebook.com\/deputadovander","https:\/\/x.com\/vanderloubet","https:\/\/instagram.com\/vanderloubet","https:\/\/youtube.com\/vanderloubet","https:\/\/tiktok.com\/@vanderloubetms"]},{"@type":"Person","@id":"https:\/\/vanderloubet.com.br\/deputado\/#\/schema\/person\/15b51bd564532a8a68d9dec1b8eb890e","name":"\u00c9der","image":{"@type":"ImageObject","inLanguage":"pt-BR","@id":"https:\/\/vanderloubet.com.br\/deputado\/wp-content\/litespeed\/avatar\/88ca4090d9d5ab1c9495f6ca03b68efa.jpg?ver=1777058957","url":"https:\/\/vanderloubet.com.br\/deputado\/wp-content\/litespeed\/avatar\/88ca4090d9d5ab1c9495f6ca03b68efa.jpg?ver=1777058957","contentUrl":"https:\/\/vanderloubet.com.br\/deputado\/wp-content\/litespeed\/avatar\/88ca4090d9d5ab1c9495f6ca03b68efa.jpg?ver=1777058957","caption":"\u00c9der"}}]}},"jetpack_featured_media_url":"https:\/\/vanderloubet.com.br\/deputado\/wp-content\/uploads\/2019\/10\/foto-2019-10-17-aldeia-guassuty-aral-moreira-3.jpg","jetpack_sharing_enabled":true,"_links":{"self":[{"href":"https:\/\/vanderloubet.com.br\/deputado\/wp-json\/wp\/v2\/posts\/16012","targetHints":{"allow":["GET"]}}],"collection":[{"href":"https:\/\/vanderloubet.com.br\/deputado\/wp-json\/wp\/v2\/posts"}],"about":[{"href":"https:\/\/vanderloubet.com.br\/deputado\/wp-json\/wp\/v2\/types\/post"}],"author":[{"embeddable":true,"href":"https:\/\/vanderloubet.com.br\/deputado\/wp-json\/wp\/v2\/users\/2"}],"replies":[{"embeddable":true,"href":"https:\/\/vanderloubet.com.br\/deputado\/wp-json\/wp\/v2\/comments?post=16012"}],"version-history":[{"count":0,"href":"https:\/\/vanderloubet.com.br\/deputado\/wp-json\/wp\/v2\/posts\/16012\/revisions"}],"wp:featuredmedia":[{"embeddable":true,"href":"https:\/\/vanderloubet.com.br\/deputado\/wp-json\/wp\/v2\/media\/16015"}],"wp:attachment":[{"href":"https:\/\/vanderloubet.com.br\/deputado\/wp-json\/wp\/v2\/media?parent=16012"}],"wp:term":[{"taxonomy":"category","embeddable":true,"href":"https:\/\/vanderloubet.com.br\/deputado\/wp-json\/wp\/v2\/categories?post=16012"},{"taxonomy":"post_tag","embeddable":true,"href":"https:\/\/vanderloubet.com.br\/deputado\/wp-json\/wp\/v2\/tags?post=16012"}],"curies":[{"name":"wp","href":"https:\/\/api.w.org\/{rel}","templated":true}]}}