{"id":15973,"date":"2019-10-08T19:16:15","date_gmt":"2019-10-08T23:16:15","guid":{"rendered":"http:\/\/vanderloubet.com.br\/deputado\/?p=15973"},"modified":"2019-10-08T20:52:45","modified_gmt":"2019-10-09T00:52:45","slug":"vereador-de-paranaiba-parabeniza-vander-por-atuacao-e-agradece-pa-carregadeira","status":"publish","type":"post","link":"https:\/\/vanderloubet.com.br\/deputado\/vereador-de-paranaiba-parabeniza-vander-por-atuacao-e-agradece-pa-carregadeira\/","title":{"rendered":"Vereador de Parana\u00edba parabeniza Vander por atua\u00e7\u00e3o e agradece p\u00e1 carregadeira"},"content":{"rendered":"<p><iframe title=\"Parana\u00edba recebe p\u00e1 carregadeira viabilizada pelo deputado Vander junto \u00e0 Sudeco\" width=\"696\" height=\"392\" src=\"https:\/\/www.youtube.com\/embed\/9g6T5xdzjQI?feature=oembed\" frameborder=\"0\" allow=\"accelerometer; autoplay; encrypted-media; gyroscope; picture-in-picture\" allowfullscreen><\/iframe><\/p>\n<p>A C\u00e2mara Municipal de Parana\u00edba enviou recentemente ao gabinete do deputado federal Vander Loubet, em Bras\u00edlia, duas mo\u00e7\u00f5es de aplauso de autoria do vereador Andrew Robalinho.<\/p>\n<p>No primeiro documento, Robalinho parabenizou Vander por ser o <a href=\"http:\/\/vanderloubet.com.br\/deputado\/vander-tem-o-melhor-desempenho-na-conquista-de-verbas-federais-para-ms\/\" rel=\"noopener noreferrer\" target=\"_blank\">congressista sul-mato-grossense que mais emendas parlamentares viabilizou nos \u00faltimos cinco anos<\/a>. Essa informa\u00e7\u00e3o faz parte de um levantamento realizado a partir de dados do Siga Brasil, portal do Senado Federal que acompanha a execu\u00e7\u00e3o do or\u00e7amento federal.<\/p>\n<p>Para o munic\u00edpio, o deputado j\u00e1 destinou quase R$ 20 milh\u00f5es em recursos e investimentos desde o seu primeiro mandato, iniciado em fevereiro de 2003.<\/p>\n<p>Na outra mo\u00e7\u00e3o, o vereador de Parana\u00edba agradeceu ao deputado pelos recursos viabilizados junto \u00e0 Superintend\u00eancia de Desenvolvimento do Centro-Oeste (Sudeco), que permitiram \u00e0 Prefeitura adquirir uma p\u00e1 carregadeira.<\/p>\n<p>A p\u00e1 carregadeira est\u00e1 avaliada em R$ 318 mil (R$ 300 mil conquistados por Vander na Sudeco e R$ 18 mil de contrapartida da administra\u00e7\u00e3o do prefeito Ronaldo Miziara) e ser\u00e1 utilizada nos servi\u00e7os de recupera\u00e7\u00e3o e manuten\u00e7\u00e3o de estradas vicinais.<\/p>\n<p><em>(\u00c9der F. Yanaguita &#8211; Ascom\/Dep. Vander Loubet)<\/em><\/p>\n\r\n                <style type=\"text\/css\">\r\n                    \r\n                    #tdi_1  .td-doubleSlider-2 .td-item1 {\r\n                        background: url(https:\/\/vanderloubet.com.br\/deputado\/wp-content\/uploads\/2019\/10\/foto-2019-10-04-mocao-camara-paranaiba-1-1-80x60.jpg) 0 0 no-repeat;\r\n                    }\r\n                    #tdi_1  .td-doubleSlider-2 .td-item2 {\r\n                        background: url(https:\/\/vanderloubet.com.br\/deputado\/wp-content\/uploads\/2019\/10\/foto-2019-10-04-mocao-camara-paranaiba-1-2-80x60.jpg) 0 0 no-repeat;\r\n                    }\r\n                    #tdi_1  .td-doubleSlider-2 .td-item3 {\r\n                        background: url(https:\/\/vanderloubet.com.br\/deputado\/wp-content\/uploads\/2019\/10\/foto-2019-10-04-mocao-camara-paranaiba-1-3-80x60.jpg) 0 0 no-repeat;\r\n                    }\r\n                    #tdi_1  .td-doubleSlider-2 .td-item4 {\r\n                        background: url(https:\/\/vanderloubet.com.br\/deputado\/wp-content\/uploads\/2019\/10\/foto-2019-10-08-pa-carregadeira-80x60.jpg) 0 0 no-repeat;\r\n                    }\r\n                    #tdi_1  .td-doubleSlider-2 .td-item5 {\r\n                        background: url(https:\/\/vanderloubet.com.br\/deputado\/wp-content\/uploads\/2019\/10\/foto-2019-10-04-mocao-camara-paranaiba-2-1-80x60.jpg) 0 0 no-repeat;\r\n                    }\r\n                    #tdi_1  .td-doubleSlider-2 .td-item6 {\r\n                        background: url(https:\/\/vanderloubet.com.br\/deputado\/wp-content\/uploads\/2019\/10\/foto-2019-10-04-mocao-camara-paranaiba-2-2-80x60.jpg) 0 0 no-repeat;\r\n                    }\r\n                <\/style>\r\n\r\n                <div id=\"tdi_1\" class=\"td-gallery td-slide-on-2-columns\">\r\n                    <div class=\"post_td_gallery\">\r\n                        <div class=\"td-gallery-slide-top\">\r\n                           <div class=\"td-gallery-title\"><\/div>\r\n\r\n                            <div class=\"td-gallery-controls-wrapper\">\r\n                                <div class=\"td-gallery-slide-count\"><span class=\"td-gallery-slide-item-focus\">1<\/span> de 6<\/div>\r\n                                <div class=\"td-gallery-slide-prev-next-but\">\r\n                                    <i class = \"td-icon-left doubleSliderPrevButton\"><\/i>\r\n                                    <i class = \"td-icon-right doubleSliderNextButton\"><\/i>\r\n                                <\/div>\r\n                            <\/div>\r\n                        <\/div>\r\n\r\n                        <div class = \"td-doubleSlider-1 \">\r\n                            <div class = \"td-slider\">\r\n                                \r\n                    <div class = \"td-slide-item td-item1\">\r\n                        <figure class=\"td-slide-galery-figure td-slide-popup-gallery\">\r\n                            <a class=\"slide-gallery-image-link\" href=\"https:\/\/vanderloubet.com.br\/deputado\/wp-content\/uploads\/2019\/10\/foto-2019-10-04-mocao-camara-paranaiba-1-1.jpg\" title=\"Vereador Robalinho parabenizou Vander por sua atua\u00e7\u00e3o em prol de Parana\u00edba e de todo o MS\"  data-caption=\"\"  data-description=\"Vereador Robalinho parabenizou Vander por sua atua&ccedil;&atilde;o em prol de Parana&iacute;ba e de todo o MS\">\r\n                                <img decoding=\"async\" src=\"https:\/\/vanderloubet.com.br\/deputado\/wp-content\/uploads\/2019\/10\/foto-2019-10-04-mocao-camara-paranaiba-1-1-297x420.jpg\" srcset=\"https:\/\/vanderloubet.com.br\/deputado\/wp-content\/uploads\/2019\/10\/foto-2019-10-04-mocao-camara-paranaiba-1-1-297x420.jpg 297w, https:\/\/vanderloubet.com.br\/deputado\/wp-content\/uploads\/2019\/10\/foto-2019-10-04-mocao-camara-paranaiba-1-1-350x495.jpg 350w, https:\/\/vanderloubet.com.br\/deputado\/wp-content\/uploads\/2019\/10\/foto-2019-10-04-mocao-camara-paranaiba-1-1-768x1086.jpg 768w, https:\/\/vanderloubet.com.br\/deputado\/wp-content\/uploads\/2019\/10\/foto-2019-10-04-mocao-camara-paranaiba-1-1-700x990.jpg 700w, https:\/\/vanderloubet.com.br\/deputado\/wp-content\/uploads\/2019\/10\/foto-2019-10-04-mocao-camara-paranaiba-1-1-696x984.jpg 696w, https:\/\/vanderloubet.com.br\/deputado\/wp-content\/uploads\/2019\/10\/foto-2019-10-04-mocao-camara-paranaiba-1-1.jpg 990w\" sizes=\"(max-width: 297px) 100vw, 297px\" alt=\"Vereador Robalinho parabenizou Vander por sua atua&ccedil;&atilde;o em prol de Parana&iacute;ba e de todo o MS\">\r\n                            <\/a>\r\n                            <figcaption class = \"td-slide-caption td-gallery-slide-content\"><span>Vereador Robalinho parabenizou Vander por sua atua\u00e7\u00e3o em prol de Parana\u00edba e de todo o MS<\/span><\/figcaption>\r\n                        <\/figure>\r\n                    <\/div>\r\n                    <div class = \"td-slide-item td-item2\">\r\n                        <figure class=\"td-slide-galery-figure td-slide-popup-gallery\">\r\n                            <a class=\"slide-gallery-image-link\" href=\"https:\/\/vanderloubet.com.br\/deputado\/wp-content\/uploads\/2019\/10\/foto-2019-10-04-mocao-camara-paranaiba-1-2.jpg\" title=\"Vereador Robalinho parabenizou Vander por sua atua\u00e7\u00e3o em prol de Parana\u00edba e de todo o MS\"  data-caption=\"\"  data-description=\"Vereador Robalinho parabenizou Vander por sua atua&ccedil;&atilde;o em prol de Parana&iacute;ba e de todo o MS\">\r\n                                <img decoding=\"async\" src=\"https:\/\/vanderloubet.com.br\/deputado\/wp-content\/uploads\/2019\/10\/foto-2019-10-04-mocao-camara-paranaiba-1-2-297x420.jpg\" srcset=\"https:\/\/vanderloubet.com.br\/deputado\/wp-content\/uploads\/2019\/10\/foto-2019-10-04-mocao-camara-paranaiba-1-2-297x420.jpg 297w, https:\/\/vanderloubet.com.br\/deputado\/wp-content\/uploads\/2019\/10\/foto-2019-10-04-mocao-camara-paranaiba-1-2-350x495.jpg 350w, https:\/\/vanderloubet.com.br\/deputado\/wp-content\/uploads\/2019\/10\/foto-2019-10-04-mocao-camara-paranaiba-1-2-768x1086.jpg 768w, https:\/\/vanderloubet.com.br\/deputado\/wp-content\/uploads\/2019\/10\/foto-2019-10-04-mocao-camara-paranaiba-1-2-700x990.jpg 700w, https:\/\/vanderloubet.com.br\/deputado\/wp-content\/uploads\/2019\/10\/foto-2019-10-04-mocao-camara-paranaiba-1-2-696x984.jpg 696w, https:\/\/vanderloubet.com.br\/deputado\/wp-content\/uploads\/2019\/10\/foto-2019-10-04-mocao-camara-paranaiba-1-2.jpg 990w\" sizes=\"(max-width: 297px) 100vw, 297px\" alt=\"Vereador Robalinho parabenizou Vander por sua atua&ccedil;&atilde;o em prol de Parana&iacute;ba e de todo o MS\">\r\n                            <\/a>\r\n                            <figcaption class = \"td-slide-caption td-gallery-slide-content\"><span>Vereador Robalinho parabenizou Vander por sua atua\u00e7\u00e3o em prol de Parana\u00edba e de todo o MS<\/span><\/figcaption>\r\n                        <\/figure>\r\n                    <\/div>\r\n                    <div class = \"td-slide-item td-item3\">\r\n                        <figure class=\"td-slide-galery-figure td-slide-popup-gallery\">\r\n                            <a class=\"slide-gallery-image-link\" href=\"https:\/\/vanderloubet.com.br\/deputado\/wp-content\/uploads\/2019\/10\/foto-2019-10-04-mocao-camara-paranaiba-1-3.jpg\" title=\"Vereador Robalinho parabenizou Vander por sua atua\u00e7\u00e3o em prol de Parana\u00edba e de todo o MS\"  data-caption=\"\"  data-description=\"Vereador Robalinho parabenizou Vander por sua atua&ccedil;&atilde;o em prol de Parana&iacute;ba e de todo o MS\">\r\n                                <img decoding=\"async\" src=\"https:\/\/vanderloubet.com.br\/deputado\/wp-content\/uploads\/2019\/10\/foto-2019-10-04-mocao-camara-paranaiba-1-3-297x420.jpg\" srcset=\"https:\/\/vanderloubet.com.br\/deputado\/wp-content\/uploads\/2019\/10\/foto-2019-10-04-mocao-camara-paranaiba-1-3-297x420.jpg 297w, https:\/\/vanderloubet.com.br\/deputado\/wp-content\/uploads\/2019\/10\/foto-2019-10-04-mocao-camara-paranaiba-1-3-350x495.jpg 350w, https:\/\/vanderloubet.com.br\/deputado\/wp-content\/uploads\/2019\/10\/foto-2019-10-04-mocao-camara-paranaiba-1-3-768x1086.jpg 768w, https:\/\/vanderloubet.com.br\/deputado\/wp-content\/uploads\/2019\/10\/foto-2019-10-04-mocao-camara-paranaiba-1-3-700x990.jpg 700w, https:\/\/vanderloubet.com.br\/deputado\/wp-content\/uploads\/2019\/10\/foto-2019-10-04-mocao-camara-paranaiba-1-3-696x984.jpg 696w, https:\/\/vanderloubet.com.br\/deputado\/wp-content\/uploads\/2019\/10\/foto-2019-10-04-mocao-camara-paranaiba-1-3.jpg 990w\" sizes=\"(max-width: 297px) 100vw, 297px\" alt=\"Vereador Robalinho parabenizou Vander por sua atua&ccedil;&atilde;o em prol de Parana&iacute;ba e de todo o MS\">\r\n                            <\/a>\r\n                            <figcaption class = \"td-slide-caption td-gallery-slide-content\"><span>Vereador Robalinho parabenizou Vander por sua atua\u00e7\u00e3o em prol de Parana\u00edba e de todo o MS<\/span><\/figcaption>\r\n                        <\/figure>\r\n                    <\/div>\r\n                    <div class = \"td-slide-item td-item4\">\r\n                        <figure class=\"td-slide-galery-figure td-slide-popup-gallery\">\r\n                            <a class=\"slide-gallery-image-link\" href=\"https:\/\/vanderloubet.com.br\/deputado\/wp-content\/uploads\/2019\/10\/foto-2019-10-08-pa-carregadeira.jpg\" title=\"P\u00e1 carregadeira foi adquirida pela Prefeitura com recursos viabilizados por Vander na Sudeco\"  data-caption=\"\"  data-description=\"P&aacute; carregadeira foi adquirida pela Prefeitura com recursos viabilizados por Vander na Sudeco\">\r\n                                <img decoding=\"async\" src=\"https:\/\/vanderloubet.com.br\/deputado\/wp-content\/uploads\/2019\/10\/foto-2019-10-08-pa-carregadeira-630x420.jpg\" srcset=\"https:\/\/vanderloubet.com.br\/deputado\/wp-content\/uploads\/2019\/10\/foto-2019-10-08-pa-carregadeira-630x420.jpg 630w, https:\/\/vanderloubet.com.br\/deputado\/wp-content\/uploads\/2019\/10\/foto-2019-10-08-pa-carregadeira-350x233.jpg 350w, https:\/\/vanderloubet.com.br\/deputado\/wp-content\/uploads\/2019\/10\/foto-2019-10-08-pa-carregadeira-768x512.jpg 768w, https:\/\/vanderloubet.com.br\/deputado\/wp-content\/uploads\/2019\/10\/foto-2019-10-08-pa-carregadeira-700x467.jpg 700w, https:\/\/vanderloubet.com.br\/deputado\/wp-content\/uploads\/2019\/10\/foto-2019-10-08-pa-carregadeira-696x464.jpg 696w, https:\/\/vanderloubet.com.br\/deputado\/wp-content\/uploads\/2019\/10\/foto-2019-10-08-pa-carregadeira-1068x712.jpg 1068w, https:\/\/vanderloubet.com.br\/deputado\/wp-content\/uploads\/2019\/10\/foto-2019-10-08-pa-carregadeira.jpg 1080w\" sizes=\"(max-width: 630px) 100vw, 630px\" alt=\"P&aacute; carregadeira foi adquirida pela Prefeitura com recursos viabilizados por Vander na Sudeco\">\r\n                            <\/a>\r\n                            <figcaption class = \"td-slide-caption td-gallery-slide-content\"><span>P\u00e1 carregadeira foi adquirida pela Prefeitura com recursos viabilizados por Vander na Sudeco<\/span><\/figcaption>\r\n                        <\/figure>\r\n                    <\/div>\r\n                    <div class = \"td-slide-item td-item5\">\r\n                        <figure class=\"td-slide-galery-figure td-slide-popup-gallery\">\r\n                            <a class=\"slide-gallery-image-link\" href=\"https:\/\/vanderloubet.com.br\/deputado\/wp-content\/uploads\/2019\/10\/foto-2019-10-04-mocao-camara-paranaiba-2-1.jpg\" title=\"Vereador Robalinho parabenizou Vander por sua atua\u00e7\u00e3o em prol de Parana\u00edba e de todo o MS\"  data-caption=\"\"  data-description=\"Vereador Robalinho parabenizou Vander por sua atua&ccedil;&atilde;o em prol de Parana&iacute;ba e de todo o MS\">\r\n                                <img decoding=\"async\" src=\"https:\/\/vanderloubet.com.br\/deputado\/wp-content\/uploads\/2019\/10\/foto-2019-10-04-mocao-camara-paranaiba-2-1-297x420.jpg\" srcset=\"https:\/\/vanderloubet.com.br\/deputado\/wp-content\/uploads\/2019\/10\/foto-2019-10-04-mocao-camara-paranaiba-2-1-297x420.jpg 297w, https:\/\/vanderloubet.com.br\/deputado\/wp-content\/uploads\/2019\/10\/foto-2019-10-04-mocao-camara-paranaiba-2-1-350x495.jpg 350w, https:\/\/vanderloubet.com.br\/deputado\/wp-content\/uploads\/2019\/10\/foto-2019-10-04-mocao-camara-paranaiba-2-1-768x1086.jpg 768w, https:\/\/vanderloubet.com.br\/deputado\/wp-content\/uploads\/2019\/10\/foto-2019-10-04-mocao-camara-paranaiba-2-1-700x990.jpg 700w, https:\/\/vanderloubet.com.br\/deputado\/wp-content\/uploads\/2019\/10\/foto-2019-10-04-mocao-camara-paranaiba-2-1-696x984.jpg 696w, https:\/\/vanderloubet.com.br\/deputado\/wp-content\/uploads\/2019\/10\/foto-2019-10-04-mocao-camara-paranaiba-2-1.jpg 990w\" sizes=\"(max-width: 297px) 100vw, 297px\" alt=\"Vereador Robalinho parabenizou Vander por sua atua&ccedil;&atilde;o em prol de Parana&iacute;ba e de todo o MS\">\r\n                            <\/a>\r\n                            <figcaption class = \"td-slide-caption td-gallery-slide-content\"><span>Vereador Robalinho parabenizou Vander por sua atua\u00e7\u00e3o em prol de Parana\u00edba e de todo o MS<\/span><\/figcaption>\r\n                        <\/figure>\r\n                    <\/div>\r\n                    <div class = \"td-slide-item td-item6\">\r\n                        <figure class=\"td-slide-galery-figure td-slide-popup-gallery\">\r\n                            <a class=\"slide-gallery-image-link\" href=\"https:\/\/vanderloubet.com.br\/deputado\/wp-content\/uploads\/2019\/10\/foto-2019-10-04-mocao-camara-paranaiba-2-2.jpg\" title=\"Vereador Robalinho parabenizou Vander por sua atua\u00e7\u00e3o em prol de Parana\u00edba e de todo o MS\"  data-caption=\"\"  data-description=\"Vereador Robalinho parabenizou Vander por sua atua&ccedil;&atilde;o em prol de Parana&iacute;ba e de todo o MS\">\r\n                                <img decoding=\"async\" src=\"https:\/\/vanderloubet.com.br\/deputado\/wp-content\/uploads\/2019\/10\/foto-2019-10-04-mocao-camara-paranaiba-2-2-297x420.jpg\" srcset=\"https:\/\/vanderloubet.com.br\/deputado\/wp-content\/uploads\/2019\/10\/foto-2019-10-04-mocao-camara-paranaiba-2-2-297x420.jpg 297w, https:\/\/vanderloubet.com.br\/deputado\/wp-content\/uploads\/2019\/10\/foto-2019-10-04-mocao-camara-paranaiba-2-2-350x495.jpg 350w, https:\/\/vanderloubet.com.br\/deputado\/wp-content\/uploads\/2019\/10\/foto-2019-10-04-mocao-camara-paranaiba-2-2-768x1086.jpg 768w, https:\/\/vanderloubet.com.br\/deputado\/wp-content\/uploads\/2019\/10\/foto-2019-10-04-mocao-camara-paranaiba-2-2-700x990.jpg 700w, https:\/\/vanderloubet.com.br\/deputado\/wp-content\/uploads\/2019\/10\/foto-2019-10-04-mocao-camara-paranaiba-2-2-696x984.jpg 696w, https:\/\/vanderloubet.com.br\/deputado\/wp-content\/uploads\/2019\/10\/foto-2019-10-04-mocao-camara-paranaiba-2-2.jpg 990w\" sizes=\"(max-width: 297px) 100vw, 297px\" alt=\"Vereador Robalinho parabenizou Vander por sua atua&ccedil;&atilde;o em prol de Parana&iacute;ba e de todo o MS\">\r\n                            <\/a>\r\n                            <figcaption class = \"td-slide-caption td-gallery-slide-content\"><span>Vereador Robalinho parabenizou Vander por sua atua\u00e7\u00e3o em prol de Parana\u00edba e de todo o MS<\/span><\/figcaption>\r\n                        <\/figure>\r\n                    <\/div>\r\n                            <\/div>\r\n                        <\/div>\r\n\r\n                        <div class = \"td-doubleSlider-2\">\r\n                            <div class = \"td-slider\">\r\n                                \r\n                    <div class = \"td-button td-item1\">\r\n                        <div class = \"td-border\"><\/div>\r\n                    <\/div>\r\n                    <div class = \"td-button td-item2\">\r\n                        <div class = \"td-border\"><\/div>\r\n                    <\/div>\r\n                    <div class = \"td-button td-item3\">\r\n                        <div class = \"td-border\"><\/div>\r\n                    <\/div>\r\n                    <div class = \"td-button td-item4\">\r\n                        <div class = \"td-border\"><\/div>\r\n                    <\/div>\r\n                    <div class = \"td-button td-item5\">\r\n                        <div class = \"td-border\"><\/div>\r\n                    <\/div>\r\n                    <div class = \"td-button td-item6\">\r\n                        <div class = \"td-border\"><\/div>\r\n                    <\/div>\r\n                            <\/div>\r\n                        <\/div>\r\n\r\n                    <\/div>\r\n\r\n                <\/div>\r\n                \n","protected":false},"excerpt":{"rendered":"<p>P\u00e1 carregadeira est\u00e1 avaliada em R$ 318 mil, sendo R$ 300 mil conquistados pelo deputado na Sudeco e R$ 18 mil de contrapartida da Prefeitura.<\/p>\n","protected":false},"author":2,"featured_media":15981,"comment_status":"closed","ping_status":"closed","sticky":false,"template":"","format":"video","meta":{"jetpack_post_was_ever_published":false,"_jetpack_newsletter_access":"","_jetpack_dont_email_post_to_subs":false,"_jetpack_newsletter_tier_id":0,"_jetpack_memberships_contains_paywalled_content":false,"_jetpack_memberships_contains_paid_content":false,"footnotes":""},"categories":[2101,2097,10,12],"tags":[2132,73,2127,2368],"class_list":{"0":"post-15973","1":"post","2":"type-post","3":"status-publish","4":"format-video","5":"has-post-thumbnail","7":"category-multimidia","8":"category-municipios-noticias","9":"category-noticias","10":"category-videos","11":"tag-agricultura-familiar","12":"tag-agronegocio","13":"tag-emenda-parlamentar","14":"tag-infraestrutura-rural","15":"post_format-post-format-video"},"yoast_head":"<!-- This site is optimized with the Yoast SEO plugin v27.4 - https:\/\/yoast.com\/product\/yoast-seo-wordpress\/ -->\n<title>Vereador de Parana\u00edba parabeniza Vander por atua\u00e7\u00e3o e agradece p\u00e1 carregadeira<\/title>\n<meta name=\"description\" content=\"P\u00e1 carregadeira est\u00e1 avaliada em R$ 318 mil, sendo R$ 300 mil conquistados pelo deputado na Sudeco e R$ 18 mil de contrapartida da Prefeitura.\" \/>\n<meta name=\"robots\" content=\"index, follow, max-snippet:-1, max-image-preview:large, max-video-preview:-1\" \/>\n<link rel=\"canonical\" href=\"https:\/\/vanderloubet.com.br\/deputado\/vereador-de-paranaiba-parabeniza-vander-por-atuacao-e-agradece-pa-carregadeira\/\" \/>\n<meta property=\"og:locale\" content=\"pt_BR\" \/>\n<meta property=\"og:type\" content=\"article\" \/>\n<meta property=\"og:title\" content=\"Vereador de Parana\u00edba parabeniza Vander por atua\u00e7\u00e3o e agradece p\u00e1 carregadeira\" \/>\n<meta property=\"og:description\" content=\"P\u00e1 carregadeira est\u00e1 avaliada em R$ 318 mil, sendo R$ 300 mil conquistados pelo deputado na Sudeco e R$ 18 mil de contrapartida da Prefeitura.\" \/>\n<meta property=\"og:url\" content=\"https:\/\/vanderloubet.com.br\/deputado\/vereador-de-paranaiba-parabeniza-vander-por-atuacao-e-agradece-pa-carregadeira\/\" \/>\n<meta property=\"og:site_name\" content=\"Deputado Federal Vander Loubet\" \/>\n<meta property=\"article:publisher\" content=\"https:\/\/facebook.com\/deputadovander\" \/>\n<meta property=\"article:published_time\" content=\"2019-10-08T23:16:15+00:00\" \/>\n<meta property=\"article:modified_time\" content=\"2019-10-09T00:52:45+00:00\" \/>\n<meta property=\"og:image\" content=\"https:\/\/vanderloubet.com.br\/deputado\/wp-content\/uploads\/2019\/10\/foto-2019-10-08-pa-carregadeira.jpg\" \/>\n\t<meta property=\"og:image:width\" content=\"1080\" \/>\n\t<meta property=\"og:image:height\" content=\"720\" \/>\n\t<meta property=\"og:image:type\" content=\"image\/jpeg\" \/>\n<meta name=\"author\" content=\"\u00c9der\" \/>\n<meta name=\"twitter:card\" content=\"summary_large_image\" \/>\n<meta name=\"twitter:creator\" content=\"@vanderloubet\" \/>\n<meta name=\"twitter:site\" content=\"@vanderloubet\" \/>\n<script type=\"application\/ld+json\" class=\"yoast-schema-graph\">{\"@context\":\"https:\\\/\\\/schema.org\",\"@graph\":[{\"@type\":\"Article\",\"@id\":\"https:\\\/\\\/vanderloubet.com.br\\\/deputado\\\/vereador-de-paranaiba-parabeniza-vander-por-atuacao-e-agradece-pa-carregadeira\\\/#article\",\"isPartOf\":{\"@id\":\"https:\\\/\\\/vanderloubet.com.br\\\/deputado\\\/vereador-de-paranaiba-parabeniza-vander-por-atuacao-e-agradece-pa-carregadeira\\\/\"},\"author\":{\"name\":\"\u00c9der\",\"@id\":\"https:\\\/\\\/vanderloubet.com.br\\\/deputado\\\/#\\\/schema\\\/person\\\/15b51bd564532a8a68d9dec1b8eb890e\"},\"headline\":\"Vereador de Parana\u00edba parabeniza Vander por atua\u00e7\u00e3o e agradece p\u00e1 carregadeira\",\"datePublished\":\"2019-10-08T23:16:15+00:00\",\"dateModified\":\"2019-10-09T00:52:45+00:00\",\"mainEntityOfPage\":{\"@id\":\"https:\\\/\\\/vanderloubet.com.br\\\/deputado\\\/vereador-de-paranaiba-parabeniza-vander-por-atuacao-e-agradece-pa-carregadeira\\\/\"},\"wordCount\":212,\"publisher\":{\"@id\":\"https:\\\/\\\/vanderloubet.com.br\\\/deputado\\\/#organization\"},\"image\":{\"@id\":\"https:\\\/\\\/vanderloubet.com.br\\\/deputado\\\/vereador-de-paranaiba-parabeniza-vander-por-atuacao-e-agradece-pa-carregadeira\\\/#primaryimage\"},\"thumbnailUrl\":\"https:\\\/\\\/vanderloubet.com.br\\\/deputado\\\/wp-content\\\/uploads\\\/2019\\\/10\\\/foto-2019-10-08-pa-carregadeira.jpg\",\"keywords\":[\"agricultura familiar\",\"agroneg\u00f3cio\",\"emenda parlamentar\",\"infraestrutura rural\"],\"articleSection\":[\"Multim\u00eddia\",\"Munic\u00edpios\",\"Not\u00edcias\",\"V\u00eddeos\"],\"inLanguage\":\"pt-BR\"},{\"@type\":\"WebPage\",\"@id\":\"https:\\\/\\\/vanderloubet.com.br\\\/deputado\\\/vereador-de-paranaiba-parabeniza-vander-por-atuacao-e-agradece-pa-carregadeira\\\/\",\"url\":\"https:\\\/\\\/vanderloubet.com.br\\\/deputado\\\/vereador-de-paranaiba-parabeniza-vander-por-atuacao-e-agradece-pa-carregadeira\\\/\",\"name\":\"Vereador de Parana\u00edba parabeniza Vander por atua\u00e7\u00e3o e agradece p\u00e1 carregadeira\",\"isPartOf\":{\"@id\":\"https:\\\/\\\/vanderloubet.com.br\\\/deputado\\\/#website\"},\"primaryImageOfPage\":{\"@id\":\"https:\\\/\\\/vanderloubet.com.br\\\/deputado\\\/vereador-de-paranaiba-parabeniza-vander-por-atuacao-e-agradece-pa-carregadeira\\\/#primaryimage\"},\"image\":{\"@id\":\"https:\\\/\\\/vanderloubet.com.br\\\/deputado\\\/vereador-de-paranaiba-parabeniza-vander-por-atuacao-e-agradece-pa-carregadeira\\\/#primaryimage\"},\"thumbnailUrl\":\"https:\\\/\\\/vanderloubet.com.br\\\/deputado\\\/wp-content\\\/uploads\\\/2019\\\/10\\\/foto-2019-10-08-pa-carregadeira.jpg\",\"datePublished\":\"2019-10-08T23:16:15+00:00\",\"dateModified\":\"2019-10-09T00:52:45+00:00\",\"description\":\"P\u00e1 carregadeira est\u00e1 avaliada em R$ 318 mil, sendo R$ 300 mil conquistados pelo deputado na Sudeco e R$ 18 mil de contrapartida da Prefeitura.\",\"breadcrumb\":{\"@id\":\"https:\\\/\\\/vanderloubet.com.br\\\/deputado\\\/vereador-de-paranaiba-parabeniza-vander-por-atuacao-e-agradece-pa-carregadeira\\\/#breadcrumb\"},\"inLanguage\":\"pt-BR\",\"potentialAction\":[{\"@type\":\"ReadAction\",\"target\":[\"https:\\\/\\\/vanderloubet.com.br\\\/deputado\\\/vereador-de-paranaiba-parabeniza-vander-por-atuacao-e-agradece-pa-carregadeira\\\/\"]}]},{\"@type\":\"ImageObject\",\"inLanguage\":\"pt-BR\",\"@id\":\"https:\\\/\\\/vanderloubet.com.br\\\/deputado\\\/vereador-de-paranaiba-parabeniza-vander-por-atuacao-e-agradece-pa-carregadeira\\\/#primaryimage\",\"url\":\"https:\\\/\\\/vanderloubet.com.br\\\/deputado\\\/wp-content\\\/uploads\\\/2019\\\/10\\\/foto-2019-10-08-pa-carregadeira.jpg\",\"contentUrl\":\"https:\\\/\\\/vanderloubet.com.br\\\/deputado\\\/wp-content\\\/uploads\\\/2019\\\/10\\\/foto-2019-10-08-pa-carregadeira.jpg\",\"width\":1080,\"height\":720,\"caption\":\"P\u00e1 carregadeira foi adquirida pela Prefeitura com recursos viabilizados por Vander na Sudeco\"},{\"@type\":\"BreadcrumbList\",\"@id\":\"https:\\\/\\\/vanderloubet.com.br\\\/deputado\\\/vereador-de-paranaiba-parabeniza-vander-por-atuacao-e-agradece-pa-carregadeira\\\/#breadcrumb\",\"itemListElement\":[{\"@type\":\"ListItem\",\"position\":1,\"name\":\"In\u00edcio\",\"item\":\"https:\\\/\\\/vanderloubet.com.br\\\/deputado\\\/\"},{\"@type\":\"ListItem\",\"position\":2,\"name\":\"Vereador de Parana\u00edba parabeniza Vander por atua\u00e7\u00e3o e agradece p\u00e1 carregadeira\"}]},{\"@type\":\"WebSite\",\"@id\":\"https:\\\/\\\/vanderloubet.com.br\\\/deputado\\\/#website\",\"url\":\"https:\\\/\\\/vanderloubet.com.br\\\/deputado\\\/\",\"name\":\"Deputado Federal Vander Loubet\",\"description\":\"O Federal de MS\",\"publisher\":{\"@id\":\"https:\\\/\\\/vanderloubet.com.br\\\/deputado\\\/#organization\"},\"alternateName\":\"Deputado Vander\",\"potentialAction\":[{\"@type\":\"SearchAction\",\"target\":{\"@type\":\"EntryPoint\",\"urlTemplate\":\"https:\\\/\\\/vanderloubet.com.br\\\/deputado\\\/?s={search_term_string}\"},\"query-input\":{\"@type\":\"PropertyValueSpecification\",\"valueRequired\":true,\"valueName\":\"search_term_string\"}}],\"inLanguage\":\"pt-BR\"},{\"@type\":\"Organization\",\"@id\":\"https:\\\/\\\/vanderloubet.com.br\\\/deputado\\\/#organization\",\"name\":\"Deputado Federal Vander Loubet\",\"alternateName\":\"Deputado Vander\",\"url\":\"https:\\\/\\\/vanderloubet.com.br\\\/deputado\\\/\",\"logo\":{\"@type\":\"ImageObject\",\"inLanguage\":\"pt-BR\",\"@id\":\"https:\\\/\\\/vanderloubet.com.br\\\/deputado\\\/#\\\/schema\\\/logo\\\/image\\\/\",\"url\":\"https:\\\/\\\/vanderloubet.com.br\\\/deputado\\\/wp-content\\\/uploads\\\/2023\\\/06\\\/foto-2023-06-19-mandato-deputado-vander.jpg\",\"contentUrl\":\"https:\\\/\\\/vanderloubet.com.br\\\/deputado\\\/wp-content\\\/uploads\\\/2023\\\/06\\\/foto-2023-06-19-mandato-deputado-vander.jpg\",\"width\":1080,\"height\":1080,\"caption\":\"Deputado Federal Vander Loubet\"},\"image\":{\"@id\":\"https:\\\/\\\/vanderloubet.com.br\\\/deputado\\\/#\\\/schema\\\/logo\\\/image\\\/\"},\"sameAs\":[\"https:\\\/\\\/facebook.com\\\/deputadovander\",\"https:\\\/\\\/x.com\\\/vanderloubet\",\"https:\\\/\\\/instagram.com\\\/vanderloubet\",\"https:\\\/\\\/youtube.com\\\/vanderloubet\",\"https:\\\/\\\/tiktok.com\\\/@vanderloubetms\"]},{\"@type\":\"Person\",\"@id\":\"https:\\\/\\\/vanderloubet.com.br\\\/deputado\\\/#\\\/schema\\\/person\\\/15b51bd564532a8a68d9dec1b8eb890e\",\"name\":\"\u00c9der\",\"image\":{\"@type\":\"ImageObject\",\"inLanguage\":\"pt-BR\",\"@id\":\"https:\\\/\\\/vanderloubet.com.br\\\/deputado\\\/wp-content\\\/litespeed\\\/avatar\\\/88ca4090d9d5ab1c9495f6ca03b68efa.jpg?ver=1777058957\",\"url\":\"https:\\\/\\\/vanderloubet.com.br\\\/deputado\\\/wp-content\\\/litespeed\\\/avatar\\\/88ca4090d9d5ab1c9495f6ca03b68efa.jpg?ver=1777058957\",\"contentUrl\":\"https:\\\/\\\/vanderloubet.com.br\\\/deputado\\\/wp-content\\\/litespeed\\\/avatar\\\/88ca4090d9d5ab1c9495f6ca03b68efa.jpg?ver=1777058957\",\"caption\":\"\u00c9der\"}}]}<\/script>\n<!-- \/ Yoast SEO plugin. -->","yoast_head_json":{"title":"Vereador de Parana\u00edba parabeniza Vander por atua\u00e7\u00e3o e agradece p\u00e1 carregadeira","description":"P\u00e1 carregadeira est\u00e1 avaliada em R$ 318 mil, sendo R$ 300 mil conquistados pelo deputado na Sudeco e R$ 18 mil de contrapartida da Prefeitura.","robots":{"index":"index","follow":"follow","max-snippet":"max-snippet:-1","max-image-preview":"max-image-preview:large","max-video-preview":"max-video-preview:-1"},"canonical":"https:\/\/vanderloubet.com.br\/deputado\/vereador-de-paranaiba-parabeniza-vander-por-atuacao-e-agradece-pa-carregadeira\/","og_locale":"pt_BR","og_type":"article","og_title":"Vereador de Parana\u00edba parabeniza Vander por atua\u00e7\u00e3o e agradece p\u00e1 carregadeira","og_description":"P\u00e1 carregadeira est\u00e1 avaliada em R$ 318 mil, sendo R$ 300 mil conquistados pelo deputado na Sudeco e R$ 18 mil de contrapartida da Prefeitura.","og_url":"https:\/\/vanderloubet.com.br\/deputado\/vereador-de-paranaiba-parabeniza-vander-por-atuacao-e-agradece-pa-carregadeira\/","og_site_name":"Deputado Federal Vander Loubet","article_publisher":"https:\/\/facebook.com\/deputadovander","article_published_time":"2019-10-08T23:16:15+00:00","article_modified_time":"2019-10-09T00:52:45+00:00","og_image":[{"width":1080,"height":720,"url":"https:\/\/vanderloubet.com.br\/deputado\/wp-content\/uploads\/2019\/10\/foto-2019-10-08-pa-carregadeira.jpg","type":"image\/jpeg"}],"author":"\u00c9der","twitter_card":"summary_large_image","twitter_creator":"@vanderloubet","twitter_site":"@vanderloubet","schema":{"@context":"https:\/\/schema.org","@graph":[{"@type":"Article","@id":"https:\/\/vanderloubet.com.br\/deputado\/vereador-de-paranaiba-parabeniza-vander-por-atuacao-e-agradece-pa-carregadeira\/#article","isPartOf":{"@id":"https:\/\/vanderloubet.com.br\/deputado\/vereador-de-paranaiba-parabeniza-vander-por-atuacao-e-agradece-pa-carregadeira\/"},"author":{"name":"\u00c9der","@id":"https:\/\/vanderloubet.com.br\/deputado\/#\/schema\/person\/15b51bd564532a8a68d9dec1b8eb890e"},"headline":"Vereador de Parana\u00edba parabeniza Vander por atua\u00e7\u00e3o e agradece p\u00e1 carregadeira","datePublished":"2019-10-08T23:16:15+00:00","dateModified":"2019-10-09T00:52:45+00:00","mainEntityOfPage":{"@id":"https:\/\/vanderloubet.com.br\/deputado\/vereador-de-paranaiba-parabeniza-vander-por-atuacao-e-agradece-pa-carregadeira\/"},"wordCount":212,"publisher":{"@id":"https:\/\/vanderloubet.com.br\/deputado\/#organization"},"image":{"@id":"https:\/\/vanderloubet.com.br\/deputado\/vereador-de-paranaiba-parabeniza-vander-por-atuacao-e-agradece-pa-carregadeira\/#primaryimage"},"thumbnailUrl":"https:\/\/vanderloubet.com.br\/deputado\/wp-content\/uploads\/2019\/10\/foto-2019-10-08-pa-carregadeira.jpg","keywords":["agricultura familiar","agroneg\u00f3cio","emenda parlamentar","infraestrutura rural"],"articleSection":["Multim\u00eddia","Munic\u00edpios","Not\u00edcias","V\u00eddeos"],"inLanguage":"pt-BR"},{"@type":"WebPage","@id":"https:\/\/vanderloubet.com.br\/deputado\/vereador-de-paranaiba-parabeniza-vander-por-atuacao-e-agradece-pa-carregadeira\/","url":"https:\/\/vanderloubet.com.br\/deputado\/vereador-de-paranaiba-parabeniza-vander-por-atuacao-e-agradece-pa-carregadeira\/","name":"Vereador de Parana\u00edba parabeniza Vander por atua\u00e7\u00e3o e agradece p\u00e1 carregadeira","isPartOf":{"@id":"https:\/\/vanderloubet.com.br\/deputado\/#website"},"primaryImageOfPage":{"@id":"https:\/\/vanderloubet.com.br\/deputado\/vereador-de-paranaiba-parabeniza-vander-por-atuacao-e-agradece-pa-carregadeira\/#primaryimage"},"image":{"@id":"https:\/\/vanderloubet.com.br\/deputado\/vereador-de-paranaiba-parabeniza-vander-por-atuacao-e-agradece-pa-carregadeira\/#primaryimage"},"thumbnailUrl":"https:\/\/vanderloubet.com.br\/deputado\/wp-content\/uploads\/2019\/10\/foto-2019-10-08-pa-carregadeira.jpg","datePublished":"2019-10-08T23:16:15+00:00","dateModified":"2019-10-09T00:52:45+00:00","description":"P\u00e1 carregadeira est\u00e1 avaliada em R$ 318 mil, sendo R$ 300 mil conquistados pelo deputado na Sudeco e R$ 18 mil de contrapartida da Prefeitura.","breadcrumb":{"@id":"https:\/\/vanderloubet.com.br\/deputado\/vereador-de-paranaiba-parabeniza-vander-por-atuacao-e-agradece-pa-carregadeira\/#breadcrumb"},"inLanguage":"pt-BR","potentialAction":[{"@type":"ReadAction","target":["https:\/\/vanderloubet.com.br\/deputado\/vereador-de-paranaiba-parabeniza-vander-por-atuacao-e-agradece-pa-carregadeira\/"]}]},{"@type":"ImageObject","inLanguage":"pt-BR","@id":"https:\/\/vanderloubet.com.br\/deputado\/vereador-de-paranaiba-parabeniza-vander-por-atuacao-e-agradece-pa-carregadeira\/#primaryimage","url":"https:\/\/vanderloubet.com.br\/deputado\/wp-content\/uploads\/2019\/10\/foto-2019-10-08-pa-carregadeira.jpg","contentUrl":"https:\/\/vanderloubet.com.br\/deputado\/wp-content\/uploads\/2019\/10\/foto-2019-10-08-pa-carregadeira.jpg","width":1080,"height":720,"caption":"P\u00e1 carregadeira foi adquirida pela Prefeitura com recursos viabilizados por Vander na Sudeco"},{"@type":"BreadcrumbList","@id":"https:\/\/vanderloubet.com.br\/deputado\/vereador-de-paranaiba-parabeniza-vander-por-atuacao-e-agradece-pa-carregadeira\/#breadcrumb","itemListElement":[{"@type":"ListItem","position":1,"name":"In\u00edcio","item":"https:\/\/vanderloubet.com.br\/deputado\/"},{"@type":"ListItem","position":2,"name":"Vereador de Parana\u00edba parabeniza Vander por atua\u00e7\u00e3o e agradece p\u00e1 carregadeira"}]},{"@type":"WebSite","@id":"https:\/\/vanderloubet.com.br\/deputado\/#website","url":"https:\/\/vanderloubet.com.br\/deputado\/","name":"Deputado Federal Vander Loubet","description":"O Federal de MS","publisher":{"@id":"https:\/\/vanderloubet.com.br\/deputado\/#organization"},"alternateName":"Deputado Vander","potentialAction":[{"@type":"SearchAction","target":{"@type":"EntryPoint","urlTemplate":"https:\/\/vanderloubet.com.br\/deputado\/?s={search_term_string}"},"query-input":{"@type":"PropertyValueSpecification","valueRequired":true,"valueName":"search_term_string"}}],"inLanguage":"pt-BR"},{"@type":"Organization","@id":"https:\/\/vanderloubet.com.br\/deputado\/#organization","name":"Deputado Federal Vander Loubet","alternateName":"Deputado Vander","url":"https:\/\/vanderloubet.com.br\/deputado\/","logo":{"@type":"ImageObject","inLanguage":"pt-BR","@id":"https:\/\/vanderloubet.com.br\/deputado\/#\/schema\/logo\/image\/","url":"https:\/\/vanderloubet.com.br\/deputado\/wp-content\/uploads\/2023\/06\/foto-2023-06-19-mandato-deputado-vander.jpg","contentUrl":"https:\/\/vanderloubet.com.br\/deputado\/wp-content\/uploads\/2023\/06\/foto-2023-06-19-mandato-deputado-vander.jpg","width":1080,"height":1080,"caption":"Deputado Federal Vander Loubet"},"image":{"@id":"https:\/\/vanderloubet.com.br\/deputado\/#\/schema\/logo\/image\/"},"sameAs":["https:\/\/facebook.com\/deputadovander","https:\/\/x.com\/vanderloubet","https:\/\/instagram.com\/vanderloubet","https:\/\/youtube.com\/vanderloubet","https:\/\/tiktok.com\/@vanderloubetms"]},{"@type":"Person","@id":"https:\/\/vanderloubet.com.br\/deputado\/#\/schema\/person\/15b51bd564532a8a68d9dec1b8eb890e","name":"\u00c9der","image":{"@type":"ImageObject","inLanguage":"pt-BR","@id":"https:\/\/vanderloubet.com.br\/deputado\/wp-content\/litespeed\/avatar\/88ca4090d9d5ab1c9495f6ca03b68efa.jpg?ver=1777058957","url":"https:\/\/vanderloubet.com.br\/deputado\/wp-content\/litespeed\/avatar\/88ca4090d9d5ab1c9495f6ca03b68efa.jpg?ver=1777058957","contentUrl":"https:\/\/vanderloubet.com.br\/deputado\/wp-content\/litespeed\/avatar\/88ca4090d9d5ab1c9495f6ca03b68efa.jpg?ver=1777058957","caption":"\u00c9der"}}]}},"jetpack_featured_media_url":"https:\/\/vanderloubet.com.br\/deputado\/wp-content\/uploads\/2019\/10\/foto-2019-10-08-pa-carregadeira.jpg","jetpack_sharing_enabled":true,"_links":{"self":[{"href":"https:\/\/vanderloubet.com.br\/deputado\/wp-json\/wp\/v2\/posts\/15973","targetHints":{"allow":["GET"]}}],"collection":[{"href":"https:\/\/vanderloubet.com.br\/deputado\/wp-json\/wp\/v2\/posts"}],"about":[{"href":"https:\/\/vanderloubet.com.br\/deputado\/wp-json\/wp\/v2\/types\/post"}],"author":[{"embeddable":true,"href":"https:\/\/vanderloubet.com.br\/deputado\/wp-json\/wp\/v2\/users\/2"}],"replies":[{"embeddable":true,"href":"https:\/\/vanderloubet.com.br\/deputado\/wp-json\/wp\/v2\/comments?post=15973"}],"version-history":[{"count":0,"href":"https:\/\/vanderloubet.com.br\/deputado\/wp-json\/wp\/v2\/posts\/15973\/revisions"}],"wp:featuredmedia":[{"embeddable":true,"href":"https:\/\/vanderloubet.com.br\/deputado\/wp-json\/wp\/v2\/media\/15981"}],"wp:attachment":[{"href":"https:\/\/vanderloubet.com.br\/deputado\/wp-json\/wp\/v2\/media?parent=15973"}],"wp:term":[{"taxonomy":"category","embeddable":true,"href":"https:\/\/vanderloubet.com.br\/deputado\/wp-json\/wp\/v2\/categories?post=15973"},{"taxonomy":"post_tag","embeddable":true,"href":"https:\/\/vanderloubet.com.br\/deputado\/wp-json\/wp\/v2\/tags?post=15973"}],"curies":[{"name":"wp","href":"https:\/\/api.w.org\/{rel}","templated":true}]}}