{"id":15904,"date":"2019-09-25T09:00:45","date_gmt":"2019-09-25T13:00:45","guid":{"rendered":"http:\/\/vanderloubet.com.br\/deputado\/?p=15904"},"modified":"2019-09-30T11:10:13","modified_gmt":"2019-09-30T15:10:13","slug":"nota-de-esclarecimento-sobre-lei-do-abuso-de-autoridade","status":"publish","type":"post","link":"https:\/\/vanderloubet.com.br\/deputado\/nota-de-esclarecimento-sobre-lei-do-abuso-de-autoridade\/","title":{"rendered":"Nota de esclarecimento sobre Lei do Abuso de Autoridade"},"content":{"rendered":"<p>Venho a p\u00fablico esclarecer que ontem (24) houve um erro no registro do meu voto a respeito da vota\u00e7\u00e3o do Veto n\u00ba 31\/2019, relacionado \u00e0 chamada Lei do Abuso de Autoridade (Lei n\u00ba 13.869 de 05\/09\/2019), durante a sess\u00e3o do Congresso Nacional.<\/p>\n<p>O voto foi feito por meio de c\u00e9dula de papel distribu\u00edda pelas lideran\u00e7as dos partidos. Alguns parlamentares do Partido dos Trabalhadores &#8211; PT receberam por engano c\u00e9dulas com o voto &#8220;sim&#8221; (a favor dos vetos presidenciais). Parte desses parlamentares conseguiram corrigir as c\u00e9dulas para registrar o voto &#8220;n\u00e3o&#8221; (contra os vetos presidenciais). Infelizmente, n\u00e3o consegui corrigir a minha c\u00e9dula, o que causou o registro favor\u00e1vel aos vetos, situa\u00e7\u00e3o semelhante pela qual passou meu colega de bancada Rog\u00e9rio Correia (PT-MG).<\/p>\n<p>Diante da constata\u00e7\u00e3o do erro, procurei na manh\u00e3 de hoje (25) a Lideran\u00e7a do PT na C\u00e2mara para formalizar meu pedido de retifica\u00e7\u00e3o de voto, de maneira que possa constar corretamente meu voto &#8220;n\u00e3o&#8221; aos vetos presidenciais.<\/p>\n<p>Reitero aqui minha posi\u00e7\u00e3o favor\u00e1vel (j\u00e1 assumida anteriormente nas vota\u00e7\u00f5es da C\u00e2mara) \u00e0 Lei do Abuso de Autoridade, que, como o pr\u00f3prio nome diz, tem o objetivo de combater abusos. As opera\u00e7\u00f5es de combate \u00e0 corrup\u00e7\u00e3o que seguem a norma constitucional e as regras jur\u00eddicas permanecem protegidas e certamente n\u00e3o ser\u00e3o afetados por esta nova lei. Mantenho meu entendimento de que a sociedade e o Estado Democr\u00e1tico de Direito se beneficiam dessa medida.<\/p>\n<p>Bras\u00edlia (DF), 25 de setembro de 2019.<\/p>\n<p>VANDER LOUBET<br \/>\nDeputado Federal (PT-MS)<\/p>\n\r\n                <style type=\"text\/css\">\r\n                    \r\n                    #tdi_1  .td-doubleSlider-2 .td-item1 {\r\n                        background: url(https:\/\/vanderloubet.com.br\/deputado\/wp-content\/uploads\/2019\/09\/foto-2019-09-25-oficio-lei-abuso-autoridade-1-80x60.jpg) 0 0 no-repeat;\r\n                    }\r\n                    #tdi_1  .td-doubleSlider-2 .td-item2 {\r\n                        background: url(https:\/\/vanderloubet.com.br\/deputado\/wp-content\/uploads\/2019\/09\/foto-2019-09-25-oficio-lei-abuso-autoridade-2-80x60.jpg) 0 0 no-repeat;\r\n                    }\r\n                    #tdi_1  .td-doubleSlider-2 .td-item3 {\r\n                        background: url(https:\/\/vanderloubet.com.br\/deputado\/wp-content\/uploads\/2019\/09\/foto-2019-09-25-oficio-lei-abuso-autoridade-3-80x60.jpg) 0 0 no-repeat;\r\n                    }\r\n                    #tdi_1  .td-doubleSlider-2 .td-item4 {\r\n                        background: url(https:\/\/vanderloubet.com.br\/deputado\/wp-content\/uploads\/2019\/09\/foto-2019-09-25-oficio-lei-abuso-autoridade-4-80x60.jpg) 0 0 no-repeat;\r\n                    }\r\n                <\/style>\r\n\r\n                <div id=\"tdi_1\" class=\"td-gallery td-slide-on-2-columns\">\r\n                    <div class=\"post_td_gallery\">\r\n                        <div class=\"td-gallery-slide-top\">\r\n                           <div class=\"td-gallery-title\"><\/div>\r\n\r\n                            <div class=\"td-gallery-controls-wrapper\">\r\n                                <div class=\"td-gallery-slide-count\"><span class=\"td-gallery-slide-item-focus\">1<\/span> de 4<\/div>\r\n                                <div class=\"td-gallery-slide-prev-next-but\">\r\n                                    <i class = \"td-icon-left doubleSliderPrevButton\"><\/i>\r\n                                    <i class = \"td-icon-right doubleSliderNextButton\"><\/i>\r\n                                <\/div>\r\n                            <\/div>\r\n                        <\/div>\r\n\r\n                        <div class = \"td-doubleSlider-1 \">\r\n                            <div class = \"td-slider\">\r\n                                \r\n                    <div class = \"td-slide-item td-item1\">\r\n                        <figure class=\"td-slide-galery-figure td-slide-popup-gallery\">\r\n                            <a class=\"slide-gallery-image-link\" href=\"https:\/\/vanderloubet.com.br\/deputado\/wp-content\/uploads\/2019\/09\/foto-2019-09-25-oficio-lei-abuso-autoridade-1.jpg\" title=\"Of\u00edcio enviado por Vander ao presidente do Senado\"  data-caption=\"\"  data-description=\"Of&iacute;cio enviado por Vander ao presidente do Senado\">\r\n                                <img decoding=\"async\" src=\"https:\/\/vanderloubet.com.br\/deputado\/wp-content\/uploads\/2019\/09\/foto-2019-09-25-oficio-lei-abuso-autoridade-1-297x420.jpg\" srcset=\"https:\/\/vanderloubet.com.br\/deputado\/wp-content\/uploads\/2019\/09\/foto-2019-09-25-oficio-lei-abuso-autoridade-1-297x420.jpg 297w, https:\/\/vanderloubet.com.br\/deputado\/wp-content\/uploads\/2019\/09\/foto-2019-09-25-oficio-lei-abuso-autoridade-1-350x496.jpg 350w, https:\/\/vanderloubet.com.br\/deputado\/wp-content\/uploads\/2019\/09\/foto-2019-09-25-oficio-lei-abuso-autoridade-1-768x1088.jpg 768w, https:\/\/vanderloubet.com.br\/deputado\/wp-content\/uploads\/2019\/09\/foto-2019-09-25-oficio-lei-abuso-autoridade-1-700x991.jpg 700w, https:\/\/vanderloubet.com.br\/deputado\/wp-content\/uploads\/2019\/09\/foto-2019-09-25-oficio-lei-abuso-autoridade-1-1084x1536.jpg 1084w, https:\/\/vanderloubet.com.br\/deputado\/wp-content\/uploads\/2019\/09\/foto-2019-09-25-oficio-lei-abuso-autoridade-1-696x986.jpg 696w, https:\/\/vanderloubet.com.br\/deputado\/wp-content\/uploads\/2019\/09\/foto-2019-09-25-oficio-lei-abuso-autoridade-1-1068x1513.jpg 1068w, https:\/\/vanderloubet.com.br\/deputado\/wp-content\/uploads\/2019\/09\/foto-2019-09-25-oficio-lei-abuso-autoridade-1.jpg 1280w\" sizes=\"(max-width: 297px) 100vw, 297px\" alt=\"Of&iacute;cio enviado por Vander ao presidente do Senado\">\r\n                            <\/a>\r\n                            <figcaption class = \"td-slide-caption td-gallery-slide-content\"><span>Of\u00edcio enviado por Vander ao presidente do Senado<\/span><\/figcaption>\r\n                        <\/figure>\r\n                    <\/div>\r\n                    <div class = \"td-slide-item td-item2\">\r\n                        <figure class=\"td-slide-galery-figure td-slide-popup-gallery\">\r\n                            <a class=\"slide-gallery-image-link\" href=\"https:\/\/vanderloubet.com.br\/deputado\/wp-content\/uploads\/2019\/09\/foto-2019-09-25-oficio-lei-abuso-autoridade-2.jpg\" title=\"Of\u00edcio enviado por Vander ao presidente do Senado\"  data-caption=\"\"  data-description=\"Of&iacute;cio enviado por Vander ao presidente do Senado\">\r\n                                <img decoding=\"async\" src=\"https:\/\/vanderloubet.com.br\/deputado\/wp-content\/uploads\/2019\/09\/foto-2019-09-25-oficio-lei-abuso-autoridade-2-297x420.jpg\" srcset=\"https:\/\/vanderloubet.com.br\/deputado\/wp-content\/uploads\/2019\/09\/foto-2019-09-25-oficio-lei-abuso-autoridade-2-297x420.jpg 297w, https:\/\/vanderloubet.com.br\/deputado\/wp-content\/uploads\/2019\/09\/foto-2019-09-25-oficio-lei-abuso-autoridade-2-350x496.jpg 350w, https:\/\/vanderloubet.com.br\/deputado\/wp-content\/uploads\/2019\/09\/foto-2019-09-25-oficio-lei-abuso-autoridade-2-768x1088.jpg 768w, https:\/\/vanderloubet.com.br\/deputado\/wp-content\/uploads\/2019\/09\/foto-2019-09-25-oficio-lei-abuso-autoridade-2-700x991.jpg 700w, https:\/\/vanderloubet.com.br\/deputado\/wp-content\/uploads\/2019\/09\/foto-2019-09-25-oficio-lei-abuso-autoridade-2-1084x1536.jpg 1084w, https:\/\/vanderloubet.com.br\/deputado\/wp-content\/uploads\/2019\/09\/foto-2019-09-25-oficio-lei-abuso-autoridade-2-696x986.jpg 696w, https:\/\/vanderloubet.com.br\/deputado\/wp-content\/uploads\/2019\/09\/foto-2019-09-25-oficio-lei-abuso-autoridade-2-1068x1513.jpg 1068w, https:\/\/vanderloubet.com.br\/deputado\/wp-content\/uploads\/2019\/09\/foto-2019-09-25-oficio-lei-abuso-autoridade-2.jpg 1280w\" sizes=\"(max-width: 297px) 100vw, 297px\" alt=\"Of&iacute;cio enviado por Vander ao presidente do Senado\">\r\n                            <\/a>\r\n                            <figcaption class = \"td-slide-caption td-gallery-slide-content\"><span>Of\u00edcio enviado por Vander ao presidente do Senado<\/span><\/figcaption>\r\n                        <\/figure>\r\n                    <\/div>\r\n                    <div class = \"td-slide-item td-item3\">\r\n                        <figure class=\"td-slide-galery-figure td-slide-popup-gallery\">\r\n                            <a class=\"slide-gallery-image-link\" href=\"https:\/\/vanderloubet.com.br\/deputado\/wp-content\/uploads\/2019\/09\/foto-2019-09-25-oficio-lei-abuso-autoridade-3.jpg\" title=\"Of\u00edcio enviado por Vander ao presidente do Senado\"  data-caption=\"\"  data-description=\"Of&iacute;cio enviado por Vander ao presidente do Senado\">\r\n                                <img decoding=\"async\" src=\"https:\/\/vanderloubet.com.br\/deputado\/wp-content\/uploads\/2019\/09\/foto-2019-09-25-oficio-lei-abuso-autoridade-3-297x420.jpg\" srcset=\"https:\/\/vanderloubet.com.br\/deputado\/wp-content\/uploads\/2019\/09\/foto-2019-09-25-oficio-lei-abuso-autoridade-3-297x420.jpg 297w, https:\/\/vanderloubet.com.br\/deputado\/wp-content\/uploads\/2019\/09\/foto-2019-09-25-oficio-lei-abuso-autoridade-3-350x496.jpg 350w, https:\/\/vanderloubet.com.br\/deputado\/wp-content\/uploads\/2019\/09\/foto-2019-09-25-oficio-lei-abuso-autoridade-3-768x1088.jpg 768w, https:\/\/vanderloubet.com.br\/deputado\/wp-content\/uploads\/2019\/09\/foto-2019-09-25-oficio-lei-abuso-autoridade-3-700x991.jpg 700w, https:\/\/vanderloubet.com.br\/deputado\/wp-content\/uploads\/2019\/09\/foto-2019-09-25-oficio-lei-abuso-autoridade-3-1084x1536.jpg 1084w, https:\/\/vanderloubet.com.br\/deputado\/wp-content\/uploads\/2019\/09\/foto-2019-09-25-oficio-lei-abuso-autoridade-3-696x986.jpg 696w, https:\/\/vanderloubet.com.br\/deputado\/wp-content\/uploads\/2019\/09\/foto-2019-09-25-oficio-lei-abuso-autoridade-3-1068x1513.jpg 1068w, https:\/\/vanderloubet.com.br\/deputado\/wp-content\/uploads\/2019\/09\/foto-2019-09-25-oficio-lei-abuso-autoridade-3.jpg 1280w\" sizes=\"(max-width: 297px) 100vw, 297px\" alt=\"Of&iacute;cio enviado por Vander ao presidente do Senado\">\r\n                            <\/a>\r\n                            <figcaption class = \"td-slide-caption td-gallery-slide-content\"><span>Of\u00edcio enviado por Vander ao presidente do Senado<\/span><\/figcaption>\r\n                        <\/figure>\r\n                    <\/div>\r\n                    <div class = \"td-slide-item td-item4\">\r\n                        <figure class=\"td-slide-galery-figure td-slide-popup-gallery\">\r\n                            <a class=\"slide-gallery-image-link\" href=\"https:\/\/vanderloubet.com.br\/deputado\/wp-content\/uploads\/2019\/09\/foto-2019-09-25-oficio-lei-abuso-autoridade-4.jpg\" title=\"Of\u00edcio enviado por Vander ao presidente do Senado\"  data-caption=\"\"  data-description=\"Of&iacute;cio enviado por Vander ao presidente do Senado\">\r\n                                <img decoding=\"async\" src=\"https:\/\/vanderloubet.com.br\/deputado\/wp-content\/uploads\/2019\/09\/foto-2019-09-25-oficio-lei-abuso-autoridade-4-297x420.jpg\" srcset=\"https:\/\/vanderloubet.com.br\/deputado\/wp-content\/uploads\/2019\/09\/foto-2019-09-25-oficio-lei-abuso-autoridade-4-297x420.jpg 297w, https:\/\/vanderloubet.com.br\/deputado\/wp-content\/uploads\/2019\/09\/foto-2019-09-25-oficio-lei-abuso-autoridade-4-350x496.jpg 350w, https:\/\/vanderloubet.com.br\/deputado\/wp-content\/uploads\/2019\/09\/foto-2019-09-25-oficio-lei-abuso-autoridade-4-768x1088.jpg 768w, https:\/\/vanderloubet.com.br\/deputado\/wp-content\/uploads\/2019\/09\/foto-2019-09-25-oficio-lei-abuso-autoridade-4-700x991.jpg 700w, https:\/\/vanderloubet.com.br\/deputado\/wp-content\/uploads\/2019\/09\/foto-2019-09-25-oficio-lei-abuso-autoridade-4-1084x1536.jpg 1084w, https:\/\/vanderloubet.com.br\/deputado\/wp-content\/uploads\/2019\/09\/foto-2019-09-25-oficio-lei-abuso-autoridade-4-696x986.jpg 696w, https:\/\/vanderloubet.com.br\/deputado\/wp-content\/uploads\/2019\/09\/foto-2019-09-25-oficio-lei-abuso-autoridade-4-1068x1513.jpg 1068w, https:\/\/vanderloubet.com.br\/deputado\/wp-content\/uploads\/2019\/09\/foto-2019-09-25-oficio-lei-abuso-autoridade-4.jpg 1280w\" sizes=\"(max-width: 297px) 100vw, 297px\" alt=\"Of&iacute;cio enviado por Vander ao presidente do Senado\">\r\n                            <\/a>\r\n                            <figcaption class = \"td-slide-caption td-gallery-slide-content\"><span>Of\u00edcio enviado por Vander ao presidente do Senado<\/span><\/figcaption>\r\n                        <\/figure>\r\n                    <\/div>\r\n                            <\/div>\r\n                        <\/div>\r\n\r\n                        <div class = \"td-doubleSlider-2\">\r\n                            <div class = \"td-slider\">\r\n                                \r\n                    <div class = \"td-button td-item1\">\r\n                        <div class = \"td-border\"><\/div>\r\n                    <\/div>\r\n                    <div class = \"td-button td-item2\">\r\n                        <div class = \"td-border\"><\/div>\r\n                    <\/div>\r\n                    <div class = \"td-button td-item3\">\r\n                        <div class = \"td-border\"><\/div>\r\n                    <\/div>\r\n                    <div class = \"td-button td-item4\">\r\n                        <div class = \"td-border\"><\/div>\r\n                    <\/div>\r\n                            <\/div>\r\n                        <\/div>\r\n\r\n                    <\/div>\r\n\r\n                <\/div>\r\n                \n","protected":false},"excerpt":{"rendered":"<p>Vander esclarece que houve um erro no registro do seu voto na an\u00e1lise dos vetos presidenciais \u00e0 Lei 13.869\/2019 e reitera seu apoio ao projeto.<\/p>\n","protected":false},"author":2,"featured_media":14829,"comment_status":"closed","ping_status":"closed","sticky":false,"template":"","format":"standard","meta":{"jetpack_post_was_ever_published":false,"_jetpack_newsletter_access":"","_jetpack_dont_email_post_to_subs":false,"_jetpack_newsletter_tier_id":0,"_jetpack_memberships_contains_paywalled_content":false,"_jetpack_memberships_contains_paid_content":false,"footnotes":""},"categories":[2098,10],"tags":[504,2282,1635],"class_list":{"0":"post-15904","1":"post","2":"type-post","3":"status-publish","4":"format-standard","5":"has-post-thumbnail","7":"category-brasil-noticias","8":"category-noticias","9":"tag-congresso-nacional","10":"tag-nota-de-esclarecimento","11":"tag-projeto-de-lei"},"yoast_head":"<!-- This site is optimized with the Yoast SEO plugin v27.4 - https:\/\/yoast.com\/product\/yoast-seo-wordpress\/ -->\n<title>Nota de esclarecimento sobre Lei do Abuso de Autoridade<\/title>\n<meta name=\"description\" content=\"Vander esclarece que houve um erro no registro do seu voto na an\u00e1lise dos vetos presidenciais \u00e0 Lei 13.869\/2019 e reitera seu apoio ao projeto.\" \/>\n<meta name=\"robots\" content=\"index, follow, max-snippet:-1, max-image-preview:large, max-video-preview:-1\" \/>\n<link rel=\"canonical\" href=\"https:\/\/vanderloubet.com.br\/deputado\/nota-de-esclarecimento-sobre-lei-do-abuso-de-autoridade\/\" \/>\n<meta property=\"og:locale\" content=\"pt_BR\" \/>\n<meta property=\"og:type\" content=\"article\" \/>\n<meta property=\"og:title\" content=\"Nota de esclarecimento sobre Lei do Abuso de Autoridade\" \/>\n<meta property=\"og:description\" content=\"Vander esclarece que houve um erro no registro do seu voto na an\u00e1lise dos vetos presidenciais \u00e0 Lei 13.869\/2019 e reitera seu apoio ao projeto.\" \/>\n<meta property=\"og:url\" content=\"https:\/\/vanderloubet.com.br\/deputado\/nota-de-esclarecimento-sobre-lei-do-abuso-de-autoridade\/\" \/>\n<meta property=\"og:site_name\" content=\"Deputado Federal Vander Loubet\" \/>\n<meta property=\"article:publisher\" content=\"https:\/\/facebook.com\/deputadovander\" \/>\n<meta property=\"article:published_time\" content=\"2019-09-25T13:00:45+00:00\" \/>\n<meta property=\"article:modified_time\" content=\"2019-09-30T15:10:13+00:00\" \/>\n<meta property=\"og:image\" content=\"https:\/\/vanderloubet.com.br\/deputado\/wp-content\/uploads\/2019\/03\/foto-2019-03-18-nota-esclarecimento.jpg\" \/>\n\t<meta property=\"og:image:width\" content=\"1080\" \/>\n\t<meta property=\"og:image:height\" content=\"720\" \/>\n\t<meta property=\"og:image:type\" content=\"image\/jpeg\" \/>\n<meta name=\"author\" content=\"\u00c9der\" \/>\n<meta name=\"twitter:card\" content=\"summary_large_image\" \/>\n<meta name=\"twitter:creator\" content=\"@vanderloubet\" \/>\n<meta name=\"twitter:site\" content=\"@vanderloubet\" \/>\n<script type=\"application\/ld+json\" class=\"yoast-schema-graph\">{\"@context\":\"https:\\\/\\\/schema.org\",\"@graph\":[{\"@type\":\"Article\",\"@id\":\"https:\\\/\\\/vanderloubet.com.br\\\/deputado\\\/nota-de-esclarecimento-sobre-lei-do-abuso-de-autoridade\\\/#article\",\"isPartOf\":{\"@id\":\"https:\\\/\\\/vanderloubet.com.br\\\/deputado\\\/nota-de-esclarecimento-sobre-lei-do-abuso-de-autoridade\\\/\"},\"author\":{\"name\":\"\u00c9der\",\"@id\":\"https:\\\/\\\/vanderloubet.com.br\\\/deputado\\\/#\\\/schema\\\/person\\\/15b51bd564532a8a68d9dec1b8eb890e\"},\"headline\":\"Nota de esclarecimento sobre Lei do Abuso de Autoridade\",\"datePublished\":\"2019-09-25T13:00:45+00:00\",\"dateModified\":\"2019-09-30T15:10:13+00:00\",\"mainEntityOfPage\":{\"@id\":\"https:\\\/\\\/vanderloubet.com.br\\\/deputado\\\/nota-de-esclarecimento-sobre-lei-do-abuso-de-autoridade\\\/\"},\"wordCount\":282,\"publisher\":{\"@id\":\"https:\\\/\\\/vanderloubet.com.br\\\/deputado\\\/#organization\"},\"image\":{\"@id\":\"https:\\\/\\\/vanderloubet.com.br\\\/deputado\\\/nota-de-esclarecimento-sobre-lei-do-abuso-de-autoridade\\\/#primaryimage\"},\"thumbnailUrl\":\"https:\\\/\\\/vanderloubet.com.br\\\/deputado\\\/wp-content\\\/uploads\\\/2019\\\/03\\\/foto-2019-03-18-nota-esclarecimento.jpg\",\"keywords\":[\"congresso nacional\",\"nota de esclarecimento\",\"projeto de lei\"],\"articleSection\":[\"Brasil\",\"Not\u00edcias\"],\"inLanguage\":\"pt-BR\"},{\"@type\":\"WebPage\",\"@id\":\"https:\\\/\\\/vanderloubet.com.br\\\/deputado\\\/nota-de-esclarecimento-sobre-lei-do-abuso-de-autoridade\\\/\",\"url\":\"https:\\\/\\\/vanderloubet.com.br\\\/deputado\\\/nota-de-esclarecimento-sobre-lei-do-abuso-de-autoridade\\\/\",\"name\":\"Nota de esclarecimento sobre Lei do Abuso de Autoridade\",\"isPartOf\":{\"@id\":\"https:\\\/\\\/vanderloubet.com.br\\\/deputado\\\/#website\"},\"primaryImageOfPage\":{\"@id\":\"https:\\\/\\\/vanderloubet.com.br\\\/deputado\\\/nota-de-esclarecimento-sobre-lei-do-abuso-de-autoridade\\\/#primaryimage\"},\"image\":{\"@id\":\"https:\\\/\\\/vanderloubet.com.br\\\/deputado\\\/nota-de-esclarecimento-sobre-lei-do-abuso-de-autoridade\\\/#primaryimage\"},\"thumbnailUrl\":\"https:\\\/\\\/vanderloubet.com.br\\\/deputado\\\/wp-content\\\/uploads\\\/2019\\\/03\\\/foto-2019-03-18-nota-esclarecimento.jpg\",\"datePublished\":\"2019-09-25T13:00:45+00:00\",\"dateModified\":\"2019-09-30T15:10:13+00:00\",\"description\":\"Vander esclarece que houve um erro no registro do seu voto na an\u00e1lise dos vetos presidenciais \u00e0 Lei 13.869\\\/2019 e reitera seu apoio ao projeto.\",\"breadcrumb\":{\"@id\":\"https:\\\/\\\/vanderloubet.com.br\\\/deputado\\\/nota-de-esclarecimento-sobre-lei-do-abuso-de-autoridade\\\/#breadcrumb\"},\"inLanguage\":\"pt-BR\",\"potentialAction\":[{\"@type\":\"ReadAction\",\"target\":[\"https:\\\/\\\/vanderloubet.com.br\\\/deputado\\\/nota-de-esclarecimento-sobre-lei-do-abuso-de-autoridade\\\/\"]}]},{\"@type\":\"ImageObject\",\"inLanguage\":\"pt-BR\",\"@id\":\"https:\\\/\\\/vanderloubet.com.br\\\/deputado\\\/nota-de-esclarecimento-sobre-lei-do-abuso-de-autoridade\\\/#primaryimage\",\"url\":\"https:\\\/\\\/vanderloubet.com.br\\\/deputado\\\/wp-content\\\/uploads\\\/2019\\\/03\\\/foto-2019-03-18-nota-esclarecimento.jpg\",\"contentUrl\":\"https:\\\/\\\/vanderloubet.com.br\\\/deputado\\\/wp-content\\\/uploads\\\/2019\\\/03\\\/foto-2019-03-18-nota-esclarecimento.jpg\",\"width\":1080,\"height\":720,\"caption\":\"Nota de esclarecimento do deputado Vander Loubet\"},{\"@type\":\"BreadcrumbList\",\"@id\":\"https:\\\/\\\/vanderloubet.com.br\\\/deputado\\\/nota-de-esclarecimento-sobre-lei-do-abuso-de-autoridade\\\/#breadcrumb\",\"itemListElement\":[{\"@type\":\"ListItem\",\"position\":1,\"name\":\"In\u00edcio\",\"item\":\"https:\\\/\\\/vanderloubet.com.br\\\/deputado\\\/\"},{\"@type\":\"ListItem\",\"position\":2,\"name\":\"Nota de esclarecimento sobre Lei do Abuso de Autoridade\"}]},{\"@type\":\"WebSite\",\"@id\":\"https:\\\/\\\/vanderloubet.com.br\\\/deputado\\\/#website\",\"url\":\"https:\\\/\\\/vanderloubet.com.br\\\/deputado\\\/\",\"name\":\"Deputado Federal Vander Loubet\",\"description\":\"O Federal de MS\",\"publisher\":{\"@id\":\"https:\\\/\\\/vanderloubet.com.br\\\/deputado\\\/#organization\"},\"alternateName\":\"Deputado Vander\",\"potentialAction\":[{\"@type\":\"SearchAction\",\"target\":{\"@type\":\"EntryPoint\",\"urlTemplate\":\"https:\\\/\\\/vanderloubet.com.br\\\/deputado\\\/?s={search_term_string}\"},\"query-input\":{\"@type\":\"PropertyValueSpecification\",\"valueRequired\":true,\"valueName\":\"search_term_string\"}}],\"inLanguage\":\"pt-BR\"},{\"@type\":\"Organization\",\"@id\":\"https:\\\/\\\/vanderloubet.com.br\\\/deputado\\\/#organization\",\"name\":\"Deputado Federal Vander Loubet\",\"alternateName\":\"Deputado Vander\",\"url\":\"https:\\\/\\\/vanderloubet.com.br\\\/deputado\\\/\",\"logo\":{\"@type\":\"ImageObject\",\"inLanguage\":\"pt-BR\",\"@id\":\"https:\\\/\\\/vanderloubet.com.br\\\/deputado\\\/#\\\/schema\\\/logo\\\/image\\\/\",\"url\":\"https:\\\/\\\/vanderloubet.com.br\\\/deputado\\\/wp-content\\\/uploads\\\/2023\\\/06\\\/foto-2023-06-19-mandato-deputado-vander.jpg\",\"contentUrl\":\"https:\\\/\\\/vanderloubet.com.br\\\/deputado\\\/wp-content\\\/uploads\\\/2023\\\/06\\\/foto-2023-06-19-mandato-deputado-vander.jpg\",\"width\":1080,\"height\":1080,\"caption\":\"Deputado Federal Vander Loubet\"},\"image\":{\"@id\":\"https:\\\/\\\/vanderloubet.com.br\\\/deputado\\\/#\\\/schema\\\/logo\\\/image\\\/\"},\"sameAs\":[\"https:\\\/\\\/facebook.com\\\/deputadovander\",\"https:\\\/\\\/x.com\\\/vanderloubet\",\"https:\\\/\\\/instagram.com\\\/vanderloubet\",\"https:\\\/\\\/youtube.com\\\/vanderloubet\",\"https:\\\/\\\/tiktok.com\\\/@vanderloubetms\"]},{\"@type\":\"Person\",\"@id\":\"https:\\\/\\\/vanderloubet.com.br\\\/deputado\\\/#\\\/schema\\\/person\\\/15b51bd564532a8a68d9dec1b8eb890e\",\"name\":\"\u00c9der\",\"image\":{\"@type\":\"ImageObject\",\"inLanguage\":\"pt-BR\",\"@id\":\"https:\\\/\\\/vanderloubet.com.br\\\/deputado\\\/wp-content\\\/litespeed\\\/avatar\\\/88ca4090d9d5ab1c9495f6ca03b68efa.jpg?ver=1777058957\",\"url\":\"https:\\\/\\\/vanderloubet.com.br\\\/deputado\\\/wp-content\\\/litespeed\\\/avatar\\\/88ca4090d9d5ab1c9495f6ca03b68efa.jpg?ver=1777058957\",\"contentUrl\":\"https:\\\/\\\/vanderloubet.com.br\\\/deputado\\\/wp-content\\\/litespeed\\\/avatar\\\/88ca4090d9d5ab1c9495f6ca03b68efa.jpg?ver=1777058957\",\"caption\":\"\u00c9der\"}}]}<\/script>\n<!-- \/ Yoast SEO plugin. -->","yoast_head_json":{"title":"Nota de esclarecimento sobre Lei do Abuso de Autoridade","description":"Vander esclarece que houve um erro no registro do seu voto na an\u00e1lise dos vetos presidenciais \u00e0 Lei 13.869\/2019 e reitera seu apoio ao projeto.","robots":{"index":"index","follow":"follow","max-snippet":"max-snippet:-1","max-image-preview":"max-image-preview:large","max-video-preview":"max-video-preview:-1"},"canonical":"https:\/\/vanderloubet.com.br\/deputado\/nota-de-esclarecimento-sobre-lei-do-abuso-de-autoridade\/","og_locale":"pt_BR","og_type":"article","og_title":"Nota de esclarecimento sobre Lei do Abuso de Autoridade","og_description":"Vander esclarece que houve um erro no registro do seu voto na an\u00e1lise dos vetos presidenciais \u00e0 Lei 13.869\/2019 e reitera seu apoio ao projeto.","og_url":"https:\/\/vanderloubet.com.br\/deputado\/nota-de-esclarecimento-sobre-lei-do-abuso-de-autoridade\/","og_site_name":"Deputado Federal Vander Loubet","article_publisher":"https:\/\/facebook.com\/deputadovander","article_published_time":"2019-09-25T13:00:45+00:00","article_modified_time":"2019-09-30T15:10:13+00:00","og_image":[{"width":1080,"height":720,"url":"https:\/\/vanderloubet.com.br\/deputado\/wp-content\/uploads\/2019\/03\/foto-2019-03-18-nota-esclarecimento.jpg","type":"image\/jpeg"}],"author":"\u00c9der","twitter_card":"summary_large_image","twitter_creator":"@vanderloubet","twitter_site":"@vanderloubet","schema":{"@context":"https:\/\/schema.org","@graph":[{"@type":"Article","@id":"https:\/\/vanderloubet.com.br\/deputado\/nota-de-esclarecimento-sobre-lei-do-abuso-de-autoridade\/#article","isPartOf":{"@id":"https:\/\/vanderloubet.com.br\/deputado\/nota-de-esclarecimento-sobre-lei-do-abuso-de-autoridade\/"},"author":{"name":"\u00c9der","@id":"https:\/\/vanderloubet.com.br\/deputado\/#\/schema\/person\/15b51bd564532a8a68d9dec1b8eb890e"},"headline":"Nota de esclarecimento sobre Lei do Abuso de Autoridade","datePublished":"2019-09-25T13:00:45+00:00","dateModified":"2019-09-30T15:10:13+00:00","mainEntityOfPage":{"@id":"https:\/\/vanderloubet.com.br\/deputado\/nota-de-esclarecimento-sobre-lei-do-abuso-de-autoridade\/"},"wordCount":282,"publisher":{"@id":"https:\/\/vanderloubet.com.br\/deputado\/#organization"},"image":{"@id":"https:\/\/vanderloubet.com.br\/deputado\/nota-de-esclarecimento-sobre-lei-do-abuso-de-autoridade\/#primaryimage"},"thumbnailUrl":"https:\/\/vanderloubet.com.br\/deputado\/wp-content\/uploads\/2019\/03\/foto-2019-03-18-nota-esclarecimento.jpg","keywords":["congresso nacional","nota de esclarecimento","projeto de lei"],"articleSection":["Brasil","Not\u00edcias"],"inLanguage":"pt-BR"},{"@type":"WebPage","@id":"https:\/\/vanderloubet.com.br\/deputado\/nota-de-esclarecimento-sobre-lei-do-abuso-de-autoridade\/","url":"https:\/\/vanderloubet.com.br\/deputado\/nota-de-esclarecimento-sobre-lei-do-abuso-de-autoridade\/","name":"Nota de esclarecimento sobre Lei do Abuso de Autoridade","isPartOf":{"@id":"https:\/\/vanderloubet.com.br\/deputado\/#website"},"primaryImageOfPage":{"@id":"https:\/\/vanderloubet.com.br\/deputado\/nota-de-esclarecimento-sobre-lei-do-abuso-de-autoridade\/#primaryimage"},"image":{"@id":"https:\/\/vanderloubet.com.br\/deputado\/nota-de-esclarecimento-sobre-lei-do-abuso-de-autoridade\/#primaryimage"},"thumbnailUrl":"https:\/\/vanderloubet.com.br\/deputado\/wp-content\/uploads\/2019\/03\/foto-2019-03-18-nota-esclarecimento.jpg","datePublished":"2019-09-25T13:00:45+00:00","dateModified":"2019-09-30T15:10:13+00:00","description":"Vander esclarece que houve um erro no registro do seu voto na an\u00e1lise dos vetos presidenciais \u00e0 Lei 13.869\/2019 e reitera seu apoio ao projeto.","breadcrumb":{"@id":"https:\/\/vanderloubet.com.br\/deputado\/nota-de-esclarecimento-sobre-lei-do-abuso-de-autoridade\/#breadcrumb"},"inLanguage":"pt-BR","potentialAction":[{"@type":"ReadAction","target":["https:\/\/vanderloubet.com.br\/deputado\/nota-de-esclarecimento-sobre-lei-do-abuso-de-autoridade\/"]}]},{"@type":"ImageObject","inLanguage":"pt-BR","@id":"https:\/\/vanderloubet.com.br\/deputado\/nota-de-esclarecimento-sobre-lei-do-abuso-de-autoridade\/#primaryimage","url":"https:\/\/vanderloubet.com.br\/deputado\/wp-content\/uploads\/2019\/03\/foto-2019-03-18-nota-esclarecimento.jpg","contentUrl":"https:\/\/vanderloubet.com.br\/deputado\/wp-content\/uploads\/2019\/03\/foto-2019-03-18-nota-esclarecimento.jpg","width":1080,"height":720,"caption":"Nota de esclarecimento do deputado Vander Loubet"},{"@type":"BreadcrumbList","@id":"https:\/\/vanderloubet.com.br\/deputado\/nota-de-esclarecimento-sobre-lei-do-abuso-de-autoridade\/#breadcrumb","itemListElement":[{"@type":"ListItem","position":1,"name":"In\u00edcio","item":"https:\/\/vanderloubet.com.br\/deputado\/"},{"@type":"ListItem","position":2,"name":"Nota de esclarecimento sobre Lei do Abuso de Autoridade"}]},{"@type":"WebSite","@id":"https:\/\/vanderloubet.com.br\/deputado\/#website","url":"https:\/\/vanderloubet.com.br\/deputado\/","name":"Deputado Federal Vander Loubet","description":"O Federal de MS","publisher":{"@id":"https:\/\/vanderloubet.com.br\/deputado\/#organization"},"alternateName":"Deputado Vander","potentialAction":[{"@type":"SearchAction","target":{"@type":"EntryPoint","urlTemplate":"https:\/\/vanderloubet.com.br\/deputado\/?s={search_term_string}"},"query-input":{"@type":"PropertyValueSpecification","valueRequired":true,"valueName":"search_term_string"}}],"inLanguage":"pt-BR"},{"@type":"Organization","@id":"https:\/\/vanderloubet.com.br\/deputado\/#organization","name":"Deputado Federal Vander Loubet","alternateName":"Deputado Vander","url":"https:\/\/vanderloubet.com.br\/deputado\/","logo":{"@type":"ImageObject","inLanguage":"pt-BR","@id":"https:\/\/vanderloubet.com.br\/deputado\/#\/schema\/logo\/image\/","url":"https:\/\/vanderloubet.com.br\/deputado\/wp-content\/uploads\/2023\/06\/foto-2023-06-19-mandato-deputado-vander.jpg","contentUrl":"https:\/\/vanderloubet.com.br\/deputado\/wp-content\/uploads\/2023\/06\/foto-2023-06-19-mandato-deputado-vander.jpg","width":1080,"height":1080,"caption":"Deputado Federal Vander Loubet"},"image":{"@id":"https:\/\/vanderloubet.com.br\/deputado\/#\/schema\/logo\/image\/"},"sameAs":["https:\/\/facebook.com\/deputadovander","https:\/\/x.com\/vanderloubet","https:\/\/instagram.com\/vanderloubet","https:\/\/youtube.com\/vanderloubet","https:\/\/tiktok.com\/@vanderloubetms"]},{"@type":"Person","@id":"https:\/\/vanderloubet.com.br\/deputado\/#\/schema\/person\/15b51bd564532a8a68d9dec1b8eb890e","name":"\u00c9der","image":{"@type":"ImageObject","inLanguage":"pt-BR","@id":"https:\/\/vanderloubet.com.br\/deputado\/wp-content\/litespeed\/avatar\/88ca4090d9d5ab1c9495f6ca03b68efa.jpg?ver=1777058957","url":"https:\/\/vanderloubet.com.br\/deputado\/wp-content\/litespeed\/avatar\/88ca4090d9d5ab1c9495f6ca03b68efa.jpg?ver=1777058957","contentUrl":"https:\/\/vanderloubet.com.br\/deputado\/wp-content\/litespeed\/avatar\/88ca4090d9d5ab1c9495f6ca03b68efa.jpg?ver=1777058957","caption":"\u00c9der"}}]}},"jetpack_featured_media_url":"https:\/\/vanderloubet.com.br\/deputado\/wp-content\/uploads\/2019\/03\/foto-2019-03-18-nota-esclarecimento.jpg","jetpack_sharing_enabled":true,"_links":{"self":[{"href":"https:\/\/vanderloubet.com.br\/deputado\/wp-json\/wp\/v2\/posts\/15904","targetHints":{"allow":["GET"]}}],"collection":[{"href":"https:\/\/vanderloubet.com.br\/deputado\/wp-json\/wp\/v2\/posts"}],"about":[{"href":"https:\/\/vanderloubet.com.br\/deputado\/wp-json\/wp\/v2\/types\/post"}],"author":[{"embeddable":true,"href":"https:\/\/vanderloubet.com.br\/deputado\/wp-json\/wp\/v2\/users\/2"}],"replies":[{"embeddable":true,"href":"https:\/\/vanderloubet.com.br\/deputado\/wp-json\/wp\/v2\/comments?post=15904"}],"version-history":[{"count":0,"href":"https:\/\/vanderloubet.com.br\/deputado\/wp-json\/wp\/v2\/posts\/15904\/revisions"}],"wp:featuredmedia":[{"embeddable":true,"href":"https:\/\/vanderloubet.com.br\/deputado\/wp-json\/wp\/v2\/media\/14829"}],"wp:attachment":[{"href":"https:\/\/vanderloubet.com.br\/deputado\/wp-json\/wp\/v2\/media?parent=15904"}],"wp:term":[{"taxonomy":"category","embeddable":true,"href":"https:\/\/vanderloubet.com.br\/deputado\/wp-json\/wp\/v2\/categories?post=15904"},{"taxonomy":"post_tag","embeddable":true,"href":"https:\/\/vanderloubet.com.br\/deputado\/wp-json\/wp\/v2\/tags?post=15904"}],"curies":[{"name":"wp","href":"https:\/\/api.w.org\/{rel}","templated":true}]}}