{"id":15857,"date":"2019-09-17T08:00:12","date_gmt":"2019-09-17T12:00:12","guid":{"rendered":"http:\/\/vanderloubet.com.br\/deputado\/?p=15857"},"modified":"2019-09-17T10:04:40","modified_gmt":"2019-09-17T14:04:40","slug":"vander-entrega-patrulha-mecanizada-para-projeto-mercado-escola-da-ufms","status":"publish","type":"post","link":"https:\/\/vanderloubet.com.br\/deputado\/vander-entrega-patrulha-mecanizada-para-projeto-mercado-escola-da-ufms\/","title":{"rendered":"Vander entrega patrulha mecanizada para projeto Mercado Escola da UFMS"},"content":{"rendered":"<p>A Universidade Federal de Mato Grosso do Sul (UFMS) passou a contar a partir de ontem (16) com um novo trator e implementos agr\u00edcolas para as atividades da Universidade relacionadas \u00e0 agricultura familiar. A patrulha mecanizada \u00e9 resultado de emenda parlamentar do deputado federal Vander Loubet e do ex-deputado federal Zeca do PT e foi entregue em solenidade ao reitor Marcelo Turine e \u00e0 coordenadora da Incubadora Tecnol\u00f3gica de Cooperativas Populares da UFMS, Mirian Coura Aveiro. Na ocasi\u00e3o, tamb\u00e9m participou da solenidade o secret\u00e1rio-adjunto de Estado de Meio Ambiente, Desenvolvimento Econ\u00f4mico, Produ\u00e7\u00e3o e Agricultura Familiar, Ricardo Senna, que representou o governador Reinaldo Azambuja.<\/p>\n<p>O trator e os implementos ser\u00e3o destinados ao Mercado Escola, projeto coordenado por Mirian voltado para agricultores familiares e que tamb\u00e9m conta com emendas destinadas por Vander e Zeca. &#8220;Com o Mercado Escola temos esse objetivo de trabalhar com o produtor em todas as etapas do seu processo produtivo. N\u00e3o \u00e9 somente um espa\u00e7o para comercializa\u00e7\u00e3o, mas todo um acompanhamento e orienta\u00e7\u00e3o para melhorar a produtividade, do manejo no campo at\u00e9 a estrutura de laborat\u00f3rios para o desenvolvimento do produto, o controle da qualidade, entre outros&#8221;, explicou.<\/p>\n<p>Marcelo Turine destacou o papel da UFMS junto \u00e0 comunidade agr\u00edcola e agradeceu o apoio dos deputados, que foram os \u00fanicos parlamentares a destinaram recursos de forma perene para a Universidade, ano ap\u00f3s ano. &#8220;O trator e os implementos s\u00e3o estrat\u00e9gicos para os projetos de extens\u00e3o da Universidade, pois ir\u00e3o proporcionar aos produtores, com o apoio da Universidade, a oportunidade de produzirem com mais qualidade. Agrade\u00e7o a credibilidade depositada na Institui\u00e7\u00e3o pelo Vander e pelo Zeca para continuar impactando positivamente o desenvolvimento do estado&#8221;, afirmou o reitor.<\/p>\n<p>Em sua fala, Vander Loubet afirmou que \u00e9 importante essa a\u00e7\u00e3o da Universidade de trazer a comunidade para dentro do campus para compartilhar o conhecimento gerado pela Institui\u00e7\u00e3o. \u201cEstou muito feliz de participar desse momento junto \u00e0 UFMS e \u00e0s representa\u00e7\u00f5es dos movimentos sociais aqui presentes. Entregar esses equipamentos ao Mercado Escola significa levar \u00e0 agricultura familiar sul-mato-grossense a tecnologia e a ci\u00eancia. N\u00e3o tenho d\u00favida de que essa iniciativa da Universidade ser\u00e1 uma grande refer\u00eancia em pesquisa e no apoio aos pequenos produtores&#8221;, finalizou o deputado.<\/p>\n<p><strong>Conhecimento<\/strong> &#8211; O Mercado Escola da UFMS ser\u00e1 um espa\u00e7o na Capital para discutir a produ\u00e7\u00e3o e a comercializa\u00e7\u00e3o de alimentos org\u00e2nicos. Al\u00e9m de ensinar as boas pr\u00e1ticas para produ\u00e7\u00e3o de alimentos saud\u00e1veis, servir\u00e1 para a comercializa\u00e7\u00e3o de produtos produzidos nas comunidades e cooperativas que fazem parte da Incubadora Tecnol\u00f3gica de Cooperativas Populares (ITCP-UFMS).<\/p>\n<p>A ITCP-UFMS \u00e9 um projeto de extens\u00e3o que presta servi\u00e7os para o desenvolvimento de comunidades por meio de empreendimentos de economia solid\u00e1ria. Participam deste projeto interdisciplinar professores, acad\u00eamicos e t\u00e9cnicos, que levam o conhecimento e tecnologias aos setores populares.<\/p>\n<p>O projeto do Mercado Escola tem custo estimado de R$ 5 milh\u00f5es, dos quais R$ 3 milh\u00f5es foram garantidos por meio de emendas parlamentares do deputado federal Vander Loubet e do ex-deputado federal Zeca do PT. A obra de 2.500 metros quadrados foi iniciada no primeiro semestre de 2017, em uma \u00e1rea no fundo do estacionamento do Est\u00e1dio Moren\u00e3o, ao lado do Gin\u00e1sio Moreninho, no campus da UFMS na Capital.<\/p>\n<p><em>(Fonte: Portal UFMS)<\/em><\/p>\n\r\n                <style type=\"text\/css\">\r\n                    \r\n                    #tdi_1  .td-doubleSlider-2 .td-item1 {\r\n                        background: url(https:\/\/vanderloubet.com.br\/deputado\/wp-content\/uploads\/2019\/09\/foto-2019-09-16-patrulha-mecanizada-ufms-1-80x60.jpg) 0 0 no-repeat;\r\n                    }\r\n                    #tdi_1  .td-doubleSlider-2 .td-item2 {\r\n                        background: url(https:\/\/vanderloubet.com.br\/deputado\/wp-content\/uploads\/2019\/09\/foto-2019-09-16-patrulha-mecanizada-ufms-2-80x60.jpg) 0 0 no-repeat;\r\n                    }\r\n                    #tdi_1  .td-doubleSlider-2 .td-item3 {\r\n                        background: url(https:\/\/vanderloubet.com.br\/deputado\/wp-content\/uploads\/2019\/09\/foto-2019-09-16-patrulha-mecanizada-ufms-3-80x60.jpg) 0 0 no-repeat;\r\n                    }\r\n                    #tdi_1  .td-doubleSlider-2 .td-item4 {\r\n                        background: url(https:\/\/vanderloubet.com.br\/deputado\/wp-content\/uploads\/2019\/09\/foto-2019-09-16-patrulha-mecanizada-ufms-4-80x60.jpg) 0 0 no-repeat;\r\n                    }\r\n                    #tdi_1  .td-doubleSlider-2 .td-item5 {\r\n                        background: url(https:\/\/vanderloubet.com.br\/deputado\/wp-content\/uploads\/2019\/09\/foto-2019-09-16-patrulha-mecanizada-ufms-5-80x60.jpg) 0 0 no-repeat;\r\n                    }\r\n                    #tdi_1  .td-doubleSlider-2 .td-item6 {\r\n                        background: url(https:\/\/vanderloubet.com.br\/deputado\/wp-content\/uploads\/2019\/09\/foto-2019-09-16-patrulha-mecanizada-ufms-6-80x60.jpg) 0 0 no-repeat;\r\n                    }\r\n                    #tdi_1  .td-doubleSlider-2 .td-item7 {\r\n                        background: url(https:\/\/vanderloubet.com.br\/deputado\/wp-content\/uploads\/2019\/09\/foto-2019-09-16-patrulha-mecanizada-ufms-7-80x60.jpg) 0 0 no-repeat;\r\n                    }\r\n                    #tdi_1  .td-doubleSlider-2 .td-item8 {\r\n                        background: url(https:\/\/vanderloubet.com.br\/deputado\/wp-content\/uploads\/2019\/09\/foto-2019-09-16-patrulha-mecanizada-ufms-8-80x60.jpg) 0 0 no-repeat;\r\n                    }\r\n                    #tdi_1  .td-doubleSlider-2 .td-item9 {\r\n                        background: url(https:\/\/vanderloubet.com.br\/deputado\/wp-content\/uploads\/2019\/09\/foto-2019-09-16-patrulha-mecanizada-ufms-9-80x60.jpg) 0 0 no-repeat;\r\n                    }\r\n                    #tdi_1  .td-doubleSlider-2 .td-item10 {\r\n                        background: url(https:\/\/vanderloubet.com.br\/deputado\/wp-content\/uploads\/2019\/09\/foto-2019-09-16-patrulha-mecanizada-ufms-10-80x60.jpg) 0 0 no-repeat;\r\n                    }\r\n                    #tdi_1  .td-doubleSlider-2 .td-item11 {\r\n                        background: url(https:\/\/vanderloubet.com.br\/deputado\/wp-content\/uploads\/2019\/09\/foto-2019-09-16-patrulha-mecanizada-ufms-11-80x60.jpg) 0 0 no-repeat;\r\n                    }\r\n                    #tdi_1  .td-doubleSlider-2 .td-item12 {\r\n                        background: url(https:\/\/vanderloubet.com.br\/deputado\/wp-content\/uploads\/2019\/09\/foto-2019-09-16-patrulha-mecanizada-ufms-12-80x60.jpg) 0 0 no-repeat;\r\n                    }\r\n                    #tdi_1  .td-doubleSlider-2 .td-item13 {\r\n                        background: url(https:\/\/vanderloubet.com.br\/deputado\/wp-content\/uploads\/2019\/09\/foto-2019-09-16-patrulha-mecanizada-ufms-13-80x60.jpg) 0 0 no-repeat;\r\n                    }\r\n                    #tdi_1  .td-doubleSlider-2 .td-item14 {\r\n                        background: url(https:\/\/vanderloubet.com.br\/deputado\/wp-content\/uploads\/2019\/09\/foto-2019-09-16-patrulha-mecanizada-ufms-14-80x60.jpg) 0 0 no-repeat;\r\n                    }\r\n                    #tdi_1  .td-doubleSlider-2 .td-item15 {\r\n                        background: url(https:\/\/vanderloubet.com.br\/deputado\/wp-content\/uploads\/2019\/09\/foto-2019-09-16-patrulha-mecanizada-ufms-15-80x60.jpg) 0 0 no-repeat;\r\n                    }\r\n                    #tdi_1  .td-doubleSlider-2 .td-item16 {\r\n                        background: url(https:\/\/vanderloubet.com.br\/deputado\/wp-content\/uploads\/2019\/09\/foto-2019-09-16-patrulha-mecanizada-ufms-16-80x60.jpg) 0 0 no-repeat;\r\n                    }\r\n                    #tdi_1  .td-doubleSlider-2 .td-item17 {\r\n                        background: url(https:\/\/vanderloubet.com.br\/deputado\/wp-content\/uploads\/2019\/09\/foto-2019-09-16-patrulha-mecanizada-ufms-17-80x60.jpg) 0 0 no-repeat;\r\n                    }\r\n                    #tdi_1  .td-doubleSlider-2 .td-item18 {\r\n                        background: url(https:\/\/vanderloubet.com.br\/deputado\/wp-content\/uploads\/2019\/09\/foto-2019-09-16-patrulha-mecanizada-ufms-18-80x60.jpg) 0 0 no-repeat;\r\n                    }\r\n                    #tdi_1  .td-doubleSlider-2 .td-item19 {\r\n                        background: url(https:\/\/vanderloubet.com.br\/deputado\/wp-content\/uploads\/2019\/09\/foto-2019-09-16-patrulha-mecanizada-ufms-19-80x60.jpg) 0 0 no-repeat;\r\n                    }\r\n                    #tdi_1  .td-doubleSlider-2 .td-item20 {\r\n                        background: url(https:\/\/vanderloubet.com.br\/deputado\/wp-content\/uploads\/2019\/09\/foto-2019-09-16-patrulha-mecanizada-ufms-20-80x60.jpg) 0 0 no-repeat;\r\n                    }\r\n                    #tdi_1  .td-doubleSlider-2 .td-item21 {\r\n                        background: url(https:\/\/vanderloubet.com.br\/deputado\/wp-content\/uploads\/2019\/09\/foto-2019-09-16-patrulha-mecanizada-ufms-21-80x60.jpg) 0 0 no-repeat;\r\n                    }\r\n                    #tdi_1  .td-doubleSlider-2 .td-item22 {\r\n                        background: url(https:\/\/vanderloubet.com.br\/deputado\/wp-content\/uploads\/2019\/09\/foto-2019-09-16-patrulha-mecanizada-ufms-22-80x60.jpg) 0 0 no-repeat;\r\n                    }\r\n                    #tdi_1  .td-doubleSlider-2 .td-item23 {\r\n                        background: url(https:\/\/vanderloubet.com.br\/deputado\/wp-content\/uploads\/2019\/09\/foto-2019-09-16-patrulha-mecanizada-ufms-23-80x60.jpg) 0 0 no-repeat;\r\n                    }\r\n                    #tdi_1  .td-doubleSlider-2 .td-item24 {\r\n                        background: url(https:\/\/vanderloubet.com.br\/deputado\/wp-content\/uploads\/2019\/09\/foto-2019-09-16-patrulha-mecanizada-ufms-24-80x60.jpg) 0 0 no-repeat;\r\n                    }\r\n                    #tdi_1  .td-doubleSlider-2 .td-item25 {\r\n                        background: url(https:\/\/vanderloubet.com.br\/deputado\/wp-content\/uploads\/2019\/09\/foto-2019-09-16-patrulha-mecanizada-ufms-25-80x60.jpg) 0 0 no-repeat;\r\n                    }\r\n                    #tdi_1  .td-doubleSlider-2 .td-item26 {\r\n                        background: url(https:\/\/vanderloubet.com.br\/deputado\/wp-content\/uploads\/2019\/09\/foto-2019-09-16-patrulha-mecanizada-ufms-26-80x60.jpg) 0 0 no-repeat;\r\n                    }\r\n                    #tdi_1  .td-doubleSlider-2 .td-item27 {\r\n                        background: url(https:\/\/vanderloubet.com.br\/deputado\/wp-content\/uploads\/2019\/09\/foto-2019-09-16-patrulha-mecanizada-ufms-27-80x60.jpg) 0 0 no-repeat;\r\n                    }\r\n                    #tdi_1  .td-doubleSlider-2 .td-item28 {\r\n                        background: url(https:\/\/vanderloubet.com.br\/deputado\/wp-content\/uploads\/2019\/09\/foto-2019-09-16-patrulha-mecanizada-ufms-28-80x60.jpg) 0 0 no-repeat;\r\n                    }\r\n                <\/style>\r\n\r\n                <div id=\"tdi_1\" class=\"td-gallery td-slide-on-2-columns\">\r\n                    <div class=\"post_td_gallery\">\r\n                        <div class=\"td-gallery-slide-top\">\r\n                           <div class=\"td-gallery-title\"><\/div>\r\n\r\n                            <div class=\"td-gallery-controls-wrapper\">\r\n                                <div class=\"td-gallery-slide-count\"><span class=\"td-gallery-slide-item-focus\">1<\/span> de 28<\/div>\r\n                                <div class=\"td-gallery-slide-prev-next-but\">\r\n                                    <i class = \"td-icon-left doubleSliderPrevButton\"><\/i>\r\n                                    <i class = \"td-icon-right doubleSliderNextButton\"><\/i>\r\n                                <\/div>\r\n                            <\/div>\r\n                        <\/div>\r\n\r\n                        <div class = \"td-doubleSlider-1 \">\r\n                            <div class = \"td-slider\">\r\n                                \r\n                    <div class = \"td-slide-item td-item1\">\r\n                        <figure class=\"td-slide-galery-figure td-slide-popup-gallery\">\r\n                            <a class=\"slide-gallery-image-link\" href=\"https:\/\/vanderloubet.com.br\/deputado\/wp-content\/uploads\/2019\/09\/foto-2019-09-16-patrulha-mecanizada-ufms-1.jpg\" title=\"Entrega de trator por Vander reuniu professores, t\u00e9cnicos e acad\u00eamicos da UFMS e dirigentes de movimentos sociais\"  data-caption=\"\"  data-description=\"Entrega de trator por Vander reuniu professores, t&eacute;cnicos e acad&ecirc;micos da UFMS e dirigentes de movimentos sociais\">\r\n                                <img decoding=\"async\" src=\"https:\/\/vanderloubet.com.br\/deputado\/wp-content\/uploads\/2019\/09\/foto-2019-09-16-patrulha-mecanizada-ufms-1-630x420.jpg\" srcset=\"https:\/\/vanderloubet.com.br\/deputado\/wp-content\/uploads\/2019\/09\/foto-2019-09-16-patrulha-mecanizada-ufms-1-630x420.jpg 630w, https:\/\/vanderloubet.com.br\/deputado\/wp-content\/uploads\/2019\/09\/foto-2019-09-16-patrulha-mecanizada-ufms-1-350x233.jpg 350w, https:\/\/vanderloubet.com.br\/deputado\/wp-content\/uploads\/2019\/09\/foto-2019-09-16-patrulha-mecanizada-ufms-1-768x512.jpg 768w, https:\/\/vanderloubet.com.br\/deputado\/wp-content\/uploads\/2019\/09\/foto-2019-09-16-patrulha-mecanizada-ufms-1-700x467.jpg 700w, https:\/\/vanderloubet.com.br\/deputado\/wp-content\/uploads\/2019\/09\/foto-2019-09-16-patrulha-mecanizada-ufms-1-696x464.jpg 696w, https:\/\/vanderloubet.com.br\/deputado\/wp-content\/uploads\/2019\/09\/foto-2019-09-16-patrulha-mecanizada-ufms-1-1068x712.jpg 1068w, https:\/\/vanderloubet.com.br\/deputado\/wp-content\/uploads\/2019\/09\/foto-2019-09-16-patrulha-mecanizada-ufms-1.jpg 1080w\" sizes=\"(max-width: 630px) 100vw, 630px\" alt=\"Entrega de trator por Vander reuniu professores, t&eacute;cnicos e acad&ecirc;micos da UFMS e dirigentes de movimentos sociais\">\r\n                            <\/a>\r\n                            <figcaption class = \"td-slide-caption td-gallery-slide-content\"><span>Entrega de trator por Vander reuniu professores, t\u00e9cnicos e acad\u00eamicos da UFMS e dirigentes de movimentos sociais<\/span><\/figcaption>\r\n                        <\/figure>\r\n                    <\/div>\r\n                    <div class = \"td-slide-item td-item2\">\r\n                        <figure class=\"td-slide-galery-figure td-slide-popup-gallery\">\r\n                            <a class=\"slide-gallery-image-link\" href=\"https:\/\/vanderloubet.com.br\/deputado\/wp-content\/uploads\/2019\/09\/foto-2019-09-16-patrulha-mecanizada-ufms-2.jpg\" title=\"Entrega de trator por Vander reuniu professores, t\u00e9cnicos e acad\u00eamicos da UFMS e dirigentes de movimentos sociais\"  data-caption=\"\"  data-description=\"Entrega de trator por Vander reuniu professores, t&eacute;cnicos e acad&ecirc;micos da UFMS e dirigentes de movimentos sociais\">\r\n                                <img decoding=\"async\" src=\"https:\/\/vanderloubet.com.br\/deputado\/wp-content\/uploads\/2019\/09\/foto-2019-09-16-patrulha-mecanizada-ufms-2-630x420.jpg\" srcset=\"https:\/\/vanderloubet.com.br\/deputado\/wp-content\/uploads\/2019\/09\/foto-2019-09-16-patrulha-mecanizada-ufms-2-630x420.jpg 630w, https:\/\/vanderloubet.com.br\/deputado\/wp-content\/uploads\/2019\/09\/foto-2019-09-16-patrulha-mecanizada-ufms-2-350x233.jpg 350w, https:\/\/vanderloubet.com.br\/deputado\/wp-content\/uploads\/2019\/09\/foto-2019-09-16-patrulha-mecanizada-ufms-2-768x512.jpg 768w, https:\/\/vanderloubet.com.br\/deputado\/wp-content\/uploads\/2019\/09\/foto-2019-09-16-patrulha-mecanizada-ufms-2-700x467.jpg 700w, https:\/\/vanderloubet.com.br\/deputado\/wp-content\/uploads\/2019\/09\/foto-2019-09-16-patrulha-mecanizada-ufms-2-696x464.jpg 696w, https:\/\/vanderloubet.com.br\/deputado\/wp-content\/uploads\/2019\/09\/foto-2019-09-16-patrulha-mecanizada-ufms-2-1068x712.jpg 1068w, https:\/\/vanderloubet.com.br\/deputado\/wp-content\/uploads\/2019\/09\/foto-2019-09-16-patrulha-mecanizada-ufms-2.jpg 1080w\" sizes=\"(max-width: 630px) 100vw, 630px\" alt=\"Entrega de trator por Vander reuniu professores, t&eacute;cnicos e acad&ecirc;micos da UFMS e dirigentes de movimentos sociais\">\r\n                            <\/a>\r\n                            <figcaption class = \"td-slide-caption td-gallery-slide-content\"><span>Entrega de trator por Vander reuniu professores, t\u00e9cnicos e acad\u00eamicos da UFMS e dirigentes de movimentos sociais<\/span><\/figcaption>\r\n                        <\/figure>\r\n                    <\/div>\r\n                    <div class = \"td-slide-item td-item3\">\r\n                        <figure class=\"td-slide-galery-figure td-slide-popup-gallery\">\r\n                            <a class=\"slide-gallery-image-link\" href=\"https:\/\/vanderloubet.com.br\/deputado\/wp-content\/uploads\/2019\/09\/foto-2019-09-16-patrulha-mecanizada-ufms-3.jpg\" title=\"Entrega de trator por Vander reuniu professores, t\u00e9cnicos e acad\u00eamicos da UFMS e dirigentes de movimentos sociais\"  data-caption=\"\"  data-description=\"Entrega de trator por Vander reuniu professores, t&eacute;cnicos e acad&ecirc;micos da UFMS e dirigentes de movimentos sociais\">\r\n                                <img decoding=\"async\" src=\"https:\/\/vanderloubet.com.br\/deputado\/wp-content\/uploads\/2019\/09\/foto-2019-09-16-patrulha-mecanizada-ufms-3-630x420.jpg\" srcset=\"https:\/\/vanderloubet.com.br\/deputado\/wp-content\/uploads\/2019\/09\/foto-2019-09-16-patrulha-mecanizada-ufms-3-630x420.jpg 630w, https:\/\/vanderloubet.com.br\/deputado\/wp-content\/uploads\/2019\/09\/foto-2019-09-16-patrulha-mecanizada-ufms-3-350x233.jpg 350w, https:\/\/vanderloubet.com.br\/deputado\/wp-content\/uploads\/2019\/09\/foto-2019-09-16-patrulha-mecanizada-ufms-3-768x512.jpg 768w, https:\/\/vanderloubet.com.br\/deputado\/wp-content\/uploads\/2019\/09\/foto-2019-09-16-patrulha-mecanizada-ufms-3-700x467.jpg 700w, https:\/\/vanderloubet.com.br\/deputado\/wp-content\/uploads\/2019\/09\/foto-2019-09-16-patrulha-mecanizada-ufms-3-696x464.jpg 696w, https:\/\/vanderloubet.com.br\/deputado\/wp-content\/uploads\/2019\/09\/foto-2019-09-16-patrulha-mecanizada-ufms-3-1068x712.jpg 1068w, https:\/\/vanderloubet.com.br\/deputado\/wp-content\/uploads\/2019\/09\/foto-2019-09-16-patrulha-mecanizada-ufms-3.jpg 1080w\" sizes=\"(max-width: 630px) 100vw, 630px\" alt=\"Entrega de trator por Vander reuniu professores, t&eacute;cnicos e acad&ecirc;micos da UFMS e dirigentes de movimentos sociais\">\r\n                            <\/a>\r\n                            <figcaption class = \"td-slide-caption td-gallery-slide-content\"><span>Entrega de trator por Vander reuniu professores, t\u00e9cnicos e acad\u00eamicos da UFMS e dirigentes de movimentos sociais<\/span><\/figcaption>\r\n                        <\/figure>\r\n                    <\/div>\r\n                    <div class = \"td-slide-item td-item4\">\r\n                        <figure class=\"td-slide-galery-figure td-slide-popup-gallery\">\r\n                            <a class=\"slide-gallery-image-link\" href=\"https:\/\/vanderloubet.com.br\/deputado\/wp-content\/uploads\/2019\/09\/foto-2019-09-16-patrulha-mecanizada-ufms-4.jpg\" title=\"Entrega de trator por Vander reuniu professores, t\u00e9cnicos e acad\u00eamicos da UFMS e dirigentes de movimentos sociais\"  data-caption=\"\"  data-description=\"Entrega de trator por Vander reuniu professores, t&eacute;cnicos e acad&ecirc;micos da UFMS e dirigentes de movimentos sociais\">\r\n                                <img decoding=\"async\" src=\"https:\/\/vanderloubet.com.br\/deputado\/wp-content\/uploads\/2019\/09\/foto-2019-09-16-patrulha-mecanizada-ufms-4-630x420.jpg\" srcset=\"https:\/\/vanderloubet.com.br\/deputado\/wp-content\/uploads\/2019\/09\/foto-2019-09-16-patrulha-mecanizada-ufms-4-630x420.jpg 630w, https:\/\/vanderloubet.com.br\/deputado\/wp-content\/uploads\/2019\/09\/foto-2019-09-16-patrulha-mecanizada-ufms-4-350x233.jpg 350w, https:\/\/vanderloubet.com.br\/deputado\/wp-content\/uploads\/2019\/09\/foto-2019-09-16-patrulha-mecanizada-ufms-4-768x512.jpg 768w, https:\/\/vanderloubet.com.br\/deputado\/wp-content\/uploads\/2019\/09\/foto-2019-09-16-patrulha-mecanizada-ufms-4-700x467.jpg 700w, https:\/\/vanderloubet.com.br\/deputado\/wp-content\/uploads\/2019\/09\/foto-2019-09-16-patrulha-mecanizada-ufms-4-696x464.jpg 696w, https:\/\/vanderloubet.com.br\/deputado\/wp-content\/uploads\/2019\/09\/foto-2019-09-16-patrulha-mecanizada-ufms-4-1068x712.jpg 1068w, https:\/\/vanderloubet.com.br\/deputado\/wp-content\/uploads\/2019\/09\/foto-2019-09-16-patrulha-mecanizada-ufms-4.jpg 1080w\" sizes=\"(max-width: 630px) 100vw, 630px\" alt=\"Entrega de trator por Vander reuniu professores, t&eacute;cnicos e acad&ecirc;micos da UFMS e dirigentes de movimentos sociais\">\r\n                            <\/a>\r\n                            <figcaption class = \"td-slide-caption td-gallery-slide-content\"><span>Entrega de trator por Vander reuniu professores, t\u00e9cnicos e acad\u00eamicos da UFMS e dirigentes de movimentos sociais<\/span><\/figcaption>\r\n                        <\/figure>\r\n                    <\/div>\r\n                    <div class = \"td-slide-item td-item5\">\r\n                        <figure class=\"td-slide-galery-figure td-slide-popup-gallery\">\r\n                            <a class=\"slide-gallery-image-link\" href=\"https:\/\/vanderloubet.com.br\/deputado\/wp-content\/uploads\/2019\/09\/foto-2019-09-16-patrulha-mecanizada-ufms-5.jpg\" title=\"Entrega de trator por Vander reuniu professores, t\u00e9cnicos e acad\u00eamicos da UFMS e dirigentes de movimentos sociais\"  data-caption=\"\"  data-description=\"Entrega de trator por Vander reuniu professores, t&eacute;cnicos e acad&ecirc;micos da UFMS e dirigentes de movimentos sociais\">\r\n                                <img decoding=\"async\" src=\"https:\/\/vanderloubet.com.br\/deputado\/wp-content\/uploads\/2019\/09\/foto-2019-09-16-patrulha-mecanizada-ufms-5-630x420.jpg\" srcset=\"https:\/\/vanderloubet.com.br\/deputado\/wp-content\/uploads\/2019\/09\/foto-2019-09-16-patrulha-mecanizada-ufms-5-630x420.jpg 630w, https:\/\/vanderloubet.com.br\/deputado\/wp-content\/uploads\/2019\/09\/foto-2019-09-16-patrulha-mecanizada-ufms-5-350x233.jpg 350w, https:\/\/vanderloubet.com.br\/deputado\/wp-content\/uploads\/2019\/09\/foto-2019-09-16-patrulha-mecanizada-ufms-5-768x512.jpg 768w, https:\/\/vanderloubet.com.br\/deputado\/wp-content\/uploads\/2019\/09\/foto-2019-09-16-patrulha-mecanizada-ufms-5-700x467.jpg 700w, https:\/\/vanderloubet.com.br\/deputado\/wp-content\/uploads\/2019\/09\/foto-2019-09-16-patrulha-mecanizada-ufms-5-696x464.jpg 696w, https:\/\/vanderloubet.com.br\/deputado\/wp-content\/uploads\/2019\/09\/foto-2019-09-16-patrulha-mecanizada-ufms-5-1068x712.jpg 1068w, https:\/\/vanderloubet.com.br\/deputado\/wp-content\/uploads\/2019\/09\/foto-2019-09-16-patrulha-mecanizada-ufms-5.jpg 1080w\" sizes=\"(max-width: 630px) 100vw, 630px\" alt=\"Entrega de trator por Vander reuniu professores, t&eacute;cnicos e acad&ecirc;micos da UFMS e dirigentes de movimentos sociais\">\r\n                            <\/a>\r\n                            <figcaption class = \"td-slide-caption td-gallery-slide-content\"><span>Entrega de trator por Vander reuniu professores, t\u00e9cnicos e acad\u00eamicos da UFMS e dirigentes de movimentos sociais<\/span><\/figcaption>\r\n                        <\/figure>\r\n                    <\/div>\r\n                    <div class = \"td-slide-item td-item6\">\r\n                        <figure class=\"td-slide-galery-figure td-slide-popup-gallery\">\r\n                            <a class=\"slide-gallery-image-link\" href=\"https:\/\/vanderloubet.com.br\/deputado\/wp-content\/uploads\/2019\/09\/foto-2019-09-16-patrulha-mecanizada-ufms-6.jpg\" title=\"Entrega de trator por Vander reuniu professores, t\u00e9cnicos e acad\u00eamicos da UFMS e dirigentes de movimentos sociais\"  data-caption=\"\"  data-description=\"Entrega de trator por Vander reuniu professores, t&eacute;cnicos e acad&ecirc;micos da UFMS e dirigentes de movimentos sociais\">\r\n                                <img decoding=\"async\" src=\"https:\/\/vanderloubet.com.br\/deputado\/wp-content\/uploads\/2019\/09\/foto-2019-09-16-patrulha-mecanizada-ufms-6-630x420.jpg\" srcset=\"https:\/\/vanderloubet.com.br\/deputado\/wp-content\/uploads\/2019\/09\/foto-2019-09-16-patrulha-mecanizada-ufms-6-630x420.jpg 630w, https:\/\/vanderloubet.com.br\/deputado\/wp-content\/uploads\/2019\/09\/foto-2019-09-16-patrulha-mecanizada-ufms-6-350x233.jpg 350w, https:\/\/vanderloubet.com.br\/deputado\/wp-content\/uploads\/2019\/09\/foto-2019-09-16-patrulha-mecanizada-ufms-6-768x512.jpg 768w, https:\/\/vanderloubet.com.br\/deputado\/wp-content\/uploads\/2019\/09\/foto-2019-09-16-patrulha-mecanizada-ufms-6-700x467.jpg 700w, https:\/\/vanderloubet.com.br\/deputado\/wp-content\/uploads\/2019\/09\/foto-2019-09-16-patrulha-mecanizada-ufms-6-696x464.jpg 696w, https:\/\/vanderloubet.com.br\/deputado\/wp-content\/uploads\/2019\/09\/foto-2019-09-16-patrulha-mecanizada-ufms-6-1068x712.jpg 1068w, https:\/\/vanderloubet.com.br\/deputado\/wp-content\/uploads\/2019\/09\/foto-2019-09-16-patrulha-mecanizada-ufms-6.jpg 1080w\" sizes=\"(max-width: 630px) 100vw, 630px\" alt=\"Entrega de trator por Vander reuniu professores, t&eacute;cnicos e acad&ecirc;micos da UFMS e dirigentes de movimentos sociais\">\r\n                            <\/a>\r\n                            <figcaption class = \"td-slide-caption td-gallery-slide-content\"><span>Entrega de trator por Vander reuniu professores, t\u00e9cnicos e acad\u00eamicos da UFMS e dirigentes de movimentos sociais<\/span><\/figcaption>\r\n                        <\/figure>\r\n                    <\/div>\r\n                    <div class = \"td-slide-item td-item7\">\r\n                        <figure class=\"td-slide-galery-figure td-slide-popup-gallery\">\r\n                            <a class=\"slide-gallery-image-link\" href=\"https:\/\/vanderloubet.com.br\/deputado\/wp-content\/uploads\/2019\/09\/foto-2019-09-16-patrulha-mecanizada-ufms-7.jpg\" title=\"Entrega de trator por Vander reuniu professores, t\u00e9cnicos e acad\u00eamicos da UFMS e dirigentes de movimentos sociais\"  data-caption=\"\"  data-description=\"Entrega de trator por Vander reuniu professores, t&eacute;cnicos e acad&ecirc;micos da UFMS e dirigentes de movimentos sociais\">\r\n                                <img decoding=\"async\" src=\"https:\/\/vanderloubet.com.br\/deputado\/wp-content\/uploads\/2019\/09\/foto-2019-09-16-patrulha-mecanizada-ufms-7-630x420.jpg\" srcset=\"https:\/\/vanderloubet.com.br\/deputado\/wp-content\/uploads\/2019\/09\/foto-2019-09-16-patrulha-mecanizada-ufms-7-630x420.jpg 630w, https:\/\/vanderloubet.com.br\/deputado\/wp-content\/uploads\/2019\/09\/foto-2019-09-16-patrulha-mecanizada-ufms-7-350x233.jpg 350w, https:\/\/vanderloubet.com.br\/deputado\/wp-content\/uploads\/2019\/09\/foto-2019-09-16-patrulha-mecanizada-ufms-7-768x512.jpg 768w, https:\/\/vanderloubet.com.br\/deputado\/wp-content\/uploads\/2019\/09\/foto-2019-09-16-patrulha-mecanizada-ufms-7-700x467.jpg 700w, https:\/\/vanderloubet.com.br\/deputado\/wp-content\/uploads\/2019\/09\/foto-2019-09-16-patrulha-mecanizada-ufms-7-696x464.jpg 696w, https:\/\/vanderloubet.com.br\/deputado\/wp-content\/uploads\/2019\/09\/foto-2019-09-16-patrulha-mecanizada-ufms-7-1068x712.jpg 1068w, https:\/\/vanderloubet.com.br\/deputado\/wp-content\/uploads\/2019\/09\/foto-2019-09-16-patrulha-mecanizada-ufms-7.jpg 1080w\" sizes=\"(max-width: 630px) 100vw, 630px\" alt=\"Entrega de trator por Vander reuniu professores, t&eacute;cnicos e acad&ecirc;micos da UFMS e dirigentes de movimentos sociais\">\r\n                            <\/a>\r\n                            <figcaption class = \"td-slide-caption td-gallery-slide-content\"><span>Entrega de trator por Vander reuniu professores, t\u00e9cnicos e acad\u00eamicos da UFMS e dirigentes de movimentos sociais<\/span><\/figcaption>\r\n                        <\/figure>\r\n                    <\/div>\r\n                    <div class = \"td-slide-item td-item8\">\r\n                        <figure class=\"td-slide-galery-figure td-slide-popup-gallery\">\r\n                            <a class=\"slide-gallery-image-link\" href=\"https:\/\/vanderloubet.com.br\/deputado\/wp-content\/uploads\/2019\/09\/foto-2019-09-16-patrulha-mecanizada-ufms-8.jpg\" title=\"Entrega de trator por Vander reuniu professores, t\u00e9cnicos e acad\u00eamicos da UFMS e dirigentes de movimentos sociais\"  data-caption=\"\"  data-description=\"Entrega de trator por Vander reuniu professores, t&eacute;cnicos e acad&ecirc;micos da UFMS e dirigentes de movimentos sociais\">\r\n                                <img decoding=\"async\" src=\"https:\/\/vanderloubet.com.br\/deputado\/wp-content\/uploads\/2019\/09\/foto-2019-09-16-patrulha-mecanizada-ufms-8-630x420.jpg\" srcset=\"https:\/\/vanderloubet.com.br\/deputado\/wp-content\/uploads\/2019\/09\/foto-2019-09-16-patrulha-mecanizada-ufms-8-630x420.jpg 630w, https:\/\/vanderloubet.com.br\/deputado\/wp-content\/uploads\/2019\/09\/foto-2019-09-16-patrulha-mecanizada-ufms-8-350x233.jpg 350w, https:\/\/vanderloubet.com.br\/deputado\/wp-content\/uploads\/2019\/09\/foto-2019-09-16-patrulha-mecanizada-ufms-8-768x512.jpg 768w, https:\/\/vanderloubet.com.br\/deputado\/wp-content\/uploads\/2019\/09\/foto-2019-09-16-patrulha-mecanizada-ufms-8-700x467.jpg 700w, https:\/\/vanderloubet.com.br\/deputado\/wp-content\/uploads\/2019\/09\/foto-2019-09-16-patrulha-mecanizada-ufms-8-696x464.jpg 696w, https:\/\/vanderloubet.com.br\/deputado\/wp-content\/uploads\/2019\/09\/foto-2019-09-16-patrulha-mecanizada-ufms-8-1068x712.jpg 1068w, https:\/\/vanderloubet.com.br\/deputado\/wp-content\/uploads\/2019\/09\/foto-2019-09-16-patrulha-mecanizada-ufms-8.jpg 1080w\" sizes=\"(max-width: 630px) 100vw, 630px\" alt=\"Entrega de trator por Vander reuniu professores, t&eacute;cnicos e acad&ecirc;micos da UFMS e dirigentes de movimentos sociais\">\r\n                            <\/a>\r\n                            <figcaption class = \"td-slide-caption td-gallery-slide-content\"><span>Entrega de trator por Vander reuniu professores, t\u00e9cnicos e acad\u00eamicos da UFMS e dirigentes de movimentos sociais<\/span><\/figcaption>\r\n                        <\/figure>\r\n                    <\/div>\r\n                    <div class = \"td-slide-item td-item9\">\r\n                        <figure class=\"td-slide-galery-figure td-slide-popup-gallery\">\r\n                            <a class=\"slide-gallery-image-link\" href=\"https:\/\/vanderloubet.com.br\/deputado\/wp-content\/uploads\/2019\/09\/foto-2019-09-16-patrulha-mecanizada-ufms-9.jpg\" title=\"Entrega de trator por Vander reuniu professores, t\u00e9cnicos e acad\u00eamicos da UFMS e dirigentes de movimentos sociais\"  data-caption=\"\"  data-description=\"Entrega de trator por Vander reuniu professores, t&eacute;cnicos e acad&ecirc;micos da UFMS e dirigentes de movimentos sociais\">\r\n                                <img decoding=\"async\" src=\"https:\/\/vanderloubet.com.br\/deputado\/wp-content\/uploads\/2019\/09\/foto-2019-09-16-patrulha-mecanizada-ufms-9-630x420.jpg\" srcset=\"https:\/\/vanderloubet.com.br\/deputado\/wp-content\/uploads\/2019\/09\/foto-2019-09-16-patrulha-mecanizada-ufms-9-630x420.jpg 630w, https:\/\/vanderloubet.com.br\/deputado\/wp-content\/uploads\/2019\/09\/foto-2019-09-16-patrulha-mecanizada-ufms-9-350x233.jpg 350w, https:\/\/vanderloubet.com.br\/deputado\/wp-content\/uploads\/2019\/09\/foto-2019-09-16-patrulha-mecanizada-ufms-9-768x512.jpg 768w, https:\/\/vanderloubet.com.br\/deputado\/wp-content\/uploads\/2019\/09\/foto-2019-09-16-patrulha-mecanizada-ufms-9-700x467.jpg 700w, https:\/\/vanderloubet.com.br\/deputado\/wp-content\/uploads\/2019\/09\/foto-2019-09-16-patrulha-mecanizada-ufms-9-696x464.jpg 696w, https:\/\/vanderloubet.com.br\/deputado\/wp-content\/uploads\/2019\/09\/foto-2019-09-16-patrulha-mecanizada-ufms-9-1068x712.jpg 1068w, https:\/\/vanderloubet.com.br\/deputado\/wp-content\/uploads\/2019\/09\/foto-2019-09-16-patrulha-mecanizada-ufms-9.jpg 1080w\" sizes=\"(max-width: 630px) 100vw, 630px\" alt=\"Entrega de trator por Vander reuniu professores, t&eacute;cnicos e acad&ecirc;micos da UFMS e dirigentes de movimentos sociais\">\r\n                            <\/a>\r\n                            <figcaption class = \"td-slide-caption td-gallery-slide-content\"><span>Entrega de trator por Vander reuniu professores, t\u00e9cnicos e acad\u00eamicos da UFMS e dirigentes de movimentos sociais<\/span><\/figcaption>\r\n                        <\/figure>\r\n                    <\/div>\r\n                    <div class = \"td-slide-item td-item10\">\r\n                        <figure class=\"td-slide-galery-figure td-slide-popup-gallery\">\r\n                            <a class=\"slide-gallery-image-link\" href=\"https:\/\/vanderloubet.com.br\/deputado\/wp-content\/uploads\/2019\/09\/foto-2019-09-16-patrulha-mecanizada-ufms-10.jpg\" title=\"Entrega de trator por Vander reuniu professores, t\u00e9cnicos e acad\u00eamicos da UFMS e dirigentes de movimentos sociais\"  data-caption=\"\"  data-description=\"Entrega de trator por Vander reuniu professores, t&eacute;cnicos e acad&ecirc;micos da UFMS e dirigentes de movimentos sociais\">\r\n                                <img decoding=\"async\" src=\"https:\/\/vanderloubet.com.br\/deputado\/wp-content\/uploads\/2019\/09\/foto-2019-09-16-patrulha-mecanizada-ufms-10-630x420.jpg\" srcset=\"https:\/\/vanderloubet.com.br\/deputado\/wp-content\/uploads\/2019\/09\/foto-2019-09-16-patrulha-mecanizada-ufms-10-630x420.jpg 630w, https:\/\/vanderloubet.com.br\/deputado\/wp-content\/uploads\/2019\/09\/foto-2019-09-16-patrulha-mecanizada-ufms-10-350x233.jpg 350w, https:\/\/vanderloubet.com.br\/deputado\/wp-content\/uploads\/2019\/09\/foto-2019-09-16-patrulha-mecanizada-ufms-10-768x512.jpg 768w, https:\/\/vanderloubet.com.br\/deputado\/wp-content\/uploads\/2019\/09\/foto-2019-09-16-patrulha-mecanizada-ufms-10-700x467.jpg 700w, https:\/\/vanderloubet.com.br\/deputado\/wp-content\/uploads\/2019\/09\/foto-2019-09-16-patrulha-mecanizada-ufms-10-696x464.jpg 696w, https:\/\/vanderloubet.com.br\/deputado\/wp-content\/uploads\/2019\/09\/foto-2019-09-16-patrulha-mecanizada-ufms-10-1068x712.jpg 1068w, https:\/\/vanderloubet.com.br\/deputado\/wp-content\/uploads\/2019\/09\/foto-2019-09-16-patrulha-mecanizada-ufms-10.jpg 1080w\" sizes=\"(max-width: 630px) 100vw, 630px\" alt=\"Entrega de trator por Vander reuniu professores, t&eacute;cnicos e acad&ecirc;micos da UFMS e dirigentes de movimentos sociais\">\r\n                            <\/a>\r\n                            <figcaption class = \"td-slide-caption td-gallery-slide-content\"><span>Entrega de trator por Vander reuniu professores, t\u00e9cnicos e acad\u00eamicos da UFMS e dirigentes de movimentos sociais<\/span><\/figcaption>\r\n                        <\/figure>\r\n                    <\/div>\r\n                    <div class = \"td-slide-item td-item11\">\r\n                        <figure class=\"td-slide-galery-figure td-slide-popup-gallery\">\r\n                            <a class=\"slide-gallery-image-link\" href=\"https:\/\/vanderloubet.com.br\/deputado\/wp-content\/uploads\/2019\/09\/foto-2019-09-16-patrulha-mecanizada-ufms-11.jpg\" title=\"Entrega de trator por Vander reuniu professores, t\u00e9cnicos e acad\u00eamicos da UFMS e dirigentes de movimentos sociais\"  data-caption=\"\"  data-description=\"Entrega de trator por Vander reuniu professores, t&eacute;cnicos e acad&ecirc;micos da UFMS e dirigentes de movimentos sociais\">\r\n                                <img decoding=\"async\" src=\"https:\/\/vanderloubet.com.br\/deputado\/wp-content\/uploads\/2019\/09\/foto-2019-09-16-patrulha-mecanizada-ufms-11-630x420.jpg\" srcset=\"https:\/\/vanderloubet.com.br\/deputado\/wp-content\/uploads\/2019\/09\/foto-2019-09-16-patrulha-mecanizada-ufms-11-630x420.jpg 630w, https:\/\/vanderloubet.com.br\/deputado\/wp-content\/uploads\/2019\/09\/foto-2019-09-16-patrulha-mecanizada-ufms-11-350x233.jpg 350w, https:\/\/vanderloubet.com.br\/deputado\/wp-content\/uploads\/2019\/09\/foto-2019-09-16-patrulha-mecanizada-ufms-11-768x512.jpg 768w, https:\/\/vanderloubet.com.br\/deputado\/wp-content\/uploads\/2019\/09\/foto-2019-09-16-patrulha-mecanizada-ufms-11-700x467.jpg 700w, https:\/\/vanderloubet.com.br\/deputado\/wp-content\/uploads\/2019\/09\/foto-2019-09-16-patrulha-mecanizada-ufms-11-696x464.jpg 696w, https:\/\/vanderloubet.com.br\/deputado\/wp-content\/uploads\/2019\/09\/foto-2019-09-16-patrulha-mecanizada-ufms-11-1068x712.jpg 1068w, https:\/\/vanderloubet.com.br\/deputado\/wp-content\/uploads\/2019\/09\/foto-2019-09-16-patrulha-mecanizada-ufms-11.jpg 1080w\" sizes=\"(max-width: 630px) 100vw, 630px\" alt=\"Entrega de trator por Vander reuniu professores, t&eacute;cnicos e acad&ecirc;micos da UFMS e dirigentes de movimentos sociais\">\r\n                            <\/a>\r\n                            <figcaption class = \"td-slide-caption td-gallery-slide-content\"><span>Entrega de trator por Vander reuniu professores, t\u00e9cnicos e acad\u00eamicos da UFMS e dirigentes de movimentos sociais<\/span><\/figcaption>\r\n                        <\/figure>\r\n                    <\/div>\r\n                    <div class = \"td-slide-item td-item12\">\r\n                        <figure class=\"td-slide-galery-figure td-slide-popup-gallery\">\r\n                            <a class=\"slide-gallery-image-link\" href=\"https:\/\/vanderloubet.com.br\/deputado\/wp-content\/uploads\/2019\/09\/foto-2019-09-16-patrulha-mecanizada-ufms-12.jpg\" title=\"Entrega de trator por Vander reuniu professores, t\u00e9cnicos e acad\u00eamicos da UFMS e dirigentes de movimentos sociais\"  data-caption=\"\"  data-description=\"Entrega de trator por Vander reuniu professores, t&eacute;cnicos e acad&ecirc;micos da UFMS e dirigentes de movimentos sociais\">\r\n                                <img decoding=\"async\" src=\"https:\/\/vanderloubet.com.br\/deputado\/wp-content\/uploads\/2019\/09\/foto-2019-09-16-patrulha-mecanizada-ufms-12-630x420.jpg\" srcset=\"https:\/\/vanderloubet.com.br\/deputado\/wp-content\/uploads\/2019\/09\/foto-2019-09-16-patrulha-mecanizada-ufms-12-630x420.jpg 630w, https:\/\/vanderloubet.com.br\/deputado\/wp-content\/uploads\/2019\/09\/foto-2019-09-16-patrulha-mecanizada-ufms-12-350x233.jpg 350w, https:\/\/vanderloubet.com.br\/deputado\/wp-content\/uploads\/2019\/09\/foto-2019-09-16-patrulha-mecanizada-ufms-12-768x512.jpg 768w, https:\/\/vanderloubet.com.br\/deputado\/wp-content\/uploads\/2019\/09\/foto-2019-09-16-patrulha-mecanizada-ufms-12-700x467.jpg 700w, https:\/\/vanderloubet.com.br\/deputado\/wp-content\/uploads\/2019\/09\/foto-2019-09-16-patrulha-mecanizada-ufms-12-696x464.jpg 696w, https:\/\/vanderloubet.com.br\/deputado\/wp-content\/uploads\/2019\/09\/foto-2019-09-16-patrulha-mecanizada-ufms-12-1068x712.jpg 1068w, https:\/\/vanderloubet.com.br\/deputado\/wp-content\/uploads\/2019\/09\/foto-2019-09-16-patrulha-mecanizada-ufms-12.jpg 1080w\" sizes=\"(max-width: 630px) 100vw, 630px\" alt=\"Entrega de trator por Vander reuniu professores, t&eacute;cnicos e acad&ecirc;micos da UFMS e dirigentes de movimentos sociais\">\r\n                            <\/a>\r\n                            <figcaption class = \"td-slide-caption td-gallery-slide-content\"><span>Entrega de trator por Vander reuniu professores, t\u00e9cnicos e acad\u00eamicos da UFMS e dirigentes de movimentos sociais<\/span><\/figcaption>\r\n                        <\/figure>\r\n                    <\/div>\r\n                    <div class = \"td-slide-item td-item13\">\r\n                        <figure class=\"td-slide-galery-figure td-slide-popup-gallery\">\r\n                            <a class=\"slide-gallery-image-link\" href=\"https:\/\/vanderloubet.com.br\/deputado\/wp-content\/uploads\/2019\/09\/foto-2019-09-16-patrulha-mecanizada-ufms-13.jpg\" title=\"Entrega de trator por Vander reuniu professores, t\u00e9cnicos e acad\u00eamicos da UFMS e dirigentes de movimentos sociais\"  data-caption=\"\"  data-description=\"Entrega de trator por Vander reuniu professores, t&eacute;cnicos e acad&ecirc;micos da UFMS e dirigentes de movimentos sociais\">\r\n                                <img decoding=\"async\" src=\"https:\/\/vanderloubet.com.br\/deputado\/wp-content\/uploads\/2019\/09\/foto-2019-09-16-patrulha-mecanizada-ufms-13-630x420.jpg\" srcset=\"https:\/\/vanderloubet.com.br\/deputado\/wp-content\/uploads\/2019\/09\/foto-2019-09-16-patrulha-mecanizada-ufms-13-630x420.jpg 630w, https:\/\/vanderloubet.com.br\/deputado\/wp-content\/uploads\/2019\/09\/foto-2019-09-16-patrulha-mecanizada-ufms-13-350x233.jpg 350w, https:\/\/vanderloubet.com.br\/deputado\/wp-content\/uploads\/2019\/09\/foto-2019-09-16-patrulha-mecanizada-ufms-13-768x512.jpg 768w, https:\/\/vanderloubet.com.br\/deputado\/wp-content\/uploads\/2019\/09\/foto-2019-09-16-patrulha-mecanizada-ufms-13-700x467.jpg 700w, https:\/\/vanderloubet.com.br\/deputado\/wp-content\/uploads\/2019\/09\/foto-2019-09-16-patrulha-mecanizada-ufms-13-696x464.jpg 696w, https:\/\/vanderloubet.com.br\/deputado\/wp-content\/uploads\/2019\/09\/foto-2019-09-16-patrulha-mecanizada-ufms-13-1068x712.jpg 1068w, https:\/\/vanderloubet.com.br\/deputado\/wp-content\/uploads\/2019\/09\/foto-2019-09-16-patrulha-mecanizada-ufms-13.jpg 1080w\" sizes=\"(max-width: 630px) 100vw, 630px\" alt=\"Entrega de trator por Vander reuniu professores, t&eacute;cnicos e acad&ecirc;micos da UFMS e dirigentes de movimentos sociais\">\r\n                            <\/a>\r\n                            <figcaption class = \"td-slide-caption td-gallery-slide-content\"><span>Entrega de trator por Vander reuniu professores, t\u00e9cnicos e acad\u00eamicos da UFMS e dirigentes de movimentos sociais<\/span><\/figcaption>\r\n                        <\/figure>\r\n                    <\/div>\r\n                    <div class = \"td-slide-item td-item14\">\r\n                        <figure class=\"td-slide-galery-figure td-slide-popup-gallery\">\r\n                            <a class=\"slide-gallery-image-link\" href=\"https:\/\/vanderloubet.com.br\/deputado\/wp-content\/uploads\/2019\/09\/foto-2019-09-16-patrulha-mecanizada-ufms-14.jpg\" title=\"Entrega de trator por Vander reuniu professores, t\u00e9cnicos e acad\u00eamicos da UFMS e dirigentes de movimentos sociais\"  data-caption=\"\"  data-description=\"Entrega de trator por Vander reuniu professores, t&eacute;cnicos e acad&ecirc;micos da UFMS e dirigentes de movimentos sociais\">\r\n                                <img decoding=\"async\" src=\"https:\/\/vanderloubet.com.br\/deputado\/wp-content\/uploads\/2019\/09\/foto-2019-09-16-patrulha-mecanizada-ufms-14-630x420.jpg\" srcset=\"https:\/\/vanderloubet.com.br\/deputado\/wp-content\/uploads\/2019\/09\/foto-2019-09-16-patrulha-mecanizada-ufms-14-630x420.jpg 630w, https:\/\/vanderloubet.com.br\/deputado\/wp-content\/uploads\/2019\/09\/foto-2019-09-16-patrulha-mecanizada-ufms-14-350x233.jpg 350w, https:\/\/vanderloubet.com.br\/deputado\/wp-content\/uploads\/2019\/09\/foto-2019-09-16-patrulha-mecanizada-ufms-14-768x512.jpg 768w, https:\/\/vanderloubet.com.br\/deputado\/wp-content\/uploads\/2019\/09\/foto-2019-09-16-patrulha-mecanizada-ufms-14-700x467.jpg 700w, https:\/\/vanderloubet.com.br\/deputado\/wp-content\/uploads\/2019\/09\/foto-2019-09-16-patrulha-mecanizada-ufms-14-696x464.jpg 696w, https:\/\/vanderloubet.com.br\/deputado\/wp-content\/uploads\/2019\/09\/foto-2019-09-16-patrulha-mecanizada-ufms-14-1068x712.jpg 1068w, https:\/\/vanderloubet.com.br\/deputado\/wp-content\/uploads\/2019\/09\/foto-2019-09-16-patrulha-mecanizada-ufms-14.jpg 1080w\" sizes=\"(max-width: 630px) 100vw, 630px\" alt=\"Entrega de trator por Vander reuniu professores, t&eacute;cnicos e acad&ecirc;micos da UFMS e dirigentes de movimentos sociais\">\r\n                            <\/a>\r\n                            <figcaption class = \"td-slide-caption td-gallery-slide-content\"><span>Entrega de trator por Vander reuniu professores, t\u00e9cnicos e acad\u00eamicos da UFMS e dirigentes de movimentos sociais<\/span><\/figcaption>\r\n                        <\/figure>\r\n                    <\/div>\r\n                    <div class = \"td-slide-item td-item15\">\r\n                        <figure class=\"td-slide-galery-figure td-slide-popup-gallery\">\r\n                            <a class=\"slide-gallery-image-link\" href=\"https:\/\/vanderloubet.com.br\/deputado\/wp-content\/uploads\/2019\/09\/foto-2019-09-16-patrulha-mecanizada-ufms-15.jpg\" title=\"Entrega de trator por Vander reuniu professores, t\u00e9cnicos e acad\u00eamicos da UFMS e dirigentes de movimentos sociais\"  data-caption=\"\"  data-description=\"Entrega de trator por Vander reuniu professores, t&eacute;cnicos e acad&ecirc;micos da UFMS e dirigentes de movimentos sociais\">\r\n                                <img decoding=\"async\" src=\"https:\/\/vanderloubet.com.br\/deputado\/wp-content\/uploads\/2019\/09\/foto-2019-09-16-patrulha-mecanizada-ufms-15-630x420.jpg\" srcset=\"https:\/\/vanderloubet.com.br\/deputado\/wp-content\/uploads\/2019\/09\/foto-2019-09-16-patrulha-mecanizada-ufms-15-630x420.jpg 630w, https:\/\/vanderloubet.com.br\/deputado\/wp-content\/uploads\/2019\/09\/foto-2019-09-16-patrulha-mecanizada-ufms-15-350x233.jpg 350w, https:\/\/vanderloubet.com.br\/deputado\/wp-content\/uploads\/2019\/09\/foto-2019-09-16-patrulha-mecanizada-ufms-15-768x512.jpg 768w, https:\/\/vanderloubet.com.br\/deputado\/wp-content\/uploads\/2019\/09\/foto-2019-09-16-patrulha-mecanizada-ufms-15-700x467.jpg 700w, https:\/\/vanderloubet.com.br\/deputado\/wp-content\/uploads\/2019\/09\/foto-2019-09-16-patrulha-mecanizada-ufms-15-696x464.jpg 696w, https:\/\/vanderloubet.com.br\/deputado\/wp-content\/uploads\/2019\/09\/foto-2019-09-16-patrulha-mecanizada-ufms-15-1068x712.jpg 1068w, https:\/\/vanderloubet.com.br\/deputado\/wp-content\/uploads\/2019\/09\/foto-2019-09-16-patrulha-mecanizada-ufms-15.jpg 1080w\" sizes=\"(max-width: 630px) 100vw, 630px\" alt=\"Entrega de trator por Vander reuniu professores, t&eacute;cnicos e acad&ecirc;micos da UFMS e dirigentes de movimentos sociais\">\r\n                            <\/a>\r\n                            <figcaption class = \"td-slide-caption td-gallery-slide-content\"><span>Entrega de trator por Vander reuniu professores, t\u00e9cnicos e acad\u00eamicos da UFMS e dirigentes de movimentos sociais<\/span><\/figcaption>\r\n                        <\/figure>\r\n                    <\/div>\r\n                    <div class = \"td-slide-item td-item16\">\r\n                        <figure class=\"td-slide-galery-figure td-slide-popup-gallery\">\r\n                            <a class=\"slide-gallery-image-link\" href=\"https:\/\/vanderloubet.com.br\/deputado\/wp-content\/uploads\/2019\/09\/foto-2019-09-16-patrulha-mecanizada-ufms-16.jpg\" title=\"Entrega de trator por Vander reuniu professores, t\u00e9cnicos e acad\u00eamicos da UFMS e dirigentes de movimentos sociais\"  data-caption=\"\"  data-description=\"Entrega de trator por Vander reuniu professores, t&eacute;cnicos e acad&ecirc;micos da UFMS e dirigentes de movimentos sociais\">\r\n                                <img decoding=\"async\" src=\"https:\/\/vanderloubet.com.br\/deputado\/wp-content\/uploads\/2019\/09\/foto-2019-09-16-patrulha-mecanizada-ufms-16-630x420.jpg\" srcset=\"https:\/\/vanderloubet.com.br\/deputado\/wp-content\/uploads\/2019\/09\/foto-2019-09-16-patrulha-mecanizada-ufms-16-630x420.jpg 630w, https:\/\/vanderloubet.com.br\/deputado\/wp-content\/uploads\/2019\/09\/foto-2019-09-16-patrulha-mecanizada-ufms-16-350x233.jpg 350w, https:\/\/vanderloubet.com.br\/deputado\/wp-content\/uploads\/2019\/09\/foto-2019-09-16-patrulha-mecanizada-ufms-16-768x512.jpg 768w, https:\/\/vanderloubet.com.br\/deputado\/wp-content\/uploads\/2019\/09\/foto-2019-09-16-patrulha-mecanizada-ufms-16-700x467.jpg 700w, https:\/\/vanderloubet.com.br\/deputado\/wp-content\/uploads\/2019\/09\/foto-2019-09-16-patrulha-mecanizada-ufms-16-696x464.jpg 696w, https:\/\/vanderloubet.com.br\/deputado\/wp-content\/uploads\/2019\/09\/foto-2019-09-16-patrulha-mecanizada-ufms-16-1068x712.jpg 1068w, https:\/\/vanderloubet.com.br\/deputado\/wp-content\/uploads\/2019\/09\/foto-2019-09-16-patrulha-mecanizada-ufms-16.jpg 1080w\" sizes=\"(max-width: 630px) 100vw, 630px\" alt=\"Entrega de trator por Vander reuniu professores, t&eacute;cnicos e acad&ecirc;micos da UFMS e dirigentes de movimentos sociais\">\r\n                            <\/a>\r\n                            <figcaption class = \"td-slide-caption td-gallery-slide-content\"><span>Entrega de trator por Vander reuniu professores, t\u00e9cnicos e acad\u00eamicos da UFMS e dirigentes de movimentos sociais<\/span><\/figcaption>\r\n                        <\/figure>\r\n                    <\/div>\r\n                    <div class = \"td-slide-item td-item17\">\r\n                        <figure class=\"td-slide-galery-figure td-slide-popup-gallery\">\r\n                            <a class=\"slide-gallery-image-link\" href=\"https:\/\/vanderloubet.com.br\/deputado\/wp-content\/uploads\/2019\/09\/foto-2019-09-16-patrulha-mecanizada-ufms-17.jpg\" title=\"Entrega de trator por Vander reuniu professores, t\u00e9cnicos e acad\u00eamicos da UFMS e dirigentes de movimentos sociais\"  data-caption=\"\"  data-description=\"Entrega de trator por Vander reuniu professores, t&eacute;cnicos e acad&ecirc;micos da UFMS e dirigentes de movimentos sociais\">\r\n                                <img decoding=\"async\" src=\"https:\/\/vanderloubet.com.br\/deputado\/wp-content\/uploads\/2019\/09\/foto-2019-09-16-patrulha-mecanizada-ufms-17-630x420.jpg\" srcset=\"https:\/\/vanderloubet.com.br\/deputado\/wp-content\/uploads\/2019\/09\/foto-2019-09-16-patrulha-mecanizada-ufms-17-630x420.jpg 630w, https:\/\/vanderloubet.com.br\/deputado\/wp-content\/uploads\/2019\/09\/foto-2019-09-16-patrulha-mecanizada-ufms-17-350x233.jpg 350w, https:\/\/vanderloubet.com.br\/deputado\/wp-content\/uploads\/2019\/09\/foto-2019-09-16-patrulha-mecanizada-ufms-17-768x512.jpg 768w, https:\/\/vanderloubet.com.br\/deputado\/wp-content\/uploads\/2019\/09\/foto-2019-09-16-patrulha-mecanizada-ufms-17-700x467.jpg 700w, https:\/\/vanderloubet.com.br\/deputado\/wp-content\/uploads\/2019\/09\/foto-2019-09-16-patrulha-mecanizada-ufms-17-696x464.jpg 696w, https:\/\/vanderloubet.com.br\/deputado\/wp-content\/uploads\/2019\/09\/foto-2019-09-16-patrulha-mecanizada-ufms-17-1068x712.jpg 1068w, https:\/\/vanderloubet.com.br\/deputado\/wp-content\/uploads\/2019\/09\/foto-2019-09-16-patrulha-mecanizada-ufms-17.jpg 1080w\" sizes=\"(max-width: 630px) 100vw, 630px\" alt=\"Entrega de trator por Vander reuniu professores, t&eacute;cnicos e acad&ecirc;micos da UFMS e dirigentes de movimentos sociais\">\r\n                            <\/a>\r\n                            <figcaption class = \"td-slide-caption td-gallery-slide-content\"><span>Entrega de trator por Vander reuniu professores, t\u00e9cnicos e acad\u00eamicos da UFMS e dirigentes de movimentos sociais<\/span><\/figcaption>\r\n                        <\/figure>\r\n                    <\/div>\r\n                    <div class = \"td-slide-item td-item18\">\r\n                        <figure class=\"td-slide-galery-figure td-slide-popup-gallery\">\r\n                            <a class=\"slide-gallery-image-link\" href=\"https:\/\/vanderloubet.com.br\/deputado\/wp-content\/uploads\/2019\/09\/foto-2019-09-16-patrulha-mecanizada-ufms-18.jpg\" title=\"Entrega de trator por Vander reuniu professores, t\u00e9cnicos e acad\u00eamicos da UFMS e dirigentes de movimentos sociais\"  data-caption=\"\"  data-description=\"Entrega de trator por Vander reuniu professores, t&eacute;cnicos e acad&ecirc;micos da UFMS e dirigentes de movimentos sociais\">\r\n                                <img decoding=\"async\" src=\"https:\/\/vanderloubet.com.br\/deputado\/wp-content\/uploads\/2019\/09\/foto-2019-09-16-patrulha-mecanizada-ufms-18-630x420.jpg\" srcset=\"https:\/\/vanderloubet.com.br\/deputado\/wp-content\/uploads\/2019\/09\/foto-2019-09-16-patrulha-mecanizada-ufms-18-630x420.jpg 630w, https:\/\/vanderloubet.com.br\/deputado\/wp-content\/uploads\/2019\/09\/foto-2019-09-16-patrulha-mecanizada-ufms-18-350x233.jpg 350w, https:\/\/vanderloubet.com.br\/deputado\/wp-content\/uploads\/2019\/09\/foto-2019-09-16-patrulha-mecanizada-ufms-18-768x512.jpg 768w, https:\/\/vanderloubet.com.br\/deputado\/wp-content\/uploads\/2019\/09\/foto-2019-09-16-patrulha-mecanizada-ufms-18-700x467.jpg 700w, https:\/\/vanderloubet.com.br\/deputado\/wp-content\/uploads\/2019\/09\/foto-2019-09-16-patrulha-mecanizada-ufms-18-696x464.jpg 696w, https:\/\/vanderloubet.com.br\/deputado\/wp-content\/uploads\/2019\/09\/foto-2019-09-16-patrulha-mecanizada-ufms-18-1068x712.jpg 1068w, https:\/\/vanderloubet.com.br\/deputado\/wp-content\/uploads\/2019\/09\/foto-2019-09-16-patrulha-mecanizada-ufms-18.jpg 1080w\" sizes=\"(max-width: 630px) 100vw, 630px\" alt=\"Entrega de trator por Vander reuniu professores, t&eacute;cnicos e acad&ecirc;micos da UFMS e dirigentes de movimentos sociais\">\r\n                            <\/a>\r\n                            <figcaption class = \"td-slide-caption td-gallery-slide-content\"><span>Entrega de trator por Vander reuniu professores, t\u00e9cnicos e acad\u00eamicos da UFMS e dirigentes de movimentos sociais<\/span><\/figcaption>\r\n                        <\/figure>\r\n                    <\/div>\r\n                    <div class = \"td-slide-item td-item19\">\r\n                        <figure class=\"td-slide-galery-figure td-slide-popup-gallery\">\r\n                            <a class=\"slide-gallery-image-link\" href=\"https:\/\/vanderloubet.com.br\/deputado\/wp-content\/uploads\/2019\/09\/foto-2019-09-16-patrulha-mecanizada-ufms-19.jpg\" title=\"Entrega de trator por Vander reuniu professores, t\u00e9cnicos e acad\u00eamicos da UFMS e dirigentes de movimentos sociais\"  data-caption=\"\"  data-description=\"Entrega de trator por Vander reuniu professores, t&eacute;cnicos e acad&ecirc;micos da UFMS e dirigentes de movimentos sociais\">\r\n                                <img decoding=\"async\" src=\"https:\/\/vanderloubet.com.br\/deputado\/wp-content\/uploads\/2019\/09\/foto-2019-09-16-patrulha-mecanizada-ufms-19-630x420.jpg\" srcset=\"https:\/\/vanderloubet.com.br\/deputado\/wp-content\/uploads\/2019\/09\/foto-2019-09-16-patrulha-mecanizada-ufms-19-630x420.jpg 630w, https:\/\/vanderloubet.com.br\/deputado\/wp-content\/uploads\/2019\/09\/foto-2019-09-16-patrulha-mecanizada-ufms-19-350x233.jpg 350w, https:\/\/vanderloubet.com.br\/deputado\/wp-content\/uploads\/2019\/09\/foto-2019-09-16-patrulha-mecanizada-ufms-19-768x512.jpg 768w, https:\/\/vanderloubet.com.br\/deputado\/wp-content\/uploads\/2019\/09\/foto-2019-09-16-patrulha-mecanizada-ufms-19-700x467.jpg 700w, https:\/\/vanderloubet.com.br\/deputado\/wp-content\/uploads\/2019\/09\/foto-2019-09-16-patrulha-mecanizada-ufms-19-696x464.jpg 696w, https:\/\/vanderloubet.com.br\/deputado\/wp-content\/uploads\/2019\/09\/foto-2019-09-16-patrulha-mecanizada-ufms-19-1068x712.jpg 1068w, https:\/\/vanderloubet.com.br\/deputado\/wp-content\/uploads\/2019\/09\/foto-2019-09-16-patrulha-mecanizada-ufms-19.jpg 1080w\" sizes=\"(max-width: 630px) 100vw, 630px\" alt=\"Entrega de trator por Vander reuniu professores, t&eacute;cnicos e acad&ecirc;micos da UFMS e dirigentes de movimentos sociais\">\r\n                            <\/a>\r\n                            <figcaption class = \"td-slide-caption td-gallery-slide-content\"><span>Entrega de trator por Vander reuniu professores, t\u00e9cnicos e acad\u00eamicos da UFMS e dirigentes de movimentos sociais<\/span><\/figcaption>\r\n                        <\/figure>\r\n                    <\/div>\r\n                    <div class = \"td-slide-item td-item20\">\r\n                        <figure class=\"td-slide-galery-figure td-slide-popup-gallery\">\r\n                            <a class=\"slide-gallery-image-link\" href=\"https:\/\/vanderloubet.com.br\/deputado\/wp-content\/uploads\/2019\/09\/foto-2019-09-16-patrulha-mecanizada-ufms-20.jpg\" title=\"Entrega de trator por Vander reuniu professores, t\u00e9cnicos e acad\u00eamicos da UFMS e dirigentes de movimentos sociais\"  data-caption=\"\"  data-description=\"Entrega de trator por Vander reuniu professores, t&eacute;cnicos e acad&ecirc;micos da UFMS e dirigentes de movimentos sociais\">\r\n                                <img decoding=\"async\" src=\"https:\/\/vanderloubet.com.br\/deputado\/wp-content\/uploads\/2019\/09\/foto-2019-09-16-patrulha-mecanizada-ufms-20-630x420.jpg\" srcset=\"https:\/\/vanderloubet.com.br\/deputado\/wp-content\/uploads\/2019\/09\/foto-2019-09-16-patrulha-mecanizada-ufms-20-630x420.jpg 630w, https:\/\/vanderloubet.com.br\/deputado\/wp-content\/uploads\/2019\/09\/foto-2019-09-16-patrulha-mecanizada-ufms-20-350x233.jpg 350w, https:\/\/vanderloubet.com.br\/deputado\/wp-content\/uploads\/2019\/09\/foto-2019-09-16-patrulha-mecanizada-ufms-20-768x512.jpg 768w, https:\/\/vanderloubet.com.br\/deputado\/wp-content\/uploads\/2019\/09\/foto-2019-09-16-patrulha-mecanizada-ufms-20-700x467.jpg 700w, https:\/\/vanderloubet.com.br\/deputado\/wp-content\/uploads\/2019\/09\/foto-2019-09-16-patrulha-mecanizada-ufms-20-696x464.jpg 696w, https:\/\/vanderloubet.com.br\/deputado\/wp-content\/uploads\/2019\/09\/foto-2019-09-16-patrulha-mecanizada-ufms-20-1068x712.jpg 1068w, https:\/\/vanderloubet.com.br\/deputado\/wp-content\/uploads\/2019\/09\/foto-2019-09-16-patrulha-mecanizada-ufms-20.jpg 1080w\" sizes=\"(max-width: 630px) 100vw, 630px\" alt=\"Entrega de trator por Vander reuniu professores, t&eacute;cnicos e acad&ecirc;micos da UFMS e dirigentes de movimentos sociais\">\r\n                            <\/a>\r\n                            <figcaption class = \"td-slide-caption td-gallery-slide-content\"><span>Entrega de trator por Vander reuniu professores, t\u00e9cnicos e acad\u00eamicos da UFMS e dirigentes de movimentos sociais<\/span><\/figcaption>\r\n                        <\/figure>\r\n                    <\/div>\r\n                    <div class = \"td-slide-item td-item21\">\r\n                        <figure class=\"td-slide-galery-figure td-slide-popup-gallery\">\r\n                            <a class=\"slide-gallery-image-link\" href=\"https:\/\/vanderloubet.com.br\/deputado\/wp-content\/uploads\/2019\/09\/foto-2019-09-16-patrulha-mecanizada-ufms-21.jpg\" title=\"Entrega de trator por Vander reuniu professores, t\u00e9cnicos e acad\u00eamicos da UFMS e dirigentes de movimentos sociais\"  data-caption=\"\"  data-description=\"Entrega de trator por Vander reuniu professores, t&eacute;cnicos e acad&ecirc;micos da UFMS e dirigentes de movimentos sociais\">\r\n                                <img decoding=\"async\" src=\"https:\/\/vanderloubet.com.br\/deputado\/wp-content\/uploads\/2019\/09\/foto-2019-09-16-patrulha-mecanizada-ufms-21-630x420.jpg\" srcset=\"https:\/\/vanderloubet.com.br\/deputado\/wp-content\/uploads\/2019\/09\/foto-2019-09-16-patrulha-mecanizada-ufms-21-630x420.jpg 630w, https:\/\/vanderloubet.com.br\/deputado\/wp-content\/uploads\/2019\/09\/foto-2019-09-16-patrulha-mecanizada-ufms-21-350x233.jpg 350w, https:\/\/vanderloubet.com.br\/deputado\/wp-content\/uploads\/2019\/09\/foto-2019-09-16-patrulha-mecanizada-ufms-21-768x512.jpg 768w, https:\/\/vanderloubet.com.br\/deputado\/wp-content\/uploads\/2019\/09\/foto-2019-09-16-patrulha-mecanizada-ufms-21-700x467.jpg 700w, https:\/\/vanderloubet.com.br\/deputado\/wp-content\/uploads\/2019\/09\/foto-2019-09-16-patrulha-mecanizada-ufms-21-696x464.jpg 696w, https:\/\/vanderloubet.com.br\/deputado\/wp-content\/uploads\/2019\/09\/foto-2019-09-16-patrulha-mecanizada-ufms-21-1068x712.jpg 1068w, https:\/\/vanderloubet.com.br\/deputado\/wp-content\/uploads\/2019\/09\/foto-2019-09-16-patrulha-mecanizada-ufms-21.jpg 1080w\" sizes=\"(max-width: 630px) 100vw, 630px\" alt=\"Entrega de trator por Vander reuniu professores, t&eacute;cnicos e acad&ecirc;micos da UFMS e dirigentes de movimentos sociais\">\r\n                            <\/a>\r\n                            <figcaption class = \"td-slide-caption td-gallery-slide-content\"><span>Entrega de trator por Vander reuniu professores, t\u00e9cnicos e acad\u00eamicos da UFMS e dirigentes de movimentos sociais<\/span><\/figcaption>\r\n                        <\/figure>\r\n                    <\/div>\r\n                    <div class = \"td-slide-item td-item22\">\r\n                        <figure class=\"td-slide-galery-figure td-slide-popup-gallery\">\r\n                            <a class=\"slide-gallery-image-link\" href=\"https:\/\/vanderloubet.com.br\/deputado\/wp-content\/uploads\/2019\/09\/foto-2019-09-16-patrulha-mecanizada-ufms-22.jpg\" title=\"Entrega de trator por Vander reuniu professores, t\u00e9cnicos e acad\u00eamicos da UFMS e dirigentes de movimentos sociais\"  data-caption=\"\"  data-description=\"Entrega de trator por Vander reuniu professores, t&eacute;cnicos e acad&ecirc;micos da UFMS e dirigentes de movimentos sociais\">\r\n                                <img decoding=\"async\" src=\"https:\/\/vanderloubet.com.br\/deputado\/wp-content\/uploads\/2019\/09\/foto-2019-09-16-patrulha-mecanizada-ufms-22-630x420.jpg\" srcset=\"https:\/\/vanderloubet.com.br\/deputado\/wp-content\/uploads\/2019\/09\/foto-2019-09-16-patrulha-mecanizada-ufms-22-630x420.jpg 630w, https:\/\/vanderloubet.com.br\/deputado\/wp-content\/uploads\/2019\/09\/foto-2019-09-16-patrulha-mecanizada-ufms-22-350x233.jpg 350w, https:\/\/vanderloubet.com.br\/deputado\/wp-content\/uploads\/2019\/09\/foto-2019-09-16-patrulha-mecanizada-ufms-22-768x512.jpg 768w, https:\/\/vanderloubet.com.br\/deputado\/wp-content\/uploads\/2019\/09\/foto-2019-09-16-patrulha-mecanizada-ufms-22-700x467.jpg 700w, https:\/\/vanderloubet.com.br\/deputado\/wp-content\/uploads\/2019\/09\/foto-2019-09-16-patrulha-mecanizada-ufms-22-696x464.jpg 696w, https:\/\/vanderloubet.com.br\/deputado\/wp-content\/uploads\/2019\/09\/foto-2019-09-16-patrulha-mecanizada-ufms-22-1068x712.jpg 1068w, https:\/\/vanderloubet.com.br\/deputado\/wp-content\/uploads\/2019\/09\/foto-2019-09-16-patrulha-mecanizada-ufms-22.jpg 1080w\" sizes=\"(max-width: 630px) 100vw, 630px\" alt=\"Entrega de trator por Vander reuniu professores, t&eacute;cnicos e acad&ecirc;micos da UFMS e dirigentes de movimentos sociais\">\r\n                            <\/a>\r\n                            <figcaption class = \"td-slide-caption td-gallery-slide-content\"><span>Entrega de trator por Vander reuniu professores, t\u00e9cnicos e acad\u00eamicos da UFMS e dirigentes de movimentos sociais<\/span><\/figcaption>\r\n                        <\/figure>\r\n                    <\/div>\r\n                    <div class = \"td-slide-item td-item23\">\r\n                        <figure class=\"td-slide-galery-figure td-slide-popup-gallery\">\r\n                            <a class=\"slide-gallery-image-link\" href=\"https:\/\/vanderloubet.com.br\/deputado\/wp-content\/uploads\/2019\/09\/foto-2019-09-16-patrulha-mecanizada-ufms-23.jpg\" title=\"Entrega de trator por Vander reuniu professores, t\u00e9cnicos e acad\u00eamicos da UFMS e dirigentes de movimentos sociais\"  data-caption=\"\"  data-description=\"Entrega de trator por Vander reuniu professores, t&eacute;cnicos e acad&ecirc;micos da UFMS e dirigentes de movimentos sociais\">\r\n                                <img decoding=\"async\" src=\"https:\/\/vanderloubet.com.br\/deputado\/wp-content\/uploads\/2019\/09\/foto-2019-09-16-patrulha-mecanizada-ufms-23-630x420.jpg\" srcset=\"https:\/\/vanderloubet.com.br\/deputado\/wp-content\/uploads\/2019\/09\/foto-2019-09-16-patrulha-mecanizada-ufms-23-630x420.jpg 630w, https:\/\/vanderloubet.com.br\/deputado\/wp-content\/uploads\/2019\/09\/foto-2019-09-16-patrulha-mecanizada-ufms-23-350x233.jpg 350w, https:\/\/vanderloubet.com.br\/deputado\/wp-content\/uploads\/2019\/09\/foto-2019-09-16-patrulha-mecanizada-ufms-23-768x512.jpg 768w, https:\/\/vanderloubet.com.br\/deputado\/wp-content\/uploads\/2019\/09\/foto-2019-09-16-patrulha-mecanizada-ufms-23-700x467.jpg 700w, https:\/\/vanderloubet.com.br\/deputado\/wp-content\/uploads\/2019\/09\/foto-2019-09-16-patrulha-mecanizada-ufms-23-696x464.jpg 696w, https:\/\/vanderloubet.com.br\/deputado\/wp-content\/uploads\/2019\/09\/foto-2019-09-16-patrulha-mecanizada-ufms-23-1068x712.jpg 1068w, https:\/\/vanderloubet.com.br\/deputado\/wp-content\/uploads\/2019\/09\/foto-2019-09-16-patrulha-mecanizada-ufms-23.jpg 1080w\" sizes=\"(max-width: 630px) 100vw, 630px\" alt=\"Entrega de trator por Vander reuniu professores, t&eacute;cnicos e acad&ecirc;micos da UFMS e dirigentes de movimentos sociais\">\r\n                            <\/a>\r\n                            <figcaption class = \"td-slide-caption td-gallery-slide-content\"><span>Entrega de trator por Vander reuniu professores, t\u00e9cnicos e acad\u00eamicos da UFMS e dirigentes de movimentos sociais<\/span><\/figcaption>\r\n                        <\/figure>\r\n                    <\/div>\r\n                    <div class = \"td-slide-item td-item24\">\r\n                        <figure class=\"td-slide-galery-figure td-slide-popup-gallery\">\r\n                            <a class=\"slide-gallery-image-link\" href=\"https:\/\/vanderloubet.com.br\/deputado\/wp-content\/uploads\/2019\/09\/foto-2019-09-16-patrulha-mecanizada-ufms-24.jpg\" title=\"Entrega de trator por Vander reuniu professores, t\u00e9cnicos e acad\u00eamicos da UFMS e dirigentes de movimentos sociais\"  data-caption=\"\"  data-description=\"Entrega de trator por Vander reuniu professores, t&eacute;cnicos e acad&ecirc;micos da UFMS e dirigentes de movimentos sociais\">\r\n                                <img decoding=\"async\" src=\"https:\/\/vanderloubet.com.br\/deputado\/wp-content\/uploads\/2019\/09\/foto-2019-09-16-patrulha-mecanizada-ufms-24-630x420.jpg\" srcset=\"https:\/\/vanderloubet.com.br\/deputado\/wp-content\/uploads\/2019\/09\/foto-2019-09-16-patrulha-mecanizada-ufms-24-630x420.jpg 630w, https:\/\/vanderloubet.com.br\/deputado\/wp-content\/uploads\/2019\/09\/foto-2019-09-16-patrulha-mecanizada-ufms-24-350x233.jpg 350w, https:\/\/vanderloubet.com.br\/deputado\/wp-content\/uploads\/2019\/09\/foto-2019-09-16-patrulha-mecanizada-ufms-24-768x512.jpg 768w, https:\/\/vanderloubet.com.br\/deputado\/wp-content\/uploads\/2019\/09\/foto-2019-09-16-patrulha-mecanizada-ufms-24-700x467.jpg 700w, https:\/\/vanderloubet.com.br\/deputado\/wp-content\/uploads\/2019\/09\/foto-2019-09-16-patrulha-mecanizada-ufms-24-696x464.jpg 696w, https:\/\/vanderloubet.com.br\/deputado\/wp-content\/uploads\/2019\/09\/foto-2019-09-16-patrulha-mecanizada-ufms-24-1068x712.jpg 1068w, https:\/\/vanderloubet.com.br\/deputado\/wp-content\/uploads\/2019\/09\/foto-2019-09-16-patrulha-mecanizada-ufms-24.jpg 1080w\" sizes=\"(max-width: 630px) 100vw, 630px\" alt=\"Entrega de trator por Vander reuniu professores, t&eacute;cnicos e acad&ecirc;micos da UFMS e dirigentes de movimentos sociais\">\r\n                            <\/a>\r\n                            <figcaption class = \"td-slide-caption td-gallery-slide-content\"><span>Entrega de trator por Vander reuniu professores, t\u00e9cnicos e acad\u00eamicos da UFMS e dirigentes de movimentos sociais<\/span><\/figcaption>\r\n                        <\/figure>\r\n                    <\/div>\r\n                    <div class = \"td-slide-item td-item25\">\r\n                        <figure class=\"td-slide-galery-figure td-slide-popup-gallery\">\r\n                            <a class=\"slide-gallery-image-link\" href=\"https:\/\/vanderloubet.com.br\/deputado\/wp-content\/uploads\/2019\/09\/foto-2019-09-16-patrulha-mecanizada-ufms-25.jpg\" title=\"Entrega de trator por Vander reuniu professores, t\u00e9cnicos e acad\u00eamicos da UFMS e dirigentes de movimentos sociais\"  data-caption=\"\"  data-description=\"Entrega de trator por Vander reuniu professores, t&eacute;cnicos e acad&ecirc;micos da UFMS e dirigentes de movimentos sociais\">\r\n                                <img decoding=\"async\" src=\"https:\/\/vanderloubet.com.br\/deputado\/wp-content\/uploads\/2019\/09\/foto-2019-09-16-patrulha-mecanizada-ufms-25-630x420.jpg\" srcset=\"https:\/\/vanderloubet.com.br\/deputado\/wp-content\/uploads\/2019\/09\/foto-2019-09-16-patrulha-mecanizada-ufms-25-630x420.jpg 630w, https:\/\/vanderloubet.com.br\/deputado\/wp-content\/uploads\/2019\/09\/foto-2019-09-16-patrulha-mecanizada-ufms-25-350x233.jpg 350w, https:\/\/vanderloubet.com.br\/deputado\/wp-content\/uploads\/2019\/09\/foto-2019-09-16-patrulha-mecanizada-ufms-25-768x512.jpg 768w, https:\/\/vanderloubet.com.br\/deputado\/wp-content\/uploads\/2019\/09\/foto-2019-09-16-patrulha-mecanizada-ufms-25-700x467.jpg 700w, https:\/\/vanderloubet.com.br\/deputado\/wp-content\/uploads\/2019\/09\/foto-2019-09-16-patrulha-mecanizada-ufms-25-696x464.jpg 696w, https:\/\/vanderloubet.com.br\/deputado\/wp-content\/uploads\/2019\/09\/foto-2019-09-16-patrulha-mecanizada-ufms-25-1068x712.jpg 1068w, https:\/\/vanderloubet.com.br\/deputado\/wp-content\/uploads\/2019\/09\/foto-2019-09-16-patrulha-mecanizada-ufms-25.jpg 1080w\" sizes=\"(max-width: 630px) 100vw, 630px\" alt=\"Entrega de trator por Vander reuniu professores, t&eacute;cnicos e acad&ecirc;micos da UFMS e dirigentes de movimentos sociais\">\r\n                            <\/a>\r\n                            <figcaption class = \"td-slide-caption td-gallery-slide-content\"><span>Entrega de trator por Vander reuniu professores, t\u00e9cnicos e acad\u00eamicos da UFMS e dirigentes de movimentos sociais<\/span><\/figcaption>\r\n                        <\/figure>\r\n                    <\/div>\r\n                    <div class = \"td-slide-item td-item26\">\r\n                        <figure class=\"td-slide-galery-figure td-slide-popup-gallery\">\r\n                            <a class=\"slide-gallery-image-link\" href=\"https:\/\/vanderloubet.com.br\/deputado\/wp-content\/uploads\/2019\/09\/foto-2019-09-16-patrulha-mecanizada-ufms-26.jpg\" title=\"Entrega de trator por Vander reuniu professores, t\u00e9cnicos e acad\u00eamicos da UFMS e dirigentes de movimentos sociais\"  data-caption=\"\"  data-description=\"Entrega de trator por Vander reuniu professores, t&eacute;cnicos e acad&ecirc;micos da UFMS e dirigentes de movimentos sociais\">\r\n                                <img decoding=\"async\" src=\"https:\/\/vanderloubet.com.br\/deputado\/wp-content\/uploads\/2019\/09\/foto-2019-09-16-patrulha-mecanizada-ufms-26-630x420.jpg\" srcset=\"https:\/\/vanderloubet.com.br\/deputado\/wp-content\/uploads\/2019\/09\/foto-2019-09-16-patrulha-mecanizada-ufms-26-630x420.jpg 630w, https:\/\/vanderloubet.com.br\/deputado\/wp-content\/uploads\/2019\/09\/foto-2019-09-16-patrulha-mecanizada-ufms-26-350x233.jpg 350w, https:\/\/vanderloubet.com.br\/deputado\/wp-content\/uploads\/2019\/09\/foto-2019-09-16-patrulha-mecanizada-ufms-26-768x512.jpg 768w, https:\/\/vanderloubet.com.br\/deputado\/wp-content\/uploads\/2019\/09\/foto-2019-09-16-patrulha-mecanizada-ufms-26-700x467.jpg 700w, https:\/\/vanderloubet.com.br\/deputado\/wp-content\/uploads\/2019\/09\/foto-2019-09-16-patrulha-mecanizada-ufms-26-696x464.jpg 696w, https:\/\/vanderloubet.com.br\/deputado\/wp-content\/uploads\/2019\/09\/foto-2019-09-16-patrulha-mecanizada-ufms-26-1068x712.jpg 1068w, https:\/\/vanderloubet.com.br\/deputado\/wp-content\/uploads\/2019\/09\/foto-2019-09-16-patrulha-mecanizada-ufms-26.jpg 1080w\" sizes=\"(max-width: 630px) 100vw, 630px\" alt=\"Entrega de trator por Vander reuniu professores, t&eacute;cnicos e acad&ecirc;micos da UFMS e dirigentes de movimentos sociais\">\r\n                            <\/a>\r\n                            <figcaption class = \"td-slide-caption td-gallery-slide-content\"><span>Entrega de trator por Vander reuniu professores, t\u00e9cnicos e acad\u00eamicos da UFMS e dirigentes de movimentos sociais<\/span><\/figcaption>\r\n                        <\/figure>\r\n                    <\/div>\r\n                    <div class = \"td-slide-item td-item27\">\r\n                        <figure class=\"td-slide-galery-figure td-slide-popup-gallery\">\r\n                            <a class=\"slide-gallery-image-link\" href=\"https:\/\/vanderloubet.com.br\/deputado\/wp-content\/uploads\/2019\/09\/foto-2019-09-16-patrulha-mecanizada-ufms-27.jpg\" title=\"Entrega de trator por Vander reuniu professores, t\u00e9cnicos e acad\u00eamicos da UFMS e dirigentes de movimentos sociais\"  data-caption=\"\"  data-description=\"Entrega de trator por Vander reuniu professores, t&eacute;cnicos e acad&ecirc;micos da UFMS e dirigentes de movimentos sociais\">\r\n                                <img decoding=\"async\" src=\"https:\/\/vanderloubet.com.br\/deputado\/wp-content\/uploads\/2019\/09\/foto-2019-09-16-patrulha-mecanizada-ufms-27-630x420.jpg\" srcset=\"https:\/\/vanderloubet.com.br\/deputado\/wp-content\/uploads\/2019\/09\/foto-2019-09-16-patrulha-mecanizada-ufms-27-630x420.jpg 630w, https:\/\/vanderloubet.com.br\/deputado\/wp-content\/uploads\/2019\/09\/foto-2019-09-16-patrulha-mecanizada-ufms-27-350x233.jpg 350w, https:\/\/vanderloubet.com.br\/deputado\/wp-content\/uploads\/2019\/09\/foto-2019-09-16-patrulha-mecanizada-ufms-27-768x512.jpg 768w, https:\/\/vanderloubet.com.br\/deputado\/wp-content\/uploads\/2019\/09\/foto-2019-09-16-patrulha-mecanizada-ufms-27-700x467.jpg 700w, https:\/\/vanderloubet.com.br\/deputado\/wp-content\/uploads\/2019\/09\/foto-2019-09-16-patrulha-mecanizada-ufms-27-696x464.jpg 696w, https:\/\/vanderloubet.com.br\/deputado\/wp-content\/uploads\/2019\/09\/foto-2019-09-16-patrulha-mecanizada-ufms-27-1068x712.jpg 1068w, https:\/\/vanderloubet.com.br\/deputado\/wp-content\/uploads\/2019\/09\/foto-2019-09-16-patrulha-mecanizada-ufms-27.jpg 1080w\" sizes=\"(max-width: 630px) 100vw, 630px\" alt=\"Entrega de trator por Vander reuniu professores, t&eacute;cnicos e acad&ecirc;micos da UFMS e dirigentes de movimentos sociais\">\r\n                            <\/a>\r\n                            <figcaption class = \"td-slide-caption td-gallery-slide-content\"><span>Entrega de trator por Vander reuniu professores, t\u00e9cnicos e acad\u00eamicos da UFMS e dirigentes de movimentos sociais<\/span><\/figcaption>\r\n                        <\/figure>\r\n                    <\/div>\r\n                    <div class = \"td-slide-item td-item28\">\r\n                        <figure class=\"td-slide-galery-figure td-slide-popup-gallery\">\r\n                            <a class=\"slide-gallery-image-link\" href=\"https:\/\/vanderloubet.com.br\/deputado\/wp-content\/uploads\/2019\/09\/foto-2019-09-16-patrulha-mecanizada-ufms-28.jpg\" title=\"Entrega de trator por Vander reuniu professores, t\u00e9cnicos e acad\u00eamicos da UFMS e dirigentes de movimentos sociais\"  data-caption=\"\"  data-description=\"Entrega de trator por Vander reuniu professores, t&eacute;cnicos e acad&ecirc;micos da UFMS e dirigentes de movimentos sociais\">\r\n                                <img decoding=\"async\" src=\"https:\/\/vanderloubet.com.br\/deputado\/wp-content\/uploads\/2019\/09\/foto-2019-09-16-patrulha-mecanizada-ufms-28-630x420.jpg\" srcset=\"https:\/\/vanderloubet.com.br\/deputado\/wp-content\/uploads\/2019\/09\/foto-2019-09-16-patrulha-mecanizada-ufms-28-630x420.jpg 630w, https:\/\/vanderloubet.com.br\/deputado\/wp-content\/uploads\/2019\/09\/foto-2019-09-16-patrulha-mecanizada-ufms-28-350x233.jpg 350w, https:\/\/vanderloubet.com.br\/deputado\/wp-content\/uploads\/2019\/09\/foto-2019-09-16-patrulha-mecanizada-ufms-28-768x512.jpg 768w, https:\/\/vanderloubet.com.br\/deputado\/wp-content\/uploads\/2019\/09\/foto-2019-09-16-patrulha-mecanizada-ufms-28-700x467.jpg 700w, https:\/\/vanderloubet.com.br\/deputado\/wp-content\/uploads\/2019\/09\/foto-2019-09-16-patrulha-mecanizada-ufms-28-696x464.jpg 696w, https:\/\/vanderloubet.com.br\/deputado\/wp-content\/uploads\/2019\/09\/foto-2019-09-16-patrulha-mecanizada-ufms-28-1068x712.jpg 1068w, https:\/\/vanderloubet.com.br\/deputado\/wp-content\/uploads\/2019\/09\/foto-2019-09-16-patrulha-mecanizada-ufms-28.jpg 1080w\" sizes=\"(max-width: 630px) 100vw, 630px\" alt=\"Entrega de trator por Vander reuniu professores, t&eacute;cnicos e acad&ecirc;micos da UFMS e dirigentes de movimentos sociais\">\r\n                            <\/a>\r\n                            <figcaption class = \"td-slide-caption td-gallery-slide-content\"><span>Entrega de trator por Vander reuniu professores, t\u00e9cnicos e acad\u00eamicos da UFMS e dirigentes de movimentos sociais<\/span><\/figcaption>\r\n                        <\/figure>\r\n                    <\/div>\r\n                            <\/div>\r\n                        <\/div>\r\n\r\n                        <div class = \"td-doubleSlider-2\">\r\n                            <div class = \"td-slider\">\r\n                                \r\n                    <div class = \"td-button td-item1\">\r\n                        <div class = \"td-border\"><\/div>\r\n                    <\/div>\r\n                    <div class = \"td-button td-item2\">\r\n                        <div class = \"td-border\"><\/div>\r\n                    <\/div>\r\n                    <div class = \"td-button td-item3\">\r\n                        <div class = \"td-border\"><\/div>\r\n                    <\/div>\r\n                    <div class = \"td-button td-item4\">\r\n                        <div class = \"td-border\"><\/div>\r\n                    <\/div>\r\n                    <div class = \"td-button td-item5\">\r\n                        <div class = \"td-border\"><\/div>\r\n                    <\/div>\r\n                    <div class = \"td-button td-item6\">\r\n                        <div class = \"td-border\"><\/div>\r\n                    <\/div>\r\n                    <div class = \"td-button td-item7\">\r\n                        <div class = \"td-border\"><\/div>\r\n                    <\/div>\r\n                    <div class = \"td-button td-item8\">\r\n                        <div class = \"td-border\"><\/div>\r\n                    <\/div>\r\n                    <div class = \"td-button td-item9\">\r\n                        <div class = \"td-border\"><\/div>\r\n                    <\/div>\r\n                    <div class = \"td-button td-item10\">\r\n                        <div class = \"td-border\"><\/div>\r\n                    <\/div>\r\n                    <div class = \"td-button td-item11\">\r\n                        <div class = \"td-border\"><\/div>\r\n                    <\/div>\r\n                    <div class = \"td-button td-item12\">\r\n                        <div class = \"td-border\"><\/div>\r\n                    <\/div>\r\n                    <div class = \"td-button td-item13\">\r\n                        <div class = \"td-border\"><\/div>\r\n                    <\/div>\r\n                    <div class = \"td-button td-item14\">\r\n                        <div class = \"td-border\"><\/div>\r\n                    <\/div>\r\n                    <div class = \"td-button td-item15\">\r\n                        <div class = \"td-border\"><\/div>\r\n                    <\/div>\r\n                    <div class = \"td-button td-item16\">\r\n                        <div class = \"td-border\"><\/div>\r\n                    <\/div>\r\n                    <div class = \"td-button td-item17\">\r\n                        <div class = \"td-border\"><\/div>\r\n                    <\/div>\r\n                    <div class = \"td-button td-item18\">\r\n                        <div class = \"td-border\"><\/div>\r\n                    <\/div>\r\n                    <div class = \"td-button td-item19\">\r\n                        <div class = \"td-border\"><\/div>\r\n                    <\/div>\r\n                    <div class = \"td-button td-item20\">\r\n                        <div class = \"td-border\"><\/div>\r\n                    <\/div>\r\n                    <div class = \"td-button td-item21\">\r\n                        <div class = \"td-border\"><\/div>\r\n                    <\/div>\r\n                    <div class = \"td-button td-item22\">\r\n                        <div class = \"td-border\"><\/div>\r\n                    <\/div>\r\n                    <div class = \"td-button td-item23\">\r\n                        <div class = \"td-border\"><\/div>\r\n                    <\/div>\r\n                    <div class = \"td-button td-item24\">\r\n                        <div class = \"td-border\"><\/div>\r\n                    <\/div>\r\n                    <div class = \"td-button td-item25\">\r\n                        <div class = \"td-border\"><\/div>\r\n                    <\/div>\r\n                    <div class = \"td-button td-item26\">\r\n                        <div class = \"td-border\"><\/div>\r\n                    <\/div>\r\n                    <div class = \"td-button td-item27\">\r\n                        <div class = \"td-border\"><\/div>\r\n                    <\/div>\r\n                    <div class = \"td-button td-item28\">\r\n                        <div class = \"td-border\"><\/div>\r\n                    <\/div>\r\n                            <\/div>\r\n                        <\/div>\r\n\r\n                    <\/div>\r\n\r\n                <\/div>\r\n                \n","protected":false},"excerpt":{"rendered":"<p>Trator e implementos agr\u00edcolas s\u00e3o fruto de emenda de Vander e Zeca e atender\u00e3o as atividades da Universidade relacionadas \u00e0 agricultura familiar.<\/p>\n","protected":false},"author":2,"featured_media":15871,"comment_status":"closed","ping_status":"closed","sticky":false,"template":"","format":"standard","meta":{"jetpack_post_was_ever_published":false,"_jetpack_newsletter_access":"","_jetpack_dont_email_post_to_subs":false,"_jetpack_newsletter_tier_id":0,"_jetpack_memberships_contains_paywalled_content":false,"_jetpack_memberships_contains_paid_content":false,"footnotes":""},"categories":[2099,10],"tags":[2132,697,2127],"class_list":{"0":"post-15857","1":"post","2":"type-post","3":"status-publish","4":"format-standard","5":"has-post-thumbnail","7":"category-ms-noticias","8":"category-noticias","9":"tag-agricultura-familiar","10":"tag-educacao","11":"tag-emenda-parlamentar"},"yoast_head":"<!-- This site is optimized with the Yoast SEO plugin v27.4 - https:\/\/yoast.com\/product\/yoast-seo-wordpress\/ -->\n<title>Vander entrega patrulha mecanizada para projeto Mercado Escola da UFMS<\/title>\n<meta name=\"description\" content=\"Trator e implementos agr\u00edcolas s\u00e3o fruto de emenda de Vander e Zeca e atender\u00e3o as atividades da Universidade relacionadas \u00e0 agricultura familiar.\" \/>\n<meta name=\"robots\" content=\"index, follow, max-snippet:-1, max-image-preview:large, max-video-preview:-1\" \/>\n<link rel=\"canonical\" href=\"https:\/\/vanderloubet.com.br\/deputado\/vander-entrega-patrulha-mecanizada-para-projeto-mercado-escola-da-ufms\/\" \/>\n<meta property=\"og:locale\" content=\"pt_BR\" \/>\n<meta property=\"og:type\" content=\"article\" \/>\n<meta property=\"og:title\" content=\"Vander entrega patrulha mecanizada para projeto Mercado Escola da UFMS\" \/>\n<meta property=\"og:description\" content=\"Trator e implementos agr\u00edcolas s\u00e3o fruto de emenda de Vander e Zeca e atender\u00e3o as atividades da Universidade relacionadas \u00e0 agricultura familiar.\" \/>\n<meta property=\"og:url\" content=\"https:\/\/vanderloubet.com.br\/deputado\/vander-entrega-patrulha-mecanizada-para-projeto-mercado-escola-da-ufms\/\" \/>\n<meta property=\"og:site_name\" content=\"Deputado Federal Vander Loubet\" \/>\n<meta property=\"article:publisher\" content=\"https:\/\/facebook.com\/deputadovander\" \/>\n<meta property=\"article:published_time\" content=\"2019-09-17T12:00:12+00:00\" \/>\n<meta property=\"article:modified_time\" content=\"2019-09-17T14:04:40+00:00\" \/>\n<meta property=\"og:image\" content=\"https:\/\/vanderloubet.com.br\/deputado\/wp-content\/uploads\/2019\/09\/foto-2019-09-16-patrulha-mecanizada-ufms-14.jpg\" \/>\n\t<meta property=\"og:image:width\" content=\"1080\" \/>\n\t<meta property=\"og:image:height\" content=\"720\" \/>\n\t<meta property=\"og:image:type\" content=\"image\/jpeg\" \/>\n<meta name=\"author\" content=\"\u00c9der\" \/>\n<meta name=\"twitter:card\" content=\"summary_large_image\" \/>\n<meta name=\"twitter:creator\" content=\"@vanderloubet\" \/>\n<meta name=\"twitter:site\" content=\"@vanderloubet\" \/>\n<script type=\"application\/ld+json\" class=\"yoast-schema-graph\">{\"@context\":\"https:\\\/\\\/schema.org\",\"@graph\":[{\"@type\":\"Article\",\"@id\":\"https:\\\/\\\/vanderloubet.com.br\\\/deputado\\\/vander-entrega-patrulha-mecanizada-para-projeto-mercado-escola-da-ufms\\\/#article\",\"isPartOf\":{\"@id\":\"https:\\\/\\\/vanderloubet.com.br\\\/deputado\\\/vander-entrega-patrulha-mecanizada-para-projeto-mercado-escola-da-ufms\\\/\"},\"author\":{\"name\":\"\u00c9der\",\"@id\":\"https:\\\/\\\/vanderloubet.com.br\\\/deputado\\\/#\\\/schema\\\/person\\\/15b51bd564532a8a68d9dec1b8eb890e\"},\"headline\":\"Vander entrega patrulha mecanizada para projeto Mercado Escola da UFMS\",\"datePublished\":\"2019-09-17T12:00:12+00:00\",\"dateModified\":\"2019-09-17T14:04:40+00:00\",\"mainEntityOfPage\":{\"@id\":\"https:\\\/\\\/vanderloubet.com.br\\\/deputado\\\/vander-entrega-patrulha-mecanizada-para-projeto-mercado-escola-da-ufms\\\/\"},\"wordCount\":584,\"publisher\":{\"@id\":\"https:\\\/\\\/vanderloubet.com.br\\\/deputado\\\/#organization\"},\"image\":{\"@id\":\"https:\\\/\\\/vanderloubet.com.br\\\/deputado\\\/vander-entrega-patrulha-mecanizada-para-projeto-mercado-escola-da-ufms\\\/#primaryimage\"},\"thumbnailUrl\":\"https:\\\/\\\/vanderloubet.com.br\\\/deputado\\\/wp-content\\\/uploads\\\/2019\\\/09\\\/foto-2019-09-16-patrulha-mecanizada-ufms-14.jpg\",\"keywords\":[\"agricultura familiar\",\"educa\u00e7\u00e3o\",\"emenda parlamentar\"],\"articleSection\":[\"Mato Grosso do Sul\",\"Not\u00edcias\"],\"inLanguage\":\"pt-BR\"},{\"@type\":\"WebPage\",\"@id\":\"https:\\\/\\\/vanderloubet.com.br\\\/deputado\\\/vander-entrega-patrulha-mecanizada-para-projeto-mercado-escola-da-ufms\\\/\",\"url\":\"https:\\\/\\\/vanderloubet.com.br\\\/deputado\\\/vander-entrega-patrulha-mecanizada-para-projeto-mercado-escola-da-ufms\\\/\",\"name\":\"Vander entrega patrulha mecanizada para projeto Mercado Escola da UFMS\",\"isPartOf\":{\"@id\":\"https:\\\/\\\/vanderloubet.com.br\\\/deputado\\\/#website\"},\"primaryImageOfPage\":{\"@id\":\"https:\\\/\\\/vanderloubet.com.br\\\/deputado\\\/vander-entrega-patrulha-mecanizada-para-projeto-mercado-escola-da-ufms\\\/#primaryimage\"},\"image\":{\"@id\":\"https:\\\/\\\/vanderloubet.com.br\\\/deputado\\\/vander-entrega-patrulha-mecanizada-para-projeto-mercado-escola-da-ufms\\\/#primaryimage\"},\"thumbnailUrl\":\"https:\\\/\\\/vanderloubet.com.br\\\/deputado\\\/wp-content\\\/uploads\\\/2019\\\/09\\\/foto-2019-09-16-patrulha-mecanizada-ufms-14.jpg\",\"datePublished\":\"2019-09-17T12:00:12+00:00\",\"dateModified\":\"2019-09-17T14:04:40+00:00\",\"description\":\"Trator e implementos agr\u00edcolas s\u00e3o fruto de emenda de Vander e Zeca e atender\u00e3o as atividades da Universidade relacionadas \u00e0 agricultura familiar.\",\"breadcrumb\":{\"@id\":\"https:\\\/\\\/vanderloubet.com.br\\\/deputado\\\/vander-entrega-patrulha-mecanizada-para-projeto-mercado-escola-da-ufms\\\/#breadcrumb\"},\"inLanguage\":\"pt-BR\",\"potentialAction\":[{\"@type\":\"ReadAction\",\"target\":[\"https:\\\/\\\/vanderloubet.com.br\\\/deputado\\\/vander-entrega-patrulha-mecanizada-para-projeto-mercado-escola-da-ufms\\\/\"]}]},{\"@type\":\"ImageObject\",\"inLanguage\":\"pt-BR\",\"@id\":\"https:\\\/\\\/vanderloubet.com.br\\\/deputado\\\/vander-entrega-patrulha-mecanizada-para-projeto-mercado-escola-da-ufms\\\/#primaryimage\",\"url\":\"https:\\\/\\\/vanderloubet.com.br\\\/deputado\\\/wp-content\\\/uploads\\\/2019\\\/09\\\/foto-2019-09-16-patrulha-mecanizada-ufms-14.jpg\",\"contentUrl\":\"https:\\\/\\\/vanderloubet.com.br\\\/deputado\\\/wp-content\\\/uploads\\\/2019\\\/09\\\/foto-2019-09-16-patrulha-mecanizada-ufms-14.jpg\",\"width\":1080,\"height\":720,\"caption\":\"Entrega de trator por Vander reuniu professores, t\u00e9cnicos e acad\u00eamicos da UFMS e dirigentes de movimentos sociais\"},{\"@type\":\"BreadcrumbList\",\"@id\":\"https:\\\/\\\/vanderloubet.com.br\\\/deputado\\\/vander-entrega-patrulha-mecanizada-para-projeto-mercado-escola-da-ufms\\\/#breadcrumb\",\"itemListElement\":[{\"@type\":\"ListItem\",\"position\":1,\"name\":\"In\u00edcio\",\"item\":\"https:\\\/\\\/vanderloubet.com.br\\\/deputado\\\/\"},{\"@type\":\"ListItem\",\"position\":2,\"name\":\"Vander entrega patrulha mecanizada para projeto Mercado Escola da UFMS\"}]},{\"@type\":\"WebSite\",\"@id\":\"https:\\\/\\\/vanderloubet.com.br\\\/deputado\\\/#website\",\"url\":\"https:\\\/\\\/vanderloubet.com.br\\\/deputado\\\/\",\"name\":\"Deputado Federal Vander Loubet\",\"description\":\"O Federal de MS\",\"publisher\":{\"@id\":\"https:\\\/\\\/vanderloubet.com.br\\\/deputado\\\/#organization\"},\"alternateName\":\"Deputado Vander\",\"potentialAction\":[{\"@type\":\"SearchAction\",\"target\":{\"@type\":\"EntryPoint\",\"urlTemplate\":\"https:\\\/\\\/vanderloubet.com.br\\\/deputado\\\/?s={search_term_string}\"},\"query-input\":{\"@type\":\"PropertyValueSpecification\",\"valueRequired\":true,\"valueName\":\"search_term_string\"}}],\"inLanguage\":\"pt-BR\"},{\"@type\":\"Organization\",\"@id\":\"https:\\\/\\\/vanderloubet.com.br\\\/deputado\\\/#organization\",\"name\":\"Deputado Federal Vander Loubet\",\"alternateName\":\"Deputado Vander\",\"url\":\"https:\\\/\\\/vanderloubet.com.br\\\/deputado\\\/\",\"logo\":{\"@type\":\"ImageObject\",\"inLanguage\":\"pt-BR\",\"@id\":\"https:\\\/\\\/vanderloubet.com.br\\\/deputado\\\/#\\\/schema\\\/logo\\\/image\\\/\",\"url\":\"https:\\\/\\\/vanderloubet.com.br\\\/deputado\\\/wp-content\\\/uploads\\\/2023\\\/06\\\/foto-2023-06-19-mandato-deputado-vander.jpg\",\"contentUrl\":\"https:\\\/\\\/vanderloubet.com.br\\\/deputado\\\/wp-content\\\/uploads\\\/2023\\\/06\\\/foto-2023-06-19-mandato-deputado-vander.jpg\",\"width\":1080,\"height\":1080,\"caption\":\"Deputado Federal Vander Loubet\"},\"image\":{\"@id\":\"https:\\\/\\\/vanderloubet.com.br\\\/deputado\\\/#\\\/schema\\\/logo\\\/image\\\/\"},\"sameAs\":[\"https:\\\/\\\/facebook.com\\\/deputadovander\",\"https:\\\/\\\/x.com\\\/vanderloubet\",\"https:\\\/\\\/instagram.com\\\/vanderloubet\",\"https:\\\/\\\/youtube.com\\\/vanderloubet\",\"https:\\\/\\\/tiktok.com\\\/@vanderloubetms\"]},{\"@type\":\"Person\",\"@id\":\"https:\\\/\\\/vanderloubet.com.br\\\/deputado\\\/#\\\/schema\\\/person\\\/15b51bd564532a8a68d9dec1b8eb890e\",\"name\":\"\u00c9der\",\"image\":{\"@type\":\"ImageObject\",\"inLanguage\":\"pt-BR\",\"@id\":\"https:\\\/\\\/vanderloubet.com.br\\\/deputado\\\/wp-content\\\/litespeed\\\/avatar\\\/88ca4090d9d5ab1c9495f6ca03b68efa.jpg?ver=1777058957\",\"url\":\"https:\\\/\\\/vanderloubet.com.br\\\/deputado\\\/wp-content\\\/litespeed\\\/avatar\\\/88ca4090d9d5ab1c9495f6ca03b68efa.jpg?ver=1777058957\",\"contentUrl\":\"https:\\\/\\\/vanderloubet.com.br\\\/deputado\\\/wp-content\\\/litespeed\\\/avatar\\\/88ca4090d9d5ab1c9495f6ca03b68efa.jpg?ver=1777058957\",\"caption\":\"\u00c9der\"}}]}<\/script>\n<!-- \/ Yoast SEO plugin. -->","yoast_head_json":{"title":"Vander entrega patrulha mecanizada para projeto Mercado Escola da UFMS","description":"Trator e implementos agr\u00edcolas s\u00e3o fruto de emenda de Vander e Zeca e atender\u00e3o as atividades da Universidade relacionadas \u00e0 agricultura familiar.","robots":{"index":"index","follow":"follow","max-snippet":"max-snippet:-1","max-image-preview":"max-image-preview:large","max-video-preview":"max-video-preview:-1"},"canonical":"https:\/\/vanderloubet.com.br\/deputado\/vander-entrega-patrulha-mecanizada-para-projeto-mercado-escola-da-ufms\/","og_locale":"pt_BR","og_type":"article","og_title":"Vander entrega patrulha mecanizada para projeto Mercado Escola da UFMS","og_description":"Trator e implementos agr\u00edcolas s\u00e3o fruto de emenda de Vander e Zeca e atender\u00e3o as atividades da Universidade relacionadas \u00e0 agricultura familiar.","og_url":"https:\/\/vanderloubet.com.br\/deputado\/vander-entrega-patrulha-mecanizada-para-projeto-mercado-escola-da-ufms\/","og_site_name":"Deputado Federal Vander Loubet","article_publisher":"https:\/\/facebook.com\/deputadovander","article_published_time":"2019-09-17T12:00:12+00:00","article_modified_time":"2019-09-17T14:04:40+00:00","og_image":[{"width":1080,"height":720,"url":"https:\/\/vanderloubet.com.br\/deputado\/wp-content\/uploads\/2019\/09\/foto-2019-09-16-patrulha-mecanizada-ufms-14.jpg","type":"image\/jpeg"}],"author":"\u00c9der","twitter_card":"summary_large_image","twitter_creator":"@vanderloubet","twitter_site":"@vanderloubet","schema":{"@context":"https:\/\/schema.org","@graph":[{"@type":"Article","@id":"https:\/\/vanderloubet.com.br\/deputado\/vander-entrega-patrulha-mecanizada-para-projeto-mercado-escola-da-ufms\/#article","isPartOf":{"@id":"https:\/\/vanderloubet.com.br\/deputado\/vander-entrega-patrulha-mecanizada-para-projeto-mercado-escola-da-ufms\/"},"author":{"name":"\u00c9der","@id":"https:\/\/vanderloubet.com.br\/deputado\/#\/schema\/person\/15b51bd564532a8a68d9dec1b8eb890e"},"headline":"Vander entrega patrulha mecanizada para projeto Mercado Escola da UFMS","datePublished":"2019-09-17T12:00:12+00:00","dateModified":"2019-09-17T14:04:40+00:00","mainEntityOfPage":{"@id":"https:\/\/vanderloubet.com.br\/deputado\/vander-entrega-patrulha-mecanizada-para-projeto-mercado-escola-da-ufms\/"},"wordCount":584,"publisher":{"@id":"https:\/\/vanderloubet.com.br\/deputado\/#organization"},"image":{"@id":"https:\/\/vanderloubet.com.br\/deputado\/vander-entrega-patrulha-mecanizada-para-projeto-mercado-escola-da-ufms\/#primaryimage"},"thumbnailUrl":"https:\/\/vanderloubet.com.br\/deputado\/wp-content\/uploads\/2019\/09\/foto-2019-09-16-patrulha-mecanizada-ufms-14.jpg","keywords":["agricultura familiar","educa\u00e7\u00e3o","emenda parlamentar"],"articleSection":["Mato Grosso do Sul","Not\u00edcias"],"inLanguage":"pt-BR"},{"@type":"WebPage","@id":"https:\/\/vanderloubet.com.br\/deputado\/vander-entrega-patrulha-mecanizada-para-projeto-mercado-escola-da-ufms\/","url":"https:\/\/vanderloubet.com.br\/deputado\/vander-entrega-patrulha-mecanizada-para-projeto-mercado-escola-da-ufms\/","name":"Vander entrega patrulha mecanizada para projeto Mercado Escola da UFMS","isPartOf":{"@id":"https:\/\/vanderloubet.com.br\/deputado\/#website"},"primaryImageOfPage":{"@id":"https:\/\/vanderloubet.com.br\/deputado\/vander-entrega-patrulha-mecanizada-para-projeto-mercado-escola-da-ufms\/#primaryimage"},"image":{"@id":"https:\/\/vanderloubet.com.br\/deputado\/vander-entrega-patrulha-mecanizada-para-projeto-mercado-escola-da-ufms\/#primaryimage"},"thumbnailUrl":"https:\/\/vanderloubet.com.br\/deputado\/wp-content\/uploads\/2019\/09\/foto-2019-09-16-patrulha-mecanizada-ufms-14.jpg","datePublished":"2019-09-17T12:00:12+00:00","dateModified":"2019-09-17T14:04:40+00:00","description":"Trator e implementos agr\u00edcolas s\u00e3o fruto de emenda de Vander e Zeca e atender\u00e3o as atividades da Universidade relacionadas \u00e0 agricultura familiar.","breadcrumb":{"@id":"https:\/\/vanderloubet.com.br\/deputado\/vander-entrega-patrulha-mecanizada-para-projeto-mercado-escola-da-ufms\/#breadcrumb"},"inLanguage":"pt-BR","potentialAction":[{"@type":"ReadAction","target":["https:\/\/vanderloubet.com.br\/deputado\/vander-entrega-patrulha-mecanizada-para-projeto-mercado-escola-da-ufms\/"]}]},{"@type":"ImageObject","inLanguage":"pt-BR","@id":"https:\/\/vanderloubet.com.br\/deputado\/vander-entrega-patrulha-mecanizada-para-projeto-mercado-escola-da-ufms\/#primaryimage","url":"https:\/\/vanderloubet.com.br\/deputado\/wp-content\/uploads\/2019\/09\/foto-2019-09-16-patrulha-mecanizada-ufms-14.jpg","contentUrl":"https:\/\/vanderloubet.com.br\/deputado\/wp-content\/uploads\/2019\/09\/foto-2019-09-16-patrulha-mecanizada-ufms-14.jpg","width":1080,"height":720,"caption":"Entrega de trator por Vander reuniu professores, t\u00e9cnicos e acad\u00eamicos da UFMS e dirigentes de movimentos sociais"},{"@type":"BreadcrumbList","@id":"https:\/\/vanderloubet.com.br\/deputado\/vander-entrega-patrulha-mecanizada-para-projeto-mercado-escola-da-ufms\/#breadcrumb","itemListElement":[{"@type":"ListItem","position":1,"name":"In\u00edcio","item":"https:\/\/vanderloubet.com.br\/deputado\/"},{"@type":"ListItem","position":2,"name":"Vander entrega patrulha mecanizada para projeto Mercado Escola da UFMS"}]},{"@type":"WebSite","@id":"https:\/\/vanderloubet.com.br\/deputado\/#website","url":"https:\/\/vanderloubet.com.br\/deputado\/","name":"Deputado Federal Vander Loubet","description":"O Federal de MS","publisher":{"@id":"https:\/\/vanderloubet.com.br\/deputado\/#organization"},"alternateName":"Deputado Vander","potentialAction":[{"@type":"SearchAction","target":{"@type":"EntryPoint","urlTemplate":"https:\/\/vanderloubet.com.br\/deputado\/?s={search_term_string}"},"query-input":{"@type":"PropertyValueSpecification","valueRequired":true,"valueName":"search_term_string"}}],"inLanguage":"pt-BR"},{"@type":"Organization","@id":"https:\/\/vanderloubet.com.br\/deputado\/#organization","name":"Deputado Federal Vander Loubet","alternateName":"Deputado Vander","url":"https:\/\/vanderloubet.com.br\/deputado\/","logo":{"@type":"ImageObject","inLanguage":"pt-BR","@id":"https:\/\/vanderloubet.com.br\/deputado\/#\/schema\/logo\/image\/","url":"https:\/\/vanderloubet.com.br\/deputado\/wp-content\/uploads\/2023\/06\/foto-2023-06-19-mandato-deputado-vander.jpg","contentUrl":"https:\/\/vanderloubet.com.br\/deputado\/wp-content\/uploads\/2023\/06\/foto-2023-06-19-mandato-deputado-vander.jpg","width":1080,"height":1080,"caption":"Deputado Federal Vander Loubet"},"image":{"@id":"https:\/\/vanderloubet.com.br\/deputado\/#\/schema\/logo\/image\/"},"sameAs":["https:\/\/facebook.com\/deputadovander","https:\/\/x.com\/vanderloubet","https:\/\/instagram.com\/vanderloubet","https:\/\/youtube.com\/vanderloubet","https:\/\/tiktok.com\/@vanderloubetms"]},{"@type":"Person","@id":"https:\/\/vanderloubet.com.br\/deputado\/#\/schema\/person\/15b51bd564532a8a68d9dec1b8eb890e","name":"\u00c9der","image":{"@type":"ImageObject","inLanguage":"pt-BR","@id":"https:\/\/vanderloubet.com.br\/deputado\/wp-content\/litespeed\/avatar\/88ca4090d9d5ab1c9495f6ca03b68efa.jpg?ver=1777058957","url":"https:\/\/vanderloubet.com.br\/deputado\/wp-content\/litespeed\/avatar\/88ca4090d9d5ab1c9495f6ca03b68efa.jpg?ver=1777058957","contentUrl":"https:\/\/vanderloubet.com.br\/deputado\/wp-content\/litespeed\/avatar\/88ca4090d9d5ab1c9495f6ca03b68efa.jpg?ver=1777058957","caption":"\u00c9der"}}]}},"jetpack_featured_media_url":"https:\/\/vanderloubet.com.br\/deputado\/wp-content\/uploads\/2019\/09\/foto-2019-09-16-patrulha-mecanizada-ufms-14.jpg","jetpack_sharing_enabled":true,"_links":{"self":[{"href":"https:\/\/vanderloubet.com.br\/deputado\/wp-json\/wp\/v2\/posts\/15857","targetHints":{"allow":["GET"]}}],"collection":[{"href":"https:\/\/vanderloubet.com.br\/deputado\/wp-json\/wp\/v2\/posts"}],"about":[{"href":"https:\/\/vanderloubet.com.br\/deputado\/wp-json\/wp\/v2\/types\/post"}],"author":[{"embeddable":true,"href":"https:\/\/vanderloubet.com.br\/deputado\/wp-json\/wp\/v2\/users\/2"}],"replies":[{"embeddable":true,"href":"https:\/\/vanderloubet.com.br\/deputado\/wp-json\/wp\/v2\/comments?post=15857"}],"version-history":[{"count":0,"href":"https:\/\/vanderloubet.com.br\/deputado\/wp-json\/wp\/v2\/posts\/15857\/revisions"}],"wp:featuredmedia":[{"embeddable":true,"href":"https:\/\/vanderloubet.com.br\/deputado\/wp-json\/wp\/v2\/media\/15871"}],"wp:attachment":[{"href":"https:\/\/vanderloubet.com.br\/deputado\/wp-json\/wp\/v2\/media?parent=15857"}],"wp:term":[{"taxonomy":"category","embeddable":true,"href":"https:\/\/vanderloubet.com.br\/deputado\/wp-json\/wp\/v2\/categories?post=15857"},{"taxonomy":"post_tag","embeddable":true,"href":"https:\/\/vanderloubet.com.br\/deputado\/wp-json\/wp\/v2\/tags?post=15857"}],"curies":[{"name":"wp","href":"https:\/\/api.w.org\/{rel}","templated":true}]}}