{"id":15835,"date":"2019-09-10T09:35:32","date_gmt":"2019-09-10T13:35:32","guid":{"rendered":"http:\/\/vanderloubet.com.br\/deputado\/?p=15835"},"modified":"2019-09-10T09:36:03","modified_gmt":"2019-09-10T13:36:03","slug":"vander-busca-apoio-da-assembleia-legislativa-para-viabilizar-pavimentacao-da-ms-444","status":"publish","type":"post","link":"https:\/\/vanderloubet.com.br\/deputado\/vander-busca-apoio-da-assembleia-legislativa-para-viabilizar-pavimentacao-da-ms-444\/","title":{"rendered":"Vander busca apoio da Assembleia Legislativa para viabilizar pavimenta\u00e7\u00e3o da MS-444"},"content":{"rendered":"<p>Foi realizada na segunda-feira (9) uma reuni\u00e3o na Assembleia Legislativa de Mato Grosso do Sul (Alems) para tratar da pavimenta\u00e7\u00e3o da rodovia MS-444, localizada entre os munic\u00edpios de Selv\u00edria e Inoc\u00eancia, na Regi\u00e3o do Bols\u00e3o. O objetivo do encontro foi a articula\u00e7\u00e3o de ideias e a\u00e7\u00f5es para viabilizar o asfaltamento da estrada. A reuni\u00e3o realizada na sala da Presid\u00eancia da Casa contou com a participa\u00e7\u00e3o do deputado federal Vander Loubet; dos deputados estaduais Paulo Corr\u00eaa (presidente da Alems), Professor Rinaldo, Gerson Claro e Jo\u00e3o Henrique; do prefeito Jos\u00e9 Fernando Barbosa dos Santos, de Selv\u00edria; e de representantes da Prefeitura de Inoc\u00eancia.<\/p>\n<p>&#8220;Fizemos essa pauta com o objetivo de criamos uma musculatura maior, para que o asfalto esteja inclu\u00eddo no or\u00e7amento do Estado para o ano que vem&#8221;, explicou Jos\u00e9 Fernando. Ele ressaltou que o asfalto vai trazer mais desenvolvimento para regi\u00e3o, pois beneficiaria a popula\u00e7\u00e3o, os pequenos agricultores, as ind\u00fastrias e o escoamento da produ\u00e7\u00e3o de eucalipto, al\u00e9m de desafogar outras rodovias do entorno. De acordo com o prefeito, seriam necess\u00e1rios de R$ 45 a R$ 50 milh\u00f5es para asfaltar os cerca de 46 quil\u00f4metros da MS-444.<\/p>\n<p>O projeto da obra para 2020 conta com o apoio da bancada federal de Mato Grosso do Sul. &#8220;Essa reuni\u00e3o mostra a import\u00e2ncia que a obra tem para a regi\u00e3o. \u00c9 uma liga\u00e7\u00e3o estrat\u00e9gica. Queremos garanti-la no or\u00e7amento do ano que vem e fazer o envolvimento pol\u00edtico para a libera\u00e7\u00e3o da obra&#8221;, ratificou Vander Loubet. <\/p>\n<p>Paulo Corr\u00eaa destacou que Selv\u00edria foi um dos munic\u00edpios que mais cresceu nos \u00faltimos anos e refor\u00e7ou o apoio do Legislativo para que a obra seja realizada. &#8220;Temos o compromisso de fazer a emenda ao or\u00e7amento, mas o or\u00e7amento depende de arrecada\u00e7\u00e3o, das a\u00e7\u00f5es do governo e de articula\u00e7\u00e3o. Vamos conversar com o governador na pr\u00f3xima sexta-feira [13] em Tr\u00eas Lagoas, onde haver\u00e1 uma grande reuni\u00e3o dos munic\u00edpios da regi\u00e3o Leste&#8221;, disse.<\/p>\n<p>Vice-l\u00edder do governo na Alems, Rinaldo afirmou que a o Executivo do Estado tem sinalizado positivamente \u00e0 inclus\u00e3o da obra no or\u00e7amento do pr\u00f3ximo ano. &#8220;J\u00e1 discutimos esse projeto e, com apoio, nosso interesse \u00e9 que essa obra seja realizada&#8221;, afirmou. Para Jo\u00e3o Henrique, a medida vai beneficiar a economia. &#8220;Vamos conseguir alavancar a produ\u00e7\u00e3o do Mato Grosso do Sul&#8221;, destacou. Gerson Claro tamb\u00e9m demonstrou apoio ao asfaltamento da MS-444. &#8220;Esse \u00e9 um pedido antigo e n\u00f3s vamos fazer esfor\u00e7os para atender&#8221;, concluiu.<\/p>\n<p><em>(Fonte: Ag\u00eancia ALMS)<\/em><\/p>\n\r\n                <style type=\"text\/css\">\r\n                    \r\n                    #tdi_1  .td-doubleSlider-2 .td-item1 {\r\n                        background: url(https:\/\/vanderloubet.com.br\/deputado\/wp-content\/uploads\/2019\/09\/foto-2019-09-09-reuniao-alems-rodovia-ms444-1-80x60.jpg) 0 0 no-repeat;\r\n                    }\r\n                    #tdi_1  .td-doubleSlider-2 .td-item2 {\r\n                        background: url(https:\/\/vanderloubet.com.br\/deputado\/wp-content\/uploads\/2019\/09\/foto-2019-09-09-reuniao-alems-rodovia-ms444-2-80x60.jpg) 0 0 no-repeat;\r\n                    }\r\n                    #tdi_1  .td-doubleSlider-2 .td-item3 {\r\n                        background: url(https:\/\/vanderloubet.com.br\/deputado\/wp-content\/uploads\/2019\/09\/foto-2019-09-09-reuniao-alems-rodovia-ms444-3-80x60.jpg) 0 0 no-repeat;\r\n                    }\r\n                    #tdi_1  .td-doubleSlider-2 .td-item4 {\r\n                        background: url(https:\/\/vanderloubet.com.br\/deputado\/wp-content\/uploads\/2019\/09\/foto-2019-09-09-reuniao-alems-rodovia-ms444-4-80x60.jpg) 0 0 no-repeat;\r\n                    }\r\n                    #tdi_1  .td-doubleSlider-2 .td-item5 {\r\n                        background: url(https:\/\/vanderloubet.com.br\/deputado\/wp-content\/uploads\/2019\/09\/foto-2019-09-09-reuniao-alems-rodovia-ms444-5-80x60.jpg) 0 0 no-repeat;\r\n                    }\r\n                    #tdi_1  .td-doubleSlider-2 .td-item6 {\r\n                        background: url(https:\/\/vanderloubet.com.br\/deputado\/wp-content\/uploads\/2019\/09\/foto-2019-09-09-reuniao-alems-rodovia-ms444-6-80x60.jpg) 0 0 no-repeat;\r\n                    }\r\n                    #tdi_1  .td-doubleSlider-2 .td-item7 {\r\n                        background: url(https:\/\/vanderloubet.com.br\/deputado\/wp-content\/uploads\/2019\/09\/foto-2019-09-09-reuniao-alems-rodovia-ms444-7-80x60.jpg) 0 0 no-repeat;\r\n                    }\r\n                    #tdi_1  .td-doubleSlider-2 .td-item8 {\r\n                        background: url(https:\/\/vanderloubet.com.br\/deputado\/wp-content\/uploads\/2019\/09\/foto-2019-09-09-reuniao-alems-rodovia-ms444-8-80x60.jpg) 0 0 no-repeat;\r\n                    }\r\n                    #tdi_1  .td-doubleSlider-2 .td-item9 {\r\n                        background: url(https:\/\/vanderloubet.com.br\/deputado\/wp-content\/uploads\/2019\/09\/foto-2019-09-09-reuniao-alems-rodovia-ms444-9-80x60.jpg) 0 0 no-repeat;\r\n                    }\r\n                <\/style>\r\n\r\n                <div id=\"tdi_1\" class=\"td-gallery td-slide-on-2-columns\">\r\n                    <div class=\"post_td_gallery\">\r\n                        <div class=\"td-gallery-slide-top\">\r\n                           <div class=\"td-gallery-title\"><\/div>\r\n\r\n                            <div class=\"td-gallery-controls-wrapper\">\r\n                                <div class=\"td-gallery-slide-count\"><span class=\"td-gallery-slide-item-focus\">1<\/span> de 9<\/div>\r\n                                <div class=\"td-gallery-slide-prev-next-but\">\r\n                                    <i class = \"td-icon-left doubleSliderPrevButton\"><\/i>\r\n                                    <i class = \"td-icon-right doubleSliderNextButton\"><\/i>\r\n                                <\/div>\r\n                            <\/div>\r\n                        <\/div>\r\n\r\n                        <div class = \"td-doubleSlider-1 \">\r\n                            <div class = \"td-slider\">\r\n                                \r\n                    <div class = \"td-slide-item td-item1\">\r\n                        <figure class=\"td-slide-galery-figure td-slide-popup-gallery\">\r\n                            <a class=\"slide-gallery-image-link\" href=\"https:\/\/vanderloubet.com.br\/deputado\/wp-content\/uploads\/2019\/09\/foto-2019-09-09-reuniao-alems-rodovia-ms444-1.jpg\" title=\"Deputados estaduais e federais v\u00e3o intermediar tratativas para pavimentar a MS-444\"  data-caption=\"\"  data-description=\"Deputados estaduais e federais v&atilde;o intermediar tratativas para pavimentar a MS-444\">\r\n                                <img decoding=\"async\" src=\"https:\/\/vanderloubet.com.br\/deputado\/wp-content\/uploads\/2019\/09\/foto-2019-09-09-reuniao-alems-rodovia-ms444-1-630x420.jpg\" srcset=\"https:\/\/vanderloubet.com.br\/deputado\/wp-content\/uploads\/2019\/09\/foto-2019-09-09-reuniao-alems-rodovia-ms444-1-630x420.jpg 630w, https:\/\/vanderloubet.com.br\/deputado\/wp-content\/uploads\/2019\/09\/foto-2019-09-09-reuniao-alems-rodovia-ms444-1-350x233.jpg 350w, https:\/\/vanderloubet.com.br\/deputado\/wp-content\/uploads\/2019\/09\/foto-2019-09-09-reuniao-alems-rodovia-ms444-1-768x512.jpg 768w, https:\/\/vanderloubet.com.br\/deputado\/wp-content\/uploads\/2019\/09\/foto-2019-09-09-reuniao-alems-rodovia-ms444-1-700x467.jpg 700w, https:\/\/vanderloubet.com.br\/deputado\/wp-content\/uploads\/2019\/09\/foto-2019-09-09-reuniao-alems-rodovia-ms444-1-696x464.jpg 696w, https:\/\/vanderloubet.com.br\/deputado\/wp-content\/uploads\/2019\/09\/foto-2019-09-09-reuniao-alems-rodovia-ms444-1-1068x712.jpg 1068w, https:\/\/vanderloubet.com.br\/deputado\/wp-content\/uploads\/2019\/09\/foto-2019-09-09-reuniao-alems-rodovia-ms444-1.jpg 1080w\" sizes=\"(max-width: 630px) 100vw, 630px\" alt=\"Deputados estaduais e federais v&atilde;o intermediar tratativas para pavimentar a MS-444\">\r\n                            <\/a>\r\n                            <figcaption class = \"td-slide-caption td-gallery-slide-content\"><span>Deputados estaduais e federais v\u00e3o intermediar tratativas para pavimentar a MS-444<\/span><\/figcaption>\r\n                        <\/figure>\r\n                    <\/div>\r\n                    <div class = \"td-slide-item td-item2\">\r\n                        <figure class=\"td-slide-galery-figure td-slide-popup-gallery\">\r\n                            <a class=\"slide-gallery-image-link\" href=\"https:\/\/vanderloubet.com.br\/deputado\/wp-content\/uploads\/2019\/09\/foto-2019-09-09-reuniao-alems-rodovia-ms444-2.jpg\" title=\"Deputados estaduais e federais v\u00e3o intermediar tratativas para pavimentar a MS-444\"  data-caption=\"\"  data-description=\"Deputados estaduais e federais v&atilde;o intermediar tratativas para pavimentar a MS-444\">\r\n                                <img decoding=\"async\" src=\"https:\/\/vanderloubet.com.br\/deputado\/wp-content\/uploads\/2019\/09\/foto-2019-09-09-reuniao-alems-rodovia-ms444-2-630x420.jpg\" srcset=\"https:\/\/vanderloubet.com.br\/deputado\/wp-content\/uploads\/2019\/09\/foto-2019-09-09-reuniao-alems-rodovia-ms444-2-630x420.jpg 630w, https:\/\/vanderloubet.com.br\/deputado\/wp-content\/uploads\/2019\/09\/foto-2019-09-09-reuniao-alems-rodovia-ms444-2-350x233.jpg 350w, https:\/\/vanderloubet.com.br\/deputado\/wp-content\/uploads\/2019\/09\/foto-2019-09-09-reuniao-alems-rodovia-ms444-2-768x512.jpg 768w, https:\/\/vanderloubet.com.br\/deputado\/wp-content\/uploads\/2019\/09\/foto-2019-09-09-reuniao-alems-rodovia-ms444-2-700x467.jpg 700w, https:\/\/vanderloubet.com.br\/deputado\/wp-content\/uploads\/2019\/09\/foto-2019-09-09-reuniao-alems-rodovia-ms444-2-696x464.jpg 696w, https:\/\/vanderloubet.com.br\/deputado\/wp-content\/uploads\/2019\/09\/foto-2019-09-09-reuniao-alems-rodovia-ms444-2-1068x712.jpg 1068w, https:\/\/vanderloubet.com.br\/deputado\/wp-content\/uploads\/2019\/09\/foto-2019-09-09-reuniao-alems-rodovia-ms444-2.jpg 1080w\" sizes=\"(max-width: 630px) 100vw, 630px\" alt=\"Deputados estaduais e federais v&atilde;o intermediar tratativas para pavimentar a MS-444\">\r\n                            <\/a>\r\n                            <figcaption class = \"td-slide-caption td-gallery-slide-content\"><span>Deputados estaduais e federais v\u00e3o intermediar tratativas para pavimentar a MS-444<\/span><\/figcaption>\r\n                        <\/figure>\r\n                    <\/div>\r\n                    <div class = \"td-slide-item td-item3\">\r\n                        <figure class=\"td-slide-galery-figure td-slide-popup-gallery\">\r\n                            <a class=\"slide-gallery-image-link\" href=\"https:\/\/vanderloubet.com.br\/deputado\/wp-content\/uploads\/2019\/09\/foto-2019-09-09-reuniao-alems-rodovia-ms444-3.jpg\" title=\"Deputados estaduais e federais v\u00e3o intermediar tratativas para pavimentar a MS-444\"  data-caption=\"\"  data-description=\"Deputados estaduais e federais v&atilde;o intermediar tratativas para pavimentar a MS-444\">\r\n                                <img decoding=\"async\" src=\"https:\/\/vanderloubet.com.br\/deputado\/wp-content\/uploads\/2019\/09\/foto-2019-09-09-reuniao-alems-rodovia-ms444-3-630x420.jpg\" srcset=\"https:\/\/vanderloubet.com.br\/deputado\/wp-content\/uploads\/2019\/09\/foto-2019-09-09-reuniao-alems-rodovia-ms444-3-630x420.jpg 630w, https:\/\/vanderloubet.com.br\/deputado\/wp-content\/uploads\/2019\/09\/foto-2019-09-09-reuniao-alems-rodovia-ms444-3-350x233.jpg 350w, https:\/\/vanderloubet.com.br\/deputado\/wp-content\/uploads\/2019\/09\/foto-2019-09-09-reuniao-alems-rodovia-ms444-3-768x512.jpg 768w, https:\/\/vanderloubet.com.br\/deputado\/wp-content\/uploads\/2019\/09\/foto-2019-09-09-reuniao-alems-rodovia-ms444-3-700x467.jpg 700w, https:\/\/vanderloubet.com.br\/deputado\/wp-content\/uploads\/2019\/09\/foto-2019-09-09-reuniao-alems-rodovia-ms444-3-696x464.jpg 696w, https:\/\/vanderloubet.com.br\/deputado\/wp-content\/uploads\/2019\/09\/foto-2019-09-09-reuniao-alems-rodovia-ms444-3-1068x712.jpg 1068w, https:\/\/vanderloubet.com.br\/deputado\/wp-content\/uploads\/2019\/09\/foto-2019-09-09-reuniao-alems-rodovia-ms444-3.jpg 1080w\" sizes=\"(max-width: 630px) 100vw, 630px\" alt=\"Deputados estaduais e federais v&atilde;o intermediar tratativas para pavimentar a MS-444\">\r\n                            <\/a>\r\n                            <figcaption class = \"td-slide-caption td-gallery-slide-content\"><span>Deputados estaduais e federais v\u00e3o intermediar tratativas para pavimentar a MS-444<\/span><\/figcaption>\r\n                        <\/figure>\r\n                    <\/div>\r\n                    <div class = \"td-slide-item td-item4\">\r\n                        <figure class=\"td-slide-galery-figure td-slide-popup-gallery\">\r\n                            <a class=\"slide-gallery-image-link\" href=\"https:\/\/vanderloubet.com.br\/deputado\/wp-content\/uploads\/2019\/09\/foto-2019-09-09-reuniao-alems-rodovia-ms444-4.jpg\" title=\"Deputados estaduais e federais v\u00e3o intermediar tratativas para pavimentar a MS-444\"  data-caption=\"\"  data-description=\"Deputados estaduais e federais v&atilde;o intermediar tratativas para pavimentar a MS-444\">\r\n                                <img decoding=\"async\" src=\"https:\/\/vanderloubet.com.br\/deputado\/wp-content\/uploads\/2019\/09\/foto-2019-09-09-reuniao-alems-rodovia-ms444-4-630x420.jpg\" srcset=\"https:\/\/vanderloubet.com.br\/deputado\/wp-content\/uploads\/2019\/09\/foto-2019-09-09-reuniao-alems-rodovia-ms444-4-630x420.jpg 630w, https:\/\/vanderloubet.com.br\/deputado\/wp-content\/uploads\/2019\/09\/foto-2019-09-09-reuniao-alems-rodovia-ms444-4-350x233.jpg 350w, https:\/\/vanderloubet.com.br\/deputado\/wp-content\/uploads\/2019\/09\/foto-2019-09-09-reuniao-alems-rodovia-ms444-4-768x512.jpg 768w, https:\/\/vanderloubet.com.br\/deputado\/wp-content\/uploads\/2019\/09\/foto-2019-09-09-reuniao-alems-rodovia-ms444-4-700x467.jpg 700w, https:\/\/vanderloubet.com.br\/deputado\/wp-content\/uploads\/2019\/09\/foto-2019-09-09-reuniao-alems-rodovia-ms444-4-696x464.jpg 696w, https:\/\/vanderloubet.com.br\/deputado\/wp-content\/uploads\/2019\/09\/foto-2019-09-09-reuniao-alems-rodovia-ms444-4-1068x712.jpg 1068w, https:\/\/vanderloubet.com.br\/deputado\/wp-content\/uploads\/2019\/09\/foto-2019-09-09-reuniao-alems-rodovia-ms444-4.jpg 1080w\" sizes=\"(max-width: 630px) 100vw, 630px\" alt=\"Deputados estaduais e federais v&atilde;o intermediar tratativas para pavimentar a MS-444\">\r\n                            <\/a>\r\n                            <figcaption class = \"td-slide-caption td-gallery-slide-content\"><span>Deputados estaduais e federais v\u00e3o intermediar tratativas para pavimentar a MS-444<\/span><\/figcaption>\r\n                        <\/figure>\r\n                    <\/div>\r\n                    <div class = \"td-slide-item td-item5\">\r\n                        <figure class=\"td-slide-galery-figure td-slide-popup-gallery\">\r\n                            <a class=\"slide-gallery-image-link\" href=\"https:\/\/vanderloubet.com.br\/deputado\/wp-content\/uploads\/2019\/09\/foto-2019-09-09-reuniao-alems-rodovia-ms444-5.jpg\" title=\"Deputados estaduais e federais v\u00e3o intermediar tratativas para pavimentar a MS-444\"  data-caption=\"\"  data-description=\"Deputados estaduais e federais v&atilde;o intermediar tratativas para pavimentar a MS-444\">\r\n                                <img decoding=\"async\" src=\"https:\/\/vanderloubet.com.br\/deputado\/wp-content\/uploads\/2019\/09\/foto-2019-09-09-reuniao-alems-rodovia-ms444-5-630x420.jpg\" srcset=\"https:\/\/vanderloubet.com.br\/deputado\/wp-content\/uploads\/2019\/09\/foto-2019-09-09-reuniao-alems-rodovia-ms444-5-630x420.jpg 630w, https:\/\/vanderloubet.com.br\/deputado\/wp-content\/uploads\/2019\/09\/foto-2019-09-09-reuniao-alems-rodovia-ms444-5-350x233.jpg 350w, https:\/\/vanderloubet.com.br\/deputado\/wp-content\/uploads\/2019\/09\/foto-2019-09-09-reuniao-alems-rodovia-ms444-5-768x512.jpg 768w, https:\/\/vanderloubet.com.br\/deputado\/wp-content\/uploads\/2019\/09\/foto-2019-09-09-reuniao-alems-rodovia-ms444-5-700x467.jpg 700w, https:\/\/vanderloubet.com.br\/deputado\/wp-content\/uploads\/2019\/09\/foto-2019-09-09-reuniao-alems-rodovia-ms444-5-696x464.jpg 696w, https:\/\/vanderloubet.com.br\/deputado\/wp-content\/uploads\/2019\/09\/foto-2019-09-09-reuniao-alems-rodovia-ms444-5-1068x712.jpg 1068w, https:\/\/vanderloubet.com.br\/deputado\/wp-content\/uploads\/2019\/09\/foto-2019-09-09-reuniao-alems-rodovia-ms444-5.jpg 1080w\" sizes=\"(max-width: 630px) 100vw, 630px\" alt=\"Deputados estaduais e federais v&atilde;o intermediar tratativas para pavimentar a MS-444\">\r\n                            <\/a>\r\n                            <figcaption class = \"td-slide-caption td-gallery-slide-content\"><span>Deputados estaduais e federais v\u00e3o intermediar tratativas para pavimentar a MS-444<\/span><\/figcaption>\r\n                        <\/figure>\r\n                    <\/div>\r\n                    <div class = \"td-slide-item td-item6\">\r\n                        <figure class=\"td-slide-galery-figure td-slide-popup-gallery\">\r\n                            <a class=\"slide-gallery-image-link\" href=\"https:\/\/vanderloubet.com.br\/deputado\/wp-content\/uploads\/2019\/09\/foto-2019-09-09-reuniao-alems-rodovia-ms444-6.jpg\" title=\"Deputados estaduais e federais v\u00e3o intermediar tratativas para pavimentar a MS-444\"  data-caption=\"\"  data-description=\"Deputados estaduais e federais v&atilde;o intermediar tratativas para pavimentar a MS-444\">\r\n                                <img decoding=\"async\" src=\"https:\/\/vanderloubet.com.br\/deputado\/wp-content\/uploads\/2019\/09\/foto-2019-09-09-reuniao-alems-rodovia-ms444-6-630x420.jpg\" srcset=\"https:\/\/vanderloubet.com.br\/deputado\/wp-content\/uploads\/2019\/09\/foto-2019-09-09-reuniao-alems-rodovia-ms444-6-630x420.jpg 630w, https:\/\/vanderloubet.com.br\/deputado\/wp-content\/uploads\/2019\/09\/foto-2019-09-09-reuniao-alems-rodovia-ms444-6-350x233.jpg 350w, https:\/\/vanderloubet.com.br\/deputado\/wp-content\/uploads\/2019\/09\/foto-2019-09-09-reuniao-alems-rodovia-ms444-6-768x512.jpg 768w, https:\/\/vanderloubet.com.br\/deputado\/wp-content\/uploads\/2019\/09\/foto-2019-09-09-reuniao-alems-rodovia-ms444-6-700x467.jpg 700w, https:\/\/vanderloubet.com.br\/deputado\/wp-content\/uploads\/2019\/09\/foto-2019-09-09-reuniao-alems-rodovia-ms444-6-696x464.jpg 696w, https:\/\/vanderloubet.com.br\/deputado\/wp-content\/uploads\/2019\/09\/foto-2019-09-09-reuniao-alems-rodovia-ms444-6-1068x712.jpg 1068w, https:\/\/vanderloubet.com.br\/deputado\/wp-content\/uploads\/2019\/09\/foto-2019-09-09-reuniao-alems-rodovia-ms444-6.jpg 1080w\" sizes=\"(max-width: 630px) 100vw, 630px\" alt=\"Deputados estaduais e federais v&atilde;o intermediar tratativas para pavimentar a MS-444\">\r\n                            <\/a>\r\n                            <figcaption class = \"td-slide-caption td-gallery-slide-content\"><span>Deputados estaduais e federais v\u00e3o intermediar tratativas para pavimentar a MS-444<\/span><\/figcaption>\r\n                        <\/figure>\r\n                    <\/div>\r\n                    <div class = \"td-slide-item td-item7\">\r\n                        <figure class=\"td-slide-galery-figure td-slide-popup-gallery\">\r\n                            <a class=\"slide-gallery-image-link\" href=\"https:\/\/vanderloubet.com.br\/deputado\/wp-content\/uploads\/2019\/09\/foto-2019-09-09-reuniao-alems-rodovia-ms444-7.jpg\" title=\"Deputados estaduais e federais v\u00e3o intermediar tratativas para pavimentar a MS-444\"  data-caption=\"\"  data-description=\"Deputados estaduais e federais v&atilde;o intermediar tratativas para pavimentar a MS-444\">\r\n                                <img decoding=\"async\" src=\"https:\/\/vanderloubet.com.br\/deputado\/wp-content\/uploads\/2019\/09\/foto-2019-09-09-reuniao-alems-rodovia-ms444-7-630x420.jpg\" srcset=\"https:\/\/vanderloubet.com.br\/deputado\/wp-content\/uploads\/2019\/09\/foto-2019-09-09-reuniao-alems-rodovia-ms444-7-630x420.jpg 630w, https:\/\/vanderloubet.com.br\/deputado\/wp-content\/uploads\/2019\/09\/foto-2019-09-09-reuniao-alems-rodovia-ms444-7-350x233.jpg 350w, https:\/\/vanderloubet.com.br\/deputado\/wp-content\/uploads\/2019\/09\/foto-2019-09-09-reuniao-alems-rodovia-ms444-7-768x512.jpg 768w, https:\/\/vanderloubet.com.br\/deputado\/wp-content\/uploads\/2019\/09\/foto-2019-09-09-reuniao-alems-rodovia-ms444-7-700x467.jpg 700w, https:\/\/vanderloubet.com.br\/deputado\/wp-content\/uploads\/2019\/09\/foto-2019-09-09-reuniao-alems-rodovia-ms444-7-696x464.jpg 696w, https:\/\/vanderloubet.com.br\/deputado\/wp-content\/uploads\/2019\/09\/foto-2019-09-09-reuniao-alems-rodovia-ms444-7-1068x712.jpg 1068w, https:\/\/vanderloubet.com.br\/deputado\/wp-content\/uploads\/2019\/09\/foto-2019-09-09-reuniao-alems-rodovia-ms444-7.jpg 1080w\" sizes=\"(max-width: 630px) 100vw, 630px\" alt=\"Deputados estaduais e federais v&atilde;o intermediar tratativas para pavimentar a MS-444\">\r\n                            <\/a>\r\n                            <figcaption class = \"td-slide-caption td-gallery-slide-content\"><span>Deputados estaduais e federais v\u00e3o intermediar tratativas para pavimentar a MS-444<\/span><\/figcaption>\r\n                        <\/figure>\r\n                    <\/div>\r\n                    <div class = \"td-slide-item td-item8\">\r\n                        <figure class=\"td-slide-galery-figure td-slide-popup-gallery\">\r\n                            <a class=\"slide-gallery-image-link\" href=\"https:\/\/vanderloubet.com.br\/deputado\/wp-content\/uploads\/2019\/09\/foto-2019-09-09-reuniao-alems-rodovia-ms444-8.jpg\" title=\"Deputados estaduais e federais v\u00e3o intermediar tratativas para pavimentar a MS-444\"  data-caption=\"\"  data-description=\"Deputados estaduais e federais v&atilde;o intermediar tratativas para pavimentar a MS-444\">\r\n                                <img decoding=\"async\" src=\"https:\/\/vanderloubet.com.br\/deputado\/wp-content\/uploads\/2019\/09\/foto-2019-09-09-reuniao-alems-rodovia-ms444-8-630x420.jpg\" srcset=\"https:\/\/vanderloubet.com.br\/deputado\/wp-content\/uploads\/2019\/09\/foto-2019-09-09-reuniao-alems-rodovia-ms444-8-630x420.jpg 630w, https:\/\/vanderloubet.com.br\/deputado\/wp-content\/uploads\/2019\/09\/foto-2019-09-09-reuniao-alems-rodovia-ms444-8-350x233.jpg 350w, https:\/\/vanderloubet.com.br\/deputado\/wp-content\/uploads\/2019\/09\/foto-2019-09-09-reuniao-alems-rodovia-ms444-8-768x512.jpg 768w, https:\/\/vanderloubet.com.br\/deputado\/wp-content\/uploads\/2019\/09\/foto-2019-09-09-reuniao-alems-rodovia-ms444-8-700x467.jpg 700w, https:\/\/vanderloubet.com.br\/deputado\/wp-content\/uploads\/2019\/09\/foto-2019-09-09-reuniao-alems-rodovia-ms444-8-696x464.jpg 696w, https:\/\/vanderloubet.com.br\/deputado\/wp-content\/uploads\/2019\/09\/foto-2019-09-09-reuniao-alems-rodovia-ms444-8-1068x712.jpg 1068w, https:\/\/vanderloubet.com.br\/deputado\/wp-content\/uploads\/2019\/09\/foto-2019-09-09-reuniao-alems-rodovia-ms444-8.jpg 1080w\" sizes=\"(max-width: 630px) 100vw, 630px\" alt=\"Deputados estaduais e federais v&atilde;o intermediar tratativas para pavimentar a MS-444\">\r\n                            <\/a>\r\n                            <figcaption class = \"td-slide-caption td-gallery-slide-content\"><span>Deputados estaduais e federais v\u00e3o intermediar tratativas para pavimentar a MS-444<\/span><\/figcaption>\r\n                        <\/figure>\r\n                    <\/div>\r\n                    <div class = \"td-slide-item td-item9\">\r\n                        <figure class=\"td-slide-galery-figure td-slide-popup-gallery\">\r\n                            <a class=\"slide-gallery-image-link\" href=\"https:\/\/vanderloubet.com.br\/deputado\/wp-content\/uploads\/2019\/09\/foto-2019-09-09-reuniao-alems-rodovia-ms444-9.jpg\" title=\"Deputados estaduais e federais v\u00e3o intermediar tratativas para pavimentar a MS-444\"  data-caption=\"\"  data-description=\"Deputados estaduais e federais v&atilde;o intermediar tratativas para pavimentar a MS-444\">\r\n                                <img decoding=\"async\" src=\"https:\/\/vanderloubet.com.br\/deputado\/wp-content\/uploads\/2019\/09\/foto-2019-09-09-reuniao-alems-rodovia-ms444-9-630x420.jpg\" srcset=\"https:\/\/vanderloubet.com.br\/deputado\/wp-content\/uploads\/2019\/09\/foto-2019-09-09-reuniao-alems-rodovia-ms444-9-630x420.jpg 630w, https:\/\/vanderloubet.com.br\/deputado\/wp-content\/uploads\/2019\/09\/foto-2019-09-09-reuniao-alems-rodovia-ms444-9-350x233.jpg 350w, https:\/\/vanderloubet.com.br\/deputado\/wp-content\/uploads\/2019\/09\/foto-2019-09-09-reuniao-alems-rodovia-ms444-9-768x512.jpg 768w, https:\/\/vanderloubet.com.br\/deputado\/wp-content\/uploads\/2019\/09\/foto-2019-09-09-reuniao-alems-rodovia-ms444-9-700x467.jpg 700w, https:\/\/vanderloubet.com.br\/deputado\/wp-content\/uploads\/2019\/09\/foto-2019-09-09-reuniao-alems-rodovia-ms444-9-696x464.jpg 696w, https:\/\/vanderloubet.com.br\/deputado\/wp-content\/uploads\/2019\/09\/foto-2019-09-09-reuniao-alems-rodovia-ms444-9-1068x712.jpg 1068w, https:\/\/vanderloubet.com.br\/deputado\/wp-content\/uploads\/2019\/09\/foto-2019-09-09-reuniao-alems-rodovia-ms444-9.jpg 1080w\" sizes=\"(max-width: 630px) 100vw, 630px\" alt=\"Deputados estaduais e federais v&atilde;o intermediar tratativas para pavimentar a MS-444\">\r\n                            <\/a>\r\n                            <figcaption class = \"td-slide-caption td-gallery-slide-content\"><span>Deputados estaduais e federais v\u00e3o intermediar tratativas para pavimentar a MS-444<\/span><\/figcaption>\r\n                        <\/figure>\r\n                    <\/div>\r\n                            <\/div>\r\n                        <\/div>\r\n\r\n                        <div class = \"td-doubleSlider-2\">\r\n                            <div class = \"td-slider\">\r\n                                \r\n                    <div class = \"td-button td-item1\">\r\n                        <div class = \"td-border\"><\/div>\r\n                    <\/div>\r\n                    <div class = \"td-button td-item2\">\r\n                        <div class = \"td-border\"><\/div>\r\n                    <\/div>\r\n                    <div class = \"td-button td-item3\">\r\n                        <div class = \"td-border\"><\/div>\r\n                    <\/div>\r\n                    <div class = \"td-button td-item4\">\r\n                        <div class = \"td-border\"><\/div>\r\n                    <\/div>\r\n                    <div class = \"td-button td-item5\">\r\n                        <div class = \"td-border\"><\/div>\r\n                    <\/div>\r\n                    <div class = \"td-button td-item6\">\r\n                        <div class = \"td-border\"><\/div>\r\n                    <\/div>\r\n                    <div class = \"td-button td-item7\">\r\n                        <div class = \"td-border\"><\/div>\r\n                    <\/div>\r\n                    <div class = \"td-button td-item8\">\r\n                        <div class = \"td-border\"><\/div>\r\n                    <\/div>\r\n                    <div class = \"td-button td-item9\">\r\n                        <div class = \"td-border\"><\/div>\r\n                    <\/div>\r\n                            <\/div>\r\n                        <\/div>\r\n\r\n                    <\/div>\r\n\r\n                <\/div>\r\n                \n","protected":false},"excerpt":{"rendered":"<p>Para o deputado, rodovia que liga Selv\u00edria a Inoc\u00eancia \u00e9 estrat\u00e9gica. Prefeito de Selv\u00edria defende que asfalto vai impulsionar o desenvolvimento da regi\u00e3o.<\/p>\n","protected":false},"author":2,"featured_media":15841,"comment_status":"closed","ping_status":"closed","sticky":false,"template":"","format":"standard","meta":{"jetpack_post_was_ever_published":false,"_jetpack_newsletter_access":"","_jetpack_dont_email_post_to_subs":false,"_jetpack_newsletter_tier_id":0,"_jetpack_memberships_contains_paywalled_content":false,"_jetpack_memberships_contains_paid_content":false,"footnotes":""},"categories":[2097,10],"tags":[2371],"class_list":{"0":"post-15835","1":"post","2":"type-post","3":"status-publish","4":"format-standard","5":"has-post-thumbnail","7":"category-municipios-noticias","8":"category-noticias","9":"tag-infraestrutura-rodoviaria"},"yoast_head":"<!-- This site is optimized with the Yoast SEO plugin v27.4 - https:\/\/yoast.com\/product\/yoast-seo-wordpress\/ -->\n<title>Vander busca apoio da Assembleia Legislativa para viabilizar pavimenta\u00e7\u00e3o da MS-444<\/title>\n<meta name=\"description\" content=\"Para o deputado, rodovia que liga Selv\u00edria a Inoc\u00eancia \u00e9 estrat\u00e9gica. Prefeito de Selv\u00edria defende que asfalto vai impulsionar o desenvolvimento da regi\u00e3o.\" \/>\n<meta name=\"robots\" content=\"index, follow, max-snippet:-1, max-image-preview:large, max-video-preview:-1\" \/>\n<link rel=\"canonical\" href=\"https:\/\/vanderloubet.com.br\/deputado\/vander-busca-apoio-da-assembleia-legislativa-para-viabilizar-pavimentacao-da-ms-444\/\" \/>\n<meta property=\"og:locale\" content=\"pt_BR\" \/>\n<meta property=\"og:type\" content=\"article\" \/>\n<meta property=\"og:title\" content=\"Vander busca apoio da Assembleia Legislativa para viabilizar pavimenta\u00e7\u00e3o da MS-444\" \/>\n<meta property=\"og:description\" content=\"Para o deputado, rodovia que liga Selv\u00edria a Inoc\u00eancia \u00e9 estrat\u00e9gica. Prefeito de Selv\u00edria defende que asfalto vai impulsionar o desenvolvimento da regi\u00e3o.\" \/>\n<meta property=\"og:url\" content=\"https:\/\/vanderloubet.com.br\/deputado\/vander-busca-apoio-da-assembleia-legislativa-para-viabilizar-pavimentacao-da-ms-444\/\" \/>\n<meta property=\"og:site_name\" content=\"Deputado Federal Vander Loubet\" \/>\n<meta property=\"article:publisher\" content=\"https:\/\/facebook.com\/deputadovander\" \/>\n<meta property=\"article:published_time\" content=\"2019-09-10T13:35:32+00:00\" \/>\n<meta property=\"article:modified_time\" content=\"2019-09-10T13:36:03+00:00\" \/>\n<meta property=\"og:image\" content=\"https:\/\/vanderloubet.com.br\/deputado\/wp-content\/uploads\/2019\/09\/foto-2019-09-09-reuniao-alems-rodovia-ms444-6.jpg\" \/>\n\t<meta property=\"og:image:width\" content=\"1080\" \/>\n\t<meta property=\"og:image:height\" content=\"720\" \/>\n\t<meta property=\"og:image:type\" content=\"image\/jpeg\" \/>\n<meta name=\"author\" content=\"\u00c9der\" \/>\n<meta name=\"twitter:card\" content=\"summary_large_image\" \/>\n<meta name=\"twitter:creator\" content=\"@vanderloubet\" \/>\n<meta name=\"twitter:site\" content=\"@vanderloubet\" \/>\n<script type=\"application\/ld+json\" class=\"yoast-schema-graph\">{\"@context\":\"https:\\\/\\\/schema.org\",\"@graph\":[{\"@type\":\"Article\",\"@id\":\"https:\\\/\\\/vanderloubet.com.br\\\/deputado\\\/vander-busca-apoio-da-assembleia-legislativa-para-viabilizar-pavimentacao-da-ms-444\\\/#article\",\"isPartOf\":{\"@id\":\"https:\\\/\\\/vanderloubet.com.br\\\/deputado\\\/vander-busca-apoio-da-assembleia-legislativa-para-viabilizar-pavimentacao-da-ms-444\\\/\"},\"author\":{\"name\":\"\u00c9der\",\"@id\":\"https:\\\/\\\/vanderloubet.com.br\\\/deputado\\\/#\\\/schema\\\/person\\\/15b51bd564532a8a68d9dec1b8eb890e\"},\"headline\":\"Vander busca apoio da Assembleia Legislativa para viabilizar pavimenta\u00e7\u00e3o da MS-444\",\"datePublished\":\"2019-09-10T13:35:32+00:00\",\"dateModified\":\"2019-09-10T13:36:03+00:00\",\"mainEntityOfPage\":{\"@id\":\"https:\\\/\\\/vanderloubet.com.br\\\/deputado\\\/vander-busca-apoio-da-assembleia-legislativa-para-viabilizar-pavimentacao-da-ms-444\\\/\"},\"wordCount\":469,\"publisher\":{\"@id\":\"https:\\\/\\\/vanderloubet.com.br\\\/deputado\\\/#organization\"},\"image\":{\"@id\":\"https:\\\/\\\/vanderloubet.com.br\\\/deputado\\\/vander-busca-apoio-da-assembleia-legislativa-para-viabilizar-pavimentacao-da-ms-444\\\/#primaryimage\"},\"thumbnailUrl\":\"https:\\\/\\\/vanderloubet.com.br\\\/deputado\\\/wp-content\\\/uploads\\\/2019\\\/09\\\/foto-2019-09-09-reuniao-alems-rodovia-ms444-6.jpg\",\"keywords\":[\"infraestrutura rodovi\u00e1ria\"],\"articleSection\":[\"Munic\u00edpios\",\"Not\u00edcias\"],\"inLanguage\":\"pt-BR\"},{\"@type\":\"WebPage\",\"@id\":\"https:\\\/\\\/vanderloubet.com.br\\\/deputado\\\/vander-busca-apoio-da-assembleia-legislativa-para-viabilizar-pavimentacao-da-ms-444\\\/\",\"url\":\"https:\\\/\\\/vanderloubet.com.br\\\/deputado\\\/vander-busca-apoio-da-assembleia-legislativa-para-viabilizar-pavimentacao-da-ms-444\\\/\",\"name\":\"Vander busca apoio da Assembleia Legislativa para viabilizar pavimenta\u00e7\u00e3o da MS-444\",\"isPartOf\":{\"@id\":\"https:\\\/\\\/vanderloubet.com.br\\\/deputado\\\/#website\"},\"primaryImageOfPage\":{\"@id\":\"https:\\\/\\\/vanderloubet.com.br\\\/deputado\\\/vander-busca-apoio-da-assembleia-legislativa-para-viabilizar-pavimentacao-da-ms-444\\\/#primaryimage\"},\"image\":{\"@id\":\"https:\\\/\\\/vanderloubet.com.br\\\/deputado\\\/vander-busca-apoio-da-assembleia-legislativa-para-viabilizar-pavimentacao-da-ms-444\\\/#primaryimage\"},\"thumbnailUrl\":\"https:\\\/\\\/vanderloubet.com.br\\\/deputado\\\/wp-content\\\/uploads\\\/2019\\\/09\\\/foto-2019-09-09-reuniao-alems-rodovia-ms444-6.jpg\",\"datePublished\":\"2019-09-10T13:35:32+00:00\",\"dateModified\":\"2019-09-10T13:36:03+00:00\",\"description\":\"Para o deputado, rodovia que liga Selv\u00edria a Inoc\u00eancia \u00e9 estrat\u00e9gica. Prefeito de Selv\u00edria defende que asfalto vai impulsionar o desenvolvimento da regi\u00e3o.\",\"breadcrumb\":{\"@id\":\"https:\\\/\\\/vanderloubet.com.br\\\/deputado\\\/vander-busca-apoio-da-assembleia-legislativa-para-viabilizar-pavimentacao-da-ms-444\\\/#breadcrumb\"},\"inLanguage\":\"pt-BR\",\"potentialAction\":[{\"@type\":\"ReadAction\",\"target\":[\"https:\\\/\\\/vanderloubet.com.br\\\/deputado\\\/vander-busca-apoio-da-assembleia-legislativa-para-viabilizar-pavimentacao-da-ms-444\\\/\"]}]},{\"@type\":\"ImageObject\",\"inLanguage\":\"pt-BR\",\"@id\":\"https:\\\/\\\/vanderloubet.com.br\\\/deputado\\\/vander-busca-apoio-da-assembleia-legislativa-para-viabilizar-pavimentacao-da-ms-444\\\/#primaryimage\",\"url\":\"https:\\\/\\\/vanderloubet.com.br\\\/deputado\\\/wp-content\\\/uploads\\\/2019\\\/09\\\/foto-2019-09-09-reuniao-alems-rodovia-ms444-6.jpg\",\"contentUrl\":\"https:\\\/\\\/vanderloubet.com.br\\\/deputado\\\/wp-content\\\/uploads\\\/2019\\\/09\\\/foto-2019-09-09-reuniao-alems-rodovia-ms444-6.jpg\",\"width\":1080,\"height\":720,\"caption\":\"Deputados estaduais e federais v\u00e3o intermediar tratativas para pavimentar a MS-444\"},{\"@type\":\"BreadcrumbList\",\"@id\":\"https:\\\/\\\/vanderloubet.com.br\\\/deputado\\\/vander-busca-apoio-da-assembleia-legislativa-para-viabilizar-pavimentacao-da-ms-444\\\/#breadcrumb\",\"itemListElement\":[{\"@type\":\"ListItem\",\"position\":1,\"name\":\"In\u00edcio\",\"item\":\"https:\\\/\\\/vanderloubet.com.br\\\/deputado\\\/\"},{\"@type\":\"ListItem\",\"position\":2,\"name\":\"Vander busca apoio da Assembleia Legislativa para viabilizar pavimenta\u00e7\u00e3o da MS-444\"}]},{\"@type\":\"WebSite\",\"@id\":\"https:\\\/\\\/vanderloubet.com.br\\\/deputado\\\/#website\",\"url\":\"https:\\\/\\\/vanderloubet.com.br\\\/deputado\\\/\",\"name\":\"Deputado Federal Vander Loubet\",\"description\":\"O Federal de MS\",\"publisher\":{\"@id\":\"https:\\\/\\\/vanderloubet.com.br\\\/deputado\\\/#organization\"},\"alternateName\":\"Deputado Vander\",\"potentialAction\":[{\"@type\":\"SearchAction\",\"target\":{\"@type\":\"EntryPoint\",\"urlTemplate\":\"https:\\\/\\\/vanderloubet.com.br\\\/deputado\\\/?s={search_term_string}\"},\"query-input\":{\"@type\":\"PropertyValueSpecification\",\"valueRequired\":true,\"valueName\":\"search_term_string\"}}],\"inLanguage\":\"pt-BR\"},{\"@type\":\"Organization\",\"@id\":\"https:\\\/\\\/vanderloubet.com.br\\\/deputado\\\/#organization\",\"name\":\"Deputado Federal Vander Loubet\",\"alternateName\":\"Deputado Vander\",\"url\":\"https:\\\/\\\/vanderloubet.com.br\\\/deputado\\\/\",\"logo\":{\"@type\":\"ImageObject\",\"inLanguage\":\"pt-BR\",\"@id\":\"https:\\\/\\\/vanderloubet.com.br\\\/deputado\\\/#\\\/schema\\\/logo\\\/image\\\/\",\"url\":\"https:\\\/\\\/vanderloubet.com.br\\\/deputado\\\/wp-content\\\/uploads\\\/2023\\\/06\\\/foto-2023-06-19-mandato-deputado-vander.jpg\",\"contentUrl\":\"https:\\\/\\\/vanderloubet.com.br\\\/deputado\\\/wp-content\\\/uploads\\\/2023\\\/06\\\/foto-2023-06-19-mandato-deputado-vander.jpg\",\"width\":1080,\"height\":1080,\"caption\":\"Deputado Federal Vander Loubet\"},\"image\":{\"@id\":\"https:\\\/\\\/vanderloubet.com.br\\\/deputado\\\/#\\\/schema\\\/logo\\\/image\\\/\"},\"sameAs\":[\"https:\\\/\\\/facebook.com\\\/deputadovander\",\"https:\\\/\\\/x.com\\\/vanderloubet\",\"https:\\\/\\\/instagram.com\\\/vanderloubet\",\"https:\\\/\\\/youtube.com\\\/vanderloubet\",\"https:\\\/\\\/tiktok.com\\\/@vanderloubetms\"]},{\"@type\":\"Person\",\"@id\":\"https:\\\/\\\/vanderloubet.com.br\\\/deputado\\\/#\\\/schema\\\/person\\\/15b51bd564532a8a68d9dec1b8eb890e\",\"name\":\"\u00c9der\",\"image\":{\"@type\":\"ImageObject\",\"inLanguage\":\"pt-BR\",\"@id\":\"https:\\\/\\\/vanderloubet.com.br\\\/deputado\\\/wp-content\\\/litespeed\\\/avatar\\\/88ca4090d9d5ab1c9495f6ca03b68efa.jpg?ver=1777058957\",\"url\":\"https:\\\/\\\/vanderloubet.com.br\\\/deputado\\\/wp-content\\\/litespeed\\\/avatar\\\/88ca4090d9d5ab1c9495f6ca03b68efa.jpg?ver=1777058957\",\"contentUrl\":\"https:\\\/\\\/vanderloubet.com.br\\\/deputado\\\/wp-content\\\/litespeed\\\/avatar\\\/88ca4090d9d5ab1c9495f6ca03b68efa.jpg?ver=1777058957\",\"caption\":\"\u00c9der\"}}]}<\/script>\n<!-- \/ Yoast SEO plugin. -->","yoast_head_json":{"title":"Vander busca apoio da Assembleia Legislativa para viabilizar pavimenta\u00e7\u00e3o da MS-444","description":"Para o deputado, rodovia que liga Selv\u00edria a Inoc\u00eancia \u00e9 estrat\u00e9gica. Prefeito de Selv\u00edria defende que asfalto vai impulsionar o desenvolvimento da regi\u00e3o.","robots":{"index":"index","follow":"follow","max-snippet":"max-snippet:-1","max-image-preview":"max-image-preview:large","max-video-preview":"max-video-preview:-1"},"canonical":"https:\/\/vanderloubet.com.br\/deputado\/vander-busca-apoio-da-assembleia-legislativa-para-viabilizar-pavimentacao-da-ms-444\/","og_locale":"pt_BR","og_type":"article","og_title":"Vander busca apoio da Assembleia Legislativa para viabilizar pavimenta\u00e7\u00e3o da MS-444","og_description":"Para o deputado, rodovia que liga Selv\u00edria a Inoc\u00eancia \u00e9 estrat\u00e9gica. Prefeito de Selv\u00edria defende que asfalto vai impulsionar o desenvolvimento da regi\u00e3o.","og_url":"https:\/\/vanderloubet.com.br\/deputado\/vander-busca-apoio-da-assembleia-legislativa-para-viabilizar-pavimentacao-da-ms-444\/","og_site_name":"Deputado Federal Vander Loubet","article_publisher":"https:\/\/facebook.com\/deputadovander","article_published_time":"2019-09-10T13:35:32+00:00","article_modified_time":"2019-09-10T13:36:03+00:00","og_image":[{"width":1080,"height":720,"url":"https:\/\/vanderloubet.com.br\/deputado\/wp-content\/uploads\/2019\/09\/foto-2019-09-09-reuniao-alems-rodovia-ms444-6.jpg","type":"image\/jpeg"}],"author":"\u00c9der","twitter_card":"summary_large_image","twitter_creator":"@vanderloubet","twitter_site":"@vanderloubet","schema":{"@context":"https:\/\/schema.org","@graph":[{"@type":"Article","@id":"https:\/\/vanderloubet.com.br\/deputado\/vander-busca-apoio-da-assembleia-legislativa-para-viabilizar-pavimentacao-da-ms-444\/#article","isPartOf":{"@id":"https:\/\/vanderloubet.com.br\/deputado\/vander-busca-apoio-da-assembleia-legislativa-para-viabilizar-pavimentacao-da-ms-444\/"},"author":{"name":"\u00c9der","@id":"https:\/\/vanderloubet.com.br\/deputado\/#\/schema\/person\/15b51bd564532a8a68d9dec1b8eb890e"},"headline":"Vander busca apoio da Assembleia Legislativa para viabilizar pavimenta\u00e7\u00e3o da MS-444","datePublished":"2019-09-10T13:35:32+00:00","dateModified":"2019-09-10T13:36:03+00:00","mainEntityOfPage":{"@id":"https:\/\/vanderloubet.com.br\/deputado\/vander-busca-apoio-da-assembleia-legislativa-para-viabilizar-pavimentacao-da-ms-444\/"},"wordCount":469,"publisher":{"@id":"https:\/\/vanderloubet.com.br\/deputado\/#organization"},"image":{"@id":"https:\/\/vanderloubet.com.br\/deputado\/vander-busca-apoio-da-assembleia-legislativa-para-viabilizar-pavimentacao-da-ms-444\/#primaryimage"},"thumbnailUrl":"https:\/\/vanderloubet.com.br\/deputado\/wp-content\/uploads\/2019\/09\/foto-2019-09-09-reuniao-alems-rodovia-ms444-6.jpg","keywords":["infraestrutura rodovi\u00e1ria"],"articleSection":["Munic\u00edpios","Not\u00edcias"],"inLanguage":"pt-BR"},{"@type":"WebPage","@id":"https:\/\/vanderloubet.com.br\/deputado\/vander-busca-apoio-da-assembleia-legislativa-para-viabilizar-pavimentacao-da-ms-444\/","url":"https:\/\/vanderloubet.com.br\/deputado\/vander-busca-apoio-da-assembleia-legislativa-para-viabilizar-pavimentacao-da-ms-444\/","name":"Vander busca apoio da Assembleia Legislativa para viabilizar pavimenta\u00e7\u00e3o da MS-444","isPartOf":{"@id":"https:\/\/vanderloubet.com.br\/deputado\/#website"},"primaryImageOfPage":{"@id":"https:\/\/vanderloubet.com.br\/deputado\/vander-busca-apoio-da-assembleia-legislativa-para-viabilizar-pavimentacao-da-ms-444\/#primaryimage"},"image":{"@id":"https:\/\/vanderloubet.com.br\/deputado\/vander-busca-apoio-da-assembleia-legislativa-para-viabilizar-pavimentacao-da-ms-444\/#primaryimage"},"thumbnailUrl":"https:\/\/vanderloubet.com.br\/deputado\/wp-content\/uploads\/2019\/09\/foto-2019-09-09-reuniao-alems-rodovia-ms444-6.jpg","datePublished":"2019-09-10T13:35:32+00:00","dateModified":"2019-09-10T13:36:03+00:00","description":"Para o deputado, rodovia que liga Selv\u00edria a Inoc\u00eancia \u00e9 estrat\u00e9gica. Prefeito de Selv\u00edria defende que asfalto vai impulsionar o desenvolvimento da regi\u00e3o.","breadcrumb":{"@id":"https:\/\/vanderloubet.com.br\/deputado\/vander-busca-apoio-da-assembleia-legislativa-para-viabilizar-pavimentacao-da-ms-444\/#breadcrumb"},"inLanguage":"pt-BR","potentialAction":[{"@type":"ReadAction","target":["https:\/\/vanderloubet.com.br\/deputado\/vander-busca-apoio-da-assembleia-legislativa-para-viabilizar-pavimentacao-da-ms-444\/"]}]},{"@type":"ImageObject","inLanguage":"pt-BR","@id":"https:\/\/vanderloubet.com.br\/deputado\/vander-busca-apoio-da-assembleia-legislativa-para-viabilizar-pavimentacao-da-ms-444\/#primaryimage","url":"https:\/\/vanderloubet.com.br\/deputado\/wp-content\/uploads\/2019\/09\/foto-2019-09-09-reuniao-alems-rodovia-ms444-6.jpg","contentUrl":"https:\/\/vanderloubet.com.br\/deputado\/wp-content\/uploads\/2019\/09\/foto-2019-09-09-reuniao-alems-rodovia-ms444-6.jpg","width":1080,"height":720,"caption":"Deputados estaduais e federais v\u00e3o intermediar tratativas para pavimentar a MS-444"},{"@type":"BreadcrumbList","@id":"https:\/\/vanderloubet.com.br\/deputado\/vander-busca-apoio-da-assembleia-legislativa-para-viabilizar-pavimentacao-da-ms-444\/#breadcrumb","itemListElement":[{"@type":"ListItem","position":1,"name":"In\u00edcio","item":"https:\/\/vanderloubet.com.br\/deputado\/"},{"@type":"ListItem","position":2,"name":"Vander busca apoio da Assembleia Legislativa para viabilizar pavimenta\u00e7\u00e3o da MS-444"}]},{"@type":"WebSite","@id":"https:\/\/vanderloubet.com.br\/deputado\/#website","url":"https:\/\/vanderloubet.com.br\/deputado\/","name":"Deputado Federal Vander Loubet","description":"O Federal de MS","publisher":{"@id":"https:\/\/vanderloubet.com.br\/deputado\/#organization"},"alternateName":"Deputado Vander","potentialAction":[{"@type":"SearchAction","target":{"@type":"EntryPoint","urlTemplate":"https:\/\/vanderloubet.com.br\/deputado\/?s={search_term_string}"},"query-input":{"@type":"PropertyValueSpecification","valueRequired":true,"valueName":"search_term_string"}}],"inLanguage":"pt-BR"},{"@type":"Organization","@id":"https:\/\/vanderloubet.com.br\/deputado\/#organization","name":"Deputado Federal Vander Loubet","alternateName":"Deputado Vander","url":"https:\/\/vanderloubet.com.br\/deputado\/","logo":{"@type":"ImageObject","inLanguage":"pt-BR","@id":"https:\/\/vanderloubet.com.br\/deputado\/#\/schema\/logo\/image\/","url":"https:\/\/vanderloubet.com.br\/deputado\/wp-content\/uploads\/2023\/06\/foto-2023-06-19-mandato-deputado-vander.jpg","contentUrl":"https:\/\/vanderloubet.com.br\/deputado\/wp-content\/uploads\/2023\/06\/foto-2023-06-19-mandato-deputado-vander.jpg","width":1080,"height":1080,"caption":"Deputado Federal Vander Loubet"},"image":{"@id":"https:\/\/vanderloubet.com.br\/deputado\/#\/schema\/logo\/image\/"},"sameAs":["https:\/\/facebook.com\/deputadovander","https:\/\/x.com\/vanderloubet","https:\/\/instagram.com\/vanderloubet","https:\/\/youtube.com\/vanderloubet","https:\/\/tiktok.com\/@vanderloubetms"]},{"@type":"Person","@id":"https:\/\/vanderloubet.com.br\/deputado\/#\/schema\/person\/15b51bd564532a8a68d9dec1b8eb890e","name":"\u00c9der","image":{"@type":"ImageObject","inLanguage":"pt-BR","@id":"https:\/\/vanderloubet.com.br\/deputado\/wp-content\/litespeed\/avatar\/88ca4090d9d5ab1c9495f6ca03b68efa.jpg?ver=1777058957","url":"https:\/\/vanderloubet.com.br\/deputado\/wp-content\/litespeed\/avatar\/88ca4090d9d5ab1c9495f6ca03b68efa.jpg?ver=1777058957","contentUrl":"https:\/\/vanderloubet.com.br\/deputado\/wp-content\/litespeed\/avatar\/88ca4090d9d5ab1c9495f6ca03b68efa.jpg?ver=1777058957","caption":"\u00c9der"}}]}},"jetpack_featured_media_url":"https:\/\/vanderloubet.com.br\/deputado\/wp-content\/uploads\/2019\/09\/foto-2019-09-09-reuniao-alems-rodovia-ms444-6.jpg","jetpack_sharing_enabled":true,"_links":{"self":[{"href":"https:\/\/vanderloubet.com.br\/deputado\/wp-json\/wp\/v2\/posts\/15835","targetHints":{"allow":["GET"]}}],"collection":[{"href":"https:\/\/vanderloubet.com.br\/deputado\/wp-json\/wp\/v2\/posts"}],"about":[{"href":"https:\/\/vanderloubet.com.br\/deputado\/wp-json\/wp\/v2\/types\/post"}],"author":[{"embeddable":true,"href":"https:\/\/vanderloubet.com.br\/deputado\/wp-json\/wp\/v2\/users\/2"}],"replies":[{"embeddable":true,"href":"https:\/\/vanderloubet.com.br\/deputado\/wp-json\/wp\/v2\/comments?post=15835"}],"version-history":[{"count":0,"href":"https:\/\/vanderloubet.com.br\/deputado\/wp-json\/wp\/v2\/posts\/15835\/revisions"}],"wp:featuredmedia":[{"embeddable":true,"href":"https:\/\/vanderloubet.com.br\/deputado\/wp-json\/wp\/v2\/media\/15841"}],"wp:attachment":[{"href":"https:\/\/vanderloubet.com.br\/deputado\/wp-json\/wp\/v2\/media?parent=15835"}],"wp:term":[{"taxonomy":"category","embeddable":true,"href":"https:\/\/vanderloubet.com.br\/deputado\/wp-json\/wp\/v2\/categories?post=15835"},{"taxonomy":"post_tag","embeddable":true,"href":"https:\/\/vanderloubet.com.br\/deputado\/wp-json\/wp\/v2\/tags?post=15835"}],"curies":[{"name":"wp","href":"https:\/\/api.w.org\/{rel}","templated":true}]}}