{"id":15828,"date":"2019-09-10T08:51:38","date_gmt":"2019-09-10T12:51:38","guid":{"rendered":"http:\/\/vanderloubet.com.br\/deputado\/?p=15828"},"modified":"2019-09-10T10:00:41","modified_gmt":"2019-09-10T14:00:41","slug":"vander-visita-defensoria-publica-geral-de-ms-e-firma-compromisso-de-apoiar-sede-propria-do-orgao","status":"publish","type":"post","link":"https:\/\/vanderloubet.com.br\/deputado\/vander-visita-defensoria-publica-geral-de-ms-e-firma-compromisso-de-apoiar-sede-propria-do-orgao\/","title":{"rendered":"Vander visita Defensoria P\u00fablica-Geral de MS e firma compromisso de apoiar sede pr\u00f3pria do \u00f3rg\u00e3o"},"content":{"rendered":"<p>No in\u00edcio da tarde de segunda-feira (9), o deputado federal Vander Loubet esteve na sede da Defensoria P\u00fablica-Geral de Mato Grosso do Sul (DPGE-MS), no Parque dos Poderes, em Campo Grande, para uma agenda com o defensor p\u00fablico-geral F\u00e1bio Rog\u00e9rio Rombi da Silva.<\/p>\n<p>Durante o encontro, o deputado ouviu do defensor p\u00fablico-geral as principais demandas do \u00f3rg\u00e3o. F\u00e1bio Rog\u00e9rio falou do plano de constru\u00e7\u00e3o de sedes pr\u00f3prias do \u00f3rg\u00e3o na Capital e no interior, como \u00e9 o caso de Corumb\u00e1. Para o interior, os recursos estariam previstos no or\u00e7amento. No entanto, ponderou que em Campo Grande a DPGE n\u00e3o possui ainda a verba necess\u00e1ria e que para dar continuidade ao projeto necessita de apoio da bancada federal.<\/p>\n<p>Ainda de acordo com o defensor p\u00fablico-geral, a constru\u00e7\u00e3o da sede pr\u00f3pria da Defensoria P\u00fablica para o atendimento ao p\u00fablico na Capital \u00e9 uma das prioridades do \u00f3rg\u00e3o. O terreno viria de uma doa\u00e7\u00e3o da Prefeitura. A sede pr\u00f3pria resolveria duas quest\u00f5es: reduziria a despesa com alugu\u00e9is de pr\u00e9dios e centralizaria em um \u00fanico pr\u00e9dio o atendimento da Defensoria, que atualmente \u00e9 dividido em cinco unidades, o que muitas vezes causa transtornos \u00e0 popula\u00e7\u00e3o que busca os servi\u00e7os do \u00f3rg\u00e3o.<\/p>\n<p>Vander Loubet destacou a F\u00e1bio Rog\u00e9rio que \u00e9 importante acelerar as tratativas em torno da doa\u00e7\u00e3o do terreno para que o projeto fique pronto o quanto antes para apresenta\u00e7\u00e3o \u00e0 bancada federal. &#8220;Entendo que o trabalho da Defensoria P\u00fablica \u00e9 fundamental para garantir ao acesso da popula\u00e7\u00e3o \u00e0 Justi\u00e7a, por isso me comprometi a defender esse projeto junto aos meus colegas de bancada para que possamos viabilizar uma emenda parlamentar para a constru\u00e7\u00e3o dessa sede&#8221;, afirmou o deputado. &#8220;Sou parceiro da Defensoria e tenho certeza que o trabalho do \u00f3rg\u00e3o tem respaldo com os demais parlamentares do nosso estado&#8221;, concluiu.<\/p>\n<p>A reuni\u00e3o entre o deputado e o defensor p\u00fablico-geral foi acompanhada por K\u00e1tia Regina Nunes Ribeiro Motti, assessora legislativa da DPGE-MS, e por Sandro Omar Santos, assessor parlamentar do mandato.<\/p>\n<p><em>(\u00c9der F. Yanaguita &#8211; Ascom\/Dep. Vander Loubet)<\/em><\/p>\n\r\n                <style type=\"text\/css\">\r\n                    \r\n                    #tdi_1  .td-doubleSlider-2 .td-item1 {\r\n                        background: url(https:\/\/vanderloubet.com.br\/deputado\/wp-content\/uploads\/2019\/09\/foto-2019-09-09-defensoria-publica-1-80x60.jpg) 0 0 no-repeat;\r\n                    }\r\n                    #tdi_1  .td-doubleSlider-2 .td-item2 {\r\n                        background: url(https:\/\/vanderloubet.com.br\/deputado\/wp-content\/uploads\/2019\/09\/foto-2019-09-09-defensoria-publica-2-80x60.jpg) 0 0 no-repeat;\r\n                    }\r\n                    #tdi_1  .td-doubleSlider-2 .td-item3 {\r\n                        background: url(https:\/\/vanderloubet.com.br\/deputado\/wp-content\/uploads\/2019\/09\/foto-2019-09-09-defensoria-publica-3-80x60.jpg) 0 0 no-repeat;\r\n                    }\r\n                    #tdi_1  .td-doubleSlider-2 .td-item4 {\r\n                        background: url(https:\/\/vanderloubet.com.br\/deputado\/wp-content\/uploads\/2019\/09\/foto-2019-09-09-defensoria-publica-4-80x60.jpg) 0 0 no-repeat;\r\n                    }\r\n                <\/style>\r\n\r\n                <div id=\"tdi_1\" class=\"td-gallery td-slide-on-2-columns\">\r\n                    <div class=\"post_td_gallery\">\r\n                        <div class=\"td-gallery-slide-top\">\r\n                           <div class=\"td-gallery-title\"><\/div>\r\n\r\n                            <div class=\"td-gallery-controls-wrapper\">\r\n                                <div class=\"td-gallery-slide-count\"><span class=\"td-gallery-slide-item-focus\">1<\/span> de 4<\/div>\r\n                                <div class=\"td-gallery-slide-prev-next-but\">\r\n                                    <i class = \"td-icon-left doubleSliderPrevButton\"><\/i>\r\n                                    <i class = \"td-icon-right doubleSliderNextButton\"><\/i>\r\n                                <\/div>\r\n                            <\/div>\r\n                        <\/div>\r\n\r\n                        <div class = \"td-doubleSlider-1 \">\r\n                            <div class = \"td-slider\">\r\n                                \r\n                    <div class = \"td-slide-item td-item1\">\r\n                        <figure class=\"td-slide-galery-figure td-slide-popup-gallery\">\r\n                            <a class=\"slide-gallery-image-link\" href=\"https:\/\/vanderloubet.com.br\/deputado\/wp-content\/uploads\/2019\/09\/foto-2019-09-09-defensoria-publica-1.jpg\" title=\"Vander e o defensor p\u00fablico-geral F\u00e1bio Rog\u00e9rio conversaram sobre projeto da sede do \u00f3rg\u00e3o na Capital\"  data-caption=\"\"  data-description=\"Vander e o defensor p&uacute;blico-geral F&aacute;bio Rog&eacute;rio conversaram sobre projeto da sede do &oacute;rg&atilde;o na Capital\">\r\n                                <img decoding=\"async\" src=\"https:\/\/vanderloubet.com.br\/deputado\/wp-content\/uploads\/2019\/09\/foto-2019-09-09-defensoria-publica-1-630x420.jpg\" srcset=\"https:\/\/vanderloubet.com.br\/deputado\/wp-content\/uploads\/2019\/09\/foto-2019-09-09-defensoria-publica-1-630x420.jpg 630w, https:\/\/vanderloubet.com.br\/deputado\/wp-content\/uploads\/2019\/09\/foto-2019-09-09-defensoria-publica-1-350x233.jpg 350w, https:\/\/vanderloubet.com.br\/deputado\/wp-content\/uploads\/2019\/09\/foto-2019-09-09-defensoria-publica-1-768x512.jpg 768w, https:\/\/vanderloubet.com.br\/deputado\/wp-content\/uploads\/2019\/09\/foto-2019-09-09-defensoria-publica-1-700x467.jpg 700w, https:\/\/vanderloubet.com.br\/deputado\/wp-content\/uploads\/2019\/09\/foto-2019-09-09-defensoria-publica-1-696x464.jpg 696w, https:\/\/vanderloubet.com.br\/deputado\/wp-content\/uploads\/2019\/09\/foto-2019-09-09-defensoria-publica-1-1068x712.jpg 1068w, https:\/\/vanderloubet.com.br\/deputado\/wp-content\/uploads\/2019\/09\/foto-2019-09-09-defensoria-publica-1.jpg 1080w\" sizes=\"(max-width: 630px) 100vw, 630px\" alt=\"Vander e o defensor p&uacute;blico-geral F&aacute;bio Rog&eacute;rio conversaram sobre projeto da sede do &oacute;rg&atilde;o na Capital\">\r\n                            <\/a>\r\n                            <figcaption class = \"td-slide-caption td-gallery-slide-content\"><span>Vander e o defensor p\u00fablico-geral F\u00e1bio Rog\u00e9rio conversaram sobre projeto da sede do \u00f3rg\u00e3o na Capital<\/span><\/figcaption>\r\n                        <\/figure>\r\n                    <\/div>\r\n                    <div class = \"td-slide-item td-item2\">\r\n                        <figure class=\"td-slide-galery-figure td-slide-popup-gallery\">\r\n                            <a class=\"slide-gallery-image-link\" href=\"https:\/\/vanderloubet.com.br\/deputado\/wp-content\/uploads\/2019\/09\/foto-2019-09-09-defensoria-publica-2.jpg\" title=\"Vander e o defensor p\u00fablico-geral F\u00e1bio Rog\u00e9rio conversaram sobre projeto da sede do \u00f3rg\u00e3o na Capital\"  data-caption=\"\"  data-description=\"Vander e o defensor p&uacute;blico-geral F&aacute;bio Rog&eacute;rio conversaram sobre projeto da sede do &oacute;rg&atilde;o na Capital\">\r\n                                <img decoding=\"async\" src=\"https:\/\/vanderloubet.com.br\/deputado\/wp-content\/uploads\/2019\/09\/foto-2019-09-09-defensoria-publica-2-630x420.jpg\" srcset=\"https:\/\/vanderloubet.com.br\/deputado\/wp-content\/uploads\/2019\/09\/foto-2019-09-09-defensoria-publica-2-630x420.jpg 630w, https:\/\/vanderloubet.com.br\/deputado\/wp-content\/uploads\/2019\/09\/foto-2019-09-09-defensoria-publica-2-350x233.jpg 350w, https:\/\/vanderloubet.com.br\/deputado\/wp-content\/uploads\/2019\/09\/foto-2019-09-09-defensoria-publica-2-768x512.jpg 768w, https:\/\/vanderloubet.com.br\/deputado\/wp-content\/uploads\/2019\/09\/foto-2019-09-09-defensoria-publica-2-700x467.jpg 700w, https:\/\/vanderloubet.com.br\/deputado\/wp-content\/uploads\/2019\/09\/foto-2019-09-09-defensoria-publica-2-696x464.jpg 696w, https:\/\/vanderloubet.com.br\/deputado\/wp-content\/uploads\/2019\/09\/foto-2019-09-09-defensoria-publica-2-1068x712.jpg 1068w, https:\/\/vanderloubet.com.br\/deputado\/wp-content\/uploads\/2019\/09\/foto-2019-09-09-defensoria-publica-2.jpg 1080w\" sizes=\"(max-width: 630px) 100vw, 630px\" alt=\"Vander e o defensor p&uacute;blico-geral F&aacute;bio Rog&eacute;rio conversaram sobre projeto da sede do &oacute;rg&atilde;o na Capital\">\r\n                            <\/a>\r\n                            <figcaption class = \"td-slide-caption td-gallery-slide-content\"><span>Vander e o defensor p\u00fablico-geral F\u00e1bio Rog\u00e9rio conversaram sobre projeto da sede do \u00f3rg\u00e3o na Capital<\/span><\/figcaption>\r\n                        <\/figure>\r\n                    <\/div>\r\n                    <div class = \"td-slide-item td-item3\">\r\n                        <figure class=\"td-slide-galery-figure td-slide-popup-gallery\">\r\n                            <a class=\"slide-gallery-image-link\" href=\"https:\/\/vanderloubet.com.br\/deputado\/wp-content\/uploads\/2019\/09\/foto-2019-09-09-defensoria-publica-3.jpg\" title=\"Vander e o defensor p\u00fablico-geral F\u00e1bio Rog\u00e9rio conversaram sobre projeto da sede do \u00f3rg\u00e3o na Capital\"  data-caption=\"\"  data-description=\"Vander e o defensor p&uacute;blico-geral F&aacute;bio Rog&eacute;rio conversaram sobre projeto da sede do &oacute;rg&atilde;o na Capital\">\r\n                                <img decoding=\"async\" src=\"https:\/\/vanderloubet.com.br\/deputado\/wp-content\/uploads\/2019\/09\/foto-2019-09-09-defensoria-publica-3-630x420.jpg\" srcset=\"https:\/\/vanderloubet.com.br\/deputado\/wp-content\/uploads\/2019\/09\/foto-2019-09-09-defensoria-publica-3-630x420.jpg 630w, https:\/\/vanderloubet.com.br\/deputado\/wp-content\/uploads\/2019\/09\/foto-2019-09-09-defensoria-publica-3-350x233.jpg 350w, https:\/\/vanderloubet.com.br\/deputado\/wp-content\/uploads\/2019\/09\/foto-2019-09-09-defensoria-publica-3-768x512.jpg 768w, https:\/\/vanderloubet.com.br\/deputado\/wp-content\/uploads\/2019\/09\/foto-2019-09-09-defensoria-publica-3-700x467.jpg 700w, https:\/\/vanderloubet.com.br\/deputado\/wp-content\/uploads\/2019\/09\/foto-2019-09-09-defensoria-publica-3-696x464.jpg 696w, https:\/\/vanderloubet.com.br\/deputado\/wp-content\/uploads\/2019\/09\/foto-2019-09-09-defensoria-publica-3-1068x712.jpg 1068w, https:\/\/vanderloubet.com.br\/deputado\/wp-content\/uploads\/2019\/09\/foto-2019-09-09-defensoria-publica-3.jpg 1080w\" sizes=\"(max-width: 630px) 100vw, 630px\" alt=\"Vander e o defensor p&uacute;blico-geral F&aacute;bio Rog&eacute;rio conversaram sobre projeto da sede do &oacute;rg&atilde;o na Capital\">\r\n                            <\/a>\r\n                            <figcaption class = \"td-slide-caption td-gallery-slide-content\"><span>Vander e o defensor p\u00fablico-geral F\u00e1bio Rog\u00e9rio conversaram sobre projeto da sede do \u00f3rg\u00e3o na Capital<\/span><\/figcaption>\r\n                        <\/figure>\r\n                    <\/div>\r\n                    <div class = \"td-slide-item td-item4\">\r\n                        <figure class=\"td-slide-galery-figure td-slide-popup-gallery\">\r\n                            <a class=\"slide-gallery-image-link\" href=\"https:\/\/vanderloubet.com.br\/deputado\/wp-content\/uploads\/2019\/09\/foto-2019-09-09-defensoria-publica-4.jpg\" title=\"Vander e o defensor p\u00fablico-geral F\u00e1bio Rog\u00e9rio conversaram sobre projeto da sede do \u00f3rg\u00e3o na Capital\"  data-caption=\"\"  data-description=\"Vander e o defensor p&uacute;blico-geral F&aacute;bio Rog&eacute;rio conversaram sobre projeto da sede do &oacute;rg&atilde;o na Capital\">\r\n                                <img decoding=\"async\" src=\"https:\/\/vanderloubet.com.br\/deputado\/wp-content\/uploads\/2019\/09\/foto-2019-09-09-defensoria-publica-4-630x420.jpg\" srcset=\"https:\/\/vanderloubet.com.br\/deputado\/wp-content\/uploads\/2019\/09\/foto-2019-09-09-defensoria-publica-4-630x420.jpg 630w, https:\/\/vanderloubet.com.br\/deputado\/wp-content\/uploads\/2019\/09\/foto-2019-09-09-defensoria-publica-4-350x233.jpg 350w, https:\/\/vanderloubet.com.br\/deputado\/wp-content\/uploads\/2019\/09\/foto-2019-09-09-defensoria-publica-4-768x512.jpg 768w, https:\/\/vanderloubet.com.br\/deputado\/wp-content\/uploads\/2019\/09\/foto-2019-09-09-defensoria-publica-4-700x467.jpg 700w, https:\/\/vanderloubet.com.br\/deputado\/wp-content\/uploads\/2019\/09\/foto-2019-09-09-defensoria-publica-4-696x464.jpg 696w, https:\/\/vanderloubet.com.br\/deputado\/wp-content\/uploads\/2019\/09\/foto-2019-09-09-defensoria-publica-4-1068x712.jpg 1068w, https:\/\/vanderloubet.com.br\/deputado\/wp-content\/uploads\/2019\/09\/foto-2019-09-09-defensoria-publica-4.jpg 1080w\" sizes=\"(max-width: 630px) 100vw, 630px\" alt=\"Vander e o defensor p&uacute;blico-geral F&aacute;bio Rog&eacute;rio conversaram sobre projeto da sede do &oacute;rg&atilde;o na Capital\">\r\n                            <\/a>\r\n                            <figcaption class = \"td-slide-caption td-gallery-slide-content\"><span>Vander e o defensor p\u00fablico-geral F\u00e1bio Rog\u00e9rio conversaram sobre projeto da sede do \u00f3rg\u00e3o na Capital<\/span><\/figcaption>\r\n                        <\/figure>\r\n                    <\/div>\r\n                            <\/div>\r\n                        <\/div>\r\n\r\n                        <div class = \"td-doubleSlider-2\">\r\n                            <div class = \"td-slider\">\r\n                                \r\n                    <div class = \"td-button td-item1\">\r\n                        <div class = \"td-border\"><\/div>\r\n                    <\/div>\r\n                    <div class = \"td-button td-item2\">\r\n                        <div class = \"td-border\"><\/div>\r\n                    <\/div>\r\n                    <div class = \"td-button td-item3\">\r\n                        <div class = \"td-border\"><\/div>\r\n                    <\/div>\r\n                    <div class = \"td-button td-item4\">\r\n                        <div class = \"td-border\"><\/div>\r\n                    <\/div>\r\n                            <\/div>\r\n                        <\/div>\r\n\r\n                    <\/div>\r\n\r\n                <\/div>\r\n                \n","protected":false},"excerpt":{"rendered":"<p>Constru\u00e7\u00e3o da sede pr\u00f3pria para o atendimento ao p\u00fablico na Capital \u00e9 uma das prioridades do \u00f3rg\u00e3o.<\/p>\n","protected":false},"author":2,"featured_media":15831,"comment_status":"closed","ping_status":"closed","sticky":false,"template":"","format":"standard","meta":{"jetpack_post_was_ever_published":false,"_jetpack_newsletter_access":"","_jetpack_dont_email_post_to_subs":false,"_jetpack_newsletter_tier_id":0,"_jetpack_memberships_contains_paywalled_content":false,"_jetpack_memberships_contains_paid_content":false,"footnotes":""},"categories":[2097,10],"tags":[586,1107],"class_list":{"0":"post-15828","1":"post","2":"type-post","3":"status-publish","4":"format-standard","5":"has-post-thumbnail","7":"category-municipios-noticias","8":"category-noticias","9":"tag-defensoria-publica","10":"tag-justica"},"yoast_head":"<!-- This site is optimized with the Yoast SEO plugin v27.4 - https:\/\/yoast.com\/product\/yoast-seo-wordpress\/ -->\n<title>Vander visita Defensoria P\u00fablica-Geral de MS e firma compromisso de apoiar sede pr\u00f3pria do \u00f3rg\u00e3o<\/title>\n<meta name=\"description\" content=\"Constru\u00e7\u00e3o da sede pr\u00f3pria para o atendimento ao p\u00fablico na Capital \u00e9 uma das prioridades do \u00f3rg\u00e3o. Deputado Vander afirmou que ser\u00e1 parceiro do projeto.\" \/>\n<meta name=\"robots\" content=\"index, follow, max-snippet:-1, max-image-preview:large, max-video-preview:-1\" \/>\n<link rel=\"canonical\" href=\"https:\/\/vanderloubet.com.br\/deputado\/vander-visita-defensoria-publica-geral-de-ms-e-firma-compromisso-de-apoiar-sede-propria-do-orgao\/\" \/>\n<meta property=\"og:locale\" content=\"pt_BR\" \/>\n<meta property=\"og:type\" content=\"article\" \/>\n<meta property=\"og:title\" content=\"Vander visita Defensoria P\u00fablica-Geral de MS e firma compromisso de apoiar sede pr\u00f3pria do \u00f3rg\u00e3o\" \/>\n<meta property=\"og:description\" content=\"Constru\u00e7\u00e3o da sede pr\u00f3pria para o atendimento ao p\u00fablico na Capital \u00e9 uma das prioridades do \u00f3rg\u00e3o. Deputado Vander afirmou que ser\u00e1 parceiro do projeto.\" \/>\n<meta property=\"og:url\" content=\"https:\/\/vanderloubet.com.br\/deputado\/vander-visita-defensoria-publica-geral-de-ms-e-firma-compromisso-de-apoiar-sede-propria-do-orgao\/\" \/>\n<meta property=\"og:site_name\" content=\"Deputado Federal Vander Loubet\" \/>\n<meta property=\"article:publisher\" content=\"https:\/\/facebook.com\/deputadovander\" \/>\n<meta property=\"article:published_time\" content=\"2019-09-10T12:51:38+00:00\" \/>\n<meta property=\"article:modified_time\" content=\"2019-09-10T14:00:41+00:00\" \/>\n<meta property=\"og:image\" content=\"https:\/\/vanderloubet.com.br\/deputado\/wp-content\/uploads\/2019\/09\/foto-2019-09-09-defensoria-publica-3.jpg\" \/>\n\t<meta property=\"og:image:width\" content=\"1080\" \/>\n\t<meta property=\"og:image:height\" content=\"720\" \/>\n\t<meta property=\"og:image:type\" content=\"image\/jpeg\" \/>\n<meta name=\"author\" content=\"\u00c9der\" \/>\n<meta name=\"twitter:card\" content=\"summary_large_image\" \/>\n<meta name=\"twitter:creator\" content=\"@vanderloubet\" \/>\n<meta name=\"twitter:site\" content=\"@vanderloubet\" \/>\n<script type=\"application\/ld+json\" class=\"yoast-schema-graph\">{\"@context\":\"https:\\\/\\\/schema.org\",\"@graph\":[{\"@type\":\"Article\",\"@id\":\"https:\\\/\\\/vanderloubet.com.br\\\/deputado\\\/vander-visita-defensoria-publica-geral-de-ms-e-firma-compromisso-de-apoiar-sede-propria-do-orgao\\\/#article\",\"isPartOf\":{\"@id\":\"https:\\\/\\\/vanderloubet.com.br\\\/deputado\\\/vander-visita-defensoria-publica-geral-de-ms-e-firma-compromisso-de-apoiar-sede-propria-do-orgao\\\/\"},\"author\":{\"name\":\"\u00c9der\",\"@id\":\"https:\\\/\\\/vanderloubet.com.br\\\/deputado\\\/#\\\/schema\\\/person\\\/15b51bd564532a8a68d9dec1b8eb890e\"},\"headline\":\"Vander visita Defensoria P\u00fablica-Geral de MS e firma compromisso de apoiar sede pr\u00f3pria do \u00f3rg\u00e3o\",\"datePublished\":\"2019-09-10T12:51:38+00:00\",\"dateModified\":\"2019-09-10T14:00:41+00:00\",\"mainEntityOfPage\":{\"@id\":\"https:\\\/\\\/vanderloubet.com.br\\\/deputado\\\/vander-visita-defensoria-publica-geral-de-ms-e-firma-compromisso-de-apoiar-sede-propria-do-orgao\\\/\"},\"wordCount\":395,\"publisher\":{\"@id\":\"https:\\\/\\\/vanderloubet.com.br\\\/deputado\\\/#organization\"},\"image\":{\"@id\":\"https:\\\/\\\/vanderloubet.com.br\\\/deputado\\\/vander-visita-defensoria-publica-geral-de-ms-e-firma-compromisso-de-apoiar-sede-propria-do-orgao\\\/#primaryimage\"},\"thumbnailUrl\":\"https:\\\/\\\/vanderloubet.com.br\\\/deputado\\\/wp-content\\\/uploads\\\/2019\\\/09\\\/foto-2019-09-09-defensoria-publica-3.jpg\",\"keywords\":[\"defensoria p\u00fablica\",\"justi\u00e7a\"],\"articleSection\":[\"Munic\u00edpios\",\"Not\u00edcias\"],\"inLanguage\":\"pt-BR\"},{\"@type\":\"WebPage\",\"@id\":\"https:\\\/\\\/vanderloubet.com.br\\\/deputado\\\/vander-visita-defensoria-publica-geral-de-ms-e-firma-compromisso-de-apoiar-sede-propria-do-orgao\\\/\",\"url\":\"https:\\\/\\\/vanderloubet.com.br\\\/deputado\\\/vander-visita-defensoria-publica-geral-de-ms-e-firma-compromisso-de-apoiar-sede-propria-do-orgao\\\/\",\"name\":\"Vander visita Defensoria P\u00fablica-Geral de MS e firma compromisso de apoiar sede pr\u00f3pria do \u00f3rg\u00e3o\",\"isPartOf\":{\"@id\":\"https:\\\/\\\/vanderloubet.com.br\\\/deputado\\\/#website\"},\"primaryImageOfPage\":{\"@id\":\"https:\\\/\\\/vanderloubet.com.br\\\/deputado\\\/vander-visita-defensoria-publica-geral-de-ms-e-firma-compromisso-de-apoiar-sede-propria-do-orgao\\\/#primaryimage\"},\"image\":{\"@id\":\"https:\\\/\\\/vanderloubet.com.br\\\/deputado\\\/vander-visita-defensoria-publica-geral-de-ms-e-firma-compromisso-de-apoiar-sede-propria-do-orgao\\\/#primaryimage\"},\"thumbnailUrl\":\"https:\\\/\\\/vanderloubet.com.br\\\/deputado\\\/wp-content\\\/uploads\\\/2019\\\/09\\\/foto-2019-09-09-defensoria-publica-3.jpg\",\"datePublished\":\"2019-09-10T12:51:38+00:00\",\"dateModified\":\"2019-09-10T14:00:41+00:00\",\"description\":\"Constru\u00e7\u00e3o da sede pr\u00f3pria para o atendimento ao p\u00fablico na Capital \u00e9 uma das prioridades do \u00f3rg\u00e3o. Deputado Vander afirmou que ser\u00e1 parceiro do projeto.\",\"breadcrumb\":{\"@id\":\"https:\\\/\\\/vanderloubet.com.br\\\/deputado\\\/vander-visita-defensoria-publica-geral-de-ms-e-firma-compromisso-de-apoiar-sede-propria-do-orgao\\\/#breadcrumb\"},\"inLanguage\":\"pt-BR\",\"potentialAction\":[{\"@type\":\"ReadAction\",\"target\":[\"https:\\\/\\\/vanderloubet.com.br\\\/deputado\\\/vander-visita-defensoria-publica-geral-de-ms-e-firma-compromisso-de-apoiar-sede-propria-do-orgao\\\/\"]}]},{\"@type\":\"ImageObject\",\"inLanguage\":\"pt-BR\",\"@id\":\"https:\\\/\\\/vanderloubet.com.br\\\/deputado\\\/vander-visita-defensoria-publica-geral-de-ms-e-firma-compromisso-de-apoiar-sede-propria-do-orgao\\\/#primaryimage\",\"url\":\"https:\\\/\\\/vanderloubet.com.br\\\/deputado\\\/wp-content\\\/uploads\\\/2019\\\/09\\\/foto-2019-09-09-defensoria-publica-3.jpg\",\"contentUrl\":\"https:\\\/\\\/vanderloubet.com.br\\\/deputado\\\/wp-content\\\/uploads\\\/2019\\\/09\\\/foto-2019-09-09-defensoria-publica-3.jpg\",\"width\":1080,\"height\":720,\"caption\":\"Vander e o defensor p\u00fablico-geral F\u00e1bio Rog\u00e9rio conversaram sobre projeto da sede do \u00f3rg\u00e3o na Capital\"},{\"@type\":\"BreadcrumbList\",\"@id\":\"https:\\\/\\\/vanderloubet.com.br\\\/deputado\\\/vander-visita-defensoria-publica-geral-de-ms-e-firma-compromisso-de-apoiar-sede-propria-do-orgao\\\/#breadcrumb\",\"itemListElement\":[{\"@type\":\"ListItem\",\"position\":1,\"name\":\"In\u00edcio\",\"item\":\"https:\\\/\\\/vanderloubet.com.br\\\/deputado\\\/\"},{\"@type\":\"ListItem\",\"position\":2,\"name\":\"Vander visita Defensoria P\u00fablica-Geral de MS e firma compromisso de apoiar sede pr\u00f3pria do \u00f3rg\u00e3o\"}]},{\"@type\":\"WebSite\",\"@id\":\"https:\\\/\\\/vanderloubet.com.br\\\/deputado\\\/#website\",\"url\":\"https:\\\/\\\/vanderloubet.com.br\\\/deputado\\\/\",\"name\":\"Deputado Federal Vander Loubet\",\"description\":\"O Federal de MS\",\"publisher\":{\"@id\":\"https:\\\/\\\/vanderloubet.com.br\\\/deputado\\\/#organization\"},\"alternateName\":\"Deputado Vander\",\"potentialAction\":[{\"@type\":\"SearchAction\",\"target\":{\"@type\":\"EntryPoint\",\"urlTemplate\":\"https:\\\/\\\/vanderloubet.com.br\\\/deputado\\\/?s={search_term_string}\"},\"query-input\":{\"@type\":\"PropertyValueSpecification\",\"valueRequired\":true,\"valueName\":\"search_term_string\"}}],\"inLanguage\":\"pt-BR\"},{\"@type\":\"Organization\",\"@id\":\"https:\\\/\\\/vanderloubet.com.br\\\/deputado\\\/#organization\",\"name\":\"Deputado Federal Vander Loubet\",\"alternateName\":\"Deputado Vander\",\"url\":\"https:\\\/\\\/vanderloubet.com.br\\\/deputado\\\/\",\"logo\":{\"@type\":\"ImageObject\",\"inLanguage\":\"pt-BR\",\"@id\":\"https:\\\/\\\/vanderloubet.com.br\\\/deputado\\\/#\\\/schema\\\/logo\\\/image\\\/\",\"url\":\"https:\\\/\\\/vanderloubet.com.br\\\/deputado\\\/wp-content\\\/uploads\\\/2023\\\/06\\\/foto-2023-06-19-mandato-deputado-vander.jpg\",\"contentUrl\":\"https:\\\/\\\/vanderloubet.com.br\\\/deputado\\\/wp-content\\\/uploads\\\/2023\\\/06\\\/foto-2023-06-19-mandato-deputado-vander.jpg\",\"width\":1080,\"height\":1080,\"caption\":\"Deputado Federal Vander Loubet\"},\"image\":{\"@id\":\"https:\\\/\\\/vanderloubet.com.br\\\/deputado\\\/#\\\/schema\\\/logo\\\/image\\\/\"},\"sameAs\":[\"https:\\\/\\\/facebook.com\\\/deputadovander\",\"https:\\\/\\\/x.com\\\/vanderloubet\",\"https:\\\/\\\/instagram.com\\\/vanderloubet\",\"https:\\\/\\\/youtube.com\\\/vanderloubet\",\"https:\\\/\\\/tiktok.com\\\/@vanderloubetms\"]},{\"@type\":\"Person\",\"@id\":\"https:\\\/\\\/vanderloubet.com.br\\\/deputado\\\/#\\\/schema\\\/person\\\/15b51bd564532a8a68d9dec1b8eb890e\",\"name\":\"\u00c9der\",\"image\":{\"@type\":\"ImageObject\",\"inLanguage\":\"pt-BR\",\"@id\":\"https:\\\/\\\/vanderloubet.com.br\\\/deputado\\\/wp-content\\\/litespeed\\\/avatar\\\/88ca4090d9d5ab1c9495f6ca03b68efa.jpg?ver=1777058957\",\"url\":\"https:\\\/\\\/vanderloubet.com.br\\\/deputado\\\/wp-content\\\/litespeed\\\/avatar\\\/88ca4090d9d5ab1c9495f6ca03b68efa.jpg?ver=1777058957\",\"contentUrl\":\"https:\\\/\\\/vanderloubet.com.br\\\/deputado\\\/wp-content\\\/litespeed\\\/avatar\\\/88ca4090d9d5ab1c9495f6ca03b68efa.jpg?ver=1777058957\",\"caption\":\"\u00c9der\"}}]}<\/script>\n<!-- \/ Yoast SEO plugin. -->","yoast_head_json":{"title":"Vander visita Defensoria P\u00fablica-Geral de MS e firma compromisso de apoiar sede pr\u00f3pria do \u00f3rg\u00e3o","description":"Constru\u00e7\u00e3o da sede pr\u00f3pria para o atendimento ao p\u00fablico na Capital \u00e9 uma das prioridades do \u00f3rg\u00e3o. Deputado Vander afirmou que ser\u00e1 parceiro do projeto.","robots":{"index":"index","follow":"follow","max-snippet":"max-snippet:-1","max-image-preview":"max-image-preview:large","max-video-preview":"max-video-preview:-1"},"canonical":"https:\/\/vanderloubet.com.br\/deputado\/vander-visita-defensoria-publica-geral-de-ms-e-firma-compromisso-de-apoiar-sede-propria-do-orgao\/","og_locale":"pt_BR","og_type":"article","og_title":"Vander visita Defensoria P\u00fablica-Geral de MS e firma compromisso de apoiar sede pr\u00f3pria do \u00f3rg\u00e3o","og_description":"Constru\u00e7\u00e3o da sede pr\u00f3pria para o atendimento ao p\u00fablico na Capital \u00e9 uma das prioridades do \u00f3rg\u00e3o. Deputado Vander afirmou que ser\u00e1 parceiro do projeto.","og_url":"https:\/\/vanderloubet.com.br\/deputado\/vander-visita-defensoria-publica-geral-de-ms-e-firma-compromisso-de-apoiar-sede-propria-do-orgao\/","og_site_name":"Deputado Federal Vander Loubet","article_publisher":"https:\/\/facebook.com\/deputadovander","article_published_time":"2019-09-10T12:51:38+00:00","article_modified_time":"2019-09-10T14:00:41+00:00","og_image":[{"width":1080,"height":720,"url":"https:\/\/vanderloubet.com.br\/deputado\/wp-content\/uploads\/2019\/09\/foto-2019-09-09-defensoria-publica-3.jpg","type":"image\/jpeg"}],"author":"\u00c9der","twitter_card":"summary_large_image","twitter_creator":"@vanderloubet","twitter_site":"@vanderloubet","schema":{"@context":"https:\/\/schema.org","@graph":[{"@type":"Article","@id":"https:\/\/vanderloubet.com.br\/deputado\/vander-visita-defensoria-publica-geral-de-ms-e-firma-compromisso-de-apoiar-sede-propria-do-orgao\/#article","isPartOf":{"@id":"https:\/\/vanderloubet.com.br\/deputado\/vander-visita-defensoria-publica-geral-de-ms-e-firma-compromisso-de-apoiar-sede-propria-do-orgao\/"},"author":{"name":"\u00c9der","@id":"https:\/\/vanderloubet.com.br\/deputado\/#\/schema\/person\/15b51bd564532a8a68d9dec1b8eb890e"},"headline":"Vander visita Defensoria P\u00fablica-Geral de MS e firma compromisso de apoiar sede pr\u00f3pria do \u00f3rg\u00e3o","datePublished":"2019-09-10T12:51:38+00:00","dateModified":"2019-09-10T14:00:41+00:00","mainEntityOfPage":{"@id":"https:\/\/vanderloubet.com.br\/deputado\/vander-visita-defensoria-publica-geral-de-ms-e-firma-compromisso-de-apoiar-sede-propria-do-orgao\/"},"wordCount":395,"publisher":{"@id":"https:\/\/vanderloubet.com.br\/deputado\/#organization"},"image":{"@id":"https:\/\/vanderloubet.com.br\/deputado\/vander-visita-defensoria-publica-geral-de-ms-e-firma-compromisso-de-apoiar-sede-propria-do-orgao\/#primaryimage"},"thumbnailUrl":"https:\/\/vanderloubet.com.br\/deputado\/wp-content\/uploads\/2019\/09\/foto-2019-09-09-defensoria-publica-3.jpg","keywords":["defensoria p\u00fablica","justi\u00e7a"],"articleSection":["Munic\u00edpios","Not\u00edcias"],"inLanguage":"pt-BR"},{"@type":"WebPage","@id":"https:\/\/vanderloubet.com.br\/deputado\/vander-visita-defensoria-publica-geral-de-ms-e-firma-compromisso-de-apoiar-sede-propria-do-orgao\/","url":"https:\/\/vanderloubet.com.br\/deputado\/vander-visita-defensoria-publica-geral-de-ms-e-firma-compromisso-de-apoiar-sede-propria-do-orgao\/","name":"Vander visita Defensoria P\u00fablica-Geral de MS e firma compromisso de apoiar sede pr\u00f3pria do \u00f3rg\u00e3o","isPartOf":{"@id":"https:\/\/vanderloubet.com.br\/deputado\/#website"},"primaryImageOfPage":{"@id":"https:\/\/vanderloubet.com.br\/deputado\/vander-visita-defensoria-publica-geral-de-ms-e-firma-compromisso-de-apoiar-sede-propria-do-orgao\/#primaryimage"},"image":{"@id":"https:\/\/vanderloubet.com.br\/deputado\/vander-visita-defensoria-publica-geral-de-ms-e-firma-compromisso-de-apoiar-sede-propria-do-orgao\/#primaryimage"},"thumbnailUrl":"https:\/\/vanderloubet.com.br\/deputado\/wp-content\/uploads\/2019\/09\/foto-2019-09-09-defensoria-publica-3.jpg","datePublished":"2019-09-10T12:51:38+00:00","dateModified":"2019-09-10T14:00:41+00:00","description":"Constru\u00e7\u00e3o da sede pr\u00f3pria para o atendimento ao p\u00fablico na Capital \u00e9 uma das prioridades do \u00f3rg\u00e3o. Deputado Vander afirmou que ser\u00e1 parceiro do projeto.","breadcrumb":{"@id":"https:\/\/vanderloubet.com.br\/deputado\/vander-visita-defensoria-publica-geral-de-ms-e-firma-compromisso-de-apoiar-sede-propria-do-orgao\/#breadcrumb"},"inLanguage":"pt-BR","potentialAction":[{"@type":"ReadAction","target":["https:\/\/vanderloubet.com.br\/deputado\/vander-visita-defensoria-publica-geral-de-ms-e-firma-compromisso-de-apoiar-sede-propria-do-orgao\/"]}]},{"@type":"ImageObject","inLanguage":"pt-BR","@id":"https:\/\/vanderloubet.com.br\/deputado\/vander-visita-defensoria-publica-geral-de-ms-e-firma-compromisso-de-apoiar-sede-propria-do-orgao\/#primaryimage","url":"https:\/\/vanderloubet.com.br\/deputado\/wp-content\/uploads\/2019\/09\/foto-2019-09-09-defensoria-publica-3.jpg","contentUrl":"https:\/\/vanderloubet.com.br\/deputado\/wp-content\/uploads\/2019\/09\/foto-2019-09-09-defensoria-publica-3.jpg","width":1080,"height":720,"caption":"Vander e o defensor p\u00fablico-geral F\u00e1bio Rog\u00e9rio conversaram sobre projeto da sede do \u00f3rg\u00e3o na Capital"},{"@type":"BreadcrumbList","@id":"https:\/\/vanderloubet.com.br\/deputado\/vander-visita-defensoria-publica-geral-de-ms-e-firma-compromisso-de-apoiar-sede-propria-do-orgao\/#breadcrumb","itemListElement":[{"@type":"ListItem","position":1,"name":"In\u00edcio","item":"https:\/\/vanderloubet.com.br\/deputado\/"},{"@type":"ListItem","position":2,"name":"Vander visita Defensoria P\u00fablica-Geral de MS e firma compromisso de apoiar sede pr\u00f3pria do \u00f3rg\u00e3o"}]},{"@type":"WebSite","@id":"https:\/\/vanderloubet.com.br\/deputado\/#website","url":"https:\/\/vanderloubet.com.br\/deputado\/","name":"Deputado Federal Vander Loubet","description":"O Federal de MS","publisher":{"@id":"https:\/\/vanderloubet.com.br\/deputado\/#organization"},"alternateName":"Deputado Vander","potentialAction":[{"@type":"SearchAction","target":{"@type":"EntryPoint","urlTemplate":"https:\/\/vanderloubet.com.br\/deputado\/?s={search_term_string}"},"query-input":{"@type":"PropertyValueSpecification","valueRequired":true,"valueName":"search_term_string"}}],"inLanguage":"pt-BR"},{"@type":"Organization","@id":"https:\/\/vanderloubet.com.br\/deputado\/#organization","name":"Deputado Federal Vander Loubet","alternateName":"Deputado Vander","url":"https:\/\/vanderloubet.com.br\/deputado\/","logo":{"@type":"ImageObject","inLanguage":"pt-BR","@id":"https:\/\/vanderloubet.com.br\/deputado\/#\/schema\/logo\/image\/","url":"https:\/\/vanderloubet.com.br\/deputado\/wp-content\/uploads\/2023\/06\/foto-2023-06-19-mandato-deputado-vander.jpg","contentUrl":"https:\/\/vanderloubet.com.br\/deputado\/wp-content\/uploads\/2023\/06\/foto-2023-06-19-mandato-deputado-vander.jpg","width":1080,"height":1080,"caption":"Deputado Federal Vander Loubet"},"image":{"@id":"https:\/\/vanderloubet.com.br\/deputado\/#\/schema\/logo\/image\/"},"sameAs":["https:\/\/facebook.com\/deputadovander","https:\/\/x.com\/vanderloubet","https:\/\/instagram.com\/vanderloubet","https:\/\/youtube.com\/vanderloubet","https:\/\/tiktok.com\/@vanderloubetms"]},{"@type":"Person","@id":"https:\/\/vanderloubet.com.br\/deputado\/#\/schema\/person\/15b51bd564532a8a68d9dec1b8eb890e","name":"\u00c9der","image":{"@type":"ImageObject","inLanguage":"pt-BR","@id":"https:\/\/vanderloubet.com.br\/deputado\/wp-content\/litespeed\/avatar\/88ca4090d9d5ab1c9495f6ca03b68efa.jpg?ver=1777058957","url":"https:\/\/vanderloubet.com.br\/deputado\/wp-content\/litespeed\/avatar\/88ca4090d9d5ab1c9495f6ca03b68efa.jpg?ver=1777058957","contentUrl":"https:\/\/vanderloubet.com.br\/deputado\/wp-content\/litespeed\/avatar\/88ca4090d9d5ab1c9495f6ca03b68efa.jpg?ver=1777058957","caption":"\u00c9der"}}]}},"jetpack_featured_media_url":"https:\/\/vanderloubet.com.br\/deputado\/wp-content\/uploads\/2019\/09\/foto-2019-09-09-defensoria-publica-3.jpg","jetpack_sharing_enabled":true,"_links":{"self":[{"href":"https:\/\/vanderloubet.com.br\/deputado\/wp-json\/wp\/v2\/posts\/15828","targetHints":{"allow":["GET"]}}],"collection":[{"href":"https:\/\/vanderloubet.com.br\/deputado\/wp-json\/wp\/v2\/posts"}],"about":[{"href":"https:\/\/vanderloubet.com.br\/deputado\/wp-json\/wp\/v2\/types\/post"}],"author":[{"embeddable":true,"href":"https:\/\/vanderloubet.com.br\/deputado\/wp-json\/wp\/v2\/users\/2"}],"replies":[{"embeddable":true,"href":"https:\/\/vanderloubet.com.br\/deputado\/wp-json\/wp\/v2\/comments?post=15828"}],"version-history":[{"count":0,"href":"https:\/\/vanderloubet.com.br\/deputado\/wp-json\/wp\/v2\/posts\/15828\/revisions"}],"wp:featuredmedia":[{"embeddable":true,"href":"https:\/\/vanderloubet.com.br\/deputado\/wp-json\/wp\/v2\/media\/15831"}],"wp:attachment":[{"href":"https:\/\/vanderloubet.com.br\/deputado\/wp-json\/wp\/v2\/media?parent=15828"}],"wp:term":[{"taxonomy":"category","embeddable":true,"href":"https:\/\/vanderloubet.com.br\/deputado\/wp-json\/wp\/v2\/categories?post=15828"},{"taxonomy":"post_tag","embeddable":true,"href":"https:\/\/vanderloubet.com.br\/deputado\/wp-json\/wp\/v2\/tags?post=15828"}],"curies":[{"name":"wp","href":"https:\/\/api.w.org\/{rel}","templated":true}]}}