{"id":15825,"date":"2019-08-28T16:46:12","date_gmt":"2019-08-28T20:46:12","guid":{"rendered":"http:\/\/vanderloubet.com.br\/deputado\/?p=15825"},"modified":"2019-08-28T16:46:12","modified_gmt":"2019-08-28T20:46:12","slug":"vander-consegue-liberacao-de-8-milhoes-para-saude-em-oito-municipios-de-ms","status":"publish","type":"post","link":"https:\/\/vanderloubet.com.br\/deputado\/vander-consegue-liberacao-de-8-milhoes-para-saude-em-oito-municipios-de-ms\/","title":{"rendered":"Vander consegue libera\u00e7\u00e3o de R$ 8,1 milh\u00f5es para sa\u00fade em oito munic\u00edpios de MS"},"content":{"rendered":"<p>O deputado federal Vander Loubet anunciou na semana passada o pagamento de R$ 8.149.301,00 em emendas parlamentares suas e do ex-deputado federal Zeca do PT dentro do Or\u00e7amento Geral da Uni\u00e3o (OGU) de 2019. Os recursos ser\u00e3o aplicados no custeio dos servi\u00e7os p\u00fablicos de sa\u00fade.<\/p>\n<p>&#8220;A libera\u00e7\u00e3o dessas emendas \u00e9 fruto do trabalho do nosso mandato em Bras\u00edlia. Atuamos junto ao ministro [Luiz Henrique] Mandetta, que foi meu colega de Parlamento e compreendeu a import\u00e2ncia desses recursos para os munic\u00edpios que os aguardavam. Essa verba certamente vai fazer a diferen\u00e7a para a popula\u00e7\u00e3o&#8221;, afirmou Vander.<\/p>\n<p>Est\u00e3o sendo beneficiados oito munic\u00edpios de Mato Grosso do Sul:<\/p>\n<ul>\n<li>Amambai (R$ 2,5 milh\u00f5es)<\/li>\n<li>Anast\u00e1cio (R$ 1 milh\u00e3o)<\/li>\n<li>Aquidauana (R$ 1 milh\u00e3o)<\/li>\n<li>Aral Moreira (R$ 1 milh\u00e3o)<\/li>\n<li>Caarap\u00f3 (R$ 1 milh\u00e3o)<\/li>\n<li>Coxim (R$ 370.774,00)<\/li>\n<li>Paranhos (R$ 500 mil)<\/li>\n<li>Sidrol\u00e2ndia (R$ 1 milh\u00e3o)<\/li>\n<\/ul>\n<p><strong>Custeio<\/strong> &#8211; O or\u00e7amento federal permite que sejam destinadas emendas parlamentares \u00e0 sa\u00fade p\u00fablica para incremento tempor\u00e1rio ao Piso de Aten\u00e7\u00e3o B\u00e1sica (PAB) e \u00e0 M\u00e9dia e Alta Complexidade (MAC).<\/p>\n<p>Esses recursos podem ser aplicados pelas prefeituras para o custeio dos servi\u00e7os p\u00fablicos de sa\u00fade oferecidos \u00e0 popula\u00e7\u00e3o, tais como aquisi\u00e7\u00e3o de medicamentos e materiais hospitalares e odontol\u00f3gicos, realiza\u00e7\u00e3o de exames cl\u00ednicos, transporte e alimenta\u00e7\u00e3o de pacientes, execu\u00e7\u00e3o de servi\u00e7os para o funcionamento das unidades de sa\u00fade etc. A decis\u00e3o sobre a forma de aplica\u00e7\u00e3o dos recursos cabe a cada prefeitura, de acordo com sua necessidade.<\/p>\n","protected":false},"excerpt":{"rendered":"<p>Recursos s\u00e3o oriundos de emendas parlamentares e beneficiam Amambai, Anast\u00e1cio, Aquidauana, Aral Moreira, Caarap\u00f3, Coxim, Paranhos e Sidrol\u00e2ndia.<\/p>\n","protected":false},"author":2,"featured_media":11469,"comment_status":"closed","ping_status":"closed","sticky":false,"template":"","format":"standard","meta":{"jetpack_post_was_ever_published":false,"_jetpack_newsletter_access":"","_jetpack_dont_email_post_to_subs":false,"_jetpack_newsletter_tier_id":0,"_jetpack_memberships_contains_paywalled_content":false,"_jetpack_memberships_contains_paid_content":false,"footnotes":""},"categories":[2097,10],"tags":[2127,1803],"class_list":{"0":"post-15825","1":"post","2":"type-post","3":"status-publish","4":"format-standard","5":"has-post-thumbnail","7":"category-municipios-noticias","8":"category-noticias","9":"tag-emenda-parlamentar","10":"tag-saude"},"yoast_head":"<!-- This site is optimized with the Yoast SEO plugin v27.4 - https:\/\/yoast.com\/product\/yoast-seo-wordpress\/ -->\n<title>Vander consegue libera\u00e7\u00e3o de R$ 8,1 milh\u00f5es para sa\u00fade em oito munic\u00edpios de MS<\/title>\n<meta name=\"description\" content=\"Recursos s\u00e3o oriundos de emendas parlamentares e beneficiam Amambai, Anast\u00e1cio, Aquidauana, Aral Moreira, Caarap\u00f3, Coxim, Paranhos e Sidrol\u00e2ndia.\" \/>\n<meta name=\"robots\" content=\"index, follow, max-snippet:-1, max-image-preview:large, max-video-preview:-1\" \/>\n<link rel=\"canonical\" href=\"https:\/\/vanderloubet.com.br\/deputado\/vander-consegue-liberacao-de-8-milhoes-para-saude-em-oito-municipios-de-ms\/\" \/>\n<meta property=\"og:locale\" content=\"pt_BR\" \/>\n<meta property=\"og:type\" content=\"article\" \/>\n<meta property=\"og:title\" content=\"Vander consegue libera\u00e7\u00e3o de R$ 8,1 milh\u00f5es para sa\u00fade em oito munic\u00edpios de MS\" \/>\n<meta property=\"og:description\" content=\"Recursos s\u00e3o oriundos de emendas parlamentares e beneficiam Amambai, Anast\u00e1cio, Aquidauana, Aral Moreira, Caarap\u00f3, Coxim, Paranhos e Sidrol\u00e2ndia.\" \/>\n<meta property=\"og:url\" content=\"https:\/\/vanderloubet.com.br\/deputado\/vander-consegue-liberacao-de-8-milhoes-para-saude-em-oito-municipios-de-ms\/\" \/>\n<meta property=\"og:site_name\" content=\"Deputado Federal Vander Loubet\" \/>\n<meta property=\"article:publisher\" content=\"https:\/\/facebook.com\/deputadovander\" \/>\n<meta property=\"article:published_time\" content=\"2019-08-28T20:46:12+00:00\" \/>\n<meta property=\"og:image\" content=\"https:\/\/vanderloubet.com.br\/deputado\/wp-content\/uploads\/2016\/06\/foto-2016-06-30-saude.jpg\" \/>\n\t<meta property=\"og:image:width\" content=\"960\" \/>\n\t<meta property=\"og:image:height\" content=\"640\" \/>\n\t<meta property=\"og:image:type\" content=\"image\/jpeg\" \/>\n<meta name=\"author\" content=\"\u00c9der\" \/>\n<meta name=\"twitter:card\" content=\"summary_large_image\" \/>\n<meta name=\"twitter:creator\" content=\"@vanderloubet\" \/>\n<meta name=\"twitter:site\" content=\"@vanderloubet\" \/>\n<script type=\"application\/ld+json\" class=\"yoast-schema-graph\">{\"@context\":\"https:\\\/\\\/schema.org\",\"@graph\":[{\"@type\":\"Article\",\"@id\":\"https:\\\/\\\/vanderloubet.com.br\\\/deputado\\\/vander-consegue-liberacao-de-8-milhoes-para-saude-em-oito-municipios-de-ms\\\/#article\",\"isPartOf\":{\"@id\":\"https:\\\/\\\/vanderloubet.com.br\\\/deputado\\\/vander-consegue-liberacao-de-8-milhoes-para-saude-em-oito-municipios-de-ms\\\/\"},\"author\":{\"name\":\"\u00c9der\",\"@id\":\"https:\\\/\\\/vanderloubet.com.br\\\/deputado\\\/#\\\/schema\\\/person\\\/15b51bd564532a8a68d9dec1b8eb890e\"},\"headline\":\"Vander consegue libera\u00e7\u00e3o de R$ 8,1 milh\u00f5es para sa\u00fade em oito munic\u00edpios de MS\",\"datePublished\":\"2019-08-28T20:46:12+00:00\",\"mainEntityOfPage\":{\"@id\":\"https:\\\/\\\/vanderloubet.com.br\\\/deputado\\\/vander-consegue-liberacao-de-8-milhoes-para-saude-em-oito-municipios-de-ms\\\/\"},\"wordCount\":279,\"publisher\":{\"@id\":\"https:\\\/\\\/vanderloubet.com.br\\\/deputado\\\/#organization\"},\"image\":{\"@id\":\"https:\\\/\\\/vanderloubet.com.br\\\/deputado\\\/vander-consegue-liberacao-de-8-milhoes-para-saude-em-oito-municipios-de-ms\\\/#primaryimage\"},\"thumbnailUrl\":\"https:\\\/\\\/vanderloubet.com.br\\\/deputado\\\/wp-content\\\/uploads\\\/2016\\\/06\\\/foto-2016-06-30-saude.jpg\",\"keywords\":[\"emenda parlamentar\",\"sa\u00fade\"],\"articleSection\":[\"Munic\u00edpios\",\"Not\u00edcias\"],\"inLanguage\":\"pt-BR\"},{\"@type\":\"WebPage\",\"@id\":\"https:\\\/\\\/vanderloubet.com.br\\\/deputado\\\/vander-consegue-liberacao-de-8-milhoes-para-saude-em-oito-municipios-de-ms\\\/\",\"url\":\"https:\\\/\\\/vanderloubet.com.br\\\/deputado\\\/vander-consegue-liberacao-de-8-milhoes-para-saude-em-oito-municipios-de-ms\\\/\",\"name\":\"Vander consegue libera\u00e7\u00e3o de R$ 8,1 milh\u00f5es para sa\u00fade em oito munic\u00edpios de MS\",\"isPartOf\":{\"@id\":\"https:\\\/\\\/vanderloubet.com.br\\\/deputado\\\/#website\"},\"primaryImageOfPage\":{\"@id\":\"https:\\\/\\\/vanderloubet.com.br\\\/deputado\\\/vander-consegue-liberacao-de-8-milhoes-para-saude-em-oito-municipios-de-ms\\\/#primaryimage\"},\"image\":{\"@id\":\"https:\\\/\\\/vanderloubet.com.br\\\/deputado\\\/vander-consegue-liberacao-de-8-milhoes-para-saude-em-oito-municipios-de-ms\\\/#primaryimage\"},\"thumbnailUrl\":\"https:\\\/\\\/vanderloubet.com.br\\\/deputado\\\/wp-content\\\/uploads\\\/2016\\\/06\\\/foto-2016-06-30-saude.jpg\",\"datePublished\":\"2019-08-28T20:46:12+00:00\",\"description\":\"Recursos s\u00e3o oriundos de emendas parlamentares e beneficiam Amambai, Anast\u00e1cio, Aquidauana, Aral Moreira, Caarap\u00f3, Coxim, Paranhos e Sidrol\u00e2ndia.\",\"breadcrumb\":{\"@id\":\"https:\\\/\\\/vanderloubet.com.br\\\/deputado\\\/vander-consegue-liberacao-de-8-milhoes-para-saude-em-oito-municipios-de-ms\\\/#breadcrumb\"},\"inLanguage\":\"pt-BR\",\"potentialAction\":[{\"@type\":\"ReadAction\",\"target\":[\"https:\\\/\\\/vanderloubet.com.br\\\/deputado\\\/vander-consegue-liberacao-de-8-milhoes-para-saude-em-oito-municipios-de-ms\\\/\"]}]},{\"@type\":\"ImageObject\",\"inLanguage\":\"pt-BR\",\"@id\":\"https:\\\/\\\/vanderloubet.com.br\\\/deputado\\\/vander-consegue-liberacao-de-8-milhoes-para-saude-em-oito-municipios-de-ms\\\/#primaryimage\",\"url\":\"https:\\\/\\\/vanderloubet.com.br\\\/deputado\\\/wp-content\\\/uploads\\\/2016\\\/06\\\/foto-2016-06-30-saude.jpg\",\"contentUrl\":\"https:\\\/\\\/vanderloubet.com.br\\\/deputado\\\/wp-content\\\/uploads\\\/2016\\\/06\\\/foto-2016-06-30-saude.jpg\",\"width\":960,\"height\":640,\"caption\":\"Recursos ser\u00e3o usados pelas prefeituras para custeio em sa\u00fade\"},{\"@type\":\"BreadcrumbList\",\"@id\":\"https:\\\/\\\/vanderloubet.com.br\\\/deputado\\\/vander-consegue-liberacao-de-8-milhoes-para-saude-em-oito-municipios-de-ms\\\/#breadcrumb\",\"itemListElement\":[{\"@type\":\"ListItem\",\"position\":1,\"name\":\"In\u00edcio\",\"item\":\"https:\\\/\\\/vanderloubet.com.br\\\/deputado\\\/\"},{\"@type\":\"ListItem\",\"position\":2,\"name\":\"Vander consegue libera\u00e7\u00e3o de R$ 8,1 milh\u00f5es para sa\u00fade em oito munic\u00edpios de MS\"}]},{\"@type\":\"WebSite\",\"@id\":\"https:\\\/\\\/vanderloubet.com.br\\\/deputado\\\/#website\",\"url\":\"https:\\\/\\\/vanderloubet.com.br\\\/deputado\\\/\",\"name\":\"Deputado Federal Vander Loubet\",\"description\":\"O Federal de MS\",\"publisher\":{\"@id\":\"https:\\\/\\\/vanderloubet.com.br\\\/deputado\\\/#organization\"},\"alternateName\":\"Deputado Vander\",\"potentialAction\":[{\"@type\":\"SearchAction\",\"target\":{\"@type\":\"EntryPoint\",\"urlTemplate\":\"https:\\\/\\\/vanderloubet.com.br\\\/deputado\\\/?s={search_term_string}\"},\"query-input\":{\"@type\":\"PropertyValueSpecification\",\"valueRequired\":true,\"valueName\":\"search_term_string\"}}],\"inLanguage\":\"pt-BR\"},{\"@type\":\"Organization\",\"@id\":\"https:\\\/\\\/vanderloubet.com.br\\\/deputado\\\/#organization\",\"name\":\"Deputado Federal Vander Loubet\",\"alternateName\":\"Deputado Vander\",\"url\":\"https:\\\/\\\/vanderloubet.com.br\\\/deputado\\\/\",\"logo\":{\"@type\":\"ImageObject\",\"inLanguage\":\"pt-BR\",\"@id\":\"https:\\\/\\\/vanderloubet.com.br\\\/deputado\\\/#\\\/schema\\\/logo\\\/image\\\/\",\"url\":\"https:\\\/\\\/vanderloubet.com.br\\\/deputado\\\/wp-content\\\/uploads\\\/2023\\\/06\\\/foto-2023-06-19-mandato-deputado-vander.jpg\",\"contentUrl\":\"https:\\\/\\\/vanderloubet.com.br\\\/deputado\\\/wp-content\\\/uploads\\\/2023\\\/06\\\/foto-2023-06-19-mandato-deputado-vander.jpg\",\"width\":1080,\"height\":1080,\"caption\":\"Deputado Federal Vander Loubet\"},\"image\":{\"@id\":\"https:\\\/\\\/vanderloubet.com.br\\\/deputado\\\/#\\\/schema\\\/logo\\\/image\\\/\"},\"sameAs\":[\"https:\\\/\\\/facebook.com\\\/deputadovander\",\"https:\\\/\\\/x.com\\\/vanderloubet\",\"https:\\\/\\\/instagram.com\\\/vanderloubet\",\"https:\\\/\\\/youtube.com\\\/vanderloubet\",\"https:\\\/\\\/tiktok.com\\\/@vanderloubetms\"]},{\"@type\":\"Person\",\"@id\":\"https:\\\/\\\/vanderloubet.com.br\\\/deputado\\\/#\\\/schema\\\/person\\\/15b51bd564532a8a68d9dec1b8eb890e\",\"name\":\"\u00c9der\",\"image\":{\"@type\":\"ImageObject\",\"inLanguage\":\"pt-BR\",\"@id\":\"https:\\\/\\\/vanderloubet.com.br\\\/deputado\\\/wp-content\\\/litespeed\\\/avatar\\\/88ca4090d9d5ab1c9495f6ca03b68efa.jpg?ver=1777058957\",\"url\":\"https:\\\/\\\/vanderloubet.com.br\\\/deputado\\\/wp-content\\\/litespeed\\\/avatar\\\/88ca4090d9d5ab1c9495f6ca03b68efa.jpg?ver=1777058957\",\"contentUrl\":\"https:\\\/\\\/vanderloubet.com.br\\\/deputado\\\/wp-content\\\/litespeed\\\/avatar\\\/88ca4090d9d5ab1c9495f6ca03b68efa.jpg?ver=1777058957\",\"caption\":\"\u00c9der\"}}]}<\/script>\n<!-- \/ Yoast SEO plugin. -->","yoast_head_json":{"title":"Vander consegue libera\u00e7\u00e3o de R$ 8,1 milh\u00f5es para sa\u00fade em oito munic\u00edpios de MS","description":"Recursos s\u00e3o oriundos de emendas parlamentares e beneficiam Amambai, Anast\u00e1cio, Aquidauana, Aral Moreira, Caarap\u00f3, Coxim, Paranhos e Sidrol\u00e2ndia.","robots":{"index":"index","follow":"follow","max-snippet":"max-snippet:-1","max-image-preview":"max-image-preview:large","max-video-preview":"max-video-preview:-1"},"canonical":"https:\/\/vanderloubet.com.br\/deputado\/vander-consegue-liberacao-de-8-milhoes-para-saude-em-oito-municipios-de-ms\/","og_locale":"pt_BR","og_type":"article","og_title":"Vander consegue libera\u00e7\u00e3o de R$ 8,1 milh\u00f5es para sa\u00fade em oito munic\u00edpios de MS","og_description":"Recursos s\u00e3o oriundos de emendas parlamentares e beneficiam Amambai, Anast\u00e1cio, Aquidauana, Aral Moreira, Caarap\u00f3, Coxim, Paranhos e Sidrol\u00e2ndia.","og_url":"https:\/\/vanderloubet.com.br\/deputado\/vander-consegue-liberacao-de-8-milhoes-para-saude-em-oito-municipios-de-ms\/","og_site_name":"Deputado Federal Vander Loubet","article_publisher":"https:\/\/facebook.com\/deputadovander","article_published_time":"2019-08-28T20:46:12+00:00","og_image":[{"width":960,"height":640,"url":"https:\/\/vanderloubet.com.br\/deputado\/wp-content\/uploads\/2016\/06\/foto-2016-06-30-saude.jpg","type":"image\/jpeg"}],"author":"\u00c9der","twitter_card":"summary_large_image","twitter_creator":"@vanderloubet","twitter_site":"@vanderloubet","schema":{"@context":"https:\/\/schema.org","@graph":[{"@type":"Article","@id":"https:\/\/vanderloubet.com.br\/deputado\/vander-consegue-liberacao-de-8-milhoes-para-saude-em-oito-municipios-de-ms\/#article","isPartOf":{"@id":"https:\/\/vanderloubet.com.br\/deputado\/vander-consegue-liberacao-de-8-milhoes-para-saude-em-oito-municipios-de-ms\/"},"author":{"name":"\u00c9der","@id":"https:\/\/vanderloubet.com.br\/deputado\/#\/schema\/person\/15b51bd564532a8a68d9dec1b8eb890e"},"headline":"Vander consegue libera\u00e7\u00e3o de R$ 8,1 milh\u00f5es para sa\u00fade em oito munic\u00edpios de MS","datePublished":"2019-08-28T20:46:12+00:00","mainEntityOfPage":{"@id":"https:\/\/vanderloubet.com.br\/deputado\/vander-consegue-liberacao-de-8-milhoes-para-saude-em-oito-municipios-de-ms\/"},"wordCount":279,"publisher":{"@id":"https:\/\/vanderloubet.com.br\/deputado\/#organization"},"image":{"@id":"https:\/\/vanderloubet.com.br\/deputado\/vander-consegue-liberacao-de-8-milhoes-para-saude-em-oito-municipios-de-ms\/#primaryimage"},"thumbnailUrl":"https:\/\/vanderloubet.com.br\/deputado\/wp-content\/uploads\/2016\/06\/foto-2016-06-30-saude.jpg","keywords":["emenda parlamentar","sa\u00fade"],"articleSection":["Munic\u00edpios","Not\u00edcias"],"inLanguage":"pt-BR"},{"@type":"WebPage","@id":"https:\/\/vanderloubet.com.br\/deputado\/vander-consegue-liberacao-de-8-milhoes-para-saude-em-oito-municipios-de-ms\/","url":"https:\/\/vanderloubet.com.br\/deputado\/vander-consegue-liberacao-de-8-milhoes-para-saude-em-oito-municipios-de-ms\/","name":"Vander consegue libera\u00e7\u00e3o de R$ 8,1 milh\u00f5es para sa\u00fade em oito munic\u00edpios de MS","isPartOf":{"@id":"https:\/\/vanderloubet.com.br\/deputado\/#website"},"primaryImageOfPage":{"@id":"https:\/\/vanderloubet.com.br\/deputado\/vander-consegue-liberacao-de-8-milhoes-para-saude-em-oito-municipios-de-ms\/#primaryimage"},"image":{"@id":"https:\/\/vanderloubet.com.br\/deputado\/vander-consegue-liberacao-de-8-milhoes-para-saude-em-oito-municipios-de-ms\/#primaryimage"},"thumbnailUrl":"https:\/\/vanderloubet.com.br\/deputado\/wp-content\/uploads\/2016\/06\/foto-2016-06-30-saude.jpg","datePublished":"2019-08-28T20:46:12+00:00","description":"Recursos s\u00e3o oriundos de emendas parlamentares e beneficiam Amambai, Anast\u00e1cio, Aquidauana, Aral Moreira, Caarap\u00f3, Coxim, Paranhos e Sidrol\u00e2ndia.","breadcrumb":{"@id":"https:\/\/vanderloubet.com.br\/deputado\/vander-consegue-liberacao-de-8-milhoes-para-saude-em-oito-municipios-de-ms\/#breadcrumb"},"inLanguage":"pt-BR","potentialAction":[{"@type":"ReadAction","target":["https:\/\/vanderloubet.com.br\/deputado\/vander-consegue-liberacao-de-8-milhoes-para-saude-em-oito-municipios-de-ms\/"]}]},{"@type":"ImageObject","inLanguage":"pt-BR","@id":"https:\/\/vanderloubet.com.br\/deputado\/vander-consegue-liberacao-de-8-milhoes-para-saude-em-oito-municipios-de-ms\/#primaryimage","url":"https:\/\/vanderloubet.com.br\/deputado\/wp-content\/uploads\/2016\/06\/foto-2016-06-30-saude.jpg","contentUrl":"https:\/\/vanderloubet.com.br\/deputado\/wp-content\/uploads\/2016\/06\/foto-2016-06-30-saude.jpg","width":960,"height":640,"caption":"Recursos ser\u00e3o usados pelas prefeituras para custeio em sa\u00fade"},{"@type":"BreadcrumbList","@id":"https:\/\/vanderloubet.com.br\/deputado\/vander-consegue-liberacao-de-8-milhoes-para-saude-em-oito-municipios-de-ms\/#breadcrumb","itemListElement":[{"@type":"ListItem","position":1,"name":"In\u00edcio","item":"https:\/\/vanderloubet.com.br\/deputado\/"},{"@type":"ListItem","position":2,"name":"Vander consegue libera\u00e7\u00e3o de R$ 8,1 milh\u00f5es para sa\u00fade em oito munic\u00edpios de MS"}]},{"@type":"WebSite","@id":"https:\/\/vanderloubet.com.br\/deputado\/#website","url":"https:\/\/vanderloubet.com.br\/deputado\/","name":"Deputado Federal Vander Loubet","description":"O Federal de MS","publisher":{"@id":"https:\/\/vanderloubet.com.br\/deputado\/#organization"},"alternateName":"Deputado Vander","potentialAction":[{"@type":"SearchAction","target":{"@type":"EntryPoint","urlTemplate":"https:\/\/vanderloubet.com.br\/deputado\/?s={search_term_string}"},"query-input":{"@type":"PropertyValueSpecification","valueRequired":true,"valueName":"search_term_string"}}],"inLanguage":"pt-BR"},{"@type":"Organization","@id":"https:\/\/vanderloubet.com.br\/deputado\/#organization","name":"Deputado Federal Vander Loubet","alternateName":"Deputado Vander","url":"https:\/\/vanderloubet.com.br\/deputado\/","logo":{"@type":"ImageObject","inLanguage":"pt-BR","@id":"https:\/\/vanderloubet.com.br\/deputado\/#\/schema\/logo\/image\/","url":"https:\/\/vanderloubet.com.br\/deputado\/wp-content\/uploads\/2023\/06\/foto-2023-06-19-mandato-deputado-vander.jpg","contentUrl":"https:\/\/vanderloubet.com.br\/deputado\/wp-content\/uploads\/2023\/06\/foto-2023-06-19-mandato-deputado-vander.jpg","width":1080,"height":1080,"caption":"Deputado Federal Vander Loubet"},"image":{"@id":"https:\/\/vanderloubet.com.br\/deputado\/#\/schema\/logo\/image\/"},"sameAs":["https:\/\/facebook.com\/deputadovander","https:\/\/x.com\/vanderloubet","https:\/\/instagram.com\/vanderloubet","https:\/\/youtube.com\/vanderloubet","https:\/\/tiktok.com\/@vanderloubetms"]},{"@type":"Person","@id":"https:\/\/vanderloubet.com.br\/deputado\/#\/schema\/person\/15b51bd564532a8a68d9dec1b8eb890e","name":"\u00c9der","image":{"@type":"ImageObject","inLanguage":"pt-BR","@id":"https:\/\/vanderloubet.com.br\/deputado\/wp-content\/litespeed\/avatar\/88ca4090d9d5ab1c9495f6ca03b68efa.jpg?ver=1777058957","url":"https:\/\/vanderloubet.com.br\/deputado\/wp-content\/litespeed\/avatar\/88ca4090d9d5ab1c9495f6ca03b68efa.jpg?ver=1777058957","contentUrl":"https:\/\/vanderloubet.com.br\/deputado\/wp-content\/litespeed\/avatar\/88ca4090d9d5ab1c9495f6ca03b68efa.jpg?ver=1777058957","caption":"\u00c9der"}}]}},"jetpack_featured_media_url":"https:\/\/vanderloubet.com.br\/deputado\/wp-content\/uploads\/2016\/06\/foto-2016-06-30-saude.jpg","jetpack_sharing_enabled":true,"_links":{"self":[{"href":"https:\/\/vanderloubet.com.br\/deputado\/wp-json\/wp\/v2\/posts\/15825","targetHints":{"allow":["GET"]}}],"collection":[{"href":"https:\/\/vanderloubet.com.br\/deputado\/wp-json\/wp\/v2\/posts"}],"about":[{"href":"https:\/\/vanderloubet.com.br\/deputado\/wp-json\/wp\/v2\/types\/post"}],"author":[{"embeddable":true,"href":"https:\/\/vanderloubet.com.br\/deputado\/wp-json\/wp\/v2\/users\/2"}],"replies":[{"embeddable":true,"href":"https:\/\/vanderloubet.com.br\/deputado\/wp-json\/wp\/v2\/comments?post=15825"}],"version-history":[{"count":0,"href":"https:\/\/vanderloubet.com.br\/deputado\/wp-json\/wp\/v2\/posts\/15825\/revisions"}],"wp:featuredmedia":[{"embeddable":true,"href":"https:\/\/vanderloubet.com.br\/deputado\/wp-json\/wp\/v2\/media\/11469"}],"wp:attachment":[{"href":"https:\/\/vanderloubet.com.br\/deputado\/wp-json\/wp\/v2\/media?parent=15825"}],"wp:term":[{"taxonomy":"category","embeddable":true,"href":"https:\/\/vanderloubet.com.br\/deputado\/wp-json\/wp\/v2\/categories?post=15825"},{"taxonomy":"post_tag","embeddable":true,"href":"https:\/\/vanderloubet.com.br\/deputado\/wp-json\/wp\/v2\/tags?post=15825"}],"curies":[{"name":"wp","href":"https:\/\/api.w.org\/{rel}","templated":true}]}}