{"id":15784,"date":"2019-08-13T08:00:52","date_gmt":"2019-08-13T12:00:52","guid":{"rendered":"http:\/\/vanderloubet.com.br\/deputado\/?p=15784"},"modified":"2019-08-14T10:00:45","modified_gmt":"2019-08-14T14:00:45","slug":"eldorado-recebe-retroescavadeira-viabilizada-pelo-deputado-vander","status":"publish","type":"post","link":"https:\/\/vanderloubet.com.br\/deputado\/eldorado-recebe-retroescavadeira-viabilizada-pelo-deputado-vander\/","title":{"rendered":"Eldorado recebe retroescavadeira viabilizada pelo deputado Vander"},"content":{"rendered":"<p>J\u00e1 est\u00e1 em Eldorado a retroescavadeira adquirida pela administra\u00e7\u00e3o do prefeito L\u00e9o Aguinaldo dos Santos e da vice-prefeita Fabiana Lorenci com recursos viabilizados pelo deputado federal Vander Loubet junto \u00e0 Superintend\u00eancia de Desenvolvimento do Centro-Oeste (Sudeco). <\/p>\n<p>A m\u00e1quina est\u00e1 avaliada em R$ 220 mil &#8211; sendo R$ 200 mil de recursos viabilizados por Vander e R$ 20 mil de contrapartida da Prefeitura de Eldorado. Por ser vers\u00e1til, a retroescavadeira pode ser utilizada tanto em servi\u00e7os de recupera\u00e7\u00e3o e manuten\u00e7\u00e3o de estradas vicinais quanto em obras de vias p\u00fablicas urbanas.<\/p>\n<p><em>(\u00c9der F. Yanaguita &#8211; Ascom\/Dep. Vander Loubet)<\/em><\/p>\n\r\n                <style type=\"text\/css\">\r\n                    \r\n                    #tdi_1  .td-doubleSlider-2 .td-item1 {\r\n                        background: url(https:\/\/vanderloubet.com.br\/deputado\/wp-content\/uploads\/2019\/08\/foto-2019-08-13-retroescavadeira-eldorado-4-80x60.jpg) 0 0 no-repeat;\r\n                    }\r\n                    #tdi_1  .td-doubleSlider-2 .td-item2 {\r\n                        background: url(https:\/\/vanderloubet.com.br\/deputado\/wp-content\/uploads\/2019\/08\/foto-2019-08-13-retroescavadeira-eldorado-1-80x60.jpg) 0 0 no-repeat;\r\n                    }\r\n                    #tdi_1  .td-doubleSlider-2 .td-item3 {\r\n                        background: url(https:\/\/vanderloubet.com.br\/deputado\/wp-content\/uploads\/2019\/08\/foto-2019-08-13-retroescavadeira-eldorado-2-80x60.jpg) 0 0 no-repeat;\r\n                    }\r\n                    #tdi_1  .td-doubleSlider-2 .td-item4 {\r\n                        background: url(https:\/\/vanderloubet.com.br\/deputado\/wp-content\/uploads\/2019\/08\/foto-2019-08-13-retroescavadeira-eldorado-3-80x60.jpg) 0 0 no-repeat;\r\n                    }\r\n                <\/style>\r\n\r\n                <div id=\"tdi_1\" class=\"td-gallery td-slide-on-2-columns\">\r\n                    <div class=\"post_td_gallery\">\r\n                        <div class=\"td-gallery-slide-top\">\r\n                           <div class=\"td-gallery-title\"><\/div>\r\n\r\n                            <div class=\"td-gallery-controls-wrapper\">\r\n                                <div class=\"td-gallery-slide-count\"><span class=\"td-gallery-slide-item-focus\">1<\/span> de 4<\/div>\r\n                                <div class=\"td-gallery-slide-prev-next-but\">\r\n                                    <i class = \"td-icon-left doubleSliderPrevButton\"><\/i>\r\n                                    <i class = \"td-icon-right doubleSliderNextButton\"><\/i>\r\n                                <\/div>\r\n                            <\/div>\r\n                        <\/div>\r\n\r\n                        <div class = \"td-doubleSlider-1 \">\r\n                            <div class = \"td-slider\">\r\n                                \r\n                    <div class = \"td-slide-item td-item1\">\r\n                        <figure class=\"td-slide-galery-figure td-slide-popup-gallery\">\r\n                            <a class=\"slide-gallery-image-link\" href=\"https:\/\/vanderloubet.com.br\/deputado\/wp-content\/uploads\/2019\/08\/foto-2019-08-13-retroescavadeira-eldorado-4.jpg\" title=\"Retroescavadeira \u00e9 maquin\u00e1rio essencial para recupera\u00e7\u00e3o e manuten\u00e7\u00e3o de estradas vicinais\"  data-caption=\"\"  data-description=\"Retroescavadeira &eacute; maquin&aacute;rio essencial para recupera&ccedil;&atilde;o e manuten&ccedil;&atilde;o de estradas vicinais\">\r\n                                <img decoding=\"async\" src=\"https:\/\/vanderloubet.com.br\/deputado\/wp-content\/uploads\/2019\/08\/foto-2019-08-13-retroescavadeira-eldorado-4-747x420.jpg\" srcset=\"https:\/\/vanderloubet.com.br\/deputado\/wp-content\/uploads\/2019\/08\/foto-2019-08-13-retroescavadeira-eldorado-4-747x420.jpg 747w, https:\/\/vanderloubet.com.br\/deputado\/wp-content\/uploads\/2019\/08\/foto-2019-08-13-retroescavadeira-eldorado-4-350x197.jpg 350w, https:\/\/vanderloubet.com.br\/deputado\/wp-content\/uploads\/2019\/08\/foto-2019-08-13-retroescavadeira-eldorado-4-768x432.jpg 768w, https:\/\/vanderloubet.com.br\/deputado\/wp-content\/uploads\/2019\/08\/foto-2019-08-13-retroescavadeira-eldorado-4-700x394.jpg 700w, https:\/\/vanderloubet.com.br\/deputado\/wp-content\/uploads\/2019\/08\/foto-2019-08-13-retroescavadeira-eldorado-4-696x392.jpg 696w, https:\/\/vanderloubet.com.br\/deputado\/wp-content\/uploads\/2019\/08\/foto-2019-08-13-retroescavadeira-eldorado-4.jpg 960w\" sizes=\"(max-width: 747px) 100vw, 747px\" alt=\"Retroescavadeira &eacute; maquin&aacute;rio essencial para recupera&ccedil;&atilde;o e manuten&ccedil;&atilde;o de estradas vicinais\">\r\n                            <\/a>\r\n                            <figcaption class = \"td-slide-caption td-gallery-slide-content\"><span>Retroescavadeira \u00e9 maquin\u00e1rio essencial para recupera\u00e7\u00e3o e manuten\u00e7\u00e3o de estradas vicinais<\/span><\/figcaption>\r\n                        <\/figure>\r\n                    <\/div>\r\n                    <div class = \"td-slide-item td-item2\">\r\n                        <figure class=\"td-slide-galery-figure td-slide-popup-gallery\">\r\n                            <a class=\"slide-gallery-image-link\" href=\"https:\/\/vanderloubet.com.br\/deputado\/wp-content\/uploads\/2019\/08\/foto-2019-08-13-retroescavadeira-eldorado-1.jpg\" title=\"Retroescavadeira viabilizada por Vander j\u00e1 chegou em Eldorado\"  data-caption=\"\"  data-description=\"Retroescavadeira viabilizada por Vander j&aacute; chegou em Eldorado\">\r\n                                <img decoding=\"async\" src=\"https:\/\/vanderloubet.com.br\/deputado\/wp-content\/uploads\/2019\/08\/foto-2019-08-13-retroescavadeira-eldorado-1-747x420.jpg\" srcset=\"https:\/\/vanderloubet.com.br\/deputado\/wp-content\/uploads\/2019\/08\/foto-2019-08-13-retroescavadeira-eldorado-1-747x420.jpg 747w, https:\/\/vanderloubet.com.br\/deputado\/wp-content\/uploads\/2019\/08\/foto-2019-08-13-retroescavadeira-eldorado-1-350x197.jpg 350w, https:\/\/vanderloubet.com.br\/deputado\/wp-content\/uploads\/2019\/08\/foto-2019-08-13-retroescavadeira-eldorado-1-768x432.jpg 768w, https:\/\/vanderloubet.com.br\/deputado\/wp-content\/uploads\/2019\/08\/foto-2019-08-13-retroescavadeira-eldorado-1-700x394.jpg 700w, https:\/\/vanderloubet.com.br\/deputado\/wp-content\/uploads\/2019\/08\/foto-2019-08-13-retroescavadeira-eldorado-1-696x392.jpg 696w, https:\/\/vanderloubet.com.br\/deputado\/wp-content\/uploads\/2019\/08\/foto-2019-08-13-retroescavadeira-eldorado-1.jpg 960w\" sizes=\"(max-width: 747px) 100vw, 747px\" alt=\"Retroescavadeira viabilizada por Vander j&aacute; chegou em Eldorado\">\r\n                            <\/a>\r\n                            <figcaption class = \"td-slide-caption td-gallery-slide-content\"><span>Retroescavadeira viabilizada por Vander j\u00e1 chegou em Eldorado<\/span><\/figcaption>\r\n                        <\/figure>\r\n                    <\/div>\r\n                    <div class = \"td-slide-item td-item3\">\r\n                        <figure class=\"td-slide-galery-figure td-slide-popup-gallery\">\r\n                            <a class=\"slide-gallery-image-link\" href=\"https:\/\/vanderloubet.com.br\/deputado\/wp-content\/uploads\/2019\/08\/foto-2019-08-13-retroescavadeira-eldorado-2.jpg\" title=\"Retroescavadeira viabilizada por Vander j\u00e1 chegou em Eldorado\"  data-caption=\"\"  data-description=\"Retroescavadeira viabilizada por Vander j&aacute; chegou em Eldorado\">\r\n                                <img decoding=\"async\" src=\"https:\/\/vanderloubet.com.br\/deputado\/wp-content\/uploads\/2019\/08\/foto-2019-08-13-retroescavadeira-eldorado-2-747x420.jpg\" srcset=\"https:\/\/vanderloubet.com.br\/deputado\/wp-content\/uploads\/2019\/08\/foto-2019-08-13-retroescavadeira-eldorado-2-747x420.jpg 747w, https:\/\/vanderloubet.com.br\/deputado\/wp-content\/uploads\/2019\/08\/foto-2019-08-13-retroescavadeira-eldorado-2-350x197.jpg 350w, https:\/\/vanderloubet.com.br\/deputado\/wp-content\/uploads\/2019\/08\/foto-2019-08-13-retroescavadeira-eldorado-2-768x432.jpg 768w, https:\/\/vanderloubet.com.br\/deputado\/wp-content\/uploads\/2019\/08\/foto-2019-08-13-retroescavadeira-eldorado-2-700x394.jpg 700w, https:\/\/vanderloubet.com.br\/deputado\/wp-content\/uploads\/2019\/08\/foto-2019-08-13-retroescavadeira-eldorado-2-696x392.jpg 696w, https:\/\/vanderloubet.com.br\/deputado\/wp-content\/uploads\/2019\/08\/foto-2019-08-13-retroescavadeira-eldorado-2.jpg 960w\" sizes=\"(max-width: 747px) 100vw, 747px\" alt=\"Retroescavadeira viabilizada por Vander j&aacute; chegou em Eldorado\">\r\n                            <\/a>\r\n                            <figcaption class = \"td-slide-caption td-gallery-slide-content\"><span>Retroescavadeira viabilizada por Vander j\u00e1 chegou em Eldorado<\/span><\/figcaption>\r\n                        <\/figure>\r\n                    <\/div>\r\n                    <div class = \"td-slide-item td-item4\">\r\n                        <figure class=\"td-slide-galery-figure td-slide-popup-gallery\">\r\n                            <a class=\"slide-gallery-image-link\" href=\"https:\/\/vanderloubet.com.br\/deputado\/wp-content\/uploads\/2019\/08\/foto-2019-08-13-retroescavadeira-eldorado-3.jpg\" title=\"Retroescavadeira viabilizada por Vander j\u00e1 chegou em Eldorado\"  data-caption=\"\"  data-description=\"Retroescavadeira viabilizada por Vander j&aacute; chegou em Eldorado\">\r\n                                <img decoding=\"async\" src=\"https:\/\/vanderloubet.com.br\/deputado\/wp-content\/uploads\/2019\/08\/foto-2019-08-13-retroescavadeira-eldorado-3-747x420.jpg\" srcset=\"https:\/\/vanderloubet.com.br\/deputado\/wp-content\/uploads\/2019\/08\/foto-2019-08-13-retroescavadeira-eldorado-3-747x420.jpg 747w, https:\/\/vanderloubet.com.br\/deputado\/wp-content\/uploads\/2019\/08\/foto-2019-08-13-retroescavadeira-eldorado-3-350x197.jpg 350w, https:\/\/vanderloubet.com.br\/deputado\/wp-content\/uploads\/2019\/08\/foto-2019-08-13-retroescavadeira-eldorado-3-768x432.jpg 768w, https:\/\/vanderloubet.com.br\/deputado\/wp-content\/uploads\/2019\/08\/foto-2019-08-13-retroescavadeira-eldorado-3-700x394.jpg 700w, https:\/\/vanderloubet.com.br\/deputado\/wp-content\/uploads\/2019\/08\/foto-2019-08-13-retroescavadeira-eldorado-3-696x392.jpg 696w, https:\/\/vanderloubet.com.br\/deputado\/wp-content\/uploads\/2019\/08\/foto-2019-08-13-retroescavadeira-eldorado-3.jpg 960w\" sizes=\"(max-width: 747px) 100vw, 747px\" alt=\"Retroescavadeira viabilizada por Vander j&aacute; chegou em Eldorado\">\r\n                            <\/a>\r\n                            <figcaption class = \"td-slide-caption td-gallery-slide-content\"><span>Retroescavadeira viabilizada por Vander j\u00e1 chegou em Eldorado<\/span><\/figcaption>\r\n                        <\/figure>\r\n                    <\/div>\r\n                            <\/div>\r\n                        <\/div>\r\n\r\n                        <div class = \"td-doubleSlider-2\">\r\n                            <div class = \"td-slider\">\r\n                                \r\n                    <div class = \"td-button td-item1\">\r\n                        <div class = \"td-border\"><\/div>\r\n                    <\/div>\r\n                    <div class = \"td-button td-item2\">\r\n                        <div class = \"td-border\"><\/div>\r\n                    <\/div>\r\n                    <div class = \"td-button td-item3\">\r\n                        <div class = \"td-border\"><\/div>\r\n                    <\/div>\r\n                    <div class = \"td-button td-item4\">\r\n                        <div class = \"td-border\"><\/div>\r\n                    <\/div>\r\n                            <\/div>\r\n                        <\/div>\r\n\r\n                    <\/div>\r\n\r\n                <\/div>\r\n                \n","protected":false},"excerpt":{"rendered":"<p>M\u00e1quina est\u00e1 avaliada em R$ 220 mil (R$ 200 mil de recursos viabilizados por Vander e R$ 20 mil de contrapartida da Prefeitura).<\/p>\n","protected":false},"author":2,"featured_media":15786,"comment_status":"closed","ping_status":"closed","sticky":false,"template":"","format":"standard","meta":{"jetpack_post_was_ever_published":false,"_jetpack_newsletter_access":"","_jetpack_dont_email_post_to_subs":false,"_jetpack_newsletter_tier_id":0,"_jetpack_memberships_contains_paywalled_content":false,"_jetpack_memberships_contains_paid_content":false,"footnotes":""},"categories":[2097,10],"tags":[2132,73,2127],"class_list":{"0":"post-15784","1":"post","2":"type-post","3":"status-publish","4":"format-standard","5":"has-post-thumbnail","7":"category-municipios-noticias","8":"category-noticias","9":"tag-agricultura-familiar","10":"tag-agronegocio","11":"tag-emenda-parlamentar"},"yoast_head":"<!-- This site is optimized with the Yoast SEO plugin v27.4 - https:\/\/yoast.com\/product\/yoast-seo-wordpress\/ -->\n<title>Eldorado recebe retroescavadeira viabilizada pelo deputado Vander<\/title>\n<meta name=\"description\" content=\"M\u00e1quina est\u00e1 avaliada em R$ 220 mil (R$ 200 mil de recursos viabilizados por Vander e R$ 20 mil de contrapartida da Prefeitura).\" \/>\n<meta name=\"robots\" content=\"index, follow, max-snippet:-1, max-image-preview:large, max-video-preview:-1\" \/>\n<link rel=\"canonical\" href=\"https:\/\/vanderloubet.com.br\/deputado\/eldorado-recebe-retroescavadeira-viabilizada-pelo-deputado-vander\/\" \/>\n<meta property=\"og:locale\" content=\"pt_BR\" \/>\n<meta property=\"og:type\" content=\"article\" \/>\n<meta property=\"og:title\" content=\"Eldorado recebe retroescavadeira viabilizada pelo deputado Vander\" \/>\n<meta property=\"og:description\" content=\"M\u00e1quina est\u00e1 avaliada em R$ 220 mil (R$ 200 mil de recursos viabilizados por Vander e R$ 20 mil de contrapartida da Prefeitura).\" \/>\n<meta property=\"og:url\" content=\"https:\/\/vanderloubet.com.br\/deputado\/eldorado-recebe-retroescavadeira-viabilizada-pelo-deputado-vander\/\" \/>\n<meta property=\"og:site_name\" content=\"Deputado Federal Vander Loubet\" \/>\n<meta property=\"article:publisher\" content=\"https:\/\/facebook.com\/deputadovander\" \/>\n<meta property=\"article:published_time\" content=\"2019-08-13T12:00:52+00:00\" \/>\n<meta property=\"article:modified_time\" content=\"2019-08-14T14:00:45+00:00\" \/>\n<meta property=\"og:image\" content=\"https:\/\/vanderloubet.com.br\/deputado\/wp-content\/uploads\/2019\/08\/foto-2019-08-13-retroescavadeira-eldorado-2.jpg\" \/>\n\t<meta property=\"og:image:width\" content=\"960\" \/>\n\t<meta property=\"og:image:height\" content=\"540\" \/>\n\t<meta property=\"og:image:type\" content=\"image\/jpeg\" \/>\n<meta name=\"author\" content=\"\u00c9der\" \/>\n<meta name=\"twitter:card\" content=\"summary_large_image\" \/>\n<meta name=\"twitter:creator\" content=\"@vanderloubet\" \/>\n<meta name=\"twitter:site\" content=\"@vanderloubet\" \/>\n<script type=\"application\/ld+json\" class=\"yoast-schema-graph\">{\"@context\":\"https:\\\/\\\/schema.org\",\"@graph\":[{\"@type\":\"Article\",\"@id\":\"https:\\\/\\\/vanderloubet.com.br\\\/deputado\\\/eldorado-recebe-retroescavadeira-viabilizada-pelo-deputado-vander\\\/#article\",\"isPartOf\":{\"@id\":\"https:\\\/\\\/vanderloubet.com.br\\\/deputado\\\/eldorado-recebe-retroescavadeira-viabilizada-pelo-deputado-vander\\\/\"},\"author\":{\"name\":\"\u00c9der\",\"@id\":\"https:\\\/\\\/vanderloubet.com.br\\\/deputado\\\/#\\\/schema\\\/person\\\/15b51bd564532a8a68d9dec1b8eb890e\"},\"headline\":\"Eldorado recebe retroescavadeira viabilizada pelo deputado Vander\",\"datePublished\":\"2019-08-13T12:00:52+00:00\",\"dateModified\":\"2019-08-14T14:00:45+00:00\",\"mainEntityOfPage\":{\"@id\":\"https:\\\/\\\/vanderloubet.com.br\\\/deputado\\\/eldorado-recebe-retroescavadeira-viabilizada-pelo-deputado-vander\\\/\"},\"wordCount\":118,\"publisher\":{\"@id\":\"https:\\\/\\\/vanderloubet.com.br\\\/deputado\\\/#organization\"},\"image\":{\"@id\":\"https:\\\/\\\/vanderloubet.com.br\\\/deputado\\\/eldorado-recebe-retroescavadeira-viabilizada-pelo-deputado-vander\\\/#primaryimage\"},\"thumbnailUrl\":\"https:\\\/\\\/vanderloubet.com.br\\\/deputado\\\/wp-content\\\/uploads\\\/2019\\\/08\\\/foto-2019-08-13-retroescavadeira-eldorado-2.jpg\",\"keywords\":[\"agricultura familiar\",\"agroneg\u00f3cio\",\"emenda parlamentar\"],\"articleSection\":[\"Munic\u00edpios\",\"Not\u00edcias\"],\"inLanguage\":\"pt-BR\"},{\"@type\":\"WebPage\",\"@id\":\"https:\\\/\\\/vanderloubet.com.br\\\/deputado\\\/eldorado-recebe-retroescavadeira-viabilizada-pelo-deputado-vander\\\/\",\"url\":\"https:\\\/\\\/vanderloubet.com.br\\\/deputado\\\/eldorado-recebe-retroescavadeira-viabilizada-pelo-deputado-vander\\\/\",\"name\":\"Eldorado recebe retroescavadeira viabilizada pelo deputado Vander\",\"isPartOf\":{\"@id\":\"https:\\\/\\\/vanderloubet.com.br\\\/deputado\\\/#website\"},\"primaryImageOfPage\":{\"@id\":\"https:\\\/\\\/vanderloubet.com.br\\\/deputado\\\/eldorado-recebe-retroescavadeira-viabilizada-pelo-deputado-vander\\\/#primaryimage\"},\"image\":{\"@id\":\"https:\\\/\\\/vanderloubet.com.br\\\/deputado\\\/eldorado-recebe-retroescavadeira-viabilizada-pelo-deputado-vander\\\/#primaryimage\"},\"thumbnailUrl\":\"https:\\\/\\\/vanderloubet.com.br\\\/deputado\\\/wp-content\\\/uploads\\\/2019\\\/08\\\/foto-2019-08-13-retroescavadeira-eldorado-2.jpg\",\"datePublished\":\"2019-08-13T12:00:52+00:00\",\"dateModified\":\"2019-08-14T14:00:45+00:00\",\"description\":\"M\u00e1quina est\u00e1 avaliada em R$ 220 mil (R$ 200 mil de recursos viabilizados por Vander e R$ 20 mil de contrapartida da Prefeitura).\",\"breadcrumb\":{\"@id\":\"https:\\\/\\\/vanderloubet.com.br\\\/deputado\\\/eldorado-recebe-retroescavadeira-viabilizada-pelo-deputado-vander\\\/#breadcrumb\"},\"inLanguage\":\"pt-BR\",\"potentialAction\":[{\"@type\":\"ReadAction\",\"target\":[\"https:\\\/\\\/vanderloubet.com.br\\\/deputado\\\/eldorado-recebe-retroescavadeira-viabilizada-pelo-deputado-vander\\\/\"]}]},{\"@type\":\"ImageObject\",\"inLanguage\":\"pt-BR\",\"@id\":\"https:\\\/\\\/vanderloubet.com.br\\\/deputado\\\/eldorado-recebe-retroescavadeira-viabilizada-pelo-deputado-vander\\\/#primaryimage\",\"url\":\"https:\\\/\\\/vanderloubet.com.br\\\/deputado\\\/wp-content\\\/uploads\\\/2019\\\/08\\\/foto-2019-08-13-retroescavadeira-eldorado-2.jpg\",\"contentUrl\":\"https:\\\/\\\/vanderloubet.com.br\\\/deputado\\\/wp-content\\\/uploads\\\/2019\\\/08\\\/foto-2019-08-13-retroescavadeira-eldorado-2.jpg\",\"width\":960,\"height\":540,\"caption\":\"Retroescavadeira viabilizada por Vander j\u00e1 chegou em Eldorado\"},{\"@type\":\"BreadcrumbList\",\"@id\":\"https:\\\/\\\/vanderloubet.com.br\\\/deputado\\\/eldorado-recebe-retroescavadeira-viabilizada-pelo-deputado-vander\\\/#breadcrumb\",\"itemListElement\":[{\"@type\":\"ListItem\",\"position\":1,\"name\":\"In\u00edcio\",\"item\":\"https:\\\/\\\/vanderloubet.com.br\\\/deputado\\\/\"},{\"@type\":\"ListItem\",\"position\":2,\"name\":\"Eldorado recebe retroescavadeira viabilizada pelo deputado Vander\"}]},{\"@type\":\"WebSite\",\"@id\":\"https:\\\/\\\/vanderloubet.com.br\\\/deputado\\\/#website\",\"url\":\"https:\\\/\\\/vanderloubet.com.br\\\/deputado\\\/\",\"name\":\"Deputado Federal Vander Loubet\",\"description\":\"O Federal de MS\",\"publisher\":{\"@id\":\"https:\\\/\\\/vanderloubet.com.br\\\/deputado\\\/#organization\"},\"alternateName\":\"Deputado Vander\",\"potentialAction\":[{\"@type\":\"SearchAction\",\"target\":{\"@type\":\"EntryPoint\",\"urlTemplate\":\"https:\\\/\\\/vanderloubet.com.br\\\/deputado\\\/?s={search_term_string}\"},\"query-input\":{\"@type\":\"PropertyValueSpecification\",\"valueRequired\":true,\"valueName\":\"search_term_string\"}}],\"inLanguage\":\"pt-BR\"},{\"@type\":\"Organization\",\"@id\":\"https:\\\/\\\/vanderloubet.com.br\\\/deputado\\\/#organization\",\"name\":\"Deputado Federal Vander Loubet\",\"alternateName\":\"Deputado Vander\",\"url\":\"https:\\\/\\\/vanderloubet.com.br\\\/deputado\\\/\",\"logo\":{\"@type\":\"ImageObject\",\"inLanguage\":\"pt-BR\",\"@id\":\"https:\\\/\\\/vanderloubet.com.br\\\/deputado\\\/#\\\/schema\\\/logo\\\/image\\\/\",\"url\":\"https:\\\/\\\/vanderloubet.com.br\\\/deputado\\\/wp-content\\\/uploads\\\/2023\\\/06\\\/foto-2023-06-19-mandato-deputado-vander.jpg\",\"contentUrl\":\"https:\\\/\\\/vanderloubet.com.br\\\/deputado\\\/wp-content\\\/uploads\\\/2023\\\/06\\\/foto-2023-06-19-mandato-deputado-vander.jpg\",\"width\":1080,\"height\":1080,\"caption\":\"Deputado Federal Vander Loubet\"},\"image\":{\"@id\":\"https:\\\/\\\/vanderloubet.com.br\\\/deputado\\\/#\\\/schema\\\/logo\\\/image\\\/\"},\"sameAs\":[\"https:\\\/\\\/facebook.com\\\/deputadovander\",\"https:\\\/\\\/x.com\\\/vanderloubet\",\"https:\\\/\\\/instagram.com\\\/vanderloubet\",\"https:\\\/\\\/youtube.com\\\/vanderloubet\",\"https:\\\/\\\/tiktok.com\\\/@vanderloubetms\"]},{\"@type\":\"Person\",\"@id\":\"https:\\\/\\\/vanderloubet.com.br\\\/deputado\\\/#\\\/schema\\\/person\\\/15b51bd564532a8a68d9dec1b8eb890e\",\"name\":\"\u00c9der\",\"image\":{\"@type\":\"ImageObject\",\"inLanguage\":\"pt-BR\",\"@id\":\"https:\\\/\\\/vanderloubet.com.br\\\/deputado\\\/wp-content\\\/litespeed\\\/avatar\\\/88ca4090d9d5ab1c9495f6ca03b68efa.jpg?ver=1777058957\",\"url\":\"https:\\\/\\\/vanderloubet.com.br\\\/deputado\\\/wp-content\\\/litespeed\\\/avatar\\\/88ca4090d9d5ab1c9495f6ca03b68efa.jpg?ver=1777058957\",\"contentUrl\":\"https:\\\/\\\/vanderloubet.com.br\\\/deputado\\\/wp-content\\\/litespeed\\\/avatar\\\/88ca4090d9d5ab1c9495f6ca03b68efa.jpg?ver=1777058957\",\"caption\":\"\u00c9der\"}}]}<\/script>\n<!-- \/ Yoast SEO plugin. -->","yoast_head_json":{"title":"Eldorado recebe retroescavadeira viabilizada pelo deputado Vander","description":"M\u00e1quina est\u00e1 avaliada em R$ 220 mil (R$ 200 mil de recursos viabilizados por Vander e R$ 20 mil de contrapartida da Prefeitura).","robots":{"index":"index","follow":"follow","max-snippet":"max-snippet:-1","max-image-preview":"max-image-preview:large","max-video-preview":"max-video-preview:-1"},"canonical":"https:\/\/vanderloubet.com.br\/deputado\/eldorado-recebe-retroescavadeira-viabilizada-pelo-deputado-vander\/","og_locale":"pt_BR","og_type":"article","og_title":"Eldorado recebe retroescavadeira viabilizada pelo deputado Vander","og_description":"M\u00e1quina est\u00e1 avaliada em R$ 220 mil (R$ 200 mil de recursos viabilizados por Vander e R$ 20 mil de contrapartida da Prefeitura).","og_url":"https:\/\/vanderloubet.com.br\/deputado\/eldorado-recebe-retroescavadeira-viabilizada-pelo-deputado-vander\/","og_site_name":"Deputado Federal Vander Loubet","article_publisher":"https:\/\/facebook.com\/deputadovander","article_published_time":"2019-08-13T12:00:52+00:00","article_modified_time":"2019-08-14T14:00:45+00:00","og_image":[{"width":960,"height":540,"url":"https:\/\/vanderloubet.com.br\/deputado\/wp-content\/uploads\/2019\/08\/foto-2019-08-13-retroescavadeira-eldorado-2.jpg","type":"image\/jpeg"}],"author":"\u00c9der","twitter_card":"summary_large_image","twitter_creator":"@vanderloubet","twitter_site":"@vanderloubet","schema":{"@context":"https:\/\/schema.org","@graph":[{"@type":"Article","@id":"https:\/\/vanderloubet.com.br\/deputado\/eldorado-recebe-retroescavadeira-viabilizada-pelo-deputado-vander\/#article","isPartOf":{"@id":"https:\/\/vanderloubet.com.br\/deputado\/eldorado-recebe-retroescavadeira-viabilizada-pelo-deputado-vander\/"},"author":{"name":"\u00c9der","@id":"https:\/\/vanderloubet.com.br\/deputado\/#\/schema\/person\/15b51bd564532a8a68d9dec1b8eb890e"},"headline":"Eldorado recebe retroescavadeira viabilizada pelo deputado Vander","datePublished":"2019-08-13T12:00:52+00:00","dateModified":"2019-08-14T14:00:45+00:00","mainEntityOfPage":{"@id":"https:\/\/vanderloubet.com.br\/deputado\/eldorado-recebe-retroescavadeira-viabilizada-pelo-deputado-vander\/"},"wordCount":118,"publisher":{"@id":"https:\/\/vanderloubet.com.br\/deputado\/#organization"},"image":{"@id":"https:\/\/vanderloubet.com.br\/deputado\/eldorado-recebe-retroescavadeira-viabilizada-pelo-deputado-vander\/#primaryimage"},"thumbnailUrl":"https:\/\/vanderloubet.com.br\/deputado\/wp-content\/uploads\/2019\/08\/foto-2019-08-13-retroescavadeira-eldorado-2.jpg","keywords":["agricultura familiar","agroneg\u00f3cio","emenda parlamentar"],"articleSection":["Munic\u00edpios","Not\u00edcias"],"inLanguage":"pt-BR"},{"@type":"WebPage","@id":"https:\/\/vanderloubet.com.br\/deputado\/eldorado-recebe-retroescavadeira-viabilizada-pelo-deputado-vander\/","url":"https:\/\/vanderloubet.com.br\/deputado\/eldorado-recebe-retroescavadeira-viabilizada-pelo-deputado-vander\/","name":"Eldorado recebe retroescavadeira viabilizada pelo deputado Vander","isPartOf":{"@id":"https:\/\/vanderloubet.com.br\/deputado\/#website"},"primaryImageOfPage":{"@id":"https:\/\/vanderloubet.com.br\/deputado\/eldorado-recebe-retroescavadeira-viabilizada-pelo-deputado-vander\/#primaryimage"},"image":{"@id":"https:\/\/vanderloubet.com.br\/deputado\/eldorado-recebe-retroescavadeira-viabilizada-pelo-deputado-vander\/#primaryimage"},"thumbnailUrl":"https:\/\/vanderloubet.com.br\/deputado\/wp-content\/uploads\/2019\/08\/foto-2019-08-13-retroescavadeira-eldorado-2.jpg","datePublished":"2019-08-13T12:00:52+00:00","dateModified":"2019-08-14T14:00:45+00:00","description":"M\u00e1quina est\u00e1 avaliada em R$ 220 mil (R$ 200 mil de recursos viabilizados por Vander e R$ 20 mil de contrapartida da Prefeitura).","breadcrumb":{"@id":"https:\/\/vanderloubet.com.br\/deputado\/eldorado-recebe-retroescavadeira-viabilizada-pelo-deputado-vander\/#breadcrumb"},"inLanguage":"pt-BR","potentialAction":[{"@type":"ReadAction","target":["https:\/\/vanderloubet.com.br\/deputado\/eldorado-recebe-retroescavadeira-viabilizada-pelo-deputado-vander\/"]}]},{"@type":"ImageObject","inLanguage":"pt-BR","@id":"https:\/\/vanderloubet.com.br\/deputado\/eldorado-recebe-retroescavadeira-viabilizada-pelo-deputado-vander\/#primaryimage","url":"https:\/\/vanderloubet.com.br\/deputado\/wp-content\/uploads\/2019\/08\/foto-2019-08-13-retroescavadeira-eldorado-2.jpg","contentUrl":"https:\/\/vanderloubet.com.br\/deputado\/wp-content\/uploads\/2019\/08\/foto-2019-08-13-retroescavadeira-eldorado-2.jpg","width":960,"height":540,"caption":"Retroescavadeira viabilizada por Vander j\u00e1 chegou em Eldorado"},{"@type":"BreadcrumbList","@id":"https:\/\/vanderloubet.com.br\/deputado\/eldorado-recebe-retroescavadeira-viabilizada-pelo-deputado-vander\/#breadcrumb","itemListElement":[{"@type":"ListItem","position":1,"name":"In\u00edcio","item":"https:\/\/vanderloubet.com.br\/deputado\/"},{"@type":"ListItem","position":2,"name":"Eldorado recebe retroescavadeira viabilizada pelo deputado Vander"}]},{"@type":"WebSite","@id":"https:\/\/vanderloubet.com.br\/deputado\/#website","url":"https:\/\/vanderloubet.com.br\/deputado\/","name":"Deputado Federal Vander Loubet","description":"O Federal de MS","publisher":{"@id":"https:\/\/vanderloubet.com.br\/deputado\/#organization"},"alternateName":"Deputado Vander","potentialAction":[{"@type":"SearchAction","target":{"@type":"EntryPoint","urlTemplate":"https:\/\/vanderloubet.com.br\/deputado\/?s={search_term_string}"},"query-input":{"@type":"PropertyValueSpecification","valueRequired":true,"valueName":"search_term_string"}}],"inLanguage":"pt-BR"},{"@type":"Organization","@id":"https:\/\/vanderloubet.com.br\/deputado\/#organization","name":"Deputado Federal Vander Loubet","alternateName":"Deputado Vander","url":"https:\/\/vanderloubet.com.br\/deputado\/","logo":{"@type":"ImageObject","inLanguage":"pt-BR","@id":"https:\/\/vanderloubet.com.br\/deputado\/#\/schema\/logo\/image\/","url":"https:\/\/vanderloubet.com.br\/deputado\/wp-content\/uploads\/2023\/06\/foto-2023-06-19-mandato-deputado-vander.jpg","contentUrl":"https:\/\/vanderloubet.com.br\/deputado\/wp-content\/uploads\/2023\/06\/foto-2023-06-19-mandato-deputado-vander.jpg","width":1080,"height":1080,"caption":"Deputado Federal Vander Loubet"},"image":{"@id":"https:\/\/vanderloubet.com.br\/deputado\/#\/schema\/logo\/image\/"},"sameAs":["https:\/\/facebook.com\/deputadovander","https:\/\/x.com\/vanderloubet","https:\/\/instagram.com\/vanderloubet","https:\/\/youtube.com\/vanderloubet","https:\/\/tiktok.com\/@vanderloubetms"]},{"@type":"Person","@id":"https:\/\/vanderloubet.com.br\/deputado\/#\/schema\/person\/15b51bd564532a8a68d9dec1b8eb890e","name":"\u00c9der","image":{"@type":"ImageObject","inLanguage":"pt-BR","@id":"https:\/\/vanderloubet.com.br\/deputado\/wp-content\/litespeed\/avatar\/88ca4090d9d5ab1c9495f6ca03b68efa.jpg?ver=1777058957","url":"https:\/\/vanderloubet.com.br\/deputado\/wp-content\/litespeed\/avatar\/88ca4090d9d5ab1c9495f6ca03b68efa.jpg?ver=1777058957","contentUrl":"https:\/\/vanderloubet.com.br\/deputado\/wp-content\/litespeed\/avatar\/88ca4090d9d5ab1c9495f6ca03b68efa.jpg?ver=1777058957","caption":"\u00c9der"}}]}},"jetpack_featured_media_url":"https:\/\/vanderloubet.com.br\/deputado\/wp-content\/uploads\/2019\/08\/foto-2019-08-13-retroescavadeira-eldorado-2.jpg","jetpack_sharing_enabled":true,"_links":{"self":[{"href":"https:\/\/vanderloubet.com.br\/deputado\/wp-json\/wp\/v2\/posts\/15784","targetHints":{"allow":["GET"]}}],"collection":[{"href":"https:\/\/vanderloubet.com.br\/deputado\/wp-json\/wp\/v2\/posts"}],"about":[{"href":"https:\/\/vanderloubet.com.br\/deputado\/wp-json\/wp\/v2\/types\/post"}],"author":[{"embeddable":true,"href":"https:\/\/vanderloubet.com.br\/deputado\/wp-json\/wp\/v2\/users\/2"}],"replies":[{"embeddable":true,"href":"https:\/\/vanderloubet.com.br\/deputado\/wp-json\/wp\/v2\/comments?post=15784"}],"version-history":[{"count":0,"href":"https:\/\/vanderloubet.com.br\/deputado\/wp-json\/wp\/v2\/posts\/15784\/revisions"}],"wp:featuredmedia":[{"embeddable":true,"href":"https:\/\/vanderloubet.com.br\/deputado\/wp-json\/wp\/v2\/media\/15786"}],"wp:attachment":[{"href":"https:\/\/vanderloubet.com.br\/deputado\/wp-json\/wp\/v2\/media?parent=15784"}],"wp:term":[{"taxonomy":"category","embeddable":true,"href":"https:\/\/vanderloubet.com.br\/deputado\/wp-json\/wp\/v2\/categories?post=15784"},{"taxonomy":"post_tag","embeddable":true,"href":"https:\/\/vanderloubet.com.br\/deputado\/wp-json\/wp\/v2\/tags?post=15784"}],"curies":[{"name":"wp","href":"https:\/\/api.w.org\/{rel}","templated":true}]}}