{"id":15757,"date":"2019-08-13T11:28:39","date_gmt":"2019-08-13T15:28:39","guid":{"rendered":"http:\/\/vanderloubet.com.br\/deputado\/?p=15757"},"modified":"2019-08-13T11:28:39","modified_gmt":"2019-08-13T15:28:39","slug":"vander-visita-projeto-do-lageado-beneficiado-com-cultivo-protegido-de-hortalicas","status":"publish","type":"post","link":"https:\/\/vanderloubet.com.br\/deputado\/vander-visita-projeto-do-lageado-beneficiado-com-cultivo-protegido-de-hortalicas\/","title":{"rendered":"Vander visita projeto do Lageado beneficiado com cultivo protegido de hortali\u00e7as"},"content":{"rendered":"<p>No dia 5 de agosto, o deputado federal Vander Loubet visitou no Bairro Lageado, em Campo Grande, a comunidade terap\u00eautica coordenada pelo frei Francisco Jonas de Souza, mais conhecido como Frei Jonas.<\/p>\n<p>Batizada de Projeto Viver Natural, a iniciativa sem fins lucrativos do padre \u00e9 direcionada para o tratamento fitoter\u00e1pico de pessoas com doen\u00e7as cr\u00f4nicas e demais problemas de sa\u00fade. Os rem\u00e9dios naturais s\u00e3o produzidos com plantas medicinais pelo Frei Jonas, que \u00e9 m\u00e9dico fitoter\u00e1pico com mais de 40 anos de experi\u00eancia.<\/p>\n<p>O trabalho do Frei Jonas est\u00e1 sendo beneficiado pelo Projeto de Agricultura Periurbana coordenado pela Universidade Federal de Mato Grosso do Sul (UFMS), com assist\u00eancia t\u00e9cnica da Ag\u00eancia de Desenvolvimento Agr\u00e1rio e Extens\u00e3o Rural (Agraer). A a\u00e7\u00e3o \u00e9 financiada por meio de emenda parlamentar do deputado Vander e do ex-deputado Zeca do PT.<\/p>\n<p>Gra\u00e7as ao projeto, o Viver Natural recebeu uma estufa com sistema de irriga\u00e7\u00e3o para a produ\u00e7\u00e3o de mudas de hortali\u00e7as e plantas medicinais. As hortali\u00e7as produzidas por Frei Jonas e sua equipe de volunt\u00e1rios \u00e9 distribu\u00edda para as as fam\u00edlias carentes da regi\u00e3o. J\u00e1 as plantas medicinais s\u00e3o utilizadas para a fabrica\u00e7\u00e3o dos medicamentos fitoter\u00e1picos &#8211; que s\u00e3o entregues gratuitamente, para pacientes pobres, ou vendidos, para aqueles que possuem condi\u00e7\u00f5es de pagar. O dinheiro arrecadado \u00e9 revertido para a manuten\u00e7\u00e3o do trabalho social.<\/p>\n<p>Durante a visita do deputado, Frei Jonas agradeceu ao deputado pela inclus\u00e3o do seu projeto entre os beneficiados pela atua\u00e7\u00e3o da UFMS e Agraer na agricultura periurbana e solicitou apoio de Vander para a manuten\u00e7\u00e3o das atividades da comunidade terap\u00eautica, que n\u00e3o possui nenhuma ajuda governamental e sobrevive de doa\u00e7\u00f5es e da venda dos medicamentos fitoter\u00e1picos.<\/p>\n<p>Vander se disse surpreendido pelo trabalho desenvolvido por Frei Jonas e afirmou que vai trabalhar para ajudar o projeto. &#8220;Essa visita foi renovadora para mim. Fiquei impressionado com essa a\u00e7\u00e3o social que o Frei Jonas possui aqui nessa regi\u00e3o. \u00c9 um trabalho que merece ser mantido, por isso vamos trabalhar para buscar recursos que possam viabilizar a continuidade do projeto&#8221;, destacou o deputado.<\/p>\n<p>Participaram tamb\u00e9m da visita a professora Vanderleia Mussi (da UFMS, coordenadora do Projeto de Agricultura Periurbana), o colaborador Humberto de Mello e os assessores parlamentares Beto Carvalho e Dionedison Terena. Quem quiser colaborar com o Projeto Viver Natural pode entrar em contato com o Frei Jonas pelo n\u00famero (67) 3380-1601. O projeto funciona na Rua D\u00e1rio Anhaia Filho, 704, no Bairro Lageado.<\/p>\n<p><em>(\u00c9der F. Yanaguita &#8211; Ascom\/Dep. Vander Loubet)<\/em><\/p>\n\r\n                <style type=\"text\/css\">\r\n                    \r\n                    #tdi_1  .td-doubleSlider-2 .td-item1 {\r\n                        background: url(https:\/\/vanderloubet.com.br\/deputado\/wp-content\/uploads\/2019\/08\/foto-2019-08-05-projeto-viver-natural-frei-jonas-1-80x60.jpg) 0 0 no-repeat;\r\n                    }\r\n                    #tdi_1  .td-doubleSlider-2 .td-item2 {\r\n                        background: url(https:\/\/vanderloubet.com.br\/deputado\/wp-content\/uploads\/2019\/08\/foto-2019-08-05-projeto-viver-natural-frei-jonas-2-80x60.jpg) 0 0 no-repeat;\r\n                    }\r\n                    #tdi_1  .td-doubleSlider-2 .td-item3 {\r\n                        background: url(https:\/\/vanderloubet.com.br\/deputado\/wp-content\/uploads\/2019\/08\/foto-2019-08-05-projeto-viver-natural-frei-jonas-3-80x60.jpg) 0 0 no-repeat;\r\n                    }\r\n                    #tdi_1  .td-doubleSlider-2 .td-item4 {\r\n                        background: url(https:\/\/vanderloubet.com.br\/deputado\/wp-content\/uploads\/2019\/08\/foto-2019-08-05-projeto-viver-natural-frei-jonas-4-80x60.jpg) 0 0 no-repeat;\r\n                    }\r\n                    #tdi_1  .td-doubleSlider-2 .td-item5 {\r\n                        background: url(https:\/\/vanderloubet.com.br\/deputado\/wp-content\/uploads\/2019\/08\/foto-2019-08-05-projeto-viver-natural-frei-jonas-5-80x60.jpg) 0 0 no-repeat;\r\n                    }\r\n                    #tdi_1  .td-doubleSlider-2 .td-item6 {\r\n                        background: url(https:\/\/vanderloubet.com.br\/deputado\/wp-content\/uploads\/2019\/08\/foto-2019-08-05-projeto-viver-natural-frei-jonas-6-80x60.jpg) 0 0 no-repeat;\r\n                    }\r\n                    #tdi_1  .td-doubleSlider-2 .td-item7 {\r\n                        background: url(https:\/\/vanderloubet.com.br\/deputado\/wp-content\/uploads\/2019\/08\/foto-2019-08-05-projeto-viver-natural-frei-jonas-7-80x60.jpg) 0 0 no-repeat;\r\n                    }\r\n                    #tdi_1  .td-doubleSlider-2 .td-item8 {\r\n                        background: url(https:\/\/vanderloubet.com.br\/deputado\/wp-content\/uploads\/2019\/08\/foto-2019-08-05-projeto-viver-natural-frei-jonas-8-80x60.jpg) 0 0 no-repeat;\r\n                    }\r\n                    #tdi_1  .td-doubleSlider-2 .td-item9 {\r\n                        background: url(https:\/\/vanderloubet.com.br\/deputado\/wp-content\/uploads\/2019\/08\/foto-2019-08-05-projeto-viver-natural-frei-jonas-9-80x60.jpg) 0 0 no-repeat;\r\n                    }\r\n                    #tdi_1  .td-doubleSlider-2 .td-item10 {\r\n                        background: url(https:\/\/vanderloubet.com.br\/deputado\/wp-content\/uploads\/2019\/08\/foto-2019-08-05-projeto-viver-natural-frei-jonas-10-80x60.jpg) 0 0 no-repeat;\r\n                    }\r\n                    #tdi_1  .td-doubleSlider-2 .td-item11 {\r\n                        background: url(https:\/\/vanderloubet.com.br\/deputado\/wp-content\/uploads\/2019\/08\/foto-2019-08-05-projeto-viver-natural-frei-jonas-11-80x60.jpg) 0 0 no-repeat;\r\n                    }\r\n                    #tdi_1  .td-doubleSlider-2 .td-item12 {\r\n                        background: url(https:\/\/vanderloubet.com.br\/deputado\/wp-content\/uploads\/2019\/08\/foto-2019-08-05-projeto-viver-natural-frei-jonas-12-80x60.jpg) 0 0 no-repeat;\r\n                    }\r\n                    #tdi_1  .td-doubleSlider-2 .td-item13 {\r\n                        background: url(https:\/\/vanderloubet.com.br\/deputado\/wp-content\/uploads\/2019\/08\/foto-2019-08-05-projeto-viver-natural-frei-jonas-13-80x60.jpg) 0 0 no-repeat;\r\n                    }\r\n                    #tdi_1  .td-doubleSlider-2 .td-item14 {\r\n                        background: url(https:\/\/vanderloubet.com.br\/deputado\/wp-content\/uploads\/2019\/08\/foto-2019-08-05-projeto-viver-natural-frei-jonas-14-80x60.jpg) 0 0 no-repeat;\r\n                    }\r\n                    #tdi_1  .td-doubleSlider-2 .td-item15 {\r\n                        background: url(https:\/\/vanderloubet.com.br\/deputado\/wp-content\/uploads\/2019\/08\/foto-2019-08-05-projeto-viver-natural-frei-jonas-15-80x60.jpg) 0 0 no-repeat;\r\n                    }\r\n                    #tdi_1  .td-doubleSlider-2 .td-item16 {\r\n                        background: url(https:\/\/vanderloubet.com.br\/deputado\/wp-content\/uploads\/2019\/08\/foto-2019-08-05-projeto-viver-natural-frei-jonas-16-80x60.jpg) 0 0 no-repeat;\r\n                    }\r\n                    #tdi_1  .td-doubleSlider-2 .td-item17 {\r\n                        background: url(https:\/\/vanderloubet.com.br\/deputado\/wp-content\/uploads\/2019\/08\/foto-2019-08-05-projeto-viver-natural-frei-jonas-17-80x60.jpg) 0 0 no-repeat;\r\n                    }\r\n                    #tdi_1  .td-doubleSlider-2 .td-item18 {\r\n                        background: url(https:\/\/vanderloubet.com.br\/deputado\/wp-content\/uploads\/2019\/08\/foto-2019-08-05-projeto-viver-natural-frei-jonas-18-80x60.jpg) 0 0 no-repeat;\r\n                    }\r\n                    #tdi_1  .td-doubleSlider-2 .td-item19 {\r\n                        background: url(https:\/\/vanderloubet.com.br\/deputado\/wp-content\/uploads\/2019\/08\/foto-2019-08-05-projeto-viver-natural-frei-jonas-19-80x60.jpg) 0 0 no-repeat;\r\n                    }\r\n                    #tdi_1  .td-doubleSlider-2 .td-item20 {\r\n                        background: url(https:\/\/vanderloubet.com.br\/deputado\/wp-content\/uploads\/2019\/08\/foto-2019-08-05-projeto-viver-natural-frei-jonas-20-80x60.jpg) 0 0 no-repeat;\r\n                    }\r\n                <\/style>\r\n\r\n                <div id=\"tdi_1\" class=\"td-gallery td-slide-on-2-columns\">\r\n                    <div class=\"post_td_gallery\">\r\n                        <div class=\"td-gallery-slide-top\">\r\n                           <div class=\"td-gallery-title\"><\/div>\r\n\r\n                            <div class=\"td-gallery-controls-wrapper\">\r\n                                <div class=\"td-gallery-slide-count\"><span class=\"td-gallery-slide-item-focus\">1<\/span> de 20<\/div>\r\n                                <div class=\"td-gallery-slide-prev-next-but\">\r\n                                    <i class = \"td-icon-left doubleSliderPrevButton\"><\/i>\r\n                                    <i class = \"td-icon-right doubleSliderNextButton\"><\/i>\r\n                                <\/div>\r\n                            <\/div>\r\n                        <\/div>\r\n\r\n                        <div class = \"td-doubleSlider-1 \">\r\n                            <div class = \"td-slider\">\r\n                                \r\n                    <div class = \"td-slide-item td-item1\">\r\n                        <figure class=\"td-slide-galery-figure td-slide-popup-gallery\">\r\n                            <a class=\"slide-gallery-image-link\" href=\"https:\/\/vanderloubet.com.br\/deputado\/wp-content\/uploads\/2019\/08\/foto-2019-08-05-projeto-viver-natural-frei-jonas-1.jpg\" title=\"Vander foi ao Lageado conhecer projeto social do Frei Jonas, beneficiado pela atua\u00e7\u00e3o do mandato\"  data-caption=\"\"  data-description=\"Vander foi ao Lageado conhecer projeto social do Frei Jonas, beneficiado pela atua&ccedil;&atilde;o do mandato\">\r\n                                <img decoding=\"async\" src=\"https:\/\/vanderloubet.com.br\/deputado\/wp-content\/uploads\/2019\/08\/foto-2019-08-05-projeto-viver-natural-frei-jonas-1-630x420.jpg\" srcset=\"https:\/\/vanderloubet.com.br\/deputado\/wp-content\/uploads\/2019\/08\/foto-2019-08-05-projeto-viver-natural-frei-jonas-1-630x420.jpg 630w, https:\/\/vanderloubet.com.br\/deputado\/wp-content\/uploads\/2019\/08\/foto-2019-08-05-projeto-viver-natural-frei-jonas-1-350x233.jpg 350w, https:\/\/vanderloubet.com.br\/deputado\/wp-content\/uploads\/2019\/08\/foto-2019-08-05-projeto-viver-natural-frei-jonas-1-768x512.jpg 768w, https:\/\/vanderloubet.com.br\/deputado\/wp-content\/uploads\/2019\/08\/foto-2019-08-05-projeto-viver-natural-frei-jonas-1-700x467.jpg 700w, https:\/\/vanderloubet.com.br\/deputado\/wp-content\/uploads\/2019\/08\/foto-2019-08-05-projeto-viver-natural-frei-jonas-1-696x464.jpg 696w, https:\/\/vanderloubet.com.br\/deputado\/wp-content\/uploads\/2019\/08\/foto-2019-08-05-projeto-viver-natural-frei-jonas-1-1068x712.jpg 1068w, https:\/\/vanderloubet.com.br\/deputado\/wp-content\/uploads\/2019\/08\/foto-2019-08-05-projeto-viver-natural-frei-jonas-1.jpg 1080w\" sizes=\"(max-width: 630px) 100vw, 630px\" alt=\"Vander foi ao Lageado conhecer projeto social do Frei Jonas, beneficiado pela atua&ccedil;&atilde;o do mandato\">\r\n                            <\/a>\r\n                            <figcaption class = \"td-slide-caption td-gallery-slide-content\"><span>Vander foi ao Lageado conhecer projeto social do Frei Jonas, beneficiado pela atua\u00e7\u00e3o do mandato<\/span><\/figcaption>\r\n                        <\/figure>\r\n                    <\/div>\r\n                    <div class = \"td-slide-item td-item2\">\r\n                        <figure class=\"td-slide-galery-figure td-slide-popup-gallery\">\r\n                            <a class=\"slide-gallery-image-link\" href=\"https:\/\/vanderloubet.com.br\/deputado\/wp-content\/uploads\/2019\/08\/foto-2019-08-05-projeto-viver-natural-frei-jonas-2.jpg\" title=\"Hortali\u00e7as produzidas s\u00e3o distribu\u00eddas para fam\u00edlias carentes da regi\u00e3o\"  data-caption=\"\"  data-description=\"Hortali&ccedil;as produzidas s&atilde;o distribu&iacute;das para fam&iacute;lias carentes da regi&atilde;o\">\r\n                                <img decoding=\"async\" src=\"https:\/\/vanderloubet.com.br\/deputado\/wp-content\/uploads\/2019\/08\/foto-2019-08-05-projeto-viver-natural-frei-jonas-2-630x420.jpg\" srcset=\"https:\/\/vanderloubet.com.br\/deputado\/wp-content\/uploads\/2019\/08\/foto-2019-08-05-projeto-viver-natural-frei-jonas-2-630x420.jpg 630w, https:\/\/vanderloubet.com.br\/deputado\/wp-content\/uploads\/2019\/08\/foto-2019-08-05-projeto-viver-natural-frei-jonas-2-350x233.jpg 350w, https:\/\/vanderloubet.com.br\/deputado\/wp-content\/uploads\/2019\/08\/foto-2019-08-05-projeto-viver-natural-frei-jonas-2-768x512.jpg 768w, https:\/\/vanderloubet.com.br\/deputado\/wp-content\/uploads\/2019\/08\/foto-2019-08-05-projeto-viver-natural-frei-jonas-2-700x467.jpg 700w, https:\/\/vanderloubet.com.br\/deputado\/wp-content\/uploads\/2019\/08\/foto-2019-08-05-projeto-viver-natural-frei-jonas-2-696x464.jpg 696w, https:\/\/vanderloubet.com.br\/deputado\/wp-content\/uploads\/2019\/08\/foto-2019-08-05-projeto-viver-natural-frei-jonas-2-1068x712.jpg 1068w, https:\/\/vanderloubet.com.br\/deputado\/wp-content\/uploads\/2019\/08\/foto-2019-08-05-projeto-viver-natural-frei-jonas-2.jpg 1080w\" sizes=\"(max-width: 630px) 100vw, 630px\" alt=\"Hortali&ccedil;as produzidas s&atilde;o distribu&iacute;das para fam&iacute;lias carentes da regi&atilde;o\">\r\n                            <\/a>\r\n                            <figcaption class = \"td-slide-caption td-gallery-slide-content\"><span>Hortali\u00e7as produzidas s\u00e3o distribu\u00eddas para fam\u00edlias carentes da regi\u00e3o<\/span><\/figcaption>\r\n                        <\/figure>\r\n                    <\/div>\r\n                    <div class = \"td-slide-item td-item3\">\r\n                        <figure class=\"td-slide-galery-figure td-slide-popup-gallery\">\r\n                            <a class=\"slide-gallery-image-link\" href=\"https:\/\/vanderloubet.com.br\/deputado\/wp-content\/uploads\/2019\/08\/foto-2019-08-05-projeto-viver-natural-frei-jonas-3.jpg\" title=\"Hortali\u00e7as produzidas s\u00e3o distribu\u00eddas para fam\u00edlias carentes da regi\u00e3o\"  data-caption=\"\"  data-description=\"Hortali&ccedil;as produzidas s&atilde;o distribu&iacute;das para fam&iacute;lias carentes da regi&atilde;o\">\r\n                                <img decoding=\"async\" src=\"https:\/\/vanderloubet.com.br\/deputado\/wp-content\/uploads\/2019\/08\/foto-2019-08-05-projeto-viver-natural-frei-jonas-3-630x420.jpg\" srcset=\"https:\/\/vanderloubet.com.br\/deputado\/wp-content\/uploads\/2019\/08\/foto-2019-08-05-projeto-viver-natural-frei-jonas-3-630x420.jpg 630w, https:\/\/vanderloubet.com.br\/deputado\/wp-content\/uploads\/2019\/08\/foto-2019-08-05-projeto-viver-natural-frei-jonas-3-350x233.jpg 350w, https:\/\/vanderloubet.com.br\/deputado\/wp-content\/uploads\/2019\/08\/foto-2019-08-05-projeto-viver-natural-frei-jonas-3-768x512.jpg 768w, https:\/\/vanderloubet.com.br\/deputado\/wp-content\/uploads\/2019\/08\/foto-2019-08-05-projeto-viver-natural-frei-jonas-3-700x467.jpg 700w, https:\/\/vanderloubet.com.br\/deputado\/wp-content\/uploads\/2019\/08\/foto-2019-08-05-projeto-viver-natural-frei-jonas-3-696x464.jpg 696w, https:\/\/vanderloubet.com.br\/deputado\/wp-content\/uploads\/2019\/08\/foto-2019-08-05-projeto-viver-natural-frei-jonas-3-1068x712.jpg 1068w, https:\/\/vanderloubet.com.br\/deputado\/wp-content\/uploads\/2019\/08\/foto-2019-08-05-projeto-viver-natural-frei-jonas-3.jpg 1080w\" sizes=\"(max-width: 630px) 100vw, 630px\" alt=\"Hortali&ccedil;as produzidas s&atilde;o distribu&iacute;das para fam&iacute;lias carentes da regi&atilde;o\">\r\n                            <\/a>\r\n                            <figcaption class = \"td-slide-caption td-gallery-slide-content\"><span>Hortali\u00e7as produzidas s\u00e3o distribu\u00eddas para fam\u00edlias carentes da regi\u00e3o<\/span><\/figcaption>\r\n                        <\/figure>\r\n                    <\/div>\r\n                    <div class = \"td-slide-item td-item4\">\r\n                        <figure class=\"td-slide-galery-figure td-slide-popup-gallery\">\r\n                            <a class=\"slide-gallery-image-link\" href=\"https:\/\/vanderloubet.com.br\/deputado\/wp-content\/uploads\/2019\/08\/foto-2019-08-05-projeto-viver-natural-frei-jonas-4.jpg\" title=\"Vander foi ao Lageado conhecer projeto social do Frei Jonas, beneficiado pela atua\u00e7\u00e3o do mandato\"  data-caption=\"\"  data-description=\"Vander foi ao Lageado conhecer projeto social do Frei Jonas, beneficiado pela atua&ccedil;&atilde;o do mandato\">\r\n                                <img decoding=\"async\" src=\"https:\/\/vanderloubet.com.br\/deputado\/wp-content\/uploads\/2019\/08\/foto-2019-08-05-projeto-viver-natural-frei-jonas-4-630x420.jpg\" srcset=\"https:\/\/vanderloubet.com.br\/deputado\/wp-content\/uploads\/2019\/08\/foto-2019-08-05-projeto-viver-natural-frei-jonas-4-630x420.jpg 630w, https:\/\/vanderloubet.com.br\/deputado\/wp-content\/uploads\/2019\/08\/foto-2019-08-05-projeto-viver-natural-frei-jonas-4-350x233.jpg 350w, https:\/\/vanderloubet.com.br\/deputado\/wp-content\/uploads\/2019\/08\/foto-2019-08-05-projeto-viver-natural-frei-jonas-4-768x512.jpg 768w, https:\/\/vanderloubet.com.br\/deputado\/wp-content\/uploads\/2019\/08\/foto-2019-08-05-projeto-viver-natural-frei-jonas-4-700x467.jpg 700w, https:\/\/vanderloubet.com.br\/deputado\/wp-content\/uploads\/2019\/08\/foto-2019-08-05-projeto-viver-natural-frei-jonas-4-696x464.jpg 696w, https:\/\/vanderloubet.com.br\/deputado\/wp-content\/uploads\/2019\/08\/foto-2019-08-05-projeto-viver-natural-frei-jonas-4-1068x712.jpg 1068w, https:\/\/vanderloubet.com.br\/deputado\/wp-content\/uploads\/2019\/08\/foto-2019-08-05-projeto-viver-natural-frei-jonas-4.jpg 1080w\" sizes=\"(max-width: 630px) 100vw, 630px\" alt=\"Vander foi ao Lageado conhecer projeto social do Frei Jonas, beneficiado pela atua&ccedil;&atilde;o do mandato\">\r\n                            <\/a>\r\n                            <figcaption class = \"td-slide-caption td-gallery-slide-content\"><span>Vander foi ao Lageado conhecer projeto social do Frei Jonas, beneficiado pela atua\u00e7\u00e3o do mandato<\/span><\/figcaption>\r\n                        <\/figure>\r\n                    <\/div>\r\n                    <div class = \"td-slide-item td-item5\">\r\n                        <figure class=\"td-slide-galery-figure td-slide-popup-gallery\">\r\n                            <a class=\"slide-gallery-image-link\" href=\"https:\/\/vanderloubet.com.br\/deputado\/wp-content\/uploads\/2019\/08\/foto-2019-08-05-projeto-viver-natural-frei-jonas-5.jpg\" title=\"Vander foi ao Lageado conhecer projeto social do Frei Jonas, beneficiado pela atua\u00e7\u00e3o do mandato\"  data-caption=\"\"  data-description=\"Vander foi ao Lageado conhecer projeto social do Frei Jonas, beneficiado pela atua&ccedil;&atilde;o do mandato\">\r\n                                <img decoding=\"async\" src=\"https:\/\/vanderloubet.com.br\/deputado\/wp-content\/uploads\/2019\/08\/foto-2019-08-05-projeto-viver-natural-frei-jonas-5-630x420.jpg\" srcset=\"https:\/\/vanderloubet.com.br\/deputado\/wp-content\/uploads\/2019\/08\/foto-2019-08-05-projeto-viver-natural-frei-jonas-5-630x420.jpg 630w, https:\/\/vanderloubet.com.br\/deputado\/wp-content\/uploads\/2019\/08\/foto-2019-08-05-projeto-viver-natural-frei-jonas-5-350x233.jpg 350w, https:\/\/vanderloubet.com.br\/deputado\/wp-content\/uploads\/2019\/08\/foto-2019-08-05-projeto-viver-natural-frei-jonas-5-768x512.jpg 768w, https:\/\/vanderloubet.com.br\/deputado\/wp-content\/uploads\/2019\/08\/foto-2019-08-05-projeto-viver-natural-frei-jonas-5-700x467.jpg 700w, https:\/\/vanderloubet.com.br\/deputado\/wp-content\/uploads\/2019\/08\/foto-2019-08-05-projeto-viver-natural-frei-jonas-5-696x464.jpg 696w, https:\/\/vanderloubet.com.br\/deputado\/wp-content\/uploads\/2019\/08\/foto-2019-08-05-projeto-viver-natural-frei-jonas-5-1068x712.jpg 1068w, https:\/\/vanderloubet.com.br\/deputado\/wp-content\/uploads\/2019\/08\/foto-2019-08-05-projeto-viver-natural-frei-jonas-5.jpg 1080w\" sizes=\"(max-width: 630px) 100vw, 630px\" alt=\"Vander foi ao Lageado conhecer projeto social do Frei Jonas, beneficiado pela atua&ccedil;&atilde;o do mandato\">\r\n                            <\/a>\r\n                            <figcaption class = \"td-slide-caption td-gallery-slide-content\"><span>Vander foi ao Lageado conhecer projeto social do Frei Jonas, beneficiado pela atua\u00e7\u00e3o do mandato<\/span><\/figcaption>\r\n                        <\/figure>\r\n                    <\/div>\r\n                    <div class = \"td-slide-item td-item6\">\r\n                        <figure class=\"td-slide-galery-figure td-slide-popup-gallery\">\r\n                            <a class=\"slide-gallery-image-link\" href=\"https:\/\/vanderloubet.com.br\/deputado\/wp-content\/uploads\/2019\/08\/foto-2019-08-05-projeto-viver-natural-frei-jonas-6.jpg\" title=\"Vander foi ao Lageado conhecer projeto social do Frei Jonas, beneficiado pela atua\u00e7\u00e3o do mandato\"  data-caption=\"\"  data-description=\"Vander foi ao Lageado conhecer projeto social do Frei Jonas, beneficiado pela atua&ccedil;&atilde;o do mandato\">\r\n                                <img decoding=\"async\" src=\"https:\/\/vanderloubet.com.br\/deputado\/wp-content\/uploads\/2019\/08\/foto-2019-08-05-projeto-viver-natural-frei-jonas-6-630x420.jpg\" srcset=\"https:\/\/vanderloubet.com.br\/deputado\/wp-content\/uploads\/2019\/08\/foto-2019-08-05-projeto-viver-natural-frei-jonas-6-630x420.jpg 630w, https:\/\/vanderloubet.com.br\/deputado\/wp-content\/uploads\/2019\/08\/foto-2019-08-05-projeto-viver-natural-frei-jonas-6-350x233.jpg 350w, https:\/\/vanderloubet.com.br\/deputado\/wp-content\/uploads\/2019\/08\/foto-2019-08-05-projeto-viver-natural-frei-jonas-6-768x512.jpg 768w, https:\/\/vanderloubet.com.br\/deputado\/wp-content\/uploads\/2019\/08\/foto-2019-08-05-projeto-viver-natural-frei-jonas-6-700x467.jpg 700w, https:\/\/vanderloubet.com.br\/deputado\/wp-content\/uploads\/2019\/08\/foto-2019-08-05-projeto-viver-natural-frei-jonas-6-696x464.jpg 696w, https:\/\/vanderloubet.com.br\/deputado\/wp-content\/uploads\/2019\/08\/foto-2019-08-05-projeto-viver-natural-frei-jonas-6-1068x712.jpg 1068w, https:\/\/vanderloubet.com.br\/deputado\/wp-content\/uploads\/2019\/08\/foto-2019-08-05-projeto-viver-natural-frei-jonas-6.jpg 1080w\" sizes=\"(max-width: 630px) 100vw, 630px\" alt=\"Vander foi ao Lageado conhecer projeto social do Frei Jonas, beneficiado pela atua&ccedil;&atilde;o do mandato\">\r\n                            <\/a>\r\n                            <figcaption class = \"td-slide-caption td-gallery-slide-content\"><span>Vander foi ao Lageado conhecer projeto social do Frei Jonas, beneficiado pela atua\u00e7\u00e3o do mandato<\/span><\/figcaption>\r\n                        <\/figure>\r\n                    <\/div>\r\n                    <div class = \"td-slide-item td-item7\">\r\n                        <figure class=\"td-slide-galery-figure td-slide-popup-gallery\">\r\n                            <a class=\"slide-gallery-image-link\" href=\"https:\/\/vanderloubet.com.br\/deputado\/wp-content\/uploads\/2019\/08\/foto-2019-08-05-projeto-viver-natural-frei-jonas-7.jpg\" title=\"Vander foi ao Lageado conhecer projeto social do Frei Jonas, beneficiado pela atua\u00e7\u00e3o do mandato\"  data-caption=\"\"  data-description=\"Vander foi ao Lageado conhecer projeto social do Frei Jonas, beneficiado pela atua&ccedil;&atilde;o do mandato\">\r\n                                <img decoding=\"async\" src=\"https:\/\/vanderloubet.com.br\/deputado\/wp-content\/uploads\/2019\/08\/foto-2019-08-05-projeto-viver-natural-frei-jonas-7-630x420.jpg\" srcset=\"https:\/\/vanderloubet.com.br\/deputado\/wp-content\/uploads\/2019\/08\/foto-2019-08-05-projeto-viver-natural-frei-jonas-7-630x420.jpg 630w, https:\/\/vanderloubet.com.br\/deputado\/wp-content\/uploads\/2019\/08\/foto-2019-08-05-projeto-viver-natural-frei-jonas-7-350x233.jpg 350w, https:\/\/vanderloubet.com.br\/deputado\/wp-content\/uploads\/2019\/08\/foto-2019-08-05-projeto-viver-natural-frei-jonas-7-768x512.jpg 768w, https:\/\/vanderloubet.com.br\/deputado\/wp-content\/uploads\/2019\/08\/foto-2019-08-05-projeto-viver-natural-frei-jonas-7-700x467.jpg 700w, https:\/\/vanderloubet.com.br\/deputado\/wp-content\/uploads\/2019\/08\/foto-2019-08-05-projeto-viver-natural-frei-jonas-7-696x464.jpg 696w, https:\/\/vanderloubet.com.br\/deputado\/wp-content\/uploads\/2019\/08\/foto-2019-08-05-projeto-viver-natural-frei-jonas-7-1068x712.jpg 1068w, https:\/\/vanderloubet.com.br\/deputado\/wp-content\/uploads\/2019\/08\/foto-2019-08-05-projeto-viver-natural-frei-jonas-7.jpg 1080w\" sizes=\"(max-width: 630px) 100vw, 630px\" alt=\"Vander foi ao Lageado conhecer projeto social do Frei Jonas, beneficiado pela atua&ccedil;&atilde;o do mandato\">\r\n                            <\/a>\r\n                            <figcaption class = \"td-slide-caption td-gallery-slide-content\"><span>Vander foi ao Lageado conhecer projeto social do Frei Jonas, beneficiado pela atua\u00e7\u00e3o do mandato<\/span><\/figcaption>\r\n                        <\/figure>\r\n                    <\/div>\r\n                    <div class = \"td-slide-item td-item8\">\r\n                        <figure class=\"td-slide-galery-figure td-slide-popup-gallery\">\r\n                            <a class=\"slide-gallery-image-link\" href=\"https:\/\/vanderloubet.com.br\/deputado\/wp-content\/uploads\/2019\/08\/foto-2019-08-05-projeto-viver-natural-frei-jonas-8.jpg\" title=\"Vander foi ao Lageado conhecer projeto social do Frei Jonas, beneficiado pela atua\u00e7\u00e3o do mandato\"  data-caption=\"\"  data-description=\"Vander foi ao Lageado conhecer projeto social do Frei Jonas, beneficiado pela atua&ccedil;&atilde;o do mandato\">\r\n                                <img decoding=\"async\" src=\"https:\/\/vanderloubet.com.br\/deputado\/wp-content\/uploads\/2019\/08\/foto-2019-08-05-projeto-viver-natural-frei-jonas-8-630x420.jpg\" srcset=\"https:\/\/vanderloubet.com.br\/deputado\/wp-content\/uploads\/2019\/08\/foto-2019-08-05-projeto-viver-natural-frei-jonas-8-630x420.jpg 630w, https:\/\/vanderloubet.com.br\/deputado\/wp-content\/uploads\/2019\/08\/foto-2019-08-05-projeto-viver-natural-frei-jonas-8-350x233.jpg 350w, https:\/\/vanderloubet.com.br\/deputado\/wp-content\/uploads\/2019\/08\/foto-2019-08-05-projeto-viver-natural-frei-jonas-8-768x512.jpg 768w, https:\/\/vanderloubet.com.br\/deputado\/wp-content\/uploads\/2019\/08\/foto-2019-08-05-projeto-viver-natural-frei-jonas-8-700x467.jpg 700w, https:\/\/vanderloubet.com.br\/deputado\/wp-content\/uploads\/2019\/08\/foto-2019-08-05-projeto-viver-natural-frei-jonas-8-696x464.jpg 696w, https:\/\/vanderloubet.com.br\/deputado\/wp-content\/uploads\/2019\/08\/foto-2019-08-05-projeto-viver-natural-frei-jonas-8-1068x712.jpg 1068w, https:\/\/vanderloubet.com.br\/deputado\/wp-content\/uploads\/2019\/08\/foto-2019-08-05-projeto-viver-natural-frei-jonas-8.jpg 1080w\" sizes=\"(max-width: 630px) 100vw, 630px\" alt=\"Vander foi ao Lageado conhecer projeto social do Frei Jonas, beneficiado pela atua&ccedil;&atilde;o do mandato\">\r\n                            <\/a>\r\n                            <figcaption class = \"td-slide-caption td-gallery-slide-content\"><span>Vander foi ao Lageado conhecer projeto social do Frei Jonas, beneficiado pela atua\u00e7\u00e3o do mandato<\/span><\/figcaption>\r\n                        <\/figure>\r\n                    <\/div>\r\n                    <div class = \"td-slide-item td-item9\">\r\n                        <figure class=\"td-slide-galery-figure td-slide-popup-gallery\">\r\n                            <a class=\"slide-gallery-image-link\" href=\"https:\/\/vanderloubet.com.br\/deputado\/wp-content\/uploads\/2019\/08\/foto-2019-08-05-projeto-viver-natural-frei-jonas-9.jpg\" title=\"Estufa para produ\u00e7\u00e3o de mudas com sistema de irriga\u00e7\u00e3o foi implantada pelo Projeto de Agricultura Periurbana\"  data-caption=\"\"  data-description=\"Estufa para produ&ccedil;&atilde;o de mudas com sistema de irriga&ccedil;&atilde;o foi implantada pelo Projeto de Agricultura Periurbana\">\r\n                                <img decoding=\"async\" src=\"https:\/\/vanderloubet.com.br\/deputado\/wp-content\/uploads\/2019\/08\/foto-2019-08-05-projeto-viver-natural-frei-jonas-9-630x420.jpg\" srcset=\"https:\/\/vanderloubet.com.br\/deputado\/wp-content\/uploads\/2019\/08\/foto-2019-08-05-projeto-viver-natural-frei-jonas-9-630x420.jpg 630w, https:\/\/vanderloubet.com.br\/deputado\/wp-content\/uploads\/2019\/08\/foto-2019-08-05-projeto-viver-natural-frei-jonas-9-350x233.jpg 350w, https:\/\/vanderloubet.com.br\/deputado\/wp-content\/uploads\/2019\/08\/foto-2019-08-05-projeto-viver-natural-frei-jonas-9-768x512.jpg 768w, https:\/\/vanderloubet.com.br\/deputado\/wp-content\/uploads\/2019\/08\/foto-2019-08-05-projeto-viver-natural-frei-jonas-9-700x467.jpg 700w, https:\/\/vanderloubet.com.br\/deputado\/wp-content\/uploads\/2019\/08\/foto-2019-08-05-projeto-viver-natural-frei-jonas-9-696x464.jpg 696w, https:\/\/vanderloubet.com.br\/deputado\/wp-content\/uploads\/2019\/08\/foto-2019-08-05-projeto-viver-natural-frei-jonas-9-1068x712.jpg 1068w, https:\/\/vanderloubet.com.br\/deputado\/wp-content\/uploads\/2019\/08\/foto-2019-08-05-projeto-viver-natural-frei-jonas-9.jpg 1080w\" sizes=\"(max-width: 630px) 100vw, 630px\" alt=\"Estufa para produ&ccedil;&atilde;o de mudas com sistema de irriga&ccedil;&atilde;o foi implantada pelo Projeto de Agricultura Periurbana\">\r\n                            <\/a>\r\n                            <figcaption class = \"td-slide-caption td-gallery-slide-content\"><span>Estufa para produ\u00e7\u00e3o de mudas com sistema de irriga\u00e7\u00e3o foi implantada pelo Projeto de Agricultura Periurbana<\/span><\/figcaption>\r\n                        <\/figure>\r\n                    <\/div>\r\n                    <div class = \"td-slide-item td-item10\">\r\n                        <figure class=\"td-slide-galery-figure td-slide-popup-gallery\">\r\n                            <a class=\"slide-gallery-image-link\" href=\"https:\/\/vanderloubet.com.br\/deputado\/wp-content\/uploads\/2019\/08\/foto-2019-08-05-projeto-viver-natural-frei-jonas-10.jpg\" title=\"Estufa para produ\u00e7\u00e3o de mudas com sistema de irriga\u00e7\u00e3o foi implantada pelo Projeto de Agricultura Periurbana\"  data-caption=\"\"  data-description=\"Estufa para produ&ccedil;&atilde;o de mudas com sistema de irriga&ccedil;&atilde;o foi implantada pelo Projeto de Agricultura Periurbana\">\r\n                                <img decoding=\"async\" src=\"https:\/\/vanderloubet.com.br\/deputado\/wp-content\/uploads\/2019\/08\/foto-2019-08-05-projeto-viver-natural-frei-jonas-10-630x420.jpg\" srcset=\"https:\/\/vanderloubet.com.br\/deputado\/wp-content\/uploads\/2019\/08\/foto-2019-08-05-projeto-viver-natural-frei-jonas-10-630x420.jpg 630w, https:\/\/vanderloubet.com.br\/deputado\/wp-content\/uploads\/2019\/08\/foto-2019-08-05-projeto-viver-natural-frei-jonas-10-350x233.jpg 350w, https:\/\/vanderloubet.com.br\/deputado\/wp-content\/uploads\/2019\/08\/foto-2019-08-05-projeto-viver-natural-frei-jonas-10-768x512.jpg 768w, https:\/\/vanderloubet.com.br\/deputado\/wp-content\/uploads\/2019\/08\/foto-2019-08-05-projeto-viver-natural-frei-jonas-10-700x467.jpg 700w, https:\/\/vanderloubet.com.br\/deputado\/wp-content\/uploads\/2019\/08\/foto-2019-08-05-projeto-viver-natural-frei-jonas-10-696x464.jpg 696w, https:\/\/vanderloubet.com.br\/deputado\/wp-content\/uploads\/2019\/08\/foto-2019-08-05-projeto-viver-natural-frei-jonas-10-1068x712.jpg 1068w, https:\/\/vanderloubet.com.br\/deputado\/wp-content\/uploads\/2019\/08\/foto-2019-08-05-projeto-viver-natural-frei-jonas-10.jpg 1080w\" sizes=\"(max-width: 630px) 100vw, 630px\" alt=\"Estufa para produ&ccedil;&atilde;o de mudas com sistema de irriga&ccedil;&atilde;o foi implantada pelo Projeto de Agricultura Periurbana\">\r\n                            <\/a>\r\n                            <figcaption class = \"td-slide-caption td-gallery-slide-content\"><span>Estufa para produ\u00e7\u00e3o de mudas com sistema de irriga\u00e7\u00e3o foi implantada pelo Projeto de Agricultura Periurbana<\/span><\/figcaption>\r\n                        <\/figure>\r\n                    <\/div>\r\n                    <div class = \"td-slide-item td-item11\">\r\n                        <figure class=\"td-slide-galery-figure td-slide-popup-gallery\">\r\n                            <a class=\"slide-gallery-image-link\" href=\"https:\/\/vanderloubet.com.br\/deputado\/wp-content\/uploads\/2019\/08\/foto-2019-08-05-projeto-viver-natural-frei-jonas-11.jpg\" title=\"Estufa para produ\u00e7\u00e3o de mudas com sistema de irriga\u00e7\u00e3o foi implantada pelo Projeto de Agricultura Periurbana\"  data-caption=\"\"  data-description=\"Estufa para produ&ccedil;&atilde;o de mudas com sistema de irriga&ccedil;&atilde;o foi implantada pelo Projeto de Agricultura Periurbana\">\r\n                                <img decoding=\"async\" src=\"https:\/\/vanderloubet.com.br\/deputado\/wp-content\/uploads\/2019\/08\/foto-2019-08-05-projeto-viver-natural-frei-jonas-11-630x420.jpg\" srcset=\"https:\/\/vanderloubet.com.br\/deputado\/wp-content\/uploads\/2019\/08\/foto-2019-08-05-projeto-viver-natural-frei-jonas-11-630x420.jpg 630w, https:\/\/vanderloubet.com.br\/deputado\/wp-content\/uploads\/2019\/08\/foto-2019-08-05-projeto-viver-natural-frei-jonas-11-350x233.jpg 350w, https:\/\/vanderloubet.com.br\/deputado\/wp-content\/uploads\/2019\/08\/foto-2019-08-05-projeto-viver-natural-frei-jonas-11-768x512.jpg 768w, https:\/\/vanderloubet.com.br\/deputado\/wp-content\/uploads\/2019\/08\/foto-2019-08-05-projeto-viver-natural-frei-jonas-11-700x467.jpg 700w, https:\/\/vanderloubet.com.br\/deputado\/wp-content\/uploads\/2019\/08\/foto-2019-08-05-projeto-viver-natural-frei-jonas-11-696x464.jpg 696w, https:\/\/vanderloubet.com.br\/deputado\/wp-content\/uploads\/2019\/08\/foto-2019-08-05-projeto-viver-natural-frei-jonas-11-1068x712.jpg 1068w, https:\/\/vanderloubet.com.br\/deputado\/wp-content\/uploads\/2019\/08\/foto-2019-08-05-projeto-viver-natural-frei-jonas-11.jpg 1080w\" sizes=\"(max-width: 630px) 100vw, 630px\" alt=\"Estufa para produ&ccedil;&atilde;o de mudas com sistema de irriga&ccedil;&atilde;o foi implantada pelo Projeto de Agricultura Periurbana\">\r\n                            <\/a>\r\n                            <figcaption class = \"td-slide-caption td-gallery-slide-content\"><span>Estufa para produ\u00e7\u00e3o de mudas com sistema de irriga\u00e7\u00e3o foi implantada pelo Projeto de Agricultura Periurbana<\/span><\/figcaption>\r\n                        <\/figure>\r\n                    <\/div>\r\n                    <div class = \"td-slide-item td-item12\">\r\n                        <figure class=\"td-slide-galery-figure td-slide-popup-gallery\">\r\n                            <a class=\"slide-gallery-image-link\" href=\"https:\/\/vanderloubet.com.br\/deputado\/wp-content\/uploads\/2019\/08\/foto-2019-08-05-projeto-viver-natural-frei-jonas-12.jpg\" title=\"Projeto Viver Natural, do Frei Jonas, oferece tratamento fitoter\u00e1pico gratuto para fam\u00edlias carentes\"  data-caption=\"\"  data-description=\"Projeto Viver Natural, do Frei Jonas, oferece tratamento fitoter&aacute;pico gratuto para fam&iacute;lias carentes\">\r\n                                <img decoding=\"async\" src=\"https:\/\/vanderloubet.com.br\/deputado\/wp-content\/uploads\/2019\/08\/foto-2019-08-05-projeto-viver-natural-frei-jonas-12-630x420.jpg\" srcset=\"https:\/\/vanderloubet.com.br\/deputado\/wp-content\/uploads\/2019\/08\/foto-2019-08-05-projeto-viver-natural-frei-jonas-12-630x420.jpg 630w, https:\/\/vanderloubet.com.br\/deputado\/wp-content\/uploads\/2019\/08\/foto-2019-08-05-projeto-viver-natural-frei-jonas-12-350x233.jpg 350w, https:\/\/vanderloubet.com.br\/deputado\/wp-content\/uploads\/2019\/08\/foto-2019-08-05-projeto-viver-natural-frei-jonas-12-768x512.jpg 768w, https:\/\/vanderloubet.com.br\/deputado\/wp-content\/uploads\/2019\/08\/foto-2019-08-05-projeto-viver-natural-frei-jonas-12-700x467.jpg 700w, https:\/\/vanderloubet.com.br\/deputado\/wp-content\/uploads\/2019\/08\/foto-2019-08-05-projeto-viver-natural-frei-jonas-12-696x464.jpg 696w, https:\/\/vanderloubet.com.br\/deputado\/wp-content\/uploads\/2019\/08\/foto-2019-08-05-projeto-viver-natural-frei-jonas-12-1068x712.jpg 1068w, https:\/\/vanderloubet.com.br\/deputado\/wp-content\/uploads\/2019\/08\/foto-2019-08-05-projeto-viver-natural-frei-jonas-12.jpg 1080w\" sizes=\"(max-width: 630px) 100vw, 630px\" alt=\"Projeto Viver Natural, do Frei Jonas, oferece tratamento fitoter&aacute;pico gratuto para fam&iacute;lias carentes\">\r\n                            <\/a>\r\n                            <figcaption class = \"td-slide-caption td-gallery-slide-content\"><span>Projeto Viver Natural, do Frei Jonas, oferece tratamento fitoter\u00e1pico gratuto para fam\u00edlias carentes<\/span><\/figcaption>\r\n                        <\/figure>\r\n                    <\/div>\r\n                    <div class = \"td-slide-item td-item13\">\r\n                        <figure class=\"td-slide-galery-figure td-slide-popup-gallery\">\r\n                            <a class=\"slide-gallery-image-link\" href=\"https:\/\/vanderloubet.com.br\/deputado\/wp-content\/uploads\/2019\/08\/foto-2019-08-05-projeto-viver-natural-frei-jonas-13.jpg\" title=\"Projeto Viver Natural, do Frei Jonas, oferece tratamento fitoter\u00e1pico gratuto para fam\u00edlias carentes\"  data-caption=\"\"  data-description=\"Projeto Viver Natural, do Frei Jonas, oferece tratamento fitoter&aacute;pico gratuto para fam&iacute;lias carentes\">\r\n                                <img decoding=\"async\" src=\"https:\/\/vanderloubet.com.br\/deputado\/wp-content\/uploads\/2019\/08\/foto-2019-08-05-projeto-viver-natural-frei-jonas-13-630x420.jpg\" srcset=\"https:\/\/vanderloubet.com.br\/deputado\/wp-content\/uploads\/2019\/08\/foto-2019-08-05-projeto-viver-natural-frei-jonas-13-630x420.jpg 630w, https:\/\/vanderloubet.com.br\/deputado\/wp-content\/uploads\/2019\/08\/foto-2019-08-05-projeto-viver-natural-frei-jonas-13-350x233.jpg 350w, https:\/\/vanderloubet.com.br\/deputado\/wp-content\/uploads\/2019\/08\/foto-2019-08-05-projeto-viver-natural-frei-jonas-13-768x512.jpg 768w, https:\/\/vanderloubet.com.br\/deputado\/wp-content\/uploads\/2019\/08\/foto-2019-08-05-projeto-viver-natural-frei-jonas-13-700x467.jpg 700w, https:\/\/vanderloubet.com.br\/deputado\/wp-content\/uploads\/2019\/08\/foto-2019-08-05-projeto-viver-natural-frei-jonas-13-696x464.jpg 696w, https:\/\/vanderloubet.com.br\/deputado\/wp-content\/uploads\/2019\/08\/foto-2019-08-05-projeto-viver-natural-frei-jonas-13-1068x712.jpg 1068w, https:\/\/vanderloubet.com.br\/deputado\/wp-content\/uploads\/2019\/08\/foto-2019-08-05-projeto-viver-natural-frei-jonas-13.jpg 1080w\" sizes=\"(max-width: 630px) 100vw, 630px\" alt=\"Projeto Viver Natural, do Frei Jonas, oferece tratamento fitoter&aacute;pico gratuto para fam&iacute;lias carentes\">\r\n                            <\/a>\r\n                            <figcaption class = \"td-slide-caption td-gallery-slide-content\"><span>Projeto Viver Natural, do Frei Jonas, oferece tratamento fitoter\u00e1pico gratuto para fam\u00edlias carentes<\/span><\/figcaption>\r\n                        <\/figure>\r\n                    <\/div>\r\n                    <div class = \"td-slide-item td-item14\">\r\n                        <figure class=\"td-slide-galery-figure td-slide-popup-gallery\">\r\n                            <a class=\"slide-gallery-image-link\" href=\"https:\/\/vanderloubet.com.br\/deputado\/wp-content\/uploads\/2019\/08\/foto-2019-08-05-projeto-viver-natural-frei-jonas-14.jpg\" title=\"Projeto Viver Natural, do Frei Jonas, oferece tratamento fitoter\u00e1pico gratuto para fam\u00edlias carentes\"  data-caption=\"\"  data-description=\"Projeto Viver Natural, do Frei Jonas, oferece tratamento fitoter&aacute;pico gratuto para fam&iacute;lias carentes\">\r\n                                <img decoding=\"async\" src=\"https:\/\/vanderloubet.com.br\/deputado\/wp-content\/uploads\/2019\/08\/foto-2019-08-05-projeto-viver-natural-frei-jonas-14-630x420.jpg\" srcset=\"https:\/\/vanderloubet.com.br\/deputado\/wp-content\/uploads\/2019\/08\/foto-2019-08-05-projeto-viver-natural-frei-jonas-14-630x420.jpg 630w, https:\/\/vanderloubet.com.br\/deputado\/wp-content\/uploads\/2019\/08\/foto-2019-08-05-projeto-viver-natural-frei-jonas-14-350x233.jpg 350w, https:\/\/vanderloubet.com.br\/deputado\/wp-content\/uploads\/2019\/08\/foto-2019-08-05-projeto-viver-natural-frei-jonas-14-768x512.jpg 768w, https:\/\/vanderloubet.com.br\/deputado\/wp-content\/uploads\/2019\/08\/foto-2019-08-05-projeto-viver-natural-frei-jonas-14-700x467.jpg 700w, https:\/\/vanderloubet.com.br\/deputado\/wp-content\/uploads\/2019\/08\/foto-2019-08-05-projeto-viver-natural-frei-jonas-14-696x464.jpg 696w, https:\/\/vanderloubet.com.br\/deputado\/wp-content\/uploads\/2019\/08\/foto-2019-08-05-projeto-viver-natural-frei-jonas-14-1068x712.jpg 1068w, https:\/\/vanderloubet.com.br\/deputado\/wp-content\/uploads\/2019\/08\/foto-2019-08-05-projeto-viver-natural-frei-jonas-14.jpg 1080w\" sizes=\"(max-width: 630px) 100vw, 630px\" alt=\"Projeto Viver Natural, do Frei Jonas, oferece tratamento fitoter&aacute;pico gratuto para fam&iacute;lias carentes\">\r\n                            <\/a>\r\n                            <figcaption class = \"td-slide-caption td-gallery-slide-content\"><span>Projeto Viver Natural, do Frei Jonas, oferece tratamento fitoter\u00e1pico gratuto para fam\u00edlias carentes<\/span><\/figcaption>\r\n                        <\/figure>\r\n                    <\/div>\r\n                    <div class = \"td-slide-item td-item15\">\r\n                        <figure class=\"td-slide-galery-figure td-slide-popup-gallery\">\r\n                            <a class=\"slide-gallery-image-link\" href=\"https:\/\/vanderloubet.com.br\/deputado\/wp-content\/uploads\/2019\/08\/foto-2019-08-05-projeto-viver-natural-frei-jonas-15.jpg\" title=\"Vander foi ao Lageado conhecer projeto social do Frei Jonas, beneficiado pela atua\u00e7\u00e3o do mandato\"  data-caption=\"\"  data-description=\"Vander foi ao Lageado conhecer projeto social do Frei Jonas, beneficiado pela atua&ccedil;&atilde;o do mandato\">\r\n                                <img decoding=\"async\" src=\"https:\/\/vanderloubet.com.br\/deputado\/wp-content\/uploads\/2019\/08\/foto-2019-08-05-projeto-viver-natural-frei-jonas-15-630x420.jpg\" srcset=\"https:\/\/vanderloubet.com.br\/deputado\/wp-content\/uploads\/2019\/08\/foto-2019-08-05-projeto-viver-natural-frei-jonas-15-630x420.jpg 630w, https:\/\/vanderloubet.com.br\/deputado\/wp-content\/uploads\/2019\/08\/foto-2019-08-05-projeto-viver-natural-frei-jonas-15-350x233.jpg 350w, https:\/\/vanderloubet.com.br\/deputado\/wp-content\/uploads\/2019\/08\/foto-2019-08-05-projeto-viver-natural-frei-jonas-15-768x512.jpg 768w, https:\/\/vanderloubet.com.br\/deputado\/wp-content\/uploads\/2019\/08\/foto-2019-08-05-projeto-viver-natural-frei-jonas-15-700x467.jpg 700w, https:\/\/vanderloubet.com.br\/deputado\/wp-content\/uploads\/2019\/08\/foto-2019-08-05-projeto-viver-natural-frei-jonas-15-696x464.jpg 696w, https:\/\/vanderloubet.com.br\/deputado\/wp-content\/uploads\/2019\/08\/foto-2019-08-05-projeto-viver-natural-frei-jonas-15-1068x712.jpg 1068w, https:\/\/vanderloubet.com.br\/deputado\/wp-content\/uploads\/2019\/08\/foto-2019-08-05-projeto-viver-natural-frei-jonas-15.jpg 1080w\" sizes=\"(max-width: 630px) 100vw, 630px\" alt=\"Vander foi ao Lageado conhecer projeto social do Frei Jonas, beneficiado pela atua&ccedil;&atilde;o do mandato\">\r\n                            <\/a>\r\n                            <figcaption class = \"td-slide-caption td-gallery-slide-content\"><span>Vander foi ao Lageado conhecer projeto social do Frei Jonas, beneficiado pela atua\u00e7\u00e3o do mandato<\/span><\/figcaption>\r\n                        <\/figure>\r\n                    <\/div>\r\n                    <div class = \"td-slide-item td-item16\">\r\n                        <figure class=\"td-slide-galery-figure td-slide-popup-gallery\">\r\n                            <a class=\"slide-gallery-image-link\" href=\"https:\/\/vanderloubet.com.br\/deputado\/wp-content\/uploads\/2019\/08\/foto-2019-08-05-projeto-viver-natural-frei-jonas-16.jpg\" title=\"Nos terrenos do projeto de Frei Jonas s\u00e3o cultivadas plantas medicinais e hortali\u00e7as de maneira org\u00e2nica\"  data-caption=\"\"  data-description=\"Nos terrenos do projeto de Frei Jonas s&atilde;o cultivadas plantas medicinais e hortali&ccedil;as de maneira org&acirc;nica\">\r\n                                <img decoding=\"async\" src=\"https:\/\/vanderloubet.com.br\/deputado\/wp-content\/uploads\/2019\/08\/foto-2019-08-05-projeto-viver-natural-frei-jonas-16-630x420.jpg\" srcset=\"https:\/\/vanderloubet.com.br\/deputado\/wp-content\/uploads\/2019\/08\/foto-2019-08-05-projeto-viver-natural-frei-jonas-16-630x420.jpg 630w, https:\/\/vanderloubet.com.br\/deputado\/wp-content\/uploads\/2019\/08\/foto-2019-08-05-projeto-viver-natural-frei-jonas-16-350x233.jpg 350w, https:\/\/vanderloubet.com.br\/deputado\/wp-content\/uploads\/2019\/08\/foto-2019-08-05-projeto-viver-natural-frei-jonas-16-768x512.jpg 768w, https:\/\/vanderloubet.com.br\/deputado\/wp-content\/uploads\/2019\/08\/foto-2019-08-05-projeto-viver-natural-frei-jonas-16-700x467.jpg 700w, https:\/\/vanderloubet.com.br\/deputado\/wp-content\/uploads\/2019\/08\/foto-2019-08-05-projeto-viver-natural-frei-jonas-16-696x464.jpg 696w, https:\/\/vanderloubet.com.br\/deputado\/wp-content\/uploads\/2019\/08\/foto-2019-08-05-projeto-viver-natural-frei-jonas-16-1068x712.jpg 1068w, https:\/\/vanderloubet.com.br\/deputado\/wp-content\/uploads\/2019\/08\/foto-2019-08-05-projeto-viver-natural-frei-jonas-16.jpg 1080w\" sizes=\"(max-width: 630px) 100vw, 630px\" alt=\"Nos terrenos do projeto de Frei Jonas s&atilde;o cultivadas plantas medicinais e hortali&ccedil;as de maneira org&acirc;nica\">\r\n                            <\/a>\r\n                            <figcaption class = \"td-slide-caption td-gallery-slide-content\"><span>Nos terrenos do projeto de Frei Jonas s\u00e3o cultivadas plantas medicinais e hortali\u00e7as de maneira org\u00e2nica<\/span><\/figcaption>\r\n                        <\/figure>\r\n                    <\/div>\r\n                    <div class = \"td-slide-item td-item17\">\r\n                        <figure class=\"td-slide-galery-figure td-slide-popup-gallery\">\r\n                            <a class=\"slide-gallery-image-link\" href=\"https:\/\/vanderloubet.com.br\/deputado\/wp-content\/uploads\/2019\/08\/foto-2019-08-05-projeto-viver-natural-frei-jonas-17.jpg\" title=\"Vander foi ao Lageado conhecer projeto social do Frei Jonas, beneficiado pela atua\u00e7\u00e3o do mandato\"  data-caption=\"\"  data-description=\"Vander foi ao Lageado conhecer projeto social do Frei Jonas, beneficiado pela atua&ccedil;&atilde;o do mandato\">\r\n                                <img decoding=\"async\" src=\"https:\/\/vanderloubet.com.br\/deputado\/wp-content\/uploads\/2019\/08\/foto-2019-08-05-projeto-viver-natural-frei-jonas-17-630x420.jpg\" srcset=\"https:\/\/vanderloubet.com.br\/deputado\/wp-content\/uploads\/2019\/08\/foto-2019-08-05-projeto-viver-natural-frei-jonas-17-630x420.jpg 630w, https:\/\/vanderloubet.com.br\/deputado\/wp-content\/uploads\/2019\/08\/foto-2019-08-05-projeto-viver-natural-frei-jonas-17-350x233.jpg 350w, https:\/\/vanderloubet.com.br\/deputado\/wp-content\/uploads\/2019\/08\/foto-2019-08-05-projeto-viver-natural-frei-jonas-17-768x512.jpg 768w, https:\/\/vanderloubet.com.br\/deputado\/wp-content\/uploads\/2019\/08\/foto-2019-08-05-projeto-viver-natural-frei-jonas-17-700x467.jpg 700w, https:\/\/vanderloubet.com.br\/deputado\/wp-content\/uploads\/2019\/08\/foto-2019-08-05-projeto-viver-natural-frei-jonas-17-696x464.jpg 696w, https:\/\/vanderloubet.com.br\/deputado\/wp-content\/uploads\/2019\/08\/foto-2019-08-05-projeto-viver-natural-frei-jonas-17-1068x712.jpg 1068w, https:\/\/vanderloubet.com.br\/deputado\/wp-content\/uploads\/2019\/08\/foto-2019-08-05-projeto-viver-natural-frei-jonas-17.jpg 1080w\" sizes=\"(max-width: 630px) 100vw, 630px\" alt=\"Vander foi ao Lageado conhecer projeto social do Frei Jonas, beneficiado pela atua&ccedil;&atilde;o do mandato\">\r\n                            <\/a>\r\n                            <figcaption class = \"td-slide-caption td-gallery-slide-content\"><span>Vander foi ao Lageado conhecer projeto social do Frei Jonas, beneficiado pela atua\u00e7\u00e3o do mandato<\/span><\/figcaption>\r\n                        <\/figure>\r\n                    <\/div>\r\n                    <div class = \"td-slide-item td-item18\">\r\n                        <figure class=\"td-slide-galery-figure td-slide-popup-gallery\">\r\n                            <a class=\"slide-gallery-image-link\" href=\"https:\/\/vanderloubet.com.br\/deputado\/wp-content\/uploads\/2019\/08\/foto-2019-08-05-projeto-viver-natural-frei-jonas-18.jpg\" title=\"Nos terrenos do projeto de Frei Jonas s\u00e3o cultivadas plantas medicinais e hortali\u00e7as de maneira org\u00e2nica\"  data-caption=\"\"  data-description=\"Nos terrenos do projeto de Frei Jonas s&atilde;o cultivadas plantas medicinais e hortali&ccedil;as de maneira org&acirc;nica\">\r\n                                <img decoding=\"async\" src=\"https:\/\/vanderloubet.com.br\/deputado\/wp-content\/uploads\/2019\/08\/foto-2019-08-05-projeto-viver-natural-frei-jonas-18-630x420.jpg\" srcset=\"https:\/\/vanderloubet.com.br\/deputado\/wp-content\/uploads\/2019\/08\/foto-2019-08-05-projeto-viver-natural-frei-jonas-18-630x420.jpg 630w, https:\/\/vanderloubet.com.br\/deputado\/wp-content\/uploads\/2019\/08\/foto-2019-08-05-projeto-viver-natural-frei-jonas-18-350x233.jpg 350w, https:\/\/vanderloubet.com.br\/deputado\/wp-content\/uploads\/2019\/08\/foto-2019-08-05-projeto-viver-natural-frei-jonas-18-768x512.jpg 768w, https:\/\/vanderloubet.com.br\/deputado\/wp-content\/uploads\/2019\/08\/foto-2019-08-05-projeto-viver-natural-frei-jonas-18-700x467.jpg 700w, https:\/\/vanderloubet.com.br\/deputado\/wp-content\/uploads\/2019\/08\/foto-2019-08-05-projeto-viver-natural-frei-jonas-18-696x464.jpg 696w, https:\/\/vanderloubet.com.br\/deputado\/wp-content\/uploads\/2019\/08\/foto-2019-08-05-projeto-viver-natural-frei-jonas-18-1068x712.jpg 1068w, https:\/\/vanderloubet.com.br\/deputado\/wp-content\/uploads\/2019\/08\/foto-2019-08-05-projeto-viver-natural-frei-jonas-18.jpg 1080w\" sizes=\"(max-width: 630px) 100vw, 630px\" alt=\"Nos terrenos do projeto de Frei Jonas s&atilde;o cultivadas plantas medicinais e hortali&ccedil;as de maneira org&acirc;nica\">\r\n                            <\/a>\r\n                            <figcaption class = \"td-slide-caption td-gallery-slide-content\"><span>Nos terrenos do projeto de Frei Jonas s\u00e3o cultivadas plantas medicinais e hortali\u00e7as de maneira org\u00e2nica<\/span><\/figcaption>\r\n                        <\/figure>\r\n                    <\/div>\r\n                    <div class = \"td-slide-item td-item19\">\r\n                        <figure class=\"td-slide-galery-figure td-slide-popup-gallery\">\r\n                            <a class=\"slide-gallery-image-link\" href=\"https:\/\/vanderloubet.com.br\/deputado\/wp-content\/uploads\/2019\/08\/foto-2019-08-05-projeto-viver-natural-frei-jonas-19.jpg\" title=\"Vander foi ao Lageado conhecer projeto social do Frei Jonas, beneficiado pela atua\u00e7\u00e3o do mandato\"  data-caption=\"\"  data-description=\"Vander foi ao Lageado conhecer projeto social do Frei Jonas, beneficiado pela atua&ccedil;&atilde;o do mandato\">\r\n                                <img decoding=\"async\" src=\"https:\/\/vanderloubet.com.br\/deputado\/wp-content\/uploads\/2019\/08\/foto-2019-08-05-projeto-viver-natural-frei-jonas-19-630x420.jpg\" srcset=\"https:\/\/vanderloubet.com.br\/deputado\/wp-content\/uploads\/2019\/08\/foto-2019-08-05-projeto-viver-natural-frei-jonas-19-630x420.jpg 630w, https:\/\/vanderloubet.com.br\/deputado\/wp-content\/uploads\/2019\/08\/foto-2019-08-05-projeto-viver-natural-frei-jonas-19-350x233.jpg 350w, https:\/\/vanderloubet.com.br\/deputado\/wp-content\/uploads\/2019\/08\/foto-2019-08-05-projeto-viver-natural-frei-jonas-19-768x512.jpg 768w, https:\/\/vanderloubet.com.br\/deputado\/wp-content\/uploads\/2019\/08\/foto-2019-08-05-projeto-viver-natural-frei-jonas-19-700x467.jpg 700w, https:\/\/vanderloubet.com.br\/deputado\/wp-content\/uploads\/2019\/08\/foto-2019-08-05-projeto-viver-natural-frei-jonas-19-696x464.jpg 696w, https:\/\/vanderloubet.com.br\/deputado\/wp-content\/uploads\/2019\/08\/foto-2019-08-05-projeto-viver-natural-frei-jonas-19-1068x712.jpg 1068w, https:\/\/vanderloubet.com.br\/deputado\/wp-content\/uploads\/2019\/08\/foto-2019-08-05-projeto-viver-natural-frei-jonas-19.jpg 1080w\" sizes=\"(max-width: 630px) 100vw, 630px\" alt=\"Vander foi ao Lageado conhecer projeto social do Frei Jonas, beneficiado pela atua&ccedil;&atilde;o do mandato\">\r\n                            <\/a>\r\n                            <figcaption class = \"td-slide-caption td-gallery-slide-content\"><span>Vander foi ao Lageado conhecer projeto social do Frei Jonas, beneficiado pela atua\u00e7\u00e3o do mandato<\/span><\/figcaption>\r\n                        <\/figure>\r\n                    <\/div>\r\n                    <div class = \"td-slide-item td-item20\">\r\n                        <figure class=\"td-slide-galery-figure td-slide-popup-gallery\">\r\n                            <a class=\"slide-gallery-image-link\" href=\"https:\/\/vanderloubet.com.br\/deputado\/wp-content\/uploads\/2019\/08\/foto-2019-08-05-projeto-viver-natural-frei-jonas-20.jpg\" title=\"Vander foi ao Lageado conhecer projeto social do Frei Jonas, beneficiado pela atua\u00e7\u00e3o do mandato\"  data-caption=\"\"  data-description=\"Vander foi ao Lageado conhecer projeto social do Frei Jonas, beneficiado pela atua&ccedil;&atilde;o do mandato\">\r\n                                <img decoding=\"async\" src=\"https:\/\/vanderloubet.com.br\/deputado\/wp-content\/uploads\/2019\/08\/foto-2019-08-05-projeto-viver-natural-frei-jonas-20-630x420.jpg\" srcset=\"https:\/\/vanderloubet.com.br\/deputado\/wp-content\/uploads\/2019\/08\/foto-2019-08-05-projeto-viver-natural-frei-jonas-20-630x420.jpg 630w, https:\/\/vanderloubet.com.br\/deputado\/wp-content\/uploads\/2019\/08\/foto-2019-08-05-projeto-viver-natural-frei-jonas-20-350x233.jpg 350w, https:\/\/vanderloubet.com.br\/deputado\/wp-content\/uploads\/2019\/08\/foto-2019-08-05-projeto-viver-natural-frei-jonas-20-768x512.jpg 768w, https:\/\/vanderloubet.com.br\/deputado\/wp-content\/uploads\/2019\/08\/foto-2019-08-05-projeto-viver-natural-frei-jonas-20-700x467.jpg 700w, https:\/\/vanderloubet.com.br\/deputado\/wp-content\/uploads\/2019\/08\/foto-2019-08-05-projeto-viver-natural-frei-jonas-20-696x464.jpg 696w, https:\/\/vanderloubet.com.br\/deputado\/wp-content\/uploads\/2019\/08\/foto-2019-08-05-projeto-viver-natural-frei-jonas-20-1068x712.jpg 1068w, https:\/\/vanderloubet.com.br\/deputado\/wp-content\/uploads\/2019\/08\/foto-2019-08-05-projeto-viver-natural-frei-jonas-20.jpg 1080w\" sizes=\"(max-width: 630px) 100vw, 630px\" alt=\"Vander foi ao Lageado conhecer projeto social do Frei Jonas, beneficiado pela atua&ccedil;&atilde;o do mandato\">\r\n                            <\/a>\r\n                            <figcaption class = \"td-slide-caption td-gallery-slide-content\"><span>Vander foi ao Lageado conhecer projeto social do Frei Jonas, beneficiado pela atua\u00e7\u00e3o do mandato<\/span><\/figcaption>\r\n                        <\/figure>\r\n                    <\/div>\r\n                            <\/div>\r\n                        <\/div>\r\n\r\n                        <div class = \"td-doubleSlider-2\">\r\n                            <div class = \"td-slider\">\r\n                                \r\n                    <div class = \"td-button td-item1\">\r\n                        <div class = \"td-border\"><\/div>\r\n                    <\/div>\r\n                    <div class = \"td-button td-item2\">\r\n                        <div class = \"td-border\"><\/div>\r\n                    <\/div>\r\n                    <div class = \"td-button td-item3\">\r\n                        <div class = \"td-border\"><\/div>\r\n                    <\/div>\r\n                    <div class = \"td-button td-item4\">\r\n                        <div class = \"td-border\"><\/div>\r\n                    <\/div>\r\n                    <div class = \"td-button td-item5\">\r\n                        <div class = \"td-border\"><\/div>\r\n                    <\/div>\r\n                    <div class = \"td-button td-item6\">\r\n                        <div class = \"td-border\"><\/div>\r\n                    <\/div>\r\n                    <div class = \"td-button td-item7\">\r\n                        <div class = \"td-border\"><\/div>\r\n                    <\/div>\r\n                    <div class = \"td-button td-item8\">\r\n                        <div class = \"td-border\"><\/div>\r\n                    <\/div>\r\n                    <div class = \"td-button td-item9\">\r\n                        <div class = \"td-border\"><\/div>\r\n                    <\/div>\r\n                    <div class = \"td-button td-item10\">\r\n                        <div class = \"td-border\"><\/div>\r\n                    <\/div>\r\n                    <div class = \"td-button td-item11\">\r\n                        <div class = \"td-border\"><\/div>\r\n                    <\/div>\r\n                    <div class = \"td-button td-item12\">\r\n                        <div class = \"td-border\"><\/div>\r\n                    <\/div>\r\n                    <div class = \"td-button td-item13\">\r\n                        <div class = \"td-border\"><\/div>\r\n                    <\/div>\r\n                    <div class = \"td-button td-item14\">\r\n                        <div class = \"td-border\"><\/div>\r\n                    <\/div>\r\n                    <div class = \"td-button td-item15\">\r\n                        <div class = \"td-border\"><\/div>\r\n                    <\/div>\r\n                    <div class = \"td-button td-item16\">\r\n                        <div class = \"td-border\"><\/div>\r\n                    <\/div>\r\n                    <div class = \"td-button td-item17\">\r\n                        <div class = \"td-border\"><\/div>\r\n                    <\/div>\r\n                    <div class = \"td-button td-item18\">\r\n                        <div class = \"td-border\"><\/div>\r\n                    <\/div>\r\n                    <div class = \"td-button td-item19\">\r\n                        <div class = \"td-border\"><\/div>\r\n                    <\/div>\r\n                    <div class = \"td-button td-item20\">\r\n                        <div class = \"td-border\"><\/div>\r\n                    <\/div>\r\n                            <\/div>\r\n                        <\/div>\r\n\r\n                    <\/div>\r\n\r\n                <\/div>\r\n                \n","protected":false},"excerpt":{"rendered":"<p>Projeto do Frei Jonas recebeu estufa com irriga\u00e7\u00e3o viabilizada por emenda parlamentar do deputado e do ex-deputado Zeca do PT.<\/p>\n","protected":false},"author":2,"featured_media":15774,"comment_status":"closed","ping_status":"closed","sticky":false,"template":"","format":"standard","meta":{"jetpack_post_was_ever_published":false,"_jetpack_newsletter_access":"","_jetpack_dont_email_post_to_subs":false,"_jetpack_newsletter_tier_id":0,"_jetpack_memberships_contains_paywalled_content":false,"_jetpack_memberships_contains_paid_content":false,"footnotes":""},"categories":[2097,10],"tags":[2390,199,2127,1803],"class_list":{"0":"post-15757","1":"post","2":"type-post","3":"status-publish","4":"format-standard","5":"has-post-thumbnail","7":"category-municipios-noticias","8":"category-noticias","9":"tag-agricultura-periurbana","10":"tag-assistencia-social","11":"tag-emenda-parlamentar","12":"tag-saude"},"yoast_head":"<!-- This site is optimized with the Yoast SEO plugin v27.4 - https:\/\/yoast.com\/product\/yoast-seo-wordpress\/ -->\n<title>Vander visita projeto do Lageado beneficiado com cultivo protegido de hortali\u00e7as<\/title>\n<meta name=\"description\" content=\"Projeto do Frei Jonas recebeu estufa com irriga\u00e7\u00e3o viabilizada por emenda parlamentar do deputado e do ex-deputado Zeca do PT.\" \/>\n<meta name=\"robots\" content=\"index, follow, max-snippet:-1, max-image-preview:large, max-video-preview:-1\" \/>\n<link rel=\"canonical\" href=\"https:\/\/vanderloubet.com.br\/deputado\/vander-visita-projeto-do-lageado-beneficiado-com-cultivo-protegido-de-hortalicas\/\" \/>\n<meta property=\"og:locale\" content=\"pt_BR\" \/>\n<meta property=\"og:type\" content=\"article\" \/>\n<meta property=\"og:title\" content=\"Vander visita projeto do Lageado beneficiado com cultivo protegido de hortali\u00e7as\" \/>\n<meta property=\"og:description\" content=\"Projeto do Frei Jonas recebeu estufa com irriga\u00e7\u00e3o viabilizada por emenda parlamentar do deputado e do ex-deputado Zeca do PT.\" \/>\n<meta property=\"og:url\" content=\"https:\/\/vanderloubet.com.br\/deputado\/vander-visita-projeto-do-lageado-beneficiado-com-cultivo-protegido-de-hortalicas\/\" \/>\n<meta property=\"og:site_name\" content=\"Deputado Federal Vander Loubet\" \/>\n<meta property=\"article:publisher\" content=\"https:\/\/facebook.com\/deputadovander\" \/>\n<meta property=\"article:published_time\" content=\"2019-08-13T15:28:39+00:00\" \/>\n<meta property=\"og:image\" content=\"https:\/\/vanderloubet.com.br\/deputado\/wp-content\/uploads\/2019\/08\/foto-2019-08-05-projeto-viver-natural-frei-jonas-17.jpg\" \/>\n\t<meta property=\"og:image:width\" content=\"1080\" \/>\n\t<meta property=\"og:image:height\" content=\"720\" \/>\n\t<meta property=\"og:image:type\" content=\"image\/jpeg\" \/>\n<meta name=\"author\" content=\"\u00c9der\" \/>\n<meta name=\"twitter:card\" content=\"summary_large_image\" \/>\n<meta name=\"twitter:creator\" content=\"@vanderloubet\" \/>\n<meta name=\"twitter:site\" content=\"@vanderloubet\" \/>\n<script type=\"application\/ld+json\" class=\"yoast-schema-graph\">{\"@context\":\"https:\\\/\\\/schema.org\",\"@graph\":[{\"@type\":\"Article\",\"@id\":\"https:\\\/\\\/vanderloubet.com.br\\\/deputado\\\/vander-visita-projeto-do-lageado-beneficiado-com-cultivo-protegido-de-hortalicas\\\/#article\",\"isPartOf\":{\"@id\":\"https:\\\/\\\/vanderloubet.com.br\\\/deputado\\\/vander-visita-projeto-do-lageado-beneficiado-com-cultivo-protegido-de-hortalicas\\\/\"},\"author\":{\"name\":\"\u00c9der\",\"@id\":\"https:\\\/\\\/vanderloubet.com.br\\\/deputado\\\/#\\\/schema\\\/person\\\/15b51bd564532a8a68d9dec1b8eb890e\"},\"headline\":\"Vander visita projeto do Lageado beneficiado com cultivo protegido de hortali\u00e7as\",\"datePublished\":\"2019-08-13T15:28:39+00:00\",\"mainEntityOfPage\":{\"@id\":\"https:\\\/\\\/vanderloubet.com.br\\\/deputado\\\/vander-visita-projeto-do-lageado-beneficiado-com-cultivo-protegido-de-hortalicas\\\/\"},\"wordCount\":461,\"publisher\":{\"@id\":\"https:\\\/\\\/vanderloubet.com.br\\\/deputado\\\/#organization\"},\"image\":{\"@id\":\"https:\\\/\\\/vanderloubet.com.br\\\/deputado\\\/vander-visita-projeto-do-lageado-beneficiado-com-cultivo-protegido-de-hortalicas\\\/#primaryimage\"},\"thumbnailUrl\":\"https:\\\/\\\/vanderloubet.com.br\\\/deputado\\\/wp-content\\\/uploads\\\/2019\\\/08\\\/foto-2019-08-05-projeto-viver-natural-frei-jonas-17.jpg\",\"keywords\":[\"agricultura periurbana\",\"assist\u00eancia social\",\"emenda parlamentar\",\"sa\u00fade\"],\"articleSection\":[\"Munic\u00edpios\",\"Not\u00edcias\"],\"inLanguage\":\"pt-BR\"},{\"@type\":\"WebPage\",\"@id\":\"https:\\\/\\\/vanderloubet.com.br\\\/deputado\\\/vander-visita-projeto-do-lageado-beneficiado-com-cultivo-protegido-de-hortalicas\\\/\",\"url\":\"https:\\\/\\\/vanderloubet.com.br\\\/deputado\\\/vander-visita-projeto-do-lageado-beneficiado-com-cultivo-protegido-de-hortalicas\\\/\",\"name\":\"Vander visita projeto do Lageado beneficiado com cultivo protegido de hortali\u00e7as\",\"isPartOf\":{\"@id\":\"https:\\\/\\\/vanderloubet.com.br\\\/deputado\\\/#website\"},\"primaryImageOfPage\":{\"@id\":\"https:\\\/\\\/vanderloubet.com.br\\\/deputado\\\/vander-visita-projeto-do-lageado-beneficiado-com-cultivo-protegido-de-hortalicas\\\/#primaryimage\"},\"image\":{\"@id\":\"https:\\\/\\\/vanderloubet.com.br\\\/deputado\\\/vander-visita-projeto-do-lageado-beneficiado-com-cultivo-protegido-de-hortalicas\\\/#primaryimage\"},\"thumbnailUrl\":\"https:\\\/\\\/vanderloubet.com.br\\\/deputado\\\/wp-content\\\/uploads\\\/2019\\\/08\\\/foto-2019-08-05-projeto-viver-natural-frei-jonas-17.jpg\",\"datePublished\":\"2019-08-13T15:28:39+00:00\",\"description\":\"Projeto do Frei Jonas recebeu estufa com irriga\u00e7\u00e3o viabilizada por emenda parlamentar do deputado e do ex-deputado Zeca do PT.\",\"breadcrumb\":{\"@id\":\"https:\\\/\\\/vanderloubet.com.br\\\/deputado\\\/vander-visita-projeto-do-lageado-beneficiado-com-cultivo-protegido-de-hortalicas\\\/#breadcrumb\"},\"inLanguage\":\"pt-BR\",\"potentialAction\":[{\"@type\":\"ReadAction\",\"target\":[\"https:\\\/\\\/vanderloubet.com.br\\\/deputado\\\/vander-visita-projeto-do-lageado-beneficiado-com-cultivo-protegido-de-hortalicas\\\/\"]}]},{\"@type\":\"ImageObject\",\"inLanguage\":\"pt-BR\",\"@id\":\"https:\\\/\\\/vanderloubet.com.br\\\/deputado\\\/vander-visita-projeto-do-lageado-beneficiado-com-cultivo-protegido-de-hortalicas\\\/#primaryimage\",\"url\":\"https:\\\/\\\/vanderloubet.com.br\\\/deputado\\\/wp-content\\\/uploads\\\/2019\\\/08\\\/foto-2019-08-05-projeto-viver-natural-frei-jonas-17.jpg\",\"contentUrl\":\"https:\\\/\\\/vanderloubet.com.br\\\/deputado\\\/wp-content\\\/uploads\\\/2019\\\/08\\\/foto-2019-08-05-projeto-viver-natural-frei-jonas-17.jpg\",\"width\":1080,\"height\":720,\"caption\":\"Vander foi ao Lageado conhecer projeto social do Frei Jonas, beneficiado pela atua\u00e7\u00e3o do mandato\"},{\"@type\":\"BreadcrumbList\",\"@id\":\"https:\\\/\\\/vanderloubet.com.br\\\/deputado\\\/vander-visita-projeto-do-lageado-beneficiado-com-cultivo-protegido-de-hortalicas\\\/#breadcrumb\",\"itemListElement\":[{\"@type\":\"ListItem\",\"position\":1,\"name\":\"In\u00edcio\",\"item\":\"https:\\\/\\\/vanderloubet.com.br\\\/deputado\\\/\"},{\"@type\":\"ListItem\",\"position\":2,\"name\":\"Vander visita projeto do Lageado beneficiado com cultivo protegido de hortali\u00e7as\"}]},{\"@type\":\"WebSite\",\"@id\":\"https:\\\/\\\/vanderloubet.com.br\\\/deputado\\\/#website\",\"url\":\"https:\\\/\\\/vanderloubet.com.br\\\/deputado\\\/\",\"name\":\"Deputado Federal Vander Loubet\",\"description\":\"O Federal de MS\",\"publisher\":{\"@id\":\"https:\\\/\\\/vanderloubet.com.br\\\/deputado\\\/#organization\"},\"alternateName\":\"Deputado Vander\",\"potentialAction\":[{\"@type\":\"SearchAction\",\"target\":{\"@type\":\"EntryPoint\",\"urlTemplate\":\"https:\\\/\\\/vanderloubet.com.br\\\/deputado\\\/?s={search_term_string}\"},\"query-input\":{\"@type\":\"PropertyValueSpecification\",\"valueRequired\":true,\"valueName\":\"search_term_string\"}}],\"inLanguage\":\"pt-BR\"},{\"@type\":\"Organization\",\"@id\":\"https:\\\/\\\/vanderloubet.com.br\\\/deputado\\\/#organization\",\"name\":\"Deputado Federal Vander Loubet\",\"alternateName\":\"Deputado Vander\",\"url\":\"https:\\\/\\\/vanderloubet.com.br\\\/deputado\\\/\",\"logo\":{\"@type\":\"ImageObject\",\"inLanguage\":\"pt-BR\",\"@id\":\"https:\\\/\\\/vanderloubet.com.br\\\/deputado\\\/#\\\/schema\\\/logo\\\/image\\\/\",\"url\":\"https:\\\/\\\/vanderloubet.com.br\\\/deputado\\\/wp-content\\\/uploads\\\/2023\\\/06\\\/foto-2023-06-19-mandato-deputado-vander.jpg\",\"contentUrl\":\"https:\\\/\\\/vanderloubet.com.br\\\/deputado\\\/wp-content\\\/uploads\\\/2023\\\/06\\\/foto-2023-06-19-mandato-deputado-vander.jpg\",\"width\":1080,\"height\":1080,\"caption\":\"Deputado Federal Vander Loubet\"},\"image\":{\"@id\":\"https:\\\/\\\/vanderloubet.com.br\\\/deputado\\\/#\\\/schema\\\/logo\\\/image\\\/\"},\"sameAs\":[\"https:\\\/\\\/facebook.com\\\/deputadovander\",\"https:\\\/\\\/x.com\\\/vanderloubet\",\"https:\\\/\\\/instagram.com\\\/vanderloubet\",\"https:\\\/\\\/youtube.com\\\/vanderloubet\",\"https:\\\/\\\/tiktok.com\\\/@vanderloubetms\"]},{\"@type\":\"Person\",\"@id\":\"https:\\\/\\\/vanderloubet.com.br\\\/deputado\\\/#\\\/schema\\\/person\\\/15b51bd564532a8a68d9dec1b8eb890e\",\"name\":\"\u00c9der\",\"image\":{\"@type\":\"ImageObject\",\"inLanguage\":\"pt-BR\",\"@id\":\"https:\\\/\\\/vanderloubet.com.br\\\/deputado\\\/wp-content\\\/litespeed\\\/avatar\\\/88ca4090d9d5ab1c9495f6ca03b68efa.jpg?ver=1777058957\",\"url\":\"https:\\\/\\\/vanderloubet.com.br\\\/deputado\\\/wp-content\\\/litespeed\\\/avatar\\\/88ca4090d9d5ab1c9495f6ca03b68efa.jpg?ver=1777058957\",\"contentUrl\":\"https:\\\/\\\/vanderloubet.com.br\\\/deputado\\\/wp-content\\\/litespeed\\\/avatar\\\/88ca4090d9d5ab1c9495f6ca03b68efa.jpg?ver=1777058957\",\"caption\":\"\u00c9der\"}}]}<\/script>\n<!-- \/ Yoast SEO plugin. -->","yoast_head_json":{"title":"Vander visita projeto do Lageado beneficiado com cultivo protegido de hortali\u00e7as","description":"Projeto do Frei Jonas recebeu estufa com irriga\u00e7\u00e3o viabilizada por emenda parlamentar do deputado e do ex-deputado Zeca do PT.","robots":{"index":"index","follow":"follow","max-snippet":"max-snippet:-1","max-image-preview":"max-image-preview:large","max-video-preview":"max-video-preview:-1"},"canonical":"https:\/\/vanderloubet.com.br\/deputado\/vander-visita-projeto-do-lageado-beneficiado-com-cultivo-protegido-de-hortalicas\/","og_locale":"pt_BR","og_type":"article","og_title":"Vander visita projeto do Lageado beneficiado com cultivo protegido de hortali\u00e7as","og_description":"Projeto do Frei Jonas recebeu estufa com irriga\u00e7\u00e3o viabilizada por emenda parlamentar do deputado e do ex-deputado Zeca do PT.","og_url":"https:\/\/vanderloubet.com.br\/deputado\/vander-visita-projeto-do-lageado-beneficiado-com-cultivo-protegido-de-hortalicas\/","og_site_name":"Deputado Federal Vander Loubet","article_publisher":"https:\/\/facebook.com\/deputadovander","article_published_time":"2019-08-13T15:28:39+00:00","og_image":[{"width":1080,"height":720,"url":"https:\/\/vanderloubet.com.br\/deputado\/wp-content\/uploads\/2019\/08\/foto-2019-08-05-projeto-viver-natural-frei-jonas-17.jpg","type":"image\/jpeg"}],"author":"\u00c9der","twitter_card":"summary_large_image","twitter_creator":"@vanderloubet","twitter_site":"@vanderloubet","schema":{"@context":"https:\/\/schema.org","@graph":[{"@type":"Article","@id":"https:\/\/vanderloubet.com.br\/deputado\/vander-visita-projeto-do-lageado-beneficiado-com-cultivo-protegido-de-hortalicas\/#article","isPartOf":{"@id":"https:\/\/vanderloubet.com.br\/deputado\/vander-visita-projeto-do-lageado-beneficiado-com-cultivo-protegido-de-hortalicas\/"},"author":{"name":"\u00c9der","@id":"https:\/\/vanderloubet.com.br\/deputado\/#\/schema\/person\/15b51bd564532a8a68d9dec1b8eb890e"},"headline":"Vander visita projeto do Lageado beneficiado com cultivo protegido de hortali\u00e7as","datePublished":"2019-08-13T15:28:39+00:00","mainEntityOfPage":{"@id":"https:\/\/vanderloubet.com.br\/deputado\/vander-visita-projeto-do-lageado-beneficiado-com-cultivo-protegido-de-hortalicas\/"},"wordCount":461,"publisher":{"@id":"https:\/\/vanderloubet.com.br\/deputado\/#organization"},"image":{"@id":"https:\/\/vanderloubet.com.br\/deputado\/vander-visita-projeto-do-lageado-beneficiado-com-cultivo-protegido-de-hortalicas\/#primaryimage"},"thumbnailUrl":"https:\/\/vanderloubet.com.br\/deputado\/wp-content\/uploads\/2019\/08\/foto-2019-08-05-projeto-viver-natural-frei-jonas-17.jpg","keywords":["agricultura periurbana","assist\u00eancia social","emenda parlamentar","sa\u00fade"],"articleSection":["Munic\u00edpios","Not\u00edcias"],"inLanguage":"pt-BR"},{"@type":"WebPage","@id":"https:\/\/vanderloubet.com.br\/deputado\/vander-visita-projeto-do-lageado-beneficiado-com-cultivo-protegido-de-hortalicas\/","url":"https:\/\/vanderloubet.com.br\/deputado\/vander-visita-projeto-do-lageado-beneficiado-com-cultivo-protegido-de-hortalicas\/","name":"Vander visita projeto do Lageado beneficiado com cultivo protegido de hortali\u00e7as","isPartOf":{"@id":"https:\/\/vanderloubet.com.br\/deputado\/#website"},"primaryImageOfPage":{"@id":"https:\/\/vanderloubet.com.br\/deputado\/vander-visita-projeto-do-lageado-beneficiado-com-cultivo-protegido-de-hortalicas\/#primaryimage"},"image":{"@id":"https:\/\/vanderloubet.com.br\/deputado\/vander-visita-projeto-do-lageado-beneficiado-com-cultivo-protegido-de-hortalicas\/#primaryimage"},"thumbnailUrl":"https:\/\/vanderloubet.com.br\/deputado\/wp-content\/uploads\/2019\/08\/foto-2019-08-05-projeto-viver-natural-frei-jonas-17.jpg","datePublished":"2019-08-13T15:28:39+00:00","description":"Projeto do Frei Jonas recebeu estufa com irriga\u00e7\u00e3o viabilizada por emenda parlamentar do deputado e do ex-deputado Zeca do PT.","breadcrumb":{"@id":"https:\/\/vanderloubet.com.br\/deputado\/vander-visita-projeto-do-lageado-beneficiado-com-cultivo-protegido-de-hortalicas\/#breadcrumb"},"inLanguage":"pt-BR","potentialAction":[{"@type":"ReadAction","target":["https:\/\/vanderloubet.com.br\/deputado\/vander-visita-projeto-do-lageado-beneficiado-com-cultivo-protegido-de-hortalicas\/"]}]},{"@type":"ImageObject","inLanguage":"pt-BR","@id":"https:\/\/vanderloubet.com.br\/deputado\/vander-visita-projeto-do-lageado-beneficiado-com-cultivo-protegido-de-hortalicas\/#primaryimage","url":"https:\/\/vanderloubet.com.br\/deputado\/wp-content\/uploads\/2019\/08\/foto-2019-08-05-projeto-viver-natural-frei-jonas-17.jpg","contentUrl":"https:\/\/vanderloubet.com.br\/deputado\/wp-content\/uploads\/2019\/08\/foto-2019-08-05-projeto-viver-natural-frei-jonas-17.jpg","width":1080,"height":720,"caption":"Vander foi ao Lageado conhecer projeto social do Frei Jonas, beneficiado pela atua\u00e7\u00e3o do mandato"},{"@type":"BreadcrumbList","@id":"https:\/\/vanderloubet.com.br\/deputado\/vander-visita-projeto-do-lageado-beneficiado-com-cultivo-protegido-de-hortalicas\/#breadcrumb","itemListElement":[{"@type":"ListItem","position":1,"name":"In\u00edcio","item":"https:\/\/vanderloubet.com.br\/deputado\/"},{"@type":"ListItem","position":2,"name":"Vander visita projeto do Lageado beneficiado com cultivo protegido de hortali\u00e7as"}]},{"@type":"WebSite","@id":"https:\/\/vanderloubet.com.br\/deputado\/#website","url":"https:\/\/vanderloubet.com.br\/deputado\/","name":"Deputado Federal Vander Loubet","description":"O Federal de MS","publisher":{"@id":"https:\/\/vanderloubet.com.br\/deputado\/#organization"},"alternateName":"Deputado Vander","potentialAction":[{"@type":"SearchAction","target":{"@type":"EntryPoint","urlTemplate":"https:\/\/vanderloubet.com.br\/deputado\/?s={search_term_string}"},"query-input":{"@type":"PropertyValueSpecification","valueRequired":true,"valueName":"search_term_string"}}],"inLanguage":"pt-BR"},{"@type":"Organization","@id":"https:\/\/vanderloubet.com.br\/deputado\/#organization","name":"Deputado Federal Vander Loubet","alternateName":"Deputado Vander","url":"https:\/\/vanderloubet.com.br\/deputado\/","logo":{"@type":"ImageObject","inLanguage":"pt-BR","@id":"https:\/\/vanderloubet.com.br\/deputado\/#\/schema\/logo\/image\/","url":"https:\/\/vanderloubet.com.br\/deputado\/wp-content\/uploads\/2023\/06\/foto-2023-06-19-mandato-deputado-vander.jpg","contentUrl":"https:\/\/vanderloubet.com.br\/deputado\/wp-content\/uploads\/2023\/06\/foto-2023-06-19-mandato-deputado-vander.jpg","width":1080,"height":1080,"caption":"Deputado Federal Vander Loubet"},"image":{"@id":"https:\/\/vanderloubet.com.br\/deputado\/#\/schema\/logo\/image\/"},"sameAs":["https:\/\/facebook.com\/deputadovander","https:\/\/x.com\/vanderloubet","https:\/\/instagram.com\/vanderloubet","https:\/\/youtube.com\/vanderloubet","https:\/\/tiktok.com\/@vanderloubetms"]},{"@type":"Person","@id":"https:\/\/vanderloubet.com.br\/deputado\/#\/schema\/person\/15b51bd564532a8a68d9dec1b8eb890e","name":"\u00c9der","image":{"@type":"ImageObject","inLanguage":"pt-BR","@id":"https:\/\/vanderloubet.com.br\/deputado\/wp-content\/litespeed\/avatar\/88ca4090d9d5ab1c9495f6ca03b68efa.jpg?ver=1777058957","url":"https:\/\/vanderloubet.com.br\/deputado\/wp-content\/litespeed\/avatar\/88ca4090d9d5ab1c9495f6ca03b68efa.jpg?ver=1777058957","contentUrl":"https:\/\/vanderloubet.com.br\/deputado\/wp-content\/litespeed\/avatar\/88ca4090d9d5ab1c9495f6ca03b68efa.jpg?ver=1777058957","caption":"\u00c9der"}}]}},"jetpack_featured_media_url":"https:\/\/vanderloubet.com.br\/deputado\/wp-content\/uploads\/2019\/08\/foto-2019-08-05-projeto-viver-natural-frei-jonas-17.jpg","jetpack_sharing_enabled":true,"_links":{"self":[{"href":"https:\/\/vanderloubet.com.br\/deputado\/wp-json\/wp\/v2\/posts\/15757","targetHints":{"allow":["GET"]}}],"collection":[{"href":"https:\/\/vanderloubet.com.br\/deputado\/wp-json\/wp\/v2\/posts"}],"about":[{"href":"https:\/\/vanderloubet.com.br\/deputado\/wp-json\/wp\/v2\/types\/post"}],"author":[{"embeddable":true,"href":"https:\/\/vanderloubet.com.br\/deputado\/wp-json\/wp\/v2\/users\/2"}],"replies":[{"embeddable":true,"href":"https:\/\/vanderloubet.com.br\/deputado\/wp-json\/wp\/v2\/comments?post=15757"}],"version-history":[{"count":0,"href":"https:\/\/vanderloubet.com.br\/deputado\/wp-json\/wp\/v2\/posts\/15757\/revisions"}],"wp:featuredmedia":[{"embeddable":true,"href":"https:\/\/vanderloubet.com.br\/deputado\/wp-json\/wp\/v2\/media\/15774"}],"wp:attachment":[{"href":"https:\/\/vanderloubet.com.br\/deputado\/wp-json\/wp\/v2\/media?parent=15757"}],"wp:term":[{"taxonomy":"category","embeddable":true,"href":"https:\/\/vanderloubet.com.br\/deputado\/wp-json\/wp\/v2\/categories?post=15757"},{"taxonomy":"post_tag","embeddable":true,"href":"https:\/\/vanderloubet.com.br\/deputado\/wp-json\/wp\/v2\/tags?post=15757"}],"curies":[{"name":"wp","href":"https:\/\/api.w.org\/{rel}","templated":true}]}}