{"id":15682,"date":"2019-07-17T10:49:26","date_gmt":"2019-07-17T14:49:26","guid":{"rendered":"http:\/\/vanderloubet.com.br\/deputado\/?p=15682"},"modified":"2019-07-17T10:49:57","modified_gmt":"2019-07-17T14:49:57","slug":"comunidade-do-lageado-e-beneficiada-com-cultivo-protegido-de-hortalicas-e-plantas-medicinais","status":"publish","type":"post","link":"https:\/\/vanderloubet.com.br\/deputado\/comunidade-do-lageado-e-beneficiada-com-cultivo-protegido-de-hortalicas-e-plantas-medicinais\/","title":{"rendered":"Comunidade do Lageado \u00e9 beneficiada com cultivo protegido de hortali\u00e7as e plantas medicinais"},"content":{"rendered":"<p>Lan\u00e7ado no final de 2018, o projeto &#8220;Agricultura Periurbana em Comunidades Ind\u00edgenas de Mato Grosso do Sul&#8221; criou mais um meio concreto de subsist\u00eancia e de gera\u00e7\u00e3o de renda para para socorrer fam\u00edlias de povos origin\u00e1rios.<\/p>\n<p>Coordenado pela Universidade Federal de Mato Grosso do Sul (UFMS) e assistido tecnicamente pela Ag\u00eancia de Desenvolvimento Agr\u00e1rio e Extens\u00e3o Rural (Agraer), o projeto implantou um sistema de produ\u00e7\u00e3o de hortali\u00e7as em aldeias urbanas, com estufas para produ\u00e7\u00e3o de mudas e telados para o plantio protegido. Os recursos para a execu\u00e7\u00e3o do trabalho foram viabilizados pelo deputado federal Vander Loubet e pelo ex-deputado federal Zeca do PT, que destinaram emenda parlamentar para essa finalidade.<\/p>\n<p>Na primeira fase do trabalho, foram atendidas as aldeias urbanas \u00c1gua Bonita (em Campo Grande), 10 de Maio (em Sidrol\u00e2ndia) e Aldeinha (em Anast\u00e1cio). Al\u00e9m disso, tamb\u00e9m foi contemplada a Comunidade Terap\u00eautica &#8220;Viver Natural&#8221;, no Lageado, na Capital.<\/p>\n<p>A comunidade do Lageado \u00e9 a \u00fanica associa\u00e7\u00e3o n\u00e3o ind\u00edgena a fazer parte do projeto. Sua inclus\u00e3o \u00e9 justificada pelo seu trabalho social vigoroso, iniciativa de Frei Jonas, que \u00e9 m\u00e9dico formado e especializado em fitoterapia (utiliza\u00e7\u00e3o de plantas para o tratamento de doen\u00e7as).<\/p>\n<p>O trabalho coordenado pelo Frei Jonas atende pessoas de todas as idades e com v\u00e1rios tipos de tratamentos. C\u00e2ncer, reumatismo, gastrite, diabetes, hipertens\u00e3o, infec\u00e7\u00e3o hospitalar, problemas de coluna e outras mazelas s\u00e3o tratadas de maneira natural e com baixo custo.<\/p>\n<p>Com o apoio do projeto de Agricultura Periurbana, al\u00e9m do aux\u00edlio na produ\u00e7\u00e3o das plantas medicinais utilizadas pelo Frei Jonas para a confec\u00e7\u00e3o de medicamentos fitoter\u00e1picos, est\u00e1 sendo poss\u00edvel atender as fam\u00edlias em situa\u00e7\u00e3o de vulnerabilidade social que vivem no bairro (cerca de 500 pessoas) com hortali\u00e7as frescas, produzidas de maneira agroecol\u00f3gica.<\/p>\n<p><strong>Cultivo protegido<\/strong> &#8211; Cada comunidade atendida pelo projeto recebeu uma estufa com 84 metros quadrados e \u00e1reas com telas, todas equipadas com sistema de irriga\u00e7\u00e3o, o que permite a produ\u00e7\u00e3o tanto no inverno (quando o tempo \u00e9 seco) quanto no ver\u00e3o (quando as chuvas e o calor s\u00e3o intensos). Tamb\u00e9m s\u00e3o fornecidos insumos, sementes e ferramentas. Nas estufas s\u00e3o produzidas mudas de verduras folhosas (alface, couve, cheiro verde, almeir\u00e3o, r\u00facula etc.) que s\u00e3o transplantadas nos canteiros telados. O modelo de produ\u00e7\u00e3o \u00e9 sustent\u00e1vel, com economia de energia e \u00e1gua e manejo de pragas sem uso de defensivos qu\u00edmicos.<\/p>\n<p><em>(\u00c9der F. Yanaguita &#8211; Ascom\/Dep. Vander Loubet)<\/em><\/p>\n\r\n                <style type=\"text\/css\">\r\n                    \r\n                    #tdi_1  .td-doubleSlider-2 .td-item1 {\r\n                        background: url(https:\/\/vanderloubet.com.br\/deputado\/wp-content\/uploads\/2019\/07\/foto-2019-07-17-comunidade-lageado-1-80x60.jpg) 0 0 no-repeat;\r\n                    }\r\n                    #tdi_1  .td-doubleSlider-2 .td-item2 {\r\n                        background: url(https:\/\/vanderloubet.com.br\/deputado\/wp-content\/uploads\/2019\/07\/foto-2019-07-17-comunidade-lageado-2-80x60.jpg) 0 0 no-repeat;\r\n                    }\r\n                    #tdi_1  .td-doubleSlider-2 .td-item3 {\r\n                        background: url(https:\/\/vanderloubet.com.br\/deputado\/wp-content\/uploads\/2019\/07\/foto-2019-07-17-comunidade-lageado-3-80x60.jpg) 0 0 no-repeat;\r\n                    }\r\n                    #tdi_1  .td-doubleSlider-2 .td-item4 {\r\n                        background: url(https:\/\/vanderloubet.com.br\/deputado\/wp-content\/uploads\/2019\/07\/foto-2019-07-17-comunidade-lageado-4-80x60.jpg) 0 0 no-repeat;\r\n                    }\r\n                    #tdi_1  .td-doubleSlider-2 .td-item5 {\r\n                        background: url(https:\/\/vanderloubet.com.br\/deputado\/wp-content\/uploads\/2019\/07\/foto-2019-07-17-comunidade-lageado-5-80x60.jpg) 0 0 no-repeat;\r\n                    }\r\n                    #tdi_1  .td-doubleSlider-2 .td-item6 {\r\n                        background: url(https:\/\/vanderloubet.com.br\/deputado\/wp-content\/uploads\/2019\/07\/foto-2019-07-17-comunidade-lageado-6-80x60.jpg) 0 0 no-repeat;\r\n                    }\r\n                    #tdi_1  .td-doubleSlider-2 .td-item7 {\r\n                        background: url(https:\/\/vanderloubet.com.br\/deputado\/wp-content\/uploads\/2019\/07\/foto-2019-07-17-comunidade-lageado-7-80x60.jpg) 0 0 no-repeat;\r\n                    }\r\n                    #tdi_1  .td-doubleSlider-2 .td-item8 {\r\n                        background: url(https:\/\/vanderloubet.com.br\/deputado\/wp-content\/uploads\/2019\/07\/foto-2019-07-17-comunidade-lageado-8-80x60.jpg) 0 0 no-repeat;\r\n                    }\r\n                    #tdi_1  .td-doubleSlider-2 .td-item9 {\r\n                        background: url(https:\/\/vanderloubet.com.br\/deputado\/wp-content\/uploads\/2019\/07\/foto-2019-07-17-comunidade-lageado-9-80x60.jpg) 0 0 no-repeat;\r\n                    }\r\n                    #tdi_1  .td-doubleSlider-2 .td-item10 {\r\n                        background: url(https:\/\/vanderloubet.com.br\/deputado\/wp-content\/uploads\/2019\/07\/foto-2019-07-17-comunidade-lageado-10-80x60.jpg) 0 0 no-repeat;\r\n                    }\r\n                <\/style>\r\n\r\n                <div id=\"tdi_1\" class=\"td-gallery td-slide-on-2-columns\">\r\n                    <div class=\"post_td_gallery\">\r\n                        <div class=\"td-gallery-slide-top\">\r\n                           <div class=\"td-gallery-title\"><\/div>\r\n\r\n                            <div class=\"td-gallery-controls-wrapper\">\r\n                                <div class=\"td-gallery-slide-count\"><span class=\"td-gallery-slide-item-focus\">1<\/span> de 10<\/div>\r\n                                <div class=\"td-gallery-slide-prev-next-but\">\r\n                                    <i class = \"td-icon-left doubleSliderPrevButton\"><\/i>\r\n                                    <i class = \"td-icon-right doubleSliderNextButton\"><\/i>\r\n                                <\/div>\r\n                            <\/div>\r\n                        <\/div>\r\n\r\n                        <div class = \"td-doubleSlider-1 \">\r\n                            <div class = \"td-slider\">\r\n                                \r\n                    <div class = \"td-slide-item td-item1\">\r\n                        <figure class=\"td-slide-galery-figure td-slide-popup-gallery\">\r\n                            <a class=\"slide-gallery-image-link\" href=\"https:\/\/vanderloubet.com.br\/deputado\/wp-content\/uploads\/2019\/07\/foto-2019-07-17-comunidade-lageado-1.jpg\" title=\"A\u00e7\u00e3o de Vander, Zeca, UFMS e Agraer beneficia comunidade terap\u00eautica do Lageado\"  data-caption=\"\"  data-description=\"A&ccedil;&atilde;o de Vander, Zeca, UFMS e Agraer beneficia comunidade terap&ecirc;utica do Lageado\">\r\n                                <img decoding=\"async\" src=\"https:\/\/vanderloubet.com.br\/deputado\/wp-content\/uploads\/2019\/07\/foto-2019-07-17-comunidade-lageado-1-560x420.jpg\" srcset=\"https:\/\/vanderloubet.com.br\/deputado\/wp-content\/uploads\/2019\/07\/foto-2019-07-17-comunidade-lageado-1-560x420.jpg 560w, https:\/\/vanderloubet.com.br\/deputado\/wp-content\/uploads\/2019\/07\/foto-2019-07-17-comunidade-lageado-1-350x263.jpg 350w, https:\/\/vanderloubet.com.br\/deputado\/wp-content\/uploads\/2019\/07\/foto-2019-07-17-comunidade-lageado-1-768x576.jpg 768w, https:\/\/vanderloubet.com.br\/deputado\/wp-content\/uploads\/2019\/07\/foto-2019-07-17-comunidade-lageado-1-700x525.jpg 700w, https:\/\/vanderloubet.com.br\/deputado\/wp-content\/uploads\/2019\/07\/foto-2019-07-17-comunidade-lageado-1-80x60.jpg 80w, https:\/\/vanderloubet.com.br\/deputado\/wp-content\/uploads\/2019\/07\/foto-2019-07-17-comunidade-lageado-1-696x522.jpg 696w, https:\/\/vanderloubet.com.br\/deputado\/wp-content\/uploads\/2019\/07\/foto-2019-07-17-comunidade-lageado-1-265x198.jpg 265w, https:\/\/vanderloubet.com.br\/deputado\/wp-content\/uploads\/2019\/07\/foto-2019-07-17-comunidade-lageado-1.jpg 960w\" sizes=\"(max-width: 560px) 100vw, 560px\" alt=\"A&ccedil;&atilde;o de Vander, Zeca, UFMS e Agraer beneficia comunidade terap&ecirc;utica do Lageado\">\r\n                            <\/a>\r\n                            <figcaption class = \"td-slide-caption td-gallery-slide-content\"><span>A\u00e7\u00e3o de Vander, Zeca, UFMS e Agraer beneficia comunidade terap\u00eautica do Lageado<\/span><\/figcaption>\r\n                        <\/figure>\r\n                    <\/div>\r\n                    <div class = \"td-slide-item td-item2\">\r\n                        <figure class=\"td-slide-galery-figure td-slide-popup-gallery\">\r\n                            <a class=\"slide-gallery-image-link\" href=\"https:\/\/vanderloubet.com.br\/deputado\/wp-content\/uploads\/2019\/07\/foto-2019-07-17-comunidade-lageado-2.jpg\" title=\"A\u00e7\u00e3o de Vander, Zeca, UFMS e Agraer beneficia comunidade terap\u00eautica do Lageado\"  data-caption=\"\"  data-description=\"A&ccedil;&atilde;o de Vander, Zeca, UFMS e Agraer beneficia comunidade terap&ecirc;utica do Lageado\">\r\n                                <img decoding=\"async\" src=\"https:\/\/vanderloubet.com.br\/deputado\/wp-content\/uploads\/2019\/07\/foto-2019-07-17-comunidade-lageado-2-560x420.jpg\" srcset=\"https:\/\/vanderloubet.com.br\/deputado\/wp-content\/uploads\/2019\/07\/foto-2019-07-17-comunidade-lageado-2-560x420.jpg 560w, https:\/\/vanderloubet.com.br\/deputado\/wp-content\/uploads\/2019\/07\/foto-2019-07-17-comunidade-lageado-2-350x263.jpg 350w, https:\/\/vanderloubet.com.br\/deputado\/wp-content\/uploads\/2019\/07\/foto-2019-07-17-comunidade-lageado-2-768x576.jpg 768w, https:\/\/vanderloubet.com.br\/deputado\/wp-content\/uploads\/2019\/07\/foto-2019-07-17-comunidade-lageado-2-700x525.jpg 700w, https:\/\/vanderloubet.com.br\/deputado\/wp-content\/uploads\/2019\/07\/foto-2019-07-17-comunidade-lageado-2-80x60.jpg 80w, https:\/\/vanderloubet.com.br\/deputado\/wp-content\/uploads\/2019\/07\/foto-2019-07-17-comunidade-lageado-2-696x522.jpg 696w, https:\/\/vanderloubet.com.br\/deputado\/wp-content\/uploads\/2019\/07\/foto-2019-07-17-comunidade-lageado-2-265x198.jpg 265w, https:\/\/vanderloubet.com.br\/deputado\/wp-content\/uploads\/2019\/07\/foto-2019-07-17-comunidade-lageado-2.jpg 960w\" sizes=\"(max-width: 560px) 100vw, 560px\" alt=\"A&ccedil;&atilde;o de Vander, Zeca, UFMS e Agraer beneficia comunidade terap&ecirc;utica do Lageado\">\r\n                            <\/a>\r\n                            <figcaption class = \"td-slide-caption td-gallery-slide-content\"><span>A\u00e7\u00e3o de Vander, Zeca, UFMS e Agraer beneficia comunidade terap\u00eautica do Lageado<\/span><\/figcaption>\r\n                        <\/figure>\r\n                    <\/div>\r\n                    <div class = \"td-slide-item td-item3\">\r\n                        <figure class=\"td-slide-galery-figure td-slide-popup-gallery\">\r\n                            <a class=\"slide-gallery-image-link\" href=\"https:\/\/vanderloubet.com.br\/deputado\/wp-content\/uploads\/2019\/07\/foto-2019-07-17-comunidade-lageado-3.jpg\" title=\"A\u00e7\u00e3o de Vander, Zeca, UFMS e Agraer beneficia comunidade terap\u00eautica do Lageado\"  data-caption=\"\"  data-description=\"A&ccedil;&atilde;o de Vander, Zeca, UFMS e Agraer beneficia comunidade terap&ecirc;utica do Lageado\">\r\n                                <img decoding=\"async\" src=\"https:\/\/vanderloubet.com.br\/deputado\/wp-content\/uploads\/2019\/07\/foto-2019-07-17-comunidade-lageado-3-560x420.jpg\" srcset=\"https:\/\/vanderloubet.com.br\/deputado\/wp-content\/uploads\/2019\/07\/foto-2019-07-17-comunidade-lageado-3-560x420.jpg 560w, https:\/\/vanderloubet.com.br\/deputado\/wp-content\/uploads\/2019\/07\/foto-2019-07-17-comunidade-lageado-3-350x263.jpg 350w, https:\/\/vanderloubet.com.br\/deputado\/wp-content\/uploads\/2019\/07\/foto-2019-07-17-comunidade-lageado-3-768x576.jpg 768w, https:\/\/vanderloubet.com.br\/deputado\/wp-content\/uploads\/2019\/07\/foto-2019-07-17-comunidade-lageado-3-700x525.jpg 700w, https:\/\/vanderloubet.com.br\/deputado\/wp-content\/uploads\/2019\/07\/foto-2019-07-17-comunidade-lageado-3-80x60.jpg 80w, https:\/\/vanderloubet.com.br\/deputado\/wp-content\/uploads\/2019\/07\/foto-2019-07-17-comunidade-lageado-3-696x522.jpg 696w, https:\/\/vanderloubet.com.br\/deputado\/wp-content\/uploads\/2019\/07\/foto-2019-07-17-comunidade-lageado-3-265x198.jpg 265w, https:\/\/vanderloubet.com.br\/deputado\/wp-content\/uploads\/2019\/07\/foto-2019-07-17-comunidade-lageado-3.jpg 960w\" sizes=\"(max-width: 560px) 100vw, 560px\" alt=\"A&ccedil;&atilde;o de Vander, Zeca, UFMS e Agraer beneficia comunidade terap&ecirc;utica do Lageado\">\r\n                            <\/a>\r\n                            <figcaption class = \"td-slide-caption td-gallery-slide-content\"><span>A\u00e7\u00e3o de Vander, Zeca, UFMS e Agraer beneficia comunidade terap\u00eautica do Lageado<\/span><\/figcaption>\r\n                        <\/figure>\r\n                    <\/div>\r\n                    <div class = \"td-slide-item td-item4\">\r\n                        <figure class=\"td-slide-galery-figure td-slide-popup-gallery\">\r\n                            <a class=\"slide-gallery-image-link\" href=\"https:\/\/vanderloubet.com.br\/deputado\/wp-content\/uploads\/2019\/07\/foto-2019-07-17-comunidade-lageado-4.jpg\" title=\"A\u00e7\u00e3o de Vander, Zeca, UFMS e Agraer beneficia comunidade terap\u00eautica do Lageado\"  data-caption=\"\"  data-description=\"A&ccedil;&atilde;o de Vander, Zeca, UFMS e Agraer beneficia comunidade terap&ecirc;utica do Lageado\">\r\n                                <img decoding=\"async\" src=\"https:\/\/vanderloubet.com.br\/deputado\/wp-content\/uploads\/2019\/07\/foto-2019-07-17-comunidade-lageado-4-560x420.jpg\" srcset=\"https:\/\/vanderloubet.com.br\/deputado\/wp-content\/uploads\/2019\/07\/foto-2019-07-17-comunidade-lageado-4-560x420.jpg 560w, https:\/\/vanderloubet.com.br\/deputado\/wp-content\/uploads\/2019\/07\/foto-2019-07-17-comunidade-lageado-4-350x263.jpg 350w, https:\/\/vanderloubet.com.br\/deputado\/wp-content\/uploads\/2019\/07\/foto-2019-07-17-comunidade-lageado-4-768x576.jpg 768w, https:\/\/vanderloubet.com.br\/deputado\/wp-content\/uploads\/2019\/07\/foto-2019-07-17-comunidade-lageado-4-700x525.jpg 700w, https:\/\/vanderloubet.com.br\/deputado\/wp-content\/uploads\/2019\/07\/foto-2019-07-17-comunidade-lageado-4-80x60.jpg 80w, https:\/\/vanderloubet.com.br\/deputado\/wp-content\/uploads\/2019\/07\/foto-2019-07-17-comunidade-lageado-4-696x522.jpg 696w, https:\/\/vanderloubet.com.br\/deputado\/wp-content\/uploads\/2019\/07\/foto-2019-07-17-comunidade-lageado-4-265x198.jpg 265w, https:\/\/vanderloubet.com.br\/deputado\/wp-content\/uploads\/2019\/07\/foto-2019-07-17-comunidade-lageado-4.jpg 960w\" sizes=\"(max-width: 560px) 100vw, 560px\" alt=\"A&ccedil;&atilde;o de Vander, Zeca, UFMS e Agraer beneficia comunidade terap&ecirc;utica do Lageado\">\r\n                            <\/a>\r\n                            <figcaption class = \"td-slide-caption td-gallery-slide-content\"><span>A\u00e7\u00e3o de Vander, Zeca, UFMS e Agraer beneficia comunidade terap\u00eautica do Lageado<\/span><\/figcaption>\r\n                        <\/figure>\r\n                    <\/div>\r\n                    <div class = \"td-slide-item td-item5\">\r\n                        <figure class=\"td-slide-galery-figure td-slide-popup-gallery\">\r\n                            <a class=\"slide-gallery-image-link\" href=\"https:\/\/vanderloubet.com.br\/deputado\/wp-content\/uploads\/2019\/07\/foto-2019-07-17-comunidade-lageado-5.jpg\" title=\"A\u00e7\u00e3o de Vander, Zeca, UFMS e Agraer beneficia comunidade terap\u00eautica do Lageado\"  data-caption=\"\"  data-description=\"A&ccedil;&atilde;o de Vander, Zeca, UFMS e Agraer beneficia comunidade terap&ecirc;utica do Lageado\">\r\n                                <img decoding=\"async\" src=\"https:\/\/vanderloubet.com.br\/deputado\/wp-content\/uploads\/2019\/07\/foto-2019-07-17-comunidade-lageado-5-560x420.jpg\" srcset=\"https:\/\/vanderloubet.com.br\/deputado\/wp-content\/uploads\/2019\/07\/foto-2019-07-17-comunidade-lageado-5-560x420.jpg 560w, https:\/\/vanderloubet.com.br\/deputado\/wp-content\/uploads\/2019\/07\/foto-2019-07-17-comunidade-lageado-5-350x263.jpg 350w, https:\/\/vanderloubet.com.br\/deputado\/wp-content\/uploads\/2019\/07\/foto-2019-07-17-comunidade-lageado-5-768x576.jpg 768w, https:\/\/vanderloubet.com.br\/deputado\/wp-content\/uploads\/2019\/07\/foto-2019-07-17-comunidade-lageado-5-700x525.jpg 700w, https:\/\/vanderloubet.com.br\/deputado\/wp-content\/uploads\/2019\/07\/foto-2019-07-17-comunidade-lageado-5-80x60.jpg 80w, https:\/\/vanderloubet.com.br\/deputado\/wp-content\/uploads\/2019\/07\/foto-2019-07-17-comunidade-lageado-5-696x522.jpg 696w, https:\/\/vanderloubet.com.br\/deputado\/wp-content\/uploads\/2019\/07\/foto-2019-07-17-comunidade-lageado-5-265x198.jpg 265w, https:\/\/vanderloubet.com.br\/deputado\/wp-content\/uploads\/2019\/07\/foto-2019-07-17-comunidade-lageado-5.jpg 960w\" sizes=\"(max-width: 560px) 100vw, 560px\" alt=\"A&ccedil;&atilde;o de Vander, Zeca, UFMS e Agraer beneficia comunidade terap&ecirc;utica do Lageado\">\r\n                            <\/a>\r\n                            <figcaption class = \"td-slide-caption td-gallery-slide-content\"><span>A\u00e7\u00e3o de Vander, Zeca, UFMS e Agraer beneficia comunidade terap\u00eautica do Lageado<\/span><\/figcaption>\r\n                        <\/figure>\r\n                    <\/div>\r\n                    <div class = \"td-slide-item td-item6\">\r\n                        <figure class=\"td-slide-galery-figure td-slide-popup-gallery\">\r\n                            <a class=\"slide-gallery-image-link\" href=\"https:\/\/vanderloubet.com.br\/deputado\/wp-content\/uploads\/2019\/07\/foto-2019-07-17-comunidade-lageado-6.jpg\" title=\"A\u00e7\u00e3o de Vander, Zeca, UFMS e Agraer beneficia comunidade terap\u00eautica do Lageado\"  data-caption=\"\"  data-description=\"A&ccedil;&atilde;o de Vander, Zeca, UFMS e Agraer beneficia comunidade terap&ecirc;utica do Lageado\">\r\n                                <img decoding=\"async\" src=\"https:\/\/vanderloubet.com.br\/deputado\/wp-content\/uploads\/2019\/07\/foto-2019-07-17-comunidade-lageado-6-560x420.jpg\" srcset=\"https:\/\/vanderloubet.com.br\/deputado\/wp-content\/uploads\/2019\/07\/foto-2019-07-17-comunidade-lageado-6-560x420.jpg 560w, https:\/\/vanderloubet.com.br\/deputado\/wp-content\/uploads\/2019\/07\/foto-2019-07-17-comunidade-lageado-6-350x263.jpg 350w, https:\/\/vanderloubet.com.br\/deputado\/wp-content\/uploads\/2019\/07\/foto-2019-07-17-comunidade-lageado-6-768x576.jpg 768w, https:\/\/vanderloubet.com.br\/deputado\/wp-content\/uploads\/2019\/07\/foto-2019-07-17-comunidade-lageado-6-700x525.jpg 700w, https:\/\/vanderloubet.com.br\/deputado\/wp-content\/uploads\/2019\/07\/foto-2019-07-17-comunidade-lageado-6-80x60.jpg 80w, https:\/\/vanderloubet.com.br\/deputado\/wp-content\/uploads\/2019\/07\/foto-2019-07-17-comunidade-lageado-6-696x522.jpg 696w, https:\/\/vanderloubet.com.br\/deputado\/wp-content\/uploads\/2019\/07\/foto-2019-07-17-comunidade-lageado-6-265x198.jpg 265w, https:\/\/vanderloubet.com.br\/deputado\/wp-content\/uploads\/2019\/07\/foto-2019-07-17-comunidade-lageado-6.jpg 960w\" sizes=\"(max-width: 560px) 100vw, 560px\" alt=\"A&ccedil;&atilde;o de Vander, Zeca, UFMS e Agraer beneficia comunidade terap&ecirc;utica do Lageado\">\r\n                            <\/a>\r\n                            <figcaption class = \"td-slide-caption td-gallery-slide-content\"><span>A\u00e7\u00e3o de Vander, Zeca, UFMS e Agraer beneficia comunidade terap\u00eautica do Lageado<\/span><\/figcaption>\r\n                        <\/figure>\r\n                    <\/div>\r\n                    <div class = \"td-slide-item td-item7\">\r\n                        <figure class=\"td-slide-galery-figure td-slide-popup-gallery\">\r\n                            <a class=\"slide-gallery-image-link\" href=\"https:\/\/vanderloubet.com.br\/deputado\/wp-content\/uploads\/2019\/07\/foto-2019-07-17-comunidade-lageado-7.jpg\" title=\"A\u00e7\u00e3o de Vander, Zeca, UFMS e Agraer beneficia comunidade terap\u00eautica do Lageado\"  data-caption=\"\"  data-description=\"A&ccedil;&atilde;o de Vander, Zeca, UFMS e Agraer beneficia comunidade terap&ecirc;utica do Lageado\">\r\n                                <img decoding=\"async\" src=\"https:\/\/vanderloubet.com.br\/deputado\/wp-content\/uploads\/2019\/07\/foto-2019-07-17-comunidade-lageado-7-560x420.jpg\" srcset=\"https:\/\/vanderloubet.com.br\/deputado\/wp-content\/uploads\/2019\/07\/foto-2019-07-17-comunidade-lageado-7-560x420.jpg 560w, https:\/\/vanderloubet.com.br\/deputado\/wp-content\/uploads\/2019\/07\/foto-2019-07-17-comunidade-lageado-7-350x263.jpg 350w, https:\/\/vanderloubet.com.br\/deputado\/wp-content\/uploads\/2019\/07\/foto-2019-07-17-comunidade-lageado-7-768x576.jpg 768w, https:\/\/vanderloubet.com.br\/deputado\/wp-content\/uploads\/2019\/07\/foto-2019-07-17-comunidade-lageado-7-700x525.jpg 700w, https:\/\/vanderloubet.com.br\/deputado\/wp-content\/uploads\/2019\/07\/foto-2019-07-17-comunidade-lageado-7-80x60.jpg 80w, https:\/\/vanderloubet.com.br\/deputado\/wp-content\/uploads\/2019\/07\/foto-2019-07-17-comunidade-lageado-7-696x522.jpg 696w, https:\/\/vanderloubet.com.br\/deputado\/wp-content\/uploads\/2019\/07\/foto-2019-07-17-comunidade-lageado-7-265x198.jpg 265w, https:\/\/vanderloubet.com.br\/deputado\/wp-content\/uploads\/2019\/07\/foto-2019-07-17-comunidade-lageado-7.jpg 960w\" sizes=\"(max-width: 560px) 100vw, 560px\" alt=\"A&ccedil;&atilde;o de Vander, Zeca, UFMS e Agraer beneficia comunidade terap&ecirc;utica do Lageado\">\r\n                            <\/a>\r\n                            <figcaption class = \"td-slide-caption td-gallery-slide-content\"><span>A\u00e7\u00e3o de Vander, Zeca, UFMS e Agraer beneficia comunidade terap\u00eautica do Lageado<\/span><\/figcaption>\r\n                        <\/figure>\r\n                    <\/div>\r\n                    <div class = \"td-slide-item td-item8\">\r\n                        <figure class=\"td-slide-galery-figure td-slide-popup-gallery\">\r\n                            <a class=\"slide-gallery-image-link\" href=\"https:\/\/vanderloubet.com.br\/deputado\/wp-content\/uploads\/2019\/07\/foto-2019-07-17-comunidade-lageado-8.jpg\" title=\"A\u00e7\u00e3o de Vander, Zeca, UFMS e Agraer beneficia comunidade terap\u00eautica do Lageado\"  data-caption=\"\"  data-description=\"A&ccedil;&atilde;o de Vander, Zeca, UFMS e Agraer beneficia comunidade terap&ecirc;utica do Lageado\">\r\n                                <img decoding=\"async\" src=\"https:\/\/vanderloubet.com.br\/deputado\/wp-content\/uploads\/2019\/07\/foto-2019-07-17-comunidade-lageado-8-560x420.jpg\" srcset=\"https:\/\/vanderloubet.com.br\/deputado\/wp-content\/uploads\/2019\/07\/foto-2019-07-17-comunidade-lageado-8-560x420.jpg 560w, https:\/\/vanderloubet.com.br\/deputado\/wp-content\/uploads\/2019\/07\/foto-2019-07-17-comunidade-lageado-8-350x263.jpg 350w, https:\/\/vanderloubet.com.br\/deputado\/wp-content\/uploads\/2019\/07\/foto-2019-07-17-comunidade-lageado-8-768x576.jpg 768w, https:\/\/vanderloubet.com.br\/deputado\/wp-content\/uploads\/2019\/07\/foto-2019-07-17-comunidade-lageado-8-700x525.jpg 700w, https:\/\/vanderloubet.com.br\/deputado\/wp-content\/uploads\/2019\/07\/foto-2019-07-17-comunidade-lageado-8-80x60.jpg 80w, https:\/\/vanderloubet.com.br\/deputado\/wp-content\/uploads\/2019\/07\/foto-2019-07-17-comunidade-lageado-8-696x522.jpg 696w, https:\/\/vanderloubet.com.br\/deputado\/wp-content\/uploads\/2019\/07\/foto-2019-07-17-comunidade-lageado-8-265x198.jpg 265w, https:\/\/vanderloubet.com.br\/deputado\/wp-content\/uploads\/2019\/07\/foto-2019-07-17-comunidade-lageado-8.jpg 960w\" sizes=\"(max-width: 560px) 100vw, 560px\" alt=\"A&ccedil;&atilde;o de Vander, Zeca, UFMS e Agraer beneficia comunidade terap&ecirc;utica do Lageado\">\r\n                            <\/a>\r\n                            <figcaption class = \"td-slide-caption td-gallery-slide-content\"><span>A\u00e7\u00e3o de Vander, Zeca, UFMS e Agraer beneficia comunidade terap\u00eautica do Lageado<\/span><\/figcaption>\r\n                        <\/figure>\r\n                    <\/div>\r\n                    <div class = \"td-slide-item td-item9\">\r\n                        <figure class=\"td-slide-galery-figure td-slide-popup-gallery\">\r\n                            <a class=\"slide-gallery-image-link\" href=\"https:\/\/vanderloubet.com.br\/deputado\/wp-content\/uploads\/2019\/07\/foto-2019-07-17-comunidade-lageado-9.jpg\" title=\"A\u00e7\u00e3o de Vander, Zeca, UFMS e Agraer beneficia comunidade terap\u00eautica do Lageado\"  data-caption=\"\"  data-description=\"A&ccedil;&atilde;o de Vander, Zeca, UFMS e Agraer beneficia comunidade terap&ecirc;utica do Lageado\">\r\n                                <img decoding=\"async\" src=\"https:\/\/vanderloubet.com.br\/deputado\/wp-content\/uploads\/2019\/07\/foto-2019-07-17-comunidade-lageado-9-560x420.jpg\" srcset=\"https:\/\/vanderloubet.com.br\/deputado\/wp-content\/uploads\/2019\/07\/foto-2019-07-17-comunidade-lageado-9-560x420.jpg 560w, https:\/\/vanderloubet.com.br\/deputado\/wp-content\/uploads\/2019\/07\/foto-2019-07-17-comunidade-lageado-9-350x263.jpg 350w, https:\/\/vanderloubet.com.br\/deputado\/wp-content\/uploads\/2019\/07\/foto-2019-07-17-comunidade-lageado-9-768x576.jpg 768w, https:\/\/vanderloubet.com.br\/deputado\/wp-content\/uploads\/2019\/07\/foto-2019-07-17-comunidade-lageado-9-700x525.jpg 700w, https:\/\/vanderloubet.com.br\/deputado\/wp-content\/uploads\/2019\/07\/foto-2019-07-17-comunidade-lageado-9-80x60.jpg 80w, https:\/\/vanderloubet.com.br\/deputado\/wp-content\/uploads\/2019\/07\/foto-2019-07-17-comunidade-lageado-9-696x522.jpg 696w, https:\/\/vanderloubet.com.br\/deputado\/wp-content\/uploads\/2019\/07\/foto-2019-07-17-comunidade-lageado-9-265x198.jpg 265w, https:\/\/vanderloubet.com.br\/deputado\/wp-content\/uploads\/2019\/07\/foto-2019-07-17-comunidade-lageado-9.jpg 960w\" sizes=\"(max-width: 560px) 100vw, 560px\" alt=\"A&ccedil;&atilde;o de Vander, Zeca, UFMS e Agraer beneficia comunidade terap&ecirc;utica do Lageado\">\r\n                            <\/a>\r\n                            <figcaption class = \"td-slide-caption td-gallery-slide-content\"><span>A\u00e7\u00e3o de Vander, Zeca, UFMS e Agraer beneficia comunidade terap\u00eautica do Lageado<\/span><\/figcaption>\r\n                        <\/figure>\r\n                    <\/div>\r\n                    <div class = \"td-slide-item td-item10\">\r\n                        <figure class=\"td-slide-galery-figure td-slide-popup-gallery\">\r\n                            <a class=\"slide-gallery-image-link\" href=\"https:\/\/vanderloubet.com.br\/deputado\/wp-content\/uploads\/2019\/07\/foto-2019-07-17-comunidade-lageado-10.jpg\" title=\"A\u00e7\u00e3o de Vander, Zeca, UFMS e Agraer beneficia comunidade terap\u00eautica do Lageado\"  data-caption=\"\"  data-description=\"A&ccedil;&atilde;o de Vander, Zeca, UFMS e Agraer beneficia comunidade terap&ecirc;utica do Lageado\">\r\n                                <img decoding=\"async\" src=\"https:\/\/vanderloubet.com.br\/deputado\/wp-content\/uploads\/2019\/07\/foto-2019-07-17-comunidade-lageado-10-560x420.jpg\" srcset=\"https:\/\/vanderloubet.com.br\/deputado\/wp-content\/uploads\/2019\/07\/foto-2019-07-17-comunidade-lageado-10-560x420.jpg 560w, https:\/\/vanderloubet.com.br\/deputado\/wp-content\/uploads\/2019\/07\/foto-2019-07-17-comunidade-lageado-10-350x263.jpg 350w, https:\/\/vanderloubet.com.br\/deputado\/wp-content\/uploads\/2019\/07\/foto-2019-07-17-comunidade-lageado-10-768x576.jpg 768w, https:\/\/vanderloubet.com.br\/deputado\/wp-content\/uploads\/2019\/07\/foto-2019-07-17-comunidade-lageado-10-700x525.jpg 700w, https:\/\/vanderloubet.com.br\/deputado\/wp-content\/uploads\/2019\/07\/foto-2019-07-17-comunidade-lageado-10-80x60.jpg 80w, https:\/\/vanderloubet.com.br\/deputado\/wp-content\/uploads\/2019\/07\/foto-2019-07-17-comunidade-lageado-10-696x522.jpg 696w, https:\/\/vanderloubet.com.br\/deputado\/wp-content\/uploads\/2019\/07\/foto-2019-07-17-comunidade-lageado-10-265x198.jpg 265w, https:\/\/vanderloubet.com.br\/deputado\/wp-content\/uploads\/2019\/07\/foto-2019-07-17-comunidade-lageado-10.jpg 960w\" sizes=\"(max-width: 560px) 100vw, 560px\" alt=\"A&ccedil;&atilde;o de Vander, Zeca, UFMS e Agraer beneficia comunidade terap&ecirc;utica do Lageado\">\r\n                            <\/a>\r\n                            <figcaption class = \"td-slide-caption td-gallery-slide-content\"><span>A\u00e7\u00e3o de Vander, Zeca, UFMS e Agraer beneficia comunidade terap\u00eautica do Lageado<\/span><\/figcaption>\r\n                        <\/figure>\r\n                    <\/div>\r\n                            <\/div>\r\n                        <\/div>\r\n\r\n                        <div class = \"td-doubleSlider-2\">\r\n                            <div class = \"td-slider\">\r\n                                \r\n                    <div class = \"td-button td-item1\">\r\n                        <div class = \"td-border\"><\/div>\r\n                    <\/div>\r\n                    <div class = \"td-button td-item2\">\r\n                        <div class = \"td-border\"><\/div>\r\n                    <\/div>\r\n                    <div class = \"td-button td-item3\">\r\n                        <div class = \"td-border\"><\/div>\r\n                    <\/div>\r\n                    <div class = \"td-button td-item4\">\r\n                        <div class = \"td-border\"><\/div>\r\n                    <\/div>\r\n                    <div class = \"td-button td-item5\">\r\n                        <div class = \"td-border\"><\/div>\r\n                    <\/div>\r\n                    <div class = \"td-button td-item6\">\r\n                        <div class = \"td-border\"><\/div>\r\n                    <\/div>\r\n                    <div class = \"td-button td-item7\">\r\n                        <div class = \"td-border\"><\/div>\r\n                    <\/div>\r\n                    <div class = \"td-button td-item8\">\r\n                        <div class = \"td-border\"><\/div>\r\n                    <\/div>\r\n                    <div class = \"td-button td-item9\">\r\n                        <div class = \"td-border\"><\/div>\r\n                    <\/div>\r\n                    <div class = \"td-button td-item10\">\r\n                        <div class = \"td-border\"><\/div>\r\n                    <\/div>\r\n                            <\/div>\r\n                        <\/div>\r\n\r\n                    <\/div>\r\n\r\n                <\/div>\r\n                \n","protected":false},"excerpt":{"rendered":"<p>Projeto foi viabilizado por emenda do deputado Vander e do ex-deputado Zeca, \u00e9 coordenado da UFMS e conta com assist\u00eancia t\u00e9cnica da Agraer.<\/p>\n","protected":false},"author":2,"featured_media":15687,"comment_status":"closed","ping_status":"closed","sticky":false,"template":"","format":"standard","meta":{"jetpack_post_was_ever_published":false,"_jetpack_newsletter_access":"","_jetpack_dont_email_post_to_subs":false,"_jetpack_newsletter_tier_id":0,"_jetpack_memberships_contains_paywalled_content":false,"_jetpack_memberships_contains_paid_content":false,"footnotes":""},"categories":[2097,10],"tags":[2132,2390,199,2127],"class_list":{"0":"post-15682","1":"post","2":"type-post","3":"status-publish","4":"format-standard","5":"has-post-thumbnail","7":"category-municipios-noticias","8":"category-noticias","9":"tag-agricultura-familiar","10":"tag-agricultura-periurbana","11":"tag-assistencia-social","12":"tag-emenda-parlamentar"},"yoast_head":"<!-- This site is optimized with the Yoast SEO plugin v27.4 - https:\/\/yoast.com\/product\/yoast-seo-wordpress\/ -->\n<title>Comunidade do Lageado \u00e9 beneficiada com cultivo protegido de hortali\u00e7as e plantas medicinais<\/title>\n<meta name=\"description\" content=\"Projeto foi viabilizado por emenda do deputado Vander e do ex-deputado Zeca, \u00e9 coordenado da UFMS e conta com assist\u00eancia t\u00e9cnica da Agraer.\" \/>\n<meta name=\"robots\" content=\"index, follow, max-snippet:-1, max-image-preview:large, max-video-preview:-1\" \/>\n<link rel=\"canonical\" href=\"https:\/\/vanderloubet.com.br\/deputado\/comunidade-do-lageado-e-beneficiada-com-cultivo-protegido-de-hortalicas-e-plantas-medicinais\/\" \/>\n<meta property=\"og:locale\" content=\"pt_BR\" \/>\n<meta property=\"og:type\" content=\"article\" \/>\n<meta property=\"og:title\" content=\"Comunidade do Lageado \u00e9 beneficiada com cultivo protegido de hortali\u00e7as e plantas medicinais\" \/>\n<meta property=\"og:description\" content=\"Projeto foi viabilizado por emenda do deputado Vander e do ex-deputado Zeca, \u00e9 coordenado da UFMS e conta com assist\u00eancia t\u00e9cnica da Agraer.\" \/>\n<meta property=\"og:url\" content=\"https:\/\/vanderloubet.com.br\/deputado\/comunidade-do-lageado-e-beneficiada-com-cultivo-protegido-de-hortalicas-e-plantas-medicinais\/\" \/>\n<meta property=\"og:site_name\" content=\"Deputado Federal Vander Loubet\" \/>\n<meta property=\"article:publisher\" content=\"https:\/\/facebook.com\/deputadovander\" \/>\n<meta property=\"article:published_time\" content=\"2019-07-17T14:49:26+00:00\" \/>\n<meta property=\"article:modified_time\" content=\"2019-07-17T14:49:57+00:00\" \/>\n<meta property=\"og:image\" content=\"https:\/\/vanderloubet.com.br\/deputado\/wp-content\/uploads\/2019\/07\/foto-2019-07-17-comunidade-lageado-5.jpg\" \/>\n\t<meta property=\"og:image:width\" content=\"960\" \/>\n\t<meta property=\"og:image:height\" content=\"720\" \/>\n\t<meta property=\"og:image:type\" content=\"image\/jpeg\" \/>\n<meta name=\"author\" content=\"\u00c9der\" \/>\n<meta name=\"twitter:card\" content=\"summary_large_image\" \/>\n<meta name=\"twitter:creator\" content=\"@vanderloubet\" \/>\n<meta name=\"twitter:site\" content=\"@vanderloubet\" \/>\n<script type=\"application\/ld+json\" class=\"yoast-schema-graph\">{\"@context\":\"https:\\\/\\\/schema.org\",\"@graph\":[{\"@type\":\"Article\",\"@id\":\"https:\\\/\\\/vanderloubet.com.br\\\/deputado\\\/comunidade-do-lageado-e-beneficiada-com-cultivo-protegido-de-hortalicas-e-plantas-medicinais\\\/#article\",\"isPartOf\":{\"@id\":\"https:\\\/\\\/vanderloubet.com.br\\\/deputado\\\/comunidade-do-lageado-e-beneficiada-com-cultivo-protegido-de-hortalicas-e-plantas-medicinais\\\/\"},\"author\":{\"name\":\"\u00c9der\",\"@id\":\"https:\\\/\\\/vanderloubet.com.br\\\/deputado\\\/#\\\/schema\\\/person\\\/15b51bd564532a8a68d9dec1b8eb890e\"},\"headline\":\"Comunidade do Lageado \u00e9 beneficiada com cultivo protegido de hortali\u00e7as e plantas medicinais\",\"datePublished\":\"2019-07-17T14:49:26+00:00\",\"dateModified\":\"2019-07-17T14:49:57+00:00\",\"mainEntityOfPage\":{\"@id\":\"https:\\\/\\\/vanderloubet.com.br\\\/deputado\\\/comunidade-do-lageado-e-beneficiada-com-cultivo-protegido-de-hortalicas-e-plantas-medicinais\\\/\"},\"wordCount\":456,\"publisher\":{\"@id\":\"https:\\\/\\\/vanderloubet.com.br\\\/deputado\\\/#organization\"},\"image\":{\"@id\":\"https:\\\/\\\/vanderloubet.com.br\\\/deputado\\\/comunidade-do-lageado-e-beneficiada-com-cultivo-protegido-de-hortalicas-e-plantas-medicinais\\\/#primaryimage\"},\"thumbnailUrl\":\"https:\\\/\\\/vanderloubet.com.br\\\/deputado\\\/wp-content\\\/uploads\\\/2019\\\/07\\\/foto-2019-07-17-comunidade-lageado-5.jpg\",\"keywords\":[\"agricultura familiar\",\"agricultura periurbana\",\"assist\u00eancia social\",\"emenda parlamentar\"],\"articleSection\":[\"Munic\u00edpios\",\"Not\u00edcias\"],\"inLanguage\":\"pt-BR\"},{\"@type\":\"WebPage\",\"@id\":\"https:\\\/\\\/vanderloubet.com.br\\\/deputado\\\/comunidade-do-lageado-e-beneficiada-com-cultivo-protegido-de-hortalicas-e-plantas-medicinais\\\/\",\"url\":\"https:\\\/\\\/vanderloubet.com.br\\\/deputado\\\/comunidade-do-lageado-e-beneficiada-com-cultivo-protegido-de-hortalicas-e-plantas-medicinais\\\/\",\"name\":\"Comunidade do Lageado \u00e9 beneficiada com cultivo protegido de hortali\u00e7as e plantas medicinais\",\"isPartOf\":{\"@id\":\"https:\\\/\\\/vanderloubet.com.br\\\/deputado\\\/#website\"},\"primaryImageOfPage\":{\"@id\":\"https:\\\/\\\/vanderloubet.com.br\\\/deputado\\\/comunidade-do-lageado-e-beneficiada-com-cultivo-protegido-de-hortalicas-e-plantas-medicinais\\\/#primaryimage\"},\"image\":{\"@id\":\"https:\\\/\\\/vanderloubet.com.br\\\/deputado\\\/comunidade-do-lageado-e-beneficiada-com-cultivo-protegido-de-hortalicas-e-plantas-medicinais\\\/#primaryimage\"},\"thumbnailUrl\":\"https:\\\/\\\/vanderloubet.com.br\\\/deputado\\\/wp-content\\\/uploads\\\/2019\\\/07\\\/foto-2019-07-17-comunidade-lageado-5.jpg\",\"datePublished\":\"2019-07-17T14:49:26+00:00\",\"dateModified\":\"2019-07-17T14:49:57+00:00\",\"description\":\"Projeto foi viabilizado por emenda do deputado Vander e do ex-deputado Zeca, \u00e9 coordenado da UFMS e conta com assist\u00eancia t\u00e9cnica da Agraer.\",\"breadcrumb\":{\"@id\":\"https:\\\/\\\/vanderloubet.com.br\\\/deputado\\\/comunidade-do-lageado-e-beneficiada-com-cultivo-protegido-de-hortalicas-e-plantas-medicinais\\\/#breadcrumb\"},\"inLanguage\":\"pt-BR\",\"potentialAction\":[{\"@type\":\"ReadAction\",\"target\":[\"https:\\\/\\\/vanderloubet.com.br\\\/deputado\\\/comunidade-do-lageado-e-beneficiada-com-cultivo-protegido-de-hortalicas-e-plantas-medicinais\\\/\"]}]},{\"@type\":\"ImageObject\",\"inLanguage\":\"pt-BR\",\"@id\":\"https:\\\/\\\/vanderloubet.com.br\\\/deputado\\\/comunidade-do-lageado-e-beneficiada-com-cultivo-protegido-de-hortalicas-e-plantas-medicinais\\\/#primaryimage\",\"url\":\"https:\\\/\\\/vanderloubet.com.br\\\/deputado\\\/wp-content\\\/uploads\\\/2019\\\/07\\\/foto-2019-07-17-comunidade-lageado-5.jpg\",\"contentUrl\":\"https:\\\/\\\/vanderloubet.com.br\\\/deputado\\\/wp-content\\\/uploads\\\/2019\\\/07\\\/foto-2019-07-17-comunidade-lageado-5.jpg\",\"width\":960,\"height\":720,\"caption\":\"A\u00e7\u00e3o de Vander, Zeca, UFMS e Agraer beneficia comunidade terap\u00eautica do Lageado\"},{\"@type\":\"BreadcrumbList\",\"@id\":\"https:\\\/\\\/vanderloubet.com.br\\\/deputado\\\/comunidade-do-lageado-e-beneficiada-com-cultivo-protegido-de-hortalicas-e-plantas-medicinais\\\/#breadcrumb\",\"itemListElement\":[{\"@type\":\"ListItem\",\"position\":1,\"name\":\"In\u00edcio\",\"item\":\"https:\\\/\\\/vanderloubet.com.br\\\/deputado\\\/\"},{\"@type\":\"ListItem\",\"position\":2,\"name\":\"Comunidade do Lageado \u00e9 beneficiada com cultivo protegido de hortali\u00e7as e plantas medicinais\"}]},{\"@type\":\"WebSite\",\"@id\":\"https:\\\/\\\/vanderloubet.com.br\\\/deputado\\\/#website\",\"url\":\"https:\\\/\\\/vanderloubet.com.br\\\/deputado\\\/\",\"name\":\"Deputado Federal Vander Loubet\",\"description\":\"O Federal de MS\",\"publisher\":{\"@id\":\"https:\\\/\\\/vanderloubet.com.br\\\/deputado\\\/#organization\"},\"alternateName\":\"Deputado Vander\",\"potentialAction\":[{\"@type\":\"SearchAction\",\"target\":{\"@type\":\"EntryPoint\",\"urlTemplate\":\"https:\\\/\\\/vanderloubet.com.br\\\/deputado\\\/?s={search_term_string}\"},\"query-input\":{\"@type\":\"PropertyValueSpecification\",\"valueRequired\":true,\"valueName\":\"search_term_string\"}}],\"inLanguage\":\"pt-BR\"},{\"@type\":\"Organization\",\"@id\":\"https:\\\/\\\/vanderloubet.com.br\\\/deputado\\\/#organization\",\"name\":\"Deputado Federal Vander Loubet\",\"alternateName\":\"Deputado Vander\",\"url\":\"https:\\\/\\\/vanderloubet.com.br\\\/deputado\\\/\",\"logo\":{\"@type\":\"ImageObject\",\"inLanguage\":\"pt-BR\",\"@id\":\"https:\\\/\\\/vanderloubet.com.br\\\/deputado\\\/#\\\/schema\\\/logo\\\/image\\\/\",\"url\":\"https:\\\/\\\/vanderloubet.com.br\\\/deputado\\\/wp-content\\\/uploads\\\/2023\\\/06\\\/foto-2023-06-19-mandato-deputado-vander.jpg\",\"contentUrl\":\"https:\\\/\\\/vanderloubet.com.br\\\/deputado\\\/wp-content\\\/uploads\\\/2023\\\/06\\\/foto-2023-06-19-mandato-deputado-vander.jpg\",\"width\":1080,\"height\":1080,\"caption\":\"Deputado Federal Vander Loubet\"},\"image\":{\"@id\":\"https:\\\/\\\/vanderloubet.com.br\\\/deputado\\\/#\\\/schema\\\/logo\\\/image\\\/\"},\"sameAs\":[\"https:\\\/\\\/facebook.com\\\/deputadovander\",\"https:\\\/\\\/x.com\\\/vanderloubet\",\"https:\\\/\\\/instagram.com\\\/vanderloubet\",\"https:\\\/\\\/youtube.com\\\/vanderloubet\",\"https:\\\/\\\/tiktok.com\\\/@vanderloubetms\"]},{\"@type\":\"Person\",\"@id\":\"https:\\\/\\\/vanderloubet.com.br\\\/deputado\\\/#\\\/schema\\\/person\\\/15b51bd564532a8a68d9dec1b8eb890e\",\"name\":\"\u00c9der\",\"image\":{\"@type\":\"ImageObject\",\"inLanguage\":\"pt-BR\",\"@id\":\"https:\\\/\\\/vanderloubet.com.br\\\/deputado\\\/wp-content\\\/litespeed\\\/avatar\\\/88ca4090d9d5ab1c9495f6ca03b68efa.jpg?ver=1777058957\",\"url\":\"https:\\\/\\\/vanderloubet.com.br\\\/deputado\\\/wp-content\\\/litespeed\\\/avatar\\\/88ca4090d9d5ab1c9495f6ca03b68efa.jpg?ver=1777058957\",\"contentUrl\":\"https:\\\/\\\/vanderloubet.com.br\\\/deputado\\\/wp-content\\\/litespeed\\\/avatar\\\/88ca4090d9d5ab1c9495f6ca03b68efa.jpg?ver=1777058957\",\"caption\":\"\u00c9der\"}}]}<\/script>\n<!-- \/ Yoast SEO plugin. -->","yoast_head_json":{"title":"Comunidade do Lageado \u00e9 beneficiada com cultivo protegido de hortali\u00e7as e plantas medicinais","description":"Projeto foi viabilizado por emenda do deputado Vander e do ex-deputado Zeca, \u00e9 coordenado da UFMS e conta com assist\u00eancia t\u00e9cnica da Agraer.","robots":{"index":"index","follow":"follow","max-snippet":"max-snippet:-1","max-image-preview":"max-image-preview:large","max-video-preview":"max-video-preview:-1"},"canonical":"https:\/\/vanderloubet.com.br\/deputado\/comunidade-do-lageado-e-beneficiada-com-cultivo-protegido-de-hortalicas-e-plantas-medicinais\/","og_locale":"pt_BR","og_type":"article","og_title":"Comunidade do Lageado \u00e9 beneficiada com cultivo protegido de hortali\u00e7as e plantas medicinais","og_description":"Projeto foi viabilizado por emenda do deputado Vander e do ex-deputado Zeca, \u00e9 coordenado da UFMS e conta com assist\u00eancia t\u00e9cnica da Agraer.","og_url":"https:\/\/vanderloubet.com.br\/deputado\/comunidade-do-lageado-e-beneficiada-com-cultivo-protegido-de-hortalicas-e-plantas-medicinais\/","og_site_name":"Deputado Federal Vander Loubet","article_publisher":"https:\/\/facebook.com\/deputadovander","article_published_time":"2019-07-17T14:49:26+00:00","article_modified_time":"2019-07-17T14:49:57+00:00","og_image":[{"width":960,"height":720,"url":"https:\/\/vanderloubet.com.br\/deputado\/wp-content\/uploads\/2019\/07\/foto-2019-07-17-comunidade-lageado-5.jpg","type":"image\/jpeg"}],"author":"\u00c9der","twitter_card":"summary_large_image","twitter_creator":"@vanderloubet","twitter_site":"@vanderloubet","schema":{"@context":"https:\/\/schema.org","@graph":[{"@type":"Article","@id":"https:\/\/vanderloubet.com.br\/deputado\/comunidade-do-lageado-e-beneficiada-com-cultivo-protegido-de-hortalicas-e-plantas-medicinais\/#article","isPartOf":{"@id":"https:\/\/vanderloubet.com.br\/deputado\/comunidade-do-lageado-e-beneficiada-com-cultivo-protegido-de-hortalicas-e-plantas-medicinais\/"},"author":{"name":"\u00c9der","@id":"https:\/\/vanderloubet.com.br\/deputado\/#\/schema\/person\/15b51bd564532a8a68d9dec1b8eb890e"},"headline":"Comunidade do Lageado \u00e9 beneficiada com cultivo protegido de hortali\u00e7as e plantas medicinais","datePublished":"2019-07-17T14:49:26+00:00","dateModified":"2019-07-17T14:49:57+00:00","mainEntityOfPage":{"@id":"https:\/\/vanderloubet.com.br\/deputado\/comunidade-do-lageado-e-beneficiada-com-cultivo-protegido-de-hortalicas-e-plantas-medicinais\/"},"wordCount":456,"publisher":{"@id":"https:\/\/vanderloubet.com.br\/deputado\/#organization"},"image":{"@id":"https:\/\/vanderloubet.com.br\/deputado\/comunidade-do-lageado-e-beneficiada-com-cultivo-protegido-de-hortalicas-e-plantas-medicinais\/#primaryimage"},"thumbnailUrl":"https:\/\/vanderloubet.com.br\/deputado\/wp-content\/uploads\/2019\/07\/foto-2019-07-17-comunidade-lageado-5.jpg","keywords":["agricultura familiar","agricultura periurbana","assist\u00eancia social","emenda parlamentar"],"articleSection":["Munic\u00edpios","Not\u00edcias"],"inLanguage":"pt-BR"},{"@type":"WebPage","@id":"https:\/\/vanderloubet.com.br\/deputado\/comunidade-do-lageado-e-beneficiada-com-cultivo-protegido-de-hortalicas-e-plantas-medicinais\/","url":"https:\/\/vanderloubet.com.br\/deputado\/comunidade-do-lageado-e-beneficiada-com-cultivo-protegido-de-hortalicas-e-plantas-medicinais\/","name":"Comunidade do Lageado \u00e9 beneficiada com cultivo protegido de hortali\u00e7as e plantas medicinais","isPartOf":{"@id":"https:\/\/vanderloubet.com.br\/deputado\/#website"},"primaryImageOfPage":{"@id":"https:\/\/vanderloubet.com.br\/deputado\/comunidade-do-lageado-e-beneficiada-com-cultivo-protegido-de-hortalicas-e-plantas-medicinais\/#primaryimage"},"image":{"@id":"https:\/\/vanderloubet.com.br\/deputado\/comunidade-do-lageado-e-beneficiada-com-cultivo-protegido-de-hortalicas-e-plantas-medicinais\/#primaryimage"},"thumbnailUrl":"https:\/\/vanderloubet.com.br\/deputado\/wp-content\/uploads\/2019\/07\/foto-2019-07-17-comunidade-lageado-5.jpg","datePublished":"2019-07-17T14:49:26+00:00","dateModified":"2019-07-17T14:49:57+00:00","description":"Projeto foi viabilizado por emenda do deputado Vander e do ex-deputado Zeca, \u00e9 coordenado da UFMS e conta com assist\u00eancia t\u00e9cnica da Agraer.","breadcrumb":{"@id":"https:\/\/vanderloubet.com.br\/deputado\/comunidade-do-lageado-e-beneficiada-com-cultivo-protegido-de-hortalicas-e-plantas-medicinais\/#breadcrumb"},"inLanguage":"pt-BR","potentialAction":[{"@type":"ReadAction","target":["https:\/\/vanderloubet.com.br\/deputado\/comunidade-do-lageado-e-beneficiada-com-cultivo-protegido-de-hortalicas-e-plantas-medicinais\/"]}]},{"@type":"ImageObject","inLanguage":"pt-BR","@id":"https:\/\/vanderloubet.com.br\/deputado\/comunidade-do-lageado-e-beneficiada-com-cultivo-protegido-de-hortalicas-e-plantas-medicinais\/#primaryimage","url":"https:\/\/vanderloubet.com.br\/deputado\/wp-content\/uploads\/2019\/07\/foto-2019-07-17-comunidade-lageado-5.jpg","contentUrl":"https:\/\/vanderloubet.com.br\/deputado\/wp-content\/uploads\/2019\/07\/foto-2019-07-17-comunidade-lageado-5.jpg","width":960,"height":720,"caption":"A\u00e7\u00e3o de Vander, Zeca, UFMS e Agraer beneficia comunidade terap\u00eautica do Lageado"},{"@type":"BreadcrumbList","@id":"https:\/\/vanderloubet.com.br\/deputado\/comunidade-do-lageado-e-beneficiada-com-cultivo-protegido-de-hortalicas-e-plantas-medicinais\/#breadcrumb","itemListElement":[{"@type":"ListItem","position":1,"name":"In\u00edcio","item":"https:\/\/vanderloubet.com.br\/deputado\/"},{"@type":"ListItem","position":2,"name":"Comunidade do Lageado \u00e9 beneficiada com cultivo protegido de hortali\u00e7as e plantas medicinais"}]},{"@type":"WebSite","@id":"https:\/\/vanderloubet.com.br\/deputado\/#website","url":"https:\/\/vanderloubet.com.br\/deputado\/","name":"Deputado Federal Vander Loubet","description":"O Federal de MS","publisher":{"@id":"https:\/\/vanderloubet.com.br\/deputado\/#organization"},"alternateName":"Deputado Vander","potentialAction":[{"@type":"SearchAction","target":{"@type":"EntryPoint","urlTemplate":"https:\/\/vanderloubet.com.br\/deputado\/?s={search_term_string}"},"query-input":{"@type":"PropertyValueSpecification","valueRequired":true,"valueName":"search_term_string"}}],"inLanguage":"pt-BR"},{"@type":"Organization","@id":"https:\/\/vanderloubet.com.br\/deputado\/#organization","name":"Deputado Federal Vander Loubet","alternateName":"Deputado Vander","url":"https:\/\/vanderloubet.com.br\/deputado\/","logo":{"@type":"ImageObject","inLanguage":"pt-BR","@id":"https:\/\/vanderloubet.com.br\/deputado\/#\/schema\/logo\/image\/","url":"https:\/\/vanderloubet.com.br\/deputado\/wp-content\/uploads\/2023\/06\/foto-2023-06-19-mandato-deputado-vander.jpg","contentUrl":"https:\/\/vanderloubet.com.br\/deputado\/wp-content\/uploads\/2023\/06\/foto-2023-06-19-mandato-deputado-vander.jpg","width":1080,"height":1080,"caption":"Deputado Federal Vander Loubet"},"image":{"@id":"https:\/\/vanderloubet.com.br\/deputado\/#\/schema\/logo\/image\/"},"sameAs":["https:\/\/facebook.com\/deputadovander","https:\/\/x.com\/vanderloubet","https:\/\/instagram.com\/vanderloubet","https:\/\/youtube.com\/vanderloubet","https:\/\/tiktok.com\/@vanderloubetms"]},{"@type":"Person","@id":"https:\/\/vanderloubet.com.br\/deputado\/#\/schema\/person\/15b51bd564532a8a68d9dec1b8eb890e","name":"\u00c9der","image":{"@type":"ImageObject","inLanguage":"pt-BR","@id":"https:\/\/vanderloubet.com.br\/deputado\/wp-content\/litespeed\/avatar\/88ca4090d9d5ab1c9495f6ca03b68efa.jpg?ver=1777058957","url":"https:\/\/vanderloubet.com.br\/deputado\/wp-content\/litespeed\/avatar\/88ca4090d9d5ab1c9495f6ca03b68efa.jpg?ver=1777058957","contentUrl":"https:\/\/vanderloubet.com.br\/deputado\/wp-content\/litespeed\/avatar\/88ca4090d9d5ab1c9495f6ca03b68efa.jpg?ver=1777058957","caption":"\u00c9der"}}]}},"jetpack_featured_media_url":"https:\/\/vanderloubet.com.br\/deputado\/wp-content\/uploads\/2019\/07\/foto-2019-07-17-comunidade-lageado-5.jpg","jetpack_sharing_enabled":true,"_links":{"self":[{"href":"https:\/\/vanderloubet.com.br\/deputado\/wp-json\/wp\/v2\/posts\/15682","targetHints":{"allow":["GET"]}}],"collection":[{"href":"https:\/\/vanderloubet.com.br\/deputado\/wp-json\/wp\/v2\/posts"}],"about":[{"href":"https:\/\/vanderloubet.com.br\/deputado\/wp-json\/wp\/v2\/types\/post"}],"author":[{"embeddable":true,"href":"https:\/\/vanderloubet.com.br\/deputado\/wp-json\/wp\/v2\/users\/2"}],"replies":[{"embeddable":true,"href":"https:\/\/vanderloubet.com.br\/deputado\/wp-json\/wp\/v2\/comments?post=15682"}],"version-history":[{"count":0,"href":"https:\/\/vanderloubet.com.br\/deputado\/wp-json\/wp\/v2\/posts\/15682\/revisions"}],"wp:featuredmedia":[{"embeddable":true,"href":"https:\/\/vanderloubet.com.br\/deputado\/wp-json\/wp\/v2\/media\/15687"}],"wp:attachment":[{"href":"https:\/\/vanderloubet.com.br\/deputado\/wp-json\/wp\/v2\/media?parent=15682"}],"wp:term":[{"taxonomy":"category","embeddable":true,"href":"https:\/\/vanderloubet.com.br\/deputado\/wp-json\/wp\/v2\/categories?post=15682"},{"taxonomy":"post_tag","embeddable":true,"href":"https:\/\/vanderloubet.com.br\/deputado\/wp-json\/wp\/v2\/tags?post=15682"}],"curies":[{"name":"wp","href":"https:\/\/api.w.org\/{rel}","templated":true}]}}