{"id":15572,"date":"2019-06-26T09:00:40","date_gmt":"2019-06-26T13:00:40","guid":{"rendered":"http:\/\/vanderloubet.com.br\/deputado\/?p=15572"},"modified":"2019-06-26T14:51:20","modified_gmt":"2019-06-26T18:51:20","slug":"voce-sabia-que-a-reforma-da-previdencia-vai-privatizar-sua-aposentadoria","status":"publish","type":"post","link":"https:\/\/vanderloubet.com.br\/deputado\/voce-sabia-que-a-reforma-da-previdencia-vai-privatizar-sua-aposentadoria\/","title":{"rendered":"Reforma da Previd\u00eancia vai privatizar sua aposentadoria"},"content":{"rendered":"<p><iframe title=\"Reforma da Previd\u00eancia vai privatizar sua aposentadoria\" width=\"696\" height=\"522\" src=\"https:\/\/www.youtube.com\/embed\/0x-e5M1o7CE?feature=oembed\" frameborder=\"0\" allow=\"accelerometer; autoplay; encrypted-media; gyroscope; picture-in-picture\" allowfullscreen><\/iframe><\/p>\n<p>A proposta do governo \u00e9 substituir a previd\u00eancia p\u00fablica por uma previd\u00eancia privada &#8211; o chamado sistema de capitaliza\u00e7\u00e3o -, que \u00e9 uma esp\u00e9cie de poupan\u00e7a particular que o trabalhador teria que fazer para garantir a aposentadoria no futuro.<\/p>\n<p>Nesse sistema, o valor da aposentadoria dependeria de dois fatores: quanto o trabalhador poupou e qual \u00e9 a rentabilidade de sua conta individual. A rentabilidade viria da aplica\u00e7\u00e3o dos recursos, no mercado financeiro, pelos operadores que v\u00e3o gerir os fundos capitalizados, geralmente bancos. O problema \u00e9 que essa aplica\u00e7\u00e3o \u00e9 um investimento de risco, pode gerar lucro como tamb\u00e9m pode gerar preju\u00edzo.<\/p>\n<p>Outro problema \u00e9 que a maioria dos especialistas em finan\u00e7as pessoais afirma que esse sistema n\u00e3o vale a pena. Planos privados de previd\u00eancia, em sua maioria, s\u00e3o vantajosos apenas para as empresas que os oferecem. Ou seja, o sistema de capitaliza\u00e7\u00e3o que o governo quer implantar s\u00f3 vai servir para aumentar o lucro dos bancos.<\/p>\n","protected":false},"excerpt":{"rendered":"<p>Sistema de capitaliza\u00e7\u00e3o que governo quer implantar servir\u00e1 apenas para aumentar lucro dos bancos.<\/p>\n","protected":false},"author":2,"featured_media":15580,"comment_status":"closed","ping_status":"closed","sticky":false,"template":"","format":"video","meta":{"jetpack_post_was_ever_published":false,"_jetpack_newsletter_access":"","_jetpack_dont_email_post_to_subs":false,"_jetpack_newsletter_tier_id":0,"_jetpack_memberships_contains_paywalled_content":false,"_jetpack_memberships_contains_paid_content":false,"footnotes":""},"categories":[2098,2101,10,12],"tags":[2300,2386],"class_list":{"0":"post-15572","1":"post","2":"type-post","3":"status-publish","4":"format-video","5":"has-post-thumbnail","7":"category-brasil-noticias","8":"category-multimidia","9":"category-noticias","10":"category-videos","11":"tag-proposta-de-emenda-a-constituicao","12":"tag-reforma-da-previdencia","13":"post_format-post-format-video"},"yoast_head":"<!-- This site is optimized with the Yoast SEO plugin v27.4 - https:\/\/yoast.com\/product\/yoast-seo-wordpress\/ -->\n<title>Reforma da Previd\u00eancia vai privatizar sua aposentadoria<\/title>\n<meta name=\"description\" content=\"O sistema de capitaliza\u00e7\u00e3o que o governo de Jair Bolsonaro quer implantar no lugar da Previd\u00eancia Social servir\u00e1 apenas para aumentar lucro dos bancos.\" \/>\n<meta name=\"robots\" content=\"index, follow, max-snippet:-1, max-image-preview:large, max-video-preview:-1\" \/>\n<link rel=\"canonical\" href=\"https:\/\/vanderloubet.com.br\/deputado\/voce-sabia-que-a-reforma-da-previdencia-vai-privatizar-sua-aposentadoria\/\" \/>\n<meta property=\"og:locale\" content=\"pt_BR\" \/>\n<meta property=\"og:type\" content=\"article\" \/>\n<meta property=\"og:title\" content=\"Reforma da Previd\u00eancia vai privatizar sua aposentadoria\" \/>\n<meta property=\"og:description\" content=\"O sistema de capitaliza\u00e7\u00e3o que o governo de Jair Bolsonaro quer implantar no lugar da Previd\u00eancia Social servir\u00e1 apenas para aumentar lucro dos bancos.\" \/>\n<meta property=\"og:url\" content=\"https:\/\/vanderloubet.com.br\/deputado\/voce-sabia-que-a-reforma-da-previdencia-vai-privatizar-sua-aposentadoria\/\" \/>\n<meta property=\"og:site_name\" content=\"Deputado Federal Vander Loubet\" \/>\n<meta property=\"article:publisher\" content=\"https:\/\/facebook.com\/deputadovander\" \/>\n<meta property=\"article:published_time\" content=\"2019-06-26T13:00:40+00:00\" \/>\n<meta property=\"article:modified_time\" content=\"2019-06-26T18:51:20+00:00\" \/>\n<meta property=\"og:image\" content=\"https:\/\/vanderloubet.com.br\/deputado\/wp-content\/uploads\/2019\/06\/foto-2019-06-26-reforma-previdencia-capitalizacao.jpg\" \/>\n\t<meta property=\"og:image:width\" content=\"1280\" \/>\n\t<meta property=\"og:image:height\" content=\"720\" \/>\n\t<meta property=\"og:image:type\" content=\"image\/jpeg\" \/>\n<meta name=\"author\" content=\"\u00c9der\" \/>\n<meta name=\"twitter:card\" content=\"summary_large_image\" \/>\n<meta name=\"twitter:creator\" content=\"@vanderloubet\" \/>\n<meta name=\"twitter:site\" content=\"@vanderloubet\" \/>\n<script type=\"application\/ld+json\" class=\"yoast-schema-graph\">{\"@context\":\"https:\\\/\\\/schema.org\",\"@graph\":[{\"@type\":\"Article\",\"@id\":\"https:\\\/\\\/vanderloubet.com.br\\\/deputado\\\/voce-sabia-que-a-reforma-da-previdencia-vai-privatizar-sua-aposentadoria\\\/#article\",\"isPartOf\":{\"@id\":\"https:\\\/\\\/vanderloubet.com.br\\\/deputado\\\/voce-sabia-que-a-reforma-da-previdencia-vai-privatizar-sua-aposentadoria\\\/\"},\"author\":{\"name\":\"\u00c9der\",\"@id\":\"https:\\\/\\\/vanderloubet.com.br\\\/deputado\\\/#\\\/schema\\\/person\\\/15b51bd564532a8a68d9dec1b8eb890e\"},\"headline\":\"Reforma da Previd\u00eancia vai privatizar sua aposentadoria\",\"datePublished\":\"2019-06-26T13:00:40+00:00\",\"dateModified\":\"2019-06-26T18:51:20+00:00\",\"mainEntityOfPage\":{\"@id\":\"https:\\\/\\\/vanderloubet.com.br\\\/deputado\\\/voce-sabia-que-a-reforma-da-previdencia-vai-privatizar-sua-aposentadoria\\\/\"},\"wordCount\":181,\"publisher\":{\"@id\":\"https:\\\/\\\/vanderloubet.com.br\\\/deputado\\\/#organization\"},\"image\":{\"@id\":\"https:\\\/\\\/vanderloubet.com.br\\\/deputado\\\/voce-sabia-que-a-reforma-da-previdencia-vai-privatizar-sua-aposentadoria\\\/#primaryimage\"},\"thumbnailUrl\":\"https:\\\/\\\/vanderloubet.com.br\\\/deputado\\\/wp-content\\\/uploads\\\/2019\\\/06\\\/foto-2019-06-26-reforma-previdencia-capitalizacao.jpg\",\"keywords\":[\"proposta de emenda \u00e0 constitui\u00e7\u00e3o\",\"reforma da previd\u00eancia\"],\"articleSection\":[\"Brasil\",\"Multim\u00eddia\",\"Not\u00edcias\",\"V\u00eddeos\"],\"inLanguage\":\"pt-BR\"},{\"@type\":\"WebPage\",\"@id\":\"https:\\\/\\\/vanderloubet.com.br\\\/deputado\\\/voce-sabia-que-a-reforma-da-previdencia-vai-privatizar-sua-aposentadoria\\\/\",\"url\":\"https:\\\/\\\/vanderloubet.com.br\\\/deputado\\\/voce-sabia-que-a-reforma-da-previdencia-vai-privatizar-sua-aposentadoria\\\/\",\"name\":\"Reforma da Previd\u00eancia vai privatizar sua aposentadoria\",\"isPartOf\":{\"@id\":\"https:\\\/\\\/vanderloubet.com.br\\\/deputado\\\/#website\"},\"primaryImageOfPage\":{\"@id\":\"https:\\\/\\\/vanderloubet.com.br\\\/deputado\\\/voce-sabia-que-a-reforma-da-previdencia-vai-privatizar-sua-aposentadoria\\\/#primaryimage\"},\"image\":{\"@id\":\"https:\\\/\\\/vanderloubet.com.br\\\/deputado\\\/voce-sabia-que-a-reforma-da-previdencia-vai-privatizar-sua-aposentadoria\\\/#primaryimage\"},\"thumbnailUrl\":\"https:\\\/\\\/vanderloubet.com.br\\\/deputado\\\/wp-content\\\/uploads\\\/2019\\\/06\\\/foto-2019-06-26-reforma-previdencia-capitalizacao.jpg\",\"datePublished\":\"2019-06-26T13:00:40+00:00\",\"dateModified\":\"2019-06-26T18:51:20+00:00\",\"description\":\"O sistema de capitaliza\u00e7\u00e3o que o governo de Jair Bolsonaro quer implantar no lugar da Previd\u00eancia Social servir\u00e1 apenas para aumentar lucro dos bancos.\",\"breadcrumb\":{\"@id\":\"https:\\\/\\\/vanderloubet.com.br\\\/deputado\\\/voce-sabia-que-a-reforma-da-previdencia-vai-privatizar-sua-aposentadoria\\\/#breadcrumb\"},\"inLanguage\":\"pt-BR\",\"potentialAction\":[{\"@type\":\"ReadAction\",\"target\":[\"https:\\\/\\\/vanderloubet.com.br\\\/deputado\\\/voce-sabia-que-a-reforma-da-previdencia-vai-privatizar-sua-aposentadoria\\\/\"]}]},{\"@type\":\"ImageObject\",\"inLanguage\":\"pt-BR\",\"@id\":\"https:\\\/\\\/vanderloubet.com.br\\\/deputado\\\/voce-sabia-que-a-reforma-da-previdencia-vai-privatizar-sua-aposentadoria\\\/#primaryimage\",\"url\":\"https:\\\/\\\/vanderloubet.com.br\\\/deputado\\\/wp-content\\\/uploads\\\/2019\\\/06\\\/foto-2019-06-26-reforma-previdencia-capitalizacao.jpg\",\"contentUrl\":\"https:\\\/\\\/vanderloubet.com.br\\\/deputado\\\/wp-content\\\/uploads\\\/2019\\\/06\\\/foto-2019-06-26-reforma-previdencia-capitalizacao.jpg\",\"width\":1280,\"height\":720,\"caption\":\"Reforma da Previd\u00eancia vai privatizar sua aposentadoria\"},{\"@type\":\"BreadcrumbList\",\"@id\":\"https:\\\/\\\/vanderloubet.com.br\\\/deputado\\\/voce-sabia-que-a-reforma-da-previdencia-vai-privatizar-sua-aposentadoria\\\/#breadcrumb\",\"itemListElement\":[{\"@type\":\"ListItem\",\"position\":1,\"name\":\"In\u00edcio\",\"item\":\"https:\\\/\\\/vanderloubet.com.br\\\/deputado\\\/\"},{\"@type\":\"ListItem\",\"position\":2,\"name\":\"Reforma da Previd\u00eancia vai privatizar sua aposentadoria\"}]},{\"@type\":\"WebSite\",\"@id\":\"https:\\\/\\\/vanderloubet.com.br\\\/deputado\\\/#website\",\"url\":\"https:\\\/\\\/vanderloubet.com.br\\\/deputado\\\/\",\"name\":\"Deputado Federal Vander Loubet\",\"description\":\"O Federal de MS\",\"publisher\":{\"@id\":\"https:\\\/\\\/vanderloubet.com.br\\\/deputado\\\/#organization\"},\"alternateName\":\"Deputado Vander\",\"potentialAction\":[{\"@type\":\"SearchAction\",\"target\":{\"@type\":\"EntryPoint\",\"urlTemplate\":\"https:\\\/\\\/vanderloubet.com.br\\\/deputado\\\/?s={search_term_string}\"},\"query-input\":{\"@type\":\"PropertyValueSpecification\",\"valueRequired\":true,\"valueName\":\"search_term_string\"}}],\"inLanguage\":\"pt-BR\"},{\"@type\":\"Organization\",\"@id\":\"https:\\\/\\\/vanderloubet.com.br\\\/deputado\\\/#organization\",\"name\":\"Deputado Federal Vander Loubet\",\"alternateName\":\"Deputado Vander\",\"url\":\"https:\\\/\\\/vanderloubet.com.br\\\/deputado\\\/\",\"logo\":{\"@type\":\"ImageObject\",\"inLanguage\":\"pt-BR\",\"@id\":\"https:\\\/\\\/vanderloubet.com.br\\\/deputado\\\/#\\\/schema\\\/logo\\\/image\\\/\",\"url\":\"https:\\\/\\\/vanderloubet.com.br\\\/deputado\\\/wp-content\\\/uploads\\\/2023\\\/06\\\/foto-2023-06-19-mandato-deputado-vander.jpg\",\"contentUrl\":\"https:\\\/\\\/vanderloubet.com.br\\\/deputado\\\/wp-content\\\/uploads\\\/2023\\\/06\\\/foto-2023-06-19-mandato-deputado-vander.jpg\",\"width\":1080,\"height\":1080,\"caption\":\"Deputado Federal Vander Loubet\"},\"image\":{\"@id\":\"https:\\\/\\\/vanderloubet.com.br\\\/deputado\\\/#\\\/schema\\\/logo\\\/image\\\/\"},\"sameAs\":[\"https:\\\/\\\/facebook.com\\\/deputadovander\",\"https:\\\/\\\/x.com\\\/vanderloubet\",\"https:\\\/\\\/instagram.com\\\/vanderloubet\",\"https:\\\/\\\/youtube.com\\\/vanderloubet\",\"https:\\\/\\\/tiktok.com\\\/@vanderloubetms\"]},{\"@type\":\"Person\",\"@id\":\"https:\\\/\\\/vanderloubet.com.br\\\/deputado\\\/#\\\/schema\\\/person\\\/15b51bd564532a8a68d9dec1b8eb890e\",\"name\":\"\u00c9der\",\"image\":{\"@type\":\"ImageObject\",\"inLanguage\":\"pt-BR\",\"@id\":\"https:\\\/\\\/vanderloubet.com.br\\\/deputado\\\/wp-content\\\/litespeed\\\/avatar\\\/88ca4090d9d5ab1c9495f6ca03b68efa.jpg?ver=1777058957\",\"url\":\"https:\\\/\\\/vanderloubet.com.br\\\/deputado\\\/wp-content\\\/litespeed\\\/avatar\\\/88ca4090d9d5ab1c9495f6ca03b68efa.jpg?ver=1777058957\",\"contentUrl\":\"https:\\\/\\\/vanderloubet.com.br\\\/deputado\\\/wp-content\\\/litespeed\\\/avatar\\\/88ca4090d9d5ab1c9495f6ca03b68efa.jpg?ver=1777058957\",\"caption\":\"\u00c9der\"}}]}<\/script>\n<!-- \/ Yoast SEO plugin. -->","yoast_head_json":{"title":"Reforma da Previd\u00eancia vai privatizar sua aposentadoria","description":"O sistema de capitaliza\u00e7\u00e3o que o governo de Jair Bolsonaro quer implantar no lugar da Previd\u00eancia Social servir\u00e1 apenas para aumentar lucro dos bancos.","robots":{"index":"index","follow":"follow","max-snippet":"max-snippet:-1","max-image-preview":"max-image-preview:large","max-video-preview":"max-video-preview:-1"},"canonical":"https:\/\/vanderloubet.com.br\/deputado\/voce-sabia-que-a-reforma-da-previdencia-vai-privatizar-sua-aposentadoria\/","og_locale":"pt_BR","og_type":"article","og_title":"Reforma da Previd\u00eancia vai privatizar sua aposentadoria","og_description":"O sistema de capitaliza\u00e7\u00e3o que o governo de Jair Bolsonaro quer implantar no lugar da Previd\u00eancia Social servir\u00e1 apenas para aumentar lucro dos bancos.","og_url":"https:\/\/vanderloubet.com.br\/deputado\/voce-sabia-que-a-reforma-da-previdencia-vai-privatizar-sua-aposentadoria\/","og_site_name":"Deputado Federal Vander Loubet","article_publisher":"https:\/\/facebook.com\/deputadovander","article_published_time":"2019-06-26T13:00:40+00:00","article_modified_time":"2019-06-26T18:51:20+00:00","og_image":[{"width":1280,"height":720,"url":"https:\/\/vanderloubet.com.br\/deputado\/wp-content\/uploads\/2019\/06\/foto-2019-06-26-reforma-previdencia-capitalizacao.jpg","type":"image\/jpeg"}],"author":"\u00c9der","twitter_card":"summary_large_image","twitter_creator":"@vanderloubet","twitter_site":"@vanderloubet","schema":{"@context":"https:\/\/schema.org","@graph":[{"@type":"Article","@id":"https:\/\/vanderloubet.com.br\/deputado\/voce-sabia-que-a-reforma-da-previdencia-vai-privatizar-sua-aposentadoria\/#article","isPartOf":{"@id":"https:\/\/vanderloubet.com.br\/deputado\/voce-sabia-que-a-reforma-da-previdencia-vai-privatizar-sua-aposentadoria\/"},"author":{"name":"\u00c9der","@id":"https:\/\/vanderloubet.com.br\/deputado\/#\/schema\/person\/15b51bd564532a8a68d9dec1b8eb890e"},"headline":"Reforma da Previd\u00eancia vai privatizar sua aposentadoria","datePublished":"2019-06-26T13:00:40+00:00","dateModified":"2019-06-26T18:51:20+00:00","mainEntityOfPage":{"@id":"https:\/\/vanderloubet.com.br\/deputado\/voce-sabia-que-a-reforma-da-previdencia-vai-privatizar-sua-aposentadoria\/"},"wordCount":181,"publisher":{"@id":"https:\/\/vanderloubet.com.br\/deputado\/#organization"},"image":{"@id":"https:\/\/vanderloubet.com.br\/deputado\/voce-sabia-que-a-reforma-da-previdencia-vai-privatizar-sua-aposentadoria\/#primaryimage"},"thumbnailUrl":"https:\/\/vanderloubet.com.br\/deputado\/wp-content\/uploads\/2019\/06\/foto-2019-06-26-reforma-previdencia-capitalizacao.jpg","keywords":["proposta de emenda \u00e0 constitui\u00e7\u00e3o","reforma da previd\u00eancia"],"articleSection":["Brasil","Multim\u00eddia","Not\u00edcias","V\u00eddeos"],"inLanguage":"pt-BR"},{"@type":"WebPage","@id":"https:\/\/vanderloubet.com.br\/deputado\/voce-sabia-que-a-reforma-da-previdencia-vai-privatizar-sua-aposentadoria\/","url":"https:\/\/vanderloubet.com.br\/deputado\/voce-sabia-que-a-reforma-da-previdencia-vai-privatizar-sua-aposentadoria\/","name":"Reforma da Previd\u00eancia vai privatizar sua aposentadoria","isPartOf":{"@id":"https:\/\/vanderloubet.com.br\/deputado\/#website"},"primaryImageOfPage":{"@id":"https:\/\/vanderloubet.com.br\/deputado\/voce-sabia-que-a-reforma-da-previdencia-vai-privatizar-sua-aposentadoria\/#primaryimage"},"image":{"@id":"https:\/\/vanderloubet.com.br\/deputado\/voce-sabia-que-a-reforma-da-previdencia-vai-privatizar-sua-aposentadoria\/#primaryimage"},"thumbnailUrl":"https:\/\/vanderloubet.com.br\/deputado\/wp-content\/uploads\/2019\/06\/foto-2019-06-26-reforma-previdencia-capitalizacao.jpg","datePublished":"2019-06-26T13:00:40+00:00","dateModified":"2019-06-26T18:51:20+00:00","description":"O sistema de capitaliza\u00e7\u00e3o que o governo de Jair Bolsonaro quer implantar no lugar da Previd\u00eancia Social servir\u00e1 apenas para aumentar lucro dos bancos.","breadcrumb":{"@id":"https:\/\/vanderloubet.com.br\/deputado\/voce-sabia-que-a-reforma-da-previdencia-vai-privatizar-sua-aposentadoria\/#breadcrumb"},"inLanguage":"pt-BR","potentialAction":[{"@type":"ReadAction","target":["https:\/\/vanderloubet.com.br\/deputado\/voce-sabia-que-a-reforma-da-previdencia-vai-privatizar-sua-aposentadoria\/"]}]},{"@type":"ImageObject","inLanguage":"pt-BR","@id":"https:\/\/vanderloubet.com.br\/deputado\/voce-sabia-que-a-reforma-da-previdencia-vai-privatizar-sua-aposentadoria\/#primaryimage","url":"https:\/\/vanderloubet.com.br\/deputado\/wp-content\/uploads\/2019\/06\/foto-2019-06-26-reforma-previdencia-capitalizacao.jpg","contentUrl":"https:\/\/vanderloubet.com.br\/deputado\/wp-content\/uploads\/2019\/06\/foto-2019-06-26-reforma-previdencia-capitalizacao.jpg","width":1280,"height":720,"caption":"Reforma da Previd\u00eancia vai privatizar sua aposentadoria"},{"@type":"BreadcrumbList","@id":"https:\/\/vanderloubet.com.br\/deputado\/voce-sabia-que-a-reforma-da-previdencia-vai-privatizar-sua-aposentadoria\/#breadcrumb","itemListElement":[{"@type":"ListItem","position":1,"name":"In\u00edcio","item":"https:\/\/vanderloubet.com.br\/deputado\/"},{"@type":"ListItem","position":2,"name":"Reforma da Previd\u00eancia vai privatizar sua aposentadoria"}]},{"@type":"WebSite","@id":"https:\/\/vanderloubet.com.br\/deputado\/#website","url":"https:\/\/vanderloubet.com.br\/deputado\/","name":"Deputado Federal Vander Loubet","description":"O Federal de MS","publisher":{"@id":"https:\/\/vanderloubet.com.br\/deputado\/#organization"},"alternateName":"Deputado Vander","potentialAction":[{"@type":"SearchAction","target":{"@type":"EntryPoint","urlTemplate":"https:\/\/vanderloubet.com.br\/deputado\/?s={search_term_string}"},"query-input":{"@type":"PropertyValueSpecification","valueRequired":true,"valueName":"search_term_string"}}],"inLanguage":"pt-BR"},{"@type":"Organization","@id":"https:\/\/vanderloubet.com.br\/deputado\/#organization","name":"Deputado Federal Vander Loubet","alternateName":"Deputado Vander","url":"https:\/\/vanderloubet.com.br\/deputado\/","logo":{"@type":"ImageObject","inLanguage":"pt-BR","@id":"https:\/\/vanderloubet.com.br\/deputado\/#\/schema\/logo\/image\/","url":"https:\/\/vanderloubet.com.br\/deputado\/wp-content\/uploads\/2023\/06\/foto-2023-06-19-mandato-deputado-vander.jpg","contentUrl":"https:\/\/vanderloubet.com.br\/deputado\/wp-content\/uploads\/2023\/06\/foto-2023-06-19-mandato-deputado-vander.jpg","width":1080,"height":1080,"caption":"Deputado Federal Vander Loubet"},"image":{"@id":"https:\/\/vanderloubet.com.br\/deputado\/#\/schema\/logo\/image\/"},"sameAs":["https:\/\/facebook.com\/deputadovander","https:\/\/x.com\/vanderloubet","https:\/\/instagram.com\/vanderloubet","https:\/\/youtube.com\/vanderloubet","https:\/\/tiktok.com\/@vanderloubetms"]},{"@type":"Person","@id":"https:\/\/vanderloubet.com.br\/deputado\/#\/schema\/person\/15b51bd564532a8a68d9dec1b8eb890e","name":"\u00c9der","image":{"@type":"ImageObject","inLanguage":"pt-BR","@id":"https:\/\/vanderloubet.com.br\/deputado\/wp-content\/litespeed\/avatar\/88ca4090d9d5ab1c9495f6ca03b68efa.jpg?ver=1777058957","url":"https:\/\/vanderloubet.com.br\/deputado\/wp-content\/litespeed\/avatar\/88ca4090d9d5ab1c9495f6ca03b68efa.jpg?ver=1777058957","contentUrl":"https:\/\/vanderloubet.com.br\/deputado\/wp-content\/litespeed\/avatar\/88ca4090d9d5ab1c9495f6ca03b68efa.jpg?ver=1777058957","caption":"\u00c9der"}}]}},"jetpack_featured_media_url":"https:\/\/vanderloubet.com.br\/deputado\/wp-content\/uploads\/2019\/06\/foto-2019-06-26-reforma-previdencia-capitalizacao.jpg","jetpack_sharing_enabled":true,"_links":{"self":[{"href":"https:\/\/vanderloubet.com.br\/deputado\/wp-json\/wp\/v2\/posts\/15572","targetHints":{"allow":["GET"]}}],"collection":[{"href":"https:\/\/vanderloubet.com.br\/deputado\/wp-json\/wp\/v2\/posts"}],"about":[{"href":"https:\/\/vanderloubet.com.br\/deputado\/wp-json\/wp\/v2\/types\/post"}],"author":[{"embeddable":true,"href":"https:\/\/vanderloubet.com.br\/deputado\/wp-json\/wp\/v2\/users\/2"}],"replies":[{"embeddable":true,"href":"https:\/\/vanderloubet.com.br\/deputado\/wp-json\/wp\/v2\/comments?post=15572"}],"version-history":[{"count":0,"href":"https:\/\/vanderloubet.com.br\/deputado\/wp-json\/wp\/v2\/posts\/15572\/revisions"}],"wp:featuredmedia":[{"embeddable":true,"href":"https:\/\/vanderloubet.com.br\/deputado\/wp-json\/wp\/v2\/media\/15580"}],"wp:attachment":[{"href":"https:\/\/vanderloubet.com.br\/deputado\/wp-json\/wp\/v2\/media?parent=15572"}],"wp:term":[{"taxonomy":"category","embeddable":true,"href":"https:\/\/vanderloubet.com.br\/deputado\/wp-json\/wp\/v2\/categories?post=15572"},{"taxonomy":"post_tag","embeddable":true,"href":"https:\/\/vanderloubet.com.br\/deputado\/wp-json\/wp\/v2\/tags?post=15572"}],"curies":[{"name":"wp","href":"https:\/\/api.w.org\/{rel}","templated":true}]}}