{"id":15481,"date":"2019-05-14T12:24:38","date_gmt":"2019-05-14T16:24:38","guid":{"rendered":"http:\/\/vanderloubet.com.br\/deputado\/?p=15481"},"modified":"2019-11-07T09:42:01","modified_gmt":"2019-11-07T13:42:01","slug":"em-audiencia-vander-reitera-voto-contra-reforma-da-previdencia-e-destaca-necessidade-de-mobilizacao","status":"publish","type":"post","link":"https:\/\/vanderloubet.com.br\/deputado\/em-audiencia-vander-reitera-voto-contra-reforma-da-previdencia-e-destaca-necessidade-de-mobilizacao\/","title":{"rendered":"Em audi\u00eancia, Vander reitera voto contra Reforma da Previd\u00eancia e destaca necessidade de mobiliza\u00e7\u00e3o"},"content":{"rendered":"<p>Na segunda-feira (13), foi realizada na Assembleia Legislativa de Mato Grosso do Sul, em Campo Grande, a audi\u00eancia p\u00fablica &#8220;Previd\u00eancia \u00e9 direito&#8221;, convocada pelo deputado estadual Pedro Kemp para debater o projeto de Reforma da Previd\u00eancia apresentado pelo governo federal (Proposta de Emenda \u00e0 Constitui\u00e7\u00e3o &#8211; PEC 6\/2019).<\/p>\n<p>O evento contou com a palestra de Carlos Eduardo Gabas, ex-ministro da Previd\u00eancia Social nos governos dos ex-presidentes Luiz In\u00e1cio Lula da Silva e Dilma Rousseff. O tema da fala de Gabas foi &#8220;Os impactos constitucionais, econ\u00f4micos e sociais da Reforma da Previd\u00eancia&#8221;.<\/p>\n<p>A audi\u00eancia lotou o Plen\u00e1rio Julio Maia e teve a presen\u00e7a dos deputados federais Vander Loubet e Dagoberto Nogueira e de dirigentes e representantes de dezenas de sindicatos, associa\u00e7\u00f5es, federa\u00e7\u00f5es e entidades de defesa das mais variadas categorias de trabalhadores da iniciativa privada e do servi\u00e7o p\u00fablico.<\/p>\n<p>Em sua fala, o deputado Vander Loubet reafirmou sua posi\u00e7\u00e3o contr\u00e1ria ao projeto apresentado pelo governo de Jair Bolsonaro e destacou que \u00e9 importante que a sociedade se organize e se mobilize para angariar votos de mais parlamentares contra a reforma previdenci\u00e1ria proposta. O deputado lembrou das recentes derrotas que o governo sofreu no Congresso (como no caso da an\u00e1lise da Medida Provis\u00f3ria 870\/2019) e da desorganiza\u00e7\u00e3o da base de apoio a Bolsonaro, sinais de que h\u00e1 caminhos para enterrar a PEC 6\/2019.<\/p>\n<p>&#8220;Em cada estado precisamos ter os movimentos sociais de defesa dos trabalhadores fazendo press\u00e3o sobre os deputados e senadores. Aqui em Mato Grosso do Sul n\u00e3o pode ser diferente, s\u00f3 o Dagoberto e eu n\u00e3o n\u00e3o damos conta de derrotar essa reforma. Acredito que h\u00e1 espa\u00e7o para dialogar, argumentar e buscar o apoio dos colegas de bancada. A Rose Modesto e a Bia Cavassa, por exemplo, s\u00e3o professoras, uma das categorias que mais seria prejudicada com a aprova\u00e7\u00e3o desse projeto. Temos que angariar os votos delas. O F\u00e1bio Trad votou pela admissibilidade da PEC na CCJC, mas tem diverg\u00eancias com o projeto. Temos que buscar o apoio dele&#8221;, afirma Vander.<\/p>\n<p><strong>Desafios<\/strong> &#8211; Em sua palestra, Carlos Gabas rebateu os argumentos do governo para a reforma previdenci\u00e1ria. &#8220;A proposta do governo se fundamenta em uma tese falsa: a Previd\u00eancia est\u00e1 quebrada. N\u00e3o \u00e9 verdade&#8221;, afirmou o ex-ministro. Com base no Boletim Estat\u00edstico da Previd\u00eancia Social (BEPS), ele informou que, at\u00e9 2015, havia super\u00e1vit no regime urbano da Previd\u00eancia. &#8220;O que aconteceu desde ent\u00e3o para o governo dizer que quebrou?&#8221;, questionou. Conforme sua an\u00e1lise, o que houve no per\u00edodo foi uma mudan\u00e7a conjuntural, relacionada, sobretudo, ao avan\u00e7o do desemprego e da informalidade.<\/p>\n<p>Gabas concorda com a necessidade de reforma, devido \u00e0 transi\u00e7\u00e3o demogr\u00e1fica decorrente da maior expectativa de vida, mas pondera que isso n\u00e3o \u00e9 algo ruim. &#8220;Isso n\u00e3o \u00e9 um problema. Ao contr\u00e1rio, \u00e9 algo muito bom, pois estamos vivendo mais. N\u00e3o \u00e9 problema, mas \u00e9 desafio. A pergunta que devemos fazer \u00e9: qual a qualidade de vida nesses anos que viveremos mais?&#8221;, afirmou.<\/p>\n<p>Para enfrentar o desafio do aumento da expectativa de vida, \u00e9 preciso reformar o sistema previdenci\u00e1rio, mas n\u00e3o como \u00e9 proposto pelo governo federal, de acordo com Gabas. Ele afirma que a receita previdenci\u00e1ria n\u00e3o deve depender apenas da folha salarial. &#8220;Em um quadro de desemprego e de informalidade, isso \u00e9 muito grave. Temos hoje mais de 13 milh\u00f5es de desempregados e 25 milh\u00f5es de trabalhadores informais. Essa situa\u00e7\u00e3o derreteu a contribui\u00e7\u00e3o para a Previd\u00eancia&#8221;, disse Gabas.<\/p>\n<p>A partir desse quadro, o ex-ministro considerou que a supera\u00e7\u00e3o dos desafios em pauta se relaciona com a retomada do emprego, mas tamb\u00e9m com a recomposi\u00e7\u00e3o da receita para a Previd\u00eancia. &#8220;Devemos buscar outras formas de financiamento&#8221;, disse, especificando que, nessa amplia\u00e7\u00e3o de fontes, o governo deveria reduzir as isen\u00e7\u00f5es fiscais. Ele exemplificou com a Lei Federal 13.586\/2017, que instituiu o regime tribut\u00e1rio especial para a explora\u00e7\u00e3o e produ\u00e7\u00e3o de petr\u00f3leo por parte de empresas estrangeiras. De acordo com Gabas, a ren\u00fancia fiscal, apenas neste caso, soma R$ 1 trilh\u00e3o. &#8220;E este \u00e9 o mesmo n\u00famero da cabala do [ministro da Economia] Paulo Guedes&#8221;, afirmou, completando que o n\u00famero seria cabal\u00edstico porque o atual ministro ainda n\u00e3o explicou o porqu\u00ea do valor \u2013 pela proje\u00e7\u00e3o do governo, a Reforma da Previd\u00eancia proporcionaria economia de R$ 1 trilh\u00e3o no per\u00edodo de 10 anos.<\/p>\n<p>Ao fim de sua fala, Gabas apresentou tr\u00eas pontos que considera importantes no processo da Reforma da Previd\u00eancia. &#8220;Primeiro, o governo deve abrir os n\u00fameros [relativos a receitas e despesas previdenci\u00e1rias]. Em segundo lugar, precisa identificar os segmentos que sonegam e combater essa sonega\u00e7\u00e3o. E, por fim, \u00e9 necess\u00e1rio reavaliar as isen\u00e7\u00f5es fiscais, acabando, assim, efetivamente, com os privil\u00e9gios&#8221;, enfatizou.<\/p>\n<p><em>(Fonte: Ag\u00eancia de Not\u00edcias AL-MS)<\/em><\/p>\n\r\n                <style type=\"text\/css\">\r\n                    \r\n                    #tdi_1  .td-doubleSlider-2 .td-item1 {\r\n                        background: url(https:\/\/vanderloubet.com.br\/deputado\/wp-content\/uploads\/2019\/05\/foto-2019-05-13-audiencia-reforma-previdencia-1-80x60.jpg) 0 0 no-repeat;\r\n                    }\r\n                    #tdi_1  .td-doubleSlider-2 .td-item2 {\r\n                        background: url(https:\/\/vanderloubet.com.br\/deputado\/wp-content\/uploads\/2019\/05\/foto-2019-05-13-audiencia-reforma-previdencia-2-80x60.jpg) 0 0 no-repeat;\r\n                    }\r\n                    #tdi_1  .td-doubleSlider-2 .td-item3 {\r\n                        background: url(https:\/\/vanderloubet.com.br\/deputado\/wp-content\/uploads\/2019\/05\/foto-2019-05-13-audiencia-reforma-previdencia-3-80x60.jpg) 0 0 no-repeat;\r\n                    }\r\n                    #tdi_1  .td-doubleSlider-2 .td-item4 {\r\n                        background: url(https:\/\/vanderloubet.com.br\/deputado\/wp-content\/uploads\/2019\/05\/foto-2019-05-13-audiencia-reforma-previdencia-4-80x60.jpg) 0 0 no-repeat;\r\n                    }\r\n                    #tdi_1  .td-doubleSlider-2 .td-item5 {\r\n                        background: url(https:\/\/vanderloubet.com.br\/deputado\/wp-content\/uploads\/2019\/05\/foto-2019-05-13-audiencia-reforma-previdencia-5-80x60.jpg) 0 0 no-repeat;\r\n                    }\r\n                    #tdi_1  .td-doubleSlider-2 .td-item6 {\r\n                        background: url(https:\/\/vanderloubet.com.br\/deputado\/wp-content\/uploads\/2019\/05\/foto-2019-05-13-audiencia-reforma-previdencia-6-80x60.jpg) 0 0 no-repeat;\r\n                    }\r\n                    #tdi_1  .td-doubleSlider-2 .td-item7 {\r\n                        background: url(https:\/\/vanderloubet.com.br\/deputado\/wp-content\/uploads\/2019\/05\/foto-2019-05-13-audiencia-reforma-previdencia-7-80x60.jpg) 0 0 no-repeat;\r\n                    }\r\n                <\/style>\r\n\r\n                <div id=\"tdi_1\" class=\"td-gallery td-slide-on-2-columns\">\r\n                    <div class=\"post_td_gallery\">\r\n                        <div class=\"td-gallery-slide-top\">\r\n                           <div class=\"td-gallery-title\"><\/div>\r\n\r\n                            <div class=\"td-gallery-controls-wrapper\">\r\n                                <div class=\"td-gallery-slide-count\"><span class=\"td-gallery-slide-item-focus\">1<\/span> de 7<\/div>\r\n                                <div class=\"td-gallery-slide-prev-next-but\">\r\n                                    <i class = \"td-icon-left doubleSliderPrevButton\"><\/i>\r\n                                    <i class = \"td-icon-right doubleSliderNextButton\"><\/i>\r\n                                <\/div>\r\n                            <\/div>\r\n                        <\/div>\r\n\r\n                        <div class = \"td-doubleSlider-1 \">\r\n                            <div class = \"td-slider\">\r\n                                \r\n                    <div class = \"td-slide-item td-item1\">\r\n                        <figure class=\"td-slide-galery-figure td-slide-popup-gallery\">\r\n                            <a class=\"slide-gallery-image-link\" href=\"https:\/\/vanderloubet.com.br\/deputado\/wp-content\/uploads\/2019\/05\/foto-2019-05-13-audiencia-reforma-previdencia-1.jpg\" title=\"Audi\u00eancia p\u00fablica na AL-MS discutiu Reforma da Previd\u00eancia\"  data-caption=\"\"  data-description=\"Audi&ecirc;ncia p&uacute;blica na AL-MS discutiu Reforma da Previd&ecirc;ncia\">\r\n                                <img decoding=\"async\" src=\"https:\/\/vanderloubet.com.br\/deputado\/wp-content\/uploads\/2019\/05\/foto-2019-05-13-audiencia-reforma-previdencia-1-633x420.jpg\" srcset=\"https:\/\/vanderloubet.com.br\/deputado\/wp-content\/uploads\/2019\/05\/foto-2019-05-13-audiencia-reforma-previdencia-1-633x420.jpg 633w, https:\/\/vanderloubet.com.br\/deputado\/wp-content\/uploads\/2019\/05\/foto-2019-05-13-audiencia-reforma-previdencia-1-350x232.jpg 350w, https:\/\/vanderloubet.com.br\/deputado\/wp-content\/uploads\/2019\/05\/foto-2019-05-13-audiencia-reforma-previdencia-1-768x510.jpg 768w, https:\/\/vanderloubet.com.br\/deputado\/wp-content\/uploads\/2019\/05\/foto-2019-05-13-audiencia-reforma-previdencia-1-700x465.jpg 700w, https:\/\/vanderloubet.com.br\/deputado\/wp-content\/uploads\/2019\/05\/foto-2019-05-13-audiencia-reforma-previdencia-1-696x462.jpg 696w, https:\/\/vanderloubet.com.br\/deputado\/wp-content\/uploads\/2019\/05\/foto-2019-05-13-audiencia-reforma-previdencia-1-1068x709.jpg 1068w, https:\/\/vanderloubet.com.br\/deputado\/wp-content\/uploads\/2019\/05\/foto-2019-05-13-audiencia-reforma-previdencia-1.jpg 1080w\" sizes=\"(max-width: 633px) 100vw, 633px\" alt=\"Audi&ecirc;ncia p&uacute;blica na AL-MS discutiu Reforma da Previd&ecirc;ncia\">\r\n                            <\/a>\r\n                            <figcaption class = \"td-slide-caption td-gallery-slide-content\"><span>Audi\u00eancia p\u00fablica na AL-MS discutiu Reforma da Previd\u00eancia<\/span><\/figcaption>\r\n                        <\/figure>\r\n                    <\/div>\r\n                    <div class = \"td-slide-item td-item2\">\r\n                        <figure class=\"td-slide-galery-figure td-slide-popup-gallery\">\r\n                            <a class=\"slide-gallery-image-link\" href=\"https:\/\/vanderloubet.com.br\/deputado\/wp-content\/uploads\/2019\/05\/foto-2019-05-13-audiencia-reforma-previdencia-2.jpg\" title=\"Audi\u00eancia p\u00fablica na AL-MS discutiu Reforma da Previd\u00eancia\"  data-caption=\"\"  data-description=\"Audi&ecirc;ncia p&uacute;blica na AL-MS discutiu Reforma da Previd&ecirc;ncia\">\r\n                                <img decoding=\"async\" src=\"https:\/\/vanderloubet.com.br\/deputado\/wp-content\/uploads\/2019\/05\/foto-2019-05-13-audiencia-reforma-previdencia-2-633x420.jpg\" srcset=\"https:\/\/vanderloubet.com.br\/deputado\/wp-content\/uploads\/2019\/05\/foto-2019-05-13-audiencia-reforma-previdencia-2-633x420.jpg 633w, https:\/\/vanderloubet.com.br\/deputado\/wp-content\/uploads\/2019\/05\/foto-2019-05-13-audiencia-reforma-previdencia-2-350x232.jpg 350w, https:\/\/vanderloubet.com.br\/deputado\/wp-content\/uploads\/2019\/05\/foto-2019-05-13-audiencia-reforma-previdencia-2-768x510.jpg 768w, https:\/\/vanderloubet.com.br\/deputado\/wp-content\/uploads\/2019\/05\/foto-2019-05-13-audiencia-reforma-previdencia-2-700x465.jpg 700w, https:\/\/vanderloubet.com.br\/deputado\/wp-content\/uploads\/2019\/05\/foto-2019-05-13-audiencia-reforma-previdencia-2-696x462.jpg 696w, https:\/\/vanderloubet.com.br\/deputado\/wp-content\/uploads\/2019\/05\/foto-2019-05-13-audiencia-reforma-previdencia-2-1068x709.jpg 1068w, https:\/\/vanderloubet.com.br\/deputado\/wp-content\/uploads\/2019\/05\/foto-2019-05-13-audiencia-reforma-previdencia-2.jpg 1080w\" sizes=\"(max-width: 633px) 100vw, 633px\" alt=\"Audi&ecirc;ncia p&uacute;blica na AL-MS discutiu Reforma da Previd&ecirc;ncia\">\r\n                            <\/a>\r\n                            <figcaption class = \"td-slide-caption td-gallery-slide-content\"><span>Audi\u00eancia p\u00fablica na AL-MS discutiu Reforma da Previd\u00eancia<\/span><\/figcaption>\r\n                        <\/figure>\r\n                    <\/div>\r\n                    <div class = \"td-slide-item td-item3\">\r\n                        <figure class=\"td-slide-galery-figure td-slide-popup-gallery\">\r\n                            <a class=\"slide-gallery-image-link\" href=\"https:\/\/vanderloubet.com.br\/deputado\/wp-content\/uploads\/2019\/05\/foto-2019-05-13-audiencia-reforma-previdencia-3.jpg\" title=\"Audi\u00eancia p\u00fablica na AL-MS discutiu Reforma da Previd\u00eancia\"  data-caption=\"\"  data-description=\"Audi&ecirc;ncia p&uacute;blica na AL-MS discutiu Reforma da Previd&ecirc;ncia\">\r\n                                <img decoding=\"async\" src=\"https:\/\/vanderloubet.com.br\/deputado\/wp-content\/uploads\/2019\/05\/foto-2019-05-13-audiencia-reforma-previdencia-3-633x420.jpg\" srcset=\"https:\/\/vanderloubet.com.br\/deputado\/wp-content\/uploads\/2019\/05\/foto-2019-05-13-audiencia-reforma-previdencia-3-633x420.jpg 633w, https:\/\/vanderloubet.com.br\/deputado\/wp-content\/uploads\/2019\/05\/foto-2019-05-13-audiencia-reforma-previdencia-3-350x232.jpg 350w, https:\/\/vanderloubet.com.br\/deputado\/wp-content\/uploads\/2019\/05\/foto-2019-05-13-audiencia-reforma-previdencia-3-768x510.jpg 768w, https:\/\/vanderloubet.com.br\/deputado\/wp-content\/uploads\/2019\/05\/foto-2019-05-13-audiencia-reforma-previdencia-3-700x465.jpg 700w, https:\/\/vanderloubet.com.br\/deputado\/wp-content\/uploads\/2019\/05\/foto-2019-05-13-audiencia-reforma-previdencia-3-696x462.jpg 696w, https:\/\/vanderloubet.com.br\/deputado\/wp-content\/uploads\/2019\/05\/foto-2019-05-13-audiencia-reforma-previdencia-3-1068x709.jpg 1068w, https:\/\/vanderloubet.com.br\/deputado\/wp-content\/uploads\/2019\/05\/foto-2019-05-13-audiencia-reforma-previdencia-3.jpg 1080w\" sizes=\"(max-width: 633px) 100vw, 633px\" alt=\"Audi&ecirc;ncia p&uacute;blica na AL-MS discutiu Reforma da Previd&ecirc;ncia\">\r\n                            <\/a>\r\n                            <figcaption class = \"td-slide-caption td-gallery-slide-content\"><span>Audi\u00eancia p\u00fablica na AL-MS discutiu Reforma da Previd\u00eancia<\/span><\/figcaption>\r\n                        <\/figure>\r\n                    <\/div>\r\n                    <div class = \"td-slide-item td-item4\">\r\n                        <figure class=\"td-slide-galery-figure td-slide-popup-gallery\">\r\n                            <a class=\"slide-gallery-image-link\" href=\"https:\/\/vanderloubet.com.br\/deputado\/wp-content\/uploads\/2019\/05\/foto-2019-05-13-audiencia-reforma-previdencia-4.jpg\" title=\"Audi\u00eancia p\u00fablica na AL-MS discutiu Reforma da Previd\u00eancia\"  data-caption=\"\"  data-description=\"Audi&ecirc;ncia p&uacute;blica na AL-MS discutiu Reforma da Previd&ecirc;ncia\">\r\n                                <img decoding=\"async\" src=\"https:\/\/vanderloubet.com.br\/deputado\/wp-content\/uploads\/2019\/05\/foto-2019-05-13-audiencia-reforma-previdencia-4-633x420.jpg\" srcset=\"https:\/\/vanderloubet.com.br\/deputado\/wp-content\/uploads\/2019\/05\/foto-2019-05-13-audiencia-reforma-previdencia-4-633x420.jpg 633w, https:\/\/vanderloubet.com.br\/deputado\/wp-content\/uploads\/2019\/05\/foto-2019-05-13-audiencia-reforma-previdencia-4-350x232.jpg 350w, https:\/\/vanderloubet.com.br\/deputado\/wp-content\/uploads\/2019\/05\/foto-2019-05-13-audiencia-reforma-previdencia-4-768x510.jpg 768w, https:\/\/vanderloubet.com.br\/deputado\/wp-content\/uploads\/2019\/05\/foto-2019-05-13-audiencia-reforma-previdencia-4-700x465.jpg 700w, https:\/\/vanderloubet.com.br\/deputado\/wp-content\/uploads\/2019\/05\/foto-2019-05-13-audiencia-reforma-previdencia-4-696x462.jpg 696w, https:\/\/vanderloubet.com.br\/deputado\/wp-content\/uploads\/2019\/05\/foto-2019-05-13-audiencia-reforma-previdencia-4-1068x709.jpg 1068w, https:\/\/vanderloubet.com.br\/deputado\/wp-content\/uploads\/2019\/05\/foto-2019-05-13-audiencia-reforma-previdencia-4.jpg 1080w\" sizes=\"(max-width: 633px) 100vw, 633px\" alt=\"Audi&ecirc;ncia p&uacute;blica na AL-MS discutiu Reforma da Previd&ecirc;ncia\">\r\n                            <\/a>\r\n                            <figcaption class = \"td-slide-caption td-gallery-slide-content\"><span>Audi\u00eancia p\u00fablica na AL-MS discutiu Reforma da Previd\u00eancia<\/span><\/figcaption>\r\n                        <\/figure>\r\n                    <\/div>\r\n                    <div class = \"td-slide-item td-item5\">\r\n                        <figure class=\"td-slide-galery-figure td-slide-popup-gallery\">\r\n                            <a class=\"slide-gallery-image-link\" href=\"https:\/\/vanderloubet.com.br\/deputado\/wp-content\/uploads\/2019\/05\/foto-2019-05-13-audiencia-reforma-previdencia-5.jpg\" title=\"Deputado Vander reiterou sua posi\u00e7\u00e3o contr\u00e1ria \u00e0 PEC 6\/2019 (Reforma da Previd\u00eancia)\"  data-caption=\"\"  data-description=\"Deputado Vander reiterou sua posi&ccedil;&atilde;o contr&aacute;ria &agrave; PEC 6\/2019 (Reforma da Previd&ecirc;ncia)\">\r\n                                <img decoding=\"async\" src=\"https:\/\/vanderloubet.com.br\/deputado\/wp-content\/uploads\/2019\/05\/foto-2019-05-13-audiencia-reforma-previdencia-5-633x420.jpg\" srcset=\"https:\/\/vanderloubet.com.br\/deputado\/wp-content\/uploads\/2019\/05\/foto-2019-05-13-audiencia-reforma-previdencia-5-633x420.jpg 633w, https:\/\/vanderloubet.com.br\/deputado\/wp-content\/uploads\/2019\/05\/foto-2019-05-13-audiencia-reforma-previdencia-5-350x232.jpg 350w, https:\/\/vanderloubet.com.br\/deputado\/wp-content\/uploads\/2019\/05\/foto-2019-05-13-audiencia-reforma-previdencia-5-768x510.jpg 768w, https:\/\/vanderloubet.com.br\/deputado\/wp-content\/uploads\/2019\/05\/foto-2019-05-13-audiencia-reforma-previdencia-5-700x465.jpg 700w, https:\/\/vanderloubet.com.br\/deputado\/wp-content\/uploads\/2019\/05\/foto-2019-05-13-audiencia-reforma-previdencia-5-696x462.jpg 696w, https:\/\/vanderloubet.com.br\/deputado\/wp-content\/uploads\/2019\/05\/foto-2019-05-13-audiencia-reforma-previdencia-5-1068x709.jpg 1068w, https:\/\/vanderloubet.com.br\/deputado\/wp-content\/uploads\/2019\/05\/foto-2019-05-13-audiencia-reforma-previdencia-5.jpg 1080w\" sizes=\"(max-width: 633px) 100vw, 633px\" alt=\"Deputado Vander reiterou sua posi&ccedil;&atilde;o contr&aacute;ria &agrave; PEC 6\/2019 (Reforma da Previd&ecirc;ncia)\">\r\n                            <\/a>\r\n                            <figcaption class = \"td-slide-caption td-gallery-slide-content\"><span>Deputado Vander reiterou sua posi\u00e7\u00e3o contr\u00e1ria \u00e0 PEC 6\/2019 (Reforma da Previd\u00eancia)<\/span><\/figcaption>\r\n                        <\/figure>\r\n                    <\/div>\r\n                    <div class = \"td-slide-item td-item6\">\r\n                        <figure class=\"td-slide-galery-figure td-slide-popup-gallery\">\r\n                            <a class=\"slide-gallery-image-link\" href=\"https:\/\/vanderloubet.com.br\/deputado\/wp-content\/uploads\/2019\/05\/foto-2019-05-13-audiencia-reforma-previdencia-6.jpg\" title=\"Ex-ministro Carlos Gabas esclareceu os impactos da Reforma da Previd\u00eancia para o Brasil\"  data-caption=\"\"  data-description=\"Ex-ministro Carlos Gabas esclareceu os impactos da Reforma da Previd&ecirc;ncia para o Brasil\">\r\n                                <img decoding=\"async\" src=\"https:\/\/vanderloubet.com.br\/deputado\/wp-content\/uploads\/2019\/05\/foto-2019-05-13-audiencia-reforma-previdencia-6-633x420.jpg\" srcset=\"https:\/\/vanderloubet.com.br\/deputado\/wp-content\/uploads\/2019\/05\/foto-2019-05-13-audiencia-reforma-previdencia-6-633x420.jpg 633w, https:\/\/vanderloubet.com.br\/deputado\/wp-content\/uploads\/2019\/05\/foto-2019-05-13-audiencia-reforma-previdencia-6-350x232.jpg 350w, https:\/\/vanderloubet.com.br\/deputado\/wp-content\/uploads\/2019\/05\/foto-2019-05-13-audiencia-reforma-previdencia-6-768x510.jpg 768w, https:\/\/vanderloubet.com.br\/deputado\/wp-content\/uploads\/2019\/05\/foto-2019-05-13-audiencia-reforma-previdencia-6-700x465.jpg 700w, https:\/\/vanderloubet.com.br\/deputado\/wp-content\/uploads\/2019\/05\/foto-2019-05-13-audiencia-reforma-previdencia-6-696x462.jpg 696w, https:\/\/vanderloubet.com.br\/deputado\/wp-content\/uploads\/2019\/05\/foto-2019-05-13-audiencia-reforma-previdencia-6-1068x709.jpg 1068w, https:\/\/vanderloubet.com.br\/deputado\/wp-content\/uploads\/2019\/05\/foto-2019-05-13-audiencia-reforma-previdencia-6.jpg 1080w\" sizes=\"(max-width: 633px) 100vw, 633px\" alt=\"Ex-ministro Carlos Gabas esclareceu os impactos da Reforma da Previd&ecirc;ncia para o Brasil\">\r\n                            <\/a>\r\n                            <figcaption class = \"td-slide-caption td-gallery-slide-content\"><span>Ex-ministro Carlos Gabas esclareceu os impactos da Reforma da Previd\u00eancia para o Brasil<\/span><\/figcaption>\r\n                        <\/figure>\r\n                    <\/div>\r\n                    <div class = \"td-slide-item td-item7\">\r\n                        <figure class=\"td-slide-galery-figure td-slide-popup-gallery\">\r\n                            <a class=\"slide-gallery-image-link\" href=\"https:\/\/vanderloubet.com.br\/deputado\/wp-content\/uploads\/2019\/05\/foto-2019-05-13-audiencia-reforma-previdencia-7.jpg\" title=\"Ex-ministro Carlos Gabas esclareceu os impactos da Reforma da Previd\u00eancia para o Brasil\"  data-caption=\"\"  data-description=\"Ex-ministro Carlos Gabas esclareceu os impactos da Reforma da Previd&ecirc;ncia para o Brasil\">\r\n                                <img decoding=\"async\" src=\"https:\/\/vanderloubet.com.br\/deputado\/wp-content\/uploads\/2019\/05\/foto-2019-05-13-audiencia-reforma-previdencia-7-633x420.jpg\" srcset=\"https:\/\/vanderloubet.com.br\/deputado\/wp-content\/uploads\/2019\/05\/foto-2019-05-13-audiencia-reforma-previdencia-7-633x420.jpg 633w, https:\/\/vanderloubet.com.br\/deputado\/wp-content\/uploads\/2019\/05\/foto-2019-05-13-audiencia-reforma-previdencia-7-350x232.jpg 350w, https:\/\/vanderloubet.com.br\/deputado\/wp-content\/uploads\/2019\/05\/foto-2019-05-13-audiencia-reforma-previdencia-7-768x510.jpg 768w, https:\/\/vanderloubet.com.br\/deputado\/wp-content\/uploads\/2019\/05\/foto-2019-05-13-audiencia-reforma-previdencia-7-700x465.jpg 700w, https:\/\/vanderloubet.com.br\/deputado\/wp-content\/uploads\/2019\/05\/foto-2019-05-13-audiencia-reforma-previdencia-7-696x462.jpg 696w, https:\/\/vanderloubet.com.br\/deputado\/wp-content\/uploads\/2019\/05\/foto-2019-05-13-audiencia-reforma-previdencia-7-1068x709.jpg 1068w, https:\/\/vanderloubet.com.br\/deputado\/wp-content\/uploads\/2019\/05\/foto-2019-05-13-audiencia-reforma-previdencia-7.jpg 1080w\" sizes=\"(max-width: 633px) 100vw, 633px\" alt=\"Ex-ministro Carlos Gabas esclareceu os impactos da Reforma da Previd&ecirc;ncia para o Brasil\">\r\n                            <\/a>\r\n                            <figcaption class = \"td-slide-caption td-gallery-slide-content\"><span>Ex-ministro Carlos Gabas esclareceu os impactos da Reforma da Previd\u00eancia para o Brasil<\/span><\/figcaption>\r\n                        <\/figure>\r\n                    <\/div>\r\n                            <\/div>\r\n                        <\/div>\r\n\r\n                        <div class = \"td-doubleSlider-2\">\r\n                            <div class = \"td-slider\">\r\n                                \r\n                    <div class = \"td-button td-item1\">\r\n                        <div class = \"td-border\"><\/div>\r\n                    <\/div>\r\n                    <div class = \"td-button td-item2\">\r\n                        <div class = \"td-border\"><\/div>\r\n                    <\/div>\r\n                    <div class = \"td-button td-item3\">\r\n                        <div class = \"td-border\"><\/div>\r\n                    <\/div>\r\n                    <div class = \"td-button td-item4\">\r\n                        <div class = \"td-border\"><\/div>\r\n                    <\/div>\r\n                    <div class = \"td-button td-item5\">\r\n                        <div class = \"td-border\"><\/div>\r\n                    <\/div>\r\n                    <div class = \"td-button td-item6\">\r\n                        <div class = \"td-border\"><\/div>\r\n                    <\/div>\r\n                    <div class = \"td-button td-item7\">\r\n                        <div class = \"td-border\"><\/div>\r\n                    <\/div>\r\n                            <\/div>\r\n                        <\/div>\r\n\r\n                    <\/div>\r\n\r\n                <\/div>\r\n                \n","protected":false},"excerpt":{"rendered":"<p>Deputado participou de evento na Assembleia com a presen\u00e7a de Carlos Eduardo Gabas, ex-ministro da Previd\u00eancia Social.<\/p>\n","protected":false},"author":2,"featured_media":15486,"comment_status":"closed","ping_status":"closed","sticky":false,"template":"","format":"standard","meta":{"jetpack_post_was_ever_published":false,"_jetpack_newsletter_access":"","_jetpack_dont_email_post_to_subs":false,"_jetpack_newsletter_tier_id":0,"_jetpack_memberships_contains_paywalled_content":false,"_jetpack_memberships_contains_paid_content":false,"footnotes":""},"categories":[2098,10],"tags":[2300,2386],"class_list":{"0":"post-15481","1":"post","2":"type-post","3":"status-publish","4":"format-standard","5":"has-post-thumbnail","7":"category-brasil-noticias","8":"category-noticias","9":"tag-proposta-de-emenda-a-constituicao","10":"tag-reforma-da-previdencia"},"yoast_head":"<!-- This site is optimized with the Yoast SEO plugin v27.4 - https:\/\/yoast.com\/product\/yoast-seo-wordpress\/ -->\n<title>Em audi\u00eancia, Vander reitera voto contra Reforma da Previd\u00eancia e destaca necessidade de mobiliza\u00e7\u00e3o<\/title>\n<meta name=\"description\" content=\"Deputado participou de evento na Assembleia Legislativa com a presen\u00e7a de Carlos Eduardo Gabas, ex-ministro da Previd\u00eancia Social.\" \/>\n<meta name=\"robots\" content=\"index, follow, max-snippet:-1, max-image-preview:large, max-video-preview:-1\" \/>\n<link rel=\"canonical\" href=\"http:\/\/vanderloubet.com.br\/deputado\/em-audiencia-vander-reitera-voto-contra-reforma-da-previdencia-e-destaca-necessidade-de-mobilizacao\/\" \/>\n<meta property=\"og:locale\" content=\"pt_BR\" \/>\n<meta property=\"og:type\" content=\"article\" \/>\n<meta property=\"og:title\" content=\"Em audi\u00eancia, Vander reitera voto contra Reforma da Previd\u00eancia e destaca necessidade de mobiliza\u00e7\u00e3o\" \/>\n<meta property=\"og:description\" content=\"Deputado participou de evento na Assembleia Legislativa com a presen\u00e7a de Carlos Eduardo Gabas, ex-ministro da Previd\u00eancia Social.\" \/>\n<meta property=\"og:url\" content=\"http:\/\/vanderloubet.com.br\/deputado\/em-audiencia-vander-reitera-voto-contra-reforma-da-previdencia-e-destaca-necessidade-de-mobilizacao\/\" \/>\n<meta property=\"og:site_name\" content=\"Deputado Federal Vander Loubet\" \/>\n<meta property=\"article:publisher\" content=\"https:\/\/facebook.com\/deputadovander\" \/>\n<meta property=\"article:published_time\" content=\"2019-05-14T16:24:38+00:00\" \/>\n<meta property=\"article:modified_time\" content=\"2019-11-07T13:42:01+00:00\" \/>\n<meta property=\"og:image\" content=\"http:\/\/vanderloubet.com.br\/deputado\/wp-content\/uploads\/2019\/05\/foto-2019-05-13-audiencia-reforma-previdencia-5.jpg\" \/>\n\t<meta property=\"og:image:width\" content=\"1080\" \/>\n\t<meta property=\"og:image:height\" content=\"717\" \/>\n\t<meta property=\"og:image:type\" content=\"image\/jpeg\" \/>\n<meta name=\"author\" content=\"\u00c9der\" \/>\n<meta name=\"twitter:card\" content=\"summary_large_image\" \/>\n<meta name=\"twitter:creator\" content=\"@vanderloubet\" \/>\n<meta name=\"twitter:site\" content=\"@vanderloubet\" \/>\n<script type=\"application\/ld+json\" class=\"yoast-schema-graph\">{\"@context\":\"https:\\\/\\\/schema.org\",\"@graph\":[{\"@type\":\"Article\",\"@id\":\"http:\\\/\\\/vanderloubet.com.br\\\/deputado\\\/em-audiencia-vander-reitera-voto-contra-reforma-da-previdencia-e-destaca-necessidade-de-mobilizacao\\\/#article\",\"isPartOf\":{\"@id\":\"http:\\\/\\\/vanderloubet.com.br\\\/deputado\\\/em-audiencia-vander-reitera-voto-contra-reforma-da-previdencia-e-destaca-necessidade-de-mobilizacao\\\/\"},\"author\":{\"name\":\"\u00c9der\",\"@id\":\"https:\\\/\\\/vanderloubet.com.br\\\/deputado\\\/#\\\/schema\\\/person\\\/15b51bd564532a8a68d9dec1b8eb890e\"},\"headline\":\"Em audi\u00eancia, Vander reitera voto contra Reforma da Previd\u00eancia e destaca necessidade de mobiliza\u00e7\u00e3o\",\"datePublished\":\"2019-05-14T16:24:38+00:00\",\"dateModified\":\"2019-11-07T13:42:01+00:00\",\"mainEntityOfPage\":{\"@id\":\"http:\\\/\\\/vanderloubet.com.br\\\/deputado\\\/em-audiencia-vander-reitera-voto-contra-reforma-da-previdencia-e-destaca-necessidade-de-mobilizacao\\\/\"},\"wordCount\":854,\"publisher\":{\"@id\":\"https:\\\/\\\/vanderloubet.com.br\\\/deputado\\\/#organization\"},\"image\":{\"@id\":\"http:\\\/\\\/vanderloubet.com.br\\\/deputado\\\/em-audiencia-vander-reitera-voto-contra-reforma-da-previdencia-e-destaca-necessidade-de-mobilizacao\\\/#primaryimage\"},\"thumbnailUrl\":\"https:\\\/\\\/vanderloubet.com.br\\\/deputado\\\/wp-content\\\/uploads\\\/2019\\\/05\\\/foto-2019-05-13-audiencia-reforma-previdencia-5.jpg\",\"keywords\":[\"proposta de emenda \u00e0 constitui\u00e7\u00e3o\",\"reforma da previd\u00eancia\"],\"articleSection\":[\"Brasil\",\"Not\u00edcias\"],\"inLanguage\":\"pt-BR\"},{\"@type\":\"WebPage\",\"@id\":\"http:\\\/\\\/vanderloubet.com.br\\\/deputado\\\/em-audiencia-vander-reitera-voto-contra-reforma-da-previdencia-e-destaca-necessidade-de-mobilizacao\\\/\",\"url\":\"http:\\\/\\\/vanderloubet.com.br\\\/deputado\\\/em-audiencia-vander-reitera-voto-contra-reforma-da-previdencia-e-destaca-necessidade-de-mobilizacao\\\/\",\"name\":\"Em audi\u00eancia, Vander reitera voto contra Reforma da Previd\u00eancia e destaca necessidade de mobiliza\u00e7\u00e3o\",\"isPartOf\":{\"@id\":\"https:\\\/\\\/vanderloubet.com.br\\\/deputado\\\/#website\"},\"primaryImageOfPage\":{\"@id\":\"http:\\\/\\\/vanderloubet.com.br\\\/deputado\\\/em-audiencia-vander-reitera-voto-contra-reforma-da-previdencia-e-destaca-necessidade-de-mobilizacao\\\/#primaryimage\"},\"image\":{\"@id\":\"http:\\\/\\\/vanderloubet.com.br\\\/deputado\\\/em-audiencia-vander-reitera-voto-contra-reforma-da-previdencia-e-destaca-necessidade-de-mobilizacao\\\/#primaryimage\"},\"thumbnailUrl\":\"https:\\\/\\\/vanderloubet.com.br\\\/deputado\\\/wp-content\\\/uploads\\\/2019\\\/05\\\/foto-2019-05-13-audiencia-reforma-previdencia-5.jpg\",\"datePublished\":\"2019-05-14T16:24:38+00:00\",\"dateModified\":\"2019-11-07T13:42:01+00:00\",\"description\":\"Deputado participou de evento na Assembleia Legislativa com a presen\u00e7a de Carlos Eduardo Gabas, ex-ministro da Previd\u00eancia Social.\",\"breadcrumb\":{\"@id\":\"http:\\\/\\\/vanderloubet.com.br\\\/deputado\\\/em-audiencia-vander-reitera-voto-contra-reforma-da-previdencia-e-destaca-necessidade-de-mobilizacao\\\/#breadcrumb\"},\"inLanguage\":\"pt-BR\",\"potentialAction\":[{\"@type\":\"ReadAction\",\"target\":[\"http:\\\/\\\/vanderloubet.com.br\\\/deputado\\\/em-audiencia-vander-reitera-voto-contra-reforma-da-previdencia-e-destaca-necessidade-de-mobilizacao\\\/\"]}]},{\"@type\":\"ImageObject\",\"inLanguage\":\"pt-BR\",\"@id\":\"http:\\\/\\\/vanderloubet.com.br\\\/deputado\\\/em-audiencia-vander-reitera-voto-contra-reforma-da-previdencia-e-destaca-necessidade-de-mobilizacao\\\/#primaryimage\",\"url\":\"https:\\\/\\\/vanderloubet.com.br\\\/deputado\\\/wp-content\\\/uploads\\\/2019\\\/05\\\/foto-2019-05-13-audiencia-reforma-previdencia-5.jpg\",\"contentUrl\":\"https:\\\/\\\/vanderloubet.com.br\\\/deputado\\\/wp-content\\\/uploads\\\/2019\\\/05\\\/foto-2019-05-13-audiencia-reforma-previdencia-5.jpg\",\"width\":1080,\"height\":717,\"caption\":\"Deputado Vander reiterou sua posi\u00e7\u00e3o contr\u00e1ria \u00e0 PEC 6\\\/2019 (Reforma da Previd\u00eancia)\"},{\"@type\":\"BreadcrumbList\",\"@id\":\"http:\\\/\\\/vanderloubet.com.br\\\/deputado\\\/em-audiencia-vander-reitera-voto-contra-reforma-da-previdencia-e-destaca-necessidade-de-mobilizacao\\\/#breadcrumb\",\"itemListElement\":[{\"@type\":\"ListItem\",\"position\":1,\"name\":\"In\u00edcio\",\"item\":\"https:\\\/\\\/vanderloubet.com.br\\\/deputado\\\/\"},{\"@type\":\"ListItem\",\"position\":2,\"name\":\"Em audi\u00eancia, Vander reitera voto contra Reforma da Previd\u00eancia e destaca necessidade de mobiliza\u00e7\u00e3o\"}]},{\"@type\":\"WebSite\",\"@id\":\"https:\\\/\\\/vanderloubet.com.br\\\/deputado\\\/#website\",\"url\":\"https:\\\/\\\/vanderloubet.com.br\\\/deputado\\\/\",\"name\":\"Deputado Federal Vander Loubet\",\"description\":\"O Federal de MS\",\"publisher\":{\"@id\":\"https:\\\/\\\/vanderloubet.com.br\\\/deputado\\\/#organization\"},\"alternateName\":\"Deputado Vander\",\"potentialAction\":[{\"@type\":\"SearchAction\",\"target\":{\"@type\":\"EntryPoint\",\"urlTemplate\":\"https:\\\/\\\/vanderloubet.com.br\\\/deputado\\\/?s={search_term_string}\"},\"query-input\":{\"@type\":\"PropertyValueSpecification\",\"valueRequired\":true,\"valueName\":\"search_term_string\"}}],\"inLanguage\":\"pt-BR\"},{\"@type\":\"Organization\",\"@id\":\"https:\\\/\\\/vanderloubet.com.br\\\/deputado\\\/#organization\",\"name\":\"Deputado Federal Vander Loubet\",\"alternateName\":\"Deputado Vander\",\"url\":\"https:\\\/\\\/vanderloubet.com.br\\\/deputado\\\/\",\"logo\":{\"@type\":\"ImageObject\",\"inLanguage\":\"pt-BR\",\"@id\":\"https:\\\/\\\/vanderloubet.com.br\\\/deputado\\\/#\\\/schema\\\/logo\\\/image\\\/\",\"url\":\"https:\\\/\\\/vanderloubet.com.br\\\/deputado\\\/wp-content\\\/uploads\\\/2023\\\/06\\\/foto-2023-06-19-mandato-deputado-vander.jpg\",\"contentUrl\":\"https:\\\/\\\/vanderloubet.com.br\\\/deputado\\\/wp-content\\\/uploads\\\/2023\\\/06\\\/foto-2023-06-19-mandato-deputado-vander.jpg\",\"width\":1080,\"height\":1080,\"caption\":\"Deputado Federal Vander Loubet\"},\"image\":{\"@id\":\"https:\\\/\\\/vanderloubet.com.br\\\/deputado\\\/#\\\/schema\\\/logo\\\/image\\\/\"},\"sameAs\":[\"https:\\\/\\\/facebook.com\\\/deputadovander\",\"https:\\\/\\\/x.com\\\/vanderloubet\",\"https:\\\/\\\/instagram.com\\\/vanderloubet\",\"https:\\\/\\\/youtube.com\\\/vanderloubet\",\"https:\\\/\\\/tiktok.com\\\/@vanderloubetms\"]},{\"@type\":\"Person\",\"@id\":\"https:\\\/\\\/vanderloubet.com.br\\\/deputado\\\/#\\\/schema\\\/person\\\/15b51bd564532a8a68d9dec1b8eb890e\",\"name\":\"\u00c9der\",\"image\":{\"@type\":\"ImageObject\",\"inLanguage\":\"pt-BR\",\"@id\":\"https:\\\/\\\/vanderloubet.com.br\\\/deputado\\\/wp-content\\\/litespeed\\\/avatar\\\/88ca4090d9d5ab1c9495f6ca03b68efa.jpg?ver=1777058957\",\"url\":\"https:\\\/\\\/vanderloubet.com.br\\\/deputado\\\/wp-content\\\/litespeed\\\/avatar\\\/88ca4090d9d5ab1c9495f6ca03b68efa.jpg?ver=1777058957\",\"contentUrl\":\"https:\\\/\\\/vanderloubet.com.br\\\/deputado\\\/wp-content\\\/litespeed\\\/avatar\\\/88ca4090d9d5ab1c9495f6ca03b68efa.jpg?ver=1777058957\",\"caption\":\"\u00c9der\"}}]}<\/script>\n<!-- \/ Yoast SEO plugin. -->","yoast_head_json":{"title":"Em audi\u00eancia, Vander reitera voto contra Reforma da Previd\u00eancia e destaca necessidade de mobiliza\u00e7\u00e3o","description":"Deputado participou de evento na Assembleia Legislativa com a presen\u00e7a de Carlos Eduardo Gabas, ex-ministro da Previd\u00eancia Social.","robots":{"index":"index","follow":"follow","max-snippet":"max-snippet:-1","max-image-preview":"max-image-preview:large","max-video-preview":"max-video-preview:-1"},"canonical":"http:\/\/vanderloubet.com.br\/deputado\/em-audiencia-vander-reitera-voto-contra-reforma-da-previdencia-e-destaca-necessidade-de-mobilizacao\/","og_locale":"pt_BR","og_type":"article","og_title":"Em audi\u00eancia, Vander reitera voto contra Reforma da Previd\u00eancia e destaca necessidade de mobiliza\u00e7\u00e3o","og_description":"Deputado participou de evento na Assembleia Legislativa com a presen\u00e7a de Carlos Eduardo Gabas, ex-ministro da Previd\u00eancia Social.","og_url":"http:\/\/vanderloubet.com.br\/deputado\/em-audiencia-vander-reitera-voto-contra-reforma-da-previdencia-e-destaca-necessidade-de-mobilizacao\/","og_site_name":"Deputado Federal Vander Loubet","article_publisher":"https:\/\/facebook.com\/deputadovander","article_published_time":"2019-05-14T16:24:38+00:00","article_modified_time":"2019-11-07T13:42:01+00:00","og_image":[{"width":1080,"height":717,"url":"http:\/\/vanderloubet.com.br\/deputado\/wp-content\/uploads\/2019\/05\/foto-2019-05-13-audiencia-reforma-previdencia-5.jpg","type":"image\/jpeg"}],"author":"\u00c9der","twitter_card":"summary_large_image","twitter_creator":"@vanderloubet","twitter_site":"@vanderloubet","schema":{"@context":"https:\/\/schema.org","@graph":[{"@type":"Article","@id":"http:\/\/vanderloubet.com.br\/deputado\/em-audiencia-vander-reitera-voto-contra-reforma-da-previdencia-e-destaca-necessidade-de-mobilizacao\/#article","isPartOf":{"@id":"http:\/\/vanderloubet.com.br\/deputado\/em-audiencia-vander-reitera-voto-contra-reforma-da-previdencia-e-destaca-necessidade-de-mobilizacao\/"},"author":{"name":"\u00c9der","@id":"https:\/\/vanderloubet.com.br\/deputado\/#\/schema\/person\/15b51bd564532a8a68d9dec1b8eb890e"},"headline":"Em audi\u00eancia, Vander reitera voto contra Reforma da Previd\u00eancia e destaca necessidade de mobiliza\u00e7\u00e3o","datePublished":"2019-05-14T16:24:38+00:00","dateModified":"2019-11-07T13:42:01+00:00","mainEntityOfPage":{"@id":"http:\/\/vanderloubet.com.br\/deputado\/em-audiencia-vander-reitera-voto-contra-reforma-da-previdencia-e-destaca-necessidade-de-mobilizacao\/"},"wordCount":854,"publisher":{"@id":"https:\/\/vanderloubet.com.br\/deputado\/#organization"},"image":{"@id":"http:\/\/vanderloubet.com.br\/deputado\/em-audiencia-vander-reitera-voto-contra-reforma-da-previdencia-e-destaca-necessidade-de-mobilizacao\/#primaryimage"},"thumbnailUrl":"https:\/\/vanderloubet.com.br\/deputado\/wp-content\/uploads\/2019\/05\/foto-2019-05-13-audiencia-reforma-previdencia-5.jpg","keywords":["proposta de emenda \u00e0 constitui\u00e7\u00e3o","reforma da previd\u00eancia"],"articleSection":["Brasil","Not\u00edcias"],"inLanguage":"pt-BR"},{"@type":"WebPage","@id":"http:\/\/vanderloubet.com.br\/deputado\/em-audiencia-vander-reitera-voto-contra-reforma-da-previdencia-e-destaca-necessidade-de-mobilizacao\/","url":"http:\/\/vanderloubet.com.br\/deputado\/em-audiencia-vander-reitera-voto-contra-reforma-da-previdencia-e-destaca-necessidade-de-mobilizacao\/","name":"Em audi\u00eancia, Vander reitera voto contra Reforma da Previd\u00eancia e destaca necessidade de mobiliza\u00e7\u00e3o","isPartOf":{"@id":"https:\/\/vanderloubet.com.br\/deputado\/#website"},"primaryImageOfPage":{"@id":"http:\/\/vanderloubet.com.br\/deputado\/em-audiencia-vander-reitera-voto-contra-reforma-da-previdencia-e-destaca-necessidade-de-mobilizacao\/#primaryimage"},"image":{"@id":"http:\/\/vanderloubet.com.br\/deputado\/em-audiencia-vander-reitera-voto-contra-reforma-da-previdencia-e-destaca-necessidade-de-mobilizacao\/#primaryimage"},"thumbnailUrl":"https:\/\/vanderloubet.com.br\/deputado\/wp-content\/uploads\/2019\/05\/foto-2019-05-13-audiencia-reforma-previdencia-5.jpg","datePublished":"2019-05-14T16:24:38+00:00","dateModified":"2019-11-07T13:42:01+00:00","description":"Deputado participou de evento na Assembleia Legislativa com a presen\u00e7a de Carlos Eduardo Gabas, ex-ministro da Previd\u00eancia Social.","breadcrumb":{"@id":"http:\/\/vanderloubet.com.br\/deputado\/em-audiencia-vander-reitera-voto-contra-reforma-da-previdencia-e-destaca-necessidade-de-mobilizacao\/#breadcrumb"},"inLanguage":"pt-BR","potentialAction":[{"@type":"ReadAction","target":["http:\/\/vanderloubet.com.br\/deputado\/em-audiencia-vander-reitera-voto-contra-reforma-da-previdencia-e-destaca-necessidade-de-mobilizacao\/"]}]},{"@type":"ImageObject","inLanguage":"pt-BR","@id":"http:\/\/vanderloubet.com.br\/deputado\/em-audiencia-vander-reitera-voto-contra-reforma-da-previdencia-e-destaca-necessidade-de-mobilizacao\/#primaryimage","url":"https:\/\/vanderloubet.com.br\/deputado\/wp-content\/uploads\/2019\/05\/foto-2019-05-13-audiencia-reforma-previdencia-5.jpg","contentUrl":"https:\/\/vanderloubet.com.br\/deputado\/wp-content\/uploads\/2019\/05\/foto-2019-05-13-audiencia-reforma-previdencia-5.jpg","width":1080,"height":717,"caption":"Deputado Vander reiterou sua posi\u00e7\u00e3o contr\u00e1ria \u00e0 PEC 6\/2019 (Reforma da Previd\u00eancia)"},{"@type":"BreadcrumbList","@id":"http:\/\/vanderloubet.com.br\/deputado\/em-audiencia-vander-reitera-voto-contra-reforma-da-previdencia-e-destaca-necessidade-de-mobilizacao\/#breadcrumb","itemListElement":[{"@type":"ListItem","position":1,"name":"In\u00edcio","item":"https:\/\/vanderloubet.com.br\/deputado\/"},{"@type":"ListItem","position":2,"name":"Em audi\u00eancia, Vander reitera voto contra Reforma da Previd\u00eancia e destaca necessidade de mobiliza\u00e7\u00e3o"}]},{"@type":"WebSite","@id":"https:\/\/vanderloubet.com.br\/deputado\/#website","url":"https:\/\/vanderloubet.com.br\/deputado\/","name":"Deputado Federal Vander Loubet","description":"O Federal de MS","publisher":{"@id":"https:\/\/vanderloubet.com.br\/deputado\/#organization"},"alternateName":"Deputado Vander","potentialAction":[{"@type":"SearchAction","target":{"@type":"EntryPoint","urlTemplate":"https:\/\/vanderloubet.com.br\/deputado\/?s={search_term_string}"},"query-input":{"@type":"PropertyValueSpecification","valueRequired":true,"valueName":"search_term_string"}}],"inLanguage":"pt-BR"},{"@type":"Organization","@id":"https:\/\/vanderloubet.com.br\/deputado\/#organization","name":"Deputado Federal Vander Loubet","alternateName":"Deputado Vander","url":"https:\/\/vanderloubet.com.br\/deputado\/","logo":{"@type":"ImageObject","inLanguage":"pt-BR","@id":"https:\/\/vanderloubet.com.br\/deputado\/#\/schema\/logo\/image\/","url":"https:\/\/vanderloubet.com.br\/deputado\/wp-content\/uploads\/2023\/06\/foto-2023-06-19-mandato-deputado-vander.jpg","contentUrl":"https:\/\/vanderloubet.com.br\/deputado\/wp-content\/uploads\/2023\/06\/foto-2023-06-19-mandato-deputado-vander.jpg","width":1080,"height":1080,"caption":"Deputado Federal Vander Loubet"},"image":{"@id":"https:\/\/vanderloubet.com.br\/deputado\/#\/schema\/logo\/image\/"},"sameAs":["https:\/\/facebook.com\/deputadovander","https:\/\/x.com\/vanderloubet","https:\/\/instagram.com\/vanderloubet","https:\/\/youtube.com\/vanderloubet","https:\/\/tiktok.com\/@vanderloubetms"]},{"@type":"Person","@id":"https:\/\/vanderloubet.com.br\/deputado\/#\/schema\/person\/15b51bd564532a8a68d9dec1b8eb890e","name":"\u00c9der","image":{"@type":"ImageObject","inLanguage":"pt-BR","@id":"https:\/\/vanderloubet.com.br\/deputado\/wp-content\/litespeed\/avatar\/88ca4090d9d5ab1c9495f6ca03b68efa.jpg?ver=1777058957","url":"https:\/\/vanderloubet.com.br\/deputado\/wp-content\/litespeed\/avatar\/88ca4090d9d5ab1c9495f6ca03b68efa.jpg?ver=1777058957","contentUrl":"https:\/\/vanderloubet.com.br\/deputado\/wp-content\/litespeed\/avatar\/88ca4090d9d5ab1c9495f6ca03b68efa.jpg?ver=1777058957","caption":"\u00c9der"}}]}},"jetpack_featured_media_url":"https:\/\/vanderloubet.com.br\/deputado\/wp-content\/uploads\/2019\/05\/foto-2019-05-13-audiencia-reforma-previdencia-5.jpg","jetpack_sharing_enabled":true,"_links":{"self":[{"href":"https:\/\/vanderloubet.com.br\/deputado\/wp-json\/wp\/v2\/posts\/15481","targetHints":{"allow":["GET"]}}],"collection":[{"href":"https:\/\/vanderloubet.com.br\/deputado\/wp-json\/wp\/v2\/posts"}],"about":[{"href":"https:\/\/vanderloubet.com.br\/deputado\/wp-json\/wp\/v2\/types\/post"}],"author":[{"embeddable":true,"href":"https:\/\/vanderloubet.com.br\/deputado\/wp-json\/wp\/v2\/users\/2"}],"replies":[{"embeddable":true,"href":"https:\/\/vanderloubet.com.br\/deputado\/wp-json\/wp\/v2\/comments?post=15481"}],"version-history":[{"count":0,"href":"https:\/\/vanderloubet.com.br\/deputado\/wp-json\/wp\/v2\/posts\/15481\/revisions"}],"wp:featuredmedia":[{"embeddable":true,"href":"https:\/\/vanderloubet.com.br\/deputado\/wp-json\/wp\/v2\/media\/15486"}],"wp:attachment":[{"href":"https:\/\/vanderloubet.com.br\/deputado\/wp-json\/wp\/v2\/media?parent=15481"}],"wp:term":[{"taxonomy":"category","embeddable":true,"href":"https:\/\/vanderloubet.com.br\/deputado\/wp-json\/wp\/v2\/categories?post=15481"},{"taxonomy":"post_tag","embeddable":true,"href":"https:\/\/vanderloubet.com.br\/deputado\/wp-json\/wp\/v2\/tags?post=15481"}],"curies":[{"name":"wp","href":"https:\/\/api.w.org\/{rel}","templated":true}]}}