{"id":15476,"date":"2019-05-12T19:53:22","date_gmt":"2019-05-12T23:53:22","guid":{"rendered":"http:\/\/vanderloubet.com.br\/deputado\/?p=15476"},"modified":"2019-05-14T12:25:40","modified_gmt":"2019-05-14T16:25:40","slug":"saiba-tudo-sobre-a-reforma-da-previdencia-e-como-ela-pode-impactar-a-sua-vida","status":"publish","type":"post","link":"https:\/\/vanderloubet.com.br\/deputado\/saiba-tudo-sobre-a-reforma-da-previdencia-e-como-ela-pode-impactar-a-sua-vida\/","title":{"rendered":"Saiba tudo sobre a Reforma da Previd\u00eancia e como ela pode impactar a sua vida"},"content":{"rendered":"<p>No dia 8 de mar\u00e7o, as lideran\u00e7as das bancadas do Partido dos Trabalhadores (PT) na C\u00e2mara dos Deputados e no Senado lan\u00e7ou um documento com an\u00e1lise detalhada da Proposta de Emenda \u00e0 Constitui\u00e7\u00e3o (PEC) n\u00ba 6\/2019. Trata-se do projeto elaborado pelo governo de Jair Bolsonaro para a Reforma da Previd\u00eancia. Essa an\u00e1lise vai permitir que voc\u00ea conhe\u00e7a a fundo o que est\u00e1 sendo proposto pelo governo Bolsonaro e como essa reforma vai afetar a sua aposentadoria e a sua vida.<\/p>\n<p>O documento est\u00e1 dispon\u00edvel logo abaixo. Se preferir, <a href=\"https:\/\/vanderloubet.com.br\/trafego\/arquivo-2019-05-12-analise-pec-6-2019-reforma-previdencia.pdf\" rel=\"noopener noreferrer\" target=\"_blank\">voc\u00ea pode fazer o download dele aqui<\/a>.<\/p>\n<div data-configid=\"8309971\/69813303\" style=\"width:100%; height:720px;\" class=\"issuuembed\"><\/div>\n<p><script type=\"text\/javascript\" src=\"\/\/e.issuu.com\/embed.js\" async=\"true\"><\/script><\/p>\n","protected":false},"excerpt":{"rendered":"<p>Leia agora uma an\u00e1lise detalhada sobre a Proposta de Emenda \u00e0 Constitui\u00e7\u00e3o (PEC) n\u00ba 6\/2019 e acompanhe o debate sobre reforma previdenci\u00e1ria.<\/p>\n","protected":false},"author":2,"featured_media":15478,"comment_status":"closed","ping_status":"closed","sticky":false,"template":"","format":"standard","meta":{"jetpack_post_was_ever_published":false,"_jetpack_newsletter_access":"","_jetpack_dont_email_post_to_subs":false,"_jetpack_newsletter_tier_id":0,"_jetpack_memberships_contains_paywalled_content":false,"_jetpack_memberships_contains_paid_content":false,"footnotes":""},"categories":[2098,10],"tags":[2300,2386],"class_list":{"0":"post-15476","1":"post","2":"type-post","3":"status-publish","4":"format-standard","5":"has-post-thumbnail","7":"category-brasil-noticias","8":"category-noticias","9":"tag-proposta-de-emenda-a-constituicao","10":"tag-reforma-da-previdencia"},"yoast_head":"<!-- This site is optimized with the Yoast SEO plugin v27.4 - https:\/\/yoast.com\/product\/yoast-seo-wordpress\/ -->\n<title>Saiba tudo sobre a Reforma da Previd\u00eancia e como ela pode impactar a sua vida<\/title>\n<meta name=\"description\" content=\"Leia agora uma an\u00e1lise detalhada sobre a Proposta de Emenda \u00e0 Constitui\u00e7\u00e3o (PEC) n\u00ba 6\/2019 e acompanhe o debate sobre reforma previdenci\u00e1ria.\" \/>\n<meta name=\"robots\" content=\"index, follow, max-snippet:-1, max-image-preview:large, max-video-preview:-1\" \/>\n<link rel=\"canonical\" href=\"http:\/\/vanderloubet.com.br\/deputado\/saiba-tudo-sobre-a-reforma-da-previdencia-e-como-ela-pode-impactar-a-sua-vida\/\" \/>\n<meta property=\"og:locale\" content=\"pt_BR\" \/>\n<meta property=\"og:type\" content=\"article\" \/>\n<meta property=\"og:title\" content=\"Saiba tudo sobre a Reforma da Previd\u00eancia e como ela pode impactar a sua vida\" \/>\n<meta property=\"og:description\" content=\"Leia agora uma an\u00e1lise detalhada sobre a Proposta de Emenda \u00e0 Constitui\u00e7\u00e3o (PEC) n\u00ba 6\/2019 e acompanhe o debate sobre reforma previdenci\u00e1ria.\" \/>\n<meta property=\"og:url\" content=\"http:\/\/vanderloubet.com.br\/deputado\/saiba-tudo-sobre-a-reforma-da-previdencia-e-como-ela-pode-impactar-a-sua-vida\/\" \/>\n<meta property=\"og:site_name\" content=\"Deputado Federal Vander Loubet\" \/>\n<meta property=\"article:publisher\" content=\"https:\/\/facebook.com\/deputadovander\" \/>\n<meta property=\"article:published_time\" content=\"2019-05-12T23:53:22+00:00\" \/>\n<meta property=\"article:modified_time\" content=\"2019-05-14T16:25:40+00:00\" \/>\n<meta property=\"og:image\" content=\"http:\/\/vanderloubet.com.br\/deputado\/wp-content\/uploads\/2019\/05\/foto-2019-05-12-previdencia-social.jpg\" \/>\n\t<meta property=\"og:image:width\" content=\"960\" \/>\n\t<meta property=\"og:image:height\" content=\"640\" \/>\n\t<meta property=\"og:image:type\" content=\"image\/jpeg\" \/>\n<meta name=\"author\" content=\"\u00c9der\" \/>\n<meta name=\"twitter:card\" content=\"summary_large_image\" \/>\n<meta name=\"twitter:creator\" content=\"@vanderloubet\" \/>\n<meta name=\"twitter:site\" content=\"@vanderloubet\" \/>\n<script type=\"application\/ld+json\" class=\"yoast-schema-graph\">{\"@context\":\"https:\\\/\\\/schema.org\",\"@graph\":[{\"@type\":\"Article\",\"@id\":\"http:\\\/\\\/vanderloubet.com.br\\\/deputado\\\/saiba-tudo-sobre-a-reforma-da-previdencia-e-como-ela-pode-impactar-a-sua-vida\\\/#article\",\"isPartOf\":{\"@id\":\"http:\\\/\\\/vanderloubet.com.br\\\/deputado\\\/saiba-tudo-sobre-a-reforma-da-previdencia-e-como-ela-pode-impactar-a-sua-vida\\\/\"},\"author\":{\"name\":\"\u00c9der\",\"@id\":\"https:\\\/\\\/vanderloubet.com.br\\\/deputado\\\/#\\\/schema\\\/person\\\/15b51bd564532a8a68d9dec1b8eb890e\"},\"headline\":\"Saiba tudo sobre a Reforma da Previd\u00eancia e como ela pode impactar a sua vida\",\"datePublished\":\"2019-05-12T23:53:22+00:00\",\"dateModified\":\"2019-05-14T16:25:40+00:00\",\"mainEntityOfPage\":{\"@id\":\"http:\\\/\\\/vanderloubet.com.br\\\/deputado\\\/saiba-tudo-sobre-a-reforma-da-previdencia-e-como-ela-pode-impactar-a-sua-vida\\\/\"},\"wordCount\":118,\"publisher\":{\"@id\":\"https:\\\/\\\/vanderloubet.com.br\\\/deputado\\\/#organization\"},\"image\":{\"@id\":\"http:\\\/\\\/vanderloubet.com.br\\\/deputado\\\/saiba-tudo-sobre-a-reforma-da-previdencia-e-como-ela-pode-impactar-a-sua-vida\\\/#primaryimage\"},\"thumbnailUrl\":\"https:\\\/\\\/vanderloubet.com.br\\\/deputado\\\/wp-content\\\/uploads\\\/2019\\\/05\\\/foto-2019-05-12-previdencia-social.jpg\",\"keywords\":[\"proposta de emenda \u00e0 constitui\u00e7\u00e3o\",\"reforma da previd\u00eancia\"],\"articleSection\":[\"Brasil\",\"Not\u00edcias\"],\"inLanguage\":\"pt-BR\"},{\"@type\":\"WebPage\",\"@id\":\"http:\\\/\\\/vanderloubet.com.br\\\/deputado\\\/saiba-tudo-sobre-a-reforma-da-previdencia-e-como-ela-pode-impactar-a-sua-vida\\\/\",\"url\":\"http:\\\/\\\/vanderloubet.com.br\\\/deputado\\\/saiba-tudo-sobre-a-reforma-da-previdencia-e-como-ela-pode-impactar-a-sua-vida\\\/\",\"name\":\"Saiba tudo sobre a Reforma da Previd\u00eancia e como ela pode impactar a sua vida\",\"isPartOf\":{\"@id\":\"https:\\\/\\\/vanderloubet.com.br\\\/deputado\\\/#website\"},\"primaryImageOfPage\":{\"@id\":\"http:\\\/\\\/vanderloubet.com.br\\\/deputado\\\/saiba-tudo-sobre-a-reforma-da-previdencia-e-como-ela-pode-impactar-a-sua-vida\\\/#primaryimage\"},\"image\":{\"@id\":\"http:\\\/\\\/vanderloubet.com.br\\\/deputado\\\/saiba-tudo-sobre-a-reforma-da-previdencia-e-como-ela-pode-impactar-a-sua-vida\\\/#primaryimage\"},\"thumbnailUrl\":\"https:\\\/\\\/vanderloubet.com.br\\\/deputado\\\/wp-content\\\/uploads\\\/2019\\\/05\\\/foto-2019-05-12-previdencia-social.jpg\",\"datePublished\":\"2019-05-12T23:53:22+00:00\",\"dateModified\":\"2019-05-14T16:25:40+00:00\",\"description\":\"Leia agora uma an\u00e1lise detalhada sobre a Proposta de Emenda \u00e0 Constitui\u00e7\u00e3o (PEC) n\u00ba 6\\\/2019 e acompanhe o debate sobre reforma previdenci\u00e1ria.\",\"breadcrumb\":{\"@id\":\"http:\\\/\\\/vanderloubet.com.br\\\/deputado\\\/saiba-tudo-sobre-a-reforma-da-previdencia-e-como-ela-pode-impactar-a-sua-vida\\\/#breadcrumb\"},\"inLanguage\":\"pt-BR\",\"potentialAction\":[{\"@type\":\"ReadAction\",\"target\":[\"http:\\\/\\\/vanderloubet.com.br\\\/deputado\\\/saiba-tudo-sobre-a-reforma-da-previdencia-e-como-ela-pode-impactar-a-sua-vida\\\/\"]}]},{\"@type\":\"ImageObject\",\"inLanguage\":\"pt-BR\",\"@id\":\"http:\\\/\\\/vanderloubet.com.br\\\/deputado\\\/saiba-tudo-sobre-a-reforma-da-previdencia-e-como-ela-pode-impactar-a-sua-vida\\\/#primaryimage\",\"url\":\"https:\\\/\\\/vanderloubet.com.br\\\/deputado\\\/wp-content\\\/uploads\\\/2019\\\/05\\\/foto-2019-05-12-previdencia-social.jpg\",\"contentUrl\":\"https:\\\/\\\/vanderloubet.com.br\\\/deputado\\\/wp-content\\\/uploads\\\/2019\\\/05\\\/foto-2019-05-12-previdencia-social.jpg\",\"width\":960,\"height\":640},{\"@type\":\"BreadcrumbList\",\"@id\":\"http:\\\/\\\/vanderloubet.com.br\\\/deputado\\\/saiba-tudo-sobre-a-reforma-da-previdencia-e-como-ela-pode-impactar-a-sua-vida\\\/#breadcrumb\",\"itemListElement\":[{\"@type\":\"ListItem\",\"position\":1,\"name\":\"In\u00edcio\",\"item\":\"https:\\\/\\\/vanderloubet.com.br\\\/deputado\\\/\"},{\"@type\":\"ListItem\",\"position\":2,\"name\":\"Saiba tudo sobre a Reforma da Previd\u00eancia e como ela pode impactar a sua vida\"}]},{\"@type\":\"WebSite\",\"@id\":\"https:\\\/\\\/vanderloubet.com.br\\\/deputado\\\/#website\",\"url\":\"https:\\\/\\\/vanderloubet.com.br\\\/deputado\\\/\",\"name\":\"Deputado Federal Vander Loubet\",\"description\":\"O Federal de MS\",\"publisher\":{\"@id\":\"https:\\\/\\\/vanderloubet.com.br\\\/deputado\\\/#organization\"},\"alternateName\":\"Deputado Vander\",\"potentialAction\":[{\"@type\":\"SearchAction\",\"target\":{\"@type\":\"EntryPoint\",\"urlTemplate\":\"https:\\\/\\\/vanderloubet.com.br\\\/deputado\\\/?s={search_term_string}\"},\"query-input\":{\"@type\":\"PropertyValueSpecification\",\"valueRequired\":true,\"valueName\":\"search_term_string\"}}],\"inLanguage\":\"pt-BR\"},{\"@type\":\"Organization\",\"@id\":\"https:\\\/\\\/vanderloubet.com.br\\\/deputado\\\/#organization\",\"name\":\"Deputado Federal Vander Loubet\",\"alternateName\":\"Deputado Vander\",\"url\":\"https:\\\/\\\/vanderloubet.com.br\\\/deputado\\\/\",\"logo\":{\"@type\":\"ImageObject\",\"inLanguage\":\"pt-BR\",\"@id\":\"https:\\\/\\\/vanderloubet.com.br\\\/deputado\\\/#\\\/schema\\\/logo\\\/image\\\/\",\"url\":\"https:\\\/\\\/vanderloubet.com.br\\\/deputado\\\/wp-content\\\/uploads\\\/2023\\\/06\\\/foto-2023-06-19-mandato-deputado-vander.jpg\",\"contentUrl\":\"https:\\\/\\\/vanderloubet.com.br\\\/deputado\\\/wp-content\\\/uploads\\\/2023\\\/06\\\/foto-2023-06-19-mandato-deputado-vander.jpg\",\"width\":1080,\"height\":1080,\"caption\":\"Deputado Federal Vander Loubet\"},\"image\":{\"@id\":\"https:\\\/\\\/vanderloubet.com.br\\\/deputado\\\/#\\\/schema\\\/logo\\\/image\\\/\"},\"sameAs\":[\"https:\\\/\\\/facebook.com\\\/deputadovander\",\"https:\\\/\\\/x.com\\\/vanderloubet\",\"https:\\\/\\\/instagram.com\\\/vanderloubet\",\"https:\\\/\\\/youtube.com\\\/vanderloubet\",\"https:\\\/\\\/tiktok.com\\\/@vanderloubetms\"]},{\"@type\":\"Person\",\"@id\":\"https:\\\/\\\/vanderloubet.com.br\\\/deputado\\\/#\\\/schema\\\/person\\\/15b51bd564532a8a68d9dec1b8eb890e\",\"name\":\"\u00c9der\",\"image\":{\"@type\":\"ImageObject\",\"inLanguage\":\"pt-BR\",\"@id\":\"https:\\\/\\\/vanderloubet.com.br\\\/deputado\\\/wp-content\\\/litespeed\\\/avatar\\\/88ca4090d9d5ab1c9495f6ca03b68efa.jpg?ver=1777058957\",\"url\":\"https:\\\/\\\/vanderloubet.com.br\\\/deputado\\\/wp-content\\\/litespeed\\\/avatar\\\/88ca4090d9d5ab1c9495f6ca03b68efa.jpg?ver=1777058957\",\"contentUrl\":\"https:\\\/\\\/vanderloubet.com.br\\\/deputado\\\/wp-content\\\/litespeed\\\/avatar\\\/88ca4090d9d5ab1c9495f6ca03b68efa.jpg?ver=1777058957\",\"caption\":\"\u00c9der\"}}]}<\/script>\n<!-- \/ Yoast SEO plugin. -->","yoast_head_json":{"title":"Saiba tudo sobre a Reforma da Previd\u00eancia e como ela pode impactar a sua vida","description":"Leia agora uma an\u00e1lise detalhada sobre a Proposta de Emenda \u00e0 Constitui\u00e7\u00e3o (PEC) n\u00ba 6\/2019 e acompanhe o debate sobre reforma previdenci\u00e1ria.","robots":{"index":"index","follow":"follow","max-snippet":"max-snippet:-1","max-image-preview":"max-image-preview:large","max-video-preview":"max-video-preview:-1"},"canonical":"http:\/\/vanderloubet.com.br\/deputado\/saiba-tudo-sobre-a-reforma-da-previdencia-e-como-ela-pode-impactar-a-sua-vida\/","og_locale":"pt_BR","og_type":"article","og_title":"Saiba tudo sobre a Reforma da Previd\u00eancia e como ela pode impactar a sua vida","og_description":"Leia agora uma an\u00e1lise detalhada sobre a Proposta de Emenda \u00e0 Constitui\u00e7\u00e3o (PEC) n\u00ba 6\/2019 e acompanhe o debate sobre reforma previdenci\u00e1ria.","og_url":"http:\/\/vanderloubet.com.br\/deputado\/saiba-tudo-sobre-a-reforma-da-previdencia-e-como-ela-pode-impactar-a-sua-vida\/","og_site_name":"Deputado Federal Vander Loubet","article_publisher":"https:\/\/facebook.com\/deputadovander","article_published_time":"2019-05-12T23:53:22+00:00","article_modified_time":"2019-05-14T16:25:40+00:00","og_image":[{"width":960,"height":640,"url":"http:\/\/vanderloubet.com.br\/deputado\/wp-content\/uploads\/2019\/05\/foto-2019-05-12-previdencia-social.jpg","type":"image\/jpeg"}],"author":"\u00c9der","twitter_card":"summary_large_image","twitter_creator":"@vanderloubet","twitter_site":"@vanderloubet","schema":{"@context":"https:\/\/schema.org","@graph":[{"@type":"Article","@id":"http:\/\/vanderloubet.com.br\/deputado\/saiba-tudo-sobre-a-reforma-da-previdencia-e-como-ela-pode-impactar-a-sua-vida\/#article","isPartOf":{"@id":"http:\/\/vanderloubet.com.br\/deputado\/saiba-tudo-sobre-a-reforma-da-previdencia-e-como-ela-pode-impactar-a-sua-vida\/"},"author":{"name":"\u00c9der","@id":"https:\/\/vanderloubet.com.br\/deputado\/#\/schema\/person\/15b51bd564532a8a68d9dec1b8eb890e"},"headline":"Saiba tudo sobre a Reforma da Previd\u00eancia e como ela pode impactar a sua vida","datePublished":"2019-05-12T23:53:22+00:00","dateModified":"2019-05-14T16:25:40+00:00","mainEntityOfPage":{"@id":"http:\/\/vanderloubet.com.br\/deputado\/saiba-tudo-sobre-a-reforma-da-previdencia-e-como-ela-pode-impactar-a-sua-vida\/"},"wordCount":118,"publisher":{"@id":"https:\/\/vanderloubet.com.br\/deputado\/#organization"},"image":{"@id":"http:\/\/vanderloubet.com.br\/deputado\/saiba-tudo-sobre-a-reforma-da-previdencia-e-como-ela-pode-impactar-a-sua-vida\/#primaryimage"},"thumbnailUrl":"https:\/\/vanderloubet.com.br\/deputado\/wp-content\/uploads\/2019\/05\/foto-2019-05-12-previdencia-social.jpg","keywords":["proposta de emenda \u00e0 constitui\u00e7\u00e3o","reforma da previd\u00eancia"],"articleSection":["Brasil","Not\u00edcias"],"inLanguage":"pt-BR"},{"@type":"WebPage","@id":"http:\/\/vanderloubet.com.br\/deputado\/saiba-tudo-sobre-a-reforma-da-previdencia-e-como-ela-pode-impactar-a-sua-vida\/","url":"http:\/\/vanderloubet.com.br\/deputado\/saiba-tudo-sobre-a-reforma-da-previdencia-e-como-ela-pode-impactar-a-sua-vida\/","name":"Saiba tudo sobre a Reforma da Previd\u00eancia e como ela pode impactar a sua vida","isPartOf":{"@id":"https:\/\/vanderloubet.com.br\/deputado\/#website"},"primaryImageOfPage":{"@id":"http:\/\/vanderloubet.com.br\/deputado\/saiba-tudo-sobre-a-reforma-da-previdencia-e-como-ela-pode-impactar-a-sua-vida\/#primaryimage"},"image":{"@id":"http:\/\/vanderloubet.com.br\/deputado\/saiba-tudo-sobre-a-reforma-da-previdencia-e-como-ela-pode-impactar-a-sua-vida\/#primaryimage"},"thumbnailUrl":"https:\/\/vanderloubet.com.br\/deputado\/wp-content\/uploads\/2019\/05\/foto-2019-05-12-previdencia-social.jpg","datePublished":"2019-05-12T23:53:22+00:00","dateModified":"2019-05-14T16:25:40+00:00","description":"Leia agora uma an\u00e1lise detalhada sobre a Proposta de Emenda \u00e0 Constitui\u00e7\u00e3o (PEC) n\u00ba 6\/2019 e acompanhe o debate sobre reforma previdenci\u00e1ria.","breadcrumb":{"@id":"http:\/\/vanderloubet.com.br\/deputado\/saiba-tudo-sobre-a-reforma-da-previdencia-e-como-ela-pode-impactar-a-sua-vida\/#breadcrumb"},"inLanguage":"pt-BR","potentialAction":[{"@type":"ReadAction","target":["http:\/\/vanderloubet.com.br\/deputado\/saiba-tudo-sobre-a-reforma-da-previdencia-e-como-ela-pode-impactar-a-sua-vida\/"]}]},{"@type":"ImageObject","inLanguage":"pt-BR","@id":"http:\/\/vanderloubet.com.br\/deputado\/saiba-tudo-sobre-a-reforma-da-previdencia-e-como-ela-pode-impactar-a-sua-vida\/#primaryimage","url":"https:\/\/vanderloubet.com.br\/deputado\/wp-content\/uploads\/2019\/05\/foto-2019-05-12-previdencia-social.jpg","contentUrl":"https:\/\/vanderloubet.com.br\/deputado\/wp-content\/uploads\/2019\/05\/foto-2019-05-12-previdencia-social.jpg","width":960,"height":640},{"@type":"BreadcrumbList","@id":"http:\/\/vanderloubet.com.br\/deputado\/saiba-tudo-sobre-a-reforma-da-previdencia-e-como-ela-pode-impactar-a-sua-vida\/#breadcrumb","itemListElement":[{"@type":"ListItem","position":1,"name":"In\u00edcio","item":"https:\/\/vanderloubet.com.br\/deputado\/"},{"@type":"ListItem","position":2,"name":"Saiba tudo sobre a Reforma da Previd\u00eancia e como ela pode impactar a sua vida"}]},{"@type":"WebSite","@id":"https:\/\/vanderloubet.com.br\/deputado\/#website","url":"https:\/\/vanderloubet.com.br\/deputado\/","name":"Deputado Federal Vander Loubet","description":"O Federal de MS","publisher":{"@id":"https:\/\/vanderloubet.com.br\/deputado\/#organization"},"alternateName":"Deputado Vander","potentialAction":[{"@type":"SearchAction","target":{"@type":"EntryPoint","urlTemplate":"https:\/\/vanderloubet.com.br\/deputado\/?s={search_term_string}"},"query-input":{"@type":"PropertyValueSpecification","valueRequired":true,"valueName":"search_term_string"}}],"inLanguage":"pt-BR"},{"@type":"Organization","@id":"https:\/\/vanderloubet.com.br\/deputado\/#organization","name":"Deputado Federal Vander Loubet","alternateName":"Deputado Vander","url":"https:\/\/vanderloubet.com.br\/deputado\/","logo":{"@type":"ImageObject","inLanguage":"pt-BR","@id":"https:\/\/vanderloubet.com.br\/deputado\/#\/schema\/logo\/image\/","url":"https:\/\/vanderloubet.com.br\/deputado\/wp-content\/uploads\/2023\/06\/foto-2023-06-19-mandato-deputado-vander.jpg","contentUrl":"https:\/\/vanderloubet.com.br\/deputado\/wp-content\/uploads\/2023\/06\/foto-2023-06-19-mandato-deputado-vander.jpg","width":1080,"height":1080,"caption":"Deputado Federal Vander Loubet"},"image":{"@id":"https:\/\/vanderloubet.com.br\/deputado\/#\/schema\/logo\/image\/"},"sameAs":["https:\/\/facebook.com\/deputadovander","https:\/\/x.com\/vanderloubet","https:\/\/instagram.com\/vanderloubet","https:\/\/youtube.com\/vanderloubet","https:\/\/tiktok.com\/@vanderloubetms"]},{"@type":"Person","@id":"https:\/\/vanderloubet.com.br\/deputado\/#\/schema\/person\/15b51bd564532a8a68d9dec1b8eb890e","name":"\u00c9der","image":{"@type":"ImageObject","inLanguage":"pt-BR","@id":"https:\/\/vanderloubet.com.br\/deputado\/wp-content\/litespeed\/avatar\/88ca4090d9d5ab1c9495f6ca03b68efa.jpg?ver=1777058957","url":"https:\/\/vanderloubet.com.br\/deputado\/wp-content\/litespeed\/avatar\/88ca4090d9d5ab1c9495f6ca03b68efa.jpg?ver=1777058957","contentUrl":"https:\/\/vanderloubet.com.br\/deputado\/wp-content\/litespeed\/avatar\/88ca4090d9d5ab1c9495f6ca03b68efa.jpg?ver=1777058957","caption":"\u00c9der"}}]}},"jetpack_featured_media_url":"https:\/\/vanderloubet.com.br\/deputado\/wp-content\/uploads\/2019\/05\/foto-2019-05-12-previdencia-social.jpg","jetpack_sharing_enabled":true,"_links":{"self":[{"href":"https:\/\/vanderloubet.com.br\/deputado\/wp-json\/wp\/v2\/posts\/15476","targetHints":{"allow":["GET"]}}],"collection":[{"href":"https:\/\/vanderloubet.com.br\/deputado\/wp-json\/wp\/v2\/posts"}],"about":[{"href":"https:\/\/vanderloubet.com.br\/deputado\/wp-json\/wp\/v2\/types\/post"}],"author":[{"embeddable":true,"href":"https:\/\/vanderloubet.com.br\/deputado\/wp-json\/wp\/v2\/users\/2"}],"replies":[{"embeddable":true,"href":"https:\/\/vanderloubet.com.br\/deputado\/wp-json\/wp\/v2\/comments?post=15476"}],"version-history":[{"count":0,"href":"https:\/\/vanderloubet.com.br\/deputado\/wp-json\/wp\/v2\/posts\/15476\/revisions"}],"wp:featuredmedia":[{"embeddable":true,"href":"https:\/\/vanderloubet.com.br\/deputado\/wp-json\/wp\/v2\/media\/15478"}],"wp:attachment":[{"href":"https:\/\/vanderloubet.com.br\/deputado\/wp-json\/wp\/v2\/media?parent=15476"}],"wp:term":[{"taxonomy":"category","embeddable":true,"href":"https:\/\/vanderloubet.com.br\/deputado\/wp-json\/wp\/v2\/categories?post=15476"},{"taxonomy":"post_tag","embeddable":true,"href":"https:\/\/vanderloubet.com.br\/deputado\/wp-json\/wp\/v2\/tags?post=15476"}],"curies":[{"name":"wp","href":"https:\/\/api.w.org\/{rel}","templated":true}]}}