{"id":15290,"date":"2019-04-22T18:43:22","date_gmt":"2019-04-22T22:43:22","guid":{"rendered":"http:\/\/vanderloubet.com.br\/deputado\/?p=15290"},"modified":"2019-04-23T21:36:15","modified_gmt":"2019-04-24T01:36:15","slug":"boletim-mandato-em-movimento-2","status":"publish","type":"post","link":"https:\/\/vanderloubet.com.br\/deputado\/boletim-mandato-em-movimento-2\/","title":{"rendered":"Boletim \u201cMandato em Movimento\u201d (N\u00ba 2)"},"content":{"rendered":"<p><iframe width=\"560\" height=\"315\" src=\"https:\/\/www.youtube.com\/embed\/X-4NSgMNkuM\" frameborder=\"0\" allow=\"accelerometer; autoplay; encrypted-media; gyroscope; picture-in-picture\" allowfullscreen><\/iframe><\/p>\n<p>Confira os destaques do trabalho da assessoria parlamentar do deputado federal Vander Loubet nas \u00faltimas semanas:<\/p>\n<p><strong>Reinaugura\u00e7\u00e3o do gin\u00e1sio poliesportivo de Aquidauana<\/strong><\/p>\n<p>Em 11 de abril, a convite do prefeito Odilon Ribeiro Junior e do governador Reinaldo Azambuja, o assessor Eduardo Ovelar Pereira representou o deputado Vander durante a solenidade de entrega das obras de revitaliza\u00e7\u00e3o do gin\u00e1sio poliesportivo de Aquidauana, no Bairro Santa Terezinha. A obra recebeu investimento de R$ 900 mil e garantiu a reativa\u00e7\u00e3o do espa\u00e7o, que estava interditado desde outubro de 2013.<\/p>\n\r\n                <style type=\"text\/css\">\r\n                    \r\n                    #tdi_1  .td-doubleSlider-2 .td-item1 {\r\n                        background: url(https:\/\/vanderloubet.com.br\/deputado\/wp-content\/uploads\/2019\/04\/blog-2019-04-11-ginasio-aquidauana-1-80x60.jpg) 0 0 no-repeat;\r\n                    }\r\n                    #tdi_1  .td-doubleSlider-2 .td-item2 {\r\n                        background: url(https:\/\/vanderloubet.com.br\/deputado\/wp-content\/uploads\/2019\/04\/blog-2019-04-11-ginasio-aquidauana-2-80x60.jpg) 0 0 no-repeat;\r\n                    }\r\n                    #tdi_1  .td-doubleSlider-2 .td-item3 {\r\n                        background: url(https:\/\/vanderloubet.com.br\/deputado\/wp-content\/uploads\/2019\/04\/blog-2019-04-11-ginasio-aquidauana-3-80x60.jpg) 0 0 no-repeat;\r\n                    }\r\n                    #tdi_1  .td-doubleSlider-2 .td-item4 {\r\n                        background: url(https:\/\/vanderloubet.com.br\/deputado\/wp-content\/uploads\/2019\/04\/blog-2019-04-11-ginasio-aquidauana-4-80x60.jpg) 0 0 no-repeat;\r\n                    }\r\n                <\/style>\r\n\r\n                <div id=\"tdi_1\" class=\"td-gallery td-slide-on-2-columns\">\r\n                    <div class=\"post_td_gallery\">\r\n                        <div class=\"td-gallery-slide-top\">\r\n                           <div class=\"td-gallery-title\"><\/div>\r\n\r\n                            <div class=\"td-gallery-controls-wrapper\">\r\n                                <div class=\"td-gallery-slide-count\"><span class=\"td-gallery-slide-item-focus\">1<\/span> de 4<\/div>\r\n                                <div class=\"td-gallery-slide-prev-next-but\">\r\n                                    <i class = \"td-icon-left doubleSliderPrevButton\"><\/i>\r\n                                    <i class = \"td-icon-right doubleSliderNextButton\"><\/i>\r\n                                <\/div>\r\n                            <\/div>\r\n                        <\/div>\r\n\r\n                        <div class = \"td-doubleSlider-1 \">\r\n                            <div class = \"td-slider\">\r\n                                \r\n                    <div class = \"td-slide-item td-item1\">\r\n                        <figure class=\"td-slide-galery-figure td-slide-popup-gallery\">\r\n                            <a class=\"slide-gallery-image-link\" href=\"https:\/\/vanderloubet.com.br\/deputado\/wp-content\/uploads\/2019\/04\/blog-2019-04-11-ginasio-aquidauana-1.jpg\" title=\"Gin\u00e1sio Poliesportivo de Aquidauana foi reinaugurado\"  data-caption=\"\"  data-description=\"Gin&aacute;sio Poliesportivo de Aquidauana foi reinaugurado\">\r\n                                <img decoding=\"async\" src=\"https:\/\/vanderloubet.com.br\/deputado\/wp-content\/uploads\/2019\/04\/blog-2019-04-11-ginasio-aquidauana-1-630x420.jpg\" srcset=\"https:\/\/vanderloubet.com.br\/deputado\/wp-content\/uploads\/2019\/04\/blog-2019-04-11-ginasio-aquidauana-1-630x420.jpg 630w, https:\/\/vanderloubet.com.br\/deputado\/wp-content\/uploads\/2019\/04\/blog-2019-04-11-ginasio-aquidauana-1-350x233.jpg 350w, https:\/\/vanderloubet.com.br\/deputado\/wp-content\/uploads\/2019\/04\/blog-2019-04-11-ginasio-aquidauana-1-768x512.jpg 768w, https:\/\/vanderloubet.com.br\/deputado\/wp-content\/uploads\/2019\/04\/blog-2019-04-11-ginasio-aquidauana-1-700x467.jpg 700w, https:\/\/vanderloubet.com.br\/deputado\/wp-content\/uploads\/2019\/04\/blog-2019-04-11-ginasio-aquidauana-1-696x464.jpg 696w, https:\/\/vanderloubet.com.br\/deputado\/wp-content\/uploads\/2019\/04\/blog-2019-04-11-ginasio-aquidauana-1.jpg 960w\" sizes=\"(max-width: 630px) 100vw, 630px\" alt=\"Gin&aacute;sio Poliesportivo de Aquidauana foi reinaugurado\">\r\n                            <\/a>\r\n                            <figcaption class = \"td-slide-caption td-gallery-slide-content\"><span>Gin\u00e1sio Poliesportivo de Aquidauana foi reinaugurado<\/span><\/figcaption>\r\n                        <\/figure>\r\n                    <\/div>\r\n                    <div class = \"td-slide-item td-item2\">\r\n                        <figure class=\"td-slide-galery-figure td-slide-popup-gallery\">\r\n                            <a class=\"slide-gallery-image-link\" href=\"https:\/\/vanderloubet.com.br\/deputado\/wp-content\/uploads\/2019\/04\/blog-2019-04-11-ginasio-aquidauana-2.jpg\" title=\"Gin\u00e1sio Poliesportivo de Aquidauana foi reinaugurado\"  data-caption=\"\"  data-description=\"Gin&aacute;sio Poliesportivo de Aquidauana foi reinaugurado\">\r\n                                <img decoding=\"async\" src=\"https:\/\/vanderloubet.com.br\/deputado\/wp-content\/uploads\/2019\/04\/blog-2019-04-11-ginasio-aquidauana-2-630x420.jpg\" srcset=\"https:\/\/vanderloubet.com.br\/deputado\/wp-content\/uploads\/2019\/04\/blog-2019-04-11-ginasio-aquidauana-2-630x420.jpg 630w, https:\/\/vanderloubet.com.br\/deputado\/wp-content\/uploads\/2019\/04\/blog-2019-04-11-ginasio-aquidauana-2-350x233.jpg 350w, https:\/\/vanderloubet.com.br\/deputado\/wp-content\/uploads\/2019\/04\/blog-2019-04-11-ginasio-aquidauana-2-768x512.jpg 768w, https:\/\/vanderloubet.com.br\/deputado\/wp-content\/uploads\/2019\/04\/blog-2019-04-11-ginasio-aquidauana-2-700x467.jpg 700w, https:\/\/vanderloubet.com.br\/deputado\/wp-content\/uploads\/2019\/04\/blog-2019-04-11-ginasio-aquidauana-2-696x464.jpg 696w, https:\/\/vanderloubet.com.br\/deputado\/wp-content\/uploads\/2019\/04\/blog-2019-04-11-ginasio-aquidauana-2.jpg 960w\" sizes=\"(max-width: 630px) 100vw, 630px\" alt=\"Gin&aacute;sio Poliesportivo de Aquidauana foi reinaugurado\">\r\n                            <\/a>\r\n                            <figcaption class = \"td-slide-caption td-gallery-slide-content\"><span>Gin\u00e1sio Poliesportivo de Aquidauana foi reinaugurado<\/span><\/figcaption>\r\n                        <\/figure>\r\n                    <\/div>\r\n                    <div class = \"td-slide-item td-item3\">\r\n                        <figure class=\"td-slide-galery-figure td-slide-popup-gallery\">\r\n                            <a class=\"slide-gallery-image-link\" href=\"https:\/\/vanderloubet.com.br\/deputado\/wp-content\/uploads\/2019\/04\/blog-2019-04-11-ginasio-aquidauana-3.jpg\" title=\"Gin\u00e1sio Poliesportivo de Aquidauana foi reinaugurado\"  data-caption=\"\"  data-description=\"Gin&aacute;sio Poliesportivo de Aquidauana foi reinaugurado\">\r\n                                <img decoding=\"async\" src=\"https:\/\/vanderloubet.com.br\/deputado\/wp-content\/uploads\/2019\/04\/blog-2019-04-11-ginasio-aquidauana-3-630x420.jpg\" srcset=\"https:\/\/vanderloubet.com.br\/deputado\/wp-content\/uploads\/2019\/04\/blog-2019-04-11-ginasio-aquidauana-3-630x420.jpg 630w, https:\/\/vanderloubet.com.br\/deputado\/wp-content\/uploads\/2019\/04\/blog-2019-04-11-ginasio-aquidauana-3-350x233.jpg 350w, https:\/\/vanderloubet.com.br\/deputado\/wp-content\/uploads\/2019\/04\/blog-2019-04-11-ginasio-aquidauana-3-768x512.jpg 768w, https:\/\/vanderloubet.com.br\/deputado\/wp-content\/uploads\/2019\/04\/blog-2019-04-11-ginasio-aquidauana-3-700x467.jpg 700w, https:\/\/vanderloubet.com.br\/deputado\/wp-content\/uploads\/2019\/04\/blog-2019-04-11-ginasio-aquidauana-3-696x464.jpg 696w, https:\/\/vanderloubet.com.br\/deputado\/wp-content\/uploads\/2019\/04\/blog-2019-04-11-ginasio-aquidauana-3.jpg 960w\" sizes=\"(max-width: 630px) 100vw, 630px\" alt=\"Gin&aacute;sio Poliesportivo de Aquidauana foi reinaugurado\">\r\n                            <\/a>\r\n                            <figcaption class = \"td-slide-caption td-gallery-slide-content\"><span>Gin\u00e1sio Poliesportivo de Aquidauana foi reinaugurado<\/span><\/figcaption>\r\n                        <\/figure>\r\n                    <\/div>\r\n                    <div class = \"td-slide-item td-item4\">\r\n                        <figure class=\"td-slide-galery-figure td-slide-popup-gallery\">\r\n                            <a class=\"slide-gallery-image-link\" href=\"https:\/\/vanderloubet.com.br\/deputado\/wp-content\/uploads\/2019\/04\/blog-2019-04-11-ginasio-aquidauana-4.jpg\" title=\"Gin\u00e1sio Poliesportivo de Aquidauana foi reinaugurado\"  data-caption=\"\"  data-description=\"\">\r\n                                <img decoding=\"async\" src=\"https:\/\/vanderloubet.com.br\/deputado\/wp-content\/uploads\/2019\/04\/blog-2019-04-11-ginasio-aquidauana-4-630x420.jpg\" srcset=\"https:\/\/vanderloubet.com.br\/deputado\/wp-content\/uploads\/2019\/04\/blog-2019-04-11-ginasio-aquidauana-4-630x420.jpg 630w, https:\/\/vanderloubet.com.br\/deputado\/wp-content\/uploads\/2019\/04\/blog-2019-04-11-ginasio-aquidauana-4-350x233.jpg 350w, https:\/\/vanderloubet.com.br\/deputado\/wp-content\/uploads\/2019\/04\/blog-2019-04-11-ginasio-aquidauana-4-768x512.jpg 768w, https:\/\/vanderloubet.com.br\/deputado\/wp-content\/uploads\/2019\/04\/blog-2019-04-11-ginasio-aquidauana-4-700x467.jpg 700w, https:\/\/vanderloubet.com.br\/deputado\/wp-content\/uploads\/2019\/04\/blog-2019-04-11-ginasio-aquidauana-4-696x464.jpg 696w, https:\/\/vanderloubet.com.br\/deputado\/wp-content\/uploads\/2019\/04\/blog-2019-04-11-ginasio-aquidauana-4.jpg 960w\" sizes=\"(max-width: 630px) 100vw, 630px\" alt=\"\">\r\n                            <\/a>\r\n                            \r\n                        <\/figure>\r\n                    <\/div>\r\n                            <\/div>\r\n                        <\/div>\r\n\r\n                        <div class = \"td-doubleSlider-2\">\r\n                            <div class = \"td-slider\">\r\n                                \r\n                    <div class = \"td-button td-item1\">\r\n                        <div class = \"td-border\"><\/div>\r\n                    <\/div>\r\n                    <div class = \"td-button td-item2\">\r\n                        <div class = \"td-border\"><\/div>\r\n                    <\/div>\r\n                    <div class = \"td-button td-item3\">\r\n                        <div class = \"td-border\"><\/div>\r\n                    <\/div>\r\n                    <div class = \"td-button td-item4\">\r\n                        <div class = \"td-border\"><\/div>\r\n                    <\/div>\r\n                            <\/div>\r\n                        <\/div>\r\n\r\n                    <\/div>\r\n\r\n                <\/div>\r\n                \n<p><strong>Agendas em Sidrol\u00e2ndia<\/strong><\/p>\n<p>No dia 12, o assessor Eduardo Ovelar Pereira representou o deputado durante atividades no munic\u00edpio de Sidrol\u00e2ndia. A convite do prefeito Marcelo Ascoli e da primeira-dama Ana L\u00eddia, Eduardo visitou as obras do Hospital Beneficente Dona Elmiria Silv\u00e9rio Barbosa (que est\u00e1 em fase de conclus\u00e3o) e participou da inaugura\u00e7\u00e3o do novo Posto de Sa\u00fade Central da cidade. No evento, tamb\u00e9m foram entregues uma ambul\u00e2ncia para o SAMU, um ve\u00edculo para o combate de vetores e uma van para o transporte de pacientes.<\/p>\n<p>Ainda em Sidrol\u00e2ndia, Eduardo representou Vander Loubet na entrega de certificados de uma turma de cidad\u00e3os capacitados pelo Programa de Promo\u00e7\u00e3o do Acesso ao Mundo do Trabalho. Participaram da atividade a primeira-dama Ana L\u00eddia Ascoli, o vereador Jean Nazareth e o secret\u00e1rio municipal Paulo At\u00edlio Pereira, al\u00e9m de servidores da Secretaria Municipal de Assist\u00eancia Social.<\/p>\n\r\n                <style type=\"text\/css\">\r\n                    \r\n                    #tdi_2  .td-doubleSlider-2 .td-item1 {\r\n                        background: url(https:\/\/vanderloubet.com.br\/deputado\/wp-content\/uploads\/2019\/04\/blog-2019-04-12-sidrolandia-1-80x60.jpg) 0 0 no-repeat;\r\n                    }\r\n                    #tdi_2  .td-doubleSlider-2 .td-item2 {\r\n                        background: url(https:\/\/vanderloubet.com.br\/deputado\/wp-content\/uploads\/2019\/04\/blog-2019-04-12-sidrolandia-2-80x60.jpg) 0 0 no-repeat;\r\n                    }\r\n                    #tdi_2  .td-doubleSlider-2 .td-item3 {\r\n                        background: url(https:\/\/vanderloubet.com.br\/deputado\/wp-content\/uploads\/2019\/04\/blog-2019-04-12-sidrolandia-3-80x60.jpg) 0 0 no-repeat;\r\n                    }\r\n                    #tdi_2  .td-doubleSlider-2 .td-item4 {\r\n                        background: url(https:\/\/vanderloubet.com.br\/deputado\/wp-content\/uploads\/2019\/04\/blog-2019-04-12-sidrolandia-4-80x60.jpg) 0 0 no-repeat;\r\n                    }\r\n                    #tdi_2  .td-doubleSlider-2 .td-item5 {\r\n                        background: url(https:\/\/vanderloubet.com.br\/deputado\/wp-content\/uploads\/2019\/04\/blog-2019-04-12-sidrolandia-5-80x60.jpg) 0 0 no-repeat;\r\n                    }\r\n                    #tdi_2  .td-doubleSlider-2 .td-item6 {\r\n                        background: url(https:\/\/vanderloubet.com.br\/deputado\/wp-content\/uploads\/2019\/04\/blog-2019-04-12-sidrolandia-6-80x60.jpg) 0 0 no-repeat;\r\n                    }\r\n                    #tdi_2  .td-doubleSlider-2 .td-item7 {\r\n                        background: url(https:\/\/vanderloubet.com.br\/deputado\/wp-content\/uploads\/2019\/04\/blog-2019-04-12-sidrolandia-7-80x60.jpg) 0 0 no-repeat;\r\n                    }\r\n                    #tdi_2  .td-doubleSlider-2 .td-item8 {\r\n                        background: url(https:\/\/vanderloubet.com.br\/deputado\/wp-content\/uploads\/2019\/04\/blog-2019-04-12-sidrolandia-8-80x60.jpg) 0 0 no-repeat;\r\n                    }\r\n                    #tdi_2  .td-doubleSlider-2 .td-item9 {\r\n                        background: url(https:\/\/vanderloubet.com.br\/deputado\/wp-content\/uploads\/2019\/04\/blog-2019-04-12-sidrolandia-9-80x60.jpg) 0 0 no-repeat;\r\n                    }\r\n                    #tdi_2  .td-doubleSlider-2 .td-item10 {\r\n                        background: url(https:\/\/vanderloubet.com.br\/deputado\/wp-content\/uploads\/2019\/04\/blog-2019-04-12-sidrolandia-10-80x60.jpg) 0 0 no-repeat;\r\n                    }\r\n                    #tdi_2  .td-doubleSlider-2 .td-item11 {\r\n                        background: url(https:\/\/vanderloubet.com.br\/deputado\/wp-content\/uploads\/2019\/04\/blog-2019-04-12-sidrolandia-11-80x60.jpg) 0 0 no-repeat;\r\n                    }\r\n                <\/style>\r\n\r\n                <div id=\"tdi_2\" class=\"td-gallery td-slide-on-2-columns\">\r\n                    <div class=\"post_td_gallery\">\r\n                        <div class=\"td-gallery-slide-top\">\r\n                           <div class=\"td-gallery-title\"><\/div>\r\n\r\n                            <div class=\"td-gallery-controls-wrapper\">\r\n                                <div class=\"td-gallery-slide-count\"><span class=\"td-gallery-slide-item-focus\">1<\/span> de 11<\/div>\r\n                                <div class=\"td-gallery-slide-prev-next-but\">\r\n                                    <i class = \"td-icon-left doubleSliderPrevButton\"><\/i>\r\n                                    <i class = \"td-icon-right doubleSliderNextButton\"><\/i>\r\n                                <\/div>\r\n                            <\/div>\r\n                        <\/div>\r\n\r\n                        <div class = \"td-doubleSlider-1 \">\r\n                            <div class = \"td-slider\">\r\n                                \r\n                    <div class = \"td-slide-item td-item1\">\r\n                        <figure class=\"td-slide-galery-figure td-slide-popup-gallery\">\r\n                            <a class=\"slide-gallery-image-link\" href=\"https:\/\/vanderloubet.com.br\/deputado\/wp-content\/uploads\/2019\/04\/blog-2019-04-12-sidrolandia-1.jpg\" title=\"Deputado foi representado por Eduardo em inaugura\u00e7\u00e3o de posto de sa\u00fade e entrega de ve\u00edculos\"  data-caption=\"\"  data-description=\"Deputado foi representado por Eduardo em inaugura&ccedil;&atilde;o de posto de sa&uacute;de e entrega de ve&iacute;culos\">\r\n                                <img decoding=\"async\" src=\"https:\/\/vanderloubet.com.br\/deputado\/wp-content\/uploads\/2019\/04\/blog-2019-04-12-sidrolandia-1-747x420.jpg\" srcset=\"https:\/\/vanderloubet.com.br\/deputado\/wp-content\/uploads\/2019\/04\/blog-2019-04-12-sidrolandia-1-747x420.jpg 747w, https:\/\/vanderloubet.com.br\/deputado\/wp-content\/uploads\/2019\/04\/blog-2019-04-12-sidrolandia-1-350x197.jpg 350w, https:\/\/vanderloubet.com.br\/deputado\/wp-content\/uploads\/2019\/04\/blog-2019-04-12-sidrolandia-1-768x432.jpg 768w, https:\/\/vanderloubet.com.br\/deputado\/wp-content\/uploads\/2019\/04\/blog-2019-04-12-sidrolandia-1-700x394.jpg 700w, https:\/\/vanderloubet.com.br\/deputado\/wp-content\/uploads\/2019\/04\/blog-2019-04-12-sidrolandia-1-696x392.jpg 696w, https:\/\/vanderloubet.com.br\/deputado\/wp-content\/uploads\/2019\/04\/blog-2019-04-12-sidrolandia-1.jpg 960w\" sizes=\"(max-width: 747px) 100vw, 747px\" alt=\"Deputado foi representado por Eduardo em inaugura&ccedil;&atilde;o de posto de sa&uacute;de e entrega de ve&iacute;culos\">\r\n                            <\/a>\r\n                            <figcaption class = \"td-slide-caption td-gallery-slide-content\"><span>Deputado foi representado por Eduardo em inaugura\u00e7\u00e3o de posto de sa\u00fade e entrega de ve\u00edculos<\/span><\/figcaption>\r\n                        <\/figure>\r\n                    <\/div>\r\n                    <div class = \"td-slide-item td-item2\">\r\n                        <figure class=\"td-slide-galery-figure td-slide-popup-gallery\">\r\n                            <a class=\"slide-gallery-image-link\" href=\"https:\/\/vanderloubet.com.br\/deputado\/wp-content\/uploads\/2019\/04\/blog-2019-04-12-sidrolandia-2.jpg\" title=\"Deputado foi representado por Eduardo em inaugura\u00e7\u00e3o de posto de sa\u00fade e entrega de ve\u00edculos\"  data-caption=\"\"  data-description=\"Deputado foi representado por Eduardo em inaugura&ccedil;&atilde;o de posto de sa&uacute;de e entrega de ve&iacute;culos\">\r\n                                <img decoding=\"async\" src=\"https:\/\/vanderloubet.com.br\/deputado\/wp-content\/uploads\/2019\/04\/blog-2019-04-12-sidrolandia-2-747x420.jpg\" srcset=\"https:\/\/vanderloubet.com.br\/deputado\/wp-content\/uploads\/2019\/04\/blog-2019-04-12-sidrolandia-2-747x420.jpg 747w, https:\/\/vanderloubet.com.br\/deputado\/wp-content\/uploads\/2019\/04\/blog-2019-04-12-sidrolandia-2-350x197.jpg 350w, https:\/\/vanderloubet.com.br\/deputado\/wp-content\/uploads\/2019\/04\/blog-2019-04-12-sidrolandia-2-768x432.jpg 768w, https:\/\/vanderloubet.com.br\/deputado\/wp-content\/uploads\/2019\/04\/blog-2019-04-12-sidrolandia-2-700x394.jpg 700w, https:\/\/vanderloubet.com.br\/deputado\/wp-content\/uploads\/2019\/04\/blog-2019-04-12-sidrolandia-2-696x392.jpg 696w, https:\/\/vanderloubet.com.br\/deputado\/wp-content\/uploads\/2019\/04\/blog-2019-04-12-sidrolandia-2.jpg 960w\" sizes=\"(max-width: 747px) 100vw, 747px\" alt=\"Deputado foi representado por Eduardo em inaugura&ccedil;&atilde;o de posto de sa&uacute;de e entrega de ve&iacute;culos\">\r\n                            <\/a>\r\n                            <figcaption class = \"td-slide-caption td-gallery-slide-content\"><span>Deputado foi representado por Eduardo em inaugura\u00e7\u00e3o de posto de sa\u00fade e entrega de ve\u00edculos<\/span><\/figcaption>\r\n                        <\/figure>\r\n                    <\/div>\r\n                    <div class = \"td-slide-item td-item3\">\r\n                        <figure class=\"td-slide-galery-figure td-slide-popup-gallery\">\r\n                            <a class=\"slide-gallery-image-link\" href=\"https:\/\/vanderloubet.com.br\/deputado\/wp-content\/uploads\/2019\/04\/blog-2019-04-12-sidrolandia-3.jpg\" title=\"Deputado foi representado por Eduardo em inaugura\u00e7\u00e3o de posto de sa\u00fade e entrega de ve\u00edculos\"  data-caption=\"\"  data-description=\"Deputado foi representado por Eduardo em inaugura&ccedil;&atilde;o de posto de sa&uacute;de e entrega de ve&iacute;culos\">\r\n                                <img decoding=\"async\" src=\"https:\/\/vanderloubet.com.br\/deputado\/wp-content\/uploads\/2019\/04\/blog-2019-04-12-sidrolandia-3-747x420.jpg\" srcset=\"https:\/\/vanderloubet.com.br\/deputado\/wp-content\/uploads\/2019\/04\/blog-2019-04-12-sidrolandia-3-747x420.jpg 747w, https:\/\/vanderloubet.com.br\/deputado\/wp-content\/uploads\/2019\/04\/blog-2019-04-12-sidrolandia-3-350x197.jpg 350w, https:\/\/vanderloubet.com.br\/deputado\/wp-content\/uploads\/2019\/04\/blog-2019-04-12-sidrolandia-3-768x432.jpg 768w, https:\/\/vanderloubet.com.br\/deputado\/wp-content\/uploads\/2019\/04\/blog-2019-04-12-sidrolandia-3-700x394.jpg 700w, https:\/\/vanderloubet.com.br\/deputado\/wp-content\/uploads\/2019\/04\/blog-2019-04-12-sidrolandia-3-696x392.jpg 696w, https:\/\/vanderloubet.com.br\/deputado\/wp-content\/uploads\/2019\/04\/blog-2019-04-12-sidrolandia-3.jpg 960w\" sizes=\"(max-width: 747px) 100vw, 747px\" alt=\"Deputado foi representado por Eduardo em inaugura&ccedil;&atilde;o de posto de sa&uacute;de e entrega de ve&iacute;culos\">\r\n                            <\/a>\r\n                            <figcaption class = \"td-slide-caption td-gallery-slide-content\"><span>Deputado foi representado por Eduardo em inaugura\u00e7\u00e3o de posto de sa\u00fade e entrega de ve\u00edculos<\/span><\/figcaption>\r\n                        <\/figure>\r\n                    <\/div>\r\n                    <div class = \"td-slide-item td-item4\">\r\n                        <figure class=\"td-slide-galery-figure td-slide-popup-gallery\">\r\n                            <a class=\"slide-gallery-image-link\" href=\"https:\/\/vanderloubet.com.br\/deputado\/wp-content\/uploads\/2019\/04\/blog-2019-04-12-sidrolandia-4.jpg\" title=\"Deputado foi representado por Eduardo em inaugura\u00e7\u00e3o de posto de sa\u00fade e entrega de ve\u00edculos\"  data-caption=\"\"  data-description=\"Deputado foi representado por Eduardo em inaugura&ccedil;&atilde;o de posto de sa&uacute;de e entrega de ve&iacute;culos\">\r\n                                <img decoding=\"async\" src=\"https:\/\/vanderloubet.com.br\/deputado\/wp-content\/uploads\/2019\/04\/blog-2019-04-12-sidrolandia-4-747x420.jpg\" srcset=\"https:\/\/vanderloubet.com.br\/deputado\/wp-content\/uploads\/2019\/04\/blog-2019-04-12-sidrolandia-4-747x420.jpg 747w, https:\/\/vanderloubet.com.br\/deputado\/wp-content\/uploads\/2019\/04\/blog-2019-04-12-sidrolandia-4-350x197.jpg 350w, https:\/\/vanderloubet.com.br\/deputado\/wp-content\/uploads\/2019\/04\/blog-2019-04-12-sidrolandia-4-768x432.jpg 768w, https:\/\/vanderloubet.com.br\/deputado\/wp-content\/uploads\/2019\/04\/blog-2019-04-12-sidrolandia-4-700x394.jpg 700w, https:\/\/vanderloubet.com.br\/deputado\/wp-content\/uploads\/2019\/04\/blog-2019-04-12-sidrolandia-4-696x392.jpg 696w, https:\/\/vanderloubet.com.br\/deputado\/wp-content\/uploads\/2019\/04\/blog-2019-04-12-sidrolandia-4.jpg 960w\" sizes=\"(max-width: 747px) 100vw, 747px\" alt=\"Deputado foi representado por Eduardo em inaugura&ccedil;&atilde;o de posto de sa&uacute;de e entrega de ve&iacute;culos\">\r\n                            <\/a>\r\n                            <figcaption class = \"td-slide-caption td-gallery-slide-content\"><span>Deputado foi representado por Eduardo em inaugura\u00e7\u00e3o de posto de sa\u00fade e entrega de ve\u00edculos<\/span><\/figcaption>\r\n                        <\/figure>\r\n                    <\/div>\r\n                    <div class = \"td-slide-item td-item5\">\r\n                        <figure class=\"td-slide-galery-figure td-slide-popup-gallery\">\r\n                            <a class=\"slide-gallery-image-link\" href=\"https:\/\/vanderloubet.com.br\/deputado\/wp-content\/uploads\/2019\/04\/blog-2019-04-12-sidrolandia-5.jpg\" title=\"Assessor Eduardo tamb\u00e9m repeesentou Vander em entrega de certificados de curso de capacita\u00e7\u00e3o\"  data-caption=\"\"  data-description=\"Assessor Eduardo tamb&eacute;m repeesentou Vander em entrega de certificados de curso de capacita&ccedil;&atilde;o\">\r\n                                <img decoding=\"async\" src=\"https:\/\/vanderloubet.com.br\/deputado\/wp-content\/uploads\/2019\/04\/blog-2019-04-12-sidrolandia-5-630x420.jpg\" srcset=\"https:\/\/vanderloubet.com.br\/deputado\/wp-content\/uploads\/2019\/04\/blog-2019-04-12-sidrolandia-5-630x420.jpg 630w, https:\/\/vanderloubet.com.br\/deputado\/wp-content\/uploads\/2019\/04\/blog-2019-04-12-sidrolandia-5-350x233.jpg 350w, https:\/\/vanderloubet.com.br\/deputado\/wp-content\/uploads\/2019\/04\/blog-2019-04-12-sidrolandia-5-768x512.jpg 768w, https:\/\/vanderloubet.com.br\/deputado\/wp-content\/uploads\/2019\/04\/blog-2019-04-12-sidrolandia-5-700x467.jpg 700w, https:\/\/vanderloubet.com.br\/deputado\/wp-content\/uploads\/2019\/04\/blog-2019-04-12-sidrolandia-5-696x464.jpg 696w, https:\/\/vanderloubet.com.br\/deputado\/wp-content\/uploads\/2019\/04\/blog-2019-04-12-sidrolandia-5.jpg 960w\" sizes=\"(max-width: 630px) 100vw, 630px\" alt=\"Assessor Eduardo tamb&eacute;m repeesentou Vander em entrega de certificados de curso de capacita&ccedil;&atilde;o\">\r\n                            <\/a>\r\n                            <figcaption class = \"td-slide-caption td-gallery-slide-content\"><span>Assessor Eduardo tamb\u00e9m repeesentou Vander em entrega de certificados de curso de capacita\u00e7\u00e3o<\/span><\/figcaption>\r\n                        <\/figure>\r\n                    <\/div>\r\n                    <div class = \"td-slide-item td-item6\">\r\n                        <figure class=\"td-slide-galery-figure td-slide-popup-gallery\">\r\n                            <a class=\"slide-gallery-image-link\" href=\"https:\/\/vanderloubet.com.br\/deputado\/wp-content\/uploads\/2019\/04\/blog-2019-04-12-sidrolandia-6.jpg\" title=\"Assessor Eduardo tamb\u00e9m repeesentou Vander em entrega de certificados de curso de capacita\u00e7\u00e3o\"  data-caption=\"\"  data-description=\"Assessor Eduardo tamb&eacute;m repeesentou Vander em entrega de certificados de curso de capacita&ccedil;&atilde;o\">\r\n                                <img decoding=\"async\" src=\"https:\/\/vanderloubet.com.br\/deputado\/wp-content\/uploads\/2019\/04\/blog-2019-04-12-sidrolandia-6-630x420.jpg\" srcset=\"https:\/\/vanderloubet.com.br\/deputado\/wp-content\/uploads\/2019\/04\/blog-2019-04-12-sidrolandia-6-630x420.jpg 630w, https:\/\/vanderloubet.com.br\/deputado\/wp-content\/uploads\/2019\/04\/blog-2019-04-12-sidrolandia-6-350x233.jpg 350w, https:\/\/vanderloubet.com.br\/deputado\/wp-content\/uploads\/2019\/04\/blog-2019-04-12-sidrolandia-6-768x512.jpg 768w, https:\/\/vanderloubet.com.br\/deputado\/wp-content\/uploads\/2019\/04\/blog-2019-04-12-sidrolandia-6-700x467.jpg 700w, https:\/\/vanderloubet.com.br\/deputado\/wp-content\/uploads\/2019\/04\/blog-2019-04-12-sidrolandia-6-696x464.jpg 696w, https:\/\/vanderloubet.com.br\/deputado\/wp-content\/uploads\/2019\/04\/blog-2019-04-12-sidrolandia-6.jpg 960w\" sizes=\"(max-width: 630px) 100vw, 630px\" alt=\"Assessor Eduardo tamb&eacute;m repeesentou Vander em entrega de certificados de curso de capacita&ccedil;&atilde;o\">\r\n                            <\/a>\r\n                            <figcaption class = \"td-slide-caption td-gallery-slide-content\"><span>Assessor Eduardo tamb\u00e9m repeesentou Vander em entrega de certificados de curso de capacita\u00e7\u00e3o<\/span><\/figcaption>\r\n                        <\/figure>\r\n                    <\/div>\r\n                    <div class = \"td-slide-item td-item7\">\r\n                        <figure class=\"td-slide-galery-figure td-slide-popup-gallery\">\r\n                            <a class=\"slide-gallery-image-link\" href=\"https:\/\/vanderloubet.com.br\/deputado\/wp-content\/uploads\/2019\/04\/blog-2019-04-12-sidrolandia-7.jpg\" title=\"Assessor Eduardo tamb\u00e9m repeesentou Vander em entrega de certificados de curso de capacita\u00e7\u00e3o\"  data-caption=\"\"  data-description=\"Assessor Eduardo tamb&eacute;m repeesentou Vander em entrega de certificados de curso de capacita&ccedil;&atilde;o\">\r\n                                <img decoding=\"async\" src=\"https:\/\/vanderloubet.com.br\/deputado\/wp-content\/uploads\/2019\/04\/blog-2019-04-12-sidrolandia-7-630x420.jpg\" srcset=\"https:\/\/vanderloubet.com.br\/deputado\/wp-content\/uploads\/2019\/04\/blog-2019-04-12-sidrolandia-7-630x420.jpg 630w, https:\/\/vanderloubet.com.br\/deputado\/wp-content\/uploads\/2019\/04\/blog-2019-04-12-sidrolandia-7-350x233.jpg 350w, https:\/\/vanderloubet.com.br\/deputado\/wp-content\/uploads\/2019\/04\/blog-2019-04-12-sidrolandia-7-768x512.jpg 768w, https:\/\/vanderloubet.com.br\/deputado\/wp-content\/uploads\/2019\/04\/blog-2019-04-12-sidrolandia-7-700x467.jpg 700w, https:\/\/vanderloubet.com.br\/deputado\/wp-content\/uploads\/2019\/04\/blog-2019-04-12-sidrolandia-7-696x464.jpg 696w, https:\/\/vanderloubet.com.br\/deputado\/wp-content\/uploads\/2019\/04\/blog-2019-04-12-sidrolandia-7.jpg 960w\" sizes=\"(max-width: 630px) 100vw, 630px\" alt=\"Assessor Eduardo tamb&eacute;m repeesentou Vander em entrega de certificados de curso de capacita&ccedil;&atilde;o\">\r\n                            <\/a>\r\n                            <figcaption class = \"td-slide-caption td-gallery-slide-content\"><span>Assessor Eduardo tamb\u00e9m repeesentou Vander em entrega de certificados de curso de capacita\u00e7\u00e3o<\/span><\/figcaption>\r\n                        <\/figure>\r\n                    <\/div>\r\n                    <div class = \"td-slide-item td-item8\">\r\n                        <figure class=\"td-slide-galery-figure td-slide-popup-gallery\">\r\n                            <a class=\"slide-gallery-image-link\" href=\"https:\/\/vanderloubet.com.br\/deputado\/wp-content\/uploads\/2019\/04\/blog-2019-04-12-sidrolandia-8.jpg\" title=\"Assessor Eduardo tamb\u00e9m repeesentou Vander em entrega de certificados de curso de capacita\u00e7\u00e3o\"  data-caption=\"\"  data-description=\"Assessor Eduardo tamb&eacute;m repeesentou Vander em entrega de certificados de curso de capacita&ccedil;&atilde;o\">\r\n                                <img decoding=\"async\" src=\"https:\/\/vanderloubet.com.br\/deputado\/wp-content\/uploads\/2019\/04\/blog-2019-04-12-sidrolandia-8-630x420.jpg\" srcset=\"https:\/\/vanderloubet.com.br\/deputado\/wp-content\/uploads\/2019\/04\/blog-2019-04-12-sidrolandia-8-630x420.jpg 630w, https:\/\/vanderloubet.com.br\/deputado\/wp-content\/uploads\/2019\/04\/blog-2019-04-12-sidrolandia-8-350x233.jpg 350w, https:\/\/vanderloubet.com.br\/deputado\/wp-content\/uploads\/2019\/04\/blog-2019-04-12-sidrolandia-8-768x512.jpg 768w, https:\/\/vanderloubet.com.br\/deputado\/wp-content\/uploads\/2019\/04\/blog-2019-04-12-sidrolandia-8-700x467.jpg 700w, https:\/\/vanderloubet.com.br\/deputado\/wp-content\/uploads\/2019\/04\/blog-2019-04-12-sidrolandia-8-696x464.jpg 696w, https:\/\/vanderloubet.com.br\/deputado\/wp-content\/uploads\/2019\/04\/blog-2019-04-12-sidrolandia-8.jpg 960w\" sizes=\"(max-width: 630px) 100vw, 630px\" alt=\"Assessor Eduardo tamb&eacute;m repeesentou Vander em entrega de certificados de curso de capacita&ccedil;&atilde;o\">\r\n                            <\/a>\r\n                            <figcaption class = \"td-slide-caption td-gallery-slide-content\"><span>Assessor Eduardo tamb\u00e9m repeesentou Vander em entrega de certificados de curso de capacita\u00e7\u00e3o<\/span><\/figcaption>\r\n                        <\/figure>\r\n                    <\/div>\r\n                    <div class = \"td-slide-item td-item9\">\r\n                        <figure class=\"td-slide-galery-figure td-slide-popup-gallery\">\r\n                            <a class=\"slide-gallery-image-link\" href=\"https:\/\/vanderloubet.com.br\/deputado\/wp-content\/uploads\/2019\/04\/blog-2019-04-12-sidrolandia-9.jpg\" title=\"Assessor Eduardo tamb\u00e9m repeesentou Vander em entrega de certificados de curso de capacita\u00e7\u00e3o\"  data-caption=\"\"  data-description=\"Assessor Eduardo tamb&eacute;m repeesentou Vander em entrega de certificados de curso de capacita&ccedil;&atilde;o\">\r\n                                <img decoding=\"async\" src=\"https:\/\/vanderloubet.com.br\/deputado\/wp-content\/uploads\/2019\/04\/blog-2019-04-12-sidrolandia-9-630x420.jpg\" srcset=\"https:\/\/vanderloubet.com.br\/deputado\/wp-content\/uploads\/2019\/04\/blog-2019-04-12-sidrolandia-9-630x420.jpg 630w, https:\/\/vanderloubet.com.br\/deputado\/wp-content\/uploads\/2019\/04\/blog-2019-04-12-sidrolandia-9-350x233.jpg 350w, https:\/\/vanderloubet.com.br\/deputado\/wp-content\/uploads\/2019\/04\/blog-2019-04-12-sidrolandia-9-768x512.jpg 768w, https:\/\/vanderloubet.com.br\/deputado\/wp-content\/uploads\/2019\/04\/blog-2019-04-12-sidrolandia-9-700x467.jpg 700w, https:\/\/vanderloubet.com.br\/deputado\/wp-content\/uploads\/2019\/04\/blog-2019-04-12-sidrolandia-9-696x464.jpg 696w, https:\/\/vanderloubet.com.br\/deputado\/wp-content\/uploads\/2019\/04\/blog-2019-04-12-sidrolandia-9.jpg 960w\" sizes=\"(max-width: 630px) 100vw, 630px\" alt=\"Assessor Eduardo tamb&eacute;m repeesentou Vander em entrega de certificados de curso de capacita&ccedil;&atilde;o\">\r\n                            <\/a>\r\n                            <figcaption class = \"td-slide-caption td-gallery-slide-content\"><span>Assessor Eduardo tamb\u00e9m repeesentou Vander em entrega de certificados de curso de capacita\u00e7\u00e3o<\/span><\/figcaption>\r\n                        <\/figure>\r\n                    <\/div>\r\n                    <div class = \"td-slide-item td-item10\">\r\n                        <figure class=\"td-slide-galery-figure td-slide-popup-gallery\">\r\n                            <a class=\"slide-gallery-image-link\" href=\"https:\/\/vanderloubet.com.br\/deputado\/wp-content\/uploads\/2019\/04\/blog-2019-04-12-sidrolandia-10.jpg\" title=\"Assessor Eduardo tamb\u00e9m repeesentou Vander em entrega de certificados de curso de capacita\u00e7\u00e3o\"  data-caption=\"\"  data-description=\"Assessor Eduardo tamb&eacute;m repeesentou Vander em entrega de certificados de curso de capacita&ccedil;&atilde;o\">\r\n                                <img decoding=\"async\" src=\"https:\/\/vanderloubet.com.br\/deputado\/wp-content\/uploads\/2019\/04\/blog-2019-04-12-sidrolandia-10-630x420.jpg\" srcset=\"https:\/\/vanderloubet.com.br\/deputado\/wp-content\/uploads\/2019\/04\/blog-2019-04-12-sidrolandia-10-630x420.jpg 630w, https:\/\/vanderloubet.com.br\/deputado\/wp-content\/uploads\/2019\/04\/blog-2019-04-12-sidrolandia-10-350x233.jpg 350w, https:\/\/vanderloubet.com.br\/deputado\/wp-content\/uploads\/2019\/04\/blog-2019-04-12-sidrolandia-10-768x512.jpg 768w, https:\/\/vanderloubet.com.br\/deputado\/wp-content\/uploads\/2019\/04\/blog-2019-04-12-sidrolandia-10-700x467.jpg 700w, https:\/\/vanderloubet.com.br\/deputado\/wp-content\/uploads\/2019\/04\/blog-2019-04-12-sidrolandia-10-696x464.jpg 696w, https:\/\/vanderloubet.com.br\/deputado\/wp-content\/uploads\/2019\/04\/blog-2019-04-12-sidrolandia-10.jpg 960w\" sizes=\"(max-width: 630px) 100vw, 630px\" alt=\"Assessor Eduardo tamb&eacute;m repeesentou Vander em entrega de certificados de curso de capacita&ccedil;&atilde;o\">\r\n                            <\/a>\r\n                            <figcaption class = \"td-slide-caption td-gallery-slide-content\"><span>Assessor Eduardo tamb\u00e9m repeesentou Vander em entrega de certificados de curso de capacita\u00e7\u00e3o<\/span><\/figcaption>\r\n                        <\/figure>\r\n                    <\/div>\r\n                    <div class = \"td-slide-item td-item11\">\r\n                        <figure class=\"td-slide-galery-figure td-slide-popup-gallery\">\r\n                            <a class=\"slide-gallery-image-link\" href=\"https:\/\/vanderloubet.com.br\/deputado\/wp-content\/uploads\/2019\/04\/blog-2019-04-12-sidrolandia-11.jpg\" title=\"Assessor Eduardo tamb\u00e9m repeesentou Vander em entrega de certificados de curso de capacita\u00e7\u00e3o\"  data-caption=\"\"  data-description=\"\">\r\n                                <img decoding=\"async\" src=\"https:\/\/vanderloubet.com.br\/deputado\/wp-content\/uploads\/2019\/04\/blog-2019-04-12-sidrolandia-11-630x420.jpg\" srcset=\"https:\/\/vanderloubet.com.br\/deputado\/wp-content\/uploads\/2019\/04\/blog-2019-04-12-sidrolandia-11-630x420.jpg 630w, https:\/\/vanderloubet.com.br\/deputado\/wp-content\/uploads\/2019\/04\/blog-2019-04-12-sidrolandia-11-350x233.jpg 350w, https:\/\/vanderloubet.com.br\/deputado\/wp-content\/uploads\/2019\/04\/blog-2019-04-12-sidrolandia-11-768x512.jpg 768w, https:\/\/vanderloubet.com.br\/deputado\/wp-content\/uploads\/2019\/04\/blog-2019-04-12-sidrolandia-11-700x467.jpg 700w, https:\/\/vanderloubet.com.br\/deputado\/wp-content\/uploads\/2019\/04\/blog-2019-04-12-sidrolandia-11-696x464.jpg 696w, https:\/\/vanderloubet.com.br\/deputado\/wp-content\/uploads\/2019\/04\/blog-2019-04-12-sidrolandia-11.jpg 960w\" sizes=\"(max-width: 630px) 100vw, 630px\" alt=\"\">\r\n                            <\/a>\r\n                            \r\n                        <\/figure>\r\n                    <\/div>\r\n                            <\/div>\r\n                        <\/div>\r\n\r\n                        <div class = \"td-doubleSlider-2\">\r\n                            <div class = \"td-slider\">\r\n                                \r\n                    <div class = \"td-button td-item1\">\r\n                        <div class = \"td-border\"><\/div>\r\n                    <\/div>\r\n                    <div class = \"td-button td-item2\">\r\n                        <div class = \"td-border\"><\/div>\r\n                    <\/div>\r\n                    <div class = \"td-button td-item3\">\r\n                        <div class = \"td-border\"><\/div>\r\n                    <\/div>\r\n                    <div class = \"td-button td-item4\">\r\n                        <div class = \"td-border\"><\/div>\r\n                    <\/div>\r\n                    <div class = \"td-button td-item5\">\r\n                        <div class = \"td-border\"><\/div>\r\n                    <\/div>\r\n                    <div class = \"td-button td-item6\">\r\n                        <div class = \"td-border\"><\/div>\r\n                    <\/div>\r\n                    <div class = \"td-button td-item7\">\r\n                        <div class = \"td-border\"><\/div>\r\n                    <\/div>\r\n                    <div class = \"td-button td-item8\">\r\n                        <div class = \"td-border\"><\/div>\r\n                    <\/div>\r\n                    <div class = \"td-button td-item9\">\r\n                        <div class = \"td-border\"><\/div>\r\n                    <\/div>\r\n                    <div class = \"td-button td-item10\">\r\n                        <div class = \"td-border\"><\/div>\r\n                    <\/div>\r\n                    <div class = \"td-button td-item11\">\r\n                        <div class = \"td-border\"><\/div>\r\n                    <\/div>\r\n                            <\/div>\r\n                        <\/div>\r\n\r\n                    <\/div>\r\n\r\n                <\/div>\r\n                \n<p><strong>Miss e Mister Ind\u00edgena em Miranda<\/strong><\/p>\n<p>No dia 13 de abril, o assessor Dionedison Terena representou o deputado no concurso de Miss e Mister Ind\u00edgena da Aldeia Moreira, no munic\u00edpio de Miranda. O concurso fez parte da semana cultural da aldeia, atividade que simboliza a resist\u00eancia dos povos ind\u00edgenas.<\/p>\n\r\n                <style type=\"text\/css\">\r\n                    \r\n                    #tdi_3  .td-doubleSlider-2 .td-item1 {\r\n                        background: url(https:\/\/vanderloubet.com.br\/deputado\/wp-content\/uploads\/2019\/04\/blog-2019-04-13-aldeia-miranda-1-80x60.jpg) 0 0 no-repeat;\r\n                    }\r\n                    #tdi_3  .td-doubleSlider-2 .td-item2 {\r\n                        background: url(https:\/\/vanderloubet.com.br\/deputado\/wp-content\/uploads\/2019\/04\/blog-2019-04-13-aldeia-miranda-2-80x60.jpg) 0 0 no-repeat;\r\n                    }\r\n                    #tdi_3  .td-doubleSlider-2 .td-item3 {\r\n                        background: url(https:\/\/vanderloubet.com.br\/deputado\/wp-content\/uploads\/2019\/04\/blog-2019-04-13-aldeia-miranda-3-80x60.jpg) 0 0 no-repeat;\r\n                    }\r\n                    #tdi_3  .td-doubleSlider-2 .td-item4 {\r\n                        background: url(https:\/\/vanderloubet.com.br\/deputado\/wp-content\/uploads\/2019\/04\/blog-2019-04-13-aldeia-miranda-4-80x60.jpg) 0 0 no-repeat;\r\n                    }\r\n                    #tdi_3  .td-doubleSlider-2 .td-item5 {\r\n                        background: url(https:\/\/vanderloubet.com.br\/deputado\/wp-content\/uploads\/2019\/04\/blog-2019-04-13-aldeia-miranda-5-80x60.jpg) 0 0 no-repeat;\r\n                    }\r\n                <\/style>\r\n\r\n                <div id=\"tdi_3\" class=\"td-gallery td-slide-on-2-columns\">\r\n                    <div class=\"post_td_gallery\">\r\n                        <div class=\"td-gallery-slide-top\">\r\n                           <div class=\"td-gallery-title\"><\/div>\r\n\r\n                            <div class=\"td-gallery-controls-wrapper\">\r\n                                <div class=\"td-gallery-slide-count\"><span class=\"td-gallery-slide-item-focus\">1<\/span> de 5<\/div>\r\n                                <div class=\"td-gallery-slide-prev-next-but\">\r\n                                    <i class = \"td-icon-left doubleSliderPrevButton\"><\/i>\r\n                                    <i class = \"td-icon-right doubleSliderNextButton\"><\/i>\r\n                                <\/div>\r\n                            <\/div>\r\n                        <\/div>\r\n\r\n                        <div class = \"td-doubleSlider-1 \">\r\n                            <div class = \"td-slider\">\r\n                                \r\n                    <div class = \"td-slide-item td-item1\">\r\n                        <figure class=\"td-slide-galery-figure td-slide-popup-gallery\">\r\n                            <a class=\"slide-gallery-image-link\" href=\"https:\/\/vanderloubet.com.br\/deputado\/wp-content\/uploads\/2019\/04\/blog-2019-04-13-aldeia-miranda-1.jpg\" title=\"Aldeia Moreira, em Miranda, promoveu concurso de Miss e Mister Ind\u00edgena.\"  data-caption=\"\"  data-description=\"Aldeia Moreira, em Miranda, promoveu concurso de Miss e Mister Ind&iacute;gena.\">\r\n                                <img decoding=\"async\" src=\"https:\/\/vanderloubet.com.br\/deputado\/wp-content\/uploads\/2019\/04\/blog-2019-04-13-aldeia-miranda-1-630x420.jpg\" srcset=\"https:\/\/vanderloubet.com.br\/deputado\/wp-content\/uploads\/2019\/04\/blog-2019-04-13-aldeia-miranda-1-630x420.jpg 630w, https:\/\/vanderloubet.com.br\/deputado\/wp-content\/uploads\/2019\/04\/blog-2019-04-13-aldeia-miranda-1-350x233.jpg 350w, https:\/\/vanderloubet.com.br\/deputado\/wp-content\/uploads\/2019\/04\/blog-2019-04-13-aldeia-miranda-1-700x467.jpg 700w, https:\/\/vanderloubet.com.br\/deputado\/wp-content\/uploads\/2019\/04\/blog-2019-04-13-aldeia-miranda-1-696x464.jpg 696w, https:\/\/vanderloubet.com.br\/deputado\/wp-content\/uploads\/2019\/04\/blog-2019-04-13-aldeia-miranda-1.jpg 720w\" sizes=\"(max-width: 630px) 100vw, 630px\" alt=\"Aldeia Moreira, em Miranda, promoveu concurso de Miss e Mister Ind&iacute;gena.\">\r\n                            <\/a>\r\n                            <figcaption class = \"td-slide-caption td-gallery-slide-content\"><span>Aldeia Moreira, em Miranda, promoveu concurso de Miss e Mister Ind\u00edgena.<\/span><\/figcaption>\r\n                        <\/figure>\r\n                    <\/div>\r\n                    <div class = \"td-slide-item td-item2\">\r\n                        <figure class=\"td-slide-galery-figure td-slide-popup-gallery\">\r\n                            <a class=\"slide-gallery-image-link\" href=\"https:\/\/vanderloubet.com.br\/deputado\/wp-content\/uploads\/2019\/04\/blog-2019-04-13-aldeia-miranda-2.jpg\" title=\"Aldeia Moreira, em Miranda, promoveu concurso de Miss e Mister Ind\u00edgena.\"  data-caption=\"\"  data-description=\"Aldeia Moreira, em Miranda, promoveu concurso de Miss e Mister Ind&iacute;gena.\">\r\n                                <img decoding=\"async\" src=\"https:\/\/vanderloubet.com.br\/deputado\/wp-content\/uploads\/2019\/04\/blog-2019-04-13-aldeia-miranda-2-630x420.jpg\" srcset=\"https:\/\/vanderloubet.com.br\/deputado\/wp-content\/uploads\/2019\/04\/blog-2019-04-13-aldeia-miranda-2-630x420.jpg 630w, https:\/\/vanderloubet.com.br\/deputado\/wp-content\/uploads\/2019\/04\/blog-2019-04-13-aldeia-miranda-2-350x233.jpg 350w, https:\/\/vanderloubet.com.br\/deputado\/wp-content\/uploads\/2019\/04\/blog-2019-04-13-aldeia-miranda-2-700x467.jpg 700w, https:\/\/vanderloubet.com.br\/deputado\/wp-content\/uploads\/2019\/04\/blog-2019-04-13-aldeia-miranda-2-696x464.jpg 696w, https:\/\/vanderloubet.com.br\/deputado\/wp-content\/uploads\/2019\/04\/blog-2019-04-13-aldeia-miranda-2.jpg 720w\" sizes=\"(max-width: 630px) 100vw, 630px\" alt=\"Aldeia Moreira, em Miranda, promoveu concurso de Miss e Mister Ind&iacute;gena.\">\r\n                            <\/a>\r\n                            <figcaption class = \"td-slide-caption td-gallery-slide-content\"><span>Aldeia Moreira, em Miranda, promoveu concurso de Miss e Mister Ind\u00edgena.<\/span><\/figcaption>\r\n                        <\/figure>\r\n                    <\/div>\r\n                    <div class = \"td-slide-item td-item3\">\r\n                        <figure class=\"td-slide-galery-figure td-slide-popup-gallery\">\r\n                            <a class=\"slide-gallery-image-link\" href=\"https:\/\/vanderloubet.com.br\/deputado\/wp-content\/uploads\/2019\/04\/blog-2019-04-13-aldeia-miranda-3.jpg\" title=\"Aldeia Moreira, em Miranda, promoveu concurso de Miss e Mister Ind\u00edgena.\"  data-caption=\"\"  data-description=\"Aldeia Moreira, em Miranda, promoveu concurso de Miss e Mister Ind&iacute;gena.\">\r\n                                <img decoding=\"async\" src=\"https:\/\/vanderloubet.com.br\/deputado\/wp-content\/uploads\/2019\/04\/blog-2019-04-13-aldeia-miranda-3-630x420.jpg\" srcset=\"https:\/\/vanderloubet.com.br\/deputado\/wp-content\/uploads\/2019\/04\/blog-2019-04-13-aldeia-miranda-3-630x420.jpg 630w, https:\/\/vanderloubet.com.br\/deputado\/wp-content\/uploads\/2019\/04\/blog-2019-04-13-aldeia-miranda-3-350x233.jpg 350w, https:\/\/vanderloubet.com.br\/deputado\/wp-content\/uploads\/2019\/04\/blog-2019-04-13-aldeia-miranda-3-700x467.jpg 700w, https:\/\/vanderloubet.com.br\/deputado\/wp-content\/uploads\/2019\/04\/blog-2019-04-13-aldeia-miranda-3-696x464.jpg 696w, https:\/\/vanderloubet.com.br\/deputado\/wp-content\/uploads\/2019\/04\/blog-2019-04-13-aldeia-miranda-3.jpg 720w\" sizes=\"(max-width: 630px) 100vw, 630px\" alt=\"Aldeia Moreira, em Miranda, promoveu concurso de Miss e Mister Ind&iacute;gena.\">\r\n                            <\/a>\r\n                            <figcaption class = \"td-slide-caption td-gallery-slide-content\"><span>Aldeia Moreira, em Miranda, promoveu concurso de Miss e Mister Ind\u00edgena.<\/span><\/figcaption>\r\n                        <\/figure>\r\n                    <\/div>\r\n                    <div class = \"td-slide-item td-item4\">\r\n                        <figure class=\"td-slide-galery-figure td-slide-popup-gallery\">\r\n                            <a class=\"slide-gallery-image-link\" href=\"https:\/\/vanderloubet.com.br\/deputado\/wp-content\/uploads\/2019\/04\/blog-2019-04-13-aldeia-miranda-4.jpg\" title=\"Aldeia Moreira, em Miranda, promoveu concurso de Miss e Mister Ind\u00edgena.\"  data-caption=\"\"  data-description=\"Aldeia Moreira, em Miranda, promoveu concurso de Miss e Mister Ind&iacute;gena.\">\r\n                                <img decoding=\"async\" src=\"https:\/\/vanderloubet.com.br\/deputado\/wp-content\/uploads\/2019\/04\/blog-2019-04-13-aldeia-miranda-4-630x420.jpg\" srcset=\"https:\/\/vanderloubet.com.br\/deputado\/wp-content\/uploads\/2019\/04\/blog-2019-04-13-aldeia-miranda-4-630x420.jpg 630w, https:\/\/vanderloubet.com.br\/deputado\/wp-content\/uploads\/2019\/04\/blog-2019-04-13-aldeia-miranda-4-350x233.jpg 350w, https:\/\/vanderloubet.com.br\/deputado\/wp-content\/uploads\/2019\/04\/blog-2019-04-13-aldeia-miranda-4-700x467.jpg 700w, https:\/\/vanderloubet.com.br\/deputado\/wp-content\/uploads\/2019\/04\/blog-2019-04-13-aldeia-miranda-4-696x464.jpg 696w, https:\/\/vanderloubet.com.br\/deputado\/wp-content\/uploads\/2019\/04\/blog-2019-04-13-aldeia-miranda-4.jpg 720w\" sizes=\"(max-width: 630px) 100vw, 630px\" alt=\"Aldeia Moreira, em Miranda, promoveu concurso de Miss e Mister Ind&iacute;gena.\">\r\n                            <\/a>\r\n                            <figcaption class = \"td-slide-caption td-gallery-slide-content\"><span>Aldeia Moreira, em Miranda, promoveu concurso de Miss e Mister Ind\u00edgena.<\/span><\/figcaption>\r\n                        <\/figure>\r\n                    <\/div>\r\n                    <div class = \"td-slide-item td-item5\">\r\n                        <figure class=\"td-slide-galery-figure td-slide-popup-gallery\">\r\n                            <a class=\"slide-gallery-image-link\" href=\"https:\/\/vanderloubet.com.br\/deputado\/wp-content\/uploads\/2019\/04\/blog-2019-04-13-aldeia-miranda-5.jpg\" title=\"Aldeia Moreira, em Miranda, promoveu concurso de Miss e Mister Ind\u00edgena.\"  data-caption=\"\"  data-description=\"\">\r\n                                <img decoding=\"async\" src=\"https:\/\/vanderloubet.com.br\/deputado\/wp-content\/uploads\/2019\/04\/blog-2019-04-13-aldeia-miranda-5-303x420.jpg\" srcset=\"https:\/\/vanderloubet.com.br\/deputado\/wp-content\/uploads\/2019\/04\/blog-2019-04-13-aldeia-miranda-5-303x420.jpg 303w, https:\/\/vanderloubet.com.br\/deputado\/wp-content\/uploads\/2019\/04\/blog-2019-04-13-aldeia-miranda-5-350x485.jpg 350w, https:\/\/vanderloubet.com.br\/deputado\/wp-content\/uploads\/2019\/04\/blog-2019-04-13-aldeia-miranda-5.jpg 520w\" sizes=\"(max-width: 303px) 100vw, 303px\" alt=\"\">\r\n                            <\/a>\r\n                            \r\n                        <\/figure>\r\n                    <\/div>\r\n                            <\/div>\r\n                        <\/div>\r\n\r\n                        <div class = \"td-doubleSlider-2\">\r\n                            <div class = \"td-slider\">\r\n                                \r\n                    <div class = \"td-button td-item1\">\r\n                        <div class = \"td-border\"><\/div>\r\n                    <\/div>\r\n                    <div class = \"td-button td-item2\">\r\n                        <div class = \"td-border\"><\/div>\r\n                    <\/div>\r\n                    <div class = \"td-button td-item3\">\r\n                        <div class = \"td-border\"><\/div>\r\n                    <\/div>\r\n                    <div class = \"td-button td-item4\">\r\n                        <div class = \"td-border\"><\/div>\r\n                    <\/div>\r\n                    <div class = \"td-button td-item5\">\r\n                        <div class = \"td-border\"><\/div>\r\n                    <\/div>\r\n                            <\/div>\r\n                        <\/div>\r\n\r\n                    <\/div>\r\n\r\n                <\/div>\r\n                \n<p><strong>Reuni\u00e3o com novo secret\u00e1rio da Sedesc em Campo Grande<\/strong><\/p>\n<p>Em 15 de abril, o assessor Valteci de Castro (o Mineiro) e o colaborador Humberto de Mello Pereira estiveram na Secretaria Municipal de Desenvolvimento Econ\u00f4mico de Campo Grande para uma reuni\u00e3o com o novo titular da pasta, Herbert Assun\u00e7\u00e3o. A assessoria do deputado apresentou ao secret\u00e1rio os projetos que v\u00eam sendo apoiados por Vander no estado e na Capital. Al\u00e9m disso, Mineiro e Humberto externaram a Herbert o interesse do mandato em contribuir com projetos estrat\u00e9gicos para o desenvolvimento de Campo Grande.<\/p>\n<p><img decoding=\"async\" src=\"http:\/\/vanderloubet.com.br\/deputado\/wp-content\/uploads\/2019\/04\/blog-2019-04-15-sedesc-campo-grande-700x394.jpg\" alt=\"Mineiro e Humberto se reuniram com o novo titular da Sedesc da Capital\" width=\"696\" height=\"392\" class=size-large wp-image-15311\" srcset=\"https:\/\/vanderloubet.com.br\/deputado\/wp-content\/uploads\/2019\/04\/blog-2019-04-15-sedesc-campo-grande-700x394.jpg 700w, https:\/\/vanderloubet.com.br\/deputado\/wp-content\/uploads\/2019\/04\/blog-2019-04-15-sedesc-campo-grande-350x197.jpg 350w, https:\/\/vanderloubet.com.br\/deputado\/wp-content\/uploads\/2019\/04\/blog-2019-04-15-sedesc-campo-grande-768x432.jpg 768w, https:\/\/vanderloubet.com.br\/deputado\/wp-content\/uploads\/2019\/04\/blog-2019-04-15-sedesc-campo-grande-747x420.jpg 747w, https:\/\/vanderloubet.com.br\/deputado\/wp-content\/uploads\/2019\/04\/blog-2019-04-15-sedesc-campo-grande-696x392.jpg 696w, https:\/\/vanderloubet.com.br\/deputado\/wp-content\/uploads\/2019\/04\/blog-2019-04-15-sedesc-campo-grande.jpg 960w\" sizes=\"(max-width: 696px) 100vw, 696px\" \/><\/p>\n<p><strong>Encontro da CUT-MS<\/strong><\/p>\n<p>Tamb\u00e9m no dia 15, os assessores Beto Carvalho e Dionedison Terena e os colaboradores Agamenon do Prado e Vagner Campos participaram do Encontro Estadual de Comunica\u00e7\u00e3o e Forma\u00e7\u00e3o da Central \u00danica dos Trabalhadores (CUT) de Mato Grosso do Sul, na sede da Fetems, em Campo Grande.<\/p>\n\r\n                <style type=\"text\/css\">\r\n                    \r\n                    #tdi_4  .td-doubleSlider-2 .td-item1 {\r\n                        background: url(https:\/\/vanderloubet.com.br\/deputado\/wp-content\/uploads\/2019\/04\/blog-2019-04-15-encontro-cut-2-80x60.jpg) 0 0 no-repeat;\r\n                    }\r\n                    #tdi_4  .td-doubleSlider-2 .td-item2 {\r\n                        background: url(https:\/\/vanderloubet.com.br\/deputado\/wp-content\/uploads\/2019\/04\/blog-2019-04-15-encontro-cut-1-80x60.jpg) 0 0 no-repeat;\r\n                    }\r\n                    #tdi_4  .td-doubleSlider-2 .td-item3 {\r\n                        background: url(https:\/\/vanderloubet.com.br\/deputado\/wp-content\/uploads\/2019\/04\/blog-2019-04-15-encontro-cut-3-80x60.jpg) 0 0 no-repeat;\r\n                    }\r\n                <\/style>\r\n\r\n                <div id=\"tdi_4\" class=\"td-gallery td-slide-on-2-columns\">\r\n                    <div class=\"post_td_gallery\">\r\n                        <div class=\"td-gallery-slide-top\">\r\n                           <div class=\"td-gallery-title\"><\/div>\r\n\r\n                            <div class=\"td-gallery-controls-wrapper\">\r\n                                <div class=\"td-gallery-slide-count\"><span class=\"td-gallery-slide-item-focus\">1<\/span> de 3<\/div>\r\n                                <div class=\"td-gallery-slide-prev-next-but\">\r\n                                    <i class = \"td-icon-left doubleSliderPrevButton\"><\/i>\r\n                                    <i class = \"td-icon-right doubleSliderNextButton\"><\/i>\r\n                                <\/div>\r\n                            <\/div>\r\n                        <\/div>\r\n\r\n                        <div class = \"td-doubleSlider-1 \">\r\n                            <div class = \"td-slider\">\r\n                                \r\n                    <div class = \"td-slide-item td-item1\">\r\n                        <figure class=\"td-slide-galery-figure td-slide-popup-gallery\">\r\n                            <a class=\"slide-gallery-image-link\" href=\"https:\/\/vanderloubet.com.br\/deputado\/wp-content\/uploads\/2019\/04\/blog-2019-04-15-encontro-cut-2.jpg\" title=\"CUT-MS promoveu encontro na Capital\"  data-caption=\"\"  data-description=\"CUT-MS promoveu encontro na Capital\">\r\n                                <img decoding=\"async\" src=\"https:\/\/vanderloubet.com.br\/deputado\/wp-content\/uploads\/2019\/04\/blog-2019-04-15-encontro-cut-2-630x420.jpg\" srcset=\"https:\/\/vanderloubet.com.br\/deputado\/wp-content\/uploads\/2019\/04\/blog-2019-04-15-encontro-cut-2-630x420.jpg 630w, https:\/\/vanderloubet.com.br\/deputado\/wp-content\/uploads\/2019\/04\/blog-2019-04-15-encontro-cut-2-350x233.jpg 350w, https:\/\/vanderloubet.com.br\/deputado\/wp-content\/uploads\/2019\/04\/blog-2019-04-15-encontro-cut-2-768x512.jpg 768w, https:\/\/vanderloubet.com.br\/deputado\/wp-content\/uploads\/2019\/04\/blog-2019-04-15-encontro-cut-2-700x467.jpg 700w, https:\/\/vanderloubet.com.br\/deputado\/wp-content\/uploads\/2019\/04\/blog-2019-04-15-encontro-cut-2-696x464.jpg 696w, https:\/\/vanderloubet.com.br\/deputado\/wp-content\/uploads\/2019\/04\/blog-2019-04-15-encontro-cut-2.jpg 960w\" sizes=\"(max-width: 630px) 100vw, 630px\" alt=\"CUT-MS promoveu encontro na Capital\">\r\n                            <\/a>\r\n                            <figcaption class = \"td-slide-caption td-gallery-slide-content\"><span>CUT-MS promoveu encontro na Capital<\/span><\/figcaption>\r\n                        <\/figure>\r\n                    <\/div>\r\n                    <div class = \"td-slide-item td-item2\">\r\n                        <figure class=\"td-slide-galery-figure td-slide-popup-gallery\">\r\n                            <a class=\"slide-gallery-image-link\" href=\"https:\/\/vanderloubet.com.br\/deputado\/wp-content\/uploads\/2019\/04\/blog-2019-04-15-encontro-cut-1.jpg\" title=\"CUT-MS promoveu encontro na Capital\"  data-caption=\"\"  data-description=\"CUT-MS promoveu encontro na Capital\">\r\n                                <img decoding=\"async\" src=\"https:\/\/vanderloubet.com.br\/deputado\/wp-content\/uploads\/2019\/04\/blog-2019-04-15-encontro-cut-1-630x420.jpg\" srcset=\"https:\/\/vanderloubet.com.br\/deputado\/wp-content\/uploads\/2019\/04\/blog-2019-04-15-encontro-cut-1-630x420.jpg 630w, https:\/\/vanderloubet.com.br\/deputado\/wp-content\/uploads\/2019\/04\/blog-2019-04-15-encontro-cut-1-350x233.jpg 350w, https:\/\/vanderloubet.com.br\/deputado\/wp-content\/uploads\/2019\/04\/blog-2019-04-15-encontro-cut-1-768x512.jpg 768w, https:\/\/vanderloubet.com.br\/deputado\/wp-content\/uploads\/2019\/04\/blog-2019-04-15-encontro-cut-1-700x467.jpg 700w, https:\/\/vanderloubet.com.br\/deputado\/wp-content\/uploads\/2019\/04\/blog-2019-04-15-encontro-cut-1-696x464.jpg 696w, https:\/\/vanderloubet.com.br\/deputado\/wp-content\/uploads\/2019\/04\/blog-2019-04-15-encontro-cut-1.jpg 960w\" sizes=\"(max-width: 630px) 100vw, 630px\" alt=\"CUT-MS promoveu encontro na Capital\">\r\n                            <\/a>\r\n                            <figcaption class = \"td-slide-caption td-gallery-slide-content\"><span>CUT-MS promoveu encontro na Capital<\/span><\/figcaption>\r\n                        <\/figure>\r\n                    <\/div>\r\n                    <div class = \"td-slide-item td-item3\">\r\n                        <figure class=\"td-slide-galery-figure td-slide-popup-gallery\">\r\n                            <a class=\"slide-gallery-image-link\" href=\"https:\/\/vanderloubet.com.br\/deputado\/wp-content\/uploads\/2019\/04\/blog-2019-04-15-encontro-cut-3.jpg\" title=\"CUT-MS promoveu encontro na Capital\"  data-caption=\"\"  data-description=\"\">\r\n                                <img decoding=\"async\" src=\"https:\/\/vanderloubet.com.br\/deputado\/wp-content\/uploads\/2019\/04\/blog-2019-04-15-encontro-cut-3-630x420.jpg\" srcset=\"https:\/\/vanderloubet.com.br\/deputado\/wp-content\/uploads\/2019\/04\/blog-2019-04-15-encontro-cut-3-630x420.jpg 630w, https:\/\/vanderloubet.com.br\/deputado\/wp-content\/uploads\/2019\/04\/blog-2019-04-15-encontro-cut-3-350x233.jpg 350w, https:\/\/vanderloubet.com.br\/deputado\/wp-content\/uploads\/2019\/04\/blog-2019-04-15-encontro-cut-3-768x512.jpg 768w, https:\/\/vanderloubet.com.br\/deputado\/wp-content\/uploads\/2019\/04\/blog-2019-04-15-encontro-cut-3-700x467.jpg 700w, https:\/\/vanderloubet.com.br\/deputado\/wp-content\/uploads\/2019\/04\/blog-2019-04-15-encontro-cut-3-696x464.jpg 696w, https:\/\/vanderloubet.com.br\/deputado\/wp-content\/uploads\/2019\/04\/blog-2019-04-15-encontro-cut-3.jpg 960w\" sizes=\"(max-width: 630px) 100vw, 630px\" alt=\"\">\r\n                            <\/a>\r\n                            \r\n                        <\/figure>\r\n                    <\/div>\r\n                            <\/div>\r\n                        <\/div>\r\n\r\n                        <div class = \"td-doubleSlider-2\">\r\n                            <div class = \"td-slider\">\r\n                                \r\n                    <div class = \"td-button td-item1\">\r\n                        <div class = \"td-border\"><\/div>\r\n                    <\/div>\r\n                    <div class = \"td-button td-item2\">\r\n                        <div class = \"td-border\"><\/div>\r\n                    <\/div>\r\n                    <div class = \"td-button td-item3\">\r\n                        <div class = \"td-border\"><\/div>\r\n                    <\/div>\r\n                            <\/div>\r\n                        <\/div>\r\n\r\n                    <\/div>\r\n\r\n                <\/div>\r\n                \n<p><strong>Recendo reivindica\u00e7\u00f5es de produtores de leite<\/strong><\/p>\n<p>No dia 16, o colaborador Humberto de Mello Pereira recebeu, em Campo Grande, a visita da zootecnista Carlinda Rezende, moradora do Assentamento Patag\u00f4nia, no munic\u00edpio de Terenos. Atualmente, ela coordena um trabalho de assessoria t\u00e9cnica pelo Servi\u00e7o Nacional de Aprendizagem Rural (Senar) junto a grupos de produtores de leite em todo o estado. Esse trabalho envolve a dissemina\u00e7\u00e3o da experi\u00eancia desenvolvida no Patag\u00f4nia por meio da cooperativa local de produtores de leite.<\/p>\n<p>O objetivo da visita foi estabelecer contato com a assessoria do deputado Vander, tendo em vista a emenda parlamentar destinada ao munic\u00edpio de Corumb\u00e1 para implanta\u00e7\u00e3o de tr\u00eas agroind\u00fastrias de processamento de leite. Um grupo de 15 produtores corumbaenses assistidos pelo Senar aguardam a libera\u00e7\u00e3o da emenda para viabilizar a cadeia produtiva do leite no munic\u00edpio.<\/p>\n\r\n                <style type=\"text\/css\">\r\n                    \r\n                    #tdi_5  .td-doubleSlider-2 .td-item1 {\r\n                        background: url(https:\/\/vanderloubet.com.br\/deputado\/wp-content\/uploads\/2019\/04\/blog-2019-04-16-producao-leite-1-80x60.jpg) 0 0 no-repeat;\r\n                    }\r\n                    #tdi_5  .td-doubleSlider-2 .td-item2 {\r\n                        background: url(https:\/\/vanderloubet.com.br\/deputado\/wp-content\/uploads\/2019\/04\/blog-2019-04-16-producao-leite-2-80x60.jpg) 0 0 no-repeat;\r\n                    }\r\n                <\/style>\r\n\r\n                <div id=\"tdi_5\" class=\"td-gallery td-slide-on-2-columns\">\r\n                    <div class=\"post_td_gallery\">\r\n                        <div class=\"td-gallery-slide-top\">\r\n                           <div class=\"td-gallery-title\"><\/div>\r\n\r\n                            <div class=\"td-gallery-controls-wrapper\">\r\n                                <div class=\"td-gallery-slide-count\"><span class=\"td-gallery-slide-item-focus\">1<\/span> de 2<\/div>\r\n                                <div class=\"td-gallery-slide-prev-next-but\">\r\n                                    <i class = \"td-icon-left doubleSliderPrevButton\"><\/i>\r\n                                    <i class = \"td-icon-right doubleSliderNextButton\"><\/i>\r\n                                <\/div>\r\n                            <\/div>\r\n                        <\/div>\r\n\r\n                        <div class = \"td-doubleSlider-1 \">\r\n                            <div class = \"td-slider\">\r\n                                \r\n                    <div class = \"td-slide-item td-item1\">\r\n                        <figure class=\"td-slide-galery-figure td-slide-popup-gallery\">\r\n                            <a class=\"slide-gallery-image-link\" href=\"https:\/\/vanderloubet.com.br\/deputado\/wp-content\/uploads\/2019\/04\/blog-2019-04-16-producao-leite-1.jpg\" title=\"Reuni\u00e3o tratou de emenda de Vander para agroind\u00fastrias de leite em Corumb\u00e1\"  data-caption=\"\"  data-description=\"Reuni&atilde;o tratou de emenda de Vander para agroind&uacute;strias de leite em Corumb&aacute;\">\r\n                                <img decoding=\"async\" src=\"https:\/\/vanderloubet.com.br\/deputado\/wp-content\/uploads\/2019\/04\/blog-2019-04-16-producao-leite-1-560x420.jpg\" srcset=\"https:\/\/vanderloubet.com.br\/deputado\/wp-content\/uploads\/2019\/04\/blog-2019-04-16-producao-leite-1-560x420.jpg 560w, https:\/\/vanderloubet.com.br\/deputado\/wp-content\/uploads\/2019\/04\/blog-2019-04-16-producao-leite-1-350x263.jpg 350w, https:\/\/vanderloubet.com.br\/deputado\/wp-content\/uploads\/2019\/04\/blog-2019-04-16-producao-leite-1-768x576.jpg 768w, https:\/\/vanderloubet.com.br\/deputado\/wp-content\/uploads\/2019\/04\/blog-2019-04-16-producao-leite-1-700x525.jpg 700w, https:\/\/vanderloubet.com.br\/deputado\/wp-content\/uploads\/2019\/04\/blog-2019-04-16-producao-leite-1-80x60.jpg 80w, https:\/\/vanderloubet.com.br\/deputado\/wp-content\/uploads\/2019\/04\/blog-2019-04-16-producao-leite-1-696x522.jpg 696w, https:\/\/vanderloubet.com.br\/deputado\/wp-content\/uploads\/2019\/04\/blog-2019-04-16-producao-leite-1-265x198.jpg 265w, https:\/\/vanderloubet.com.br\/deputado\/wp-content\/uploads\/2019\/04\/blog-2019-04-16-producao-leite-1.jpg 960w\" sizes=\"(max-width: 560px) 100vw, 560px\" alt=\"Reuni&atilde;o tratou de emenda de Vander para agroind&uacute;strias de leite em Corumb&aacute;\">\r\n                            <\/a>\r\n                            <figcaption class = \"td-slide-caption td-gallery-slide-content\"><span>Reuni\u00e3o tratou de emenda de Vander para agroind\u00fastrias de leite em Corumb\u00e1<\/span><\/figcaption>\r\n                        <\/figure>\r\n                    <\/div>\r\n                    <div class = \"td-slide-item td-item2\">\r\n                        <figure class=\"td-slide-galery-figure td-slide-popup-gallery\">\r\n                            <a class=\"slide-gallery-image-link\" href=\"https:\/\/vanderloubet.com.br\/deputado\/wp-content\/uploads\/2019\/04\/blog-2019-04-16-producao-leite-2.jpg\" title=\"Reuni\u00e3o tratou de emenda de Vander para agroind\u00fastrias de leite em Corumb\u00e1\"  data-caption=\"\"  data-description=\"Reuni&atilde;o tratou de emenda de Vander para agroind&uacute;strias de leite em Corumb&aacute;\">\r\n                                <img decoding=\"async\" src=\"https:\/\/vanderloubet.com.br\/deputado\/wp-content\/uploads\/2019\/04\/blog-2019-04-16-producao-leite-2-560x420.jpg\" srcset=\"https:\/\/vanderloubet.com.br\/deputado\/wp-content\/uploads\/2019\/04\/blog-2019-04-16-producao-leite-2-560x420.jpg 560w, https:\/\/vanderloubet.com.br\/deputado\/wp-content\/uploads\/2019\/04\/blog-2019-04-16-producao-leite-2-350x263.jpg 350w, https:\/\/vanderloubet.com.br\/deputado\/wp-content\/uploads\/2019\/04\/blog-2019-04-16-producao-leite-2-768x576.jpg 768w, https:\/\/vanderloubet.com.br\/deputado\/wp-content\/uploads\/2019\/04\/blog-2019-04-16-producao-leite-2-700x525.jpg 700w, https:\/\/vanderloubet.com.br\/deputado\/wp-content\/uploads\/2019\/04\/blog-2019-04-16-producao-leite-2-80x60.jpg 80w, https:\/\/vanderloubet.com.br\/deputado\/wp-content\/uploads\/2019\/04\/blog-2019-04-16-producao-leite-2-696x522.jpg 696w, https:\/\/vanderloubet.com.br\/deputado\/wp-content\/uploads\/2019\/04\/blog-2019-04-16-producao-leite-2-265x198.jpg 265w, https:\/\/vanderloubet.com.br\/deputado\/wp-content\/uploads\/2019\/04\/blog-2019-04-16-producao-leite-2.jpg 960w\" sizes=\"(max-width: 560px) 100vw, 560px\" alt=\"Reuni&atilde;o tratou de emenda de Vander para agroind&uacute;strias de leite em Corumb&aacute;\">\r\n                            <\/a>\r\n                            <figcaption class = \"td-slide-caption td-gallery-slide-content\"><span>Reuni\u00e3o tratou de emenda de Vander para agroind\u00fastrias de leite em Corumb\u00e1<\/span><\/figcaption>\r\n                        <\/figure>\r\n                    <\/div>\r\n                            <\/div>\r\n                        <\/div>\r\n\r\n                        <div class = \"td-doubleSlider-2\">\r\n                            <div class = \"td-slider\">\r\n                                \r\n                    <div class = \"td-button td-item1\">\r\n                        <div class = \"td-border\"><\/div>\r\n                    <\/div>\r\n                    <div class = \"td-button td-item2\">\r\n                        <div class = \"td-border\"><\/div>\r\n                    <\/div>\r\n                            <\/div>\r\n                        <\/div>\r\n\r\n                    <\/div>\r\n\r\n                <\/div>\r\n                \n<p><strong>Comemora\u00e7\u00f5es pelo Dia do \u00cdndio em Sidrol\u00e2ndia, Dois Irm\u00e3os do Buriti e Aquidauana<\/strong><\/p>\n<p>Nos dias 19 e 20, o assessor Dionedison Terena representou Vander Loubet em festividades pelo Dia do \u00cdndio em aldeias localizadas nos munic\u00edpios de Sidrol\u00e2ndia, Dois Irm\u00e3os do Buriti e Aquidauana. Dionedison compartilhou com seus irm\u00e3os e irm\u00e3s ind\u00edgenas a mensagem do deputado, que parabenizou as comunidades pela luta em defesa da demarca\u00e7\u00e3o de terras e pela manuten\u00e7\u00e3o da Secretaria Especial de Sa\u00fade Ind\u00edgena (SESAI). Al\u00e9m disso, Dionedison reiterou o compromisso de Vander com a popula\u00e7\u00e3o ind\u00edgena de Mato Grosso do Sul.<\/p>\n\r\n                <style type=\"text\/css\">\r\n                    \r\n                    #tdi_6  .td-doubleSlider-2 .td-item1 {\r\n                        background: url(https:\/\/vanderloubet.com.br\/deputado\/wp-content\/uploads\/2019\/04\/blog-2019-04-19-aldeias-1-80x60.jpg) 0 0 no-repeat;\r\n                    }\r\n                    #tdi_6  .td-doubleSlider-2 .td-item2 {\r\n                        background: url(https:\/\/vanderloubet.com.br\/deputado\/wp-content\/uploads\/2019\/04\/blog-2019-04-19-aldeias-2-80x60.jpg) 0 0 no-repeat;\r\n                    }\r\n                    #tdi_6  .td-doubleSlider-2 .td-item3 {\r\n                        background: url(https:\/\/vanderloubet.com.br\/deputado\/wp-content\/uploads\/2019\/04\/blog-2019-04-19-aldeias-3-80x60.jpg) 0 0 no-repeat;\r\n                    }\r\n                    #tdi_6  .td-doubleSlider-2 .td-item4 {\r\n                        background: url(https:\/\/vanderloubet.com.br\/deputado\/wp-content\/uploads\/2019\/04\/blog-2019-04-19-aldeias-4-80x60.jpg) 0 0 no-repeat;\r\n                    }\r\n                    #tdi_6  .td-doubleSlider-2 .td-item5 {\r\n                        background: url(https:\/\/vanderloubet.com.br\/deputado\/wp-content\/uploads\/2019\/04\/blog-2019-04-19-aldeias-5-80x60.jpg) 0 0 no-repeat;\r\n                    }\r\n                    #tdi_6  .td-doubleSlider-2 .td-item6 {\r\n                        background: url(https:\/\/vanderloubet.com.br\/deputado\/wp-content\/uploads\/2019\/04\/blog-2019-04-19-aldeias-6-80x60.jpg) 0 0 no-repeat;\r\n                    }\r\n                    #tdi_6  .td-doubleSlider-2 .td-item7 {\r\n                        background: url(https:\/\/vanderloubet.com.br\/deputado\/wp-content\/uploads\/2019\/04\/blog-2019-04-19-aldeias-7-80x60.jpg) 0 0 no-repeat;\r\n                    }\r\n                    #tdi_6  .td-doubleSlider-2 .td-item8 {\r\n                        background: url(https:\/\/vanderloubet.com.br\/deputado\/wp-content\/uploads\/2019\/04\/blog-2019-04-19-aldeias-8-80x60.jpg) 0 0 no-repeat;\r\n                    }\r\n                    #tdi_6  .td-doubleSlider-2 .td-item9 {\r\n                        background: url(https:\/\/vanderloubet.com.br\/deputado\/wp-content\/uploads\/2019\/04\/blog-2019-04-19-aldeias-9-80x60.jpg) 0 0 no-repeat;\r\n                    }\r\n                    #tdi_6  .td-doubleSlider-2 .td-item10 {\r\n                        background: url(https:\/\/vanderloubet.com.br\/deputado\/wp-content\/uploads\/2019\/04\/blog-2019-04-19-aldeias-10-80x60.jpg) 0 0 no-repeat;\r\n                    }\r\n                    #tdi_6  .td-doubleSlider-2 .td-item11 {\r\n                        background: url(https:\/\/vanderloubet.com.br\/deputado\/wp-content\/uploads\/2019\/04\/blog-2019-04-19-aldeias-11-80x60.jpg) 0 0 no-repeat;\r\n                    }\r\n                    #tdi_6  .td-doubleSlider-2 .td-item12 {\r\n                        background: url(https:\/\/vanderloubet.com.br\/deputado\/wp-content\/uploads\/2019\/04\/blog-2019-04-19-aldeias-12-80x60.jpg) 0 0 no-repeat;\r\n                    }\r\n                    #tdi_6  .td-doubleSlider-2 .td-item13 {\r\n                        background: url(https:\/\/vanderloubet.com.br\/deputado\/wp-content\/uploads\/2019\/04\/blog-2019-04-19-aldeias-13-80x60.jpg) 0 0 no-repeat;\r\n                    }\r\n                    #tdi_6  .td-doubleSlider-2 .td-item14 {\r\n                        background: url(https:\/\/vanderloubet.com.br\/deputado\/wp-content\/uploads\/2019\/04\/blog-2019-04-19-aldeias-14-80x60.jpg) 0 0 no-repeat;\r\n                    }\r\n                    #tdi_6  .td-doubleSlider-2 .td-item15 {\r\n                        background: url(https:\/\/vanderloubet.com.br\/deputado\/wp-content\/uploads\/2019\/04\/blog-2019-04-19-aldeias-15-80x60.jpg) 0 0 no-repeat;\r\n                    }\r\n                    #tdi_6  .td-doubleSlider-2 .td-item16 {\r\n                        background: url(https:\/\/vanderloubet.com.br\/deputado\/wp-content\/uploads\/2019\/04\/blog-2019-04-19-aldeias-16-80x60.jpg) 0 0 no-repeat;\r\n                    }\r\n                    #tdi_6  .td-doubleSlider-2 .td-item17 {\r\n                        background: url(https:\/\/vanderloubet.com.br\/deputado\/wp-content\/uploads\/2019\/04\/blog-2019-04-19-aldeias-17-80x60.jpg) 0 0 no-repeat;\r\n                    }\r\n                    #tdi_6  .td-doubleSlider-2 .td-item18 {\r\n                        background: url(https:\/\/vanderloubet.com.br\/deputado\/wp-content\/uploads\/2019\/04\/blog-2019-04-19-aldeias-18-80x60.jpg) 0 0 no-repeat;\r\n                    }\r\n                    #tdi_6  .td-doubleSlider-2 .td-item19 {\r\n                        background: url(https:\/\/vanderloubet.com.br\/deputado\/wp-content\/uploads\/2019\/04\/blog-2019-04-19-aldeias-19-80x60.jpg) 0 0 no-repeat;\r\n                    }\r\n                    #tdi_6  .td-doubleSlider-2 .td-item20 {\r\n                        background: url(https:\/\/vanderloubet.com.br\/deputado\/wp-content\/uploads\/2019\/04\/blog-2019-04-19-aldeias-20-80x60.jpg) 0 0 no-repeat;\r\n                    }\r\n                    #tdi_6  .td-doubleSlider-2 .td-item21 {\r\n                        background: url(https:\/\/vanderloubet.com.br\/deputado\/wp-content\/uploads\/2019\/04\/blog-2019-04-19-aldeias-21-80x60.jpg) 0 0 no-repeat;\r\n                    }\r\n                    #tdi_6  .td-doubleSlider-2 .td-item22 {\r\n                        background: url(https:\/\/vanderloubet.com.br\/deputado\/wp-content\/uploads\/2019\/04\/blog-2019-04-19-aldeias-22-80x60.jpg) 0 0 no-repeat;\r\n                    }\r\n                <\/style>\r\n\r\n                <div id=\"tdi_6\" class=\"td-gallery td-slide-on-2-columns\">\r\n                    <div class=\"post_td_gallery\">\r\n                        <div class=\"td-gallery-slide-top\">\r\n                           <div class=\"td-gallery-title\"><\/div>\r\n\r\n                            <div class=\"td-gallery-controls-wrapper\">\r\n                                <div class=\"td-gallery-slide-count\"><span class=\"td-gallery-slide-item-focus\">1<\/span> de 22<\/div>\r\n                                <div class=\"td-gallery-slide-prev-next-but\">\r\n                                    <i class = \"td-icon-left doubleSliderPrevButton\"><\/i>\r\n                                    <i class = \"td-icon-right doubleSliderNextButton\"><\/i>\r\n                                <\/div>\r\n                            <\/div>\r\n                        <\/div>\r\n\r\n                        <div class = \"td-doubleSlider-1 \">\r\n                            <div class = \"td-slider\">\r\n                                \r\n                    <div class = \"td-slide-item td-item1\">\r\n                        <figure class=\"td-slide-galery-figure td-slide-popup-gallery\">\r\n                            <a class=\"slide-gallery-image-link\" href=\"https:\/\/vanderloubet.com.br\/deputado\/wp-content\/uploads\/2019\/04\/blog-2019-04-19-aldeias-1.jpg\" title=\"Dionedison representou Vander em festividades pelo Dia do \u00cdndio\"  data-caption=\"\"  data-description=\"Dionedison representou Vander em festividades pelo Dia do &Iacute;ndio\">\r\n                                <img decoding=\"async\" src=\"https:\/\/vanderloubet.com.br\/deputado\/wp-content\/uploads\/2019\/04\/blog-2019-04-19-aldeias-1-560x420.jpg\" srcset=\"https:\/\/vanderloubet.com.br\/deputado\/wp-content\/uploads\/2019\/04\/blog-2019-04-19-aldeias-1-560x420.jpg 560w, https:\/\/vanderloubet.com.br\/deputado\/wp-content\/uploads\/2019\/04\/blog-2019-04-19-aldeias-1-350x263.jpg 350w, https:\/\/vanderloubet.com.br\/deputado\/wp-content\/uploads\/2019\/04\/blog-2019-04-19-aldeias-1-700x525.jpg 700w, https:\/\/vanderloubet.com.br\/deputado\/wp-content\/uploads\/2019\/04\/blog-2019-04-19-aldeias-1-80x60.jpg 80w, https:\/\/vanderloubet.com.br\/deputado\/wp-content\/uploads\/2019\/04\/blog-2019-04-19-aldeias-1-696x522.jpg 696w, https:\/\/vanderloubet.com.br\/deputado\/wp-content\/uploads\/2019\/04\/blog-2019-04-19-aldeias-1-265x198.jpg 265w, https:\/\/vanderloubet.com.br\/deputado\/wp-content\/uploads\/2019\/04\/blog-2019-04-19-aldeias-1.jpg 720w\" sizes=\"(max-width: 560px) 100vw, 560px\" alt=\"Dionedison representou Vander em festividades pelo Dia do &Iacute;ndio\">\r\n                            <\/a>\r\n                            <figcaption class = \"td-slide-caption td-gallery-slide-content\"><span>Dionedison representou Vander em festividades pelo Dia do \u00cdndio<\/span><\/figcaption>\r\n                        <\/figure>\r\n                    <\/div>\r\n                    <div class = \"td-slide-item td-item2\">\r\n                        <figure class=\"td-slide-galery-figure td-slide-popup-gallery\">\r\n                            <a class=\"slide-gallery-image-link\" href=\"https:\/\/vanderloubet.com.br\/deputado\/wp-content\/uploads\/2019\/04\/blog-2019-04-19-aldeias-2.jpg\" title=\"Dionedison representou Vander em festividades pelo Dia do \u00cdndio\"  data-caption=\"\"  data-description=\"Dionedison representou Vander em festividades pelo Dia do &Iacute;ndio\">\r\n                                <img decoding=\"async\" src=\"https:\/\/vanderloubet.com.br\/deputado\/wp-content\/uploads\/2019\/04\/blog-2019-04-19-aldeias-2-560x420.jpg\" srcset=\"https:\/\/vanderloubet.com.br\/deputado\/wp-content\/uploads\/2019\/04\/blog-2019-04-19-aldeias-2-560x420.jpg 560w, https:\/\/vanderloubet.com.br\/deputado\/wp-content\/uploads\/2019\/04\/blog-2019-04-19-aldeias-2-350x263.jpg 350w, https:\/\/vanderloubet.com.br\/deputado\/wp-content\/uploads\/2019\/04\/blog-2019-04-19-aldeias-2-700x525.jpg 700w, https:\/\/vanderloubet.com.br\/deputado\/wp-content\/uploads\/2019\/04\/blog-2019-04-19-aldeias-2-80x60.jpg 80w, https:\/\/vanderloubet.com.br\/deputado\/wp-content\/uploads\/2019\/04\/blog-2019-04-19-aldeias-2-696x522.jpg 696w, https:\/\/vanderloubet.com.br\/deputado\/wp-content\/uploads\/2019\/04\/blog-2019-04-19-aldeias-2-265x198.jpg 265w, https:\/\/vanderloubet.com.br\/deputado\/wp-content\/uploads\/2019\/04\/blog-2019-04-19-aldeias-2.jpg 720w\" sizes=\"(max-width: 560px) 100vw, 560px\" alt=\"Dionedison representou Vander em festividades pelo Dia do &Iacute;ndio\">\r\n                            <\/a>\r\n                            <figcaption class = \"td-slide-caption td-gallery-slide-content\"><span>Dionedison representou Vander em festividades pelo Dia do \u00cdndio<\/span><\/figcaption>\r\n                        <\/figure>\r\n                    <\/div>\r\n                    <div class = \"td-slide-item td-item3\">\r\n                        <figure class=\"td-slide-galery-figure td-slide-popup-gallery\">\r\n                            <a class=\"slide-gallery-image-link\" href=\"https:\/\/vanderloubet.com.br\/deputado\/wp-content\/uploads\/2019\/04\/blog-2019-04-19-aldeias-3.jpg\" title=\"Dionedison representou Vander em festividades pelo Dia do \u00cdndio\"  data-caption=\"\"  data-description=\"Dionedison representou Vander em festividades pelo Dia do &Iacute;ndio\">\r\n                                <img decoding=\"async\" src=\"https:\/\/vanderloubet.com.br\/deputado\/wp-content\/uploads\/2019\/04\/blog-2019-04-19-aldeias-3-560x420.jpg\" srcset=\"https:\/\/vanderloubet.com.br\/deputado\/wp-content\/uploads\/2019\/04\/blog-2019-04-19-aldeias-3-560x420.jpg 560w, https:\/\/vanderloubet.com.br\/deputado\/wp-content\/uploads\/2019\/04\/blog-2019-04-19-aldeias-3-350x263.jpg 350w, https:\/\/vanderloubet.com.br\/deputado\/wp-content\/uploads\/2019\/04\/blog-2019-04-19-aldeias-3-700x525.jpg 700w, https:\/\/vanderloubet.com.br\/deputado\/wp-content\/uploads\/2019\/04\/blog-2019-04-19-aldeias-3-80x60.jpg 80w, https:\/\/vanderloubet.com.br\/deputado\/wp-content\/uploads\/2019\/04\/blog-2019-04-19-aldeias-3-696x522.jpg 696w, https:\/\/vanderloubet.com.br\/deputado\/wp-content\/uploads\/2019\/04\/blog-2019-04-19-aldeias-3-265x198.jpg 265w, https:\/\/vanderloubet.com.br\/deputado\/wp-content\/uploads\/2019\/04\/blog-2019-04-19-aldeias-3.jpg 720w\" sizes=\"(max-width: 560px) 100vw, 560px\" alt=\"Dionedison representou Vander em festividades pelo Dia do &Iacute;ndio\">\r\n                            <\/a>\r\n                            <figcaption class = \"td-slide-caption td-gallery-slide-content\"><span>Dionedison representou Vander em festividades pelo Dia do \u00cdndio<\/span><\/figcaption>\r\n                        <\/figure>\r\n                    <\/div>\r\n                    <div class = \"td-slide-item td-item4\">\r\n                        <figure class=\"td-slide-galery-figure td-slide-popup-gallery\">\r\n                            <a class=\"slide-gallery-image-link\" href=\"https:\/\/vanderloubet.com.br\/deputado\/wp-content\/uploads\/2019\/04\/blog-2019-04-19-aldeias-4.jpg\" title=\"Dionedison representou Vander em festividades pelo Dia do \u00cdndio\"  data-caption=\"\"  data-description=\"Dionedison representou Vander em festividades pelo Dia do &Iacute;ndio\">\r\n                                <img decoding=\"async\" src=\"https:\/\/vanderloubet.com.br\/deputado\/wp-content\/uploads\/2019\/04\/blog-2019-04-19-aldeias-4-560x420.jpg\" srcset=\"https:\/\/vanderloubet.com.br\/deputado\/wp-content\/uploads\/2019\/04\/blog-2019-04-19-aldeias-4-560x420.jpg 560w, https:\/\/vanderloubet.com.br\/deputado\/wp-content\/uploads\/2019\/04\/blog-2019-04-19-aldeias-4-350x263.jpg 350w, https:\/\/vanderloubet.com.br\/deputado\/wp-content\/uploads\/2019\/04\/blog-2019-04-19-aldeias-4-700x525.jpg 700w, https:\/\/vanderloubet.com.br\/deputado\/wp-content\/uploads\/2019\/04\/blog-2019-04-19-aldeias-4-80x60.jpg 80w, https:\/\/vanderloubet.com.br\/deputado\/wp-content\/uploads\/2019\/04\/blog-2019-04-19-aldeias-4-696x522.jpg 696w, https:\/\/vanderloubet.com.br\/deputado\/wp-content\/uploads\/2019\/04\/blog-2019-04-19-aldeias-4-265x198.jpg 265w, https:\/\/vanderloubet.com.br\/deputado\/wp-content\/uploads\/2019\/04\/blog-2019-04-19-aldeias-4.jpg 720w\" sizes=\"(max-width: 560px) 100vw, 560px\" alt=\"Dionedison representou Vander em festividades pelo Dia do &Iacute;ndio\">\r\n                            <\/a>\r\n                            <figcaption class = \"td-slide-caption td-gallery-slide-content\"><span>Dionedison representou Vander em festividades pelo Dia do \u00cdndio<\/span><\/figcaption>\r\n                        <\/figure>\r\n                    <\/div>\r\n                    <div class = \"td-slide-item td-item5\">\r\n                        <figure class=\"td-slide-galery-figure td-slide-popup-gallery\">\r\n                            <a class=\"slide-gallery-image-link\" href=\"https:\/\/vanderloubet.com.br\/deputado\/wp-content\/uploads\/2019\/04\/blog-2019-04-19-aldeias-5.jpg\" title=\"Dionedison representou Vander em festividades pelo Dia do \u00cdndio\"  data-caption=\"\"  data-description=\"Dionedison representou Vander em festividades pelo Dia do &Iacute;ndio\">\r\n                                <img decoding=\"async\" src=\"https:\/\/vanderloubet.com.br\/deputado\/wp-content\/uploads\/2019\/04\/blog-2019-04-19-aldeias-5-560x420.jpg\" srcset=\"https:\/\/vanderloubet.com.br\/deputado\/wp-content\/uploads\/2019\/04\/blog-2019-04-19-aldeias-5-560x420.jpg 560w, https:\/\/vanderloubet.com.br\/deputado\/wp-content\/uploads\/2019\/04\/blog-2019-04-19-aldeias-5-350x263.jpg 350w, https:\/\/vanderloubet.com.br\/deputado\/wp-content\/uploads\/2019\/04\/blog-2019-04-19-aldeias-5-700x525.jpg 700w, https:\/\/vanderloubet.com.br\/deputado\/wp-content\/uploads\/2019\/04\/blog-2019-04-19-aldeias-5-80x60.jpg 80w, https:\/\/vanderloubet.com.br\/deputado\/wp-content\/uploads\/2019\/04\/blog-2019-04-19-aldeias-5-696x522.jpg 696w, https:\/\/vanderloubet.com.br\/deputado\/wp-content\/uploads\/2019\/04\/blog-2019-04-19-aldeias-5-265x198.jpg 265w, https:\/\/vanderloubet.com.br\/deputado\/wp-content\/uploads\/2019\/04\/blog-2019-04-19-aldeias-5.jpg 720w\" sizes=\"(max-width: 560px) 100vw, 560px\" alt=\"Dionedison representou Vander em festividades pelo Dia do &Iacute;ndio\">\r\n                            <\/a>\r\n                            <figcaption class = \"td-slide-caption td-gallery-slide-content\"><span>Dionedison representou Vander em festividades pelo Dia do \u00cdndio<\/span><\/figcaption>\r\n                        <\/figure>\r\n                    <\/div>\r\n                    <div class = \"td-slide-item td-item6\">\r\n                        <figure class=\"td-slide-galery-figure td-slide-popup-gallery\">\r\n                            <a class=\"slide-gallery-image-link\" href=\"https:\/\/vanderloubet.com.br\/deputado\/wp-content\/uploads\/2019\/04\/blog-2019-04-19-aldeias-6.jpg\" title=\"Dionedison representou Vander em festividades pelo Dia do \u00cdndio\"  data-caption=\"\"  data-description=\"Dionedison representou Vander em festividades pelo Dia do &Iacute;ndio\">\r\n                                <img decoding=\"async\" src=\"https:\/\/vanderloubet.com.br\/deputado\/wp-content\/uploads\/2019\/04\/blog-2019-04-19-aldeias-6-560x420.jpg\" srcset=\"https:\/\/vanderloubet.com.br\/deputado\/wp-content\/uploads\/2019\/04\/blog-2019-04-19-aldeias-6-560x420.jpg 560w, https:\/\/vanderloubet.com.br\/deputado\/wp-content\/uploads\/2019\/04\/blog-2019-04-19-aldeias-6-350x263.jpg 350w, https:\/\/vanderloubet.com.br\/deputado\/wp-content\/uploads\/2019\/04\/blog-2019-04-19-aldeias-6-700x525.jpg 700w, https:\/\/vanderloubet.com.br\/deputado\/wp-content\/uploads\/2019\/04\/blog-2019-04-19-aldeias-6-80x60.jpg 80w, https:\/\/vanderloubet.com.br\/deputado\/wp-content\/uploads\/2019\/04\/blog-2019-04-19-aldeias-6-696x522.jpg 696w, https:\/\/vanderloubet.com.br\/deputado\/wp-content\/uploads\/2019\/04\/blog-2019-04-19-aldeias-6-265x198.jpg 265w, https:\/\/vanderloubet.com.br\/deputado\/wp-content\/uploads\/2019\/04\/blog-2019-04-19-aldeias-6.jpg 720w\" sizes=\"(max-width: 560px) 100vw, 560px\" alt=\"Dionedison representou Vander em festividades pelo Dia do &Iacute;ndio\">\r\n                            <\/a>\r\n                            <figcaption class = \"td-slide-caption td-gallery-slide-content\"><span>Dionedison representou Vander em festividades pelo Dia do \u00cdndio<\/span><\/figcaption>\r\n                        <\/figure>\r\n                    <\/div>\r\n                    <div class = \"td-slide-item td-item7\">\r\n                        <figure class=\"td-slide-galery-figure td-slide-popup-gallery\">\r\n                            <a class=\"slide-gallery-image-link\" href=\"https:\/\/vanderloubet.com.br\/deputado\/wp-content\/uploads\/2019\/04\/blog-2019-04-19-aldeias-7.jpg\" title=\"Dionedison representou Vander em festividades pelo Dia do \u00cdndio\"  data-caption=\"\"  data-description=\"Dionedison representou Vander em festividades pelo Dia do &Iacute;ndio\">\r\n                                <img decoding=\"async\" src=\"https:\/\/vanderloubet.com.br\/deputado\/wp-content\/uploads\/2019\/04\/blog-2019-04-19-aldeias-7-560x420.jpg\" srcset=\"https:\/\/vanderloubet.com.br\/deputado\/wp-content\/uploads\/2019\/04\/blog-2019-04-19-aldeias-7-560x420.jpg 560w, https:\/\/vanderloubet.com.br\/deputado\/wp-content\/uploads\/2019\/04\/blog-2019-04-19-aldeias-7-350x263.jpg 350w, https:\/\/vanderloubet.com.br\/deputado\/wp-content\/uploads\/2019\/04\/blog-2019-04-19-aldeias-7-700x525.jpg 700w, https:\/\/vanderloubet.com.br\/deputado\/wp-content\/uploads\/2019\/04\/blog-2019-04-19-aldeias-7-80x60.jpg 80w, https:\/\/vanderloubet.com.br\/deputado\/wp-content\/uploads\/2019\/04\/blog-2019-04-19-aldeias-7-696x522.jpg 696w, https:\/\/vanderloubet.com.br\/deputado\/wp-content\/uploads\/2019\/04\/blog-2019-04-19-aldeias-7-265x198.jpg 265w, https:\/\/vanderloubet.com.br\/deputado\/wp-content\/uploads\/2019\/04\/blog-2019-04-19-aldeias-7.jpg 720w\" sizes=\"(max-width: 560px) 100vw, 560px\" alt=\"Dionedison representou Vander em festividades pelo Dia do &Iacute;ndio\">\r\n                            <\/a>\r\n                            <figcaption class = \"td-slide-caption td-gallery-slide-content\"><span>Dionedison representou Vander em festividades pelo Dia do \u00cdndio<\/span><\/figcaption>\r\n                        <\/figure>\r\n                    <\/div>\r\n                    <div class = \"td-slide-item td-item8\">\r\n                        <figure class=\"td-slide-galery-figure td-slide-popup-gallery\">\r\n                            <a class=\"slide-gallery-image-link\" href=\"https:\/\/vanderloubet.com.br\/deputado\/wp-content\/uploads\/2019\/04\/blog-2019-04-19-aldeias-8.jpg\" title=\"Dionedison representou Vander em festividades pelo Dia do \u00cdndio\"  data-caption=\"\"  data-description=\"Dionedison representou Vander em festividades pelo Dia do &Iacute;ndio\">\r\n                                <img decoding=\"async\" src=\"https:\/\/vanderloubet.com.br\/deputado\/wp-content\/uploads\/2019\/04\/blog-2019-04-19-aldeias-8-560x420.jpg\" srcset=\"https:\/\/vanderloubet.com.br\/deputado\/wp-content\/uploads\/2019\/04\/blog-2019-04-19-aldeias-8-560x420.jpg 560w, https:\/\/vanderloubet.com.br\/deputado\/wp-content\/uploads\/2019\/04\/blog-2019-04-19-aldeias-8-350x263.jpg 350w, https:\/\/vanderloubet.com.br\/deputado\/wp-content\/uploads\/2019\/04\/blog-2019-04-19-aldeias-8-700x525.jpg 700w, https:\/\/vanderloubet.com.br\/deputado\/wp-content\/uploads\/2019\/04\/blog-2019-04-19-aldeias-8-80x60.jpg 80w, https:\/\/vanderloubet.com.br\/deputado\/wp-content\/uploads\/2019\/04\/blog-2019-04-19-aldeias-8-696x522.jpg 696w, https:\/\/vanderloubet.com.br\/deputado\/wp-content\/uploads\/2019\/04\/blog-2019-04-19-aldeias-8-265x198.jpg 265w, https:\/\/vanderloubet.com.br\/deputado\/wp-content\/uploads\/2019\/04\/blog-2019-04-19-aldeias-8.jpg 720w\" sizes=\"(max-width: 560px) 100vw, 560px\" alt=\"Dionedison representou Vander em festividades pelo Dia do &Iacute;ndio\">\r\n                            <\/a>\r\n                            <figcaption class = \"td-slide-caption td-gallery-slide-content\"><span>Dionedison representou Vander em festividades pelo Dia do \u00cdndio<\/span><\/figcaption>\r\n                        <\/figure>\r\n                    <\/div>\r\n                    <div class = \"td-slide-item td-item9\">\r\n                        <figure class=\"td-slide-galery-figure td-slide-popup-gallery\">\r\n                            <a class=\"slide-gallery-image-link\" href=\"https:\/\/vanderloubet.com.br\/deputado\/wp-content\/uploads\/2019\/04\/blog-2019-04-19-aldeias-9.jpg\" title=\"Dionedison representou Vander em festividades pelo Dia do \u00cdndio\"  data-caption=\"\"  data-description=\"Dionedison representou Vander em festividades pelo Dia do &Iacute;ndio\">\r\n                                <img decoding=\"async\" src=\"https:\/\/vanderloubet.com.br\/deputado\/wp-content\/uploads\/2019\/04\/blog-2019-04-19-aldeias-9-560x420.jpg\" srcset=\"https:\/\/vanderloubet.com.br\/deputado\/wp-content\/uploads\/2019\/04\/blog-2019-04-19-aldeias-9-560x420.jpg 560w, https:\/\/vanderloubet.com.br\/deputado\/wp-content\/uploads\/2019\/04\/blog-2019-04-19-aldeias-9-350x263.jpg 350w, https:\/\/vanderloubet.com.br\/deputado\/wp-content\/uploads\/2019\/04\/blog-2019-04-19-aldeias-9-700x525.jpg 700w, https:\/\/vanderloubet.com.br\/deputado\/wp-content\/uploads\/2019\/04\/blog-2019-04-19-aldeias-9-80x60.jpg 80w, https:\/\/vanderloubet.com.br\/deputado\/wp-content\/uploads\/2019\/04\/blog-2019-04-19-aldeias-9-696x522.jpg 696w, https:\/\/vanderloubet.com.br\/deputado\/wp-content\/uploads\/2019\/04\/blog-2019-04-19-aldeias-9-265x198.jpg 265w, https:\/\/vanderloubet.com.br\/deputado\/wp-content\/uploads\/2019\/04\/blog-2019-04-19-aldeias-9.jpg 720w\" sizes=\"(max-width: 560px) 100vw, 560px\" alt=\"Dionedison representou Vander em festividades pelo Dia do &Iacute;ndio\">\r\n                            <\/a>\r\n                            <figcaption class = \"td-slide-caption td-gallery-slide-content\"><span>Dionedison representou Vander em festividades pelo Dia do \u00cdndio<\/span><\/figcaption>\r\n                        <\/figure>\r\n                    <\/div>\r\n                    <div class = \"td-slide-item td-item10\">\r\n                        <figure class=\"td-slide-galery-figure td-slide-popup-gallery\">\r\n                            <a class=\"slide-gallery-image-link\" href=\"https:\/\/vanderloubet.com.br\/deputado\/wp-content\/uploads\/2019\/04\/blog-2019-04-19-aldeias-10.jpg\" title=\"Dionedison representou Vander em festividades pelo Dia do \u00cdndio\"  data-caption=\"\"  data-description=\"Dionedison representou Vander em festividades pelo Dia do &Iacute;ndio\">\r\n                                <img decoding=\"async\" src=\"https:\/\/vanderloubet.com.br\/deputado\/wp-content\/uploads\/2019\/04\/blog-2019-04-19-aldeias-10-560x420.jpg\" srcset=\"https:\/\/vanderloubet.com.br\/deputado\/wp-content\/uploads\/2019\/04\/blog-2019-04-19-aldeias-10-560x420.jpg 560w, https:\/\/vanderloubet.com.br\/deputado\/wp-content\/uploads\/2019\/04\/blog-2019-04-19-aldeias-10-350x263.jpg 350w, https:\/\/vanderloubet.com.br\/deputado\/wp-content\/uploads\/2019\/04\/blog-2019-04-19-aldeias-10-700x525.jpg 700w, https:\/\/vanderloubet.com.br\/deputado\/wp-content\/uploads\/2019\/04\/blog-2019-04-19-aldeias-10-80x60.jpg 80w, https:\/\/vanderloubet.com.br\/deputado\/wp-content\/uploads\/2019\/04\/blog-2019-04-19-aldeias-10-696x522.jpg 696w, https:\/\/vanderloubet.com.br\/deputado\/wp-content\/uploads\/2019\/04\/blog-2019-04-19-aldeias-10-265x198.jpg 265w, https:\/\/vanderloubet.com.br\/deputado\/wp-content\/uploads\/2019\/04\/blog-2019-04-19-aldeias-10.jpg 720w\" sizes=\"(max-width: 560px) 100vw, 560px\" alt=\"Dionedison representou Vander em festividades pelo Dia do &Iacute;ndio\">\r\n                            <\/a>\r\n                            <figcaption class = \"td-slide-caption td-gallery-slide-content\"><span>Dionedison representou Vander em festividades pelo Dia do \u00cdndio<\/span><\/figcaption>\r\n                        <\/figure>\r\n                    <\/div>\r\n                    <div class = \"td-slide-item td-item11\">\r\n                        <figure class=\"td-slide-galery-figure td-slide-popup-gallery\">\r\n                            <a class=\"slide-gallery-image-link\" href=\"https:\/\/vanderloubet.com.br\/deputado\/wp-content\/uploads\/2019\/04\/blog-2019-04-19-aldeias-11.jpg\" title=\"Dionedison representou Vander em festividades pelo Dia do \u00cdndio\"  data-caption=\"\"  data-description=\"Dionedison representou Vander em festividades pelo Dia do &Iacute;ndio\">\r\n                                <img decoding=\"async\" src=\"https:\/\/vanderloubet.com.br\/deputado\/wp-content\/uploads\/2019\/04\/blog-2019-04-19-aldeias-11-560x420.jpg\" srcset=\"https:\/\/vanderloubet.com.br\/deputado\/wp-content\/uploads\/2019\/04\/blog-2019-04-19-aldeias-11-560x420.jpg 560w, https:\/\/vanderloubet.com.br\/deputado\/wp-content\/uploads\/2019\/04\/blog-2019-04-19-aldeias-11-350x263.jpg 350w, https:\/\/vanderloubet.com.br\/deputado\/wp-content\/uploads\/2019\/04\/blog-2019-04-19-aldeias-11-700x525.jpg 700w, https:\/\/vanderloubet.com.br\/deputado\/wp-content\/uploads\/2019\/04\/blog-2019-04-19-aldeias-11-80x60.jpg 80w, https:\/\/vanderloubet.com.br\/deputado\/wp-content\/uploads\/2019\/04\/blog-2019-04-19-aldeias-11-696x522.jpg 696w, https:\/\/vanderloubet.com.br\/deputado\/wp-content\/uploads\/2019\/04\/blog-2019-04-19-aldeias-11-265x198.jpg 265w, https:\/\/vanderloubet.com.br\/deputado\/wp-content\/uploads\/2019\/04\/blog-2019-04-19-aldeias-11.jpg 720w\" sizes=\"(max-width: 560px) 100vw, 560px\" alt=\"Dionedison representou Vander em festividades pelo Dia do &Iacute;ndio\">\r\n                            <\/a>\r\n                            <figcaption class = \"td-slide-caption td-gallery-slide-content\"><span>Dionedison representou Vander em festividades pelo Dia do \u00cdndio<\/span><\/figcaption>\r\n                        <\/figure>\r\n                    <\/div>\r\n                    <div class = \"td-slide-item td-item12\">\r\n                        <figure class=\"td-slide-galery-figure td-slide-popup-gallery\">\r\n                            <a class=\"slide-gallery-image-link\" href=\"https:\/\/vanderloubet.com.br\/deputado\/wp-content\/uploads\/2019\/04\/blog-2019-04-19-aldeias-12.jpg\" title=\"Dionedison representou Vander em festividades pelo Dia do \u00cdndio\"  data-caption=\"\"  data-description=\"Dionedison representou Vander em festividades pelo Dia do &Iacute;ndio\">\r\n                                <img decoding=\"async\" src=\"https:\/\/vanderloubet.com.br\/deputado\/wp-content\/uploads\/2019\/04\/blog-2019-04-19-aldeias-12-560x420.jpg\" srcset=\"https:\/\/vanderloubet.com.br\/deputado\/wp-content\/uploads\/2019\/04\/blog-2019-04-19-aldeias-12-560x420.jpg 560w, https:\/\/vanderloubet.com.br\/deputado\/wp-content\/uploads\/2019\/04\/blog-2019-04-19-aldeias-12-350x263.jpg 350w, https:\/\/vanderloubet.com.br\/deputado\/wp-content\/uploads\/2019\/04\/blog-2019-04-19-aldeias-12-700x525.jpg 700w, https:\/\/vanderloubet.com.br\/deputado\/wp-content\/uploads\/2019\/04\/blog-2019-04-19-aldeias-12-80x60.jpg 80w, https:\/\/vanderloubet.com.br\/deputado\/wp-content\/uploads\/2019\/04\/blog-2019-04-19-aldeias-12-696x522.jpg 696w, https:\/\/vanderloubet.com.br\/deputado\/wp-content\/uploads\/2019\/04\/blog-2019-04-19-aldeias-12-265x198.jpg 265w, https:\/\/vanderloubet.com.br\/deputado\/wp-content\/uploads\/2019\/04\/blog-2019-04-19-aldeias-12.jpg 720w\" sizes=\"(max-width: 560px) 100vw, 560px\" alt=\"Dionedison representou Vander em festividades pelo Dia do &Iacute;ndio\">\r\n                            <\/a>\r\n                            <figcaption class = \"td-slide-caption td-gallery-slide-content\"><span>Dionedison representou Vander em festividades pelo Dia do \u00cdndio<\/span><\/figcaption>\r\n                        <\/figure>\r\n                    <\/div>\r\n                    <div class = \"td-slide-item td-item13\">\r\n                        <figure class=\"td-slide-galery-figure td-slide-popup-gallery\">\r\n                            <a class=\"slide-gallery-image-link\" href=\"https:\/\/vanderloubet.com.br\/deputado\/wp-content\/uploads\/2019\/04\/blog-2019-04-19-aldeias-13.jpg\" title=\"Dionedison representou Vander em festividades pelo Dia do \u00cdndio\"  data-caption=\"\"  data-description=\"Dionedison representou Vander em festividades pelo Dia do &Iacute;ndio\">\r\n                                <img decoding=\"async\" src=\"https:\/\/vanderloubet.com.br\/deputado\/wp-content\/uploads\/2019\/04\/blog-2019-04-19-aldeias-13-560x420.jpg\" srcset=\"https:\/\/vanderloubet.com.br\/deputado\/wp-content\/uploads\/2019\/04\/blog-2019-04-19-aldeias-13-560x420.jpg 560w, https:\/\/vanderloubet.com.br\/deputado\/wp-content\/uploads\/2019\/04\/blog-2019-04-19-aldeias-13-350x263.jpg 350w, https:\/\/vanderloubet.com.br\/deputado\/wp-content\/uploads\/2019\/04\/blog-2019-04-19-aldeias-13-700x525.jpg 700w, https:\/\/vanderloubet.com.br\/deputado\/wp-content\/uploads\/2019\/04\/blog-2019-04-19-aldeias-13-80x60.jpg 80w, https:\/\/vanderloubet.com.br\/deputado\/wp-content\/uploads\/2019\/04\/blog-2019-04-19-aldeias-13-696x522.jpg 696w, https:\/\/vanderloubet.com.br\/deputado\/wp-content\/uploads\/2019\/04\/blog-2019-04-19-aldeias-13-265x198.jpg 265w, https:\/\/vanderloubet.com.br\/deputado\/wp-content\/uploads\/2019\/04\/blog-2019-04-19-aldeias-13.jpg 720w\" sizes=\"(max-width: 560px) 100vw, 560px\" alt=\"Dionedison representou Vander em festividades pelo Dia do &Iacute;ndio\">\r\n                            <\/a>\r\n                            <figcaption class = \"td-slide-caption td-gallery-slide-content\"><span>Dionedison representou Vander em festividades pelo Dia do \u00cdndio<\/span><\/figcaption>\r\n                        <\/figure>\r\n                    <\/div>\r\n                    <div class = \"td-slide-item td-item14\">\r\n                        <figure class=\"td-slide-galery-figure td-slide-popup-gallery\">\r\n                            <a class=\"slide-gallery-image-link\" href=\"https:\/\/vanderloubet.com.br\/deputado\/wp-content\/uploads\/2019\/04\/blog-2019-04-19-aldeias-14.jpg\" title=\"Dionedison representou Vander em festividades pelo Dia do \u00cdndio\"  data-caption=\"\"  data-description=\"Dionedison representou Vander em festividades pelo Dia do &Iacute;ndio\">\r\n                                <img decoding=\"async\" src=\"https:\/\/vanderloubet.com.br\/deputado\/wp-content\/uploads\/2019\/04\/blog-2019-04-19-aldeias-14-560x420.jpg\" srcset=\"https:\/\/vanderloubet.com.br\/deputado\/wp-content\/uploads\/2019\/04\/blog-2019-04-19-aldeias-14-560x420.jpg 560w, https:\/\/vanderloubet.com.br\/deputado\/wp-content\/uploads\/2019\/04\/blog-2019-04-19-aldeias-14-350x263.jpg 350w, https:\/\/vanderloubet.com.br\/deputado\/wp-content\/uploads\/2019\/04\/blog-2019-04-19-aldeias-14-700x525.jpg 700w, https:\/\/vanderloubet.com.br\/deputado\/wp-content\/uploads\/2019\/04\/blog-2019-04-19-aldeias-14-80x60.jpg 80w, https:\/\/vanderloubet.com.br\/deputado\/wp-content\/uploads\/2019\/04\/blog-2019-04-19-aldeias-14-696x522.jpg 696w, https:\/\/vanderloubet.com.br\/deputado\/wp-content\/uploads\/2019\/04\/blog-2019-04-19-aldeias-14-265x198.jpg 265w, https:\/\/vanderloubet.com.br\/deputado\/wp-content\/uploads\/2019\/04\/blog-2019-04-19-aldeias-14.jpg 720w\" sizes=\"(max-width: 560px) 100vw, 560px\" alt=\"Dionedison representou Vander em festividades pelo Dia do &Iacute;ndio\">\r\n                            <\/a>\r\n                            <figcaption class = \"td-slide-caption td-gallery-slide-content\"><span>Dionedison representou Vander em festividades pelo Dia do \u00cdndio<\/span><\/figcaption>\r\n                        <\/figure>\r\n                    <\/div>\r\n                    <div class = \"td-slide-item td-item15\">\r\n                        <figure class=\"td-slide-galery-figure td-slide-popup-gallery\">\r\n                            <a class=\"slide-gallery-image-link\" href=\"https:\/\/vanderloubet.com.br\/deputado\/wp-content\/uploads\/2019\/04\/blog-2019-04-19-aldeias-15.jpg\" title=\"Dionedison representou Vander em festividades pelo Dia do \u00cdndio\"  data-caption=\"\"  data-description=\"Dionedison representou Vander em festividades pelo Dia do &Iacute;ndio\">\r\n                                <img decoding=\"async\" src=\"https:\/\/vanderloubet.com.br\/deputado\/wp-content\/uploads\/2019\/04\/blog-2019-04-19-aldeias-15-560x420.jpg\" srcset=\"https:\/\/vanderloubet.com.br\/deputado\/wp-content\/uploads\/2019\/04\/blog-2019-04-19-aldeias-15-560x420.jpg 560w, https:\/\/vanderloubet.com.br\/deputado\/wp-content\/uploads\/2019\/04\/blog-2019-04-19-aldeias-15-350x263.jpg 350w, https:\/\/vanderloubet.com.br\/deputado\/wp-content\/uploads\/2019\/04\/blog-2019-04-19-aldeias-15-700x525.jpg 700w, https:\/\/vanderloubet.com.br\/deputado\/wp-content\/uploads\/2019\/04\/blog-2019-04-19-aldeias-15-80x60.jpg 80w, https:\/\/vanderloubet.com.br\/deputado\/wp-content\/uploads\/2019\/04\/blog-2019-04-19-aldeias-15-696x522.jpg 696w, https:\/\/vanderloubet.com.br\/deputado\/wp-content\/uploads\/2019\/04\/blog-2019-04-19-aldeias-15-265x198.jpg 265w, https:\/\/vanderloubet.com.br\/deputado\/wp-content\/uploads\/2019\/04\/blog-2019-04-19-aldeias-15.jpg 720w\" sizes=\"(max-width: 560px) 100vw, 560px\" alt=\"Dionedison representou Vander em festividades pelo Dia do &Iacute;ndio\">\r\n                            <\/a>\r\n                            <figcaption class = \"td-slide-caption td-gallery-slide-content\"><span>Dionedison representou Vander em festividades pelo Dia do \u00cdndio<\/span><\/figcaption>\r\n                        <\/figure>\r\n                    <\/div>\r\n                    <div class = \"td-slide-item td-item16\">\r\n                        <figure class=\"td-slide-galery-figure td-slide-popup-gallery\">\r\n                            <a class=\"slide-gallery-image-link\" href=\"https:\/\/vanderloubet.com.br\/deputado\/wp-content\/uploads\/2019\/04\/blog-2019-04-19-aldeias-16.jpg\" title=\"Dionedison representou Vander em festividades pelo Dia do \u00cdndio\"  data-caption=\"\"  data-description=\"Dionedison representou Vander em festividades pelo Dia do &Iacute;ndio\">\r\n                                <img decoding=\"async\" src=\"https:\/\/vanderloubet.com.br\/deputado\/wp-content\/uploads\/2019\/04\/blog-2019-04-19-aldeias-16-560x420.jpg\" srcset=\"https:\/\/vanderloubet.com.br\/deputado\/wp-content\/uploads\/2019\/04\/blog-2019-04-19-aldeias-16-560x420.jpg 560w, https:\/\/vanderloubet.com.br\/deputado\/wp-content\/uploads\/2019\/04\/blog-2019-04-19-aldeias-16-350x263.jpg 350w, https:\/\/vanderloubet.com.br\/deputado\/wp-content\/uploads\/2019\/04\/blog-2019-04-19-aldeias-16-700x525.jpg 700w, https:\/\/vanderloubet.com.br\/deputado\/wp-content\/uploads\/2019\/04\/blog-2019-04-19-aldeias-16-80x60.jpg 80w, https:\/\/vanderloubet.com.br\/deputado\/wp-content\/uploads\/2019\/04\/blog-2019-04-19-aldeias-16-696x522.jpg 696w, https:\/\/vanderloubet.com.br\/deputado\/wp-content\/uploads\/2019\/04\/blog-2019-04-19-aldeias-16-265x198.jpg 265w, https:\/\/vanderloubet.com.br\/deputado\/wp-content\/uploads\/2019\/04\/blog-2019-04-19-aldeias-16.jpg 720w\" sizes=\"(max-width: 560px) 100vw, 560px\" alt=\"Dionedison representou Vander em festividades pelo Dia do &Iacute;ndio\">\r\n                            <\/a>\r\n                            <figcaption class = \"td-slide-caption td-gallery-slide-content\"><span>Dionedison representou Vander em festividades pelo Dia do \u00cdndio<\/span><\/figcaption>\r\n                        <\/figure>\r\n                    <\/div>\r\n                    <div class = \"td-slide-item td-item17\">\r\n                        <figure class=\"td-slide-galery-figure td-slide-popup-gallery\">\r\n                            <a class=\"slide-gallery-image-link\" href=\"https:\/\/vanderloubet.com.br\/deputado\/wp-content\/uploads\/2019\/04\/blog-2019-04-19-aldeias-17.jpg\" title=\"Dionedison representou Vander em festividades pelo Dia do \u00cdndio\"  data-caption=\"\"  data-description=\"Dionedison representou Vander em festividades pelo Dia do &Iacute;ndio\">\r\n                                <img decoding=\"async\" src=\"https:\/\/vanderloubet.com.br\/deputado\/wp-content\/uploads\/2019\/04\/blog-2019-04-19-aldeias-17-560x420.jpg\" srcset=\"https:\/\/vanderloubet.com.br\/deputado\/wp-content\/uploads\/2019\/04\/blog-2019-04-19-aldeias-17-560x420.jpg 560w, https:\/\/vanderloubet.com.br\/deputado\/wp-content\/uploads\/2019\/04\/blog-2019-04-19-aldeias-17-350x263.jpg 350w, https:\/\/vanderloubet.com.br\/deputado\/wp-content\/uploads\/2019\/04\/blog-2019-04-19-aldeias-17-700x525.jpg 700w, https:\/\/vanderloubet.com.br\/deputado\/wp-content\/uploads\/2019\/04\/blog-2019-04-19-aldeias-17-80x60.jpg 80w, https:\/\/vanderloubet.com.br\/deputado\/wp-content\/uploads\/2019\/04\/blog-2019-04-19-aldeias-17-696x522.jpg 696w, https:\/\/vanderloubet.com.br\/deputado\/wp-content\/uploads\/2019\/04\/blog-2019-04-19-aldeias-17-265x198.jpg 265w, https:\/\/vanderloubet.com.br\/deputado\/wp-content\/uploads\/2019\/04\/blog-2019-04-19-aldeias-17.jpg 720w\" sizes=\"(max-width: 560px) 100vw, 560px\" alt=\"Dionedison representou Vander em festividades pelo Dia do &Iacute;ndio\">\r\n                            <\/a>\r\n                            <figcaption class = \"td-slide-caption td-gallery-slide-content\"><span>Dionedison representou Vander em festividades pelo Dia do \u00cdndio<\/span><\/figcaption>\r\n                        <\/figure>\r\n                    <\/div>\r\n                    <div class = \"td-slide-item td-item18\">\r\n                        <figure class=\"td-slide-galery-figure td-slide-popup-gallery\">\r\n                            <a class=\"slide-gallery-image-link\" href=\"https:\/\/vanderloubet.com.br\/deputado\/wp-content\/uploads\/2019\/04\/blog-2019-04-19-aldeias-18.jpg\" title=\"Dionedison representou Vander em festividades pelo Dia do \u00cdndio\"  data-caption=\"\"  data-description=\"Dionedison representou Vander em festividades pelo Dia do &Iacute;ndio\">\r\n                                <img decoding=\"async\" src=\"https:\/\/vanderloubet.com.br\/deputado\/wp-content\/uploads\/2019\/04\/blog-2019-04-19-aldeias-18-560x420.jpg\" srcset=\"https:\/\/vanderloubet.com.br\/deputado\/wp-content\/uploads\/2019\/04\/blog-2019-04-19-aldeias-18-560x420.jpg 560w, https:\/\/vanderloubet.com.br\/deputado\/wp-content\/uploads\/2019\/04\/blog-2019-04-19-aldeias-18-350x263.jpg 350w, https:\/\/vanderloubet.com.br\/deputado\/wp-content\/uploads\/2019\/04\/blog-2019-04-19-aldeias-18-700x525.jpg 700w, https:\/\/vanderloubet.com.br\/deputado\/wp-content\/uploads\/2019\/04\/blog-2019-04-19-aldeias-18-80x60.jpg 80w, https:\/\/vanderloubet.com.br\/deputado\/wp-content\/uploads\/2019\/04\/blog-2019-04-19-aldeias-18-696x522.jpg 696w, https:\/\/vanderloubet.com.br\/deputado\/wp-content\/uploads\/2019\/04\/blog-2019-04-19-aldeias-18-265x198.jpg 265w, https:\/\/vanderloubet.com.br\/deputado\/wp-content\/uploads\/2019\/04\/blog-2019-04-19-aldeias-18.jpg 720w\" sizes=\"(max-width: 560px) 100vw, 560px\" alt=\"Dionedison representou Vander em festividades pelo Dia do &Iacute;ndio\">\r\n                            <\/a>\r\n                            <figcaption class = \"td-slide-caption td-gallery-slide-content\"><span>Dionedison representou Vander em festividades pelo Dia do \u00cdndio<\/span><\/figcaption>\r\n                        <\/figure>\r\n                    <\/div>\r\n                    <div class = \"td-slide-item td-item19\">\r\n                        <figure class=\"td-slide-galery-figure td-slide-popup-gallery\">\r\n                            <a class=\"slide-gallery-image-link\" href=\"https:\/\/vanderloubet.com.br\/deputado\/wp-content\/uploads\/2019\/04\/blog-2019-04-19-aldeias-19.jpg\" title=\"Dionedison representou Vander em festividades pelo Dia do \u00cdndio\"  data-caption=\"\"  data-description=\"Dionedison representou Vander em festividades pelo Dia do &Iacute;ndio\">\r\n                                <img decoding=\"async\" src=\"https:\/\/vanderloubet.com.br\/deputado\/wp-content\/uploads\/2019\/04\/blog-2019-04-19-aldeias-19-560x420.jpg\" srcset=\"https:\/\/vanderloubet.com.br\/deputado\/wp-content\/uploads\/2019\/04\/blog-2019-04-19-aldeias-19-560x420.jpg 560w, https:\/\/vanderloubet.com.br\/deputado\/wp-content\/uploads\/2019\/04\/blog-2019-04-19-aldeias-19-350x263.jpg 350w, https:\/\/vanderloubet.com.br\/deputado\/wp-content\/uploads\/2019\/04\/blog-2019-04-19-aldeias-19-700x525.jpg 700w, https:\/\/vanderloubet.com.br\/deputado\/wp-content\/uploads\/2019\/04\/blog-2019-04-19-aldeias-19-80x60.jpg 80w, https:\/\/vanderloubet.com.br\/deputado\/wp-content\/uploads\/2019\/04\/blog-2019-04-19-aldeias-19-696x522.jpg 696w, https:\/\/vanderloubet.com.br\/deputado\/wp-content\/uploads\/2019\/04\/blog-2019-04-19-aldeias-19-265x198.jpg 265w, https:\/\/vanderloubet.com.br\/deputado\/wp-content\/uploads\/2019\/04\/blog-2019-04-19-aldeias-19.jpg 720w\" sizes=\"(max-width: 560px) 100vw, 560px\" alt=\"Dionedison representou Vander em festividades pelo Dia do &Iacute;ndio\">\r\n                            <\/a>\r\n                            <figcaption class = \"td-slide-caption td-gallery-slide-content\"><span>Dionedison representou Vander em festividades pelo Dia do \u00cdndio<\/span><\/figcaption>\r\n                        <\/figure>\r\n                    <\/div>\r\n                    <div class = \"td-slide-item td-item20\">\r\n                        <figure class=\"td-slide-galery-figure td-slide-popup-gallery\">\r\n                            <a class=\"slide-gallery-image-link\" href=\"https:\/\/vanderloubet.com.br\/deputado\/wp-content\/uploads\/2019\/04\/blog-2019-04-19-aldeias-20.jpg\" title=\"Dionedison representou Vander em festividades pelo Dia do \u00cdndio\"  data-caption=\"\"  data-description=\"Dionedison representou Vander em festividades pelo Dia do &Iacute;ndio\">\r\n                                <img decoding=\"async\" src=\"https:\/\/vanderloubet.com.br\/deputado\/wp-content\/uploads\/2019\/04\/blog-2019-04-19-aldeias-20-560x420.jpg\" srcset=\"https:\/\/vanderloubet.com.br\/deputado\/wp-content\/uploads\/2019\/04\/blog-2019-04-19-aldeias-20-560x420.jpg 560w, https:\/\/vanderloubet.com.br\/deputado\/wp-content\/uploads\/2019\/04\/blog-2019-04-19-aldeias-20-350x263.jpg 350w, https:\/\/vanderloubet.com.br\/deputado\/wp-content\/uploads\/2019\/04\/blog-2019-04-19-aldeias-20-700x525.jpg 700w, https:\/\/vanderloubet.com.br\/deputado\/wp-content\/uploads\/2019\/04\/blog-2019-04-19-aldeias-20-80x60.jpg 80w, https:\/\/vanderloubet.com.br\/deputado\/wp-content\/uploads\/2019\/04\/blog-2019-04-19-aldeias-20-696x522.jpg 696w, https:\/\/vanderloubet.com.br\/deputado\/wp-content\/uploads\/2019\/04\/blog-2019-04-19-aldeias-20-265x198.jpg 265w, https:\/\/vanderloubet.com.br\/deputado\/wp-content\/uploads\/2019\/04\/blog-2019-04-19-aldeias-20.jpg 720w\" sizes=\"(max-width: 560px) 100vw, 560px\" alt=\"Dionedison representou Vander em festividades pelo Dia do &Iacute;ndio\">\r\n                            <\/a>\r\n                            <figcaption class = \"td-slide-caption td-gallery-slide-content\"><span>Dionedison representou Vander em festividades pelo Dia do \u00cdndio<\/span><\/figcaption>\r\n                        <\/figure>\r\n                    <\/div>\r\n                    <div class = \"td-slide-item td-item21\">\r\n                        <figure class=\"td-slide-galery-figure td-slide-popup-gallery\">\r\n                            <a class=\"slide-gallery-image-link\" href=\"https:\/\/vanderloubet.com.br\/deputado\/wp-content\/uploads\/2019\/04\/blog-2019-04-19-aldeias-21.jpg\" title=\"Dionedison representou Vander em festividades pelo Dia do \u00cdndio\"  data-caption=\"\"  data-description=\"Dionedison representou Vander em festividades pelo Dia do &Iacute;ndio\">\r\n                                <img decoding=\"async\" src=\"https:\/\/vanderloubet.com.br\/deputado\/wp-content\/uploads\/2019\/04\/blog-2019-04-19-aldeias-21-560x420.jpg\" srcset=\"https:\/\/vanderloubet.com.br\/deputado\/wp-content\/uploads\/2019\/04\/blog-2019-04-19-aldeias-21-560x420.jpg 560w, https:\/\/vanderloubet.com.br\/deputado\/wp-content\/uploads\/2019\/04\/blog-2019-04-19-aldeias-21-350x263.jpg 350w, https:\/\/vanderloubet.com.br\/deputado\/wp-content\/uploads\/2019\/04\/blog-2019-04-19-aldeias-21-700x525.jpg 700w, https:\/\/vanderloubet.com.br\/deputado\/wp-content\/uploads\/2019\/04\/blog-2019-04-19-aldeias-21-80x60.jpg 80w, https:\/\/vanderloubet.com.br\/deputado\/wp-content\/uploads\/2019\/04\/blog-2019-04-19-aldeias-21-696x522.jpg 696w, https:\/\/vanderloubet.com.br\/deputado\/wp-content\/uploads\/2019\/04\/blog-2019-04-19-aldeias-21-265x198.jpg 265w, https:\/\/vanderloubet.com.br\/deputado\/wp-content\/uploads\/2019\/04\/blog-2019-04-19-aldeias-21.jpg 720w\" sizes=\"(max-width: 560px) 100vw, 560px\" alt=\"Dionedison representou Vander em festividades pelo Dia do &Iacute;ndio\">\r\n                            <\/a>\r\n                            <figcaption class = \"td-slide-caption td-gallery-slide-content\"><span>Dionedison representou Vander em festividades pelo Dia do \u00cdndio<\/span><\/figcaption>\r\n                        <\/figure>\r\n                    <\/div>\r\n                    <div class = \"td-slide-item td-item22\">\r\n                        <figure class=\"td-slide-galery-figure td-slide-popup-gallery\">\r\n                            <a class=\"slide-gallery-image-link\" href=\"https:\/\/vanderloubet.com.br\/deputado\/wp-content\/uploads\/2019\/04\/blog-2019-04-19-aldeias-22.jpg\" title=\"Dionedison representou Vander em festividades pelo Dia do \u00cdndio\"  data-caption=\"\"  data-description=\"\">\r\n                                <img decoding=\"async\" src=\"https:\/\/vanderloubet.com.br\/deputado\/wp-content\/uploads\/2019\/04\/blog-2019-04-19-aldeias-22-560x420.jpg\" srcset=\"https:\/\/vanderloubet.com.br\/deputado\/wp-content\/uploads\/2019\/04\/blog-2019-04-19-aldeias-22-560x420.jpg 560w, https:\/\/vanderloubet.com.br\/deputado\/wp-content\/uploads\/2019\/04\/blog-2019-04-19-aldeias-22-350x263.jpg 350w, https:\/\/vanderloubet.com.br\/deputado\/wp-content\/uploads\/2019\/04\/blog-2019-04-19-aldeias-22-700x525.jpg 700w, https:\/\/vanderloubet.com.br\/deputado\/wp-content\/uploads\/2019\/04\/blog-2019-04-19-aldeias-22-80x60.jpg 80w, https:\/\/vanderloubet.com.br\/deputado\/wp-content\/uploads\/2019\/04\/blog-2019-04-19-aldeias-22-696x522.jpg 696w, https:\/\/vanderloubet.com.br\/deputado\/wp-content\/uploads\/2019\/04\/blog-2019-04-19-aldeias-22-265x198.jpg 265w, https:\/\/vanderloubet.com.br\/deputado\/wp-content\/uploads\/2019\/04\/blog-2019-04-19-aldeias-22.jpg 720w\" sizes=\"(max-width: 560px) 100vw, 560px\" alt=\"\">\r\n                            <\/a>\r\n                            \r\n                        <\/figure>\r\n                    <\/div>\r\n                            <\/div>\r\n                        <\/div>\r\n\r\n                        <div class = \"td-doubleSlider-2\">\r\n                            <div class = \"td-slider\">\r\n                                \r\n                    <div class = \"td-button td-item1\">\r\n                        <div class = \"td-border\"><\/div>\r\n                    <\/div>\r\n                    <div class = \"td-button td-item2\">\r\n                        <div class = \"td-border\"><\/div>\r\n                    <\/div>\r\n                    <div class = \"td-button td-item3\">\r\n                        <div class = \"td-border\"><\/div>\r\n                    <\/div>\r\n                    <div class = \"td-button td-item4\">\r\n                        <div class = \"td-border\"><\/div>\r\n                    <\/div>\r\n                    <div class = \"td-button td-item5\">\r\n                        <div class = \"td-border\"><\/div>\r\n                    <\/div>\r\n                    <div class = \"td-button td-item6\">\r\n                        <div class = \"td-border\"><\/div>\r\n                    <\/div>\r\n                    <div class = \"td-button td-item7\">\r\n                        <div class = \"td-border\"><\/div>\r\n                    <\/div>\r\n                    <div class = \"td-button td-item8\">\r\n                        <div class = \"td-border\"><\/div>\r\n                    <\/div>\r\n                    <div class = \"td-button td-item9\">\r\n                        <div class = \"td-border\"><\/div>\r\n                    <\/div>\r\n                    <div class = \"td-button td-item10\">\r\n                        <div class = \"td-border\"><\/div>\r\n                    <\/div>\r\n                    <div class = \"td-button td-item11\">\r\n                        <div class = \"td-border\"><\/div>\r\n                    <\/div>\r\n                    <div class = \"td-button td-item12\">\r\n                        <div class = \"td-border\"><\/div>\r\n                    <\/div>\r\n                    <div class = \"td-button td-item13\">\r\n                        <div class = \"td-border\"><\/div>\r\n                    <\/div>\r\n                    <div class = \"td-button td-item14\">\r\n                        <div class = \"td-border\"><\/div>\r\n                    <\/div>\r\n                    <div class = \"td-button td-item15\">\r\n                        <div class = \"td-border\"><\/div>\r\n                    <\/div>\r\n                    <div class = \"td-button td-item16\">\r\n                        <div class = \"td-border\"><\/div>\r\n                    <\/div>\r\n                    <div class = \"td-button td-item17\">\r\n                        <div class = \"td-border\"><\/div>\r\n                    <\/div>\r\n                    <div class = \"td-button td-item18\">\r\n                        <div class = \"td-border\"><\/div>\r\n                    <\/div>\r\n                    <div class = \"td-button td-item19\">\r\n                        <div class = \"td-border\"><\/div>\r\n                    <\/div>\r\n                    <div class = \"td-button td-item20\">\r\n                        <div class = \"td-border\"><\/div>\r\n                    <\/div>\r\n                    <div class = \"td-button td-item21\">\r\n                        <div class = \"td-border\"><\/div>\r\n                    <\/div>\r\n                    <div class = \"td-button td-item22\">\r\n                        <div class = \"td-border\"><\/div>\r\n                    <\/div>\r\n                            <\/div>\r\n                        <\/div>\r\n\r\n                    <\/div>\r\n\r\n                <\/div>\r\n                \n<p><em>(\u00c9der F. Yanaguita \u2013 Ascom\/Dep. Vander Loubet)<\/em><\/p>\n","protected":false},"excerpt":{"rendered":"<p>Confira os destaques do trabalho da assessoria parlamentar do deputado federal Vander Loubet na Capital e no interior de Mato Grosso do Sul.<\/p>\n","protected":false},"author":2,"featured_media":14896,"comment_status":"closed","ping_status":"closed","sticky":false,"template":"","format":"video","meta":{"jetpack_post_was_ever_published":false,"_jetpack_newsletter_access":"","_jetpack_dont_email_post_to_subs":false,"_jetpack_newsletter_tier_id":0,"_jetpack_memberships_contains_paywalled_content":false,"_jetpack_memberships_contains_paid_content":false,"footnotes":""},"categories":[2101,10,12],"tags":[2132,2373,199,2309,2305],"class_list":{"0":"post-15290","1":"post","2":"type-post","3":"status-publish","4":"format-video","5":"has-post-thumbnail","7":"category-multimidia","8":"category-noticias","9":"category-videos","10":"tag-agricultura-familiar","11":"tag-aldeia-indigena","12":"tag-assistencia-social","13":"tag-desenvolvimento-economico","14":"tag-esporte-e-lazer","15":"post_format-post-format-video"},"yoast_head":"<!-- This site is optimized with the Yoast SEO plugin v27.4 - https:\/\/yoast.com\/product\/yoast-seo-wordpress\/ -->\n<title>Boletim \u201cMandato em Movimento\u201d (N\u00ba 2)<\/title>\n<meta name=\"description\" content=\"Confira os destaques do trabalho da assessoria parlamentar do deputado federal Vander Loubet na Capital e no interior de Mato Grosso do Sul.\" \/>\n<meta name=\"robots\" content=\"index, follow, max-snippet:-1, max-image-preview:large, max-video-preview:-1\" \/>\n<link rel=\"canonical\" href=\"https:\/\/vanderloubet.com.br\/deputado\/boletim-mandato-em-movimento-2\/\" \/>\n<meta property=\"og:locale\" content=\"pt_BR\" \/>\n<meta property=\"og:type\" content=\"article\" \/>\n<meta property=\"og:title\" content=\"Boletim \u201cMandato em Movimento\u201d (N\u00ba 2)\" \/>\n<meta property=\"og:description\" content=\"Confira os destaques do trabalho da assessoria parlamentar do deputado federal Vander Loubet na Capital e no interior de Mato Grosso do Sul.\" \/>\n<meta property=\"og:url\" content=\"https:\/\/vanderloubet.com.br\/deputado\/boletim-mandato-em-movimento-2\/\" \/>\n<meta property=\"og:site_name\" content=\"Deputado Federal Vander Loubet\" \/>\n<meta property=\"article:publisher\" content=\"https:\/\/facebook.com\/deputadovander\" \/>\n<meta property=\"article:published_time\" content=\"2019-04-22T22:43:22+00:00\" \/>\n<meta property=\"article:modified_time\" content=\"2019-04-24T01:36:15+00:00\" \/>\n<meta property=\"og:image\" content=\"https:\/\/vanderloubet.com.br\/deputado\/wp-content\/uploads\/2019\/04\/mandato-em-movimento-1280x720.jpg\" \/>\n\t<meta property=\"og:image:width\" content=\"1280\" \/>\n\t<meta property=\"og:image:height\" content=\"720\" \/>\n\t<meta property=\"og:image:type\" content=\"image\/jpeg\" \/>\n<meta name=\"author\" content=\"\u00c9der\" \/>\n<meta name=\"twitter:card\" content=\"summary_large_image\" \/>\n<meta name=\"twitter:creator\" content=\"@vanderloubet\" \/>\n<meta name=\"twitter:site\" content=\"@vanderloubet\" \/>\n<script type=\"application\/ld+json\" class=\"yoast-schema-graph\">{\"@context\":\"https:\\\/\\\/schema.org\",\"@graph\":[{\"@type\":\"Article\",\"@id\":\"https:\\\/\\\/vanderloubet.com.br\\\/deputado\\\/boletim-mandato-em-movimento-2\\\/#article\",\"isPartOf\":{\"@id\":\"https:\\\/\\\/vanderloubet.com.br\\\/deputado\\\/boletim-mandato-em-movimento-2\\\/\"},\"author\":{\"name\":\"\u00c9der\",\"@id\":\"https:\\\/\\\/vanderloubet.com.br\\\/deputado\\\/#\\\/schema\\\/person\\\/15b51bd564532a8a68d9dec1b8eb890e\"},\"headline\":\"Boletim \u201cMandato em Movimento\u201d (N\u00ba 2)\",\"datePublished\":\"2019-04-22T22:43:22+00:00\",\"dateModified\":\"2019-04-24T01:36:15+00:00\",\"mainEntityOfPage\":{\"@id\":\"https:\\\/\\\/vanderloubet.com.br\\\/deputado\\\/boletim-mandato-em-movimento-2\\\/\"},\"wordCount\":431,\"publisher\":{\"@id\":\"https:\\\/\\\/vanderloubet.com.br\\\/deputado\\\/#organization\"},\"image\":{\"@id\":\"https:\\\/\\\/vanderloubet.com.br\\\/deputado\\\/boletim-mandato-em-movimento-2\\\/#primaryimage\"},\"thumbnailUrl\":\"https:\\\/\\\/vanderloubet.com.br\\\/deputado\\\/wp-content\\\/uploads\\\/2019\\\/04\\\/mandato-em-movimento-1280x720.jpg\",\"keywords\":[\"agricultura familiar\",\"aldeia ind\u00edgena\",\"assist\u00eancia social\",\"desenvolvimento econ\u00f4mico\",\"esporte e lazer\"],\"articleSection\":[\"Multim\u00eddia\",\"Not\u00edcias\",\"V\u00eddeos\"],\"inLanguage\":\"pt-BR\"},{\"@type\":\"WebPage\",\"@id\":\"https:\\\/\\\/vanderloubet.com.br\\\/deputado\\\/boletim-mandato-em-movimento-2\\\/\",\"url\":\"https:\\\/\\\/vanderloubet.com.br\\\/deputado\\\/boletim-mandato-em-movimento-2\\\/\",\"name\":\"Boletim \u201cMandato em Movimento\u201d (N\u00ba 2)\",\"isPartOf\":{\"@id\":\"https:\\\/\\\/vanderloubet.com.br\\\/deputado\\\/#website\"},\"primaryImageOfPage\":{\"@id\":\"https:\\\/\\\/vanderloubet.com.br\\\/deputado\\\/boletim-mandato-em-movimento-2\\\/#primaryimage\"},\"image\":{\"@id\":\"https:\\\/\\\/vanderloubet.com.br\\\/deputado\\\/boletim-mandato-em-movimento-2\\\/#primaryimage\"},\"thumbnailUrl\":\"https:\\\/\\\/vanderloubet.com.br\\\/deputado\\\/wp-content\\\/uploads\\\/2019\\\/04\\\/mandato-em-movimento-1280x720.jpg\",\"datePublished\":\"2019-04-22T22:43:22+00:00\",\"dateModified\":\"2019-04-24T01:36:15+00:00\",\"description\":\"Confira os destaques do trabalho da assessoria parlamentar do deputado federal Vander Loubet na Capital e no interior de Mato Grosso do Sul.\",\"breadcrumb\":{\"@id\":\"https:\\\/\\\/vanderloubet.com.br\\\/deputado\\\/boletim-mandato-em-movimento-2\\\/#breadcrumb\"},\"inLanguage\":\"pt-BR\",\"potentialAction\":[{\"@type\":\"ReadAction\",\"target\":[\"https:\\\/\\\/vanderloubet.com.br\\\/deputado\\\/boletim-mandato-em-movimento-2\\\/\"]}]},{\"@type\":\"ImageObject\",\"inLanguage\":\"pt-BR\",\"@id\":\"https:\\\/\\\/vanderloubet.com.br\\\/deputado\\\/boletim-mandato-em-movimento-2\\\/#primaryimage\",\"url\":\"https:\\\/\\\/vanderloubet.com.br\\\/deputado\\\/wp-content\\\/uploads\\\/2019\\\/04\\\/mandato-em-movimento-1280x720.jpg\",\"contentUrl\":\"https:\\\/\\\/vanderloubet.com.br\\\/deputado\\\/wp-content\\\/uploads\\\/2019\\\/04\\\/mandato-em-movimento-1280x720.jpg\",\"width\":1280,\"height\":720,\"caption\":\"Mandato em Movimento - Deputado Federal Vander Loubet\"},{\"@type\":\"BreadcrumbList\",\"@id\":\"https:\\\/\\\/vanderloubet.com.br\\\/deputado\\\/boletim-mandato-em-movimento-2\\\/#breadcrumb\",\"itemListElement\":[{\"@type\":\"ListItem\",\"position\":1,\"name\":\"In\u00edcio\",\"item\":\"https:\\\/\\\/vanderloubet.com.br\\\/deputado\\\/\"},{\"@type\":\"ListItem\",\"position\":2,\"name\":\"Boletim \u201cMandato em Movimento\u201d (N\u00ba 2)\"}]},{\"@type\":\"WebSite\",\"@id\":\"https:\\\/\\\/vanderloubet.com.br\\\/deputado\\\/#website\",\"url\":\"https:\\\/\\\/vanderloubet.com.br\\\/deputado\\\/\",\"name\":\"Deputado Federal Vander Loubet\",\"description\":\"O Federal de MS\",\"publisher\":{\"@id\":\"https:\\\/\\\/vanderloubet.com.br\\\/deputado\\\/#organization\"},\"alternateName\":\"Deputado Vander\",\"potentialAction\":[{\"@type\":\"SearchAction\",\"target\":{\"@type\":\"EntryPoint\",\"urlTemplate\":\"https:\\\/\\\/vanderloubet.com.br\\\/deputado\\\/?s={search_term_string}\"},\"query-input\":{\"@type\":\"PropertyValueSpecification\",\"valueRequired\":true,\"valueName\":\"search_term_string\"}}],\"inLanguage\":\"pt-BR\"},{\"@type\":\"Organization\",\"@id\":\"https:\\\/\\\/vanderloubet.com.br\\\/deputado\\\/#organization\",\"name\":\"Deputado Federal Vander Loubet\",\"alternateName\":\"Deputado Vander\",\"url\":\"https:\\\/\\\/vanderloubet.com.br\\\/deputado\\\/\",\"logo\":{\"@type\":\"ImageObject\",\"inLanguage\":\"pt-BR\",\"@id\":\"https:\\\/\\\/vanderloubet.com.br\\\/deputado\\\/#\\\/schema\\\/logo\\\/image\\\/\",\"url\":\"https:\\\/\\\/vanderloubet.com.br\\\/deputado\\\/wp-content\\\/uploads\\\/2023\\\/06\\\/foto-2023-06-19-mandato-deputado-vander.jpg\",\"contentUrl\":\"https:\\\/\\\/vanderloubet.com.br\\\/deputado\\\/wp-content\\\/uploads\\\/2023\\\/06\\\/foto-2023-06-19-mandato-deputado-vander.jpg\",\"width\":1080,\"height\":1080,\"caption\":\"Deputado Federal Vander Loubet\"},\"image\":{\"@id\":\"https:\\\/\\\/vanderloubet.com.br\\\/deputado\\\/#\\\/schema\\\/logo\\\/image\\\/\"},\"sameAs\":[\"https:\\\/\\\/facebook.com\\\/deputadovander\",\"https:\\\/\\\/x.com\\\/vanderloubet\",\"https:\\\/\\\/instagram.com\\\/vanderloubet\",\"https:\\\/\\\/youtube.com\\\/vanderloubet\",\"https:\\\/\\\/tiktok.com\\\/@vanderloubetms\"]},{\"@type\":\"Person\",\"@id\":\"https:\\\/\\\/vanderloubet.com.br\\\/deputado\\\/#\\\/schema\\\/person\\\/15b51bd564532a8a68d9dec1b8eb890e\",\"name\":\"\u00c9der\",\"image\":{\"@type\":\"ImageObject\",\"inLanguage\":\"pt-BR\",\"@id\":\"https:\\\/\\\/vanderloubet.com.br\\\/deputado\\\/wp-content\\\/litespeed\\\/avatar\\\/88ca4090d9d5ab1c9495f6ca03b68efa.jpg?ver=1777058957\",\"url\":\"https:\\\/\\\/vanderloubet.com.br\\\/deputado\\\/wp-content\\\/litespeed\\\/avatar\\\/88ca4090d9d5ab1c9495f6ca03b68efa.jpg?ver=1777058957\",\"contentUrl\":\"https:\\\/\\\/vanderloubet.com.br\\\/deputado\\\/wp-content\\\/litespeed\\\/avatar\\\/88ca4090d9d5ab1c9495f6ca03b68efa.jpg?ver=1777058957\",\"caption\":\"\u00c9der\"}}]}<\/script>\n<!-- \/ Yoast SEO plugin. -->","yoast_head_json":{"title":"Boletim \u201cMandato em Movimento\u201d (N\u00ba 2)","description":"Confira os destaques do trabalho da assessoria parlamentar do deputado federal Vander Loubet na Capital e no interior de Mato Grosso do Sul.","robots":{"index":"index","follow":"follow","max-snippet":"max-snippet:-1","max-image-preview":"max-image-preview:large","max-video-preview":"max-video-preview:-1"},"canonical":"https:\/\/vanderloubet.com.br\/deputado\/boletim-mandato-em-movimento-2\/","og_locale":"pt_BR","og_type":"article","og_title":"Boletim \u201cMandato em Movimento\u201d (N\u00ba 2)","og_description":"Confira os destaques do trabalho da assessoria parlamentar do deputado federal Vander Loubet na Capital e no interior de Mato Grosso do Sul.","og_url":"https:\/\/vanderloubet.com.br\/deputado\/boletim-mandato-em-movimento-2\/","og_site_name":"Deputado Federal Vander Loubet","article_publisher":"https:\/\/facebook.com\/deputadovander","article_published_time":"2019-04-22T22:43:22+00:00","article_modified_time":"2019-04-24T01:36:15+00:00","og_image":[{"width":1280,"height":720,"url":"https:\/\/vanderloubet.com.br\/deputado\/wp-content\/uploads\/2019\/04\/mandato-em-movimento-1280x720.jpg","type":"image\/jpeg"}],"author":"\u00c9der","twitter_card":"summary_large_image","twitter_creator":"@vanderloubet","twitter_site":"@vanderloubet","schema":{"@context":"https:\/\/schema.org","@graph":[{"@type":"Article","@id":"https:\/\/vanderloubet.com.br\/deputado\/boletim-mandato-em-movimento-2\/#article","isPartOf":{"@id":"https:\/\/vanderloubet.com.br\/deputado\/boletim-mandato-em-movimento-2\/"},"author":{"name":"\u00c9der","@id":"https:\/\/vanderloubet.com.br\/deputado\/#\/schema\/person\/15b51bd564532a8a68d9dec1b8eb890e"},"headline":"Boletim \u201cMandato em Movimento\u201d (N\u00ba 2)","datePublished":"2019-04-22T22:43:22+00:00","dateModified":"2019-04-24T01:36:15+00:00","mainEntityOfPage":{"@id":"https:\/\/vanderloubet.com.br\/deputado\/boletim-mandato-em-movimento-2\/"},"wordCount":431,"publisher":{"@id":"https:\/\/vanderloubet.com.br\/deputado\/#organization"},"image":{"@id":"https:\/\/vanderloubet.com.br\/deputado\/boletim-mandato-em-movimento-2\/#primaryimage"},"thumbnailUrl":"https:\/\/vanderloubet.com.br\/deputado\/wp-content\/uploads\/2019\/04\/mandato-em-movimento-1280x720.jpg","keywords":["agricultura familiar","aldeia ind\u00edgena","assist\u00eancia social","desenvolvimento econ\u00f4mico","esporte e lazer"],"articleSection":["Multim\u00eddia","Not\u00edcias","V\u00eddeos"],"inLanguage":"pt-BR"},{"@type":"WebPage","@id":"https:\/\/vanderloubet.com.br\/deputado\/boletim-mandato-em-movimento-2\/","url":"https:\/\/vanderloubet.com.br\/deputado\/boletim-mandato-em-movimento-2\/","name":"Boletim \u201cMandato em Movimento\u201d (N\u00ba 2)","isPartOf":{"@id":"https:\/\/vanderloubet.com.br\/deputado\/#website"},"primaryImageOfPage":{"@id":"https:\/\/vanderloubet.com.br\/deputado\/boletim-mandato-em-movimento-2\/#primaryimage"},"image":{"@id":"https:\/\/vanderloubet.com.br\/deputado\/boletim-mandato-em-movimento-2\/#primaryimage"},"thumbnailUrl":"https:\/\/vanderloubet.com.br\/deputado\/wp-content\/uploads\/2019\/04\/mandato-em-movimento-1280x720.jpg","datePublished":"2019-04-22T22:43:22+00:00","dateModified":"2019-04-24T01:36:15+00:00","description":"Confira os destaques do trabalho da assessoria parlamentar do deputado federal Vander Loubet na Capital e no interior de Mato Grosso do Sul.","breadcrumb":{"@id":"https:\/\/vanderloubet.com.br\/deputado\/boletim-mandato-em-movimento-2\/#breadcrumb"},"inLanguage":"pt-BR","potentialAction":[{"@type":"ReadAction","target":["https:\/\/vanderloubet.com.br\/deputado\/boletim-mandato-em-movimento-2\/"]}]},{"@type":"ImageObject","inLanguage":"pt-BR","@id":"https:\/\/vanderloubet.com.br\/deputado\/boletim-mandato-em-movimento-2\/#primaryimage","url":"https:\/\/vanderloubet.com.br\/deputado\/wp-content\/uploads\/2019\/04\/mandato-em-movimento-1280x720.jpg","contentUrl":"https:\/\/vanderloubet.com.br\/deputado\/wp-content\/uploads\/2019\/04\/mandato-em-movimento-1280x720.jpg","width":1280,"height":720,"caption":"Mandato em Movimento - Deputado Federal Vander Loubet"},{"@type":"BreadcrumbList","@id":"https:\/\/vanderloubet.com.br\/deputado\/boletim-mandato-em-movimento-2\/#breadcrumb","itemListElement":[{"@type":"ListItem","position":1,"name":"In\u00edcio","item":"https:\/\/vanderloubet.com.br\/deputado\/"},{"@type":"ListItem","position":2,"name":"Boletim \u201cMandato em Movimento\u201d (N\u00ba 2)"}]},{"@type":"WebSite","@id":"https:\/\/vanderloubet.com.br\/deputado\/#website","url":"https:\/\/vanderloubet.com.br\/deputado\/","name":"Deputado Federal Vander Loubet","description":"O Federal de MS","publisher":{"@id":"https:\/\/vanderloubet.com.br\/deputado\/#organization"},"alternateName":"Deputado Vander","potentialAction":[{"@type":"SearchAction","target":{"@type":"EntryPoint","urlTemplate":"https:\/\/vanderloubet.com.br\/deputado\/?s={search_term_string}"},"query-input":{"@type":"PropertyValueSpecification","valueRequired":true,"valueName":"search_term_string"}}],"inLanguage":"pt-BR"},{"@type":"Organization","@id":"https:\/\/vanderloubet.com.br\/deputado\/#organization","name":"Deputado Federal Vander Loubet","alternateName":"Deputado Vander","url":"https:\/\/vanderloubet.com.br\/deputado\/","logo":{"@type":"ImageObject","inLanguage":"pt-BR","@id":"https:\/\/vanderloubet.com.br\/deputado\/#\/schema\/logo\/image\/","url":"https:\/\/vanderloubet.com.br\/deputado\/wp-content\/uploads\/2023\/06\/foto-2023-06-19-mandato-deputado-vander.jpg","contentUrl":"https:\/\/vanderloubet.com.br\/deputado\/wp-content\/uploads\/2023\/06\/foto-2023-06-19-mandato-deputado-vander.jpg","width":1080,"height":1080,"caption":"Deputado Federal Vander Loubet"},"image":{"@id":"https:\/\/vanderloubet.com.br\/deputado\/#\/schema\/logo\/image\/"},"sameAs":["https:\/\/facebook.com\/deputadovander","https:\/\/x.com\/vanderloubet","https:\/\/instagram.com\/vanderloubet","https:\/\/youtube.com\/vanderloubet","https:\/\/tiktok.com\/@vanderloubetms"]},{"@type":"Person","@id":"https:\/\/vanderloubet.com.br\/deputado\/#\/schema\/person\/15b51bd564532a8a68d9dec1b8eb890e","name":"\u00c9der","image":{"@type":"ImageObject","inLanguage":"pt-BR","@id":"https:\/\/vanderloubet.com.br\/deputado\/wp-content\/litespeed\/avatar\/88ca4090d9d5ab1c9495f6ca03b68efa.jpg?ver=1777058957","url":"https:\/\/vanderloubet.com.br\/deputado\/wp-content\/litespeed\/avatar\/88ca4090d9d5ab1c9495f6ca03b68efa.jpg?ver=1777058957","contentUrl":"https:\/\/vanderloubet.com.br\/deputado\/wp-content\/litespeed\/avatar\/88ca4090d9d5ab1c9495f6ca03b68efa.jpg?ver=1777058957","caption":"\u00c9der"}}]}},"jetpack_featured_media_url":"https:\/\/vanderloubet.com.br\/deputado\/wp-content\/uploads\/2019\/04\/mandato-em-movimento-1280x720.jpg","jetpack_sharing_enabled":true,"_links":{"self":[{"href":"https:\/\/vanderloubet.com.br\/deputado\/wp-json\/wp\/v2\/posts\/15290","targetHints":{"allow":["GET"]}}],"collection":[{"href":"https:\/\/vanderloubet.com.br\/deputado\/wp-json\/wp\/v2\/posts"}],"about":[{"href":"https:\/\/vanderloubet.com.br\/deputado\/wp-json\/wp\/v2\/types\/post"}],"author":[{"embeddable":true,"href":"https:\/\/vanderloubet.com.br\/deputado\/wp-json\/wp\/v2\/users\/2"}],"replies":[{"embeddable":true,"href":"https:\/\/vanderloubet.com.br\/deputado\/wp-json\/wp\/v2\/comments?post=15290"}],"version-history":[{"count":0,"href":"https:\/\/vanderloubet.com.br\/deputado\/wp-json\/wp\/v2\/posts\/15290\/revisions"}],"wp:featuredmedia":[{"embeddable":true,"href":"https:\/\/vanderloubet.com.br\/deputado\/wp-json\/wp\/v2\/media\/14896"}],"wp:attachment":[{"href":"https:\/\/vanderloubet.com.br\/deputado\/wp-json\/wp\/v2\/media?parent=15290"}],"wp:term":[{"taxonomy":"category","embeddable":true,"href":"https:\/\/vanderloubet.com.br\/deputado\/wp-json\/wp\/v2\/categories?post=15290"},{"taxonomy":"post_tag","embeddable":true,"href":"https:\/\/vanderloubet.com.br\/deputado\/wp-json\/wp\/v2\/tags?post=15290"}],"curies":[{"name":"wp","href":"https:\/\/api.w.org\/{rel}","templated":true}]}}