{"id":150,"date":"2010-02-09T09:47:50","date_gmt":"2010-02-09T13:47:50","guid":{"rendered":"http:\/\/www.deputadovander.com.br\/website\/?p=150"},"modified":"2014-03-30T23:53:51","modified_gmt":"2014-03-31T02:53:51","slug":"chapadao-do-sul-vander-viabiliza-mais-verbas-para-drenagem","status":"publish","type":"post","link":"https:\/\/vanderloubet.com.br\/deputado\/chapadao-do-sul-vander-viabiliza-mais-verbas-para-drenagem\/","title":{"rendered":"Chapad\u00e3o do Sul: Vander viabiliza mais verbas para drenagem"},"content":{"rendered":"<p style=\"text-align: center;\">\n<figure id=\"attachment_151\" aria-describedby=\"caption-attachment-151\" style=\"width: 300px\" class=\"wp-caption aligncenter\"><a href=\"http:\/\/deputadovander.com.br\/website\/wp-content\/uploads\/2010\/02\/foto-2010-02-09-chapadao1.jpg\" target=\"_blank\"><img decoding=\"async\" class=\"size-medium wp-image-151 \" title=\"foto-2010-02-09-chapadao\" src=\"http:\/\/www.deputadovander.com.br\/website\/wp-content\/uploads\/2010\/02\/foto-2010-02-09-chapadao-300x225.jpg\" alt=\"Obras de melhoria urbana em Chapad\u00e3o\" width=\"300\" height=\"225\" \/><\/a><figcaption id=\"caption-attachment-151\" class=\"wp-caption-text\">Obras de melhoria urbana em Chapad\u00e3o<\/figcaption><\/figure>\n<p>No final de 2009, o prefeito de Chapad\u00e3o do Sul, Jocelito Krug, recebeu recursos expressivos do governo federal para serem investidos na continuidade do seu programa de moderniza\u00e7\u00e3o urbana. Boa parte desses recursos chegou por meio de uma emenda parlamentar de autoria do deputado federal Vander Loubet, assegurada junto ao Minist\u00e9rio da Integra\u00e7\u00e3o Nacional. A quantia de R$ 300 mil dever\u00e1 ser aplicada em obras de microdrenagem de \u00e1guas pluviais em trecho da Avenida Rio Grande do Sul.<\/p>\n<p>Este \u00e9 apenas um dos v\u00e1rios resultados da parceria entre o deputado Vander e Chapad\u00e3o do Sul. E, segundo Vander, essa parceria continua neste ano. &#8220;Ainda temos muita coisa a fazer pela melhoria da qualidade de vida da popula\u00e7\u00e3o chapadense&#8221;, destaca.<\/p>\n<p>Vale lembrar que, al\u00e9m dos R$ 300 mil para microdrenagem empenhados, outros diversos investimentos j\u00e1 foram viabilizados pelo deputado Vander, seja por meio de emendas ou de outras a\u00e7\u00f5es parlamentares. &#8220;Tenho certeza de que a popula\u00e7\u00e3o chapadense est\u00e1 muito orgulhosa dessas conquistas&#8221;, afirmou o deputado.<\/p>\n<p>Investimentos viabilizados recentemente por Vander para Chapad\u00e3o:<\/p>\n<ul>\n<li>Moderniza\u00e7\u00e3o urbana &#8211; microdrenagem de \u00e1guas pluviais (R$ 300 mil)<\/li>\n<li>Constru\u00e7\u00e3o do campus da Universidade Federal (R$ 500 mil)<\/li>\n<li>Duas etapas de asfaltamento urbano (no total de R$ 495 mil)<\/li>\n<li>Drenagem (R$ 542 mil para a Rua 33 e mais R$ 500 mil)<\/li>\n<li>Esgotamento sanit\u00e1rio (R$ 293 mil)<\/li>\n<li>Habita\u00e7\u00e3o popular (R$ 322 mil)<\/li>\n<li>Energia el\u00e9trica (Programa Luz para Todos, R$ 2,7 milh\u00f5es)<\/li>\n<\/ul>\n","protected":false},"excerpt":{"rendered":"<p>A quantia de R$ 300 mil dever\u00e1 ser aplicada em obras de microdrenagem de \u00e1guas pluviais em trecho da Avenida Rio Grande do Sul.<\/p>\n","protected":false},"author":2,"featured_media":0,"comment_status":"closed","ping_status":"open","sticky":false,"template":"","format":"standard","meta":{"jetpack_post_was_ever_published":false,"_jetpack_newsletter_access":"","_jetpack_dont_email_post_to_subs":false,"_jetpack_newsletter_tier_id":0,"_jetpack_memberships_contains_paywalled_content":false,"_jetpack_memberships_contains_paid_content":false,"footnotes":""},"categories":[10],"tags":[431,677,709,1409,2035],"class_list":{"0":"post-150","1":"post","2":"type-post","3":"status-publish","4":"format-standard","6":"category-noticias","7":"tag-chapadao-do-sul","8":"tag-drenagem","9":"tag-emenda","10":"tag-obras","11":"tag-vander-loubet"},"yoast_head":"<!-- This site is optimized with the Yoast SEO plugin v27.4 - https:\/\/yoast.com\/product\/yoast-seo-wordpress\/ -->\n<title>Chapad\u00e3o do Sul: Vander viabiliza mais verbas para drenagem<\/title>\n<meta name=\"robots\" content=\"index, follow, max-snippet:-1, max-image-preview:large, max-video-preview:-1\" \/>\n<link rel=\"canonical\" href=\"https:\/\/vanderloubet.com.br\/deputado\/chapadao-do-sul-vander-viabiliza-mais-verbas-para-drenagem\/\" \/>\n<meta property=\"og:locale\" content=\"pt_BR\" \/>\n<meta property=\"og:type\" content=\"article\" \/>\n<meta property=\"og:title\" content=\"Chapad\u00e3o do Sul: Vander viabiliza mais verbas para drenagem\" \/>\n<meta property=\"og:description\" content=\"A quantia de R$ 300 mil dever\u00e1 ser aplicada em obras de microdrenagem de \u00e1guas pluviais em trecho da Avenida Rio Grande do Sul.\" \/>\n<meta property=\"og:url\" content=\"https:\/\/vanderloubet.com.br\/deputado\/chapadao-do-sul-vander-viabiliza-mais-verbas-para-drenagem\/\" \/>\n<meta property=\"og:site_name\" content=\"Deputado Federal Vander Loubet\" \/>\n<meta property=\"article:publisher\" content=\"https:\/\/facebook.com\/deputadovander\" \/>\n<meta property=\"article:published_time\" content=\"2010-02-09T13:47:50+00:00\" \/>\n<meta property=\"article:modified_time\" content=\"2014-03-31T02:53:51+00:00\" \/>\n<meta property=\"og:image\" content=\"http:\/\/www.deputadovander.com.br\/website\/wp-content\/uploads\/2010\/02\/foto-2010-02-09-chapadao-300x225.jpg\" \/>\n<meta name=\"author\" content=\"\u00c9der\" \/>\n<meta name=\"twitter:card\" content=\"summary_large_image\" \/>\n<meta name=\"twitter:creator\" content=\"@vanderloubet\" \/>\n<meta name=\"twitter:site\" content=\"@vanderloubet\" \/>\n<script type=\"application\/ld+json\" class=\"yoast-schema-graph\">{\"@context\":\"https:\\\/\\\/schema.org\",\"@graph\":[{\"@type\":\"Article\",\"@id\":\"https:\\\/\\\/vanderloubet.com.br\\\/deputado\\\/chapadao-do-sul-vander-viabiliza-mais-verbas-para-drenagem\\\/#article\",\"isPartOf\":{\"@id\":\"https:\\\/\\\/vanderloubet.com.br\\\/deputado\\\/chapadao-do-sul-vander-viabiliza-mais-verbas-para-drenagem\\\/\"},\"author\":{\"name\":\"\u00c9der\",\"@id\":\"https:\\\/\\\/vanderloubet.com.br\\\/deputado\\\/#\\\/schema\\\/person\\\/15b51bd564532a8a68d9dec1b8eb890e\"},\"headline\":\"Chapad\u00e3o do Sul: Vander viabiliza mais verbas para drenagem\",\"datePublished\":\"2010-02-09T13:47:50+00:00\",\"dateModified\":\"2014-03-31T02:53:51+00:00\",\"mainEntityOfPage\":{\"@id\":\"https:\\\/\\\/vanderloubet.com.br\\\/deputado\\\/chapadao-do-sul-vander-viabiliza-mais-verbas-para-drenagem\\\/\"},\"wordCount\":262,\"publisher\":{\"@id\":\"https:\\\/\\\/vanderloubet.com.br\\\/deputado\\\/#organization\"},\"image\":{\"@id\":\"https:\\\/\\\/vanderloubet.com.br\\\/deputado\\\/chapadao-do-sul-vander-viabiliza-mais-verbas-para-drenagem\\\/#primaryimage\"},\"thumbnailUrl\":\"http:\\\/\\\/www.deputadovander.com.br\\\/website\\\/wp-content\\\/uploads\\\/2010\\\/02\\\/foto-2010-02-09-chapadao-300x225.jpg\",\"keywords\":[\"chapad\u00e3o do sul\",\"drenagem\",\"emenda\",\"obras\",\"vander loubet\"],\"articleSection\":[\"Not\u00edcias\"],\"inLanguage\":\"pt-BR\"},{\"@type\":\"WebPage\",\"@id\":\"https:\\\/\\\/vanderloubet.com.br\\\/deputado\\\/chapadao-do-sul-vander-viabiliza-mais-verbas-para-drenagem\\\/\",\"url\":\"https:\\\/\\\/vanderloubet.com.br\\\/deputado\\\/chapadao-do-sul-vander-viabiliza-mais-verbas-para-drenagem\\\/\",\"name\":\"Chapad\u00e3o do Sul: Vander viabiliza mais verbas para drenagem\",\"isPartOf\":{\"@id\":\"https:\\\/\\\/vanderloubet.com.br\\\/deputado\\\/#website\"},\"primaryImageOfPage\":{\"@id\":\"https:\\\/\\\/vanderloubet.com.br\\\/deputado\\\/chapadao-do-sul-vander-viabiliza-mais-verbas-para-drenagem\\\/#primaryimage\"},\"image\":{\"@id\":\"https:\\\/\\\/vanderloubet.com.br\\\/deputado\\\/chapadao-do-sul-vander-viabiliza-mais-verbas-para-drenagem\\\/#primaryimage\"},\"thumbnailUrl\":\"http:\\\/\\\/www.deputadovander.com.br\\\/website\\\/wp-content\\\/uploads\\\/2010\\\/02\\\/foto-2010-02-09-chapadao-300x225.jpg\",\"datePublished\":\"2010-02-09T13:47:50+00:00\",\"dateModified\":\"2014-03-31T02:53:51+00:00\",\"breadcrumb\":{\"@id\":\"https:\\\/\\\/vanderloubet.com.br\\\/deputado\\\/chapadao-do-sul-vander-viabiliza-mais-verbas-para-drenagem\\\/#breadcrumb\"},\"inLanguage\":\"pt-BR\",\"potentialAction\":[{\"@type\":\"ReadAction\",\"target\":[\"https:\\\/\\\/vanderloubet.com.br\\\/deputado\\\/chapadao-do-sul-vander-viabiliza-mais-verbas-para-drenagem\\\/\"]}]},{\"@type\":\"ImageObject\",\"inLanguage\":\"pt-BR\",\"@id\":\"https:\\\/\\\/vanderloubet.com.br\\\/deputado\\\/chapadao-do-sul-vander-viabiliza-mais-verbas-para-drenagem\\\/#primaryimage\",\"url\":\"http:\\\/\\\/www.deputadovander.com.br\\\/website\\\/wp-content\\\/uploads\\\/2010\\\/02\\\/foto-2010-02-09-chapadao-300x225.jpg\",\"contentUrl\":\"http:\\\/\\\/www.deputadovander.com.br\\\/website\\\/wp-content\\\/uploads\\\/2010\\\/02\\\/foto-2010-02-09-chapadao-300x225.jpg\"},{\"@type\":\"BreadcrumbList\",\"@id\":\"https:\\\/\\\/vanderloubet.com.br\\\/deputado\\\/chapadao-do-sul-vander-viabiliza-mais-verbas-para-drenagem\\\/#breadcrumb\",\"itemListElement\":[{\"@type\":\"ListItem\",\"position\":1,\"name\":\"In\u00edcio\",\"item\":\"https:\\\/\\\/vanderloubet.com.br\\\/deputado\\\/\"},{\"@type\":\"ListItem\",\"position\":2,\"name\":\"Chapad\u00e3o do Sul: Vander viabiliza mais verbas para drenagem\"}]},{\"@type\":\"WebSite\",\"@id\":\"https:\\\/\\\/vanderloubet.com.br\\\/deputado\\\/#website\",\"url\":\"https:\\\/\\\/vanderloubet.com.br\\\/deputado\\\/\",\"name\":\"Deputado Federal Vander Loubet\",\"description\":\"O Federal de MS\",\"publisher\":{\"@id\":\"https:\\\/\\\/vanderloubet.com.br\\\/deputado\\\/#organization\"},\"alternateName\":\"Deputado Vander\",\"potentialAction\":[{\"@type\":\"SearchAction\",\"target\":{\"@type\":\"EntryPoint\",\"urlTemplate\":\"https:\\\/\\\/vanderloubet.com.br\\\/deputado\\\/?s={search_term_string}\"},\"query-input\":{\"@type\":\"PropertyValueSpecification\",\"valueRequired\":true,\"valueName\":\"search_term_string\"}}],\"inLanguage\":\"pt-BR\"},{\"@type\":\"Organization\",\"@id\":\"https:\\\/\\\/vanderloubet.com.br\\\/deputado\\\/#organization\",\"name\":\"Deputado Federal Vander Loubet\",\"alternateName\":\"Deputado Vander\",\"url\":\"https:\\\/\\\/vanderloubet.com.br\\\/deputado\\\/\",\"logo\":{\"@type\":\"ImageObject\",\"inLanguage\":\"pt-BR\",\"@id\":\"https:\\\/\\\/vanderloubet.com.br\\\/deputado\\\/#\\\/schema\\\/logo\\\/image\\\/\",\"url\":\"https:\\\/\\\/vanderloubet.com.br\\\/deputado\\\/wp-content\\\/uploads\\\/2023\\\/06\\\/foto-2023-06-19-mandato-deputado-vander.jpg\",\"contentUrl\":\"https:\\\/\\\/vanderloubet.com.br\\\/deputado\\\/wp-content\\\/uploads\\\/2023\\\/06\\\/foto-2023-06-19-mandato-deputado-vander.jpg\",\"width\":1080,\"height\":1080,\"caption\":\"Deputado Federal Vander Loubet\"},\"image\":{\"@id\":\"https:\\\/\\\/vanderloubet.com.br\\\/deputado\\\/#\\\/schema\\\/logo\\\/image\\\/\"},\"sameAs\":[\"https:\\\/\\\/facebook.com\\\/deputadovander\",\"https:\\\/\\\/x.com\\\/vanderloubet\",\"https:\\\/\\\/instagram.com\\\/vanderloubet\",\"https:\\\/\\\/youtube.com\\\/vanderloubet\",\"https:\\\/\\\/tiktok.com\\\/@vanderloubetms\"]},{\"@type\":\"Person\",\"@id\":\"https:\\\/\\\/vanderloubet.com.br\\\/deputado\\\/#\\\/schema\\\/person\\\/15b51bd564532a8a68d9dec1b8eb890e\",\"name\":\"\u00c9der\",\"image\":{\"@type\":\"ImageObject\",\"inLanguage\":\"pt-BR\",\"@id\":\"https:\\\/\\\/vanderloubet.com.br\\\/deputado\\\/wp-content\\\/litespeed\\\/avatar\\\/88ca4090d9d5ab1c9495f6ca03b68efa.jpg?ver=1777058957\",\"url\":\"https:\\\/\\\/vanderloubet.com.br\\\/deputado\\\/wp-content\\\/litespeed\\\/avatar\\\/88ca4090d9d5ab1c9495f6ca03b68efa.jpg?ver=1777058957\",\"contentUrl\":\"https:\\\/\\\/vanderloubet.com.br\\\/deputado\\\/wp-content\\\/litespeed\\\/avatar\\\/88ca4090d9d5ab1c9495f6ca03b68efa.jpg?ver=1777058957\",\"caption\":\"\u00c9der\"}}]}<\/script>\n<!-- \/ Yoast SEO plugin. -->","yoast_head_json":{"title":"Chapad\u00e3o do Sul: Vander viabiliza mais verbas para drenagem","robots":{"index":"index","follow":"follow","max-snippet":"max-snippet:-1","max-image-preview":"max-image-preview:large","max-video-preview":"max-video-preview:-1"},"canonical":"https:\/\/vanderloubet.com.br\/deputado\/chapadao-do-sul-vander-viabiliza-mais-verbas-para-drenagem\/","og_locale":"pt_BR","og_type":"article","og_title":"Chapad\u00e3o do Sul: Vander viabiliza mais verbas para drenagem","og_description":"A quantia de R$ 300 mil dever\u00e1 ser aplicada em obras de microdrenagem de \u00e1guas pluviais em trecho da Avenida Rio Grande do Sul.","og_url":"https:\/\/vanderloubet.com.br\/deputado\/chapadao-do-sul-vander-viabiliza-mais-verbas-para-drenagem\/","og_site_name":"Deputado Federal Vander Loubet","article_publisher":"https:\/\/facebook.com\/deputadovander","article_published_time":"2010-02-09T13:47:50+00:00","article_modified_time":"2014-03-31T02:53:51+00:00","og_image":[{"url":"http:\/\/www.deputadovander.com.br\/website\/wp-content\/uploads\/2010\/02\/foto-2010-02-09-chapadao-300x225.jpg","type":"","width":"","height":""}],"author":"\u00c9der","twitter_card":"summary_large_image","twitter_creator":"@vanderloubet","twitter_site":"@vanderloubet","schema":{"@context":"https:\/\/schema.org","@graph":[{"@type":"Article","@id":"https:\/\/vanderloubet.com.br\/deputado\/chapadao-do-sul-vander-viabiliza-mais-verbas-para-drenagem\/#article","isPartOf":{"@id":"https:\/\/vanderloubet.com.br\/deputado\/chapadao-do-sul-vander-viabiliza-mais-verbas-para-drenagem\/"},"author":{"name":"\u00c9der","@id":"https:\/\/vanderloubet.com.br\/deputado\/#\/schema\/person\/15b51bd564532a8a68d9dec1b8eb890e"},"headline":"Chapad\u00e3o do Sul: Vander viabiliza mais verbas para drenagem","datePublished":"2010-02-09T13:47:50+00:00","dateModified":"2014-03-31T02:53:51+00:00","mainEntityOfPage":{"@id":"https:\/\/vanderloubet.com.br\/deputado\/chapadao-do-sul-vander-viabiliza-mais-verbas-para-drenagem\/"},"wordCount":262,"publisher":{"@id":"https:\/\/vanderloubet.com.br\/deputado\/#organization"},"image":{"@id":"https:\/\/vanderloubet.com.br\/deputado\/chapadao-do-sul-vander-viabiliza-mais-verbas-para-drenagem\/#primaryimage"},"thumbnailUrl":"http:\/\/www.deputadovander.com.br\/website\/wp-content\/uploads\/2010\/02\/foto-2010-02-09-chapadao-300x225.jpg","keywords":["chapad\u00e3o do sul","drenagem","emenda","obras","vander loubet"],"articleSection":["Not\u00edcias"],"inLanguage":"pt-BR"},{"@type":"WebPage","@id":"https:\/\/vanderloubet.com.br\/deputado\/chapadao-do-sul-vander-viabiliza-mais-verbas-para-drenagem\/","url":"https:\/\/vanderloubet.com.br\/deputado\/chapadao-do-sul-vander-viabiliza-mais-verbas-para-drenagem\/","name":"Chapad\u00e3o do Sul: Vander viabiliza mais verbas para drenagem","isPartOf":{"@id":"https:\/\/vanderloubet.com.br\/deputado\/#website"},"primaryImageOfPage":{"@id":"https:\/\/vanderloubet.com.br\/deputado\/chapadao-do-sul-vander-viabiliza-mais-verbas-para-drenagem\/#primaryimage"},"image":{"@id":"https:\/\/vanderloubet.com.br\/deputado\/chapadao-do-sul-vander-viabiliza-mais-verbas-para-drenagem\/#primaryimage"},"thumbnailUrl":"http:\/\/www.deputadovander.com.br\/website\/wp-content\/uploads\/2010\/02\/foto-2010-02-09-chapadao-300x225.jpg","datePublished":"2010-02-09T13:47:50+00:00","dateModified":"2014-03-31T02:53:51+00:00","breadcrumb":{"@id":"https:\/\/vanderloubet.com.br\/deputado\/chapadao-do-sul-vander-viabiliza-mais-verbas-para-drenagem\/#breadcrumb"},"inLanguage":"pt-BR","potentialAction":[{"@type":"ReadAction","target":["https:\/\/vanderloubet.com.br\/deputado\/chapadao-do-sul-vander-viabiliza-mais-verbas-para-drenagem\/"]}]},{"@type":"ImageObject","inLanguage":"pt-BR","@id":"https:\/\/vanderloubet.com.br\/deputado\/chapadao-do-sul-vander-viabiliza-mais-verbas-para-drenagem\/#primaryimage","url":"http:\/\/www.deputadovander.com.br\/website\/wp-content\/uploads\/2010\/02\/foto-2010-02-09-chapadao-300x225.jpg","contentUrl":"http:\/\/www.deputadovander.com.br\/website\/wp-content\/uploads\/2010\/02\/foto-2010-02-09-chapadao-300x225.jpg"},{"@type":"BreadcrumbList","@id":"https:\/\/vanderloubet.com.br\/deputado\/chapadao-do-sul-vander-viabiliza-mais-verbas-para-drenagem\/#breadcrumb","itemListElement":[{"@type":"ListItem","position":1,"name":"In\u00edcio","item":"https:\/\/vanderloubet.com.br\/deputado\/"},{"@type":"ListItem","position":2,"name":"Chapad\u00e3o do Sul: Vander viabiliza mais verbas para drenagem"}]},{"@type":"WebSite","@id":"https:\/\/vanderloubet.com.br\/deputado\/#website","url":"https:\/\/vanderloubet.com.br\/deputado\/","name":"Deputado Federal Vander Loubet","description":"O Federal de MS","publisher":{"@id":"https:\/\/vanderloubet.com.br\/deputado\/#organization"},"alternateName":"Deputado Vander","potentialAction":[{"@type":"SearchAction","target":{"@type":"EntryPoint","urlTemplate":"https:\/\/vanderloubet.com.br\/deputado\/?s={search_term_string}"},"query-input":{"@type":"PropertyValueSpecification","valueRequired":true,"valueName":"search_term_string"}}],"inLanguage":"pt-BR"},{"@type":"Organization","@id":"https:\/\/vanderloubet.com.br\/deputado\/#organization","name":"Deputado Federal Vander Loubet","alternateName":"Deputado Vander","url":"https:\/\/vanderloubet.com.br\/deputado\/","logo":{"@type":"ImageObject","inLanguage":"pt-BR","@id":"https:\/\/vanderloubet.com.br\/deputado\/#\/schema\/logo\/image\/","url":"https:\/\/vanderloubet.com.br\/deputado\/wp-content\/uploads\/2023\/06\/foto-2023-06-19-mandato-deputado-vander.jpg","contentUrl":"https:\/\/vanderloubet.com.br\/deputado\/wp-content\/uploads\/2023\/06\/foto-2023-06-19-mandato-deputado-vander.jpg","width":1080,"height":1080,"caption":"Deputado Federal Vander Loubet"},"image":{"@id":"https:\/\/vanderloubet.com.br\/deputado\/#\/schema\/logo\/image\/"},"sameAs":["https:\/\/facebook.com\/deputadovander","https:\/\/x.com\/vanderloubet","https:\/\/instagram.com\/vanderloubet","https:\/\/youtube.com\/vanderloubet","https:\/\/tiktok.com\/@vanderloubetms"]},{"@type":"Person","@id":"https:\/\/vanderloubet.com.br\/deputado\/#\/schema\/person\/15b51bd564532a8a68d9dec1b8eb890e","name":"\u00c9der","image":{"@type":"ImageObject","inLanguage":"pt-BR","@id":"https:\/\/vanderloubet.com.br\/deputado\/wp-content\/litespeed\/avatar\/88ca4090d9d5ab1c9495f6ca03b68efa.jpg?ver=1777058957","url":"https:\/\/vanderloubet.com.br\/deputado\/wp-content\/litespeed\/avatar\/88ca4090d9d5ab1c9495f6ca03b68efa.jpg?ver=1777058957","contentUrl":"https:\/\/vanderloubet.com.br\/deputado\/wp-content\/litespeed\/avatar\/88ca4090d9d5ab1c9495f6ca03b68efa.jpg?ver=1777058957","caption":"\u00c9der"}}]}},"jetpack_featured_media_url":"","jetpack_sharing_enabled":true,"_links":{"self":[{"href":"https:\/\/vanderloubet.com.br\/deputado\/wp-json\/wp\/v2\/posts\/150","targetHints":{"allow":["GET"]}}],"collection":[{"href":"https:\/\/vanderloubet.com.br\/deputado\/wp-json\/wp\/v2\/posts"}],"about":[{"href":"https:\/\/vanderloubet.com.br\/deputado\/wp-json\/wp\/v2\/types\/post"}],"author":[{"embeddable":true,"href":"https:\/\/vanderloubet.com.br\/deputado\/wp-json\/wp\/v2\/users\/2"}],"replies":[{"embeddable":true,"href":"https:\/\/vanderloubet.com.br\/deputado\/wp-json\/wp\/v2\/comments?post=150"}],"version-history":[{"count":0,"href":"https:\/\/vanderloubet.com.br\/deputado\/wp-json\/wp\/v2\/posts\/150\/revisions"}],"wp:attachment":[{"href":"https:\/\/vanderloubet.com.br\/deputado\/wp-json\/wp\/v2\/media?parent=150"}],"wp:term":[{"taxonomy":"category","embeddable":true,"href":"https:\/\/vanderloubet.com.br\/deputado\/wp-json\/wp\/v2\/categories?post=150"},{"taxonomy":"post_tag","embeddable":true,"href":"https:\/\/vanderloubet.com.br\/deputado\/wp-json\/wp\/v2\/tags?post=150"}],"curies":[{"name":"wp","href":"https:\/\/api.w.org\/{rel}","templated":true}]}}