{"id":14983,"date":"2019-04-05T09:23:17","date_gmt":"2019-04-05T13:23:17","guid":{"rendered":"http:\/\/vanderloubet.com.br\/deputado\/?p=14983"},"modified":"2020-03-22T22:21:56","modified_gmt":"2020-03-23T02:21:56","slug":"com-apoio-de-vander-e-zeca-ufms-promovera-grande-estudo-sobre-a-rota-bioceanica","status":"publish","type":"post","link":"https:\/\/vanderloubet.com.br\/deputado\/com-apoio-de-vander-e-zeca-ufms-promovera-grande-estudo-sobre-a-rota-bioceanica\/","title":{"rendered":"Com apoio de Vander e Zeca, UFMS promover\u00e1 grande estudo sobre a Rota Bioc\u00eaanica"},"content":{"rendered":"<p>No dia 19 de mar\u00e7o, foi realizada em Porto Murtinho, na fronteira com o Paraguai, <a href=\"http:\/\/vanderloubet.com.br\/deputado\/reuniao-em-murtinho-sobre-ponte-do-rio-paraguai-rota-bioceanica\/\" target=\"_blank\" rel=\"noopener noreferrer\">a primeira reuni\u00e3o de trabalho a respeito do projeto da ponte sobre o Rio Paraguai<\/a> que ligar\u00e1 o munic\u00edpio pantaneiro ao distrito paraguaio de Carmelo Peralta. Trata-se da concretiza\u00e7\u00e3o de um sonho antigo da popula\u00e7\u00e3o da regi\u00e3o. Mais que isso, a ponte ser\u00e1 o eixo rodovi\u00e1rio da Rota Bioce\u00e2nica, corredor que interligar\u00e1 os portos dos oceanos Atl\u00e2ntico e Pac\u00edfico.<\/p>\n<p>A obra est\u00e1 avaliada em em 75 milh\u00f5es de d\u00f3lares e ser\u00e1 financiada pela Itaipu Binacional, empresa estatal brasileira e paraguaia.<\/p>\n<p>Para compreender melhor o que representa essa obra para a geopol\u00edtica e para a economia da regi\u00e3o, a Universidade Federal de Mato Grosso do Sul (UFMS) vai promover um grande estudo a respeito. A proposta desse estudo surgiu durante reuni\u00e3o entre o reitor da Universidade, o professor doutor Marcelo Turine, e o deputado federal Vander Loubet (PT-MS), durante visita do parlamentar ao campus de Campo Grande, no final de mar\u00e7o.<\/p>\n<p>Para a realiza\u00e7\u00e3o do estudo, a UFMS contar\u00e1 com uma emenda parlamentar de R$ 600 mil do deputado Vander e do ex-deputado federal Zeca do PT, destinada para a Universidade dentro do Or\u00e7amento Geral da Uni\u00e3o (OGU) de 2019.<\/p>\n<p>&#8220;O trabalho pela concretiza\u00e7\u00e3o da Rota Bioce\u00e2nica me acompanha desde a \u00e9poca de secret\u00e1rio de Estado no governo do Zeca. Por isso, estou muito entusiasmado por esse estudo. \u00c9 fundamental que tenhamos um diagn\u00f3stico do que representa a Rota Bioce\u00e2nica para Mato Grosso do Sul em termos econ\u00f4micos, sociais, pol\u00edticos, culturais etc. A obra sobre o Rio Paraguai em Murtinho ser\u00e1 iniciada este ano e por isso \u00e9 imprescind\u00edvel que, desde j\u00e1, possamos nos planejar para que essa ponte garanta o m\u00e1ximo de benef\u00edcio poss\u00edvel para nosso estado&#8221;, destaca Vander, que esteve em sua cidade natal, Porto Murtinho, participando da reuni\u00e3o de 19 de mar\u00e7o. &#8220;E ningu\u00e9m melhor para promover um estudo como esse do que a nossa universidade federal, que est\u00e1 presente em todas as regi\u00f5es do estado e conta com professores e pesquisadores altamente capacitados&#8221;, completa.<\/p>\n<p>Os estudos e as pesquisas cient\u00edficas a serem desenvolvidas pela UFMS devem destacar quest\u00f5es relacionadas ao mapeamento do potencial tur\u00edstico e cultural nos munic\u00edpios de Mato Grosso do Sul, sobretudo os da Regi\u00e3o Sudoeste do estado. &#8220;\u00c9 uma oportunidade sem igual para a Universidade mostrar a sua for\u00e7a para o desenvolvimento do estado, num projeto que contribui diretamente com a sociedade sul-mato-grossense&#8221;, disse o reitor Marcelo Turine.<\/p>\n<p>Al\u00e9m de envolver a UFMS, a iniciativa conta com o apoio e participa\u00e7\u00e3o da Rede Universit\u00e1ria da Rota de Integra\u00e7\u00e3o Latino-Americana (UniRila), que re\u00fane as institui\u00e7\u00f5es da Argentina, Brasil, Chile e Paraguai. Como presidente do Conselho de Reitores das Institui\u00e7\u00f5es de Ensino Superior (Crie-MS), o reitor tamb\u00e9m lidera a discuss\u00e3o sobre a implanta\u00e7\u00e3o da Rota Bioce\u00e2nica na Am\u00e9rica do Sul. &#8220;A potencialidade de uma a\u00e7\u00e3o conjunta \u00e9 muito maior e mais abrangente e pode apontar solu\u00e7\u00f5es que contemplem os desafios da nossa regi\u00e3o e nossa gente. Estamos muito otimistas com as oportunidades que poder\u00e3o fazer a diferen\u00e7a para a nossa comunidade&#8221;, afirmou Turine.<\/p>\n<p>O projeto da ponte inclusive j\u00e1 est\u00e1 movimentando a economia de Mato Grosso do Sul, sobretudo em Porto Murtinho. O munic\u00edpio pantaneiro est\u00e1 se tornando o centro de uma rota rodofluvial que barateia custos e potencializa a produ\u00e7\u00e3o prim\u00e1ria do estado no competitivo centro consumidor da Europa e \u00c1sia. A cidade ter\u00e1, em breve, quatro portos operando na Hidrovia do Paraguai e, com a ponte para Carmelo Peralta (prevista para ser inaugurada em 2023), ser\u00e1 passagem obrigat\u00f3ria para ve\u00edculos com destino aos portos do Chile.<\/p>\n<p><em>(\u00c9der F. Yanaguita &#8211; Ascom\/Dep. Vander Loubet)<\/em><\/p>\n\r\n                <style type=\"text\/css\">\r\n                    \r\n                    #tdi_1  .td-doubleSlider-2 .td-item1 {\r\n                        background: url(https:\/\/vanderloubet.com.br\/deputado\/wp-content\/uploads\/2019\/04\/foto-2019-04-05-reitor-turine-deputado-vander-80x60.jpg) 0 0 no-repeat;\r\n                    }\r\n                    #tdi_1  .td-doubleSlider-2 .td-item2 {\r\n                        background: url(https:\/\/vanderloubet.com.br\/deputado\/wp-content\/uploads\/2019\/04\/blog-2019-03-19-reuniao-murtinho-ponte-rota-bioceanica-1-80x60.jpg) 0 0 no-repeat;\r\n                    }\r\n                    #tdi_1  .td-doubleSlider-2 .td-item3 {\r\n                        background: url(https:\/\/vanderloubet.com.br\/deputado\/wp-content\/uploads\/2019\/04\/blog-2019-03-19-reuniao-murtinho-ponte-rota-bioceanica-2-80x60.jpg) 0 0 no-repeat;\r\n                    }\r\n                    #tdi_1  .td-doubleSlider-2 .td-item4 {\r\n                        background: url(https:\/\/vanderloubet.com.br\/deputado\/wp-content\/uploads\/2019\/04\/blog-2019-03-19-reuniao-murtinho-ponte-rota-bioceanica-3-80x60.jpg) 0 0 no-repeat;\r\n                    }\r\n                    #tdi_1  .td-doubleSlider-2 .td-item5 {\r\n                        background: url(https:\/\/vanderloubet.com.br\/deputado\/wp-content\/uploads\/2019\/04\/blog-2019-03-19-reuniao-murtinho-ponte-rota-bioceanica-4-80x60.jpg) 0 0 no-repeat;\r\n                    }\r\n                    #tdi_1  .td-doubleSlider-2 .td-item6 {\r\n                        background: url(https:\/\/vanderloubet.com.br\/deputado\/wp-content\/uploads\/2019\/04\/blog-2019-03-19-reuniao-murtinho-ponte-rota-bioceanica-5-80x60.jpg) 0 0 no-repeat;\r\n                    }\r\n                    #tdi_1  .td-doubleSlider-2 .td-item7 {\r\n                        background: url(https:\/\/vanderloubet.com.br\/deputado\/wp-content\/uploads\/2019\/04\/blog-2019-03-19-reuniao-murtinho-ponte-rota-bioceanica-6-80x60.jpg) 0 0 no-repeat;\r\n                    }\r\n                    #tdi_1  .td-doubleSlider-2 .td-item8 {\r\n                        background: url(https:\/\/vanderloubet.com.br\/deputado\/wp-content\/uploads\/2019\/04\/blog-2019-03-19-reuniao-murtinho-ponte-rota-bioceanica-7-80x60.jpg) 0 0 no-repeat;\r\n                    }\r\n                    #tdi_1  .td-doubleSlider-2 .td-item9 {\r\n                        background: url(https:\/\/vanderloubet.com.br\/deputado\/wp-content\/uploads\/2019\/04\/foto-2019-04-05-rota-bioceanica-80x60.jpg) 0 0 no-repeat;\r\n                    }\r\n                <\/style>\r\n\r\n                <div id=\"tdi_1\" class=\"td-gallery td-slide-on-2-columns\">\r\n                    <div class=\"post_td_gallery\">\r\n                        <div class=\"td-gallery-slide-top\">\r\n                           <div class=\"td-gallery-title\"><\/div>\r\n\r\n                            <div class=\"td-gallery-controls-wrapper\">\r\n                                <div class=\"td-gallery-slide-count\"><span class=\"td-gallery-slide-item-focus\">1<\/span> de 9<\/div>\r\n                                <div class=\"td-gallery-slide-prev-next-but\">\r\n                                    <i class = \"td-icon-left doubleSliderPrevButton\"><\/i>\r\n                                    <i class = \"td-icon-right doubleSliderNextButton\"><\/i>\r\n                                <\/div>\r\n                            <\/div>\r\n                        <\/div>\r\n\r\n                        <div class = \"td-doubleSlider-1 \">\r\n                            <div class = \"td-slider\">\r\n                                \r\n                    <div class = \"td-slide-item td-item1\">\r\n                        <figure class=\"td-slide-galery-figure td-slide-popup-gallery\">\r\n                            <a class=\"slide-gallery-image-link\" href=\"https:\/\/vanderloubet.com.br\/deputado\/wp-content\/uploads\/2019\/04\/foto-2019-04-05-reitor-turine-deputado-vander.jpg\" title=\"Reitor da UFMS e deputado destacam import\u00e2ncia de se estudar oportunidades e impactos da Rota Bioce\u00e2nica em MS\"  data-caption=\"\"  data-description=\"Reitor da UFMS e deputado destacam import&acirc;ncia de se estudar oportunidades e impactos da Rota Bioce&acirc;nica em MS\">\r\n                                <img decoding=\"async\" src=\"https:\/\/vanderloubet.com.br\/deputado\/wp-content\/uploads\/2019\/04\/foto-2019-04-05-reitor-turine-deputado-vander-630x420.jpg\" srcset=\"https:\/\/vanderloubet.com.br\/deputado\/wp-content\/uploads\/2019\/04\/foto-2019-04-05-reitor-turine-deputado-vander-630x420.jpg 630w, https:\/\/vanderloubet.com.br\/deputado\/wp-content\/uploads\/2019\/04\/foto-2019-04-05-reitor-turine-deputado-vander-350x233.jpg 350w, https:\/\/vanderloubet.com.br\/deputado\/wp-content\/uploads\/2019\/04\/foto-2019-04-05-reitor-turine-deputado-vander-768x512.jpg 768w, https:\/\/vanderloubet.com.br\/deputado\/wp-content\/uploads\/2019\/04\/foto-2019-04-05-reitor-turine-deputado-vander-700x467.jpg 700w, https:\/\/vanderloubet.com.br\/deputado\/wp-content\/uploads\/2019\/04\/foto-2019-04-05-reitor-turine-deputado-vander-696x464.jpg 696w, https:\/\/vanderloubet.com.br\/deputado\/wp-content\/uploads\/2019\/04\/foto-2019-04-05-reitor-turine-deputado-vander-1068x712.jpg 1068w, https:\/\/vanderloubet.com.br\/deputado\/wp-content\/uploads\/2019\/04\/foto-2019-04-05-reitor-turine-deputado-vander.jpg 1080w\" sizes=\"(max-width: 630px) 100vw, 630px\" alt=\"Reitor da UFMS e deputado destacam import&acirc;ncia de se estudar oportunidades e impactos da Rota Bioce&acirc;nica em MS\">\r\n                            <\/a>\r\n                            <figcaption class = \"td-slide-caption td-gallery-slide-content\"><span>Reitor da UFMS e deputado destacam import\u00e2ncia de se estudar oportunidades e impactos da Rota Bioce\u00e2nica em MS<\/span><\/figcaption>\r\n                        <\/figure>\r\n                    <\/div>\r\n                    <div class = \"td-slide-item td-item2\">\r\n                        <figure class=\"td-slide-galery-figure td-slide-popup-gallery\">\r\n                            <a class=\"slide-gallery-image-link\" href=\"https:\/\/vanderloubet.com.br\/deputado\/wp-content\/uploads\/2019\/04\/blog-2019-03-19-reuniao-murtinho-ponte-rota-bioceanica-1.jpg\" title=\"Deputado Vander participou da primeira reuni\u00e3o de trabalho sobre o projeto da ponte sobre Rio Paraguai em Porto Murtinho\"  data-caption=\"\"  data-description=\"Deputado Vander participou da primeira reuni&atilde;o de trabalho sobre o projeto da ponte sobre Rio Paraguai em Porto Murtinho\">\r\n                                <img decoding=\"async\" src=\"https:\/\/vanderloubet.com.br\/deputado\/wp-content\/uploads\/2019\/04\/blog-2019-03-19-reuniao-murtinho-ponte-rota-bioceanica-1-560x420.jpg\" srcset=\"https:\/\/vanderloubet.com.br\/deputado\/wp-content\/uploads\/2019\/04\/blog-2019-03-19-reuniao-murtinho-ponte-rota-bioceanica-1-560x420.jpg 560w, https:\/\/vanderloubet.com.br\/deputado\/wp-content\/uploads\/2019\/04\/blog-2019-03-19-reuniao-murtinho-ponte-rota-bioceanica-1-350x263.jpg 350w, https:\/\/vanderloubet.com.br\/deputado\/wp-content\/uploads\/2019\/04\/blog-2019-03-19-reuniao-murtinho-ponte-rota-bioceanica-1-768x576.jpg 768w, https:\/\/vanderloubet.com.br\/deputado\/wp-content\/uploads\/2019\/04\/blog-2019-03-19-reuniao-murtinho-ponte-rota-bioceanica-1-700x525.jpg 700w, https:\/\/vanderloubet.com.br\/deputado\/wp-content\/uploads\/2019\/04\/blog-2019-03-19-reuniao-murtinho-ponte-rota-bioceanica-1-80x60.jpg 80w, https:\/\/vanderloubet.com.br\/deputado\/wp-content\/uploads\/2019\/04\/blog-2019-03-19-reuniao-murtinho-ponte-rota-bioceanica-1-696x522.jpg 696w, https:\/\/vanderloubet.com.br\/deputado\/wp-content\/uploads\/2019\/04\/blog-2019-03-19-reuniao-murtinho-ponte-rota-bioceanica-1-265x198.jpg 265w, https:\/\/vanderloubet.com.br\/deputado\/wp-content\/uploads\/2019\/04\/blog-2019-03-19-reuniao-murtinho-ponte-rota-bioceanica-1.jpg 960w\" sizes=\"(max-width: 560px) 100vw, 560px\" alt=\"Deputado Vander participou da primeira reuni&atilde;o de trabalho sobre o projeto da ponte sobre Rio Paraguai em Porto Murtinho\">\r\n                            <\/a>\r\n                            <figcaption class = \"td-slide-caption td-gallery-slide-content\"><span>Deputado Vander participou da primeira reuni\u00e3o de trabalho sobre o projeto da ponte sobre Rio Paraguai em Porto Murtinho<\/span><\/figcaption>\r\n                        <\/figure>\r\n                    <\/div>\r\n                    <div class = \"td-slide-item td-item3\">\r\n                        <figure class=\"td-slide-galery-figure td-slide-popup-gallery\">\r\n                            <a class=\"slide-gallery-image-link\" href=\"https:\/\/vanderloubet.com.br\/deputado\/wp-content\/uploads\/2019\/04\/blog-2019-03-19-reuniao-murtinho-ponte-rota-bioceanica-2.jpg\" title=\"Deputado Vander participou da primeira reuni\u00e3o de trabalho sobre o projeto da ponte sobre Rio Paraguai em Porto Murtinho\"  data-caption=\"\"  data-description=\"Deputado Vander participou da primeira reuni&atilde;o de trabalho sobre o projeto da ponte sobre Rio Paraguai em Porto Murtinho\">\r\n                                <img decoding=\"async\" src=\"https:\/\/vanderloubet.com.br\/deputado\/wp-content\/uploads\/2019\/04\/blog-2019-03-19-reuniao-murtinho-ponte-rota-bioceanica-2-560x420.jpg\" srcset=\"https:\/\/vanderloubet.com.br\/deputado\/wp-content\/uploads\/2019\/04\/blog-2019-03-19-reuniao-murtinho-ponte-rota-bioceanica-2-560x420.jpg 560w, https:\/\/vanderloubet.com.br\/deputado\/wp-content\/uploads\/2019\/04\/blog-2019-03-19-reuniao-murtinho-ponte-rota-bioceanica-2-350x263.jpg 350w, https:\/\/vanderloubet.com.br\/deputado\/wp-content\/uploads\/2019\/04\/blog-2019-03-19-reuniao-murtinho-ponte-rota-bioceanica-2-768x576.jpg 768w, https:\/\/vanderloubet.com.br\/deputado\/wp-content\/uploads\/2019\/04\/blog-2019-03-19-reuniao-murtinho-ponte-rota-bioceanica-2-700x525.jpg 700w, https:\/\/vanderloubet.com.br\/deputado\/wp-content\/uploads\/2019\/04\/blog-2019-03-19-reuniao-murtinho-ponte-rota-bioceanica-2-80x60.jpg 80w, https:\/\/vanderloubet.com.br\/deputado\/wp-content\/uploads\/2019\/04\/blog-2019-03-19-reuniao-murtinho-ponte-rota-bioceanica-2-696x522.jpg 696w, https:\/\/vanderloubet.com.br\/deputado\/wp-content\/uploads\/2019\/04\/blog-2019-03-19-reuniao-murtinho-ponte-rota-bioceanica-2-265x198.jpg 265w, https:\/\/vanderloubet.com.br\/deputado\/wp-content\/uploads\/2019\/04\/blog-2019-03-19-reuniao-murtinho-ponte-rota-bioceanica-2.jpg 960w\" sizes=\"(max-width: 560px) 100vw, 560px\" alt=\"Deputado Vander participou da primeira reuni&atilde;o de trabalho sobre o projeto da ponte sobre Rio Paraguai em Porto Murtinho\">\r\n                            <\/a>\r\n                            <figcaption class = \"td-slide-caption td-gallery-slide-content\"><span>Deputado Vander participou da primeira reuni\u00e3o de trabalho sobre o projeto da ponte sobre Rio Paraguai em Porto Murtinho<\/span><\/figcaption>\r\n                        <\/figure>\r\n                    <\/div>\r\n                    <div class = \"td-slide-item td-item4\">\r\n                        <figure class=\"td-slide-galery-figure td-slide-popup-gallery\">\r\n                            <a class=\"slide-gallery-image-link\" href=\"https:\/\/vanderloubet.com.br\/deputado\/wp-content\/uploads\/2019\/04\/blog-2019-03-19-reuniao-murtinho-ponte-rota-bioceanica-3.jpg\" title=\"Deputado Vander participou da primeira reuni\u00e3o de trabalho sobre o projeto da ponte sobre Rio Paraguai em Porto Murtinho\"  data-caption=\"\"  data-description=\"Deputado Vander participou da primeira reuni&atilde;o de trabalho sobre o projeto da ponte sobre Rio Paraguai em Porto Murtinho\">\r\n                                <img decoding=\"async\" src=\"https:\/\/vanderloubet.com.br\/deputado\/wp-content\/uploads\/2019\/04\/blog-2019-03-19-reuniao-murtinho-ponte-rota-bioceanica-3-560x420.jpg\" srcset=\"https:\/\/vanderloubet.com.br\/deputado\/wp-content\/uploads\/2019\/04\/blog-2019-03-19-reuniao-murtinho-ponte-rota-bioceanica-3-560x420.jpg 560w, https:\/\/vanderloubet.com.br\/deputado\/wp-content\/uploads\/2019\/04\/blog-2019-03-19-reuniao-murtinho-ponte-rota-bioceanica-3-350x263.jpg 350w, https:\/\/vanderloubet.com.br\/deputado\/wp-content\/uploads\/2019\/04\/blog-2019-03-19-reuniao-murtinho-ponte-rota-bioceanica-3-768x576.jpg 768w, https:\/\/vanderloubet.com.br\/deputado\/wp-content\/uploads\/2019\/04\/blog-2019-03-19-reuniao-murtinho-ponte-rota-bioceanica-3-700x525.jpg 700w, https:\/\/vanderloubet.com.br\/deputado\/wp-content\/uploads\/2019\/04\/blog-2019-03-19-reuniao-murtinho-ponte-rota-bioceanica-3-80x60.jpg 80w, https:\/\/vanderloubet.com.br\/deputado\/wp-content\/uploads\/2019\/04\/blog-2019-03-19-reuniao-murtinho-ponte-rota-bioceanica-3-696x522.jpg 696w, https:\/\/vanderloubet.com.br\/deputado\/wp-content\/uploads\/2019\/04\/blog-2019-03-19-reuniao-murtinho-ponte-rota-bioceanica-3-265x198.jpg 265w, https:\/\/vanderloubet.com.br\/deputado\/wp-content\/uploads\/2019\/04\/blog-2019-03-19-reuniao-murtinho-ponte-rota-bioceanica-3.jpg 960w\" sizes=\"(max-width: 560px) 100vw, 560px\" alt=\"Deputado Vander participou da primeira reuni&atilde;o de trabalho sobre o projeto da ponte sobre Rio Paraguai em Porto Murtinho\">\r\n                            <\/a>\r\n                            <figcaption class = \"td-slide-caption td-gallery-slide-content\"><span>Deputado Vander participou da primeira reuni\u00e3o de trabalho sobre o projeto da ponte sobre Rio Paraguai em Porto Murtinho<\/span><\/figcaption>\r\n                        <\/figure>\r\n                    <\/div>\r\n                    <div class = \"td-slide-item td-item5\">\r\n                        <figure class=\"td-slide-galery-figure td-slide-popup-gallery\">\r\n                            <a class=\"slide-gallery-image-link\" href=\"https:\/\/vanderloubet.com.br\/deputado\/wp-content\/uploads\/2019\/04\/blog-2019-03-19-reuniao-murtinho-ponte-rota-bioceanica-4.jpg\" title=\"Deputado Vander participou da primeira reuni\u00e3o de trabalho sobre o projeto da ponte sobre Rio Paraguai em Porto Murtinho\"  data-caption=\"\"  data-description=\"Deputado Vander participou da primeira reuni&atilde;o de trabalho sobre o projeto da ponte sobre Rio Paraguai em Porto Murtinho\">\r\n                                <img decoding=\"async\" src=\"https:\/\/vanderloubet.com.br\/deputado\/wp-content\/uploads\/2019\/04\/blog-2019-03-19-reuniao-murtinho-ponte-rota-bioceanica-4-560x420.jpg\" srcset=\"https:\/\/vanderloubet.com.br\/deputado\/wp-content\/uploads\/2019\/04\/blog-2019-03-19-reuniao-murtinho-ponte-rota-bioceanica-4-560x420.jpg 560w, https:\/\/vanderloubet.com.br\/deputado\/wp-content\/uploads\/2019\/04\/blog-2019-03-19-reuniao-murtinho-ponte-rota-bioceanica-4-350x263.jpg 350w, https:\/\/vanderloubet.com.br\/deputado\/wp-content\/uploads\/2019\/04\/blog-2019-03-19-reuniao-murtinho-ponte-rota-bioceanica-4-768x576.jpg 768w, https:\/\/vanderloubet.com.br\/deputado\/wp-content\/uploads\/2019\/04\/blog-2019-03-19-reuniao-murtinho-ponte-rota-bioceanica-4-700x525.jpg 700w, https:\/\/vanderloubet.com.br\/deputado\/wp-content\/uploads\/2019\/04\/blog-2019-03-19-reuniao-murtinho-ponte-rota-bioceanica-4-80x60.jpg 80w, https:\/\/vanderloubet.com.br\/deputado\/wp-content\/uploads\/2019\/04\/blog-2019-03-19-reuniao-murtinho-ponte-rota-bioceanica-4-696x522.jpg 696w, https:\/\/vanderloubet.com.br\/deputado\/wp-content\/uploads\/2019\/04\/blog-2019-03-19-reuniao-murtinho-ponte-rota-bioceanica-4-265x198.jpg 265w, https:\/\/vanderloubet.com.br\/deputado\/wp-content\/uploads\/2019\/04\/blog-2019-03-19-reuniao-murtinho-ponte-rota-bioceanica-4.jpg 960w\" sizes=\"(max-width: 560px) 100vw, 560px\" alt=\"Deputado Vander participou da primeira reuni&atilde;o de trabalho sobre o projeto da ponte sobre Rio Paraguai em Porto Murtinho\">\r\n                            <\/a>\r\n                            <figcaption class = \"td-slide-caption td-gallery-slide-content\"><span>Deputado Vander participou da primeira reuni\u00e3o de trabalho sobre o projeto da ponte sobre Rio Paraguai em Porto Murtinho<\/span><\/figcaption>\r\n                        <\/figure>\r\n                    <\/div>\r\n                    <div class = \"td-slide-item td-item6\">\r\n                        <figure class=\"td-slide-galery-figure td-slide-popup-gallery\">\r\n                            <a class=\"slide-gallery-image-link\" href=\"https:\/\/vanderloubet.com.br\/deputado\/wp-content\/uploads\/2019\/04\/blog-2019-03-19-reuniao-murtinho-ponte-rota-bioceanica-5.jpg\" title=\"Deputado Vander participou da primeira reuni\u00e3o de trabalho sobre o projeto da ponte sobre Rio Paraguai em Porto Murtinho\"  data-caption=\"\"  data-description=\"Deputado Vander participou da primeira reuni&atilde;o de trabalho sobre o projeto da ponte sobre Rio Paraguai em Porto Murtinho\">\r\n                                <img decoding=\"async\" src=\"https:\/\/vanderloubet.com.br\/deputado\/wp-content\/uploads\/2019\/04\/blog-2019-03-19-reuniao-murtinho-ponte-rota-bioceanica-5-560x420.jpg\" srcset=\"https:\/\/vanderloubet.com.br\/deputado\/wp-content\/uploads\/2019\/04\/blog-2019-03-19-reuniao-murtinho-ponte-rota-bioceanica-5-560x420.jpg 560w, https:\/\/vanderloubet.com.br\/deputado\/wp-content\/uploads\/2019\/04\/blog-2019-03-19-reuniao-murtinho-ponte-rota-bioceanica-5-350x263.jpg 350w, https:\/\/vanderloubet.com.br\/deputado\/wp-content\/uploads\/2019\/04\/blog-2019-03-19-reuniao-murtinho-ponte-rota-bioceanica-5-768x576.jpg 768w, https:\/\/vanderloubet.com.br\/deputado\/wp-content\/uploads\/2019\/04\/blog-2019-03-19-reuniao-murtinho-ponte-rota-bioceanica-5-700x525.jpg 700w, https:\/\/vanderloubet.com.br\/deputado\/wp-content\/uploads\/2019\/04\/blog-2019-03-19-reuniao-murtinho-ponte-rota-bioceanica-5-80x60.jpg 80w, https:\/\/vanderloubet.com.br\/deputado\/wp-content\/uploads\/2019\/04\/blog-2019-03-19-reuniao-murtinho-ponte-rota-bioceanica-5-696x522.jpg 696w, https:\/\/vanderloubet.com.br\/deputado\/wp-content\/uploads\/2019\/04\/blog-2019-03-19-reuniao-murtinho-ponte-rota-bioceanica-5-265x198.jpg 265w, https:\/\/vanderloubet.com.br\/deputado\/wp-content\/uploads\/2019\/04\/blog-2019-03-19-reuniao-murtinho-ponte-rota-bioceanica-5.jpg 960w\" sizes=\"(max-width: 560px) 100vw, 560px\" alt=\"Deputado Vander participou da primeira reuni&atilde;o de trabalho sobre o projeto da ponte sobre Rio Paraguai em Porto Murtinho\">\r\n                            <\/a>\r\n                            <figcaption class = \"td-slide-caption td-gallery-slide-content\"><span>Deputado Vander participou da primeira reuni\u00e3o de trabalho sobre o projeto da ponte sobre Rio Paraguai em Porto Murtinho<\/span><\/figcaption>\r\n                        <\/figure>\r\n                    <\/div>\r\n                    <div class = \"td-slide-item td-item7\">\r\n                        <figure class=\"td-slide-galery-figure td-slide-popup-gallery\">\r\n                            <a class=\"slide-gallery-image-link\" href=\"https:\/\/vanderloubet.com.br\/deputado\/wp-content\/uploads\/2019\/04\/blog-2019-03-19-reuniao-murtinho-ponte-rota-bioceanica-6.jpg\" title=\"Deputado Vander participou da primeira reuni\u00e3o de trabalho sobre o projeto da ponte sobre Rio Paraguai em Porto Murtinho\"  data-caption=\"\"  data-description=\"Deputado Vander participou da primeira reuni&atilde;o de trabalho sobre o projeto da ponte sobre Rio Paraguai em Porto Murtinho\">\r\n                                <img decoding=\"async\" src=\"https:\/\/vanderloubet.com.br\/deputado\/wp-content\/uploads\/2019\/04\/blog-2019-03-19-reuniao-murtinho-ponte-rota-bioceanica-6-560x420.jpg\" srcset=\"https:\/\/vanderloubet.com.br\/deputado\/wp-content\/uploads\/2019\/04\/blog-2019-03-19-reuniao-murtinho-ponte-rota-bioceanica-6-560x420.jpg 560w, https:\/\/vanderloubet.com.br\/deputado\/wp-content\/uploads\/2019\/04\/blog-2019-03-19-reuniao-murtinho-ponte-rota-bioceanica-6-350x263.jpg 350w, https:\/\/vanderloubet.com.br\/deputado\/wp-content\/uploads\/2019\/04\/blog-2019-03-19-reuniao-murtinho-ponte-rota-bioceanica-6-768x576.jpg 768w, https:\/\/vanderloubet.com.br\/deputado\/wp-content\/uploads\/2019\/04\/blog-2019-03-19-reuniao-murtinho-ponte-rota-bioceanica-6-700x525.jpg 700w, https:\/\/vanderloubet.com.br\/deputado\/wp-content\/uploads\/2019\/04\/blog-2019-03-19-reuniao-murtinho-ponte-rota-bioceanica-6-80x60.jpg 80w, https:\/\/vanderloubet.com.br\/deputado\/wp-content\/uploads\/2019\/04\/blog-2019-03-19-reuniao-murtinho-ponte-rota-bioceanica-6-696x522.jpg 696w, https:\/\/vanderloubet.com.br\/deputado\/wp-content\/uploads\/2019\/04\/blog-2019-03-19-reuniao-murtinho-ponte-rota-bioceanica-6-265x198.jpg 265w, https:\/\/vanderloubet.com.br\/deputado\/wp-content\/uploads\/2019\/04\/blog-2019-03-19-reuniao-murtinho-ponte-rota-bioceanica-6.jpg 960w\" sizes=\"(max-width: 560px) 100vw, 560px\" alt=\"Deputado Vander participou da primeira reuni&atilde;o de trabalho sobre o projeto da ponte sobre Rio Paraguai em Porto Murtinho\">\r\n                            <\/a>\r\n                            <figcaption class = \"td-slide-caption td-gallery-slide-content\"><span>Deputado Vander participou da primeira reuni\u00e3o de trabalho sobre o projeto da ponte sobre Rio Paraguai em Porto Murtinho<\/span><\/figcaption>\r\n                        <\/figure>\r\n                    <\/div>\r\n                    <div class = \"td-slide-item td-item8\">\r\n                        <figure class=\"td-slide-galery-figure td-slide-popup-gallery\">\r\n                            <a class=\"slide-gallery-image-link\" href=\"https:\/\/vanderloubet.com.br\/deputado\/wp-content\/uploads\/2019\/04\/blog-2019-03-19-reuniao-murtinho-ponte-rota-bioceanica-7.jpg\" title=\"Deputado Vander participou da primeira reuni\u00e3o de trabalho sobre o projeto da ponte sobre Rio Paraguai em Porto Murtinho\"  data-caption=\"\"  data-description=\"Deputado Vander participou da primeira reuni&atilde;o de trabalho sobre o projeto da ponte sobre Rio Paraguai em Porto Murtinho\">\r\n                                <img decoding=\"async\" src=\"https:\/\/vanderloubet.com.br\/deputado\/wp-content\/uploads\/2019\/04\/blog-2019-03-19-reuniao-murtinho-ponte-rota-bioceanica-7-560x420.jpg\" srcset=\"https:\/\/vanderloubet.com.br\/deputado\/wp-content\/uploads\/2019\/04\/blog-2019-03-19-reuniao-murtinho-ponte-rota-bioceanica-7-560x420.jpg 560w, https:\/\/vanderloubet.com.br\/deputado\/wp-content\/uploads\/2019\/04\/blog-2019-03-19-reuniao-murtinho-ponte-rota-bioceanica-7-350x263.jpg 350w, https:\/\/vanderloubet.com.br\/deputado\/wp-content\/uploads\/2019\/04\/blog-2019-03-19-reuniao-murtinho-ponte-rota-bioceanica-7-768x576.jpg 768w, https:\/\/vanderloubet.com.br\/deputado\/wp-content\/uploads\/2019\/04\/blog-2019-03-19-reuniao-murtinho-ponte-rota-bioceanica-7-700x525.jpg 700w, https:\/\/vanderloubet.com.br\/deputado\/wp-content\/uploads\/2019\/04\/blog-2019-03-19-reuniao-murtinho-ponte-rota-bioceanica-7-80x60.jpg 80w, https:\/\/vanderloubet.com.br\/deputado\/wp-content\/uploads\/2019\/04\/blog-2019-03-19-reuniao-murtinho-ponte-rota-bioceanica-7-696x522.jpg 696w, https:\/\/vanderloubet.com.br\/deputado\/wp-content\/uploads\/2019\/04\/blog-2019-03-19-reuniao-murtinho-ponte-rota-bioceanica-7-265x198.jpg 265w, https:\/\/vanderloubet.com.br\/deputado\/wp-content\/uploads\/2019\/04\/blog-2019-03-19-reuniao-murtinho-ponte-rota-bioceanica-7.jpg 960w\" sizes=\"(max-width: 560px) 100vw, 560px\" alt=\"Deputado Vander participou da primeira reuni&atilde;o de trabalho sobre o projeto da ponte sobre Rio Paraguai em Porto Murtinho\">\r\n                            <\/a>\r\n                            <figcaption class = \"td-slide-caption td-gallery-slide-content\"><span>Deputado Vander participou da primeira reuni\u00e3o de trabalho sobre o projeto da ponte sobre Rio Paraguai em Porto Murtinho<\/span><\/figcaption>\r\n                        <\/figure>\r\n                    <\/div>\r\n                    <div class = \"td-slide-item td-item9\">\r\n                        <figure class=\"td-slide-galery-figure td-slide-popup-gallery\">\r\n                            <a class=\"slide-gallery-image-link\" href=\"https:\/\/vanderloubet.com.br\/deputado\/wp-content\/uploads\/2019\/04\/foto-2019-04-05-rota-bioceanica.jpg\" title=\"Rota Bioce\u00e2nica interligar\u00e1 portos do Atl\u00e2ntico a portos do Pac\u00edfico\"  data-caption=\"\"  data-description=\"Rota Bioce&acirc;nica interligar&aacute; portos do Atl&acirc;ntico a portos do Pac&iacute;fico\">\r\n                                <img decoding=\"async\" src=\"https:\/\/vanderloubet.com.br\/deputado\/wp-content\/uploads\/2019\/04\/foto-2019-04-05-rota-bioceanica-985x420.jpg\" srcset=\"https:\/\/vanderloubet.com.br\/deputado\/wp-content\/uploads\/2019\/04\/foto-2019-04-05-rota-bioceanica-985x420.jpg 985w, https:\/\/vanderloubet.com.br\/deputado\/wp-content\/uploads\/2019\/04\/foto-2019-04-05-rota-bioceanica-350x149.jpg 350w, https:\/\/vanderloubet.com.br\/deputado\/wp-content\/uploads\/2019\/04\/foto-2019-04-05-rota-bioceanica-768x328.jpg 768w, https:\/\/vanderloubet.com.br\/deputado\/wp-content\/uploads\/2019\/04\/foto-2019-04-05-rota-bioceanica-700x299.jpg 700w, https:\/\/vanderloubet.com.br\/deputado\/wp-content\/uploads\/2019\/04\/foto-2019-04-05-rota-bioceanica-696x297.jpg 696w, https:\/\/vanderloubet.com.br\/deputado\/wp-content\/uploads\/2019\/04\/foto-2019-04-05-rota-bioceanica-1068x456.jpg 1068w, https:\/\/vanderloubet.com.br\/deputado\/wp-content\/uploads\/2019\/04\/foto-2019-04-05-rota-bioceanica.jpg 1280w\" sizes=\"(max-width: 985px) 100vw, 985px\" alt=\"Rota Bioce&acirc;nica interligar&aacute; portos do Atl&acirc;ntico a portos do Pac&iacute;fico\">\r\n                            <\/a>\r\n                            <figcaption class = \"td-slide-caption td-gallery-slide-content\"><span>Rota Bioce\u00e2nica interligar\u00e1 portos do Atl\u00e2ntico a portos do Pac\u00edfico<\/span><\/figcaption>\r\n                        <\/figure>\r\n                    <\/div>\r\n                            <\/div>\r\n                        <\/div>\r\n\r\n                        <div class = \"td-doubleSlider-2\">\r\n                            <div class = \"td-slider\">\r\n                                \r\n                    <div class = \"td-button td-item1\">\r\n                        <div class = \"td-border\"><\/div>\r\n                    <\/div>\r\n                    <div class = \"td-button td-item2\">\r\n                        <div class = \"td-border\"><\/div>\r\n                    <\/div>\r\n                    <div class = \"td-button td-item3\">\r\n                        <div class = \"td-border\"><\/div>\r\n                    <\/div>\r\n                    <div class = \"td-button td-item4\">\r\n                        <div class = \"td-border\"><\/div>\r\n                    <\/div>\r\n                    <div class = \"td-button td-item5\">\r\n                        <div class = \"td-border\"><\/div>\r\n                    <\/div>\r\n                    <div class = \"td-button td-item6\">\r\n                        <div class = \"td-border\"><\/div>\r\n                    <\/div>\r\n                    <div class = \"td-button td-item7\">\r\n                        <div class = \"td-border\"><\/div>\r\n                    <\/div>\r\n                    <div class = \"td-button td-item8\">\r\n                        <div class = \"td-border\"><\/div>\r\n                    <\/div>\r\n                    <div class = \"td-button td-item9\">\r\n                        <div class = \"td-border\"><\/div>\r\n                    <\/div>\r\n                            <\/div>\r\n                        <\/div>\r\n\r\n                    <\/div>\r\n\r\n                <\/div>\r\n                \n","protected":false},"excerpt":{"rendered":"<p>Deputado e ex-deputado destinaram emenda de R$ 600 mil que ser\u00e1 aplicada pela Universidade no estudo.<\/p>\n","protected":false},"author":2,"featured_media":14994,"comment_status":"closed","ping_status":"closed","sticky":false,"template":"","format":"standard","meta":{"jetpack_post_was_ever_published":false,"_jetpack_newsletter_access":"","_jetpack_dont_email_post_to_subs":false,"_jetpack_newsletter_tier_id":0,"_jetpack_memberships_contains_paywalled_content":false,"_jetpack_memberships_contains_paid_content":false,"footnotes":""},"categories":[2099,10],"tags":[2208,2127,2371,2346],"class_list":{"0":"post-14983","1":"post","2":"type-post","3":"status-publish","4":"format-standard","5":"has-post-thumbnail","7":"category-ms-noticias","8":"category-noticias","9":"tag-comercio-exterior","10":"tag-emenda-parlamentar","11":"tag-infraestrutura-rodoviaria","12":"tag-rota-bioceanica"},"yoast_head":"<!-- This site is optimized with the Yoast SEO plugin v27.4 - https:\/\/yoast.com\/product\/yoast-seo-wordpress\/ -->\n<title>Com apoio de Vander e Zeca, UFMS promover\u00e1 grande estudo sobre a Rota Bioc\u00eaanica<\/title>\n<meta name=\"robots\" content=\"index, follow, max-snippet:-1, max-image-preview:large, max-video-preview:-1\" \/>\n<link rel=\"canonical\" href=\"https:\/\/vanderloubet.com.br\/deputado\/com-apoio-de-vander-e-zeca-ufms-promovera-grande-estudo-sobre-a-rota-bioceanica\/\" \/>\n<meta property=\"og:locale\" content=\"pt_BR\" \/>\n<meta property=\"og:type\" content=\"article\" \/>\n<meta property=\"og:title\" content=\"Com apoio de Vander e Zeca, UFMS promover\u00e1 grande estudo sobre a Rota Bioc\u00eaanica\" \/>\n<meta property=\"og:description\" content=\"Deputado e ex-deputado destinaram emenda de R$ 600 mil que ser\u00e1 aplicada pela Universidade no estudo.\" \/>\n<meta property=\"og:url\" content=\"https:\/\/vanderloubet.com.br\/deputado\/com-apoio-de-vander-e-zeca-ufms-promovera-grande-estudo-sobre-a-rota-bioceanica\/\" \/>\n<meta property=\"og:site_name\" content=\"Deputado Federal Vander Loubet\" \/>\n<meta property=\"article:publisher\" content=\"https:\/\/facebook.com\/deputadovander\" \/>\n<meta property=\"article:published_time\" content=\"2019-04-05T13:23:17+00:00\" \/>\n<meta property=\"article:modified_time\" content=\"2020-03-23T02:21:56+00:00\" \/>\n<meta property=\"og:image\" content=\"https:\/\/vanderloubet.com.br\/deputado\/wp-content\/uploads\/2019\/04\/foto-2019-04-05-rota-bioceanica.jpg\" \/>\n\t<meta property=\"og:image:width\" content=\"1280\" \/>\n\t<meta property=\"og:image:height\" content=\"546\" \/>\n\t<meta property=\"og:image:type\" content=\"image\/jpeg\" \/>\n<meta name=\"author\" content=\"\u00c9der\" \/>\n<meta name=\"twitter:card\" content=\"summary_large_image\" \/>\n<meta name=\"twitter:creator\" content=\"@vanderloubet\" \/>\n<meta name=\"twitter:site\" content=\"@vanderloubet\" \/>\n<script type=\"application\/ld+json\" class=\"yoast-schema-graph\">{\"@context\":\"https:\\\/\\\/schema.org\",\"@graph\":[{\"@type\":\"Article\",\"@id\":\"https:\\\/\\\/vanderloubet.com.br\\\/deputado\\\/com-apoio-de-vander-e-zeca-ufms-promovera-grande-estudo-sobre-a-rota-bioceanica\\\/#article\",\"isPartOf\":{\"@id\":\"https:\\\/\\\/vanderloubet.com.br\\\/deputado\\\/com-apoio-de-vander-e-zeca-ufms-promovera-grande-estudo-sobre-a-rota-bioceanica\\\/\"},\"author\":{\"name\":\"\u00c9der\",\"@id\":\"https:\\\/\\\/vanderloubet.com.br\\\/deputado\\\/#\\\/schema\\\/person\\\/15b51bd564532a8a68d9dec1b8eb890e\"},\"headline\":\"Com apoio de Vander e Zeca, UFMS promover\u00e1 grande estudo sobre a Rota Bioc\u00eaanica\",\"datePublished\":\"2019-04-05T13:23:17+00:00\",\"dateModified\":\"2020-03-23T02:21:56+00:00\",\"mainEntityOfPage\":{\"@id\":\"https:\\\/\\\/vanderloubet.com.br\\\/deputado\\\/com-apoio-de-vander-e-zeca-ufms-promovera-grande-estudo-sobre-a-rota-bioceanica\\\/\"},\"wordCount\":681,\"publisher\":{\"@id\":\"https:\\\/\\\/vanderloubet.com.br\\\/deputado\\\/#organization\"},\"image\":{\"@id\":\"https:\\\/\\\/vanderloubet.com.br\\\/deputado\\\/com-apoio-de-vander-e-zeca-ufms-promovera-grande-estudo-sobre-a-rota-bioceanica\\\/#primaryimage\"},\"thumbnailUrl\":\"https:\\\/\\\/vanderloubet.com.br\\\/deputado\\\/wp-content\\\/uploads\\\/2019\\\/04\\\/foto-2019-04-05-rota-bioceanica.jpg\",\"keywords\":[\"com\u00e9rcio exterior\",\"emenda parlamentar\",\"infraestrutura rodovi\u00e1ria\",\"rota bioce\u00e2nica\"],\"articleSection\":[\"Mato Grosso do Sul\",\"Not\u00edcias\"],\"inLanguage\":\"pt-BR\"},{\"@type\":\"WebPage\",\"@id\":\"https:\\\/\\\/vanderloubet.com.br\\\/deputado\\\/com-apoio-de-vander-e-zeca-ufms-promovera-grande-estudo-sobre-a-rota-bioceanica\\\/\",\"url\":\"https:\\\/\\\/vanderloubet.com.br\\\/deputado\\\/com-apoio-de-vander-e-zeca-ufms-promovera-grande-estudo-sobre-a-rota-bioceanica\\\/\",\"name\":\"Com apoio de Vander e Zeca, UFMS promover\u00e1 grande estudo sobre a Rota Bioc\u00eaanica\",\"isPartOf\":{\"@id\":\"https:\\\/\\\/vanderloubet.com.br\\\/deputado\\\/#website\"},\"primaryImageOfPage\":{\"@id\":\"https:\\\/\\\/vanderloubet.com.br\\\/deputado\\\/com-apoio-de-vander-e-zeca-ufms-promovera-grande-estudo-sobre-a-rota-bioceanica\\\/#primaryimage\"},\"image\":{\"@id\":\"https:\\\/\\\/vanderloubet.com.br\\\/deputado\\\/com-apoio-de-vander-e-zeca-ufms-promovera-grande-estudo-sobre-a-rota-bioceanica\\\/#primaryimage\"},\"thumbnailUrl\":\"https:\\\/\\\/vanderloubet.com.br\\\/deputado\\\/wp-content\\\/uploads\\\/2019\\\/04\\\/foto-2019-04-05-rota-bioceanica.jpg\",\"datePublished\":\"2019-04-05T13:23:17+00:00\",\"dateModified\":\"2020-03-23T02:21:56+00:00\",\"breadcrumb\":{\"@id\":\"https:\\\/\\\/vanderloubet.com.br\\\/deputado\\\/com-apoio-de-vander-e-zeca-ufms-promovera-grande-estudo-sobre-a-rota-bioceanica\\\/#breadcrumb\"},\"inLanguage\":\"pt-BR\",\"potentialAction\":[{\"@type\":\"ReadAction\",\"target\":[\"https:\\\/\\\/vanderloubet.com.br\\\/deputado\\\/com-apoio-de-vander-e-zeca-ufms-promovera-grande-estudo-sobre-a-rota-bioceanica\\\/\"]}]},{\"@type\":\"ImageObject\",\"inLanguage\":\"pt-BR\",\"@id\":\"https:\\\/\\\/vanderloubet.com.br\\\/deputado\\\/com-apoio-de-vander-e-zeca-ufms-promovera-grande-estudo-sobre-a-rota-bioceanica\\\/#primaryimage\",\"url\":\"https:\\\/\\\/vanderloubet.com.br\\\/deputado\\\/wp-content\\\/uploads\\\/2019\\\/04\\\/foto-2019-04-05-rota-bioceanica.jpg\",\"contentUrl\":\"https:\\\/\\\/vanderloubet.com.br\\\/deputado\\\/wp-content\\\/uploads\\\/2019\\\/04\\\/foto-2019-04-05-rota-bioceanica.jpg\",\"width\":1280,\"height\":546,\"caption\":\"Rota Bioce\u00e2nica interligar\u00e1 portos do Atl\u00e2ntico a portos do Pac\u00edfico\"},{\"@type\":\"BreadcrumbList\",\"@id\":\"https:\\\/\\\/vanderloubet.com.br\\\/deputado\\\/com-apoio-de-vander-e-zeca-ufms-promovera-grande-estudo-sobre-a-rota-bioceanica\\\/#breadcrumb\",\"itemListElement\":[{\"@type\":\"ListItem\",\"position\":1,\"name\":\"In\u00edcio\",\"item\":\"https:\\\/\\\/vanderloubet.com.br\\\/deputado\\\/\"},{\"@type\":\"ListItem\",\"position\":2,\"name\":\"Com apoio de Vander e Zeca, UFMS promover\u00e1 grande estudo sobre a Rota Bioc\u00eaanica\"}]},{\"@type\":\"WebSite\",\"@id\":\"https:\\\/\\\/vanderloubet.com.br\\\/deputado\\\/#website\",\"url\":\"https:\\\/\\\/vanderloubet.com.br\\\/deputado\\\/\",\"name\":\"Deputado Federal Vander Loubet\",\"description\":\"O Federal de MS\",\"publisher\":{\"@id\":\"https:\\\/\\\/vanderloubet.com.br\\\/deputado\\\/#organization\"},\"alternateName\":\"Deputado Vander\",\"potentialAction\":[{\"@type\":\"SearchAction\",\"target\":{\"@type\":\"EntryPoint\",\"urlTemplate\":\"https:\\\/\\\/vanderloubet.com.br\\\/deputado\\\/?s={search_term_string}\"},\"query-input\":{\"@type\":\"PropertyValueSpecification\",\"valueRequired\":true,\"valueName\":\"search_term_string\"}}],\"inLanguage\":\"pt-BR\"},{\"@type\":\"Organization\",\"@id\":\"https:\\\/\\\/vanderloubet.com.br\\\/deputado\\\/#organization\",\"name\":\"Deputado Federal Vander Loubet\",\"alternateName\":\"Deputado Vander\",\"url\":\"https:\\\/\\\/vanderloubet.com.br\\\/deputado\\\/\",\"logo\":{\"@type\":\"ImageObject\",\"inLanguage\":\"pt-BR\",\"@id\":\"https:\\\/\\\/vanderloubet.com.br\\\/deputado\\\/#\\\/schema\\\/logo\\\/image\\\/\",\"url\":\"https:\\\/\\\/vanderloubet.com.br\\\/deputado\\\/wp-content\\\/uploads\\\/2023\\\/06\\\/foto-2023-06-19-mandato-deputado-vander.jpg\",\"contentUrl\":\"https:\\\/\\\/vanderloubet.com.br\\\/deputado\\\/wp-content\\\/uploads\\\/2023\\\/06\\\/foto-2023-06-19-mandato-deputado-vander.jpg\",\"width\":1080,\"height\":1080,\"caption\":\"Deputado Federal Vander Loubet\"},\"image\":{\"@id\":\"https:\\\/\\\/vanderloubet.com.br\\\/deputado\\\/#\\\/schema\\\/logo\\\/image\\\/\"},\"sameAs\":[\"https:\\\/\\\/facebook.com\\\/deputadovander\",\"https:\\\/\\\/x.com\\\/vanderloubet\",\"https:\\\/\\\/instagram.com\\\/vanderloubet\",\"https:\\\/\\\/youtube.com\\\/vanderloubet\",\"https:\\\/\\\/tiktok.com\\\/@vanderloubetms\"]},{\"@type\":\"Person\",\"@id\":\"https:\\\/\\\/vanderloubet.com.br\\\/deputado\\\/#\\\/schema\\\/person\\\/15b51bd564532a8a68d9dec1b8eb890e\",\"name\":\"\u00c9der\",\"image\":{\"@type\":\"ImageObject\",\"inLanguage\":\"pt-BR\",\"@id\":\"https:\\\/\\\/vanderloubet.com.br\\\/deputado\\\/wp-content\\\/litespeed\\\/avatar\\\/88ca4090d9d5ab1c9495f6ca03b68efa.jpg?ver=1777058957\",\"url\":\"https:\\\/\\\/vanderloubet.com.br\\\/deputado\\\/wp-content\\\/litespeed\\\/avatar\\\/88ca4090d9d5ab1c9495f6ca03b68efa.jpg?ver=1777058957\",\"contentUrl\":\"https:\\\/\\\/vanderloubet.com.br\\\/deputado\\\/wp-content\\\/litespeed\\\/avatar\\\/88ca4090d9d5ab1c9495f6ca03b68efa.jpg?ver=1777058957\",\"caption\":\"\u00c9der\"}}]}<\/script>\n<!-- \/ Yoast SEO plugin. -->","yoast_head_json":{"title":"Com apoio de Vander e Zeca, UFMS promover\u00e1 grande estudo sobre a Rota Bioc\u00eaanica","robots":{"index":"index","follow":"follow","max-snippet":"max-snippet:-1","max-image-preview":"max-image-preview:large","max-video-preview":"max-video-preview:-1"},"canonical":"https:\/\/vanderloubet.com.br\/deputado\/com-apoio-de-vander-e-zeca-ufms-promovera-grande-estudo-sobre-a-rota-bioceanica\/","og_locale":"pt_BR","og_type":"article","og_title":"Com apoio de Vander e Zeca, UFMS promover\u00e1 grande estudo sobre a Rota Bioc\u00eaanica","og_description":"Deputado e ex-deputado destinaram emenda de R$ 600 mil que ser\u00e1 aplicada pela Universidade no estudo.","og_url":"https:\/\/vanderloubet.com.br\/deputado\/com-apoio-de-vander-e-zeca-ufms-promovera-grande-estudo-sobre-a-rota-bioceanica\/","og_site_name":"Deputado Federal Vander Loubet","article_publisher":"https:\/\/facebook.com\/deputadovander","article_published_time":"2019-04-05T13:23:17+00:00","article_modified_time":"2020-03-23T02:21:56+00:00","og_image":[{"width":1280,"height":546,"url":"https:\/\/vanderloubet.com.br\/deputado\/wp-content\/uploads\/2019\/04\/foto-2019-04-05-rota-bioceanica.jpg","type":"image\/jpeg"}],"author":"\u00c9der","twitter_card":"summary_large_image","twitter_creator":"@vanderloubet","twitter_site":"@vanderloubet","schema":{"@context":"https:\/\/schema.org","@graph":[{"@type":"Article","@id":"https:\/\/vanderloubet.com.br\/deputado\/com-apoio-de-vander-e-zeca-ufms-promovera-grande-estudo-sobre-a-rota-bioceanica\/#article","isPartOf":{"@id":"https:\/\/vanderloubet.com.br\/deputado\/com-apoio-de-vander-e-zeca-ufms-promovera-grande-estudo-sobre-a-rota-bioceanica\/"},"author":{"name":"\u00c9der","@id":"https:\/\/vanderloubet.com.br\/deputado\/#\/schema\/person\/15b51bd564532a8a68d9dec1b8eb890e"},"headline":"Com apoio de Vander e Zeca, UFMS promover\u00e1 grande estudo sobre a Rota Bioc\u00eaanica","datePublished":"2019-04-05T13:23:17+00:00","dateModified":"2020-03-23T02:21:56+00:00","mainEntityOfPage":{"@id":"https:\/\/vanderloubet.com.br\/deputado\/com-apoio-de-vander-e-zeca-ufms-promovera-grande-estudo-sobre-a-rota-bioceanica\/"},"wordCount":681,"publisher":{"@id":"https:\/\/vanderloubet.com.br\/deputado\/#organization"},"image":{"@id":"https:\/\/vanderloubet.com.br\/deputado\/com-apoio-de-vander-e-zeca-ufms-promovera-grande-estudo-sobre-a-rota-bioceanica\/#primaryimage"},"thumbnailUrl":"https:\/\/vanderloubet.com.br\/deputado\/wp-content\/uploads\/2019\/04\/foto-2019-04-05-rota-bioceanica.jpg","keywords":["com\u00e9rcio exterior","emenda parlamentar","infraestrutura rodovi\u00e1ria","rota bioce\u00e2nica"],"articleSection":["Mato Grosso do Sul","Not\u00edcias"],"inLanguage":"pt-BR"},{"@type":"WebPage","@id":"https:\/\/vanderloubet.com.br\/deputado\/com-apoio-de-vander-e-zeca-ufms-promovera-grande-estudo-sobre-a-rota-bioceanica\/","url":"https:\/\/vanderloubet.com.br\/deputado\/com-apoio-de-vander-e-zeca-ufms-promovera-grande-estudo-sobre-a-rota-bioceanica\/","name":"Com apoio de Vander e Zeca, UFMS promover\u00e1 grande estudo sobre a Rota Bioc\u00eaanica","isPartOf":{"@id":"https:\/\/vanderloubet.com.br\/deputado\/#website"},"primaryImageOfPage":{"@id":"https:\/\/vanderloubet.com.br\/deputado\/com-apoio-de-vander-e-zeca-ufms-promovera-grande-estudo-sobre-a-rota-bioceanica\/#primaryimage"},"image":{"@id":"https:\/\/vanderloubet.com.br\/deputado\/com-apoio-de-vander-e-zeca-ufms-promovera-grande-estudo-sobre-a-rota-bioceanica\/#primaryimage"},"thumbnailUrl":"https:\/\/vanderloubet.com.br\/deputado\/wp-content\/uploads\/2019\/04\/foto-2019-04-05-rota-bioceanica.jpg","datePublished":"2019-04-05T13:23:17+00:00","dateModified":"2020-03-23T02:21:56+00:00","breadcrumb":{"@id":"https:\/\/vanderloubet.com.br\/deputado\/com-apoio-de-vander-e-zeca-ufms-promovera-grande-estudo-sobre-a-rota-bioceanica\/#breadcrumb"},"inLanguage":"pt-BR","potentialAction":[{"@type":"ReadAction","target":["https:\/\/vanderloubet.com.br\/deputado\/com-apoio-de-vander-e-zeca-ufms-promovera-grande-estudo-sobre-a-rota-bioceanica\/"]}]},{"@type":"ImageObject","inLanguage":"pt-BR","@id":"https:\/\/vanderloubet.com.br\/deputado\/com-apoio-de-vander-e-zeca-ufms-promovera-grande-estudo-sobre-a-rota-bioceanica\/#primaryimage","url":"https:\/\/vanderloubet.com.br\/deputado\/wp-content\/uploads\/2019\/04\/foto-2019-04-05-rota-bioceanica.jpg","contentUrl":"https:\/\/vanderloubet.com.br\/deputado\/wp-content\/uploads\/2019\/04\/foto-2019-04-05-rota-bioceanica.jpg","width":1280,"height":546,"caption":"Rota Bioce\u00e2nica interligar\u00e1 portos do Atl\u00e2ntico a portos do Pac\u00edfico"},{"@type":"BreadcrumbList","@id":"https:\/\/vanderloubet.com.br\/deputado\/com-apoio-de-vander-e-zeca-ufms-promovera-grande-estudo-sobre-a-rota-bioceanica\/#breadcrumb","itemListElement":[{"@type":"ListItem","position":1,"name":"In\u00edcio","item":"https:\/\/vanderloubet.com.br\/deputado\/"},{"@type":"ListItem","position":2,"name":"Com apoio de Vander e Zeca, UFMS promover\u00e1 grande estudo sobre a Rota Bioc\u00eaanica"}]},{"@type":"WebSite","@id":"https:\/\/vanderloubet.com.br\/deputado\/#website","url":"https:\/\/vanderloubet.com.br\/deputado\/","name":"Deputado Federal Vander Loubet","description":"O Federal de MS","publisher":{"@id":"https:\/\/vanderloubet.com.br\/deputado\/#organization"},"alternateName":"Deputado Vander","potentialAction":[{"@type":"SearchAction","target":{"@type":"EntryPoint","urlTemplate":"https:\/\/vanderloubet.com.br\/deputado\/?s={search_term_string}"},"query-input":{"@type":"PropertyValueSpecification","valueRequired":true,"valueName":"search_term_string"}}],"inLanguage":"pt-BR"},{"@type":"Organization","@id":"https:\/\/vanderloubet.com.br\/deputado\/#organization","name":"Deputado Federal Vander Loubet","alternateName":"Deputado Vander","url":"https:\/\/vanderloubet.com.br\/deputado\/","logo":{"@type":"ImageObject","inLanguage":"pt-BR","@id":"https:\/\/vanderloubet.com.br\/deputado\/#\/schema\/logo\/image\/","url":"https:\/\/vanderloubet.com.br\/deputado\/wp-content\/uploads\/2023\/06\/foto-2023-06-19-mandato-deputado-vander.jpg","contentUrl":"https:\/\/vanderloubet.com.br\/deputado\/wp-content\/uploads\/2023\/06\/foto-2023-06-19-mandato-deputado-vander.jpg","width":1080,"height":1080,"caption":"Deputado Federal Vander Loubet"},"image":{"@id":"https:\/\/vanderloubet.com.br\/deputado\/#\/schema\/logo\/image\/"},"sameAs":["https:\/\/facebook.com\/deputadovander","https:\/\/x.com\/vanderloubet","https:\/\/instagram.com\/vanderloubet","https:\/\/youtube.com\/vanderloubet","https:\/\/tiktok.com\/@vanderloubetms"]},{"@type":"Person","@id":"https:\/\/vanderloubet.com.br\/deputado\/#\/schema\/person\/15b51bd564532a8a68d9dec1b8eb890e","name":"\u00c9der","image":{"@type":"ImageObject","inLanguage":"pt-BR","@id":"https:\/\/vanderloubet.com.br\/deputado\/wp-content\/litespeed\/avatar\/88ca4090d9d5ab1c9495f6ca03b68efa.jpg?ver=1777058957","url":"https:\/\/vanderloubet.com.br\/deputado\/wp-content\/litespeed\/avatar\/88ca4090d9d5ab1c9495f6ca03b68efa.jpg?ver=1777058957","contentUrl":"https:\/\/vanderloubet.com.br\/deputado\/wp-content\/litespeed\/avatar\/88ca4090d9d5ab1c9495f6ca03b68efa.jpg?ver=1777058957","caption":"\u00c9der"}}]}},"jetpack_featured_media_url":"https:\/\/vanderloubet.com.br\/deputado\/wp-content\/uploads\/2019\/04\/foto-2019-04-05-rota-bioceanica.jpg","jetpack_sharing_enabled":true,"_links":{"self":[{"href":"https:\/\/vanderloubet.com.br\/deputado\/wp-json\/wp\/v2\/posts\/14983","targetHints":{"allow":["GET"]}}],"collection":[{"href":"https:\/\/vanderloubet.com.br\/deputado\/wp-json\/wp\/v2\/posts"}],"about":[{"href":"https:\/\/vanderloubet.com.br\/deputado\/wp-json\/wp\/v2\/types\/post"}],"author":[{"embeddable":true,"href":"https:\/\/vanderloubet.com.br\/deputado\/wp-json\/wp\/v2\/users\/2"}],"replies":[{"embeddable":true,"href":"https:\/\/vanderloubet.com.br\/deputado\/wp-json\/wp\/v2\/comments?post=14983"}],"version-history":[{"count":0,"href":"https:\/\/vanderloubet.com.br\/deputado\/wp-json\/wp\/v2\/posts\/14983\/revisions"}],"wp:featuredmedia":[{"embeddable":true,"href":"https:\/\/vanderloubet.com.br\/deputado\/wp-json\/wp\/v2\/media\/14994"}],"wp:attachment":[{"href":"https:\/\/vanderloubet.com.br\/deputado\/wp-json\/wp\/v2\/media?parent=14983"}],"wp:term":[{"taxonomy":"category","embeddable":true,"href":"https:\/\/vanderloubet.com.br\/deputado\/wp-json\/wp\/v2\/categories?post=14983"},{"taxonomy":"post_tag","embeddable":true,"href":"https:\/\/vanderloubet.com.br\/deputado\/wp-json\/wp\/v2\/tags?post=14983"}],"curies":[{"name":"wp","href":"https:\/\/api.w.org\/{rel}","templated":true}]}}