{"id":14853,"date":"2019-04-01T11:49:14","date_gmt":"2019-04-01T15:49:14","guid":{"rendered":"http:\/\/vanderloubet.com.br\/deputado\/?p=14853"},"modified":"2019-04-01T21:48:58","modified_gmt":"2019-04-02T01:48:58","slug":"boletim-mandato-em-movimento-01","status":"publish","type":"post","link":"https:\/\/vanderloubet.com.br\/deputado\/boletim-mandato-em-movimento-01\/","title":{"rendered":"Boletim &#8220;Mandato em Movimento&#8221; (N\u00ba 1)"},"content":{"rendered":"<p>Confira os destaques do trabalho da assessoria parlamentar do deputado federal Vander Loubet:<\/p>\n<p><strong>Agenda com novo coordenador da Funai na Capital<\/strong><\/p>\n<p>No dia 19 de mar\u00e7o, o assessor parlamentar Dionedison Terena esteve na sede da Coordena\u00e7\u00e3o Regional da Funda\u00e7\u00e3o Nacional do \u00cdndio (Funai) de Campo Grande para uma agenda com Henrique Dias, novo coordenador da autarquia.<\/p>\n<p>Na pauta esteve uma emenda parlamentar do deputado Vander e do ex-deputado Zeca do PT destinada para a aquisi\u00e7\u00e3o de quatro tratores agr\u00edcolas para atender as aldeias Barreirinho (Dois Irm\u00e3os do Buriti), Buritizinho (Aquidauana) e \u00c1gua Branca (Aquidauana) e a Comunidade Ind\u00edgena Boa Esperan\u00e7a Pilad Rebua (Miranda).<\/p>\n<p>Na ocasi\u00e3o, o novo coordenador da Funai na Capital agradeceu o empenho de Vander e de Zeca no atendimento \u00e0s necessidades das comunidades ind\u00edgenas de Mato Grosso do Sul.<\/p>\n<p><img decoding=\"async\" class=\"alignnone size-large wp-image-14854\" src=\"http:\/\/vanderloubet.com.br\/deputado\/wp-content\/uploads\/2019\/04\/foto-2019-04-01-boletim-reuniao-funai-cg-700x467.jpg\" alt=\"O assessor Dionedison Terena e o novo coordenador da Funai da Capital, Henrique Dias.\" width=\"696\" height=\"464\" srcset=\"https:\/\/vanderloubet.com.br\/deputado\/wp-content\/uploads\/2019\/04\/foto-2019-04-01-boletim-reuniao-funai-cg-700x467.jpg 700w, https:\/\/vanderloubet.com.br\/deputado\/wp-content\/uploads\/2019\/04\/foto-2019-04-01-boletim-reuniao-funai-cg-350x233.jpg 350w, https:\/\/vanderloubet.com.br\/deputado\/wp-content\/uploads\/2019\/04\/foto-2019-04-01-boletim-reuniao-funai-cg-768x512.jpg 768w, https:\/\/vanderloubet.com.br\/deputado\/wp-content\/uploads\/2019\/04\/foto-2019-04-01-boletim-reuniao-funai-cg-630x420.jpg 630w, https:\/\/vanderloubet.com.br\/deputado\/wp-content\/uploads\/2019\/04\/foto-2019-04-01-boletim-reuniao-funai-cg-696x464.jpg 696w, https:\/\/vanderloubet.com.br\/deputado\/wp-content\/uploads\/2019\/04\/foto-2019-04-01-boletim-reuniao-funai-cg.jpg 960w\" sizes=\"(max-width: 696px) 100vw, 696px\" \/><\/p>\n<p><strong>MPV 871 e Frente em Defesa da PRF<\/strong><\/p>\n<p>Em 21 de mar\u00e7o, o chefe do gabinete em Bras\u00edlia, professor Ido Michels, recepcionou Edir Jos\u00e9 Celestino e Nelson Ara\u00fajo, dirigentes da Associa\u00e7\u00e3o dos Ferrovi\u00e1rios, Aposentados, Pensionistas, Demitidos e Idosos de Mato Grosso do Sul (Afapedi-MS), e Luiz Felipe Mendes, vice-presidente da Federa\u00e7\u00e3o dos Aposentados e Pensionistas de Mato Grosso do Sul (Fapems). Os sindicalistas reivindicaram apoio do deputado Vander Loubet para a derrubada da Medida Provis\u00f3ria (MPV) n\u00ba 871\/19, que modifica as regras de concess\u00e3o de benef\u00edcios e ataca as entidades que trabalham em defesa dos direitos dos trabalhadores e de aposentados.<\/p>\n<p>No mesmo dia, Ido atendeu representantes de policiais rodovi\u00e1rios federais de Mato Grosso do Sul: Artur da Cunha, Wanderley Santos e Gabriel Lugo. Na ocasi\u00e3o, foi oficializada a ades\u00e3o de Vander Loubet \u00e0 Frente Parlamentar em Defesa da Pol\u00edcia Rodovi\u00e1ria Federal (PRF).<\/p>\n\r\n                <style type=\"text\/css\">\r\n                    \r\n                    #tdi_1  .td-doubleSlider-2 .td-item1 {\r\n                        background: url(https:\/\/vanderloubet.com.br\/deputado\/wp-content\/uploads\/2019\/04\/foto-2019-04-01-boletim-afapedi-fapems-80x60.jpg) 0 0 no-repeat;\r\n                    }\r\n                    #tdi_1  .td-doubleSlider-2 .td-item2 {\r\n                        background: url(https:\/\/vanderloubet.com.br\/deputado\/wp-content\/uploads\/2019\/04\/foto-2019-04-01-boletim-frente-prf-01-80x60.jpg) 0 0 no-repeat;\r\n                    }\r\n                    #tdi_1  .td-doubleSlider-2 .td-item3 {\r\n                        background: url(https:\/\/vanderloubet.com.br\/deputado\/wp-content\/uploads\/2019\/04\/foto-2019-04-01-boletim-frente-prf-02-80x60.jpg) 0 0 no-repeat;\r\n                    }\r\n                <\/style>\r\n\r\n                <div id=\"tdi_1\" class=\"td-gallery td-slide-on-2-columns\">\r\n                    <div class=\"post_td_gallery\">\r\n                        <div class=\"td-gallery-slide-top\">\r\n                           <div class=\"td-gallery-title\"><\/div>\r\n\r\n                            <div class=\"td-gallery-controls-wrapper\">\r\n                                <div class=\"td-gallery-slide-count\"><span class=\"td-gallery-slide-item-focus\">1<\/span> de 3<\/div>\r\n                                <div class=\"td-gallery-slide-prev-next-but\">\r\n                                    <i class = \"td-icon-left doubleSliderPrevButton\"><\/i>\r\n                                    <i class = \"td-icon-right doubleSliderNextButton\"><\/i>\r\n                                <\/div>\r\n                            <\/div>\r\n                        <\/div>\r\n\r\n                        <div class = \"td-doubleSlider-1 \">\r\n                            <div class = \"td-slider\">\r\n                                \r\n                    <div class = \"td-slide-item td-item1\">\r\n                        <figure class=\"td-slide-galery-figure td-slide-popup-gallery\">\r\n                            <a class=\"slide-gallery-image-link\" href=\"https:\/\/vanderloubet.com.br\/deputado\/wp-content\/uploads\/2019\/04\/foto-2019-04-01-boletim-afapedi-fapems.jpg\" title=\"Prof. Ido recebemdo as lideran\u00e7as sindicais de ferrovi\u00e1rios e aposentados\"  data-caption=\"\"  data-description=\"Prof. Ido recebemdo as lideran&ccedil;as sindicais de ferrovi&aacute;rios e aposentados\">\r\n                                <img decoding=\"async\" src=\"https:\/\/vanderloubet.com.br\/deputado\/wp-content\/uploads\/2019\/04\/foto-2019-04-01-boletim-afapedi-fapems-560x420.jpg\" srcset=\"https:\/\/vanderloubet.com.br\/deputado\/wp-content\/uploads\/2019\/04\/foto-2019-04-01-boletim-afapedi-fapems-560x420.jpg 560w, https:\/\/vanderloubet.com.br\/deputado\/wp-content\/uploads\/2019\/04\/foto-2019-04-01-boletim-afapedi-fapems-350x263.jpg 350w, https:\/\/vanderloubet.com.br\/deputado\/wp-content\/uploads\/2019\/04\/foto-2019-04-01-boletim-afapedi-fapems-768x576.jpg 768w, https:\/\/vanderloubet.com.br\/deputado\/wp-content\/uploads\/2019\/04\/foto-2019-04-01-boletim-afapedi-fapems-700x525.jpg 700w, https:\/\/vanderloubet.com.br\/deputado\/wp-content\/uploads\/2019\/04\/foto-2019-04-01-boletim-afapedi-fapems-80x60.jpg 80w, https:\/\/vanderloubet.com.br\/deputado\/wp-content\/uploads\/2019\/04\/foto-2019-04-01-boletim-afapedi-fapems-696x522.jpg 696w, https:\/\/vanderloubet.com.br\/deputado\/wp-content\/uploads\/2019\/04\/foto-2019-04-01-boletim-afapedi-fapems-265x198.jpg 265w, https:\/\/vanderloubet.com.br\/deputado\/wp-content\/uploads\/2019\/04\/foto-2019-04-01-boletim-afapedi-fapems.jpg 960w\" sizes=\"(max-width: 560px) 100vw, 560px\" alt=\"Prof. Ido recebemdo as lideran&ccedil;as sindicais de ferrovi&aacute;rios e aposentados\">\r\n                            <\/a>\r\n                            <figcaption class = \"td-slide-caption td-gallery-slide-content\"><span>Prof. Ido recebemdo as lideran\u00e7as sindicais de ferrovi\u00e1rios e aposentados<\/span><\/figcaption>\r\n                        <\/figure>\r\n                    <\/div>\r\n                    <div class = \"td-slide-item td-item2\">\r\n                        <figure class=\"td-slide-galery-figure td-slide-popup-gallery\">\r\n                            <a class=\"slide-gallery-image-link\" href=\"https:\/\/vanderloubet.com.br\/deputado\/wp-content\/uploads\/2019\/04\/foto-2019-04-01-boletim-frente-prf-01.jpg\" title=\"Agentes da PRF de MS no gabinete do deputado com o chefe de gabinete Ido Michels\"  data-caption=\"\"  data-description=\"Agentes da PRF de MS no gabinete do deputado com o chefe de gabinete Ido Michels\">\r\n                                <img decoding=\"async\" src=\"https:\/\/vanderloubet.com.br\/deputado\/wp-content\/uploads\/2019\/04\/foto-2019-04-01-boletim-frente-prf-01-560x420.jpg\" srcset=\"https:\/\/vanderloubet.com.br\/deputado\/wp-content\/uploads\/2019\/04\/foto-2019-04-01-boletim-frente-prf-01-560x420.jpg 560w, https:\/\/vanderloubet.com.br\/deputado\/wp-content\/uploads\/2019\/04\/foto-2019-04-01-boletim-frente-prf-01-350x263.jpg 350w, https:\/\/vanderloubet.com.br\/deputado\/wp-content\/uploads\/2019\/04\/foto-2019-04-01-boletim-frente-prf-01-768x576.jpg 768w, https:\/\/vanderloubet.com.br\/deputado\/wp-content\/uploads\/2019\/04\/foto-2019-04-01-boletim-frente-prf-01-700x525.jpg 700w, https:\/\/vanderloubet.com.br\/deputado\/wp-content\/uploads\/2019\/04\/foto-2019-04-01-boletim-frente-prf-01-80x60.jpg 80w, https:\/\/vanderloubet.com.br\/deputado\/wp-content\/uploads\/2019\/04\/foto-2019-04-01-boletim-frente-prf-01-696x522.jpg 696w, https:\/\/vanderloubet.com.br\/deputado\/wp-content\/uploads\/2019\/04\/foto-2019-04-01-boletim-frente-prf-01-265x198.jpg 265w, https:\/\/vanderloubet.com.br\/deputado\/wp-content\/uploads\/2019\/04\/foto-2019-04-01-boletim-frente-prf-01.jpg 960w\" sizes=\"(max-width: 560px) 100vw, 560px\" alt=\"Agentes da PRF de MS no gabinete do deputado com o chefe de gabinete Ido Michels\">\r\n                            <\/a>\r\n                            <figcaption class = \"td-slide-caption td-gallery-slide-content\"><span>Agentes da PRF de MS no gabinete do deputado com o chefe de gabinete Ido Michels<\/span><\/figcaption>\r\n                        <\/figure>\r\n                    <\/div>\r\n                    <div class = \"td-slide-item td-item3\">\r\n                        <figure class=\"td-slide-galery-figure td-slide-popup-gallery\">\r\n                            <a class=\"slide-gallery-image-link\" href=\"https:\/\/vanderloubet.com.br\/deputado\/wp-content\/uploads\/2019\/04\/foto-2019-04-01-boletim-frente-prf-02.jpg\" title=\"Deputado Vander aderiu \u00e0 Frente Parlamentar em Defesa da PRF\"  data-caption=\"\"  data-description=\"Deputado Vander aderiu &agrave; Frente Parlamentar em Defesa da PRF\">\r\n                                <img decoding=\"async\" src=\"https:\/\/vanderloubet.com.br\/deputado\/wp-content\/uploads\/2019\/04\/foto-2019-04-01-boletim-frente-prf-02-560x420.jpg\" srcset=\"https:\/\/vanderloubet.com.br\/deputado\/wp-content\/uploads\/2019\/04\/foto-2019-04-01-boletim-frente-prf-02-560x420.jpg 560w, https:\/\/vanderloubet.com.br\/deputado\/wp-content\/uploads\/2019\/04\/foto-2019-04-01-boletim-frente-prf-02-350x263.jpg 350w, https:\/\/vanderloubet.com.br\/deputado\/wp-content\/uploads\/2019\/04\/foto-2019-04-01-boletim-frente-prf-02-768x576.jpg 768w, https:\/\/vanderloubet.com.br\/deputado\/wp-content\/uploads\/2019\/04\/foto-2019-04-01-boletim-frente-prf-02-700x525.jpg 700w, https:\/\/vanderloubet.com.br\/deputado\/wp-content\/uploads\/2019\/04\/foto-2019-04-01-boletim-frente-prf-02-80x60.jpg 80w, https:\/\/vanderloubet.com.br\/deputado\/wp-content\/uploads\/2019\/04\/foto-2019-04-01-boletim-frente-prf-02-696x522.jpg 696w, https:\/\/vanderloubet.com.br\/deputado\/wp-content\/uploads\/2019\/04\/foto-2019-04-01-boletim-frente-prf-02-265x198.jpg 265w, https:\/\/vanderloubet.com.br\/deputado\/wp-content\/uploads\/2019\/04\/foto-2019-04-01-boletim-frente-prf-02.jpg 960w\" sizes=\"(max-width: 560px) 100vw, 560px\" alt=\"Deputado Vander aderiu &agrave; Frente Parlamentar em Defesa da PRF\">\r\n                            <\/a>\r\n                            <figcaption class = \"td-slide-caption td-gallery-slide-content\"><span>Deputado Vander aderiu \u00e0 Frente Parlamentar em Defesa da PRF<\/span><\/figcaption>\r\n                        <\/figure>\r\n                    <\/div>\r\n                            <\/div>\r\n                        <\/div>\r\n\r\n                        <div class = \"td-doubleSlider-2\">\r\n                            <div class = \"td-slider\">\r\n                                \r\n                    <div class = \"td-button td-item1\">\r\n                        <div class = \"td-border\"><\/div>\r\n                    <\/div>\r\n                    <div class = \"td-button td-item2\">\r\n                        <div class = \"td-border\"><\/div>\r\n                    <\/div>\r\n                    <div class = \"td-button td-item3\">\r\n                        <div class = \"td-border\"><\/div>\r\n                    <\/div>\r\n                            <\/div>\r\n                        <\/div>\r\n\r\n                    <\/div>\r\n\r\n                <\/div>\r\n                \n<p><strong>Luta em defesa da Sesai<\/strong><\/p>\n<p>No dia 29 de mar\u00e7o, o assessor parlamentar Dionedison Terena esteve ao lado do povo ind\u00edgena Terena na rodovia BR-262, entre os munic\u00edpios de Aquidauana e Miranda, onde foi realizado um ato de protesto contra a proposta do governo federal de extinguir a Secretaria Especial de Sa\u00fade Ind\u00edgena (Sesai) e municipalizar os servi\u00e7os p\u00fablicos de sa\u00fade prestado \u00e0s aldeias.<\/p>\n\r\n                <style type=\"text\/css\">\r\n                    \r\n                    #tdi_2  .td-doubleSlider-2 .td-item1 {\r\n                        background: url(https:\/\/vanderloubet.com.br\/deputado\/wp-content\/uploads\/2019\/04\/foto-2019-04-01-boletim-protesto-sesai-01-80x60.jpg) 0 0 no-repeat;\r\n                    }\r\n                    #tdi_2  .td-doubleSlider-2 .td-item2 {\r\n                        background: url(https:\/\/vanderloubet.com.br\/deputado\/wp-content\/uploads\/2019\/04\/foto-2019-04-01-boletim-protesto-sesai-02-80x60.jpg) 0 0 no-repeat;\r\n                    }\r\n                    #tdi_2  .td-doubleSlider-2 .td-item3 {\r\n                        background: url(https:\/\/vanderloubet.com.br\/deputado\/wp-content\/uploads\/2019\/04\/foto-2019-04-01-boletim-protesto-sesai-03-80x60.jpg) 0 0 no-repeat;\r\n                    }\r\n                    #tdi_2  .td-doubleSlider-2 .td-item4 {\r\n                        background: url(https:\/\/vanderloubet.com.br\/deputado\/wp-content\/uploads\/2019\/04\/foto-2019-04-01-boletim-protesto-sesai-04-80x60.jpg) 0 0 no-repeat;\r\n                    }\r\n                    #tdi_2  .td-doubleSlider-2 .td-item5 {\r\n                        background: url(https:\/\/vanderloubet.com.br\/deputado\/wp-content\/uploads\/2019\/04\/foto-2019-04-01-boletim-protesto-sesai-05-80x60.jpg) 0 0 no-repeat;\r\n                    }\r\n                    #tdi_2  .td-doubleSlider-2 .td-item6 {\r\n                        background: url(https:\/\/vanderloubet.com.br\/deputado\/wp-content\/uploads\/2019\/04\/foto-2019-04-01-boletim-protesto-sesai-06-80x60.jpg) 0 0 no-repeat;\r\n                    }\r\n                    #tdi_2  .td-doubleSlider-2 .td-item7 {\r\n                        background: url(https:\/\/vanderloubet.com.br\/deputado\/wp-content\/uploads\/2019\/04\/foto-2019-04-01-boletim-protesto-sesai-07-80x60.jpg) 0 0 no-repeat;\r\n                    }\r\n                    #tdi_2  .td-doubleSlider-2 .td-item8 {\r\n                        background: url(https:\/\/vanderloubet.com.br\/deputado\/wp-content\/uploads\/2019\/04\/foto-2019-04-01-boletim-protesto-sesai-08-80x60.jpg) 0 0 no-repeat;\r\n                    }\r\n                <\/style>\r\n\r\n                <div id=\"tdi_2\" class=\"td-gallery td-slide-on-2-columns\">\r\n                    <div class=\"post_td_gallery\">\r\n                        <div class=\"td-gallery-slide-top\">\r\n                           <div class=\"td-gallery-title\"><\/div>\r\n\r\n                            <div class=\"td-gallery-controls-wrapper\">\r\n                                <div class=\"td-gallery-slide-count\"><span class=\"td-gallery-slide-item-focus\">1<\/span> de 8<\/div>\r\n                                <div class=\"td-gallery-slide-prev-next-but\">\r\n                                    <i class = \"td-icon-left doubleSliderPrevButton\"><\/i>\r\n                                    <i class = \"td-icon-right doubleSliderNextButton\"><\/i>\r\n                                <\/div>\r\n                            <\/div>\r\n                        <\/div>\r\n\r\n                        <div class = \"td-doubleSlider-1 \">\r\n                            <div class = \"td-slider\">\r\n                                \r\n                    <div class = \"td-slide-item td-item1\">\r\n                        <figure class=\"td-slide-galery-figure td-slide-popup-gallery\">\r\n                            <a class=\"slide-gallery-image-link\" href=\"https:\/\/vanderloubet.com.br\/deputado\/wp-content\/uploads\/2019\/04\/foto-2019-04-01-boletim-protesto-sesai-01.jpg\" title=\"Ind\u00edgenas protestaram na BR-262 em defesa da Sesai\"  data-caption=\"\"  data-description=\"Ind&iacute;genas protestaram na BR-262 em defesa da Sesai\">\r\n                                <img decoding=\"async\" src=\"https:\/\/vanderloubet.com.br\/deputado\/wp-content\/uploads\/2019\/04\/foto-2019-04-01-boletim-protesto-sesai-01-560x420.jpg\" srcset=\"https:\/\/vanderloubet.com.br\/deputado\/wp-content\/uploads\/2019\/04\/foto-2019-04-01-boletim-protesto-sesai-01-560x420.jpg 560w, https:\/\/vanderloubet.com.br\/deputado\/wp-content\/uploads\/2019\/04\/foto-2019-04-01-boletim-protesto-sesai-01-350x263.jpg 350w, https:\/\/vanderloubet.com.br\/deputado\/wp-content\/uploads\/2019\/04\/foto-2019-04-01-boletim-protesto-sesai-01-700x525.jpg 700w, https:\/\/vanderloubet.com.br\/deputado\/wp-content\/uploads\/2019\/04\/foto-2019-04-01-boletim-protesto-sesai-01-80x60.jpg 80w, https:\/\/vanderloubet.com.br\/deputado\/wp-content\/uploads\/2019\/04\/foto-2019-04-01-boletim-protesto-sesai-01-696x522.jpg 696w, https:\/\/vanderloubet.com.br\/deputado\/wp-content\/uploads\/2019\/04\/foto-2019-04-01-boletim-protesto-sesai-01-265x198.jpg 265w, https:\/\/vanderloubet.com.br\/deputado\/wp-content\/uploads\/2019\/04\/foto-2019-04-01-boletim-protesto-sesai-01.jpg 720w\" sizes=\"(max-width: 560px) 100vw, 560px\" alt=\"Ind&iacute;genas protestaram na BR-262 em defesa da Sesai\">\r\n                            <\/a>\r\n                            <figcaption class = \"td-slide-caption td-gallery-slide-content\"><span>Ind\u00edgenas protestaram na BR-262 em defesa da Sesai<\/span><\/figcaption>\r\n                        <\/figure>\r\n                    <\/div>\r\n                    <div class = \"td-slide-item td-item2\">\r\n                        <figure class=\"td-slide-galery-figure td-slide-popup-gallery\">\r\n                            <a class=\"slide-gallery-image-link\" href=\"https:\/\/vanderloubet.com.br\/deputado\/wp-content\/uploads\/2019\/04\/foto-2019-04-01-boletim-protesto-sesai-02.jpg\" title=\"Ind\u00edgenas protestaram na BR-262 em defesa da Sesai\"  data-caption=\"\"  data-description=\"Ind&iacute;genas protestaram na BR-262 em defesa da Sesai\">\r\n                                <img decoding=\"async\" src=\"https:\/\/vanderloubet.com.br\/deputado\/wp-content\/uploads\/2019\/04\/foto-2019-04-01-boletim-protesto-sesai-02-560x420.jpg\" srcset=\"https:\/\/vanderloubet.com.br\/deputado\/wp-content\/uploads\/2019\/04\/foto-2019-04-01-boletim-protesto-sesai-02-560x420.jpg 560w, https:\/\/vanderloubet.com.br\/deputado\/wp-content\/uploads\/2019\/04\/foto-2019-04-01-boletim-protesto-sesai-02-350x263.jpg 350w, https:\/\/vanderloubet.com.br\/deputado\/wp-content\/uploads\/2019\/04\/foto-2019-04-01-boletim-protesto-sesai-02-700x525.jpg 700w, https:\/\/vanderloubet.com.br\/deputado\/wp-content\/uploads\/2019\/04\/foto-2019-04-01-boletim-protesto-sesai-02-80x60.jpg 80w, https:\/\/vanderloubet.com.br\/deputado\/wp-content\/uploads\/2019\/04\/foto-2019-04-01-boletim-protesto-sesai-02-696x522.jpg 696w, https:\/\/vanderloubet.com.br\/deputado\/wp-content\/uploads\/2019\/04\/foto-2019-04-01-boletim-protesto-sesai-02-265x198.jpg 265w, https:\/\/vanderloubet.com.br\/deputado\/wp-content\/uploads\/2019\/04\/foto-2019-04-01-boletim-protesto-sesai-02.jpg 720w\" sizes=\"(max-width: 560px) 100vw, 560px\" alt=\"Ind&iacute;genas protestaram na BR-262 em defesa da Sesai\">\r\n                            <\/a>\r\n                            <figcaption class = \"td-slide-caption td-gallery-slide-content\"><span>Ind\u00edgenas protestaram na BR-262 em defesa da Sesai<\/span><\/figcaption>\r\n                        <\/figure>\r\n                    <\/div>\r\n                    <div class = \"td-slide-item td-item3\">\r\n                        <figure class=\"td-slide-galery-figure td-slide-popup-gallery\">\r\n                            <a class=\"slide-gallery-image-link\" href=\"https:\/\/vanderloubet.com.br\/deputado\/wp-content\/uploads\/2019\/04\/foto-2019-04-01-boletim-protesto-sesai-03.jpg\" title=\"Ind\u00edgenas protestaram na BR-262 em defesa da Sesai\"  data-caption=\"\"  data-description=\"Ind&iacute;genas protestaram na BR-262 em defesa da Sesai\">\r\n                                <img decoding=\"async\" src=\"https:\/\/vanderloubet.com.br\/deputado\/wp-content\/uploads\/2019\/04\/foto-2019-04-01-boletim-protesto-sesai-03-560x420.jpg\" srcset=\"https:\/\/vanderloubet.com.br\/deputado\/wp-content\/uploads\/2019\/04\/foto-2019-04-01-boletim-protesto-sesai-03-560x420.jpg 560w, https:\/\/vanderloubet.com.br\/deputado\/wp-content\/uploads\/2019\/04\/foto-2019-04-01-boletim-protesto-sesai-03-350x263.jpg 350w, https:\/\/vanderloubet.com.br\/deputado\/wp-content\/uploads\/2019\/04\/foto-2019-04-01-boletim-protesto-sesai-03-700x525.jpg 700w, https:\/\/vanderloubet.com.br\/deputado\/wp-content\/uploads\/2019\/04\/foto-2019-04-01-boletim-protesto-sesai-03-80x60.jpg 80w, https:\/\/vanderloubet.com.br\/deputado\/wp-content\/uploads\/2019\/04\/foto-2019-04-01-boletim-protesto-sesai-03-696x522.jpg 696w, https:\/\/vanderloubet.com.br\/deputado\/wp-content\/uploads\/2019\/04\/foto-2019-04-01-boletim-protesto-sesai-03-265x198.jpg 265w, https:\/\/vanderloubet.com.br\/deputado\/wp-content\/uploads\/2019\/04\/foto-2019-04-01-boletim-protesto-sesai-03.jpg 720w\" sizes=\"(max-width: 560px) 100vw, 560px\" alt=\"Ind&iacute;genas protestaram na BR-262 em defesa da Sesai\">\r\n                            <\/a>\r\n                            <figcaption class = \"td-slide-caption td-gallery-slide-content\"><span>Ind\u00edgenas protestaram na BR-262 em defesa da Sesai<\/span><\/figcaption>\r\n                        <\/figure>\r\n                    <\/div>\r\n                    <div class = \"td-slide-item td-item4\">\r\n                        <figure class=\"td-slide-galery-figure td-slide-popup-gallery\">\r\n                            <a class=\"slide-gallery-image-link\" href=\"https:\/\/vanderloubet.com.br\/deputado\/wp-content\/uploads\/2019\/04\/foto-2019-04-01-boletim-protesto-sesai-04.jpg\" title=\"Ind\u00edgenas protestaram na BR-262 em defesa da Sesai\"  data-caption=\"\"  data-description=\"Ind&iacute;genas protestaram na BR-262 em defesa da Sesai\">\r\n                                <img decoding=\"async\" src=\"https:\/\/vanderloubet.com.br\/deputado\/wp-content\/uploads\/2019\/04\/foto-2019-04-01-boletim-protesto-sesai-04-560x420.jpg\" srcset=\"https:\/\/vanderloubet.com.br\/deputado\/wp-content\/uploads\/2019\/04\/foto-2019-04-01-boletim-protesto-sesai-04-560x420.jpg 560w, https:\/\/vanderloubet.com.br\/deputado\/wp-content\/uploads\/2019\/04\/foto-2019-04-01-boletim-protesto-sesai-04-350x263.jpg 350w, https:\/\/vanderloubet.com.br\/deputado\/wp-content\/uploads\/2019\/04\/foto-2019-04-01-boletim-protesto-sesai-04-700x525.jpg 700w, https:\/\/vanderloubet.com.br\/deputado\/wp-content\/uploads\/2019\/04\/foto-2019-04-01-boletim-protesto-sesai-04-80x60.jpg 80w, https:\/\/vanderloubet.com.br\/deputado\/wp-content\/uploads\/2019\/04\/foto-2019-04-01-boletim-protesto-sesai-04-696x522.jpg 696w, https:\/\/vanderloubet.com.br\/deputado\/wp-content\/uploads\/2019\/04\/foto-2019-04-01-boletim-protesto-sesai-04-265x198.jpg 265w, https:\/\/vanderloubet.com.br\/deputado\/wp-content\/uploads\/2019\/04\/foto-2019-04-01-boletim-protesto-sesai-04.jpg 720w\" sizes=\"(max-width: 560px) 100vw, 560px\" alt=\"Ind&iacute;genas protestaram na BR-262 em defesa da Sesai\">\r\n                            <\/a>\r\n                            <figcaption class = \"td-slide-caption td-gallery-slide-content\"><span>Ind\u00edgenas protestaram na BR-262 em defesa da Sesai<\/span><\/figcaption>\r\n                        <\/figure>\r\n                    <\/div>\r\n                    <div class = \"td-slide-item td-item5\">\r\n                        <figure class=\"td-slide-galery-figure td-slide-popup-gallery\">\r\n                            <a class=\"slide-gallery-image-link\" href=\"https:\/\/vanderloubet.com.br\/deputado\/wp-content\/uploads\/2019\/04\/foto-2019-04-01-boletim-protesto-sesai-05.jpg\" title=\"Ind\u00edgenas protestaram na BR-262 em defesa da Sesai\"  data-caption=\"\"  data-description=\"Ind&iacute;genas protestaram na BR-262 em defesa da Sesai\">\r\n                                <img decoding=\"async\" src=\"https:\/\/vanderloubet.com.br\/deputado\/wp-content\/uploads\/2019\/04\/foto-2019-04-01-boletim-protesto-sesai-05-560x420.jpg\" srcset=\"https:\/\/vanderloubet.com.br\/deputado\/wp-content\/uploads\/2019\/04\/foto-2019-04-01-boletim-protesto-sesai-05-560x420.jpg 560w, https:\/\/vanderloubet.com.br\/deputado\/wp-content\/uploads\/2019\/04\/foto-2019-04-01-boletim-protesto-sesai-05-350x263.jpg 350w, https:\/\/vanderloubet.com.br\/deputado\/wp-content\/uploads\/2019\/04\/foto-2019-04-01-boletim-protesto-sesai-05-700x525.jpg 700w, https:\/\/vanderloubet.com.br\/deputado\/wp-content\/uploads\/2019\/04\/foto-2019-04-01-boletim-protesto-sesai-05-80x60.jpg 80w, https:\/\/vanderloubet.com.br\/deputado\/wp-content\/uploads\/2019\/04\/foto-2019-04-01-boletim-protesto-sesai-05-696x522.jpg 696w, https:\/\/vanderloubet.com.br\/deputado\/wp-content\/uploads\/2019\/04\/foto-2019-04-01-boletim-protesto-sesai-05-265x198.jpg 265w, https:\/\/vanderloubet.com.br\/deputado\/wp-content\/uploads\/2019\/04\/foto-2019-04-01-boletim-protesto-sesai-05.jpg 720w\" sizes=\"(max-width: 560px) 100vw, 560px\" alt=\"Ind&iacute;genas protestaram na BR-262 em defesa da Sesai\">\r\n                            <\/a>\r\n                            <figcaption class = \"td-slide-caption td-gallery-slide-content\"><span>Ind\u00edgenas protestaram na BR-262 em defesa da Sesai<\/span><\/figcaption>\r\n                        <\/figure>\r\n                    <\/div>\r\n                    <div class = \"td-slide-item td-item6\">\r\n                        <figure class=\"td-slide-galery-figure td-slide-popup-gallery\">\r\n                            <a class=\"slide-gallery-image-link\" href=\"https:\/\/vanderloubet.com.br\/deputado\/wp-content\/uploads\/2019\/04\/foto-2019-04-01-boletim-protesto-sesai-06.jpg\" title=\"Ind\u00edgenas protestaram na BR-262 em defesa da Sesai\"  data-caption=\"\"  data-description=\"Ind&iacute;genas protestaram na BR-262 em defesa da Sesai\">\r\n                                <img decoding=\"async\" src=\"https:\/\/vanderloubet.com.br\/deputado\/wp-content\/uploads\/2019\/04\/foto-2019-04-01-boletim-protesto-sesai-06-560x420.jpg\" srcset=\"https:\/\/vanderloubet.com.br\/deputado\/wp-content\/uploads\/2019\/04\/foto-2019-04-01-boletim-protesto-sesai-06-560x420.jpg 560w, https:\/\/vanderloubet.com.br\/deputado\/wp-content\/uploads\/2019\/04\/foto-2019-04-01-boletim-protesto-sesai-06-350x263.jpg 350w, https:\/\/vanderloubet.com.br\/deputado\/wp-content\/uploads\/2019\/04\/foto-2019-04-01-boletim-protesto-sesai-06-700x525.jpg 700w, https:\/\/vanderloubet.com.br\/deputado\/wp-content\/uploads\/2019\/04\/foto-2019-04-01-boletim-protesto-sesai-06-80x60.jpg 80w, https:\/\/vanderloubet.com.br\/deputado\/wp-content\/uploads\/2019\/04\/foto-2019-04-01-boletim-protesto-sesai-06-696x522.jpg 696w, https:\/\/vanderloubet.com.br\/deputado\/wp-content\/uploads\/2019\/04\/foto-2019-04-01-boletim-protesto-sesai-06-265x198.jpg 265w, https:\/\/vanderloubet.com.br\/deputado\/wp-content\/uploads\/2019\/04\/foto-2019-04-01-boletim-protesto-sesai-06.jpg 720w\" sizes=\"(max-width: 560px) 100vw, 560px\" alt=\"Ind&iacute;genas protestaram na BR-262 em defesa da Sesai\">\r\n                            <\/a>\r\n                            <figcaption class = \"td-slide-caption td-gallery-slide-content\"><span>Ind\u00edgenas protestaram na BR-262 em defesa da Sesai<\/span><\/figcaption>\r\n                        <\/figure>\r\n                    <\/div>\r\n                    <div class = \"td-slide-item td-item7\">\r\n                        <figure class=\"td-slide-galery-figure td-slide-popup-gallery\">\r\n                            <a class=\"slide-gallery-image-link\" href=\"https:\/\/vanderloubet.com.br\/deputado\/wp-content\/uploads\/2019\/04\/foto-2019-04-01-boletim-protesto-sesai-07.jpg\" title=\"Ind\u00edgenas protestaram na BR-262 em defesa da Sesai\"  data-caption=\"\"  data-description=\"Ind&iacute;genas protestaram na BR-262 em defesa da Sesai\">\r\n                                <img decoding=\"async\" src=\"https:\/\/vanderloubet.com.br\/deputado\/wp-content\/uploads\/2019\/04\/foto-2019-04-01-boletim-protesto-sesai-07-560x420.jpg\" srcset=\"https:\/\/vanderloubet.com.br\/deputado\/wp-content\/uploads\/2019\/04\/foto-2019-04-01-boletim-protesto-sesai-07-560x420.jpg 560w, https:\/\/vanderloubet.com.br\/deputado\/wp-content\/uploads\/2019\/04\/foto-2019-04-01-boletim-protesto-sesai-07-350x263.jpg 350w, https:\/\/vanderloubet.com.br\/deputado\/wp-content\/uploads\/2019\/04\/foto-2019-04-01-boletim-protesto-sesai-07-700x525.jpg 700w, https:\/\/vanderloubet.com.br\/deputado\/wp-content\/uploads\/2019\/04\/foto-2019-04-01-boletim-protesto-sesai-07-80x60.jpg 80w, https:\/\/vanderloubet.com.br\/deputado\/wp-content\/uploads\/2019\/04\/foto-2019-04-01-boletim-protesto-sesai-07-696x522.jpg 696w, https:\/\/vanderloubet.com.br\/deputado\/wp-content\/uploads\/2019\/04\/foto-2019-04-01-boletim-protesto-sesai-07-265x198.jpg 265w, https:\/\/vanderloubet.com.br\/deputado\/wp-content\/uploads\/2019\/04\/foto-2019-04-01-boletim-protesto-sesai-07.jpg 720w\" sizes=\"(max-width: 560px) 100vw, 560px\" alt=\"Ind&iacute;genas protestaram na BR-262 em defesa da Sesai\">\r\n                            <\/a>\r\n                            <figcaption class = \"td-slide-caption td-gallery-slide-content\"><span>Ind\u00edgenas protestaram na BR-262 em defesa da Sesai<\/span><\/figcaption>\r\n                        <\/figure>\r\n                    <\/div>\r\n                    <div class = \"td-slide-item td-item8\">\r\n                        <figure class=\"td-slide-galery-figure td-slide-popup-gallery\">\r\n                            <a class=\"slide-gallery-image-link\" href=\"https:\/\/vanderloubet.com.br\/deputado\/wp-content\/uploads\/2019\/04\/foto-2019-04-01-boletim-protesto-sesai-08.jpg\" title=\"Ind\u00edgenas protestaram na BR-262 em defesa da Sesai\"  data-caption=\"\"  data-description=\"Ind&iacute;genas protestaram na BR-262 em defesa da Sesai\">\r\n                                <img decoding=\"async\" src=\"https:\/\/vanderloubet.com.br\/deputado\/wp-content\/uploads\/2019\/04\/foto-2019-04-01-boletim-protesto-sesai-08-560x420.jpg\" srcset=\"https:\/\/vanderloubet.com.br\/deputado\/wp-content\/uploads\/2019\/04\/foto-2019-04-01-boletim-protesto-sesai-08-560x420.jpg 560w, https:\/\/vanderloubet.com.br\/deputado\/wp-content\/uploads\/2019\/04\/foto-2019-04-01-boletim-protesto-sesai-08-350x263.jpg 350w, https:\/\/vanderloubet.com.br\/deputado\/wp-content\/uploads\/2019\/04\/foto-2019-04-01-boletim-protesto-sesai-08-700x525.jpg 700w, https:\/\/vanderloubet.com.br\/deputado\/wp-content\/uploads\/2019\/04\/foto-2019-04-01-boletim-protesto-sesai-08-80x60.jpg 80w, https:\/\/vanderloubet.com.br\/deputado\/wp-content\/uploads\/2019\/04\/foto-2019-04-01-boletim-protesto-sesai-08-696x522.jpg 696w, https:\/\/vanderloubet.com.br\/deputado\/wp-content\/uploads\/2019\/04\/foto-2019-04-01-boletim-protesto-sesai-08-265x198.jpg 265w, https:\/\/vanderloubet.com.br\/deputado\/wp-content\/uploads\/2019\/04\/foto-2019-04-01-boletim-protesto-sesai-08.jpg 720w\" sizes=\"(max-width: 560px) 100vw, 560px\" alt=\"Ind&iacute;genas protestaram na BR-262 em defesa da Sesai\">\r\n                            <\/a>\r\n                            <figcaption class = \"td-slide-caption td-gallery-slide-content\"><span>Ind\u00edgenas protestaram na BR-262 em defesa da Sesai<\/span><\/figcaption>\r\n                        <\/figure>\r\n                    <\/div>\r\n                            <\/div>\r\n                        <\/div>\r\n\r\n                        <div class = \"td-doubleSlider-2\">\r\n                            <div class = \"td-slider\">\r\n                                \r\n                    <div class = \"td-button td-item1\">\r\n                        <div class = \"td-border\"><\/div>\r\n                    <\/div>\r\n                    <div class = \"td-button td-item2\">\r\n                        <div class = \"td-border\"><\/div>\r\n                    <\/div>\r\n                    <div class = \"td-button td-item3\">\r\n                        <div class = \"td-border\"><\/div>\r\n                    <\/div>\r\n                    <div class = \"td-button td-item4\">\r\n                        <div class = \"td-border\"><\/div>\r\n                    <\/div>\r\n                    <div class = \"td-button td-item5\">\r\n                        <div class = \"td-border\"><\/div>\r\n                    <\/div>\r\n                    <div class = \"td-button td-item6\">\r\n                        <div class = \"td-border\"><\/div>\r\n                    <\/div>\r\n                    <div class = \"td-button td-item7\">\r\n                        <div class = \"td-border\"><\/div>\r\n                    <\/div>\r\n                    <div class = \"td-button td-item8\">\r\n                        <div class = \"td-border\"><\/div>\r\n                    <\/div>\r\n                            <\/div>\r\n                        <\/div>\r\n\r\n                    <\/div>\r\n\r\n                <\/div>\r\n                \n<p><strong>Debate sobre Reforma da Previd\u00eancia<\/strong><\/p>\n<p>No dia 30 de mar\u00e7o, s\u00e1bado, o deputado federal Vander Loubet foi representado por seu chefe de gabinete, professor Ido Michels, em reuni\u00e3o ampliada do Diret\u00f3rio Municipal do PT de Campo Grande. Durante a reuni\u00e3o, entre outros temas, foi debatida a Reforma da Previd\u00eancia. Ido reafirmou o entendimento do deputado a respeito do tema: embora seja favor\u00e1vel a uma reforma previdenci\u00e1ria (necess\u00e1ria por conta do envelhecimento da popula\u00e7\u00e3o), Vander \u00e9 contr\u00e1rio aos projetos apresentados por Michel Temer e por Jair Bolsonaro por acreditar que s\u00e3o projetos que n\u00e3o atacam setores privilegiados e prop\u00f5em medidas que aprofundariam as desigualdades sociais e a pobreza.<\/p>\n<p>Tamb\u00e9m marcaram presen\u00e7a na atividade os assessores parlamentares Beto Carvalho e Walber Noleto e o colaborador Agamenon do Prado (presidente do Diret\u00f3rio Municipal do PT da Capital).<\/p>\n\r\n                <style type=\"text\/css\">\r\n                    \r\n                    #tdi_3  .td-doubleSlider-2 .td-item1 {\r\n                        background: url(https:\/\/vanderloubet.com.br\/deputado\/wp-content\/uploads\/2019\/04\/foto-2019-04-01-boletim-reuniao-pt-cg-01-80x60.jpg) 0 0 no-repeat;\r\n                    }\r\n                    #tdi_3  .td-doubleSlider-2 .td-item2 {\r\n                        background: url(https:\/\/vanderloubet.com.br\/deputado\/wp-content\/uploads\/2019\/04\/foto-2019-04-01-boletim-reuniao-pt-cg-02-80x60.jpg) 0 0 no-repeat;\r\n                    }\r\n                    #tdi_3  .td-doubleSlider-2 .td-item3 {\r\n                        background: url(https:\/\/vanderloubet.com.br\/deputado\/wp-content\/uploads\/2019\/04\/foto-2019-04-01-boletim-reuniao-pt-cg-03-80x60.jpg) 0 0 no-repeat;\r\n                    }\r\n                <\/style>\r\n\r\n                <div id=\"tdi_3\" class=\"td-gallery td-slide-on-2-columns\">\r\n                    <div class=\"post_td_gallery\">\r\n                        <div class=\"td-gallery-slide-top\">\r\n                           <div class=\"td-gallery-title\"><\/div>\r\n\r\n                            <div class=\"td-gallery-controls-wrapper\">\r\n                                <div class=\"td-gallery-slide-count\"><span class=\"td-gallery-slide-item-focus\">1<\/span> de 3<\/div>\r\n                                <div class=\"td-gallery-slide-prev-next-but\">\r\n                                    <i class = \"td-icon-left doubleSliderPrevButton\"><\/i>\r\n                                    <i class = \"td-icon-right doubleSliderNextButton\"><\/i>\r\n                                <\/div>\r\n                            <\/div>\r\n                        <\/div>\r\n\r\n                        <div class = \"td-doubleSlider-1 \">\r\n                            <div class = \"td-slider\">\r\n                                \r\n                    <div class = \"td-slide-item td-item1\">\r\n                        <figure class=\"td-slide-galery-figure td-slide-popup-gallery\">\r\n                            <a class=\"slide-gallery-image-link\" href=\"https:\/\/vanderloubet.com.br\/deputado\/wp-content\/uploads\/2019\/04\/foto-2019-04-01-boletim-reuniao-pt-cg-01.jpg\" title=\"Prof. Ido representou Vander em reuni\u00e3o do PT da Capital\"  data-caption=\"\"  data-description=\"Prof. Ido representou Vander em reuni&atilde;o do PT da Capital\">\r\n                                <img decoding=\"async\" src=\"https:\/\/vanderloubet.com.br\/deputado\/wp-content\/uploads\/2019\/04\/foto-2019-04-01-boletim-reuniao-pt-cg-01-560x420.jpg\" srcset=\"https:\/\/vanderloubet.com.br\/deputado\/wp-content\/uploads\/2019\/04\/foto-2019-04-01-boletim-reuniao-pt-cg-01-560x420.jpg 560w, https:\/\/vanderloubet.com.br\/deputado\/wp-content\/uploads\/2019\/04\/foto-2019-04-01-boletim-reuniao-pt-cg-01-350x263.jpg 350w, https:\/\/vanderloubet.com.br\/deputado\/wp-content\/uploads\/2019\/04\/foto-2019-04-01-boletim-reuniao-pt-cg-01-768x576.jpg 768w, https:\/\/vanderloubet.com.br\/deputado\/wp-content\/uploads\/2019\/04\/foto-2019-04-01-boletim-reuniao-pt-cg-01-700x525.jpg 700w, https:\/\/vanderloubet.com.br\/deputado\/wp-content\/uploads\/2019\/04\/foto-2019-04-01-boletim-reuniao-pt-cg-01-80x60.jpg 80w, https:\/\/vanderloubet.com.br\/deputado\/wp-content\/uploads\/2019\/04\/foto-2019-04-01-boletim-reuniao-pt-cg-01-696x522.jpg 696w, https:\/\/vanderloubet.com.br\/deputado\/wp-content\/uploads\/2019\/04\/foto-2019-04-01-boletim-reuniao-pt-cg-01-265x198.jpg 265w, https:\/\/vanderloubet.com.br\/deputado\/wp-content\/uploads\/2019\/04\/foto-2019-04-01-boletim-reuniao-pt-cg-01.jpg 960w\" sizes=\"(max-width: 560px) 100vw, 560px\" alt=\"Prof. Ido representou Vander em reuni&atilde;o do PT da Capital\">\r\n                            <\/a>\r\n                            <figcaption class = \"td-slide-caption td-gallery-slide-content\"><span>Prof. Ido representou Vander em reuni\u00e3o do PT da Capital<\/span><\/figcaption>\r\n                        <\/figure>\r\n                    <\/div>\r\n                    <div class = \"td-slide-item td-item2\">\r\n                        <figure class=\"td-slide-galery-figure td-slide-popup-gallery\">\r\n                            <a class=\"slide-gallery-image-link\" href=\"https:\/\/vanderloubet.com.br\/deputado\/wp-content\/uploads\/2019\/04\/foto-2019-04-01-boletim-reuniao-pt-cg-02.jpg\" title=\"Prof. Ido representou Vander em reuni\u00e3o do PT da Capital\"  data-caption=\"\"  data-description=\"Prof. Ido representou Vander em reuni&atilde;o do PT da Capital\">\r\n                                <img decoding=\"async\" src=\"https:\/\/vanderloubet.com.br\/deputado\/wp-content\/uploads\/2019\/04\/foto-2019-04-01-boletim-reuniao-pt-cg-02-560x420.jpg\" srcset=\"https:\/\/vanderloubet.com.br\/deputado\/wp-content\/uploads\/2019\/04\/foto-2019-04-01-boletim-reuniao-pt-cg-02-560x420.jpg 560w, https:\/\/vanderloubet.com.br\/deputado\/wp-content\/uploads\/2019\/04\/foto-2019-04-01-boletim-reuniao-pt-cg-02-350x263.jpg 350w, https:\/\/vanderloubet.com.br\/deputado\/wp-content\/uploads\/2019\/04\/foto-2019-04-01-boletim-reuniao-pt-cg-02-768x576.jpg 768w, https:\/\/vanderloubet.com.br\/deputado\/wp-content\/uploads\/2019\/04\/foto-2019-04-01-boletim-reuniao-pt-cg-02-700x525.jpg 700w, https:\/\/vanderloubet.com.br\/deputado\/wp-content\/uploads\/2019\/04\/foto-2019-04-01-boletim-reuniao-pt-cg-02-80x60.jpg 80w, https:\/\/vanderloubet.com.br\/deputado\/wp-content\/uploads\/2019\/04\/foto-2019-04-01-boletim-reuniao-pt-cg-02-696x522.jpg 696w, https:\/\/vanderloubet.com.br\/deputado\/wp-content\/uploads\/2019\/04\/foto-2019-04-01-boletim-reuniao-pt-cg-02-265x198.jpg 265w, https:\/\/vanderloubet.com.br\/deputado\/wp-content\/uploads\/2019\/04\/foto-2019-04-01-boletim-reuniao-pt-cg-02.jpg 960w\" sizes=\"(max-width: 560px) 100vw, 560px\" alt=\"Prof. Ido representou Vander em reuni&atilde;o do PT da Capital\">\r\n                            <\/a>\r\n                            <figcaption class = \"td-slide-caption td-gallery-slide-content\"><span>Prof. Ido representou Vander em reuni\u00e3o do PT da Capital<\/span><\/figcaption>\r\n                        <\/figure>\r\n                    <\/div>\r\n                    <div class = \"td-slide-item td-item3\">\r\n                        <figure class=\"td-slide-galery-figure td-slide-popup-gallery\">\r\n                            <a class=\"slide-gallery-image-link\" href=\"https:\/\/vanderloubet.com.br\/deputado\/wp-content\/uploads\/2019\/04\/foto-2019-04-01-boletim-reuniao-pt-cg-03.jpg\" title=\"Prof. Ido representou Vander em reuni\u00e3o do PT da Capital\"  data-caption=\"\"  data-description=\"Prof. Ido representou Vander em reuni&atilde;o do PT da Capital\">\r\n                                <img decoding=\"async\" src=\"https:\/\/vanderloubet.com.br\/deputado\/wp-content\/uploads\/2019\/04\/foto-2019-04-01-boletim-reuniao-pt-cg-03-560x420.jpg\" srcset=\"https:\/\/vanderloubet.com.br\/deputado\/wp-content\/uploads\/2019\/04\/foto-2019-04-01-boletim-reuniao-pt-cg-03-560x420.jpg 560w, https:\/\/vanderloubet.com.br\/deputado\/wp-content\/uploads\/2019\/04\/foto-2019-04-01-boletim-reuniao-pt-cg-03-350x263.jpg 350w, https:\/\/vanderloubet.com.br\/deputado\/wp-content\/uploads\/2019\/04\/foto-2019-04-01-boletim-reuniao-pt-cg-03-768x576.jpg 768w, https:\/\/vanderloubet.com.br\/deputado\/wp-content\/uploads\/2019\/04\/foto-2019-04-01-boletim-reuniao-pt-cg-03-700x525.jpg 700w, https:\/\/vanderloubet.com.br\/deputado\/wp-content\/uploads\/2019\/04\/foto-2019-04-01-boletim-reuniao-pt-cg-03-80x60.jpg 80w, https:\/\/vanderloubet.com.br\/deputado\/wp-content\/uploads\/2019\/04\/foto-2019-04-01-boletim-reuniao-pt-cg-03-696x522.jpg 696w, https:\/\/vanderloubet.com.br\/deputado\/wp-content\/uploads\/2019\/04\/foto-2019-04-01-boletim-reuniao-pt-cg-03-265x198.jpg 265w, https:\/\/vanderloubet.com.br\/deputado\/wp-content\/uploads\/2019\/04\/foto-2019-04-01-boletim-reuniao-pt-cg-03.jpg 960w\" sizes=\"(max-width: 560px) 100vw, 560px\" alt=\"Prof. Ido representou Vander em reuni&atilde;o do PT da Capital\">\r\n                            <\/a>\r\n                            <figcaption class = \"td-slide-caption td-gallery-slide-content\"><span>Prof. Ido representou Vander em reuni\u00e3o do PT da Capital<\/span><\/figcaption>\r\n                        <\/figure>\r\n                    <\/div>\r\n                            <\/div>\r\n                        <\/div>\r\n\r\n                        <div class = \"td-doubleSlider-2\">\r\n                            <div class = \"td-slider\">\r\n                                \r\n                    <div class = \"td-button td-item1\">\r\n                        <div class = \"td-border\"><\/div>\r\n                    <\/div>\r\n                    <div class = \"td-button td-item2\">\r\n                        <div class = \"td-border\"><\/div>\r\n                    <\/div>\r\n                    <div class = \"td-button td-item3\">\r\n                        <div class = \"td-border\"><\/div>\r\n                    <\/div>\r\n                            <\/div>\r\n                        <\/div>\r\n\r\n                    <\/div>\r\n\r\n                <\/div>\r\n                \n<p><strong>Agricultura Periurbana<\/strong><\/p>\n<p>Tamb\u00e9m em 30 de mar\u00e7o, s\u00e1bado, a assessoria do deputado federal Vander Loubet esteve no campus da Universidade Federal de Mato Grosso do Sul (UFMS), na Capital, para uma reuni\u00e3o a respeito do projeto &#8220;Agricultura Periurbana em Comunidades Ind\u00edgenas de Mato Grosso do Sul&#8221;, coordenado pela Universidade, assistido tecnicamente pela Ag\u00eancia Estadual de Desenvolvimento Agr\u00e1rio e Extens\u00e3o Rural (Agraer) e financiado por meio de emendas parlamentares de Vander e do ex-deputado federal Zeca do PT.<\/p>\n<p>Em discuss\u00e3o esteve o est\u00e1gio atual do projeto, o nivelamento das informa\u00e7\u00f5es referente ao andamento dos trabalhos e a prospec\u00e7\u00e3o das pr\u00f3ximas etapas.<\/p>\n<p>Participaram da reuni\u00e3o os professores Edson Batista e Vanderleia Paes Leite Mussi, da UFMS, os assessores parlamentares Valteci de Castro (Mineiro) e Ido Michels (professor licenciado da Universidade e chefe de gabinete do mandato) e os colaboradores Humberto de Mello Pereira e Edilson Sarate (Palavrinha).<\/p>\n\r\n                <style type=\"text\/css\">\r\n                    \r\n                    #tdi_4  .td-doubleSlider-2 .td-item1 {\r\n                        background: url(https:\/\/vanderloubet.com.br\/deputado\/wp-content\/uploads\/2019\/04\/foto-2019-04-01-boletim-reuniao-ufms-01-80x60.jpg) 0 0 no-repeat;\r\n                    }\r\n                    #tdi_4  .td-doubleSlider-2 .td-item2 {\r\n                        background: url(https:\/\/vanderloubet.com.br\/deputado\/wp-content\/uploads\/2019\/04\/foto-2019-04-01-boletim-reuniao-ufms-02-80x60.jpg) 0 0 no-repeat;\r\n                    }\r\n                    #tdi_4  .td-doubleSlider-2 .td-item3 {\r\n                        background: url(https:\/\/vanderloubet.com.br\/deputado\/wp-content\/uploads\/2019\/04\/foto-2019-04-01-boletim-reuniao-ufms-03-80x60.jpg) 0 0 no-repeat;\r\n                    }\r\n                <\/style>\r\n\r\n                <div id=\"tdi_4\" class=\"td-gallery td-slide-on-2-columns\">\r\n                    <div class=\"post_td_gallery\">\r\n                        <div class=\"td-gallery-slide-top\">\r\n                           <div class=\"td-gallery-title\"><\/div>\r\n\r\n                            <div class=\"td-gallery-controls-wrapper\">\r\n                                <div class=\"td-gallery-slide-count\"><span class=\"td-gallery-slide-item-focus\">1<\/span> de 3<\/div>\r\n                                <div class=\"td-gallery-slide-prev-next-but\">\r\n                                    <i class = \"td-icon-left doubleSliderPrevButton\"><\/i>\r\n                                    <i class = \"td-icon-right doubleSliderNextButton\"><\/i>\r\n                                <\/div>\r\n                            <\/div>\r\n                        <\/div>\r\n\r\n                        <div class = \"td-doubleSlider-1 \">\r\n                            <div class = \"td-slider\">\r\n                                \r\n                    <div class = \"td-slide-item td-item1\">\r\n                        <figure class=\"td-slide-galery-figure td-slide-popup-gallery\">\r\n                            <a class=\"slide-gallery-image-link\" href=\"https:\/\/vanderloubet.com.br\/deputado\/wp-content\/uploads\/2019\/04\/foto-2019-04-01-boletim-reuniao-ufms-01.jpg\" title=\"Asessores de Vander e professores da UFMS se reuniram para tratar do projeto de agricultura periurbana\"  data-caption=\"\"  data-description=\"Asessores de Vander e professores da UFMS se reuniram para tratar do projeto de agricultura periurbana\">\r\n                                <img decoding=\"async\" src=\"https:\/\/vanderloubet.com.br\/deputado\/wp-content\/uploads\/2019\/04\/foto-2019-04-01-boletim-reuniao-ufms-01-747x420.jpg\" srcset=\"https:\/\/vanderloubet.com.br\/deputado\/wp-content\/uploads\/2019\/04\/foto-2019-04-01-boletim-reuniao-ufms-01-747x420.jpg 747w, https:\/\/vanderloubet.com.br\/deputado\/wp-content\/uploads\/2019\/04\/foto-2019-04-01-boletim-reuniao-ufms-01-350x197.jpg 350w, https:\/\/vanderloubet.com.br\/deputado\/wp-content\/uploads\/2019\/04\/foto-2019-04-01-boletim-reuniao-ufms-01-768x432.jpg 768w, https:\/\/vanderloubet.com.br\/deputado\/wp-content\/uploads\/2019\/04\/foto-2019-04-01-boletim-reuniao-ufms-01-700x394.jpg 700w, https:\/\/vanderloubet.com.br\/deputado\/wp-content\/uploads\/2019\/04\/foto-2019-04-01-boletim-reuniao-ufms-01-696x392.jpg 696w, https:\/\/vanderloubet.com.br\/deputado\/wp-content\/uploads\/2019\/04\/foto-2019-04-01-boletim-reuniao-ufms-01.jpg 960w\" sizes=\"(max-width: 747px) 100vw, 747px\" alt=\"Asessores de Vander e professores da UFMS se reuniram para tratar do projeto de agricultura periurbana\">\r\n                            <\/a>\r\n                            <figcaption class = \"td-slide-caption td-gallery-slide-content\"><span>Asessores de Vander e professores da UFMS se reuniram para tratar do projeto de agricultura periurbana<\/span><\/figcaption>\r\n                        <\/figure>\r\n                    <\/div>\r\n                    <div class = \"td-slide-item td-item2\">\r\n                        <figure class=\"td-slide-galery-figure td-slide-popup-gallery\">\r\n                            <a class=\"slide-gallery-image-link\" href=\"https:\/\/vanderloubet.com.br\/deputado\/wp-content\/uploads\/2019\/04\/foto-2019-04-01-boletim-reuniao-ufms-02.jpg\" title=\"Asessores de Vander e professores da UFMS se reuniram para tratar do projeto de agricultura periurbana\"  data-caption=\"\"  data-description=\"Asessores de Vander e professores da UFMS se reuniram para tratar do projeto de agricultura periurbana\">\r\n                                <img decoding=\"async\" src=\"https:\/\/vanderloubet.com.br\/deputado\/wp-content\/uploads\/2019\/04\/foto-2019-04-01-boletim-reuniao-ufms-02-747x420.jpg\" srcset=\"https:\/\/vanderloubet.com.br\/deputado\/wp-content\/uploads\/2019\/04\/foto-2019-04-01-boletim-reuniao-ufms-02-747x420.jpg 747w, https:\/\/vanderloubet.com.br\/deputado\/wp-content\/uploads\/2019\/04\/foto-2019-04-01-boletim-reuniao-ufms-02-350x197.jpg 350w, https:\/\/vanderloubet.com.br\/deputado\/wp-content\/uploads\/2019\/04\/foto-2019-04-01-boletim-reuniao-ufms-02-768x432.jpg 768w, https:\/\/vanderloubet.com.br\/deputado\/wp-content\/uploads\/2019\/04\/foto-2019-04-01-boletim-reuniao-ufms-02-700x394.jpg 700w, https:\/\/vanderloubet.com.br\/deputado\/wp-content\/uploads\/2019\/04\/foto-2019-04-01-boletim-reuniao-ufms-02-696x392.jpg 696w, https:\/\/vanderloubet.com.br\/deputado\/wp-content\/uploads\/2019\/04\/foto-2019-04-01-boletim-reuniao-ufms-02.jpg 960w\" sizes=\"(max-width: 747px) 100vw, 747px\" alt=\"Asessores de Vander e professores da UFMS se reuniram para tratar do projeto de agricultura periurbana\">\r\n                            <\/a>\r\n                            <figcaption class = \"td-slide-caption td-gallery-slide-content\"><span>Asessores de Vander e professores da UFMS se reuniram para tratar do projeto de agricultura periurbana<\/span><\/figcaption>\r\n                        <\/figure>\r\n                    <\/div>\r\n                    <div class = \"td-slide-item td-item3\">\r\n                        <figure class=\"td-slide-galery-figure td-slide-popup-gallery\">\r\n                            <a class=\"slide-gallery-image-link\" href=\"https:\/\/vanderloubet.com.br\/deputado\/wp-content\/uploads\/2019\/04\/foto-2019-04-01-boletim-reuniao-ufms-03.jpg\" title=\"Asessores de Vander e professores da UFMS se reuniram para tratar do projeto de agricultura periurbana\"  data-caption=\"\"  data-description=\"Asessores de Vander e professores da UFMS se reuniram para tratar do projeto de agricultura periurbana\">\r\n                                <img decoding=\"async\" src=\"https:\/\/vanderloubet.com.br\/deputado\/wp-content\/uploads\/2019\/04\/foto-2019-04-01-boletim-reuniao-ufms-03-747x420.jpg\" srcset=\"https:\/\/vanderloubet.com.br\/deputado\/wp-content\/uploads\/2019\/04\/foto-2019-04-01-boletim-reuniao-ufms-03-747x420.jpg 747w, https:\/\/vanderloubet.com.br\/deputado\/wp-content\/uploads\/2019\/04\/foto-2019-04-01-boletim-reuniao-ufms-03-350x197.jpg 350w, https:\/\/vanderloubet.com.br\/deputado\/wp-content\/uploads\/2019\/04\/foto-2019-04-01-boletim-reuniao-ufms-03-768x432.jpg 768w, https:\/\/vanderloubet.com.br\/deputado\/wp-content\/uploads\/2019\/04\/foto-2019-04-01-boletim-reuniao-ufms-03-700x394.jpg 700w, https:\/\/vanderloubet.com.br\/deputado\/wp-content\/uploads\/2019\/04\/foto-2019-04-01-boletim-reuniao-ufms-03-696x392.jpg 696w, https:\/\/vanderloubet.com.br\/deputado\/wp-content\/uploads\/2019\/04\/foto-2019-04-01-boletim-reuniao-ufms-03.jpg 960w\" sizes=\"(max-width: 747px) 100vw, 747px\" alt=\"Asessores de Vander e professores da UFMS se reuniram para tratar do projeto de agricultura periurbana\">\r\n                            <\/a>\r\n                            <figcaption class = \"td-slide-caption td-gallery-slide-content\"><span>Asessores de Vander e professores da UFMS se reuniram para tratar do projeto de agricultura periurbana<\/span><\/figcaption>\r\n                        <\/figure>\r\n                    <\/div>\r\n                            <\/div>\r\n                        <\/div>\r\n\r\n                        <div class = \"td-doubleSlider-2\">\r\n                            <div class = \"td-slider\">\r\n                                \r\n                    <div class = \"td-button td-item1\">\r\n                        <div class = \"td-border\"><\/div>\r\n                    <\/div>\r\n                    <div class = \"td-button td-item2\">\r\n                        <div class = \"td-border\"><\/div>\r\n                    <\/div>\r\n                    <div class = \"td-button td-item3\">\r\n                        <div class = \"td-border\"><\/div>\r\n                    <\/div>\r\n                            <\/div>\r\n                        <\/div>\r\n\r\n                    <\/div>\r\n\r\n                <\/div>\r\n                \n<p><strong>Visitas a aldeias<\/strong><\/p>\n<p>Na manh\u00e3 de 30 de mar\u00e7o (s\u00e1bado), o assessor Dionedison Terena esteve na Aldeia Barreirinho, em Dois Irm\u00e3os do Buriti, a convite do cacique Jaiderson, para uma confraterniza\u00e7\u00e3o entre os moradores da aldeia em comemora\u00e7\u00e3o ao trator agr\u00edcola recebido pela comunidade por meio da emenda parlamentar do deputado Vander Loubet e do ex-deputado Zeca do PT.<\/p>\n<p>Tamb\u00e9m estiveram presentes o cacique Valdeci (Aldeia Olho d&#8217;\u00c1gua), o cacique Jo\u00e3o (Aldeia Lagoinha), o Cacique Andr\u00e9 (Aldeia Nova Buriti), o cacique Messias (Aldeia C\u00f3rrego do Meio), o vereador Eber Reginaldo Vitorino e Henrique Dias (coordenador da Funai de Campo Grande).<\/p>\n<p>Na ocasi\u00e3o, Dionedison informou que Vander e Zeca ir\u00e3o pessoalmente \u00e0 Aldeia Barreirinho para fazer a entrega do trator \u00e0 comunidade local.<\/p>\n<p>\u00c0 noite, Dionedison visitou a Aldeia Buritizinho, em Aquidauana, onde participou da a\u00e7\u00e3o de gra\u00e7as da aldeia. A motiva\u00e7\u00e3o da atividade foi o trator e os implementos agr\u00edcolas recebidos pela aldeia por meio da emenda parlamentar do deputado Vander e do ex-deputado Zeca. Essa foi a primeira vez que a Buritizinho recebeu um trator desde a sua funda\u00e7\u00e3o. Gra\u00e7as aos parlamentares, a comunidade ter\u00e1 condi\u00e7\u00e3o de ampliar sua produ\u00e7\u00e3o e comercializa\u00e7\u00e3o.<\/p>\n<p>Fechando o fim de semana, o assessor Dionedison esteve no dia 31 (domingo) na Aldeia \u00c1gua Branca, tamb\u00e9m em Aquidauana. Ao lado do cacique Mharyo Farias e de lideran\u00e7as, participou da a\u00e7\u00e3o de gra\u00e7as pelo trator recebido por meio da emenda parlamentar do deputado federal Vander Loubet e do ex-deputado federal Zeca do PT.<\/p>\n\r\n                <style type=\"text\/css\">\r\n                    \r\n                    #tdi_5  .td-doubleSlider-2 .td-item1 {\r\n                        background: url(https:\/\/vanderloubet.com.br\/deputado\/wp-content\/uploads\/2019\/04\/foto-2019-04-01-boletim-aldeias-01-80x60.jpg) 0 0 no-repeat;\r\n                    }\r\n                    #tdi_5  .td-doubleSlider-2 .td-item2 {\r\n                        background: url(https:\/\/vanderloubet.com.br\/deputado\/wp-content\/uploads\/2019\/04\/foto-2019-04-01-boletim-aldeias-02-80x60.jpg) 0 0 no-repeat;\r\n                    }\r\n                    #tdi_5  .td-doubleSlider-2 .td-item3 {\r\n                        background: url(https:\/\/vanderloubet.com.br\/deputado\/wp-content\/uploads\/2019\/04\/foto-2019-04-01-boletim-aldeias-03-80x60.jpg) 0 0 no-repeat;\r\n                    }\r\n                    #tdi_5  .td-doubleSlider-2 .td-item4 {\r\n                        background: url(https:\/\/vanderloubet.com.br\/deputado\/wp-content\/uploads\/2019\/04\/foto-2019-04-01-boletim-aldeias-04-80x60.jpg) 0 0 no-repeat;\r\n                    }\r\n                    #tdi_5  .td-doubleSlider-2 .td-item5 {\r\n                        background: url(https:\/\/vanderloubet.com.br\/deputado\/wp-content\/uploads\/2019\/04\/foto-2019-04-01-boletim-aldeias-05-80x60.jpg) 0 0 no-repeat;\r\n                    }\r\n                    #tdi_5  .td-doubleSlider-2 .td-item6 {\r\n                        background: url(https:\/\/vanderloubet.com.br\/deputado\/wp-content\/uploads\/2019\/04\/foto-2019-04-01-boletim-aldeias-06-80x60.jpg) 0 0 no-repeat;\r\n                    }\r\n                    #tdi_5  .td-doubleSlider-2 .td-item7 {\r\n                        background: url(https:\/\/vanderloubet.com.br\/deputado\/wp-content\/uploads\/2019\/04\/foto-2019-04-01-boletim-aldeias-07-80x60.jpg) 0 0 no-repeat;\r\n                    }\r\n                    #tdi_5  .td-doubleSlider-2 .td-item8 {\r\n                        background: url(https:\/\/vanderloubet.com.br\/deputado\/wp-content\/uploads\/2019\/04\/foto-2019-04-01-boletim-aldeias-08-80x60.jpg) 0 0 no-repeat;\r\n                    }\r\n                    #tdi_5  .td-doubleSlider-2 .td-item9 {\r\n                        background: url(https:\/\/vanderloubet.com.br\/deputado\/wp-content\/uploads\/2019\/04\/foto-2019-04-01-boletim-aldeias-09-80x60.jpg) 0 0 no-repeat;\r\n                    }\r\n                    #tdi_5  .td-doubleSlider-2 .td-item10 {\r\n                        background: url(https:\/\/vanderloubet.com.br\/deputado\/wp-content\/uploads\/2019\/04\/foto-2019-04-01-boletim-aldeias-10-80x60.jpg) 0 0 no-repeat;\r\n                    }\r\n                    #tdi_5  .td-doubleSlider-2 .td-item11 {\r\n                        background: url(https:\/\/vanderloubet.com.br\/deputado\/wp-content\/uploads\/2019\/04\/foto-2019-04-01-boletim-aldeias-11-80x60.jpg) 0 0 no-repeat;\r\n                    }\r\n                    #tdi_5  .td-doubleSlider-2 .td-item12 {\r\n                        background: url(https:\/\/vanderloubet.com.br\/deputado\/wp-content\/uploads\/2019\/04\/foto-2019-04-01-boletim-aldeias-12-80x60.jpg) 0 0 no-repeat;\r\n                    }\r\n                    #tdi_5  .td-doubleSlider-2 .td-item13 {\r\n                        background: url(https:\/\/vanderloubet.com.br\/deputado\/wp-content\/uploads\/2019\/04\/foto-2019-04-01-boletim-aldeias-13-80x60.jpg) 0 0 no-repeat;\r\n                    }\r\n                    #tdi_5  .td-doubleSlider-2 .td-item14 {\r\n                        background: url(https:\/\/vanderloubet.com.br\/deputado\/wp-content\/uploads\/2019\/04\/foto-2019-04-01-boletim-aldeias-14-80x60.jpg) 0 0 no-repeat;\r\n                    }\r\n                    #tdi_5  .td-doubleSlider-2 .td-item15 {\r\n                        background: url(https:\/\/vanderloubet.com.br\/deputado\/wp-content\/uploads\/2019\/04\/foto-2019-04-01-boletim-aldeias-15-80x60.jpg) 0 0 no-repeat;\r\n                    }\r\n                    #tdi_5  .td-doubleSlider-2 .td-item16 {\r\n                        background: url(https:\/\/vanderloubet.com.br\/deputado\/wp-content\/uploads\/2019\/04\/foto-2019-04-01-boletim-aldeias-16-80x60.jpg) 0 0 no-repeat;\r\n                    }\r\n                    #tdi_5  .td-doubleSlider-2 .td-item17 {\r\n                        background: url(https:\/\/vanderloubet.com.br\/deputado\/wp-content\/uploads\/2019\/04\/foto-2019-04-01-boletim-aldeias-17-80x60.jpg) 0 0 no-repeat;\r\n                    }\r\n                    #tdi_5  .td-doubleSlider-2 .td-item18 {\r\n                        background: url(https:\/\/vanderloubet.com.br\/deputado\/wp-content\/uploads\/2019\/04\/foto-2019-04-01-boletim-aldeias-18-80x60.jpg) 0 0 no-repeat;\r\n                    }\r\n                <\/style>\r\n\r\n                <div id=\"tdi_5\" class=\"td-gallery td-slide-on-2-columns\">\r\n                    <div class=\"post_td_gallery\">\r\n                        <div class=\"td-gallery-slide-top\">\r\n                           <div class=\"td-gallery-title\"><\/div>\r\n\r\n                            <div class=\"td-gallery-controls-wrapper\">\r\n                                <div class=\"td-gallery-slide-count\"><span class=\"td-gallery-slide-item-focus\">1<\/span> de 18<\/div>\r\n                                <div class=\"td-gallery-slide-prev-next-but\">\r\n                                    <i class = \"td-icon-left doubleSliderPrevButton\"><\/i>\r\n                                    <i class = \"td-icon-right doubleSliderNextButton\"><\/i>\r\n                                <\/div>\r\n                            <\/div>\r\n                        <\/div>\r\n\r\n                        <div class = \"td-doubleSlider-1 \">\r\n                            <div class = \"td-slider\">\r\n                                \r\n                    <div class = \"td-slide-item td-item1\">\r\n                        <figure class=\"td-slide-galery-figure td-slide-popup-gallery\">\r\n                            <a class=\"slide-gallery-image-link\" href=\"https:\/\/vanderloubet.com.br\/deputado\/wp-content\/uploads\/2019\/04\/foto-2019-04-01-boletim-aldeias-01.jpg\" title=\"Dionedison participou de reuni\u00f5es comemorativas aos tratores viabilizados por Vander e Zeca\"  data-caption=\"\"  data-description=\"Dionedison participou de reuni&otilde;es comemorativas aos tratores viabilizados por Vander e Zeca\">\r\n                                <img decoding=\"async\" src=\"https:\/\/vanderloubet.com.br\/deputado\/wp-content\/uploads\/2019\/04\/foto-2019-04-01-boletim-aldeias-01-560x420.jpg\" srcset=\"https:\/\/vanderloubet.com.br\/deputado\/wp-content\/uploads\/2019\/04\/foto-2019-04-01-boletim-aldeias-01-560x420.jpg 560w, https:\/\/vanderloubet.com.br\/deputado\/wp-content\/uploads\/2019\/04\/foto-2019-04-01-boletim-aldeias-01-350x263.jpg 350w, https:\/\/vanderloubet.com.br\/deputado\/wp-content\/uploads\/2019\/04\/foto-2019-04-01-boletim-aldeias-01-700x525.jpg 700w, https:\/\/vanderloubet.com.br\/deputado\/wp-content\/uploads\/2019\/04\/foto-2019-04-01-boletim-aldeias-01-80x60.jpg 80w, https:\/\/vanderloubet.com.br\/deputado\/wp-content\/uploads\/2019\/04\/foto-2019-04-01-boletim-aldeias-01-696x522.jpg 696w, https:\/\/vanderloubet.com.br\/deputado\/wp-content\/uploads\/2019\/04\/foto-2019-04-01-boletim-aldeias-01-265x198.jpg 265w, https:\/\/vanderloubet.com.br\/deputado\/wp-content\/uploads\/2019\/04\/foto-2019-04-01-boletim-aldeias-01.jpg 720w\" sizes=\"(max-width: 560px) 100vw, 560px\" alt=\"Dionedison participou de reuni&otilde;es comemorativas aos tratores viabilizados por Vander e Zeca\">\r\n                            <\/a>\r\n                            <figcaption class = \"td-slide-caption td-gallery-slide-content\"><span>Dionedison participou de reuni\u00f5es comemorativas aos tratores viabilizados por Vander e Zeca<\/span><\/figcaption>\r\n                        <\/figure>\r\n                    <\/div>\r\n                    <div class = \"td-slide-item td-item2\">\r\n                        <figure class=\"td-slide-galery-figure td-slide-popup-gallery\">\r\n                            <a class=\"slide-gallery-image-link\" href=\"https:\/\/vanderloubet.com.br\/deputado\/wp-content\/uploads\/2019\/04\/foto-2019-04-01-boletim-aldeias-02.jpg\" title=\"Dionedison participou de reuni\u00f5es comemorativas aos tratores viabilizados por Vander e Zeca\"  data-caption=\"\"  data-description=\"Dionedison participou de reuni&otilde;es comemorativas aos tratores viabilizados por Vander e Zeca\">\r\n                                <img decoding=\"async\" src=\"https:\/\/vanderloubet.com.br\/deputado\/wp-content\/uploads\/2019\/04\/foto-2019-04-01-boletim-aldeias-02-560x420.jpg\" srcset=\"https:\/\/vanderloubet.com.br\/deputado\/wp-content\/uploads\/2019\/04\/foto-2019-04-01-boletim-aldeias-02-560x420.jpg 560w, https:\/\/vanderloubet.com.br\/deputado\/wp-content\/uploads\/2019\/04\/foto-2019-04-01-boletim-aldeias-02-350x263.jpg 350w, https:\/\/vanderloubet.com.br\/deputado\/wp-content\/uploads\/2019\/04\/foto-2019-04-01-boletim-aldeias-02-700x525.jpg 700w, https:\/\/vanderloubet.com.br\/deputado\/wp-content\/uploads\/2019\/04\/foto-2019-04-01-boletim-aldeias-02-80x60.jpg 80w, https:\/\/vanderloubet.com.br\/deputado\/wp-content\/uploads\/2019\/04\/foto-2019-04-01-boletim-aldeias-02-696x522.jpg 696w, https:\/\/vanderloubet.com.br\/deputado\/wp-content\/uploads\/2019\/04\/foto-2019-04-01-boletim-aldeias-02-265x198.jpg 265w, https:\/\/vanderloubet.com.br\/deputado\/wp-content\/uploads\/2019\/04\/foto-2019-04-01-boletim-aldeias-02.jpg 720w\" sizes=\"(max-width: 560px) 100vw, 560px\" alt=\"Dionedison participou de reuni&otilde;es comemorativas aos tratores viabilizados por Vander e Zeca\">\r\n                            <\/a>\r\n                            <figcaption class = \"td-slide-caption td-gallery-slide-content\"><span>Dionedison participou de reuni\u00f5es comemorativas aos tratores viabilizados por Vander e Zeca<\/span><\/figcaption>\r\n                        <\/figure>\r\n                    <\/div>\r\n                    <div class = \"td-slide-item td-item3\">\r\n                        <figure class=\"td-slide-galery-figure td-slide-popup-gallery\">\r\n                            <a class=\"slide-gallery-image-link\" href=\"https:\/\/vanderloubet.com.br\/deputado\/wp-content\/uploads\/2019\/04\/foto-2019-04-01-boletim-aldeias-03.jpg\" title=\"Dionedison participou de reuni\u00f5es comemorativas aos tratores viabilizados por Vander e Zeca\"  data-caption=\"\"  data-description=\"Dionedison participou de reuni&otilde;es comemorativas aos tratores viabilizados por Vander e Zeca\">\r\n                                <img decoding=\"async\" src=\"https:\/\/vanderloubet.com.br\/deputado\/wp-content\/uploads\/2019\/04\/foto-2019-04-01-boletim-aldeias-03-560x420.jpg\" srcset=\"https:\/\/vanderloubet.com.br\/deputado\/wp-content\/uploads\/2019\/04\/foto-2019-04-01-boletim-aldeias-03-560x420.jpg 560w, https:\/\/vanderloubet.com.br\/deputado\/wp-content\/uploads\/2019\/04\/foto-2019-04-01-boletim-aldeias-03-350x263.jpg 350w, https:\/\/vanderloubet.com.br\/deputado\/wp-content\/uploads\/2019\/04\/foto-2019-04-01-boletim-aldeias-03-700x525.jpg 700w, https:\/\/vanderloubet.com.br\/deputado\/wp-content\/uploads\/2019\/04\/foto-2019-04-01-boletim-aldeias-03-80x60.jpg 80w, https:\/\/vanderloubet.com.br\/deputado\/wp-content\/uploads\/2019\/04\/foto-2019-04-01-boletim-aldeias-03-696x522.jpg 696w, https:\/\/vanderloubet.com.br\/deputado\/wp-content\/uploads\/2019\/04\/foto-2019-04-01-boletim-aldeias-03-265x198.jpg 265w, https:\/\/vanderloubet.com.br\/deputado\/wp-content\/uploads\/2019\/04\/foto-2019-04-01-boletim-aldeias-03.jpg 720w\" sizes=\"(max-width: 560px) 100vw, 560px\" alt=\"Dionedison participou de reuni&otilde;es comemorativas aos tratores viabilizados por Vander e Zeca\">\r\n                            <\/a>\r\n                            <figcaption class = \"td-slide-caption td-gallery-slide-content\"><span>Dionedison participou de reuni\u00f5es comemorativas aos tratores viabilizados por Vander e Zeca<\/span><\/figcaption>\r\n                        <\/figure>\r\n                    <\/div>\r\n                    <div class = \"td-slide-item td-item4\">\r\n                        <figure class=\"td-slide-galery-figure td-slide-popup-gallery\">\r\n                            <a class=\"slide-gallery-image-link\" href=\"https:\/\/vanderloubet.com.br\/deputado\/wp-content\/uploads\/2019\/04\/foto-2019-04-01-boletim-aldeias-04.jpg\" title=\"Dionedison participou de reuni\u00f5es comemorativas aos tratores viabilizados por Vander e Zeca\"  data-caption=\"\"  data-description=\"Dionedison participou de reuni&otilde;es comemorativas aos tratores viabilizados por Vander e Zeca\">\r\n                                <img decoding=\"async\" src=\"https:\/\/vanderloubet.com.br\/deputado\/wp-content\/uploads\/2019\/04\/foto-2019-04-01-boletim-aldeias-04-560x420.jpg\" srcset=\"https:\/\/vanderloubet.com.br\/deputado\/wp-content\/uploads\/2019\/04\/foto-2019-04-01-boletim-aldeias-04-560x420.jpg 560w, https:\/\/vanderloubet.com.br\/deputado\/wp-content\/uploads\/2019\/04\/foto-2019-04-01-boletim-aldeias-04-350x263.jpg 350w, https:\/\/vanderloubet.com.br\/deputado\/wp-content\/uploads\/2019\/04\/foto-2019-04-01-boletim-aldeias-04-700x525.jpg 700w, https:\/\/vanderloubet.com.br\/deputado\/wp-content\/uploads\/2019\/04\/foto-2019-04-01-boletim-aldeias-04-80x60.jpg 80w, https:\/\/vanderloubet.com.br\/deputado\/wp-content\/uploads\/2019\/04\/foto-2019-04-01-boletim-aldeias-04-696x522.jpg 696w, https:\/\/vanderloubet.com.br\/deputado\/wp-content\/uploads\/2019\/04\/foto-2019-04-01-boletim-aldeias-04-265x198.jpg 265w, https:\/\/vanderloubet.com.br\/deputado\/wp-content\/uploads\/2019\/04\/foto-2019-04-01-boletim-aldeias-04.jpg 720w\" sizes=\"(max-width: 560px) 100vw, 560px\" alt=\"Dionedison participou de reuni&otilde;es comemorativas aos tratores viabilizados por Vander e Zeca\">\r\n                            <\/a>\r\n                            <figcaption class = \"td-slide-caption td-gallery-slide-content\"><span>Dionedison participou de reuni\u00f5es comemorativas aos tratores viabilizados por Vander e Zeca<\/span><\/figcaption>\r\n                        <\/figure>\r\n                    <\/div>\r\n                    <div class = \"td-slide-item td-item5\">\r\n                        <figure class=\"td-slide-galery-figure td-slide-popup-gallery\">\r\n                            <a class=\"slide-gallery-image-link\" href=\"https:\/\/vanderloubet.com.br\/deputado\/wp-content\/uploads\/2019\/04\/foto-2019-04-01-boletim-aldeias-05.jpg\" title=\"Dionedison participou de reuni\u00f5es comemorativas aos tratores viabilizados por Vander e Zeca\"  data-caption=\"\"  data-description=\"Dionedison participou de reuni&otilde;es comemorativas aos tratores viabilizados por Vander e Zeca\">\r\n                                <img decoding=\"async\" src=\"https:\/\/vanderloubet.com.br\/deputado\/wp-content\/uploads\/2019\/04\/foto-2019-04-01-boletim-aldeias-05-560x420.jpg\" srcset=\"https:\/\/vanderloubet.com.br\/deputado\/wp-content\/uploads\/2019\/04\/foto-2019-04-01-boletim-aldeias-05-560x420.jpg 560w, https:\/\/vanderloubet.com.br\/deputado\/wp-content\/uploads\/2019\/04\/foto-2019-04-01-boletim-aldeias-05-350x263.jpg 350w, https:\/\/vanderloubet.com.br\/deputado\/wp-content\/uploads\/2019\/04\/foto-2019-04-01-boletim-aldeias-05-700x525.jpg 700w, https:\/\/vanderloubet.com.br\/deputado\/wp-content\/uploads\/2019\/04\/foto-2019-04-01-boletim-aldeias-05-80x60.jpg 80w, https:\/\/vanderloubet.com.br\/deputado\/wp-content\/uploads\/2019\/04\/foto-2019-04-01-boletim-aldeias-05-696x522.jpg 696w, https:\/\/vanderloubet.com.br\/deputado\/wp-content\/uploads\/2019\/04\/foto-2019-04-01-boletim-aldeias-05-265x198.jpg 265w, https:\/\/vanderloubet.com.br\/deputado\/wp-content\/uploads\/2019\/04\/foto-2019-04-01-boletim-aldeias-05.jpg 720w\" sizes=\"(max-width: 560px) 100vw, 560px\" alt=\"Dionedison participou de reuni&otilde;es comemorativas aos tratores viabilizados por Vander e Zeca\">\r\n                            <\/a>\r\n                            <figcaption class = \"td-slide-caption td-gallery-slide-content\"><span>Dionedison participou de reuni\u00f5es comemorativas aos tratores viabilizados por Vander e Zeca<\/span><\/figcaption>\r\n                        <\/figure>\r\n                    <\/div>\r\n                    <div class = \"td-slide-item td-item6\">\r\n                        <figure class=\"td-slide-galery-figure td-slide-popup-gallery\">\r\n                            <a class=\"slide-gallery-image-link\" href=\"https:\/\/vanderloubet.com.br\/deputado\/wp-content\/uploads\/2019\/04\/foto-2019-04-01-boletim-aldeias-06.jpg\" title=\"Dionedison participou de reuni\u00f5es comemorativas aos tratores viabilizados por Vander e Zeca\"  data-caption=\"\"  data-description=\"Dionedison participou de reuni&otilde;es comemorativas aos tratores viabilizados por Vander e Zeca\">\r\n                                <img decoding=\"async\" src=\"https:\/\/vanderloubet.com.br\/deputado\/wp-content\/uploads\/2019\/04\/foto-2019-04-01-boletim-aldeias-06-560x420.jpg\" srcset=\"https:\/\/vanderloubet.com.br\/deputado\/wp-content\/uploads\/2019\/04\/foto-2019-04-01-boletim-aldeias-06-560x420.jpg 560w, https:\/\/vanderloubet.com.br\/deputado\/wp-content\/uploads\/2019\/04\/foto-2019-04-01-boletim-aldeias-06-350x263.jpg 350w, https:\/\/vanderloubet.com.br\/deputado\/wp-content\/uploads\/2019\/04\/foto-2019-04-01-boletim-aldeias-06-700x525.jpg 700w, https:\/\/vanderloubet.com.br\/deputado\/wp-content\/uploads\/2019\/04\/foto-2019-04-01-boletim-aldeias-06-80x60.jpg 80w, https:\/\/vanderloubet.com.br\/deputado\/wp-content\/uploads\/2019\/04\/foto-2019-04-01-boletim-aldeias-06-696x522.jpg 696w, https:\/\/vanderloubet.com.br\/deputado\/wp-content\/uploads\/2019\/04\/foto-2019-04-01-boletim-aldeias-06-265x198.jpg 265w, https:\/\/vanderloubet.com.br\/deputado\/wp-content\/uploads\/2019\/04\/foto-2019-04-01-boletim-aldeias-06.jpg 720w\" sizes=\"(max-width: 560px) 100vw, 560px\" alt=\"Dionedison participou de reuni&otilde;es comemorativas aos tratores viabilizados por Vander e Zeca\">\r\n                            <\/a>\r\n                            <figcaption class = \"td-slide-caption td-gallery-slide-content\"><span>Dionedison participou de reuni\u00f5es comemorativas aos tratores viabilizados por Vander e Zeca<\/span><\/figcaption>\r\n                        <\/figure>\r\n                    <\/div>\r\n                    <div class = \"td-slide-item td-item7\">\r\n                        <figure class=\"td-slide-galery-figure td-slide-popup-gallery\">\r\n                            <a class=\"slide-gallery-image-link\" href=\"https:\/\/vanderloubet.com.br\/deputado\/wp-content\/uploads\/2019\/04\/foto-2019-04-01-boletim-aldeias-07.jpg\" title=\"Dionedison participou de reuni\u00f5es comemorativas aos tratores viabilizados por Vander e Zeca\"  data-caption=\"\"  data-description=\"Dionedison participou de reuni&otilde;es comemorativas aos tratores viabilizados por Vander e Zeca\">\r\n                                <img decoding=\"async\" src=\"https:\/\/vanderloubet.com.br\/deputado\/wp-content\/uploads\/2019\/04\/foto-2019-04-01-boletim-aldeias-07-599x420.jpg\" srcset=\"https:\/\/vanderloubet.com.br\/deputado\/wp-content\/uploads\/2019\/04\/foto-2019-04-01-boletim-aldeias-07-599x420.jpg 599w, https:\/\/vanderloubet.com.br\/deputado\/wp-content\/uploads\/2019\/04\/foto-2019-04-01-boletim-aldeias-07-350x245.jpg 350w, https:\/\/vanderloubet.com.br\/deputado\/wp-content\/uploads\/2019\/04\/foto-2019-04-01-boletim-aldeias-07-700x491.jpg 700w, https:\/\/vanderloubet.com.br\/deputado\/wp-content\/uploads\/2019\/04\/foto-2019-04-01-boletim-aldeias-07-696x488.jpg 696w, https:\/\/vanderloubet.com.br\/deputado\/wp-content\/uploads\/2019\/04\/foto-2019-04-01-boletim-aldeias-07-100x70.jpg 100w, https:\/\/vanderloubet.com.br\/deputado\/wp-content\/uploads\/2019\/04\/foto-2019-04-01-boletim-aldeias-07.jpg 720w\" sizes=\"(max-width: 599px) 100vw, 599px\" alt=\"Dionedison participou de reuni&otilde;es comemorativas aos tratores viabilizados por Vander e Zeca\">\r\n                            <\/a>\r\n                            <figcaption class = \"td-slide-caption td-gallery-slide-content\"><span>Dionedison participou de reuni\u00f5es comemorativas aos tratores viabilizados por Vander e Zeca<\/span><\/figcaption>\r\n                        <\/figure>\r\n                    <\/div>\r\n                    <div class = \"td-slide-item td-item8\">\r\n                        <figure class=\"td-slide-galery-figure td-slide-popup-gallery\">\r\n                            <a class=\"slide-gallery-image-link\" href=\"https:\/\/vanderloubet.com.br\/deputado\/wp-content\/uploads\/2019\/04\/foto-2019-04-01-boletim-aldeias-08.jpg\" title=\"Dionedison participou de reuni\u00f5es comemorativas aos tratores viabilizados por Vander e Zeca\"  data-caption=\"\"  data-description=\"Dionedison participou de reuni&otilde;es comemorativas aos tratores viabilizados por Vander e Zeca\">\r\n                                <img decoding=\"async\" src=\"https:\/\/vanderloubet.com.br\/deputado\/wp-content\/uploads\/2019\/04\/foto-2019-04-01-boletim-aldeias-08-560x420.jpg\" srcset=\"https:\/\/vanderloubet.com.br\/deputado\/wp-content\/uploads\/2019\/04\/foto-2019-04-01-boletim-aldeias-08-560x420.jpg 560w, https:\/\/vanderloubet.com.br\/deputado\/wp-content\/uploads\/2019\/04\/foto-2019-04-01-boletim-aldeias-08-350x263.jpg 350w, https:\/\/vanderloubet.com.br\/deputado\/wp-content\/uploads\/2019\/04\/foto-2019-04-01-boletim-aldeias-08-700x525.jpg 700w, https:\/\/vanderloubet.com.br\/deputado\/wp-content\/uploads\/2019\/04\/foto-2019-04-01-boletim-aldeias-08-80x60.jpg 80w, https:\/\/vanderloubet.com.br\/deputado\/wp-content\/uploads\/2019\/04\/foto-2019-04-01-boletim-aldeias-08-696x522.jpg 696w, https:\/\/vanderloubet.com.br\/deputado\/wp-content\/uploads\/2019\/04\/foto-2019-04-01-boletim-aldeias-08-265x198.jpg 265w, https:\/\/vanderloubet.com.br\/deputado\/wp-content\/uploads\/2019\/04\/foto-2019-04-01-boletim-aldeias-08.jpg 720w\" sizes=\"(max-width: 560px) 100vw, 560px\" alt=\"Dionedison participou de reuni&otilde;es comemorativas aos tratores viabilizados por Vander e Zeca\">\r\n                            <\/a>\r\n                            <figcaption class = \"td-slide-caption td-gallery-slide-content\"><span>Dionedison participou de reuni\u00f5es comemorativas aos tratores viabilizados por Vander e Zeca<\/span><\/figcaption>\r\n                        <\/figure>\r\n                    <\/div>\r\n                    <div class = \"td-slide-item td-item9\">\r\n                        <figure class=\"td-slide-galery-figure td-slide-popup-gallery\">\r\n                            <a class=\"slide-gallery-image-link\" href=\"https:\/\/vanderloubet.com.br\/deputado\/wp-content\/uploads\/2019\/04\/foto-2019-04-01-boletim-aldeias-09.jpg\" title=\"Dionedison participou de reuni\u00f5es comemorativas aos tratores viabilizados por Vander e Zeca\"  data-caption=\"\"  data-description=\"Dionedison participou de reuni&otilde;es comemorativas aos tratores viabilizados por Vander e Zeca\">\r\n                                <img decoding=\"async\" src=\"https:\/\/vanderloubet.com.br\/deputado\/wp-content\/uploads\/2019\/04\/foto-2019-04-01-boletim-aldeias-09-560x420.jpg\" srcset=\"https:\/\/vanderloubet.com.br\/deputado\/wp-content\/uploads\/2019\/04\/foto-2019-04-01-boletim-aldeias-09-560x420.jpg 560w, https:\/\/vanderloubet.com.br\/deputado\/wp-content\/uploads\/2019\/04\/foto-2019-04-01-boletim-aldeias-09-350x263.jpg 350w, https:\/\/vanderloubet.com.br\/deputado\/wp-content\/uploads\/2019\/04\/foto-2019-04-01-boletim-aldeias-09-700x525.jpg 700w, https:\/\/vanderloubet.com.br\/deputado\/wp-content\/uploads\/2019\/04\/foto-2019-04-01-boletim-aldeias-09-80x60.jpg 80w, https:\/\/vanderloubet.com.br\/deputado\/wp-content\/uploads\/2019\/04\/foto-2019-04-01-boletim-aldeias-09-696x522.jpg 696w, https:\/\/vanderloubet.com.br\/deputado\/wp-content\/uploads\/2019\/04\/foto-2019-04-01-boletim-aldeias-09-265x198.jpg 265w, https:\/\/vanderloubet.com.br\/deputado\/wp-content\/uploads\/2019\/04\/foto-2019-04-01-boletim-aldeias-09.jpg 720w\" sizes=\"(max-width: 560px) 100vw, 560px\" alt=\"Dionedison participou de reuni&otilde;es comemorativas aos tratores viabilizados por Vander e Zeca\">\r\n                            <\/a>\r\n                            <figcaption class = \"td-slide-caption td-gallery-slide-content\"><span>Dionedison participou de reuni\u00f5es comemorativas aos tratores viabilizados por Vander e Zeca<\/span><\/figcaption>\r\n                        <\/figure>\r\n                    <\/div>\r\n                    <div class = \"td-slide-item td-item10\">\r\n                        <figure class=\"td-slide-galery-figure td-slide-popup-gallery\">\r\n                            <a class=\"slide-gallery-image-link\" href=\"https:\/\/vanderloubet.com.br\/deputado\/wp-content\/uploads\/2019\/04\/foto-2019-04-01-boletim-aldeias-10.jpg\" title=\"Dionedison participou de reuni\u00f5es comemorativas aos tratores viabilizados por Vander e Zeca\"  data-caption=\"\"  data-description=\"Dionedison participou de reuni&otilde;es comemorativas aos tratores viabilizados por Vander e Zeca\">\r\n                                <img decoding=\"async\" src=\"https:\/\/vanderloubet.com.br\/deputado\/wp-content\/uploads\/2019\/04\/foto-2019-04-01-boletim-aldeias-10-560x420.jpg\" srcset=\"https:\/\/vanderloubet.com.br\/deputado\/wp-content\/uploads\/2019\/04\/foto-2019-04-01-boletim-aldeias-10-560x420.jpg 560w, https:\/\/vanderloubet.com.br\/deputado\/wp-content\/uploads\/2019\/04\/foto-2019-04-01-boletim-aldeias-10-350x263.jpg 350w, https:\/\/vanderloubet.com.br\/deputado\/wp-content\/uploads\/2019\/04\/foto-2019-04-01-boletim-aldeias-10-700x525.jpg 700w, https:\/\/vanderloubet.com.br\/deputado\/wp-content\/uploads\/2019\/04\/foto-2019-04-01-boletim-aldeias-10-80x60.jpg 80w, https:\/\/vanderloubet.com.br\/deputado\/wp-content\/uploads\/2019\/04\/foto-2019-04-01-boletim-aldeias-10-696x522.jpg 696w, https:\/\/vanderloubet.com.br\/deputado\/wp-content\/uploads\/2019\/04\/foto-2019-04-01-boletim-aldeias-10-265x198.jpg 265w, https:\/\/vanderloubet.com.br\/deputado\/wp-content\/uploads\/2019\/04\/foto-2019-04-01-boletim-aldeias-10.jpg 720w\" sizes=\"(max-width: 560px) 100vw, 560px\" alt=\"Dionedison participou de reuni&otilde;es comemorativas aos tratores viabilizados por Vander e Zeca\">\r\n                            <\/a>\r\n                            <figcaption class = \"td-slide-caption td-gallery-slide-content\"><span>Dionedison participou de reuni\u00f5es comemorativas aos tratores viabilizados por Vander e Zeca<\/span><\/figcaption>\r\n                        <\/figure>\r\n                    <\/div>\r\n                    <div class = \"td-slide-item td-item11\">\r\n                        <figure class=\"td-slide-galery-figure td-slide-popup-gallery\">\r\n                            <a class=\"slide-gallery-image-link\" href=\"https:\/\/vanderloubet.com.br\/deputado\/wp-content\/uploads\/2019\/04\/foto-2019-04-01-boletim-aldeias-11.jpg\" title=\"Dionedison participou de reuni\u00f5es comemorativas aos tratores viabilizados por Vander e Zeca\"  data-caption=\"\"  data-description=\"Dionedison participou de reuni&otilde;es comemorativas aos tratores viabilizados por Vander e Zeca\">\r\n                                <img decoding=\"async\" src=\"https:\/\/vanderloubet.com.br\/deputado\/wp-content\/uploads\/2019\/04\/foto-2019-04-01-boletim-aldeias-11-560x420.jpg\" srcset=\"https:\/\/vanderloubet.com.br\/deputado\/wp-content\/uploads\/2019\/04\/foto-2019-04-01-boletim-aldeias-11-560x420.jpg 560w, https:\/\/vanderloubet.com.br\/deputado\/wp-content\/uploads\/2019\/04\/foto-2019-04-01-boletim-aldeias-11-350x263.jpg 350w, https:\/\/vanderloubet.com.br\/deputado\/wp-content\/uploads\/2019\/04\/foto-2019-04-01-boletim-aldeias-11-700x525.jpg 700w, https:\/\/vanderloubet.com.br\/deputado\/wp-content\/uploads\/2019\/04\/foto-2019-04-01-boletim-aldeias-11-80x60.jpg 80w, https:\/\/vanderloubet.com.br\/deputado\/wp-content\/uploads\/2019\/04\/foto-2019-04-01-boletim-aldeias-11-696x522.jpg 696w, https:\/\/vanderloubet.com.br\/deputado\/wp-content\/uploads\/2019\/04\/foto-2019-04-01-boletim-aldeias-11-265x198.jpg 265w, https:\/\/vanderloubet.com.br\/deputado\/wp-content\/uploads\/2019\/04\/foto-2019-04-01-boletim-aldeias-11.jpg 720w\" sizes=\"(max-width: 560px) 100vw, 560px\" alt=\"Dionedison participou de reuni&otilde;es comemorativas aos tratores viabilizados por Vander e Zeca\">\r\n                            <\/a>\r\n                            <figcaption class = \"td-slide-caption td-gallery-slide-content\"><span>Dionedison participou de reuni\u00f5es comemorativas aos tratores viabilizados por Vander e Zeca<\/span><\/figcaption>\r\n                        <\/figure>\r\n                    <\/div>\r\n                    <div class = \"td-slide-item td-item12\">\r\n                        <figure class=\"td-slide-galery-figure td-slide-popup-gallery\">\r\n                            <a class=\"slide-gallery-image-link\" href=\"https:\/\/vanderloubet.com.br\/deputado\/wp-content\/uploads\/2019\/04\/foto-2019-04-01-boletim-aldeias-12.jpg\" title=\"Dionedison participou de reuni\u00f5es comemorativas aos tratores viabilizados por Vander e Zeca\"  data-caption=\"\"  data-description=\"Dionedison participou de reuni&otilde;es comemorativas aos tratores viabilizados por Vander e Zeca\">\r\n                                <img decoding=\"async\" src=\"https:\/\/vanderloubet.com.br\/deputado\/wp-content\/uploads\/2019\/04\/foto-2019-04-01-boletim-aldeias-12-560x420.jpg\" srcset=\"https:\/\/vanderloubet.com.br\/deputado\/wp-content\/uploads\/2019\/04\/foto-2019-04-01-boletim-aldeias-12-560x420.jpg 560w, https:\/\/vanderloubet.com.br\/deputado\/wp-content\/uploads\/2019\/04\/foto-2019-04-01-boletim-aldeias-12-350x263.jpg 350w, https:\/\/vanderloubet.com.br\/deputado\/wp-content\/uploads\/2019\/04\/foto-2019-04-01-boletim-aldeias-12-700x525.jpg 700w, https:\/\/vanderloubet.com.br\/deputado\/wp-content\/uploads\/2019\/04\/foto-2019-04-01-boletim-aldeias-12-80x60.jpg 80w, https:\/\/vanderloubet.com.br\/deputado\/wp-content\/uploads\/2019\/04\/foto-2019-04-01-boletim-aldeias-12-696x522.jpg 696w, https:\/\/vanderloubet.com.br\/deputado\/wp-content\/uploads\/2019\/04\/foto-2019-04-01-boletim-aldeias-12-265x198.jpg 265w, https:\/\/vanderloubet.com.br\/deputado\/wp-content\/uploads\/2019\/04\/foto-2019-04-01-boletim-aldeias-12.jpg 720w\" sizes=\"(max-width: 560px) 100vw, 560px\" alt=\"Dionedison participou de reuni&otilde;es comemorativas aos tratores viabilizados por Vander e Zeca\">\r\n                            <\/a>\r\n                            <figcaption class = \"td-slide-caption td-gallery-slide-content\"><span>Dionedison participou de reuni\u00f5es comemorativas aos tratores viabilizados por Vander e Zeca<\/span><\/figcaption>\r\n                        <\/figure>\r\n                    <\/div>\r\n                    <div class = \"td-slide-item td-item13\">\r\n                        <figure class=\"td-slide-galery-figure td-slide-popup-gallery\">\r\n                            <a class=\"slide-gallery-image-link\" href=\"https:\/\/vanderloubet.com.br\/deputado\/wp-content\/uploads\/2019\/04\/foto-2019-04-01-boletim-aldeias-13.jpg\" title=\"Dionedison participou de reuni\u00f5es comemorativas aos tratores viabilizados por Vander e Zeca\"  data-caption=\"\"  data-description=\"Dionedison participou de reuni&otilde;es comemorativas aos tratores viabilizados por Vander e Zeca\">\r\n                                <img decoding=\"async\" src=\"https:\/\/vanderloubet.com.br\/deputado\/wp-content\/uploads\/2019\/04\/foto-2019-04-01-boletim-aldeias-13-560x420.jpg\" srcset=\"https:\/\/vanderloubet.com.br\/deputado\/wp-content\/uploads\/2019\/04\/foto-2019-04-01-boletim-aldeias-13-560x420.jpg 560w, https:\/\/vanderloubet.com.br\/deputado\/wp-content\/uploads\/2019\/04\/foto-2019-04-01-boletim-aldeias-13-350x263.jpg 350w, https:\/\/vanderloubet.com.br\/deputado\/wp-content\/uploads\/2019\/04\/foto-2019-04-01-boletim-aldeias-13-700x525.jpg 700w, https:\/\/vanderloubet.com.br\/deputado\/wp-content\/uploads\/2019\/04\/foto-2019-04-01-boletim-aldeias-13-80x60.jpg 80w, https:\/\/vanderloubet.com.br\/deputado\/wp-content\/uploads\/2019\/04\/foto-2019-04-01-boletim-aldeias-13-696x522.jpg 696w, https:\/\/vanderloubet.com.br\/deputado\/wp-content\/uploads\/2019\/04\/foto-2019-04-01-boletim-aldeias-13-265x198.jpg 265w, https:\/\/vanderloubet.com.br\/deputado\/wp-content\/uploads\/2019\/04\/foto-2019-04-01-boletim-aldeias-13.jpg 720w\" sizes=\"(max-width: 560px) 100vw, 560px\" alt=\"Dionedison participou de reuni&otilde;es comemorativas aos tratores viabilizados por Vander e Zeca\">\r\n                            <\/a>\r\n                            <figcaption class = \"td-slide-caption td-gallery-slide-content\"><span>Dionedison participou de reuni\u00f5es comemorativas aos tratores viabilizados por Vander e Zeca<\/span><\/figcaption>\r\n                        <\/figure>\r\n                    <\/div>\r\n                    <div class = \"td-slide-item td-item14\">\r\n                        <figure class=\"td-slide-galery-figure td-slide-popup-gallery\">\r\n                            <a class=\"slide-gallery-image-link\" href=\"https:\/\/vanderloubet.com.br\/deputado\/wp-content\/uploads\/2019\/04\/foto-2019-04-01-boletim-aldeias-14.jpg\" title=\"Dionedison participou de reuni\u00f5es comemorativas aos tratores viabilizados por Vander e Zeca\"  data-caption=\"\"  data-description=\"Dionedison participou de reuni&otilde;es comemorativas aos tratores viabilizados por Vander e Zeca\">\r\n                                <img decoding=\"async\" src=\"https:\/\/vanderloubet.com.br\/deputado\/wp-content\/uploads\/2019\/04\/foto-2019-04-01-boletim-aldeias-14-560x420.jpg\" srcset=\"https:\/\/vanderloubet.com.br\/deputado\/wp-content\/uploads\/2019\/04\/foto-2019-04-01-boletim-aldeias-14-560x420.jpg 560w, https:\/\/vanderloubet.com.br\/deputado\/wp-content\/uploads\/2019\/04\/foto-2019-04-01-boletim-aldeias-14-350x263.jpg 350w, https:\/\/vanderloubet.com.br\/deputado\/wp-content\/uploads\/2019\/04\/foto-2019-04-01-boletim-aldeias-14-700x525.jpg 700w, https:\/\/vanderloubet.com.br\/deputado\/wp-content\/uploads\/2019\/04\/foto-2019-04-01-boletim-aldeias-14-80x60.jpg 80w, https:\/\/vanderloubet.com.br\/deputado\/wp-content\/uploads\/2019\/04\/foto-2019-04-01-boletim-aldeias-14-696x522.jpg 696w, https:\/\/vanderloubet.com.br\/deputado\/wp-content\/uploads\/2019\/04\/foto-2019-04-01-boletim-aldeias-14-265x198.jpg 265w, https:\/\/vanderloubet.com.br\/deputado\/wp-content\/uploads\/2019\/04\/foto-2019-04-01-boletim-aldeias-14.jpg 720w\" sizes=\"(max-width: 560px) 100vw, 560px\" alt=\"Dionedison participou de reuni&otilde;es comemorativas aos tratores viabilizados por Vander e Zeca\">\r\n                            <\/a>\r\n                            <figcaption class = \"td-slide-caption td-gallery-slide-content\"><span>Dionedison participou de reuni\u00f5es comemorativas aos tratores viabilizados por Vander e Zeca<\/span><\/figcaption>\r\n                        <\/figure>\r\n                    <\/div>\r\n                    <div class = \"td-slide-item td-item15\">\r\n                        <figure class=\"td-slide-galery-figure td-slide-popup-gallery\">\r\n                            <a class=\"slide-gallery-image-link\" href=\"https:\/\/vanderloubet.com.br\/deputado\/wp-content\/uploads\/2019\/04\/foto-2019-04-01-boletim-aldeias-15.jpg\" title=\"Dionedison participou de reuni\u00f5es comemorativas aos tratores viabilizados por Vander e Zeca\"  data-caption=\"\"  data-description=\"Dionedison participou de reuni&otilde;es comemorativas aos tratores viabilizados por Vander e Zeca\">\r\n                                <img decoding=\"async\" src=\"https:\/\/vanderloubet.com.br\/deputado\/wp-content\/uploads\/2019\/04\/foto-2019-04-01-boletim-aldeias-15-560x420.jpg\" srcset=\"https:\/\/vanderloubet.com.br\/deputado\/wp-content\/uploads\/2019\/04\/foto-2019-04-01-boletim-aldeias-15-560x420.jpg 560w, https:\/\/vanderloubet.com.br\/deputado\/wp-content\/uploads\/2019\/04\/foto-2019-04-01-boletim-aldeias-15-350x263.jpg 350w, https:\/\/vanderloubet.com.br\/deputado\/wp-content\/uploads\/2019\/04\/foto-2019-04-01-boletim-aldeias-15-700x525.jpg 700w, https:\/\/vanderloubet.com.br\/deputado\/wp-content\/uploads\/2019\/04\/foto-2019-04-01-boletim-aldeias-15-80x60.jpg 80w, https:\/\/vanderloubet.com.br\/deputado\/wp-content\/uploads\/2019\/04\/foto-2019-04-01-boletim-aldeias-15-696x522.jpg 696w, https:\/\/vanderloubet.com.br\/deputado\/wp-content\/uploads\/2019\/04\/foto-2019-04-01-boletim-aldeias-15-265x198.jpg 265w, https:\/\/vanderloubet.com.br\/deputado\/wp-content\/uploads\/2019\/04\/foto-2019-04-01-boletim-aldeias-15.jpg 720w\" sizes=\"(max-width: 560px) 100vw, 560px\" alt=\"Dionedison participou de reuni&otilde;es comemorativas aos tratores viabilizados por Vander e Zeca\">\r\n                            <\/a>\r\n                            <figcaption class = \"td-slide-caption td-gallery-slide-content\"><span>Dionedison participou de reuni\u00f5es comemorativas aos tratores viabilizados por Vander e Zeca<\/span><\/figcaption>\r\n                        <\/figure>\r\n                    <\/div>\r\n                    <div class = \"td-slide-item td-item16\">\r\n                        <figure class=\"td-slide-galery-figure td-slide-popup-gallery\">\r\n                            <a class=\"slide-gallery-image-link\" href=\"https:\/\/vanderloubet.com.br\/deputado\/wp-content\/uploads\/2019\/04\/foto-2019-04-01-boletim-aldeias-16.jpg\" title=\"Dionedison participou de reuni\u00f5es comemorativas aos tratores viabilizados por Vander e Zeca\"  data-caption=\"\"  data-description=\"Dionedison participou de reuni&otilde;es comemorativas aos tratores viabilizados por Vander e Zeca\">\r\n                                <img decoding=\"async\" src=\"https:\/\/vanderloubet.com.br\/deputado\/wp-content\/uploads\/2019\/04\/foto-2019-04-01-boletim-aldeias-16-560x420.jpg\" srcset=\"https:\/\/vanderloubet.com.br\/deputado\/wp-content\/uploads\/2019\/04\/foto-2019-04-01-boletim-aldeias-16-560x420.jpg 560w, https:\/\/vanderloubet.com.br\/deputado\/wp-content\/uploads\/2019\/04\/foto-2019-04-01-boletim-aldeias-16-350x263.jpg 350w, https:\/\/vanderloubet.com.br\/deputado\/wp-content\/uploads\/2019\/04\/foto-2019-04-01-boletim-aldeias-16-700x525.jpg 700w, https:\/\/vanderloubet.com.br\/deputado\/wp-content\/uploads\/2019\/04\/foto-2019-04-01-boletim-aldeias-16-80x60.jpg 80w, https:\/\/vanderloubet.com.br\/deputado\/wp-content\/uploads\/2019\/04\/foto-2019-04-01-boletim-aldeias-16-696x522.jpg 696w, https:\/\/vanderloubet.com.br\/deputado\/wp-content\/uploads\/2019\/04\/foto-2019-04-01-boletim-aldeias-16-265x198.jpg 265w, https:\/\/vanderloubet.com.br\/deputado\/wp-content\/uploads\/2019\/04\/foto-2019-04-01-boletim-aldeias-16.jpg 720w\" sizes=\"(max-width: 560px) 100vw, 560px\" alt=\"Dionedison participou de reuni&otilde;es comemorativas aos tratores viabilizados por Vander e Zeca\">\r\n                            <\/a>\r\n                            <figcaption class = \"td-slide-caption td-gallery-slide-content\"><span>Dionedison participou de reuni\u00f5es comemorativas aos tratores viabilizados por Vander e Zeca<\/span><\/figcaption>\r\n                        <\/figure>\r\n                    <\/div>\r\n                    <div class = \"td-slide-item td-item17\">\r\n                        <figure class=\"td-slide-galery-figure td-slide-popup-gallery\">\r\n                            <a class=\"slide-gallery-image-link\" href=\"https:\/\/vanderloubet.com.br\/deputado\/wp-content\/uploads\/2019\/04\/foto-2019-04-01-boletim-aldeias-17.jpg\" title=\"Dionedison participou de reuni\u00f5es comemorativas aos tratores viabilizados por Vander e Zeca\"  data-caption=\"\"  data-description=\"Dionedison participou de reuni&otilde;es comemorativas aos tratores viabilizados por Vander e Zeca\">\r\n                                <img decoding=\"async\" src=\"https:\/\/vanderloubet.com.br\/deputado\/wp-content\/uploads\/2019\/04\/foto-2019-04-01-boletim-aldeias-17-560x420.jpg\" srcset=\"https:\/\/vanderloubet.com.br\/deputado\/wp-content\/uploads\/2019\/04\/foto-2019-04-01-boletim-aldeias-17-560x420.jpg 560w, https:\/\/vanderloubet.com.br\/deputado\/wp-content\/uploads\/2019\/04\/foto-2019-04-01-boletim-aldeias-17-350x263.jpg 350w, https:\/\/vanderloubet.com.br\/deputado\/wp-content\/uploads\/2019\/04\/foto-2019-04-01-boletim-aldeias-17-700x525.jpg 700w, https:\/\/vanderloubet.com.br\/deputado\/wp-content\/uploads\/2019\/04\/foto-2019-04-01-boletim-aldeias-17-80x60.jpg 80w, https:\/\/vanderloubet.com.br\/deputado\/wp-content\/uploads\/2019\/04\/foto-2019-04-01-boletim-aldeias-17-696x522.jpg 696w, https:\/\/vanderloubet.com.br\/deputado\/wp-content\/uploads\/2019\/04\/foto-2019-04-01-boletim-aldeias-17-265x198.jpg 265w, https:\/\/vanderloubet.com.br\/deputado\/wp-content\/uploads\/2019\/04\/foto-2019-04-01-boletim-aldeias-17.jpg 720w\" sizes=\"(max-width: 560px) 100vw, 560px\" alt=\"Dionedison participou de reuni&otilde;es comemorativas aos tratores viabilizados por Vander e Zeca\">\r\n                            <\/a>\r\n                            <figcaption class = \"td-slide-caption td-gallery-slide-content\"><span>Dionedison participou de reuni\u00f5es comemorativas aos tratores viabilizados por Vander e Zeca<\/span><\/figcaption>\r\n                        <\/figure>\r\n                    <\/div>\r\n                    <div class = \"td-slide-item td-item18\">\r\n                        <figure class=\"td-slide-galery-figure td-slide-popup-gallery\">\r\n                            <a class=\"slide-gallery-image-link\" href=\"https:\/\/vanderloubet.com.br\/deputado\/wp-content\/uploads\/2019\/04\/foto-2019-04-01-boletim-aldeias-18.jpg\" title=\"Dionedison participou de reuni\u00f5es comemorativas aos tratores viabilizados por Vander e Zeca\"  data-caption=\"\"  data-description=\"Dionedison participou de reuni&otilde;es comemorativas aos tratores viabilizados por Vander e Zeca\">\r\n                                <img decoding=\"async\" src=\"https:\/\/vanderloubet.com.br\/deputado\/wp-content\/uploads\/2019\/04\/foto-2019-04-01-boletim-aldeias-18-560x420.jpg\" srcset=\"https:\/\/vanderloubet.com.br\/deputado\/wp-content\/uploads\/2019\/04\/foto-2019-04-01-boletim-aldeias-18-560x420.jpg 560w, https:\/\/vanderloubet.com.br\/deputado\/wp-content\/uploads\/2019\/04\/foto-2019-04-01-boletim-aldeias-18-350x263.jpg 350w, https:\/\/vanderloubet.com.br\/deputado\/wp-content\/uploads\/2019\/04\/foto-2019-04-01-boletim-aldeias-18-700x525.jpg 700w, https:\/\/vanderloubet.com.br\/deputado\/wp-content\/uploads\/2019\/04\/foto-2019-04-01-boletim-aldeias-18-80x60.jpg 80w, https:\/\/vanderloubet.com.br\/deputado\/wp-content\/uploads\/2019\/04\/foto-2019-04-01-boletim-aldeias-18-696x522.jpg 696w, https:\/\/vanderloubet.com.br\/deputado\/wp-content\/uploads\/2019\/04\/foto-2019-04-01-boletim-aldeias-18-265x198.jpg 265w, https:\/\/vanderloubet.com.br\/deputado\/wp-content\/uploads\/2019\/04\/foto-2019-04-01-boletim-aldeias-18.jpg 720w\" sizes=\"(max-width: 560px) 100vw, 560px\" alt=\"Dionedison participou de reuni&otilde;es comemorativas aos tratores viabilizados por Vander e Zeca\">\r\n                            <\/a>\r\n                            <figcaption class = \"td-slide-caption td-gallery-slide-content\"><span>Dionedison participou de reuni\u00f5es comemorativas aos tratores viabilizados por Vander e Zeca<\/span><\/figcaption>\r\n                        <\/figure>\r\n                    <\/div>\r\n                            <\/div>\r\n                        <\/div>\r\n\r\n                        <div class = \"td-doubleSlider-2\">\r\n                            <div class = \"td-slider\">\r\n                                \r\n                    <div class = \"td-button td-item1\">\r\n                        <div class = \"td-border\"><\/div>\r\n                    <\/div>\r\n                    <div class = \"td-button td-item2\">\r\n                        <div class = \"td-border\"><\/div>\r\n                    <\/div>\r\n                    <div class = \"td-button td-item3\">\r\n                        <div class = \"td-border\"><\/div>\r\n                    <\/div>\r\n                    <div class = \"td-button td-item4\">\r\n                        <div class = \"td-border\"><\/div>\r\n                    <\/div>\r\n                    <div class = \"td-button td-item5\">\r\n                        <div class = \"td-border\"><\/div>\r\n                    <\/div>\r\n                    <div class = \"td-button td-item6\">\r\n                        <div class = \"td-border\"><\/div>\r\n                    <\/div>\r\n                    <div class = \"td-button td-item7\">\r\n                        <div class = \"td-border\"><\/div>\r\n                    <\/div>\r\n                    <div class = \"td-button td-item8\">\r\n                        <div class = \"td-border\"><\/div>\r\n                    <\/div>\r\n                    <div class = \"td-button td-item9\">\r\n                        <div class = \"td-border\"><\/div>\r\n                    <\/div>\r\n                    <div class = \"td-button td-item10\">\r\n                        <div class = \"td-border\"><\/div>\r\n                    <\/div>\r\n                    <div class = \"td-button td-item11\">\r\n                        <div class = \"td-border\"><\/div>\r\n                    <\/div>\r\n                    <div class = \"td-button td-item12\">\r\n                        <div class = \"td-border\"><\/div>\r\n                    <\/div>\r\n                    <div class = \"td-button td-item13\">\r\n                        <div class = \"td-border\"><\/div>\r\n                    <\/div>\r\n                    <div class = \"td-button td-item14\">\r\n                        <div class = \"td-border\"><\/div>\r\n                    <\/div>\r\n                    <div class = \"td-button td-item15\">\r\n                        <div class = \"td-border\"><\/div>\r\n                    <\/div>\r\n                    <div class = \"td-button td-item16\">\r\n                        <div class = \"td-border\"><\/div>\r\n                    <\/div>\r\n                    <div class = \"td-button td-item17\">\r\n                        <div class = \"td-border\"><\/div>\r\n                    <\/div>\r\n                    <div class = \"td-button td-item18\">\r\n                        <div class = \"td-border\"><\/div>\r\n                    <\/div>\r\n                            <\/div>\r\n                        <\/div>\r\n\r\n                    <\/div>\r\n\r\n                <\/div>\r\n                \n<p><em>(\u00c9der F. Yanaguita &#8211; Ascom\/Dep. Vander Loubet)<\/em><\/p>\n","protected":false},"excerpt":{"rendered":"<p>Confira os destaques do trabalho da assessoria parlamentar do deputado federal Vander Loubet na Capital e no interior de Mato Grosso do Sul.<\/p>\n","protected":false},"author":2,"featured_media":14896,"comment_status":"closed","ping_status":"closed","sticky":false,"template":"","format":"video","meta":{"jetpack_post_was_ever_published":false,"_jetpack_newsletter_access":"","_jetpack_dont_email_post_to_subs":false,"_jetpack_newsletter_tier_id":0,"_jetpack_memberships_contains_paywalled_content":false,"_jetpack_memberships_contains_paid_content":false,"footnotes":""},"categories":[2101,10,12],"tags":[2132,2373,2127,2386,2220],"class_list":{"0":"post-14853","1":"post","2":"type-post","3":"status-publish","4":"format-video","5":"has-post-thumbnail","7":"category-multimidia","8":"category-noticias","9":"category-videos","10":"tag-agricultura-familiar","11":"tag-aldeia-indigena","12":"tag-emenda-parlamentar","13":"tag-reforma-da-previdencia","14":"tag-seguranca-publica","15":"post_format-post-format-video"},"yoast_head":"<!-- This site is optimized with the Yoast SEO plugin v27.4 - https:\/\/yoast.com\/product\/yoast-seo-wordpress\/ -->\n<title>Boletim &quot;Mandato em Movimento&quot; (N\u00ba 1)<\/title>\n<meta name=\"description\" content=\"Confira os destaques do trabalho da assessoria parlamentar do deputado federal Vander Loubet na Capital e no interior de Mato Grosso do Sul.\" \/>\n<meta name=\"robots\" content=\"index, follow, max-snippet:-1, max-image-preview:large, max-video-preview:-1\" \/>\n<link rel=\"canonical\" href=\"https:\/\/vanderloubet.com.br\/deputado\/boletim-mandato-em-movimento-01\/\" \/>\n<meta property=\"og:locale\" content=\"pt_BR\" \/>\n<meta property=\"og:type\" content=\"article\" \/>\n<meta property=\"og:title\" content=\"Boletim &quot;Mandato em Movimento&quot; (N\u00ba 1)\" \/>\n<meta property=\"og:description\" content=\"Confira os destaques do trabalho da assessoria parlamentar do deputado federal Vander Loubet na Capital e no interior de Mato Grosso do Sul.\" \/>\n<meta property=\"og:url\" content=\"https:\/\/vanderloubet.com.br\/deputado\/boletim-mandato-em-movimento-01\/\" \/>\n<meta property=\"og:site_name\" content=\"Deputado Federal Vander Loubet\" \/>\n<meta property=\"article:publisher\" content=\"https:\/\/facebook.com\/deputadovander\" \/>\n<meta property=\"article:published_time\" content=\"2019-04-01T15:49:14+00:00\" \/>\n<meta property=\"article:modified_time\" content=\"2019-04-02T01:48:58+00:00\" \/>\n<meta property=\"og:image\" content=\"https:\/\/vanderloubet.com.br\/deputado\/wp-content\/uploads\/2019\/04\/mandato-em-movimento-1280x720.jpg\" \/>\n\t<meta property=\"og:image:width\" content=\"1280\" \/>\n\t<meta property=\"og:image:height\" content=\"720\" \/>\n\t<meta property=\"og:image:type\" content=\"image\/jpeg\" \/>\n<meta name=\"author\" content=\"\u00c9der\" \/>\n<meta name=\"twitter:card\" content=\"summary_large_image\" \/>\n<meta name=\"twitter:creator\" content=\"@vanderloubet\" \/>\n<meta name=\"twitter:site\" content=\"@vanderloubet\" \/>\n<script type=\"application\/ld+json\" class=\"yoast-schema-graph\">{\"@context\":\"https:\\\/\\\/schema.org\",\"@graph\":[{\"@type\":\"Article\",\"@id\":\"https:\\\/\\\/vanderloubet.com.br\\\/deputado\\\/boletim-mandato-em-movimento-01\\\/#article\",\"isPartOf\":{\"@id\":\"https:\\\/\\\/vanderloubet.com.br\\\/deputado\\\/boletim-mandato-em-movimento-01\\\/\"},\"author\":{\"name\":\"\u00c9der\",\"@id\":\"https:\\\/\\\/vanderloubet.com.br\\\/deputado\\\/#\\\/schema\\\/person\\\/15b51bd564532a8a68d9dec1b8eb890e\"},\"headline\":\"Boletim &#8220;Mandato em Movimento&#8221; (N\u00ba 1)\",\"datePublished\":\"2019-04-01T15:49:14+00:00\",\"dateModified\":\"2019-04-02T01:48:58+00:00\",\"mainEntityOfPage\":{\"@id\":\"https:\\\/\\\/vanderloubet.com.br\\\/deputado\\\/boletim-mandato-em-movimento-01\\\/\"},\"wordCount\":998,\"publisher\":{\"@id\":\"https:\\\/\\\/vanderloubet.com.br\\\/deputado\\\/#organization\"},\"image\":{\"@id\":\"https:\\\/\\\/vanderloubet.com.br\\\/deputado\\\/boletim-mandato-em-movimento-01\\\/#primaryimage\"},\"thumbnailUrl\":\"https:\\\/\\\/vanderloubet.com.br\\\/deputado\\\/wp-content\\\/uploads\\\/2019\\\/04\\\/mandato-em-movimento-1280x720.jpg\",\"keywords\":[\"agricultura familiar\",\"aldeia ind\u00edgena\",\"emenda parlamentar\",\"reforma da previd\u00eancia\",\"seguran\u00e7a p\u00fablica\"],\"articleSection\":[\"Multim\u00eddia\",\"Not\u00edcias\",\"V\u00eddeos\"],\"inLanguage\":\"pt-BR\"},{\"@type\":\"WebPage\",\"@id\":\"https:\\\/\\\/vanderloubet.com.br\\\/deputado\\\/boletim-mandato-em-movimento-01\\\/\",\"url\":\"https:\\\/\\\/vanderloubet.com.br\\\/deputado\\\/boletim-mandato-em-movimento-01\\\/\",\"name\":\"Boletim \\\"Mandato em Movimento\\\" (N\u00ba 1)\",\"isPartOf\":{\"@id\":\"https:\\\/\\\/vanderloubet.com.br\\\/deputado\\\/#website\"},\"primaryImageOfPage\":{\"@id\":\"https:\\\/\\\/vanderloubet.com.br\\\/deputado\\\/boletim-mandato-em-movimento-01\\\/#primaryimage\"},\"image\":{\"@id\":\"https:\\\/\\\/vanderloubet.com.br\\\/deputado\\\/boletim-mandato-em-movimento-01\\\/#primaryimage\"},\"thumbnailUrl\":\"https:\\\/\\\/vanderloubet.com.br\\\/deputado\\\/wp-content\\\/uploads\\\/2019\\\/04\\\/mandato-em-movimento-1280x720.jpg\",\"datePublished\":\"2019-04-01T15:49:14+00:00\",\"dateModified\":\"2019-04-02T01:48:58+00:00\",\"description\":\"Confira os destaques do trabalho da assessoria parlamentar do deputado federal Vander Loubet na Capital e no interior de Mato Grosso do Sul.\",\"breadcrumb\":{\"@id\":\"https:\\\/\\\/vanderloubet.com.br\\\/deputado\\\/boletim-mandato-em-movimento-01\\\/#breadcrumb\"},\"inLanguage\":\"pt-BR\",\"potentialAction\":[{\"@type\":\"ReadAction\",\"target\":[\"https:\\\/\\\/vanderloubet.com.br\\\/deputado\\\/boletim-mandato-em-movimento-01\\\/\"]}]},{\"@type\":\"ImageObject\",\"inLanguage\":\"pt-BR\",\"@id\":\"https:\\\/\\\/vanderloubet.com.br\\\/deputado\\\/boletim-mandato-em-movimento-01\\\/#primaryimage\",\"url\":\"https:\\\/\\\/vanderloubet.com.br\\\/deputado\\\/wp-content\\\/uploads\\\/2019\\\/04\\\/mandato-em-movimento-1280x720.jpg\",\"contentUrl\":\"https:\\\/\\\/vanderloubet.com.br\\\/deputado\\\/wp-content\\\/uploads\\\/2019\\\/04\\\/mandato-em-movimento-1280x720.jpg\",\"width\":1280,\"height\":720,\"caption\":\"Mandato em Movimento - Deputado Federal Vander Loubet\"},{\"@type\":\"BreadcrumbList\",\"@id\":\"https:\\\/\\\/vanderloubet.com.br\\\/deputado\\\/boletim-mandato-em-movimento-01\\\/#breadcrumb\",\"itemListElement\":[{\"@type\":\"ListItem\",\"position\":1,\"name\":\"In\u00edcio\",\"item\":\"https:\\\/\\\/vanderloubet.com.br\\\/deputado\\\/\"},{\"@type\":\"ListItem\",\"position\":2,\"name\":\"Boletim &#8220;Mandato em Movimento&#8221; (N\u00ba 1)\"}]},{\"@type\":\"WebSite\",\"@id\":\"https:\\\/\\\/vanderloubet.com.br\\\/deputado\\\/#website\",\"url\":\"https:\\\/\\\/vanderloubet.com.br\\\/deputado\\\/\",\"name\":\"Deputado Federal Vander Loubet\",\"description\":\"O Federal de MS\",\"publisher\":{\"@id\":\"https:\\\/\\\/vanderloubet.com.br\\\/deputado\\\/#organization\"},\"alternateName\":\"Deputado Vander\",\"potentialAction\":[{\"@type\":\"SearchAction\",\"target\":{\"@type\":\"EntryPoint\",\"urlTemplate\":\"https:\\\/\\\/vanderloubet.com.br\\\/deputado\\\/?s={search_term_string}\"},\"query-input\":{\"@type\":\"PropertyValueSpecification\",\"valueRequired\":true,\"valueName\":\"search_term_string\"}}],\"inLanguage\":\"pt-BR\"},{\"@type\":\"Organization\",\"@id\":\"https:\\\/\\\/vanderloubet.com.br\\\/deputado\\\/#organization\",\"name\":\"Deputado Federal Vander Loubet\",\"alternateName\":\"Deputado Vander\",\"url\":\"https:\\\/\\\/vanderloubet.com.br\\\/deputado\\\/\",\"logo\":{\"@type\":\"ImageObject\",\"inLanguage\":\"pt-BR\",\"@id\":\"https:\\\/\\\/vanderloubet.com.br\\\/deputado\\\/#\\\/schema\\\/logo\\\/image\\\/\",\"url\":\"https:\\\/\\\/vanderloubet.com.br\\\/deputado\\\/wp-content\\\/uploads\\\/2023\\\/06\\\/foto-2023-06-19-mandato-deputado-vander.jpg\",\"contentUrl\":\"https:\\\/\\\/vanderloubet.com.br\\\/deputado\\\/wp-content\\\/uploads\\\/2023\\\/06\\\/foto-2023-06-19-mandato-deputado-vander.jpg\",\"width\":1080,\"height\":1080,\"caption\":\"Deputado Federal Vander Loubet\"},\"image\":{\"@id\":\"https:\\\/\\\/vanderloubet.com.br\\\/deputado\\\/#\\\/schema\\\/logo\\\/image\\\/\"},\"sameAs\":[\"https:\\\/\\\/facebook.com\\\/deputadovander\",\"https:\\\/\\\/x.com\\\/vanderloubet\",\"https:\\\/\\\/instagram.com\\\/vanderloubet\",\"https:\\\/\\\/youtube.com\\\/vanderloubet\",\"https:\\\/\\\/tiktok.com\\\/@vanderloubetms\"]},{\"@type\":\"Person\",\"@id\":\"https:\\\/\\\/vanderloubet.com.br\\\/deputado\\\/#\\\/schema\\\/person\\\/15b51bd564532a8a68d9dec1b8eb890e\",\"name\":\"\u00c9der\",\"image\":{\"@type\":\"ImageObject\",\"inLanguage\":\"pt-BR\",\"@id\":\"https:\\\/\\\/vanderloubet.com.br\\\/deputado\\\/wp-content\\\/litespeed\\\/avatar\\\/88ca4090d9d5ab1c9495f6ca03b68efa.jpg?ver=1777058957\",\"url\":\"https:\\\/\\\/vanderloubet.com.br\\\/deputado\\\/wp-content\\\/litespeed\\\/avatar\\\/88ca4090d9d5ab1c9495f6ca03b68efa.jpg?ver=1777058957\",\"contentUrl\":\"https:\\\/\\\/vanderloubet.com.br\\\/deputado\\\/wp-content\\\/litespeed\\\/avatar\\\/88ca4090d9d5ab1c9495f6ca03b68efa.jpg?ver=1777058957\",\"caption\":\"\u00c9der\"}}]}<\/script>\n<!-- \/ Yoast SEO plugin. -->","yoast_head_json":{"title":"Boletim \"Mandato em Movimento\" (N\u00ba 1)","description":"Confira os destaques do trabalho da assessoria parlamentar do deputado federal Vander Loubet na Capital e no interior de Mato Grosso do Sul.","robots":{"index":"index","follow":"follow","max-snippet":"max-snippet:-1","max-image-preview":"max-image-preview:large","max-video-preview":"max-video-preview:-1"},"canonical":"https:\/\/vanderloubet.com.br\/deputado\/boletim-mandato-em-movimento-01\/","og_locale":"pt_BR","og_type":"article","og_title":"Boletim \"Mandato em Movimento\" (N\u00ba 1)","og_description":"Confira os destaques do trabalho da assessoria parlamentar do deputado federal Vander Loubet na Capital e no interior de Mato Grosso do Sul.","og_url":"https:\/\/vanderloubet.com.br\/deputado\/boletim-mandato-em-movimento-01\/","og_site_name":"Deputado Federal Vander Loubet","article_publisher":"https:\/\/facebook.com\/deputadovander","article_published_time":"2019-04-01T15:49:14+00:00","article_modified_time":"2019-04-02T01:48:58+00:00","og_image":[{"width":1280,"height":720,"url":"https:\/\/vanderloubet.com.br\/deputado\/wp-content\/uploads\/2019\/04\/mandato-em-movimento-1280x720.jpg","type":"image\/jpeg"}],"author":"\u00c9der","twitter_card":"summary_large_image","twitter_creator":"@vanderloubet","twitter_site":"@vanderloubet","schema":{"@context":"https:\/\/schema.org","@graph":[{"@type":"Article","@id":"https:\/\/vanderloubet.com.br\/deputado\/boletim-mandato-em-movimento-01\/#article","isPartOf":{"@id":"https:\/\/vanderloubet.com.br\/deputado\/boletim-mandato-em-movimento-01\/"},"author":{"name":"\u00c9der","@id":"https:\/\/vanderloubet.com.br\/deputado\/#\/schema\/person\/15b51bd564532a8a68d9dec1b8eb890e"},"headline":"Boletim &#8220;Mandato em Movimento&#8221; (N\u00ba 1)","datePublished":"2019-04-01T15:49:14+00:00","dateModified":"2019-04-02T01:48:58+00:00","mainEntityOfPage":{"@id":"https:\/\/vanderloubet.com.br\/deputado\/boletim-mandato-em-movimento-01\/"},"wordCount":998,"publisher":{"@id":"https:\/\/vanderloubet.com.br\/deputado\/#organization"},"image":{"@id":"https:\/\/vanderloubet.com.br\/deputado\/boletim-mandato-em-movimento-01\/#primaryimage"},"thumbnailUrl":"https:\/\/vanderloubet.com.br\/deputado\/wp-content\/uploads\/2019\/04\/mandato-em-movimento-1280x720.jpg","keywords":["agricultura familiar","aldeia ind\u00edgena","emenda parlamentar","reforma da previd\u00eancia","seguran\u00e7a p\u00fablica"],"articleSection":["Multim\u00eddia","Not\u00edcias","V\u00eddeos"],"inLanguage":"pt-BR"},{"@type":"WebPage","@id":"https:\/\/vanderloubet.com.br\/deputado\/boletim-mandato-em-movimento-01\/","url":"https:\/\/vanderloubet.com.br\/deputado\/boletim-mandato-em-movimento-01\/","name":"Boletim \"Mandato em Movimento\" (N\u00ba 1)","isPartOf":{"@id":"https:\/\/vanderloubet.com.br\/deputado\/#website"},"primaryImageOfPage":{"@id":"https:\/\/vanderloubet.com.br\/deputado\/boletim-mandato-em-movimento-01\/#primaryimage"},"image":{"@id":"https:\/\/vanderloubet.com.br\/deputado\/boletim-mandato-em-movimento-01\/#primaryimage"},"thumbnailUrl":"https:\/\/vanderloubet.com.br\/deputado\/wp-content\/uploads\/2019\/04\/mandato-em-movimento-1280x720.jpg","datePublished":"2019-04-01T15:49:14+00:00","dateModified":"2019-04-02T01:48:58+00:00","description":"Confira os destaques do trabalho da assessoria parlamentar do deputado federal Vander Loubet na Capital e no interior de Mato Grosso do Sul.","breadcrumb":{"@id":"https:\/\/vanderloubet.com.br\/deputado\/boletim-mandato-em-movimento-01\/#breadcrumb"},"inLanguage":"pt-BR","potentialAction":[{"@type":"ReadAction","target":["https:\/\/vanderloubet.com.br\/deputado\/boletim-mandato-em-movimento-01\/"]}]},{"@type":"ImageObject","inLanguage":"pt-BR","@id":"https:\/\/vanderloubet.com.br\/deputado\/boletim-mandato-em-movimento-01\/#primaryimage","url":"https:\/\/vanderloubet.com.br\/deputado\/wp-content\/uploads\/2019\/04\/mandato-em-movimento-1280x720.jpg","contentUrl":"https:\/\/vanderloubet.com.br\/deputado\/wp-content\/uploads\/2019\/04\/mandato-em-movimento-1280x720.jpg","width":1280,"height":720,"caption":"Mandato em Movimento - Deputado Federal Vander Loubet"},{"@type":"BreadcrumbList","@id":"https:\/\/vanderloubet.com.br\/deputado\/boletim-mandato-em-movimento-01\/#breadcrumb","itemListElement":[{"@type":"ListItem","position":1,"name":"In\u00edcio","item":"https:\/\/vanderloubet.com.br\/deputado\/"},{"@type":"ListItem","position":2,"name":"Boletim &#8220;Mandato em Movimento&#8221; (N\u00ba 1)"}]},{"@type":"WebSite","@id":"https:\/\/vanderloubet.com.br\/deputado\/#website","url":"https:\/\/vanderloubet.com.br\/deputado\/","name":"Deputado Federal Vander Loubet","description":"O Federal de MS","publisher":{"@id":"https:\/\/vanderloubet.com.br\/deputado\/#organization"},"alternateName":"Deputado Vander","potentialAction":[{"@type":"SearchAction","target":{"@type":"EntryPoint","urlTemplate":"https:\/\/vanderloubet.com.br\/deputado\/?s={search_term_string}"},"query-input":{"@type":"PropertyValueSpecification","valueRequired":true,"valueName":"search_term_string"}}],"inLanguage":"pt-BR"},{"@type":"Organization","@id":"https:\/\/vanderloubet.com.br\/deputado\/#organization","name":"Deputado Federal Vander Loubet","alternateName":"Deputado Vander","url":"https:\/\/vanderloubet.com.br\/deputado\/","logo":{"@type":"ImageObject","inLanguage":"pt-BR","@id":"https:\/\/vanderloubet.com.br\/deputado\/#\/schema\/logo\/image\/","url":"https:\/\/vanderloubet.com.br\/deputado\/wp-content\/uploads\/2023\/06\/foto-2023-06-19-mandato-deputado-vander.jpg","contentUrl":"https:\/\/vanderloubet.com.br\/deputado\/wp-content\/uploads\/2023\/06\/foto-2023-06-19-mandato-deputado-vander.jpg","width":1080,"height":1080,"caption":"Deputado Federal Vander Loubet"},"image":{"@id":"https:\/\/vanderloubet.com.br\/deputado\/#\/schema\/logo\/image\/"},"sameAs":["https:\/\/facebook.com\/deputadovander","https:\/\/x.com\/vanderloubet","https:\/\/instagram.com\/vanderloubet","https:\/\/youtube.com\/vanderloubet","https:\/\/tiktok.com\/@vanderloubetms"]},{"@type":"Person","@id":"https:\/\/vanderloubet.com.br\/deputado\/#\/schema\/person\/15b51bd564532a8a68d9dec1b8eb890e","name":"\u00c9der","image":{"@type":"ImageObject","inLanguage":"pt-BR","@id":"https:\/\/vanderloubet.com.br\/deputado\/wp-content\/litespeed\/avatar\/88ca4090d9d5ab1c9495f6ca03b68efa.jpg?ver=1777058957","url":"https:\/\/vanderloubet.com.br\/deputado\/wp-content\/litespeed\/avatar\/88ca4090d9d5ab1c9495f6ca03b68efa.jpg?ver=1777058957","contentUrl":"https:\/\/vanderloubet.com.br\/deputado\/wp-content\/litespeed\/avatar\/88ca4090d9d5ab1c9495f6ca03b68efa.jpg?ver=1777058957","caption":"\u00c9der"}}]}},"jetpack_featured_media_url":"https:\/\/vanderloubet.com.br\/deputado\/wp-content\/uploads\/2019\/04\/mandato-em-movimento-1280x720.jpg","jetpack_sharing_enabled":true,"_links":{"self":[{"href":"https:\/\/vanderloubet.com.br\/deputado\/wp-json\/wp\/v2\/posts\/14853","targetHints":{"allow":["GET"]}}],"collection":[{"href":"https:\/\/vanderloubet.com.br\/deputado\/wp-json\/wp\/v2\/posts"}],"about":[{"href":"https:\/\/vanderloubet.com.br\/deputado\/wp-json\/wp\/v2\/types\/post"}],"author":[{"embeddable":true,"href":"https:\/\/vanderloubet.com.br\/deputado\/wp-json\/wp\/v2\/users\/2"}],"replies":[{"embeddable":true,"href":"https:\/\/vanderloubet.com.br\/deputado\/wp-json\/wp\/v2\/comments?post=14853"}],"version-history":[{"count":0,"href":"https:\/\/vanderloubet.com.br\/deputado\/wp-json\/wp\/v2\/posts\/14853\/revisions"}],"wp:featuredmedia":[{"embeddable":true,"href":"https:\/\/vanderloubet.com.br\/deputado\/wp-json\/wp\/v2\/media\/14896"}],"wp:attachment":[{"href":"https:\/\/vanderloubet.com.br\/deputado\/wp-json\/wp\/v2\/media?parent=14853"}],"wp:term":[{"taxonomy":"category","embeddable":true,"href":"https:\/\/vanderloubet.com.br\/deputado\/wp-json\/wp\/v2\/categories?post=14853"},{"taxonomy":"post_tag","embeddable":true,"href":"https:\/\/vanderloubet.com.br\/deputado\/wp-json\/wp\/v2\/tags?post=14853"}],"curies":[{"name":"wp","href":"https:\/\/api.w.org\/{rel}","templated":true}]}}