{"id":14807,"date":"2019-03-15T11:27:32","date_gmt":"2019-03-15T15:27:32","guid":{"rendered":"http:\/\/vanderloubet.com.br\/deputado\/?p=14807"},"modified":"2019-06-27T10:18:46","modified_gmt":"2019-06-27T14:18:46","slug":"vander-critica-projeto-do-governo-para-reforma-da-previdencia","status":"publish","type":"post","link":"https:\/\/vanderloubet.com.br\/deputado\/vander-critica-projeto-do-governo-para-reforma-da-previdencia\/","title":{"rendered":"Vander critica projeto do governo para Reforma da Previd\u00eancia"},"content":{"rendered":"<p>Questionado por diversos ve\u00edculos de imprensa desde o dia 20 de fevereiro, quando o governo federal apresentou ao Congresso Nacional a sua proposta de Reforma da Previd\u00eancia, o deputado federal Vander Loubet (PT-MS) afirmou ser a favor de uma reforma previdenci\u00e1ria, mas criticou duramente o texto da equipe do presidente Jair Bolsonaro.<\/p>\n<p>&#8220;Nossa popula\u00e7\u00e3o est\u00e1 envelhecendo, \u00e9 natural que mudan\u00e7as sejam necess\u00e1rias. Mas \u00e9 preciso muito cuidado&#8221;, pondera. &#8220;Num primeiro olhar, conclu\u00edmos que essa proposta do novo governo prejudica mais as mulheres na quest\u00e3o da idade m\u00ednima para aposentadoria, pois comparando com as regras atuais, a idade da mulher para aposentar subiria mais que a do homem. E prejudica a popula\u00e7\u00e3o de uma maneira geral, pois aumenta a idade m\u00ednima e o tempo de contribui\u00e7\u00e3o sem considerar a atividade profissional da pessoa&#8221;, completa Vander.<\/p>\n<p>Outra cr\u00edtica do parlamentar se refere ao Benef\u00edcio de Presta\u00e7\u00e3o Continuada (BPC). &#8220;A proposta do governo para os idosos pobres \u00e9 cruel!&#8221;, exclama Vander, ao analisar a redu\u00e7\u00e3o do benef\u00edcio de R$ 998 para R$ 400 e o aumento da idade m\u00ednima para recebimento de 65 para 70 anos.<\/p>\n<p>De acordo com Vander Loubet, s\u00f3 \u00e9 poss\u00edvel debater a Reforma da Previd\u00eancia se todos os setores da sociedade &#8211; empres\u00e1rios e trabalhadores; p\u00fablico e privado; civis e militares; municipal, estadual e federal; Executivo, Legislativo e Judici\u00e1rio &#8211; contribu\u00edrem com sua parte, dentro de uma perspectiva de justi\u00e7a social.<\/p>\n<p>&#8220;Essa proposta n\u00e3o atinge com a mesma intensidade todos os setores da sociedade. As For\u00e7as Armadas e o Judici\u00e1rio nem entraram nesse pacote da PEC. Dessa forma, acredito que n\u00e3o tem condi\u00e7\u00e3o de aprovar. N\u00e3o vamos aceitar que apenas uma parte da popula\u00e7\u00e3o, sobretudo aquela com menor renda, pague a fatura&#8221;, conclui o deputado.<\/p>\n<p><em>(\u00c9der F. Yanaguita &#8211; Ascom\/Dep. Vander Loubet)<\/em><\/p>\n","protected":false},"excerpt":{"rendered":"<p>Deputado afirmou ser favor\u00e1vel a uma reforma previdenci\u00e1ria, mas n\u00e3o concorda com texto apresentado pela equipe do presidente Jair Bolsonaro.<\/p>\n","protected":false},"author":2,"featured_media":14044,"comment_status":"closed","ping_status":"closed","sticky":false,"template":"","format":"standard","meta":{"jetpack_post_was_ever_published":false,"_jetpack_newsletter_access":"","_jetpack_dont_email_post_to_subs":false,"_jetpack_newsletter_tier_id":0,"_jetpack_memberships_contains_paywalled_content":false,"_jetpack_memberships_contains_paid_content":false,"footnotes":""},"categories":[2098,10],"tags":[2300,2386],"class_list":{"0":"post-14807","1":"post","2":"type-post","3":"status-publish","4":"format-standard","5":"has-post-thumbnail","7":"category-brasil-noticias","8":"category-noticias","9":"tag-proposta-de-emenda-a-constituicao","10":"tag-reforma-da-previdencia"},"yoast_head":"<!-- This site is optimized with the Yoast SEO plugin v27.4 - https:\/\/yoast.com\/product\/yoast-seo-wordpress\/ -->\n<title>Vander critica projeto do governo para Reforma da Previd\u00eancia<\/title>\n<meta name=\"description\" content=\"Deputado afirmou ser favor\u00e1vel a uma reforma previdenci\u00e1ria, mas n\u00e3o concorda com texto apresentado pela equipe do presidente Jair Bolsonaro.\" \/>\n<meta name=\"robots\" content=\"index, follow, max-snippet:-1, max-image-preview:large, max-video-preview:-1\" \/>\n<link rel=\"canonical\" href=\"https:\/\/vanderloubet.com.br\/deputado\/vander-critica-projeto-do-governo-para-reforma-da-previdencia\/\" \/>\n<meta property=\"og:locale\" content=\"pt_BR\" \/>\n<meta property=\"og:type\" content=\"article\" \/>\n<meta property=\"og:title\" content=\"Vander critica projeto do governo para Reforma da Previd\u00eancia\" \/>\n<meta property=\"og:description\" content=\"Deputado afirmou ser favor\u00e1vel a uma reforma previdenci\u00e1ria, mas n\u00e3o concorda com texto apresentado pela equipe do presidente Jair Bolsonaro.\" \/>\n<meta property=\"og:url\" content=\"https:\/\/vanderloubet.com.br\/deputado\/vander-critica-projeto-do-governo-para-reforma-da-previdencia\/\" \/>\n<meta property=\"og:site_name\" content=\"Deputado Federal Vander Loubet\" \/>\n<meta property=\"article:publisher\" content=\"https:\/\/facebook.com\/deputadovander\" \/>\n<meta property=\"article:published_time\" content=\"2019-03-15T15:27:32+00:00\" \/>\n<meta property=\"article:modified_time\" content=\"2019-06-27T14:18:46+00:00\" \/>\n<meta property=\"og:image\" content=\"https:\/\/vanderloubet.com.br\/deputado\/wp-content\/uploads\/2018\/12\/foto-2018-12-17-giro-estadual-noticias.jpg\" \/>\n\t<meta property=\"og:image:width\" content=\"1080\" \/>\n\t<meta property=\"og:image:height\" content=\"720\" \/>\n\t<meta property=\"og:image:type\" content=\"image\/jpeg\" \/>\n<meta name=\"author\" content=\"\u00c9der\" \/>\n<meta name=\"twitter:card\" content=\"summary_large_image\" \/>\n<meta name=\"twitter:creator\" content=\"@vanderloubet\" \/>\n<meta name=\"twitter:site\" content=\"@vanderloubet\" \/>\n<script type=\"application\/ld+json\" class=\"yoast-schema-graph\">{\"@context\":\"https:\\\/\\\/schema.org\",\"@graph\":[{\"@type\":\"Article\",\"@id\":\"https:\\\/\\\/vanderloubet.com.br\\\/deputado\\\/vander-critica-projeto-do-governo-para-reforma-da-previdencia\\\/#article\",\"isPartOf\":{\"@id\":\"https:\\\/\\\/vanderloubet.com.br\\\/deputado\\\/vander-critica-projeto-do-governo-para-reforma-da-previdencia\\\/\"},\"author\":{\"name\":\"\u00c9der\",\"@id\":\"https:\\\/\\\/vanderloubet.com.br\\\/deputado\\\/#\\\/schema\\\/person\\\/15b51bd564532a8a68d9dec1b8eb890e\"},\"headline\":\"Vander critica projeto do governo para Reforma da Previd\u00eancia\",\"datePublished\":\"2019-03-15T15:27:32+00:00\",\"dateModified\":\"2019-06-27T14:18:46+00:00\",\"mainEntityOfPage\":{\"@id\":\"https:\\\/\\\/vanderloubet.com.br\\\/deputado\\\/vander-critica-projeto-do-governo-para-reforma-da-previdencia\\\/\"},\"wordCount\":327,\"publisher\":{\"@id\":\"https:\\\/\\\/vanderloubet.com.br\\\/deputado\\\/#organization\"},\"image\":{\"@id\":\"https:\\\/\\\/vanderloubet.com.br\\\/deputado\\\/vander-critica-projeto-do-governo-para-reforma-da-previdencia\\\/#primaryimage\"},\"thumbnailUrl\":\"https:\\\/\\\/vanderloubet.com.br\\\/deputado\\\/wp-content\\\/uploads\\\/2018\\\/12\\\/foto-2018-12-17-giro-estadual-noticias.jpg\",\"keywords\":[\"proposta de emenda \u00e0 constitui\u00e7\u00e3o\",\"reforma da previd\u00eancia\"],\"articleSection\":[\"Brasil\",\"Not\u00edcias\"],\"inLanguage\":\"pt-BR\"},{\"@type\":\"WebPage\",\"@id\":\"https:\\\/\\\/vanderloubet.com.br\\\/deputado\\\/vander-critica-projeto-do-governo-para-reforma-da-previdencia\\\/\",\"url\":\"https:\\\/\\\/vanderloubet.com.br\\\/deputado\\\/vander-critica-projeto-do-governo-para-reforma-da-previdencia\\\/\",\"name\":\"Vander critica projeto do governo para Reforma da Previd\u00eancia\",\"isPartOf\":{\"@id\":\"https:\\\/\\\/vanderloubet.com.br\\\/deputado\\\/#website\"},\"primaryImageOfPage\":{\"@id\":\"https:\\\/\\\/vanderloubet.com.br\\\/deputado\\\/vander-critica-projeto-do-governo-para-reforma-da-previdencia\\\/#primaryimage\"},\"image\":{\"@id\":\"https:\\\/\\\/vanderloubet.com.br\\\/deputado\\\/vander-critica-projeto-do-governo-para-reforma-da-previdencia\\\/#primaryimage\"},\"thumbnailUrl\":\"https:\\\/\\\/vanderloubet.com.br\\\/deputado\\\/wp-content\\\/uploads\\\/2018\\\/12\\\/foto-2018-12-17-giro-estadual-noticias.jpg\",\"datePublished\":\"2019-03-15T15:27:32+00:00\",\"dateModified\":\"2019-06-27T14:18:46+00:00\",\"description\":\"Deputado afirmou ser favor\u00e1vel a uma reforma previdenci\u00e1ria, mas n\u00e3o concorda com texto apresentado pela equipe do presidente Jair Bolsonaro.\",\"breadcrumb\":{\"@id\":\"https:\\\/\\\/vanderloubet.com.br\\\/deputado\\\/vander-critica-projeto-do-governo-para-reforma-da-previdencia\\\/#breadcrumb\"},\"inLanguage\":\"pt-BR\",\"potentialAction\":[{\"@type\":\"ReadAction\",\"target\":[\"https:\\\/\\\/vanderloubet.com.br\\\/deputado\\\/vander-critica-projeto-do-governo-para-reforma-da-previdencia\\\/\"]}]},{\"@type\":\"ImageObject\",\"inLanguage\":\"pt-BR\",\"@id\":\"https:\\\/\\\/vanderloubet.com.br\\\/deputado\\\/vander-critica-projeto-do-governo-para-reforma-da-previdencia\\\/#primaryimage\",\"url\":\"https:\\\/\\\/vanderloubet.com.br\\\/deputado\\\/wp-content\\\/uploads\\\/2018\\\/12\\\/foto-2018-12-17-giro-estadual-noticias.jpg\",\"contentUrl\":\"https:\\\/\\\/vanderloubet.com.br\\\/deputado\\\/wp-content\\\/uploads\\\/2018\\\/12\\\/foto-2018-12-17-giro-estadual-noticias.jpg\",\"width\":1080,\"height\":720,\"caption\":\"Deputado Vander Loubet\"},{\"@type\":\"BreadcrumbList\",\"@id\":\"https:\\\/\\\/vanderloubet.com.br\\\/deputado\\\/vander-critica-projeto-do-governo-para-reforma-da-previdencia\\\/#breadcrumb\",\"itemListElement\":[{\"@type\":\"ListItem\",\"position\":1,\"name\":\"In\u00edcio\",\"item\":\"https:\\\/\\\/vanderloubet.com.br\\\/deputado\\\/\"},{\"@type\":\"ListItem\",\"position\":2,\"name\":\"Vander critica projeto do governo para Reforma da Previd\u00eancia\"}]},{\"@type\":\"WebSite\",\"@id\":\"https:\\\/\\\/vanderloubet.com.br\\\/deputado\\\/#website\",\"url\":\"https:\\\/\\\/vanderloubet.com.br\\\/deputado\\\/\",\"name\":\"Deputado Federal Vander Loubet\",\"description\":\"O Federal de MS\",\"publisher\":{\"@id\":\"https:\\\/\\\/vanderloubet.com.br\\\/deputado\\\/#organization\"},\"alternateName\":\"Deputado Vander\",\"potentialAction\":[{\"@type\":\"SearchAction\",\"target\":{\"@type\":\"EntryPoint\",\"urlTemplate\":\"https:\\\/\\\/vanderloubet.com.br\\\/deputado\\\/?s={search_term_string}\"},\"query-input\":{\"@type\":\"PropertyValueSpecification\",\"valueRequired\":true,\"valueName\":\"search_term_string\"}}],\"inLanguage\":\"pt-BR\"},{\"@type\":\"Organization\",\"@id\":\"https:\\\/\\\/vanderloubet.com.br\\\/deputado\\\/#organization\",\"name\":\"Deputado Federal Vander Loubet\",\"alternateName\":\"Deputado Vander\",\"url\":\"https:\\\/\\\/vanderloubet.com.br\\\/deputado\\\/\",\"logo\":{\"@type\":\"ImageObject\",\"inLanguage\":\"pt-BR\",\"@id\":\"https:\\\/\\\/vanderloubet.com.br\\\/deputado\\\/#\\\/schema\\\/logo\\\/image\\\/\",\"url\":\"https:\\\/\\\/vanderloubet.com.br\\\/deputado\\\/wp-content\\\/uploads\\\/2023\\\/06\\\/foto-2023-06-19-mandato-deputado-vander.jpg\",\"contentUrl\":\"https:\\\/\\\/vanderloubet.com.br\\\/deputado\\\/wp-content\\\/uploads\\\/2023\\\/06\\\/foto-2023-06-19-mandato-deputado-vander.jpg\",\"width\":1080,\"height\":1080,\"caption\":\"Deputado Federal Vander Loubet\"},\"image\":{\"@id\":\"https:\\\/\\\/vanderloubet.com.br\\\/deputado\\\/#\\\/schema\\\/logo\\\/image\\\/\"},\"sameAs\":[\"https:\\\/\\\/facebook.com\\\/deputadovander\",\"https:\\\/\\\/x.com\\\/vanderloubet\",\"https:\\\/\\\/instagram.com\\\/vanderloubet\",\"https:\\\/\\\/youtube.com\\\/vanderloubet\",\"https:\\\/\\\/tiktok.com\\\/@vanderloubetms\"]},{\"@type\":\"Person\",\"@id\":\"https:\\\/\\\/vanderloubet.com.br\\\/deputado\\\/#\\\/schema\\\/person\\\/15b51bd564532a8a68d9dec1b8eb890e\",\"name\":\"\u00c9der\",\"image\":{\"@type\":\"ImageObject\",\"inLanguage\":\"pt-BR\",\"@id\":\"https:\\\/\\\/vanderloubet.com.br\\\/deputado\\\/wp-content\\\/litespeed\\\/avatar\\\/88ca4090d9d5ab1c9495f6ca03b68efa.jpg?ver=1777058957\",\"url\":\"https:\\\/\\\/vanderloubet.com.br\\\/deputado\\\/wp-content\\\/litespeed\\\/avatar\\\/88ca4090d9d5ab1c9495f6ca03b68efa.jpg?ver=1777058957\",\"contentUrl\":\"https:\\\/\\\/vanderloubet.com.br\\\/deputado\\\/wp-content\\\/litespeed\\\/avatar\\\/88ca4090d9d5ab1c9495f6ca03b68efa.jpg?ver=1777058957\",\"caption\":\"\u00c9der\"}}]}<\/script>\n<!-- \/ Yoast SEO plugin. -->","yoast_head_json":{"title":"Vander critica projeto do governo para Reforma da Previd\u00eancia","description":"Deputado afirmou ser favor\u00e1vel a uma reforma previdenci\u00e1ria, mas n\u00e3o concorda com texto apresentado pela equipe do presidente Jair Bolsonaro.","robots":{"index":"index","follow":"follow","max-snippet":"max-snippet:-1","max-image-preview":"max-image-preview:large","max-video-preview":"max-video-preview:-1"},"canonical":"https:\/\/vanderloubet.com.br\/deputado\/vander-critica-projeto-do-governo-para-reforma-da-previdencia\/","og_locale":"pt_BR","og_type":"article","og_title":"Vander critica projeto do governo para Reforma da Previd\u00eancia","og_description":"Deputado afirmou ser favor\u00e1vel a uma reforma previdenci\u00e1ria, mas n\u00e3o concorda com texto apresentado pela equipe do presidente Jair Bolsonaro.","og_url":"https:\/\/vanderloubet.com.br\/deputado\/vander-critica-projeto-do-governo-para-reforma-da-previdencia\/","og_site_name":"Deputado Federal Vander Loubet","article_publisher":"https:\/\/facebook.com\/deputadovander","article_published_time":"2019-03-15T15:27:32+00:00","article_modified_time":"2019-06-27T14:18:46+00:00","og_image":[{"width":1080,"height":720,"url":"https:\/\/vanderloubet.com.br\/deputado\/wp-content\/uploads\/2018\/12\/foto-2018-12-17-giro-estadual-noticias.jpg","type":"image\/jpeg"}],"author":"\u00c9der","twitter_card":"summary_large_image","twitter_creator":"@vanderloubet","twitter_site":"@vanderloubet","schema":{"@context":"https:\/\/schema.org","@graph":[{"@type":"Article","@id":"https:\/\/vanderloubet.com.br\/deputado\/vander-critica-projeto-do-governo-para-reforma-da-previdencia\/#article","isPartOf":{"@id":"https:\/\/vanderloubet.com.br\/deputado\/vander-critica-projeto-do-governo-para-reforma-da-previdencia\/"},"author":{"name":"\u00c9der","@id":"https:\/\/vanderloubet.com.br\/deputado\/#\/schema\/person\/15b51bd564532a8a68d9dec1b8eb890e"},"headline":"Vander critica projeto do governo para Reforma da Previd\u00eancia","datePublished":"2019-03-15T15:27:32+00:00","dateModified":"2019-06-27T14:18:46+00:00","mainEntityOfPage":{"@id":"https:\/\/vanderloubet.com.br\/deputado\/vander-critica-projeto-do-governo-para-reforma-da-previdencia\/"},"wordCount":327,"publisher":{"@id":"https:\/\/vanderloubet.com.br\/deputado\/#organization"},"image":{"@id":"https:\/\/vanderloubet.com.br\/deputado\/vander-critica-projeto-do-governo-para-reforma-da-previdencia\/#primaryimage"},"thumbnailUrl":"https:\/\/vanderloubet.com.br\/deputado\/wp-content\/uploads\/2018\/12\/foto-2018-12-17-giro-estadual-noticias.jpg","keywords":["proposta de emenda \u00e0 constitui\u00e7\u00e3o","reforma da previd\u00eancia"],"articleSection":["Brasil","Not\u00edcias"],"inLanguage":"pt-BR"},{"@type":"WebPage","@id":"https:\/\/vanderloubet.com.br\/deputado\/vander-critica-projeto-do-governo-para-reforma-da-previdencia\/","url":"https:\/\/vanderloubet.com.br\/deputado\/vander-critica-projeto-do-governo-para-reforma-da-previdencia\/","name":"Vander critica projeto do governo para Reforma da Previd\u00eancia","isPartOf":{"@id":"https:\/\/vanderloubet.com.br\/deputado\/#website"},"primaryImageOfPage":{"@id":"https:\/\/vanderloubet.com.br\/deputado\/vander-critica-projeto-do-governo-para-reforma-da-previdencia\/#primaryimage"},"image":{"@id":"https:\/\/vanderloubet.com.br\/deputado\/vander-critica-projeto-do-governo-para-reforma-da-previdencia\/#primaryimage"},"thumbnailUrl":"https:\/\/vanderloubet.com.br\/deputado\/wp-content\/uploads\/2018\/12\/foto-2018-12-17-giro-estadual-noticias.jpg","datePublished":"2019-03-15T15:27:32+00:00","dateModified":"2019-06-27T14:18:46+00:00","description":"Deputado afirmou ser favor\u00e1vel a uma reforma previdenci\u00e1ria, mas n\u00e3o concorda com texto apresentado pela equipe do presidente Jair Bolsonaro.","breadcrumb":{"@id":"https:\/\/vanderloubet.com.br\/deputado\/vander-critica-projeto-do-governo-para-reforma-da-previdencia\/#breadcrumb"},"inLanguage":"pt-BR","potentialAction":[{"@type":"ReadAction","target":["https:\/\/vanderloubet.com.br\/deputado\/vander-critica-projeto-do-governo-para-reforma-da-previdencia\/"]}]},{"@type":"ImageObject","inLanguage":"pt-BR","@id":"https:\/\/vanderloubet.com.br\/deputado\/vander-critica-projeto-do-governo-para-reforma-da-previdencia\/#primaryimage","url":"https:\/\/vanderloubet.com.br\/deputado\/wp-content\/uploads\/2018\/12\/foto-2018-12-17-giro-estadual-noticias.jpg","contentUrl":"https:\/\/vanderloubet.com.br\/deputado\/wp-content\/uploads\/2018\/12\/foto-2018-12-17-giro-estadual-noticias.jpg","width":1080,"height":720,"caption":"Deputado Vander Loubet"},{"@type":"BreadcrumbList","@id":"https:\/\/vanderloubet.com.br\/deputado\/vander-critica-projeto-do-governo-para-reforma-da-previdencia\/#breadcrumb","itemListElement":[{"@type":"ListItem","position":1,"name":"In\u00edcio","item":"https:\/\/vanderloubet.com.br\/deputado\/"},{"@type":"ListItem","position":2,"name":"Vander critica projeto do governo para Reforma da Previd\u00eancia"}]},{"@type":"WebSite","@id":"https:\/\/vanderloubet.com.br\/deputado\/#website","url":"https:\/\/vanderloubet.com.br\/deputado\/","name":"Deputado Federal Vander Loubet","description":"O Federal de MS","publisher":{"@id":"https:\/\/vanderloubet.com.br\/deputado\/#organization"},"alternateName":"Deputado Vander","potentialAction":[{"@type":"SearchAction","target":{"@type":"EntryPoint","urlTemplate":"https:\/\/vanderloubet.com.br\/deputado\/?s={search_term_string}"},"query-input":{"@type":"PropertyValueSpecification","valueRequired":true,"valueName":"search_term_string"}}],"inLanguage":"pt-BR"},{"@type":"Organization","@id":"https:\/\/vanderloubet.com.br\/deputado\/#organization","name":"Deputado Federal Vander Loubet","alternateName":"Deputado Vander","url":"https:\/\/vanderloubet.com.br\/deputado\/","logo":{"@type":"ImageObject","inLanguage":"pt-BR","@id":"https:\/\/vanderloubet.com.br\/deputado\/#\/schema\/logo\/image\/","url":"https:\/\/vanderloubet.com.br\/deputado\/wp-content\/uploads\/2023\/06\/foto-2023-06-19-mandato-deputado-vander.jpg","contentUrl":"https:\/\/vanderloubet.com.br\/deputado\/wp-content\/uploads\/2023\/06\/foto-2023-06-19-mandato-deputado-vander.jpg","width":1080,"height":1080,"caption":"Deputado Federal Vander Loubet"},"image":{"@id":"https:\/\/vanderloubet.com.br\/deputado\/#\/schema\/logo\/image\/"},"sameAs":["https:\/\/facebook.com\/deputadovander","https:\/\/x.com\/vanderloubet","https:\/\/instagram.com\/vanderloubet","https:\/\/youtube.com\/vanderloubet","https:\/\/tiktok.com\/@vanderloubetms"]},{"@type":"Person","@id":"https:\/\/vanderloubet.com.br\/deputado\/#\/schema\/person\/15b51bd564532a8a68d9dec1b8eb890e","name":"\u00c9der","image":{"@type":"ImageObject","inLanguage":"pt-BR","@id":"https:\/\/vanderloubet.com.br\/deputado\/wp-content\/litespeed\/avatar\/88ca4090d9d5ab1c9495f6ca03b68efa.jpg?ver=1777058957","url":"https:\/\/vanderloubet.com.br\/deputado\/wp-content\/litespeed\/avatar\/88ca4090d9d5ab1c9495f6ca03b68efa.jpg?ver=1777058957","contentUrl":"https:\/\/vanderloubet.com.br\/deputado\/wp-content\/litespeed\/avatar\/88ca4090d9d5ab1c9495f6ca03b68efa.jpg?ver=1777058957","caption":"\u00c9der"}}]}},"jetpack_featured_media_url":"https:\/\/vanderloubet.com.br\/deputado\/wp-content\/uploads\/2018\/12\/foto-2018-12-17-giro-estadual-noticias.jpg","jetpack_sharing_enabled":true,"_links":{"self":[{"href":"https:\/\/vanderloubet.com.br\/deputado\/wp-json\/wp\/v2\/posts\/14807","targetHints":{"allow":["GET"]}}],"collection":[{"href":"https:\/\/vanderloubet.com.br\/deputado\/wp-json\/wp\/v2\/posts"}],"about":[{"href":"https:\/\/vanderloubet.com.br\/deputado\/wp-json\/wp\/v2\/types\/post"}],"author":[{"embeddable":true,"href":"https:\/\/vanderloubet.com.br\/deputado\/wp-json\/wp\/v2\/users\/2"}],"replies":[{"embeddable":true,"href":"https:\/\/vanderloubet.com.br\/deputado\/wp-json\/wp\/v2\/comments?post=14807"}],"version-history":[{"count":0,"href":"https:\/\/vanderloubet.com.br\/deputado\/wp-json\/wp\/v2\/posts\/14807\/revisions"}],"wp:featuredmedia":[{"embeddable":true,"href":"https:\/\/vanderloubet.com.br\/deputado\/wp-json\/wp\/v2\/media\/14044"}],"wp:attachment":[{"href":"https:\/\/vanderloubet.com.br\/deputado\/wp-json\/wp\/v2\/media?parent=14807"}],"wp:term":[{"taxonomy":"category","embeddable":true,"href":"https:\/\/vanderloubet.com.br\/deputado\/wp-json\/wp\/v2\/categories?post=14807"},{"taxonomy":"post_tag","embeddable":true,"href":"https:\/\/vanderloubet.com.br\/deputado\/wp-json\/wp\/v2\/tags?post=14807"}],"curies":[{"name":"wp","href":"https:\/\/api.w.org\/{rel}","templated":true}]}}