{"id":14768,"date":"2019-03-08T15:47:20","date_gmt":"2019-03-08T19:47:20","guid":{"rendered":"http:\/\/vanderloubet.com.br\/deputado\/?p=14768"},"modified":"2019-03-08T15:47:20","modified_gmt":"2019-03-08T19:47:20","slug":"com-emenda-de-vander-tacuru-tera-novo-cartao-postal-na-entrada-da-cidade","status":"publish","type":"post","link":"https:\/\/vanderloubet.com.br\/deputado\/com-emenda-de-vander-tacuru-tera-novo-cartao-postal-na-entrada-da-cidade\/","title":{"rendered":"Com emenda de Vander, Tacuru ter\u00e1 novo cart\u00e3o postal na entrada da cidade"},"content":{"rendered":"<p>Segue &#8220;a todo o vapor&#8221; no munic\u00edpio de Tacuru as obras da Pra\u00e7a do Terer\u00e9 (conhecida anteriormente como Parque do Lago), na Rua Francisco Serejo Neto\/Rodovia MS-160, na entrada da cidade.<\/p>\n<p>A constru\u00e7\u00e3o do novo espa\u00e7o de lazer foi lan\u00e7ada no dia 12 de maio de 2018 pelo prefeito Carlinhos Pelegrini ao lado do deputado federal Vander Loubet, autor da emenda parlamentar de R$ 600 mil que viabilizou a obra. Na ocasi\u00e3o, tamb\u00e9m participaram do ato o vice-prefeito Marcelo Marques, o secret\u00e1rio municipal de Desenvolvimento Econ\u00f4mico, Odilon Trindade Valen\u00e7oela, e o ex-prefeito Paulo Pedro Rodrigues (Pedrinho).<\/p>\n<p>&#8220;Ser\u00e1 um novo cart\u00e3o postal de Tacuru, um espa\u00e7o de lazer para a popula\u00e7\u00e3o&#8221;, destacou o deputado Vander Loubet. &#8220;Estou contente por, mais uma vez, pode contribuir com a melhoria da qualidade de vida da popula\u00e7\u00e3o&#8221;, concluiu.<\/p>\n<p><em>(\u00c9der F. Yanaguita &#8211; Ascom\/Dep. Vander Loubet)<\/em><\/p>\n\r\n                <style type=\"text\/css\">\r\n                    \r\n                    #tdi_1  .td-doubleSlider-2 .td-item1 {\r\n                        background: url(https:\/\/vanderloubet.com.br\/deputado\/wp-content\/uploads\/2019\/03\/foto-2019-03-08-praca-terere-tacuru-01-80x60.jpg) 0 0 no-repeat;\r\n                    }\r\n                    #tdi_1  .td-doubleSlider-2 .td-item2 {\r\n                        background: url(https:\/\/vanderloubet.com.br\/deputado\/wp-content\/uploads\/2019\/03\/foto-2019-03-08-praca-terere-tacuru-02-80x60.jpg) 0 0 no-repeat;\r\n                    }\r\n                    #tdi_1  .td-doubleSlider-2 .td-item3 {\r\n                        background: url(https:\/\/vanderloubet.com.br\/deputado\/wp-content\/uploads\/2019\/03\/foto-2019-03-08-praca-terere-tacuru-03-80x60.jpg) 0 0 no-repeat;\r\n                    }\r\n                    #tdi_1  .td-doubleSlider-2 .td-item4 {\r\n                        background: url(https:\/\/vanderloubet.com.br\/deputado\/wp-content\/uploads\/2019\/03\/foto-2019-03-08-praca-terere-tacuru-04-80x60.jpg) 0 0 no-repeat;\r\n                    }\r\n                    #tdi_1  .td-doubleSlider-2 .td-item5 {\r\n                        background: url(https:\/\/vanderloubet.com.br\/deputado\/wp-content\/uploads\/2019\/03\/foto-2019-03-08-praca-terere-tacuru-05-80x60.jpg) 0 0 no-repeat;\r\n                    }\r\n                    #tdi_1  .td-doubleSlider-2 .td-item6 {\r\n                        background: url(https:\/\/vanderloubet.com.br\/deputado\/wp-content\/uploads\/2019\/03\/foto-2019-03-08-praca-terere-tacuru-06-80x60.jpg) 0 0 no-repeat;\r\n                    }\r\n                    #tdi_1  .td-doubleSlider-2 .td-item7 {\r\n                        background: url(https:\/\/vanderloubet.com.br\/deputado\/wp-content\/uploads\/2019\/03\/foto-2019-03-08-praca-terere-tacuru-07-80x60.jpg) 0 0 no-repeat;\r\n                    }\r\n                    #tdi_1  .td-doubleSlider-2 .td-item8 {\r\n                        background: url(https:\/\/vanderloubet.com.br\/deputado\/wp-content\/uploads\/2019\/03\/foto-2019-03-08-praca-terere-tacuru-08-80x60.jpg) 0 0 no-repeat;\r\n                    }\r\n                    #tdi_1  .td-doubleSlider-2 .td-item9 {\r\n                        background: url(https:\/\/vanderloubet.com.br\/deputado\/wp-content\/uploads\/2019\/03\/foto-2019-03-08-praca-terere-tacuru-09-80x60.jpg) 0 0 no-repeat;\r\n                    }\r\n                <\/style>\r\n\r\n                <div id=\"tdi_1\" class=\"td-gallery td-slide-on-2-columns\">\r\n                    <div class=\"post_td_gallery\">\r\n                        <div class=\"td-gallery-slide-top\">\r\n                           <div class=\"td-gallery-title\"><\/div>\r\n\r\n                            <div class=\"td-gallery-controls-wrapper\">\r\n                                <div class=\"td-gallery-slide-count\"><span class=\"td-gallery-slide-item-focus\">1<\/span> de 9<\/div>\r\n                                <div class=\"td-gallery-slide-prev-next-but\">\r\n                                    <i class = \"td-icon-left doubleSliderPrevButton\"><\/i>\r\n                                    <i class = \"td-icon-right doubleSliderNextButton\"><\/i>\r\n                                <\/div>\r\n                            <\/div>\r\n                        <\/div>\r\n\r\n                        <div class = \"td-doubleSlider-1 \">\r\n                            <div class = \"td-slider\">\r\n                                \r\n                    <div class = \"td-slide-item td-item1\">\r\n                        <figure class=\"td-slide-galery-figure td-slide-popup-gallery\">\r\n                            <a class=\"slide-gallery-image-link\" href=\"https:\/\/vanderloubet.com.br\/deputado\/wp-content\/uploads\/2019\/03\/foto-2019-03-08-praca-terere-tacuru-01.jpg\" title=\"Pra\u00e7a do Terer\u00e9 ser\u00e1 novo cart\u00e3o postal de Tacuru\"  data-caption=\"\"  data-description=\"Pra&ccedil;a do Terer&eacute; ser&aacute; novo cart&atilde;o postal de Tacuru\">\r\n                                <img decoding=\"async\" src=\"https:\/\/vanderloubet.com.br\/deputado\/wp-content\/uploads\/2019\/03\/foto-2019-03-08-praca-terere-tacuru-01-630x420.jpg\" srcset=\"https:\/\/vanderloubet.com.br\/deputado\/wp-content\/uploads\/2019\/03\/foto-2019-03-08-praca-terere-tacuru-01-630x420.jpg 630w, https:\/\/vanderloubet.com.br\/deputado\/wp-content\/uploads\/2019\/03\/foto-2019-03-08-praca-terere-tacuru-01-350x233.jpg 350w, https:\/\/vanderloubet.com.br\/deputado\/wp-content\/uploads\/2019\/03\/foto-2019-03-08-praca-terere-tacuru-01-768x512.jpg 768w, https:\/\/vanderloubet.com.br\/deputado\/wp-content\/uploads\/2019\/03\/foto-2019-03-08-praca-terere-tacuru-01-700x467.jpg 700w, https:\/\/vanderloubet.com.br\/deputado\/wp-content\/uploads\/2019\/03\/foto-2019-03-08-praca-terere-tacuru-01-696x464.jpg 696w, https:\/\/vanderloubet.com.br\/deputado\/wp-content\/uploads\/2019\/03\/foto-2019-03-08-praca-terere-tacuru-01.jpg 960w\" sizes=\"(max-width: 630px) 100vw, 630px\" alt=\"Pra&ccedil;a do Terer&eacute; ser&aacute; novo cart&atilde;o postal de Tacuru\">\r\n                            <\/a>\r\n                            <figcaption class = \"td-slide-caption td-gallery-slide-content\"><span>Pra\u00e7a do Terer\u00e9 ser\u00e1 novo cart\u00e3o postal de Tacuru<\/span><\/figcaption>\r\n                        <\/figure>\r\n                    <\/div>\r\n                    <div class = \"td-slide-item td-item2\">\r\n                        <figure class=\"td-slide-galery-figure td-slide-popup-gallery\">\r\n                            <a class=\"slide-gallery-image-link\" href=\"https:\/\/vanderloubet.com.br\/deputado\/wp-content\/uploads\/2019\/03\/foto-2019-03-08-praca-terere-tacuru-02.jpg\" title=\"Pra\u00e7a do Terer\u00e9 ser\u00e1 novo cart\u00e3o postal de Tacuru\"  data-caption=\"\"  data-description=\"Pra&ccedil;a do Terer&eacute; ser&aacute; novo cart&atilde;o postal de Tacuru\">\r\n                                <img decoding=\"async\" src=\"https:\/\/vanderloubet.com.br\/deputado\/wp-content\/uploads\/2019\/03\/foto-2019-03-08-praca-terere-tacuru-02-630x420.jpg\" srcset=\"https:\/\/vanderloubet.com.br\/deputado\/wp-content\/uploads\/2019\/03\/foto-2019-03-08-praca-terere-tacuru-02-630x420.jpg 630w, https:\/\/vanderloubet.com.br\/deputado\/wp-content\/uploads\/2019\/03\/foto-2019-03-08-praca-terere-tacuru-02-350x233.jpg 350w, https:\/\/vanderloubet.com.br\/deputado\/wp-content\/uploads\/2019\/03\/foto-2019-03-08-praca-terere-tacuru-02-768x512.jpg 768w, https:\/\/vanderloubet.com.br\/deputado\/wp-content\/uploads\/2019\/03\/foto-2019-03-08-praca-terere-tacuru-02-700x467.jpg 700w, https:\/\/vanderloubet.com.br\/deputado\/wp-content\/uploads\/2019\/03\/foto-2019-03-08-praca-terere-tacuru-02-696x464.jpg 696w, https:\/\/vanderloubet.com.br\/deputado\/wp-content\/uploads\/2019\/03\/foto-2019-03-08-praca-terere-tacuru-02.jpg 960w\" sizes=\"(max-width: 630px) 100vw, 630px\" alt=\"Pra&ccedil;a do Terer&eacute; ser&aacute; novo cart&atilde;o postal de Tacuru\">\r\n                            <\/a>\r\n                            <figcaption class = \"td-slide-caption td-gallery-slide-content\"><span>Pra\u00e7a do Terer\u00e9 ser\u00e1 novo cart\u00e3o postal de Tacuru<\/span><\/figcaption>\r\n                        <\/figure>\r\n                    <\/div>\r\n                    <div class = \"td-slide-item td-item3\">\r\n                        <figure class=\"td-slide-galery-figure td-slide-popup-gallery\">\r\n                            <a class=\"slide-gallery-image-link\" href=\"https:\/\/vanderloubet.com.br\/deputado\/wp-content\/uploads\/2019\/03\/foto-2019-03-08-praca-terere-tacuru-03.jpg\" title=\"Pra\u00e7a do Terer\u00e9 ser\u00e1 novo cart\u00e3o postal de Tacuru\"  data-caption=\"\"  data-description=\"Pra&ccedil;a do Terer&eacute; ser&aacute; novo cart&atilde;o postal de Tacuru\">\r\n                                <img decoding=\"async\" src=\"https:\/\/vanderloubet.com.br\/deputado\/wp-content\/uploads\/2019\/03\/foto-2019-03-08-praca-terere-tacuru-03-630x420.jpg\" srcset=\"https:\/\/vanderloubet.com.br\/deputado\/wp-content\/uploads\/2019\/03\/foto-2019-03-08-praca-terere-tacuru-03-630x420.jpg 630w, https:\/\/vanderloubet.com.br\/deputado\/wp-content\/uploads\/2019\/03\/foto-2019-03-08-praca-terere-tacuru-03-350x233.jpg 350w, https:\/\/vanderloubet.com.br\/deputado\/wp-content\/uploads\/2019\/03\/foto-2019-03-08-praca-terere-tacuru-03-768x512.jpg 768w, https:\/\/vanderloubet.com.br\/deputado\/wp-content\/uploads\/2019\/03\/foto-2019-03-08-praca-terere-tacuru-03-700x467.jpg 700w, https:\/\/vanderloubet.com.br\/deputado\/wp-content\/uploads\/2019\/03\/foto-2019-03-08-praca-terere-tacuru-03-696x464.jpg 696w, https:\/\/vanderloubet.com.br\/deputado\/wp-content\/uploads\/2019\/03\/foto-2019-03-08-praca-terere-tacuru-03.jpg 960w\" sizes=\"(max-width: 630px) 100vw, 630px\" alt=\"Pra&ccedil;a do Terer&eacute; ser&aacute; novo cart&atilde;o postal de Tacuru\">\r\n                            <\/a>\r\n                            <figcaption class = \"td-slide-caption td-gallery-slide-content\"><span>Pra\u00e7a do Terer\u00e9 ser\u00e1 novo cart\u00e3o postal de Tacuru<\/span><\/figcaption>\r\n                        <\/figure>\r\n                    <\/div>\r\n                    <div class = \"td-slide-item td-item4\">\r\n                        <figure class=\"td-slide-galery-figure td-slide-popup-gallery\">\r\n                            <a class=\"slide-gallery-image-link\" href=\"https:\/\/vanderloubet.com.br\/deputado\/wp-content\/uploads\/2019\/03\/foto-2019-03-08-praca-terere-tacuru-04.jpg\" title=\"Pra\u00e7a do Terer\u00e9 ser\u00e1 novo cart\u00e3o postal de Tacuru\"  data-caption=\"\"  data-description=\"Pra&ccedil;a do Terer&eacute; ser&aacute; novo cart&atilde;o postal de Tacuru\">\r\n                                <img decoding=\"async\" src=\"https:\/\/vanderloubet.com.br\/deputado\/wp-content\/uploads\/2019\/03\/foto-2019-03-08-praca-terere-tacuru-04-630x420.jpg\" srcset=\"https:\/\/vanderloubet.com.br\/deputado\/wp-content\/uploads\/2019\/03\/foto-2019-03-08-praca-terere-tacuru-04-630x420.jpg 630w, https:\/\/vanderloubet.com.br\/deputado\/wp-content\/uploads\/2019\/03\/foto-2019-03-08-praca-terere-tacuru-04-350x233.jpg 350w, https:\/\/vanderloubet.com.br\/deputado\/wp-content\/uploads\/2019\/03\/foto-2019-03-08-praca-terere-tacuru-04-768x512.jpg 768w, https:\/\/vanderloubet.com.br\/deputado\/wp-content\/uploads\/2019\/03\/foto-2019-03-08-praca-terere-tacuru-04-700x467.jpg 700w, https:\/\/vanderloubet.com.br\/deputado\/wp-content\/uploads\/2019\/03\/foto-2019-03-08-praca-terere-tacuru-04-696x464.jpg 696w, https:\/\/vanderloubet.com.br\/deputado\/wp-content\/uploads\/2019\/03\/foto-2019-03-08-praca-terere-tacuru-04.jpg 960w\" sizes=\"(max-width: 630px) 100vw, 630px\" alt=\"Pra&ccedil;a do Terer&eacute; ser&aacute; novo cart&atilde;o postal de Tacuru\">\r\n                            <\/a>\r\n                            <figcaption class = \"td-slide-caption td-gallery-slide-content\"><span>Pra\u00e7a do Terer\u00e9 ser\u00e1 novo cart\u00e3o postal de Tacuru<\/span><\/figcaption>\r\n                        <\/figure>\r\n                    <\/div>\r\n                    <div class = \"td-slide-item td-item5\">\r\n                        <figure class=\"td-slide-galery-figure td-slide-popup-gallery\">\r\n                            <a class=\"slide-gallery-image-link\" href=\"https:\/\/vanderloubet.com.br\/deputado\/wp-content\/uploads\/2019\/03\/foto-2019-03-08-praca-terere-tacuru-05.jpg\" title=\"Pra\u00e7a do Terer\u00e9 ser\u00e1 novo cart\u00e3o postal de Tacuru\"  data-caption=\"\"  data-description=\"Pra&ccedil;a do Terer&eacute; ser&aacute; novo cart&atilde;o postal de Tacuru\">\r\n                                <img decoding=\"async\" src=\"https:\/\/vanderloubet.com.br\/deputado\/wp-content\/uploads\/2019\/03\/foto-2019-03-08-praca-terere-tacuru-05-630x420.jpg\" srcset=\"https:\/\/vanderloubet.com.br\/deputado\/wp-content\/uploads\/2019\/03\/foto-2019-03-08-praca-terere-tacuru-05-630x420.jpg 630w, https:\/\/vanderloubet.com.br\/deputado\/wp-content\/uploads\/2019\/03\/foto-2019-03-08-praca-terere-tacuru-05-350x233.jpg 350w, https:\/\/vanderloubet.com.br\/deputado\/wp-content\/uploads\/2019\/03\/foto-2019-03-08-praca-terere-tacuru-05-768x512.jpg 768w, https:\/\/vanderloubet.com.br\/deputado\/wp-content\/uploads\/2019\/03\/foto-2019-03-08-praca-terere-tacuru-05-700x467.jpg 700w, https:\/\/vanderloubet.com.br\/deputado\/wp-content\/uploads\/2019\/03\/foto-2019-03-08-praca-terere-tacuru-05-696x464.jpg 696w, https:\/\/vanderloubet.com.br\/deputado\/wp-content\/uploads\/2019\/03\/foto-2019-03-08-praca-terere-tacuru-05.jpg 960w\" sizes=\"(max-width: 630px) 100vw, 630px\" alt=\"Pra&ccedil;a do Terer&eacute; ser&aacute; novo cart&atilde;o postal de Tacuru\">\r\n                            <\/a>\r\n                            <figcaption class = \"td-slide-caption td-gallery-slide-content\"><span>Pra\u00e7a do Terer\u00e9 ser\u00e1 novo cart\u00e3o postal de Tacuru<\/span><\/figcaption>\r\n                        <\/figure>\r\n                    <\/div>\r\n                    <div class = \"td-slide-item td-item6\">\r\n                        <figure class=\"td-slide-galery-figure td-slide-popup-gallery\">\r\n                            <a class=\"slide-gallery-image-link\" href=\"https:\/\/vanderloubet.com.br\/deputado\/wp-content\/uploads\/2019\/03\/foto-2019-03-08-praca-terere-tacuru-06.jpg\" title=\"Pra\u00e7a do Terer\u00e9 ser\u00e1 novo cart\u00e3o postal de Tacuru\"  data-caption=\"\"  data-description=\"Pra&ccedil;a do Terer&eacute; ser&aacute; novo cart&atilde;o postal de Tacuru\">\r\n                                <img decoding=\"async\" src=\"https:\/\/vanderloubet.com.br\/deputado\/wp-content\/uploads\/2019\/03\/foto-2019-03-08-praca-terere-tacuru-06-630x420.jpg\" srcset=\"https:\/\/vanderloubet.com.br\/deputado\/wp-content\/uploads\/2019\/03\/foto-2019-03-08-praca-terere-tacuru-06-630x420.jpg 630w, https:\/\/vanderloubet.com.br\/deputado\/wp-content\/uploads\/2019\/03\/foto-2019-03-08-praca-terere-tacuru-06-350x233.jpg 350w, https:\/\/vanderloubet.com.br\/deputado\/wp-content\/uploads\/2019\/03\/foto-2019-03-08-praca-terere-tacuru-06-768x512.jpg 768w, https:\/\/vanderloubet.com.br\/deputado\/wp-content\/uploads\/2019\/03\/foto-2019-03-08-praca-terere-tacuru-06-700x467.jpg 700w, https:\/\/vanderloubet.com.br\/deputado\/wp-content\/uploads\/2019\/03\/foto-2019-03-08-praca-terere-tacuru-06-696x464.jpg 696w, https:\/\/vanderloubet.com.br\/deputado\/wp-content\/uploads\/2019\/03\/foto-2019-03-08-praca-terere-tacuru-06.jpg 960w\" sizes=\"(max-width: 630px) 100vw, 630px\" alt=\"Pra&ccedil;a do Terer&eacute; ser&aacute; novo cart&atilde;o postal de Tacuru\">\r\n                            <\/a>\r\n                            <figcaption class = \"td-slide-caption td-gallery-slide-content\"><span>Pra\u00e7a do Terer\u00e9 ser\u00e1 novo cart\u00e3o postal de Tacuru<\/span><\/figcaption>\r\n                        <\/figure>\r\n                    <\/div>\r\n                    <div class = \"td-slide-item td-item7\">\r\n                        <figure class=\"td-slide-galery-figure td-slide-popup-gallery\">\r\n                            <a class=\"slide-gallery-image-link\" href=\"https:\/\/vanderloubet.com.br\/deputado\/wp-content\/uploads\/2019\/03\/foto-2019-03-08-praca-terere-tacuru-07.jpg\" title=\"Pra\u00e7a do Terer\u00e9 ser\u00e1 novo cart\u00e3o postal de Tacuru\"  data-caption=\"\"  data-description=\"Pra&ccedil;a do Terer&eacute; ser&aacute; novo cart&atilde;o postal de Tacuru\">\r\n                                <img decoding=\"async\" src=\"https:\/\/vanderloubet.com.br\/deputado\/wp-content\/uploads\/2019\/03\/foto-2019-03-08-praca-terere-tacuru-07-630x420.jpg\" srcset=\"https:\/\/vanderloubet.com.br\/deputado\/wp-content\/uploads\/2019\/03\/foto-2019-03-08-praca-terere-tacuru-07-630x420.jpg 630w, https:\/\/vanderloubet.com.br\/deputado\/wp-content\/uploads\/2019\/03\/foto-2019-03-08-praca-terere-tacuru-07-350x233.jpg 350w, https:\/\/vanderloubet.com.br\/deputado\/wp-content\/uploads\/2019\/03\/foto-2019-03-08-praca-terere-tacuru-07-768x512.jpg 768w, https:\/\/vanderloubet.com.br\/deputado\/wp-content\/uploads\/2019\/03\/foto-2019-03-08-praca-terere-tacuru-07-700x467.jpg 700w, https:\/\/vanderloubet.com.br\/deputado\/wp-content\/uploads\/2019\/03\/foto-2019-03-08-praca-terere-tacuru-07-696x464.jpg 696w, https:\/\/vanderloubet.com.br\/deputado\/wp-content\/uploads\/2019\/03\/foto-2019-03-08-praca-terere-tacuru-07.jpg 960w\" sizes=\"(max-width: 630px) 100vw, 630px\" alt=\"Pra&ccedil;a do Terer&eacute; ser&aacute; novo cart&atilde;o postal de Tacuru\">\r\n                            <\/a>\r\n                            <figcaption class = \"td-slide-caption td-gallery-slide-content\"><span>Pra\u00e7a do Terer\u00e9 ser\u00e1 novo cart\u00e3o postal de Tacuru<\/span><\/figcaption>\r\n                        <\/figure>\r\n                    <\/div>\r\n                    <div class = \"td-slide-item td-item8\">\r\n                        <figure class=\"td-slide-galery-figure td-slide-popup-gallery\">\r\n                            <a class=\"slide-gallery-image-link\" href=\"https:\/\/vanderloubet.com.br\/deputado\/wp-content\/uploads\/2019\/03\/foto-2019-03-08-praca-terere-tacuru-08.jpg\" title=\"Pra\u00e7a do Terer\u00e9 ser\u00e1 novo cart\u00e3o postal de Tacuru\"  data-caption=\"\"  data-description=\"Pra&ccedil;a do Terer&eacute; ser&aacute; novo cart&atilde;o postal de Tacuru\">\r\n                                <img decoding=\"async\" src=\"https:\/\/vanderloubet.com.br\/deputado\/wp-content\/uploads\/2019\/03\/foto-2019-03-08-praca-terere-tacuru-08-630x420.jpg\" srcset=\"https:\/\/vanderloubet.com.br\/deputado\/wp-content\/uploads\/2019\/03\/foto-2019-03-08-praca-terere-tacuru-08-630x420.jpg 630w, https:\/\/vanderloubet.com.br\/deputado\/wp-content\/uploads\/2019\/03\/foto-2019-03-08-praca-terere-tacuru-08-350x233.jpg 350w, https:\/\/vanderloubet.com.br\/deputado\/wp-content\/uploads\/2019\/03\/foto-2019-03-08-praca-terere-tacuru-08-768x512.jpg 768w, https:\/\/vanderloubet.com.br\/deputado\/wp-content\/uploads\/2019\/03\/foto-2019-03-08-praca-terere-tacuru-08-700x467.jpg 700w, https:\/\/vanderloubet.com.br\/deputado\/wp-content\/uploads\/2019\/03\/foto-2019-03-08-praca-terere-tacuru-08-696x464.jpg 696w, https:\/\/vanderloubet.com.br\/deputado\/wp-content\/uploads\/2019\/03\/foto-2019-03-08-praca-terere-tacuru-08.jpg 960w\" sizes=\"(max-width: 630px) 100vw, 630px\" alt=\"Pra&ccedil;a do Terer&eacute; ser&aacute; novo cart&atilde;o postal de Tacuru\">\r\n                            <\/a>\r\n                            <figcaption class = \"td-slide-caption td-gallery-slide-content\"><span>Pra\u00e7a do Terer\u00e9 ser\u00e1 novo cart\u00e3o postal de Tacuru<\/span><\/figcaption>\r\n                        <\/figure>\r\n                    <\/div>\r\n                    <div class = \"td-slide-item td-item9\">\r\n                        <figure class=\"td-slide-galery-figure td-slide-popup-gallery\">\r\n                            <a class=\"slide-gallery-image-link\" href=\"https:\/\/vanderloubet.com.br\/deputado\/wp-content\/uploads\/2019\/03\/foto-2019-03-08-praca-terere-tacuru-09.jpg\" title=\"Pra\u00e7a do Terer\u00e9 ser\u00e1 novo cart\u00e3o postal de Tacuru\"  data-caption=\"\"  data-description=\"Pra&ccedil;a do Terer&eacute; ser&aacute; novo cart&atilde;o postal de Tacuru\">\r\n                                <img decoding=\"async\" src=\"https:\/\/vanderloubet.com.br\/deputado\/wp-content\/uploads\/2019\/03\/foto-2019-03-08-praca-terere-tacuru-09-630x420.jpg\" srcset=\"https:\/\/vanderloubet.com.br\/deputado\/wp-content\/uploads\/2019\/03\/foto-2019-03-08-praca-terere-tacuru-09-630x420.jpg 630w, https:\/\/vanderloubet.com.br\/deputado\/wp-content\/uploads\/2019\/03\/foto-2019-03-08-praca-terere-tacuru-09-350x233.jpg 350w, https:\/\/vanderloubet.com.br\/deputado\/wp-content\/uploads\/2019\/03\/foto-2019-03-08-praca-terere-tacuru-09-768x512.jpg 768w, https:\/\/vanderloubet.com.br\/deputado\/wp-content\/uploads\/2019\/03\/foto-2019-03-08-praca-terere-tacuru-09-700x467.jpg 700w, https:\/\/vanderloubet.com.br\/deputado\/wp-content\/uploads\/2019\/03\/foto-2019-03-08-praca-terere-tacuru-09-696x464.jpg 696w, https:\/\/vanderloubet.com.br\/deputado\/wp-content\/uploads\/2019\/03\/foto-2019-03-08-praca-terere-tacuru-09.jpg 960w\" sizes=\"(max-width: 630px) 100vw, 630px\" alt=\"Pra&ccedil;a do Terer&eacute; ser&aacute; novo cart&atilde;o postal de Tacuru\">\r\n                            <\/a>\r\n                            <figcaption class = \"td-slide-caption td-gallery-slide-content\"><span>Pra\u00e7a do Terer\u00e9 ser\u00e1 novo cart\u00e3o postal de Tacuru<\/span><\/figcaption>\r\n                        <\/figure>\r\n                    <\/div>\r\n                            <\/div>\r\n                        <\/div>\r\n\r\n                        <div class = \"td-doubleSlider-2\">\r\n                            <div class = \"td-slider\">\r\n                                \r\n                    <div class = \"td-button td-item1\">\r\n                        <div class = \"td-border\"><\/div>\r\n                    <\/div>\r\n                    <div class = \"td-button td-item2\">\r\n                        <div class = \"td-border\"><\/div>\r\n                    <\/div>\r\n                    <div class = \"td-button td-item3\">\r\n                        <div class = \"td-border\"><\/div>\r\n                    <\/div>\r\n                    <div class = \"td-button td-item4\">\r\n                        <div class = \"td-border\"><\/div>\r\n                    <\/div>\r\n                    <div class = \"td-button td-item5\">\r\n                        <div class = \"td-border\"><\/div>\r\n                    <\/div>\r\n                    <div class = \"td-button td-item6\">\r\n                        <div class = \"td-border\"><\/div>\r\n                    <\/div>\r\n                    <div class = \"td-button td-item7\">\r\n                        <div class = \"td-border\"><\/div>\r\n                    <\/div>\r\n                    <div class = \"td-button td-item8\">\r\n                        <div class = \"td-border\"><\/div>\r\n                    <\/div>\r\n                    <div class = \"td-button td-item9\">\r\n                        <div class = \"td-border\"><\/div>\r\n                    <\/div>\r\n                            <\/div>\r\n                        <\/div>\r\n\r\n                    <\/div>\r\n\r\n                <\/div>\r\n                \n","protected":false},"excerpt":{"rendered":"<p>Batizado de Pra\u00e7a do Terer\u00e9, o novo espa\u00e7o de lazer est\u00e1 recebendo investimento de mais de R$ 600 mil de emenda parlamentar.<\/p>\n","protected":false},"author":2,"featured_media":14773,"comment_status":"closed","ping_status":"closed","sticky":false,"template":"","format":"standard","meta":{"jetpack_post_was_ever_published":false,"_jetpack_newsletter_access":"","_jetpack_dont_email_post_to_subs":false,"_jetpack_newsletter_tier_id":0,"_jetpack_memberships_contains_paywalled_content":false,"_jetpack_memberships_contains_paid_content":false,"footnotes":""},"categories":[2097,10],"tags":[2127,2305,1993],"class_list":{"0":"post-14768","1":"post","2":"type-post","3":"status-publish","4":"format-standard","5":"has-post-thumbnail","7":"category-municipios-noticias","8":"category-noticias","9":"tag-emenda-parlamentar","10":"tag-esporte-e-lazer","11":"tag-turismo"},"yoast_head":"<!-- This site is optimized with the Yoast SEO plugin v27.4 - https:\/\/yoast.com\/product\/yoast-seo-wordpress\/ -->\n<title>Com emenda de Vander, Tacuru ter\u00e1 novo cart\u00e3o postal na entrada da cidade<\/title>\n<meta name=\"description\" content=\"Batizado de Pra\u00e7a do Terer\u00e9, o novo espa\u00e7o de lazer est\u00e1 recebendo investimento de mais de R$ 600 mil de emenda parlamentar.\" \/>\n<meta name=\"robots\" content=\"index, follow, max-snippet:-1, max-image-preview:large, max-video-preview:-1\" \/>\n<link rel=\"canonical\" href=\"https:\/\/vanderloubet.com.br\/deputado\/com-emenda-de-vander-tacuru-tera-novo-cartao-postal-na-entrada-da-cidade\/\" \/>\n<meta property=\"og:locale\" content=\"pt_BR\" \/>\n<meta property=\"og:type\" content=\"article\" \/>\n<meta property=\"og:title\" content=\"Com emenda de Vander, Tacuru ter\u00e1 novo cart\u00e3o postal na entrada da cidade\" \/>\n<meta property=\"og:description\" content=\"Batizado de Pra\u00e7a do Terer\u00e9, o novo espa\u00e7o de lazer est\u00e1 recebendo investimento de mais de R$ 600 mil de emenda parlamentar.\" \/>\n<meta property=\"og:url\" content=\"https:\/\/vanderloubet.com.br\/deputado\/com-emenda-de-vander-tacuru-tera-novo-cartao-postal-na-entrada-da-cidade\/\" \/>\n<meta property=\"og:site_name\" content=\"Deputado Federal Vander Loubet\" \/>\n<meta property=\"article:publisher\" content=\"https:\/\/facebook.com\/deputadovander\" \/>\n<meta property=\"article:published_time\" content=\"2019-03-08T19:47:20+00:00\" \/>\n<meta property=\"og:image\" content=\"https:\/\/vanderloubet.com.br\/deputado\/wp-content\/uploads\/2019\/03\/foto-2019-03-08-praca-terere-tacuru-05.jpg\" \/>\n\t<meta property=\"og:image:width\" content=\"960\" \/>\n\t<meta property=\"og:image:height\" content=\"640\" \/>\n\t<meta property=\"og:image:type\" content=\"image\/jpeg\" \/>\n<meta name=\"author\" content=\"\u00c9der\" \/>\n<meta name=\"twitter:card\" content=\"summary_large_image\" \/>\n<meta name=\"twitter:creator\" content=\"@vanderloubet\" \/>\n<meta name=\"twitter:site\" content=\"@vanderloubet\" \/>\n<script type=\"application\/ld+json\" class=\"yoast-schema-graph\">{\"@context\":\"https:\\\/\\\/schema.org\",\"@graph\":[{\"@type\":\"Article\",\"@id\":\"https:\\\/\\\/vanderloubet.com.br\\\/deputado\\\/com-emenda-de-vander-tacuru-tera-novo-cartao-postal-na-entrada-da-cidade\\\/#article\",\"isPartOf\":{\"@id\":\"https:\\\/\\\/vanderloubet.com.br\\\/deputado\\\/com-emenda-de-vander-tacuru-tera-novo-cartao-postal-na-entrada-da-cidade\\\/\"},\"author\":{\"name\":\"\u00c9der\",\"@id\":\"https:\\\/\\\/vanderloubet.com.br\\\/deputado\\\/#\\\/schema\\\/person\\\/15b51bd564532a8a68d9dec1b8eb890e\"},\"headline\":\"Com emenda de Vander, Tacuru ter\u00e1 novo cart\u00e3o postal na entrada da cidade\",\"datePublished\":\"2019-03-08T19:47:20+00:00\",\"mainEntityOfPage\":{\"@id\":\"https:\\\/\\\/vanderloubet.com.br\\\/deputado\\\/com-emenda-de-vander-tacuru-tera-novo-cartao-postal-na-entrada-da-cidade\\\/\"},\"wordCount\":176,\"publisher\":{\"@id\":\"https:\\\/\\\/vanderloubet.com.br\\\/deputado\\\/#organization\"},\"image\":{\"@id\":\"https:\\\/\\\/vanderloubet.com.br\\\/deputado\\\/com-emenda-de-vander-tacuru-tera-novo-cartao-postal-na-entrada-da-cidade\\\/#primaryimage\"},\"thumbnailUrl\":\"https:\\\/\\\/vanderloubet.com.br\\\/deputado\\\/wp-content\\\/uploads\\\/2019\\\/03\\\/foto-2019-03-08-praca-terere-tacuru-05.jpg\",\"keywords\":[\"emenda parlamentar\",\"esporte e lazer\",\"turismo\"],\"articleSection\":[\"Munic\u00edpios\",\"Not\u00edcias\"],\"inLanguage\":\"pt-BR\"},{\"@type\":\"WebPage\",\"@id\":\"https:\\\/\\\/vanderloubet.com.br\\\/deputado\\\/com-emenda-de-vander-tacuru-tera-novo-cartao-postal-na-entrada-da-cidade\\\/\",\"url\":\"https:\\\/\\\/vanderloubet.com.br\\\/deputado\\\/com-emenda-de-vander-tacuru-tera-novo-cartao-postal-na-entrada-da-cidade\\\/\",\"name\":\"Com emenda de Vander, Tacuru ter\u00e1 novo cart\u00e3o postal na entrada da cidade\",\"isPartOf\":{\"@id\":\"https:\\\/\\\/vanderloubet.com.br\\\/deputado\\\/#website\"},\"primaryImageOfPage\":{\"@id\":\"https:\\\/\\\/vanderloubet.com.br\\\/deputado\\\/com-emenda-de-vander-tacuru-tera-novo-cartao-postal-na-entrada-da-cidade\\\/#primaryimage\"},\"image\":{\"@id\":\"https:\\\/\\\/vanderloubet.com.br\\\/deputado\\\/com-emenda-de-vander-tacuru-tera-novo-cartao-postal-na-entrada-da-cidade\\\/#primaryimage\"},\"thumbnailUrl\":\"https:\\\/\\\/vanderloubet.com.br\\\/deputado\\\/wp-content\\\/uploads\\\/2019\\\/03\\\/foto-2019-03-08-praca-terere-tacuru-05.jpg\",\"datePublished\":\"2019-03-08T19:47:20+00:00\",\"description\":\"Batizado de Pra\u00e7a do Terer\u00e9, o novo espa\u00e7o de lazer est\u00e1 recebendo investimento de mais de R$ 600 mil de emenda parlamentar.\",\"breadcrumb\":{\"@id\":\"https:\\\/\\\/vanderloubet.com.br\\\/deputado\\\/com-emenda-de-vander-tacuru-tera-novo-cartao-postal-na-entrada-da-cidade\\\/#breadcrumb\"},\"inLanguage\":\"pt-BR\",\"potentialAction\":[{\"@type\":\"ReadAction\",\"target\":[\"https:\\\/\\\/vanderloubet.com.br\\\/deputado\\\/com-emenda-de-vander-tacuru-tera-novo-cartao-postal-na-entrada-da-cidade\\\/\"]}]},{\"@type\":\"ImageObject\",\"inLanguage\":\"pt-BR\",\"@id\":\"https:\\\/\\\/vanderloubet.com.br\\\/deputado\\\/com-emenda-de-vander-tacuru-tera-novo-cartao-postal-na-entrada-da-cidade\\\/#primaryimage\",\"url\":\"https:\\\/\\\/vanderloubet.com.br\\\/deputado\\\/wp-content\\\/uploads\\\/2019\\\/03\\\/foto-2019-03-08-praca-terere-tacuru-05.jpg\",\"contentUrl\":\"https:\\\/\\\/vanderloubet.com.br\\\/deputado\\\/wp-content\\\/uploads\\\/2019\\\/03\\\/foto-2019-03-08-praca-terere-tacuru-05.jpg\",\"width\":960,\"height\":640,\"caption\":\"Pra\u00e7a do Terer\u00e9 ser\u00e1 novo cart\u00e3o postal de Tacuru\"},{\"@type\":\"BreadcrumbList\",\"@id\":\"https:\\\/\\\/vanderloubet.com.br\\\/deputado\\\/com-emenda-de-vander-tacuru-tera-novo-cartao-postal-na-entrada-da-cidade\\\/#breadcrumb\",\"itemListElement\":[{\"@type\":\"ListItem\",\"position\":1,\"name\":\"In\u00edcio\",\"item\":\"https:\\\/\\\/vanderloubet.com.br\\\/deputado\\\/\"},{\"@type\":\"ListItem\",\"position\":2,\"name\":\"Com emenda de Vander, Tacuru ter\u00e1 novo cart\u00e3o postal na entrada da cidade\"}]},{\"@type\":\"WebSite\",\"@id\":\"https:\\\/\\\/vanderloubet.com.br\\\/deputado\\\/#website\",\"url\":\"https:\\\/\\\/vanderloubet.com.br\\\/deputado\\\/\",\"name\":\"Deputado Federal Vander Loubet\",\"description\":\"O Federal de MS\",\"publisher\":{\"@id\":\"https:\\\/\\\/vanderloubet.com.br\\\/deputado\\\/#organization\"},\"alternateName\":\"Deputado Vander\",\"potentialAction\":[{\"@type\":\"SearchAction\",\"target\":{\"@type\":\"EntryPoint\",\"urlTemplate\":\"https:\\\/\\\/vanderloubet.com.br\\\/deputado\\\/?s={search_term_string}\"},\"query-input\":{\"@type\":\"PropertyValueSpecification\",\"valueRequired\":true,\"valueName\":\"search_term_string\"}}],\"inLanguage\":\"pt-BR\"},{\"@type\":\"Organization\",\"@id\":\"https:\\\/\\\/vanderloubet.com.br\\\/deputado\\\/#organization\",\"name\":\"Deputado Federal Vander Loubet\",\"alternateName\":\"Deputado Vander\",\"url\":\"https:\\\/\\\/vanderloubet.com.br\\\/deputado\\\/\",\"logo\":{\"@type\":\"ImageObject\",\"inLanguage\":\"pt-BR\",\"@id\":\"https:\\\/\\\/vanderloubet.com.br\\\/deputado\\\/#\\\/schema\\\/logo\\\/image\\\/\",\"url\":\"https:\\\/\\\/vanderloubet.com.br\\\/deputado\\\/wp-content\\\/uploads\\\/2023\\\/06\\\/foto-2023-06-19-mandato-deputado-vander.jpg\",\"contentUrl\":\"https:\\\/\\\/vanderloubet.com.br\\\/deputado\\\/wp-content\\\/uploads\\\/2023\\\/06\\\/foto-2023-06-19-mandato-deputado-vander.jpg\",\"width\":1080,\"height\":1080,\"caption\":\"Deputado Federal Vander Loubet\"},\"image\":{\"@id\":\"https:\\\/\\\/vanderloubet.com.br\\\/deputado\\\/#\\\/schema\\\/logo\\\/image\\\/\"},\"sameAs\":[\"https:\\\/\\\/facebook.com\\\/deputadovander\",\"https:\\\/\\\/x.com\\\/vanderloubet\",\"https:\\\/\\\/instagram.com\\\/vanderloubet\",\"https:\\\/\\\/youtube.com\\\/vanderloubet\",\"https:\\\/\\\/tiktok.com\\\/@vanderloubetms\"]},{\"@type\":\"Person\",\"@id\":\"https:\\\/\\\/vanderloubet.com.br\\\/deputado\\\/#\\\/schema\\\/person\\\/15b51bd564532a8a68d9dec1b8eb890e\",\"name\":\"\u00c9der\",\"image\":{\"@type\":\"ImageObject\",\"inLanguage\":\"pt-BR\",\"@id\":\"https:\\\/\\\/vanderloubet.com.br\\\/deputado\\\/wp-content\\\/litespeed\\\/avatar\\\/88ca4090d9d5ab1c9495f6ca03b68efa.jpg?ver=1777058957\",\"url\":\"https:\\\/\\\/vanderloubet.com.br\\\/deputado\\\/wp-content\\\/litespeed\\\/avatar\\\/88ca4090d9d5ab1c9495f6ca03b68efa.jpg?ver=1777058957\",\"contentUrl\":\"https:\\\/\\\/vanderloubet.com.br\\\/deputado\\\/wp-content\\\/litespeed\\\/avatar\\\/88ca4090d9d5ab1c9495f6ca03b68efa.jpg?ver=1777058957\",\"caption\":\"\u00c9der\"}}]}<\/script>\n<!-- \/ Yoast SEO plugin. -->","yoast_head_json":{"title":"Com emenda de Vander, Tacuru ter\u00e1 novo cart\u00e3o postal na entrada da cidade","description":"Batizado de Pra\u00e7a do Terer\u00e9, o novo espa\u00e7o de lazer est\u00e1 recebendo investimento de mais de R$ 600 mil de emenda parlamentar.","robots":{"index":"index","follow":"follow","max-snippet":"max-snippet:-1","max-image-preview":"max-image-preview:large","max-video-preview":"max-video-preview:-1"},"canonical":"https:\/\/vanderloubet.com.br\/deputado\/com-emenda-de-vander-tacuru-tera-novo-cartao-postal-na-entrada-da-cidade\/","og_locale":"pt_BR","og_type":"article","og_title":"Com emenda de Vander, Tacuru ter\u00e1 novo cart\u00e3o postal na entrada da cidade","og_description":"Batizado de Pra\u00e7a do Terer\u00e9, o novo espa\u00e7o de lazer est\u00e1 recebendo investimento de mais de R$ 600 mil de emenda parlamentar.","og_url":"https:\/\/vanderloubet.com.br\/deputado\/com-emenda-de-vander-tacuru-tera-novo-cartao-postal-na-entrada-da-cidade\/","og_site_name":"Deputado Federal Vander Loubet","article_publisher":"https:\/\/facebook.com\/deputadovander","article_published_time":"2019-03-08T19:47:20+00:00","og_image":[{"width":960,"height":640,"url":"https:\/\/vanderloubet.com.br\/deputado\/wp-content\/uploads\/2019\/03\/foto-2019-03-08-praca-terere-tacuru-05.jpg","type":"image\/jpeg"}],"author":"\u00c9der","twitter_card":"summary_large_image","twitter_creator":"@vanderloubet","twitter_site":"@vanderloubet","schema":{"@context":"https:\/\/schema.org","@graph":[{"@type":"Article","@id":"https:\/\/vanderloubet.com.br\/deputado\/com-emenda-de-vander-tacuru-tera-novo-cartao-postal-na-entrada-da-cidade\/#article","isPartOf":{"@id":"https:\/\/vanderloubet.com.br\/deputado\/com-emenda-de-vander-tacuru-tera-novo-cartao-postal-na-entrada-da-cidade\/"},"author":{"name":"\u00c9der","@id":"https:\/\/vanderloubet.com.br\/deputado\/#\/schema\/person\/15b51bd564532a8a68d9dec1b8eb890e"},"headline":"Com emenda de Vander, Tacuru ter\u00e1 novo cart\u00e3o postal na entrada da cidade","datePublished":"2019-03-08T19:47:20+00:00","mainEntityOfPage":{"@id":"https:\/\/vanderloubet.com.br\/deputado\/com-emenda-de-vander-tacuru-tera-novo-cartao-postal-na-entrada-da-cidade\/"},"wordCount":176,"publisher":{"@id":"https:\/\/vanderloubet.com.br\/deputado\/#organization"},"image":{"@id":"https:\/\/vanderloubet.com.br\/deputado\/com-emenda-de-vander-tacuru-tera-novo-cartao-postal-na-entrada-da-cidade\/#primaryimage"},"thumbnailUrl":"https:\/\/vanderloubet.com.br\/deputado\/wp-content\/uploads\/2019\/03\/foto-2019-03-08-praca-terere-tacuru-05.jpg","keywords":["emenda parlamentar","esporte e lazer","turismo"],"articleSection":["Munic\u00edpios","Not\u00edcias"],"inLanguage":"pt-BR"},{"@type":"WebPage","@id":"https:\/\/vanderloubet.com.br\/deputado\/com-emenda-de-vander-tacuru-tera-novo-cartao-postal-na-entrada-da-cidade\/","url":"https:\/\/vanderloubet.com.br\/deputado\/com-emenda-de-vander-tacuru-tera-novo-cartao-postal-na-entrada-da-cidade\/","name":"Com emenda de Vander, Tacuru ter\u00e1 novo cart\u00e3o postal na entrada da cidade","isPartOf":{"@id":"https:\/\/vanderloubet.com.br\/deputado\/#website"},"primaryImageOfPage":{"@id":"https:\/\/vanderloubet.com.br\/deputado\/com-emenda-de-vander-tacuru-tera-novo-cartao-postal-na-entrada-da-cidade\/#primaryimage"},"image":{"@id":"https:\/\/vanderloubet.com.br\/deputado\/com-emenda-de-vander-tacuru-tera-novo-cartao-postal-na-entrada-da-cidade\/#primaryimage"},"thumbnailUrl":"https:\/\/vanderloubet.com.br\/deputado\/wp-content\/uploads\/2019\/03\/foto-2019-03-08-praca-terere-tacuru-05.jpg","datePublished":"2019-03-08T19:47:20+00:00","description":"Batizado de Pra\u00e7a do Terer\u00e9, o novo espa\u00e7o de lazer est\u00e1 recebendo investimento de mais de R$ 600 mil de emenda parlamentar.","breadcrumb":{"@id":"https:\/\/vanderloubet.com.br\/deputado\/com-emenda-de-vander-tacuru-tera-novo-cartao-postal-na-entrada-da-cidade\/#breadcrumb"},"inLanguage":"pt-BR","potentialAction":[{"@type":"ReadAction","target":["https:\/\/vanderloubet.com.br\/deputado\/com-emenda-de-vander-tacuru-tera-novo-cartao-postal-na-entrada-da-cidade\/"]}]},{"@type":"ImageObject","inLanguage":"pt-BR","@id":"https:\/\/vanderloubet.com.br\/deputado\/com-emenda-de-vander-tacuru-tera-novo-cartao-postal-na-entrada-da-cidade\/#primaryimage","url":"https:\/\/vanderloubet.com.br\/deputado\/wp-content\/uploads\/2019\/03\/foto-2019-03-08-praca-terere-tacuru-05.jpg","contentUrl":"https:\/\/vanderloubet.com.br\/deputado\/wp-content\/uploads\/2019\/03\/foto-2019-03-08-praca-terere-tacuru-05.jpg","width":960,"height":640,"caption":"Pra\u00e7a do Terer\u00e9 ser\u00e1 novo cart\u00e3o postal de Tacuru"},{"@type":"BreadcrumbList","@id":"https:\/\/vanderloubet.com.br\/deputado\/com-emenda-de-vander-tacuru-tera-novo-cartao-postal-na-entrada-da-cidade\/#breadcrumb","itemListElement":[{"@type":"ListItem","position":1,"name":"In\u00edcio","item":"https:\/\/vanderloubet.com.br\/deputado\/"},{"@type":"ListItem","position":2,"name":"Com emenda de Vander, Tacuru ter\u00e1 novo cart\u00e3o postal na entrada da cidade"}]},{"@type":"WebSite","@id":"https:\/\/vanderloubet.com.br\/deputado\/#website","url":"https:\/\/vanderloubet.com.br\/deputado\/","name":"Deputado Federal Vander Loubet","description":"O Federal de MS","publisher":{"@id":"https:\/\/vanderloubet.com.br\/deputado\/#organization"},"alternateName":"Deputado Vander","potentialAction":[{"@type":"SearchAction","target":{"@type":"EntryPoint","urlTemplate":"https:\/\/vanderloubet.com.br\/deputado\/?s={search_term_string}"},"query-input":{"@type":"PropertyValueSpecification","valueRequired":true,"valueName":"search_term_string"}}],"inLanguage":"pt-BR"},{"@type":"Organization","@id":"https:\/\/vanderloubet.com.br\/deputado\/#organization","name":"Deputado Federal Vander Loubet","alternateName":"Deputado Vander","url":"https:\/\/vanderloubet.com.br\/deputado\/","logo":{"@type":"ImageObject","inLanguage":"pt-BR","@id":"https:\/\/vanderloubet.com.br\/deputado\/#\/schema\/logo\/image\/","url":"https:\/\/vanderloubet.com.br\/deputado\/wp-content\/uploads\/2023\/06\/foto-2023-06-19-mandato-deputado-vander.jpg","contentUrl":"https:\/\/vanderloubet.com.br\/deputado\/wp-content\/uploads\/2023\/06\/foto-2023-06-19-mandato-deputado-vander.jpg","width":1080,"height":1080,"caption":"Deputado Federal Vander Loubet"},"image":{"@id":"https:\/\/vanderloubet.com.br\/deputado\/#\/schema\/logo\/image\/"},"sameAs":["https:\/\/facebook.com\/deputadovander","https:\/\/x.com\/vanderloubet","https:\/\/instagram.com\/vanderloubet","https:\/\/youtube.com\/vanderloubet","https:\/\/tiktok.com\/@vanderloubetms"]},{"@type":"Person","@id":"https:\/\/vanderloubet.com.br\/deputado\/#\/schema\/person\/15b51bd564532a8a68d9dec1b8eb890e","name":"\u00c9der","image":{"@type":"ImageObject","inLanguage":"pt-BR","@id":"https:\/\/vanderloubet.com.br\/deputado\/wp-content\/litespeed\/avatar\/88ca4090d9d5ab1c9495f6ca03b68efa.jpg?ver=1777058957","url":"https:\/\/vanderloubet.com.br\/deputado\/wp-content\/litespeed\/avatar\/88ca4090d9d5ab1c9495f6ca03b68efa.jpg?ver=1777058957","contentUrl":"https:\/\/vanderloubet.com.br\/deputado\/wp-content\/litespeed\/avatar\/88ca4090d9d5ab1c9495f6ca03b68efa.jpg?ver=1777058957","caption":"\u00c9der"}}]}},"jetpack_featured_media_url":"https:\/\/vanderloubet.com.br\/deputado\/wp-content\/uploads\/2019\/03\/foto-2019-03-08-praca-terere-tacuru-05.jpg","jetpack_sharing_enabled":true,"_links":{"self":[{"href":"https:\/\/vanderloubet.com.br\/deputado\/wp-json\/wp\/v2\/posts\/14768","targetHints":{"allow":["GET"]}}],"collection":[{"href":"https:\/\/vanderloubet.com.br\/deputado\/wp-json\/wp\/v2\/posts"}],"about":[{"href":"https:\/\/vanderloubet.com.br\/deputado\/wp-json\/wp\/v2\/types\/post"}],"author":[{"embeddable":true,"href":"https:\/\/vanderloubet.com.br\/deputado\/wp-json\/wp\/v2\/users\/2"}],"replies":[{"embeddable":true,"href":"https:\/\/vanderloubet.com.br\/deputado\/wp-json\/wp\/v2\/comments?post=14768"}],"version-history":[{"count":0,"href":"https:\/\/vanderloubet.com.br\/deputado\/wp-json\/wp\/v2\/posts\/14768\/revisions"}],"wp:featuredmedia":[{"embeddable":true,"href":"https:\/\/vanderloubet.com.br\/deputado\/wp-json\/wp\/v2\/media\/14773"}],"wp:attachment":[{"href":"https:\/\/vanderloubet.com.br\/deputado\/wp-json\/wp\/v2\/media?parent=14768"}],"wp:term":[{"taxonomy":"category","embeddable":true,"href":"https:\/\/vanderloubet.com.br\/deputado\/wp-json\/wp\/v2\/categories?post=14768"},{"taxonomy":"post_tag","embeddable":true,"href":"https:\/\/vanderloubet.com.br\/deputado\/wp-json\/wp\/v2\/tags?post=14768"}],"curies":[{"name":"wp","href":"https:\/\/api.w.org\/{rel}","templated":true}]}}