{"id":14653,"date":"2019-02-20T08:55:32","date_gmt":"2019-02-20T12:55:32","guid":{"rendered":"http:\/\/vanderloubet.com.br\/deputado\/?p=14653"},"modified":"2019-02-27T21:21:45","modified_gmt":"2019-02-28T01:21:45","slug":"por-que-o-consea-e-necessario","status":"publish","type":"post","link":"https:\/\/vanderloubet.com.br\/deputado\/por-que-o-consea-e-necessario\/","title":{"rendered":"Por que o Consea \u00e9 necess\u00e1rio?"},"content":{"rendered":"<p><a href=\"https:\/\/jornal.usp.br\/artigos\/por-que-o-conselho-nacional-de-seguranca-alimentar-e-nutricional-e-necessario\/\" rel=\"noopener noreferrer\" target=\"_blank\">https:\/\/jornal.usp.br\/artigos\/por-que-o-conselho-nacional-de-seguranca-alimentar-e-nutricional-e-necessario\/<\/a><\/p>\n<p><em>Patricia Constante Jaime*<\/em><\/p>\n<p>A Medida Provis\u00f3ria n\u00ba 870, de 1\u00ba de janeiro de 2019, publicada pelo novo governo federal de modo a estabelecer a organiza\u00e7\u00e3o administrativa dos \u00f3rg\u00e3os da Presid\u00eancia da Rep\u00fablica e seus minist\u00e9rios, trouxe m\u00e1s noticias para a pol\u00edtica p\u00fablica de seguran\u00e7a alimentar e nutricional.<\/p>\n<p>Ela revoga inciso e artigo da Lei Org\u00e2nica de Seguran\u00e7a Alimentar e Nutricional (Losan), de 2006, de modo a levar a extin\u00e7\u00e3o do Conselho Nacional de Seguran\u00e7a Alimentar e Nutricional (Consea) na estrutura organizativa do Sistema Nacional de Seguran\u00e7a Alimentar e Nutricional (Sisan).<\/p>\n<p>O Consea Nacional era um \u00f3rg\u00e3o de assessoramento \u00e0 Presid\u00eancia da Rep\u00fablica cuja compet\u00eancia institucional tratava do controle social na formula\u00e7\u00e3o, execu\u00e7\u00e3o e monitoramento da Pol\u00edtica Nacional de Seguran\u00e7a Alimentar e Nutricional. Representava um espa\u00e7o de consolida\u00e7\u00e3o da participa\u00e7\u00e3o da sociedade nas pol\u00edticas voltadas \u00e0 promo\u00e7\u00e3o de sistemas alimentares saud\u00e1veis e sustent\u00e1veis e de defesa de uma agenda da administra\u00e7\u00e3o p\u00fablica que defenda os cidad\u00e3os da viola\u00e7\u00e3o do direito humano \u00e0 alimenta\u00e7\u00e3o adequada.<\/p>\n<p>Criado, em 1993, \u00e0 \u00e9poca do governo Itamar Franco e sob demanda da sociedade civil articulada nos movimentos \u00c9tica na Pol\u00edtica e A\u00e7\u00e3o da Cidadania Contra a Fome, a Mis\u00e9ria e pela Vida, o Consea foi, em uma perspectiva hist\u00f3rica, a primeira tentativa de elevar o debate sobre seguran\u00e7a alimentar e nutricional para uma arena pol\u00edtica intersetorial, plural e participativa. Pelo car\u00e1ter transit\u00f3rio do ent\u00e3o governo e pela fr\u00e1gil inser\u00e7\u00e3o do tema na agenda pol\u00edtica brasileira, o conselho foi extinto em 1994, um ano ap\u00f3s sua proposi\u00e7\u00e3o. Recriado em 2003, o Consea assumiu a importante tarefa de n\u00e3o ser apenas um espa\u00e7o institucional de di\u00e1logo do Governo com a sociedade, mas tamb\u00e9m de ser o l\u00f3cus impulsionador da elabora\u00e7\u00e3o participativa do Projeto de Lei Org\u00e2nica para a Seguran\u00e7a Alimentar e Nutricional no pa\u00eds, o que ocorreu em 2006.<\/p>\n<p>Desde ent\u00e3o, observou-se o rompimento de a\u00e7\u00f5es pontuais e fragmentadas em dire\u00e7\u00e3o a um novo paradigma na constru\u00e7\u00e3o e governan\u00e7a de pol\u00edticas p\u00fablicas em seguran\u00e7a alimentar e nutricional. Progressivamente, t\u00eam-se implantado de forma mais articulada programas e a\u00e7\u00f5es de prote\u00e7\u00e3o social, de supera\u00e7\u00e3o da pobreza e redu\u00e7\u00e3o das desigualdades, de fomento a produ\u00e7\u00e3o agr\u00edcola de base familiar e de acesso \u00e0 alimenta\u00e7\u00e3o. Neste espectro, est\u00e1 o aprimoramento do marco normativo do hist\u00f3rico Programa Nacional de Alimenta\u00e7\u00e3o Escolar e sua interface com os programas de compras p\u00fablicas de alimentos produzidos por agricultores familiares. Iniciativas como essa foram produzidas e articuladas no \u00e2mbito do Consea e foram reconhecidas pelas Na\u00e7\u00f5es Unidas, em 2014, como respons\u00e1veis pela sa\u00edda do Brasil do Mapa da Fome.<\/p>\n<p>Por outro lado, novas express\u00f5es da inseguran\u00e7a alimentar, como a perda dos padr\u00f5es alimentares tradicionais, o aumento do consumo de alimentos ultraprocessados, a obesidade e a exposi\u00e7\u00e3o da popula\u00e7\u00e3o a alimentos contaminados por agrot\u00f3xicos, ganham propor\u00e7\u00f5es epid\u00eamicas. Os sistemas alimentares, incluindo os processos de produ\u00e7\u00e3o, transforma\u00e7\u00e3o, distribui\u00e7\u00e3o, marketing e consumo de alimentos, est\u00e3o fortemente relacionados \u00e0 transi\u00e7\u00e3o alimentar e nutricional observada nas \u00faltimas d\u00e9cadas e precisam ser reposicionados para n\u00e3o apenas ofertar alimentos, mas sim promover dietas mais saud\u00e1veis e sustent\u00e1veis para todos.<\/p>\n<p>O Consea, bravamente, assumiu a defesa da dimens\u00e3o sociocultural da alimenta\u00e7\u00e3o e da valoriza\u00e7\u00e3o de um sistema alimentar justo, saud\u00e1vel e sustent\u00e1vel, tanto do ponto de vista social como ambiental, onde sejam valorizados e protegidos a biodiversidade, a comida de verdade sem veneno e os padr\u00f5es alimentares tradicionais com o respeito e o resgate das identidades, mem\u00f3rias e culturas alimentares. Fez, assim, a defesa do alimento como elemento central da vida, um direito social, um bem material e imaterial e parte do patrim\u00f4nio cultural do povo e da na\u00e7\u00e3o brasileira. H\u00e1 que se reconhecer o choque paradigm\u00e1tico com setores que, em outro extremo, veem o alimento apenas como mercadoria dotada de valor monet\u00e1rio, em uma economia nacional ancorada nas commodities agropecu\u00e1rias.<\/p>\n<p>O Brasil alcan\u00e7ou reconhecimento internacional na \u00e1rea e se tornou refer\u00eancia para in\u00fameros pa\u00edses. Em 2016, publica\u00e7\u00e3o de um renomado painel de especialistas em Nutri\u00e7\u00e3o Global \u2013 The Global Nutrition Report Stakeholder Group \u2013 apontou os fatores que explicam o protagonismo brasileiro na agenda de Seguran\u00e7a Alimentar e Nutricional, sendo eles: o ativismo de organiza\u00e7\u00f5es n\u00e3o governamentais e de movimentos sociais, a produ\u00e7\u00e3o e uso de dados e indicadores de seguran\u00e7a alimentar e nutricional e, por fim, a cria\u00e7\u00e3o do Consea como espa\u00e7o de governan\u00e7a, engajamento e di\u00e1logo independente entre Governo e Sociedade Civil.<\/p>\n<p>Compreender a forma\u00e7\u00e3o de uma agenda de pol\u00edtica de seguran\u00e7a alimentar e nutricional significa considerar que a mesma pode refletir ou n\u00e3o os interesses dos diferentes setores da sociedade, a depender do grau de democracia participativa, de mobiliza\u00e7\u00e3o de cada setor e de institucionaliza\u00e7\u00e3o de mecanismos que viabilizem a participa\u00e7\u00e3o dos sujeitos, em especial dos mais vulner\u00e1veis e dependentes da a\u00e7\u00e3o do Estado.<\/p>\n<p>O epis\u00f3dio da Medida Provis\u00f3ria n. 870 \u00e9 preocupante porque nega os \u00eaxitos da experi\u00eancia brasileira; compromete a continuidade e aprimoramento da Pol\u00edtica Nacional de Seguran\u00e7a Alimentar e Nutricional; fragiliza a administra\u00e7\u00e3o p\u00fablica ao negar a participa\u00e7\u00e3o social como elemento estruturante do Estado Democr\u00e1tico de Direito; induz um efeito cascata nos modelos de governan\u00e7a das pol\u00edticas estaduais e municipais; e, n\u00e3o menos importante, deixa um recado que, para o Governo que se inicia, o exerc\u00edcio da cidadania parece s\u00f3 ter import\u00e2ncia no momento do voto no processo eleitoral.<\/p>\n<p><em>*Nutricionista, doutora em Sa\u00fade P\u00fablica, professora da Faculdade de Sa\u00fade P\u00fablica da USP<\/em><\/p>\n","protected":false},"excerpt":{"rendered":"<p>Artigo de nutricionista e professora da USP sobre o papel do Conselho Nacional de Seguran\u00e7a Alimentar e Nutricional.<\/p>\n","protected":false},"author":2,"featured_media":14655,"comment_status":"closed","ping_status":"closed","sticky":false,"template":"","format":"standard","meta":{"jetpack_post_was_ever_published":false,"_jetpack_newsletter_access":"","_jetpack_dont_email_post_to_subs":false,"_jetpack_newsletter_tier_id":0,"_jetpack_memberships_contains_paywalled_content":false,"_jetpack_memberships_contains_paid_content":false,"footnotes":""},"categories":[11],"tags":[2409,2353],"class_list":{"0":"post-14653","1":"post","2":"type-post","3":"status-publish","4":"format-standard","5":"has-post-thumbnail","7":"category-opinioes","8":"tag-nutricao","9":"tag-seguranca-alimentar"},"yoast_head":"<!-- This site is optimized with the Yoast SEO plugin v27.4 - https:\/\/yoast.com\/product\/yoast-seo-wordpress\/ -->\n<title>Por que o Consea \u00e9 necess\u00e1rio?<\/title>\n<meta name=\"robots\" content=\"index, follow, max-snippet:-1, max-image-preview:large, max-video-preview:-1\" \/>\n<link rel=\"canonical\" href=\"https:\/\/vanderloubet.com.br\/deputado\/por-que-o-consea-e-necessario\/\" \/>\n<meta property=\"og:locale\" content=\"pt_BR\" \/>\n<meta property=\"og:type\" content=\"article\" \/>\n<meta property=\"og:title\" content=\"Por que o Consea \u00e9 necess\u00e1rio?\" \/>\n<meta property=\"og:description\" content=\"Artigo de nutricionista e professora da USP sobre o papel do Conselho Nacional de Seguran\u00e7a Alimentar e Nutricional.\" \/>\n<meta property=\"og:url\" content=\"https:\/\/vanderloubet.com.br\/deputado\/por-que-o-consea-e-necessario\/\" \/>\n<meta property=\"og:site_name\" content=\"Deputado Federal Vander Loubet\" \/>\n<meta property=\"article:publisher\" content=\"https:\/\/facebook.com\/deputadovander\" \/>\n<meta property=\"article:published_time\" content=\"2019-02-20T12:55:32+00:00\" \/>\n<meta property=\"article:modified_time\" content=\"2019-02-28T01:21:45+00:00\" \/>\n<meta property=\"og:image\" content=\"https:\/\/vanderloubet.com.br\/deputado\/wp-content\/uploads\/2019\/02\/foto-2019-02-27-patricia-jaime-usp.jpg\" \/>\n\t<meta property=\"og:image:width\" content=\"900\" \/>\n\t<meta property=\"og:image:height\" content=\"640\" \/>\n\t<meta property=\"og:image:type\" content=\"image\/jpeg\" \/>\n<meta name=\"author\" content=\"\u00c9der\" \/>\n<meta name=\"twitter:card\" content=\"summary_large_image\" \/>\n<meta name=\"twitter:creator\" content=\"@vanderloubet\" \/>\n<meta name=\"twitter:site\" content=\"@vanderloubet\" \/>\n<script type=\"application\/ld+json\" class=\"yoast-schema-graph\">{\"@context\":\"https:\\\/\\\/schema.org\",\"@graph\":[{\"@type\":\"Article\",\"@id\":\"https:\\\/\\\/vanderloubet.com.br\\\/deputado\\\/por-que-o-consea-e-necessario\\\/#article\",\"isPartOf\":{\"@id\":\"https:\\\/\\\/vanderloubet.com.br\\\/deputado\\\/por-que-o-consea-e-necessario\\\/\"},\"author\":{\"name\":\"\u00c9der\",\"@id\":\"https:\\\/\\\/vanderloubet.com.br\\\/deputado\\\/#\\\/schema\\\/person\\\/15b51bd564532a8a68d9dec1b8eb890e\"},\"headline\":\"Por que o Consea \u00e9 necess\u00e1rio?\",\"datePublished\":\"2019-02-20T12:55:32+00:00\",\"dateModified\":\"2019-02-28T01:21:45+00:00\",\"mainEntityOfPage\":{\"@id\":\"https:\\\/\\\/vanderloubet.com.br\\\/deputado\\\/por-que-o-consea-e-necessario\\\/\"},\"wordCount\":1027,\"publisher\":{\"@id\":\"https:\\\/\\\/vanderloubet.com.br\\\/deputado\\\/#organization\"},\"image\":{\"@id\":\"https:\\\/\\\/vanderloubet.com.br\\\/deputado\\\/por-que-o-consea-e-necessario\\\/#primaryimage\"},\"thumbnailUrl\":\"https:\\\/\\\/vanderloubet.com.br\\\/deputado\\\/wp-content\\\/uploads\\\/2019\\\/02\\\/foto-2019-02-27-patricia-jaime-usp.jpg\",\"keywords\":[\"nutri\u00e7\u00e3o\",\"seguran\u00e7a alimentar\"],\"articleSection\":[\"Opini\u00e3o\"],\"inLanguage\":\"pt-BR\"},{\"@type\":\"WebPage\",\"@id\":\"https:\\\/\\\/vanderloubet.com.br\\\/deputado\\\/por-que-o-consea-e-necessario\\\/\",\"url\":\"https:\\\/\\\/vanderloubet.com.br\\\/deputado\\\/por-que-o-consea-e-necessario\\\/\",\"name\":\"Por que o Consea \u00e9 necess\u00e1rio?\",\"isPartOf\":{\"@id\":\"https:\\\/\\\/vanderloubet.com.br\\\/deputado\\\/#website\"},\"primaryImageOfPage\":{\"@id\":\"https:\\\/\\\/vanderloubet.com.br\\\/deputado\\\/por-que-o-consea-e-necessario\\\/#primaryimage\"},\"image\":{\"@id\":\"https:\\\/\\\/vanderloubet.com.br\\\/deputado\\\/por-que-o-consea-e-necessario\\\/#primaryimage\"},\"thumbnailUrl\":\"https:\\\/\\\/vanderloubet.com.br\\\/deputado\\\/wp-content\\\/uploads\\\/2019\\\/02\\\/foto-2019-02-27-patricia-jaime-usp.jpg\",\"datePublished\":\"2019-02-20T12:55:32+00:00\",\"dateModified\":\"2019-02-28T01:21:45+00:00\",\"breadcrumb\":{\"@id\":\"https:\\\/\\\/vanderloubet.com.br\\\/deputado\\\/por-que-o-consea-e-necessario\\\/#breadcrumb\"},\"inLanguage\":\"pt-BR\",\"potentialAction\":[{\"@type\":\"ReadAction\",\"target\":[\"https:\\\/\\\/vanderloubet.com.br\\\/deputado\\\/por-que-o-consea-e-necessario\\\/\"]}]},{\"@type\":\"ImageObject\",\"inLanguage\":\"pt-BR\",\"@id\":\"https:\\\/\\\/vanderloubet.com.br\\\/deputado\\\/por-que-o-consea-e-necessario\\\/#primaryimage\",\"url\":\"https:\\\/\\\/vanderloubet.com.br\\\/deputado\\\/wp-content\\\/uploads\\\/2019\\\/02\\\/foto-2019-02-27-patricia-jaime-usp.jpg\",\"contentUrl\":\"https:\\\/\\\/vanderloubet.com.br\\\/deputado\\\/wp-content\\\/uploads\\\/2019\\\/02\\\/foto-2019-02-27-patricia-jaime-usp.jpg\",\"width\":900,\"height\":640,\"caption\":\"foto-2019-02-27-patricia-jaime-usp\"},{\"@type\":\"BreadcrumbList\",\"@id\":\"https:\\\/\\\/vanderloubet.com.br\\\/deputado\\\/por-que-o-consea-e-necessario\\\/#breadcrumb\",\"itemListElement\":[{\"@type\":\"ListItem\",\"position\":1,\"name\":\"In\u00edcio\",\"item\":\"https:\\\/\\\/vanderloubet.com.br\\\/deputado\\\/\"},{\"@type\":\"ListItem\",\"position\":2,\"name\":\"Por que o Consea \u00e9 necess\u00e1rio?\"}]},{\"@type\":\"WebSite\",\"@id\":\"https:\\\/\\\/vanderloubet.com.br\\\/deputado\\\/#website\",\"url\":\"https:\\\/\\\/vanderloubet.com.br\\\/deputado\\\/\",\"name\":\"Deputado Federal Vander Loubet\",\"description\":\"O Federal de MS\",\"publisher\":{\"@id\":\"https:\\\/\\\/vanderloubet.com.br\\\/deputado\\\/#organization\"},\"alternateName\":\"Deputado Vander\",\"potentialAction\":[{\"@type\":\"SearchAction\",\"target\":{\"@type\":\"EntryPoint\",\"urlTemplate\":\"https:\\\/\\\/vanderloubet.com.br\\\/deputado\\\/?s={search_term_string}\"},\"query-input\":{\"@type\":\"PropertyValueSpecification\",\"valueRequired\":true,\"valueName\":\"search_term_string\"}}],\"inLanguage\":\"pt-BR\"},{\"@type\":\"Organization\",\"@id\":\"https:\\\/\\\/vanderloubet.com.br\\\/deputado\\\/#organization\",\"name\":\"Deputado Federal Vander Loubet\",\"alternateName\":\"Deputado Vander\",\"url\":\"https:\\\/\\\/vanderloubet.com.br\\\/deputado\\\/\",\"logo\":{\"@type\":\"ImageObject\",\"inLanguage\":\"pt-BR\",\"@id\":\"https:\\\/\\\/vanderloubet.com.br\\\/deputado\\\/#\\\/schema\\\/logo\\\/image\\\/\",\"url\":\"https:\\\/\\\/vanderloubet.com.br\\\/deputado\\\/wp-content\\\/uploads\\\/2023\\\/06\\\/foto-2023-06-19-mandato-deputado-vander.jpg\",\"contentUrl\":\"https:\\\/\\\/vanderloubet.com.br\\\/deputado\\\/wp-content\\\/uploads\\\/2023\\\/06\\\/foto-2023-06-19-mandato-deputado-vander.jpg\",\"width\":1080,\"height\":1080,\"caption\":\"Deputado Federal Vander Loubet\"},\"image\":{\"@id\":\"https:\\\/\\\/vanderloubet.com.br\\\/deputado\\\/#\\\/schema\\\/logo\\\/image\\\/\"},\"sameAs\":[\"https:\\\/\\\/facebook.com\\\/deputadovander\",\"https:\\\/\\\/x.com\\\/vanderloubet\",\"https:\\\/\\\/instagram.com\\\/vanderloubet\",\"https:\\\/\\\/youtube.com\\\/vanderloubet\",\"https:\\\/\\\/tiktok.com\\\/@vanderloubetms\"]},{\"@type\":\"Person\",\"@id\":\"https:\\\/\\\/vanderloubet.com.br\\\/deputado\\\/#\\\/schema\\\/person\\\/15b51bd564532a8a68d9dec1b8eb890e\",\"name\":\"\u00c9der\",\"image\":{\"@type\":\"ImageObject\",\"inLanguage\":\"pt-BR\",\"@id\":\"https:\\\/\\\/vanderloubet.com.br\\\/deputado\\\/wp-content\\\/litespeed\\\/avatar\\\/88ca4090d9d5ab1c9495f6ca03b68efa.jpg?ver=1777058957\",\"url\":\"https:\\\/\\\/vanderloubet.com.br\\\/deputado\\\/wp-content\\\/litespeed\\\/avatar\\\/88ca4090d9d5ab1c9495f6ca03b68efa.jpg?ver=1777058957\",\"contentUrl\":\"https:\\\/\\\/vanderloubet.com.br\\\/deputado\\\/wp-content\\\/litespeed\\\/avatar\\\/88ca4090d9d5ab1c9495f6ca03b68efa.jpg?ver=1777058957\",\"caption\":\"\u00c9der\"}}]}<\/script>\n<!-- \/ Yoast SEO plugin. -->","yoast_head_json":{"title":"Por que o Consea \u00e9 necess\u00e1rio?","robots":{"index":"index","follow":"follow","max-snippet":"max-snippet:-1","max-image-preview":"max-image-preview:large","max-video-preview":"max-video-preview:-1"},"canonical":"https:\/\/vanderloubet.com.br\/deputado\/por-que-o-consea-e-necessario\/","og_locale":"pt_BR","og_type":"article","og_title":"Por que o Consea \u00e9 necess\u00e1rio?","og_description":"Artigo de nutricionista e professora da USP sobre o papel do Conselho Nacional de Seguran\u00e7a Alimentar e Nutricional.","og_url":"https:\/\/vanderloubet.com.br\/deputado\/por-que-o-consea-e-necessario\/","og_site_name":"Deputado Federal Vander Loubet","article_publisher":"https:\/\/facebook.com\/deputadovander","article_published_time":"2019-02-20T12:55:32+00:00","article_modified_time":"2019-02-28T01:21:45+00:00","og_image":[{"width":900,"height":640,"url":"https:\/\/vanderloubet.com.br\/deputado\/wp-content\/uploads\/2019\/02\/foto-2019-02-27-patricia-jaime-usp.jpg","type":"image\/jpeg"}],"author":"\u00c9der","twitter_card":"summary_large_image","twitter_creator":"@vanderloubet","twitter_site":"@vanderloubet","schema":{"@context":"https:\/\/schema.org","@graph":[{"@type":"Article","@id":"https:\/\/vanderloubet.com.br\/deputado\/por-que-o-consea-e-necessario\/#article","isPartOf":{"@id":"https:\/\/vanderloubet.com.br\/deputado\/por-que-o-consea-e-necessario\/"},"author":{"name":"\u00c9der","@id":"https:\/\/vanderloubet.com.br\/deputado\/#\/schema\/person\/15b51bd564532a8a68d9dec1b8eb890e"},"headline":"Por que o Consea \u00e9 necess\u00e1rio?","datePublished":"2019-02-20T12:55:32+00:00","dateModified":"2019-02-28T01:21:45+00:00","mainEntityOfPage":{"@id":"https:\/\/vanderloubet.com.br\/deputado\/por-que-o-consea-e-necessario\/"},"wordCount":1027,"publisher":{"@id":"https:\/\/vanderloubet.com.br\/deputado\/#organization"},"image":{"@id":"https:\/\/vanderloubet.com.br\/deputado\/por-que-o-consea-e-necessario\/#primaryimage"},"thumbnailUrl":"https:\/\/vanderloubet.com.br\/deputado\/wp-content\/uploads\/2019\/02\/foto-2019-02-27-patricia-jaime-usp.jpg","keywords":["nutri\u00e7\u00e3o","seguran\u00e7a alimentar"],"articleSection":["Opini\u00e3o"],"inLanguage":"pt-BR"},{"@type":"WebPage","@id":"https:\/\/vanderloubet.com.br\/deputado\/por-que-o-consea-e-necessario\/","url":"https:\/\/vanderloubet.com.br\/deputado\/por-que-o-consea-e-necessario\/","name":"Por que o Consea \u00e9 necess\u00e1rio?","isPartOf":{"@id":"https:\/\/vanderloubet.com.br\/deputado\/#website"},"primaryImageOfPage":{"@id":"https:\/\/vanderloubet.com.br\/deputado\/por-que-o-consea-e-necessario\/#primaryimage"},"image":{"@id":"https:\/\/vanderloubet.com.br\/deputado\/por-que-o-consea-e-necessario\/#primaryimage"},"thumbnailUrl":"https:\/\/vanderloubet.com.br\/deputado\/wp-content\/uploads\/2019\/02\/foto-2019-02-27-patricia-jaime-usp.jpg","datePublished":"2019-02-20T12:55:32+00:00","dateModified":"2019-02-28T01:21:45+00:00","breadcrumb":{"@id":"https:\/\/vanderloubet.com.br\/deputado\/por-que-o-consea-e-necessario\/#breadcrumb"},"inLanguage":"pt-BR","potentialAction":[{"@type":"ReadAction","target":["https:\/\/vanderloubet.com.br\/deputado\/por-que-o-consea-e-necessario\/"]}]},{"@type":"ImageObject","inLanguage":"pt-BR","@id":"https:\/\/vanderloubet.com.br\/deputado\/por-que-o-consea-e-necessario\/#primaryimage","url":"https:\/\/vanderloubet.com.br\/deputado\/wp-content\/uploads\/2019\/02\/foto-2019-02-27-patricia-jaime-usp.jpg","contentUrl":"https:\/\/vanderloubet.com.br\/deputado\/wp-content\/uploads\/2019\/02\/foto-2019-02-27-patricia-jaime-usp.jpg","width":900,"height":640,"caption":"foto-2019-02-27-patricia-jaime-usp"},{"@type":"BreadcrumbList","@id":"https:\/\/vanderloubet.com.br\/deputado\/por-que-o-consea-e-necessario\/#breadcrumb","itemListElement":[{"@type":"ListItem","position":1,"name":"In\u00edcio","item":"https:\/\/vanderloubet.com.br\/deputado\/"},{"@type":"ListItem","position":2,"name":"Por que o Consea \u00e9 necess\u00e1rio?"}]},{"@type":"WebSite","@id":"https:\/\/vanderloubet.com.br\/deputado\/#website","url":"https:\/\/vanderloubet.com.br\/deputado\/","name":"Deputado Federal Vander Loubet","description":"O Federal de MS","publisher":{"@id":"https:\/\/vanderloubet.com.br\/deputado\/#organization"},"alternateName":"Deputado Vander","potentialAction":[{"@type":"SearchAction","target":{"@type":"EntryPoint","urlTemplate":"https:\/\/vanderloubet.com.br\/deputado\/?s={search_term_string}"},"query-input":{"@type":"PropertyValueSpecification","valueRequired":true,"valueName":"search_term_string"}}],"inLanguage":"pt-BR"},{"@type":"Organization","@id":"https:\/\/vanderloubet.com.br\/deputado\/#organization","name":"Deputado Federal Vander Loubet","alternateName":"Deputado Vander","url":"https:\/\/vanderloubet.com.br\/deputado\/","logo":{"@type":"ImageObject","inLanguage":"pt-BR","@id":"https:\/\/vanderloubet.com.br\/deputado\/#\/schema\/logo\/image\/","url":"https:\/\/vanderloubet.com.br\/deputado\/wp-content\/uploads\/2023\/06\/foto-2023-06-19-mandato-deputado-vander.jpg","contentUrl":"https:\/\/vanderloubet.com.br\/deputado\/wp-content\/uploads\/2023\/06\/foto-2023-06-19-mandato-deputado-vander.jpg","width":1080,"height":1080,"caption":"Deputado Federal Vander Loubet"},"image":{"@id":"https:\/\/vanderloubet.com.br\/deputado\/#\/schema\/logo\/image\/"},"sameAs":["https:\/\/facebook.com\/deputadovander","https:\/\/x.com\/vanderloubet","https:\/\/instagram.com\/vanderloubet","https:\/\/youtube.com\/vanderloubet","https:\/\/tiktok.com\/@vanderloubetms"]},{"@type":"Person","@id":"https:\/\/vanderloubet.com.br\/deputado\/#\/schema\/person\/15b51bd564532a8a68d9dec1b8eb890e","name":"\u00c9der","image":{"@type":"ImageObject","inLanguage":"pt-BR","@id":"https:\/\/vanderloubet.com.br\/deputado\/wp-content\/litespeed\/avatar\/88ca4090d9d5ab1c9495f6ca03b68efa.jpg?ver=1777058957","url":"https:\/\/vanderloubet.com.br\/deputado\/wp-content\/litespeed\/avatar\/88ca4090d9d5ab1c9495f6ca03b68efa.jpg?ver=1777058957","contentUrl":"https:\/\/vanderloubet.com.br\/deputado\/wp-content\/litespeed\/avatar\/88ca4090d9d5ab1c9495f6ca03b68efa.jpg?ver=1777058957","caption":"\u00c9der"}}]}},"jetpack_featured_media_url":"https:\/\/vanderloubet.com.br\/deputado\/wp-content\/uploads\/2019\/02\/foto-2019-02-27-patricia-jaime-usp.jpg","jetpack_sharing_enabled":true,"_links":{"self":[{"href":"https:\/\/vanderloubet.com.br\/deputado\/wp-json\/wp\/v2\/posts\/14653","targetHints":{"allow":["GET"]}}],"collection":[{"href":"https:\/\/vanderloubet.com.br\/deputado\/wp-json\/wp\/v2\/posts"}],"about":[{"href":"https:\/\/vanderloubet.com.br\/deputado\/wp-json\/wp\/v2\/types\/post"}],"author":[{"embeddable":true,"href":"https:\/\/vanderloubet.com.br\/deputado\/wp-json\/wp\/v2\/users\/2"}],"replies":[{"embeddable":true,"href":"https:\/\/vanderloubet.com.br\/deputado\/wp-json\/wp\/v2\/comments?post=14653"}],"version-history":[{"count":0,"href":"https:\/\/vanderloubet.com.br\/deputado\/wp-json\/wp\/v2\/posts\/14653\/revisions"}],"wp:featuredmedia":[{"embeddable":true,"href":"https:\/\/vanderloubet.com.br\/deputado\/wp-json\/wp\/v2\/media\/14655"}],"wp:attachment":[{"href":"https:\/\/vanderloubet.com.br\/deputado\/wp-json\/wp\/v2\/media?parent=14653"}],"wp:term":[{"taxonomy":"category","embeddable":true,"href":"https:\/\/vanderloubet.com.br\/deputado\/wp-json\/wp\/v2\/categories?post=14653"},{"taxonomy":"post_tag","embeddable":true,"href":"https:\/\/vanderloubet.com.br\/deputado\/wp-json\/wp\/v2\/tags?post=14653"}],"curies":[{"name":"wp","href":"https:\/\/api.w.org\/{rel}","templated":true}]}}