{"id":14623,"date":"2019-02-20T08:08:07","date_gmt":"2019-02-20T12:08:07","guid":{"rendered":"http:\/\/vanderloubet.com.br\/deputado\/?p=14623"},"modified":"2019-02-20T08:09:01","modified_gmt":"2019-02-20T12:09:01","slug":"deputado-vander-loubet-se-une-a-luta-contra-a-extincao-do-consea","status":"publish","type":"post","link":"https:\/\/vanderloubet.com.br\/deputado\/deputado-vander-loubet-se-une-a-luta-contra-a-extincao-do-consea\/","title":{"rendered":"Deputado Vander Loubet se une \u00e0 luta contra a extin\u00e7\u00e3o do Consea"},"content":{"rendered":"<p>A Medida Provis\u00f3ria (MPV) n\u00ba 870, de 1\u00ba de janeiro de 2019, publicada pelo novo governo federal de modo a estabelecer a organiza\u00e7\u00e3o administrativa dos \u00f3rg\u00e3os da Presid\u00eancia da Rep\u00fablica e seus minist\u00e9rios, trouxe m\u00e1s noticias para a pol\u00edtica p\u00fablica de seguran\u00e7a alimentar e nutricional.<\/p>\n<p>Ela revoga inciso e artigo da Lei Org\u00e2nica de Seguran\u00e7a Alimentar e Nutricional (Losan), de 2006, de modo a extinguir o Conselho Nacional de Seguran\u00e7a Alimentar e Nutricional (Consea) na estrutura organizativa do Sistema Nacional de Seguran\u00e7a Alimentar e Nutricional (Sisan).<\/p>\n<p>O Consea era um \u00f3rg\u00e3o de assessoramento \u00e0 Presid\u00eancia da Rep\u00fablica, cuja compet\u00eancia institucional tratava do controle social na formula\u00e7\u00e3o, execu\u00e7\u00e3o e monitoramento da Pol\u00edtica Nacional de Seguran\u00e7a Alimentar e Nutricional. Representava um espa\u00e7o de consolida\u00e7\u00e3o da participa\u00e7\u00e3o da sociedade nas pol\u00edticas voltadas \u00e0 promo\u00e7\u00e3o de sistemas alimentares saud\u00e1veis e sustent\u00e1veis e de defesa de uma agenda da administra\u00e7\u00e3o p\u00fablica que defenda os cidad\u00e3os da viola\u00e7\u00e3o do direito humano \u00e0 alimenta\u00e7\u00e3o adequada.<\/p>\n<p>Por conta disso, no dia 11 de fevereiro, atendendo a uma reivindica\u00e7\u00e3o dos profissionais de nutri\u00e7\u00e3o de Mato Grosso do Sul, o deputado federal Vander Loubet (PT-MS) protocolou na C\u00e2mara dos Deputados uma emenda supressiva \u00e0 MPV 870\/19, com o objetivo de excluir do texto o inciso III do artigo 85, que trata da extin\u00e7\u00e3o do Consea.<\/p>\n<p>O deputado destaca que o Conselho teve papel importante na implementa\u00e7\u00e3o de programas e a\u00e7\u00f5es de prote\u00e7\u00e3o social, de supera\u00e7\u00e3o da pobreza e redu\u00e7\u00e3o das desigualdades. &#8220;Com o fim do Consea, acaba-se com um espa\u00e7o democr\u00e1tico dedicado \u00e0 erradica\u00e7\u00e3o da fome, regula\u00e7\u00e3o da produ\u00e7\u00e3o e consumo de alimentos ultraprocessados, apoio aos agricultores familiares, diminui\u00e7\u00e3o do uso de agrot\u00f3xicos e outros temas da agenda da seguran\u00e7a alimentar&#8221;, afirma. Entre os programas que o Consea colaborou, est\u00e1 o Programa Nacional de Alimenta\u00e7\u00e3o Escolar (Pnae), que teve forte integra\u00e7\u00e3o com o Programa de Aquisi\u00e7\u00e3o de Alimentos da Agricultura Familiar (PAA) com o intuito de fortalecer a agricultura familiar nos munic\u00edpios e de oferecer \u00e0s crian\u00e7as nas escolas uma alimenta\u00e7\u00e3o mais saud\u00e1vel e livre de venenos qu\u00edmicos.<\/p>\n<p>Na \u00faltima segunda-feira (18), Vander Loubet recebeu em seu escrit\u00f3rio, em Campo Grande, um grupo de nutricionistas que procurou o deputado para refor\u00e7ar o pedido de apoio em rela\u00e7\u00e3o \u00e0 luta contra a extin\u00e7\u00e3o do Consea. Vander reafirmou seu compromisso com a causa e se colocou \u00e0 disposi\u00e7\u00e3o para ajudar no que for necess\u00e1rio em Bras\u00edlia.<\/p>\n<p>A MPV 870\/19 deve tramitar pela C\u00e2mara dos Deputados at\u00e9 3 de mar\u00e7o. Em seguida vai para o Senado. O texto ainda pode retornar para nova an\u00e1lise da C\u00e2mara antes de ser votado em sess\u00e3o do Congresso Nacional, quando deputados e senadores votam juntos.<\/p>\n<p><em>(\u00c9der F. Yanaguita &#8211; Ascom\/Dep. Vander Loubet, com informa\u00e7\u00f5es do Jornal da USP)<\/em><\/p>\n\r\n                <style type=\"text\/css\">\r\n                    \r\n                    #tdi_1  .td-doubleSlider-2 .td-item1 {\r\n                        background: url(https:\/\/vanderloubet.com.br\/deputado\/wp-content\/uploads\/2019\/02\/foto-2019-02-20-vander-nutricionistas-consea-03-80x60.jpg) 0 0 no-repeat;\r\n                    }\r\n                    #tdi_1  .td-doubleSlider-2 .td-item2 {\r\n                        background: url(https:\/\/vanderloubet.com.br\/deputado\/wp-content\/uploads\/2019\/02\/foto-2019-02-20-vander-nutricionistas-consea-02-80x60.jpg) 0 0 no-repeat;\r\n                    }\r\n                    #tdi_1  .td-doubleSlider-2 .td-item3 {\r\n                        background: url(https:\/\/vanderloubet.com.br\/deputado\/wp-content\/uploads\/2019\/02\/foto-2019-02-20-vander-nutricionistas-consea-01-80x60.jpg) 0 0 no-repeat;\r\n                    }\r\n                <\/style>\r\n\r\n                <div id=\"tdi_1\" class=\"td-gallery td-slide-on-2-columns\">\r\n                    <div class=\"post_td_gallery\">\r\n                        <div class=\"td-gallery-slide-top\">\r\n                           <div class=\"td-gallery-title\"><\/div>\r\n\r\n                            <div class=\"td-gallery-controls-wrapper\">\r\n                                <div class=\"td-gallery-slide-count\"><span class=\"td-gallery-slide-item-focus\">1<\/span> de 3<\/div>\r\n                                <div class=\"td-gallery-slide-prev-next-but\">\r\n                                    <i class = \"td-icon-left doubleSliderPrevButton\"><\/i>\r\n                                    <i class = \"td-icon-right doubleSliderNextButton\"><\/i>\r\n                                <\/div>\r\n                            <\/div>\r\n                        <\/div>\r\n\r\n                        <div class = \"td-doubleSlider-1 \">\r\n                            <div class = \"td-slider\">\r\n                                \r\n                    <div class = \"td-slide-item td-item1\">\r\n                        <figure class=\"td-slide-galery-figure td-slide-popup-gallery\">\r\n                            <a class=\"slide-gallery-image-link\" href=\"https:\/\/vanderloubet.com.br\/deputado\/wp-content\/uploads\/2019\/02\/foto-2019-02-20-vander-nutricionistas-consea-03.jpg\" title=\"Grupo de nutricionistas visitou Vander para pedir apoio do deputado em favor do Consea\"  data-caption=\"\"  data-description=\"Grupo de nutricionistas visitou Vander para pedir apoio do deputado em favor do Consea\">\r\n                                <img decoding=\"async\" src=\"https:\/\/vanderloubet.com.br\/deputado\/wp-content\/uploads\/2019\/02\/foto-2019-02-20-vander-nutricionistas-consea-03-630x420.jpg\" srcset=\"https:\/\/vanderloubet.com.br\/deputado\/wp-content\/uploads\/2019\/02\/foto-2019-02-20-vander-nutricionistas-consea-03-630x420.jpg 630w, https:\/\/vanderloubet.com.br\/deputado\/wp-content\/uploads\/2019\/02\/foto-2019-02-20-vander-nutricionistas-consea-03-350x233.jpg 350w, https:\/\/vanderloubet.com.br\/deputado\/wp-content\/uploads\/2019\/02\/foto-2019-02-20-vander-nutricionistas-consea-03-768x512.jpg 768w, https:\/\/vanderloubet.com.br\/deputado\/wp-content\/uploads\/2019\/02\/foto-2019-02-20-vander-nutricionistas-consea-03-700x467.jpg 700w, https:\/\/vanderloubet.com.br\/deputado\/wp-content\/uploads\/2019\/02\/foto-2019-02-20-vander-nutricionistas-consea-03-696x464.jpg 696w, https:\/\/vanderloubet.com.br\/deputado\/wp-content\/uploads\/2019\/02\/foto-2019-02-20-vander-nutricionistas-consea-03-1068x712.jpg 1068w, https:\/\/vanderloubet.com.br\/deputado\/wp-content\/uploads\/2019\/02\/foto-2019-02-20-vander-nutricionistas-consea-03.jpg 1080w\" sizes=\"(max-width: 630px) 100vw, 630px\" alt=\"Grupo de nutricionistas visitou Vander para pedir apoio do deputado em favor do Consea\">\r\n                            <\/a>\r\n                            <figcaption class = \"td-slide-caption td-gallery-slide-content\"><span>Grupo de nutricionistas visitou Vander para pedir apoio do deputado em favor do Consea<\/span><\/figcaption>\r\n                        <\/figure>\r\n                    <\/div>\r\n                    <div class = \"td-slide-item td-item2\">\r\n                        <figure class=\"td-slide-galery-figure td-slide-popup-gallery\">\r\n                            <a class=\"slide-gallery-image-link\" href=\"https:\/\/vanderloubet.com.br\/deputado\/wp-content\/uploads\/2019\/02\/foto-2019-02-20-vander-nutricionistas-consea-02.jpg\" title=\"Grupo de nutricionistas visitou Vander para pedir apoio do deputado em favor do Consea\"  data-caption=\"\"  data-description=\"Grupo de nutricionistas visitou Vander para pedir apoio do deputado em favor do Consea\">\r\n                                <img decoding=\"async\" src=\"https:\/\/vanderloubet.com.br\/deputado\/wp-content\/uploads\/2019\/02\/foto-2019-02-20-vander-nutricionistas-consea-02-630x420.jpg\" srcset=\"https:\/\/vanderloubet.com.br\/deputado\/wp-content\/uploads\/2019\/02\/foto-2019-02-20-vander-nutricionistas-consea-02-630x420.jpg 630w, https:\/\/vanderloubet.com.br\/deputado\/wp-content\/uploads\/2019\/02\/foto-2019-02-20-vander-nutricionistas-consea-02-350x233.jpg 350w, https:\/\/vanderloubet.com.br\/deputado\/wp-content\/uploads\/2019\/02\/foto-2019-02-20-vander-nutricionistas-consea-02-768x512.jpg 768w, https:\/\/vanderloubet.com.br\/deputado\/wp-content\/uploads\/2019\/02\/foto-2019-02-20-vander-nutricionistas-consea-02-700x467.jpg 700w, https:\/\/vanderloubet.com.br\/deputado\/wp-content\/uploads\/2019\/02\/foto-2019-02-20-vander-nutricionistas-consea-02-696x464.jpg 696w, https:\/\/vanderloubet.com.br\/deputado\/wp-content\/uploads\/2019\/02\/foto-2019-02-20-vander-nutricionistas-consea-02-1068x712.jpg 1068w, https:\/\/vanderloubet.com.br\/deputado\/wp-content\/uploads\/2019\/02\/foto-2019-02-20-vander-nutricionistas-consea-02.jpg 1080w\" sizes=\"(max-width: 630px) 100vw, 630px\" alt=\"Grupo de nutricionistas visitou Vander para pedir apoio do deputado em favor do Consea\">\r\n                            <\/a>\r\n                            <figcaption class = \"td-slide-caption td-gallery-slide-content\"><span>Grupo de nutricionistas visitou Vander para pedir apoio do deputado em favor do Consea<\/span><\/figcaption>\r\n                        <\/figure>\r\n                    <\/div>\r\n                    <div class = \"td-slide-item td-item3\">\r\n                        <figure class=\"td-slide-galery-figure td-slide-popup-gallery\">\r\n                            <a class=\"slide-gallery-image-link\" href=\"https:\/\/vanderloubet.com.br\/deputado\/wp-content\/uploads\/2019\/02\/foto-2019-02-20-vander-nutricionistas-consea-01.jpg\" title=\"Grupo de nutricionistas visitou Vander para pedir apoio do deputado em favor do Consea\"  data-caption=\"\"  data-description=\"Grupo de nutricionistas visitou Vander para pedir apoio do deputado em favor do Consea\">\r\n                                <img decoding=\"async\" src=\"https:\/\/vanderloubet.com.br\/deputado\/wp-content\/uploads\/2019\/02\/foto-2019-02-20-vander-nutricionistas-consea-01-630x420.jpg\" srcset=\"https:\/\/vanderloubet.com.br\/deputado\/wp-content\/uploads\/2019\/02\/foto-2019-02-20-vander-nutricionistas-consea-01-630x420.jpg 630w, https:\/\/vanderloubet.com.br\/deputado\/wp-content\/uploads\/2019\/02\/foto-2019-02-20-vander-nutricionistas-consea-01-350x233.jpg 350w, https:\/\/vanderloubet.com.br\/deputado\/wp-content\/uploads\/2019\/02\/foto-2019-02-20-vander-nutricionistas-consea-01-768x512.jpg 768w, https:\/\/vanderloubet.com.br\/deputado\/wp-content\/uploads\/2019\/02\/foto-2019-02-20-vander-nutricionistas-consea-01-700x467.jpg 700w, https:\/\/vanderloubet.com.br\/deputado\/wp-content\/uploads\/2019\/02\/foto-2019-02-20-vander-nutricionistas-consea-01-696x464.jpg 696w, https:\/\/vanderloubet.com.br\/deputado\/wp-content\/uploads\/2019\/02\/foto-2019-02-20-vander-nutricionistas-consea-01-1068x712.jpg 1068w, https:\/\/vanderloubet.com.br\/deputado\/wp-content\/uploads\/2019\/02\/foto-2019-02-20-vander-nutricionistas-consea-01.jpg 1080w\" sizes=\"(max-width: 630px) 100vw, 630px\" alt=\"Grupo de nutricionistas visitou Vander para pedir apoio do deputado em favor do Consea\">\r\n                            <\/a>\r\n                            <figcaption class = \"td-slide-caption td-gallery-slide-content\"><span>Grupo de nutricionistas visitou Vander para pedir apoio do deputado em favor do Consea<\/span><\/figcaption>\r\n                        <\/figure>\r\n                    <\/div>\r\n                            <\/div>\r\n                        <\/div>\r\n\r\n                        <div class = \"td-doubleSlider-2\">\r\n                            <div class = \"td-slider\">\r\n                                \r\n                    <div class = \"td-button td-item1\">\r\n                        <div class = \"td-border\"><\/div>\r\n                    <\/div>\r\n                    <div class = \"td-button td-item2\">\r\n                        <div class = \"td-border\"><\/div>\r\n                    <\/div>\r\n                    <div class = \"td-button td-item3\">\r\n                        <div class = \"td-border\"><\/div>\r\n                    <\/div>\r\n                            <\/div>\r\n                        <\/div>\r\n\r\n                    <\/div>\r\n\r\n                <\/div>\r\n                \n","protected":false},"excerpt":{"rendered":"<p>Governo Federal editou medida provis\u00f3ria que acaba com Conselho Nacional de Seguran\u00e7a Alimentar e Nutricional.<\/p>\n","protected":false},"author":2,"featured_media":14624,"comment_status":"closed","ping_status":"closed","sticky":false,"template":"","format":"standard","meta":{"jetpack_post_was_ever_published":false,"_jetpack_newsletter_access":"","_jetpack_dont_email_post_to_subs":false,"_jetpack_newsletter_tier_id":0,"_jetpack_memberships_contains_paywalled_content":false,"_jetpack_memberships_contains_paid_content":false,"footnotes":""},"categories":[2098,10],"tags":[1261,2353],"class_list":{"0":"post-14623","1":"post","2":"type-post","3":"status-publish","4":"format-standard","5":"has-post-thumbnail","7":"category-brasil-noticias","8":"category-noticias","9":"tag-medida-provisoria","10":"tag-seguranca-alimentar"},"yoast_head":"<!-- This site is optimized with the Yoast SEO plugin v27.4 - https:\/\/yoast.com\/product\/yoast-seo-wordpress\/ -->\n<title>Deputado Vander Loubet se une \u00e0 luta contra a extin\u00e7\u00e3o do Consea<\/title>\n<meta name=\"description\" content=\"Governo Federal editou medida provis\u00f3ria que acaba com Conselho Nacional de Seguran\u00e7a Alimentar e Nutricional.\" \/>\n<meta name=\"robots\" content=\"index, follow, max-snippet:-1, max-image-preview:large, max-video-preview:-1\" \/>\n<link rel=\"canonical\" href=\"https:\/\/vanderloubet.com.br\/deputado\/deputado-vander-loubet-se-une-a-luta-contra-a-extincao-do-consea\/\" \/>\n<meta property=\"og:locale\" content=\"pt_BR\" \/>\n<meta property=\"og:type\" content=\"article\" \/>\n<meta property=\"og:title\" content=\"Deputado Vander Loubet se une \u00e0 luta contra a extin\u00e7\u00e3o do Consea\" \/>\n<meta property=\"og:description\" content=\"Governo Federal editou medida provis\u00f3ria que acaba com Conselho Nacional de Seguran\u00e7a Alimentar e Nutricional.\" \/>\n<meta property=\"og:url\" content=\"https:\/\/vanderloubet.com.br\/deputado\/deputado-vander-loubet-se-une-a-luta-contra-a-extincao-do-consea\/\" \/>\n<meta property=\"og:site_name\" content=\"Deputado Federal Vander Loubet\" \/>\n<meta property=\"article:publisher\" content=\"https:\/\/facebook.com\/deputadovander\" \/>\n<meta property=\"article:published_time\" content=\"2019-02-20T12:08:07+00:00\" \/>\n<meta property=\"article:modified_time\" content=\"2019-02-20T12:09:01+00:00\" \/>\n<meta property=\"og:image\" content=\"https:\/\/vanderloubet.com.br\/deputado\/wp-content\/uploads\/2019\/02\/foto-2019-02-20-seguranca-alimentar.jpg\" \/>\n\t<meta property=\"og:image:width\" content=\"1080\" \/>\n\t<meta property=\"og:image:height\" content=\"720\" \/>\n\t<meta property=\"og:image:type\" content=\"image\/jpeg\" \/>\n<meta name=\"author\" content=\"\u00c9der\" \/>\n<meta name=\"twitter:card\" content=\"summary_large_image\" \/>\n<meta name=\"twitter:creator\" content=\"@vanderloubet\" \/>\n<meta name=\"twitter:site\" content=\"@vanderloubet\" \/>\n<script type=\"application\/ld+json\" class=\"yoast-schema-graph\">{\"@context\":\"https:\\\/\\\/schema.org\",\"@graph\":[{\"@type\":\"Article\",\"@id\":\"https:\\\/\\\/vanderloubet.com.br\\\/deputado\\\/deputado-vander-loubet-se-une-a-luta-contra-a-extincao-do-consea\\\/#article\",\"isPartOf\":{\"@id\":\"https:\\\/\\\/vanderloubet.com.br\\\/deputado\\\/deputado-vander-loubet-se-une-a-luta-contra-a-extincao-do-consea\\\/\"},\"author\":{\"name\":\"\u00c9der\",\"@id\":\"https:\\\/\\\/vanderloubet.com.br\\\/deputado\\\/#\\\/schema\\\/person\\\/15b51bd564532a8a68d9dec1b8eb890e\"},\"headline\":\"Deputado Vander Loubet se une \u00e0 luta contra a extin\u00e7\u00e3o do Consea\",\"datePublished\":\"2019-02-20T12:08:07+00:00\",\"dateModified\":\"2019-02-20T12:09:01+00:00\",\"mainEntityOfPage\":{\"@id\":\"https:\\\/\\\/vanderloubet.com.br\\\/deputado\\\/deputado-vander-loubet-se-une-a-luta-contra-a-extincao-do-consea\\\/\"},\"wordCount\":528,\"publisher\":{\"@id\":\"https:\\\/\\\/vanderloubet.com.br\\\/deputado\\\/#organization\"},\"image\":{\"@id\":\"https:\\\/\\\/vanderloubet.com.br\\\/deputado\\\/deputado-vander-loubet-se-une-a-luta-contra-a-extincao-do-consea\\\/#primaryimage\"},\"thumbnailUrl\":\"https:\\\/\\\/vanderloubet.com.br\\\/deputado\\\/wp-content\\\/uploads\\\/2019\\\/02\\\/foto-2019-02-20-seguranca-alimentar.jpg\",\"keywords\":[\"medida provis\u00f3ria\",\"seguran\u00e7a alimentar\"],\"articleSection\":[\"Brasil\",\"Not\u00edcias\"],\"inLanguage\":\"pt-BR\"},{\"@type\":\"WebPage\",\"@id\":\"https:\\\/\\\/vanderloubet.com.br\\\/deputado\\\/deputado-vander-loubet-se-une-a-luta-contra-a-extincao-do-consea\\\/\",\"url\":\"https:\\\/\\\/vanderloubet.com.br\\\/deputado\\\/deputado-vander-loubet-se-une-a-luta-contra-a-extincao-do-consea\\\/\",\"name\":\"Deputado Vander Loubet se une \u00e0 luta contra a extin\u00e7\u00e3o do Consea\",\"isPartOf\":{\"@id\":\"https:\\\/\\\/vanderloubet.com.br\\\/deputado\\\/#website\"},\"primaryImageOfPage\":{\"@id\":\"https:\\\/\\\/vanderloubet.com.br\\\/deputado\\\/deputado-vander-loubet-se-une-a-luta-contra-a-extincao-do-consea\\\/#primaryimage\"},\"image\":{\"@id\":\"https:\\\/\\\/vanderloubet.com.br\\\/deputado\\\/deputado-vander-loubet-se-une-a-luta-contra-a-extincao-do-consea\\\/#primaryimage\"},\"thumbnailUrl\":\"https:\\\/\\\/vanderloubet.com.br\\\/deputado\\\/wp-content\\\/uploads\\\/2019\\\/02\\\/foto-2019-02-20-seguranca-alimentar.jpg\",\"datePublished\":\"2019-02-20T12:08:07+00:00\",\"dateModified\":\"2019-02-20T12:09:01+00:00\",\"description\":\"Governo Federal editou medida provis\u00f3ria que acaba com Conselho Nacional de Seguran\u00e7a Alimentar e Nutricional.\",\"breadcrumb\":{\"@id\":\"https:\\\/\\\/vanderloubet.com.br\\\/deputado\\\/deputado-vander-loubet-se-une-a-luta-contra-a-extincao-do-consea\\\/#breadcrumb\"},\"inLanguage\":\"pt-BR\",\"potentialAction\":[{\"@type\":\"ReadAction\",\"target\":[\"https:\\\/\\\/vanderloubet.com.br\\\/deputado\\\/deputado-vander-loubet-se-une-a-luta-contra-a-extincao-do-consea\\\/\"]}]},{\"@type\":\"ImageObject\",\"inLanguage\":\"pt-BR\",\"@id\":\"https:\\\/\\\/vanderloubet.com.br\\\/deputado\\\/deputado-vander-loubet-se-une-a-luta-contra-a-extincao-do-consea\\\/#primaryimage\",\"url\":\"https:\\\/\\\/vanderloubet.com.br\\\/deputado\\\/wp-content\\\/uploads\\\/2019\\\/02\\\/foto-2019-02-20-seguranca-alimentar.jpg\",\"contentUrl\":\"https:\\\/\\\/vanderloubet.com.br\\\/deputado\\\/wp-content\\\/uploads\\\/2019\\\/02\\\/foto-2019-02-20-seguranca-alimentar.jpg\",\"width\":1080,\"height\":720,\"caption\":\"foto-2019-02-20-seguranca-alimentar\"},{\"@type\":\"BreadcrumbList\",\"@id\":\"https:\\\/\\\/vanderloubet.com.br\\\/deputado\\\/deputado-vander-loubet-se-une-a-luta-contra-a-extincao-do-consea\\\/#breadcrumb\",\"itemListElement\":[{\"@type\":\"ListItem\",\"position\":1,\"name\":\"In\u00edcio\",\"item\":\"https:\\\/\\\/vanderloubet.com.br\\\/deputado\\\/\"},{\"@type\":\"ListItem\",\"position\":2,\"name\":\"Deputado Vander Loubet se une \u00e0 luta contra a extin\u00e7\u00e3o do Consea\"}]},{\"@type\":\"WebSite\",\"@id\":\"https:\\\/\\\/vanderloubet.com.br\\\/deputado\\\/#website\",\"url\":\"https:\\\/\\\/vanderloubet.com.br\\\/deputado\\\/\",\"name\":\"Deputado Federal Vander Loubet\",\"description\":\"O Federal de MS\",\"publisher\":{\"@id\":\"https:\\\/\\\/vanderloubet.com.br\\\/deputado\\\/#organization\"},\"alternateName\":\"Deputado Vander\",\"potentialAction\":[{\"@type\":\"SearchAction\",\"target\":{\"@type\":\"EntryPoint\",\"urlTemplate\":\"https:\\\/\\\/vanderloubet.com.br\\\/deputado\\\/?s={search_term_string}\"},\"query-input\":{\"@type\":\"PropertyValueSpecification\",\"valueRequired\":true,\"valueName\":\"search_term_string\"}}],\"inLanguage\":\"pt-BR\"},{\"@type\":\"Organization\",\"@id\":\"https:\\\/\\\/vanderloubet.com.br\\\/deputado\\\/#organization\",\"name\":\"Deputado Federal Vander Loubet\",\"alternateName\":\"Deputado Vander\",\"url\":\"https:\\\/\\\/vanderloubet.com.br\\\/deputado\\\/\",\"logo\":{\"@type\":\"ImageObject\",\"inLanguage\":\"pt-BR\",\"@id\":\"https:\\\/\\\/vanderloubet.com.br\\\/deputado\\\/#\\\/schema\\\/logo\\\/image\\\/\",\"url\":\"https:\\\/\\\/vanderloubet.com.br\\\/deputado\\\/wp-content\\\/uploads\\\/2023\\\/06\\\/foto-2023-06-19-mandato-deputado-vander.jpg\",\"contentUrl\":\"https:\\\/\\\/vanderloubet.com.br\\\/deputado\\\/wp-content\\\/uploads\\\/2023\\\/06\\\/foto-2023-06-19-mandato-deputado-vander.jpg\",\"width\":1080,\"height\":1080,\"caption\":\"Deputado Federal Vander Loubet\"},\"image\":{\"@id\":\"https:\\\/\\\/vanderloubet.com.br\\\/deputado\\\/#\\\/schema\\\/logo\\\/image\\\/\"},\"sameAs\":[\"https:\\\/\\\/facebook.com\\\/deputadovander\",\"https:\\\/\\\/x.com\\\/vanderloubet\",\"https:\\\/\\\/instagram.com\\\/vanderloubet\",\"https:\\\/\\\/youtube.com\\\/vanderloubet\",\"https:\\\/\\\/tiktok.com\\\/@vanderloubetms\"]},{\"@type\":\"Person\",\"@id\":\"https:\\\/\\\/vanderloubet.com.br\\\/deputado\\\/#\\\/schema\\\/person\\\/15b51bd564532a8a68d9dec1b8eb890e\",\"name\":\"\u00c9der\",\"image\":{\"@type\":\"ImageObject\",\"inLanguage\":\"pt-BR\",\"@id\":\"https:\\\/\\\/vanderloubet.com.br\\\/deputado\\\/wp-content\\\/litespeed\\\/avatar\\\/88ca4090d9d5ab1c9495f6ca03b68efa.jpg?ver=1777058957\",\"url\":\"https:\\\/\\\/vanderloubet.com.br\\\/deputado\\\/wp-content\\\/litespeed\\\/avatar\\\/88ca4090d9d5ab1c9495f6ca03b68efa.jpg?ver=1777058957\",\"contentUrl\":\"https:\\\/\\\/vanderloubet.com.br\\\/deputado\\\/wp-content\\\/litespeed\\\/avatar\\\/88ca4090d9d5ab1c9495f6ca03b68efa.jpg?ver=1777058957\",\"caption\":\"\u00c9der\"}}]}<\/script>\n<!-- \/ Yoast SEO plugin. -->","yoast_head_json":{"title":"Deputado Vander Loubet se une \u00e0 luta contra a extin\u00e7\u00e3o do Consea","description":"Governo Federal editou medida provis\u00f3ria que acaba com Conselho Nacional de Seguran\u00e7a Alimentar e Nutricional.","robots":{"index":"index","follow":"follow","max-snippet":"max-snippet:-1","max-image-preview":"max-image-preview:large","max-video-preview":"max-video-preview:-1"},"canonical":"https:\/\/vanderloubet.com.br\/deputado\/deputado-vander-loubet-se-une-a-luta-contra-a-extincao-do-consea\/","og_locale":"pt_BR","og_type":"article","og_title":"Deputado Vander Loubet se une \u00e0 luta contra a extin\u00e7\u00e3o do Consea","og_description":"Governo Federal editou medida provis\u00f3ria que acaba com Conselho Nacional de Seguran\u00e7a Alimentar e Nutricional.","og_url":"https:\/\/vanderloubet.com.br\/deputado\/deputado-vander-loubet-se-une-a-luta-contra-a-extincao-do-consea\/","og_site_name":"Deputado Federal Vander Loubet","article_publisher":"https:\/\/facebook.com\/deputadovander","article_published_time":"2019-02-20T12:08:07+00:00","article_modified_time":"2019-02-20T12:09:01+00:00","og_image":[{"width":1080,"height":720,"url":"https:\/\/vanderloubet.com.br\/deputado\/wp-content\/uploads\/2019\/02\/foto-2019-02-20-seguranca-alimentar.jpg","type":"image\/jpeg"}],"author":"\u00c9der","twitter_card":"summary_large_image","twitter_creator":"@vanderloubet","twitter_site":"@vanderloubet","schema":{"@context":"https:\/\/schema.org","@graph":[{"@type":"Article","@id":"https:\/\/vanderloubet.com.br\/deputado\/deputado-vander-loubet-se-une-a-luta-contra-a-extincao-do-consea\/#article","isPartOf":{"@id":"https:\/\/vanderloubet.com.br\/deputado\/deputado-vander-loubet-se-une-a-luta-contra-a-extincao-do-consea\/"},"author":{"name":"\u00c9der","@id":"https:\/\/vanderloubet.com.br\/deputado\/#\/schema\/person\/15b51bd564532a8a68d9dec1b8eb890e"},"headline":"Deputado Vander Loubet se une \u00e0 luta contra a extin\u00e7\u00e3o do Consea","datePublished":"2019-02-20T12:08:07+00:00","dateModified":"2019-02-20T12:09:01+00:00","mainEntityOfPage":{"@id":"https:\/\/vanderloubet.com.br\/deputado\/deputado-vander-loubet-se-une-a-luta-contra-a-extincao-do-consea\/"},"wordCount":528,"publisher":{"@id":"https:\/\/vanderloubet.com.br\/deputado\/#organization"},"image":{"@id":"https:\/\/vanderloubet.com.br\/deputado\/deputado-vander-loubet-se-une-a-luta-contra-a-extincao-do-consea\/#primaryimage"},"thumbnailUrl":"https:\/\/vanderloubet.com.br\/deputado\/wp-content\/uploads\/2019\/02\/foto-2019-02-20-seguranca-alimentar.jpg","keywords":["medida provis\u00f3ria","seguran\u00e7a alimentar"],"articleSection":["Brasil","Not\u00edcias"],"inLanguage":"pt-BR"},{"@type":"WebPage","@id":"https:\/\/vanderloubet.com.br\/deputado\/deputado-vander-loubet-se-une-a-luta-contra-a-extincao-do-consea\/","url":"https:\/\/vanderloubet.com.br\/deputado\/deputado-vander-loubet-se-une-a-luta-contra-a-extincao-do-consea\/","name":"Deputado Vander Loubet se une \u00e0 luta contra a extin\u00e7\u00e3o do Consea","isPartOf":{"@id":"https:\/\/vanderloubet.com.br\/deputado\/#website"},"primaryImageOfPage":{"@id":"https:\/\/vanderloubet.com.br\/deputado\/deputado-vander-loubet-se-une-a-luta-contra-a-extincao-do-consea\/#primaryimage"},"image":{"@id":"https:\/\/vanderloubet.com.br\/deputado\/deputado-vander-loubet-se-une-a-luta-contra-a-extincao-do-consea\/#primaryimage"},"thumbnailUrl":"https:\/\/vanderloubet.com.br\/deputado\/wp-content\/uploads\/2019\/02\/foto-2019-02-20-seguranca-alimentar.jpg","datePublished":"2019-02-20T12:08:07+00:00","dateModified":"2019-02-20T12:09:01+00:00","description":"Governo Federal editou medida provis\u00f3ria que acaba com Conselho Nacional de Seguran\u00e7a Alimentar e Nutricional.","breadcrumb":{"@id":"https:\/\/vanderloubet.com.br\/deputado\/deputado-vander-loubet-se-une-a-luta-contra-a-extincao-do-consea\/#breadcrumb"},"inLanguage":"pt-BR","potentialAction":[{"@type":"ReadAction","target":["https:\/\/vanderloubet.com.br\/deputado\/deputado-vander-loubet-se-une-a-luta-contra-a-extincao-do-consea\/"]}]},{"@type":"ImageObject","inLanguage":"pt-BR","@id":"https:\/\/vanderloubet.com.br\/deputado\/deputado-vander-loubet-se-une-a-luta-contra-a-extincao-do-consea\/#primaryimage","url":"https:\/\/vanderloubet.com.br\/deputado\/wp-content\/uploads\/2019\/02\/foto-2019-02-20-seguranca-alimentar.jpg","contentUrl":"https:\/\/vanderloubet.com.br\/deputado\/wp-content\/uploads\/2019\/02\/foto-2019-02-20-seguranca-alimentar.jpg","width":1080,"height":720,"caption":"foto-2019-02-20-seguranca-alimentar"},{"@type":"BreadcrumbList","@id":"https:\/\/vanderloubet.com.br\/deputado\/deputado-vander-loubet-se-une-a-luta-contra-a-extincao-do-consea\/#breadcrumb","itemListElement":[{"@type":"ListItem","position":1,"name":"In\u00edcio","item":"https:\/\/vanderloubet.com.br\/deputado\/"},{"@type":"ListItem","position":2,"name":"Deputado Vander Loubet se une \u00e0 luta contra a extin\u00e7\u00e3o do Consea"}]},{"@type":"WebSite","@id":"https:\/\/vanderloubet.com.br\/deputado\/#website","url":"https:\/\/vanderloubet.com.br\/deputado\/","name":"Deputado Federal Vander Loubet","description":"O Federal de MS","publisher":{"@id":"https:\/\/vanderloubet.com.br\/deputado\/#organization"},"alternateName":"Deputado Vander","potentialAction":[{"@type":"SearchAction","target":{"@type":"EntryPoint","urlTemplate":"https:\/\/vanderloubet.com.br\/deputado\/?s={search_term_string}"},"query-input":{"@type":"PropertyValueSpecification","valueRequired":true,"valueName":"search_term_string"}}],"inLanguage":"pt-BR"},{"@type":"Organization","@id":"https:\/\/vanderloubet.com.br\/deputado\/#organization","name":"Deputado Federal Vander Loubet","alternateName":"Deputado Vander","url":"https:\/\/vanderloubet.com.br\/deputado\/","logo":{"@type":"ImageObject","inLanguage":"pt-BR","@id":"https:\/\/vanderloubet.com.br\/deputado\/#\/schema\/logo\/image\/","url":"https:\/\/vanderloubet.com.br\/deputado\/wp-content\/uploads\/2023\/06\/foto-2023-06-19-mandato-deputado-vander.jpg","contentUrl":"https:\/\/vanderloubet.com.br\/deputado\/wp-content\/uploads\/2023\/06\/foto-2023-06-19-mandato-deputado-vander.jpg","width":1080,"height":1080,"caption":"Deputado Federal Vander Loubet"},"image":{"@id":"https:\/\/vanderloubet.com.br\/deputado\/#\/schema\/logo\/image\/"},"sameAs":["https:\/\/facebook.com\/deputadovander","https:\/\/x.com\/vanderloubet","https:\/\/instagram.com\/vanderloubet","https:\/\/youtube.com\/vanderloubet","https:\/\/tiktok.com\/@vanderloubetms"]},{"@type":"Person","@id":"https:\/\/vanderloubet.com.br\/deputado\/#\/schema\/person\/15b51bd564532a8a68d9dec1b8eb890e","name":"\u00c9der","image":{"@type":"ImageObject","inLanguage":"pt-BR","@id":"https:\/\/vanderloubet.com.br\/deputado\/wp-content\/litespeed\/avatar\/88ca4090d9d5ab1c9495f6ca03b68efa.jpg?ver=1777058957","url":"https:\/\/vanderloubet.com.br\/deputado\/wp-content\/litespeed\/avatar\/88ca4090d9d5ab1c9495f6ca03b68efa.jpg?ver=1777058957","contentUrl":"https:\/\/vanderloubet.com.br\/deputado\/wp-content\/litespeed\/avatar\/88ca4090d9d5ab1c9495f6ca03b68efa.jpg?ver=1777058957","caption":"\u00c9der"}}]}},"jetpack_featured_media_url":"https:\/\/vanderloubet.com.br\/deputado\/wp-content\/uploads\/2019\/02\/foto-2019-02-20-seguranca-alimentar.jpg","jetpack_sharing_enabled":true,"_links":{"self":[{"href":"https:\/\/vanderloubet.com.br\/deputado\/wp-json\/wp\/v2\/posts\/14623","targetHints":{"allow":["GET"]}}],"collection":[{"href":"https:\/\/vanderloubet.com.br\/deputado\/wp-json\/wp\/v2\/posts"}],"about":[{"href":"https:\/\/vanderloubet.com.br\/deputado\/wp-json\/wp\/v2\/types\/post"}],"author":[{"embeddable":true,"href":"https:\/\/vanderloubet.com.br\/deputado\/wp-json\/wp\/v2\/users\/2"}],"replies":[{"embeddable":true,"href":"https:\/\/vanderloubet.com.br\/deputado\/wp-json\/wp\/v2\/comments?post=14623"}],"version-history":[{"count":0,"href":"https:\/\/vanderloubet.com.br\/deputado\/wp-json\/wp\/v2\/posts\/14623\/revisions"}],"wp:featuredmedia":[{"embeddable":true,"href":"https:\/\/vanderloubet.com.br\/deputado\/wp-json\/wp\/v2\/media\/14624"}],"wp:attachment":[{"href":"https:\/\/vanderloubet.com.br\/deputado\/wp-json\/wp\/v2\/media?parent=14623"}],"wp:term":[{"taxonomy":"category","embeddable":true,"href":"https:\/\/vanderloubet.com.br\/deputado\/wp-json\/wp\/v2\/categories?post=14623"},{"taxonomy":"post_tag","embeddable":true,"href":"https:\/\/vanderloubet.com.br\/deputado\/wp-json\/wp\/v2\/tags?post=14623"}],"curies":[{"name":"wp","href":"https:\/\/api.w.org\/{rel}","templated":true}]}}