{"id":14376,"date":"2019-01-28T08:40:33","date_gmt":"2019-01-28T11:40:33","guid":{"rendered":"http:\/\/vanderloubet.com.br\/deputado\/?p=14376"},"modified":"2019-02-14T21:54:24","modified_gmt":"2019-02-15T00:54:24","slug":"vander-visita-aldeia-agua-bonita-para-acompanhar-projeto-de-cultivo-protegido-de-hortalicas","status":"publish","type":"post","link":"https:\/\/vanderloubet.com.br\/deputado\/vander-visita-aldeia-agua-bonita-para-acompanhar-projeto-de-cultivo-protegido-de-hortalicas\/","title":{"rendered":"Vander visita Aldeia \u00c1gua Bonita para acompanhar projeto de cultivo protegido de hortali\u00e7as"},"content":{"rendered":"<p>Na manh\u00e3 de 25 de janeiro, o deputado federal Vander Loubet visitou a Aldeia Urbana \u00c1gua Bonita, em Campo Grande, para acompanhar os trabalhos de um projeto de cultivo protegido de hortali\u00e7as.<\/p>\n<p>Batizado de &#8220;Agricultura Periurbana em Comunidades Ind\u00edgenas no Mato Grosso do Sul&#8221;, a iniciativa foi viabilizada por meio de emenda parlamentar de R$ 500 mil de Vander e do tamb\u00e9m deputado federal Zeca do PT e \u00e9 coordenada pela Universidade Federal de Mato Grosso do Sul (UFMS) e pela Ag\u00eancia Estadual de Desenvolvimento Agr\u00e1rio e Extens\u00e3o Rural (Agraer).<\/p>\n<p>O objetivo do projeto \u00e9 oferecer \u00e0s fam\u00edlias beneficiadas um modelo sustent\u00e1vel de gera\u00e7\u00e3o de renda por meio da produ\u00e7\u00e3o agroecol\u00f3gica e da comercializa\u00e7\u00e3o das hortali\u00e7as.<\/p>\n<p>No local, o deputado foi recebido por lideran\u00e7as da aldeia, pela coordenadora geral do projeto, a professora doutora Vanderleia Mussi, e pelo respons\u00e1vel t\u00e9cnico, o engenheiro agr\u00f4nomo Altair da Silva. Vander conheceu a estufa de produ\u00e7\u00e3o de mudas, fez a entrega simb\u00f3lica de insumos para a comunidade e participou do plantio de algumas mudas.<\/p>\n<p><iframe width=\"696\" height=\"392\" src=\"https:\/\/www.youtube.com\/embed\/eMRphjGx_3Y?feature=oembed\" frameborder=\"0\" allow=\"accelerometer; autoplay; encrypted-media; gyroscope; picture-in-picture\" allowfullscreen><\/iframe><\/p>\n<p>A comunidade da aldeia comemora a iniciativa. Para Alder Romeiro Larreia, morador da aldeia, o projeto \u00e9 de grande import\u00e2ncia, pois ajudar\u00e1 as fam\u00edlias que est\u00e3o integradas \u00e0 horta a ter uma fonte de renda, al\u00e9m de poder contar com um alimento mais saud\u00e1vel na mesa. &#8220;Dentro da cidade, estamos abandonados. Por sorte temos deputados bons como o Vander e o Zeca, que n\u00e3o esqueceram dos \u00edndios que vivem nas cidades&#8221;, completou Larreia.<\/p>\n<p>O cacique da aldeia, Nito Nelson, tamb\u00e9m manifestou contentamento pelo trabalho desenvolvido em conjunto pela UFMS, Agraer e os deputados. &#8220;Os parceiros est\u00e3o se envolvendo em prol da nossa comunidade. S\u00e3o a\u00e7\u00f5es que fortalecem a nossa aldeia&#8221;, afirmou.<\/p>\n<p>Al\u00e9m da Aldeia \u00c1gua Bonita, o projeto est\u00e1 atendendo as aldeias 10 de Maio (em Sidrol\u00e2ndia) e Aldeinha (em Anast\u00e1cio) e a comunidade do Bairro Lageado (na Capital).<\/p>\n<p><em>(\u00c9der F. Yanaguita &#8211; Ascom\/Dep. Vander Loubet)<\/em><\/p>\n","protected":false},"excerpt":{"rendered":"<p>Projeto \u00e9 coordenado pela UFMS e Agraer e conta com emenda viabilizada pelos deputados Vander Loubet e Zeca do PT.<\/p>\n","protected":false},"author":2,"featured_media":14377,"comment_status":"closed","ping_status":"closed","sticky":false,"template":"","format":"standard","meta":{"jetpack_post_was_ever_published":false,"_jetpack_newsletter_access":"","_jetpack_dont_email_post_to_subs":false,"_jetpack_newsletter_tier_id":0,"_jetpack_memberships_contains_paywalled_content":false,"_jetpack_memberships_contains_paid_content":false,"footnotes":""},"categories":[2101,2097,10,12],"tags":[2132,2373,2127],"class_list":{"0":"post-14376","1":"post","2":"type-post","3":"status-publish","4":"format-standard","5":"has-post-thumbnail","7":"category-multimidia","8":"category-municipios-noticias","9":"category-noticias","10":"category-videos","11":"tag-agricultura-familiar","12":"tag-aldeia-indigena","13":"tag-emenda-parlamentar"},"yoast_head":"<!-- This site is optimized with the Yoast SEO plugin v27.4 - https:\/\/yoast.com\/product\/yoast-seo-wordpress\/ -->\n<title>Vander visita Aldeia \u00c1gua Bonita para acompanhar projeto de cultivo protegido de hortali\u00e7as<\/title>\n<meta name=\"robots\" content=\"index, follow, max-snippet:-1, max-image-preview:large, max-video-preview:-1\" \/>\n<link rel=\"canonical\" href=\"https:\/\/vanderloubet.com.br\/deputado\/vander-visita-aldeia-agua-bonita-para-acompanhar-projeto-de-cultivo-protegido-de-hortalicas\/\" \/>\n<meta property=\"og:locale\" content=\"pt_BR\" \/>\n<meta property=\"og:type\" content=\"article\" \/>\n<meta property=\"og:title\" content=\"Vander visita Aldeia \u00c1gua Bonita para acompanhar projeto de cultivo protegido de hortali\u00e7as\" \/>\n<meta property=\"og:description\" content=\"Projeto \u00e9 coordenado pela UFMS e Agraer e conta com emenda viabilizada pelos deputados Vander Loubet e Zeca do PT.\" \/>\n<meta property=\"og:url\" content=\"https:\/\/vanderloubet.com.br\/deputado\/vander-visita-aldeia-agua-bonita-para-acompanhar-projeto-de-cultivo-protegido-de-hortalicas\/\" \/>\n<meta property=\"og:site_name\" content=\"Deputado Federal Vander Loubet\" \/>\n<meta property=\"article:publisher\" content=\"https:\/\/facebook.com\/deputadovander\" \/>\n<meta property=\"article:published_time\" content=\"2019-01-28T11:40:33+00:00\" \/>\n<meta property=\"article:modified_time\" content=\"2019-02-15T00:54:24+00:00\" \/>\n<meta property=\"og:image\" content=\"https:\/\/vanderloubet.com.br\/deputado\/wp-content\/uploads\/2019\/01\/foto-2019-01-28-aldeia-agua-bonita-01.jpg\" \/>\n\t<meta property=\"og:image:width\" content=\"1080\" \/>\n\t<meta property=\"og:image:height\" content=\"720\" \/>\n\t<meta property=\"og:image:type\" content=\"image\/jpeg\" \/>\n<meta name=\"author\" content=\"\u00c9der\" \/>\n<meta name=\"twitter:card\" content=\"summary_large_image\" \/>\n<meta name=\"twitter:creator\" content=\"@vanderloubet\" \/>\n<meta name=\"twitter:site\" content=\"@vanderloubet\" \/>\n<script type=\"application\/ld+json\" class=\"yoast-schema-graph\">{\"@context\":\"https:\\\/\\\/schema.org\",\"@graph\":[{\"@type\":\"Article\",\"@id\":\"https:\\\/\\\/vanderloubet.com.br\\\/deputado\\\/vander-visita-aldeia-agua-bonita-para-acompanhar-projeto-de-cultivo-protegido-de-hortalicas\\\/#article\",\"isPartOf\":{\"@id\":\"https:\\\/\\\/vanderloubet.com.br\\\/deputado\\\/vander-visita-aldeia-agua-bonita-para-acompanhar-projeto-de-cultivo-protegido-de-hortalicas\\\/\"},\"author\":{\"name\":\"\u00c9der\",\"@id\":\"https:\\\/\\\/vanderloubet.com.br\\\/deputado\\\/#\\\/schema\\\/person\\\/15b51bd564532a8a68d9dec1b8eb890e\"},\"headline\":\"Vander visita Aldeia \u00c1gua Bonita para acompanhar projeto de cultivo protegido de hortali\u00e7as\",\"datePublished\":\"2019-01-28T11:40:33+00:00\",\"dateModified\":\"2019-02-15T00:54:24+00:00\",\"mainEntityOfPage\":{\"@id\":\"https:\\\/\\\/vanderloubet.com.br\\\/deputado\\\/vander-visita-aldeia-agua-bonita-para-acompanhar-projeto-de-cultivo-protegido-de-hortalicas\\\/\"},\"wordCount\":361,\"publisher\":{\"@id\":\"https:\\\/\\\/vanderloubet.com.br\\\/deputado\\\/#organization\"},\"image\":{\"@id\":\"https:\\\/\\\/vanderloubet.com.br\\\/deputado\\\/vander-visita-aldeia-agua-bonita-para-acompanhar-projeto-de-cultivo-protegido-de-hortalicas\\\/#primaryimage\"},\"thumbnailUrl\":\"https:\\\/\\\/vanderloubet.com.br\\\/deputado\\\/wp-content\\\/uploads\\\/2019\\\/01\\\/foto-2019-01-28-aldeia-agua-bonita-01.jpg\",\"keywords\":[\"agricultura familiar\",\"aldeia ind\u00edgena\",\"emenda parlamentar\"],\"articleSection\":[\"Multim\u00eddia\",\"Munic\u00edpios\",\"Not\u00edcias\",\"V\u00eddeos\"],\"inLanguage\":\"pt-BR\"},{\"@type\":\"WebPage\",\"@id\":\"https:\\\/\\\/vanderloubet.com.br\\\/deputado\\\/vander-visita-aldeia-agua-bonita-para-acompanhar-projeto-de-cultivo-protegido-de-hortalicas\\\/\",\"url\":\"https:\\\/\\\/vanderloubet.com.br\\\/deputado\\\/vander-visita-aldeia-agua-bonita-para-acompanhar-projeto-de-cultivo-protegido-de-hortalicas\\\/\",\"name\":\"Vander visita Aldeia \u00c1gua Bonita para acompanhar projeto de cultivo protegido de hortali\u00e7as\",\"isPartOf\":{\"@id\":\"https:\\\/\\\/vanderloubet.com.br\\\/deputado\\\/#website\"},\"primaryImageOfPage\":{\"@id\":\"https:\\\/\\\/vanderloubet.com.br\\\/deputado\\\/vander-visita-aldeia-agua-bonita-para-acompanhar-projeto-de-cultivo-protegido-de-hortalicas\\\/#primaryimage\"},\"image\":{\"@id\":\"https:\\\/\\\/vanderloubet.com.br\\\/deputado\\\/vander-visita-aldeia-agua-bonita-para-acompanhar-projeto-de-cultivo-protegido-de-hortalicas\\\/#primaryimage\"},\"thumbnailUrl\":\"https:\\\/\\\/vanderloubet.com.br\\\/deputado\\\/wp-content\\\/uploads\\\/2019\\\/01\\\/foto-2019-01-28-aldeia-agua-bonita-01.jpg\",\"datePublished\":\"2019-01-28T11:40:33+00:00\",\"dateModified\":\"2019-02-15T00:54:24+00:00\",\"breadcrumb\":{\"@id\":\"https:\\\/\\\/vanderloubet.com.br\\\/deputado\\\/vander-visita-aldeia-agua-bonita-para-acompanhar-projeto-de-cultivo-protegido-de-hortalicas\\\/#breadcrumb\"},\"inLanguage\":\"pt-BR\",\"potentialAction\":[{\"@type\":\"ReadAction\",\"target\":[\"https:\\\/\\\/vanderloubet.com.br\\\/deputado\\\/vander-visita-aldeia-agua-bonita-para-acompanhar-projeto-de-cultivo-protegido-de-hortalicas\\\/\"]}]},{\"@type\":\"ImageObject\",\"inLanguage\":\"pt-BR\",\"@id\":\"https:\\\/\\\/vanderloubet.com.br\\\/deputado\\\/vander-visita-aldeia-agua-bonita-para-acompanhar-projeto-de-cultivo-protegido-de-hortalicas\\\/#primaryimage\",\"url\":\"https:\\\/\\\/vanderloubet.com.br\\\/deputado\\\/wp-content\\\/uploads\\\/2019\\\/01\\\/foto-2019-01-28-aldeia-agua-bonita-01.jpg\",\"contentUrl\":\"https:\\\/\\\/vanderloubet.com.br\\\/deputado\\\/wp-content\\\/uploads\\\/2019\\\/01\\\/foto-2019-01-28-aldeia-agua-bonita-01.jpg\",\"width\":1080,\"height\":720,\"caption\":\"Vander acompanhou o andamento do projeto ao lado das lideran\u00e7as da aldeia e dos coordenadores do projeto\"},{\"@type\":\"BreadcrumbList\",\"@id\":\"https:\\\/\\\/vanderloubet.com.br\\\/deputado\\\/vander-visita-aldeia-agua-bonita-para-acompanhar-projeto-de-cultivo-protegido-de-hortalicas\\\/#breadcrumb\",\"itemListElement\":[{\"@type\":\"ListItem\",\"position\":1,\"name\":\"In\u00edcio\",\"item\":\"https:\\\/\\\/vanderloubet.com.br\\\/deputado\\\/\"},{\"@type\":\"ListItem\",\"position\":2,\"name\":\"Vander visita Aldeia \u00c1gua Bonita para acompanhar projeto de cultivo protegido de hortali\u00e7as\"}]},{\"@type\":\"WebSite\",\"@id\":\"https:\\\/\\\/vanderloubet.com.br\\\/deputado\\\/#website\",\"url\":\"https:\\\/\\\/vanderloubet.com.br\\\/deputado\\\/\",\"name\":\"Deputado Federal Vander Loubet\",\"description\":\"O Federal de MS\",\"publisher\":{\"@id\":\"https:\\\/\\\/vanderloubet.com.br\\\/deputado\\\/#organization\"},\"alternateName\":\"Deputado Vander\",\"potentialAction\":[{\"@type\":\"SearchAction\",\"target\":{\"@type\":\"EntryPoint\",\"urlTemplate\":\"https:\\\/\\\/vanderloubet.com.br\\\/deputado\\\/?s={search_term_string}\"},\"query-input\":{\"@type\":\"PropertyValueSpecification\",\"valueRequired\":true,\"valueName\":\"search_term_string\"}}],\"inLanguage\":\"pt-BR\"},{\"@type\":\"Organization\",\"@id\":\"https:\\\/\\\/vanderloubet.com.br\\\/deputado\\\/#organization\",\"name\":\"Deputado Federal Vander Loubet\",\"alternateName\":\"Deputado Vander\",\"url\":\"https:\\\/\\\/vanderloubet.com.br\\\/deputado\\\/\",\"logo\":{\"@type\":\"ImageObject\",\"inLanguage\":\"pt-BR\",\"@id\":\"https:\\\/\\\/vanderloubet.com.br\\\/deputado\\\/#\\\/schema\\\/logo\\\/image\\\/\",\"url\":\"https:\\\/\\\/vanderloubet.com.br\\\/deputado\\\/wp-content\\\/uploads\\\/2023\\\/06\\\/foto-2023-06-19-mandato-deputado-vander.jpg\",\"contentUrl\":\"https:\\\/\\\/vanderloubet.com.br\\\/deputado\\\/wp-content\\\/uploads\\\/2023\\\/06\\\/foto-2023-06-19-mandato-deputado-vander.jpg\",\"width\":1080,\"height\":1080,\"caption\":\"Deputado Federal Vander Loubet\"},\"image\":{\"@id\":\"https:\\\/\\\/vanderloubet.com.br\\\/deputado\\\/#\\\/schema\\\/logo\\\/image\\\/\"},\"sameAs\":[\"https:\\\/\\\/facebook.com\\\/deputadovander\",\"https:\\\/\\\/x.com\\\/vanderloubet\",\"https:\\\/\\\/instagram.com\\\/vanderloubet\",\"https:\\\/\\\/youtube.com\\\/vanderloubet\",\"https:\\\/\\\/tiktok.com\\\/@vanderloubetms\"]},{\"@type\":\"Person\",\"@id\":\"https:\\\/\\\/vanderloubet.com.br\\\/deputado\\\/#\\\/schema\\\/person\\\/15b51bd564532a8a68d9dec1b8eb890e\",\"name\":\"\u00c9der\",\"image\":{\"@type\":\"ImageObject\",\"inLanguage\":\"pt-BR\",\"@id\":\"https:\\\/\\\/vanderloubet.com.br\\\/deputado\\\/wp-content\\\/litespeed\\\/avatar\\\/88ca4090d9d5ab1c9495f6ca03b68efa.jpg?ver=1777058957\",\"url\":\"https:\\\/\\\/vanderloubet.com.br\\\/deputado\\\/wp-content\\\/litespeed\\\/avatar\\\/88ca4090d9d5ab1c9495f6ca03b68efa.jpg?ver=1777058957\",\"contentUrl\":\"https:\\\/\\\/vanderloubet.com.br\\\/deputado\\\/wp-content\\\/litespeed\\\/avatar\\\/88ca4090d9d5ab1c9495f6ca03b68efa.jpg?ver=1777058957\",\"caption\":\"\u00c9der\"}}]}<\/script>\n<!-- \/ Yoast SEO plugin. -->","yoast_head_json":{"title":"Vander visita Aldeia \u00c1gua Bonita para acompanhar projeto de cultivo protegido de hortali\u00e7as","robots":{"index":"index","follow":"follow","max-snippet":"max-snippet:-1","max-image-preview":"max-image-preview:large","max-video-preview":"max-video-preview:-1"},"canonical":"https:\/\/vanderloubet.com.br\/deputado\/vander-visita-aldeia-agua-bonita-para-acompanhar-projeto-de-cultivo-protegido-de-hortalicas\/","og_locale":"pt_BR","og_type":"article","og_title":"Vander visita Aldeia \u00c1gua Bonita para acompanhar projeto de cultivo protegido de hortali\u00e7as","og_description":"Projeto \u00e9 coordenado pela UFMS e Agraer e conta com emenda viabilizada pelos deputados Vander Loubet e Zeca do PT.","og_url":"https:\/\/vanderloubet.com.br\/deputado\/vander-visita-aldeia-agua-bonita-para-acompanhar-projeto-de-cultivo-protegido-de-hortalicas\/","og_site_name":"Deputado Federal Vander Loubet","article_publisher":"https:\/\/facebook.com\/deputadovander","article_published_time":"2019-01-28T11:40:33+00:00","article_modified_time":"2019-02-15T00:54:24+00:00","og_image":[{"width":1080,"height":720,"url":"https:\/\/vanderloubet.com.br\/deputado\/wp-content\/uploads\/2019\/01\/foto-2019-01-28-aldeia-agua-bonita-01.jpg","type":"image\/jpeg"}],"author":"\u00c9der","twitter_card":"summary_large_image","twitter_creator":"@vanderloubet","twitter_site":"@vanderloubet","schema":{"@context":"https:\/\/schema.org","@graph":[{"@type":"Article","@id":"https:\/\/vanderloubet.com.br\/deputado\/vander-visita-aldeia-agua-bonita-para-acompanhar-projeto-de-cultivo-protegido-de-hortalicas\/#article","isPartOf":{"@id":"https:\/\/vanderloubet.com.br\/deputado\/vander-visita-aldeia-agua-bonita-para-acompanhar-projeto-de-cultivo-protegido-de-hortalicas\/"},"author":{"name":"\u00c9der","@id":"https:\/\/vanderloubet.com.br\/deputado\/#\/schema\/person\/15b51bd564532a8a68d9dec1b8eb890e"},"headline":"Vander visita Aldeia \u00c1gua Bonita para acompanhar projeto de cultivo protegido de hortali\u00e7as","datePublished":"2019-01-28T11:40:33+00:00","dateModified":"2019-02-15T00:54:24+00:00","mainEntityOfPage":{"@id":"https:\/\/vanderloubet.com.br\/deputado\/vander-visita-aldeia-agua-bonita-para-acompanhar-projeto-de-cultivo-protegido-de-hortalicas\/"},"wordCount":361,"publisher":{"@id":"https:\/\/vanderloubet.com.br\/deputado\/#organization"},"image":{"@id":"https:\/\/vanderloubet.com.br\/deputado\/vander-visita-aldeia-agua-bonita-para-acompanhar-projeto-de-cultivo-protegido-de-hortalicas\/#primaryimage"},"thumbnailUrl":"https:\/\/vanderloubet.com.br\/deputado\/wp-content\/uploads\/2019\/01\/foto-2019-01-28-aldeia-agua-bonita-01.jpg","keywords":["agricultura familiar","aldeia ind\u00edgena","emenda parlamentar"],"articleSection":["Multim\u00eddia","Munic\u00edpios","Not\u00edcias","V\u00eddeos"],"inLanguage":"pt-BR"},{"@type":"WebPage","@id":"https:\/\/vanderloubet.com.br\/deputado\/vander-visita-aldeia-agua-bonita-para-acompanhar-projeto-de-cultivo-protegido-de-hortalicas\/","url":"https:\/\/vanderloubet.com.br\/deputado\/vander-visita-aldeia-agua-bonita-para-acompanhar-projeto-de-cultivo-protegido-de-hortalicas\/","name":"Vander visita Aldeia \u00c1gua Bonita para acompanhar projeto de cultivo protegido de hortali\u00e7as","isPartOf":{"@id":"https:\/\/vanderloubet.com.br\/deputado\/#website"},"primaryImageOfPage":{"@id":"https:\/\/vanderloubet.com.br\/deputado\/vander-visita-aldeia-agua-bonita-para-acompanhar-projeto-de-cultivo-protegido-de-hortalicas\/#primaryimage"},"image":{"@id":"https:\/\/vanderloubet.com.br\/deputado\/vander-visita-aldeia-agua-bonita-para-acompanhar-projeto-de-cultivo-protegido-de-hortalicas\/#primaryimage"},"thumbnailUrl":"https:\/\/vanderloubet.com.br\/deputado\/wp-content\/uploads\/2019\/01\/foto-2019-01-28-aldeia-agua-bonita-01.jpg","datePublished":"2019-01-28T11:40:33+00:00","dateModified":"2019-02-15T00:54:24+00:00","breadcrumb":{"@id":"https:\/\/vanderloubet.com.br\/deputado\/vander-visita-aldeia-agua-bonita-para-acompanhar-projeto-de-cultivo-protegido-de-hortalicas\/#breadcrumb"},"inLanguage":"pt-BR","potentialAction":[{"@type":"ReadAction","target":["https:\/\/vanderloubet.com.br\/deputado\/vander-visita-aldeia-agua-bonita-para-acompanhar-projeto-de-cultivo-protegido-de-hortalicas\/"]}]},{"@type":"ImageObject","inLanguage":"pt-BR","@id":"https:\/\/vanderloubet.com.br\/deputado\/vander-visita-aldeia-agua-bonita-para-acompanhar-projeto-de-cultivo-protegido-de-hortalicas\/#primaryimage","url":"https:\/\/vanderloubet.com.br\/deputado\/wp-content\/uploads\/2019\/01\/foto-2019-01-28-aldeia-agua-bonita-01.jpg","contentUrl":"https:\/\/vanderloubet.com.br\/deputado\/wp-content\/uploads\/2019\/01\/foto-2019-01-28-aldeia-agua-bonita-01.jpg","width":1080,"height":720,"caption":"Vander acompanhou o andamento do projeto ao lado das lideran\u00e7as da aldeia e dos coordenadores do projeto"},{"@type":"BreadcrumbList","@id":"https:\/\/vanderloubet.com.br\/deputado\/vander-visita-aldeia-agua-bonita-para-acompanhar-projeto-de-cultivo-protegido-de-hortalicas\/#breadcrumb","itemListElement":[{"@type":"ListItem","position":1,"name":"In\u00edcio","item":"https:\/\/vanderloubet.com.br\/deputado\/"},{"@type":"ListItem","position":2,"name":"Vander visita Aldeia \u00c1gua Bonita para acompanhar projeto de cultivo protegido de hortali\u00e7as"}]},{"@type":"WebSite","@id":"https:\/\/vanderloubet.com.br\/deputado\/#website","url":"https:\/\/vanderloubet.com.br\/deputado\/","name":"Deputado Federal Vander Loubet","description":"O Federal de MS","publisher":{"@id":"https:\/\/vanderloubet.com.br\/deputado\/#organization"},"alternateName":"Deputado Vander","potentialAction":[{"@type":"SearchAction","target":{"@type":"EntryPoint","urlTemplate":"https:\/\/vanderloubet.com.br\/deputado\/?s={search_term_string}"},"query-input":{"@type":"PropertyValueSpecification","valueRequired":true,"valueName":"search_term_string"}}],"inLanguage":"pt-BR"},{"@type":"Organization","@id":"https:\/\/vanderloubet.com.br\/deputado\/#organization","name":"Deputado Federal Vander Loubet","alternateName":"Deputado Vander","url":"https:\/\/vanderloubet.com.br\/deputado\/","logo":{"@type":"ImageObject","inLanguage":"pt-BR","@id":"https:\/\/vanderloubet.com.br\/deputado\/#\/schema\/logo\/image\/","url":"https:\/\/vanderloubet.com.br\/deputado\/wp-content\/uploads\/2023\/06\/foto-2023-06-19-mandato-deputado-vander.jpg","contentUrl":"https:\/\/vanderloubet.com.br\/deputado\/wp-content\/uploads\/2023\/06\/foto-2023-06-19-mandato-deputado-vander.jpg","width":1080,"height":1080,"caption":"Deputado Federal Vander Loubet"},"image":{"@id":"https:\/\/vanderloubet.com.br\/deputado\/#\/schema\/logo\/image\/"},"sameAs":["https:\/\/facebook.com\/deputadovander","https:\/\/x.com\/vanderloubet","https:\/\/instagram.com\/vanderloubet","https:\/\/youtube.com\/vanderloubet","https:\/\/tiktok.com\/@vanderloubetms"]},{"@type":"Person","@id":"https:\/\/vanderloubet.com.br\/deputado\/#\/schema\/person\/15b51bd564532a8a68d9dec1b8eb890e","name":"\u00c9der","image":{"@type":"ImageObject","inLanguage":"pt-BR","@id":"https:\/\/vanderloubet.com.br\/deputado\/wp-content\/litespeed\/avatar\/88ca4090d9d5ab1c9495f6ca03b68efa.jpg?ver=1777058957","url":"https:\/\/vanderloubet.com.br\/deputado\/wp-content\/litespeed\/avatar\/88ca4090d9d5ab1c9495f6ca03b68efa.jpg?ver=1777058957","contentUrl":"https:\/\/vanderloubet.com.br\/deputado\/wp-content\/litespeed\/avatar\/88ca4090d9d5ab1c9495f6ca03b68efa.jpg?ver=1777058957","caption":"\u00c9der"}}]}},"jetpack_featured_media_url":"https:\/\/vanderloubet.com.br\/deputado\/wp-content\/uploads\/2019\/01\/foto-2019-01-28-aldeia-agua-bonita-01.jpg","jetpack_sharing_enabled":true,"_links":{"self":[{"href":"https:\/\/vanderloubet.com.br\/deputado\/wp-json\/wp\/v2\/posts\/14376","targetHints":{"allow":["GET"]}}],"collection":[{"href":"https:\/\/vanderloubet.com.br\/deputado\/wp-json\/wp\/v2\/posts"}],"about":[{"href":"https:\/\/vanderloubet.com.br\/deputado\/wp-json\/wp\/v2\/types\/post"}],"author":[{"embeddable":true,"href":"https:\/\/vanderloubet.com.br\/deputado\/wp-json\/wp\/v2\/users\/2"}],"replies":[{"embeddable":true,"href":"https:\/\/vanderloubet.com.br\/deputado\/wp-json\/wp\/v2\/comments?post=14376"}],"version-history":[{"count":0,"href":"https:\/\/vanderloubet.com.br\/deputado\/wp-json\/wp\/v2\/posts\/14376\/revisions"}],"wp:featuredmedia":[{"embeddable":true,"href":"https:\/\/vanderloubet.com.br\/deputado\/wp-json\/wp\/v2\/media\/14377"}],"wp:attachment":[{"href":"https:\/\/vanderloubet.com.br\/deputado\/wp-json\/wp\/v2\/media?parent=14376"}],"wp:term":[{"taxonomy":"category","embeddable":true,"href":"https:\/\/vanderloubet.com.br\/deputado\/wp-json\/wp\/v2\/categories?post=14376"},{"taxonomy":"post_tag","embeddable":true,"href":"https:\/\/vanderloubet.com.br\/deputado\/wp-json\/wp\/v2\/tags?post=14376"}],"curies":[{"name":"wp","href":"https:\/\/api.w.org\/{rel}","templated":true}]}}