{"id":14373,"date":"2019-01-24T09:47:34","date_gmt":"2019-01-24T12:47:34","guid":{"rendered":"http:\/\/vanderloubet.com.br\/deputado\/?p=14373"},"modified":"2019-02-14T21:52:54","modified_gmt":"2019-02-15T00:52:54","slug":"com-apoio-de-vander-nova-estacao-de-tratamento-de-esgoto-pelo-pac-2-e-inaugurada-em-maracaju","status":"publish","type":"post","link":"https:\/\/vanderloubet.com.br\/deputado\/com-apoio-de-vander-nova-estacao-de-tratamento-de-esgoto-pelo-pac-2-e-inaugurada-em-maracaju\/","title":{"rendered":"Com apoio de Vander, nova Esta\u00e7\u00e3o de Tratamento de Esgoto pelo PAC 2 \u00e9 inaugurada em Maracaju"},"content":{"rendered":"<p>O Governo do Estado, por meio da Empresa de Saneamento de Mato Grosso do Sul (Sanesul), inaugurou no dia 16 de janeiro as obras de amplia\u00e7\u00e3o do sistema de esgotamento sanit\u00e1rio no munic\u00edpio de Maracaju. Entre elas, est\u00e1 a constru\u00e7\u00e3o de uma nova Esta\u00e7\u00e3o de Tratamento de Esgoto (ETE), com capacidade para tratar 50 litros por segundo. Ao todo foram aplicados mais de R$ 8,6 milh\u00f5es, recursos do Governo Federal, por meio da Funda\u00e7\u00e3o Nacional de Sa\u00fade (Funasa), e da contrapartida do Estado.<\/p>\n<p>Pela Funasa, foram investidos R$ 6,5 milh\u00f5es. A verba foi viabilizada com apoio do deputado federal Vander Loubet em 2013 pela segunda fase do Programa de Acelera\u00e7\u00e3o do Crescimento (PAC 2), criado no governo do ex-presidente Luiz In\u00e1cio Lula da Silva e continuado no governo da ex-presidenta Dilma Rousseff.<\/p>\n<p>&#8220;Mesmo ap\u00f3s tantos anos, tanto o PAC quanto o PAC 2 seguem entregando benef\u00edcios para a popula\u00e7\u00e3o de Mato Grosso do Sul. Isso mostra como foi importante esse programa e a vis\u00e3o do Lula de investir em grandes obras de infraestrutura nos munic\u00edpios&#8221;, destaca o deputado.<\/p>\n<p>Maracaju j\u00e1 tinha uma ETE, mas por ser antiga n\u00e3o atendia \u00e0 necessidade da popula\u00e7\u00e3o. Essa antiga ser\u00e1 desativada, j\u00e1 que a nova ETE \u00e9 melhor, mais moderna e mais eficiente.<\/p>\n<p><em>(Fonte: Sanesul)<\/em><\/p>\n","protected":false},"excerpt":{"rendered":"<p>Recursos da Funasa foram assegurados com apoio do deputado em 2013, ainda no governo de Dilma Rousseff.<\/p>\n","protected":false},"author":2,"featured_media":14374,"comment_status":"closed","ping_status":"closed","sticky":false,"template":"","format":"standard","meta":{"jetpack_post_was_ever_published":false,"_jetpack_newsletter_access":"","_jetpack_dont_email_post_to_subs":false,"_jetpack_newsletter_tier_id":0,"_jetpack_memberships_contains_paywalled_content":false,"_jetpack_memberships_contains_paid_content":false,"footnotes":""},"categories":[2097,10],"tags":[2170,1446,2281],"class_list":{"0":"post-14373","1":"post","2":"type-post","3":"status-publish","4":"format-standard","5":"has-post-thumbnail","7":"category-municipios-noticias","8":"category-noticias","9":"tag-esgotamento-sanitario","10":"tag-pac-2","11":"tag-saneamento-basico"},"yoast_head":"<!-- This site is optimized with the Yoast SEO plugin v27.4 - https:\/\/yoast.com\/product\/yoast-seo-wordpress\/ -->\n<title>Com apoio de Vander, nova Esta\u00e7\u00e3o de Tratamento de Esgoto pelo PAC 2 \u00e9 inaugurada em Maracaju<\/title>\n<meta name=\"description\" content=\"Recursos da Funasa foram assegurados com apoio do deputado em 2013, ainda no governo de Dilma Rousseff.\" \/>\n<meta name=\"robots\" content=\"index, follow, max-snippet:-1, max-image-preview:large, max-video-preview:-1\" \/>\n<link rel=\"canonical\" href=\"https:\/\/vanderloubet.com.br\/deputado\/com-apoio-de-vander-nova-estacao-de-tratamento-de-esgoto-pelo-pac-2-e-inaugurada-em-maracaju\/\" \/>\n<meta property=\"og:locale\" content=\"pt_BR\" \/>\n<meta property=\"og:type\" content=\"article\" \/>\n<meta property=\"og:title\" content=\"Com apoio de Vander, nova Esta\u00e7\u00e3o de Tratamento de Esgoto pelo PAC 2 \u00e9 inaugurada em Maracaju\" \/>\n<meta property=\"og:description\" content=\"Recursos da Funasa foram assegurados com apoio do deputado em 2013, ainda no governo de Dilma Rousseff.\" \/>\n<meta property=\"og:url\" content=\"https:\/\/vanderloubet.com.br\/deputado\/com-apoio-de-vander-nova-estacao-de-tratamento-de-esgoto-pelo-pac-2-e-inaugurada-em-maracaju\/\" \/>\n<meta property=\"og:site_name\" content=\"Deputado Federal Vander Loubet\" \/>\n<meta property=\"article:publisher\" content=\"https:\/\/facebook.com\/deputadovander\" \/>\n<meta property=\"article:published_time\" content=\"2019-01-24T12:47:34+00:00\" \/>\n<meta property=\"article:modified_time\" content=\"2019-02-15T00:52:54+00:00\" \/>\n<meta property=\"og:image\" content=\"https:\/\/vanderloubet.com.br\/deputado\/wp-content\/uploads\/2019\/01\/foto-2019-01-24-nova-ete-maracaju.jpg\" \/>\n\t<meta property=\"og:image:width\" content=\"720\" \/>\n\t<meta property=\"og:image:height\" content=\"480\" \/>\n\t<meta property=\"og:image:type\" content=\"image\/jpeg\" \/>\n<meta name=\"author\" content=\"\u00c9der\" \/>\n<meta name=\"twitter:card\" content=\"summary_large_image\" \/>\n<meta name=\"twitter:creator\" content=\"@vanderloubet\" \/>\n<meta name=\"twitter:site\" content=\"@vanderloubet\" \/>\n<script type=\"application\/ld+json\" class=\"yoast-schema-graph\">{\"@context\":\"https:\\\/\\\/schema.org\",\"@graph\":[{\"@type\":\"Article\",\"@id\":\"https:\\\/\\\/vanderloubet.com.br\\\/deputado\\\/com-apoio-de-vander-nova-estacao-de-tratamento-de-esgoto-pelo-pac-2-e-inaugurada-em-maracaju\\\/#article\",\"isPartOf\":{\"@id\":\"https:\\\/\\\/vanderloubet.com.br\\\/deputado\\\/com-apoio-de-vander-nova-estacao-de-tratamento-de-esgoto-pelo-pac-2-e-inaugurada-em-maracaju\\\/\"},\"author\":{\"name\":\"\u00c9der\",\"@id\":\"https:\\\/\\\/vanderloubet.com.br\\\/deputado\\\/#\\\/schema\\\/person\\\/15b51bd564532a8a68d9dec1b8eb890e\"},\"headline\":\"Com apoio de Vander, nova Esta\u00e7\u00e3o de Tratamento de Esgoto pelo PAC 2 \u00e9 inaugurada em Maracaju\",\"datePublished\":\"2019-01-24T12:47:34+00:00\",\"dateModified\":\"2019-02-15T00:52:54+00:00\",\"mainEntityOfPage\":{\"@id\":\"https:\\\/\\\/vanderloubet.com.br\\\/deputado\\\/com-apoio-de-vander-nova-estacao-de-tratamento-de-esgoto-pelo-pac-2-e-inaugurada-em-maracaju\\\/\"},\"wordCount\":236,\"publisher\":{\"@id\":\"https:\\\/\\\/vanderloubet.com.br\\\/deputado\\\/#organization\"},\"image\":{\"@id\":\"https:\\\/\\\/vanderloubet.com.br\\\/deputado\\\/com-apoio-de-vander-nova-estacao-de-tratamento-de-esgoto-pelo-pac-2-e-inaugurada-em-maracaju\\\/#primaryimage\"},\"thumbnailUrl\":\"https:\\\/\\\/vanderloubet.com.br\\\/deputado\\\/wp-content\\\/uploads\\\/2019\\\/01\\\/foto-2019-01-24-nova-ete-maracaju.jpg\",\"keywords\":[\"esgotamento sanit\u00e1rio\",\"pac 2\",\"saneamento b\u00e1sico\"],\"articleSection\":[\"Munic\u00edpios\",\"Not\u00edcias\"],\"inLanguage\":\"pt-BR\"},{\"@type\":\"WebPage\",\"@id\":\"https:\\\/\\\/vanderloubet.com.br\\\/deputado\\\/com-apoio-de-vander-nova-estacao-de-tratamento-de-esgoto-pelo-pac-2-e-inaugurada-em-maracaju\\\/\",\"url\":\"https:\\\/\\\/vanderloubet.com.br\\\/deputado\\\/com-apoio-de-vander-nova-estacao-de-tratamento-de-esgoto-pelo-pac-2-e-inaugurada-em-maracaju\\\/\",\"name\":\"Com apoio de Vander, nova Esta\u00e7\u00e3o de Tratamento de Esgoto pelo PAC 2 \u00e9 inaugurada em Maracaju\",\"isPartOf\":{\"@id\":\"https:\\\/\\\/vanderloubet.com.br\\\/deputado\\\/#website\"},\"primaryImageOfPage\":{\"@id\":\"https:\\\/\\\/vanderloubet.com.br\\\/deputado\\\/com-apoio-de-vander-nova-estacao-de-tratamento-de-esgoto-pelo-pac-2-e-inaugurada-em-maracaju\\\/#primaryimage\"},\"image\":{\"@id\":\"https:\\\/\\\/vanderloubet.com.br\\\/deputado\\\/com-apoio-de-vander-nova-estacao-de-tratamento-de-esgoto-pelo-pac-2-e-inaugurada-em-maracaju\\\/#primaryimage\"},\"thumbnailUrl\":\"https:\\\/\\\/vanderloubet.com.br\\\/deputado\\\/wp-content\\\/uploads\\\/2019\\\/01\\\/foto-2019-01-24-nova-ete-maracaju.jpg\",\"datePublished\":\"2019-01-24T12:47:34+00:00\",\"dateModified\":\"2019-02-15T00:52:54+00:00\",\"description\":\"Recursos da Funasa foram assegurados com apoio do deputado em 2013, ainda no governo de Dilma Rousseff.\",\"breadcrumb\":{\"@id\":\"https:\\\/\\\/vanderloubet.com.br\\\/deputado\\\/com-apoio-de-vander-nova-estacao-de-tratamento-de-esgoto-pelo-pac-2-e-inaugurada-em-maracaju\\\/#breadcrumb\"},\"inLanguage\":\"pt-BR\",\"potentialAction\":[{\"@type\":\"ReadAction\",\"target\":[\"https:\\\/\\\/vanderloubet.com.br\\\/deputado\\\/com-apoio-de-vander-nova-estacao-de-tratamento-de-esgoto-pelo-pac-2-e-inaugurada-em-maracaju\\\/\"]}]},{\"@type\":\"ImageObject\",\"inLanguage\":\"pt-BR\",\"@id\":\"https:\\\/\\\/vanderloubet.com.br\\\/deputado\\\/com-apoio-de-vander-nova-estacao-de-tratamento-de-esgoto-pelo-pac-2-e-inaugurada-em-maracaju\\\/#primaryimage\",\"url\":\"https:\\\/\\\/vanderloubet.com.br\\\/deputado\\\/wp-content\\\/uploads\\\/2019\\\/01\\\/foto-2019-01-24-nova-ete-maracaju.jpg\",\"contentUrl\":\"https:\\\/\\\/vanderloubet.com.br\\\/deputado\\\/wp-content\\\/uploads\\\/2019\\\/01\\\/foto-2019-01-24-nova-ete-maracaju.jpg\",\"width\":720,\"height\":480,\"caption\":\"Nova ETE de Maracaju substituir\u00e1 a antiga por ser mais moderna e mais eficiente\"},{\"@type\":\"BreadcrumbList\",\"@id\":\"https:\\\/\\\/vanderloubet.com.br\\\/deputado\\\/com-apoio-de-vander-nova-estacao-de-tratamento-de-esgoto-pelo-pac-2-e-inaugurada-em-maracaju\\\/#breadcrumb\",\"itemListElement\":[{\"@type\":\"ListItem\",\"position\":1,\"name\":\"In\u00edcio\",\"item\":\"https:\\\/\\\/vanderloubet.com.br\\\/deputado\\\/\"},{\"@type\":\"ListItem\",\"position\":2,\"name\":\"Com apoio de Vander, nova Esta\u00e7\u00e3o de Tratamento de Esgoto pelo PAC 2 \u00e9 inaugurada em Maracaju\"}]},{\"@type\":\"WebSite\",\"@id\":\"https:\\\/\\\/vanderloubet.com.br\\\/deputado\\\/#website\",\"url\":\"https:\\\/\\\/vanderloubet.com.br\\\/deputado\\\/\",\"name\":\"Deputado Federal Vander Loubet\",\"description\":\"O Federal de MS\",\"publisher\":{\"@id\":\"https:\\\/\\\/vanderloubet.com.br\\\/deputado\\\/#organization\"},\"alternateName\":\"Deputado Vander\",\"potentialAction\":[{\"@type\":\"SearchAction\",\"target\":{\"@type\":\"EntryPoint\",\"urlTemplate\":\"https:\\\/\\\/vanderloubet.com.br\\\/deputado\\\/?s={search_term_string}\"},\"query-input\":{\"@type\":\"PropertyValueSpecification\",\"valueRequired\":true,\"valueName\":\"search_term_string\"}}],\"inLanguage\":\"pt-BR\"},{\"@type\":\"Organization\",\"@id\":\"https:\\\/\\\/vanderloubet.com.br\\\/deputado\\\/#organization\",\"name\":\"Deputado Federal Vander Loubet\",\"alternateName\":\"Deputado Vander\",\"url\":\"https:\\\/\\\/vanderloubet.com.br\\\/deputado\\\/\",\"logo\":{\"@type\":\"ImageObject\",\"inLanguage\":\"pt-BR\",\"@id\":\"https:\\\/\\\/vanderloubet.com.br\\\/deputado\\\/#\\\/schema\\\/logo\\\/image\\\/\",\"url\":\"https:\\\/\\\/vanderloubet.com.br\\\/deputado\\\/wp-content\\\/uploads\\\/2023\\\/06\\\/foto-2023-06-19-mandato-deputado-vander.jpg\",\"contentUrl\":\"https:\\\/\\\/vanderloubet.com.br\\\/deputado\\\/wp-content\\\/uploads\\\/2023\\\/06\\\/foto-2023-06-19-mandato-deputado-vander.jpg\",\"width\":1080,\"height\":1080,\"caption\":\"Deputado Federal Vander Loubet\"},\"image\":{\"@id\":\"https:\\\/\\\/vanderloubet.com.br\\\/deputado\\\/#\\\/schema\\\/logo\\\/image\\\/\"},\"sameAs\":[\"https:\\\/\\\/facebook.com\\\/deputadovander\",\"https:\\\/\\\/x.com\\\/vanderloubet\",\"https:\\\/\\\/instagram.com\\\/vanderloubet\",\"https:\\\/\\\/youtube.com\\\/vanderloubet\",\"https:\\\/\\\/tiktok.com\\\/@vanderloubetms\"]},{\"@type\":\"Person\",\"@id\":\"https:\\\/\\\/vanderloubet.com.br\\\/deputado\\\/#\\\/schema\\\/person\\\/15b51bd564532a8a68d9dec1b8eb890e\",\"name\":\"\u00c9der\",\"image\":{\"@type\":\"ImageObject\",\"inLanguage\":\"pt-BR\",\"@id\":\"https:\\\/\\\/vanderloubet.com.br\\\/deputado\\\/wp-content\\\/litespeed\\\/avatar\\\/88ca4090d9d5ab1c9495f6ca03b68efa.jpg?ver=1777058957\",\"url\":\"https:\\\/\\\/vanderloubet.com.br\\\/deputado\\\/wp-content\\\/litespeed\\\/avatar\\\/88ca4090d9d5ab1c9495f6ca03b68efa.jpg?ver=1777058957\",\"contentUrl\":\"https:\\\/\\\/vanderloubet.com.br\\\/deputado\\\/wp-content\\\/litespeed\\\/avatar\\\/88ca4090d9d5ab1c9495f6ca03b68efa.jpg?ver=1777058957\",\"caption\":\"\u00c9der\"}}]}<\/script>\n<!-- \/ Yoast SEO plugin. -->","yoast_head_json":{"title":"Com apoio de Vander, nova Esta\u00e7\u00e3o de Tratamento de Esgoto pelo PAC 2 \u00e9 inaugurada em Maracaju","description":"Recursos da Funasa foram assegurados com apoio do deputado em 2013, ainda no governo de Dilma Rousseff.","robots":{"index":"index","follow":"follow","max-snippet":"max-snippet:-1","max-image-preview":"max-image-preview:large","max-video-preview":"max-video-preview:-1"},"canonical":"https:\/\/vanderloubet.com.br\/deputado\/com-apoio-de-vander-nova-estacao-de-tratamento-de-esgoto-pelo-pac-2-e-inaugurada-em-maracaju\/","og_locale":"pt_BR","og_type":"article","og_title":"Com apoio de Vander, nova Esta\u00e7\u00e3o de Tratamento de Esgoto pelo PAC 2 \u00e9 inaugurada em Maracaju","og_description":"Recursos da Funasa foram assegurados com apoio do deputado em 2013, ainda no governo de Dilma Rousseff.","og_url":"https:\/\/vanderloubet.com.br\/deputado\/com-apoio-de-vander-nova-estacao-de-tratamento-de-esgoto-pelo-pac-2-e-inaugurada-em-maracaju\/","og_site_name":"Deputado Federal Vander Loubet","article_publisher":"https:\/\/facebook.com\/deputadovander","article_published_time":"2019-01-24T12:47:34+00:00","article_modified_time":"2019-02-15T00:52:54+00:00","og_image":[{"width":720,"height":480,"url":"https:\/\/vanderloubet.com.br\/deputado\/wp-content\/uploads\/2019\/01\/foto-2019-01-24-nova-ete-maracaju.jpg","type":"image\/jpeg"}],"author":"\u00c9der","twitter_card":"summary_large_image","twitter_creator":"@vanderloubet","twitter_site":"@vanderloubet","schema":{"@context":"https:\/\/schema.org","@graph":[{"@type":"Article","@id":"https:\/\/vanderloubet.com.br\/deputado\/com-apoio-de-vander-nova-estacao-de-tratamento-de-esgoto-pelo-pac-2-e-inaugurada-em-maracaju\/#article","isPartOf":{"@id":"https:\/\/vanderloubet.com.br\/deputado\/com-apoio-de-vander-nova-estacao-de-tratamento-de-esgoto-pelo-pac-2-e-inaugurada-em-maracaju\/"},"author":{"name":"\u00c9der","@id":"https:\/\/vanderloubet.com.br\/deputado\/#\/schema\/person\/15b51bd564532a8a68d9dec1b8eb890e"},"headline":"Com apoio de Vander, nova Esta\u00e7\u00e3o de Tratamento de Esgoto pelo PAC 2 \u00e9 inaugurada em Maracaju","datePublished":"2019-01-24T12:47:34+00:00","dateModified":"2019-02-15T00:52:54+00:00","mainEntityOfPage":{"@id":"https:\/\/vanderloubet.com.br\/deputado\/com-apoio-de-vander-nova-estacao-de-tratamento-de-esgoto-pelo-pac-2-e-inaugurada-em-maracaju\/"},"wordCount":236,"publisher":{"@id":"https:\/\/vanderloubet.com.br\/deputado\/#organization"},"image":{"@id":"https:\/\/vanderloubet.com.br\/deputado\/com-apoio-de-vander-nova-estacao-de-tratamento-de-esgoto-pelo-pac-2-e-inaugurada-em-maracaju\/#primaryimage"},"thumbnailUrl":"https:\/\/vanderloubet.com.br\/deputado\/wp-content\/uploads\/2019\/01\/foto-2019-01-24-nova-ete-maracaju.jpg","keywords":["esgotamento sanit\u00e1rio","pac 2","saneamento b\u00e1sico"],"articleSection":["Munic\u00edpios","Not\u00edcias"],"inLanguage":"pt-BR"},{"@type":"WebPage","@id":"https:\/\/vanderloubet.com.br\/deputado\/com-apoio-de-vander-nova-estacao-de-tratamento-de-esgoto-pelo-pac-2-e-inaugurada-em-maracaju\/","url":"https:\/\/vanderloubet.com.br\/deputado\/com-apoio-de-vander-nova-estacao-de-tratamento-de-esgoto-pelo-pac-2-e-inaugurada-em-maracaju\/","name":"Com apoio de Vander, nova Esta\u00e7\u00e3o de Tratamento de Esgoto pelo PAC 2 \u00e9 inaugurada em Maracaju","isPartOf":{"@id":"https:\/\/vanderloubet.com.br\/deputado\/#website"},"primaryImageOfPage":{"@id":"https:\/\/vanderloubet.com.br\/deputado\/com-apoio-de-vander-nova-estacao-de-tratamento-de-esgoto-pelo-pac-2-e-inaugurada-em-maracaju\/#primaryimage"},"image":{"@id":"https:\/\/vanderloubet.com.br\/deputado\/com-apoio-de-vander-nova-estacao-de-tratamento-de-esgoto-pelo-pac-2-e-inaugurada-em-maracaju\/#primaryimage"},"thumbnailUrl":"https:\/\/vanderloubet.com.br\/deputado\/wp-content\/uploads\/2019\/01\/foto-2019-01-24-nova-ete-maracaju.jpg","datePublished":"2019-01-24T12:47:34+00:00","dateModified":"2019-02-15T00:52:54+00:00","description":"Recursos da Funasa foram assegurados com apoio do deputado em 2013, ainda no governo de Dilma Rousseff.","breadcrumb":{"@id":"https:\/\/vanderloubet.com.br\/deputado\/com-apoio-de-vander-nova-estacao-de-tratamento-de-esgoto-pelo-pac-2-e-inaugurada-em-maracaju\/#breadcrumb"},"inLanguage":"pt-BR","potentialAction":[{"@type":"ReadAction","target":["https:\/\/vanderloubet.com.br\/deputado\/com-apoio-de-vander-nova-estacao-de-tratamento-de-esgoto-pelo-pac-2-e-inaugurada-em-maracaju\/"]}]},{"@type":"ImageObject","inLanguage":"pt-BR","@id":"https:\/\/vanderloubet.com.br\/deputado\/com-apoio-de-vander-nova-estacao-de-tratamento-de-esgoto-pelo-pac-2-e-inaugurada-em-maracaju\/#primaryimage","url":"https:\/\/vanderloubet.com.br\/deputado\/wp-content\/uploads\/2019\/01\/foto-2019-01-24-nova-ete-maracaju.jpg","contentUrl":"https:\/\/vanderloubet.com.br\/deputado\/wp-content\/uploads\/2019\/01\/foto-2019-01-24-nova-ete-maracaju.jpg","width":720,"height":480,"caption":"Nova ETE de Maracaju substituir\u00e1 a antiga por ser mais moderna e mais eficiente"},{"@type":"BreadcrumbList","@id":"https:\/\/vanderloubet.com.br\/deputado\/com-apoio-de-vander-nova-estacao-de-tratamento-de-esgoto-pelo-pac-2-e-inaugurada-em-maracaju\/#breadcrumb","itemListElement":[{"@type":"ListItem","position":1,"name":"In\u00edcio","item":"https:\/\/vanderloubet.com.br\/deputado\/"},{"@type":"ListItem","position":2,"name":"Com apoio de Vander, nova Esta\u00e7\u00e3o de Tratamento de Esgoto pelo PAC 2 \u00e9 inaugurada em Maracaju"}]},{"@type":"WebSite","@id":"https:\/\/vanderloubet.com.br\/deputado\/#website","url":"https:\/\/vanderloubet.com.br\/deputado\/","name":"Deputado Federal Vander Loubet","description":"O Federal de MS","publisher":{"@id":"https:\/\/vanderloubet.com.br\/deputado\/#organization"},"alternateName":"Deputado Vander","potentialAction":[{"@type":"SearchAction","target":{"@type":"EntryPoint","urlTemplate":"https:\/\/vanderloubet.com.br\/deputado\/?s={search_term_string}"},"query-input":{"@type":"PropertyValueSpecification","valueRequired":true,"valueName":"search_term_string"}}],"inLanguage":"pt-BR"},{"@type":"Organization","@id":"https:\/\/vanderloubet.com.br\/deputado\/#organization","name":"Deputado Federal Vander Loubet","alternateName":"Deputado Vander","url":"https:\/\/vanderloubet.com.br\/deputado\/","logo":{"@type":"ImageObject","inLanguage":"pt-BR","@id":"https:\/\/vanderloubet.com.br\/deputado\/#\/schema\/logo\/image\/","url":"https:\/\/vanderloubet.com.br\/deputado\/wp-content\/uploads\/2023\/06\/foto-2023-06-19-mandato-deputado-vander.jpg","contentUrl":"https:\/\/vanderloubet.com.br\/deputado\/wp-content\/uploads\/2023\/06\/foto-2023-06-19-mandato-deputado-vander.jpg","width":1080,"height":1080,"caption":"Deputado Federal Vander Loubet"},"image":{"@id":"https:\/\/vanderloubet.com.br\/deputado\/#\/schema\/logo\/image\/"},"sameAs":["https:\/\/facebook.com\/deputadovander","https:\/\/x.com\/vanderloubet","https:\/\/instagram.com\/vanderloubet","https:\/\/youtube.com\/vanderloubet","https:\/\/tiktok.com\/@vanderloubetms"]},{"@type":"Person","@id":"https:\/\/vanderloubet.com.br\/deputado\/#\/schema\/person\/15b51bd564532a8a68d9dec1b8eb890e","name":"\u00c9der","image":{"@type":"ImageObject","inLanguage":"pt-BR","@id":"https:\/\/vanderloubet.com.br\/deputado\/wp-content\/litespeed\/avatar\/88ca4090d9d5ab1c9495f6ca03b68efa.jpg?ver=1777058957","url":"https:\/\/vanderloubet.com.br\/deputado\/wp-content\/litespeed\/avatar\/88ca4090d9d5ab1c9495f6ca03b68efa.jpg?ver=1777058957","contentUrl":"https:\/\/vanderloubet.com.br\/deputado\/wp-content\/litespeed\/avatar\/88ca4090d9d5ab1c9495f6ca03b68efa.jpg?ver=1777058957","caption":"\u00c9der"}}]}},"jetpack_featured_media_url":"https:\/\/vanderloubet.com.br\/deputado\/wp-content\/uploads\/2019\/01\/foto-2019-01-24-nova-ete-maracaju.jpg","jetpack_sharing_enabled":true,"_links":{"self":[{"href":"https:\/\/vanderloubet.com.br\/deputado\/wp-json\/wp\/v2\/posts\/14373","targetHints":{"allow":["GET"]}}],"collection":[{"href":"https:\/\/vanderloubet.com.br\/deputado\/wp-json\/wp\/v2\/posts"}],"about":[{"href":"https:\/\/vanderloubet.com.br\/deputado\/wp-json\/wp\/v2\/types\/post"}],"author":[{"embeddable":true,"href":"https:\/\/vanderloubet.com.br\/deputado\/wp-json\/wp\/v2\/users\/2"}],"replies":[{"embeddable":true,"href":"https:\/\/vanderloubet.com.br\/deputado\/wp-json\/wp\/v2\/comments?post=14373"}],"version-history":[{"count":0,"href":"https:\/\/vanderloubet.com.br\/deputado\/wp-json\/wp\/v2\/posts\/14373\/revisions"}],"wp:featuredmedia":[{"embeddable":true,"href":"https:\/\/vanderloubet.com.br\/deputado\/wp-json\/wp\/v2\/media\/14374"}],"wp:attachment":[{"href":"https:\/\/vanderloubet.com.br\/deputado\/wp-json\/wp\/v2\/media?parent=14373"}],"wp:term":[{"taxonomy":"category","embeddable":true,"href":"https:\/\/vanderloubet.com.br\/deputado\/wp-json\/wp\/v2\/categories?post=14373"},{"taxonomy":"post_tag","embeddable":true,"href":"https:\/\/vanderloubet.com.br\/deputado\/wp-json\/wp\/v2\/tags?post=14373"}],"curies":[{"name":"wp","href":"https:\/\/api.w.org\/{rel}","templated":true}]}}