{"id":14029,"date":"2018-12-15T08:00:08","date_gmt":"2018-12-15T11:00:08","guid":{"rendered":"http:\/\/vanderloubet.com.br\/deputado\/?p=14029"},"modified":"2019-04-05T09:24:36","modified_gmt":"2019-04-05T13:24:36","slug":"vander-e-diplomado-pelo-tre-ms-para-quinto-mandato-consecutivo-de-deputado-federal","status":"publish","type":"post","link":"https:\/\/vanderloubet.com.br\/deputado\/vander-e-diplomado-pelo-tre-ms-para-quinto-mandato-consecutivo-de-deputado-federal\/","title":{"rendered":"Vander \u00e9 diplomado pelo TRE-MS para quinto mandato consecutivo de deputado federal"},"content":{"rendered":"\r\n                <style type=\"text\/css\">\r\n                    \r\n                    #tdi_1  .td-doubleSlider-2 .td-item1 {\r\n                        background: url(https:\/\/vanderloubet.com.br\/deputado\/wp-content\/uploads\/2018\/12\/foto-2018-12-14-diplomacao-tre-01-80x60.jpg) 0 0 no-repeat;\r\n                    }\r\n                    #tdi_1  .td-doubleSlider-2 .td-item2 {\r\n                        background: url(https:\/\/vanderloubet.com.br\/deputado\/wp-content\/uploads\/2018\/12\/foto-2018-12-14-diplomacao-tre-02-80x60.jpg) 0 0 no-repeat;\r\n                    }\r\n                    #tdi_1  .td-doubleSlider-2 .td-item3 {\r\n                        background: url(https:\/\/vanderloubet.com.br\/deputado\/wp-content\/uploads\/2018\/12\/foto-2018-12-14-diplomacao-tre-03-80x60.jpg) 0 0 no-repeat;\r\n                    }\r\n                    #tdi_1  .td-doubleSlider-2 .td-item4 {\r\n                        background: url(https:\/\/vanderloubet.com.br\/deputado\/wp-content\/uploads\/2018\/12\/foto-2018-12-14-diplomacao-tre-04-80x60.jpg) 0 0 no-repeat;\r\n                    }\r\n                <\/style>\r\n\r\n                <div id=\"tdi_1\" class=\"td-gallery td-slide-on-2-columns\">\r\n                    <div class=\"post_td_gallery\">\r\n                        <div class=\"td-gallery-slide-top\">\r\n                           <div class=\"td-gallery-title\"><\/div>\r\n\r\n                            <div class=\"td-gallery-controls-wrapper\">\r\n                                <div class=\"td-gallery-slide-count\"><span class=\"td-gallery-slide-item-focus\">1<\/span> de 4<\/div>\r\n                                <div class=\"td-gallery-slide-prev-next-but\">\r\n                                    <i class = \"td-icon-left doubleSliderPrevButton\"><\/i>\r\n                                    <i class = \"td-icon-right doubleSliderNextButton\"><\/i>\r\n                                <\/div>\r\n                            <\/div>\r\n                        <\/div>\r\n\r\n                        <div class = \"td-doubleSlider-1 \">\r\n                            <div class = \"td-slider\">\r\n                                \r\n                    <div class = \"td-slide-item td-item1\">\r\n                        <figure class=\"td-slide-galery-figure td-slide-popup-gallery\">\r\n                            <a class=\"slide-gallery-image-link\" href=\"https:\/\/vanderloubet.com.br\/deputado\/wp-content\/uploads\/2018\/12\/foto-2018-12-14-diplomacao-tre-01.jpg\" title=\"Vander foi diplomado para seu 5\u00ba mandato consecutivo como deputado federal\"  data-caption=\"\"  data-description=\"Vander foi diplomado para seu 5&ordm; mandato consecutivo como deputado federal\">\r\n                                <img decoding=\"async\" src=\"https:\/\/vanderloubet.com.br\/deputado\/wp-content\/uploads\/2018\/12\/foto-2018-12-14-diplomacao-tre-01-747x420.jpg\" srcset=\"https:\/\/vanderloubet.com.br\/deputado\/wp-content\/uploads\/2018\/12\/foto-2018-12-14-diplomacao-tre-01-747x420.jpg 747w, https:\/\/vanderloubet.com.br\/deputado\/wp-content\/uploads\/2018\/12\/foto-2018-12-14-diplomacao-tre-01-350x197.jpg 350w, https:\/\/vanderloubet.com.br\/deputado\/wp-content\/uploads\/2018\/12\/foto-2018-12-14-diplomacao-tre-01-768x432.jpg 768w, https:\/\/vanderloubet.com.br\/deputado\/wp-content\/uploads\/2018\/12\/foto-2018-12-14-diplomacao-tre-01-700x394.jpg 700w, https:\/\/vanderloubet.com.br\/deputado\/wp-content\/uploads\/2018\/12\/foto-2018-12-14-diplomacao-tre-01-696x392.jpg 696w, https:\/\/vanderloubet.com.br\/deputado\/wp-content\/uploads\/2018\/12\/foto-2018-12-14-diplomacao-tre-01-1068x601.jpg 1068w, https:\/\/vanderloubet.com.br\/deputado\/wp-content\/uploads\/2018\/12\/foto-2018-12-14-diplomacao-tre-01.jpg 1280w\" sizes=\"(max-width: 747px) 100vw, 747px\" alt=\"Vander foi diplomado para seu 5&ordm; mandato consecutivo como deputado federal\">\r\n                            <\/a>\r\n                            <figcaption class = \"td-slide-caption td-gallery-slide-content\"><span>Vander foi diplomado para seu 5\u00ba mandato consecutivo como deputado federal<\/span><\/figcaption>\r\n                        <\/figure>\r\n                    <\/div>\r\n                    <div class = \"td-slide-item td-item2\">\r\n                        <figure class=\"td-slide-galery-figure td-slide-popup-gallery\">\r\n                            <a class=\"slide-gallery-image-link\" href=\"https:\/\/vanderloubet.com.br\/deputado\/wp-content\/uploads\/2018\/12\/foto-2018-12-14-diplomacao-tre-02.jpg\" title=\"Vander foi diplomado para seu 5\u00ba mandato consecutivo como deputado federal\"  data-caption=\"\"  data-description=\"Vander foi diplomado para seu 5&ordm; mandato consecutivo como deputado federal\">\r\n                                <img decoding=\"async\" src=\"https:\/\/vanderloubet.com.br\/deputado\/wp-content\/uploads\/2018\/12\/foto-2018-12-14-diplomacao-tre-02-747x420.jpg\" srcset=\"https:\/\/vanderloubet.com.br\/deputado\/wp-content\/uploads\/2018\/12\/foto-2018-12-14-diplomacao-tre-02-747x420.jpg 747w, https:\/\/vanderloubet.com.br\/deputado\/wp-content\/uploads\/2018\/12\/foto-2018-12-14-diplomacao-tre-02-350x197.jpg 350w, https:\/\/vanderloubet.com.br\/deputado\/wp-content\/uploads\/2018\/12\/foto-2018-12-14-diplomacao-tre-02-768x432.jpg 768w, https:\/\/vanderloubet.com.br\/deputado\/wp-content\/uploads\/2018\/12\/foto-2018-12-14-diplomacao-tre-02-700x394.jpg 700w, https:\/\/vanderloubet.com.br\/deputado\/wp-content\/uploads\/2018\/12\/foto-2018-12-14-diplomacao-tre-02-696x392.jpg 696w, https:\/\/vanderloubet.com.br\/deputado\/wp-content\/uploads\/2018\/12\/foto-2018-12-14-diplomacao-tre-02-1068x601.jpg 1068w, https:\/\/vanderloubet.com.br\/deputado\/wp-content\/uploads\/2018\/12\/foto-2018-12-14-diplomacao-tre-02.jpg 1280w\" sizes=\"(max-width: 747px) 100vw, 747px\" alt=\"Vander foi diplomado para seu 5&ordm; mandato consecutivo como deputado federal\">\r\n                            <\/a>\r\n                            <figcaption class = \"td-slide-caption td-gallery-slide-content\"><span>Vander foi diplomado para seu 5\u00ba mandato consecutivo como deputado federal<\/span><\/figcaption>\r\n                        <\/figure>\r\n                    <\/div>\r\n                    <div class = \"td-slide-item td-item3\">\r\n                        <figure class=\"td-slide-galery-figure td-slide-popup-gallery\">\r\n                            <a class=\"slide-gallery-image-link\" href=\"https:\/\/vanderloubet.com.br\/deputado\/wp-content\/uploads\/2018\/12\/foto-2018-12-14-diplomacao-tre-03.jpg\" title=\"Pelo PT, tamb\u00e9m foi diplomado o deputado estadual Cabo Almi\"  data-caption=\"\"  data-description=\"Pelo PT, tamb&eacute;m foi diplomado o deputado estadual Cabo Almi\">\r\n                                <img decoding=\"async\" src=\"https:\/\/vanderloubet.com.br\/deputado\/wp-content\/uploads\/2018\/12\/foto-2018-12-14-diplomacao-tre-03-747x420.jpg\" srcset=\"https:\/\/vanderloubet.com.br\/deputado\/wp-content\/uploads\/2018\/12\/foto-2018-12-14-diplomacao-tre-03-747x420.jpg 747w, https:\/\/vanderloubet.com.br\/deputado\/wp-content\/uploads\/2018\/12\/foto-2018-12-14-diplomacao-tre-03-350x197.jpg 350w, https:\/\/vanderloubet.com.br\/deputado\/wp-content\/uploads\/2018\/12\/foto-2018-12-14-diplomacao-tre-03-768x432.jpg 768w, https:\/\/vanderloubet.com.br\/deputado\/wp-content\/uploads\/2018\/12\/foto-2018-12-14-diplomacao-tre-03-700x394.jpg 700w, https:\/\/vanderloubet.com.br\/deputado\/wp-content\/uploads\/2018\/12\/foto-2018-12-14-diplomacao-tre-03-696x392.jpg 696w, https:\/\/vanderloubet.com.br\/deputado\/wp-content\/uploads\/2018\/12\/foto-2018-12-14-diplomacao-tre-03-1068x601.jpg 1068w, https:\/\/vanderloubet.com.br\/deputado\/wp-content\/uploads\/2018\/12\/foto-2018-12-14-diplomacao-tre-03.jpg 1280w\" sizes=\"(max-width: 747px) 100vw, 747px\" alt=\"Pelo PT, tamb&eacute;m foi diplomado o deputado estadual Cabo Almi\">\r\n                            <\/a>\r\n                            <figcaption class = \"td-slide-caption td-gallery-slide-content\"><span>Pelo PT, tamb\u00e9m foi diplomado o deputado estadual Cabo Almi<\/span><\/figcaption>\r\n                        <\/figure>\r\n                    <\/div>\r\n                    <div class = \"td-slide-item td-item4\">\r\n                        <figure class=\"td-slide-galery-figure td-slide-popup-gallery\">\r\n                            <a class=\"slide-gallery-image-link\" href=\"https:\/\/vanderloubet.com.br\/deputado\/wp-content\/uploads\/2018\/12\/foto-2018-12-14-diplomacao-tre-04.jpg\" title=\"Pelo PT, tamb\u00e9m foi diplomado o deputado estadual Pedro Kemp\"  data-caption=\"\"  data-description=\"Pelo PT, tamb&eacute;m foi diplomado o deputado estadual Pedro Kemp\">\r\n                                <img decoding=\"async\" src=\"https:\/\/vanderloubet.com.br\/deputado\/wp-content\/uploads\/2018\/12\/foto-2018-12-14-diplomacao-tre-04-747x420.jpg\" srcset=\"https:\/\/vanderloubet.com.br\/deputado\/wp-content\/uploads\/2018\/12\/foto-2018-12-14-diplomacao-tre-04-747x420.jpg 747w, https:\/\/vanderloubet.com.br\/deputado\/wp-content\/uploads\/2018\/12\/foto-2018-12-14-diplomacao-tre-04-350x197.jpg 350w, https:\/\/vanderloubet.com.br\/deputado\/wp-content\/uploads\/2018\/12\/foto-2018-12-14-diplomacao-tre-04-768x432.jpg 768w, https:\/\/vanderloubet.com.br\/deputado\/wp-content\/uploads\/2018\/12\/foto-2018-12-14-diplomacao-tre-04-700x394.jpg 700w, https:\/\/vanderloubet.com.br\/deputado\/wp-content\/uploads\/2018\/12\/foto-2018-12-14-diplomacao-tre-04-696x392.jpg 696w, https:\/\/vanderloubet.com.br\/deputado\/wp-content\/uploads\/2018\/12\/foto-2018-12-14-diplomacao-tre-04-1068x601.jpg 1068w, https:\/\/vanderloubet.com.br\/deputado\/wp-content\/uploads\/2018\/12\/foto-2018-12-14-diplomacao-tre-04.jpg 1280w\" sizes=\"(max-width: 747px) 100vw, 747px\" alt=\"Pelo PT, tamb&eacute;m foi diplomado o deputado estadual Pedro Kemp\">\r\n                            <\/a>\r\n                            <figcaption class = \"td-slide-caption td-gallery-slide-content\"><span>Pelo PT, tamb\u00e9m foi diplomado o deputado estadual Pedro Kemp<\/span><\/figcaption>\r\n                        <\/figure>\r\n                    <\/div>\r\n                            <\/div>\r\n                        <\/div>\r\n\r\n                        <div class = \"td-doubleSlider-2\">\r\n                            <div class = \"td-slider\">\r\n                                \r\n                    <div class = \"td-button td-item1\">\r\n                        <div class = \"td-border\"><\/div>\r\n                    <\/div>\r\n                    <div class = \"td-button td-item2\">\r\n                        <div class = \"td-border\"><\/div>\r\n                    <\/div>\r\n                    <div class = \"td-button td-item3\">\r\n                        <div class = \"td-border\"><\/div>\r\n                    <\/div>\r\n                    <div class = \"td-button td-item4\">\r\n                        <div class = \"td-border\"><\/div>\r\n                    <\/div>\r\n                            <\/div>\r\n                        <\/div>\r\n\r\n                    <\/div>\r\n\r\n                <\/div>\r\n                \n<p>A noite de sexta-feira (14) foi especial para Vander Loubet e para os demais eleitos no pleito deste ano. O Tribunal Regional Eleitoral de Mato Grosso do Sul (TRE-MS) realizou a cerim\u00f4nia de diploma\u00e7\u00e3o dos deputados estaduais, deputados federais, senadores e governador consagrados nas urnas em 7 de outubro.<\/p>\n<p>Vander Loubet foi diplomado para seu quinto mandato consecutivo na C\u00e2mara dos Deputados. &#8220;Como deputado mais experiente da bancada, podem ter certeza que vou trabalhar de forma incans\u00e1vel pela defesa dos direitos dos trabalhadores e pela viabiliza\u00e7\u00e3o de recursos e investimentos que melhorem a vida das pessoas no campo e nas cidades&#8221;, destacou o petista. &#8220;Para mim \u00e9 uma honra chegar ao quinto mandato. Agrade\u00e7o de cora\u00e7\u00e3o os votos de confian\u00e7a da popula\u00e7\u00e3o do nosso Mato Grosso do Sul&#8221;, completou.<\/p>\n<p>A solenidade de diploma\u00e7\u00e3o foi realizada no Centro de Conven\u00e7\u00f5es Rubens Gil de Camilo, no Parque dos Poderes, em Campo Grande. Pelo Partido dos Trabalhadores (PT), al\u00e9m de Vander, foram diplomados os deputados estaduais reeleitos Cabo Almi e Pedro Kemp.<\/p>\n<p><em>(\u00c9der F. Yanaguita &#8211; Ascom\/Dep. Vander Loubet)<\/em><\/p>\n","protected":false},"excerpt":{"rendered":"<p>Pelo PT tamb\u00e9m foram diplomados os deputados estaduais reeleitos Cabo Almi e Pedro Kemp.<\/p>\n","protected":false},"author":2,"featured_media":14030,"comment_status":"closed","ping_status":"closed","sticky":false,"template":"","format":"standard","meta":{"jetpack_post_was_ever_published":false,"_jetpack_newsletter_access":"","_jetpack_dont_email_post_to_subs":false,"_jetpack_newsletter_tier_id":0,"_jetpack_memberships_contains_paywalled_content":false,"_jetpack_memberships_contains_paid_content":false,"footnotes":""},"categories":[2099,10],"tags":[700,2391],"class_list":{"0":"post-14029","1":"post","2":"type-post","3":"status-publish","4":"format-standard","5":"has-post-thumbnail","7":"category-ms-noticias","8":"category-noticias","9":"tag-eleicao","10":"tag-justica-eleitoral"},"yoast_head":"<!-- This site is optimized with the Yoast SEO plugin v27.4 - https:\/\/yoast.com\/product\/yoast-seo-wordpress\/ -->\n<title>Vander \u00e9 diplomado pelo TRE-MS para quinto mandato consecutivo de deputado federal<\/title>\n<meta name=\"robots\" content=\"index, follow, max-snippet:-1, max-image-preview:large, max-video-preview:-1\" \/>\n<link rel=\"canonical\" href=\"https:\/\/vanderloubet.com.br\/deputado\/vander-e-diplomado-pelo-tre-ms-para-quinto-mandato-consecutivo-de-deputado-federal\/\" \/>\n<meta property=\"og:locale\" content=\"pt_BR\" \/>\n<meta property=\"og:type\" content=\"article\" \/>\n<meta property=\"og:title\" content=\"Vander \u00e9 diplomado pelo TRE-MS para quinto mandato consecutivo de deputado federal\" \/>\n<meta property=\"og:description\" content=\"Pelo PT tamb\u00e9m foram diplomados os deputados estaduais reeleitos Cabo Almi e Pedro Kemp.\" \/>\n<meta property=\"og:url\" content=\"https:\/\/vanderloubet.com.br\/deputado\/vander-e-diplomado-pelo-tre-ms-para-quinto-mandato-consecutivo-de-deputado-federal\/\" \/>\n<meta property=\"og:site_name\" content=\"Deputado Federal Vander Loubet\" \/>\n<meta property=\"article:publisher\" content=\"https:\/\/facebook.com\/deputadovander\" \/>\n<meta property=\"article:published_time\" content=\"2018-12-15T11:00:08+00:00\" \/>\n<meta property=\"article:modified_time\" content=\"2019-04-05T13:24:36+00:00\" \/>\n<meta property=\"og:image\" content=\"https:\/\/vanderloubet.com.br\/deputado\/wp-content\/uploads\/2018\/12\/foto-2018-12-14-diplomacao-tre-01.jpg\" \/>\n\t<meta property=\"og:image:width\" content=\"1280\" \/>\n\t<meta property=\"og:image:height\" content=\"720\" \/>\n\t<meta property=\"og:image:type\" content=\"image\/jpeg\" \/>\n<meta name=\"author\" content=\"\u00c9der\" \/>\n<meta name=\"twitter:card\" content=\"summary_large_image\" \/>\n<meta name=\"twitter:creator\" content=\"@vanderloubet\" \/>\n<meta name=\"twitter:site\" content=\"@vanderloubet\" \/>\n<script type=\"application\/ld+json\" class=\"yoast-schema-graph\">{\"@context\":\"https:\\\/\\\/schema.org\",\"@graph\":[{\"@type\":\"Article\",\"@id\":\"https:\\\/\\\/vanderloubet.com.br\\\/deputado\\\/vander-e-diplomado-pelo-tre-ms-para-quinto-mandato-consecutivo-de-deputado-federal\\\/#article\",\"isPartOf\":{\"@id\":\"https:\\\/\\\/vanderloubet.com.br\\\/deputado\\\/vander-e-diplomado-pelo-tre-ms-para-quinto-mandato-consecutivo-de-deputado-federal\\\/\"},\"author\":{\"name\":\"\u00c9der\",\"@id\":\"https:\\\/\\\/vanderloubet.com.br\\\/deputado\\\/#\\\/schema\\\/person\\\/15b51bd564532a8a68d9dec1b8eb890e\"},\"headline\":\"Vander \u00e9 diplomado pelo TRE-MS para quinto mandato consecutivo de deputado federal\",\"datePublished\":\"2018-12-15T11:00:08+00:00\",\"dateModified\":\"2019-04-05T13:24:36+00:00\",\"mainEntityOfPage\":{\"@id\":\"https:\\\/\\\/vanderloubet.com.br\\\/deputado\\\/vander-e-diplomado-pelo-tre-ms-para-quinto-mandato-consecutivo-de-deputado-federal\\\/\"},\"wordCount\":206,\"publisher\":{\"@id\":\"https:\\\/\\\/vanderloubet.com.br\\\/deputado\\\/#organization\"},\"image\":{\"@id\":\"https:\\\/\\\/vanderloubet.com.br\\\/deputado\\\/vander-e-diplomado-pelo-tre-ms-para-quinto-mandato-consecutivo-de-deputado-federal\\\/#primaryimage\"},\"thumbnailUrl\":\"https:\\\/\\\/vanderloubet.com.br\\\/deputado\\\/wp-content\\\/uploads\\\/2018\\\/12\\\/foto-2018-12-14-diplomacao-tre-01.jpg\",\"keywords\":[\"elei\u00e7\u00e3o\",\"justi\u00e7a eleitoral\"],\"articleSection\":[\"Mato Grosso do Sul\",\"Not\u00edcias\"],\"inLanguage\":\"pt-BR\"},{\"@type\":\"WebPage\",\"@id\":\"https:\\\/\\\/vanderloubet.com.br\\\/deputado\\\/vander-e-diplomado-pelo-tre-ms-para-quinto-mandato-consecutivo-de-deputado-federal\\\/\",\"url\":\"https:\\\/\\\/vanderloubet.com.br\\\/deputado\\\/vander-e-diplomado-pelo-tre-ms-para-quinto-mandato-consecutivo-de-deputado-federal\\\/\",\"name\":\"Vander \u00e9 diplomado pelo TRE-MS para quinto mandato consecutivo de deputado federal\",\"isPartOf\":{\"@id\":\"https:\\\/\\\/vanderloubet.com.br\\\/deputado\\\/#website\"},\"primaryImageOfPage\":{\"@id\":\"https:\\\/\\\/vanderloubet.com.br\\\/deputado\\\/vander-e-diplomado-pelo-tre-ms-para-quinto-mandato-consecutivo-de-deputado-federal\\\/#primaryimage\"},\"image\":{\"@id\":\"https:\\\/\\\/vanderloubet.com.br\\\/deputado\\\/vander-e-diplomado-pelo-tre-ms-para-quinto-mandato-consecutivo-de-deputado-federal\\\/#primaryimage\"},\"thumbnailUrl\":\"https:\\\/\\\/vanderloubet.com.br\\\/deputado\\\/wp-content\\\/uploads\\\/2018\\\/12\\\/foto-2018-12-14-diplomacao-tre-01.jpg\",\"datePublished\":\"2018-12-15T11:00:08+00:00\",\"dateModified\":\"2019-04-05T13:24:36+00:00\",\"breadcrumb\":{\"@id\":\"https:\\\/\\\/vanderloubet.com.br\\\/deputado\\\/vander-e-diplomado-pelo-tre-ms-para-quinto-mandato-consecutivo-de-deputado-federal\\\/#breadcrumb\"},\"inLanguage\":\"pt-BR\",\"potentialAction\":[{\"@type\":\"ReadAction\",\"target\":[\"https:\\\/\\\/vanderloubet.com.br\\\/deputado\\\/vander-e-diplomado-pelo-tre-ms-para-quinto-mandato-consecutivo-de-deputado-federal\\\/\"]}]},{\"@type\":\"ImageObject\",\"inLanguage\":\"pt-BR\",\"@id\":\"https:\\\/\\\/vanderloubet.com.br\\\/deputado\\\/vander-e-diplomado-pelo-tre-ms-para-quinto-mandato-consecutivo-de-deputado-federal\\\/#primaryimage\",\"url\":\"https:\\\/\\\/vanderloubet.com.br\\\/deputado\\\/wp-content\\\/uploads\\\/2018\\\/12\\\/foto-2018-12-14-diplomacao-tre-01.jpg\",\"contentUrl\":\"https:\\\/\\\/vanderloubet.com.br\\\/deputado\\\/wp-content\\\/uploads\\\/2018\\\/12\\\/foto-2018-12-14-diplomacao-tre-01.jpg\",\"width\":1280,\"height\":720,\"caption\":\"Vander foi diplomado para seu 5\u00ba mandato consecutivo como deputado federal\"},{\"@type\":\"BreadcrumbList\",\"@id\":\"https:\\\/\\\/vanderloubet.com.br\\\/deputado\\\/vander-e-diplomado-pelo-tre-ms-para-quinto-mandato-consecutivo-de-deputado-federal\\\/#breadcrumb\",\"itemListElement\":[{\"@type\":\"ListItem\",\"position\":1,\"name\":\"In\u00edcio\",\"item\":\"https:\\\/\\\/vanderloubet.com.br\\\/deputado\\\/\"},{\"@type\":\"ListItem\",\"position\":2,\"name\":\"Vander \u00e9 diplomado pelo TRE-MS para quinto mandato consecutivo de deputado federal\"}]},{\"@type\":\"WebSite\",\"@id\":\"https:\\\/\\\/vanderloubet.com.br\\\/deputado\\\/#website\",\"url\":\"https:\\\/\\\/vanderloubet.com.br\\\/deputado\\\/\",\"name\":\"Deputado Federal Vander Loubet\",\"description\":\"O Federal de MS\",\"publisher\":{\"@id\":\"https:\\\/\\\/vanderloubet.com.br\\\/deputado\\\/#organization\"},\"alternateName\":\"Deputado Vander\",\"potentialAction\":[{\"@type\":\"SearchAction\",\"target\":{\"@type\":\"EntryPoint\",\"urlTemplate\":\"https:\\\/\\\/vanderloubet.com.br\\\/deputado\\\/?s={search_term_string}\"},\"query-input\":{\"@type\":\"PropertyValueSpecification\",\"valueRequired\":true,\"valueName\":\"search_term_string\"}}],\"inLanguage\":\"pt-BR\"},{\"@type\":\"Organization\",\"@id\":\"https:\\\/\\\/vanderloubet.com.br\\\/deputado\\\/#organization\",\"name\":\"Deputado Federal Vander Loubet\",\"alternateName\":\"Deputado Vander\",\"url\":\"https:\\\/\\\/vanderloubet.com.br\\\/deputado\\\/\",\"logo\":{\"@type\":\"ImageObject\",\"inLanguage\":\"pt-BR\",\"@id\":\"https:\\\/\\\/vanderloubet.com.br\\\/deputado\\\/#\\\/schema\\\/logo\\\/image\\\/\",\"url\":\"https:\\\/\\\/vanderloubet.com.br\\\/deputado\\\/wp-content\\\/uploads\\\/2023\\\/06\\\/foto-2023-06-19-mandato-deputado-vander.jpg\",\"contentUrl\":\"https:\\\/\\\/vanderloubet.com.br\\\/deputado\\\/wp-content\\\/uploads\\\/2023\\\/06\\\/foto-2023-06-19-mandato-deputado-vander.jpg\",\"width\":1080,\"height\":1080,\"caption\":\"Deputado Federal Vander Loubet\"},\"image\":{\"@id\":\"https:\\\/\\\/vanderloubet.com.br\\\/deputado\\\/#\\\/schema\\\/logo\\\/image\\\/\"},\"sameAs\":[\"https:\\\/\\\/facebook.com\\\/deputadovander\",\"https:\\\/\\\/x.com\\\/vanderloubet\",\"https:\\\/\\\/instagram.com\\\/vanderloubet\",\"https:\\\/\\\/youtube.com\\\/vanderloubet\",\"https:\\\/\\\/tiktok.com\\\/@vanderloubetms\"]},{\"@type\":\"Person\",\"@id\":\"https:\\\/\\\/vanderloubet.com.br\\\/deputado\\\/#\\\/schema\\\/person\\\/15b51bd564532a8a68d9dec1b8eb890e\",\"name\":\"\u00c9der\",\"image\":{\"@type\":\"ImageObject\",\"inLanguage\":\"pt-BR\",\"@id\":\"https:\\\/\\\/vanderloubet.com.br\\\/deputado\\\/wp-content\\\/litespeed\\\/avatar\\\/88ca4090d9d5ab1c9495f6ca03b68efa.jpg?ver=1777058957\",\"url\":\"https:\\\/\\\/vanderloubet.com.br\\\/deputado\\\/wp-content\\\/litespeed\\\/avatar\\\/88ca4090d9d5ab1c9495f6ca03b68efa.jpg?ver=1777058957\",\"contentUrl\":\"https:\\\/\\\/vanderloubet.com.br\\\/deputado\\\/wp-content\\\/litespeed\\\/avatar\\\/88ca4090d9d5ab1c9495f6ca03b68efa.jpg?ver=1777058957\",\"caption\":\"\u00c9der\"}}]}<\/script>\n<!-- \/ Yoast SEO plugin. -->","yoast_head_json":{"title":"Vander \u00e9 diplomado pelo TRE-MS para quinto mandato consecutivo de deputado federal","robots":{"index":"index","follow":"follow","max-snippet":"max-snippet:-1","max-image-preview":"max-image-preview:large","max-video-preview":"max-video-preview:-1"},"canonical":"https:\/\/vanderloubet.com.br\/deputado\/vander-e-diplomado-pelo-tre-ms-para-quinto-mandato-consecutivo-de-deputado-federal\/","og_locale":"pt_BR","og_type":"article","og_title":"Vander \u00e9 diplomado pelo TRE-MS para quinto mandato consecutivo de deputado federal","og_description":"Pelo PT tamb\u00e9m foram diplomados os deputados estaduais reeleitos Cabo Almi e Pedro Kemp.","og_url":"https:\/\/vanderloubet.com.br\/deputado\/vander-e-diplomado-pelo-tre-ms-para-quinto-mandato-consecutivo-de-deputado-federal\/","og_site_name":"Deputado Federal Vander Loubet","article_publisher":"https:\/\/facebook.com\/deputadovander","article_published_time":"2018-12-15T11:00:08+00:00","article_modified_time":"2019-04-05T13:24:36+00:00","og_image":[{"width":1280,"height":720,"url":"https:\/\/vanderloubet.com.br\/deputado\/wp-content\/uploads\/2018\/12\/foto-2018-12-14-diplomacao-tre-01.jpg","type":"image\/jpeg"}],"author":"\u00c9der","twitter_card":"summary_large_image","twitter_creator":"@vanderloubet","twitter_site":"@vanderloubet","schema":{"@context":"https:\/\/schema.org","@graph":[{"@type":"Article","@id":"https:\/\/vanderloubet.com.br\/deputado\/vander-e-diplomado-pelo-tre-ms-para-quinto-mandato-consecutivo-de-deputado-federal\/#article","isPartOf":{"@id":"https:\/\/vanderloubet.com.br\/deputado\/vander-e-diplomado-pelo-tre-ms-para-quinto-mandato-consecutivo-de-deputado-federal\/"},"author":{"name":"\u00c9der","@id":"https:\/\/vanderloubet.com.br\/deputado\/#\/schema\/person\/15b51bd564532a8a68d9dec1b8eb890e"},"headline":"Vander \u00e9 diplomado pelo TRE-MS para quinto mandato consecutivo de deputado federal","datePublished":"2018-12-15T11:00:08+00:00","dateModified":"2019-04-05T13:24:36+00:00","mainEntityOfPage":{"@id":"https:\/\/vanderloubet.com.br\/deputado\/vander-e-diplomado-pelo-tre-ms-para-quinto-mandato-consecutivo-de-deputado-federal\/"},"wordCount":206,"publisher":{"@id":"https:\/\/vanderloubet.com.br\/deputado\/#organization"},"image":{"@id":"https:\/\/vanderloubet.com.br\/deputado\/vander-e-diplomado-pelo-tre-ms-para-quinto-mandato-consecutivo-de-deputado-federal\/#primaryimage"},"thumbnailUrl":"https:\/\/vanderloubet.com.br\/deputado\/wp-content\/uploads\/2018\/12\/foto-2018-12-14-diplomacao-tre-01.jpg","keywords":["elei\u00e7\u00e3o","justi\u00e7a eleitoral"],"articleSection":["Mato Grosso do Sul","Not\u00edcias"],"inLanguage":"pt-BR"},{"@type":"WebPage","@id":"https:\/\/vanderloubet.com.br\/deputado\/vander-e-diplomado-pelo-tre-ms-para-quinto-mandato-consecutivo-de-deputado-federal\/","url":"https:\/\/vanderloubet.com.br\/deputado\/vander-e-diplomado-pelo-tre-ms-para-quinto-mandato-consecutivo-de-deputado-federal\/","name":"Vander \u00e9 diplomado pelo TRE-MS para quinto mandato consecutivo de deputado federal","isPartOf":{"@id":"https:\/\/vanderloubet.com.br\/deputado\/#website"},"primaryImageOfPage":{"@id":"https:\/\/vanderloubet.com.br\/deputado\/vander-e-diplomado-pelo-tre-ms-para-quinto-mandato-consecutivo-de-deputado-federal\/#primaryimage"},"image":{"@id":"https:\/\/vanderloubet.com.br\/deputado\/vander-e-diplomado-pelo-tre-ms-para-quinto-mandato-consecutivo-de-deputado-federal\/#primaryimage"},"thumbnailUrl":"https:\/\/vanderloubet.com.br\/deputado\/wp-content\/uploads\/2018\/12\/foto-2018-12-14-diplomacao-tre-01.jpg","datePublished":"2018-12-15T11:00:08+00:00","dateModified":"2019-04-05T13:24:36+00:00","breadcrumb":{"@id":"https:\/\/vanderloubet.com.br\/deputado\/vander-e-diplomado-pelo-tre-ms-para-quinto-mandato-consecutivo-de-deputado-federal\/#breadcrumb"},"inLanguage":"pt-BR","potentialAction":[{"@type":"ReadAction","target":["https:\/\/vanderloubet.com.br\/deputado\/vander-e-diplomado-pelo-tre-ms-para-quinto-mandato-consecutivo-de-deputado-federal\/"]}]},{"@type":"ImageObject","inLanguage":"pt-BR","@id":"https:\/\/vanderloubet.com.br\/deputado\/vander-e-diplomado-pelo-tre-ms-para-quinto-mandato-consecutivo-de-deputado-federal\/#primaryimage","url":"https:\/\/vanderloubet.com.br\/deputado\/wp-content\/uploads\/2018\/12\/foto-2018-12-14-diplomacao-tre-01.jpg","contentUrl":"https:\/\/vanderloubet.com.br\/deputado\/wp-content\/uploads\/2018\/12\/foto-2018-12-14-diplomacao-tre-01.jpg","width":1280,"height":720,"caption":"Vander foi diplomado para seu 5\u00ba mandato consecutivo como deputado federal"},{"@type":"BreadcrumbList","@id":"https:\/\/vanderloubet.com.br\/deputado\/vander-e-diplomado-pelo-tre-ms-para-quinto-mandato-consecutivo-de-deputado-federal\/#breadcrumb","itemListElement":[{"@type":"ListItem","position":1,"name":"In\u00edcio","item":"https:\/\/vanderloubet.com.br\/deputado\/"},{"@type":"ListItem","position":2,"name":"Vander \u00e9 diplomado pelo TRE-MS para quinto mandato consecutivo de deputado federal"}]},{"@type":"WebSite","@id":"https:\/\/vanderloubet.com.br\/deputado\/#website","url":"https:\/\/vanderloubet.com.br\/deputado\/","name":"Deputado Federal Vander Loubet","description":"O Federal de MS","publisher":{"@id":"https:\/\/vanderloubet.com.br\/deputado\/#organization"},"alternateName":"Deputado Vander","potentialAction":[{"@type":"SearchAction","target":{"@type":"EntryPoint","urlTemplate":"https:\/\/vanderloubet.com.br\/deputado\/?s={search_term_string}"},"query-input":{"@type":"PropertyValueSpecification","valueRequired":true,"valueName":"search_term_string"}}],"inLanguage":"pt-BR"},{"@type":"Organization","@id":"https:\/\/vanderloubet.com.br\/deputado\/#organization","name":"Deputado Federal Vander Loubet","alternateName":"Deputado Vander","url":"https:\/\/vanderloubet.com.br\/deputado\/","logo":{"@type":"ImageObject","inLanguage":"pt-BR","@id":"https:\/\/vanderloubet.com.br\/deputado\/#\/schema\/logo\/image\/","url":"https:\/\/vanderloubet.com.br\/deputado\/wp-content\/uploads\/2023\/06\/foto-2023-06-19-mandato-deputado-vander.jpg","contentUrl":"https:\/\/vanderloubet.com.br\/deputado\/wp-content\/uploads\/2023\/06\/foto-2023-06-19-mandato-deputado-vander.jpg","width":1080,"height":1080,"caption":"Deputado Federal Vander Loubet"},"image":{"@id":"https:\/\/vanderloubet.com.br\/deputado\/#\/schema\/logo\/image\/"},"sameAs":["https:\/\/facebook.com\/deputadovander","https:\/\/x.com\/vanderloubet","https:\/\/instagram.com\/vanderloubet","https:\/\/youtube.com\/vanderloubet","https:\/\/tiktok.com\/@vanderloubetms"]},{"@type":"Person","@id":"https:\/\/vanderloubet.com.br\/deputado\/#\/schema\/person\/15b51bd564532a8a68d9dec1b8eb890e","name":"\u00c9der","image":{"@type":"ImageObject","inLanguage":"pt-BR","@id":"https:\/\/vanderloubet.com.br\/deputado\/wp-content\/litespeed\/avatar\/88ca4090d9d5ab1c9495f6ca03b68efa.jpg?ver=1777058957","url":"https:\/\/vanderloubet.com.br\/deputado\/wp-content\/litespeed\/avatar\/88ca4090d9d5ab1c9495f6ca03b68efa.jpg?ver=1777058957","contentUrl":"https:\/\/vanderloubet.com.br\/deputado\/wp-content\/litespeed\/avatar\/88ca4090d9d5ab1c9495f6ca03b68efa.jpg?ver=1777058957","caption":"\u00c9der"}}]}},"jetpack_featured_media_url":"https:\/\/vanderloubet.com.br\/deputado\/wp-content\/uploads\/2018\/12\/foto-2018-12-14-diplomacao-tre-01.jpg","jetpack_sharing_enabled":true,"_links":{"self":[{"href":"https:\/\/vanderloubet.com.br\/deputado\/wp-json\/wp\/v2\/posts\/14029","targetHints":{"allow":["GET"]}}],"collection":[{"href":"https:\/\/vanderloubet.com.br\/deputado\/wp-json\/wp\/v2\/posts"}],"about":[{"href":"https:\/\/vanderloubet.com.br\/deputado\/wp-json\/wp\/v2\/types\/post"}],"author":[{"embeddable":true,"href":"https:\/\/vanderloubet.com.br\/deputado\/wp-json\/wp\/v2\/users\/2"}],"replies":[{"embeddable":true,"href":"https:\/\/vanderloubet.com.br\/deputado\/wp-json\/wp\/v2\/comments?post=14029"}],"version-history":[{"count":0,"href":"https:\/\/vanderloubet.com.br\/deputado\/wp-json\/wp\/v2\/posts\/14029\/revisions"}],"wp:featuredmedia":[{"embeddable":true,"href":"https:\/\/vanderloubet.com.br\/deputado\/wp-json\/wp\/v2\/media\/14030"}],"wp:attachment":[{"href":"https:\/\/vanderloubet.com.br\/deputado\/wp-json\/wp\/v2\/media?parent=14029"}],"wp:term":[{"taxonomy":"category","embeddable":true,"href":"https:\/\/vanderloubet.com.br\/deputado\/wp-json\/wp\/v2\/categories?post=14029"},{"taxonomy":"post_tag","embeddable":true,"href":"https:\/\/vanderloubet.com.br\/deputado\/wp-json\/wp\/v2\/tags?post=14029"}],"curies":[{"name":"wp","href":"https:\/\/api.w.org\/{rel}","templated":true}]}}