{"id":14019,"date":"2018-12-04T22:02:28","date_gmt":"2018-12-05T01:02:28","guid":{"rendered":"http:\/\/vanderloubet.com.br\/deputado\/?p=14019"},"modified":"2018-12-04T22:02:28","modified_gmt":"2018-12-05T01:02:28","slug":"com-apoio-de-vander-e-zeca-projeto-de-agricultura-periurbana-para-indigenas-sera-lancado-dia-10","status":"publish","type":"post","link":"https:\/\/vanderloubet.com.br\/deputado\/com-apoio-de-vander-e-zeca-projeto-de-agricultura-periurbana-para-indigenas-sera-lancado-dia-10\/","title":{"rendered":"Com apoio de Vander e Zeca, projeto de agricultura periurbana para ind\u00edgenas ser\u00e1 lan\u00e7ado dia 10"},"content":{"rendered":"\r\n                <style type=\"text\/css\">\r\n                    \r\n                    #tdi_1  .td-doubleSlider-2 .td-item1 {\r\n                        background: url(https:\/\/vanderloubet.com.br\/deputado\/wp-content\/uploads\/2018\/12\/foto-2018-12-05-agricultura-periurbana-01-80x60.jpg) 0 0 no-repeat;\r\n                    }\r\n                    #tdi_1  .td-doubleSlider-2 .td-item2 {\r\n                        background: url(https:\/\/vanderloubet.com.br\/deputado\/wp-content\/uploads\/2018\/12\/foto-2018-12-05-agricultura-periurbana-02-80x60.jpg) 0 0 no-repeat;\r\n                    }\r\n                    #tdi_1  .td-doubleSlider-2 .td-item3 {\r\n                        background: url(https:\/\/vanderloubet.com.br\/deputado\/wp-content\/uploads\/2018\/12\/foto-2018-12-05-agricultura-periurbana-03-80x60.jpg) 0 0 no-repeat;\r\n                    }\r\n                <\/style>\r\n\r\n                <div id=\"tdi_1\" class=\"td-gallery td-slide-on-2-columns\">\r\n                    <div class=\"post_td_gallery\">\r\n                        <div class=\"td-gallery-slide-top\">\r\n                           <div class=\"td-gallery-title\"><\/div>\r\n\r\n                            <div class=\"td-gallery-controls-wrapper\">\r\n                                <div class=\"td-gallery-slide-count\"><span class=\"td-gallery-slide-item-focus\">1<\/span> de 3<\/div>\r\n                                <div class=\"td-gallery-slide-prev-next-but\">\r\n                                    <i class = \"td-icon-left doubleSliderPrevButton\"><\/i>\r\n                                    <i class = \"td-icon-right doubleSliderNextButton\"><\/i>\r\n                                <\/div>\r\n                            <\/div>\r\n                        <\/div>\r\n\r\n                        <div class = \"td-doubleSlider-1 \">\r\n                            <div class = \"td-slider\">\r\n                                \r\n                    <div class = \"td-slide-item td-item1\">\r\n                        <figure class=\"td-slide-galery-figure td-slide-popup-gallery\">\r\n                            <a class=\"slide-gallery-image-link\" href=\"https:\/\/vanderloubet.com.br\/deputado\/wp-content\/uploads\/2018\/12\/foto-2018-12-05-agricultura-periurbana-01.jpg\" title=\"Constru\u00e7\u00e3o das estufas j\u00e1 come\u00e7ou na Aldeia Urbana \u00c1gua Bonita, em Campo Grande\"  data-caption=\"\"  data-description=\"Constru&ccedil;&atilde;o das estufas j&aacute; come&ccedil;ou na Aldeia Urbana &Aacute;gua Bonita, em Campo Grande\">\r\n                                <img decoding=\"async\" src=\"https:\/\/vanderloubet.com.br\/deputado\/wp-content\/uploads\/2018\/12\/foto-2018-12-05-agricultura-periurbana-01-746x420.jpg\" srcset=\"https:\/\/vanderloubet.com.br\/deputado\/wp-content\/uploads\/2018\/12\/foto-2018-12-05-agricultura-periurbana-01-746x420.jpg 746w, https:\/\/vanderloubet.com.br\/deputado\/wp-content\/uploads\/2018\/12\/foto-2018-12-05-agricultura-periurbana-01-350x197.jpg 350w, https:\/\/vanderloubet.com.br\/deputado\/wp-content\/uploads\/2018\/12\/foto-2018-12-05-agricultura-periurbana-01-768x432.jpg 768w, https:\/\/vanderloubet.com.br\/deputado\/wp-content\/uploads\/2018\/12\/foto-2018-12-05-agricultura-periurbana-01-700x394.jpg 700w, https:\/\/vanderloubet.com.br\/deputado\/wp-content\/uploads\/2018\/12\/foto-2018-12-05-agricultura-periurbana-01-696x392.jpg 696w, https:\/\/vanderloubet.com.br\/deputado\/wp-content\/uploads\/2018\/12\/foto-2018-12-05-agricultura-periurbana-01-1068x601.jpg 1068w, https:\/\/vanderloubet.com.br\/deputado\/wp-content\/uploads\/2018\/12\/foto-2018-12-05-agricultura-periurbana-01.jpg 1080w\" sizes=\"(max-width: 746px) 100vw, 746px\" alt=\"Constru&ccedil;&atilde;o das estufas j&aacute; come&ccedil;ou na Aldeia Urbana &Aacute;gua Bonita, em Campo Grande\">\r\n                            <\/a>\r\n                            <figcaption class = \"td-slide-caption td-gallery-slide-content\"><span>Constru\u00e7\u00e3o das estufas j\u00e1 come\u00e7ou na Aldeia Urbana \u00c1gua Bonita, em Campo Grande<\/span><\/figcaption>\r\n                        <\/figure>\r\n                    <\/div>\r\n                    <div class = \"td-slide-item td-item2\">\r\n                        <figure class=\"td-slide-galery-figure td-slide-popup-gallery\">\r\n                            <a class=\"slide-gallery-image-link\" href=\"https:\/\/vanderloubet.com.br\/deputado\/wp-content\/uploads\/2018\/12\/foto-2018-12-05-agricultura-periurbana-02.jpg\" title=\"Constru\u00e7\u00e3o das estufas j\u00e1 come\u00e7ou na Aldeia Urbana \u00c1gua Bonita, em Campo Grande\"  data-caption=\"\"  data-description=\"Constru&ccedil;&atilde;o das estufas j&aacute; come&ccedil;ou na Aldeia Urbana &Aacute;gua Bonita, em Campo Grande\">\r\n                                <img decoding=\"async\" src=\"https:\/\/vanderloubet.com.br\/deputado\/wp-content\/uploads\/2018\/12\/foto-2018-12-05-agricultura-periurbana-02-746x420.jpg\" srcset=\"https:\/\/vanderloubet.com.br\/deputado\/wp-content\/uploads\/2018\/12\/foto-2018-12-05-agricultura-periurbana-02-746x420.jpg 746w, https:\/\/vanderloubet.com.br\/deputado\/wp-content\/uploads\/2018\/12\/foto-2018-12-05-agricultura-periurbana-02-350x197.jpg 350w, https:\/\/vanderloubet.com.br\/deputado\/wp-content\/uploads\/2018\/12\/foto-2018-12-05-agricultura-periurbana-02-768x432.jpg 768w, https:\/\/vanderloubet.com.br\/deputado\/wp-content\/uploads\/2018\/12\/foto-2018-12-05-agricultura-periurbana-02-700x394.jpg 700w, https:\/\/vanderloubet.com.br\/deputado\/wp-content\/uploads\/2018\/12\/foto-2018-12-05-agricultura-periurbana-02-696x392.jpg 696w, https:\/\/vanderloubet.com.br\/deputado\/wp-content\/uploads\/2018\/12\/foto-2018-12-05-agricultura-periurbana-02-1068x601.jpg 1068w, https:\/\/vanderloubet.com.br\/deputado\/wp-content\/uploads\/2018\/12\/foto-2018-12-05-agricultura-periurbana-02.jpg 1080w\" sizes=\"(max-width: 746px) 100vw, 746px\" alt=\"Constru&ccedil;&atilde;o das estufas j&aacute; come&ccedil;ou na Aldeia Urbana &Aacute;gua Bonita, em Campo Grande\">\r\n                            <\/a>\r\n                            <figcaption class = \"td-slide-caption td-gallery-slide-content\"><span>Constru\u00e7\u00e3o das estufas j\u00e1 come\u00e7ou na Aldeia Urbana \u00c1gua Bonita, em Campo Grande<\/span><\/figcaption>\r\n                        <\/figure>\r\n                    <\/div>\r\n                    <div class = \"td-slide-item td-item3\">\r\n                        <figure class=\"td-slide-galery-figure td-slide-popup-gallery\">\r\n                            <a class=\"slide-gallery-image-link\" href=\"https:\/\/vanderloubet.com.br\/deputado\/wp-content\/uploads\/2018\/12\/foto-2018-12-05-agricultura-periurbana-03.jpg\" title=\"Constru\u00e7\u00e3o das estufas j\u00e1 come\u00e7ou na Aldeia Urbana \u00c1gua Bonita, em Campo Grande\"  data-caption=\"\"  data-description=\"Constru&ccedil;&atilde;o das estufas j&aacute; come&ccedil;ou na Aldeia Urbana &Aacute;gua Bonita, em Campo Grande\">\r\n                                <img decoding=\"async\" src=\"https:\/\/vanderloubet.com.br\/deputado\/wp-content\/uploads\/2018\/12\/foto-2018-12-05-agricultura-periurbana-03-746x420.jpg\" srcset=\"https:\/\/vanderloubet.com.br\/deputado\/wp-content\/uploads\/2018\/12\/foto-2018-12-05-agricultura-periurbana-03-746x420.jpg 746w, https:\/\/vanderloubet.com.br\/deputado\/wp-content\/uploads\/2018\/12\/foto-2018-12-05-agricultura-periurbana-03-350x197.jpg 350w, https:\/\/vanderloubet.com.br\/deputado\/wp-content\/uploads\/2018\/12\/foto-2018-12-05-agricultura-periurbana-03-768x432.jpg 768w, https:\/\/vanderloubet.com.br\/deputado\/wp-content\/uploads\/2018\/12\/foto-2018-12-05-agricultura-periurbana-03-700x394.jpg 700w, https:\/\/vanderloubet.com.br\/deputado\/wp-content\/uploads\/2018\/12\/foto-2018-12-05-agricultura-periurbana-03-696x392.jpg 696w, https:\/\/vanderloubet.com.br\/deputado\/wp-content\/uploads\/2018\/12\/foto-2018-12-05-agricultura-periurbana-03-1068x601.jpg 1068w, https:\/\/vanderloubet.com.br\/deputado\/wp-content\/uploads\/2018\/12\/foto-2018-12-05-agricultura-periurbana-03.jpg 1080w\" sizes=\"(max-width: 746px) 100vw, 746px\" alt=\"Constru&ccedil;&atilde;o das estufas j&aacute; come&ccedil;ou na Aldeia Urbana &Aacute;gua Bonita, em Campo Grande\">\r\n                            <\/a>\r\n                            <figcaption class = \"td-slide-caption td-gallery-slide-content\"><span>Constru\u00e7\u00e3o das estufas j\u00e1 come\u00e7ou na Aldeia Urbana \u00c1gua Bonita, em Campo Grande<\/span><\/figcaption>\r\n                        <\/figure>\r\n                    <\/div>\r\n                            <\/div>\r\n                        <\/div>\r\n\r\n                        <div class = \"td-doubleSlider-2\">\r\n                            <div class = \"td-slider\">\r\n                                \r\n                    <div class = \"td-button td-item1\">\r\n                        <div class = \"td-border\"><\/div>\r\n                    <\/div>\r\n                    <div class = \"td-button td-item2\">\r\n                        <div class = \"td-border\"><\/div>\r\n                    <\/div>\r\n                    <div class = \"td-button td-item3\">\r\n                        <div class = \"td-border\"><\/div>\r\n                    <\/div>\r\n                            <\/div>\r\n                        <\/div>\r\n\r\n                    <\/div>\r\n\r\n                <\/div>\r\n                \n<p>Ser\u00e1 lan\u00e7ado na pr\u00f3xima segunda-feira (10) o projeto &#8220;Agricultura Periurbana em Comunidades Indigenas no Mato Grosso do Sul&#8221;, cuja proposta \u00e9 implantar um sistema de produ\u00e7\u00e3o de hortali\u00e7as, com estufas para produ\u00e7\u00e3o de mudas e telados para o plantio em sistema de \u00e1rea protegida nas comunidades ind\u00edgenas no meio urbano. O evento ser\u00e1 realizado \u00e0s 16 horas, no Anfiteatro 2 do Centro Multiuso do campus da Universidade Federal de Mato Grosso do Sul (UFMS) em Campo Grande.<\/p>\n<p>A iniciativa conta com o apoio dos deputados federais Vander Loubet e Zeca do PT, que viabilizaram emendas parlamentares para a execu\u00e7\u00e3o do projeto. O recurso foi empenhado pelo Or\u00e7amento Geral da Uni\u00e3o de 2017 e soma R$ 500 mil.<\/p>\n<p>&#8220;Os recursos ser\u00e3o investidos na compra de insumos: sementes, adubo e o material para construir as estufas&#8221;, explica Zeca. &#8220;A assist\u00eancia t\u00e9cnica e a coordena\u00e7\u00e3o do trabalho v\u00e3o ficar a cargo da Universidade e da Agraer [Ag\u00eancia Estadual de Desenvolvimento Agr\u00e1rio e Extens\u00e3o Rural], que tamb\u00e9m \u00e9 parceira do trabalho&#8221;, complementa Vander.<\/p>\n<p>A coordenadora do projeto, professora doutora Vanderleia Paes Leite Mussi, da Faculdade de Ci\u00eancias Humanas (Fach) da , destaca que o projeto nasceu como desdobramento do &#8220;I Semin\u00e1rio de Direitos Humanos e Pol\u00edticas P\u00fablicas para os Povos Ind\u00edgenas em Contexto Urbano&#8221;, no qual foram discutidas quest\u00f5es do cotidiano das comunidades ind\u00edgenas, com foco em trabalho, educa\u00e7\u00e3o, sa\u00fade, habita\u00e7\u00e3o, assist\u00eancia social, lazer e identidade cultural.<\/p>\n<p>&#8220;O sistema a ser implantado \u00e9 complexo e necessita de infraestrutura eficaz, como ambiente, energia, \u00e1gua, ferramentas e insumos. Tudo isso acrescido de um plano eficiente de neg\u00f3cio que envolva gera\u00e7\u00e3o de energia, para aumentar a produ\u00e7\u00e3o; reaproveitamento da \u00e1gua, para reduzir custos; tornando a produ\u00e7\u00e3o sustent\u00e1vel e facilitando a comercializa\u00e7\u00e3o dos produtos&#8221;, salienta a professora.<\/p>\n<p>O projeto espera contribuir para nortear e fomentar pol\u00edticas p\u00fablicas para povos ind\u00edgenas em contextos urbanos. Tamb\u00e9m almeja propiciar modelos de a\u00e7\u00e3o que possam gerar renda para as aldeias ind\u00edgenas, contribuindo com a autonomia e sustentabilidade de todas as comunidades que aderirem ao projeto. Inicialmente ser\u00e3o atendidas as aldeias \u00c1gua Bonita (Campo Grande), 10 de Maio (Sidrol\u00e2ndia) e Aldeinha (Anast\u00e1cio), al\u00e9m da comunidade do Bairro Lageado, na Capital.<\/p>\n","protected":false},"excerpt":{"rendered":"<p>Coordena\u00e7\u00e3o e assist\u00eancia t\u00e9cnica do projeto ser\u00e1 da UFMS e da Agraer.<\/p>\n","protected":false},"author":2,"featured_media":14023,"comment_status":"closed","ping_status":"closed","sticky":false,"template":"","format":"standard","meta":{"jetpack_post_was_ever_published":false,"_jetpack_newsletter_access":"","_jetpack_dont_email_post_to_subs":false,"_jetpack_newsletter_tier_id":0,"_jetpack_memberships_contains_paywalled_content":false,"_jetpack_memberships_contains_paid_content":false,"footnotes":""},"categories":[2097,10],"tags":[2132,2390,2373],"class_list":{"0":"post-14019","1":"post","2":"type-post","3":"status-publish","4":"format-standard","5":"has-post-thumbnail","7":"category-municipios-noticias","8":"category-noticias","9":"tag-agricultura-familiar","10":"tag-agricultura-periurbana","11":"tag-aldeia-indigena"},"yoast_head":"<!-- This site is optimized with the Yoast SEO plugin v27.4 - https:\/\/yoast.com\/product\/yoast-seo-wordpress\/ -->\n<title>Com apoio de Vander e Zeca, projeto de agricultura periurbana para ind\u00edgenas ser\u00e1 lan\u00e7ado dia 10<\/title>\n<meta name=\"robots\" content=\"index, follow, max-snippet:-1, max-image-preview:large, max-video-preview:-1\" \/>\n<link rel=\"canonical\" href=\"https:\/\/vanderloubet.com.br\/deputado\/com-apoio-de-vander-e-zeca-projeto-de-agricultura-periurbana-para-indigenas-sera-lancado-dia-10\/\" \/>\n<meta property=\"og:locale\" content=\"pt_BR\" \/>\n<meta property=\"og:type\" content=\"article\" \/>\n<meta property=\"og:title\" content=\"Com apoio de Vander e Zeca, projeto de agricultura periurbana para ind\u00edgenas ser\u00e1 lan\u00e7ado dia 10\" \/>\n<meta property=\"og:description\" content=\"Coordena\u00e7\u00e3o e assist\u00eancia t\u00e9cnica do projeto ser\u00e1 da UFMS e da Agraer.\" \/>\n<meta property=\"og:url\" content=\"https:\/\/vanderloubet.com.br\/deputado\/com-apoio-de-vander-e-zeca-projeto-de-agricultura-periurbana-para-indigenas-sera-lancado-dia-10\/\" \/>\n<meta property=\"og:site_name\" content=\"Deputado Federal Vander Loubet\" \/>\n<meta property=\"article:publisher\" content=\"https:\/\/facebook.com\/deputadovander\" \/>\n<meta property=\"article:published_time\" content=\"2018-12-05T01:02:28+00:00\" \/>\n<meta property=\"og:image\" content=\"https:\/\/vanderloubet.com.br\/deputado\/wp-content\/uploads\/2018\/12\/foto-2018-12-05-agricultura-periurbana.jpg\" \/>\n\t<meta property=\"og:image:width\" content=\"1080\" \/>\n\t<meta property=\"og:image:height\" content=\"608\" \/>\n\t<meta property=\"og:image:type\" content=\"image\/jpeg\" \/>\n<meta name=\"author\" content=\"\u00c9der\" \/>\n<meta name=\"twitter:card\" content=\"summary_large_image\" \/>\n<meta name=\"twitter:creator\" content=\"@vanderloubet\" \/>\n<meta name=\"twitter:site\" content=\"@vanderloubet\" \/>\n<script type=\"application\/ld+json\" class=\"yoast-schema-graph\">{\"@context\":\"https:\\\/\\\/schema.org\",\"@graph\":[{\"@type\":\"Article\",\"@id\":\"https:\\\/\\\/vanderloubet.com.br\\\/deputado\\\/com-apoio-de-vander-e-zeca-projeto-de-agricultura-periurbana-para-indigenas-sera-lancado-dia-10\\\/#article\",\"isPartOf\":{\"@id\":\"https:\\\/\\\/vanderloubet.com.br\\\/deputado\\\/com-apoio-de-vander-e-zeca-projeto-de-agricultura-periurbana-para-indigenas-sera-lancado-dia-10\\\/\"},\"author\":{\"name\":\"\u00c9der\",\"@id\":\"https:\\\/\\\/vanderloubet.com.br\\\/deputado\\\/#\\\/schema\\\/person\\\/15b51bd564532a8a68d9dec1b8eb890e\"},\"headline\":\"Com apoio de Vander e Zeca, projeto de agricultura periurbana para ind\u00edgenas ser\u00e1 lan\u00e7ado dia 10\",\"datePublished\":\"2018-12-05T01:02:28+00:00\",\"mainEntityOfPage\":{\"@id\":\"https:\\\/\\\/vanderloubet.com.br\\\/deputado\\\/com-apoio-de-vander-e-zeca-projeto-de-agricultura-periurbana-para-indigenas-sera-lancado-dia-10\\\/\"},\"wordCount\":418,\"publisher\":{\"@id\":\"https:\\\/\\\/vanderloubet.com.br\\\/deputado\\\/#organization\"},\"image\":{\"@id\":\"https:\\\/\\\/vanderloubet.com.br\\\/deputado\\\/com-apoio-de-vander-e-zeca-projeto-de-agricultura-periurbana-para-indigenas-sera-lancado-dia-10\\\/#primaryimage\"},\"thumbnailUrl\":\"https:\\\/\\\/vanderloubet.com.br\\\/deputado\\\/wp-content\\\/uploads\\\/2018\\\/12\\\/foto-2018-12-05-agricultura-periurbana.jpg\",\"keywords\":[\"agricultura familiar\",\"agricultura periurbana\",\"aldeia ind\u00edgena\"],\"articleSection\":[\"Munic\u00edpios\",\"Not\u00edcias\"],\"inLanguage\":\"pt-BR\"},{\"@type\":\"WebPage\",\"@id\":\"https:\\\/\\\/vanderloubet.com.br\\\/deputado\\\/com-apoio-de-vander-e-zeca-projeto-de-agricultura-periurbana-para-indigenas-sera-lancado-dia-10\\\/\",\"url\":\"https:\\\/\\\/vanderloubet.com.br\\\/deputado\\\/com-apoio-de-vander-e-zeca-projeto-de-agricultura-periurbana-para-indigenas-sera-lancado-dia-10\\\/\",\"name\":\"Com apoio de Vander e Zeca, projeto de agricultura periurbana para ind\u00edgenas ser\u00e1 lan\u00e7ado dia 10\",\"isPartOf\":{\"@id\":\"https:\\\/\\\/vanderloubet.com.br\\\/deputado\\\/#website\"},\"primaryImageOfPage\":{\"@id\":\"https:\\\/\\\/vanderloubet.com.br\\\/deputado\\\/com-apoio-de-vander-e-zeca-projeto-de-agricultura-periurbana-para-indigenas-sera-lancado-dia-10\\\/#primaryimage\"},\"image\":{\"@id\":\"https:\\\/\\\/vanderloubet.com.br\\\/deputado\\\/com-apoio-de-vander-e-zeca-projeto-de-agricultura-periurbana-para-indigenas-sera-lancado-dia-10\\\/#primaryimage\"},\"thumbnailUrl\":\"https:\\\/\\\/vanderloubet.com.br\\\/deputado\\\/wp-content\\\/uploads\\\/2018\\\/12\\\/foto-2018-12-05-agricultura-periurbana.jpg\",\"datePublished\":\"2018-12-05T01:02:28+00:00\",\"breadcrumb\":{\"@id\":\"https:\\\/\\\/vanderloubet.com.br\\\/deputado\\\/com-apoio-de-vander-e-zeca-projeto-de-agricultura-periurbana-para-indigenas-sera-lancado-dia-10\\\/#breadcrumb\"},\"inLanguage\":\"pt-BR\",\"potentialAction\":[{\"@type\":\"ReadAction\",\"target\":[\"https:\\\/\\\/vanderloubet.com.br\\\/deputado\\\/com-apoio-de-vander-e-zeca-projeto-de-agricultura-periurbana-para-indigenas-sera-lancado-dia-10\\\/\"]}]},{\"@type\":\"ImageObject\",\"inLanguage\":\"pt-BR\",\"@id\":\"https:\\\/\\\/vanderloubet.com.br\\\/deputado\\\/com-apoio-de-vander-e-zeca-projeto-de-agricultura-periurbana-para-indigenas-sera-lancado-dia-10\\\/#primaryimage\",\"url\":\"https:\\\/\\\/vanderloubet.com.br\\\/deputado\\\/wp-content\\\/uploads\\\/2018\\\/12\\\/foto-2018-12-05-agricultura-periurbana.jpg\",\"contentUrl\":\"https:\\\/\\\/vanderloubet.com.br\\\/deputado\\\/wp-content\\\/uploads\\\/2018\\\/12\\\/foto-2018-12-05-agricultura-periurbana.jpg\",\"width\":1080,\"height\":608,\"caption\":\"Agricultura periurbana ser\u00e1 fonte de subsist\u00eancia e de renda para aldeias ind\u00edgenas\"},{\"@type\":\"BreadcrumbList\",\"@id\":\"https:\\\/\\\/vanderloubet.com.br\\\/deputado\\\/com-apoio-de-vander-e-zeca-projeto-de-agricultura-periurbana-para-indigenas-sera-lancado-dia-10\\\/#breadcrumb\",\"itemListElement\":[{\"@type\":\"ListItem\",\"position\":1,\"name\":\"In\u00edcio\",\"item\":\"https:\\\/\\\/vanderloubet.com.br\\\/deputado\\\/\"},{\"@type\":\"ListItem\",\"position\":2,\"name\":\"Com apoio de Vander e Zeca, projeto de agricultura periurbana para ind\u00edgenas ser\u00e1 lan\u00e7ado dia 10\"}]},{\"@type\":\"WebSite\",\"@id\":\"https:\\\/\\\/vanderloubet.com.br\\\/deputado\\\/#website\",\"url\":\"https:\\\/\\\/vanderloubet.com.br\\\/deputado\\\/\",\"name\":\"Deputado Federal Vander Loubet\",\"description\":\"O Federal de MS\",\"publisher\":{\"@id\":\"https:\\\/\\\/vanderloubet.com.br\\\/deputado\\\/#organization\"},\"alternateName\":\"Deputado Vander\",\"potentialAction\":[{\"@type\":\"SearchAction\",\"target\":{\"@type\":\"EntryPoint\",\"urlTemplate\":\"https:\\\/\\\/vanderloubet.com.br\\\/deputado\\\/?s={search_term_string}\"},\"query-input\":{\"@type\":\"PropertyValueSpecification\",\"valueRequired\":true,\"valueName\":\"search_term_string\"}}],\"inLanguage\":\"pt-BR\"},{\"@type\":\"Organization\",\"@id\":\"https:\\\/\\\/vanderloubet.com.br\\\/deputado\\\/#organization\",\"name\":\"Deputado Federal Vander Loubet\",\"alternateName\":\"Deputado Vander\",\"url\":\"https:\\\/\\\/vanderloubet.com.br\\\/deputado\\\/\",\"logo\":{\"@type\":\"ImageObject\",\"inLanguage\":\"pt-BR\",\"@id\":\"https:\\\/\\\/vanderloubet.com.br\\\/deputado\\\/#\\\/schema\\\/logo\\\/image\\\/\",\"url\":\"https:\\\/\\\/vanderloubet.com.br\\\/deputado\\\/wp-content\\\/uploads\\\/2023\\\/06\\\/foto-2023-06-19-mandato-deputado-vander.jpg\",\"contentUrl\":\"https:\\\/\\\/vanderloubet.com.br\\\/deputado\\\/wp-content\\\/uploads\\\/2023\\\/06\\\/foto-2023-06-19-mandato-deputado-vander.jpg\",\"width\":1080,\"height\":1080,\"caption\":\"Deputado Federal Vander Loubet\"},\"image\":{\"@id\":\"https:\\\/\\\/vanderloubet.com.br\\\/deputado\\\/#\\\/schema\\\/logo\\\/image\\\/\"},\"sameAs\":[\"https:\\\/\\\/facebook.com\\\/deputadovander\",\"https:\\\/\\\/x.com\\\/vanderloubet\",\"https:\\\/\\\/instagram.com\\\/vanderloubet\",\"https:\\\/\\\/youtube.com\\\/vanderloubet\",\"https:\\\/\\\/tiktok.com\\\/@vanderloubetms\"]},{\"@type\":\"Person\",\"@id\":\"https:\\\/\\\/vanderloubet.com.br\\\/deputado\\\/#\\\/schema\\\/person\\\/15b51bd564532a8a68d9dec1b8eb890e\",\"name\":\"\u00c9der\",\"image\":{\"@type\":\"ImageObject\",\"inLanguage\":\"pt-BR\",\"@id\":\"https:\\\/\\\/vanderloubet.com.br\\\/deputado\\\/wp-content\\\/litespeed\\\/avatar\\\/88ca4090d9d5ab1c9495f6ca03b68efa.jpg?ver=1777058957\",\"url\":\"https:\\\/\\\/vanderloubet.com.br\\\/deputado\\\/wp-content\\\/litespeed\\\/avatar\\\/88ca4090d9d5ab1c9495f6ca03b68efa.jpg?ver=1777058957\",\"contentUrl\":\"https:\\\/\\\/vanderloubet.com.br\\\/deputado\\\/wp-content\\\/litespeed\\\/avatar\\\/88ca4090d9d5ab1c9495f6ca03b68efa.jpg?ver=1777058957\",\"caption\":\"\u00c9der\"}}]}<\/script>\n<!-- \/ Yoast SEO plugin. -->","yoast_head_json":{"title":"Com apoio de Vander e Zeca, projeto de agricultura periurbana para ind\u00edgenas ser\u00e1 lan\u00e7ado dia 10","robots":{"index":"index","follow":"follow","max-snippet":"max-snippet:-1","max-image-preview":"max-image-preview:large","max-video-preview":"max-video-preview:-1"},"canonical":"https:\/\/vanderloubet.com.br\/deputado\/com-apoio-de-vander-e-zeca-projeto-de-agricultura-periurbana-para-indigenas-sera-lancado-dia-10\/","og_locale":"pt_BR","og_type":"article","og_title":"Com apoio de Vander e Zeca, projeto de agricultura periurbana para ind\u00edgenas ser\u00e1 lan\u00e7ado dia 10","og_description":"Coordena\u00e7\u00e3o e assist\u00eancia t\u00e9cnica do projeto ser\u00e1 da UFMS e da Agraer.","og_url":"https:\/\/vanderloubet.com.br\/deputado\/com-apoio-de-vander-e-zeca-projeto-de-agricultura-periurbana-para-indigenas-sera-lancado-dia-10\/","og_site_name":"Deputado Federal Vander Loubet","article_publisher":"https:\/\/facebook.com\/deputadovander","article_published_time":"2018-12-05T01:02:28+00:00","og_image":[{"width":1080,"height":608,"url":"https:\/\/vanderloubet.com.br\/deputado\/wp-content\/uploads\/2018\/12\/foto-2018-12-05-agricultura-periurbana.jpg","type":"image\/jpeg"}],"author":"\u00c9der","twitter_card":"summary_large_image","twitter_creator":"@vanderloubet","twitter_site":"@vanderloubet","schema":{"@context":"https:\/\/schema.org","@graph":[{"@type":"Article","@id":"https:\/\/vanderloubet.com.br\/deputado\/com-apoio-de-vander-e-zeca-projeto-de-agricultura-periurbana-para-indigenas-sera-lancado-dia-10\/#article","isPartOf":{"@id":"https:\/\/vanderloubet.com.br\/deputado\/com-apoio-de-vander-e-zeca-projeto-de-agricultura-periurbana-para-indigenas-sera-lancado-dia-10\/"},"author":{"name":"\u00c9der","@id":"https:\/\/vanderloubet.com.br\/deputado\/#\/schema\/person\/15b51bd564532a8a68d9dec1b8eb890e"},"headline":"Com apoio de Vander e Zeca, projeto de agricultura periurbana para ind\u00edgenas ser\u00e1 lan\u00e7ado dia 10","datePublished":"2018-12-05T01:02:28+00:00","mainEntityOfPage":{"@id":"https:\/\/vanderloubet.com.br\/deputado\/com-apoio-de-vander-e-zeca-projeto-de-agricultura-periurbana-para-indigenas-sera-lancado-dia-10\/"},"wordCount":418,"publisher":{"@id":"https:\/\/vanderloubet.com.br\/deputado\/#organization"},"image":{"@id":"https:\/\/vanderloubet.com.br\/deputado\/com-apoio-de-vander-e-zeca-projeto-de-agricultura-periurbana-para-indigenas-sera-lancado-dia-10\/#primaryimage"},"thumbnailUrl":"https:\/\/vanderloubet.com.br\/deputado\/wp-content\/uploads\/2018\/12\/foto-2018-12-05-agricultura-periurbana.jpg","keywords":["agricultura familiar","agricultura periurbana","aldeia ind\u00edgena"],"articleSection":["Munic\u00edpios","Not\u00edcias"],"inLanguage":"pt-BR"},{"@type":"WebPage","@id":"https:\/\/vanderloubet.com.br\/deputado\/com-apoio-de-vander-e-zeca-projeto-de-agricultura-periurbana-para-indigenas-sera-lancado-dia-10\/","url":"https:\/\/vanderloubet.com.br\/deputado\/com-apoio-de-vander-e-zeca-projeto-de-agricultura-periurbana-para-indigenas-sera-lancado-dia-10\/","name":"Com apoio de Vander e Zeca, projeto de agricultura periurbana para ind\u00edgenas ser\u00e1 lan\u00e7ado dia 10","isPartOf":{"@id":"https:\/\/vanderloubet.com.br\/deputado\/#website"},"primaryImageOfPage":{"@id":"https:\/\/vanderloubet.com.br\/deputado\/com-apoio-de-vander-e-zeca-projeto-de-agricultura-periurbana-para-indigenas-sera-lancado-dia-10\/#primaryimage"},"image":{"@id":"https:\/\/vanderloubet.com.br\/deputado\/com-apoio-de-vander-e-zeca-projeto-de-agricultura-periurbana-para-indigenas-sera-lancado-dia-10\/#primaryimage"},"thumbnailUrl":"https:\/\/vanderloubet.com.br\/deputado\/wp-content\/uploads\/2018\/12\/foto-2018-12-05-agricultura-periurbana.jpg","datePublished":"2018-12-05T01:02:28+00:00","breadcrumb":{"@id":"https:\/\/vanderloubet.com.br\/deputado\/com-apoio-de-vander-e-zeca-projeto-de-agricultura-periurbana-para-indigenas-sera-lancado-dia-10\/#breadcrumb"},"inLanguage":"pt-BR","potentialAction":[{"@type":"ReadAction","target":["https:\/\/vanderloubet.com.br\/deputado\/com-apoio-de-vander-e-zeca-projeto-de-agricultura-periurbana-para-indigenas-sera-lancado-dia-10\/"]}]},{"@type":"ImageObject","inLanguage":"pt-BR","@id":"https:\/\/vanderloubet.com.br\/deputado\/com-apoio-de-vander-e-zeca-projeto-de-agricultura-periurbana-para-indigenas-sera-lancado-dia-10\/#primaryimage","url":"https:\/\/vanderloubet.com.br\/deputado\/wp-content\/uploads\/2018\/12\/foto-2018-12-05-agricultura-periurbana.jpg","contentUrl":"https:\/\/vanderloubet.com.br\/deputado\/wp-content\/uploads\/2018\/12\/foto-2018-12-05-agricultura-periurbana.jpg","width":1080,"height":608,"caption":"Agricultura periurbana ser\u00e1 fonte de subsist\u00eancia e de renda para aldeias ind\u00edgenas"},{"@type":"BreadcrumbList","@id":"https:\/\/vanderloubet.com.br\/deputado\/com-apoio-de-vander-e-zeca-projeto-de-agricultura-periurbana-para-indigenas-sera-lancado-dia-10\/#breadcrumb","itemListElement":[{"@type":"ListItem","position":1,"name":"In\u00edcio","item":"https:\/\/vanderloubet.com.br\/deputado\/"},{"@type":"ListItem","position":2,"name":"Com apoio de Vander e Zeca, projeto de agricultura periurbana para ind\u00edgenas ser\u00e1 lan\u00e7ado dia 10"}]},{"@type":"WebSite","@id":"https:\/\/vanderloubet.com.br\/deputado\/#website","url":"https:\/\/vanderloubet.com.br\/deputado\/","name":"Deputado Federal Vander Loubet","description":"O Federal de MS","publisher":{"@id":"https:\/\/vanderloubet.com.br\/deputado\/#organization"},"alternateName":"Deputado Vander","potentialAction":[{"@type":"SearchAction","target":{"@type":"EntryPoint","urlTemplate":"https:\/\/vanderloubet.com.br\/deputado\/?s={search_term_string}"},"query-input":{"@type":"PropertyValueSpecification","valueRequired":true,"valueName":"search_term_string"}}],"inLanguage":"pt-BR"},{"@type":"Organization","@id":"https:\/\/vanderloubet.com.br\/deputado\/#organization","name":"Deputado Federal Vander Loubet","alternateName":"Deputado Vander","url":"https:\/\/vanderloubet.com.br\/deputado\/","logo":{"@type":"ImageObject","inLanguage":"pt-BR","@id":"https:\/\/vanderloubet.com.br\/deputado\/#\/schema\/logo\/image\/","url":"https:\/\/vanderloubet.com.br\/deputado\/wp-content\/uploads\/2023\/06\/foto-2023-06-19-mandato-deputado-vander.jpg","contentUrl":"https:\/\/vanderloubet.com.br\/deputado\/wp-content\/uploads\/2023\/06\/foto-2023-06-19-mandato-deputado-vander.jpg","width":1080,"height":1080,"caption":"Deputado Federal Vander Loubet"},"image":{"@id":"https:\/\/vanderloubet.com.br\/deputado\/#\/schema\/logo\/image\/"},"sameAs":["https:\/\/facebook.com\/deputadovander","https:\/\/x.com\/vanderloubet","https:\/\/instagram.com\/vanderloubet","https:\/\/youtube.com\/vanderloubet","https:\/\/tiktok.com\/@vanderloubetms"]},{"@type":"Person","@id":"https:\/\/vanderloubet.com.br\/deputado\/#\/schema\/person\/15b51bd564532a8a68d9dec1b8eb890e","name":"\u00c9der","image":{"@type":"ImageObject","inLanguage":"pt-BR","@id":"https:\/\/vanderloubet.com.br\/deputado\/wp-content\/litespeed\/avatar\/88ca4090d9d5ab1c9495f6ca03b68efa.jpg?ver=1777058957","url":"https:\/\/vanderloubet.com.br\/deputado\/wp-content\/litespeed\/avatar\/88ca4090d9d5ab1c9495f6ca03b68efa.jpg?ver=1777058957","contentUrl":"https:\/\/vanderloubet.com.br\/deputado\/wp-content\/litespeed\/avatar\/88ca4090d9d5ab1c9495f6ca03b68efa.jpg?ver=1777058957","caption":"\u00c9der"}}]}},"jetpack_featured_media_url":"https:\/\/vanderloubet.com.br\/deputado\/wp-content\/uploads\/2018\/12\/foto-2018-12-05-agricultura-periurbana.jpg","jetpack_sharing_enabled":true,"_links":{"self":[{"href":"https:\/\/vanderloubet.com.br\/deputado\/wp-json\/wp\/v2\/posts\/14019","targetHints":{"allow":["GET"]}}],"collection":[{"href":"https:\/\/vanderloubet.com.br\/deputado\/wp-json\/wp\/v2\/posts"}],"about":[{"href":"https:\/\/vanderloubet.com.br\/deputado\/wp-json\/wp\/v2\/types\/post"}],"author":[{"embeddable":true,"href":"https:\/\/vanderloubet.com.br\/deputado\/wp-json\/wp\/v2\/users\/2"}],"replies":[{"embeddable":true,"href":"https:\/\/vanderloubet.com.br\/deputado\/wp-json\/wp\/v2\/comments?post=14019"}],"version-history":[{"count":0,"href":"https:\/\/vanderloubet.com.br\/deputado\/wp-json\/wp\/v2\/posts\/14019\/revisions"}],"wp:featuredmedia":[{"embeddable":true,"href":"https:\/\/vanderloubet.com.br\/deputado\/wp-json\/wp\/v2\/media\/14023"}],"wp:attachment":[{"href":"https:\/\/vanderloubet.com.br\/deputado\/wp-json\/wp\/v2\/media?parent=14019"}],"wp:term":[{"taxonomy":"category","embeddable":true,"href":"https:\/\/vanderloubet.com.br\/deputado\/wp-json\/wp\/v2\/categories?post=14019"},{"taxonomy":"post_tag","embeddable":true,"href":"https:\/\/vanderloubet.com.br\/deputado\/wp-json\/wp\/v2\/tags?post=14019"}],"curies":[{"name":"wp","href":"https:\/\/api.w.org\/{rel}","templated":true}]}}