{"id":14011,"date":"2018-12-03T18:24:24","date_gmt":"2018-12-03T21:24:24","guid":{"rendered":"http:\/\/vanderloubet.com.br\/deputado\/?p=14011"},"modified":"2022-07-27T21:18:01","modified_gmt":"2022-07-28T01:18:01","slug":"vander-visita-laboratorio-da-ufms-para-conhecer-tecnologias-sociais-para-producao-de-alimentos","status":"publish","type":"post","link":"https:\/\/vanderloubet.com.br\/deputado\/vander-visita-laboratorio-da-ufms-para-conhecer-tecnologias-sociais-para-producao-de-alimentos\/","title":{"rendered":"Vander visita laborat\u00f3rio da UFMS para conhecer tecnologias sociais para produ\u00e7\u00e3o de alimentos"},"content":{"rendered":"<p>Na manh\u00e3 desta segunda-feira (03), o deputado federal Vander Loubet esteve no campus da Universidade Federal de Mato Grosso do Sul (UFMS) para conhecer o Batlab &#8211; Laborat\u00f3rio de Intelig\u00eancia Artificial, Eletr\u00f4nica de Pot\u00eancia e Sistemas Digitais.<\/p>\n<p>A visita atendeu a um convite do professor doutor Jo\u00e3o Onofre Pereira Pinto, da Faculdade de Engenharias, Arquitetura e Urbanismo e Geografia (Faeng). O deputado teve a oportunidade de ver de perto algumas das tecnologias sociais desenvolvidas pelo Laborat\u00f3rio para atender demandas de comunidades em rela\u00e7\u00e3o \u00e0 produ\u00e7\u00e3o de alimentos.<\/p>\n<p>Dentre os tecnologias, est\u00e3o t\u00e9cnicas para bombeamento de \u00e1gua para irriga\u00e7\u00e3o usando energia fotovoltaica (ou seja, energia solar) e para constru\u00e7\u00e3o de estufas de secagem de sementes e gr\u00e3os. S\u00e3o tecnologias que j\u00e1 foram implantadas em algumas aldeias ind\u00edgenas de Mato Grosso do Sul e at\u00e9 mesmo em comunidades de pa\u00edses como Jamaica e Guin\u00e9-Bissau.<\/p>\n<p>&#8220;A ideia do nosso mandato \u00e9 viabilizar recursos para que o professor e sua equipe possam implantar esses projetos em mais aldeias do nosso estado e tamb\u00e9m em assentamentos rurais e quilombolas. Al\u00e9m disso, me comprometi a trabalhar para buscar recursos que viabilizem a constru\u00e7\u00e3o de um novo laborat\u00f3rio para que possam ampliar o desenvolvimento dessas tecnologias sociais&#8221;, destacou Vander.<\/p>\n<p>Acompanharam a visita o professor doutor Ruben Godoy (integrante da equipe do Batlab) e os assessores parlamentares Valteci Castro, Humberto de Mello e Valber Noleto.<\/p>\n<p><em>(\u00c9der F. Yanaguita &#8211; Ascom\/Dep. Vander Loubet)<\/em><\/p>\n\r\n                <style type=\"text\/css\">\r\n                    \r\n                    #tdi_1  .td-doubleSlider-2 .td-item1 {\r\n                        background: url(https:\/\/vanderloubet.com.br\/deputado\/wp-content\/uploads\/2018\/12\/foto-2018-12-03-batlab-ufms-01-80x60.jpg) 0 0 no-repeat;\r\n                    }\r\n                    #tdi_1  .td-doubleSlider-2 .td-item2 {\r\n                        background: url(https:\/\/vanderloubet.com.br\/deputado\/wp-content\/uploads\/2018\/12\/foto-2018-12-03-batlab-ufms-02-80x60.jpg) 0 0 no-repeat;\r\n                    }\r\n                    #tdi_1  .td-doubleSlider-2 .td-item3 {\r\n                        background: url(https:\/\/vanderloubet.com.br\/deputado\/wp-content\/uploads\/2018\/12\/foto-2018-12-03-batlab-ufms-03-80x60.jpg) 0 0 no-repeat;\r\n                    }\r\n                    #tdi_1  .td-doubleSlider-2 .td-item4 {\r\n                        background: url(https:\/\/vanderloubet.com.br\/deputado\/wp-content\/uploads\/2018\/12\/foto-2018-12-03-batlab-ufms-04-80x60.jpg) 0 0 no-repeat;\r\n                    }\r\n                    #tdi_1  .td-doubleSlider-2 .td-item5 {\r\n                        background: url(https:\/\/vanderloubet.com.br\/deputado\/wp-content\/uploads\/2018\/12\/foto-2018-12-03-batlab-ufms-05-80x60.jpg) 0 0 no-repeat;\r\n                    }\r\n                <\/style>\r\n\r\n                <div id=\"tdi_1\" class=\"td-gallery td-slide-on-2-columns\">\r\n                    <div class=\"post_td_gallery\">\r\n                        <div class=\"td-gallery-slide-top\">\r\n                           <div class=\"td-gallery-title\"><\/div>\r\n\r\n                            <div class=\"td-gallery-controls-wrapper\">\r\n                                <div class=\"td-gallery-slide-count\"><span class=\"td-gallery-slide-item-focus\">1<\/span> de 5<\/div>\r\n                                <div class=\"td-gallery-slide-prev-next-but\">\r\n                                    <i class = \"td-icon-left doubleSliderPrevButton\"><\/i>\r\n                                    <i class = \"td-icon-right doubleSliderNextButton\"><\/i>\r\n                                <\/div>\r\n                            <\/div>\r\n                        <\/div>\r\n\r\n                        <div class = \"td-doubleSlider-1 \">\r\n                            <div class = \"td-slider\">\r\n                                \r\n                    <div class = \"td-slide-item td-item1\">\r\n                        <figure class=\"td-slide-galery-figure td-slide-popup-gallery\">\r\n                            <a class=\"slide-gallery-image-link\" href=\"https:\/\/vanderloubet.com.br\/deputado\/wp-content\/uploads\/2018\/12\/foto-2018-12-03-batlab-ufms-01.jpg\" title=\"Vander vai destinar recursos para que projetos beneficiem mais aldeias e tamb\u00e9m assentamentos\"  data-caption=\"\"  data-description=\"Vander vai destinar recursos para que projetos beneficiem mais aldeias e tamb&eacute;m assentamentos\">\r\n                                <img decoding=\"async\" src=\"https:\/\/vanderloubet.com.br\/deputado\/wp-content\/uploads\/2018\/12\/foto-2018-12-03-batlab-ufms-01-630x420.jpg\" srcset=\"https:\/\/vanderloubet.com.br\/deputado\/wp-content\/uploads\/2018\/12\/foto-2018-12-03-batlab-ufms-01-630x420.jpg 630w, https:\/\/vanderloubet.com.br\/deputado\/wp-content\/uploads\/2018\/12\/foto-2018-12-03-batlab-ufms-01-350x233.jpg 350w, https:\/\/vanderloubet.com.br\/deputado\/wp-content\/uploads\/2018\/12\/foto-2018-12-03-batlab-ufms-01-768x512.jpg 768w, https:\/\/vanderloubet.com.br\/deputado\/wp-content\/uploads\/2018\/12\/foto-2018-12-03-batlab-ufms-01-700x467.jpg 700w, https:\/\/vanderloubet.com.br\/deputado\/wp-content\/uploads\/2018\/12\/foto-2018-12-03-batlab-ufms-01-696x464.jpg 696w, https:\/\/vanderloubet.com.br\/deputado\/wp-content\/uploads\/2018\/12\/foto-2018-12-03-batlab-ufms-01-1068x712.jpg 1068w, https:\/\/vanderloubet.com.br\/deputado\/wp-content\/uploads\/2018\/12\/foto-2018-12-03-batlab-ufms-01.jpg 1080w\" sizes=\"(max-width: 630px) 100vw, 630px\" alt=\"Vander vai destinar recursos para que projetos beneficiem mais aldeias e tamb&eacute;m assentamentos\">\r\n                            <\/a>\r\n                            <figcaption class = \"td-slide-caption td-gallery-slide-content\"><span>Vander vai destinar recursos para que projetos beneficiem mais aldeias e tamb\u00e9m assentamentos<\/span><\/figcaption>\r\n                        <\/figure>\r\n                    <\/div>\r\n                    <div class = \"td-slide-item td-item2\">\r\n                        <figure class=\"td-slide-galery-figure td-slide-popup-gallery\">\r\n                            <a class=\"slide-gallery-image-link\" href=\"https:\/\/vanderloubet.com.br\/deputado\/wp-content\/uploads\/2018\/12\/foto-2018-12-03-batlab-ufms-02.jpg\" title=\"Vander vai destinar recursos para que projetos beneficiem mais aldeias e tamb\u00e9m assentamentos\"  data-caption=\"\"  data-description=\"Vander vai destinar recursos para que projetos beneficiem mais aldeias e tamb&eacute;m assentamentos\">\r\n                                <img decoding=\"async\" src=\"https:\/\/vanderloubet.com.br\/deputado\/wp-content\/uploads\/2018\/12\/foto-2018-12-03-batlab-ufms-02-630x420.jpg\" srcset=\"https:\/\/vanderloubet.com.br\/deputado\/wp-content\/uploads\/2018\/12\/foto-2018-12-03-batlab-ufms-02-630x420.jpg 630w, https:\/\/vanderloubet.com.br\/deputado\/wp-content\/uploads\/2018\/12\/foto-2018-12-03-batlab-ufms-02-350x233.jpg 350w, https:\/\/vanderloubet.com.br\/deputado\/wp-content\/uploads\/2018\/12\/foto-2018-12-03-batlab-ufms-02-768x512.jpg 768w, https:\/\/vanderloubet.com.br\/deputado\/wp-content\/uploads\/2018\/12\/foto-2018-12-03-batlab-ufms-02-700x467.jpg 700w, https:\/\/vanderloubet.com.br\/deputado\/wp-content\/uploads\/2018\/12\/foto-2018-12-03-batlab-ufms-02-696x464.jpg 696w, https:\/\/vanderloubet.com.br\/deputado\/wp-content\/uploads\/2018\/12\/foto-2018-12-03-batlab-ufms-02-1068x712.jpg 1068w, https:\/\/vanderloubet.com.br\/deputado\/wp-content\/uploads\/2018\/12\/foto-2018-12-03-batlab-ufms-02.jpg 1080w\" sizes=\"(max-width: 630px) 100vw, 630px\" alt=\"Vander vai destinar recursos para que projetos beneficiem mais aldeias e tamb&eacute;m assentamentos\">\r\n                            <\/a>\r\n                            <figcaption class = \"td-slide-caption td-gallery-slide-content\"><span>Vander vai destinar recursos para que projetos beneficiem mais aldeias e tamb\u00e9m assentamentos<\/span><\/figcaption>\r\n                        <\/figure>\r\n                    <\/div>\r\n                    <div class = \"td-slide-item td-item3\">\r\n                        <figure class=\"td-slide-galery-figure td-slide-popup-gallery\">\r\n                            <a class=\"slide-gallery-image-link\" href=\"https:\/\/vanderloubet.com.br\/deputado\/wp-content\/uploads\/2018\/12\/foto-2018-12-03-batlab-ufms-03.jpg\" title=\"Vander vai destinar recursos para que projetos beneficiem mais aldeias e tamb\u00e9m assentamentos\"  data-caption=\"\"  data-description=\"Vander vai destinar recursos para que projetos beneficiem mais aldeias e tamb&eacute;m assentamentos\">\r\n                                <img decoding=\"async\" src=\"https:\/\/vanderloubet.com.br\/deputado\/wp-content\/uploads\/2018\/12\/foto-2018-12-03-batlab-ufms-03-630x420.jpg\" srcset=\"https:\/\/vanderloubet.com.br\/deputado\/wp-content\/uploads\/2018\/12\/foto-2018-12-03-batlab-ufms-03-630x420.jpg 630w, https:\/\/vanderloubet.com.br\/deputado\/wp-content\/uploads\/2018\/12\/foto-2018-12-03-batlab-ufms-03-350x233.jpg 350w, https:\/\/vanderloubet.com.br\/deputado\/wp-content\/uploads\/2018\/12\/foto-2018-12-03-batlab-ufms-03-768x512.jpg 768w, https:\/\/vanderloubet.com.br\/deputado\/wp-content\/uploads\/2018\/12\/foto-2018-12-03-batlab-ufms-03-700x467.jpg 700w, https:\/\/vanderloubet.com.br\/deputado\/wp-content\/uploads\/2018\/12\/foto-2018-12-03-batlab-ufms-03-696x464.jpg 696w, https:\/\/vanderloubet.com.br\/deputado\/wp-content\/uploads\/2018\/12\/foto-2018-12-03-batlab-ufms-03-1068x712.jpg 1068w, https:\/\/vanderloubet.com.br\/deputado\/wp-content\/uploads\/2018\/12\/foto-2018-12-03-batlab-ufms-03.jpg 1080w\" sizes=\"(max-width: 630px) 100vw, 630px\" alt=\"Vander vai destinar recursos para que projetos beneficiem mais aldeias e tamb&eacute;m assentamentos\">\r\n                            <\/a>\r\n                            <figcaption class = \"td-slide-caption td-gallery-slide-content\"><span>Vander vai destinar recursos para que projetos beneficiem mais aldeias e tamb\u00e9m assentamentos<\/span><\/figcaption>\r\n                        <\/figure>\r\n                    <\/div>\r\n                    <div class = \"td-slide-item td-item4\">\r\n                        <figure class=\"td-slide-galery-figure td-slide-popup-gallery\">\r\n                            <a class=\"slide-gallery-image-link\" href=\"https:\/\/vanderloubet.com.br\/deputado\/wp-content\/uploads\/2018\/12\/foto-2018-12-03-batlab-ufms-04.jpg\" title=\"Vander vai destinar recursos para que projetos beneficiem mais aldeias e tamb\u00e9m assentamentos\"  data-caption=\"\"  data-description=\"Vander vai destinar recursos para que projetos beneficiem mais aldeias e tamb&eacute;m assentamentos\">\r\n                                <img decoding=\"async\" src=\"https:\/\/vanderloubet.com.br\/deputado\/wp-content\/uploads\/2018\/12\/foto-2018-12-03-batlab-ufms-04-630x420.jpg\" srcset=\"https:\/\/vanderloubet.com.br\/deputado\/wp-content\/uploads\/2018\/12\/foto-2018-12-03-batlab-ufms-04-630x420.jpg 630w, https:\/\/vanderloubet.com.br\/deputado\/wp-content\/uploads\/2018\/12\/foto-2018-12-03-batlab-ufms-04-350x233.jpg 350w, https:\/\/vanderloubet.com.br\/deputado\/wp-content\/uploads\/2018\/12\/foto-2018-12-03-batlab-ufms-04-768x512.jpg 768w, https:\/\/vanderloubet.com.br\/deputado\/wp-content\/uploads\/2018\/12\/foto-2018-12-03-batlab-ufms-04-700x467.jpg 700w, https:\/\/vanderloubet.com.br\/deputado\/wp-content\/uploads\/2018\/12\/foto-2018-12-03-batlab-ufms-04-696x464.jpg 696w, https:\/\/vanderloubet.com.br\/deputado\/wp-content\/uploads\/2018\/12\/foto-2018-12-03-batlab-ufms-04-1068x712.jpg 1068w, https:\/\/vanderloubet.com.br\/deputado\/wp-content\/uploads\/2018\/12\/foto-2018-12-03-batlab-ufms-04.jpg 1080w\" sizes=\"(max-width: 630px) 100vw, 630px\" alt=\"Vander vai destinar recursos para que projetos beneficiem mais aldeias e tamb&eacute;m assentamentos\">\r\n                            <\/a>\r\n                            <figcaption class = \"td-slide-caption td-gallery-slide-content\"><span>Vander vai destinar recursos para que projetos beneficiem mais aldeias e tamb\u00e9m assentamentos<\/span><\/figcaption>\r\n                        <\/figure>\r\n                    <\/div>\r\n                    <div class = \"td-slide-item td-item5\">\r\n                        <figure class=\"td-slide-galery-figure td-slide-popup-gallery\">\r\n                            <a class=\"slide-gallery-image-link\" href=\"https:\/\/vanderloubet.com.br\/deputado\/wp-content\/uploads\/2018\/12\/foto-2018-12-03-batlab-ufms-05.jpg\" title=\"Vander vai destinar recursos para que projetos beneficiem mais aldeias e tamb\u00e9m assentamentos\"  data-caption=\"\"  data-description=\"Vander vai destinar recursos para que projetos beneficiem mais aldeias e tamb&eacute;m assentamentos\">\r\n                                <img decoding=\"async\" src=\"https:\/\/vanderloubet.com.br\/deputado\/wp-content\/uploads\/2018\/12\/foto-2018-12-03-batlab-ufms-05-630x420.jpg\" srcset=\"https:\/\/vanderloubet.com.br\/deputado\/wp-content\/uploads\/2018\/12\/foto-2018-12-03-batlab-ufms-05-630x420.jpg 630w, https:\/\/vanderloubet.com.br\/deputado\/wp-content\/uploads\/2018\/12\/foto-2018-12-03-batlab-ufms-05-350x233.jpg 350w, https:\/\/vanderloubet.com.br\/deputado\/wp-content\/uploads\/2018\/12\/foto-2018-12-03-batlab-ufms-05-768x512.jpg 768w, https:\/\/vanderloubet.com.br\/deputado\/wp-content\/uploads\/2018\/12\/foto-2018-12-03-batlab-ufms-05-700x467.jpg 700w, https:\/\/vanderloubet.com.br\/deputado\/wp-content\/uploads\/2018\/12\/foto-2018-12-03-batlab-ufms-05-696x464.jpg 696w, https:\/\/vanderloubet.com.br\/deputado\/wp-content\/uploads\/2018\/12\/foto-2018-12-03-batlab-ufms-05-1068x712.jpg 1068w, https:\/\/vanderloubet.com.br\/deputado\/wp-content\/uploads\/2018\/12\/foto-2018-12-03-batlab-ufms-05.jpg 1080w\" sizes=\"(max-width: 630px) 100vw, 630px\" alt=\"Vander vai destinar recursos para que projetos beneficiem mais aldeias e tamb&eacute;m assentamentos\">\r\n                            <\/a>\r\n                            <figcaption class = \"td-slide-caption td-gallery-slide-content\"><span>Vander vai destinar recursos para que projetos beneficiem mais aldeias e tamb\u00e9m assentamentos<\/span><\/figcaption>\r\n                        <\/figure>\r\n                    <\/div>\r\n                            <\/div>\r\n                        <\/div>\r\n\r\n                        <div class = \"td-doubleSlider-2\">\r\n                            <div class = \"td-slider\">\r\n                                \r\n                    <div class = \"td-button td-item1\">\r\n                        <div class = \"td-border\"><\/div>\r\n                    <\/div>\r\n                    <div class = \"td-button td-item2\">\r\n                        <div class = \"td-border\"><\/div>\r\n                    <\/div>\r\n                    <div class = \"td-button td-item3\">\r\n                        <div class = \"td-border\"><\/div>\r\n                    <\/div>\r\n                    <div class = \"td-button td-item4\">\r\n                        <div class = \"td-border\"><\/div>\r\n                    <\/div>\r\n                    <div class = \"td-button td-item5\">\r\n                        <div class = \"td-border\"><\/div>\r\n                    <\/div>\r\n                            <\/div>\r\n                        <\/div>\r\n\r\n                    <\/div>\r\n\r\n                <\/div>\r\n                \n","protected":false},"excerpt":{"rendered":"<p>Visita atendeu a um convite do professor Jo\u00e3o Onofre Pereira Pinto, coordenador do Batlab.<\/p>\n","protected":false},"author":2,"featured_media":14014,"comment_status":"closed","ping_status":"closed","sticky":false,"template":"","format":"standard","meta":{"jetpack_post_was_ever_published":false,"_jetpack_newsletter_access":"","_jetpack_dont_email_post_to_subs":false,"_jetpack_newsletter_tier_id":0,"_jetpack_memberships_contains_paywalled_content":false,"_jetpack_memberships_contains_paid_content":false,"footnotes":""},"categories":[2099,10],"tags":[2132,2373,2420,697,2127],"class_list":{"0":"post-14011","1":"post","2":"type-post","3":"status-publish","4":"format-standard","5":"has-post-thumbnail","7":"category-ms-noticias","8":"category-noticias","9":"tag-agricultura-familiar","10":"tag-aldeia-indigena","11":"tag-ciencia-e-tecnologia","12":"tag-educacao","13":"tag-emenda-parlamentar"},"yoast_head":"<!-- This site is optimized with the Yoast SEO plugin v27.4 - https:\/\/yoast.com\/product\/yoast-seo-wordpress\/ -->\n<title>Vander visita laborat\u00f3rio da UFMS para conhecer tecnologias sociais para produ\u00e7\u00e3o de alimentos<\/title>\n<meta name=\"description\" content=\"Visita do deputado Vander Loubet atendeu a convite de Jo\u00e3o Onofre Pereira Pinto, coordenador do Batlab e professor da Faeng.\" \/>\n<meta name=\"robots\" content=\"index, follow, max-snippet:-1, max-image-preview:large, max-video-preview:-1\" \/>\n<link rel=\"canonical\" href=\"https:\/\/vanderloubet.com.br\/deputado\/vander-visita-laboratorio-da-ufms-para-conhecer-tecnologias-sociais-para-producao-de-alimentos\/\" \/>\n<meta property=\"og:locale\" content=\"pt_BR\" \/>\n<meta property=\"og:type\" content=\"article\" \/>\n<meta property=\"og:title\" content=\"Vander visita laborat\u00f3rio da UFMS para conhecer tecnologias sociais para produ\u00e7\u00e3o de alimentos\" \/>\n<meta property=\"og:description\" content=\"Visita do deputado Vander Loubet atendeu a convite de Jo\u00e3o Onofre Pereira Pinto, coordenador do Batlab e professor da Faeng.\" \/>\n<meta property=\"og:url\" content=\"https:\/\/vanderloubet.com.br\/deputado\/vander-visita-laboratorio-da-ufms-para-conhecer-tecnologias-sociais-para-producao-de-alimentos\/\" \/>\n<meta property=\"og:site_name\" content=\"Deputado Federal Vander Loubet\" \/>\n<meta property=\"article:publisher\" content=\"https:\/\/facebook.com\/deputadovander\" \/>\n<meta property=\"article:published_time\" content=\"2018-12-03T21:24:24+00:00\" \/>\n<meta property=\"article:modified_time\" content=\"2022-07-28T01:18:01+00:00\" \/>\n<meta property=\"og:image\" content=\"https:\/\/vanderloubet.com.br\/deputado\/wp-content\/uploads\/2018\/12\/foto-2018-12-03-batlab-ufms-04.jpg\" \/>\n\t<meta property=\"og:image:width\" content=\"1080\" \/>\n\t<meta property=\"og:image:height\" content=\"720\" \/>\n\t<meta property=\"og:image:type\" content=\"image\/jpeg\" \/>\n<meta name=\"author\" content=\"\u00c9der\" \/>\n<meta name=\"twitter:card\" content=\"summary_large_image\" \/>\n<meta name=\"twitter:creator\" content=\"@vanderloubet\" \/>\n<meta name=\"twitter:site\" content=\"@vanderloubet\" \/>\n<script type=\"application\/ld+json\" class=\"yoast-schema-graph\">{\"@context\":\"https:\\\/\\\/schema.org\",\"@graph\":[{\"@type\":\"Article\",\"@id\":\"https:\\\/\\\/vanderloubet.com.br\\\/deputado\\\/vander-visita-laboratorio-da-ufms-para-conhecer-tecnologias-sociais-para-producao-de-alimentos\\\/#article\",\"isPartOf\":{\"@id\":\"https:\\\/\\\/vanderloubet.com.br\\\/deputado\\\/vander-visita-laboratorio-da-ufms-para-conhecer-tecnologias-sociais-para-producao-de-alimentos\\\/\"},\"author\":{\"name\":\"\u00c9der\",\"@id\":\"https:\\\/\\\/vanderloubet.com.br\\\/deputado\\\/#\\\/schema\\\/person\\\/15b51bd564532a8a68d9dec1b8eb890e\"},\"headline\":\"Vander visita laborat\u00f3rio da UFMS para conhecer tecnologias sociais para produ\u00e7\u00e3o de alimentos\",\"datePublished\":\"2018-12-03T21:24:24+00:00\",\"dateModified\":\"2022-07-28T01:18:01+00:00\",\"mainEntityOfPage\":{\"@id\":\"https:\\\/\\\/vanderloubet.com.br\\\/deputado\\\/vander-visita-laboratorio-da-ufms-para-conhecer-tecnologias-sociais-para-producao-de-alimentos\\\/\"},\"wordCount\":277,\"publisher\":{\"@id\":\"https:\\\/\\\/vanderloubet.com.br\\\/deputado\\\/#organization\"},\"image\":{\"@id\":\"https:\\\/\\\/vanderloubet.com.br\\\/deputado\\\/vander-visita-laboratorio-da-ufms-para-conhecer-tecnologias-sociais-para-producao-de-alimentos\\\/#primaryimage\"},\"thumbnailUrl\":\"https:\\\/\\\/vanderloubet.com.br\\\/deputado\\\/wp-content\\\/uploads\\\/2018\\\/12\\\/foto-2018-12-03-batlab-ufms-04.jpg\",\"keywords\":[\"agricultura familiar\",\"aldeia ind\u00edgena\",\"ci\u00eancia e tecnologia\",\"educa\u00e7\u00e3o\",\"emenda parlamentar\"],\"articleSection\":[\"Mato Grosso do Sul\",\"Not\u00edcias\"],\"inLanguage\":\"pt-BR\"},{\"@type\":\"WebPage\",\"@id\":\"https:\\\/\\\/vanderloubet.com.br\\\/deputado\\\/vander-visita-laboratorio-da-ufms-para-conhecer-tecnologias-sociais-para-producao-de-alimentos\\\/\",\"url\":\"https:\\\/\\\/vanderloubet.com.br\\\/deputado\\\/vander-visita-laboratorio-da-ufms-para-conhecer-tecnologias-sociais-para-producao-de-alimentos\\\/\",\"name\":\"Vander visita laborat\u00f3rio da UFMS para conhecer tecnologias sociais para produ\u00e7\u00e3o de alimentos\",\"isPartOf\":{\"@id\":\"https:\\\/\\\/vanderloubet.com.br\\\/deputado\\\/#website\"},\"primaryImageOfPage\":{\"@id\":\"https:\\\/\\\/vanderloubet.com.br\\\/deputado\\\/vander-visita-laboratorio-da-ufms-para-conhecer-tecnologias-sociais-para-producao-de-alimentos\\\/#primaryimage\"},\"image\":{\"@id\":\"https:\\\/\\\/vanderloubet.com.br\\\/deputado\\\/vander-visita-laboratorio-da-ufms-para-conhecer-tecnologias-sociais-para-producao-de-alimentos\\\/#primaryimage\"},\"thumbnailUrl\":\"https:\\\/\\\/vanderloubet.com.br\\\/deputado\\\/wp-content\\\/uploads\\\/2018\\\/12\\\/foto-2018-12-03-batlab-ufms-04.jpg\",\"datePublished\":\"2018-12-03T21:24:24+00:00\",\"dateModified\":\"2022-07-28T01:18:01+00:00\",\"description\":\"Visita do deputado Vander Loubet atendeu a convite de Jo\u00e3o Onofre Pereira Pinto, coordenador do Batlab e professor da Faeng.\",\"breadcrumb\":{\"@id\":\"https:\\\/\\\/vanderloubet.com.br\\\/deputado\\\/vander-visita-laboratorio-da-ufms-para-conhecer-tecnologias-sociais-para-producao-de-alimentos\\\/#breadcrumb\"},\"inLanguage\":\"pt-BR\",\"potentialAction\":[{\"@type\":\"ReadAction\",\"target\":[\"https:\\\/\\\/vanderloubet.com.br\\\/deputado\\\/vander-visita-laboratorio-da-ufms-para-conhecer-tecnologias-sociais-para-producao-de-alimentos\\\/\"]}]},{\"@type\":\"ImageObject\",\"inLanguage\":\"pt-BR\",\"@id\":\"https:\\\/\\\/vanderloubet.com.br\\\/deputado\\\/vander-visita-laboratorio-da-ufms-para-conhecer-tecnologias-sociais-para-producao-de-alimentos\\\/#primaryimage\",\"url\":\"https:\\\/\\\/vanderloubet.com.br\\\/deputado\\\/wp-content\\\/uploads\\\/2018\\\/12\\\/foto-2018-12-03-batlab-ufms-04.jpg\",\"contentUrl\":\"https:\\\/\\\/vanderloubet.com.br\\\/deputado\\\/wp-content\\\/uploads\\\/2018\\\/12\\\/foto-2018-12-03-batlab-ufms-04.jpg\",\"width\":1080,\"height\":720,\"caption\":\"Vander vai destinar recursos para que projetos beneficiem mais aldeias e tamb\u00e9m assentamentos\"},{\"@type\":\"BreadcrumbList\",\"@id\":\"https:\\\/\\\/vanderloubet.com.br\\\/deputado\\\/vander-visita-laboratorio-da-ufms-para-conhecer-tecnologias-sociais-para-producao-de-alimentos\\\/#breadcrumb\",\"itemListElement\":[{\"@type\":\"ListItem\",\"position\":1,\"name\":\"In\u00edcio\",\"item\":\"https:\\\/\\\/vanderloubet.com.br\\\/deputado\\\/\"},{\"@type\":\"ListItem\",\"position\":2,\"name\":\"Vander visita laborat\u00f3rio da UFMS para conhecer tecnologias sociais para produ\u00e7\u00e3o de alimentos\"}]},{\"@type\":\"WebSite\",\"@id\":\"https:\\\/\\\/vanderloubet.com.br\\\/deputado\\\/#website\",\"url\":\"https:\\\/\\\/vanderloubet.com.br\\\/deputado\\\/\",\"name\":\"Deputado Federal Vander Loubet\",\"description\":\"O Federal de MS\",\"publisher\":{\"@id\":\"https:\\\/\\\/vanderloubet.com.br\\\/deputado\\\/#organization\"},\"alternateName\":\"Deputado Vander\",\"potentialAction\":[{\"@type\":\"SearchAction\",\"target\":{\"@type\":\"EntryPoint\",\"urlTemplate\":\"https:\\\/\\\/vanderloubet.com.br\\\/deputado\\\/?s={search_term_string}\"},\"query-input\":{\"@type\":\"PropertyValueSpecification\",\"valueRequired\":true,\"valueName\":\"search_term_string\"}}],\"inLanguage\":\"pt-BR\"},{\"@type\":\"Organization\",\"@id\":\"https:\\\/\\\/vanderloubet.com.br\\\/deputado\\\/#organization\",\"name\":\"Deputado Federal Vander Loubet\",\"alternateName\":\"Deputado Vander\",\"url\":\"https:\\\/\\\/vanderloubet.com.br\\\/deputado\\\/\",\"logo\":{\"@type\":\"ImageObject\",\"inLanguage\":\"pt-BR\",\"@id\":\"https:\\\/\\\/vanderloubet.com.br\\\/deputado\\\/#\\\/schema\\\/logo\\\/image\\\/\",\"url\":\"https:\\\/\\\/vanderloubet.com.br\\\/deputado\\\/wp-content\\\/uploads\\\/2023\\\/06\\\/foto-2023-06-19-mandato-deputado-vander.jpg\",\"contentUrl\":\"https:\\\/\\\/vanderloubet.com.br\\\/deputado\\\/wp-content\\\/uploads\\\/2023\\\/06\\\/foto-2023-06-19-mandato-deputado-vander.jpg\",\"width\":1080,\"height\":1080,\"caption\":\"Deputado Federal Vander Loubet\"},\"image\":{\"@id\":\"https:\\\/\\\/vanderloubet.com.br\\\/deputado\\\/#\\\/schema\\\/logo\\\/image\\\/\"},\"sameAs\":[\"https:\\\/\\\/facebook.com\\\/deputadovander\",\"https:\\\/\\\/x.com\\\/vanderloubet\",\"https:\\\/\\\/instagram.com\\\/vanderloubet\",\"https:\\\/\\\/youtube.com\\\/vanderloubet\",\"https:\\\/\\\/tiktok.com\\\/@vanderloubetms\"]},{\"@type\":\"Person\",\"@id\":\"https:\\\/\\\/vanderloubet.com.br\\\/deputado\\\/#\\\/schema\\\/person\\\/15b51bd564532a8a68d9dec1b8eb890e\",\"name\":\"\u00c9der\",\"image\":{\"@type\":\"ImageObject\",\"inLanguage\":\"pt-BR\",\"@id\":\"https:\\\/\\\/vanderloubet.com.br\\\/deputado\\\/wp-content\\\/litespeed\\\/avatar\\\/88ca4090d9d5ab1c9495f6ca03b68efa.jpg?ver=1777058957\",\"url\":\"https:\\\/\\\/vanderloubet.com.br\\\/deputado\\\/wp-content\\\/litespeed\\\/avatar\\\/88ca4090d9d5ab1c9495f6ca03b68efa.jpg?ver=1777058957\",\"contentUrl\":\"https:\\\/\\\/vanderloubet.com.br\\\/deputado\\\/wp-content\\\/litespeed\\\/avatar\\\/88ca4090d9d5ab1c9495f6ca03b68efa.jpg?ver=1777058957\",\"caption\":\"\u00c9der\"}}]}<\/script>\n<!-- \/ Yoast SEO plugin. -->","yoast_head_json":{"title":"Vander visita laborat\u00f3rio da UFMS para conhecer tecnologias sociais para produ\u00e7\u00e3o de alimentos","description":"Visita do deputado Vander Loubet atendeu a convite de Jo\u00e3o Onofre Pereira Pinto, coordenador do Batlab e professor da Faeng.","robots":{"index":"index","follow":"follow","max-snippet":"max-snippet:-1","max-image-preview":"max-image-preview:large","max-video-preview":"max-video-preview:-1"},"canonical":"https:\/\/vanderloubet.com.br\/deputado\/vander-visita-laboratorio-da-ufms-para-conhecer-tecnologias-sociais-para-producao-de-alimentos\/","og_locale":"pt_BR","og_type":"article","og_title":"Vander visita laborat\u00f3rio da UFMS para conhecer tecnologias sociais para produ\u00e7\u00e3o de alimentos","og_description":"Visita do deputado Vander Loubet atendeu a convite de Jo\u00e3o Onofre Pereira Pinto, coordenador do Batlab e professor da Faeng.","og_url":"https:\/\/vanderloubet.com.br\/deputado\/vander-visita-laboratorio-da-ufms-para-conhecer-tecnologias-sociais-para-producao-de-alimentos\/","og_site_name":"Deputado Federal Vander Loubet","article_publisher":"https:\/\/facebook.com\/deputadovander","article_published_time":"2018-12-03T21:24:24+00:00","article_modified_time":"2022-07-28T01:18:01+00:00","og_image":[{"width":1080,"height":720,"url":"https:\/\/vanderloubet.com.br\/deputado\/wp-content\/uploads\/2018\/12\/foto-2018-12-03-batlab-ufms-04.jpg","type":"image\/jpeg"}],"author":"\u00c9der","twitter_card":"summary_large_image","twitter_creator":"@vanderloubet","twitter_site":"@vanderloubet","schema":{"@context":"https:\/\/schema.org","@graph":[{"@type":"Article","@id":"https:\/\/vanderloubet.com.br\/deputado\/vander-visita-laboratorio-da-ufms-para-conhecer-tecnologias-sociais-para-producao-de-alimentos\/#article","isPartOf":{"@id":"https:\/\/vanderloubet.com.br\/deputado\/vander-visita-laboratorio-da-ufms-para-conhecer-tecnologias-sociais-para-producao-de-alimentos\/"},"author":{"name":"\u00c9der","@id":"https:\/\/vanderloubet.com.br\/deputado\/#\/schema\/person\/15b51bd564532a8a68d9dec1b8eb890e"},"headline":"Vander visita laborat\u00f3rio da UFMS para conhecer tecnologias sociais para produ\u00e7\u00e3o de alimentos","datePublished":"2018-12-03T21:24:24+00:00","dateModified":"2022-07-28T01:18:01+00:00","mainEntityOfPage":{"@id":"https:\/\/vanderloubet.com.br\/deputado\/vander-visita-laboratorio-da-ufms-para-conhecer-tecnologias-sociais-para-producao-de-alimentos\/"},"wordCount":277,"publisher":{"@id":"https:\/\/vanderloubet.com.br\/deputado\/#organization"},"image":{"@id":"https:\/\/vanderloubet.com.br\/deputado\/vander-visita-laboratorio-da-ufms-para-conhecer-tecnologias-sociais-para-producao-de-alimentos\/#primaryimage"},"thumbnailUrl":"https:\/\/vanderloubet.com.br\/deputado\/wp-content\/uploads\/2018\/12\/foto-2018-12-03-batlab-ufms-04.jpg","keywords":["agricultura familiar","aldeia ind\u00edgena","ci\u00eancia e tecnologia","educa\u00e7\u00e3o","emenda parlamentar"],"articleSection":["Mato Grosso do Sul","Not\u00edcias"],"inLanguage":"pt-BR"},{"@type":"WebPage","@id":"https:\/\/vanderloubet.com.br\/deputado\/vander-visita-laboratorio-da-ufms-para-conhecer-tecnologias-sociais-para-producao-de-alimentos\/","url":"https:\/\/vanderloubet.com.br\/deputado\/vander-visita-laboratorio-da-ufms-para-conhecer-tecnologias-sociais-para-producao-de-alimentos\/","name":"Vander visita laborat\u00f3rio da UFMS para conhecer tecnologias sociais para produ\u00e7\u00e3o de alimentos","isPartOf":{"@id":"https:\/\/vanderloubet.com.br\/deputado\/#website"},"primaryImageOfPage":{"@id":"https:\/\/vanderloubet.com.br\/deputado\/vander-visita-laboratorio-da-ufms-para-conhecer-tecnologias-sociais-para-producao-de-alimentos\/#primaryimage"},"image":{"@id":"https:\/\/vanderloubet.com.br\/deputado\/vander-visita-laboratorio-da-ufms-para-conhecer-tecnologias-sociais-para-producao-de-alimentos\/#primaryimage"},"thumbnailUrl":"https:\/\/vanderloubet.com.br\/deputado\/wp-content\/uploads\/2018\/12\/foto-2018-12-03-batlab-ufms-04.jpg","datePublished":"2018-12-03T21:24:24+00:00","dateModified":"2022-07-28T01:18:01+00:00","description":"Visita do deputado Vander Loubet atendeu a convite de Jo\u00e3o Onofre Pereira Pinto, coordenador do Batlab e professor da Faeng.","breadcrumb":{"@id":"https:\/\/vanderloubet.com.br\/deputado\/vander-visita-laboratorio-da-ufms-para-conhecer-tecnologias-sociais-para-producao-de-alimentos\/#breadcrumb"},"inLanguage":"pt-BR","potentialAction":[{"@type":"ReadAction","target":["https:\/\/vanderloubet.com.br\/deputado\/vander-visita-laboratorio-da-ufms-para-conhecer-tecnologias-sociais-para-producao-de-alimentos\/"]}]},{"@type":"ImageObject","inLanguage":"pt-BR","@id":"https:\/\/vanderloubet.com.br\/deputado\/vander-visita-laboratorio-da-ufms-para-conhecer-tecnologias-sociais-para-producao-de-alimentos\/#primaryimage","url":"https:\/\/vanderloubet.com.br\/deputado\/wp-content\/uploads\/2018\/12\/foto-2018-12-03-batlab-ufms-04.jpg","contentUrl":"https:\/\/vanderloubet.com.br\/deputado\/wp-content\/uploads\/2018\/12\/foto-2018-12-03-batlab-ufms-04.jpg","width":1080,"height":720,"caption":"Vander vai destinar recursos para que projetos beneficiem mais aldeias e tamb\u00e9m assentamentos"},{"@type":"BreadcrumbList","@id":"https:\/\/vanderloubet.com.br\/deputado\/vander-visita-laboratorio-da-ufms-para-conhecer-tecnologias-sociais-para-producao-de-alimentos\/#breadcrumb","itemListElement":[{"@type":"ListItem","position":1,"name":"In\u00edcio","item":"https:\/\/vanderloubet.com.br\/deputado\/"},{"@type":"ListItem","position":2,"name":"Vander visita laborat\u00f3rio da UFMS para conhecer tecnologias sociais para produ\u00e7\u00e3o de alimentos"}]},{"@type":"WebSite","@id":"https:\/\/vanderloubet.com.br\/deputado\/#website","url":"https:\/\/vanderloubet.com.br\/deputado\/","name":"Deputado Federal Vander Loubet","description":"O Federal de MS","publisher":{"@id":"https:\/\/vanderloubet.com.br\/deputado\/#organization"},"alternateName":"Deputado Vander","potentialAction":[{"@type":"SearchAction","target":{"@type":"EntryPoint","urlTemplate":"https:\/\/vanderloubet.com.br\/deputado\/?s={search_term_string}"},"query-input":{"@type":"PropertyValueSpecification","valueRequired":true,"valueName":"search_term_string"}}],"inLanguage":"pt-BR"},{"@type":"Organization","@id":"https:\/\/vanderloubet.com.br\/deputado\/#organization","name":"Deputado Federal Vander Loubet","alternateName":"Deputado Vander","url":"https:\/\/vanderloubet.com.br\/deputado\/","logo":{"@type":"ImageObject","inLanguage":"pt-BR","@id":"https:\/\/vanderloubet.com.br\/deputado\/#\/schema\/logo\/image\/","url":"https:\/\/vanderloubet.com.br\/deputado\/wp-content\/uploads\/2023\/06\/foto-2023-06-19-mandato-deputado-vander.jpg","contentUrl":"https:\/\/vanderloubet.com.br\/deputado\/wp-content\/uploads\/2023\/06\/foto-2023-06-19-mandato-deputado-vander.jpg","width":1080,"height":1080,"caption":"Deputado Federal Vander Loubet"},"image":{"@id":"https:\/\/vanderloubet.com.br\/deputado\/#\/schema\/logo\/image\/"},"sameAs":["https:\/\/facebook.com\/deputadovander","https:\/\/x.com\/vanderloubet","https:\/\/instagram.com\/vanderloubet","https:\/\/youtube.com\/vanderloubet","https:\/\/tiktok.com\/@vanderloubetms"]},{"@type":"Person","@id":"https:\/\/vanderloubet.com.br\/deputado\/#\/schema\/person\/15b51bd564532a8a68d9dec1b8eb890e","name":"\u00c9der","image":{"@type":"ImageObject","inLanguage":"pt-BR","@id":"https:\/\/vanderloubet.com.br\/deputado\/wp-content\/litespeed\/avatar\/88ca4090d9d5ab1c9495f6ca03b68efa.jpg?ver=1777058957","url":"https:\/\/vanderloubet.com.br\/deputado\/wp-content\/litespeed\/avatar\/88ca4090d9d5ab1c9495f6ca03b68efa.jpg?ver=1777058957","contentUrl":"https:\/\/vanderloubet.com.br\/deputado\/wp-content\/litespeed\/avatar\/88ca4090d9d5ab1c9495f6ca03b68efa.jpg?ver=1777058957","caption":"\u00c9der"}}]}},"jetpack_featured_media_url":"https:\/\/vanderloubet.com.br\/deputado\/wp-content\/uploads\/2018\/12\/foto-2018-12-03-batlab-ufms-04.jpg","jetpack_sharing_enabled":true,"_links":{"self":[{"href":"https:\/\/vanderloubet.com.br\/deputado\/wp-json\/wp\/v2\/posts\/14011","targetHints":{"allow":["GET"]}}],"collection":[{"href":"https:\/\/vanderloubet.com.br\/deputado\/wp-json\/wp\/v2\/posts"}],"about":[{"href":"https:\/\/vanderloubet.com.br\/deputado\/wp-json\/wp\/v2\/types\/post"}],"author":[{"embeddable":true,"href":"https:\/\/vanderloubet.com.br\/deputado\/wp-json\/wp\/v2\/users\/2"}],"replies":[{"embeddable":true,"href":"https:\/\/vanderloubet.com.br\/deputado\/wp-json\/wp\/v2\/comments?post=14011"}],"version-history":[{"count":0,"href":"https:\/\/vanderloubet.com.br\/deputado\/wp-json\/wp\/v2\/posts\/14011\/revisions"}],"wp:featuredmedia":[{"embeddable":true,"href":"https:\/\/vanderloubet.com.br\/deputado\/wp-json\/wp\/v2\/media\/14014"}],"wp:attachment":[{"href":"https:\/\/vanderloubet.com.br\/deputado\/wp-json\/wp\/v2\/media?parent=14011"}],"wp:term":[{"taxonomy":"category","embeddable":true,"href":"https:\/\/vanderloubet.com.br\/deputado\/wp-json\/wp\/v2\/categories?post=14011"},{"taxonomy":"post_tag","embeddable":true,"href":"https:\/\/vanderloubet.com.br\/deputado\/wp-json\/wp\/v2\/tags?post=14011"}],"curies":[{"name":"wp","href":"https:\/\/api.w.org\/{rel}","templated":true}]}}