{"id":14008,"date":"2018-12-02T10:08:16","date_gmt":"2018-12-02T13:08:16","guid":{"rendered":"http:\/\/vanderloubet.com.br\/deputado\/?p=14008"},"modified":"2018-12-02T10:08:16","modified_gmt":"2018-12-02T13:08:16","slug":"com-apoio-de-vander-e-zeca-campo-grande-recebe-a-2a-feira-estadual-da-reforma-agraria","status":"publish","type":"post","link":"https:\/\/vanderloubet.com.br\/deputado\/com-apoio-de-vander-e-zeca-campo-grande-recebe-a-2a-feira-estadual-da-reforma-agraria\/","title":{"rendered":"Com apoio de Vander e Zeca, Campo Grande recebe a 2\u00aa Feira Estadual da Reforma Agr\u00e1ria"},"content":{"rendered":"<figure id=\"attachment_14009\" aria-describedby=\"caption-attachment-14009\" style=\"width: 700px\" class=\"wp-caption alignnone\"><img decoding=\"async\" src=\"http:\/\/vanderloubet.com.br\/deputado\/wp-content\/uploads\/2018\/12\/foto-2018-12-02-feira-reforma-agraria-700x267.jpg\" alt=\"Este ano ser\u00e1 realizada a 2\u00aa edi\u00e7\u00e3o da Feira Estadual da Reforma Agr\u00e1ria\" width=\"700\" height=\"267\" class=\"size-large wp-image-14009\" srcset=\"https:\/\/vanderloubet.com.br\/deputado\/wp-content\/uploads\/2018\/12\/foto-2018-12-02-feira-reforma-agraria-700x267.jpg 700w, https:\/\/vanderloubet.com.br\/deputado\/wp-content\/uploads\/2018\/12\/foto-2018-12-02-feira-reforma-agraria-350x133.jpg 350w, https:\/\/vanderloubet.com.br\/deputado\/wp-content\/uploads\/2018\/12\/foto-2018-12-02-feira-reforma-agraria-768x293.jpg 768w, https:\/\/vanderloubet.com.br\/deputado\/wp-content\/uploads\/2018\/12\/foto-2018-12-02-feira-reforma-agraria-696x265.jpg 696w, https:\/\/vanderloubet.com.br\/deputado\/wp-content\/uploads\/2018\/12\/foto-2018-12-02-feira-reforma-agraria.jpg 1066w\" sizes=\"(max-width: 700px) 100vw, 700px\" \/><figcaption id=\"caption-attachment-14009\" class=\"wp-caption-text\">Este ano ser\u00e1 realizada a 2\u00aa edi\u00e7\u00e3o da Feira Estadual da Reforma Agr\u00e1ria<\/figcaption><\/figure>\n<p>\u00c9 com grande alegria que o Movimento dos Trabalhadores Sem Terra (MST) e a Cooperativa dos Agricultores Assentados da Reforma Agr\u00e1ria (Cooperterra) apresentam a 2\u00aa Feira Estadual da Reforma Agr\u00e1ria. Ser\u00e3o quatro dias de muita diversidade, com toda a beleza e riqueza que a agricultura familiar do Mato Grosso do Sul possui.<\/p>\n<p>De 6 a 9 de dezembro, ser\u00e1 comercializada na Pra\u00e7a Ary Coelho, no Centro de Campo Grande, uma grande variedade de alimentos saud\u00e1veis (produzidos sem agrot\u00f3xicos, prontos para irem \u00e0s mesas de todos e todas) e artesanatos produzidos em assentamentos e acampamentos. Haver\u00e1 tamb\u00e9m o espa\u00e7o &#8220;Culin\u00e1ria da Terra&#8221; com pratos t\u00edpicos da nossa regi\u00e3o (porco no tacho, galinhada com guer\u00f3ba, galinhada com pequi, peixe frito, arroz tropeiro na chapa etc.). Al\u00e9m disso, a Feira ter\u00e1 m\u00fasica, poesia e teatro para celebrar a cultura do campo.<\/p>\n<p>O evento conta <a href=\"http:\/\/vanderloubet.com.br\/deputado\/vander-e-zeca-prestigiam-1a-feira-estadual-da-reforma-agraria\/\">mais uma vez com o apoio dos deputados federais Vander Loubet e Zeca do PT<\/a>, do deputado estadual Jo\u00e3o Grand\u00e3o, da Prefeitura de Campo Grande e do Governo do Estado.<\/p>\n<p><em>(\u00c9der F. Yanaguita &#8211; Ascom\/Dep. Vander Loubet)<\/em><\/p>\n","protected":false},"excerpt":{"rendered":"<p>Evento ser\u00e1 realizado de 6 a 9 de dezembro na Pra\u00e7a Ary Coelho.<\/p>\n","protected":false},"author":2,"featured_media":14009,"comment_status":"closed","ping_status":"closed","sticky":false,"template":"","format":"standard","meta":{"jetpack_post_was_ever_published":false,"_jetpack_newsletter_access":"","_jetpack_dont_email_post_to_subs":false,"_jetpack_newsletter_tier_id":0,"_jetpack_memberships_contains_paywalled_content":false,"_jetpack_memberships_contains_paid_content":false,"footnotes":""},"categories":[2099,10],"tags":[2132,2296],"class_list":{"0":"post-14008","1":"post","2":"type-post","3":"status-publish","4":"format-standard","5":"has-post-thumbnail","7":"category-ms-noticias","8":"category-noticias","9":"tag-agricultura-familiar","10":"tag-reforma-agraria"},"yoast_head":"<!-- This site is optimized with the Yoast SEO plugin v27.4 - https:\/\/yoast.com\/product\/yoast-seo-wordpress\/ -->\n<title>Com apoio de Vander e Zeca, Campo Grande recebe a 2\u00aa Feira Estadual da Reforma Agr\u00e1ria<\/title>\n<meta name=\"robots\" content=\"index, follow, max-snippet:-1, max-image-preview:large, max-video-preview:-1\" \/>\n<link rel=\"canonical\" href=\"https:\/\/vanderloubet.com.br\/deputado\/com-apoio-de-vander-e-zeca-campo-grande-recebe-a-2a-feira-estadual-da-reforma-agraria\/\" \/>\n<meta property=\"og:locale\" content=\"pt_BR\" \/>\n<meta property=\"og:type\" content=\"article\" \/>\n<meta property=\"og:title\" content=\"Com apoio de Vander e Zeca, Campo Grande recebe a 2\u00aa Feira Estadual da Reforma Agr\u00e1ria\" \/>\n<meta property=\"og:description\" content=\"Evento ser\u00e1 realizado de 6 a 9 de dezembro na Pra\u00e7a Ary Coelho.\" \/>\n<meta property=\"og:url\" content=\"https:\/\/vanderloubet.com.br\/deputado\/com-apoio-de-vander-e-zeca-campo-grande-recebe-a-2a-feira-estadual-da-reforma-agraria\/\" \/>\n<meta property=\"og:site_name\" content=\"Deputado Federal Vander Loubet\" \/>\n<meta property=\"article:publisher\" content=\"https:\/\/facebook.com\/deputadovander\" \/>\n<meta property=\"article:published_time\" content=\"2018-12-02T13:08:16+00:00\" \/>\n<meta property=\"og:image\" content=\"https:\/\/vanderloubet.com.br\/deputado\/wp-content\/uploads\/2018\/12\/foto-2018-12-02-feira-reforma-agraria.jpg\" \/>\n\t<meta property=\"og:image:width\" content=\"1066\" \/>\n\t<meta property=\"og:image:height\" content=\"406\" \/>\n\t<meta property=\"og:image:type\" content=\"image\/jpeg\" \/>\n<meta name=\"author\" content=\"\u00c9der\" \/>\n<meta name=\"twitter:card\" content=\"summary_large_image\" \/>\n<meta name=\"twitter:creator\" content=\"@vanderloubet\" \/>\n<meta name=\"twitter:site\" content=\"@vanderloubet\" \/>\n<script type=\"application\/ld+json\" class=\"yoast-schema-graph\">{\"@context\":\"https:\\\/\\\/schema.org\",\"@graph\":[{\"@type\":\"Article\",\"@id\":\"https:\\\/\\\/vanderloubet.com.br\\\/deputado\\\/com-apoio-de-vander-e-zeca-campo-grande-recebe-a-2a-feira-estadual-da-reforma-agraria\\\/#article\",\"isPartOf\":{\"@id\":\"https:\\\/\\\/vanderloubet.com.br\\\/deputado\\\/com-apoio-de-vander-e-zeca-campo-grande-recebe-a-2a-feira-estadual-da-reforma-agraria\\\/\"},\"author\":{\"name\":\"\u00c9der\",\"@id\":\"https:\\\/\\\/vanderloubet.com.br\\\/deputado\\\/#\\\/schema\\\/person\\\/15b51bd564532a8a68d9dec1b8eb890e\"},\"headline\":\"Com apoio de Vander e Zeca, Campo Grande recebe a 2\u00aa Feira Estadual da Reforma Agr\u00e1ria\",\"datePublished\":\"2018-12-02T13:08:16+00:00\",\"mainEntityOfPage\":{\"@id\":\"https:\\\/\\\/vanderloubet.com.br\\\/deputado\\\/com-apoio-de-vander-e-zeca-campo-grande-recebe-a-2a-feira-estadual-da-reforma-agraria\\\/\"},\"wordCount\":228,\"publisher\":{\"@id\":\"https:\\\/\\\/vanderloubet.com.br\\\/deputado\\\/#organization\"},\"image\":{\"@id\":\"https:\\\/\\\/vanderloubet.com.br\\\/deputado\\\/com-apoio-de-vander-e-zeca-campo-grande-recebe-a-2a-feira-estadual-da-reforma-agraria\\\/#primaryimage\"},\"thumbnailUrl\":\"https:\\\/\\\/vanderloubet.com.br\\\/deputado\\\/wp-content\\\/uploads\\\/2018\\\/12\\\/foto-2018-12-02-feira-reforma-agraria.jpg\",\"keywords\":[\"agricultura familiar\",\"reforma agr\u00e1ria\"],\"articleSection\":[\"Mato Grosso do Sul\",\"Not\u00edcias\"],\"inLanguage\":\"pt-BR\"},{\"@type\":\"WebPage\",\"@id\":\"https:\\\/\\\/vanderloubet.com.br\\\/deputado\\\/com-apoio-de-vander-e-zeca-campo-grande-recebe-a-2a-feira-estadual-da-reforma-agraria\\\/\",\"url\":\"https:\\\/\\\/vanderloubet.com.br\\\/deputado\\\/com-apoio-de-vander-e-zeca-campo-grande-recebe-a-2a-feira-estadual-da-reforma-agraria\\\/\",\"name\":\"Com apoio de Vander e Zeca, Campo Grande recebe a 2\u00aa Feira Estadual da Reforma Agr\u00e1ria\",\"isPartOf\":{\"@id\":\"https:\\\/\\\/vanderloubet.com.br\\\/deputado\\\/#website\"},\"primaryImageOfPage\":{\"@id\":\"https:\\\/\\\/vanderloubet.com.br\\\/deputado\\\/com-apoio-de-vander-e-zeca-campo-grande-recebe-a-2a-feira-estadual-da-reforma-agraria\\\/#primaryimage\"},\"image\":{\"@id\":\"https:\\\/\\\/vanderloubet.com.br\\\/deputado\\\/com-apoio-de-vander-e-zeca-campo-grande-recebe-a-2a-feira-estadual-da-reforma-agraria\\\/#primaryimage\"},\"thumbnailUrl\":\"https:\\\/\\\/vanderloubet.com.br\\\/deputado\\\/wp-content\\\/uploads\\\/2018\\\/12\\\/foto-2018-12-02-feira-reforma-agraria.jpg\",\"datePublished\":\"2018-12-02T13:08:16+00:00\",\"breadcrumb\":{\"@id\":\"https:\\\/\\\/vanderloubet.com.br\\\/deputado\\\/com-apoio-de-vander-e-zeca-campo-grande-recebe-a-2a-feira-estadual-da-reforma-agraria\\\/#breadcrumb\"},\"inLanguage\":\"pt-BR\",\"potentialAction\":[{\"@type\":\"ReadAction\",\"target\":[\"https:\\\/\\\/vanderloubet.com.br\\\/deputado\\\/com-apoio-de-vander-e-zeca-campo-grande-recebe-a-2a-feira-estadual-da-reforma-agraria\\\/\"]}]},{\"@type\":\"ImageObject\",\"inLanguage\":\"pt-BR\",\"@id\":\"https:\\\/\\\/vanderloubet.com.br\\\/deputado\\\/com-apoio-de-vander-e-zeca-campo-grande-recebe-a-2a-feira-estadual-da-reforma-agraria\\\/#primaryimage\",\"url\":\"https:\\\/\\\/vanderloubet.com.br\\\/deputado\\\/wp-content\\\/uploads\\\/2018\\\/12\\\/foto-2018-12-02-feira-reforma-agraria.jpg\",\"contentUrl\":\"https:\\\/\\\/vanderloubet.com.br\\\/deputado\\\/wp-content\\\/uploads\\\/2018\\\/12\\\/foto-2018-12-02-feira-reforma-agraria.jpg\",\"width\":1066,\"height\":406,\"caption\":\"Este ano ser\u00e1 realizada a 2\u00aa edi\u00e7\u00e3o da Feira Estadual da Reforma Agr\u00e1ria\"},{\"@type\":\"BreadcrumbList\",\"@id\":\"https:\\\/\\\/vanderloubet.com.br\\\/deputado\\\/com-apoio-de-vander-e-zeca-campo-grande-recebe-a-2a-feira-estadual-da-reforma-agraria\\\/#breadcrumb\",\"itemListElement\":[{\"@type\":\"ListItem\",\"position\":1,\"name\":\"In\u00edcio\",\"item\":\"https:\\\/\\\/vanderloubet.com.br\\\/deputado\\\/\"},{\"@type\":\"ListItem\",\"position\":2,\"name\":\"Com apoio de Vander e Zeca, Campo Grande recebe a 2\u00aa Feira Estadual da Reforma Agr\u00e1ria\"}]},{\"@type\":\"WebSite\",\"@id\":\"https:\\\/\\\/vanderloubet.com.br\\\/deputado\\\/#website\",\"url\":\"https:\\\/\\\/vanderloubet.com.br\\\/deputado\\\/\",\"name\":\"Deputado Federal Vander Loubet\",\"description\":\"O Federal de MS\",\"publisher\":{\"@id\":\"https:\\\/\\\/vanderloubet.com.br\\\/deputado\\\/#organization\"},\"alternateName\":\"Deputado Vander\",\"potentialAction\":[{\"@type\":\"SearchAction\",\"target\":{\"@type\":\"EntryPoint\",\"urlTemplate\":\"https:\\\/\\\/vanderloubet.com.br\\\/deputado\\\/?s={search_term_string}\"},\"query-input\":{\"@type\":\"PropertyValueSpecification\",\"valueRequired\":true,\"valueName\":\"search_term_string\"}}],\"inLanguage\":\"pt-BR\"},{\"@type\":\"Organization\",\"@id\":\"https:\\\/\\\/vanderloubet.com.br\\\/deputado\\\/#organization\",\"name\":\"Deputado Federal Vander Loubet\",\"alternateName\":\"Deputado Vander\",\"url\":\"https:\\\/\\\/vanderloubet.com.br\\\/deputado\\\/\",\"logo\":{\"@type\":\"ImageObject\",\"inLanguage\":\"pt-BR\",\"@id\":\"https:\\\/\\\/vanderloubet.com.br\\\/deputado\\\/#\\\/schema\\\/logo\\\/image\\\/\",\"url\":\"https:\\\/\\\/vanderloubet.com.br\\\/deputado\\\/wp-content\\\/uploads\\\/2023\\\/06\\\/foto-2023-06-19-mandato-deputado-vander.jpg\",\"contentUrl\":\"https:\\\/\\\/vanderloubet.com.br\\\/deputado\\\/wp-content\\\/uploads\\\/2023\\\/06\\\/foto-2023-06-19-mandato-deputado-vander.jpg\",\"width\":1080,\"height\":1080,\"caption\":\"Deputado Federal Vander Loubet\"},\"image\":{\"@id\":\"https:\\\/\\\/vanderloubet.com.br\\\/deputado\\\/#\\\/schema\\\/logo\\\/image\\\/\"},\"sameAs\":[\"https:\\\/\\\/facebook.com\\\/deputadovander\",\"https:\\\/\\\/x.com\\\/vanderloubet\",\"https:\\\/\\\/instagram.com\\\/vanderloubet\",\"https:\\\/\\\/youtube.com\\\/vanderloubet\",\"https:\\\/\\\/tiktok.com\\\/@vanderloubetms\"]},{\"@type\":\"Person\",\"@id\":\"https:\\\/\\\/vanderloubet.com.br\\\/deputado\\\/#\\\/schema\\\/person\\\/15b51bd564532a8a68d9dec1b8eb890e\",\"name\":\"\u00c9der\",\"image\":{\"@type\":\"ImageObject\",\"inLanguage\":\"pt-BR\",\"@id\":\"https:\\\/\\\/vanderloubet.com.br\\\/deputado\\\/wp-content\\\/litespeed\\\/avatar\\\/88ca4090d9d5ab1c9495f6ca03b68efa.jpg?ver=1777058957\",\"url\":\"https:\\\/\\\/vanderloubet.com.br\\\/deputado\\\/wp-content\\\/litespeed\\\/avatar\\\/88ca4090d9d5ab1c9495f6ca03b68efa.jpg?ver=1777058957\",\"contentUrl\":\"https:\\\/\\\/vanderloubet.com.br\\\/deputado\\\/wp-content\\\/litespeed\\\/avatar\\\/88ca4090d9d5ab1c9495f6ca03b68efa.jpg?ver=1777058957\",\"caption\":\"\u00c9der\"}}]}<\/script>\n<!-- \/ Yoast SEO plugin. -->","yoast_head_json":{"title":"Com apoio de Vander e Zeca, Campo Grande recebe a 2\u00aa Feira Estadual da Reforma Agr\u00e1ria","robots":{"index":"index","follow":"follow","max-snippet":"max-snippet:-1","max-image-preview":"max-image-preview:large","max-video-preview":"max-video-preview:-1"},"canonical":"https:\/\/vanderloubet.com.br\/deputado\/com-apoio-de-vander-e-zeca-campo-grande-recebe-a-2a-feira-estadual-da-reforma-agraria\/","og_locale":"pt_BR","og_type":"article","og_title":"Com apoio de Vander e Zeca, Campo Grande recebe a 2\u00aa Feira Estadual da Reforma Agr\u00e1ria","og_description":"Evento ser\u00e1 realizado de 6 a 9 de dezembro na Pra\u00e7a Ary Coelho.","og_url":"https:\/\/vanderloubet.com.br\/deputado\/com-apoio-de-vander-e-zeca-campo-grande-recebe-a-2a-feira-estadual-da-reforma-agraria\/","og_site_name":"Deputado Federal Vander Loubet","article_publisher":"https:\/\/facebook.com\/deputadovander","article_published_time":"2018-12-02T13:08:16+00:00","og_image":[{"width":1066,"height":406,"url":"https:\/\/vanderloubet.com.br\/deputado\/wp-content\/uploads\/2018\/12\/foto-2018-12-02-feira-reforma-agraria.jpg","type":"image\/jpeg"}],"author":"\u00c9der","twitter_card":"summary_large_image","twitter_creator":"@vanderloubet","twitter_site":"@vanderloubet","schema":{"@context":"https:\/\/schema.org","@graph":[{"@type":"Article","@id":"https:\/\/vanderloubet.com.br\/deputado\/com-apoio-de-vander-e-zeca-campo-grande-recebe-a-2a-feira-estadual-da-reforma-agraria\/#article","isPartOf":{"@id":"https:\/\/vanderloubet.com.br\/deputado\/com-apoio-de-vander-e-zeca-campo-grande-recebe-a-2a-feira-estadual-da-reforma-agraria\/"},"author":{"name":"\u00c9der","@id":"https:\/\/vanderloubet.com.br\/deputado\/#\/schema\/person\/15b51bd564532a8a68d9dec1b8eb890e"},"headline":"Com apoio de Vander e Zeca, Campo Grande recebe a 2\u00aa Feira Estadual da Reforma Agr\u00e1ria","datePublished":"2018-12-02T13:08:16+00:00","mainEntityOfPage":{"@id":"https:\/\/vanderloubet.com.br\/deputado\/com-apoio-de-vander-e-zeca-campo-grande-recebe-a-2a-feira-estadual-da-reforma-agraria\/"},"wordCount":228,"publisher":{"@id":"https:\/\/vanderloubet.com.br\/deputado\/#organization"},"image":{"@id":"https:\/\/vanderloubet.com.br\/deputado\/com-apoio-de-vander-e-zeca-campo-grande-recebe-a-2a-feira-estadual-da-reforma-agraria\/#primaryimage"},"thumbnailUrl":"https:\/\/vanderloubet.com.br\/deputado\/wp-content\/uploads\/2018\/12\/foto-2018-12-02-feira-reforma-agraria.jpg","keywords":["agricultura familiar","reforma agr\u00e1ria"],"articleSection":["Mato Grosso do Sul","Not\u00edcias"],"inLanguage":"pt-BR"},{"@type":"WebPage","@id":"https:\/\/vanderloubet.com.br\/deputado\/com-apoio-de-vander-e-zeca-campo-grande-recebe-a-2a-feira-estadual-da-reforma-agraria\/","url":"https:\/\/vanderloubet.com.br\/deputado\/com-apoio-de-vander-e-zeca-campo-grande-recebe-a-2a-feira-estadual-da-reforma-agraria\/","name":"Com apoio de Vander e Zeca, Campo Grande recebe a 2\u00aa Feira Estadual da Reforma Agr\u00e1ria","isPartOf":{"@id":"https:\/\/vanderloubet.com.br\/deputado\/#website"},"primaryImageOfPage":{"@id":"https:\/\/vanderloubet.com.br\/deputado\/com-apoio-de-vander-e-zeca-campo-grande-recebe-a-2a-feira-estadual-da-reforma-agraria\/#primaryimage"},"image":{"@id":"https:\/\/vanderloubet.com.br\/deputado\/com-apoio-de-vander-e-zeca-campo-grande-recebe-a-2a-feira-estadual-da-reforma-agraria\/#primaryimage"},"thumbnailUrl":"https:\/\/vanderloubet.com.br\/deputado\/wp-content\/uploads\/2018\/12\/foto-2018-12-02-feira-reforma-agraria.jpg","datePublished":"2018-12-02T13:08:16+00:00","breadcrumb":{"@id":"https:\/\/vanderloubet.com.br\/deputado\/com-apoio-de-vander-e-zeca-campo-grande-recebe-a-2a-feira-estadual-da-reforma-agraria\/#breadcrumb"},"inLanguage":"pt-BR","potentialAction":[{"@type":"ReadAction","target":["https:\/\/vanderloubet.com.br\/deputado\/com-apoio-de-vander-e-zeca-campo-grande-recebe-a-2a-feira-estadual-da-reforma-agraria\/"]}]},{"@type":"ImageObject","inLanguage":"pt-BR","@id":"https:\/\/vanderloubet.com.br\/deputado\/com-apoio-de-vander-e-zeca-campo-grande-recebe-a-2a-feira-estadual-da-reforma-agraria\/#primaryimage","url":"https:\/\/vanderloubet.com.br\/deputado\/wp-content\/uploads\/2018\/12\/foto-2018-12-02-feira-reforma-agraria.jpg","contentUrl":"https:\/\/vanderloubet.com.br\/deputado\/wp-content\/uploads\/2018\/12\/foto-2018-12-02-feira-reforma-agraria.jpg","width":1066,"height":406,"caption":"Este ano ser\u00e1 realizada a 2\u00aa edi\u00e7\u00e3o da Feira Estadual da Reforma Agr\u00e1ria"},{"@type":"BreadcrumbList","@id":"https:\/\/vanderloubet.com.br\/deputado\/com-apoio-de-vander-e-zeca-campo-grande-recebe-a-2a-feira-estadual-da-reforma-agraria\/#breadcrumb","itemListElement":[{"@type":"ListItem","position":1,"name":"In\u00edcio","item":"https:\/\/vanderloubet.com.br\/deputado\/"},{"@type":"ListItem","position":2,"name":"Com apoio de Vander e Zeca, Campo Grande recebe a 2\u00aa Feira Estadual da Reforma Agr\u00e1ria"}]},{"@type":"WebSite","@id":"https:\/\/vanderloubet.com.br\/deputado\/#website","url":"https:\/\/vanderloubet.com.br\/deputado\/","name":"Deputado Federal Vander Loubet","description":"O Federal de MS","publisher":{"@id":"https:\/\/vanderloubet.com.br\/deputado\/#organization"},"alternateName":"Deputado Vander","potentialAction":[{"@type":"SearchAction","target":{"@type":"EntryPoint","urlTemplate":"https:\/\/vanderloubet.com.br\/deputado\/?s={search_term_string}"},"query-input":{"@type":"PropertyValueSpecification","valueRequired":true,"valueName":"search_term_string"}}],"inLanguage":"pt-BR"},{"@type":"Organization","@id":"https:\/\/vanderloubet.com.br\/deputado\/#organization","name":"Deputado Federal Vander Loubet","alternateName":"Deputado Vander","url":"https:\/\/vanderloubet.com.br\/deputado\/","logo":{"@type":"ImageObject","inLanguage":"pt-BR","@id":"https:\/\/vanderloubet.com.br\/deputado\/#\/schema\/logo\/image\/","url":"https:\/\/vanderloubet.com.br\/deputado\/wp-content\/uploads\/2023\/06\/foto-2023-06-19-mandato-deputado-vander.jpg","contentUrl":"https:\/\/vanderloubet.com.br\/deputado\/wp-content\/uploads\/2023\/06\/foto-2023-06-19-mandato-deputado-vander.jpg","width":1080,"height":1080,"caption":"Deputado Federal Vander Loubet"},"image":{"@id":"https:\/\/vanderloubet.com.br\/deputado\/#\/schema\/logo\/image\/"},"sameAs":["https:\/\/facebook.com\/deputadovander","https:\/\/x.com\/vanderloubet","https:\/\/instagram.com\/vanderloubet","https:\/\/youtube.com\/vanderloubet","https:\/\/tiktok.com\/@vanderloubetms"]},{"@type":"Person","@id":"https:\/\/vanderloubet.com.br\/deputado\/#\/schema\/person\/15b51bd564532a8a68d9dec1b8eb890e","name":"\u00c9der","image":{"@type":"ImageObject","inLanguage":"pt-BR","@id":"https:\/\/vanderloubet.com.br\/deputado\/wp-content\/litespeed\/avatar\/88ca4090d9d5ab1c9495f6ca03b68efa.jpg?ver=1777058957","url":"https:\/\/vanderloubet.com.br\/deputado\/wp-content\/litespeed\/avatar\/88ca4090d9d5ab1c9495f6ca03b68efa.jpg?ver=1777058957","contentUrl":"https:\/\/vanderloubet.com.br\/deputado\/wp-content\/litespeed\/avatar\/88ca4090d9d5ab1c9495f6ca03b68efa.jpg?ver=1777058957","caption":"\u00c9der"}}]}},"jetpack_featured_media_url":"https:\/\/vanderloubet.com.br\/deputado\/wp-content\/uploads\/2018\/12\/foto-2018-12-02-feira-reforma-agraria.jpg","jetpack_sharing_enabled":true,"_links":{"self":[{"href":"https:\/\/vanderloubet.com.br\/deputado\/wp-json\/wp\/v2\/posts\/14008","targetHints":{"allow":["GET"]}}],"collection":[{"href":"https:\/\/vanderloubet.com.br\/deputado\/wp-json\/wp\/v2\/posts"}],"about":[{"href":"https:\/\/vanderloubet.com.br\/deputado\/wp-json\/wp\/v2\/types\/post"}],"author":[{"embeddable":true,"href":"https:\/\/vanderloubet.com.br\/deputado\/wp-json\/wp\/v2\/users\/2"}],"replies":[{"embeddable":true,"href":"https:\/\/vanderloubet.com.br\/deputado\/wp-json\/wp\/v2\/comments?post=14008"}],"version-history":[{"count":0,"href":"https:\/\/vanderloubet.com.br\/deputado\/wp-json\/wp\/v2\/posts\/14008\/revisions"}],"wp:featuredmedia":[{"embeddable":true,"href":"https:\/\/vanderloubet.com.br\/deputado\/wp-json\/wp\/v2\/media\/14009"}],"wp:attachment":[{"href":"https:\/\/vanderloubet.com.br\/deputado\/wp-json\/wp\/v2\/media?parent=14008"}],"wp:term":[{"taxonomy":"category","embeddable":true,"href":"https:\/\/vanderloubet.com.br\/deputado\/wp-json\/wp\/v2\/categories?post=14008"},{"taxonomy":"post_tag","embeddable":true,"href":"https:\/\/vanderloubet.com.br\/deputado\/wp-json\/wp\/v2\/tags?post=14008"}],"curies":[{"name":"wp","href":"https:\/\/api.w.org\/{rel}","templated":true}]}}