{"id":13997,"date":"2018-11-29T18:12:40","date_gmt":"2018-11-29T21:12:40","guid":{"rendered":"http:\/\/vanderloubet.com.br\/deputado\/?p=13997"},"modified":"2018-11-29T18:47:40","modified_gmt":"2018-11-29T21:47:40","slug":"camara-aprova-quatro-projetos-de-combate-a-violencia-contra-mulheres","status":"publish","type":"post","link":"https:\/\/vanderloubet.com.br\/deputado\/camara-aprova-quatro-projetos-de-combate-a-violencia-contra-mulheres\/","title":{"rendered":"C\u00e2mara aprova quatro projetos de combate \u00e0 viol\u00eancia contra mulheres"},"content":{"rendered":"\r\n                <style type=\"text\/css\">\r\n                    \r\n                    #tdi_1  .td-doubleSlider-2 .td-item1 {\r\n                        background: url(https:\/\/vanderloubet.com.br\/deputado\/wp-content\/uploads\/2018\/11\/foto-2018-11-29-plenario-camara-80x60.jpg) 0 0 no-repeat;\r\n                    }\r\n                    #tdi_1  .td-doubleSlider-2 .td-item2 {\r\n                        background: url(https:\/\/vanderloubet.com.br\/deputado\/wp-content\/uploads\/2018\/11\/foto-2018-11-29-16-dias-fim-violencia-mulheres-80x60.jpg) 0 0 no-repeat;\r\n                    }\r\n                <\/style>\r\n\r\n                <div id=\"tdi_1\" class=\"td-gallery td-slide-on-2-columns\">\r\n                    <div class=\"post_td_gallery\">\r\n                        <div class=\"td-gallery-slide-top\">\r\n                           <div class=\"td-gallery-title\"><\/div>\r\n\r\n                            <div class=\"td-gallery-controls-wrapper\">\r\n                                <div class=\"td-gallery-slide-count\"><span class=\"td-gallery-slide-item-focus\">1<\/span> de 2<\/div>\r\n                                <div class=\"td-gallery-slide-prev-next-but\">\r\n                                    <i class = \"td-icon-left doubleSliderPrevButton\"><\/i>\r\n                                    <i class = \"td-icon-right doubleSliderNextButton\"><\/i>\r\n                                <\/div>\r\n                            <\/div>\r\n                        <\/div>\r\n\r\n                        <div class = \"td-doubleSlider-1 \">\r\n                            <div class = \"td-slider\">\r\n                                \r\n                    <div class = \"td-slide-item td-item1\">\r\n                        <figure class=\"td-slide-galery-figure td-slide-popup-gallery\">\r\n                            <a class=\"slide-gallery-image-link\" href=\"https:\/\/vanderloubet.com.br\/deputado\/wp-content\/uploads\/2018\/11\/foto-2018-11-29-plenario-camara.jpg\" title=\"Plen\u00e1rio aprovou projetos de combate \u00e0 viol\u00eancia contra mulheres\"  data-caption=\"\"  data-description=\"Plen&aacute;rio aprovou projetos de combate &agrave; viol&ecirc;ncia contra mulheres\">\r\n                                <img decoding=\"async\" src=\"https:\/\/vanderloubet.com.br\/deputado\/wp-content\/uploads\/2018\/11\/foto-2018-11-29-plenario-camara-747x420.jpg\" srcset=\"https:\/\/vanderloubet.com.br\/deputado\/wp-content\/uploads\/2018\/11\/foto-2018-11-29-plenario-camara-747x420.jpg 747w, https:\/\/vanderloubet.com.br\/deputado\/wp-content\/uploads\/2018\/11\/foto-2018-11-29-plenario-camara-350x197.jpg 350w, https:\/\/vanderloubet.com.br\/deputado\/wp-content\/uploads\/2018\/11\/foto-2018-11-29-plenario-camara-768x432.jpg 768w, https:\/\/vanderloubet.com.br\/deputado\/wp-content\/uploads\/2018\/11\/foto-2018-11-29-plenario-camara-700x394.jpg 700w, https:\/\/vanderloubet.com.br\/deputado\/wp-content\/uploads\/2018\/11\/foto-2018-11-29-plenario-camara-696x392.jpg 696w, https:\/\/vanderloubet.com.br\/deputado\/wp-content\/uploads\/2018\/11\/foto-2018-11-29-plenario-camara-1068x601.jpg 1068w, https:\/\/vanderloubet.com.br\/deputado\/wp-content\/uploads\/2018\/11\/foto-2018-11-29-plenario-camara.jpg 1280w\" sizes=\"(max-width: 747px) 100vw, 747px\" alt=\"Plen&aacute;rio aprovou projetos de combate &agrave; viol&ecirc;ncia contra mulheres\">\r\n                            <\/a>\r\n                            <figcaption class = \"td-slide-caption td-gallery-slide-content\"><span>Plen\u00e1rio aprovou projetos de combate \u00e0 viol\u00eancia contra mulheres<\/span><\/figcaption>\r\n                        <\/figure>\r\n                    <\/div>\r\n                    <div class = \"td-slide-item td-item2\">\r\n                        <figure class=\"td-slide-galery-figure td-slide-popup-gallery\">\r\n                            <a class=\"slide-gallery-image-link\" href=\"https:\/\/vanderloubet.com.br\/deputado\/wp-content\/uploads\/2018\/11\/foto-2018-11-29-16-dias-fim-violencia-mulheres.jpg\" title=\"A campanha dos \"16 dias\" \u00e9 internacional e combate a viol\u00eancia contra mulheres e meninas\"  data-caption=\"\"  data-description=\"A campanha dos &quot;16 dias&quot; &eacute; internacional e combate a viol&ecirc;ncia contra mulheres e meninas\">\r\n                                <img decoding=\"async\" src=\"https:\/\/vanderloubet.com.br\/deputado\/wp-content\/uploads\/2018\/11\/foto-2018-11-29-16-dias-fim-violencia-mulheres-747x420.jpg\" srcset=\"https:\/\/vanderloubet.com.br\/deputado\/wp-content\/uploads\/2018\/11\/foto-2018-11-29-16-dias-fim-violencia-mulheres-747x420.jpg 747w, https:\/\/vanderloubet.com.br\/deputado\/wp-content\/uploads\/2018\/11\/foto-2018-11-29-16-dias-fim-violencia-mulheres-350x197.jpg 350w, https:\/\/vanderloubet.com.br\/deputado\/wp-content\/uploads\/2018\/11\/foto-2018-11-29-16-dias-fim-violencia-mulheres-768x432.jpg 768w, https:\/\/vanderloubet.com.br\/deputado\/wp-content\/uploads\/2018\/11\/foto-2018-11-29-16-dias-fim-violencia-mulheres-700x394.jpg 700w, https:\/\/vanderloubet.com.br\/deputado\/wp-content\/uploads\/2018\/11\/foto-2018-11-29-16-dias-fim-violencia-mulheres-696x392.jpg 696w, https:\/\/vanderloubet.com.br\/deputado\/wp-content\/uploads\/2018\/11\/foto-2018-11-29-16-dias-fim-violencia-mulheres-1068x601.jpg 1068w, https:\/\/vanderloubet.com.br\/deputado\/wp-content\/uploads\/2018\/11\/foto-2018-11-29-16-dias-fim-violencia-mulheres.jpg 1280w\" sizes=\"(max-width: 747px) 100vw, 747px\" alt=\"A campanha dos &quot;16 dias&quot; &eacute; internacional e combate a viol&ecirc;ncia contra mulheres e meninas\">\r\n                            <\/a>\r\n                            <figcaption class = \"td-slide-caption td-gallery-slide-content\"><span>A campanha dos \"16 dias\" \u00e9 internacional e combate a viol\u00eancia contra mulheres e meninas<\/span><\/figcaption>\r\n                        <\/figure>\r\n                    <\/div>\r\n                            <\/div>\r\n                        <\/div>\r\n\r\n                        <div class = \"td-doubleSlider-2\">\r\n                            <div class = \"td-slider\">\r\n                                \r\n                    <div class = \"td-button td-item1\">\r\n                        <div class = \"td-border\"><\/div>\r\n                    <\/div>\r\n                    <div class = \"td-button td-item2\">\r\n                        <div class = \"td-border\"><\/div>\r\n                    <\/div>\r\n                            <\/div>\r\n                        <\/div>\r\n\r\n                    <\/div>\r\n\r\n                <\/div>\r\n                \n<p>A C\u00e2mara dos Deputados aprovou nesta quarta-feira (28) quatro projetos de lei relacionados aos 16 dias de ativismo pelo fim da viol\u00eancia contra as mulheres. Os projetos contaram com votos favor\u00e1veis do deputado federal Vander Loubet:<\/p>\n<p><strong>1.<\/strong> PL 3030\/15 &#8211; Agrava a pena de quem matar a mulher (feminic\u00eddio) descumprindo medida protetiva j\u00e1 declarada diante de agress\u00f5es ou abusos previstos na Lei Maria da Penha.<\/p>\n<p><strong>2.<\/strong> PL 5001\/16 &#8211; Amplia as medidas protetivas da Lei Maria da Penha. O autor de viol\u00eancia familiar ter\u00e1 que frequentar centros de educa\u00e7\u00e3o e de reabilita\u00e7\u00e3o e vai receber acompanhamento psicossocial por meio de atendimento individual ou em grupo de apoio. \u00c9 uma medida que visa apostar na ressocializa\u00e7\u00e3o e na preven\u00e7\u00e3o.<\/p>\n<p><strong>3.<\/strong> PL 5555\/13 &#8211; Estabeleceu puni\u00e7\u00e3o, com pena de deten\u00e7\u00e3o de 6 meses a 1 ano e multa, para o registro da intimidade sexual. Pelo texto aprovado comete o mesmo crime quem realiza montagem para incluir pessoa em cena de nudez ou ato sexual.<\/p>\n<p><strong>4.<\/strong> PL 10269\/18 &#8211; Coloca na lei um entendimento do Supremo Tribunal Federal (STF) que deu \u00e0s detentas m\u00e3es, gr\u00e1vidas e\/ou respons\u00e1veis por pessoas com defici\u00eancia, que est\u00e3o em pris\u00e3o preventiva, o direito de cumprir a pena em regime domiciliar, desde que n\u00e3o tenham cometido crime com viol\u00eancia ou grave amea\u00e7a.<\/p>\n<p>A campanha 16 Dias de Ativismo pelo Fim da Viol\u00eancia contra as Mulheres existe desde 1991, quando foi lan\u00e7ada pelo Instituto de Lideran\u00e7a Global de Mulheres (Women\u2019s Global Leadership Institute) para denunciar v\u00e1rias formas de viol\u00eancia de g\u00eanero em todo o mundo. Com apoio da ONU Mulheres, a jornada acontece anualmente em mais de 90 pa\u00edses, entre 25 de novembro (Dia Internacional de Combate \u00e0 Viol\u00eancia contra as Mulheres) e 10 de dezembro (Dia Internacional dos Direitos Humanos). O Brasil aderiu \u00e0 campanha em 2003.<\/p>\n<p><em>(\u00c9der F. Yanaguita &#8211; Ascom\/Dep. Vander Loubet)<\/em><\/p>\n","protected":false},"excerpt":{"rendered":"<p>Propostas se relacionam \u00e0 campanha mundial dos 16 dias de ativismo pelo fim da viol\u00eancia contra as mulheres.<\/p>\n","protected":false},"author":2,"featured_media":14000,"comment_status":"closed","ping_status":"closed","sticky":false,"template":"","format":"standard","meta":{"jetpack_post_was_ever_published":false,"_jetpack_newsletter_access":"","_jetpack_dont_email_post_to_subs":false,"_jetpack_newsletter_tier_id":0,"_jetpack_memberships_contains_paywalled_content":false,"_jetpack_memberships_contains_paid_content":false,"footnotes":""},"categories":[2098,10],"tags":[1635,2307],"class_list":{"0":"post-13997","1":"post","2":"type-post","3":"status-publish","4":"format-standard","5":"has-post-thumbnail","7":"category-brasil-noticias","8":"category-noticias","9":"tag-projeto-de-lei","10":"tag-violencia-contra-a-mulher"},"yoast_head":"<!-- This site is optimized with the Yoast SEO plugin v27.4 - https:\/\/yoast.com\/product\/yoast-seo-wordpress\/ -->\n<title>C\u00e2mara aprova quatro projetos de combate \u00e0 viol\u00eancia contra mulheres<\/title>\n<meta name=\"robots\" content=\"index, follow, max-snippet:-1, max-image-preview:large, max-video-preview:-1\" \/>\n<link rel=\"canonical\" href=\"https:\/\/vanderloubet.com.br\/deputado\/camara-aprova-quatro-projetos-de-combate-a-violencia-contra-mulheres\/\" \/>\n<meta property=\"og:locale\" content=\"pt_BR\" \/>\n<meta property=\"og:type\" content=\"article\" \/>\n<meta property=\"og:title\" content=\"C\u00e2mara aprova quatro projetos de combate \u00e0 viol\u00eancia contra mulheres\" \/>\n<meta property=\"og:description\" content=\"Propostas se relacionam \u00e0 campanha mundial dos 16 dias de ativismo pelo fim da viol\u00eancia contra as mulheres.\" \/>\n<meta property=\"og:url\" content=\"https:\/\/vanderloubet.com.br\/deputado\/camara-aprova-quatro-projetos-de-combate-a-violencia-contra-mulheres\/\" \/>\n<meta property=\"og:site_name\" content=\"Deputado Federal Vander Loubet\" \/>\n<meta property=\"article:publisher\" content=\"https:\/\/facebook.com\/deputadovander\" \/>\n<meta property=\"article:published_time\" content=\"2018-11-29T21:12:40+00:00\" \/>\n<meta property=\"article:modified_time\" content=\"2018-11-29T21:47:40+00:00\" \/>\n<meta property=\"og:image\" content=\"https:\/\/vanderloubet.com.br\/deputado\/wp-content\/uploads\/2018\/11\/foto-2018-11-29-16-dias-fim-violencia-mulheres.jpg\" \/>\n\t<meta property=\"og:image:width\" content=\"1280\" \/>\n\t<meta property=\"og:image:height\" content=\"720\" \/>\n\t<meta property=\"og:image:type\" content=\"image\/jpeg\" \/>\n<meta name=\"author\" content=\"\u00c9der\" \/>\n<meta name=\"twitter:card\" content=\"summary_large_image\" \/>\n<meta name=\"twitter:creator\" content=\"@vanderloubet\" \/>\n<meta name=\"twitter:site\" content=\"@vanderloubet\" \/>\n<script type=\"application\/ld+json\" class=\"yoast-schema-graph\">{\"@context\":\"https:\\\/\\\/schema.org\",\"@graph\":[{\"@type\":\"Article\",\"@id\":\"https:\\\/\\\/vanderloubet.com.br\\\/deputado\\\/camara-aprova-quatro-projetos-de-combate-a-violencia-contra-mulheres\\\/#article\",\"isPartOf\":{\"@id\":\"https:\\\/\\\/vanderloubet.com.br\\\/deputado\\\/camara-aprova-quatro-projetos-de-combate-a-violencia-contra-mulheres\\\/\"},\"author\":{\"name\":\"\u00c9der\",\"@id\":\"https:\\\/\\\/vanderloubet.com.br\\\/deputado\\\/#\\\/schema\\\/person\\\/15b51bd564532a8a68d9dec1b8eb890e\"},\"headline\":\"C\u00e2mara aprova quatro projetos de combate \u00e0 viol\u00eancia contra mulheres\",\"datePublished\":\"2018-11-29T21:12:40+00:00\",\"dateModified\":\"2018-11-29T21:47:40+00:00\",\"mainEntityOfPage\":{\"@id\":\"https:\\\/\\\/vanderloubet.com.br\\\/deputado\\\/camara-aprova-quatro-projetos-de-combate-a-violencia-contra-mulheres\\\/\"},\"wordCount\":336,\"publisher\":{\"@id\":\"https:\\\/\\\/vanderloubet.com.br\\\/deputado\\\/#organization\"},\"image\":{\"@id\":\"https:\\\/\\\/vanderloubet.com.br\\\/deputado\\\/camara-aprova-quatro-projetos-de-combate-a-violencia-contra-mulheres\\\/#primaryimage\"},\"thumbnailUrl\":\"https:\\\/\\\/vanderloubet.com.br\\\/deputado\\\/wp-content\\\/uploads\\\/2018\\\/11\\\/foto-2018-11-29-16-dias-fim-violencia-mulheres.jpg\",\"keywords\":[\"projeto de lei\",\"viol\u00eancia contra a mulher\"],\"articleSection\":[\"Brasil\",\"Not\u00edcias\"],\"inLanguage\":\"pt-BR\"},{\"@type\":\"WebPage\",\"@id\":\"https:\\\/\\\/vanderloubet.com.br\\\/deputado\\\/camara-aprova-quatro-projetos-de-combate-a-violencia-contra-mulheres\\\/\",\"url\":\"https:\\\/\\\/vanderloubet.com.br\\\/deputado\\\/camara-aprova-quatro-projetos-de-combate-a-violencia-contra-mulheres\\\/\",\"name\":\"C\u00e2mara aprova quatro projetos de combate \u00e0 viol\u00eancia contra mulheres\",\"isPartOf\":{\"@id\":\"https:\\\/\\\/vanderloubet.com.br\\\/deputado\\\/#website\"},\"primaryImageOfPage\":{\"@id\":\"https:\\\/\\\/vanderloubet.com.br\\\/deputado\\\/camara-aprova-quatro-projetos-de-combate-a-violencia-contra-mulheres\\\/#primaryimage\"},\"image\":{\"@id\":\"https:\\\/\\\/vanderloubet.com.br\\\/deputado\\\/camara-aprova-quatro-projetos-de-combate-a-violencia-contra-mulheres\\\/#primaryimage\"},\"thumbnailUrl\":\"https:\\\/\\\/vanderloubet.com.br\\\/deputado\\\/wp-content\\\/uploads\\\/2018\\\/11\\\/foto-2018-11-29-16-dias-fim-violencia-mulheres.jpg\",\"datePublished\":\"2018-11-29T21:12:40+00:00\",\"dateModified\":\"2018-11-29T21:47:40+00:00\",\"breadcrumb\":{\"@id\":\"https:\\\/\\\/vanderloubet.com.br\\\/deputado\\\/camara-aprova-quatro-projetos-de-combate-a-violencia-contra-mulheres\\\/#breadcrumb\"},\"inLanguage\":\"pt-BR\",\"potentialAction\":[{\"@type\":\"ReadAction\",\"target\":[\"https:\\\/\\\/vanderloubet.com.br\\\/deputado\\\/camara-aprova-quatro-projetos-de-combate-a-violencia-contra-mulheres\\\/\"]}]},{\"@type\":\"ImageObject\",\"inLanguage\":\"pt-BR\",\"@id\":\"https:\\\/\\\/vanderloubet.com.br\\\/deputado\\\/camara-aprova-quatro-projetos-de-combate-a-violencia-contra-mulheres\\\/#primaryimage\",\"url\":\"https:\\\/\\\/vanderloubet.com.br\\\/deputado\\\/wp-content\\\/uploads\\\/2018\\\/11\\\/foto-2018-11-29-16-dias-fim-violencia-mulheres.jpg\",\"contentUrl\":\"https:\\\/\\\/vanderloubet.com.br\\\/deputado\\\/wp-content\\\/uploads\\\/2018\\\/11\\\/foto-2018-11-29-16-dias-fim-violencia-mulheres.jpg\",\"width\":1280,\"height\":720,\"caption\":\"A campanha dos \\\"16 dias\\\" \u00e9 internacional e combate a viol\u00eancia contra mulheres e meninas\"},{\"@type\":\"BreadcrumbList\",\"@id\":\"https:\\\/\\\/vanderloubet.com.br\\\/deputado\\\/camara-aprova-quatro-projetos-de-combate-a-violencia-contra-mulheres\\\/#breadcrumb\",\"itemListElement\":[{\"@type\":\"ListItem\",\"position\":1,\"name\":\"In\u00edcio\",\"item\":\"https:\\\/\\\/vanderloubet.com.br\\\/deputado\\\/\"},{\"@type\":\"ListItem\",\"position\":2,\"name\":\"C\u00e2mara aprova quatro projetos de combate \u00e0 viol\u00eancia contra mulheres\"}]},{\"@type\":\"WebSite\",\"@id\":\"https:\\\/\\\/vanderloubet.com.br\\\/deputado\\\/#website\",\"url\":\"https:\\\/\\\/vanderloubet.com.br\\\/deputado\\\/\",\"name\":\"Deputado Federal Vander Loubet\",\"description\":\"O Federal de MS\",\"publisher\":{\"@id\":\"https:\\\/\\\/vanderloubet.com.br\\\/deputado\\\/#organization\"},\"alternateName\":\"Deputado Vander\",\"potentialAction\":[{\"@type\":\"SearchAction\",\"target\":{\"@type\":\"EntryPoint\",\"urlTemplate\":\"https:\\\/\\\/vanderloubet.com.br\\\/deputado\\\/?s={search_term_string}\"},\"query-input\":{\"@type\":\"PropertyValueSpecification\",\"valueRequired\":true,\"valueName\":\"search_term_string\"}}],\"inLanguage\":\"pt-BR\"},{\"@type\":\"Organization\",\"@id\":\"https:\\\/\\\/vanderloubet.com.br\\\/deputado\\\/#organization\",\"name\":\"Deputado Federal Vander Loubet\",\"alternateName\":\"Deputado Vander\",\"url\":\"https:\\\/\\\/vanderloubet.com.br\\\/deputado\\\/\",\"logo\":{\"@type\":\"ImageObject\",\"inLanguage\":\"pt-BR\",\"@id\":\"https:\\\/\\\/vanderloubet.com.br\\\/deputado\\\/#\\\/schema\\\/logo\\\/image\\\/\",\"url\":\"https:\\\/\\\/vanderloubet.com.br\\\/deputado\\\/wp-content\\\/uploads\\\/2023\\\/06\\\/foto-2023-06-19-mandato-deputado-vander.jpg\",\"contentUrl\":\"https:\\\/\\\/vanderloubet.com.br\\\/deputado\\\/wp-content\\\/uploads\\\/2023\\\/06\\\/foto-2023-06-19-mandato-deputado-vander.jpg\",\"width\":1080,\"height\":1080,\"caption\":\"Deputado Federal Vander Loubet\"},\"image\":{\"@id\":\"https:\\\/\\\/vanderloubet.com.br\\\/deputado\\\/#\\\/schema\\\/logo\\\/image\\\/\"},\"sameAs\":[\"https:\\\/\\\/facebook.com\\\/deputadovander\",\"https:\\\/\\\/x.com\\\/vanderloubet\",\"https:\\\/\\\/instagram.com\\\/vanderloubet\",\"https:\\\/\\\/youtube.com\\\/vanderloubet\",\"https:\\\/\\\/tiktok.com\\\/@vanderloubetms\"]},{\"@type\":\"Person\",\"@id\":\"https:\\\/\\\/vanderloubet.com.br\\\/deputado\\\/#\\\/schema\\\/person\\\/15b51bd564532a8a68d9dec1b8eb890e\",\"name\":\"\u00c9der\",\"image\":{\"@type\":\"ImageObject\",\"inLanguage\":\"pt-BR\",\"@id\":\"https:\\\/\\\/vanderloubet.com.br\\\/deputado\\\/wp-content\\\/litespeed\\\/avatar\\\/88ca4090d9d5ab1c9495f6ca03b68efa.jpg?ver=1777058957\",\"url\":\"https:\\\/\\\/vanderloubet.com.br\\\/deputado\\\/wp-content\\\/litespeed\\\/avatar\\\/88ca4090d9d5ab1c9495f6ca03b68efa.jpg?ver=1777058957\",\"contentUrl\":\"https:\\\/\\\/vanderloubet.com.br\\\/deputado\\\/wp-content\\\/litespeed\\\/avatar\\\/88ca4090d9d5ab1c9495f6ca03b68efa.jpg?ver=1777058957\",\"caption\":\"\u00c9der\"}}]}<\/script>\n<!-- \/ Yoast SEO plugin. -->","yoast_head_json":{"title":"C\u00e2mara aprova quatro projetos de combate \u00e0 viol\u00eancia contra mulheres","robots":{"index":"index","follow":"follow","max-snippet":"max-snippet:-1","max-image-preview":"max-image-preview:large","max-video-preview":"max-video-preview:-1"},"canonical":"https:\/\/vanderloubet.com.br\/deputado\/camara-aprova-quatro-projetos-de-combate-a-violencia-contra-mulheres\/","og_locale":"pt_BR","og_type":"article","og_title":"C\u00e2mara aprova quatro projetos de combate \u00e0 viol\u00eancia contra mulheres","og_description":"Propostas se relacionam \u00e0 campanha mundial dos 16 dias de ativismo pelo fim da viol\u00eancia contra as mulheres.","og_url":"https:\/\/vanderloubet.com.br\/deputado\/camara-aprova-quatro-projetos-de-combate-a-violencia-contra-mulheres\/","og_site_name":"Deputado Federal Vander Loubet","article_publisher":"https:\/\/facebook.com\/deputadovander","article_published_time":"2018-11-29T21:12:40+00:00","article_modified_time":"2018-11-29T21:47:40+00:00","og_image":[{"width":1280,"height":720,"url":"https:\/\/vanderloubet.com.br\/deputado\/wp-content\/uploads\/2018\/11\/foto-2018-11-29-16-dias-fim-violencia-mulheres.jpg","type":"image\/jpeg"}],"author":"\u00c9der","twitter_card":"summary_large_image","twitter_creator":"@vanderloubet","twitter_site":"@vanderloubet","schema":{"@context":"https:\/\/schema.org","@graph":[{"@type":"Article","@id":"https:\/\/vanderloubet.com.br\/deputado\/camara-aprova-quatro-projetos-de-combate-a-violencia-contra-mulheres\/#article","isPartOf":{"@id":"https:\/\/vanderloubet.com.br\/deputado\/camara-aprova-quatro-projetos-de-combate-a-violencia-contra-mulheres\/"},"author":{"name":"\u00c9der","@id":"https:\/\/vanderloubet.com.br\/deputado\/#\/schema\/person\/15b51bd564532a8a68d9dec1b8eb890e"},"headline":"C\u00e2mara aprova quatro projetos de combate \u00e0 viol\u00eancia contra mulheres","datePublished":"2018-11-29T21:12:40+00:00","dateModified":"2018-11-29T21:47:40+00:00","mainEntityOfPage":{"@id":"https:\/\/vanderloubet.com.br\/deputado\/camara-aprova-quatro-projetos-de-combate-a-violencia-contra-mulheres\/"},"wordCount":336,"publisher":{"@id":"https:\/\/vanderloubet.com.br\/deputado\/#organization"},"image":{"@id":"https:\/\/vanderloubet.com.br\/deputado\/camara-aprova-quatro-projetos-de-combate-a-violencia-contra-mulheres\/#primaryimage"},"thumbnailUrl":"https:\/\/vanderloubet.com.br\/deputado\/wp-content\/uploads\/2018\/11\/foto-2018-11-29-16-dias-fim-violencia-mulheres.jpg","keywords":["projeto de lei","viol\u00eancia contra a mulher"],"articleSection":["Brasil","Not\u00edcias"],"inLanguage":"pt-BR"},{"@type":"WebPage","@id":"https:\/\/vanderloubet.com.br\/deputado\/camara-aprova-quatro-projetos-de-combate-a-violencia-contra-mulheres\/","url":"https:\/\/vanderloubet.com.br\/deputado\/camara-aprova-quatro-projetos-de-combate-a-violencia-contra-mulheres\/","name":"C\u00e2mara aprova quatro projetos de combate \u00e0 viol\u00eancia contra mulheres","isPartOf":{"@id":"https:\/\/vanderloubet.com.br\/deputado\/#website"},"primaryImageOfPage":{"@id":"https:\/\/vanderloubet.com.br\/deputado\/camara-aprova-quatro-projetos-de-combate-a-violencia-contra-mulheres\/#primaryimage"},"image":{"@id":"https:\/\/vanderloubet.com.br\/deputado\/camara-aprova-quatro-projetos-de-combate-a-violencia-contra-mulheres\/#primaryimage"},"thumbnailUrl":"https:\/\/vanderloubet.com.br\/deputado\/wp-content\/uploads\/2018\/11\/foto-2018-11-29-16-dias-fim-violencia-mulheres.jpg","datePublished":"2018-11-29T21:12:40+00:00","dateModified":"2018-11-29T21:47:40+00:00","breadcrumb":{"@id":"https:\/\/vanderloubet.com.br\/deputado\/camara-aprova-quatro-projetos-de-combate-a-violencia-contra-mulheres\/#breadcrumb"},"inLanguage":"pt-BR","potentialAction":[{"@type":"ReadAction","target":["https:\/\/vanderloubet.com.br\/deputado\/camara-aprova-quatro-projetos-de-combate-a-violencia-contra-mulheres\/"]}]},{"@type":"ImageObject","inLanguage":"pt-BR","@id":"https:\/\/vanderloubet.com.br\/deputado\/camara-aprova-quatro-projetos-de-combate-a-violencia-contra-mulheres\/#primaryimage","url":"https:\/\/vanderloubet.com.br\/deputado\/wp-content\/uploads\/2018\/11\/foto-2018-11-29-16-dias-fim-violencia-mulheres.jpg","contentUrl":"https:\/\/vanderloubet.com.br\/deputado\/wp-content\/uploads\/2018\/11\/foto-2018-11-29-16-dias-fim-violencia-mulheres.jpg","width":1280,"height":720,"caption":"A campanha dos \"16 dias\" \u00e9 internacional e combate a viol\u00eancia contra mulheres e meninas"},{"@type":"BreadcrumbList","@id":"https:\/\/vanderloubet.com.br\/deputado\/camara-aprova-quatro-projetos-de-combate-a-violencia-contra-mulheres\/#breadcrumb","itemListElement":[{"@type":"ListItem","position":1,"name":"In\u00edcio","item":"https:\/\/vanderloubet.com.br\/deputado\/"},{"@type":"ListItem","position":2,"name":"C\u00e2mara aprova quatro projetos de combate \u00e0 viol\u00eancia contra mulheres"}]},{"@type":"WebSite","@id":"https:\/\/vanderloubet.com.br\/deputado\/#website","url":"https:\/\/vanderloubet.com.br\/deputado\/","name":"Deputado Federal Vander Loubet","description":"O Federal de MS","publisher":{"@id":"https:\/\/vanderloubet.com.br\/deputado\/#organization"},"alternateName":"Deputado Vander","potentialAction":[{"@type":"SearchAction","target":{"@type":"EntryPoint","urlTemplate":"https:\/\/vanderloubet.com.br\/deputado\/?s={search_term_string}"},"query-input":{"@type":"PropertyValueSpecification","valueRequired":true,"valueName":"search_term_string"}}],"inLanguage":"pt-BR"},{"@type":"Organization","@id":"https:\/\/vanderloubet.com.br\/deputado\/#organization","name":"Deputado Federal Vander Loubet","alternateName":"Deputado Vander","url":"https:\/\/vanderloubet.com.br\/deputado\/","logo":{"@type":"ImageObject","inLanguage":"pt-BR","@id":"https:\/\/vanderloubet.com.br\/deputado\/#\/schema\/logo\/image\/","url":"https:\/\/vanderloubet.com.br\/deputado\/wp-content\/uploads\/2023\/06\/foto-2023-06-19-mandato-deputado-vander.jpg","contentUrl":"https:\/\/vanderloubet.com.br\/deputado\/wp-content\/uploads\/2023\/06\/foto-2023-06-19-mandato-deputado-vander.jpg","width":1080,"height":1080,"caption":"Deputado Federal Vander Loubet"},"image":{"@id":"https:\/\/vanderloubet.com.br\/deputado\/#\/schema\/logo\/image\/"},"sameAs":["https:\/\/facebook.com\/deputadovander","https:\/\/x.com\/vanderloubet","https:\/\/instagram.com\/vanderloubet","https:\/\/youtube.com\/vanderloubet","https:\/\/tiktok.com\/@vanderloubetms"]},{"@type":"Person","@id":"https:\/\/vanderloubet.com.br\/deputado\/#\/schema\/person\/15b51bd564532a8a68d9dec1b8eb890e","name":"\u00c9der","image":{"@type":"ImageObject","inLanguage":"pt-BR","@id":"https:\/\/vanderloubet.com.br\/deputado\/wp-content\/litespeed\/avatar\/88ca4090d9d5ab1c9495f6ca03b68efa.jpg?ver=1777058957","url":"https:\/\/vanderloubet.com.br\/deputado\/wp-content\/litespeed\/avatar\/88ca4090d9d5ab1c9495f6ca03b68efa.jpg?ver=1777058957","contentUrl":"https:\/\/vanderloubet.com.br\/deputado\/wp-content\/litespeed\/avatar\/88ca4090d9d5ab1c9495f6ca03b68efa.jpg?ver=1777058957","caption":"\u00c9der"}}]}},"jetpack_featured_media_url":"https:\/\/vanderloubet.com.br\/deputado\/wp-content\/uploads\/2018\/11\/foto-2018-11-29-16-dias-fim-violencia-mulheres.jpg","jetpack_sharing_enabled":true,"_links":{"self":[{"href":"https:\/\/vanderloubet.com.br\/deputado\/wp-json\/wp\/v2\/posts\/13997","targetHints":{"allow":["GET"]}}],"collection":[{"href":"https:\/\/vanderloubet.com.br\/deputado\/wp-json\/wp\/v2\/posts"}],"about":[{"href":"https:\/\/vanderloubet.com.br\/deputado\/wp-json\/wp\/v2\/types\/post"}],"author":[{"embeddable":true,"href":"https:\/\/vanderloubet.com.br\/deputado\/wp-json\/wp\/v2\/users\/2"}],"replies":[{"embeddable":true,"href":"https:\/\/vanderloubet.com.br\/deputado\/wp-json\/wp\/v2\/comments?post=13997"}],"version-history":[{"count":0,"href":"https:\/\/vanderloubet.com.br\/deputado\/wp-json\/wp\/v2\/posts\/13997\/revisions"}],"wp:featuredmedia":[{"embeddable":true,"href":"https:\/\/vanderloubet.com.br\/deputado\/wp-json\/wp\/v2\/media\/14000"}],"wp:attachment":[{"href":"https:\/\/vanderloubet.com.br\/deputado\/wp-json\/wp\/v2\/media?parent=13997"}],"wp:term":[{"taxonomy":"category","embeddable":true,"href":"https:\/\/vanderloubet.com.br\/deputado\/wp-json\/wp\/v2\/categories?post=13997"},{"taxonomy":"post_tag","embeddable":true,"href":"https:\/\/vanderloubet.com.br\/deputado\/wp-json\/wp\/v2\/tags?post=13997"}],"curies":[{"name":"wp","href":"https:\/\/api.w.org\/{rel}","templated":true}]}}