{"id":13990,"date":"2018-11-28T11:26:25","date_gmt":"2018-11-28T14:26:25","guid":{"rendered":"http:\/\/vanderloubet.com.br\/deputado\/?p=13990"},"modified":"2018-11-28T11:38:05","modified_gmt":"2018-11-28T14:38:05","slug":"vander-consegue-liberacao-de-emenda-para-ubs-no-padre-ernesto-em-corumba","status":"publish","type":"post","link":"https:\/\/vanderloubet.com.br\/deputado\/vander-consegue-liberacao-de-emenda-para-ubs-no-padre-ernesto-em-corumba\/","title":{"rendered":"Vander consegue libera\u00e7\u00e3o de emenda para UBS no Padre Ernesto em Corumb\u00e1"},"content":{"rendered":"<figure id=\"attachment_13991\" aria-describedby=\"caption-attachment-13991\" style=\"width: 700px\" class=\"wp-caption alignnone\"><img decoding=\"async\" src=\"http:\/\/vanderloubet.com.br\/deputado\/wp-content\/uploads\/2018\/11\/foto-2018-11-28-obra-ubs-padre-ernesto-corumba-700x467.jpg\" alt=\"Obra da nova unidade de sa\u00fade j\u00e1 est\u00e1 em andamento (foto: Cl\u00f3vis Neto\/PMC)\" width=\"700\" height=\"467\" class=\"size-large wp-image-13991\" srcset=\"https:\/\/vanderloubet.com.br\/deputado\/wp-content\/uploads\/2018\/11\/foto-2018-11-28-obra-ubs-padre-ernesto-corumba-700x467.jpg 700w, https:\/\/vanderloubet.com.br\/deputado\/wp-content\/uploads\/2018\/11\/foto-2018-11-28-obra-ubs-padre-ernesto-corumba-350x233.jpg 350w, https:\/\/vanderloubet.com.br\/deputado\/wp-content\/uploads\/2018\/11\/foto-2018-11-28-obra-ubs-padre-ernesto-corumba-768x512.jpg 768w, https:\/\/vanderloubet.com.br\/deputado\/wp-content\/uploads\/2018\/11\/foto-2018-11-28-obra-ubs-padre-ernesto-corumba-630x420.jpg 630w, https:\/\/vanderloubet.com.br\/deputado\/wp-content\/uploads\/2018\/11\/foto-2018-11-28-obra-ubs-padre-ernesto-corumba-696x464.jpg 696w, https:\/\/vanderloubet.com.br\/deputado\/wp-content\/uploads\/2018\/11\/foto-2018-11-28-obra-ubs-padre-ernesto-corumba-1068x712.jpg 1068w, https:\/\/vanderloubet.com.br\/deputado\/wp-content\/uploads\/2018\/11\/foto-2018-11-28-obra-ubs-padre-ernesto-corumba.jpg 1080w\" sizes=\"(max-width: 700px) 100vw, 700px\" \/><figcaption id=\"caption-attachment-13991\" class=\"wp-caption-text\">Obra da nova unidade de sa\u00fade j\u00e1 est\u00e1 em andamento (foto: Cl\u00f3vis Neto\/PMC)<\/figcaption><\/figure>\n<p>Na ter\u00e7a-feira (27), o deputado federal Vander Loubet recebeu da Secretaria de Governo da Presid\u00eancia da Rep\u00fablica (Segov\/PR) uma boa not\u00edcia para Corumb\u00e1: foi liberada a \u00faltima parcela de uma emenda parlamentar para constru\u00e7\u00e3o da Unidade B\u00e1sica de Sa\u00fade (UBS) do Conjunto Padre Ernesto Sassida.<\/p>\n<p>A constru\u00e7\u00e3o da UBS foi <a href=\"http:\/\/www.corumba.ms.gov.br\/noticias\/ruiter-autoriza-construcao-de-ubs-no-padre-ernesto-e-contratacao-de-agentes\/21367\/\" rel=\"noopener\" target=\"_blank\">anunciada em 30 de setembro de 2017<\/a> pelo ent\u00e3o prefeito Ruiter Cunha de Oliveira, falecido em 1\u00ba de novembro do mesmo ano. A edifica\u00e7\u00e3o est\u00e1 or\u00e7ada em R$ 1.102.148, sendo R$ 512 mil provenientes da emenda do deputado Vander e os demais R$ 590.148 de contrapartida do Munic\u00edpio.<\/p>\n<p>A emenda de Vander foi indicada pelo Minist\u00e9rio da Sa\u00fade dentro do Or\u00e7amento Geral da Uni\u00e3o de 2014 e totaliza R$ 750 mil. Desse valor, j\u00e1 haviam sido pagos R$ 238 mil para aquisi\u00e7\u00e3o de equipamentos e materiais para a nova UBS. Dos demais R$ 512 mil, havia sido liberada uma parcela inicial de R$ 102.400. O restante (R$ 409.600) foi liberado agora.<\/p>\n<p>&#8220;Agora com a libera\u00e7\u00e3o dessa \u00faltima parcela espero que a Prefeitura possa ter todas as condi\u00e7\u00f5es de concluir essa obra e de oferecer \u00e0s fam\u00edlias desse bairro a assist\u00eancia em sa\u00fade da qual necessitam&#8221;, destacou Vander Loubet.<\/p>\n<p>A UBS do Padre Ernesto Sassida ser\u00e1 de porte 2, conforme descri\u00e7\u00e3o do Minist\u00e9rio da Sa\u00fade, com recep\u00e7\u00e3o e sala de espera, sanit\u00e1rios, tr\u00eas consult\u00f3rios m\u00e9dicos, sala de inala\u00e7\u00e3o, dois consult\u00f3rios odontol\u00f3gicos, sala de observa\u00e7\u00e3o, sala de atividades coletivas, sala de vacina, sala de curativos, local de estocagem de medicamentos e demais setores.<\/p>\n<p><em>(\u00c9der F. Yanaguita &#8211; Ascom\/Dep. Vander Loubet)<\/em><\/p>\n","protected":false},"excerpt":{"rendered":"<p>Constru\u00e7\u00e3o da UBS foi anunciada em 30\/09\/2017 pelo ent\u00e3o prefeito Ruiter Cunha de Oliveira, falecido em 1\u00ba de novembro do mesmo ano.<\/p>\n","protected":false},"author":2,"featured_media":13991,"comment_status":"closed","ping_status":"closed","sticky":false,"template":"","format":"standard","meta":{"jetpack_post_was_ever_published":false,"_jetpack_newsletter_access":"","_jetpack_dont_email_post_to_subs":false,"_jetpack_newsletter_tier_id":0,"_jetpack_memberships_contains_paywalled_content":false,"_jetpack_memberships_contains_paid_content":false,"footnotes":""},"categories":[2097,10],"tags":[2127,1803],"class_list":{"0":"post-13990","1":"post","2":"type-post","3":"status-publish","4":"format-standard","5":"has-post-thumbnail","7":"category-municipios-noticias","8":"category-noticias","9":"tag-emenda-parlamentar","10":"tag-saude"},"yoast_head":"<!-- This site is optimized with the Yoast SEO plugin v27.4 - https:\/\/yoast.com\/product\/yoast-seo-wordpress\/ -->\n<title>Vander consegue libera\u00e7\u00e3o de emenda para UBS no Padre Ernesto em Corumb\u00e1<\/title>\n<meta name=\"robots\" content=\"index, follow, max-snippet:-1, max-image-preview:large, max-video-preview:-1\" \/>\n<link rel=\"canonical\" href=\"https:\/\/vanderloubet.com.br\/deputado\/vander-consegue-liberacao-de-emenda-para-ubs-no-padre-ernesto-em-corumba\/\" \/>\n<meta property=\"og:locale\" content=\"pt_BR\" \/>\n<meta property=\"og:type\" content=\"article\" \/>\n<meta property=\"og:title\" content=\"Vander consegue libera\u00e7\u00e3o de emenda para UBS no Padre Ernesto em Corumb\u00e1\" \/>\n<meta property=\"og:description\" content=\"Constru\u00e7\u00e3o da UBS foi anunciada em 30\/09\/2017 pelo ent\u00e3o prefeito Ruiter Cunha de Oliveira, falecido em 1\u00ba de novembro do mesmo ano.\" \/>\n<meta property=\"og:url\" content=\"https:\/\/vanderloubet.com.br\/deputado\/vander-consegue-liberacao-de-emenda-para-ubs-no-padre-ernesto-em-corumba\/\" \/>\n<meta property=\"og:site_name\" content=\"Deputado Federal Vander Loubet\" \/>\n<meta property=\"article:publisher\" content=\"https:\/\/facebook.com\/deputadovander\" \/>\n<meta property=\"article:published_time\" content=\"2018-11-28T14:26:25+00:00\" \/>\n<meta property=\"article:modified_time\" content=\"2018-11-28T14:38:05+00:00\" \/>\n<meta property=\"og:image\" content=\"https:\/\/vanderloubet.com.br\/deputado\/wp-content\/uploads\/2018\/11\/foto-2018-11-28-obra-ubs-padre-ernesto-corumba.jpg\" \/>\n\t<meta property=\"og:image:width\" content=\"1080\" \/>\n\t<meta property=\"og:image:height\" content=\"720\" \/>\n\t<meta property=\"og:image:type\" content=\"image\/jpeg\" \/>\n<meta name=\"author\" content=\"\u00c9der\" \/>\n<meta name=\"twitter:card\" content=\"summary_large_image\" \/>\n<meta name=\"twitter:creator\" content=\"@vanderloubet\" \/>\n<meta name=\"twitter:site\" content=\"@vanderloubet\" \/>\n<script type=\"application\/ld+json\" class=\"yoast-schema-graph\">{\"@context\":\"https:\\\/\\\/schema.org\",\"@graph\":[{\"@type\":\"Article\",\"@id\":\"https:\\\/\\\/vanderloubet.com.br\\\/deputado\\\/vander-consegue-liberacao-de-emenda-para-ubs-no-padre-ernesto-em-corumba\\\/#article\",\"isPartOf\":{\"@id\":\"https:\\\/\\\/vanderloubet.com.br\\\/deputado\\\/vander-consegue-liberacao-de-emenda-para-ubs-no-padre-ernesto-em-corumba\\\/\"},\"author\":{\"name\":\"\u00c9der\",\"@id\":\"https:\\\/\\\/vanderloubet.com.br\\\/deputado\\\/#\\\/schema\\\/person\\\/15b51bd564532a8a68d9dec1b8eb890e\"},\"headline\":\"Vander consegue libera\u00e7\u00e3o de emenda para UBS no Padre Ernesto em Corumb\u00e1\",\"datePublished\":\"2018-11-28T14:26:25+00:00\",\"dateModified\":\"2018-11-28T14:38:05+00:00\",\"mainEntityOfPage\":{\"@id\":\"https:\\\/\\\/vanderloubet.com.br\\\/deputado\\\/vander-consegue-liberacao-de-emenda-para-ubs-no-padre-ernesto-em-corumba\\\/\"},\"wordCount\":316,\"publisher\":{\"@id\":\"https:\\\/\\\/vanderloubet.com.br\\\/deputado\\\/#organization\"},\"image\":{\"@id\":\"https:\\\/\\\/vanderloubet.com.br\\\/deputado\\\/vander-consegue-liberacao-de-emenda-para-ubs-no-padre-ernesto-em-corumba\\\/#primaryimage\"},\"thumbnailUrl\":\"https:\\\/\\\/vanderloubet.com.br\\\/deputado\\\/wp-content\\\/uploads\\\/2018\\\/11\\\/foto-2018-11-28-obra-ubs-padre-ernesto-corumba.jpg\",\"keywords\":[\"emenda parlamentar\",\"sa\u00fade\"],\"articleSection\":[\"Munic\u00edpios\",\"Not\u00edcias\"],\"inLanguage\":\"pt-BR\"},{\"@type\":\"WebPage\",\"@id\":\"https:\\\/\\\/vanderloubet.com.br\\\/deputado\\\/vander-consegue-liberacao-de-emenda-para-ubs-no-padre-ernesto-em-corumba\\\/\",\"url\":\"https:\\\/\\\/vanderloubet.com.br\\\/deputado\\\/vander-consegue-liberacao-de-emenda-para-ubs-no-padre-ernesto-em-corumba\\\/\",\"name\":\"Vander consegue libera\u00e7\u00e3o de emenda para UBS no Padre Ernesto em Corumb\u00e1\",\"isPartOf\":{\"@id\":\"https:\\\/\\\/vanderloubet.com.br\\\/deputado\\\/#website\"},\"primaryImageOfPage\":{\"@id\":\"https:\\\/\\\/vanderloubet.com.br\\\/deputado\\\/vander-consegue-liberacao-de-emenda-para-ubs-no-padre-ernesto-em-corumba\\\/#primaryimage\"},\"image\":{\"@id\":\"https:\\\/\\\/vanderloubet.com.br\\\/deputado\\\/vander-consegue-liberacao-de-emenda-para-ubs-no-padre-ernesto-em-corumba\\\/#primaryimage\"},\"thumbnailUrl\":\"https:\\\/\\\/vanderloubet.com.br\\\/deputado\\\/wp-content\\\/uploads\\\/2018\\\/11\\\/foto-2018-11-28-obra-ubs-padre-ernesto-corumba.jpg\",\"datePublished\":\"2018-11-28T14:26:25+00:00\",\"dateModified\":\"2018-11-28T14:38:05+00:00\",\"breadcrumb\":{\"@id\":\"https:\\\/\\\/vanderloubet.com.br\\\/deputado\\\/vander-consegue-liberacao-de-emenda-para-ubs-no-padre-ernesto-em-corumba\\\/#breadcrumb\"},\"inLanguage\":\"pt-BR\",\"potentialAction\":[{\"@type\":\"ReadAction\",\"target\":[\"https:\\\/\\\/vanderloubet.com.br\\\/deputado\\\/vander-consegue-liberacao-de-emenda-para-ubs-no-padre-ernesto-em-corumba\\\/\"]}]},{\"@type\":\"ImageObject\",\"inLanguage\":\"pt-BR\",\"@id\":\"https:\\\/\\\/vanderloubet.com.br\\\/deputado\\\/vander-consegue-liberacao-de-emenda-para-ubs-no-padre-ernesto-em-corumba\\\/#primaryimage\",\"url\":\"https:\\\/\\\/vanderloubet.com.br\\\/deputado\\\/wp-content\\\/uploads\\\/2018\\\/11\\\/foto-2018-11-28-obra-ubs-padre-ernesto-corumba.jpg\",\"contentUrl\":\"https:\\\/\\\/vanderloubet.com.br\\\/deputado\\\/wp-content\\\/uploads\\\/2018\\\/11\\\/foto-2018-11-28-obra-ubs-padre-ernesto-corumba.jpg\",\"width\":1080,\"height\":720,\"caption\":\"Obra da nova unidade de sa\u00fade j\u00e1 est\u00e1 em andamento (foto: Cl\u00f3vis Neto\\\/PMC)\"},{\"@type\":\"BreadcrumbList\",\"@id\":\"https:\\\/\\\/vanderloubet.com.br\\\/deputado\\\/vander-consegue-liberacao-de-emenda-para-ubs-no-padre-ernesto-em-corumba\\\/#breadcrumb\",\"itemListElement\":[{\"@type\":\"ListItem\",\"position\":1,\"name\":\"In\u00edcio\",\"item\":\"https:\\\/\\\/vanderloubet.com.br\\\/deputado\\\/\"},{\"@type\":\"ListItem\",\"position\":2,\"name\":\"Vander consegue libera\u00e7\u00e3o de emenda para UBS no Padre Ernesto em Corumb\u00e1\"}]},{\"@type\":\"WebSite\",\"@id\":\"https:\\\/\\\/vanderloubet.com.br\\\/deputado\\\/#website\",\"url\":\"https:\\\/\\\/vanderloubet.com.br\\\/deputado\\\/\",\"name\":\"Deputado Federal Vander Loubet\",\"description\":\"O Federal de MS\",\"publisher\":{\"@id\":\"https:\\\/\\\/vanderloubet.com.br\\\/deputado\\\/#organization\"},\"alternateName\":\"Deputado Vander\",\"potentialAction\":[{\"@type\":\"SearchAction\",\"target\":{\"@type\":\"EntryPoint\",\"urlTemplate\":\"https:\\\/\\\/vanderloubet.com.br\\\/deputado\\\/?s={search_term_string}\"},\"query-input\":{\"@type\":\"PropertyValueSpecification\",\"valueRequired\":true,\"valueName\":\"search_term_string\"}}],\"inLanguage\":\"pt-BR\"},{\"@type\":\"Organization\",\"@id\":\"https:\\\/\\\/vanderloubet.com.br\\\/deputado\\\/#organization\",\"name\":\"Deputado Federal Vander Loubet\",\"alternateName\":\"Deputado Vander\",\"url\":\"https:\\\/\\\/vanderloubet.com.br\\\/deputado\\\/\",\"logo\":{\"@type\":\"ImageObject\",\"inLanguage\":\"pt-BR\",\"@id\":\"https:\\\/\\\/vanderloubet.com.br\\\/deputado\\\/#\\\/schema\\\/logo\\\/image\\\/\",\"url\":\"https:\\\/\\\/vanderloubet.com.br\\\/deputado\\\/wp-content\\\/uploads\\\/2023\\\/06\\\/foto-2023-06-19-mandato-deputado-vander.jpg\",\"contentUrl\":\"https:\\\/\\\/vanderloubet.com.br\\\/deputado\\\/wp-content\\\/uploads\\\/2023\\\/06\\\/foto-2023-06-19-mandato-deputado-vander.jpg\",\"width\":1080,\"height\":1080,\"caption\":\"Deputado Federal Vander Loubet\"},\"image\":{\"@id\":\"https:\\\/\\\/vanderloubet.com.br\\\/deputado\\\/#\\\/schema\\\/logo\\\/image\\\/\"},\"sameAs\":[\"https:\\\/\\\/facebook.com\\\/deputadovander\",\"https:\\\/\\\/x.com\\\/vanderloubet\",\"https:\\\/\\\/instagram.com\\\/vanderloubet\",\"https:\\\/\\\/youtube.com\\\/vanderloubet\",\"https:\\\/\\\/tiktok.com\\\/@vanderloubetms\"]},{\"@type\":\"Person\",\"@id\":\"https:\\\/\\\/vanderloubet.com.br\\\/deputado\\\/#\\\/schema\\\/person\\\/15b51bd564532a8a68d9dec1b8eb890e\",\"name\":\"\u00c9der\",\"image\":{\"@type\":\"ImageObject\",\"inLanguage\":\"pt-BR\",\"@id\":\"https:\\\/\\\/vanderloubet.com.br\\\/deputado\\\/wp-content\\\/litespeed\\\/avatar\\\/88ca4090d9d5ab1c9495f6ca03b68efa.jpg?ver=1777058957\",\"url\":\"https:\\\/\\\/vanderloubet.com.br\\\/deputado\\\/wp-content\\\/litespeed\\\/avatar\\\/88ca4090d9d5ab1c9495f6ca03b68efa.jpg?ver=1777058957\",\"contentUrl\":\"https:\\\/\\\/vanderloubet.com.br\\\/deputado\\\/wp-content\\\/litespeed\\\/avatar\\\/88ca4090d9d5ab1c9495f6ca03b68efa.jpg?ver=1777058957\",\"caption\":\"\u00c9der\"}}]}<\/script>\n<!-- \/ Yoast SEO plugin. -->","yoast_head_json":{"title":"Vander consegue libera\u00e7\u00e3o de emenda para UBS no Padre Ernesto em Corumb\u00e1","robots":{"index":"index","follow":"follow","max-snippet":"max-snippet:-1","max-image-preview":"max-image-preview:large","max-video-preview":"max-video-preview:-1"},"canonical":"https:\/\/vanderloubet.com.br\/deputado\/vander-consegue-liberacao-de-emenda-para-ubs-no-padre-ernesto-em-corumba\/","og_locale":"pt_BR","og_type":"article","og_title":"Vander consegue libera\u00e7\u00e3o de emenda para UBS no Padre Ernesto em Corumb\u00e1","og_description":"Constru\u00e7\u00e3o da UBS foi anunciada em 30\/09\/2017 pelo ent\u00e3o prefeito Ruiter Cunha de Oliveira, falecido em 1\u00ba de novembro do mesmo ano.","og_url":"https:\/\/vanderloubet.com.br\/deputado\/vander-consegue-liberacao-de-emenda-para-ubs-no-padre-ernesto-em-corumba\/","og_site_name":"Deputado Federal Vander Loubet","article_publisher":"https:\/\/facebook.com\/deputadovander","article_published_time":"2018-11-28T14:26:25+00:00","article_modified_time":"2018-11-28T14:38:05+00:00","og_image":[{"width":1080,"height":720,"url":"https:\/\/vanderloubet.com.br\/deputado\/wp-content\/uploads\/2018\/11\/foto-2018-11-28-obra-ubs-padre-ernesto-corumba.jpg","type":"image\/jpeg"}],"author":"\u00c9der","twitter_card":"summary_large_image","twitter_creator":"@vanderloubet","twitter_site":"@vanderloubet","schema":{"@context":"https:\/\/schema.org","@graph":[{"@type":"Article","@id":"https:\/\/vanderloubet.com.br\/deputado\/vander-consegue-liberacao-de-emenda-para-ubs-no-padre-ernesto-em-corumba\/#article","isPartOf":{"@id":"https:\/\/vanderloubet.com.br\/deputado\/vander-consegue-liberacao-de-emenda-para-ubs-no-padre-ernesto-em-corumba\/"},"author":{"name":"\u00c9der","@id":"https:\/\/vanderloubet.com.br\/deputado\/#\/schema\/person\/15b51bd564532a8a68d9dec1b8eb890e"},"headline":"Vander consegue libera\u00e7\u00e3o de emenda para UBS no Padre Ernesto em Corumb\u00e1","datePublished":"2018-11-28T14:26:25+00:00","dateModified":"2018-11-28T14:38:05+00:00","mainEntityOfPage":{"@id":"https:\/\/vanderloubet.com.br\/deputado\/vander-consegue-liberacao-de-emenda-para-ubs-no-padre-ernesto-em-corumba\/"},"wordCount":316,"publisher":{"@id":"https:\/\/vanderloubet.com.br\/deputado\/#organization"},"image":{"@id":"https:\/\/vanderloubet.com.br\/deputado\/vander-consegue-liberacao-de-emenda-para-ubs-no-padre-ernesto-em-corumba\/#primaryimage"},"thumbnailUrl":"https:\/\/vanderloubet.com.br\/deputado\/wp-content\/uploads\/2018\/11\/foto-2018-11-28-obra-ubs-padre-ernesto-corumba.jpg","keywords":["emenda parlamentar","sa\u00fade"],"articleSection":["Munic\u00edpios","Not\u00edcias"],"inLanguage":"pt-BR"},{"@type":"WebPage","@id":"https:\/\/vanderloubet.com.br\/deputado\/vander-consegue-liberacao-de-emenda-para-ubs-no-padre-ernesto-em-corumba\/","url":"https:\/\/vanderloubet.com.br\/deputado\/vander-consegue-liberacao-de-emenda-para-ubs-no-padre-ernesto-em-corumba\/","name":"Vander consegue libera\u00e7\u00e3o de emenda para UBS no Padre Ernesto em Corumb\u00e1","isPartOf":{"@id":"https:\/\/vanderloubet.com.br\/deputado\/#website"},"primaryImageOfPage":{"@id":"https:\/\/vanderloubet.com.br\/deputado\/vander-consegue-liberacao-de-emenda-para-ubs-no-padre-ernesto-em-corumba\/#primaryimage"},"image":{"@id":"https:\/\/vanderloubet.com.br\/deputado\/vander-consegue-liberacao-de-emenda-para-ubs-no-padre-ernesto-em-corumba\/#primaryimage"},"thumbnailUrl":"https:\/\/vanderloubet.com.br\/deputado\/wp-content\/uploads\/2018\/11\/foto-2018-11-28-obra-ubs-padre-ernesto-corumba.jpg","datePublished":"2018-11-28T14:26:25+00:00","dateModified":"2018-11-28T14:38:05+00:00","breadcrumb":{"@id":"https:\/\/vanderloubet.com.br\/deputado\/vander-consegue-liberacao-de-emenda-para-ubs-no-padre-ernesto-em-corumba\/#breadcrumb"},"inLanguage":"pt-BR","potentialAction":[{"@type":"ReadAction","target":["https:\/\/vanderloubet.com.br\/deputado\/vander-consegue-liberacao-de-emenda-para-ubs-no-padre-ernesto-em-corumba\/"]}]},{"@type":"ImageObject","inLanguage":"pt-BR","@id":"https:\/\/vanderloubet.com.br\/deputado\/vander-consegue-liberacao-de-emenda-para-ubs-no-padre-ernesto-em-corumba\/#primaryimage","url":"https:\/\/vanderloubet.com.br\/deputado\/wp-content\/uploads\/2018\/11\/foto-2018-11-28-obra-ubs-padre-ernesto-corumba.jpg","contentUrl":"https:\/\/vanderloubet.com.br\/deputado\/wp-content\/uploads\/2018\/11\/foto-2018-11-28-obra-ubs-padre-ernesto-corumba.jpg","width":1080,"height":720,"caption":"Obra da nova unidade de sa\u00fade j\u00e1 est\u00e1 em andamento (foto: Cl\u00f3vis Neto\/PMC)"},{"@type":"BreadcrumbList","@id":"https:\/\/vanderloubet.com.br\/deputado\/vander-consegue-liberacao-de-emenda-para-ubs-no-padre-ernesto-em-corumba\/#breadcrumb","itemListElement":[{"@type":"ListItem","position":1,"name":"In\u00edcio","item":"https:\/\/vanderloubet.com.br\/deputado\/"},{"@type":"ListItem","position":2,"name":"Vander consegue libera\u00e7\u00e3o de emenda para UBS no Padre Ernesto em Corumb\u00e1"}]},{"@type":"WebSite","@id":"https:\/\/vanderloubet.com.br\/deputado\/#website","url":"https:\/\/vanderloubet.com.br\/deputado\/","name":"Deputado Federal Vander Loubet","description":"O Federal de MS","publisher":{"@id":"https:\/\/vanderloubet.com.br\/deputado\/#organization"},"alternateName":"Deputado Vander","potentialAction":[{"@type":"SearchAction","target":{"@type":"EntryPoint","urlTemplate":"https:\/\/vanderloubet.com.br\/deputado\/?s={search_term_string}"},"query-input":{"@type":"PropertyValueSpecification","valueRequired":true,"valueName":"search_term_string"}}],"inLanguage":"pt-BR"},{"@type":"Organization","@id":"https:\/\/vanderloubet.com.br\/deputado\/#organization","name":"Deputado Federal Vander Loubet","alternateName":"Deputado Vander","url":"https:\/\/vanderloubet.com.br\/deputado\/","logo":{"@type":"ImageObject","inLanguage":"pt-BR","@id":"https:\/\/vanderloubet.com.br\/deputado\/#\/schema\/logo\/image\/","url":"https:\/\/vanderloubet.com.br\/deputado\/wp-content\/uploads\/2023\/06\/foto-2023-06-19-mandato-deputado-vander.jpg","contentUrl":"https:\/\/vanderloubet.com.br\/deputado\/wp-content\/uploads\/2023\/06\/foto-2023-06-19-mandato-deputado-vander.jpg","width":1080,"height":1080,"caption":"Deputado Federal Vander Loubet"},"image":{"@id":"https:\/\/vanderloubet.com.br\/deputado\/#\/schema\/logo\/image\/"},"sameAs":["https:\/\/facebook.com\/deputadovander","https:\/\/x.com\/vanderloubet","https:\/\/instagram.com\/vanderloubet","https:\/\/youtube.com\/vanderloubet","https:\/\/tiktok.com\/@vanderloubetms"]},{"@type":"Person","@id":"https:\/\/vanderloubet.com.br\/deputado\/#\/schema\/person\/15b51bd564532a8a68d9dec1b8eb890e","name":"\u00c9der","image":{"@type":"ImageObject","inLanguage":"pt-BR","@id":"https:\/\/vanderloubet.com.br\/deputado\/wp-content\/litespeed\/avatar\/88ca4090d9d5ab1c9495f6ca03b68efa.jpg?ver=1777058957","url":"https:\/\/vanderloubet.com.br\/deputado\/wp-content\/litespeed\/avatar\/88ca4090d9d5ab1c9495f6ca03b68efa.jpg?ver=1777058957","contentUrl":"https:\/\/vanderloubet.com.br\/deputado\/wp-content\/litespeed\/avatar\/88ca4090d9d5ab1c9495f6ca03b68efa.jpg?ver=1777058957","caption":"\u00c9der"}}]}},"jetpack_featured_media_url":"https:\/\/vanderloubet.com.br\/deputado\/wp-content\/uploads\/2018\/11\/foto-2018-11-28-obra-ubs-padre-ernesto-corumba.jpg","jetpack_sharing_enabled":true,"_links":{"self":[{"href":"https:\/\/vanderloubet.com.br\/deputado\/wp-json\/wp\/v2\/posts\/13990","targetHints":{"allow":["GET"]}}],"collection":[{"href":"https:\/\/vanderloubet.com.br\/deputado\/wp-json\/wp\/v2\/posts"}],"about":[{"href":"https:\/\/vanderloubet.com.br\/deputado\/wp-json\/wp\/v2\/types\/post"}],"author":[{"embeddable":true,"href":"https:\/\/vanderloubet.com.br\/deputado\/wp-json\/wp\/v2\/users\/2"}],"replies":[{"embeddable":true,"href":"https:\/\/vanderloubet.com.br\/deputado\/wp-json\/wp\/v2\/comments?post=13990"}],"version-history":[{"count":0,"href":"https:\/\/vanderloubet.com.br\/deputado\/wp-json\/wp\/v2\/posts\/13990\/revisions"}],"wp:featuredmedia":[{"embeddable":true,"href":"https:\/\/vanderloubet.com.br\/deputado\/wp-json\/wp\/v2\/media\/13991"}],"wp:attachment":[{"href":"https:\/\/vanderloubet.com.br\/deputado\/wp-json\/wp\/v2\/media?parent=13990"}],"wp:term":[{"taxonomy":"category","embeddable":true,"href":"https:\/\/vanderloubet.com.br\/deputado\/wp-json\/wp\/v2\/categories?post=13990"},{"taxonomy":"post_tag","embeddable":true,"href":"https:\/\/vanderloubet.com.br\/deputado\/wp-json\/wp\/v2\/tags?post=13990"}],"curies":[{"name":"wp","href":"https:\/\/api.w.org\/{rel}","templated":true}]}}