{"id":13973,"date":"2018-11-20T14:08:54","date_gmt":"2018-11-20T17:08:54","guid":{"rendered":"http:\/\/vanderloubet.com.br\/deputado\/?p=13973"},"modified":"2019-04-03T10:28:13","modified_gmt":"2019-04-03T14:28:13","slug":"vander-loubet-e-homenageado-por-apoio-ao-projeto-prevenir-para-salvar","status":"publish","type":"post","link":"https:\/\/vanderloubet.com.br\/deputado\/vander-loubet-e-homenageado-por-apoio-ao-projeto-prevenir-para-salvar\/","title":{"rendered":"Vander Loubet \u00e9 homenageado por apoio ao projeto &#8220;Prevenir para salvar&#8221;"},"content":{"rendered":"\r\n                <style type=\"text\/css\">\r\n                    \r\n                    #tdi_1  .td-doubleSlider-2 .td-item1 {\r\n                        background: url(https:\/\/vanderloubet.com.br\/deputado\/wp-content\/uploads\/2018\/11\/foto-2018-11-08-fundacao-santa-casa-01-80x60.jpg) 0 0 no-repeat;\r\n                    }\r\n                    #tdi_1  .td-doubleSlider-2 .td-item2 {\r\n                        background: url(https:\/\/vanderloubet.com.br\/deputado\/wp-content\/uploads\/2018\/11\/foto-2018-11-08-fundacao-santa-casa-02-80x60.jpg) 0 0 no-repeat;\r\n                    }\r\n                    #tdi_1  .td-doubleSlider-2 .td-item3 {\r\n                        background: url(https:\/\/vanderloubet.com.br\/deputado\/wp-content\/uploads\/2018\/11\/foto-2018-11-08-fundacao-santa-casa-03-80x60.jpg) 0 0 no-repeat;\r\n                    }\r\n                    #tdi_1  .td-doubleSlider-2 .td-item4 {\r\n                        background: url(https:\/\/vanderloubet.com.br\/deputado\/wp-content\/uploads\/2018\/11\/foto-2018-11-08-fundacao-santa-casa-04-80x60.jpg) 0 0 no-repeat;\r\n                    }\r\n                    #tdi_1  .td-doubleSlider-2 .td-item5 {\r\n                        background: url(https:\/\/vanderloubet.com.br\/deputado\/wp-content\/uploads\/2018\/11\/foto-2018-11-08-fundacao-santa-casa-05-80x60.jpg) 0 0 no-repeat;\r\n                    }\r\n                    #tdi_1  .td-doubleSlider-2 .td-item6 {\r\n                        background: url(https:\/\/vanderloubet.com.br\/deputado\/wp-content\/uploads\/2018\/11\/foto-2018-11-08-fundacao-santa-casa-06-80x60.jpg) 0 0 no-repeat;\r\n                    }\r\n                <\/style>\r\n\r\n                <div id=\"tdi_1\" class=\"td-gallery td-slide-on-2-columns\">\r\n                    <div class=\"post_td_gallery\">\r\n                        <div class=\"td-gallery-slide-top\">\r\n                           <div class=\"td-gallery-title\"><\/div>\r\n\r\n                            <div class=\"td-gallery-controls-wrapper\">\r\n                                <div class=\"td-gallery-slide-count\"><span class=\"td-gallery-slide-item-focus\">1<\/span> de 6<\/div>\r\n                                <div class=\"td-gallery-slide-prev-next-but\">\r\n                                    <i class = \"td-icon-left doubleSliderPrevButton\"><\/i>\r\n                                    <i class = \"td-icon-right doubleSliderNextButton\"><\/i>\r\n                                <\/div>\r\n                            <\/div>\r\n                        <\/div>\r\n\r\n                        <div class = \"td-doubleSlider-1 \">\r\n                            <div class = \"td-slider\">\r\n                                \r\n                    <div class = \"td-slide-item td-item1\">\r\n                        <figure class=\"td-slide-galery-figure td-slide-popup-gallery\">\r\n                            <a class=\"slide-gallery-image-link\" href=\"https:\/\/vanderloubet.com.br\/deputado\/wp-content\/uploads\/2018\/11\/foto-2018-11-08-fundacao-santa-casa-01.jpg\" title=\"Funda\u00e7\u00e3o da Santa Casa encerrou a 1\u00aa edi\u00e7\u00e3o do \"Prevenir para salvar\" com noite de homenagens\"  data-caption=\"\"  data-description=\"Funda&ccedil;&atilde;o da Santa Casa encerrou a 1&ordf; edi&ccedil;&atilde;o do &quot;Prevenir para salvar&quot; com noite de homenagens\">\r\n                                <img decoding=\"async\" src=\"https:\/\/vanderloubet.com.br\/deputado\/wp-content\/uploads\/2018\/11\/foto-2018-11-08-fundacao-santa-casa-01-648x420.jpg\" srcset=\"https:\/\/vanderloubet.com.br\/deputado\/wp-content\/uploads\/2018\/11\/foto-2018-11-08-fundacao-santa-casa-01-648x420.jpg 648w, https:\/\/vanderloubet.com.br\/deputado\/wp-content\/uploads\/2018\/11\/foto-2018-11-08-fundacao-santa-casa-01-350x227.jpg 350w, https:\/\/vanderloubet.com.br\/deputado\/wp-content\/uploads\/2018\/11\/foto-2018-11-08-fundacao-santa-casa-01-768x498.jpg 768w, https:\/\/vanderloubet.com.br\/deputado\/wp-content\/uploads\/2018\/11\/foto-2018-11-08-fundacao-santa-casa-01-700x454.jpg 700w, https:\/\/vanderloubet.com.br\/deputado\/wp-content\/uploads\/2018\/11\/foto-2018-11-08-fundacao-santa-casa-01-696x451.jpg 696w, https:\/\/vanderloubet.com.br\/deputado\/wp-content\/uploads\/2018\/11\/foto-2018-11-08-fundacao-santa-casa-01-1068x692.jpg 1068w, https:\/\/vanderloubet.com.br\/deputado\/wp-content\/uploads\/2018\/11\/foto-2018-11-08-fundacao-santa-casa-01.jpg 1080w\" sizes=\"(max-width: 648px) 100vw, 648px\" alt=\"Funda&ccedil;&atilde;o da Santa Casa encerrou a 1&ordf; edi&ccedil;&atilde;o do &quot;Prevenir para salvar&quot; com noite de homenagens\">\r\n                            <\/a>\r\n                            <figcaption class = \"td-slide-caption td-gallery-slide-content\"><span>Funda\u00e7\u00e3o da Santa Casa encerrou a 1\u00aa edi\u00e7\u00e3o do \"Prevenir para salvar\" com noite de homenagens<\/span><\/figcaption>\r\n                        <\/figure>\r\n                    <\/div>\r\n                    <div class = \"td-slide-item td-item2\">\r\n                        <figure class=\"td-slide-galery-figure td-slide-popup-gallery\">\r\n                            <a class=\"slide-gallery-image-link\" href=\"https:\/\/vanderloubet.com.br\/deputado\/wp-content\/uploads\/2018\/11\/foto-2018-11-08-fundacao-santa-casa-02.jpg\" title=\"Funda\u00e7\u00e3o da Santa Casa encerrou a 1\u00aa edi\u00e7\u00e3o do \"Prevenir para salvar\" com noite de homenagens\"  data-caption=\"\"  data-description=\"Funda&ccedil;&atilde;o da Santa Casa encerrou a 1&ordf; edi&ccedil;&atilde;o do &quot;Prevenir para salvar&quot; com noite de homenagens\">\r\n                                <img decoding=\"async\" src=\"https:\/\/vanderloubet.com.br\/deputado\/wp-content\/uploads\/2018\/11\/foto-2018-11-08-fundacao-santa-casa-02-648x420.jpg\" srcset=\"https:\/\/vanderloubet.com.br\/deputado\/wp-content\/uploads\/2018\/11\/foto-2018-11-08-fundacao-santa-casa-02-648x420.jpg 648w, https:\/\/vanderloubet.com.br\/deputado\/wp-content\/uploads\/2018\/11\/foto-2018-11-08-fundacao-santa-casa-02-350x227.jpg 350w, https:\/\/vanderloubet.com.br\/deputado\/wp-content\/uploads\/2018\/11\/foto-2018-11-08-fundacao-santa-casa-02-768x498.jpg 768w, https:\/\/vanderloubet.com.br\/deputado\/wp-content\/uploads\/2018\/11\/foto-2018-11-08-fundacao-santa-casa-02-700x454.jpg 700w, https:\/\/vanderloubet.com.br\/deputado\/wp-content\/uploads\/2018\/11\/foto-2018-11-08-fundacao-santa-casa-02-696x451.jpg 696w, https:\/\/vanderloubet.com.br\/deputado\/wp-content\/uploads\/2018\/11\/foto-2018-11-08-fundacao-santa-casa-02-1068x692.jpg 1068w, https:\/\/vanderloubet.com.br\/deputado\/wp-content\/uploads\/2018\/11\/foto-2018-11-08-fundacao-santa-casa-02.jpg 1080w\" sizes=\"(max-width: 648px) 100vw, 648px\" alt=\"Funda&ccedil;&atilde;o da Santa Casa encerrou a 1&ordf; edi&ccedil;&atilde;o do &quot;Prevenir para salvar&quot; com noite de homenagens\">\r\n                            <\/a>\r\n                            <figcaption class = \"td-slide-caption td-gallery-slide-content\"><span>Funda\u00e7\u00e3o da Santa Casa encerrou a 1\u00aa edi\u00e7\u00e3o do \"Prevenir para salvar\" com noite de homenagens<\/span><\/figcaption>\r\n                        <\/figure>\r\n                    <\/div>\r\n                    <div class = \"td-slide-item td-item3\">\r\n                        <figure class=\"td-slide-galery-figure td-slide-popup-gallery\">\r\n                            <a class=\"slide-gallery-image-link\" href=\"https:\/\/vanderloubet.com.br\/deputado\/wp-content\/uploads\/2018\/11\/foto-2018-11-08-fundacao-santa-casa-03.jpg\" title=\"Funda\u00e7\u00e3o da Santa Casa encerrou a 1\u00aa edi\u00e7\u00e3o do \"Prevenir para salvar\" com noite de homenagens\"  data-caption=\"\"  data-description=\"Funda&ccedil;&atilde;o da Santa Casa encerrou a 1&ordf; edi&ccedil;&atilde;o do &quot;Prevenir para salvar&quot; com noite de homenagens\">\r\n                                <img decoding=\"async\" src=\"https:\/\/vanderloubet.com.br\/deputado\/wp-content\/uploads\/2018\/11\/foto-2018-11-08-fundacao-santa-casa-03-648x420.jpg\" srcset=\"https:\/\/vanderloubet.com.br\/deputado\/wp-content\/uploads\/2018\/11\/foto-2018-11-08-fundacao-santa-casa-03-648x420.jpg 648w, https:\/\/vanderloubet.com.br\/deputado\/wp-content\/uploads\/2018\/11\/foto-2018-11-08-fundacao-santa-casa-03-350x227.jpg 350w, https:\/\/vanderloubet.com.br\/deputado\/wp-content\/uploads\/2018\/11\/foto-2018-11-08-fundacao-santa-casa-03-768x498.jpg 768w, https:\/\/vanderloubet.com.br\/deputado\/wp-content\/uploads\/2018\/11\/foto-2018-11-08-fundacao-santa-casa-03-700x454.jpg 700w, https:\/\/vanderloubet.com.br\/deputado\/wp-content\/uploads\/2018\/11\/foto-2018-11-08-fundacao-santa-casa-03-696x451.jpg 696w, https:\/\/vanderloubet.com.br\/deputado\/wp-content\/uploads\/2018\/11\/foto-2018-11-08-fundacao-santa-casa-03-1068x692.jpg 1068w, https:\/\/vanderloubet.com.br\/deputado\/wp-content\/uploads\/2018\/11\/foto-2018-11-08-fundacao-santa-casa-03.jpg 1080w\" sizes=\"(max-width: 648px) 100vw, 648px\" alt=\"Funda&ccedil;&atilde;o da Santa Casa encerrou a 1&ordf; edi&ccedil;&atilde;o do &quot;Prevenir para salvar&quot; com noite de homenagens\">\r\n                            <\/a>\r\n                            <figcaption class = \"td-slide-caption td-gallery-slide-content\"><span>Funda\u00e7\u00e3o da Santa Casa encerrou a 1\u00aa edi\u00e7\u00e3o do \"Prevenir para salvar\" com noite de homenagens<\/span><\/figcaption>\r\n                        <\/figure>\r\n                    <\/div>\r\n                    <div class = \"td-slide-item td-item4\">\r\n                        <figure class=\"td-slide-galery-figure td-slide-popup-gallery\">\r\n                            <a class=\"slide-gallery-image-link\" href=\"https:\/\/vanderloubet.com.br\/deputado\/wp-content\/uploads\/2018\/11\/foto-2018-11-08-fundacao-santa-casa-04.jpg\" title=\"Funda\u00e7\u00e3o da Santa Casa encerrou a 1\u00aa edi\u00e7\u00e3o do \"Prevenir para salvar\" com noite de homenagens\"  data-caption=\"\"  data-description=\"Funda&ccedil;&atilde;o da Santa Casa encerrou a 1&ordf; edi&ccedil;&atilde;o do &quot;Prevenir para salvar&quot; com noite de homenagens\">\r\n                                <img decoding=\"async\" src=\"https:\/\/vanderloubet.com.br\/deputado\/wp-content\/uploads\/2018\/11\/foto-2018-11-08-fundacao-santa-casa-04-648x420.jpg\" srcset=\"https:\/\/vanderloubet.com.br\/deputado\/wp-content\/uploads\/2018\/11\/foto-2018-11-08-fundacao-santa-casa-04-648x420.jpg 648w, https:\/\/vanderloubet.com.br\/deputado\/wp-content\/uploads\/2018\/11\/foto-2018-11-08-fundacao-santa-casa-04-350x227.jpg 350w, https:\/\/vanderloubet.com.br\/deputado\/wp-content\/uploads\/2018\/11\/foto-2018-11-08-fundacao-santa-casa-04-768x498.jpg 768w, https:\/\/vanderloubet.com.br\/deputado\/wp-content\/uploads\/2018\/11\/foto-2018-11-08-fundacao-santa-casa-04-700x454.jpg 700w, https:\/\/vanderloubet.com.br\/deputado\/wp-content\/uploads\/2018\/11\/foto-2018-11-08-fundacao-santa-casa-04-696x451.jpg 696w, https:\/\/vanderloubet.com.br\/deputado\/wp-content\/uploads\/2018\/11\/foto-2018-11-08-fundacao-santa-casa-04-1068x692.jpg 1068w, https:\/\/vanderloubet.com.br\/deputado\/wp-content\/uploads\/2018\/11\/foto-2018-11-08-fundacao-santa-casa-04.jpg 1080w\" sizes=\"(max-width: 648px) 100vw, 648px\" alt=\"Funda&ccedil;&atilde;o da Santa Casa encerrou a 1&ordf; edi&ccedil;&atilde;o do &quot;Prevenir para salvar&quot; com noite de homenagens\">\r\n                            <\/a>\r\n                            <figcaption class = \"td-slide-caption td-gallery-slide-content\"><span>Funda\u00e7\u00e3o da Santa Casa encerrou a 1\u00aa edi\u00e7\u00e3o do \"Prevenir para salvar\" com noite de homenagens<\/span><\/figcaption>\r\n                        <\/figure>\r\n                    <\/div>\r\n                    <div class = \"td-slide-item td-item5\">\r\n                        <figure class=\"td-slide-galery-figure td-slide-popup-gallery\">\r\n                            <a class=\"slide-gallery-image-link\" href=\"https:\/\/vanderloubet.com.br\/deputado\/wp-content\/uploads\/2018\/11\/foto-2018-11-08-fundacao-santa-casa-05.jpg\" title=\"Funda\u00e7\u00e3o da Santa Casa encerrou a 1\u00aa edi\u00e7\u00e3o do \"Prevenir para salvar\" com noite de homenagens\"  data-caption=\"\"  data-description=\"Funda&ccedil;&atilde;o da Santa Casa encerrou a 1&ordf; edi&ccedil;&atilde;o do &quot;Prevenir para salvar&quot; com noite de homenagens\">\r\n                                <img decoding=\"async\" src=\"https:\/\/vanderloubet.com.br\/deputado\/wp-content\/uploads\/2018\/11\/foto-2018-11-08-fundacao-santa-casa-05-648x420.jpg\" srcset=\"https:\/\/vanderloubet.com.br\/deputado\/wp-content\/uploads\/2018\/11\/foto-2018-11-08-fundacao-santa-casa-05-648x420.jpg 648w, https:\/\/vanderloubet.com.br\/deputado\/wp-content\/uploads\/2018\/11\/foto-2018-11-08-fundacao-santa-casa-05-350x227.jpg 350w, https:\/\/vanderloubet.com.br\/deputado\/wp-content\/uploads\/2018\/11\/foto-2018-11-08-fundacao-santa-casa-05-768x498.jpg 768w, https:\/\/vanderloubet.com.br\/deputado\/wp-content\/uploads\/2018\/11\/foto-2018-11-08-fundacao-santa-casa-05-700x454.jpg 700w, https:\/\/vanderloubet.com.br\/deputado\/wp-content\/uploads\/2018\/11\/foto-2018-11-08-fundacao-santa-casa-05-696x451.jpg 696w, https:\/\/vanderloubet.com.br\/deputado\/wp-content\/uploads\/2018\/11\/foto-2018-11-08-fundacao-santa-casa-05-1068x692.jpg 1068w, https:\/\/vanderloubet.com.br\/deputado\/wp-content\/uploads\/2018\/11\/foto-2018-11-08-fundacao-santa-casa-05.jpg 1080w\" sizes=\"(max-width: 648px) 100vw, 648px\" alt=\"Funda&ccedil;&atilde;o da Santa Casa encerrou a 1&ordf; edi&ccedil;&atilde;o do &quot;Prevenir para salvar&quot; com noite de homenagens\">\r\n                            <\/a>\r\n                            <figcaption class = \"td-slide-caption td-gallery-slide-content\"><span>Funda\u00e7\u00e3o da Santa Casa encerrou a 1\u00aa edi\u00e7\u00e3o do \"Prevenir para salvar\" com noite de homenagens<\/span><\/figcaption>\r\n                        <\/figure>\r\n                    <\/div>\r\n                    <div class = \"td-slide-item td-item6\">\r\n                        <figure class=\"td-slide-galery-figure td-slide-popup-gallery\">\r\n                            <a class=\"slide-gallery-image-link\" href=\"https:\/\/vanderloubet.com.br\/deputado\/wp-content\/uploads\/2018\/11\/foto-2018-11-08-fundacao-santa-casa-06.jpg\" title=\"Funda\u00e7\u00e3o da Santa Casa encerrou a 1\u00aa edi\u00e7\u00e3o do \"Prevenir para salvar\" com noite de homenagens\"  data-caption=\"\"  data-description=\"Funda&ccedil;&atilde;o da Santa Casa encerrou a 1&ordf; edi&ccedil;&atilde;o do &quot;Prevenir para salvar&quot; com noite de homenagens\">\r\n                                <img decoding=\"async\" src=\"https:\/\/vanderloubet.com.br\/deputado\/wp-content\/uploads\/2018\/11\/foto-2018-11-08-fundacao-santa-casa-06-648x420.jpg\" srcset=\"https:\/\/vanderloubet.com.br\/deputado\/wp-content\/uploads\/2018\/11\/foto-2018-11-08-fundacao-santa-casa-06-648x420.jpg 648w, https:\/\/vanderloubet.com.br\/deputado\/wp-content\/uploads\/2018\/11\/foto-2018-11-08-fundacao-santa-casa-06-350x227.jpg 350w, https:\/\/vanderloubet.com.br\/deputado\/wp-content\/uploads\/2018\/11\/foto-2018-11-08-fundacao-santa-casa-06-768x498.jpg 768w, https:\/\/vanderloubet.com.br\/deputado\/wp-content\/uploads\/2018\/11\/foto-2018-11-08-fundacao-santa-casa-06-700x454.jpg 700w, https:\/\/vanderloubet.com.br\/deputado\/wp-content\/uploads\/2018\/11\/foto-2018-11-08-fundacao-santa-casa-06-696x451.jpg 696w, https:\/\/vanderloubet.com.br\/deputado\/wp-content\/uploads\/2018\/11\/foto-2018-11-08-fundacao-santa-casa-06-1068x692.jpg 1068w, https:\/\/vanderloubet.com.br\/deputado\/wp-content\/uploads\/2018\/11\/foto-2018-11-08-fundacao-santa-casa-06.jpg 1080w\" sizes=\"(max-width: 648px) 100vw, 648px\" alt=\"Funda&ccedil;&atilde;o da Santa Casa encerrou a 1&ordf; edi&ccedil;&atilde;o do &quot;Prevenir para salvar&quot; com noite de homenagens\">\r\n                            <\/a>\r\n                            <figcaption class = \"td-slide-caption td-gallery-slide-content\"><span>Funda\u00e7\u00e3o da Santa Casa encerrou a 1\u00aa edi\u00e7\u00e3o do \"Prevenir para salvar\" com noite de homenagens<\/span><\/figcaption>\r\n                        <\/figure>\r\n                    <\/div>\r\n                            <\/div>\r\n                        <\/div>\r\n\r\n                        <div class = \"td-doubleSlider-2\">\r\n                            <div class = \"td-slider\">\r\n                                \r\n                    <div class = \"td-button td-item1\">\r\n                        <div class = \"td-border\"><\/div>\r\n                    <\/div>\r\n                    <div class = \"td-button td-item2\">\r\n                        <div class = \"td-border\"><\/div>\r\n                    <\/div>\r\n                    <div class = \"td-button td-item3\">\r\n                        <div class = \"td-border\"><\/div>\r\n                    <\/div>\r\n                    <div class = \"td-button td-item4\">\r\n                        <div class = \"td-border\"><\/div>\r\n                    <\/div>\r\n                    <div class = \"td-button td-item5\">\r\n                        <div class = \"td-border\"><\/div>\r\n                    <\/div>\r\n                    <div class = \"td-button td-item6\">\r\n                        <div class = \"td-border\"><\/div>\r\n                    <\/div>\r\n                            <\/div>\r\n                        <\/div>\r\n\r\n                    <\/div>\r\n\r\n                <\/div>\r\n                \n<p>Na noite de 8 de novembro, a Funda\u00e7\u00e3o Centro de Estudos da Santa Casa &#8220;Dr. William Maksoud&#8221; promoveu uma solenidade no audit\u00f3rio do Crea-MS, em Campo Grande, para o encerramento a primeira edi\u00e7\u00e3o (2017-2018) do projeto &#8220;Prevenir para salvar&#8221;. Na ocasi\u00e3o, a entidade homenageou idealizadores e apoiadores do projeto.<\/p>\n<p>O projeto conta com o apoio de diversas entidades e parlamentares, inclusive do deputado federal Vander Loubet, que destinou uma emenda parlamentar de R$ 350 mil pelo Or\u00e7amento Geral da Uni\u00e3o (OGU) de 2017 para atender as atividades da Funda\u00e7\u00e3o. Al\u00e9m disso, pelo OGU de 2018, Vander e o tamb\u00e9m deputado federal Zeca do PT destinaram outros R$ 350 mil.<\/p>\n<p>Por conta desse trabalho, Vander foi um dos agraciados com uma mo\u00e7\u00e3o de congratula\u00e7\u00e3o aprovada na C\u00e2mara Municipal da Capital por solicita\u00e7\u00e3o do vereador Eduardo Romero. Na solenidade, o deputado recebeu a homenagem das m\u00e3os do vereador L\u00edvio Leite. Al\u00e9m de homenageado, Vander comp\u00f4s a mesa da solenidade e entregou homenagens a outras personalidades agraciadas.<\/p>\n<p>O &#8220;Prevenir para salvar&#8221; tem o intuito de promover a qualifica\u00e7\u00e3o de pessoas para lidar com situa\u00e7\u00f5es de emerg\u00eancia enquanto aguardam por socorro adequado, por meio de <a href=\"http:\/\/vanderloubet.com.br\/deputado\/com-apoio-de-vander-fundacao-da-santa-casa-leva-curso-de-primeiros-socorros-a-populacao\/\" rel=\"noopener noreferrer\" target=\"_blank\">cursos de primeiros socorros<\/a>. Iniciado em novembro de 2017, durou um ano e focou a\u00e7\u00f5es educativas em primeiros socorros para comunidades vulner\u00e1veis, atendendo a popula\u00e7\u00e3o em locais como centros comunit\u00e1rios e escolas. Foram atendidas 720 pessoas nas \u00e1reas urbana e rural de Campo Grande e regi\u00e3o e oriundas de aldeias ind\u00edgenas do interior do estado.<\/p>\n<p>Os respons\u00e1veis por ministrar os cursos s\u00e3o acad\u00eamicos de Medicina e de Enfermagem de universidades da Capital e residentes da Santa Casa de Campo Grande. S\u00e3o abordados conte\u00fados como: principais acidentes dom\u00e9sticos e sua preven\u00e7\u00e3o, princ\u00edpios fundamentais de primeiros socorros, primeiros socorros em urg\u00eancias cl\u00ednicas (febre, convuls\u00e3o, sangramento nasal, desmaio e outros) e primeiros socorros em situa\u00e7\u00f5es de acidentes (quedas, ferimentos, queimaduras, intoxica\u00e7\u00f5es, choque el\u00e9trico e afogamento).<\/p>\n<p><em>(\u00c9der F. Yanaguita &#8211; Ascom\/Dep. Vander Loubet)<\/em><\/p>\n","protected":false},"excerpt":{"rendered":"<p>Deputado destinou emenda parlamentar de R$ 350 mil em 2017 para atender atividades da Funda\u00e7\u00e3o da Santa Casa.<\/p>\n","protected":false},"author":2,"featured_media":13978,"comment_status":"closed","ping_status":"closed","sticky":false,"template":"","format":"standard","meta":{"jetpack_post_was_ever_published":false,"_jetpack_newsletter_access":"","_jetpack_dont_email_post_to_subs":false,"_jetpack_newsletter_tier_id":0,"_jetpack_memberships_contains_paywalled_content":false,"_jetpack_memberships_contains_paid_content":false,"footnotes":""},"categories":[2099,10],"tags":[2127,968,1803],"class_list":{"0":"post-13973","1":"post","2":"type-post","3":"status-publish","4":"format-standard","5":"has-post-thumbnail","7":"category-ms-noticias","8":"category-noticias","9":"tag-emenda-parlamentar","10":"tag-homenagem","11":"tag-saude"},"yoast_head":"<!-- This site is optimized with the Yoast SEO plugin v27.4 - https:\/\/yoast.com\/product\/yoast-seo-wordpress\/ -->\n<title>Vander Loubet \u00e9 homenageado por apoio ao projeto &quot;Prevenir para salvar&quot;<\/title>\n<meta name=\"robots\" content=\"index, follow, max-snippet:-1, max-image-preview:large, max-video-preview:-1\" \/>\n<link rel=\"canonical\" href=\"https:\/\/vanderloubet.com.br\/deputado\/vander-loubet-e-homenageado-por-apoio-ao-projeto-prevenir-para-salvar\/\" \/>\n<meta property=\"og:locale\" content=\"pt_BR\" \/>\n<meta property=\"og:type\" content=\"article\" \/>\n<meta property=\"og:title\" content=\"Vander Loubet \u00e9 homenageado por apoio ao projeto &quot;Prevenir para salvar&quot;\" \/>\n<meta property=\"og:description\" content=\"Deputado destinou emenda parlamentar de R$ 350 mil em 2017 para atender atividades da Funda\u00e7\u00e3o da Santa Casa.\" \/>\n<meta property=\"og:url\" content=\"https:\/\/vanderloubet.com.br\/deputado\/vander-loubet-e-homenageado-por-apoio-ao-projeto-prevenir-para-salvar\/\" \/>\n<meta property=\"og:site_name\" content=\"Deputado Federal Vander Loubet\" \/>\n<meta property=\"article:publisher\" content=\"https:\/\/facebook.com\/deputadovander\" \/>\n<meta property=\"article:published_time\" content=\"2018-11-20T17:08:54+00:00\" \/>\n<meta property=\"article:modified_time\" content=\"2019-04-03T14:28:13+00:00\" \/>\n<meta property=\"og:image\" content=\"https:\/\/vanderloubet.com.br\/deputado\/wp-content\/uploads\/2018\/11\/foto-2018-11-08-fundacao-santa-casa-05.jpg\" \/>\n\t<meta property=\"og:image:width\" content=\"1080\" \/>\n\t<meta property=\"og:image:height\" content=\"700\" \/>\n\t<meta property=\"og:image:type\" content=\"image\/jpeg\" \/>\n<meta name=\"author\" content=\"\u00c9der\" \/>\n<meta name=\"twitter:card\" content=\"summary_large_image\" \/>\n<meta name=\"twitter:creator\" content=\"@vanderloubet\" \/>\n<meta name=\"twitter:site\" content=\"@vanderloubet\" \/>\n<script type=\"application\/ld+json\" class=\"yoast-schema-graph\">{\"@context\":\"https:\\\/\\\/schema.org\",\"@graph\":[{\"@type\":\"Article\",\"@id\":\"https:\\\/\\\/vanderloubet.com.br\\\/deputado\\\/vander-loubet-e-homenageado-por-apoio-ao-projeto-prevenir-para-salvar\\\/#article\",\"isPartOf\":{\"@id\":\"https:\\\/\\\/vanderloubet.com.br\\\/deputado\\\/vander-loubet-e-homenageado-por-apoio-ao-projeto-prevenir-para-salvar\\\/\"},\"author\":{\"name\":\"\u00c9der\",\"@id\":\"https:\\\/\\\/vanderloubet.com.br\\\/deputado\\\/#\\\/schema\\\/person\\\/15b51bd564532a8a68d9dec1b8eb890e\"},\"headline\":\"Vander Loubet \u00e9 homenageado por apoio ao projeto &#8220;Prevenir para salvar&#8221;\",\"datePublished\":\"2018-11-20T17:08:54+00:00\",\"dateModified\":\"2019-04-03T14:28:13+00:00\",\"mainEntityOfPage\":{\"@id\":\"https:\\\/\\\/vanderloubet.com.br\\\/deputado\\\/vander-loubet-e-homenageado-por-apoio-ao-projeto-prevenir-para-salvar\\\/\"},\"wordCount\":373,\"publisher\":{\"@id\":\"https:\\\/\\\/vanderloubet.com.br\\\/deputado\\\/#organization\"},\"image\":{\"@id\":\"https:\\\/\\\/vanderloubet.com.br\\\/deputado\\\/vander-loubet-e-homenageado-por-apoio-ao-projeto-prevenir-para-salvar\\\/#primaryimage\"},\"thumbnailUrl\":\"https:\\\/\\\/vanderloubet.com.br\\\/deputado\\\/wp-content\\\/uploads\\\/2018\\\/11\\\/foto-2018-11-08-fundacao-santa-casa-05.jpg\",\"keywords\":[\"emenda parlamentar\",\"homenagem\",\"sa\u00fade\"],\"articleSection\":[\"Mato Grosso do Sul\",\"Not\u00edcias\"],\"inLanguage\":\"pt-BR\"},{\"@type\":\"WebPage\",\"@id\":\"https:\\\/\\\/vanderloubet.com.br\\\/deputado\\\/vander-loubet-e-homenageado-por-apoio-ao-projeto-prevenir-para-salvar\\\/\",\"url\":\"https:\\\/\\\/vanderloubet.com.br\\\/deputado\\\/vander-loubet-e-homenageado-por-apoio-ao-projeto-prevenir-para-salvar\\\/\",\"name\":\"Vander Loubet \u00e9 homenageado por apoio ao projeto \\\"Prevenir para salvar\\\"\",\"isPartOf\":{\"@id\":\"https:\\\/\\\/vanderloubet.com.br\\\/deputado\\\/#website\"},\"primaryImageOfPage\":{\"@id\":\"https:\\\/\\\/vanderloubet.com.br\\\/deputado\\\/vander-loubet-e-homenageado-por-apoio-ao-projeto-prevenir-para-salvar\\\/#primaryimage\"},\"image\":{\"@id\":\"https:\\\/\\\/vanderloubet.com.br\\\/deputado\\\/vander-loubet-e-homenageado-por-apoio-ao-projeto-prevenir-para-salvar\\\/#primaryimage\"},\"thumbnailUrl\":\"https:\\\/\\\/vanderloubet.com.br\\\/deputado\\\/wp-content\\\/uploads\\\/2018\\\/11\\\/foto-2018-11-08-fundacao-santa-casa-05.jpg\",\"datePublished\":\"2018-11-20T17:08:54+00:00\",\"dateModified\":\"2019-04-03T14:28:13+00:00\",\"breadcrumb\":{\"@id\":\"https:\\\/\\\/vanderloubet.com.br\\\/deputado\\\/vander-loubet-e-homenageado-por-apoio-ao-projeto-prevenir-para-salvar\\\/#breadcrumb\"},\"inLanguage\":\"pt-BR\",\"potentialAction\":[{\"@type\":\"ReadAction\",\"target\":[\"https:\\\/\\\/vanderloubet.com.br\\\/deputado\\\/vander-loubet-e-homenageado-por-apoio-ao-projeto-prevenir-para-salvar\\\/\"]}]},{\"@type\":\"ImageObject\",\"inLanguage\":\"pt-BR\",\"@id\":\"https:\\\/\\\/vanderloubet.com.br\\\/deputado\\\/vander-loubet-e-homenageado-por-apoio-ao-projeto-prevenir-para-salvar\\\/#primaryimage\",\"url\":\"https:\\\/\\\/vanderloubet.com.br\\\/deputado\\\/wp-content\\\/uploads\\\/2018\\\/11\\\/foto-2018-11-08-fundacao-santa-casa-05.jpg\",\"contentUrl\":\"https:\\\/\\\/vanderloubet.com.br\\\/deputado\\\/wp-content\\\/uploads\\\/2018\\\/11\\\/foto-2018-11-08-fundacao-santa-casa-05.jpg\",\"width\":1080,\"height\":700,\"caption\":\"Funda\u00e7\u00e3o da Santa Casa encerrou a 1\u00aa edi\u00e7\u00e3o do \\\"Prevenir para salvar\\\" com noite de homenagens\"},{\"@type\":\"BreadcrumbList\",\"@id\":\"https:\\\/\\\/vanderloubet.com.br\\\/deputado\\\/vander-loubet-e-homenageado-por-apoio-ao-projeto-prevenir-para-salvar\\\/#breadcrumb\",\"itemListElement\":[{\"@type\":\"ListItem\",\"position\":1,\"name\":\"In\u00edcio\",\"item\":\"https:\\\/\\\/vanderloubet.com.br\\\/deputado\\\/\"},{\"@type\":\"ListItem\",\"position\":2,\"name\":\"Vander Loubet \u00e9 homenageado por apoio ao projeto &#8220;Prevenir para salvar&#8221;\"}]},{\"@type\":\"WebSite\",\"@id\":\"https:\\\/\\\/vanderloubet.com.br\\\/deputado\\\/#website\",\"url\":\"https:\\\/\\\/vanderloubet.com.br\\\/deputado\\\/\",\"name\":\"Deputado Federal Vander Loubet\",\"description\":\"O Federal de MS\",\"publisher\":{\"@id\":\"https:\\\/\\\/vanderloubet.com.br\\\/deputado\\\/#organization\"},\"alternateName\":\"Deputado Vander\",\"potentialAction\":[{\"@type\":\"SearchAction\",\"target\":{\"@type\":\"EntryPoint\",\"urlTemplate\":\"https:\\\/\\\/vanderloubet.com.br\\\/deputado\\\/?s={search_term_string}\"},\"query-input\":{\"@type\":\"PropertyValueSpecification\",\"valueRequired\":true,\"valueName\":\"search_term_string\"}}],\"inLanguage\":\"pt-BR\"},{\"@type\":\"Organization\",\"@id\":\"https:\\\/\\\/vanderloubet.com.br\\\/deputado\\\/#organization\",\"name\":\"Deputado Federal Vander Loubet\",\"alternateName\":\"Deputado Vander\",\"url\":\"https:\\\/\\\/vanderloubet.com.br\\\/deputado\\\/\",\"logo\":{\"@type\":\"ImageObject\",\"inLanguage\":\"pt-BR\",\"@id\":\"https:\\\/\\\/vanderloubet.com.br\\\/deputado\\\/#\\\/schema\\\/logo\\\/image\\\/\",\"url\":\"https:\\\/\\\/vanderloubet.com.br\\\/deputado\\\/wp-content\\\/uploads\\\/2023\\\/06\\\/foto-2023-06-19-mandato-deputado-vander.jpg\",\"contentUrl\":\"https:\\\/\\\/vanderloubet.com.br\\\/deputado\\\/wp-content\\\/uploads\\\/2023\\\/06\\\/foto-2023-06-19-mandato-deputado-vander.jpg\",\"width\":1080,\"height\":1080,\"caption\":\"Deputado Federal Vander Loubet\"},\"image\":{\"@id\":\"https:\\\/\\\/vanderloubet.com.br\\\/deputado\\\/#\\\/schema\\\/logo\\\/image\\\/\"},\"sameAs\":[\"https:\\\/\\\/facebook.com\\\/deputadovander\",\"https:\\\/\\\/x.com\\\/vanderloubet\",\"https:\\\/\\\/instagram.com\\\/vanderloubet\",\"https:\\\/\\\/youtube.com\\\/vanderloubet\",\"https:\\\/\\\/tiktok.com\\\/@vanderloubetms\"]},{\"@type\":\"Person\",\"@id\":\"https:\\\/\\\/vanderloubet.com.br\\\/deputado\\\/#\\\/schema\\\/person\\\/15b51bd564532a8a68d9dec1b8eb890e\",\"name\":\"\u00c9der\",\"image\":{\"@type\":\"ImageObject\",\"inLanguage\":\"pt-BR\",\"@id\":\"https:\\\/\\\/vanderloubet.com.br\\\/deputado\\\/wp-content\\\/litespeed\\\/avatar\\\/88ca4090d9d5ab1c9495f6ca03b68efa.jpg?ver=1777058957\",\"url\":\"https:\\\/\\\/vanderloubet.com.br\\\/deputado\\\/wp-content\\\/litespeed\\\/avatar\\\/88ca4090d9d5ab1c9495f6ca03b68efa.jpg?ver=1777058957\",\"contentUrl\":\"https:\\\/\\\/vanderloubet.com.br\\\/deputado\\\/wp-content\\\/litespeed\\\/avatar\\\/88ca4090d9d5ab1c9495f6ca03b68efa.jpg?ver=1777058957\",\"caption\":\"\u00c9der\"}}]}<\/script>\n<!-- \/ Yoast SEO plugin. -->","yoast_head_json":{"title":"Vander Loubet \u00e9 homenageado por apoio ao projeto \"Prevenir para salvar\"","robots":{"index":"index","follow":"follow","max-snippet":"max-snippet:-1","max-image-preview":"max-image-preview:large","max-video-preview":"max-video-preview:-1"},"canonical":"https:\/\/vanderloubet.com.br\/deputado\/vander-loubet-e-homenageado-por-apoio-ao-projeto-prevenir-para-salvar\/","og_locale":"pt_BR","og_type":"article","og_title":"Vander Loubet \u00e9 homenageado por apoio ao projeto \"Prevenir para salvar\"","og_description":"Deputado destinou emenda parlamentar de R$ 350 mil em 2017 para atender atividades da Funda\u00e7\u00e3o da Santa Casa.","og_url":"https:\/\/vanderloubet.com.br\/deputado\/vander-loubet-e-homenageado-por-apoio-ao-projeto-prevenir-para-salvar\/","og_site_name":"Deputado Federal Vander Loubet","article_publisher":"https:\/\/facebook.com\/deputadovander","article_published_time":"2018-11-20T17:08:54+00:00","article_modified_time":"2019-04-03T14:28:13+00:00","og_image":[{"width":1080,"height":700,"url":"https:\/\/vanderloubet.com.br\/deputado\/wp-content\/uploads\/2018\/11\/foto-2018-11-08-fundacao-santa-casa-05.jpg","type":"image\/jpeg"}],"author":"\u00c9der","twitter_card":"summary_large_image","twitter_creator":"@vanderloubet","twitter_site":"@vanderloubet","schema":{"@context":"https:\/\/schema.org","@graph":[{"@type":"Article","@id":"https:\/\/vanderloubet.com.br\/deputado\/vander-loubet-e-homenageado-por-apoio-ao-projeto-prevenir-para-salvar\/#article","isPartOf":{"@id":"https:\/\/vanderloubet.com.br\/deputado\/vander-loubet-e-homenageado-por-apoio-ao-projeto-prevenir-para-salvar\/"},"author":{"name":"\u00c9der","@id":"https:\/\/vanderloubet.com.br\/deputado\/#\/schema\/person\/15b51bd564532a8a68d9dec1b8eb890e"},"headline":"Vander Loubet \u00e9 homenageado por apoio ao projeto &#8220;Prevenir para salvar&#8221;","datePublished":"2018-11-20T17:08:54+00:00","dateModified":"2019-04-03T14:28:13+00:00","mainEntityOfPage":{"@id":"https:\/\/vanderloubet.com.br\/deputado\/vander-loubet-e-homenageado-por-apoio-ao-projeto-prevenir-para-salvar\/"},"wordCount":373,"publisher":{"@id":"https:\/\/vanderloubet.com.br\/deputado\/#organization"},"image":{"@id":"https:\/\/vanderloubet.com.br\/deputado\/vander-loubet-e-homenageado-por-apoio-ao-projeto-prevenir-para-salvar\/#primaryimage"},"thumbnailUrl":"https:\/\/vanderloubet.com.br\/deputado\/wp-content\/uploads\/2018\/11\/foto-2018-11-08-fundacao-santa-casa-05.jpg","keywords":["emenda parlamentar","homenagem","sa\u00fade"],"articleSection":["Mato Grosso do Sul","Not\u00edcias"],"inLanguage":"pt-BR"},{"@type":"WebPage","@id":"https:\/\/vanderloubet.com.br\/deputado\/vander-loubet-e-homenageado-por-apoio-ao-projeto-prevenir-para-salvar\/","url":"https:\/\/vanderloubet.com.br\/deputado\/vander-loubet-e-homenageado-por-apoio-ao-projeto-prevenir-para-salvar\/","name":"Vander Loubet \u00e9 homenageado por apoio ao projeto \"Prevenir para salvar\"","isPartOf":{"@id":"https:\/\/vanderloubet.com.br\/deputado\/#website"},"primaryImageOfPage":{"@id":"https:\/\/vanderloubet.com.br\/deputado\/vander-loubet-e-homenageado-por-apoio-ao-projeto-prevenir-para-salvar\/#primaryimage"},"image":{"@id":"https:\/\/vanderloubet.com.br\/deputado\/vander-loubet-e-homenageado-por-apoio-ao-projeto-prevenir-para-salvar\/#primaryimage"},"thumbnailUrl":"https:\/\/vanderloubet.com.br\/deputado\/wp-content\/uploads\/2018\/11\/foto-2018-11-08-fundacao-santa-casa-05.jpg","datePublished":"2018-11-20T17:08:54+00:00","dateModified":"2019-04-03T14:28:13+00:00","breadcrumb":{"@id":"https:\/\/vanderloubet.com.br\/deputado\/vander-loubet-e-homenageado-por-apoio-ao-projeto-prevenir-para-salvar\/#breadcrumb"},"inLanguage":"pt-BR","potentialAction":[{"@type":"ReadAction","target":["https:\/\/vanderloubet.com.br\/deputado\/vander-loubet-e-homenageado-por-apoio-ao-projeto-prevenir-para-salvar\/"]}]},{"@type":"ImageObject","inLanguage":"pt-BR","@id":"https:\/\/vanderloubet.com.br\/deputado\/vander-loubet-e-homenageado-por-apoio-ao-projeto-prevenir-para-salvar\/#primaryimage","url":"https:\/\/vanderloubet.com.br\/deputado\/wp-content\/uploads\/2018\/11\/foto-2018-11-08-fundacao-santa-casa-05.jpg","contentUrl":"https:\/\/vanderloubet.com.br\/deputado\/wp-content\/uploads\/2018\/11\/foto-2018-11-08-fundacao-santa-casa-05.jpg","width":1080,"height":700,"caption":"Funda\u00e7\u00e3o da Santa Casa encerrou a 1\u00aa edi\u00e7\u00e3o do \"Prevenir para salvar\" com noite de homenagens"},{"@type":"BreadcrumbList","@id":"https:\/\/vanderloubet.com.br\/deputado\/vander-loubet-e-homenageado-por-apoio-ao-projeto-prevenir-para-salvar\/#breadcrumb","itemListElement":[{"@type":"ListItem","position":1,"name":"In\u00edcio","item":"https:\/\/vanderloubet.com.br\/deputado\/"},{"@type":"ListItem","position":2,"name":"Vander Loubet \u00e9 homenageado por apoio ao projeto &#8220;Prevenir para salvar&#8221;"}]},{"@type":"WebSite","@id":"https:\/\/vanderloubet.com.br\/deputado\/#website","url":"https:\/\/vanderloubet.com.br\/deputado\/","name":"Deputado Federal Vander Loubet","description":"O Federal de MS","publisher":{"@id":"https:\/\/vanderloubet.com.br\/deputado\/#organization"},"alternateName":"Deputado Vander","potentialAction":[{"@type":"SearchAction","target":{"@type":"EntryPoint","urlTemplate":"https:\/\/vanderloubet.com.br\/deputado\/?s={search_term_string}"},"query-input":{"@type":"PropertyValueSpecification","valueRequired":true,"valueName":"search_term_string"}}],"inLanguage":"pt-BR"},{"@type":"Organization","@id":"https:\/\/vanderloubet.com.br\/deputado\/#organization","name":"Deputado Federal Vander Loubet","alternateName":"Deputado Vander","url":"https:\/\/vanderloubet.com.br\/deputado\/","logo":{"@type":"ImageObject","inLanguage":"pt-BR","@id":"https:\/\/vanderloubet.com.br\/deputado\/#\/schema\/logo\/image\/","url":"https:\/\/vanderloubet.com.br\/deputado\/wp-content\/uploads\/2023\/06\/foto-2023-06-19-mandato-deputado-vander.jpg","contentUrl":"https:\/\/vanderloubet.com.br\/deputado\/wp-content\/uploads\/2023\/06\/foto-2023-06-19-mandato-deputado-vander.jpg","width":1080,"height":1080,"caption":"Deputado Federal Vander Loubet"},"image":{"@id":"https:\/\/vanderloubet.com.br\/deputado\/#\/schema\/logo\/image\/"},"sameAs":["https:\/\/facebook.com\/deputadovander","https:\/\/x.com\/vanderloubet","https:\/\/instagram.com\/vanderloubet","https:\/\/youtube.com\/vanderloubet","https:\/\/tiktok.com\/@vanderloubetms"]},{"@type":"Person","@id":"https:\/\/vanderloubet.com.br\/deputado\/#\/schema\/person\/15b51bd564532a8a68d9dec1b8eb890e","name":"\u00c9der","image":{"@type":"ImageObject","inLanguage":"pt-BR","@id":"https:\/\/vanderloubet.com.br\/deputado\/wp-content\/litespeed\/avatar\/88ca4090d9d5ab1c9495f6ca03b68efa.jpg?ver=1777058957","url":"https:\/\/vanderloubet.com.br\/deputado\/wp-content\/litespeed\/avatar\/88ca4090d9d5ab1c9495f6ca03b68efa.jpg?ver=1777058957","contentUrl":"https:\/\/vanderloubet.com.br\/deputado\/wp-content\/litespeed\/avatar\/88ca4090d9d5ab1c9495f6ca03b68efa.jpg?ver=1777058957","caption":"\u00c9der"}}]}},"jetpack_featured_media_url":"https:\/\/vanderloubet.com.br\/deputado\/wp-content\/uploads\/2018\/11\/foto-2018-11-08-fundacao-santa-casa-05.jpg","jetpack_sharing_enabled":true,"_links":{"self":[{"href":"https:\/\/vanderloubet.com.br\/deputado\/wp-json\/wp\/v2\/posts\/13973","targetHints":{"allow":["GET"]}}],"collection":[{"href":"https:\/\/vanderloubet.com.br\/deputado\/wp-json\/wp\/v2\/posts"}],"about":[{"href":"https:\/\/vanderloubet.com.br\/deputado\/wp-json\/wp\/v2\/types\/post"}],"author":[{"embeddable":true,"href":"https:\/\/vanderloubet.com.br\/deputado\/wp-json\/wp\/v2\/users\/2"}],"replies":[{"embeddable":true,"href":"https:\/\/vanderloubet.com.br\/deputado\/wp-json\/wp\/v2\/comments?post=13973"}],"version-history":[{"count":0,"href":"https:\/\/vanderloubet.com.br\/deputado\/wp-json\/wp\/v2\/posts\/13973\/revisions"}],"wp:featuredmedia":[{"embeddable":true,"href":"https:\/\/vanderloubet.com.br\/deputado\/wp-json\/wp\/v2\/media\/13978"}],"wp:attachment":[{"href":"https:\/\/vanderloubet.com.br\/deputado\/wp-json\/wp\/v2\/media?parent=13973"}],"wp:term":[{"taxonomy":"category","embeddable":true,"href":"https:\/\/vanderloubet.com.br\/deputado\/wp-json\/wp\/v2\/categories?post=13973"},{"taxonomy":"post_tag","embeddable":true,"href":"https:\/\/vanderloubet.com.br\/deputado\/wp-json\/wp\/v2\/tags?post=13973"}],"curies":[{"name":"wp","href":"https:\/\/api.w.org\/{rel}","templated":true}]}}