{"id":13966,"date":"2018-11-08T18:04:11","date_gmt":"2018-11-08T21:04:11","guid":{"rendered":"http:\/\/vanderloubet.com.br\/deputado\/?p=13966"},"modified":"2018-11-19T18:19:06","modified_gmt":"2018-11-19T21:19:06","slug":"com-emenda-de-vander-prefeitura-recapeia-diversas-ruas-de-rio-verde","status":"publish","type":"post","link":"https:\/\/vanderloubet.com.br\/deputado\/com-emenda-de-vander-prefeitura-recapeia-diversas-ruas-de-rio-verde\/","title":{"rendered":"Com emenda de Vander, Prefeitura recapeia diversas ruas de Rio Verde"},"content":{"rendered":"\r\n                <style type=\"text\/css\">\r\n                    \r\n                    #tdi_1  .td-doubleSlider-2 .td-item1 {\r\n                        background: url(https:\/\/vanderloubet.com.br\/deputado\/wp-content\/uploads\/2018\/11\/foto-2018-11-08-recapeamento-rio-verde-01-80x60.jpg) 0 0 no-repeat;\r\n                    }\r\n                    #tdi_1  .td-doubleSlider-2 .td-item2 {\r\n                        background: url(https:\/\/vanderloubet.com.br\/deputado\/wp-content\/uploads\/2018\/11\/foto-2018-11-08-recapeamento-rio-verde-02-80x60.jpg) 0 0 no-repeat;\r\n                    }\r\n                    #tdi_1  .td-doubleSlider-2 .td-item3 {\r\n                        background: url(https:\/\/vanderloubet.com.br\/deputado\/wp-content\/uploads\/2018\/11\/foto-2018-11-08-recapeamento-rio-verde-03-80x60.jpg) 0 0 no-repeat;\r\n                    }\r\n                    #tdi_1  .td-doubleSlider-2 .td-item4 {\r\n                        background: url(https:\/\/vanderloubet.com.br\/deputado\/wp-content\/uploads\/2018\/11\/foto-2018-11-08-recapeamento-rio-verde-04-80x60.jpg) 0 0 no-repeat;\r\n                    }\r\n                    #tdi_1  .td-doubleSlider-2 .td-item5 {\r\n                        background: url(https:\/\/vanderloubet.com.br\/deputado\/wp-content\/uploads\/2018\/11\/foto-2018-11-08-recapeamento-rio-verde-05-80x60.jpg) 0 0 no-repeat;\r\n                    }\r\n                <\/style>\r\n\r\n                <div id=\"tdi_1\" class=\"td-gallery td-slide-on-2-columns\">\r\n                    <div class=\"post_td_gallery\">\r\n                        <div class=\"td-gallery-slide-top\">\r\n                           <div class=\"td-gallery-title\"><\/div>\r\n\r\n                            <div class=\"td-gallery-controls-wrapper\">\r\n                                <div class=\"td-gallery-slide-count\"><span class=\"td-gallery-slide-item-focus\">1<\/span> de 5<\/div>\r\n                                <div class=\"td-gallery-slide-prev-next-but\">\r\n                                    <i class = \"td-icon-left doubleSliderPrevButton\"><\/i>\r\n                                    <i class = \"td-icon-right doubleSliderNextButton\"><\/i>\r\n                                <\/div>\r\n                            <\/div>\r\n                        <\/div>\r\n\r\n                        <div class = \"td-doubleSlider-1 \">\r\n                            <div class = \"td-slider\">\r\n                                \r\n                    <div class = \"td-slide-item td-item1\">\r\n                        <figure class=\"td-slide-galery-figure td-slide-popup-gallery\">\r\n                            <a class=\"slide-gallery-image-link\" href=\"https:\/\/vanderloubet.com.br\/deputado\/wp-content\/uploads\/2018\/11\/foto-2018-11-08-recapeamento-rio-verde-01.jpg\" title=\"Investimento em recapeamento soma R$ 824 mil (emenda de Vander + contrapartida do Munic\u00edpio)\"  data-caption=\"\"  data-description=\"Investimento em recapeamento soma R$ 824 mil (emenda de Vander + contrapartida do Munic&iacute;pio)\">\r\n                                <img decoding=\"async\" src=\"https:\/\/vanderloubet.com.br\/deputado\/wp-content\/uploads\/2018\/11\/foto-2018-11-08-recapeamento-rio-verde-01-630x420.jpg\" srcset=\"https:\/\/vanderloubet.com.br\/deputado\/wp-content\/uploads\/2018\/11\/foto-2018-11-08-recapeamento-rio-verde-01-630x420.jpg 630w, https:\/\/vanderloubet.com.br\/deputado\/wp-content\/uploads\/2018\/11\/foto-2018-11-08-recapeamento-rio-verde-01-350x233.jpg 350w, https:\/\/vanderloubet.com.br\/deputado\/wp-content\/uploads\/2018\/11\/foto-2018-11-08-recapeamento-rio-verde-01-768x512.jpg 768w, https:\/\/vanderloubet.com.br\/deputado\/wp-content\/uploads\/2018\/11\/foto-2018-11-08-recapeamento-rio-verde-01-700x467.jpg 700w, https:\/\/vanderloubet.com.br\/deputado\/wp-content\/uploads\/2018\/11\/foto-2018-11-08-recapeamento-rio-verde-01-696x464.jpg 696w, https:\/\/vanderloubet.com.br\/deputado\/wp-content\/uploads\/2018\/11\/foto-2018-11-08-recapeamento-rio-verde-01.jpg 960w\" sizes=\"(max-width: 630px) 100vw, 630px\" alt=\"Investimento em recapeamento soma R$ 824 mil (emenda de Vander + contrapartida do Munic&iacute;pio)\">\r\n                            <\/a>\r\n                            <figcaption class = \"td-slide-caption td-gallery-slide-content\"><span>Investimento em recapeamento soma R$ 824 mil (emenda de Vander + contrapartida do Munic\u00edpio)<\/span><\/figcaption>\r\n                        <\/figure>\r\n                    <\/div>\r\n                    <div class = \"td-slide-item td-item2\">\r\n                        <figure class=\"td-slide-galery-figure td-slide-popup-gallery\">\r\n                            <a class=\"slide-gallery-image-link\" href=\"https:\/\/vanderloubet.com.br\/deputado\/wp-content\/uploads\/2018\/11\/foto-2018-11-08-recapeamento-rio-verde-02.jpg\" title=\"Investimento em recapeamento soma R$ 824 mil (emenda de Vander + contrapartida do Munic\u00edpio)\"  data-caption=\"\"  data-description=\"Investimento em recapeamento soma R$ 824 mil (emenda de Vander + contrapartida do Munic&iacute;pio)\">\r\n                                <img decoding=\"async\" src=\"https:\/\/vanderloubet.com.br\/deputado\/wp-content\/uploads\/2018\/11\/foto-2018-11-08-recapeamento-rio-verde-02-630x420.jpg\" srcset=\"https:\/\/vanderloubet.com.br\/deputado\/wp-content\/uploads\/2018\/11\/foto-2018-11-08-recapeamento-rio-verde-02-630x420.jpg 630w, https:\/\/vanderloubet.com.br\/deputado\/wp-content\/uploads\/2018\/11\/foto-2018-11-08-recapeamento-rio-verde-02-350x233.jpg 350w, https:\/\/vanderloubet.com.br\/deputado\/wp-content\/uploads\/2018\/11\/foto-2018-11-08-recapeamento-rio-verde-02-768x512.jpg 768w, https:\/\/vanderloubet.com.br\/deputado\/wp-content\/uploads\/2018\/11\/foto-2018-11-08-recapeamento-rio-verde-02-700x467.jpg 700w, https:\/\/vanderloubet.com.br\/deputado\/wp-content\/uploads\/2018\/11\/foto-2018-11-08-recapeamento-rio-verde-02-696x464.jpg 696w, https:\/\/vanderloubet.com.br\/deputado\/wp-content\/uploads\/2018\/11\/foto-2018-11-08-recapeamento-rio-verde-02.jpg 960w\" sizes=\"(max-width: 630px) 100vw, 630px\" alt=\"Investimento em recapeamento soma R$ 824 mil (emenda de Vander + contrapartida do Munic&iacute;pio)\">\r\n                            <\/a>\r\n                            <figcaption class = \"td-slide-caption td-gallery-slide-content\"><span>Investimento em recapeamento soma R$ 824 mil (emenda de Vander + contrapartida do Munic\u00edpio)<\/span><\/figcaption>\r\n                        <\/figure>\r\n                    <\/div>\r\n                    <div class = \"td-slide-item td-item3\">\r\n                        <figure class=\"td-slide-galery-figure td-slide-popup-gallery\">\r\n                            <a class=\"slide-gallery-image-link\" href=\"https:\/\/vanderloubet.com.br\/deputado\/wp-content\/uploads\/2018\/11\/foto-2018-11-08-recapeamento-rio-verde-03.jpg\" title=\"Investimento em recapeamento soma R$ 824 mil (emenda de Vander + contrapartida do Munic\u00edpio)\"  data-caption=\"\"  data-description=\"Investimento em recapeamento soma R$ 824 mil (emenda de Vander + contrapartida do Munic&iacute;pio)\">\r\n                                <img decoding=\"async\" src=\"https:\/\/vanderloubet.com.br\/deputado\/wp-content\/uploads\/2018\/11\/foto-2018-11-08-recapeamento-rio-verde-03-630x420.jpg\" srcset=\"https:\/\/vanderloubet.com.br\/deputado\/wp-content\/uploads\/2018\/11\/foto-2018-11-08-recapeamento-rio-verde-03-630x420.jpg 630w, https:\/\/vanderloubet.com.br\/deputado\/wp-content\/uploads\/2018\/11\/foto-2018-11-08-recapeamento-rio-verde-03-350x233.jpg 350w, https:\/\/vanderloubet.com.br\/deputado\/wp-content\/uploads\/2018\/11\/foto-2018-11-08-recapeamento-rio-verde-03-768x512.jpg 768w, https:\/\/vanderloubet.com.br\/deputado\/wp-content\/uploads\/2018\/11\/foto-2018-11-08-recapeamento-rio-verde-03-700x467.jpg 700w, https:\/\/vanderloubet.com.br\/deputado\/wp-content\/uploads\/2018\/11\/foto-2018-11-08-recapeamento-rio-verde-03-696x464.jpg 696w, https:\/\/vanderloubet.com.br\/deputado\/wp-content\/uploads\/2018\/11\/foto-2018-11-08-recapeamento-rio-verde-03.jpg 960w\" sizes=\"(max-width: 630px) 100vw, 630px\" alt=\"Investimento em recapeamento soma R$ 824 mil (emenda de Vander + contrapartida do Munic&iacute;pio)\">\r\n                            <\/a>\r\n                            <figcaption class = \"td-slide-caption td-gallery-slide-content\"><span>Investimento em recapeamento soma R$ 824 mil (emenda de Vander + contrapartida do Munic\u00edpio)<\/span><\/figcaption>\r\n                        <\/figure>\r\n                    <\/div>\r\n                    <div class = \"td-slide-item td-item4\">\r\n                        <figure class=\"td-slide-galery-figure td-slide-popup-gallery\">\r\n                            <a class=\"slide-gallery-image-link\" href=\"https:\/\/vanderloubet.com.br\/deputado\/wp-content\/uploads\/2018\/11\/foto-2018-11-08-recapeamento-rio-verde-04.jpg\" title=\"Investimento em recapeamento soma R$ 824 mil (emenda de Vander + contrapartida do Munic\u00edpio)\"  data-caption=\"\"  data-description=\"Investimento em recapeamento soma R$ 824 mil (emenda de Vander + contrapartida do Munic&iacute;pio)\">\r\n                                <img decoding=\"async\" src=\"https:\/\/vanderloubet.com.br\/deputado\/wp-content\/uploads\/2018\/11\/foto-2018-11-08-recapeamento-rio-verde-04-630x420.jpg\" srcset=\"https:\/\/vanderloubet.com.br\/deputado\/wp-content\/uploads\/2018\/11\/foto-2018-11-08-recapeamento-rio-verde-04-630x420.jpg 630w, https:\/\/vanderloubet.com.br\/deputado\/wp-content\/uploads\/2018\/11\/foto-2018-11-08-recapeamento-rio-verde-04-350x233.jpg 350w, https:\/\/vanderloubet.com.br\/deputado\/wp-content\/uploads\/2018\/11\/foto-2018-11-08-recapeamento-rio-verde-04-768x512.jpg 768w, https:\/\/vanderloubet.com.br\/deputado\/wp-content\/uploads\/2018\/11\/foto-2018-11-08-recapeamento-rio-verde-04-700x467.jpg 700w, https:\/\/vanderloubet.com.br\/deputado\/wp-content\/uploads\/2018\/11\/foto-2018-11-08-recapeamento-rio-verde-04-696x464.jpg 696w, https:\/\/vanderloubet.com.br\/deputado\/wp-content\/uploads\/2018\/11\/foto-2018-11-08-recapeamento-rio-verde-04.jpg 960w\" sizes=\"(max-width: 630px) 100vw, 630px\" alt=\"Investimento em recapeamento soma R$ 824 mil (emenda de Vander + contrapartida do Munic&iacute;pio)\">\r\n                            <\/a>\r\n                            <figcaption class = \"td-slide-caption td-gallery-slide-content\"><span>Investimento em recapeamento soma R$ 824 mil (emenda de Vander + contrapartida do Munic\u00edpio)<\/span><\/figcaption>\r\n                        <\/figure>\r\n                    <\/div>\r\n                    <div class = \"td-slide-item td-item5\">\r\n                        <figure class=\"td-slide-galery-figure td-slide-popup-gallery\">\r\n                            <a class=\"slide-gallery-image-link\" href=\"https:\/\/vanderloubet.com.br\/deputado\/wp-content\/uploads\/2018\/11\/foto-2018-11-08-recapeamento-rio-verde-05.jpg\" title=\"Investimento em recapeamento soma R$ 824 mil (emenda de Vander + contrapartida do Munic\u00edpio)\"  data-caption=\"\"  data-description=\"Investimento em recapeamento soma R$ 824 mil (emenda de Vander + contrapartida do Munic&iacute;pio)\">\r\n                                <img decoding=\"async\" src=\"https:\/\/vanderloubet.com.br\/deputado\/wp-content\/uploads\/2018\/11\/foto-2018-11-08-recapeamento-rio-verde-05-630x420.jpg\" srcset=\"https:\/\/vanderloubet.com.br\/deputado\/wp-content\/uploads\/2018\/11\/foto-2018-11-08-recapeamento-rio-verde-05-630x420.jpg 630w, https:\/\/vanderloubet.com.br\/deputado\/wp-content\/uploads\/2018\/11\/foto-2018-11-08-recapeamento-rio-verde-05-350x233.jpg 350w, https:\/\/vanderloubet.com.br\/deputado\/wp-content\/uploads\/2018\/11\/foto-2018-11-08-recapeamento-rio-verde-05-768x512.jpg 768w, https:\/\/vanderloubet.com.br\/deputado\/wp-content\/uploads\/2018\/11\/foto-2018-11-08-recapeamento-rio-verde-05-700x467.jpg 700w, https:\/\/vanderloubet.com.br\/deputado\/wp-content\/uploads\/2018\/11\/foto-2018-11-08-recapeamento-rio-verde-05-696x464.jpg 696w, https:\/\/vanderloubet.com.br\/deputado\/wp-content\/uploads\/2018\/11\/foto-2018-11-08-recapeamento-rio-verde-05.jpg 960w\" sizes=\"(max-width: 630px) 100vw, 630px\" alt=\"Investimento em recapeamento soma R$ 824 mil (emenda de Vander + contrapartida do Munic&iacute;pio)\">\r\n                            <\/a>\r\n                            <figcaption class = \"td-slide-caption td-gallery-slide-content\"><span>Investimento em recapeamento soma R$ 824 mil (emenda de Vander + contrapartida do Munic\u00edpio)<\/span><\/figcaption>\r\n                        <\/figure>\r\n                    <\/div>\r\n                            <\/div>\r\n                        <\/div>\r\n\r\n                        <div class = \"td-doubleSlider-2\">\r\n                            <div class = \"td-slider\">\r\n                                \r\n                    <div class = \"td-button td-item1\">\r\n                        <div class = \"td-border\"><\/div>\r\n                    <\/div>\r\n                    <div class = \"td-button td-item2\">\r\n                        <div class = \"td-border\"><\/div>\r\n                    <\/div>\r\n                    <div class = \"td-button td-item3\">\r\n                        <div class = \"td-border\"><\/div>\r\n                    <\/div>\r\n                    <div class = \"td-button td-item4\">\r\n                        <div class = \"td-border\"><\/div>\r\n                    <\/div>\r\n                    <div class = \"td-button td-item5\">\r\n                        <div class = \"td-border\"><\/div>\r\n                    <\/div>\r\n                            <\/div>\r\n                        <\/div>\r\n\r\n                    <\/div>\r\n\r\n                <\/div>\r\n                \n<p>A Prefeitura de Rio Verde de Mato Grosso deu in\u00edcio ao trabalho de recupera\u00e7\u00e3o asf\u00e1ltica de diversas ruas da cidade. As obras s\u00e3o resultado de emenda parlamentar do deputado federal Vander Loubet pelo Minist\u00e9rio das Cidades e de contrapartida do Munic\u00edpio, totalizando investimento de R$ 824 mil.<\/p>\n<p>A emenda atendeu a uma reivindica\u00e7\u00e3o do prefeito Mario Alberto Kruger e da vice-prefeita Dinalvinha Viana. De acordo com a Prefeitura, essas s\u00e3o as ruas que receber\u00e3o recapeamento asf\u00e1ltico:<\/p>\n<ul>\n<li>Rua Porf\u00edrio Gon\u00e7alves (trecho entre Travessa Francisco C. da Silva e Travessa 02<\/li>\n<li>Rua Almirante Tamandar\u00e9 (trecho entre Rua Santos Dumont e Rua 31 de Mar\u00e7o<\/li>\n<li>Rua Samiramis Duailibi (trecho entre Rua S\u00e3o Sebasti\u00e3o e Rua Ricardo Franco<\/li>\n<li>Rua Rio Grande do Sul (trecho entre Rua Joaquim Murtinho e Rua Ant\u00f4nio Raposo<\/li>\n<li>Rua Gumercindo Gon\u00e7alves da Cunha (trecho entre Avenida Eurico Sebasti\u00e3o e Rua Porf\u00edrio Gon\u00e7alves<\/li>\n<li>Rua Osvaldo Cruz (trecho entre Rua Santos Dumont e Rua Delamare<\/li>\n<li>Rua Ricardo Franco (trecho entre Avenida Eurico Sebasti\u00e3o e Rua Samiramis Duailibi<\/li>\n<\/ul>\n<p><em>(Fonte: Prefeitura de Rio Verde de Mato Grosso)<\/em><\/p>\n","protected":false},"excerpt":{"rendered":"<p>Emenda do deputado pelo Minist\u00e9rio das Cidades e contrapartida do Munic\u00edpio totalizam R$ 824 mil.<\/p>\n","protected":false},"author":2,"featured_media":13967,"comment_status":"closed","ping_status":"closed","sticky":false,"template":"","format":"standard","meta":{"jetpack_post_was_ever_published":false,"_jetpack_newsletter_access":"","_jetpack_dont_email_post_to_subs":false,"_jetpack_newsletter_tier_id":0,"_jetpack_memberships_contains_paywalled_content":false,"_jetpack_memberships_contains_paid_content":false,"footnotes":""},"categories":[2097,10],"tags":[2127,2388],"class_list":{"0":"post-13966","1":"post","2":"type-post","3":"status-publish","4":"format-standard","5":"has-post-thumbnail","7":"category-municipios-noticias","8":"category-noticias","9":"tag-emenda-parlamentar","10":"tag-infraestr"},"yoast_head":"<!-- This site is optimized with the Yoast SEO plugin v27.4 - https:\/\/yoast.com\/product\/yoast-seo-wordpress\/ -->\n<title>Com emenda de Vander, Prefeitura recapeia diversas ruas de Rio Verde<\/title>\n<meta name=\"robots\" content=\"index, follow, max-snippet:-1, max-image-preview:large, max-video-preview:-1\" \/>\n<link rel=\"canonical\" href=\"https:\/\/vanderloubet.com.br\/deputado\/com-emenda-de-vander-prefeitura-recapeia-diversas-ruas-de-rio-verde\/\" \/>\n<meta property=\"og:locale\" content=\"pt_BR\" \/>\n<meta property=\"og:type\" content=\"article\" \/>\n<meta property=\"og:title\" content=\"Com emenda de Vander, Prefeitura recapeia diversas ruas de Rio Verde\" \/>\n<meta property=\"og:description\" content=\"Emenda do deputado pelo Minist\u00e9rio das Cidades e contrapartida do Munic\u00edpio totalizam R$ 824 mil.\" \/>\n<meta property=\"og:url\" content=\"https:\/\/vanderloubet.com.br\/deputado\/com-emenda-de-vander-prefeitura-recapeia-diversas-ruas-de-rio-verde\/\" \/>\n<meta property=\"og:site_name\" content=\"Deputado Federal Vander Loubet\" \/>\n<meta property=\"article:publisher\" content=\"https:\/\/facebook.com\/deputadovander\" \/>\n<meta property=\"article:published_time\" content=\"2018-11-08T21:04:11+00:00\" \/>\n<meta property=\"article:modified_time\" content=\"2018-11-19T21:19:06+00:00\" \/>\n<meta property=\"og:image\" content=\"https:\/\/vanderloubet.com.br\/deputado\/wp-content\/uploads\/2018\/11\/foto-2018-11-08-recapeamento-rio-verde-01.jpg\" \/>\n\t<meta property=\"og:image:width\" content=\"960\" \/>\n\t<meta property=\"og:image:height\" content=\"640\" \/>\n\t<meta property=\"og:image:type\" content=\"image\/jpeg\" \/>\n<meta name=\"author\" content=\"\u00c9der\" \/>\n<meta name=\"twitter:card\" content=\"summary_large_image\" \/>\n<meta name=\"twitter:creator\" content=\"@vanderloubet\" \/>\n<meta name=\"twitter:site\" content=\"@vanderloubet\" \/>\n<script type=\"application\/ld+json\" class=\"yoast-schema-graph\">{\"@context\":\"https:\\\/\\\/schema.org\",\"@graph\":[{\"@type\":\"Article\",\"@id\":\"https:\\\/\\\/vanderloubet.com.br\\\/deputado\\\/com-emenda-de-vander-prefeitura-recapeia-diversas-ruas-de-rio-verde\\\/#article\",\"isPartOf\":{\"@id\":\"https:\\\/\\\/vanderloubet.com.br\\\/deputado\\\/com-emenda-de-vander-prefeitura-recapeia-diversas-ruas-de-rio-verde\\\/\"},\"author\":{\"name\":\"\u00c9der\",\"@id\":\"https:\\\/\\\/vanderloubet.com.br\\\/deputado\\\/#\\\/schema\\\/person\\\/15b51bd564532a8a68d9dec1b8eb890e\"},\"headline\":\"Com emenda de Vander, Prefeitura recapeia diversas ruas de Rio Verde\",\"datePublished\":\"2018-11-08T21:04:11+00:00\",\"dateModified\":\"2018-11-19T21:19:06+00:00\",\"mainEntityOfPage\":{\"@id\":\"https:\\\/\\\/vanderloubet.com.br\\\/deputado\\\/com-emenda-de-vander-prefeitura-recapeia-diversas-ruas-de-rio-verde\\\/\"},\"wordCount\":211,\"publisher\":{\"@id\":\"https:\\\/\\\/vanderloubet.com.br\\\/deputado\\\/#organization\"},\"image\":{\"@id\":\"https:\\\/\\\/vanderloubet.com.br\\\/deputado\\\/com-emenda-de-vander-prefeitura-recapeia-diversas-ruas-de-rio-verde\\\/#primaryimage\"},\"thumbnailUrl\":\"https:\\\/\\\/vanderloubet.com.br\\\/deputado\\\/wp-content\\\/uploads\\\/2018\\\/11\\\/foto-2018-11-08-recapeamento-rio-verde-01.jpg\",\"keywords\":[\"emenda parlamentar\",\"infraestr\"],\"articleSection\":[\"Munic\u00edpios\",\"Not\u00edcias\"],\"inLanguage\":\"pt-BR\"},{\"@type\":\"WebPage\",\"@id\":\"https:\\\/\\\/vanderloubet.com.br\\\/deputado\\\/com-emenda-de-vander-prefeitura-recapeia-diversas-ruas-de-rio-verde\\\/\",\"url\":\"https:\\\/\\\/vanderloubet.com.br\\\/deputado\\\/com-emenda-de-vander-prefeitura-recapeia-diversas-ruas-de-rio-verde\\\/\",\"name\":\"Com emenda de Vander, Prefeitura recapeia diversas ruas de Rio Verde\",\"isPartOf\":{\"@id\":\"https:\\\/\\\/vanderloubet.com.br\\\/deputado\\\/#website\"},\"primaryImageOfPage\":{\"@id\":\"https:\\\/\\\/vanderloubet.com.br\\\/deputado\\\/com-emenda-de-vander-prefeitura-recapeia-diversas-ruas-de-rio-verde\\\/#primaryimage\"},\"image\":{\"@id\":\"https:\\\/\\\/vanderloubet.com.br\\\/deputado\\\/com-emenda-de-vander-prefeitura-recapeia-diversas-ruas-de-rio-verde\\\/#primaryimage\"},\"thumbnailUrl\":\"https:\\\/\\\/vanderloubet.com.br\\\/deputado\\\/wp-content\\\/uploads\\\/2018\\\/11\\\/foto-2018-11-08-recapeamento-rio-verde-01.jpg\",\"datePublished\":\"2018-11-08T21:04:11+00:00\",\"dateModified\":\"2018-11-19T21:19:06+00:00\",\"breadcrumb\":{\"@id\":\"https:\\\/\\\/vanderloubet.com.br\\\/deputado\\\/com-emenda-de-vander-prefeitura-recapeia-diversas-ruas-de-rio-verde\\\/#breadcrumb\"},\"inLanguage\":\"pt-BR\",\"potentialAction\":[{\"@type\":\"ReadAction\",\"target\":[\"https:\\\/\\\/vanderloubet.com.br\\\/deputado\\\/com-emenda-de-vander-prefeitura-recapeia-diversas-ruas-de-rio-verde\\\/\"]}]},{\"@type\":\"ImageObject\",\"inLanguage\":\"pt-BR\",\"@id\":\"https:\\\/\\\/vanderloubet.com.br\\\/deputado\\\/com-emenda-de-vander-prefeitura-recapeia-diversas-ruas-de-rio-verde\\\/#primaryimage\",\"url\":\"https:\\\/\\\/vanderloubet.com.br\\\/deputado\\\/wp-content\\\/uploads\\\/2018\\\/11\\\/foto-2018-11-08-recapeamento-rio-verde-01.jpg\",\"contentUrl\":\"https:\\\/\\\/vanderloubet.com.br\\\/deputado\\\/wp-content\\\/uploads\\\/2018\\\/11\\\/foto-2018-11-08-recapeamento-rio-verde-01.jpg\",\"width\":960,\"height\":640,\"caption\":\"Investimento em recapeamento soma R$ 824 mil (emenda de Vander + contrapartida do Munic\u00edpio)\"},{\"@type\":\"BreadcrumbList\",\"@id\":\"https:\\\/\\\/vanderloubet.com.br\\\/deputado\\\/com-emenda-de-vander-prefeitura-recapeia-diversas-ruas-de-rio-verde\\\/#breadcrumb\",\"itemListElement\":[{\"@type\":\"ListItem\",\"position\":1,\"name\":\"In\u00edcio\",\"item\":\"https:\\\/\\\/vanderloubet.com.br\\\/deputado\\\/\"},{\"@type\":\"ListItem\",\"position\":2,\"name\":\"Com emenda de Vander, Prefeitura recapeia diversas ruas de Rio Verde\"}]},{\"@type\":\"WebSite\",\"@id\":\"https:\\\/\\\/vanderloubet.com.br\\\/deputado\\\/#website\",\"url\":\"https:\\\/\\\/vanderloubet.com.br\\\/deputado\\\/\",\"name\":\"Deputado Federal Vander Loubet\",\"description\":\"O Federal de MS\",\"publisher\":{\"@id\":\"https:\\\/\\\/vanderloubet.com.br\\\/deputado\\\/#organization\"},\"alternateName\":\"Deputado Vander\",\"potentialAction\":[{\"@type\":\"SearchAction\",\"target\":{\"@type\":\"EntryPoint\",\"urlTemplate\":\"https:\\\/\\\/vanderloubet.com.br\\\/deputado\\\/?s={search_term_string}\"},\"query-input\":{\"@type\":\"PropertyValueSpecification\",\"valueRequired\":true,\"valueName\":\"search_term_string\"}}],\"inLanguage\":\"pt-BR\"},{\"@type\":\"Organization\",\"@id\":\"https:\\\/\\\/vanderloubet.com.br\\\/deputado\\\/#organization\",\"name\":\"Deputado Federal Vander Loubet\",\"alternateName\":\"Deputado Vander\",\"url\":\"https:\\\/\\\/vanderloubet.com.br\\\/deputado\\\/\",\"logo\":{\"@type\":\"ImageObject\",\"inLanguage\":\"pt-BR\",\"@id\":\"https:\\\/\\\/vanderloubet.com.br\\\/deputado\\\/#\\\/schema\\\/logo\\\/image\\\/\",\"url\":\"https:\\\/\\\/vanderloubet.com.br\\\/deputado\\\/wp-content\\\/uploads\\\/2023\\\/06\\\/foto-2023-06-19-mandato-deputado-vander.jpg\",\"contentUrl\":\"https:\\\/\\\/vanderloubet.com.br\\\/deputado\\\/wp-content\\\/uploads\\\/2023\\\/06\\\/foto-2023-06-19-mandato-deputado-vander.jpg\",\"width\":1080,\"height\":1080,\"caption\":\"Deputado Federal Vander Loubet\"},\"image\":{\"@id\":\"https:\\\/\\\/vanderloubet.com.br\\\/deputado\\\/#\\\/schema\\\/logo\\\/image\\\/\"},\"sameAs\":[\"https:\\\/\\\/facebook.com\\\/deputadovander\",\"https:\\\/\\\/x.com\\\/vanderloubet\",\"https:\\\/\\\/instagram.com\\\/vanderloubet\",\"https:\\\/\\\/youtube.com\\\/vanderloubet\",\"https:\\\/\\\/tiktok.com\\\/@vanderloubetms\"]},{\"@type\":\"Person\",\"@id\":\"https:\\\/\\\/vanderloubet.com.br\\\/deputado\\\/#\\\/schema\\\/person\\\/15b51bd564532a8a68d9dec1b8eb890e\",\"name\":\"\u00c9der\",\"image\":{\"@type\":\"ImageObject\",\"inLanguage\":\"pt-BR\",\"@id\":\"https:\\\/\\\/vanderloubet.com.br\\\/deputado\\\/wp-content\\\/litespeed\\\/avatar\\\/88ca4090d9d5ab1c9495f6ca03b68efa.jpg?ver=1777058957\",\"url\":\"https:\\\/\\\/vanderloubet.com.br\\\/deputado\\\/wp-content\\\/litespeed\\\/avatar\\\/88ca4090d9d5ab1c9495f6ca03b68efa.jpg?ver=1777058957\",\"contentUrl\":\"https:\\\/\\\/vanderloubet.com.br\\\/deputado\\\/wp-content\\\/litespeed\\\/avatar\\\/88ca4090d9d5ab1c9495f6ca03b68efa.jpg?ver=1777058957\",\"caption\":\"\u00c9der\"}}]}<\/script>\n<!-- \/ Yoast SEO plugin. -->","yoast_head_json":{"title":"Com emenda de Vander, Prefeitura recapeia diversas ruas de Rio Verde","robots":{"index":"index","follow":"follow","max-snippet":"max-snippet:-1","max-image-preview":"max-image-preview:large","max-video-preview":"max-video-preview:-1"},"canonical":"https:\/\/vanderloubet.com.br\/deputado\/com-emenda-de-vander-prefeitura-recapeia-diversas-ruas-de-rio-verde\/","og_locale":"pt_BR","og_type":"article","og_title":"Com emenda de Vander, Prefeitura recapeia diversas ruas de Rio Verde","og_description":"Emenda do deputado pelo Minist\u00e9rio das Cidades e contrapartida do Munic\u00edpio totalizam R$ 824 mil.","og_url":"https:\/\/vanderloubet.com.br\/deputado\/com-emenda-de-vander-prefeitura-recapeia-diversas-ruas-de-rio-verde\/","og_site_name":"Deputado Federal Vander Loubet","article_publisher":"https:\/\/facebook.com\/deputadovander","article_published_time":"2018-11-08T21:04:11+00:00","article_modified_time":"2018-11-19T21:19:06+00:00","og_image":[{"width":960,"height":640,"url":"https:\/\/vanderloubet.com.br\/deputado\/wp-content\/uploads\/2018\/11\/foto-2018-11-08-recapeamento-rio-verde-01.jpg","type":"image\/jpeg"}],"author":"\u00c9der","twitter_card":"summary_large_image","twitter_creator":"@vanderloubet","twitter_site":"@vanderloubet","schema":{"@context":"https:\/\/schema.org","@graph":[{"@type":"Article","@id":"https:\/\/vanderloubet.com.br\/deputado\/com-emenda-de-vander-prefeitura-recapeia-diversas-ruas-de-rio-verde\/#article","isPartOf":{"@id":"https:\/\/vanderloubet.com.br\/deputado\/com-emenda-de-vander-prefeitura-recapeia-diversas-ruas-de-rio-verde\/"},"author":{"name":"\u00c9der","@id":"https:\/\/vanderloubet.com.br\/deputado\/#\/schema\/person\/15b51bd564532a8a68d9dec1b8eb890e"},"headline":"Com emenda de Vander, Prefeitura recapeia diversas ruas de Rio Verde","datePublished":"2018-11-08T21:04:11+00:00","dateModified":"2018-11-19T21:19:06+00:00","mainEntityOfPage":{"@id":"https:\/\/vanderloubet.com.br\/deputado\/com-emenda-de-vander-prefeitura-recapeia-diversas-ruas-de-rio-verde\/"},"wordCount":211,"publisher":{"@id":"https:\/\/vanderloubet.com.br\/deputado\/#organization"},"image":{"@id":"https:\/\/vanderloubet.com.br\/deputado\/com-emenda-de-vander-prefeitura-recapeia-diversas-ruas-de-rio-verde\/#primaryimage"},"thumbnailUrl":"https:\/\/vanderloubet.com.br\/deputado\/wp-content\/uploads\/2018\/11\/foto-2018-11-08-recapeamento-rio-verde-01.jpg","keywords":["emenda parlamentar","infraestr"],"articleSection":["Munic\u00edpios","Not\u00edcias"],"inLanguage":"pt-BR"},{"@type":"WebPage","@id":"https:\/\/vanderloubet.com.br\/deputado\/com-emenda-de-vander-prefeitura-recapeia-diversas-ruas-de-rio-verde\/","url":"https:\/\/vanderloubet.com.br\/deputado\/com-emenda-de-vander-prefeitura-recapeia-diversas-ruas-de-rio-verde\/","name":"Com emenda de Vander, Prefeitura recapeia diversas ruas de Rio Verde","isPartOf":{"@id":"https:\/\/vanderloubet.com.br\/deputado\/#website"},"primaryImageOfPage":{"@id":"https:\/\/vanderloubet.com.br\/deputado\/com-emenda-de-vander-prefeitura-recapeia-diversas-ruas-de-rio-verde\/#primaryimage"},"image":{"@id":"https:\/\/vanderloubet.com.br\/deputado\/com-emenda-de-vander-prefeitura-recapeia-diversas-ruas-de-rio-verde\/#primaryimage"},"thumbnailUrl":"https:\/\/vanderloubet.com.br\/deputado\/wp-content\/uploads\/2018\/11\/foto-2018-11-08-recapeamento-rio-verde-01.jpg","datePublished":"2018-11-08T21:04:11+00:00","dateModified":"2018-11-19T21:19:06+00:00","breadcrumb":{"@id":"https:\/\/vanderloubet.com.br\/deputado\/com-emenda-de-vander-prefeitura-recapeia-diversas-ruas-de-rio-verde\/#breadcrumb"},"inLanguage":"pt-BR","potentialAction":[{"@type":"ReadAction","target":["https:\/\/vanderloubet.com.br\/deputado\/com-emenda-de-vander-prefeitura-recapeia-diversas-ruas-de-rio-verde\/"]}]},{"@type":"ImageObject","inLanguage":"pt-BR","@id":"https:\/\/vanderloubet.com.br\/deputado\/com-emenda-de-vander-prefeitura-recapeia-diversas-ruas-de-rio-verde\/#primaryimage","url":"https:\/\/vanderloubet.com.br\/deputado\/wp-content\/uploads\/2018\/11\/foto-2018-11-08-recapeamento-rio-verde-01.jpg","contentUrl":"https:\/\/vanderloubet.com.br\/deputado\/wp-content\/uploads\/2018\/11\/foto-2018-11-08-recapeamento-rio-verde-01.jpg","width":960,"height":640,"caption":"Investimento em recapeamento soma R$ 824 mil (emenda de Vander + contrapartida do Munic\u00edpio)"},{"@type":"BreadcrumbList","@id":"https:\/\/vanderloubet.com.br\/deputado\/com-emenda-de-vander-prefeitura-recapeia-diversas-ruas-de-rio-verde\/#breadcrumb","itemListElement":[{"@type":"ListItem","position":1,"name":"In\u00edcio","item":"https:\/\/vanderloubet.com.br\/deputado\/"},{"@type":"ListItem","position":2,"name":"Com emenda de Vander, Prefeitura recapeia diversas ruas de Rio Verde"}]},{"@type":"WebSite","@id":"https:\/\/vanderloubet.com.br\/deputado\/#website","url":"https:\/\/vanderloubet.com.br\/deputado\/","name":"Deputado Federal Vander Loubet","description":"O Federal de MS","publisher":{"@id":"https:\/\/vanderloubet.com.br\/deputado\/#organization"},"alternateName":"Deputado Vander","potentialAction":[{"@type":"SearchAction","target":{"@type":"EntryPoint","urlTemplate":"https:\/\/vanderloubet.com.br\/deputado\/?s={search_term_string}"},"query-input":{"@type":"PropertyValueSpecification","valueRequired":true,"valueName":"search_term_string"}}],"inLanguage":"pt-BR"},{"@type":"Organization","@id":"https:\/\/vanderloubet.com.br\/deputado\/#organization","name":"Deputado Federal Vander Loubet","alternateName":"Deputado Vander","url":"https:\/\/vanderloubet.com.br\/deputado\/","logo":{"@type":"ImageObject","inLanguage":"pt-BR","@id":"https:\/\/vanderloubet.com.br\/deputado\/#\/schema\/logo\/image\/","url":"https:\/\/vanderloubet.com.br\/deputado\/wp-content\/uploads\/2023\/06\/foto-2023-06-19-mandato-deputado-vander.jpg","contentUrl":"https:\/\/vanderloubet.com.br\/deputado\/wp-content\/uploads\/2023\/06\/foto-2023-06-19-mandato-deputado-vander.jpg","width":1080,"height":1080,"caption":"Deputado Federal Vander Loubet"},"image":{"@id":"https:\/\/vanderloubet.com.br\/deputado\/#\/schema\/logo\/image\/"},"sameAs":["https:\/\/facebook.com\/deputadovander","https:\/\/x.com\/vanderloubet","https:\/\/instagram.com\/vanderloubet","https:\/\/youtube.com\/vanderloubet","https:\/\/tiktok.com\/@vanderloubetms"]},{"@type":"Person","@id":"https:\/\/vanderloubet.com.br\/deputado\/#\/schema\/person\/15b51bd564532a8a68d9dec1b8eb890e","name":"\u00c9der","image":{"@type":"ImageObject","inLanguage":"pt-BR","@id":"https:\/\/vanderloubet.com.br\/deputado\/wp-content\/litespeed\/avatar\/88ca4090d9d5ab1c9495f6ca03b68efa.jpg?ver=1777058957","url":"https:\/\/vanderloubet.com.br\/deputado\/wp-content\/litespeed\/avatar\/88ca4090d9d5ab1c9495f6ca03b68efa.jpg?ver=1777058957","contentUrl":"https:\/\/vanderloubet.com.br\/deputado\/wp-content\/litespeed\/avatar\/88ca4090d9d5ab1c9495f6ca03b68efa.jpg?ver=1777058957","caption":"\u00c9der"}}]}},"jetpack_featured_media_url":"https:\/\/vanderloubet.com.br\/deputado\/wp-content\/uploads\/2018\/11\/foto-2018-11-08-recapeamento-rio-verde-01.jpg","jetpack_sharing_enabled":true,"_links":{"self":[{"href":"https:\/\/vanderloubet.com.br\/deputado\/wp-json\/wp\/v2\/posts\/13966","targetHints":{"allow":["GET"]}}],"collection":[{"href":"https:\/\/vanderloubet.com.br\/deputado\/wp-json\/wp\/v2\/posts"}],"about":[{"href":"https:\/\/vanderloubet.com.br\/deputado\/wp-json\/wp\/v2\/types\/post"}],"author":[{"embeddable":true,"href":"https:\/\/vanderloubet.com.br\/deputado\/wp-json\/wp\/v2\/users\/2"}],"replies":[{"embeddable":true,"href":"https:\/\/vanderloubet.com.br\/deputado\/wp-json\/wp\/v2\/comments?post=13966"}],"version-history":[{"count":0,"href":"https:\/\/vanderloubet.com.br\/deputado\/wp-json\/wp\/v2\/posts\/13966\/revisions"}],"wp:featuredmedia":[{"embeddable":true,"href":"https:\/\/vanderloubet.com.br\/deputado\/wp-json\/wp\/v2\/media\/13967"}],"wp:attachment":[{"href":"https:\/\/vanderloubet.com.br\/deputado\/wp-json\/wp\/v2\/media?parent=13966"}],"wp:term":[{"taxonomy":"category","embeddable":true,"href":"https:\/\/vanderloubet.com.br\/deputado\/wp-json\/wp\/v2\/categories?post=13966"},{"taxonomy":"post_tag","embeddable":true,"href":"https:\/\/vanderloubet.com.br\/deputado\/wp-json\/wp\/v2\/tags?post=13966"}],"curies":[{"name":"wp","href":"https:\/\/api.w.org\/{rel}","templated":true}]}}