{"id":13960,"date":"2018-11-19T12:25:31","date_gmt":"2018-11-19T15:25:31","guid":{"rendered":"http:\/\/vanderloubet.com.br\/deputado\/?p=13960"},"modified":"2018-11-19T12:26:46","modified_gmt":"2018-11-19T15:26:46","slug":"com-emendas-de-vander-dois-irmaos-do-buriti-inaugura-frigorifico-de-pescado","status":"publish","type":"post","link":"https:\/\/vanderloubet.com.br\/deputado\/com-emendas-de-vander-dois-irmaos-do-buriti-inaugura-frigorifico-de-pescado\/","title":{"rendered":"Com emendas de Vander, Dois Irm\u00e3os do Buriti inaugura frigor\u00edfico de pescado"},"content":{"rendered":"\r\n                <style type=\"text\/css\">\r\n                    \r\n                    #tdi_1  .td-doubleSlider-2 .td-item1 {\r\n                        background: url(https:\/\/vanderloubet.com.br\/deputado\/wp-content\/uploads\/2018\/11\/foto-2018-11-19-frigorifico-pescado-dois-irmaos-buriti-01-80x60.jpg) 0 0 no-repeat;\r\n                    }\r\n                    #tdi_1  .td-doubleSlider-2 .td-item2 {\r\n                        background: url(https:\/\/vanderloubet.com.br\/deputado\/wp-content\/uploads\/2018\/11\/foto-2018-11-19-frigorifico-pescado-dois-irmaos-buriti-02-80x60.jpg) 0 0 no-repeat;\r\n                    }\r\n                    #tdi_1  .td-doubleSlider-2 .td-item3 {\r\n                        background: url(https:\/\/vanderloubet.com.br\/deputado\/wp-content\/uploads\/2018\/11\/foto-2018-11-19-frigorifico-pescado-dois-irmaos-buriti-03-80x60.jpg) 0 0 no-repeat;\r\n                    }\r\n                    #tdi_1  .td-doubleSlider-2 .td-item4 {\r\n                        background: url(https:\/\/vanderloubet.com.br\/deputado\/wp-content\/uploads\/2018\/11\/foto-2018-11-19-frigorifico-pescado-dois-irmaos-buriti-04-80x60.jpg) 0 0 no-repeat;\r\n                    }\r\n                <\/style>\r\n\r\n                <div id=\"tdi_1\" class=\"td-gallery td-slide-on-2-columns\">\r\n                    <div class=\"post_td_gallery\">\r\n                        <div class=\"td-gallery-slide-top\">\r\n                           <div class=\"td-gallery-title\"><\/div>\r\n\r\n                            <div class=\"td-gallery-controls-wrapper\">\r\n                                <div class=\"td-gallery-slide-count\"><span class=\"td-gallery-slide-item-focus\">1<\/span> de 4<\/div>\r\n                                <div class=\"td-gallery-slide-prev-next-but\">\r\n                                    <i class = \"td-icon-left doubleSliderPrevButton\"><\/i>\r\n                                    <i class = \"td-icon-right doubleSliderNextButton\"><\/i>\r\n                                <\/div>\r\n                            <\/div>\r\n                        <\/div>\r\n\r\n                        <div class = \"td-doubleSlider-1 \">\r\n                            <div class = \"td-slider\">\r\n                                \r\n                    <div class = \"td-slide-item td-item1\">\r\n                        <figure class=\"td-slide-galery-figure td-slide-popup-gallery\">\r\n                            <a class=\"slide-gallery-image-link\" href=\"https:\/\/vanderloubet.com.br\/deputado\/wp-content\/uploads\/2018\/11\/foto-2018-11-19-frigorifico-pescado-dois-irmaos-buriti-01.jpg\" title=\"Entreposto de pescado contou com emendas do deputado Vander\"  data-caption=\"\"  data-description=\"Entreposto de pescado contou com emendas do deputado Vander\">\r\n                                <img decoding=\"async\" src=\"https:\/\/vanderloubet.com.br\/deputado\/wp-content\/uploads\/2018\/11\/foto-2018-11-19-frigorifico-pescado-dois-irmaos-buriti-01-709x420.jpg\" srcset=\"https:\/\/vanderloubet.com.br\/deputado\/wp-content\/uploads\/2018\/11\/foto-2018-11-19-frigorifico-pescado-dois-irmaos-buriti-01-709x420.jpg 709w, https:\/\/vanderloubet.com.br\/deputado\/wp-content\/uploads\/2018\/11\/foto-2018-11-19-frigorifico-pescado-dois-irmaos-buriti-01-350x207.jpg 350w, https:\/\/vanderloubet.com.br\/deputado\/wp-content\/uploads\/2018\/11\/foto-2018-11-19-frigorifico-pescado-dois-irmaos-buriti-01-768x455.jpg 768w, https:\/\/vanderloubet.com.br\/deputado\/wp-content\/uploads\/2018\/11\/foto-2018-11-19-frigorifico-pescado-dois-irmaos-buriti-01-700x415.jpg 700w, https:\/\/vanderloubet.com.br\/deputado\/wp-content\/uploads\/2018\/11\/foto-2018-11-19-frigorifico-pescado-dois-irmaos-buriti-01-696x412.jpg 696w, https:\/\/vanderloubet.com.br\/deputado\/wp-content\/uploads\/2018\/11\/foto-2018-11-19-frigorifico-pescado-dois-irmaos-buriti-01-1068x633.jpg 1068w, https:\/\/vanderloubet.com.br\/deputado\/wp-content\/uploads\/2018\/11\/foto-2018-11-19-frigorifico-pescado-dois-irmaos-buriti-01.jpg 1080w\" sizes=\"(max-width: 709px) 100vw, 709px\" alt=\"Entreposto de pescado contou com emendas do deputado Vander\">\r\n                            <\/a>\r\n                            <figcaption class = \"td-slide-caption td-gallery-slide-content\"><span>Entreposto de pescado contou com emendas do deputado Vander<\/span><\/figcaption>\r\n                        <\/figure>\r\n                    <\/div>\r\n                    <div class = \"td-slide-item td-item2\">\r\n                        <figure class=\"td-slide-galery-figure td-slide-popup-gallery\">\r\n                            <a class=\"slide-gallery-image-link\" href=\"https:\/\/vanderloubet.com.br\/deputado\/wp-content\/uploads\/2018\/11\/foto-2018-11-19-frigorifico-pescado-dois-irmaos-buriti-02.jpg\" title=\"Entreposto de pescado contou com emendas do deputado Vander\"  data-caption=\"\"  data-description=\"Entreposto de pescado contou com emendas do deputado Vander\">\r\n                                <img decoding=\"async\" src=\"https:\/\/vanderloubet.com.br\/deputado\/wp-content\/uploads\/2018\/11\/foto-2018-11-19-frigorifico-pescado-dois-irmaos-buriti-02-709x420.jpg\" srcset=\"https:\/\/vanderloubet.com.br\/deputado\/wp-content\/uploads\/2018\/11\/foto-2018-11-19-frigorifico-pescado-dois-irmaos-buriti-02-709x420.jpg 709w, https:\/\/vanderloubet.com.br\/deputado\/wp-content\/uploads\/2018\/11\/foto-2018-11-19-frigorifico-pescado-dois-irmaos-buriti-02-350x207.jpg 350w, https:\/\/vanderloubet.com.br\/deputado\/wp-content\/uploads\/2018\/11\/foto-2018-11-19-frigorifico-pescado-dois-irmaos-buriti-02-768x455.jpg 768w, https:\/\/vanderloubet.com.br\/deputado\/wp-content\/uploads\/2018\/11\/foto-2018-11-19-frigorifico-pescado-dois-irmaos-buriti-02-700x415.jpg 700w, https:\/\/vanderloubet.com.br\/deputado\/wp-content\/uploads\/2018\/11\/foto-2018-11-19-frigorifico-pescado-dois-irmaos-buriti-02-696x412.jpg 696w, https:\/\/vanderloubet.com.br\/deputado\/wp-content\/uploads\/2018\/11\/foto-2018-11-19-frigorifico-pescado-dois-irmaos-buriti-02-1068x633.jpg 1068w, https:\/\/vanderloubet.com.br\/deputado\/wp-content\/uploads\/2018\/11\/foto-2018-11-19-frigorifico-pescado-dois-irmaos-buriti-02.jpg 1080w\" sizes=\"(max-width: 709px) 100vw, 709px\" alt=\"Entreposto de pescado contou com emendas do deputado Vander\">\r\n                            <\/a>\r\n                            <figcaption class = \"td-slide-caption td-gallery-slide-content\"><span>Entreposto de pescado contou com emendas do deputado Vander<\/span><\/figcaption>\r\n                        <\/figure>\r\n                    <\/div>\r\n                    <div class = \"td-slide-item td-item3\">\r\n                        <figure class=\"td-slide-galery-figure td-slide-popup-gallery\">\r\n                            <a class=\"slide-gallery-image-link\" href=\"https:\/\/vanderloubet.com.br\/deputado\/wp-content\/uploads\/2018\/11\/foto-2018-11-19-frigorifico-pescado-dois-irmaos-buriti-03.jpg\" title=\"Entreposto de pescado contou com emendas do deputado Vander\"  data-caption=\"\"  data-description=\"Entreposto de pescado contou com emendas do deputado Vander\">\r\n                                <img decoding=\"async\" src=\"https:\/\/vanderloubet.com.br\/deputado\/wp-content\/uploads\/2018\/11\/foto-2018-11-19-frigorifico-pescado-dois-irmaos-buriti-03-709x420.jpg\" srcset=\"https:\/\/vanderloubet.com.br\/deputado\/wp-content\/uploads\/2018\/11\/foto-2018-11-19-frigorifico-pescado-dois-irmaos-buriti-03-709x420.jpg 709w, https:\/\/vanderloubet.com.br\/deputado\/wp-content\/uploads\/2018\/11\/foto-2018-11-19-frigorifico-pescado-dois-irmaos-buriti-03-350x207.jpg 350w, https:\/\/vanderloubet.com.br\/deputado\/wp-content\/uploads\/2018\/11\/foto-2018-11-19-frigorifico-pescado-dois-irmaos-buriti-03-768x455.jpg 768w, https:\/\/vanderloubet.com.br\/deputado\/wp-content\/uploads\/2018\/11\/foto-2018-11-19-frigorifico-pescado-dois-irmaos-buriti-03-700x415.jpg 700w, https:\/\/vanderloubet.com.br\/deputado\/wp-content\/uploads\/2018\/11\/foto-2018-11-19-frigorifico-pescado-dois-irmaos-buriti-03-696x412.jpg 696w, https:\/\/vanderloubet.com.br\/deputado\/wp-content\/uploads\/2018\/11\/foto-2018-11-19-frigorifico-pescado-dois-irmaos-buriti-03-1068x633.jpg 1068w, https:\/\/vanderloubet.com.br\/deputado\/wp-content\/uploads\/2018\/11\/foto-2018-11-19-frigorifico-pescado-dois-irmaos-buriti-03.jpg 1080w\" sizes=\"(max-width: 709px) 100vw, 709px\" alt=\"Entreposto de pescado contou com emendas do deputado Vander\">\r\n                            <\/a>\r\n                            <figcaption class = \"td-slide-caption td-gallery-slide-content\"><span>Entreposto de pescado contou com emendas do deputado Vander<\/span><\/figcaption>\r\n                        <\/figure>\r\n                    <\/div>\r\n                    <div class = \"td-slide-item td-item4\">\r\n                        <figure class=\"td-slide-galery-figure td-slide-popup-gallery\">\r\n                            <a class=\"slide-gallery-image-link\" href=\"https:\/\/vanderloubet.com.br\/deputado\/wp-content\/uploads\/2018\/11\/foto-2018-11-19-frigorifico-pescado-dois-irmaos-buriti-04.jpg\" title=\"Deputado Vander foi representado na inaugura\u00e7\u00e3o pelo assessor Fernando Miranda\"  data-caption=\"\"  data-description=\"Deputado Vander foi representado na inaugura&ccedil;&atilde;o pelo assessor Fernando Miranda\">\r\n                                <img decoding=\"async\" src=\"https:\/\/vanderloubet.com.br\/deputado\/wp-content\/uploads\/2018\/11\/foto-2018-11-19-frigorifico-pescado-dois-irmaos-buriti-04-709x420.jpg\" srcset=\"https:\/\/vanderloubet.com.br\/deputado\/wp-content\/uploads\/2018\/11\/foto-2018-11-19-frigorifico-pescado-dois-irmaos-buriti-04-709x420.jpg 709w, https:\/\/vanderloubet.com.br\/deputado\/wp-content\/uploads\/2018\/11\/foto-2018-11-19-frigorifico-pescado-dois-irmaos-buriti-04-350x207.jpg 350w, https:\/\/vanderloubet.com.br\/deputado\/wp-content\/uploads\/2018\/11\/foto-2018-11-19-frigorifico-pescado-dois-irmaos-buriti-04-768x455.jpg 768w, https:\/\/vanderloubet.com.br\/deputado\/wp-content\/uploads\/2018\/11\/foto-2018-11-19-frigorifico-pescado-dois-irmaos-buriti-04-700x415.jpg 700w, https:\/\/vanderloubet.com.br\/deputado\/wp-content\/uploads\/2018\/11\/foto-2018-11-19-frigorifico-pescado-dois-irmaos-buriti-04-696x412.jpg 696w, https:\/\/vanderloubet.com.br\/deputado\/wp-content\/uploads\/2018\/11\/foto-2018-11-19-frigorifico-pescado-dois-irmaos-buriti-04-1068x633.jpg 1068w, https:\/\/vanderloubet.com.br\/deputado\/wp-content\/uploads\/2018\/11\/foto-2018-11-19-frigorifico-pescado-dois-irmaos-buriti-04.jpg 1080w\" sizes=\"(max-width: 709px) 100vw, 709px\" alt=\"Deputado Vander foi representado na inaugura&ccedil;&atilde;o pelo assessor Fernando Miranda\">\r\n                            <\/a>\r\n                            <figcaption class = \"td-slide-caption td-gallery-slide-content\"><span>Deputado Vander foi representado na inaugura\u00e7\u00e3o pelo assessor Fernando Miranda<\/span><\/figcaption>\r\n                        <\/figure>\r\n                    <\/div>\r\n                            <\/div>\r\n                        <\/div>\r\n\r\n                        <div class = \"td-doubleSlider-2\">\r\n                            <div class = \"td-slider\">\r\n                                \r\n                    <div class = \"td-button td-item1\">\r\n                        <div class = \"td-border\"><\/div>\r\n                    <\/div>\r\n                    <div class = \"td-button td-item2\">\r\n                        <div class = \"td-border\"><\/div>\r\n                    <\/div>\r\n                    <div class = \"td-button td-item3\">\r\n                        <div class = \"td-border\"><\/div>\r\n                    <\/div>\r\n                    <div class = \"td-button td-item4\">\r\n                        <div class = \"td-border\"><\/div>\r\n                    <\/div>\r\n                            <\/div>\r\n                        <\/div>\r\n\r\n                    <\/div>\r\n\r\n                <\/div>\r\n                \n<p>No dia 13 de novembro, a Prefeitura de Dois irm\u00e3os do Buriti inaugurou o entreposto de pescado, uma unidade industrial que ser\u00e1 operada pela empresa Pescado Buriti, que integra o Projeto Pacu, e deve alavancar importantes transforma\u00e7\u00f5es na economia da regi\u00e3o. A a\u00e7\u00e3o faz parte de um pacote de medidas que pode tornar Mato Grosso do Sul um dos maiores produtores de peixe do Pa\u00eds e integrou as comemora\u00e7\u00f5es pelos 31 anos de emancipa\u00e7\u00e3o do munic\u00edpio.<\/p>\n<p>Convidado para a solenidade, o deputado federal Vander Loubet n\u00e3o p\u00f4de participar por estar em Bras\u00edlia, participando de sess\u00f5es ordin\u00e1rias da C\u00e2mara dos Deputados. Na ocasi\u00e3o, foi representado pelo assessor parlamentar Fernando Miranda.<\/p>\n<p>O entreposto recebeu recursos de v\u00e1rias fontes para ser concretizado. Somente em emendas parlamentares destinadas pelo deputado Vander foram R$ 2,3 milh\u00f5es &#8211; uma em 2009, no valor de R$ 900 mil e outra em 2012, no valor de R$ 1,4 milh\u00e3o. A obra tamb\u00e9m contou com o apoio do Fundo Estadual de Apoio \u00e0 Industrializa\u00e7\u00e3o (FAI) e do Fundo Estadual de Apoio ao Desenvolvimento Econ\u00f4mico e Equil\u00edbrio Fiscal (Fadefe), recebendo pouco mais de R$ 405 mil.<\/p>\n<p>O funcionamento da unidade industrial de pescado em Dois Irm\u00e3os do Buriti vai alavancar a cadeia produtiva da regi\u00e3o com a gera\u00e7\u00e3o de mais de 80 empregos diretos, dada a capacidade do frigor\u00edfico, que em seu \u00e1pice pode chegar a abater 5.000 quilos de pescado por dia.<\/p>\n<p>Os investimentos que buscam facilitar o acesso at\u00e9 o entreposto, estrategicamente localizada ao pr\u00f3ximo ao latic\u00ednio da Cooperativa de Leite de Dois Irm\u00e3os do Buriti (Cooperdib), ao frigor\u00edfico de abate de bovinos (que j\u00e1 trabalha num projeto de expans\u00e3o) e ao lado do Assentamento Paulo Freire (onde vivem 61 fam\u00edlias), devem ultrapassar os R$ 7 milh\u00f5es com as obras de pavimenta\u00e7\u00e3o de um trecho da avenida principal da cidade e o acesso pela estrada vicinal at\u00e9 a entrada do frigor\u00edfico (3,4 km), realizado com recursos do Fundersul (Fundo Estadual de Desenvolvimento do Sistema Rodovi\u00e1rio).<\/p>\n<p>Os trabalhos do frigor\u00edfico ter\u00e3o in\u00edcio com o abate de 2 mil peixes por dia, da esp\u00e9cie conhecida como pintado \u2013 parte produzido em Dois Irm\u00e3os do Buriti, parte nos munic\u00edpios de Sidrol\u00e2ndia, Aquidauana e Terenos. Para ativar a capacidade total de produ\u00e7\u00e3o ser\u00e1 necess\u00e1rio triplicar o n\u00famero de hectares de l\u00e2minas d&#8217;\u00e1gua em atividade nas proximidades, e que hoje chegam a pouco mais de 60 hectares.<\/p>\n<p><em>(Fonte: Ascom\/Semagro-MS)<\/em><\/p>\n","protected":false},"excerpt":{"rendered":"<p>Deputado viabilizou R$ 2,3 milh\u00f5es em para obras e equipamentos na unidade.<\/p>\n","protected":false},"author":2,"featured_media":13961,"comment_status":"closed","ping_status":"closed","sticky":false,"template":"","format":"standard","meta":{"jetpack_post_was_ever_published":false,"_jetpack_newsletter_access":"","_jetpack_dont_email_post_to_subs":false,"_jetpack_newsletter_tier_id":0,"_jetpack_memberships_contains_paywalled_content":false,"_jetpack_memberships_contains_paid_content":false,"footnotes":""},"categories":[2097,10],"tags":[2309,2127,1549],"class_list":{"0":"post-13960","1":"post","2":"type-post","3":"status-publish","4":"format-standard","5":"has-post-thumbnail","7":"category-municipios-noticias","8":"category-noticias","9":"tag-desenvolvimento-economico","10":"tag-emenda-parlamentar","11":"tag-piscicultura"},"yoast_head":"<!-- This site is optimized with the Yoast SEO plugin v27.4 - https:\/\/yoast.com\/product\/yoast-seo-wordpress\/ -->\n<title>Com emendas de Vander, Dois Irm\u00e3os do Buriti inaugura frigor\u00edfico de pescado<\/title>\n<meta name=\"robots\" content=\"index, follow, max-snippet:-1, max-image-preview:large, max-video-preview:-1\" \/>\n<link rel=\"canonical\" href=\"https:\/\/vanderloubet.com.br\/deputado\/com-emendas-de-vander-dois-irmaos-do-buriti-inaugura-frigorifico-de-pescado\/\" \/>\n<meta property=\"og:locale\" content=\"pt_BR\" \/>\n<meta property=\"og:type\" content=\"article\" \/>\n<meta property=\"og:title\" content=\"Com emendas de Vander, Dois Irm\u00e3os do Buriti inaugura frigor\u00edfico de pescado\" \/>\n<meta property=\"og:description\" content=\"Deputado viabilizou R$ 2,3 milh\u00f5es em para obras e equipamentos na unidade.\" \/>\n<meta property=\"og:url\" content=\"https:\/\/vanderloubet.com.br\/deputado\/com-emendas-de-vander-dois-irmaos-do-buriti-inaugura-frigorifico-de-pescado\/\" \/>\n<meta property=\"og:site_name\" content=\"Deputado Federal Vander Loubet\" \/>\n<meta property=\"article:publisher\" content=\"https:\/\/facebook.com\/deputadovander\" \/>\n<meta property=\"article:published_time\" content=\"2018-11-19T15:25:31+00:00\" \/>\n<meta property=\"article:modified_time\" content=\"2018-11-19T15:26:46+00:00\" \/>\n<meta property=\"og:image\" content=\"https:\/\/vanderloubet.com.br\/deputado\/wp-content\/uploads\/2018\/11\/foto-2018-11-19-frigorifico-pescado-dois-irmaos-buriti-01.jpg\" \/>\n\t<meta property=\"og:image:width\" content=\"1080\" \/>\n\t<meta property=\"og:image:height\" content=\"640\" \/>\n\t<meta property=\"og:image:type\" content=\"image\/jpeg\" \/>\n<meta name=\"author\" content=\"\u00c9der\" \/>\n<meta name=\"twitter:card\" content=\"summary_large_image\" \/>\n<meta name=\"twitter:creator\" content=\"@vanderloubet\" \/>\n<meta name=\"twitter:site\" content=\"@vanderloubet\" \/>\n<script type=\"application\/ld+json\" class=\"yoast-schema-graph\">{\"@context\":\"https:\\\/\\\/schema.org\",\"@graph\":[{\"@type\":\"Article\",\"@id\":\"https:\\\/\\\/vanderloubet.com.br\\\/deputado\\\/com-emendas-de-vander-dois-irmaos-do-buriti-inaugura-frigorifico-de-pescado\\\/#article\",\"isPartOf\":{\"@id\":\"https:\\\/\\\/vanderloubet.com.br\\\/deputado\\\/com-emendas-de-vander-dois-irmaos-do-buriti-inaugura-frigorifico-de-pescado\\\/\"},\"author\":{\"name\":\"\u00c9der\",\"@id\":\"https:\\\/\\\/vanderloubet.com.br\\\/deputado\\\/#\\\/schema\\\/person\\\/15b51bd564532a8a68d9dec1b8eb890e\"},\"headline\":\"Com emendas de Vander, Dois Irm\u00e3os do Buriti inaugura frigor\u00edfico de pescado\",\"datePublished\":\"2018-11-19T15:25:31+00:00\",\"dateModified\":\"2018-11-19T15:26:46+00:00\",\"mainEntityOfPage\":{\"@id\":\"https:\\\/\\\/vanderloubet.com.br\\\/deputado\\\/com-emendas-de-vander-dois-irmaos-do-buriti-inaugura-frigorifico-de-pescado\\\/\"},\"wordCount\":451,\"publisher\":{\"@id\":\"https:\\\/\\\/vanderloubet.com.br\\\/deputado\\\/#organization\"},\"image\":{\"@id\":\"https:\\\/\\\/vanderloubet.com.br\\\/deputado\\\/com-emendas-de-vander-dois-irmaos-do-buriti-inaugura-frigorifico-de-pescado\\\/#primaryimage\"},\"thumbnailUrl\":\"https:\\\/\\\/vanderloubet.com.br\\\/deputado\\\/wp-content\\\/uploads\\\/2018\\\/11\\\/foto-2018-11-19-frigorifico-pescado-dois-irmaos-buriti-01.jpg\",\"keywords\":[\"desenvolvimento econ\u00f4mico\",\"emenda parlamentar\",\"piscicultura\"],\"articleSection\":[\"Munic\u00edpios\",\"Not\u00edcias\"],\"inLanguage\":\"pt-BR\"},{\"@type\":\"WebPage\",\"@id\":\"https:\\\/\\\/vanderloubet.com.br\\\/deputado\\\/com-emendas-de-vander-dois-irmaos-do-buriti-inaugura-frigorifico-de-pescado\\\/\",\"url\":\"https:\\\/\\\/vanderloubet.com.br\\\/deputado\\\/com-emendas-de-vander-dois-irmaos-do-buriti-inaugura-frigorifico-de-pescado\\\/\",\"name\":\"Com emendas de Vander, Dois Irm\u00e3os do Buriti inaugura frigor\u00edfico de pescado\",\"isPartOf\":{\"@id\":\"https:\\\/\\\/vanderloubet.com.br\\\/deputado\\\/#website\"},\"primaryImageOfPage\":{\"@id\":\"https:\\\/\\\/vanderloubet.com.br\\\/deputado\\\/com-emendas-de-vander-dois-irmaos-do-buriti-inaugura-frigorifico-de-pescado\\\/#primaryimage\"},\"image\":{\"@id\":\"https:\\\/\\\/vanderloubet.com.br\\\/deputado\\\/com-emendas-de-vander-dois-irmaos-do-buriti-inaugura-frigorifico-de-pescado\\\/#primaryimage\"},\"thumbnailUrl\":\"https:\\\/\\\/vanderloubet.com.br\\\/deputado\\\/wp-content\\\/uploads\\\/2018\\\/11\\\/foto-2018-11-19-frigorifico-pescado-dois-irmaos-buriti-01.jpg\",\"datePublished\":\"2018-11-19T15:25:31+00:00\",\"dateModified\":\"2018-11-19T15:26:46+00:00\",\"breadcrumb\":{\"@id\":\"https:\\\/\\\/vanderloubet.com.br\\\/deputado\\\/com-emendas-de-vander-dois-irmaos-do-buriti-inaugura-frigorifico-de-pescado\\\/#breadcrumb\"},\"inLanguage\":\"pt-BR\",\"potentialAction\":[{\"@type\":\"ReadAction\",\"target\":[\"https:\\\/\\\/vanderloubet.com.br\\\/deputado\\\/com-emendas-de-vander-dois-irmaos-do-buriti-inaugura-frigorifico-de-pescado\\\/\"]}]},{\"@type\":\"ImageObject\",\"inLanguage\":\"pt-BR\",\"@id\":\"https:\\\/\\\/vanderloubet.com.br\\\/deputado\\\/com-emendas-de-vander-dois-irmaos-do-buriti-inaugura-frigorifico-de-pescado\\\/#primaryimage\",\"url\":\"https:\\\/\\\/vanderloubet.com.br\\\/deputado\\\/wp-content\\\/uploads\\\/2018\\\/11\\\/foto-2018-11-19-frigorifico-pescado-dois-irmaos-buriti-01.jpg\",\"contentUrl\":\"https:\\\/\\\/vanderloubet.com.br\\\/deputado\\\/wp-content\\\/uploads\\\/2018\\\/11\\\/foto-2018-11-19-frigorifico-pescado-dois-irmaos-buriti-01.jpg\",\"width\":1080,\"height\":640,\"caption\":\"Entreposto de pescado contou com emendas do deputado Vander\"},{\"@type\":\"BreadcrumbList\",\"@id\":\"https:\\\/\\\/vanderloubet.com.br\\\/deputado\\\/com-emendas-de-vander-dois-irmaos-do-buriti-inaugura-frigorifico-de-pescado\\\/#breadcrumb\",\"itemListElement\":[{\"@type\":\"ListItem\",\"position\":1,\"name\":\"In\u00edcio\",\"item\":\"https:\\\/\\\/vanderloubet.com.br\\\/deputado\\\/\"},{\"@type\":\"ListItem\",\"position\":2,\"name\":\"Com emendas de Vander, Dois Irm\u00e3os do Buriti inaugura frigor\u00edfico de pescado\"}]},{\"@type\":\"WebSite\",\"@id\":\"https:\\\/\\\/vanderloubet.com.br\\\/deputado\\\/#website\",\"url\":\"https:\\\/\\\/vanderloubet.com.br\\\/deputado\\\/\",\"name\":\"Deputado Federal Vander Loubet\",\"description\":\"O Federal de MS\",\"publisher\":{\"@id\":\"https:\\\/\\\/vanderloubet.com.br\\\/deputado\\\/#organization\"},\"alternateName\":\"Deputado Vander\",\"potentialAction\":[{\"@type\":\"SearchAction\",\"target\":{\"@type\":\"EntryPoint\",\"urlTemplate\":\"https:\\\/\\\/vanderloubet.com.br\\\/deputado\\\/?s={search_term_string}\"},\"query-input\":{\"@type\":\"PropertyValueSpecification\",\"valueRequired\":true,\"valueName\":\"search_term_string\"}}],\"inLanguage\":\"pt-BR\"},{\"@type\":\"Organization\",\"@id\":\"https:\\\/\\\/vanderloubet.com.br\\\/deputado\\\/#organization\",\"name\":\"Deputado Federal Vander Loubet\",\"alternateName\":\"Deputado Vander\",\"url\":\"https:\\\/\\\/vanderloubet.com.br\\\/deputado\\\/\",\"logo\":{\"@type\":\"ImageObject\",\"inLanguage\":\"pt-BR\",\"@id\":\"https:\\\/\\\/vanderloubet.com.br\\\/deputado\\\/#\\\/schema\\\/logo\\\/image\\\/\",\"url\":\"https:\\\/\\\/vanderloubet.com.br\\\/deputado\\\/wp-content\\\/uploads\\\/2023\\\/06\\\/foto-2023-06-19-mandato-deputado-vander.jpg\",\"contentUrl\":\"https:\\\/\\\/vanderloubet.com.br\\\/deputado\\\/wp-content\\\/uploads\\\/2023\\\/06\\\/foto-2023-06-19-mandato-deputado-vander.jpg\",\"width\":1080,\"height\":1080,\"caption\":\"Deputado Federal Vander Loubet\"},\"image\":{\"@id\":\"https:\\\/\\\/vanderloubet.com.br\\\/deputado\\\/#\\\/schema\\\/logo\\\/image\\\/\"},\"sameAs\":[\"https:\\\/\\\/facebook.com\\\/deputadovander\",\"https:\\\/\\\/x.com\\\/vanderloubet\",\"https:\\\/\\\/instagram.com\\\/vanderloubet\",\"https:\\\/\\\/youtube.com\\\/vanderloubet\",\"https:\\\/\\\/tiktok.com\\\/@vanderloubetms\"]},{\"@type\":\"Person\",\"@id\":\"https:\\\/\\\/vanderloubet.com.br\\\/deputado\\\/#\\\/schema\\\/person\\\/15b51bd564532a8a68d9dec1b8eb890e\",\"name\":\"\u00c9der\",\"image\":{\"@type\":\"ImageObject\",\"inLanguage\":\"pt-BR\",\"@id\":\"https:\\\/\\\/vanderloubet.com.br\\\/deputado\\\/wp-content\\\/litespeed\\\/avatar\\\/88ca4090d9d5ab1c9495f6ca03b68efa.jpg?ver=1777058957\",\"url\":\"https:\\\/\\\/vanderloubet.com.br\\\/deputado\\\/wp-content\\\/litespeed\\\/avatar\\\/88ca4090d9d5ab1c9495f6ca03b68efa.jpg?ver=1777058957\",\"contentUrl\":\"https:\\\/\\\/vanderloubet.com.br\\\/deputado\\\/wp-content\\\/litespeed\\\/avatar\\\/88ca4090d9d5ab1c9495f6ca03b68efa.jpg?ver=1777058957\",\"caption\":\"\u00c9der\"}}]}<\/script>\n<!-- \/ Yoast SEO plugin. -->","yoast_head_json":{"title":"Com emendas de Vander, Dois Irm\u00e3os do Buriti inaugura frigor\u00edfico de pescado","robots":{"index":"index","follow":"follow","max-snippet":"max-snippet:-1","max-image-preview":"max-image-preview:large","max-video-preview":"max-video-preview:-1"},"canonical":"https:\/\/vanderloubet.com.br\/deputado\/com-emendas-de-vander-dois-irmaos-do-buriti-inaugura-frigorifico-de-pescado\/","og_locale":"pt_BR","og_type":"article","og_title":"Com emendas de Vander, Dois Irm\u00e3os do Buriti inaugura frigor\u00edfico de pescado","og_description":"Deputado viabilizou R$ 2,3 milh\u00f5es em para obras e equipamentos na unidade.","og_url":"https:\/\/vanderloubet.com.br\/deputado\/com-emendas-de-vander-dois-irmaos-do-buriti-inaugura-frigorifico-de-pescado\/","og_site_name":"Deputado Federal Vander Loubet","article_publisher":"https:\/\/facebook.com\/deputadovander","article_published_time":"2018-11-19T15:25:31+00:00","article_modified_time":"2018-11-19T15:26:46+00:00","og_image":[{"width":1080,"height":640,"url":"https:\/\/vanderloubet.com.br\/deputado\/wp-content\/uploads\/2018\/11\/foto-2018-11-19-frigorifico-pescado-dois-irmaos-buriti-01.jpg","type":"image\/jpeg"}],"author":"\u00c9der","twitter_card":"summary_large_image","twitter_creator":"@vanderloubet","twitter_site":"@vanderloubet","schema":{"@context":"https:\/\/schema.org","@graph":[{"@type":"Article","@id":"https:\/\/vanderloubet.com.br\/deputado\/com-emendas-de-vander-dois-irmaos-do-buriti-inaugura-frigorifico-de-pescado\/#article","isPartOf":{"@id":"https:\/\/vanderloubet.com.br\/deputado\/com-emendas-de-vander-dois-irmaos-do-buriti-inaugura-frigorifico-de-pescado\/"},"author":{"name":"\u00c9der","@id":"https:\/\/vanderloubet.com.br\/deputado\/#\/schema\/person\/15b51bd564532a8a68d9dec1b8eb890e"},"headline":"Com emendas de Vander, Dois Irm\u00e3os do Buriti inaugura frigor\u00edfico de pescado","datePublished":"2018-11-19T15:25:31+00:00","dateModified":"2018-11-19T15:26:46+00:00","mainEntityOfPage":{"@id":"https:\/\/vanderloubet.com.br\/deputado\/com-emendas-de-vander-dois-irmaos-do-buriti-inaugura-frigorifico-de-pescado\/"},"wordCount":451,"publisher":{"@id":"https:\/\/vanderloubet.com.br\/deputado\/#organization"},"image":{"@id":"https:\/\/vanderloubet.com.br\/deputado\/com-emendas-de-vander-dois-irmaos-do-buriti-inaugura-frigorifico-de-pescado\/#primaryimage"},"thumbnailUrl":"https:\/\/vanderloubet.com.br\/deputado\/wp-content\/uploads\/2018\/11\/foto-2018-11-19-frigorifico-pescado-dois-irmaos-buriti-01.jpg","keywords":["desenvolvimento econ\u00f4mico","emenda parlamentar","piscicultura"],"articleSection":["Munic\u00edpios","Not\u00edcias"],"inLanguage":"pt-BR"},{"@type":"WebPage","@id":"https:\/\/vanderloubet.com.br\/deputado\/com-emendas-de-vander-dois-irmaos-do-buriti-inaugura-frigorifico-de-pescado\/","url":"https:\/\/vanderloubet.com.br\/deputado\/com-emendas-de-vander-dois-irmaos-do-buriti-inaugura-frigorifico-de-pescado\/","name":"Com emendas de Vander, Dois Irm\u00e3os do Buriti inaugura frigor\u00edfico de pescado","isPartOf":{"@id":"https:\/\/vanderloubet.com.br\/deputado\/#website"},"primaryImageOfPage":{"@id":"https:\/\/vanderloubet.com.br\/deputado\/com-emendas-de-vander-dois-irmaos-do-buriti-inaugura-frigorifico-de-pescado\/#primaryimage"},"image":{"@id":"https:\/\/vanderloubet.com.br\/deputado\/com-emendas-de-vander-dois-irmaos-do-buriti-inaugura-frigorifico-de-pescado\/#primaryimage"},"thumbnailUrl":"https:\/\/vanderloubet.com.br\/deputado\/wp-content\/uploads\/2018\/11\/foto-2018-11-19-frigorifico-pescado-dois-irmaos-buriti-01.jpg","datePublished":"2018-11-19T15:25:31+00:00","dateModified":"2018-11-19T15:26:46+00:00","breadcrumb":{"@id":"https:\/\/vanderloubet.com.br\/deputado\/com-emendas-de-vander-dois-irmaos-do-buriti-inaugura-frigorifico-de-pescado\/#breadcrumb"},"inLanguage":"pt-BR","potentialAction":[{"@type":"ReadAction","target":["https:\/\/vanderloubet.com.br\/deputado\/com-emendas-de-vander-dois-irmaos-do-buriti-inaugura-frigorifico-de-pescado\/"]}]},{"@type":"ImageObject","inLanguage":"pt-BR","@id":"https:\/\/vanderloubet.com.br\/deputado\/com-emendas-de-vander-dois-irmaos-do-buriti-inaugura-frigorifico-de-pescado\/#primaryimage","url":"https:\/\/vanderloubet.com.br\/deputado\/wp-content\/uploads\/2018\/11\/foto-2018-11-19-frigorifico-pescado-dois-irmaos-buriti-01.jpg","contentUrl":"https:\/\/vanderloubet.com.br\/deputado\/wp-content\/uploads\/2018\/11\/foto-2018-11-19-frigorifico-pescado-dois-irmaos-buriti-01.jpg","width":1080,"height":640,"caption":"Entreposto de pescado contou com emendas do deputado Vander"},{"@type":"BreadcrumbList","@id":"https:\/\/vanderloubet.com.br\/deputado\/com-emendas-de-vander-dois-irmaos-do-buriti-inaugura-frigorifico-de-pescado\/#breadcrumb","itemListElement":[{"@type":"ListItem","position":1,"name":"In\u00edcio","item":"https:\/\/vanderloubet.com.br\/deputado\/"},{"@type":"ListItem","position":2,"name":"Com emendas de Vander, Dois Irm\u00e3os do Buriti inaugura frigor\u00edfico de pescado"}]},{"@type":"WebSite","@id":"https:\/\/vanderloubet.com.br\/deputado\/#website","url":"https:\/\/vanderloubet.com.br\/deputado\/","name":"Deputado Federal Vander Loubet","description":"O Federal de MS","publisher":{"@id":"https:\/\/vanderloubet.com.br\/deputado\/#organization"},"alternateName":"Deputado Vander","potentialAction":[{"@type":"SearchAction","target":{"@type":"EntryPoint","urlTemplate":"https:\/\/vanderloubet.com.br\/deputado\/?s={search_term_string}"},"query-input":{"@type":"PropertyValueSpecification","valueRequired":true,"valueName":"search_term_string"}}],"inLanguage":"pt-BR"},{"@type":"Organization","@id":"https:\/\/vanderloubet.com.br\/deputado\/#organization","name":"Deputado Federal Vander Loubet","alternateName":"Deputado Vander","url":"https:\/\/vanderloubet.com.br\/deputado\/","logo":{"@type":"ImageObject","inLanguage":"pt-BR","@id":"https:\/\/vanderloubet.com.br\/deputado\/#\/schema\/logo\/image\/","url":"https:\/\/vanderloubet.com.br\/deputado\/wp-content\/uploads\/2023\/06\/foto-2023-06-19-mandato-deputado-vander.jpg","contentUrl":"https:\/\/vanderloubet.com.br\/deputado\/wp-content\/uploads\/2023\/06\/foto-2023-06-19-mandato-deputado-vander.jpg","width":1080,"height":1080,"caption":"Deputado Federal Vander Loubet"},"image":{"@id":"https:\/\/vanderloubet.com.br\/deputado\/#\/schema\/logo\/image\/"},"sameAs":["https:\/\/facebook.com\/deputadovander","https:\/\/x.com\/vanderloubet","https:\/\/instagram.com\/vanderloubet","https:\/\/youtube.com\/vanderloubet","https:\/\/tiktok.com\/@vanderloubetms"]},{"@type":"Person","@id":"https:\/\/vanderloubet.com.br\/deputado\/#\/schema\/person\/15b51bd564532a8a68d9dec1b8eb890e","name":"\u00c9der","image":{"@type":"ImageObject","inLanguage":"pt-BR","@id":"https:\/\/vanderloubet.com.br\/deputado\/wp-content\/litespeed\/avatar\/88ca4090d9d5ab1c9495f6ca03b68efa.jpg?ver=1777058957","url":"https:\/\/vanderloubet.com.br\/deputado\/wp-content\/litespeed\/avatar\/88ca4090d9d5ab1c9495f6ca03b68efa.jpg?ver=1777058957","contentUrl":"https:\/\/vanderloubet.com.br\/deputado\/wp-content\/litespeed\/avatar\/88ca4090d9d5ab1c9495f6ca03b68efa.jpg?ver=1777058957","caption":"\u00c9der"}}]}},"jetpack_featured_media_url":"https:\/\/vanderloubet.com.br\/deputado\/wp-content\/uploads\/2018\/11\/foto-2018-11-19-frigorifico-pescado-dois-irmaos-buriti-01.jpg","jetpack_sharing_enabled":true,"_links":{"self":[{"href":"https:\/\/vanderloubet.com.br\/deputado\/wp-json\/wp\/v2\/posts\/13960","targetHints":{"allow":["GET"]}}],"collection":[{"href":"https:\/\/vanderloubet.com.br\/deputado\/wp-json\/wp\/v2\/posts"}],"about":[{"href":"https:\/\/vanderloubet.com.br\/deputado\/wp-json\/wp\/v2\/types\/post"}],"author":[{"embeddable":true,"href":"https:\/\/vanderloubet.com.br\/deputado\/wp-json\/wp\/v2\/users\/2"}],"replies":[{"embeddable":true,"href":"https:\/\/vanderloubet.com.br\/deputado\/wp-json\/wp\/v2\/comments?post=13960"}],"version-history":[{"count":0,"href":"https:\/\/vanderloubet.com.br\/deputado\/wp-json\/wp\/v2\/posts\/13960\/revisions"}],"wp:featuredmedia":[{"embeddable":true,"href":"https:\/\/vanderloubet.com.br\/deputado\/wp-json\/wp\/v2\/media\/13961"}],"wp:attachment":[{"href":"https:\/\/vanderloubet.com.br\/deputado\/wp-json\/wp\/v2\/media?parent=13960"}],"wp:term":[{"taxonomy":"category","embeddable":true,"href":"https:\/\/vanderloubet.com.br\/deputado\/wp-json\/wp\/v2\/categories?post=13960"},{"taxonomy":"post_tag","embeddable":true,"href":"https:\/\/vanderloubet.com.br\/deputado\/wp-json\/wp\/v2\/tags?post=13960"}],"curies":[{"name":"wp","href":"https:\/\/api.w.org\/{rel}","templated":true}]}}