{"id":1389,"date":"2010-06-28T15:54:16","date_gmt":"2010-06-28T19:54:16","guid":{"rendered":"http:\/\/www.deputadovander.com.br\/website\/?p=1389"},"modified":"2010-06-28T15:54:16","modified_gmt":"2010-06-28T19:54:16","slug":"em-bela-vista-vander-inaugura-obra-e-participa-de-evento-esportivo","status":"publish","type":"post","link":"https:\/\/vanderloubet.com.br\/deputado\/em-bela-vista-vander-inaugura-obra-e-participa-de-evento-esportivo\/","title":{"rendered":"Em Bela Vista, Vander inaugura obra e participa de evento esportivo"},"content":{"rendered":"<p style=\"text-align: center;\">\n<figure id=\"attachment_1390\" aria-describedby=\"caption-attachment-1390\" style=\"width: 300px\" class=\"wp-caption aligncenter\"><a href=\"http:\/\/deputadovander.com.br\/website\/wp-content\/uploads\/2010\/06\/foto-2010-06-26-visita-belavista1.jpg\" target=\"_blank\"><img decoding=\"async\" class=\"size-medium wp-image-1390 \" title=\"foto-2010-06-26-visita-belavista\" src=\"http:\/\/www.deputadovander.com.br\/website\/wp-content\/uploads\/2010\/06\/foto-2010-06-26-visita-belavista-300x200.jpg\" alt=\"Deputado Vander e prefeito Chico Maia\" width=\"300\" height=\"200\" \/><\/a><figcaption id=\"caption-attachment-1390\" class=\"wp-caption-text\">Deputado Vander e prefeito Chico Maia<\/figcaption><\/figure>\n<p>O deputado federal Vander Loubet (PT-MS) visitou o munic\u00edpio de Bela Vista no \u00faltimo s\u00e1bado (26) e participou de diversos eventos na cidade. Acompanhado pelo deputado estadual petista Paulo Duarte, Vander prestigiou o Campeonato Mundial de Karate Escolar junto com o prefeito Chico Maia (PT).<\/p>\n<p>Delega\u00e7\u00f5es de dezenas de pa\u00edses, como Chile, Venezuela, M\u00e9xico, Canad\u00e1, Estados Unidos e Rom\u00eania, e de v\u00e1rios estados brasileiros mandaram atletas escolares para a competi\u00e7\u00e3o, in\u00e9dita em Mato Grosso do Sul.<\/p>\n<p>Ao fazer o seu pronunciamento, o deputado Vander destacou a import\u00e2ncia do esporte para a juventude e parabenizou o prefeito de Bela Vista pela iniciativa e pelo esfor\u00e7o para a realiza\u00e7\u00e3o de um campeonato mundial no munic\u00edpio. O parlamentar frisou tamb\u00e9m que os jovens atletas, com empenho e dedica\u00e7\u00e3o, podem participar das Olimp\u00edadas que v\u00e3o ocorrer no Brasil em 2016. Ele lembrou que todos podem realizar seus sonhos e citou o exemplo do presidente Lula, que de oper\u00e1rio chegou a Presid\u00eancia da Rep\u00fablica.<\/p>\n<p><strong>Inaugura\u00e7\u00e3o de posto de sa\u00fade<\/strong><\/p>\n<p>Ainda em Bela Vista, o deputado federal participou da inaugura\u00e7\u00e3o do novo posto de sa\u00fade do munic\u00edpio e manifestou sua alegria em poder participar de mais uma inaugura\u00e7\u00e3o na cidade, para onde j\u00e1 destinou quase R$ 3,5 milh\u00f5es em emendas parlamentares que beneficiaram a popula\u00e7\u00e3o com patrulha mecanizada para a agricultura familiar, constru\u00e7\u00e3o de casas populares e melhorias no Parque de Exposi\u00e7\u00f5es, al\u00e9m de asfalto, drenagem e rede de esgoto.<\/p>\n<p>Vander tamb\u00e9m destacou a inclus\u00e3o do munic\u00edpio no PAC 2, que deve garantir verbas substanciais para saneamento b\u00e1sico. As obras, que j\u00e1 come\u00e7aram, far\u00e3o de Bela Vista a segunda maior cidade com rede de esgoto no estado, atingindo 85% das moradias da cidade.<\/p>\n<p>&#8220;Esta obra de saneamento representa sa\u00fade e melhoria na qualidade de vida da popula\u00e7\u00e3o bela-vistense. Ela se deve ao enorme esfor\u00e7o do prefeito Chico Maia e tamb\u00e9m ao meu tr\u00e2nsito pol\u00edtico junto ao governo Lula e \u00e0 ex-ministra Dilma, trabalho que desempenho com orgulho&#8221; finalizou Loubet.<\/p>\n<p><small>(Rafael Jasovich e \u00c9der Yanaguita \u2013 Assessoria Deputado Vander)<\/small><\/p>\n","protected":false},"excerpt":{"rendered":"<p>Vander parabenizou o prefeito Chico Maia pela realiza\u00e7\u00e3o do campeonato mundial de karate escolar, evento in\u00e9dito em MS.<\/p>\n","protected":false},"author":2,"featured_media":0,"comment_status":"closed","ping_status":"open","sticky":false,"template":"","format":"standard","meta":{"jetpack_post_was_ever_published":false,"_jetpack_newsletter_access":"","_jetpack_dont_email_post_to_subs":false,"_jetpack_newsletter_tier_id":0,"_jetpack_memberships_contains_paywalled_content":false,"_jetpack_memberships_contains_paid_content":false,"footnotes":""},"categories":[10],"tags":[252,434,739,1111,1446,1505,1591,2035],"class_list":{"0":"post-1389","1":"post","2":"type-post","3":"status-publish","4":"format-standard","6":"category-noticias","7":"tag-bela-vista","8":"tag-chico-maia","9":"tag-esporte","10":"tag-karate","11":"tag-pac-2","12":"tag-paulo-duarte","13":"tag-posto-de-saude","14":"tag-vander-loubet"},"yoast_head":"<!-- This site is optimized with the Yoast SEO plugin v27.4 - https:\/\/yoast.com\/product\/yoast-seo-wordpress\/ -->\n<title>Em Bela Vista, Vander inaugura obra e participa de evento esportivo<\/title>\n<meta name=\"robots\" content=\"index, follow, max-snippet:-1, max-image-preview:large, max-video-preview:-1\" \/>\n<link rel=\"canonical\" href=\"https:\/\/vanderloubet.com.br\/deputado\/em-bela-vista-vander-inaugura-obra-e-participa-de-evento-esportivo\/\" \/>\n<meta property=\"og:locale\" content=\"pt_BR\" \/>\n<meta property=\"og:type\" content=\"article\" \/>\n<meta property=\"og:title\" content=\"Em Bela Vista, Vander inaugura obra e participa de evento esportivo\" \/>\n<meta property=\"og:description\" content=\"Vander parabenizou o prefeito Chico Maia pela realiza\u00e7\u00e3o do campeonato mundial de karate escolar, evento in\u00e9dito em MS.\" \/>\n<meta property=\"og:url\" content=\"https:\/\/vanderloubet.com.br\/deputado\/em-bela-vista-vander-inaugura-obra-e-participa-de-evento-esportivo\/\" \/>\n<meta property=\"og:site_name\" content=\"Deputado Federal Vander Loubet\" \/>\n<meta property=\"article:publisher\" content=\"https:\/\/facebook.com\/deputadovander\" \/>\n<meta property=\"article:published_time\" content=\"2010-06-28T19:54:16+00:00\" \/>\n<meta property=\"og:image\" content=\"http:\/\/www.deputadovander.com.br\/website\/wp-content\/uploads\/2010\/06\/foto-2010-06-26-visita-belavista-300x200.jpg\" \/>\n<meta name=\"author\" content=\"\u00c9der\" \/>\n<meta name=\"twitter:card\" content=\"summary_large_image\" \/>\n<meta name=\"twitter:creator\" content=\"@vanderloubet\" \/>\n<meta name=\"twitter:site\" content=\"@vanderloubet\" \/>\n<script type=\"application\/ld+json\" class=\"yoast-schema-graph\">{\"@context\":\"https:\\\/\\\/schema.org\",\"@graph\":[{\"@type\":\"Article\",\"@id\":\"https:\\\/\\\/vanderloubet.com.br\\\/deputado\\\/em-bela-vista-vander-inaugura-obra-e-participa-de-evento-esportivo\\\/#article\",\"isPartOf\":{\"@id\":\"https:\\\/\\\/vanderloubet.com.br\\\/deputado\\\/em-bela-vista-vander-inaugura-obra-e-participa-de-evento-esportivo\\\/\"},\"author\":{\"name\":\"\u00c9der\",\"@id\":\"https:\\\/\\\/vanderloubet.com.br\\\/deputado\\\/#\\\/schema\\\/person\\\/15b51bd564532a8a68d9dec1b8eb890e\"},\"headline\":\"Em Bela Vista, Vander inaugura obra e participa de evento esportivo\",\"datePublished\":\"2010-06-28T19:54:16+00:00\",\"mainEntityOfPage\":{\"@id\":\"https:\\\/\\\/vanderloubet.com.br\\\/deputado\\\/em-bela-vista-vander-inaugura-obra-e-participa-de-evento-esportivo\\\/\"},\"wordCount\":393,\"publisher\":{\"@id\":\"https:\\\/\\\/vanderloubet.com.br\\\/deputado\\\/#organization\"},\"image\":{\"@id\":\"https:\\\/\\\/vanderloubet.com.br\\\/deputado\\\/em-bela-vista-vander-inaugura-obra-e-participa-de-evento-esportivo\\\/#primaryimage\"},\"thumbnailUrl\":\"http:\\\/\\\/www.deputadovander.com.br\\\/website\\\/wp-content\\\/uploads\\\/2010\\\/06\\\/foto-2010-06-26-visita-belavista-300x200.jpg\",\"keywords\":[\"bela vista\",\"chico maia\",\"esporte\",\"karat\u00ea\",\"pac 2\",\"paulo duarte\",\"posto de sa\u00fade\",\"vander loubet\"],\"articleSection\":[\"Not\u00edcias\"],\"inLanguage\":\"pt-BR\"},{\"@type\":\"WebPage\",\"@id\":\"https:\\\/\\\/vanderloubet.com.br\\\/deputado\\\/em-bela-vista-vander-inaugura-obra-e-participa-de-evento-esportivo\\\/\",\"url\":\"https:\\\/\\\/vanderloubet.com.br\\\/deputado\\\/em-bela-vista-vander-inaugura-obra-e-participa-de-evento-esportivo\\\/\",\"name\":\"Em Bela Vista, Vander inaugura obra e participa de evento esportivo\",\"isPartOf\":{\"@id\":\"https:\\\/\\\/vanderloubet.com.br\\\/deputado\\\/#website\"},\"primaryImageOfPage\":{\"@id\":\"https:\\\/\\\/vanderloubet.com.br\\\/deputado\\\/em-bela-vista-vander-inaugura-obra-e-participa-de-evento-esportivo\\\/#primaryimage\"},\"image\":{\"@id\":\"https:\\\/\\\/vanderloubet.com.br\\\/deputado\\\/em-bela-vista-vander-inaugura-obra-e-participa-de-evento-esportivo\\\/#primaryimage\"},\"thumbnailUrl\":\"http:\\\/\\\/www.deputadovander.com.br\\\/website\\\/wp-content\\\/uploads\\\/2010\\\/06\\\/foto-2010-06-26-visita-belavista-300x200.jpg\",\"datePublished\":\"2010-06-28T19:54:16+00:00\",\"breadcrumb\":{\"@id\":\"https:\\\/\\\/vanderloubet.com.br\\\/deputado\\\/em-bela-vista-vander-inaugura-obra-e-participa-de-evento-esportivo\\\/#breadcrumb\"},\"inLanguage\":\"pt-BR\",\"potentialAction\":[{\"@type\":\"ReadAction\",\"target\":[\"https:\\\/\\\/vanderloubet.com.br\\\/deputado\\\/em-bela-vista-vander-inaugura-obra-e-participa-de-evento-esportivo\\\/\"]}]},{\"@type\":\"ImageObject\",\"inLanguage\":\"pt-BR\",\"@id\":\"https:\\\/\\\/vanderloubet.com.br\\\/deputado\\\/em-bela-vista-vander-inaugura-obra-e-participa-de-evento-esportivo\\\/#primaryimage\",\"url\":\"http:\\\/\\\/www.deputadovander.com.br\\\/website\\\/wp-content\\\/uploads\\\/2010\\\/06\\\/foto-2010-06-26-visita-belavista-300x200.jpg\",\"contentUrl\":\"http:\\\/\\\/www.deputadovander.com.br\\\/website\\\/wp-content\\\/uploads\\\/2010\\\/06\\\/foto-2010-06-26-visita-belavista-300x200.jpg\"},{\"@type\":\"BreadcrumbList\",\"@id\":\"https:\\\/\\\/vanderloubet.com.br\\\/deputado\\\/em-bela-vista-vander-inaugura-obra-e-participa-de-evento-esportivo\\\/#breadcrumb\",\"itemListElement\":[{\"@type\":\"ListItem\",\"position\":1,\"name\":\"In\u00edcio\",\"item\":\"https:\\\/\\\/vanderloubet.com.br\\\/deputado\\\/\"},{\"@type\":\"ListItem\",\"position\":2,\"name\":\"Em Bela Vista, Vander inaugura obra e participa de evento esportivo\"}]},{\"@type\":\"WebSite\",\"@id\":\"https:\\\/\\\/vanderloubet.com.br\\\/deputado\\\/#website\",\"url\":\"https:\\\/\\\/vanderloubet.com.br\\\/deputado\\\/\",\"name\":\"Deputado Federal Vander Loubet\",\"description\":\"O Federal de MS\",\"publisher\":{\"@id\":\"https:\\\/\\\/vanderloubet.com.br\\\/deputado\\\/#organization\"},\"alternateName\":\"Deputado Vander\",\"potentialAction\":[{\"@type\":\"SearchAction\",\"target\":{\"@type\":\"EntryPoint\",\"urlTemplate\":\"https:\\\/\\\/vanderloubet.com.br\\\/deputado\\\/?s={search_term_string}\"},\"query-input\":{\"@type\":\"PropertyValueSpecification\",\"valueRequired\":true,\"valueName\":\"search_term_string\"}}],\"inLanguage\":\"pt-BR\"},{\"@type\":\"Organization\",\"@id\":\"https:\\\/\\\/vanderloubet.com.br\\\/deputado\\\/#organization\",\"name\":\"Deputado Federal Vander Loubet\",\"alternateName\":\"Deputado Vander\",\"url\":\"https:\\\/\\\/vanderloubet.com.br\\\/deputado\\\/\",\"logo\":{\"@type\":\"ImageObject\",\"inLanguage\":\"pt-BR\",\"@id\":\"https:\\\/\\\/vanderloubet.com.br\\\/deputado\\\/#\\\/schema\\\/logo\\\/image\\\/\",\"url\":\"https:\\\/\\\/vanderloubet.com.br\\\/deputado\\\/wp-content\\\/uploads\\\/2023\\\/06\\\/foto-2023-06-19-mandato-deputado-vander.jpg\",\"contentUrl\":\"https:\\\/\\\/vanderloubet.com.br\\\/deputado\\\/wp-content\\\/uploads\\\/2023\\\/06\\\/foto-2023-06-19-mandato-deputado-vander.jpg\",\"width\":1080,\"height\":1080,\"caption\":\"Deputado Federal Vander Loubet\"},\"image\":{\"@id\":\"https:\\\/\\\/vanderloubet.com.br\\\/deputado\\\/#\\\/schema\\\/logo\\\/image\\\/\"},\"sameAs\":[\"https:\\\/\\\/facebook.com\\\/deputadovander\",\"https:\\\/\\\/x.com\\\/vanderloubet\",\"https:\\\/\\\/instagram.com\\\/vanderloubet\",\"https:\\\/\\\/youtube.com\\\/vanderloubet\",\"https:\\\/\\\/tiktok.com\\\/@vanderloubetms\"]},{\"@type\":\"Person\",\"@id\":\"https:\\\/\\\/vanderloubet.com.br\\\/deputado\\\/#\\\/schema\\\/person\\\/15b51bd564532a8a68d9dec1b8eb890e\",\"name\":\"\u00c9der\",\"image\":{\"@type\":\"ImageObject\",\"inLanguage\":\"pt-BR\",\"@id\":\"https:\\\/\\\/vanderloubet.com.br\\\/deputado\\\/wp-content\\\/litespeed\\\/avatar\\\/88ca4090d9d5ab1c9495f6ca03b68efa.jpg?ver=1777058957\",\"url\":\"https:\\\/\\\/vanderloubet.com.br\\\/deputado\\\/wp-content\\\/litespeed\\\/avatar\\\/88ca4090d9d5ab1c9495f6ca03b68efa.jpg?ver=1777058957\",\"contentUrl\":\"https:\\\/\\\/vanderloubet.com.br\\\/deputado\\\/wp-content\\\/litespeed\\\/avatar\\\/88ca4090d9d5ab1c9495f6ca03b68efa.jpg?ver=1777058957\",\"caption\":\"\u00c9der\"}}]}<\/script>\n<!-- \/ Yoast SEO plugin. -->","yoast_head_json":{"title":"Em Bela Vista, Vander inaugura obra e participa de evento esportivo","robots":{"index":"index","follow":"follow","max-snippet":"max-snippet:-1","max-image-preview":"max-image-preview:large","max-video-preview":"max-video-preview:-1"},"canonical":"https:\/\/vanderloubet.com.br\/deputado\/em-bela-vista-vander-inaugura-obra-e-participa-de-evento-esportivo\/","og_locale":"pt_BR","og_type":"article","og_title":"Em Bela Vista, Vander inaugura obra e participa de evento esportivo","og_description":"Vander parabenizou o prefeito Chico Maia pela realiza\u00e7\u00e3o do campeonato mundial de karate escolar, evento in\u00e9dito em MS.","og_url":"https:\/\/vanderloubet.com.br\/deputado\/em-bela-vista-vander-inaugura-obra-e-participa-de-evento-esportivo\/","og_site_name":"Deputado Federal Vander Loubet","article_publisher":"https:\/\/facebook.com\/deputadovander","article_published_time":"2010-06-28T19:54:16+00:00","og_image":[{"url":"http:\/\/www.deputadovander.com.br\/website\/wp-content\/uploads\/2010\/06\/foto-2010-06-26-visita-belavista-300x200.jpg","type":"","width":"","height":""}],"author":"\u00c9der","twitter_card":"summary_large_image","twitter_creator":"@vanderloubet","twitter_site":"@vanderloubet","schema":{"@context":"https:\/\/schema.org","@graph":[{"@type":"Article","@id":"https:\/\/vanderloubet.com.br\/deputado\/em-bela-vista-vander-inaugura-obra-e-participa-de-evento-esportivo\/#article","isPartOf":{"@id":"https:\/\/vanderloubet.com.br\/deputado\/em-bela-vista-vander-inaugura-obra-e-participa-de-evento-esportivo\/"},"author":{"name":"\u00c9der","@id":"https:\/\/vanderloubet.com.br\/deputado\/#\/schema\/person\/15b51bd564532a8a68d9dec1b8eb890e"},"headline":"Em Bela Vista, Vander inaugura obra e participa de evento esportivo","datePublished":"2010-06-28T19:54:16+00:00","mainEntityOfPage":{"@id":"https:\/\/vanderloubet.com.br\/deputado\/em-bela-vista-vander-inaugura-obra-e-participa-de-evento-esportivo\/"},"wordCount":393,"publisher":{"@id":"https:\/\/vanderloubet.com.br\/deputado\/#organization"},"image":{"@id":"https:\/\/vanderloubet.com.br\/deputado\/em-bela-vista-vander-inaugura-obra-e-participa-de-evento-esportivo\/#primaryimage"},"thumbnailUrl":"http:\/\/www.deputadovander.com.br\/website\/wp-content\/uploads\/2010\/06\/foto-2010-06-26-visita-belavista-300x200.jpg","keywords":["bela vista","chico maia","esporte","karat\u00ea","pac 2","paulo duarte","posto de sa\u00fade","vander loubet"],"articleSection":["Not\u00edcias"],"inLanguage":"pt-BR"},{"@type":"WebPage","@id":"https:\/\/vanderloubet.com.br\/deputado\/em-bela-vista-vander-inaugura-obra-e-participa-de-evento-esportivo\/","url":"https:\/\/vanderloubet.com.br\/deputado\/em-bela-vista-vander-inaugura-obra-e-participa-de-evento-esportivo\/","name":"Em Bela Vista, Vander inaugura obra e participa de evento esportivo","isPartOf":{"@id":"https:\/\/vanderloubet.com.br\/deputado\/#website"},"primaryImageOfPage":{"@id":"https:\/\/vanderloubet.com.br\/deputado\/em-bela-vista-vander-inaugura-obra-e-participa-de-evento-esportivo\/#primaryimage"},"image":{"@id":"https:\/\/vanderloubet.com.br\/deputado\/em-bela-vista-vander-inaugura-obra-e-participa-de-evento-esportivo\/#primaryimage"},"thumbnailUrl":"http:\/\/www.deputadovander.com.br\/website\/wp-content\/uploads\/2010\/06\/foto-2010-06-26-visita-belavista-300x200.jpg","datePublished":"2010-06-28T19:54:16+00:00","breadcrumb":{"@id":"https:\/\/vanderloubet.com.br\/deputado\/em-bela-vista-vander-inaugura-obra-e-participa-de-evento-esportivo\/#breadcrumb"},"inLanguage":"pt-BR","potentialAction":[{"@type":"ReadAction","target":["https:\/\/vanderloubet.com.br\/deputado\/em-bela-vista-vander-inaugura-obra-e-participa-de-evento-esportivo\/"]}]},{"@type":"ImageObject","inLanguage":"pt-BR","@id":"https:\/\/vanderloubet.com.br\/deputado\/em-bela-vista-vander-inaugura-obra-e-participa-de-evento-esportivo\/#primaryimage","url":"http:\/\/www.deputadovander.com.br\/website\/wp-content\/uploads\/2010\/06\/foto-2010-06-26-visita-belavista-300x200.jpg","contentUrl":"http:\/\/www.deputadovander.com.br\/website\/wp-content\/uploads\/2010\/06\/foto-2010-06-26-visita-belavista-300x200.jpg"},{"@type":"BreadcrumbList","@id":"https:\/\/vanderloubet.com.br\/deputado\/em-bela-vista-vander-inaugura-obra-e-participa-de-evento-esportivo\/#breadcrumb","itemListElement":[{"@type":"ListItem","position":1,"name":"In\u00edcio","item":"https:\/\/vanderloubet.com.br\/deputado\/"},{"@type":"ListItem","position":2,"name":"Em Bela Vista, Vander inaugura obra e participa de evento esportivo"}]},{"@type":"WebSite","@id":"https:\/\/vanderloubet.com.br\/deputado\/#website","url":"https:\/\/vanderloubet.com.br\/deputado\/","name":"Deputado Federal Vander Loubet","description":"O Federal de MS","publisher":{"@id":"https:\/\/vanderloubet.com.br\/deputado\/#organization"},"alternateName":"Deputado Vander","potentialAction":[{"@type":"SearchAction","target":{"@type":"EntryPoint","urlTemplate":"https:\/\/vanderloubet.com.br\/deputado\/?s={search_term_string}"},"query-input":{"@type":"PropertyValueSpecification","valueRequired":true,"valueName":"search_term_string"}}],"inLanguage":"pt-BR"},{"@type":"Organization","@id":"https:\/\/vanderloubet.com.br\/deputado\/#organization","name":"Deputado Federal Vander Loubet","alternateName":"Deputado Vander","url":"https:\/\/vanderloubet.com.br\/deputado\/","logo":{"@type":"ImageObject","inLanguage":"pt-BR","@id":"https:\/\/vanderloubet.com.br\/deputado\/#\/schema\/logo\/image\/","url":"https:\/\/vanderloubet.com.br\/deputado\/wp-content\/uploads\/2023\/06\/foto-2023-06-19-mandato-deputado-vander.jpg","contentUrl":"https:\/\/vanderloubet.com.br\/deputado\/wp-content\/uploads\/2023\/06\/foto-2023-06-19-mandato-deputado-vander.jpg","width":1080,"height":1080,"caption":"Deputado Federal Vander Loubet"},"image":{"@id":"https:\/\/vanderloubet.com.br\/deputado\/#\/schema\/logo\/image\/"},"sameAs":["https:\/\/facebook.com\/deputadovander","https:\/\/x.com\/vanderloubet","https:\/\/instagram.com\/vanderloubet","https:\/\/youtube.com\/vanderloubet","https:\/\/tiktok.com\/@vanderloubetms"]},{"@type":"Person","@id":"https:\/\/vanderloubet.com.br\/deputado\/#\/schema\/person\/15b51bd564532a8a68d9dec1b8eb890e","name":"\u00c9der","image":{"@type":"ImageObject","inLanguage":"pt-BR","@id":"https:\/\/vanderloubet.com.br\/deputado\/wp-content\/litespeed\/avatar\/88ca4090d9d5ab1c9495f6ca03b68efa.jpg?ver=1777058957","url":"https:\/\/vanderloubet.com.br\/deputado\/wp-content\/litespeed\/avatar\/88ca4090d9d5ab1c9495f6ca03b68efa.jpg?ver=1777058957","contentUrl":"https:\/\/vanderloubet.com.br\/deputado\/wp-content\/litespeed\/avatar\/88ca4090d9d5ab1c9495f6ca03b68efa.jpg?ver=1777058957","caption":"\u00c9der"}}]}},"jetpack_featured_media_url":"","jetpack_sharing_enabled":true,"_links":{"self":[{"href":"https:\/\/vanderloubet.com.br\/deputado\/wp-json\/wp\/v2\/posts\/1389","targetHints":{"allow":["GET"]}}],"collection":[{"href":"https:\/\/vanderloubet.com.br\/deputado\/wp-json\/wp\/v2\/posts"}],"about":[{"href":"https:\/\/vanderloubet.com.br\/deputado\/wp-json\/wp\/v2\/types\/post"}],"author":[{"embeddable":true,"href":"https:\/\/vanderloubet.com.br\/deputado\/wp-json\/wp\/v2\/users\/2"}],"replies":[{"embeddable":true,"href":"https:\/\/vanderloubet.com.br\/deputado\/wp-json\/wp\/v2\/comments?post=1389"}],"version-history":[{"count":0,"href":"https:\/\/vanderloubet.com.br\/deputado\/wp-json\/wp\/v2\/posts\/1389\/revisions"}],"wp:attachment":[{"href":"https:\/\/vanderloubet.com.br\/deputado\/wp-json\/wp\/v2\/media?parent=1389"}],"wp:term":[{"taxonomy":"category","embeddable":true,"href":"https:\/\/vanderloubet.com.br\/deputado\/wp-json\/wp\/v2\/categories?post=1389"},{"taxonomy":"post_tag","embeddable":true,"href":"https:\/\/vanderloubet.com.br\/deputado\/wp-json\/wp\/v2\/tags?post=1389"}],"curies":[{"name":"wp","href":"https:\/\/api.w.org\/{rel}","templated":true}]}}