{"id":13858,"date":"2018-06-11T08:30:51","date_gmt":"2018-06-11T12:30:51","guid":{"rendered":"http:\/\/vanderloubet.com.br\/deputado\/?p=13858"},"modified":"2018-06-13T15:40:40","modified_gmt":"2018-06-13T19:40:40","slug":"hospital-regional-de-aquidauana-recebe-melhorias-com-emenda-de-vander","status":"publish","type":"post","link":"https:\/\/vanderloubet.com.br\/deputado\/hospital-regional-de-aquidauana-recebe-melhorias-com-emenda-de-vander\/","title":{"rendered":"Hospital Regional de Aquidauana recebe melhorias com emenda de Vander"},"content":{"rendered":"\r\n                <style type=\"text\/css\">\r\n                    \r\n                    #tdi_1  .td-doubleSlider-2 .td-item1 {\r\n                        background: url(https:\/\/vanderloubet.com.br\/deputado\/wp-content\/uploads\/2018\/06\/foto-2018-06-08-hemodialise-aquidauana-01-80x60.jpg) 0 0 no-repeat;\r\n                    }\r\n                    #tdi_1  .td-doubleSlider-2 .td-item2 {\r\n                        background: url(https:\/\/vanderloubet.com.br\/deputado\/wp-content\/uploads\/2018\/06\/foto-2018-06-08-hemodialise-aquidauana-02-80x60.jpg) 0 0 no-repeat;\r\n                    }\r\n                    #tdi_1  .td-doubleSlider-2 .td-item3 {\r\n                        background: url(https:\/\/vanderloubet.com.br\/deputado\/wp-content\/uploads\/2018\/06\/foto-2018-06-08-hemodialise-aquidauana-03-80x60.jpg) 0 0 no-repeat;\r\n                    }\r\n                    #tdi_1  .td-doubleSlider-2 .td-item4 {\r\n                        background: url(https:\/\/vanderloubet.com.br\/deputado\/wp-content\/uploads\/2018\/06\/foto-2018-06-08-hemodialise-aquidauana-04-80x60.jpg) 0 0 no-repeat;\r\n                    }\r\n                <\/style>\r\n\r\n                <div id=\"tdi_1\" class=\"td-gallery td-slide-on-2-columns\">\r\n                    <div class=\"post_td_gallery\">\r\n                        <div class=\"td-gallery-slide-top\">\r\n                           <div class=\"td-gallery-title\"><\/div>\r\n\r\n                            <div class=\"td-gallery-controls-wrapper\">\r\n                                <div class=\"td-gallery-slide-count\"><span class=\"td-gallery-slide-item-focus\">1<\/span> de 4<\/div>\r\n                                <div class=\"td-gallery-slide-prev-next-but\">\r\n                                    <i class = \"td-icon-left doubleSliderPrevButton\"><\/i>\r\n                                    <i class = \"td-icon-right doubleSliderNextButton\"><\/i>\r\n                                <\/div>\r\n                            <\/div>\r\n                        <\/div>\r\n\r\n                        <div class = \"td-doubleSlider-1 \">\r\n                            <div class = \"td-slider\">\r\n                                \r\n                    <div class = \"td-slide-item td-item1\">\r\n                        <figure class=\"td-slide-galery-figure td-slide-popup-gallery\">\r\n                            <a class=\"slide-gallery-image-link\" href=\"https:\/\/vanderloubet.com.br\/deputado\/wp-content\/uploads\/2018\/06\/foto-2018-06-08-hemodialise-aquidauana-01.jpg\" title=\"Vander visitou o hospital na companhia do prefeito, secret\u00e1rios e vereadores\"  data-caption=\"\"  data-description=\"Vander visitou o hospital na companhia do prefeito, secret&aacute;rios e vereadores\">\r\n                                <img decoding=\"async\" src=\"https:\/\/vanderloubet.com.br\/deputado\/wp-content\/uploads\/2018\/06\/foto-2018-06-08-hemodialise-aquidauana-01-630x420.jpg\" srcset=\"https:\/\/vanderloubet.com.br\/deputado\/wp-content\/uploads\/2018\/06\/foto-2018-06-08-hemodialise-aquidauana-01-630x420.jpg 630w, https:\/\/vanderloubet.com.br\/deputado\/wp-content\/uploads\/2018\/06\/foto-2018-06-08-hemodialise-aquidauana-01-350x233.jpg 350w, https:\/\/vanderloubet.com.br\/deputado\/wp-content\/uploads\/2018\/06\/foto-2018-06-08-hemodialise-aquidauana-01-768x512.jpg 768w, https:\/\/vanderloubet.com.br\/deputado\/wp-content\/uploads\/2018\/06\/foto-2018-06-08-hemodialise-aquidauana-01-700x467.jpg 700w, https:\/\/vanderloubet.com.br\/deputado\/wp-content\/uploads\/2018\/06\/foto-2018-06-08-hemodialise-aquidauana-01-696x464.jpg 696w, https:\/\/vanderloubet.com.br\/deputado\/wp-content\/uploads\/2018\/06\/foto-2018-06-08-hemodialise-aquidauana-01.jpg 960w\" sizes=\"(max-width: 630px) 100vw, 630px\" alt=\"Vander visitou o hospital na companhia do prefeito, secret&aacute;rios e vereadores\">\r\n                            <\/a>\r\n                            <figcaption class = \"td-slide-caption td-gallery-slide-content\"><span>Vander visitou o hospital na companhia do prefeito, secret\u00e1rios e vereadores<\/span><\/figcaption>\r\n                        <\/figure>\r\n                    <\/div>\r\n                    <div class = \"td-slide-item td-item2\">\r\n                        <figure class=\"td-slide-galery-figure td-slide-popup-gallery\">\r\n                            <a class=\"slide-gallery-image-link\" href=\"https:\/\/vanderloubet.com.br\/deputado\/wp-content\/uploads\/2018\/06\/foto-2018-06-08-hemodialise-aquidauana-02.jpg\" title=\"Novos equipamentos e melhorias v\u00e3o permitir melhor atendimento dos pacientes\"  data-caption=\"\"  data-description=\"Novos equipamentos e melhorias v&atilde;o permitir melhor atendimento dos pacientes\">\r\n                                <img decoding=\"async\" src=\"https:\/\/vanderloubet.com.br\/deputado\/wp-content\/uploads\/2018\/06\/foto-2018-06-08-hemodialise-aquidauana-02-630x420.jpg\" srcset=\"https:\/\/vanderloubet.com.br\/deputado\/wp-content\/uploads\/2018\/06\/foto-2018-06-08-hemodialise-aquidauana-02-630x420.jpg 630w, https:\/\/vanderloubet.com.br\/deputado\/wp-content\/uploads\/2018\/06\/foto-2018-06-08-hemodialise-aquidauana-02-350x233.jpg 350w, https:\/\/vanderloubet.com.br\/deputado\/wp-content\/uploads\/2018\/06\/foto-2018-06-08-hemodialise-aquidauana-02-768x512.jpg 768w, https:\/\/vanderloubet.com.br\/deputado\/wp-content\/uploads\/2018\/06\/foto-2018-06-08-hemodialise-aquidauana-02-700x467.jpg 700w, https:\/\/vanderloubet.com.br\/deputado\/wp-content\/uploads\/2018\/06\/foto-2018-06-08-hemodialise-aquidauana-02-696x464.jpg 696w, https:\/\/vanderloubet.com.br\/deputado\/wp-content\/uploads\/2018\/06\/foto-2018-06-08-hemodialise-aquidauana-02.jpg 960w\" sizes=\"(max-width: 630px) 100vw, 630px\" alt=\"Novos equipamentos e melhorias v&atilde;o permitir melhor atendimento dos pacientes\">\r\n                            <\/a>\r\n                            <figcaption class = \"td-slide-caption td-gallery-slide-content\"><span>Novos equipamentos e melhorias v\u00e3o permitir melhor atendimento dos pacientes<\/span><\/figcaption>\r\n                        <\/figure>\r\n                    <\/div>\r\n                    <div class = \"td-slide-item td-item3\">\r\n                        <figure class=\"td-slide-galery-figure td-slide-popup-gallery\">\r\n                            <a class=\"slide-gallery-image-link\" href=\"https:\/\/vanderloubet.com.br\/deputado\/wp-content\/uploads\/2018\/06\/foto-2018-06-08-hemodialise-aquidauana-03.jpg\" title=\"Novos equipamentos e melhorias v\u00e3o permitir melhor atendimento dos pacientes\"  data-caption=\"\"  data-description=\"Novos equipamentos e melhorias v&atilde;o permitir melhor atendimento dos pacientes\">\r\n                                <img decoding=\"async\" src=\"https:\/\/vanderloubet.com.br\/deputado\/wp-content\/uploads\/2018\/06\/foto-2018-06-08-hemodialise-aquidauana-03-630x420.jpg\" srcset=\"https:\/\/vanderloubet.com.br\/deputado\/wp-content\/uploads\/2018\/06\/foto-2018-06-08-hemodialise-aquidauana-03-630x420.jpg 630w, https:\/\/vanderloubet.com.br\/deputado\/wp-content\/uploads\/2018\/06\/foto-2018-06-08-hemodialise-aquidauana-03-350x233.jpg 350w, https:\/\/vanderloubet.com.br\/deputado\/wp-content\/uploads\/2018\/06\/foto-2018-06-08-hemodialise-aquidauana-03-768x512.jpg 768w, https:\/\/vanderloubet.com.br\/deputado\/wp-content\/uploads\/2018\/06\/foto-2018-06-08-hemodialise-aquidauana-03-700x467.jpg 700w, https:\/\/vanderloubet.com.br\/deputado\/wp-content\/uploads\/2018\/06\/foto-2018-06-08-hemodialise-aquidauana-03-696x464.jpg 696w, https:\/\/vanderloubet.com.br\/deputado\/wp-content\/uploads\/2018\/06\/foto-2018-06-08-hemodialise-aquidauana-03.jpg 960w\" sizes=\"(max-width: 630px) 100vw, 630px\" alt=\"Novos equipamentos e melhorias v&atilde;o permitir melhor atendimento dos pacientes\">\r\n                            <\/a>\r\n                            <figcaption class = \"td-slide-caption td-gallery-slide-content\"><span>Novos equipamentos e melhorias v\u00e3o permitir melhor atendimento dos pacientes<\/span><\/figcaption>\r\n                        <\/figure>\r\n                    <\/div>\r\n                    <div class = \"td-slide-item td-item4\">\r\n                        <figure class=\"td-slide-galery-figure td-slide-popup-gallery\">\r\n                            <a class=\"slide-gallery-image-link\" href=\"https:\/\/vanderloubet.com.br\/deputado\/wp-content\/uploads\/2018\/06\/foto-2018-06-08-hemodialise-aquidauana-04.jpg\" title=\"Vander visitou o hospital na companhia do prefeito, secret\u00e1rios e vereadores\"  data-caption=\"\"  data-description=\"Vander visitou o hospital na companhia do prefeito, secret&aacute;rios e vereadores\">\r\n                                <img decoding=\"async\" src=\"https:\/\/vanderloubet.com.br\/deputado\/wp-content\/uploads\/2018\/06\/foto-2018-06-08-hemodialise-aquidauana-04-630x420.jpg\" srcset=\"https:\/\/vanderloubet.com.br\/deputado\/wp-content\/uploads\/2018\/06\/foto-2018-06-08-hemodialise-aquidauana-04-630x420.jpg 630w, https:\/\/vanderloubet.com.br\/deputado\/wp-content\/uploads\/2018\/06\/foto-2018-06-08-hemodialise-aquidauana-04-350x233.jpg 350w, https:\/\/vanderloubet.com.br\/deputado\/wp-content\/uploads\/2018\/06\/foto-2018-06-08-hemodialise-aquidauana-04-768x512.jpg 768w, https:\/\/vanderloubet.com.br\/deputado\/wp-content\/uploads\/2018\/06\/foto-2018-06-08-hemodialise-aquidauana-04-700x467.jpg 700w, https:\/\/vanderloubet.com.br\/deputado\/wp-content\/uploads\/2018\/06\/foto-2018-06-08-hemodialise-aquidauana-04-696x464.jpg 696w, https:\/\/vanderloubet.com.br\/deputado\/wp-content\/uploads\/2018\/06\/foto-2018-06-08-hemodialise-aquidauana-04.jpg 960w\" sizes=\"(max-width: 630px) 100vw, 630px\" alt=\"Vander visitou o hospital na companhia do prefeito, secret&aacute;rios e vereadores\">\r\n                            <\/a>\r\n                            <figcaption class = \"td-slide-caption td-gallery-slide-content\"><span>Vander visitou o hospital na companhia do prefeito, secret\u00e1rios e vereadores<\/span><\/figcaption>\r\n                        <\/figure>\r\n                    <\/div>\r\n                            <\/div>\r\n                        <\/div>\r\n\r\n                        <div class = \"td-doubleSlider-2\">\r\n                            <div class = \"td-slider\">\r\n                                \r\n                    <div class = \"td-button td-item1\">\r\n                        <div class = \"td-border\"><\/div>\r\n                    <\/div>\r\n                    <div class = \"td-button td-item2\">\r\n                        <div class = \"td-border\"><\/div>\r\n                    <\/div>\r\n                    <div class = \"td-button td-item3\">\r\n                        <div class = \"td-border\"><\/div>\r\n                    <\/div>\r\n                    <div class = \"td-button td-item4\">\r\n                        <div class = \"td-border\"><\/div>\r\n                    <\/div>\r\n                            <\/div>\r\n                        <\/div>\r\n\r\n                    <\/div>\r\n\r\n                <\/div>\r\n                \n<p><strong><em><a href=\"https:\/\/photos.app.goo.gl\/HGYH2RLj6DgzFDvE8\" rel=\"noopener\" target=\"_blank\">Veja todas as fotos aqui.<\/a><\/em><\/strong><\/p>\n<p>O Hospital Regional de Aquidauana &#8220;Dr. Est\u00e1cio Muniz&#8221; recebeu no dia 8 de junho R$ 550 mil em equipamentos e melhorias para o setor de hemodi\u00e1lise, fortalecendo e qualificando mais o atendimento que \u00e9 prestado a centenas de pacientes. A entrega foi feita pelo o prefeito Odilon Ribeiro e pelo deputado federal Vander Loubet, autor da emenda parlamentar que garantiu as benfeitorias para o hospital.<\/p>\n<p>Odilon, em nome de toda a equipe do hospital e junto aos pacientes na hemodi\u00e1lise, agradeceu ao deputado Vander pela emenda, mostrou tudo o que foi poss\u00edvel adquirir com o recurso destinado e frisou que &#8220;\u00e9 um ganho para o munic\u00edpio ter na C\u00e2mara Federal um deputado que sabe como ajudar a cidade&#8221;.<\/p>\n<p>&#8220;O munic\u00edpio s\u00f3 com a sua arrecada\u00e7\u00e3o n\u00e3o tem condi\u00e7\u00f5es de fazer todos os custeios e investimentos necess\u00e1rios na sa\u00fade. Receber uma emenda dessa, para atender a hemodi\u00e1lise, onde centenas de pacientes dependem dessas m\u00e1quinas para sobreviver, \u00e9 muito gratificante para n\u00f3s, \u00e9 uma ajuda muito significativa&#8221;, afirmou o prefeito.<\/p>\n<p>Foram adquiridos: tecidos hospitalares, 10 monitores multipar\u00e2metros, quatro bebedouros de 25 litros em a\u00e7o inox, uma seladora a v\u00e1cuo, um esterilizador, dois reservat\u00f3rios de \u00e1gua de 10 mil litros, grades de prote\u00e7\u00e3o e port\u00e3o de acesso aos reservat\u00f3rios de \u00e1gua, quatro ventiladores pulmonares, dois Cough Assistente E70 (aparelhos para eliminar secre\u00e7\u00f5es das vias a\u00e9reas respirat\u00f3rias), um sistema de reservat\u00f3rio de \u00e1gua, duas macas e sete frascos para aspira\u00e7\u00e3o.<\/p>\n<p>Com o recurso disponibilizado na emenda, a Dire\u00e7\u00e3o do hospital tamb\u00e9m adquiriu materiais de consumo para uso na hemodi\u00e1lise, materiais de constru\u00e7\u00e3o para a base de concreto dos reservat\u00f3rios de \u00e1gua da hemodi\u00e1lise, reformou poltronas para pacientes do setor, executou servi\u00e7o de amplia\u00e7\u00e3o do sistema de gera\u00e7\u00e3o de ar medicinal, fez a adequa\u00e7\u00e3o na infraestrutura da sala de tratamento de \u00e1gua e providenciou instala\u00e7\u00e3o el\u00e9trica da central e materiais esterilizados.<\/p>\n<p>&#8220;Estou muito feliz com o que vi no Hospital Regional de Aquidauana. O servi\u00e7o \u00e9 organizado, tem qualidade e atendimento com educa\u00e7\u00e3o pela equipe. Ando o MS todo e j\u00e1 vi situa\u00e7\u00f5es extremamente dif\u00edceis nos hospitais. Aqui, as dificuldades tamb\u00e9m existem, o hospital \u00e9 grande e demanda muito dinheiro para manter. Mas, \u00e9 claro e vis\u00edvel que a Administra\u00e7\u00e3o Municipal e a gest\u00e3o do hospital t\u00eam gerido essa estrutura com consci\u00eancia e responsabilidade&#8221;, pontuou o deputado Vander.<\/p>\n<p>Durante a visita aos setores do hospital, ao lado do prefeito e do secret\u00e1rio municipal de Sa\u00fade, Eduardo Moraes, Vander Loubet explicou que estar\u00e1 viabilizando mais uma ajuda financeira em emenda para o custeio do servi\u00e7o de sa\u00fade no munic\u00edpio.<\/p>\n<p>Acompanharam a visita ao hospital a primeira-dama Maria Eliza, o diretor administrativo do hospital, Joacir Gomes; os secret\u00e1rios municipais, imprensa local e os vereadores Valter Neves, Anderson Meireles, Cl\u00e1udio Alvi\u00e7o, Gabriel Silv\u00e9rio, Aguinaldo da Silva, Marcelo Garcia e Youssef Saliba.<\/p>\n<p><em>(Fonte: Agecom\/Prefeitura de Aquidauana)<\/em><\/p>\n","protected":false},"excerpt":{"rendered":"<p>Setor de hemodi\u00e1lise recebeu novos equipamentos e outros materiais que somam investimento de R$ 550 mil.<\/p>\n","protected":false},"author":2,"featured_media":13835,"comment_status":"closed","ping_status":"closed","sticky":false,"template":"","format":"standard","meta":{"jetpack_post_was_ever_published":false,"_jetpack_newsletter_access":"","_jetpack_dont_email_post_to_subs":false,"_jetpack_newsletter_tier_id":0,"_jetpack_memberships_contains_paywalled_content":false,"_jetpack_memberships_contains_paid_content":false,"footnotes":""},"categories":[2097,10],"tags":[2127,1803],"class_list":{"0":"post-13858","1":"post","2":"type-post","3":"status-publish","4":"format-standard","5":"has-post-thumbnail","7":"category-municipios-noticias","8":"category-noticias","9":"tag-emenda-parlamentar","10":"tag-saude"},"yoast_head":"<!-- This site is optimized with the Yoast SEO plugin v27.4 - https:\/\/yoast.com\/product\/yoast-seo-wordpress\/ -->\n<title>Hospital Regional de Aquidauana recebe melhorias com emenda de Vander<\/title>\n<meta name=\"robots\" content=\"index, follow, max-snippet:-1, max-image-preview:large, max-video-preview:-1\" \/>\n<link rel=\"canonical\" href=\"https:\/\/vanderloubet.com.br\/deputado\/hospital-regional-de-aquidauana-recebe-melhorias-com-emenda-de-vander\/\" \/>\n<meta property=\"og:locale\" content=\"pt_BR\" \/>\n<meta property=\"og:type\" content=\"article\" \/>\n<meta property=\"og:title\" content=\"Hospital Regional de Aquidauana recebe melhorias com emenda de Vander\" \/>\n<meta property=\"og:description\" content=\"Setor de hemodi\u00e1lise recebeu novos equipamentos e outros materiais que somam investimento de R$ 550 mil.\" \/>\n<meta property=\"og:url\" content=\"https:\/\/vanderloubet.com.br\/deputado\/hospital-regional-de-aquidauana-recebe-melhorias-com-emenda-de-vander\/\" \/>\n<meta property=\"og:site_name\" content=\"Deputado Federal Vander Loubet\" \/>\n<meta property=\"article:publisher\" content=\"https:\/\/facebook.com\/deputadovander\" \/>\n<meta property=\"article:published_time\" content=\"2018-06-11T12:30:51+00:00\" \/>\n<meta property=\"article:modified_time\" content=\"2018-06-13T19:40:40+00:00\" \/>\n<meta property=\"og:image\" content=\"https:\/\/vanderloubet.com.br\/deputado\/wp-content\/uploads\/2018\/06\/foto-2018-06-08-hemodialise-aquidauana-02.jpg\" \/>\n\t<meta property=\"og:image:width\" content=\"960\" \/>\n\t<meta property=\"og:image:height\" content=\"640\" \/>\n\t<meta property=\"og:image:type\" content=\"image\/jpeg\" \/>\n<meta name=\"author\" content=\"\u00c9der\" \/>\n<meta name=\"twitter:card\" content=\"summary_large_image\" \/>\n<meta name=\"twitter:creator\" content=\"@vanderloubet\" \/>\n<meta name=\"twitter:site\" content=\"@vanderloubet\" \/>\n<script type=\"application\/ld+json\" class=\"yoast-schema-graph\">{\"@context\":\"https:\\\/\\\/schema.org\",\"@graph\":[{\"@type\":\"Article\",\"@id\":\"https:\\\/\\\/vanderloubet.com.br\\\/deputado\\\/hospital-regional-de-aquidauana-recebe-melhorias-com-emenda-de-vander\\\/#article\",\"isPartOf\":{\"@id\":\"https:\\\/\\\/vanderloubet.com.br\\\/deputado\\\/hospital-regional-de-aquidauana-recebe-melhorias-com-emenda-de-vander\\\/\"},\"author\":{\"name\":\"\u00c9der\",\"@id\":\"https:\\\/\\\/vanderloubet.com.br\\\/deputado\\\/#\\\/schema\\\/person\\\/15b51bd564532a8a68d9dec1b8eb890e\"},\"headline\":\"Hospital Regional de Aquidauana recebe melhorias com emenda de Vander\",\"datePublished\":\"2018-06-11T12:30:51+00:00\",\"dateModified\":\"2018-06-13T19:40:40+00:00\",\"mainEntityOfPage\":{\"@id\":\"https:\\\/\\\/vanderloubet.com.br\\\/deputado\\\/hospital-regional-de-aquidauana-recebe-melhorias-com-emenda-de-vander\\\/\"},\"wordCount\":538,\"publisher\":{\"@id\":\"https:\\\/\\\/vanderloubet.com.br\\\/deputado\\\/#organization\"},\"image\":{\"@id\":\"https:\\\/\\\/vanderloubet.com.br\\\/deputado\\\/hospital-regional-de-aquidauana-recebe-melhorias-com-emenda-de-vander\\\/#primaryimage\"},\"thumbnailUrl\":\"https:\\\/\\\/vanderloubet.com.br\\\/deputado\\\/wp-content\\\/uploads\\\/2018\\\/06\\\/foto-2018-06-08-hemodialise-aquidauana-02.jpg\",\"keywords\":[\"emenda parlamentar\",\"sa\u00fade\"],\"articleSection\":[\"Munic\u00edpios\",\"Not\u00edcias\"],\"inLanguage\":\"pt-BR\"},{\"@type\":\"WebPage\",\"@id\":\"https:\\\/\\\/vanderloubet.com.br\\\/deputado\\\/hospital-regional-de-aquidauana-recebe-melhorias-com-emenda-de-vander\\\/\",\"url\":\"https:\\\/\\\/vanderloubet.com.br\\\/deputado\\\/hospital-regional-de-aquidauana-recebe-melhorias-com-emenda-de-vander\\\/\",\"name\":\"Hospital Regional de Aquidauana recebe melhorias com emenda de Vander\",\"isPartOf\":{\"@id\":\"https:\\\/\\\/vanderloubet.com.br\\\/deputado\\\/#website\"},\"primaryImageOfPage\":{\"@id\":\"https:\\\/\\\/vanderloubet.com.br\\\/deputado\\\/hospital-regional-de-aquidauana-recebe-melhorias-com-emenda-de-vander\\\/#primaryimage\"},\"image\":{\"@id\":\"https:\\\/\\\/vanderloubet.com.br\\\/deputado\\\/hospital-regional-de-aquidauana-recebe-melhorias-com-emenda-de-vander\\\/#primaryimage\"},\"thumbnailUrl\":\"https:\\\/\\\/vanderloubet.com.br\\\/deputado\\\/wp-content\\\/uploads\\\/2018\\\/06\\\/foto-2018-06-08-hemodialise-aquidauana-02.jpg\",\"datePublished\":\"2018-06-11T12:30:51+00:00\",\"dateModified\":\"2018-06-13T19:40:40+00:00\",\"breadcrumb\":{\"@id\":\"https:\\\/\\\/vanderloubet.com.br\\\/deputado\\\/hospital-regional-de-aquidauana-recebe-melhorias-com-emenda-de-vander\\\/#breadcrumb\"},\"inLanguage\":\"pt-BR\",\"potentialAction\":[{\"@type\":\"ReadAction\",\"target\":[\"https:\\\/\\\/vanderloubet.com.br\\\/deputado\\\/hospital-regional-de-aquidauana-recebe-melhorias-com-emenda-de-vander\\\/\"]}]},{\"@type\":\"ImageObject\",\"inLanguage\":\"pt-BR\",\"@id\":\"https:\\\/\\\/vanderloubet.com.br\\\/deputado\\\/hospital-regional-de-aquidauana-recebe-melhorias-com-emenda-de-vander\\\/#primaryimage\",\"url\":\"https:\\\/\\\/vanderloubet.com.br\\\/deputado\\\/wp-content\\\/uploads\\\/2018\\\/06\\\/foto-2018-06-08-hemodialise-aquidauana-02.jpg\",\"contentUrl\":\"https:\\\/\\\/vanderloubet.com.br\\\/deputado\\\/wp-content\\\/uploads\\\/2018\\\/06\\\/foto-2018-06-08-hemodialise-aquidauana-02.jpg\",\"width\":960,\"height\":640,\"caption\":\"Novos equipamentos e melhorias v\u00e3o permitir melhor atendimento dos pacientes\"},{\"@type\":\"BreadcrumbList\",\"@id\":\"https:\\\/\\\/vanderloubet.com.br\\\/deputado\\\/hospital-regional-de-aquidauana-recebe-melhorias-com-emenda-de-vander\\\/#breadcrumb\",\"itemListElement\":[{\"@type\":\"ListItem\",\"position\":1,\"name\":\"In\u00edcio\",\"item\":\"https:\\\/\\\/vanderloubet.com.br\\\/deputado\\\/\"},{\"@type\":\"ListItem\",\"position\":2,\"name\":\"Hospital Regional de Aquidauana recebe melhorias com emenda de Vander\"}]},{\"@type\":\"WebSite\",\"@id\":\"https:\\\/\\\/vanderloubet.com.br\\\/deputado\\\/#website\",\"url\":\"https:\\\/\\\/vanderloubet.com.br\\\/deputado\\\/\",\"name\":\"Deputado Federal Vander Loubet\",\"description\":\"O Federal de MS\",\"publisher\":{\"@id\":\"https:\\\/\\\/vanderloubet.com.br\\\/deputado\\\/#organization\"},\"alternateName\":\"Deputado Vander\",\"potentialAction\":[{\"@type\":\"SearchAction\",\"target\":{\"@type\":\"EntryPoint\",\"urlTemplate\":\"https:\\\/\\\/vanderloubet.com.br\\\/deputado\\\/?s={search_term_string}\"},\"query-input\":{\"@type\":\"PropertyValueSpecification\",\"valueRequired\":true,\"valueName\":\"search_term_string\"}}],\"inLanguage\":\"pt-BR\"},{\"@type\":\"Organization\",\"@id\":\"https:\\\/\\\/vanderloubet.com.br\\\/deputado\\\/#organization\",\"name\":\"Deputado Federal Vander Loubet\",\"alternateName\":\"Deputado Vander\",\"url\":\"https:\\\/\\\/vanderloubet.com.br\\\/deputado\\\/\",\"logo\":{\"@type\":\"ImageObject\",\"inLanguage\":\"pt-BR\",\"@id\":\"https:\\\/\\\/vanderloubet.com.br\\\/deputado\\\/#\\\/schema\\\/logo\\\/image\\\/\",\"url\":\"https:\\\/\\\/vanderloubet.com.br\\\/deputado\\\/wp-content\\\/uploads\\\/2023\\\/06\\\/foto-2023-06-19-mandato-deputado-vander.jpg\",\"contentUrl\":\"https:\\\/\\\/vanderloubet.com.br\\\/deputado\\\/wp-content\\\/uploads\\\/2023\\\/06\\\/foto-2023-06-19-mandato-deputado-vander.jpg\",\"width\":1080,\"height\":1080,\"caption\":\"Deputado Federal Vander Loubet\"},\"image\":{\"@id\":\"https:\\\/\\\/vanderloubet.com.br\\\/deputado\\\/#\\\/schema\\\/logo\\\/image\\\/\"},\"sameAs\":[\"https:\\\/\\\/facebook.com\\\/deputadovander\",\"https:\\\/\\\/x.com\\\/vanderloubet\",\"https:\\\/\\\/instagram.com\\\/vanderloubet\",\"https:\\\/\\\/youtube.com\\\/vanderloubet\",\"https:\\\/\\\/tiktok.com\\\/@vanderloubetms\"]},{\"@type\":\"Person\",\"@id\":\"https:\\\/\\\/vanderloubet.com.br\\\/deputado\\\/#\\\/schema\\\/person\\\/15b51bd564532a8a68d9dec1b8eb890e\",\"name\":\"\u00c9der\",\"image\":{\"@type\":\"ImageObject\",\"inLanguage\":\"pt-BR\",\"@id\":\"https:\\\/\\\/vanderloubet.com.br\\\/deputado\\\/wp-content\\\/litespeed\\\/avatar\\\/88ca4090d9d5ab1c9495f6ca03b68efa.jpg?ver=1777058957\",\"url\":\"https:\\\/\\\/vanderloubet.com.br\\\/deputado\\\/wp-content\\\/litespeed\\\/avatar\\\/88ca4090d9d5ab1c9495f6ca03b68efa.jpg?ver=1777058957\",\"contentUrl\":\"https:\\\/\\\/vanderloubet.com.br\\\/deputado\\\/wp-content\\\/litespeed\\\/avatar\\\/88ca4090d9d5ab1c9495f6ca03b68efa.jpg?ver=1777058957\",\"caption\":\"\u00c9der\"}}]}<\/script>\n<!-- \/ Yoast SEO plugin. -->","yoast_head_json":{"title":"Hospital Regional de Aquidauana recebe melhorias com emenda de Vander","robots":{"index":"index","follow":"follow","max-snippet":"max-snippet:-1","max-image-preview":"max-image-preview:large","max-video-preview":"max-video-preview:-1"},"canonical":"https:\/\/vanderloubet.com.br\/deputado\/hospital-regional-de-aquidauana-recebe-melhorias-com-emenda-de-vander\/","og_locale":"pt_BR","og_type":"article","og_title":"Hospital Regional de Aquidauana recebe melhorias com emenda de Vander","og_description":"Setor de hemodi\u00e1lise recebeu novos equipamentos e outros materiais que somam investimento de R$ 550 mil.","og_url":"https:\/\/vanderloubet.com.br\/deputado\/hospital-regional-de-aquidauana-recebe-melhorias-com-emenda-de-vander\/","og_site_name":"Deputado Federal Vander Loubet","article_publisher":"https:\/\/facebook.com\/deputadovander","article_published_time":"2018-06-11T12:30:51+00:00","article_modified_time":"2018-06-13T19:40:40+00:00","og_image":[{"width":960,"height":640,"url":"https:\/\/vanderloubet.com.br\/deputado\/wp-content\/uploads\/2018\/06\/foto-2018-06-08-hemodialise-aquidauana-02.jpg","type":"image\/jpeg"}],"author":"\u00c9der","twitter_card":"summary_large_image","twitter_creator":"@vanderloubet","twitter_site":"@vanderloubet","schema":{"@context":"https:\/\/schema.org","@graph":[{"@type":"Article","@id":"https:\/\/vanderloubet.com.br\/deputado\/hospital-regional-de-aquidauana-recebe-melhorias-com-emenda-de-vander\/#article","isPartOf":{"@id":"https:\/\/vanderloubet.com.br\/deputado\/hospital-regional-de-aquidauana-recebe-melhorias-com-emenda-de-vander\/"},"author":{"name":"\u00c9der","@id":"https:\/\/vanderloubet.com.br\/deputado\/#\/schema\/person\/15b51bd564532a8a68d9dec1b8eb890e"},"headline":"Hospital Regional de Aquidauana recebe melhorias com emenda de Vander","datePublished":"2018-06-11T12:30:51+00:00","dateModified":"2018-06-13T19:40:40+00:00","mainEntityOfPage":{"@id":"https:\/\/vanderloubet.com.br\/deputado\/hospital-regional-de-aquidauana-recebe-melhorias-com-emenda-de-vander\/"},"wordCount":538,"publisher":{"@id":"https:\/\/vanderloubet.com.br\/deputado\/#organization"},"image":{"@id":"https:\/\/vanderloubet.com.br\/deputado\/hospital-regional-de-aquidauana-recebe-melhorias-com-emenda-de-vander\/#primaryimage"},"thumbnailUrl":"https:\/\/vanderloubet.com.br\/deputado\/wp-content\/uploads\/2018\/06\/foto-2018-06-08-hemodialise-aquidauana-02.jpg","keywords":["emenda parlamentar","sa\u00fade"],"articleSection":["Munic\u00edpios","Not\u00edcias"],"inLanguage":"pt-BR"},{"@type":"WebPage","@id":"https:\/\/vanderloubet.com.br\/deputado\/hospital-regional-de-aquidauana-recebe-melhorias-com-emenda-de-vander\/","url":"https:\/\/vanderloubet.com.br\/deputado\/hospital-regional-de-aquidauana-recebe-melhorias-com-emenda-de-vander\/","name":"Hospital Regional de Aquidauana recebe melhorias com emenda de Vander","isPartOf":{"@id":"https:\/\/vanderloubet.com.br\/deputado\/#website"},"primaryImageOfPage":{"@id":"https:\/\/vanderloubet.com.br\/deputado\/hospital-regional-de-aquidauana-recebe-melhorias-com-emenda-de-vander\/#primaryimage"},"image":{"@id":"https:\/\/vanderloubet.com.br\/deputado\/hospital-regional-de-aquidauana-recebe-melhorias-com-emenda-de-vander\/#primaryimage"},"thumbnailUrl":"https:\/\/vanderloubet.com.br\/deputado\/wp-content\/uploads\/2018\/06\/foto-2018-06-08-hemodialise-aquidauana-02.jpg","datePublished":"2018-06-11T12:30:51+00:00","dateModified":"2018-06-13T19:40:40+00:00","breadcrumb":{"@id":"https:\/\/vanderloubet.com.br\/deputado\/hospital-regional-de-aquidauana-recebe-melhorias-com-emenda-de-vander\/#breadcrumb"},"inLanguage":"pt-BR","potentialAction":[{"@type":"ReadAction","target":["https:\/\/vanderloubet.com.br\/deputado\/hospital-regional-de-aquidauana-recebe-melhorias-com-emenda-de-vander\/"]}]},{"@type":"ImageObject","inLanguage":"pt-BR","@id":"https:\/\/vanderloubet.com.br\/deputado\/hospital-regional-de-aquidauana-recebe-melhorias-com-emenda-de-vander\/#primaryimage","url":"https:\/\/vanderloubet.com.br\/deputado\/wp-content\/uploads\/2018\/06\/foto-2018-06-08-hemodialise-aquidauana-02.jpg","contentUrl":"https:\/\/vanderloubet.com.br\/deputado\/wp-content\/uploads\/2018\/06\/foto-2018-06-08-hemodialise-aquidauana-02.jpg","width":960,"height":640,"caption":"Novos equipamentos e melhorias v\u00e3o permitir melhor atendimento dos pacientes"},{"@type":"BreadcrumbList","@id":"https:\/\/vanderloubet.com.br\/deputado\/hospital-regional-de-aquidauana-recebe-melhorias-com-emenda-de-vander\/#breadcrumb","itemListElement":[{"@type":"ListItem","position":1,"name":"In\u00edcio","item":"https:\/\/vanderloubet.com.br\/deputado\/"},{"@type":"ListItem","position":2,"name":"Hospital Regional de Aquidauana recebe melhorias com emenda de Vander"}]},{"@type":"WebSite","@id":"https:\/\/vanderloubet.com.br\/deputado\/#website","url":"https:\/\/vanderloubet.com.br\/deputado\/","name":"Deputado Federal Vander Loubet","description":"O Federal de MS","publisher":{"@id":"https:\/\/vanderloubet.com.br\/deputado\/#organization"},"alternateName":"Deputado Vander","potentialAction":[{"@type":"SearchAction","target":{"@type":"EntryPoint","urlTemplate":"https:\/\/vanderloubet.com.br\/deputado\/?s={search_term_string}"},"query-input":{"@type":"PropertyValueSpecification","valueRequired":true,"valueName":"search_term_string"}}],"inLanguage":"pt-BR"},{"@type":"Organization","@id":"https:\/\/vanderloubet.com.br\/deputado\/#organization","name":"Deputado Federal Vander Loubet","alternateName":"Deputado Vander","url":"https:\/\/vanderloubet.com.br\/deputado\/","logo":{"@type":"ImageObject","inLanguage":"pt-BR","@id":"https:\/\/vanderloubet.com.br\/deputado\/#\/schema\/logo\/image\/","url":"https:\/\/vanderloubet.com.br\/deputado\/wp-content\/uploads\/2023\/06\/foto-2023-06-19-mandato-deputado-vander.jpg","contentUrl":"https:\/\/vanderloubet.com.br\/deputado\/wp-content\/uploads\/2023\/06\/foto-2023-06-19-mandato-deputado-vander.jpg","width":1080,"height":1080,"caption":"Deputado Federal Vander Loubet"},"image":{"@id":"https:\/\/vanderloubet.com.br\/deputado\/#\/schema\/logo\/image\/"},"sameAs":["https:\/\/facebook.com\/deputadovander","https:\/\/x.com\/vanderloubet","https:\/\/instagram.com\/vanderloubet","https:\/\/youtube.com\/vanderloubet","https:\/\/tiktok.com\/@vanderloubetms"]},{"@type":"Person","@id":"https:\/\/vanderloubet.com.br\/deputado\/#\/schema\/person\/15b51bd564532a8a68d9dec1b8eb890e","name":"\u00c9der","image":{"@type":"ImageObject","inLanguage":"pt-BR","@id":"https:\/\/vanderloubet.com.br\/deputado\/wp-content\/litespeed\/avatar\/88ca4090d9d5ab1c9495f6ca03b68efa.jpg?ver=1777058957","url":"https:\/\/vanderloubet.com.br\/deputado\/wp-content\/litespeed\/avatar\/88ca4090d9d5ab1c9495f6ca03b68efa.jpg?ver=1777058957","contentUrl":"https:\/\/vanderloubet.com.br\/deputado\/wp-content\/litespeed\/avatar\/88ca4090d9d5ab1c9495f6ca03b68efa.jpg?ver=1777058957","caption":"\u00c9der"}}]}},"jetpack_featured_media_url":"https:\/\/vanderloubet.com.br\/deputado\/wp-content\/uploads\/2018\/06\/foto-2018-06-08-hemodialise-aquidauana-02.jpg","jetpack_sharing_enabled":true,"_links":{"self":[{"href":"https:\/\/vanderloubet.com.br\/deputado\/wp-json\/wp\/v2\/posts\/13858","targetHints":{"allow":["GET"]}}],"collection":[{"href":"https:\/\/vanderloubet.com.br\/deputado\/wp-json\/wp\/v2\/posts"}],"about":[{"href":"https:\/\/vanderloubet.com.br\/deputado\/wp-json\/wp\/v2\/types\/post"}],"author":[{"embeddable":true,"href":"https:\/\/vanderloubet.com.br\/deputado\/wp-json\/wp\/v2\/users\/2"}],"replies":[{"embeddable":true,"href":"https:\/\/vanderloubet.com.br\/deputado\/wp-json\/wp\/v2\/comments?post=13858"}],"version-history":[{"count":0,"href":"https:\/\/vanderloubet.com.br\/deputado\/wp-json\/wp\/v2\/posts\/13858\/revisions"}],"wp:featuredmedia":[{"embeddable":true,"href":"https:\/\/vanderloubet.com.br\/deputado\/wp-json\/wp\/v2\/media\/13835"}],"wp:attachment":[{"href":"https:\/\/vanderloubet.com.br\/deputado\/wp-json\/wp\/v2\/media?parent=13858"}],"wp:term":[{"taxonomy":"category","embeddable":true,"href":"https:\/\/vanderloubet.com.br\/deputado\/wp-json\/wp\/v2\/categories?post=13858"},{"taxonomy":"post_tag","embeddable":true,"href":"https:\/\/vanderloubet.com.br\/deputado\/wp-json\/wp\/v2\/tags?post=13858"}],"curies":[{"name":"wp","href":"https:\/\/api.w.org\/{rel}","templated":true}]}}