{"id":13796,"date":"2018-05-15T20:33:41","date_gmt":"2018-05-16T00:33:41","guid":{"rendered":"http:\/\/vanderloubet.com.br\/deputado\/?p=13796"},"modified":"2018-05-21T15:33:04","modified_gmt":"2018-05-21T19:33:04","slug":"tacuru-reinaugura-posto-de-saude-e-lanca-praca-com-recursos-viabilizados-por-vander","status":"publish","type":"post","link":"https:\/\/vanderloubet.com.br\/deputado\/tacuru-reinaugura-posto-de-saude-e-lanca-praca-com-recursos-viabilizados-por-vander\/","title":{"rendered":"Tacuru reinaugura posto de sa\u00fade e lan\u00e7a pra\u00e7a com recursos viabilizados por Vander"},"content":{"rendered":"<p><iframe width=\"560\" height=\"315\" src=\"https:\/\/www.youtube.com\/embed\/6I_jzuccl3Q?rel=0\" frameborder=\"0\" allow=\"autoplay; encrypted-media\" allowfullscreen><\/iframe><\/p>\n<p>No \u00faltimo s\u00e1bado, dia 12 de maio, o deputado federal Vander Loubet visitou o munic\u00edpio de Tacuru, onde cumpriu agendas ao lado do prefeito Carlinhos Pelegrini, do vice-prefeito Dr. Marcelo e do secret\u00e1rio municipal de Desenvolvimento Econ\u00f4mico, Odilon Trindade.<\/p>\n<p>O deputado prestigiou o lan\u00e7amento das obras da Pra\u00e7a do Terer\u00e9 (tamb\u00e9m chamada de Parque do Lago), que ser\u00e1 constru\u00edda na entrada da cidade com recursos de uma emenda parlamentar de autoria de Vander no valor de R$ 600 mil pelo Minist\u00e9rio do Turismo.<\/p>\n<p>A outra agenda foi a reinaugura\u00e7\u00e3o do Posto de Sa\u00fade da Fam\u00edlia (PSF) Aureliano Dure, que passou por reforma e amplia\u00e7\u00e3o com recursos que Vander ajudou a viabilizar pelo Minist\u00e9rio da Sa\u00fade (R$ 150 mil para reforma e R$ 189 mil para amplia\u00e7\u00e3o). Ambas as a\u00e7\u00f5es fizeram parte das comemora\u00e7\u00f5es pelos 38 anos de emancipa\u00e7\u00e3o pol\u00edtico-administrativa da cidade, comemorados oficialmente no dia 13.<\/p>\n<p><em>(\u00c9der F. Yanaguita &#8211; Ascom\/Dep. Vander Loubet)<\/em><\/p>\n","protected":false},"excerpt":{"rendered":"<p>Investimentos viabilizados pelo deputado nessas a\u00e7\u00f5es somam quase R$ 940 mil.<\/p>\n","protected":false},"author":2,"featured_media":13797,"comment_status":"closed","ping_status":"closed","sticky":false,"template":"","format":"video","meta":{"jetpack_post_was_ever_published":false,"_jetpack_newsletter_access":"","_jetpack_dont_email_post_to_subs":false,"_jetpack_newsletter_tier_id":0,"_jetpack_memberships_contains_paywalled_content":false,"_jetpack_memberships_contains_paid_content":false,"footnotes":""},"categories":[2097,10],"tags":[2127,2305,1803,1993],"class_list":{"0":"post-13796","1":"post","2":"type-post","3":"status-publish","4":"format-video","5":"has-post-thumbnail","7":"category-municipios-noticias","8":"category-noticias","9":"tag-emenda-parlamentar","10":"tag-esporte-e-lazer","11":"tag-saude","12":"tag-turismo","13":"post_format-post-format-video"},"yoast_head":"<!-- This site is optimized with the Yoast SEO plugin v27.4 - https:\/\/yoast.com\/product\/yoast-seo-wordpress\/ -->\n<title>Tacuru reinaugura posto de sa\u00fade e lan\u00e7a pra\u00e7a com recursos viabilizados por Vander<\/title>\n<meta name=\"robots\" content=\"index, follow, max-snippet:-1, max-image-preview:large, max-video-preview:-1\" \/>\n<link rel=\"canonical\" href=\"https:\/\/vanderloubet.com.br\/deputado\/tacuru-reinaugura-posto-de-saude-e-lanca-praca-com-recursos-viabilizados-por-vander\/\" \/>\n<meta property=\"og:locale\" content=\"pt_BR\" \/>\n<meta property=\"og:type\" content=\"article\" \/>\n<meta property=\"og:title\" content=\"Tacuru reinaugura posto de sa\u00fade e lan\u00e7a pra\u00e7a com recursos viabilizados por Vander\" \/>\n<meta property=\"og:description\" content=\"Investimentos viabilizados pelo deputado nessas a\u00e7\u00f5es somam quase R$ 940 mil.\" \/>\n<meta property=\"og:url\" content=\"https:\/\/vanderloubet.com.br\/deputado\/tacuru-reinaugura-posto-de-saude-e-lanca-praca-com-recursos-viabilizados-por-vander\/\" \/>\n<meta property=\"og:site_name\" content=\"Deputado Federal Vander Loubet\" \/>\n<meta property=\"article:publisher\" content=\"https:\/\/facebook.com\/deputadovander\" \/>\n<meta property=\"article:published_time\" content=\"2018-05-16T00:33:41+00:00\" \/>\n<meta property=\"article:modified_time\" content=\"2018-05-21T19:33:04+00:00\" \/>\n<meta property=\"og:image\" content=\"https:\/\/vanderloubet.com.br\/deputado\/wp-content\/uploads\/2018\/05\/foto-2018-05-15-visita-vander-tacuru.jpg\" \/>\n\t<meta property=\"og:image:width\" content=\"900\" \/>\n\t<meta property=\"og:image:height\" content=\"600\" \/>\n\t<meta property=\"og:image:type\" content=\"image\/jpeg\" \/>\n<meta name=\"author\" content=\"\u00c9der\" \/>\n<meta name=\"twitter:card\" content=\"summary_large_image\" \/>\n<meta name=\"twitter:creator\" content=\"@vanderloubet\" \/>\n<meta name=\"twitter:site\" content=\"@vanderloubet\" \/>\n<script type=\"application\/ld+json\" class=\"yoast-schema-graph\">{\"@context\":\"https:\\\/\\\/schema.org\",\"@graph\":[{\"@type\":\"Article\",\"@id\":\"https:\\\/\\\/vanderloubet.com.br\\\/deputado\\\/tacuru-reinaugura-posto-de-saude-e-lanca-praca-com-recursos-viabilizados-por-vander\\\/#article\",\"isPartOf\":{\"@id\":\"https:\\\/\\\/vanderloubet.com.br\\\/deputado\\\/tacuru-reinaugura-posto-de-saude-e-lanca-praca-com-recursos-viabilizados-por-vander\\\/\"},\"author\":{\"name\":\"\u00c9der\",\"@id\":\"https:\\\/\\\/vanderloubet.com.br\\\/deputado\\\/#\\\/schema\\\/person\\\/15b51bd564532a8a68d9dec1b8eb890e\"},\"headline\":\"Tacuru reinaugura posto de sa\u00fade e lan\u00e7a pra\u00e7a com recursos viabilizados por Vander\",\"datePublished\":\"2018-05-16T00:33:41+00:00\",\"dateModified\":\"2018-05-21T19:33:04+00:00\",\"mainEntityOfPage\":{\"@id\":\"https:\\\/\\\/vanderloubet.com.br\\\/deputado\\\/tacuru-reinaugura-posto-de-saude-e-lanca-praca-com-recursos-viabilizados-por-vander\\\/\"},\"wordCount\":184,\"publisher\":{\"@id\":\"https:\\\/\\\/vanderloubet.com.br\\\/deputado\\\/#organization\"},\"image\":{\"@id\":\"https:\\\/\\\/vanderloubet.com.br\\\/deputado\\\/tacuru-reinaugura-posto-de-saude-e-lanca-praca-com-recursos-viabilizados-por-vander\\\/#primaryimage\"},\"thumbnailUrl\":\"https:\\\/\\\/vanderloubet.com.br\\\/deputado\\\/wp-content\\\/uploads\\\/2018\\\/05\\\/foto-2018-05-15-visita-vander-tacuru.jpg\",\"keywords\":[\"emenda parlamentar\",\"esporte e lazer\",\"sa\u00fade\",\"turismo\"],\"articleSection\":[\"Munic\u00edpios\",\"Not\u00edcias\"],\"inLanguage\":\"pt-BR\"},{\"@type\":\"WebPage\",\"@id\":\"https:\\\/\\\/vanderloubet.com.br\\\/deputado\\\/tacuru-reinaugura-posto-de-saude-e-lanca-praca-com-recursos-viabilizados-por-vander\\\/\",\"url\":\"https:\\\/\\\/vanderloubet.com.br\\\/deputado\\\/tacuru-reinaugura-posto-de-saude-e-lanca-praca-com-recursos-viabilizados-por-vander\\\/\",\"name\":\"Tacuru reinaugura posto de sa\u00fade e lan\u00e7a pra\u00e7a com recursos viabilizados por Vander\",\"isPartOf\":{\"@id\":\"https:\\\/\\\/vanderloubet.com.br\\\/deputado\\\/#website\"},\"primaryImageOfPage\":{\"@id\":\"https:\\\/\\\/vanderloubet.com.br\\\/deputado\\\/tacuru-reinaugura-posto-de-saude-e-lanca-praca-com-recursos-viabilizados-por-vander\\\/#primaryimage\"},\"image\":{\"@id\":\"https:\\\/\\\/vanderloubet.com.br\\\/deputado\\\/tacuru-reinaugura-posto-de-saude-e-lanca-praca-com-recursos-viabilizados-por-vander\\\/#primaryimage\"},\"thumbnailUrl\":\"https:\\\/\\\/vanderloubet.com.br\\\/deputado\\\/wp-content\\\/uploads\\\/2018\\\/05\\\/foto-2018-05-15-visita-vander-tacuru.jpg\",\"datePublished\":\"2018-05-16T00:33:41+00:00\",\"dateModified\":\"2018-05-21T19:33:04+00:00\",\"breadcrumb\":{\"@id\":\"https:\\\/\\\/vanderloubet.com.br\\\/deputado\\\/tacuru-reinaugura-posto-de-saude-e-lanca-praca-com-recursos-viabilizados-por-vander\\\/#breadcrumb\"},\"inLanguage\":\"pt-BR\",\"potentialAction\":[{\"@type\":\"ReadAction\",\"target\":[\"https:\\\/\\\/vanderloubet.com.br\\\/deputado\\\/tacuru-reinaugura-posto-de-saude-e-lanca-praca-com-recursos-viabilizados-por-vander\\\/\"]}]},{\"@type\":\"ImageObject\",\"inLanguage\":\"pt-BR\",\"@id\":\"https:\\\/\\\/vanderloubet.com.br\\\/deputado\\\/tacuru-reinaugura-posto-de-saude-e-lanca-praca-com-recursos-viabilizados-por-vander\\\/#primaryimage\",\"url\":\"https:\\\/\\\/vanderloubet.com.br\\\/deputado\\\/wp-content\\\/uploads\\\/2018\\\/05\\\/foto-2018-05-15-visita-vander-tacuru.jpg\",\"contentUrl\":\"https:\\\/\\\/vanderloubet.com.br\\\/deputado\\\/wp-content\\\/uploads\\\/2018\\\/05\\\/foto-2018-05-15-visita-vander-tacuru.jpg\",\"width\":900,\"height\":600,\"caption\":\"foto-2018-05-15-visita-vander-tacuru\"},{\"@type\":\"BreadcrumbList\",\"@id\":\"https:\\\/\\\/vanderloubet.com.br\\\/deputado\\\/tacuru-reinaugura-posto-de-saude-e-lanca-praca-com-recursos-viabilizados-por-vander\\\/#breadcrumb\",\"itemListElement\":[{\"@type\":\"ListItem\",\"position\":1,\"name\":\"In\u00edcio\",\"item\":\"https:\\\/\\\/vanderloubet.com.br\\\/deputado\\\/\"},{\"@type\":\"ListItem\",\"position\":2,\"name\":\"Tacuru reinaugura posto de sa\u00fade e lan\u00e7a pra\u00e7a com recursos viabilizados por Vander\"}]},{\"@type\":\"WebSite\",\"@id\":\"https:\\\/\\\/vanderloubet.com.br\\\/deputado\\\/#website\",\"url\":\"https:\\\/\\\/vanderloubet.com.br\\\/deputado\\\/\",\"name\":\"Deputado Federal Vander Loubet\",\"description\":\"O Federal de MS\",\"publisher\":{\"@id\":\"https:\\\/\\\/vanderloubet.com.br\\\/deputado\\\/#organization\"},\"alternateName\":\"Deputado Vander\",\"potentialAction\":[{\"@type\":\"SearchAction\",\"target\":{\"@type\":\"EntryPoint\",\"urlTemplate\":\"https:\\\/\\\/vanderloubet.com.br\\\/deputado\\\/?s={search_term_string}\"},\"query-input\":{\"@type\":\"PropertyValueSpecification\",\"valueRequired\":true,\"valueName\":\"search_term_string\"}}],\"inLanguage\":\"pt-BR\"},{\"@type\":\"Organization\",\"@id\":\"https:\\\/\\\/vanderloubet.com.br\\\/deputado\\\/#organization\",\"name\":\"Deputado Federal Vander Loubet\",\"alternateName\":\"Deputado Vander\",\"url\":\"https:\\\/\\\/vanderloubet.com.br\\\/deputado\\\/\",\"logo\":{\"@type\":\"ImageObject\",\"inLanguage\":\"pt-BR\",\"@id\":\"https:\\\/\\\/vanderloubet.com.br\\\/deputado\\\/#\\\/schema\\\/logo\\\/image\\\/\",\"url\":\"https:\\\/\\\/vanderloubet.com.br\\\/deputado\\\/wp-content\\\/uploads\\\/2023\\\/06\\\/foto-2023-06-19-mandato-deputado-vander.jpg\",\"contentUrl\":\"https:\\\/\\\/vanderloubet.com.br\\\/deputado\\\/wp-content\\\/uploads\\\/2023\\\/06\\\/foto-2023-06-19-mandato-deputado-vander.jpg\",\"width\":1080,\"height\":1080,\"caption\":\"Deputado Federal Vander Loubet\"},\"image\":{\"@id\":\"https:\\\/\\\/vanderloubet.com.br\\\/deputado\\\/#\\\/schema\\\/logo\\\/image\\\/\"},\"sameAs\":[\"https:\\\/\\\/facebook.com\\\/deputadovander\",\"https:\\\/\\\/x.com\\\/vanderloubet\",\"https:\\\/\\\/instagram.com\\\/vanderloubet\",\"https:\\\/\\\/youtube.com\\\/vanderloubet\",\"https:\\\/\\\/tiktok.com\\\/@vanderloubetms\"]},{\"@type\":\"Person\",\"@id\":\"https:\\\/\\\/vanderloubet.com.br\\\/deputado\\\/#\\\/schema\\\/person\\\/15b51bd564532a8a68d9dec1b8eb890e\",\"name\":\"\u00c9der\",\"image\":{\"@type\":\"ImageObject\",\"inLanguage\":\"pt-BR\",\"@id\":\"https:\\\/\\\/vanderloubet.com.br\\\/deputado\\\/wp-content\\\/litespeed\\\/avatar\\\/88ca4090d9d5ab1c9495f6ca03b68efa.jpg?ver=1777058957\",\"url\":\"https:\\\/\\\/vanderloubet.com.br\\\/deputado\\\/wp-content\\\/litespeed\\\/avatar\\\/88ca4090d9d5ab1c9495f6ca03b68efa.jpg?ver=1777058957\",\"contentUrl\":\"https:\\\/\\\/vanderloubet.com.br\\\/deputado\\\/wp-content\\\/litespeed\\\/avatar\\\/88ca4090d9d5ab1c9495f6ca03b68efa.jpg?ver=1777058957\",\"caption\":\"\u00c9der\"}}]}<\/script>\n<!-- \/ Yoast SEO plugin. -->","yoast_head_json":{"title":"Tacuru reinaugura posto de sa\u00fade e lan\u00e7a pra\u00e7a com recursos viabilizados por Vander","robots":{"index":"index","follow":"follow","max-snippet":"max-snippet:-1","max-image-preview":"max-image-preview:large","max-video-preview":"max-video-preview:-1"},"canonical":"https:\/\/vanderloubet.com.br\/deputado\/tacuru-reinaugura-posto-de-saude-e-lanca-praca-com-recursos-viabilizados-por-vander\/","og_locale":"pt_BR","og_type":"article","og_title":"Tacuru reinaugura posto de sa\u00fade e lan\u00e7a pra\u00e7a com recursos viabilizados por Vander","og_description":"Investimentos viabilizados pelo deputado nessas a\u00e7\u00f5es somam quase R$ 940 mil.","og_url":"https:\/\/vanderloubet.com.br\/deputado\/tacuru-reinaugura-posto-de-saude-e-lanca-praca-com-recursos-viabilizados-por-vander\/","og_site_name":"Deputado Federal Vander Loubet","article_publisher":"https:\/\/facebook.com\/deputadovander","article_published_time":"2018-05-16T00:33:41+00:00","article_modified_time":"2018-05-21T19:33:04+00:00","og_image":[{"width":900,"height":600,"url":"https:\/\/vanderloubet.com.br\/deputado\/wp-content\/uploads\/2018\/05\/foto-2018-05-15-visita-vander-tacuru.jpg","type":"image\/jpeg"}],"author":"\u00c9der","twitter_card":"summary_large_image","twitter_creator":"@vanderloubet","twitter_site":"@vanderloubet","schema":{"@context":"https:\/\/schema.org","@graph":[{"@type":"Article","@id":"https:\/\/vanderloubet.com.br\/deputado\/tacuru-reinaugura-posto-de-saude-e-lanca-praca-com-recursos-viabilizados-por-vander\/#article","isPartOf":{"@id":"https:\/\/vanderloubet.com.br\/deputado\/tacuru-reinaugura-posto-de-saude-e-lanca-praca-com-recursos-viabilizados-por-vander\/"},"author":{"name":"\u00c9der","@id":"https:\/\/vanderloubet.com.br\/deputado\/#\/schema\/person\/15b51bd564532a8a68d9dec1b8eb890e"},"headline":"Tacuru reinaugura posto de sa\u00fade e lan\u00e7a pra\u00e7a com recursos viabilizados por Vander","datePublished":"2018-05-16T00:33:41+00:00","dateModified":"2018-05-21T19:33:04+00:00","mainEntityOfPage":{"@id":"https:\/\/vanderloubet.com.br\/deputado\/tacuru-reinaugura-posto-de-saude-e-lanca-praca-com-recursos-viabilizados-por-vander\/"},"wordCount":184,"publisher":{"@id":"https:\/\/vanderloubet.com.br\/deputado\/#organization"},"image":{"@id":"https:\/\/vanderloubet.com.br\/deputado\/tacuru-reinaugura-posto-de-saude-e-lanca-praca-com-recursos-viabilizados-por-vander\/#primaryimage"},"thumbnailUrl":"https:\/\/vanderloubet.com.br\/deputado\/wp-content\/uploads\/2018\/05\/foto-2018-05-15-visita-vander-tacuru.jpg","keywords":["emenda parlamentar","esporte e lazer","sa\u00fade","turismo"],"articleSection":["Munic\u00edpios","Not\u00edcias"],"inLanguage":"pt-BR"},{"@type":"WebPage","@id":"https:\/\/vanderloubet.com.br\/deputado\/tacuru-reinaugura-posto-de-saude-e-lanca-praca-com-recursos-viabilizados-por-vander\/","url":"https:\/\/vanderloubet.com.br\/deputado\/tacuru-reinaugura-posto-de-saude-e-lanca-praca-com-recursos-viabilizados-por-vander\/","name":"Tacuru reinaugura posto de sa\u00fade e lan\u00e7a pra\u00e7a com recursos viabilizados por Vander","isPartOf":{"@id":"https:\/\/vanderloubet.com.br\/deputado\/#website"},"primaryImageOfPage":{"@id":"https:\/\/vanderloubet.com.br\/deputado\/tacuru-reinaugura-posto-de-saude-e-lanca-praca-com-recursos-viabilizados-por-vander\/#primaryimage"},"image":{"@id":"https:\/\/vanderloubet.com.br\/deputado\/tacuru-reinaugura-posto-de-saude-e-lanca-praca-com-recursos-viabilizados-por-vander\/#primaryimage"},"thumbnailUrl":"https:\/\/vanderloubet.com.br\/deputado\/wp-content\/uploads\/2018\/05\/foto-2018-05-15-visita-vander-tacuru.jpg","datePublished":"2018-05-16T00:33:41+00:00","dateModified":"2018-05-21T19:33:04+00:00","breadcrumb":{"@id":"https:\/\/vanderloubet.com.br\/deputado\/tacuru-reinaugura-posto-de-saude-e-lanca-praca-com-recursos-viabilizados-por-vander\/#breadcrumb"},"inLanguage":"pt-BR","potentialAction":[{"@type":"ReadAction","target":["https:\/\/vanderloubet.com.br\/deputado\/tacuru-reinaugura-posto-de-saude-e-lanca-praca-com-recursos-viabilizados-por-vander\/"]}]},{"@type":"ImageObject","inLanguage":"pt-BR","@id":"https:\/\/vanderloubet.com.br\/deputado\/tacuru-reinaugura-posto-de-saude-e-lanca-praca-com-recursos-viabilizados-por-vander\/#primaryimage","url":"https:\/\/vanderloubet.com.br\/deputado\/wp-content\/uploads\/2018\/05\/foto-2018-05-15-visita-vander-tacuru.jpg","contentUrl":"https:\/\/vanderloubet.com.br\/deputado\/wp-content\/uploads\/2018\/05\/foto-2018-05-15-visita-vander-tacuru.jpg","width":900,"height":600,"caption":"foto-2018-05-15-visita-vander-tacuru"},{"@type":"BreadcrumbList","@id":"https:\/\/vanderloubet.com.br\/deputado\/tacuru-reinaugura-posto-de-saude-e-lanca-praca-com-recursos-viabilizados-por-vander\/#breadcrumb","itemListElement":[{"@type":"ListItem","position":1,"name":"In\u00edcio","item":"https:\/\/vanderloubet.com.br\/deputado\/"},{"@type":"ListItem","position":2,"name":"Tacuru reinaugura posto de sa\u00fade e lan\u00e7a pra\u00e7a com recursos viabilizados por Vander"}]},{"@type":"WebSite","@id":"https:\/\/vanderloubet.com.br\/deputado\/#website","url":"https:\/\/vanderloubet.com.br\/deputado\/","name":"Deputado Federal Vander Loubet","description":"O Federal de MS","publisher":{"@id":"https:\/\/vanderloubet.com.br\/deputado\/#organization"},"alternateName":"Deputado Vander","potentialAction":[{"@type":"SearchAction","target":{"@type":"EntryPoint","urlTemplate":"https:\/\/vanderloubet.com.br\/deputado\/?s={search_term_string}"},"query-input":{"@type":"PropertyValueSpecification","valueRequired":true,"valueName":"search_term_string"}}],"inLanguage":"pt-BR"},{"@type":"Organization","@id":"https:\/\/vanderloubet.com.br\/deputado\/#organization","name":"Deputado Federal Vander Loubet","alternateName":"Deputado Vander","url":"https:\/\/vanderloubet.com.br\/deputado\/","logo":{"@type":"ImageObject","inLanguage":"pt-BR","@id":"https:\/\/vanderloubet.com.br\/deputado\/#\/schema\/logo\/image\/","url":"https:\/\/vanderloubet.com.br\/deputado\/wp-content\/uploads\/2023\/06\/foto-2023-06-19-mandato-deputado-vander.jpg","contentUrl":"https:\/\/vanderloubet.com.br\/deputado\/wp-content\/uploads\/2023\/06\/foto-2023-06-19-mandato-deputado-vander.jpg","width":1080,"height":1080,"caption":"Deputado Federal Vander Loubet"},"image":{"@id":"https:\/\/vanderloubet.com.br\/deputado\/#\/schema\/logo\/image\/"},"sameAs":["https:\/\/facebook.com\/deputadovander","https:\/\/x.com\/vanderloubet","https:\/\/instagram.com\/vanderloubet","https:\/\/youtube.com\/vanderloubet","https:\/\/tiktok.com\/@vanderloubetms"]},{"@type":"Person","@id":"https:\/\/vanderloubet.com.br\/deputado\/#\/schema\/person\/15b51bd564532a8a68d9dec1b8eb890e","name":"\u00c9der","image":{"@type":"ImageObject","inLanguage":"pt-BR","@id":"https:\/\/vanderloubet.com.br\/deputado\/wp-content\/litespeed\/avatar\/88ca4090d9d5ab1c9495f6ca03b68efa.jpg?ver=1777058957","url":"https:\/\/vanderloubet.com.br\/deputado\/wp-content\/litespeed\/avatar\/88ca4090d9d5ab1c9495f6ca03b68efa.jpg?ver=1777058957","contentUrl":"https:\/\/vanderloubet.com.br\/deputado\/wp-content\/litespeed\/avatar\/88ca4090d9d5ab1c9495f6ca03b68efa.jpg?ver=1777058957","caption":"\u00c9der"}}]}},"jetpack_featured_media_url":"https:\/\/vanderloubet.com.br\/deputado\/wp-content\/uploads\/2018\/05\/foto-2018-05-15-visita-vander-tacuru.jpg","jetpack_sharing_enabled":true,"_links":{"self":[{"href":"https:\/\/vanderloubet.com.br\/deputado\/wp-json\/wp\/v2\/posts\/13796","targetHints":{"allow":["GET"]}}],"collection":[{"href":"https:\/\/vanderloubet.com.br\/deputado\/wp-json\/wp\/v2\/posts"}],"about":[{"href":"https:\/\/vanderloubet.com.br\/deputado\/wp-json\/wp\/v2\/types\/post"}],"author":[{"embeddable":true,"href":"https:\/\/vanderloubet.com.br\/deputado\/wp-json\/wp\/v2\/users\/2"}],"replies":[{"embeddable":true,"href":"https:\/\/vanderloubet.com.br\/deputado\/wp-json\/wp\/v2\/comments?post=13796"}],"version-history":[{"count":0,"href":"https:\/\/vanderloubet.com.br\/deputado\/wp-json\/wp\/v2\/posts\/13796\/revisions"}],"wp:featuredmedia":[{"embeddable":true,"href":"https:\/\/vanderloubet.com.br\/deputado\/wp-json\/wp\/v2\/media\/13797"}],"wp:attachment":[{"href":"https:\/\/vanderloubet.com.br\/deputado\/wp-json\/wp\/v2\/media?parent=13796"}],"wp:term":[{"taxonomy":"category","embeddable":true,"href":"https:\/\/vanderloubet.com.br\/deputado\/wp-json\/wp\/v2\/categories?post=13796"},{"taxonomy":"post_tag","embeddable":true,"href":"https:\/\/vanderloubet.com.br\/deputado\/wp-json\/wp\/v2\/tags?post=13796"}],"curies":[{"name":"wp","href":"https:\/\/api.w.org\/{rel}","templated":true}]}}