{"id":13776,"date":"2018-05-08T15:31:30","date_gmt":"2018-05-08T19:31:30","guid":{"rendered":"http:\/\/vanderloubet.com.br\/deputado\/?p=13776"},"modified":"2018-05-09T12:32:24","modified_gmt":"2018-05-09T16:32:24","slug":"com-emenda-de-vander-postos-de-saude-de-campo-grande-recebem-1-milhao-em-melhorias","status":"publish","type":"post","link":"https:\/\/vanderloubet.com.br\/deputado\/com-emenda-de-vander-postos-de-saude-de-campo-grande-recebem-1-milhao-em-melhorias\/","title":{"rendered":"Com emenda de Vander, postos de sa\u00fade de Campo Grande recebem R$ 1 milh\u00e3o em melhorias"},"content":{"rendered":"\r\n                <style type=\"text\/css\">\r\n                    \r\n                    #tdi_1  .td-doubleSlider-2 .td-item1 {\r\n                        background: url(https:\/\/vanderloubet.com.br\/deputado\/wp-content\/uploads\/2018\/05\/foto-2018-05-08-saude-desfibrilador-80x60.jpg) 0 0 no-repeat;\r\n                    }\r\n                    #tdi_1  .td-doubleSlider-2 .td-item2 {\r\n                        background: url(https:\/\/vanderloubet.com.br\/deputado\/wp-content\/uploads\/2018\/05\/foto-2018-05-08-saude-cama-monitor-80x60.jpg) 0 0 no-repeat;\r\n                    }\r\n                    #tdi_1  .td-doubleSlider-2 .td-item3 {\r\n                        background: url(https:\/\/vanderloubet.com.br\/deputado\/wp-content\/uploads\/2018\/05\/foto-2018-05-08-saude-eletrocardiografo-80x60.jpg) 0 0 no-repeat;\r\n                    }\r\n                    #tdi_1  .td-doubleSlider-2 .td-item4 {\r\n                        background: url(https:\/\/vanderloubet.com.br\/deputado\/wp-content\/uploads\/2018\/05\/foto-2018-05-08-saude-reanimador-80x60.jpg) 0 0 no-repeat;\r\n                    }\r\n                <\/style>\r\n\r\n                <div id=\"tdi_1\" class=\"td-gallery td-slide-on-2-columns\">\r\n                    <div class=\"post_td_gallery\">\r\n                        <div class=\"td-gallery-slide-top\">\r\n                           <div class=\"td-gallery-title\"><\/div>\r\n\r\n                            <div class=\"td-gallery-controls-wrapper\">\r\n                                <div class=\"td-gallery-slide-count\"><span class=\"td-gallery-slide-item-focus\">1<\/span> de 4<\/div>\r\n                                <div class=\"td-gallery-slide-prev-next-but\">\r\n                                    <i class = \"td-icon-left doubleSliderPrevButton\"><\/i>\r\n                                    <i class = \"td-icon-right doubleSliderNextButton\"><\/i>\r\n                                <\/div>\r\n                            <\/div>\r\n                        <\/div>\r\n\r\n                        <div class = \"td-doubleSlider-1 \">\r\n                            <div class = \"td-slider\">\r\n                                \r\n                    <div class = \"td-slide-item td-item1\">\r\n                        <figure class=\"td-slide-galery-figure td-slide-popup-gallery\">\r\n                            <a class=\"slide-gallery-image-link\" href=\"https:\/\/vanderloubet.com.br\/deputado\/wp-content\/uploads\/2018\/05\/foto-2018-05-08-saude-desfibrilador.jpg\" title=\"Os cinco CRS est\u00e3o recebendo equipamentos como desfibriladores, camas hospitalares, monitores multiparam\u00e9tricos, eletrocardi\u00f3grafos e ventiladores pulmonares\"  data-caption=\"\"  data-description=\"Os cinco CRS est&atilde;o recebendo equipamentos como desfibriladores, camas hospitalares, monitores multiparam&eacute;tricos, eletrocardi&oacute;grafos e ventiladores pulmonares\">\r\n                                <img decoding=\"async\" src=\"https:\/\/vanderloubet.com.br\/deputado\/wp-content\/uploads\/2018\/05\/foto-2018-05-08-saude-desfibrilador-630x420.jpg\" srcset=\"https:\/\/vanderloubet.com.br\/deputado\/wp-content\/uploads\/2018\/05\/foto-2018-05-08-saude-desfibrilador-630x420.jpg 630w, https:\/\/vanderloubet.com.br\/deputado\/wp-content\/uploads\/2018\/05\/foto-2018-05-08-saude-desfibrilador-350x233.jpg 350w, https:\/\/vanderloubet.com.br\/deputado\/wp-content\/uploads\/2018\/05\/foto-2018-05-08-saude-desfibrilador-768x512.jpg 768w, https:\/\/vanderloubet.com.br\/deputado\/wp-content\/uploads\/2018\/05\/foto-2018-05-08-saude-desfibrilador-700x467.jpg 700w, https:\/\/vanderloubet.com.br\/deputado\/wp-content\/uploads\/2018\/05\/foto-2018-05-08-saude-desfibrilador-696x464.jpg 696w, https:\/\/vanderloubet.com.br\/deputado\/wp-content\/uploads\/2018\/05\/foto-2018-05-08-saude-desfibrilador.jpg 900w\" sizes=\"(max-width: 630px) 100vw, 630px\" alt=\"Os cinco CRS est&atilde;o recebendo equipamentos como desfibriladores, camas hospitalares, monitores multiparam&eacute;tricos, eletrocardi&oacute;grafos e ventiladores pulmonares\">\r\n                            <\/a>\r\n                            <figcaption class = \"td-slide-caption td-gallery-slide-content\"><span>Os cinco CRS est\u00e3o recebendo equipamentos como desfibriladores, camas hospitalares, monitores multiparam\u00e9tricos, eletrocardi\u00f3grafos e ventiladores pulmonares<\/span><\/figcaption>\r\n                        <\/figure>\r\n                    <\/div>\r\n                    <div class = \"td-slide-item td-item2\">\r\n                        <figure class=\"td-slide-galery-figure td-slide-popup-gallery\">\r\n                            <a class=\"slide-gallery-image-link\" href=\"https:\/\/vanderloubet.com.br\/deputado\/wp-content\/uploads\/2018\/05\/foto-2018-05-08-saude-cama-monitor.jpg\" title=\"Os cinco CRS est\u00e3o recebendo equipamentos como desfibriladores, camas hospitalares, monitores multiparam\u00e9tricos, eletrocardi\u00f3grafos e ventiladores pulmonares\"  data-caption=\"\"  data-description=\"Os cinco CRS est&atilde;o recebendo equipamentos como desfibriladores, camas hospitalares, monitores multiparam&eacute;tricos, eletrocardi&oacute;grafos e ventiladores pulmonares\">\r\n                                <img decoding=\"async\" src=\"https:\/\/vanderloubet.com.br\/deputado\/wp-content\/uploads\/2018\/05\/foto-2018-05-08-saude-cama-monitor-630x420.jpg\" srcset=\"https:\/\/vanderloubet.com.br\/deputado\/wp-content\/uploads\/2018\/05\/foto-2018-05-08-saude-cama-monitor-630x420.jpg 630w, https:\/\/vanderloubet.com.br\/deputado\/wp-content\/uploads\/2018\/05\/foto-2018-05-08-saude-cama-monitor-350x233.jpg 350w, https:\/\/vanderloubet.com.br\/deputado\/wp-content\/uploads\/2018\/05\/foto-2018-05-08-saude-cama-monitor-768x512.jpg 768w, https:\/\/vanderloubet.com.br\/deputado\/wp-content\/uploads\/2018\/05\/foto-2018-05-08-saude-cama-monitor-700x467.jpg 700w, https:\/\/vanderloubet.com.br\/deputado\/wp-content\/uploads\/2018\/05\/foto-2018-05-08-saude-cama-monitor-696x464.jpg 696w, https:\/\/vanderloubet.com.br\/deputado\/wp-content\/uploads\/2018\/05\/foto-2018-05-08-saude-cama-monitor.jpg 900w\" sizes=\"(max-width: 630px) 100vw, 630px\" alt=\"Os cinco CRS est&atilde;o recebendo equipamentos como desfibriladores, camas hospitalares, monitores multiparam&eacute;tricos, eletrocardi&oacute;grafos e ventiladores pulmonares\">\r\n                            <\/a>\r\n                            <figcaption class = \"td-slide-caption td-gallery-slide-content\"><span>Os cinco CRS est\u00e3o recebendo equipamentos como desfibriladores, camas hospitalares, monitores multiparam\u00e9tricos, eletrocardi\u00f3grafos e ventiladores pulmonares<\/span><\/figcaption>\r\n                        <\/figure>\r\n                    <\/div>\r\n                    <div class = \"td-slide-item td-item3\">\r\n                        <figure class=\"td-slide-galery-figure td-slide-popup-gallery\">\r\n                            <a class=\"slide-gallery-image-link\" href=\"https:\/\/vanderloubet.com.br\/deputado\/wp-content\/uploads\/2018\/05\/foto-2018-05-08-saude-eletrocardiografo.jpg\" title=\"Os cinco CRS est\u00e3o recebendo equipamentos como desfibriladores, camas hospitalares, monitores multiparam\u00e9tricos, eletrocardi\u00f3grafos e ventiladores pulmonares\"  data-caption=\"\"  data-description=\"Os cinco CRS est&atilde;o recebendo equipamentos como desfibriladores, camas hospitalares, monitores multiparam&eacute;tricos, eletrocardi&oacute;grafos e ventiladores pulmonares\">\r\n                                <img decoding=\"async\" src=\"https:\/\/vanderloubet.com.br\/deputado\/wp-content\/uploads\/2018\/05\/foto-2018-05-08-saude-eletrocardiografo-630x420.jpg\" srcset=\"https:\/\/vanderloubet.com.br\/deputado\/wp-content\/uploads\/2018\/05\/foto-2018-05-08-saude-eletrocardiografo-630x420.jpg 630w, https:\/\/vanderloubet.com.br\/deputado\/wp-content\/uploads\/2018\/05\/foto-2018-05-08-saude-eletrocardiografo-350x233.jpg 350w, https:\/\/vanderloubet.com.br\/deputado\/wp-content\/uploads\/2018\/05\/foto-2018-05-08-saude-eletrocardiografo-768x512.jpg 768w, https:\/\/vanderloubet.com.br\/deputado\/wp-content\/uploads\/2018\/05\/foto-2018-05-08-saude-eletrocardiografo-700x467.jpg 700w, https:\/\/vanderloubet.com.br\/deputado\/wp-content\/uploads\/2018\/05\/foto-2018-05-08-saude-eletrocardiografo-696x464.jpg 696w, https:\/\/vanderloubet.com.br\/deputado\/wp-content\/uploads\/2018\/05\/foto-2018-05-08-saude-eletrocardiografo.jpg 900w\" sizes=\"(max-width: 630px) 100vw, 630px\" alt=\"Os cinco CRS est&atilde;o recebendo equipamentos como desfibriladores, camas hospitalares, monitores multiparam&eacute;tricos, eletrocardi&oacute;grafos e ventiladores pulmonares\">\r\n                            <\/a>\r\n                            <figcaption class = \"td-slide-caption td-gallery-slide-content\"><span>Os cinco CRS est\u00e3o recebendo equipamentos como desfibriladores, camas hospitalares, monitores multiparam\u00e9tricos, eletrocardi\u00f3grafos e ventiladores pulmonares<\/span><\/figcaption>\r\n                        <\/figure>\r\n                    <\/div>\r\n                    <div class = \"td-slide-item td-item4\">\r\n                        <figure class=\"td-slide-galery-figure td-slide-popup-gallery\">\r\n                            <a class=\"slide-gallery-image-link\" href=\"https:\/\/vanderloubet.com.br\/deputado\/wp-content\/uploads\/2018\/05\/foto-2018-05-08-saude-reanimador.jpg\" title=\"Os cinco CRS est\u00e3o recebendo equipamentos como desfibriladores, camas hospitalares, monitores multiparam\u00e9tricos, eletrocardi\u00f3grafos e ventiladores pulmonares\"  data-caption=\"\"  data-description=\"Os cinco CRS est&atilde;o recebendo equipamentos como desfibriladores, camas hospitalares, monitores multiparam&eacute;tricos, eletrocardi&oacute;grafos e ventiladores pulmonares\">\r\n                                <img decoding=\"async\" src=\"https:\/\/vanderloubet.com.br\/deputado\/wp-content\/uploads\/2018\/05\/foto-2018-05-08-saude-reanimador-630x420.jpg\" srcset=\"https:\/\/vanderloubet.com.br\/deputado\/wp-content\/uploads\/2018\/05\/foto-2018-05-08-saude-reanimador-630x420.jpg 630w, https:\/\/vanderloubet.com.br\/deputado\/wp-content\/uploads\/2018\/05\/foto-2018-05-08-saude-reanimador-350x233.jpg 350w, https:\/\/vanderloubet.com.br\/deputado\/wp-content\/uploads\/2018\/05\/foto-2018-05-08-saude-reanimador-768x512.jpg 768w, https:\/\/vanderloubet.com.br\/deputado\/wp-content\/uploads\/2018\/05\/foto-2018-05-08-saude-reanimador-700x467.jpg 700w, https:\/\/vanderloubet.com.br\/deputado\/wp-content\/uploads\/2018\/05\/foto-2018-05-08-saude-reanimador-696x464.jpg 696w, https:\/\/vanderloubet.com.br\/deputado\/wp-content\/uploads\/2018\/05\/foto-2018-05-08-saude-reanimador.jpg 900w\" sizes=\"(max-width: 630px) 100vw, 630px\" alt=\"Os cinco CRS est&atilde;o recebendo equipamentos como desfibriladores, camas hospitalares, monitores multiparam&eacute;tricos, eletrocardi&oacute;grafos e ventiladores pulmonares\">\r\n                            <\/a>\r\n                            <figcaption class = \"td-slide-caption td-gallery-slide-content\"><span>Os cinco CRS est\u00e3o recebendo equipamentos como desfibriladores, camas hospitalares, monitores multiparam\u00e9tricos, eletrocardi\u00f3grafos e ventiladores pulmonares<\/span><\/figcaption>\r\n                        <\/figure>\r\n                    <\/div>\r\n                            <\/div>\r\n                        <\/div>\r\n\r\n                        <div class = \"td-doubleSlider-2\">\r\n                            <div class = \"td-slider\">\r\n                                \r\n                    <div class = \"td-button td-item1\">\r\n                        <div class = \"td-border\"><\/div>\r\n                    <\/div>\r\n                    <div class = \"td-button td-item2\">\r\n                        <div class = \"td-border\"><\/div>\r\n                    <\/div>\r\n                    <div class = \"td-button td-item3\">\r\n                        <div class = \"td-border\"><\/div>\r\n                    <\/div>\r\n                    <div class = \"td-button td-item4\">\r\n                        <div class = \"td-border\"><\/div>\r\n                    <\/div>\r\n                            <\/div>\r\n                        <\/div>\r\n\r\n                    <\/div>\r\n\r\n                <\/div>\r\n                \n<p>A Prefeitura de Campo Grande est\u00e1 adquirindo uma s\u00e9rie de equipamentos e materiais que v\u00e3o atender cinco unidades de sa\u00fade da cidade. A a\u00e7\u00e3o est\u00e1 sendo poss\u00edvel gra\u00e7as a uma emenda parlamentar de R$ 1 milh\u00e3o do deputado federal Vander Loubet, alocada no Minist\u00e9rio da Sa\u00fade pelo Or\u00e7amento Geral da Uni\u00e3o (OGU) de 2014.<\/p>\n<p>A lista de equipamentos e materiais \u00e9 grande. Inclui aspiradores de secre\u00e7\u00f5es, balan\u00e7as antropom\u00e9tricas, macas, camas hospitalares, desfibriladores, eletrocardi\u00f3grafos, laringosc\u00f3pios, reanimadores pulmonares, monitores multiparam\u00e9tricos, ox\u00edmetros de pulso, ventiladores pulmonares, cadeiras de rodas, detectores fetais, term\u00f4metros, computadores, biombos, entre outros.<\/p>\n<p>&#8220;Sabemos que esses equipamentos e materiais n\u00e3o resolvem todos os problemas enfrentados pelos postos, mas acredito que \u00e9 uma contribui\u00e7\u00e3o significativa para a melhoria das condi\u00e7\u00f5es de trabalho dos profissionais e de atendimento da popula\u00e7\u00e3o&#8221;, defendeu o deputado Vander Loubet.<\/p>\n<p>As unidades de sa\u00fade que ser\u00e3o beneficiadas s\u00e3o: Centro Regional de Sa\u00fade (CRS) Dr. Antonio Pereira (Bairro Tiradentes), CRS Dr. Enio Cunha (Bairro Guanandy), CRS Dr. Guinter Hans (Bairro Nova Bahia), CRS Dr. Jo\u00e3o Pereira da Rosa (Bairro Aero Rancho) e CRS Dr. Waldeck de Castro Maia (Bairro Coophavilla II).<\/p>\n<p><em>(\u00c9der F. Yanaguita &#8211; Ascom\/Dep. Vander Loubet)<\/em><\/p>\n","protected":false},"excerpt":{"rendered":"<p>Est\u00e3o sendo atendidos Centros Regionais de Sa\u00fade (CRS) dos bairros Tiradentes, Guanandy, Nova Bahia, Aero Rancho e Coophavilla II.<\/p>\n","protected":false},"author":2,"featured_media":13779,"comment_status":"closed","ping_status":"closed","sticky":false,"template":"","format":"standard","meta":{"jetpack_post_was_ever_published":false,"_jetpack_newsletter_access":"","_jetpack_dont_email_post_to_subs":false,"_jetpack_newsletter_tier_id":0,"_jetpack_memberships_contains_paywalled_content":false,"_jetpack_memberships_contains_paid_content":false,"footnotes":""},"categories":[2097,10],"tags":[2127,1803],"class_list":{"0":"post-13776","1":"post","2":"type-post","3":"status-publish","4":"format-standard","5":"has-post-thumbnail","7":"category-municipios-noticias","8":"category-noticias","9":"tag-emenda-parlamentar","10":"tag-saude"},"yoast_head":"<!-- This site is optimized with the Yoast SEO plugin v27.4 - https:\/\/yoast.com\/product\/yoast-seo-wordpress\/ -->\n<title>Com emenda de Vander, postos de sa\u00fade de Campo Grande recebem R$ 1 milh\u00e3o em melhorias<\/title>\n<meta name=\"robots\" content=\"index, follow, max-snippet:-1, max-image-preview:large, max-video-preview:-1\" \/>\n<link rel=\"canonical\" href=\"https:\/\/vanderloubet.com.br\/deputado\/com-emenda-de-vander-postos-de-saude-de-campo-grande-recebem-1-milhao-em-melhorias\/\" \/>\n<meta property=\"og:locale\" content=\"pt_BR\" \/>\n<meta property=\"og:type\" content=\"article\" \/>\n<meta property=\"og:title\" content=\"Com emenda de Vander, postos de sa\u00fade de Campo Grande recebem R$ 1 milh\u00e3o em melhorias\" \/>\n<meta property=\"og:description\" content=\"Est\u00e3o sendo atendidos Centros Regionais de Sa\u00fade (CRS) dos bairros Tiradentes, Guanandy, Nova Bahia, Aero Rancho e Coophavilla II.\" \/>\n<meta property=\"og:url\" content=\"https:\/\/vanderloubet.com.br\/deputado\/com-emenda-de-vander-postos-de-saude-de-campo-grande-recebem-1-milhao-em-melhorias\/\" \/>\n<meta property=\"og:site_name\" content=\"Deputado Federal Vander Loubet\" \/>\n<meta property=\"article:publisher\" content=\"https:\/\/facebook.com\/deputadovander\" \/>\n<meta property=\"article:published_time\" content=\"2018-05-08T19:31:30+00:00\" \/>\n<meta property=\"article:modified_time\" content=\"2018-05-09T16:32:24+00:00\" \/>\n<meta property=\"og:image\" content=\"https:\/\/vanderloubet.com.br\/deputado\/wp-content\/uploads\/2018\/05\/foto-2018-05-08-saude-eletrocardiografo.jpg\" \/>\n\t<meta property=\"og:image:width\" content=\"900\" \/>\n\t<meta property=\"og:image:height\" content=\"600\" \/>\n\t<meta property=\"og:image:type\" content=\"image\/jpeg\" \/>\n<meta name=\"author\" content=\"\u00c9der\" \/>\n<meta name=\"twitter:card\" content=\"summary_large_image\" \/>\n<meta name=\"twitter:creator\" content=\"@vanderloubet\" \/>\n<meta name=\"twitter:site\" content=\"@vanderloubet\" \/>\n<script type=\"application\/ld+json\" class=\"yoast-schema-graph\">{\"@context\":\"https:\\\/\\\/schema.org\",\"@graph\":[{\"@type\":\"Article\",\"@id\":\"https:\\\/\\\/vanderloubet.com.br\\\/deputado\\\/com-emenda-de-vander-postos-de-saude-de-campo-grande-recebem-1-milhao-em-melhorias\\\/#article\",\"isPartOf\":{\"@id\":\"https:\\\/\\\/vanderloubet.com.br\\\/deputado\\\/com-emenda-de-vander-postos-de-saude-de-campo-grande-recebem-1-milhao-em-melhorias\\\/\"},\"author\":{\"name\":\"\u00c9der\",\"@id\":\"https:\\\/\\\/vanderloubet.com.br\\\/deputado\\\/#\\\/schema\\\/person\\\/15b51bd564532a8a68d9dec1b8eb890e\"},\"headline\":\"Com emenda de Vander, postos de sa\u00fade de Campo Grande recebem R$ 1 milh\u00e3o em melhorias\",\"datePublished\":\"2018-05-08T19:31:30+00:00\",\"dateModified\":\"2018-05-09T16:32:24+00:00\",\"mainEntityOfPage\":{\"@id\":\"https:\\\/\\\/vanderloubet.com.br\\\/deputado\\\/com-emenda-de-vander-postos-de-saude-de-campo-grande-recebem-1-milhao-em-melhorias\\\/\"},\"wordCount\":241,\"publisher\":{\"@id\":\"https:\\\/\\\/vanderloubet.com.br\\\/deputado\\\/#organization\"},\"image\":{\"@id\":\"https:\\\/\\\/vanderloubet.com.br\\\/deputado\\\/com-emenda-de-vander-postos-de-saude-de-campo-grande-recebem-1-milhao-em-melhorias\\\/#primaryimage\"},\"thumbnailUrl\":\"https:\\\/\\\/vanderloubet.com.br\\\/deputado\\\/wp-content\\\/uploads\\\/2018\\\/05\\\/foto-2018-05-08-saude-eletrocardiografo.jpg\",\"keywords\":[\"emenda parlamentar\",\"sa\u00fade\"],\"articleSection\":[\"Munic\u00edpios\",\"Not\u00edcias\"],\"inLanguage\":\"pt-BR\"},{\"@type\":\"WebPage\",\"@id\":\"https:\\\/\\\/vanderloubet.com.br\\\/deputado\\\/com-emenda-de-vander-postos-de-saude-de-campo-grande-recebem-1-milhao-em-melhorias\\\/\",\"url\":\"https:\\\/\\\/vanderloubet.com.br\\\/deputado\\\/com-emenda-de-vander-postos-de-saude-de-campo-grande-recebem-1-milhao-em-melhorias\\\/\",\"name\":\"Com emenda de Vander, postos de sa\u00fade de Campo Grande recebem R$ 1 milh\u00e3o em melhorias\",\"isPartOf\":{\"@id\":\"https:\\\/\\\/vanderloubet.com.br\\\/deputado\\\/#website\"},\"primaryImageOfPage\":{\"@id\":\"https:\\\/\\\/vanderloubet.com.br\\\/deputado\\\/com-emenda-de-vander-postos-de-saude-de-campo-grande-recebem-1-milhao-em-melhorias\\\/#primaryimage\"},\"image\":{\"@id\":\"https:\\\/\\\/vanderloubet.com.br\\\/deputado\\\/com-emenda-de-vander-postos-de-saude-de-campo-grande-recebem-1-milhao-em-melhorias\\\/#primaryimage\"},\"thumbnailUrl\":\"https:\\\/\\\/vanderloubet.com.br\\\/deputado\\\/wp-content\\\/uploads\\\/2018\\\/05\\\/foto-2018-05-08-saude-eletrocardiografo.jpg\",\"datePublished\":\"2018-05-08T19:31:30+00:00\",\"dateModified\":\"2018-05-09T16:32:24+00:00\",\"breadcrumb\":{\"@id\":\"https:\\\/\\\/vanderloubet.com.br\\\/deputado\\\/com-emenda-de-vander-postos-de-saude-de-campo-grande-recebem-1-milhao-em-melhorias\\\/#breadcrumb\"},\"inLanguage\":\"pt-BR\",\"potentialAction\":[{\"@type\":\"ReadAction\",\"target\":[\"https:\\\/\\\/vanderloubet.com.br\\\/deputado\\\/com-emenda-de-vander-postos-de-saude-de-campo-grande-recebem-1-milhao-em-melhorias\\\/\"]}]},{\"@type\":\"ImageObject\",\"inLanguage\":\"pt-BR\",\"@id\":\"https:\\\/\\\/vanderloubet.com.br\\\/deputado\\\/com-emenda-de-vander-postos-de-saude-de-campo-grande-recebem-1-milhao-em-melhorias\\\/#primaryimage\",\"url\":\"https:\\\/\\\/vanderloubet.com.br\\\/deputado\\\/wp-content\\\/uploads\\\/2018\\\/05\\\/foto-2018-05-08-saude-eletrocardiografo.jpg\",\"contentUrl\":\"https:\\\/\\\/vanderloubet.com.br\\\/deputado\\\/wp-content\\\/uploads\\\/2018\\\/05\\\/foto-2018-05-08-saude-eletrocardiografo.jpg\",\"width\":900,\"height\":600,\"caption\":\"Os cinco CRS est\u00e3o recebendo equipamentos como desfibriladores, camas hospitalares, monitores multiparam\u00e9tricos, eletrocardi\u00f3grafos e ventiladores pulmonares\"},{\"@type\":\"BreadcrumbList\",\"@id\":\"https:\\\/\\\/vanderloubet.com.br\\\/deputado\\\/com-emenda-de-vander-postos-de-saude-de-campo-grande-recebem-1-milhao-em-melhorias\\\/#breadcrumb\",\"itemListElement\":[{\"@type\":\"ListItem\",\"position\":1,\"name\":\"In\u00edcio\",\"item\":\"https:\\\/\\\/vanderloubet.com.br\\\/deputado\\\/\"},{\"@type\":\"ListItem\",\"position\":2,\"name\":\"Com emenda de Vander, postos de sa\u00fade de Campo Grande recebem R$ 1 milh\u00e3o em melhorias\"}]},{\"@type\":\"WebSite\",\"@id\":\"https:\\\/\\\/vanderloubet.com.br\\\/deputado\\\/#website\",\"url\":\"https:\\\/\\\/vanderloubet.com.br\\\/deputado\\\/\",\"name\":\"Deputado Federal Vander Loubet\",\"description\":\"O Federal de MS\",\"publisher\":{\"@id\":\"https:\\\/\\\/vanderloubet.com.br\\\/deputado\\\/#organization\"},\"alternateName\":\"Deputado Vander\",\"potentialAction\":[{\"@type\":\"SearchAction\",\"target\":{\"@type\":\"EntryPoint\",\"urlTemplate\":\"https:\\\/\\\/vanderloubet.com.br\\\/deputado\\\/?s={search_term_string}\"},\"query-input\":{\"@type\":\"PropertyValueSpecification\",\"valueRequired\":true,\"valueName\":\"search_term_string\"}}],\"inLanguage\":\"pt-BR\"},{\"@type\":\"Organization\",\"@id\":\"https:\\\/\\\/vanderloubet.com.br\\\/deputado\\\/#organization\",\"name\":\"Deputado Federal Vander Loubet\",\"alternateName\":\"Deputado Vander\",\"url\":\"https:\\\/\\\/vanderloubet.com.br\\\/deputado\\\/\",\"logo\":{\"@type\":\"ImageObject\",\"inLanguage\":\"pt-BR\",\"@id\":\"https:\\\/\\\/vanderloubet.com.br\\\/deputado\\\/#\\\/schema\\\/logo\\\/image\\\/\",\"url\":\"https:\\\/\\\/vanderloubet.com.br\\\/deputado\\\/wp-content\\\/uploads\\\/2023\\\/06\\\/foto-2023-06-19-mandato-deputado-vander.jpg\",\"contentUrl\":\"https:\\\/\\\/vanderloubet.com.br\\\/deputado\\\/wp-content\\\/uploads\\\/2023\\\/06\\\/foto-2023-06-19-mandato-deputado-vander.jpg\",\"width\":1080,\"height\":1080,\"caption\":\"Deputado Federal Vander Loubet\"},\"image\":{\"@id\":\"https:\\\/\\\/vanderloubet.com.br\\\/deputado\\\/#\\\/schema\\\/logo\\\/image\\\/\"},\"sameAs\":[\"https:\\\/\\\/facebook.com\\\/deputadovander\",\"https:\\\/\\\/x.com\\\/vanderloubet\",\"https:\\\/\\\/instagram.com\\\/vanderloubet\",\"https:\\\/\\\/youtube.com\\\/vanderloubet\",\"https:\\\/\\\/tiktok.com\\\/@vanderloubetms\"]},{\"@type\":\"Person\",\"@id\":\"https:\\\/\\\/vanderloubet.com.br\\\/deputado\\\/#\\\/schema\\\/person\\\/15b51bd564532a8a68d9dec1b8eb890e\",\"name\":\"\u00c9der\",\"image\":{\"@type\":\"ImageObject\",\"inLanguage\":\"pt-BR\",\"@id\":\"https:\\\/\\\/vanderloubet.com.br\\\/deputado\\\/wp-content\\\/litespeed\\\/avatar\\\/88ca4090d9d5ab1c9495f6ca03b68efa.jpg?ver=1777058957\",\"url\":\"https:\\\/\\\/vanderloubet.com.br\\\/deputado\\\/wp-content\\\/litespeed\\\/avatar\\\/88ca4090d9d5ab1c9495f6ca03b68efa.jpg?ver=1777058957\",\"contentUrl\":\"https:\\\/\\\/vanderloubet.com.br\\\/deputado\\\/wp-content\\\/litespeed\\\/avatar\\\/88ca4090d9d5ab1c9495f6ca03b68efa.jpg?ver=1777058957\",\"caption\":\"\u00c9der\"}}]}<\/script>\n<!-- \/ Yoast SEO plugin. -->","yoast_head_json":{"title":"Com emenda de Vander, postos de sa\u00fade de Campo Grande recebem R$ 1 milh\u00e3o em melhorias","robots":{"index":"index","follow":"follow","max-snippet":"max-snippet:-1","max-image-preview":"max-image-preview:large","max-video-preview":"max-video-preview:-1"},"canonical":"https:\/\/vanderloubet.com.br\/deputado\/com-emenda-de-vander-postos-de-saude-de-campo-grande-recebem-1-milhao-em-melhorias\/","og_locale":"pt_BR","og_type":"article","og_title":"Com emenda de Vander, postos de sa\u00fade de Campo Grande recebem R$ 1 milh\u00e3o em melhorias","og_description":"Est\u00e3o sendo atendidos Centros Regionais de Sa\u00fade (CRS) dos bairros Tiradentes, Guanandy, Nova Bahia, Aero Rancho e Coophavilla II.","og_url":"https:\/\/vanderloubet.com.br\/deputado\/com-emenda-de-vander-postos-de-saude-de-campo-grande-recebem-1-milhao-em-melhorias\/","og_site_name":"Deputado Federal Vander Loubet","article_publisher":"https:\/\/facebook.com\/deputadovander","article_published_time":"2018-05-08T19:31:30+00:00","article_modified_time":"2018-05-09T16:32:24+00:00","og_image":[{"width":900,"height":600,"url":"https:\/\/vanderloubet.com.br\/deputado\/wp-content\/uploads\/2018\/05\/foto-2018-05-08-saude-eletrocardiografo.jpg","type":"image\/jpeg"}],"author":"\u00c9der","twitter_card":"summary_large_image","twitter_creator":"@vanderloubet","twitter_site":"@vanderloubet","schema":{"@context":"https:\/\/schema.org","@graph":[{"@type":"Article","@id":"https:\/\/vanderloubet.com.br\/deputado\/com-emenda-de-vander-postos-de-saude-de-campo-grande-recebem-1-milhao-em-melhorias\/#article","isPartOf":{"@id":"https:\/\/vanderloubet.com.br\/deputado\/com-emenda-de-vander-postos-de-saude-de-campo-grande-recebem-1-milhao-em-melhorias\/"},"author":{"name":"\u00c9der","@id":"https:\/\/vanderloubet.com.br\/deputado\/#\/schema\/person\/15b51bd564532a8a68d9dec1b8eb890e"},"headline":"Com emenda de Vander, postos de sa\u00fade de Campo Grande recebem R$ 1 milh\u00e3o em melhorias","datePublished":"2018-05-08T19:31:30+00:00","dateModified":"2018-05-09T16:32:24+00:00","mainEntityOfPage":{"@id":"https:\/\/vanderloubet.com.br\/deputado\/com-emenda-de-vander-postos-de-saude-de-campo-grande-recebem-1-milhao-em-melhorias\/"},"wordCount":241,"publisher":{"@id":"https:\/\/vanderloubet.com.br\/deputado\/#organization"},"image":{"@id":"https:\/\/vanderloubet.com.br\/deputado\/com-emenda-de-vander-postos-de-saude-de-campo-grande-recebem-1-milhao-em-melhorias\/#primaryimage"},"thumbnailUrl":"https:\/\/vanderloubet.com.br\/deputado\/wp-content\/uploads\/2018\/05\/foto-2018-05-08-saude-eletrocardiografo.jpg","keywords":["emenda parlamentar","sa\u00fade"],"articleSection":["Munic\u00edpios","Not\u00edcias"],"inLanguage":"pt-BR"},{"@type":"WebPage","@id":"https:\/\/vanderloubet.com.br\/deputado\/com-emenda-de-vander-postos-de-saude-de-campo-grande-recebem-1-milhao-em-melhorias\/","url":"https:\/\/vanderloubet.com.br\/deputado\/com-emenda-de-vander-postos-de-saude-de-campo-grande-recebem-1-milhao-em-melhorias\/","name":"Com emenda de Vander, postos de sa\u00fade de Campo Grande recebem R$ 1 milh\u00e3o em melhorias","isPartOf":{"@id":"https:\/\/vanderloubet.com.br\/deputado\/#website"},"primaryImageOfPage":{"@id":"https:\/\/vanderloubet.com.br\/deputado\/com-emenda-de-vander-postos-de-saude-de-campo-grande-recebem-1-milhao-em-melhorias\/#primaryimage"},"image":{"@id":"https:\/\/vanderloubet.com.br\/deputado\/com-emenda-de-vander-postos-de-saude-de-campo-grande-recebem-1-milhao-em-melhorias\/#primaryimage"},"thumbnailUrl":"https:\/\/vanderloubet.com.br\/deputado\/wp-content\/uploads\/2018\/05\/foto-2018-05-08-saude-eletrocardiografo.jpg","datePublished":"2018-05-08T19:31:30+00:00","dateModified":"2018-05-09T16:32:24+00:00","breadcrumb":{"@id":"https:\/\/vanderloubet.com.br\/deputado\/com-emenda-de-vander-postos-de-saude-de-campo-grande-recebem-1-milhao-em-melhorias\/#breadcrumb"},"inLanguage":"pt-BR","potentialAction":[{"@type":"ReadAction","target":["https:\/\/vanderloubet.com.br\/deputado\/com-emenda-de-vander-postos-de-saude-de-campo-grande-recebem-1-milhao-em-melhorias\/"]}]},{"@type":"ImageObject","inLanguage":"pt-BR","@id":"https:\/\/vanderloubet.com.br\/deputado\/com-emenda-de-vander-postos-de-saude-de-campo-grande-recebem-1-milhao-em-melhorias\/#primaryimage","url":"https:\/\/vanderloubet.com.br\/deputado\/wp-content\/uploads\/2018\/05\/foto-2018-05-08-saude-eletrocardiografo.jpg","contentUrl":"https:\/\/vanderloubet.com.br\/deputado\/wp-content\/uploads\/2018\/05\/foto-2018-05-08-saude-eletrocardiografo.jpg","width":900,"height":600,"caption":"Os cinco CRS est\u00e3o recebendo equipamentos como desfibriladores, camas hospitalares, monitores multiparam\u00e9tricos, eletrocardi\u00f3grafos e ventiladores pulmonares"},{"@type":"BreadcrumbList","@id":"https:\/\/vanderloubet.com.br\/deputado\/com-emenda-de-vander-postos-de-saude-de-campo-grande-recebem-1-milhao-em-melhorias\/#breadcrumb","itemListElement":[{"@type":"ListItem","position":1,"name":"In\u00edcio","item":"https:\/\/vanderloubet.com.br\/deputado\/"},{"@type":"ListItem","position":2,"name":"Com emenda de Vander, postos de sa\u00fade de Campo Grande recebem R$ 1 milh\u00e3o em melhorias"}]},{"@type":"WebSite","@id":"https:\/\/vanderloubet.com.br\/deputado\/#website","url":"https:\/\/vanderloubet.com.br\/deputado\/","name":"Deputado Federal Vander Loubet","description":"O Federal de MS","publisher":{"@id":"https:\/\/vanderloubet.com.br\/deputado\/#organization"},"alternateName":"Deputado Vander","potentialAction":[{"@type":"SearchAction","target":{"@type":"EntryPoint","urlTemplate":"https:\/\/vanderloubet.com.br\/deputado\/?s={search_term_string}"},"query-input":{"@type":"PropertyValueSpecification","valueRequired":true,"valueName":"search_term_string"}}],"inLanguage":"pt-BR"},{"@type":"Organization","@id":"https:\/\/vanderloubet.com.br\/deputado\/#organization","name":"Deputado Federal Vander Loubet","alternateName":"Deputado Vander","url":"https:\/\/vanderloubet.com.br\/deputado\/","logo":{"@type":"ImageObject","inLanguage":"pt-BR","@id":"https:\/\/vanderloubet.com.br\/deputado\/#\/schema\/logo\/image\/","url":"https:\/\/vanderloubet.com.br\/deputado\/wp-content\/uploads\/2023\/06\/foto-2023-06-19-mandato-deputado-vander.jpg","contentUrl":"https:\/\/vanderloubet.com.br\/deputado\/wp-content\/uploads\/2023\/06\/foto-2023-06-19-mandato-deputado-vander.jpg","width":1080,"height":1080,"caption":"Deputado Federal Vander Loubet"},"image":{"@id":"https:\/\/vanderloubet.com.br\/deputado\/#\/schema\/logo\/image\/"},"sameAs":["https:\/\/facebook.com\/deputadovander","https:\/\/x.com\/vanderloubet","https:\/\/instagram.com\/vanderloubet","https:\/\/youtube.com\/vanderloubet","https:\/\/tiktok.com\/@vanderloubetms"]},{"@type":"Person","@id":"https:\/\/vanderloubet.com.br\/deputado\/#\/schema\/person\/15b51bd564532a8a68d9dec1b8eb890e","name":"\u00c9der","image":{"@type":"ImageObject","inLanguage":"pt-BR","@id":"https:\/\/vanderloubet.com.br\/deputado\/wp-content\/litespeed\/avatar\/88ca4090d9d5ab1c9495f6ca03b68efa.jpg?ver=1777058957","url":"https:\/\/vanderloubet.com.br\/deputado\/wp-content\/litespeed\/avatar\/88ca4090d9d5ab1c9495f6ca03b68efa.jpg?ver=1777058957","contentUrl":"https:\/\/vanderloubet.com.br\/deputado\/wp-content\/litespeed\/avatar\/88ca4090d9d5ab1c9495f6ca03b68efa.jpg?ver=1777058957","caption":"\u00c9der"}}]}},"jetpack_featured_media_url":"https:\/\/vanderloubet.com.br\/deputado\/wp-content\/uploads\/2018\/05\/foto-2018-05-08-saude-eletrocardiografo.jpg","jetpack_sharing_enabled":true,"_links":{"self":[{"href":"https:\/\/vanderloubet.com.br\/deputado\/wp-json\/wp\/v2\/posts\/13776","targetHints":{"allow":["GET"]}}],"collection":[{"href":"https:\/\/vanderloubet.com.br\/deputado\/wp-json\/wp\/v2\/posts"}],"about":[{"href":"https:\/\/vanderloubet.com.br\/deputado\/wp-json\/wp\/v2\/types\/post"}],"author":[{"embeddable":true,"href":"https:\/\/vanderloubet.com.br\/deputado\/wp-json\/wp\/v2\/users\/2"}],"replies":[{"embeddable":true,"href":"https:\/\/vanderloubet.com.br\/deputado\/wp-json\/wp\/v2\/comments?post=13776"}],"version-history":[{"count":0,"href":"https:\/\/vanderloubet.com.br\/deputado\/wp-json\/wp\/v2\/posts\/13776\/revisions"}],"wp:featuredmedia":[{"embeddable":true,"href":"https:\/\/vanderloubet.com.br\/deputado\/wp-json\/wp\/v2\/media\/13779"}],"wp:attachment":[{"href":"https:\/\/vanderloubet.com.br\/deputado\/wp-json\/wp\/v2\/media?parent=13776"}],"wp:term":[{"taxonomy":"category","embeddable":true,"href":"https:\/\/vanderloubet.com.br\/deputado\/wp-json\/wp\/v2\/categories?post=13776"},{"taxonomy":"post_tag","embeddable":true,"href":"https:\/\/vanderloubet.com.br\/deputado\/wp-json\/wp\/v2\/tags?post=13776"}],"curies":[{"name":"wp","href":"https:\/\/api.w.org\/{rel}","templated":true}]}}