{"id":13732,"date":"2018-04-03T15:35:15","date_gmt":"2018-04-03T19:35:15","guid":{"rendered":"http:\/\/vanderloubet.com.br\/deputado\/?p=13732"},"modified":"2018-04-03T15:41:42","modified_gmt":"2018-04-03T19:41:42","slug":"vander-e-zeca-viabilizam-em-quatro-anos-5-milhoes-para-corumba-e-ladario","status":"publish","type":"post","link":"https:\/\/vanderloubet.com.br\/deputado\/vander-e-zeca-viabilizam-em-quatro-anos-5-milhoes-para-corumba-e-ladario\/","title":{"rendered":"Vander e Zeca viabilizam em quatro anos R$ 5,6 milh\u00f5es para Corumb\u00e1 e Lad\u00e1rio"},"content":{"rendered":"\r\n                <style type=\"text\/css\">\r\n                    \r\n                    #tdi_1  .td-doubleSlider-2 .td-item1 {\r\n                        background: url(https:\/\/vanderloubet.com.br\/deputado\/wp-content\/uploads\/2018\/04\/foto-2018-04-03-corumba-80x60.jpg) 0 0 no-repeat;\r\n                    }\r\n                    #tdi_1  .td-doubleSlider-2 .td-item2 {\r\n                        background: url(https:\/\/vanderloubet.com.br\/deputado\/wp-content\/uploads\/2018\/04\/foto-2018-04-03-ladario-80x60.jpg) 0 0 no-repeat;\r\n                    }\r\n                <\/style>\r\n\r\n                <div id=\"tdi_1\" class=\"td-gallery td-slide-on-2-columns\">\r\n                    <div class=\"post_td_gallery\">\r\n                        <div class=\"td-gallery-slide-top\">\r\n                           <div class=\"td-gallery-title\"><\/div>\r\n\r\n                            <div class=\"td-gallery-controls-wrapper\">\r\n                                <div class=\"td-gallery-slide-count\"><span class=\"td-gallery-slide-item-focus\">1<\/span> de 2<\/div>\r\n                                <div class=\"td-gallery-slide-prev-next-but\">\r\n                                    <i class = \"td-icon-left doubleSliderPrevButton\"><\/i>\r\n                                    <i class = \"td-icon-right doubleSliderNextButton\"><\/i>\r\n                                <\/div>\r\n                            <\/div>\r\n                        <\/div>\r\n\r\n                        <div class = \"td-doubleSlider-1 \">\r\n                            <div class = \"td-slider\">\r\n                                \r\n                    <div class = \"td-slide-item td-item1\">\r\n                        <figure class=\"td-slide-galery-figure td-slide-popup-gallery\">\r\n                            <a class=\"slide-gallery-image-link\" href=\"https:\/\/vanderloubet.com.br\/deputado\/wp-content\/uploads\/2018\/04\/foto-2018-04-03-corumba.jpg\" title=\"Vista da cidade de Corumb\u00e1\"  data-caption=\"\"  data-description=\"Vista da cidade de Corumb&aacute;\">\r\n                                <img decoding=\"async\" src=\"https:\/\/vanderloubet.com.br\/deputado\/wp-content\/uploads\/2018\/04\/foto-2018-04-03-corumba-630x420.jpg\" srcset=\"https:\/\/vanderloubet.com.br\/deputado\/wp-content\/uploads\/2018\/04\/foto-2018-04-03-corumba-630x420.jpg 630w, https:\/\/vanderloubet.com.br\/deputado\/wp-content\/uploads\/2018\/04\/foto-2018-04-03-corumba-350x233.jpg 350w, https:\/\/vanderloubet.com.br\/deputado\/wp-content\/uploads\/2018\/04\/foto-2018-04-03-corumba-768x512.jpg 768w, https:\/\/vanderloubet.com.br\/deputado\/wp-content\/uploads\/2018\/04\/foto-2018-04-03-corumba-700x467.jpg 700w, https:\/\/vanderloubet.com.br\/deputado\/wp-content\/uploads\/2018\/04\/foto-2018-04-03-corumba-696x464.jpg 696w, https:\/\/vanderloubet.com.br\/deputado\/wp-content\/uploads\/2018\/04\/foto-2018-04-03-corumba.jpg 900w\" sizes=\"(max-width: 630px) 100vw, 630px\" alt=\"Vista da cidade de Corumb&aacute;\">\r\n                            <\/a>\r\n                            <figcaption class = \"td-slide-caption td-gallery-slide-content\"><span>Vista da cidade de Corumb\u00e1<\/span><\/figcaption>\r\n                        <\/figure>\r\n                    <\/div>\r\n                    <div class = \"td-slide-item td-item2\">\r\n                        <figure class=\"td-slide-galery-figure td-slide-popup-gallery\">\r\n                            <a class=\"slide-gallery-image-link\" href=\"https:\/\/vanderloubet.com.br\/deputado\/wp-content\/uploads\/2018\/04\/foto-2018-04-03-ladario.jpg\" title=\"Vista da cidade de Lad\u00e1rio\"  data-caption=\"\"  data-description=\"Vista da cidade de Lad&aacute;rio\">\r\n                                <img decoding=\"async\" src=\"https:\/\/vanderloubet.com.br\/deputado\/wp-content\/uploads\/2018\/04\/foto-2018-04-03-ladario-630x420.jpg\" srcset=\"https:\/\/vanderloubet.com.br\/deputado\/wp-content\/uploads\/2018\/04\/foto-2018-04-03-ladario-630x420.jpg 630w, https:\/\/vanderloubet.com.br\/deputado\/wp-content\/uploads\/2018\/04\/foto-2018-04-03-ladario-350x233.jpg 350w, https:\/\/vanderloubet.com.br\/deputado\/wp-content\/uploads\/2018\/04\/foto-2018-04-03-ladario-768x512.jpg 768w, https:\/\/vanderloubet.com.br\/deputado\/wp-content\/uploads\/2018\/04\/foto-2018-04-03-ladario-700x467.jpg 700w, https:\/\/vanderloubet.com.br\/deputado\/wp-content\/uploads\/2018\/04\/foto-2018-04-03-ladario-696x464.jpg 696w, https:\/\/vanderloubet.com.br\/deputado\/wp-content\/uploads\/2018\/04\/foto-2018-04-03-ladario.jpg 900w\" sizes=\"(max-width: 630px) 100vw, 630px\" alt=\"Vista da cidade de Lad&aacute;rio\">\r\n                            <\/a>\r\n                            <figcaption class = \"td-slide-caption td-gallery-slide-content\"><span>Vista da cidade de Lad\u00e1rio<\/span><\/figcaption>\r\n                        <\/figure>\r\n                    <\/div>\r\n                            <\/div>\r\n                        <\/div>\r\n\r\n                        <div class = \"td-doubleSlider-2\">\r\n                            <div class = \"td-slider\">\r\n                                \r\n                    <div class = \"td-button td-item1\">\r\n                        <div class = \"td-border\"><\/div>\r\n                    <\/div>\r\n                    <div class = \"td-button td-item2\">\r\n                        <div class = \"td-border\"><\/div>\r\n                    <\/div>\r\n                            <\/div>\r\n                        <\/div>\r\n\r\n                    <\/div>\r\n\r\n                <\/div>\r\n                \n<p>Os munic\u00edpios pantaneiros de Corumb\u00e1 e Lad\u00e1rio sempre puderam contar com o trabalho de Vander Loubet e Zeca do PT, desde a \u00e9poca em que o PT governou Mato Grosso do Sul. E agora n\u00e3o seria diferente. Em apenas quatro anos, os dois deputados federais viabilizaram cerca de R$ 5,6 milh\u00f5es em recursos para os munic\u00edpios. A verba est\u00e1 permitindo a execu\u00e7\u00e3o de a\u00e7\u00f5es voltadas para a agricultura familiar, infraestrutura urbana, cultura e sa\u00fade.<\/p>\n<p>Para Lad\u00e1rio s\u00e3o R$ 502 mil para pavimenta\u00e7\u00e3o e drenagem de ruas (fora a contrapartida do Estado na obra, que deve ser de mais R$ 502 mil) e R$ 650 mil para o custeio da sa\u00fade (compra de medicamentos). Para a agricultura familiar h\u00e1 a aquisi\u00e7\u00e3o de um caminh\u00e3o ba\u00fa, no valor de R$ 200 mil, para que os produtores do Assentamento 72 possam levar sua produ\u00e7\u00e3o at\u00e9 os mercados consumidores. Tamb\u00e9m est\u00e1 prevista a aquisi\u00e7\u00e3o de um ve\u00edculo de passeio e de barracas para organiza\u00e7\u00e3o da Feira da Agricultura Familiar de Lad\u00e1rio.<\/p>\n<p>J\u00e1 para Corumb\u00e1 os investimentos s\u00e3o de R$ 4,2 milh\u00f5es. S\u00f3 para o custeio da sa\u00fade s\u00e3o R$ 1,9 milh\u00e3o. Tamb\u00e9m h\u00e1 R$ 200 mil para a Apae da cidade e outros R$ 400 mil pela Funda\u00e7\u00e3o Nacional da Sa\u00fade (Funasa) para implanta\u00e7\u00e3o da rede de abastecimento de \u00e1gua para a tradicional comunidade Ant\u00f4nio Maria Coelho. Na \u00e1rea da cultura, ser\u00e1 reformado e ampliado o espa\u00e7o destinado ao com\u00e9rcio de artesanato local. A agricultura familiar de Corumb\u00e1 ir\u00e1 receber uma patrulha mecanizada (trator agr\u00edcola e implementos) e ter\u00e1 ainda a implanta\u00e7\u00e3o de duas unidades de produ\u00e7\u00e3o de derivados do leite com recursos das emendas parlamentares dos deputados.<\/p>\n<p>Uma das contrapartidas dos munic\u00edpios nestes investimentos \u00e9 a cria\u00e7\u00e3o do Fundo de Investimento na Agricultura Familiar (Fundagro), que ampliar\u00e1 os recursos para assentamentos, pequenas comunidades rurais, aldeias e quilombos.<\/p>\n","protected":false},"excerpt":{"rendered":"<p>Verba est\u00e1 permitindo a\u00e7\u00f5es para a agricultura familiar, infraestrutura urbana, cultura e sa\u00fade.<\/p>\n","protected":false},"author":2,"featured_media":13735,"comment_status":"closed","ping_status":"closed","sticky":false,"template":"","format":"standard","meta":{"jetpack_post_was_ever_published":false,"_jetpack_newsletter_access":"","_jetpack_dont_email_post_to_subs":false,"_jetpack_newsletter_tier_id":0,"_jetpack_memberships_contains_paywalled_content":false,"_jetpack_memberships_contains_paid_content":false,"footnotes":""},"categories":[2097,10],"tags":[2132,562,2127,2334,2281,1803],"class_list":{"0":"post-13732","1":"post","2":"type-post","3":"status-publish","4":"format-standard","5":"has-post-thumbnail","7":"category-municipios-noticias","8":"category-noticias","9":"tag-agricultura-familiar","10":"tag-cultura","11":"tag-emenda-parlamentar","12":"tag-infraestrutura-urbana","13":"tag-saneamento-basico","14":"tag-saude"},"yoast_head":"<!-- This site is optimized with the Yoast SEO plugin v27.4 - https:\/\/yoast.com\/product\/yoast-seo-wordpress\/ -->\n<title>Vander e Zeca viabilizam em quatro anos R$ 5,6 milh\u00f5es para Corumb\u00e1 e Lad\u00e1rio<\/title>\n<meta name=\"robots\" content=\"index, follow, max-snippet:-1, max-image-preview:large, max-video-preview:-1\" \/>\n<link rel=\"canonical\" href=\"https:\/\/vanderloubet.com.br\/deputado\/vander-e-zeca-viabilizam-em-quatro-anos-5-milhoes-para-corumba-e-ladario\/\" \/>\n<meta property=\"og:locale\" content=\"pt_BR\" \/>\n<meta property=\"og:type\" content=\"article\" \/>\n<meta property=\"og:title\" content=\"Vander e Zeca viabilizam em quatro anos R$ 5,6 milh\u00f5es para Corumb\u00e1 e Lad\u00e1rio\" \/>\n<meta property=\"og:description\" content=\"Verba est\u00e1 permitindo a\u00e7\u00f5es para a agricultura familiar, infraestrutura urbana, cultura e sa\u00fade.\" \/>\n<meta property=\"og:url\" content=\"https:\/\/vanderloubet.com.br\/deputado\/vander-e-zeca-viabilizam-em-quatro-anos-5-milhoes-para-corumba-e-ladario\/\" \/>\n<meta property=\"og:site_name\" content=\"Deputado Federal Vander Loubet\" \/>\n<meta property=\"article:publisher\" content=\"https:\/\/facebook.com\/deputadovander\" \/>\n<meta property=\"article:published_time\" content=\"2018-04-03T19:35:15+00:00\" \/>\n<meta property=\"article:modified_time\" content=\"2018-04-03T19:41:42+00:00\" \/>\n<meta property=\"og:image\" content=\"https:\/\/vanderloubet.com.br\/deputado\/wp-content\/uploads\/2018\/04\/foto-2018-04-03-corumba-ladario.jpg\" \/>\n\t<meta property=\"og:image:width\" content=\"900\" \/>\n\t<meta property=\"og:image:height\" content=\"600\" \/>\n\t<meta property=\"og:image:type\" content=\"image\/jpeg\" \/>\n<meta name=\"author\" content=\"\u00c9der\" \/>\n<meta name=\"twitter:card\" content=\"summary_large_image\" \/>\n<meta name=\"twitter:creator\" content=\"@vanderloubet\" \/>\n<meta name=\"twitter:site\" content=\"@vanderloubet\" \/>\n<script type=\"application\/ld+json\" class=\"yoast-schema-graph\">{\"@context\":\"https:\\\/\\\/schema.org\",\"@graph\":[{\"@type\":\"Article\",\"@id\":\"https:\\\/\\\/vanderloubet.com.br\\\/deputado\\\/vander-e-zeca-viabilizam-em-quatro-anos-5-milhoes-para-corumba-e-ladario\\\/#article\",\"isPartOf\":{\"@id\":\"https:\\\/\\\/vanderloubet.com.br\\\/deputado\\\/vander-e-zeca-viabilizam-em-quatro-anos-5-milhoes-para-corumba-e-ladario\\\/\"},\"author\":{\"name\":\"\u00c9der\",\"@id\":\"https:\\\/\\\/vanderloubet.com.br\\\/deputado\\\/#\\\/schema\\\/person\\\/15b51bd564532a8a68d9dec1b8eb890e\"},\"headline\":\"Vander e Zeca viabilizam em quatro anos R$ 5,6 milh\u00f5es para Corumb\u00e1 e Lad\u00e1rio\",\"datePublished\":\"2018-04-03T19:35:15+00:00\",\"dateModified\":\"2018-04-03T19:41:42+00:00\",\"mainEntityOfPage\":{\"@id\":\"https:\\\/\\\/vanderloubet.com.br\\\/deputado\\\/vander-e-zeca-viabilizam-em-quatro-anos-5-milhoes-para-corumba-e-ladario\\\/\"},\"wordCount\":354,\"publisher\":{\"@id\":\"https:\\\/\\\/vanderloubet.com.br\\\/deputado\\\/#organization\"},\"image\":{\"@id\":\"https:\\\/\\\/vanderloubet.com.br\\\/deputado\\\/vander-e-zeca-viabilizam-em-quatro-anos-5-milhoes-para-corumba-e-ladario\\\/#primaryimage\"},\"thumbnailUrl\":\"https:\\\/\\\/vanderloubet.com.br\\\/deputado\\\/wp-content\\\/uploads\\\/2018\\\/04\\\/foto-2018-04-03-corumba-ladario.jpg\",\"keywords\":[\"agricultura familiar\",\"cultura\",\"emenda parlamentar\",\"infraestrutura urbana\",\"saneamento b\u00e1sico\",\"sa\u00fade\"],\"articleSection\":[\"Munic\u00edpios\",\"Not\u00edcias\"],\"inLanguage\":\"pt-BR\"},{\"@type\":\"WebPage\",\"@id\":\"https:\\\/\\\/vanderloubet.com.br\\\/deputado\\\/vander-e-zeca-viabilizam-em-quatro-anos-5-milhoes-para-corumba-e-ladario\\\/\",\"url\":\"https:\\\/\\\/vanderloubet.com.br\\\/deputado\\\/vander-e-zeca-viabilizam-em-quatro-anos-5-milhoes-para-corumba-e-ladario\\\/\",\"name\":\"Vander e Zeca viabilizam em quatro anos R$ 5,6 milh\u00f5es para Corumb\u00e1 e Lad\u00e1rio\",\"isPartOf\":{\"@id\":\"https:\\\/\\\/vanderloubet.com.br\\\/deputado\\\/#website\"},\"primaryImageOfPage\":{\"@id\":\"https:\\\/\\\/vanderloubet.com.br\\\/deputado\\\/vander-e-zeca-viabilizam-em-quatro-anos-5-milhoes-para-corumba-e-ladario\\\/#primaryimage\"},\"image\":{\"@id\":\"https:\\\/\\\/vanderloubet.com.br\\\/deputado\\\/vander-e-zeca-viabilizam-em-quatro-anos-5-milhoes-para-corumba-e-ladario\\\/#primaryimage\"},\"thumbnailUrl\":\"https:\\\/\\\/vanderloubet.com.br\\\/deputado\\\/wp-content\\\/uploads\\\/2018\\\/04\\\/foto-2018-04-03-corumba-ladario.jpg\",\"datePublished\":\"2018-04-03T19:35:15+00:00\",\"dateModified\":\"2018-04-03T19:41:42+00:00\",\"breadcrumb\":{\"@id\":\"https:\\\/\\\/vanderloubet.com.br\\\/deputado\\\/vander-e-zeca-viabilizam-em-quatro-anos-5-milhoes-para-corumba-e-ladario\\\/#breadcrumb\"},\"inLanguage\":\"pt-BR\",\"potentialAction\":[{\"@type\":\"ReadAction\",\"target\":[\"https:\\\/\\\/vanderloubet.com.br\\\/deputado\\\/vander-e-zeca-viabilizam-em-quatro-anos-5-milhoes-para-corumba-e-ladario\\\/\"]}]},{\"@type\":\"ImageObject\",\"inLanguage\":\"pt-BR\",\"@id\":\"https:\\\/\\\/vanderloubet.com.br\\\/deputado\\\/vander-e-zeca-viabilizam-em-quatro-anos-5-milhoes-para-corumba-e-ladario\\\/#primaryimage\",\"url\":\"https:\\\/\\\/vanderloubet.com.br\\\/deputado\\\/wp-content\\\/uploads\\\/2018\\\/04\\\/foto-2018-04-03-corumba-ladario.jpg\",\"contentUrl\":\"https:\\\/\\\/vanderloubet.com.br\\\/deputado\\\/wp-content\\\/uploads\\\/2018\\\/04\\\/foto-2018-04-03-corumba-ladario.jpg\",\"width\":900,\"height\":600},{\"@type\":\"BreadcrumbList\",\"@id\":\"https:\\\/\\\/vanderloubet.com.br\\\/deputado\\\/vander-e-zeca-viabilizam-em-quatro-anos-5-milhoes-para-corumba-e-ladario\\\/#breadcrumb\",\"itemListElement\":[{\"@type\":\"ListItem\",\"position\":1,\"name\":\"In\u00edcio\",\"item\":\"https:\\\/\\\/vanderloubet.com.br\\\/deputado\\\/\"},{\"@type\":\"ListItem\",\"position\":2,\"name\":\"Vander e Zeca viabilizam em quatro anos R$ 5,6 milh\u00f5es para Corumb\u00e1 e Lad\u00e1rio\"}]},{\"@type\":\"WebSite\",\"@id\":\"https:\\\/\\\/vanderloubet.com.br\\\/deputado\\\/#website\",\"url\":\"https:\\\/\\\/vanderloubet.com.br\\\/deputado\\\/\",\"name\":\"Deputado Federal Vander Loubet\",\"description\":\"O Federal de MS\",\"publisher\":{\"@id\":\"https:\\\/\\\/vanderloubet.com.br\\\/deputado\\\/#organization\"},\"alternateName\":\"Deputado Vander\",\"potentialAction\":[{\"@type\":\"SearchAction\",\"target\":{\"@type\":\"EntryPoint\",\"urlTemplate\":\"https:\\\/\\\/vanderloubet.com.br\\\/deputado\\\/?s={search_term_string}\"},\"query-input\":{\"@type\":\"PropertyValueSpecification\",\"valueRequired\":true,\"valueName\":\"search_term_string\"}}],\"inLanguage\":\"pt-BR\"},{\"@type\":\"Organization\",\"@id\":\"https:\\\/\\\/vanderloubet.com.br\\\/deputado\\\/#organization\",\"name\":\"Deputado Federal Vander Loubet\",\"alternateName\":\"Deputado Vander\",\"url\":\"https:\\\/\\\/vanderloubet.com.br\\\/deputado\\\/\",\"logo\":{\"@type\":\"ImageObject\",\"inLanguage\":\"pt-BR\",\"@id\":\"https:\\\/\\\/vanderloubet.com.br\\\/deputado\\\/#\\\/schema\\\/logo\\\/image\\\/\",\"url\":\"https:\\\/\\\/vanderloubet.com.br\\\/deputado\\\/wp-content\\\/uploads\\\/2023\\\/06\\\/foto-2023-06-19-mandato-deputado-vander.jpg\",\"contentUrl\":\"https:\\\/\\\/vanderloubet.com.br\\\/deputado\\\/wp-content\\\/uploads\\\/2023\\\/06\\\/foto-2023-06-19-mandato-deputado-vander.jpg\",\"width\":1080,\"height\":1080,\"caption\":\"Deputado Federal Vander Loubet\"},\"image\":{\"@id\":\"https:\\\/\\\/vanderloubet.com.br\\\/deputado\\\/#\\\/schema\\\/logo\\\/image\\\/\"},\"sameAs\":[\"https:\\\/\\\/facebook.com\\\/deputadovander\",\"https:\\\/\\\/x.com\\\/vanderloubet\",\"https:\\\/\\\/instagram.com\\\/vanderloubet\",\"https:\\\/\\\/youtube.com\\\/vanderloubet\",\"https:\\\/\\\/tiktok.com\\\/@vanderloubetms\"]},{\"@type\":\"Person\",\"@id\":\"https:\\\/\\\/vanderloubet.com.br\\\/deputado\\\/#\\\/schema\\\/person\\\/15b51bd564532a8a68d9dec1b8eb890e\",\"name\":\"\u00c9der\",\"image\":{\"@type\":\"ImageObject\",\"inLanguage\":\"pt-BR\",\"@id\":\"https:\\\/\\\/vanderloubet.com.br\\\/deputado\\\/wp-content\\\/litespeed\\\/avatar\\\/88ca4090d9d5ab1c9495f6ca03b68efa.jpg?ver=1777058957\",\"url\":\"https:\\\/\\\/vanderloubet.com.br\\\/deputado\\\/wp-content\\\/litespeed\\\/avatar\\\/88ca4090d9d5ab1c9495f6ca03b68efa.jpg?ver=1777058957\",\"contentUrl\":\"https:\\\/\\\/vanderloubet.com.br\\\/deputado\\\/wp-content\\\/litespeed\\\/avatar\\\/88ca4090d9d5ab1c9495f6ca03b68efa.jpg?ver=1777058957\",\"caption\":\"\u00c9der\"}}]}<\/script>\n<!-- \/ Yoast SEO plugin. -->","yoast_head_json":{"title":"Vander e Zeca viabilizam em quatro anos R$ 5,6 milh\u00f5es para Corumb\u00e1 e Lad\u00e1rio","robots":{"index":"index","follow":"follow","max-snippet":"max-snippet:-1","max-image-preview":"max-image-preview:large","max-video-preview":"max-video-preview:-1"},"canonical":"https:\/\/vanderloubet.com.br\/deputado\/vander-e-zeca-viabilizam-em-quatro-anos-5-milhoes-para-corumba-e-ladario\/","og_locale":"pt_BR","og_type":"article","og_title":"Vander e Zeca viabilizam em quatro anos R$ 5,6 milh\u00f5es para Corumb\u00e1 e Lad\u00e1rio","og_description":"Verba est\u00e1 permitindo a\u00e7\u00f5es para a agricultura familiar, infraestrutura urbana, cultura e sa\u00fade.","og_url":"https:\/\/vanderloubet.com.br\/deputado\/vander-e-zeca-viabilizam-em-quatro-anos-5-milhoes-para-corumba-e-ladario\/","og_site_name":"Deputado Federal Vander Loubet","article_publisher":"https:\/\/facebook.com\/deputadovander","article_published_time":"2018-04-03T19:35:15+00:00","article_modified_time":"2018-04-03T19:41:42+00:00","og_image":[{"width":900,"height":600,"url":"https:\/\/vanderloubet.com.br\/deputado\/wp-content\/uploads\/2018\/04\/foto-2018-04-03-corumba-ladario.jpg","type":"image\/jpeg"}],"author":"\u00c9der","twitter_card":"summary_large_image","twitter_creator":"@vanderloubet","twitter_site":"@vanderloubet","schema":{"@context":"https:\/\/schema.org","@graph":[{"@type":"Article","@id":"https:\/\/vanderloubet.com.br\/deputado\/vander-e-zeca-viabilizam-em-quatro-anos-5-milhoes-para-corumba-e-ladario\/#article","isPartOf":{"@id":"https:\/\/vanderloubet.com.br\/deputado\/vander-e-zeca-viabilizam-em-quatro-anos-5-milhoes-para-corumba-e-ladario\/"},"author":{"name":"\u00c9der","@id":"https:\/\/vanderloubet.com.br\/deputado\/#\/schema\/person\/15b51bd564532a8a68d9dec1b8eb890e"},"headline":"Vander e Zeca viabilizam em quatro anos R$ 5,6 milh\u00f5es para Corumb\u00e1 e Lad\u00e1rio","datePublished":"2018-04-03T19:35:15+00:00","dateModified":"2018-04-03T19:41:42+00:00","mainEntityOfPage":{"@id":"https:\/\/vanderloubet.com.br\/deputado\/vander-e-zeca-viabilizam-em-quatro-anos-5-milhoes-para-corumba-e-ladario\/"},"wordCount":354,"publisher":{"@id":"https:\/\/vanderloubet.com.br\/deputado\/#organization"},"image":{"@id":"https:\/\/vanderloubet.com.br\/deputado\/vander-e-zeca-viabilizam-em-quatro-anos-5-milhoes-para-corumba-e-ladario\/#primaryimage"},"thumbnailUrl":"https:\/\/vanderloubet.com.br\/deputado\/wp-content\/uploads\/2018\/04\/foto-2018-04-03-corumba-ladario.jpg","keywords":["agricultura familiar","cultura","emenda parlamentar","infraestrutura urbana","saneamento b\u00e1sico","sa\u00fade"],"articleSection":["Munic\u00edpios","Not\u00edcias"],"inLanguage":"pt-BR"},{"@type":"WebPage","@id":"https:\/\/vanderloubet.com.br\/deputado\/vander-e-zeca-viabilizam-em-quatro-anos-5-milhoes-para-corumba-e-ladario\/","url":"https:\/\/vanderloubet.com.br\/deputado\/vander-e-zeca-viabilizam-em-quatro-anos-5-milhoes-para-corumba-e-ladario\/","name":"Vander e Zeca viabilizam em quatro anos R$ 5,6 milh\u00f5es para Corumb\u00e1 e Lad\u00e1rio","isPartOf":{"@id":"https:\/\/vanderloubet.com.br\/deputado\/#website"},"primaryImageOfPage":{"@id":"https:\/\/vanderloubet.com.br\/deputado\/vander-e-zeca-viabilizam-em-quatro-anos-5-milhoes-para-corumba-e-ladario\/#primaryimage"},"image":{"@id":"https:\/\/vanderloubet.com.br\/deputado\/vander-e-zeca-viabilizam-em-quatro-anos-5-milhoes-para-corumba-e-ladario\/#primaryimage"},"thumbnailUrl":"https:\/\/vanderloubet.com.br\/deputado\/wp-content\/uploads\/2018\/04\/foto-2018-04-03-corumba-ladario.jpg","datePublished":"2018-04-03T19:35:15+00:00","dateModified":"2018-04-03T19:41:42+00:00","breadcrumb":{"@id":"https:\/\/vanderloubet.com.br\/deputado\/vander-e-zeca-viabilizam-em-quatro-anos-5-milhoes-para-corumba-e-ladario\/#breadcrumb"},"inLanguage":"pt-BR","potentialAction":[{"@type":"ReadAction","target":["https:\/\/vanderloubet.com.br\/deputado\/vander-e-zeca-viabilizam-em-quatro-anos-5-milhoes-para-corumba-e-ladario\/"]}]},{"@type":"ImageObject","inLanguage":"pt-BR","@id":"https:\/\/vanderloubet.com.br\/deputado\/vander-e-zeca-viabilizam-em-quatro-anos-5-milhoes-para-corumba-e-ladario\/#primaryimage","url":"https:\/\/vanderloubet.com.br\/deputado\/wp-content\/uploads\/2018\/04\/foto-2018-04-03-corumba-ladario.jpg","contentUrl":"https:\/\/vanderloubet.com.br\/deputado\/wp-content\/uploads\/2018\/04\/foto-2018-04-03-corumba-ladario.jpg","width":900,"height":600},{"@type":"BreadcrumbList","@id":"https:\/\/vanderloubet.com.br\/deputado\/vander-e-zeca-viabilizam-em-quatro-anos-5-milhoes-para-corumba-e-ladario\/#breadcrumb","itemListElement":[{"@type":"ListItem","position":1,"name":"In\u00edcio","item":"https:\/\/vanderloubet.com.br\/deputado\/"},{"@type":"ListItem","position":2,"name":"Vander e Zeca viabilizam em quatro anos R$ 5,6 milh\u00f5es para Corumb\u00e1 e Lad\u00e1rio"}]},{"@type":"WebSite","@id":"https:\/\/vanderloubet.com.br\/deputado\/#website","url":"https:\/\/vanderloubet.com.br\/deputado\/","name":"Deputado Federal Vander Loubet","description":"O Federal de MS","publisher":{"@id":"https:\/\/vanderloubet.com.br\/deputado\/#organization"},"alternateName":"Deputado Vander","potentialAction":[{"@type":"SearchAction","target":{"@type":"EntryPoint","urlTemplate":"https:\/\/vanderloubet.com.br\/deputado\/?s={search_term_string}"},"query-input":{"@type":"PropertyValueSpecification","valueRequired":true,"valueName":"search_term_string"}}],"inLanguage":"pt-BR"},{"@type":"Organization","@id":"https:\/\/vanderloubet.com.br\/deputado\/#organization","name":"Deputado Federal Vander Loubet","alternateName":"Deputado Vander","url":"https:\/\/vanderloubet.com.br\/deputado\/","logo":{"@type":"ImageObject","inLanguage":"pt-BR","@id":"https:\/\/vanderloubet.com.br\/deputado\/#\/schema\/logo\/image\/","url":"https:\/\/vanderloubet.com.br\/deputado\/wp-content\/uploads\/2023\/06\/foto-2023-06-19-mandato-deputado-vander.jpg","contentUrl":"https:\/\/vanderloubet.com.br\/deputado\/wp-content\/uploads\/2023\/06\/foto-2023-06-19-mandato-deputado-vander.jpg","width":1080,"height":1080,"caption":"Deputado Federal Vander Loubet"},"image":{"@id":"https:\/\/vanderloubet.com.br\/deputado\/#\/schema\/logo\/image\/"},"sameAs":["https:\/\/facebook.com\/deputadovander","https:\/\/x.com\/vanderloubet","https:\/\/instagram.com\/vanderloubet","https:\/\/youtube.com\/vanderloubet","https:\/\/tiktok.com\/@vanderloubetms"]},{"@type":"Person","@id":"https:\/\/vanderloubet.com.br\/deputado\/#\/schema\/person\/15b51bd564532a8a68d9dec1b8eb890e","name":"\u00c9der","image":{"@type":"ImageObject","inLanguage":"pt-BR","@id":"https:\/\/vanderloubet.com.br\/deputado\/wp-content\/litespeed\/avatar\/88ca4090d9d5ab1c9495f6ca03b68efa.jpg?ver=1777058957","url":"https:\/\/vanderloubet.com.br\/deputado\/wp-content\/litespeed\/avatar\/88ca4090d9d5ab1c9495f6ca03b68efa.jpg?ver=1777058957","contentUrl":"https:\/\/vanderloubet.com.br\/deputado\/wp-content\/litespeed\/avatar\/88ca4090d9d5ab1c9495f6ca03b68efa.jpg?ver=1777058957","caption":"\u00c9der"}}]}},"jetpack_featured_media_url":"https:\/\/vanderloubet.com.br\/deputado\/wp-content\/uploads\/2018\/04\/foto-2018-04-03-corumba-ladario.jpg","jetpack_sharing_enabled":true,"_links":{"self":[{"href":"https:\/\/vanderloubet.com.br\/deputado\/wp-json\/wp\/v2\/posts\/13732","targetHints":{"allow":["GET"]}}],"collection":[{"href":"https:\/\/vanderloubet.com.br\/deputado\/wp-json\/wp\/v2\/posts"}],"about":[{"href":"https:\/\/vanderloubet.com.br\/deputado\/wp-json\/wp\/v2\/types\/post"}],"author":[{"embeddable":true,"href":"https:\/\/vanderloubet.com.br\/deputado\/wp-json\/wp\/v2\/users\/2"}],"replies":[{"embeddable":true,"href":"https:\/\/vanderloubet.com.br\/deputado\/wp-json\/wp\/v2\/comments?post=13732"}],"version-history":[{"count":0,"href":"https:\/\/vanderloubet.com.br\/deputado\/wp-json\/wp\/v2\/posts\/13732\/revisions"}],"wp:featuredmedia":[{"embeddable":true,"href":"https:\/\/vanderloubet.com.br\/deputado\/wp-json\/wp\/v2\/media\/13735"}],"wp:attachment":[{"href":"https:\/\/vanderloubet.com.br\/deputado\/wp-json\/wp\/v2\/media?parent=13732"}],"wp:term":[{"taxonomy":"category","embeddable":true,"href":"https:\/\/vanderloubet.com.br\/deputado\/wp-json\/wp\/v2\/categories?post=13732"},{"taxonomy":"post_tag","embeddable":true,"href":"https:\/\/vanderloubet.com.br\/deputado\/wp-json\/wp\/v2\/tags?post=13732"}],"curies":[{"name":"wp","href":"https:\/\/api.w.org\/{rel}","templated":true}]}}