{"id":13658,"date":"2018-02-22T16:22:28","date_gmt":"2018-02-22T20:22:28","guid":{"rendered":"http:\/\/vanderloubet.com.br\/deputado\/?p=13658"},"modified":"2018-03-29T21:08:53","modified_gmt":"2018-03-30T01:08:53","slug":"vander-rechaca-reforma-da-previdencia-projeto-que-prejudica-mais-pobres-mulheres-e-negros","status":"publish","type":"post","link":"https:\/\/vanderloubet.com.br\/deputado\/vander-rechaca-reforma-da-previdencia-projeto-que-prejudica-mais-pobres-mulheres-e-negros\/","title":{"rendered":"Vander recha\u00e7a Reforma da Previd\u00eancia, projeto que prejudica mais pobres, mulheres e negros"},"content":{"rendered":"<figure id=\"attachment_13659\" aria-describedby=\"caption-attachment-13659\" style=\"width: 700px\" class=\"wp-caption alignnone\"><img decoding=\"async\" class=\"wp-image-13659 size-large\" title=\"Deputado Vander Loubet (Foto: Jo\u00e3o Cirilo)\" src=\"http:\/\/vanderloubet.com.br\/deputado\/wp-content\/uploads\/2018\/02\/foto-2018-02-22-deputado-vander-loubet-700x467.jpg\" alt=\"Deputado Vander Loubet (Foto: Jo\u00e3o Cirilo)\" width=\"700\" height=\"467\" srcset=\"https:\/\/vanderloubet.com.br\/deputado\/wp-content\/uploads\/2018\/02\/foto-2018-02-22-deputado-vander-loubet-700x467.jpg 700w, https:\/\/vanderloubet.com.br\/deputado\/wp-content\/uploads\/2018\/02\/foto-2018-02-22-deputado-vander-loubet-350x233.jpg 350w, https:\/\/vanderloubet.com.br\/deputado\/wp-content\/uploads\/2018\/02\/foto-2018-02-22-deputado-vander-loubet-768x512.jpg 768w, https:\/\/vanderloubet.com.br\/deputado\/wp-content\/uploads\/2018\/02\/foto-2018-02-22-deputado-vander-loubet-630x420.jpg 630w, https:\/\/vanderloubet.com.br\/deputado\/wp-content\/uploads\/2018\/02\/foto-2018-02-22-deputado-vander-loubet-696x464.jpg 696w, https:\/\/vanderloubet.com.br\/deputado\/wp-content\/uploads\/2018\/02\/foto-2018-02-22-deputado-vander-loubet-1068x712.jpg 1068w, https:\/\/vanderloubet.com.br\/deputado\/wp-content\/uploads\/2018\/02\/foto-2018-02-22-deputado-vander-loubet.jpg 1080w\" sizes=\"(max-width: 700px) 100vw, 700px\" \/><figcaption id=\"caption-attachment-13659\" class=\"wp-caption-text\">Deputado Vander Loubet (Foto: Jo\u00e3o Cirilo)<\/figcaption><\/figure>\n<p>No retorno dos trabalhos legislativos em Bras\u00edlia, o deputado federal Vander Loubet (PT-MS) voltou a criticar a proposta do governo de Michel Temer e dos seus aliados de colocar em pauta na C\u00e2mara dos Deputados a vota\u00e7\u00e3o da Proposta de Emenda \u00e0 Constitu\u00e7\u00e3o (PEC) 287\/2016, que trata da Reforma da Previd\u00eancia. Para o parlamentar, trata-se de mais um projeto nocivo aos trabalhadores.<\/p>\n<p>&#8220;Essa reforma previdenci\u00e1ria defendida pelo governo teria um impacto muito negativo na vida dos trabalhadores. Seria praticamente o fim da aposentadoria para a maioria da popula\u00e7\u00e3o. Ou seja, junto com a terceiriza\u00e7\u00e3o ilimitada e a Reforma Trabalhista &#8211; que j\u00e1 foram aprovadas &#8211; essa PEC forma o trip\u00e9 de maldades do governo golpista contra o povo&#8221;, sentenciou Vander.<\/p>\n<p>Respons\u00e1veis pelo boletim &#8220;(Des)prote\u00e7\u00e3o social: impactos da reforma da Previd\u00eancia no contexto urbano&#8221;, os consultores legislativos Joana Mostafa e M\u00e1rio Theodoro, do Senado Federal, avaliam que, levando em conta a rotatividade m\u00e9dia e o tempo m\u00e9dio de desemprego no Brasil, a exig\u00eancia de pelo menos 40 anos de contribui\u00e7\u00e3o prevista no texto da Reforma significa 53 anos de vida laboral ativa, enquanto o m\u00ednimo de 25 anos de contribui\u00e7\u00e3o equivalem a 33 anos de vida laboral ativa. &#8220;S\u00e3o n\u00fameros que denotam a perversidade e a falta de perspectiva social da PEC 287&#8221;, concluem.<\/p>\n<p>A prop\u00f3sito, a idade m\u00ednima e o tempo de contribui\u00e7\u00e3o exigidos pela Reforma da Previd\u00eancia s\u00e3o pontos muito questionados por Vander Loubet. &#8220;Quais as categorias profissionais que permitem que a pessoa possa trabalhar at\u00e9 os 65 anos e que contribua 40 anos para o INSS? Muito poucas. Como voc\u00ea vai exigir isso de um pedreiro, de um professor de escola p\u00fablica, de uma vendedora que fica o dia inteiro de p\u00e9, de uma cozinheira de restaurante que trabalha com pesadas panelas?&#8221;, indaga o deputado.<\/p>\n<p>Ainda de acordo com os consultores do Senado, a proposta quer &#8220;colapsar&#8221; dois &#8220;Brasis&#8221; em um s\u00f3. De um lado, dizem, h\u00e1 um Brasil com empregos mais est\u00e1veis, sal\u00e1rios maiores e trabalhadores mais escolarizados, formados principalmente por homens, empregados via CLT, que se aposentam pela modalidade de tempo de contribui\u00e7\u00e3o aos 55 anos de idade, tendo acumulado 33 anos de contribui\u00e7\u00e3o, em m\u00e9dia.<\/p>\n<p>O &#8220;outro Brasil&#8221;, que seria mais prejudicado, \u00e9 composto por trabalhadores que t\u00eam trajet\u00f3rias entrecortadas por per\u00edodos extensos de desemprego, marcadas pela informalidade e por longas jornadas de trabalho n\u00e3o remunerado, que se referem a cuidados e afazeres dom\u00e9sticos. Nesse Brasil, os trabalhadores s\u00e3o, em maioria, mulheres, t\u00eam menor remunera\u00e7\u00e3o, s\u00e3o menos escolarizados e t\u00eam acesso \u00e0 aposentadoria por idade aos 64 anos, tendo acumulado apenas 19 anos de contribui\u00e7\u00e3o, em m\u00e9dia.<\/p>\n","protected":false},"excerpt":{"rendered":"<p>&#8220;Seria praticamente o fim da aposentadoria para a maioria da popula\u00e7\u00e3o&#8221;, avalia o deputado.<\/p>\n","protected":false},"author":2,"featured_media":13659,"comment_status":"closed","ping_status":"closed","sticky":false,"template":"","format":"standard","meta":{"jetpack_post_was_ever_published":false,"_jetpack_newsletter_access":"","_jetpack_dont_email_post_to_subs":false,"_jetpack_newsletter_tier_id":0,"_jetpack_memberships_contains_paywalled_content":false,"_jetpack_memberships_contains_paid_content":false,"footnotes":""},"categories":[2098,10],"tags":[1514,2300,2386],"class_list":{"0":"post-13658","1":"post","2":"type-post","3":"status-publish","4":"format-standard","5":"has-post-thumbnail","7":"category-brasil-noticias","8":"category-noticias","9":"tag-pec","10":"tag-proposta-de-emenda-a-constituicao","11":"tag-reforma-da-previdencia"},"yoast_head":"<!-- This site is optimized with the Yoast SEO plugin v27.4 - https:\/\/yoast.com\/product\/yoast-seo-wordpress\/ -->\n<title>Vander recha\u00e7a Reforma da Previd\u00eancia, projeto que prejudica mais pobres, mulheres e negros<\/title>\n<meta name=\"robots\" content=\"index, follow, max-snippet:-1, max-image-preview:large, max-video-preview:-1\" \/>\n<link rel=\"canonical\" href=\"https:\/\/vanderloubet.com.br\/deputado\/vander-rechaca-reforma-da-previdencia-projeto-que-prejudica-mais-pobres-mulheres-e-negros\/\" \/>\n<meta property=\"og:locale\" content=\"pt_BR\" \/>\n<meta property=\"og:type\" content=\"article\" \/>\n<meta property=\"og:title\" content=\"Vander recha\u00e7a Reforma da Previd\u00eancia, projeto que prejudica mais pobres, mulheres e negros\" \/>\n<meta property=\"og:description\" content=\"&quot;Seria praticamente o fim da aposentadoria para a maioria da popula\u00e7\u00e3o&quot;, avalia o deputado.\" \/>\n<meta property=\"og:url\" content=\"https:\/\/vanderloubet.com.br\/deputado\/vander-rechaca-reforma-da-previdencia-projeto-que-prejudica-mais-pobres-mulheres-e-negros\/\" \/>\n<meta property=\"og:site_name\" content=\"Deputado Federal Vander Loubet\" \/>\n<meta property=\"article:publisher\" content=\"https:\/\/facebook.com\/deputadovander\" \/>\n<meta property=\"article:published_time\" content=\"2018-02-22T20:22:28+00:00\" \/>\n<meta property=\"article:modified_time\" content=\"2018-03-30T01:08:53+00:00\" \/>\n<meta property=\"og:image\" content=\"https:\/\/vanderloubet.com.br\/deputado\/wp-content\/uploads\/2018\/02\/foto-2018-02-22-deputado-vander-loubet.jpg\" \/>\n\t<meta property=\"og:image:width\" content=\"1080\" \/>\n\t<meta property=\"og:image:height\" content=\"720\" \/>\n\t<meta property=\"og:image:type\" content=\"image\/jpeg\" \/>\n<meta name=\"author\" content=\"\u00c9der\" \/>\n<meta name=\"twitter:card\" content=\"summary_large_image\" \/>\n<meta name=\"twitter:creator\" content=\"@vanderloubet\" \/>\n<meta name=\"twitter:site\" content=\"@vanderloubet\" \/>\n<script type=\"application\/ld+json\" class=\"yoast-schema-graph\">{\"@context\":\"https:\\\/\\\/schema.org\",\"@graph\":[{\"@type\":\"Article\",\"@id\":\"https:\\\/\\\/vanderloubet.com.br\\\/deputado\\\/vander-rechaca-reforma-da-previdencia-projeto-que-prejudica-mais-pobres-mulheres-e-negros\\\/#article\",\"isPartOf\":{\"@id\":\"https:\\\/\\\/vanderloubet.com.br\\\/deputado\\\/vander-rechaca-reforma-da-previdencia-projeto-que-prejudica-mais-pobres-mulheres-e-negros\\\/\"},\"author\":{\"name\":\"\u00c9der\",\"@id\":\"https:\\\/\\\/vanderloubet.com.br\\\/deputado\\\/#\\\/schema\\\/person\\\/15b51bd564532a8a68d9dec1b8eb890e\"},\"headline\":\"Vander recha\u00e7a Reforma da Previd\u00eancia, projeto que prejudica mais pobres, mulheres e negros\",\"datePublished\":\"2018-02-22T20:22:28+00:00\",\"dateModified\":\"2018-03-30T01:08:53+00:00\",\"mainEntityOfPage\":{\"@id\":\"https:\\\/\\\/vanderloubet.com.br\\\/deputado\\\/vander-rechaca-reforma-da-previdencia-projeto-que-prejudica-mais-pobres-mulheres-e-negros\\\/\"},\"wordCount\":490,\"publisher\":{\"@id\":\"https:\\\/\\\/vanderloubet.com.br\\\/deputado\\\/#organization\"},\"image\":{\"@id\":\"https:\\\/\\\/vanderloubet.com.br\\\/deputado\\\/vander-rechaca-reforma-da-previdencia-projeto-que-prejudica-mais-pobres-mulheres-e-negros\\\/#primaryimage\"},\"thumbnailUrl\":\"https:\\\/\\\/vanderloubet.com.br\\\/deputado\\\/wp-content\\\/uploads\\\/2018\\\/02\\\/foto-2018-02-22-deputado-vander-loubet.jpg\",\"keywords\":[\"pec\",\"proposta de emenda \u00e0 constitui\u00e7\u00e3o\",\"reforma da previd\u00eancia\"],\"articleSection\":[\"Brasil\",\"Not\u00edcias\"],\"inLanguage\":\"pt-BR\"},{\"@type\":\"WebPage\",\"@id\":\"https:\\\/\\\/vanderloubet.com.br\\\/deputado\\\/vander-rechaca-reforma-da-previdencia-projeto-que-prejudica-mais-pobres-mulheres-e-negros\\\/\",\"url\":\"https:\\\/\\\/vanderloubet.com.br\\\/deputado\\\/vander-rechaca-reforma-da-previdencia-projeto-que-prejudica-mais-pobres-mulheres-e-negros\\\/\",\"name\":\"Vander recha\u00e7a Reforma da Previd\u00eancia, projeto que prejudica mais pobres, mulheres e negros\",\"isPartOf\":{\"@id\":\"https:\\\/\\\/vanderloubet.com.br\\\/deputado\\\/#website\"},\"primaryImageOfPage\":{\"@id\":\"https:\\\/\\\/vanderloubet.com.br\\\/deputado\\\/vander-rechaca-reforma-da-previdencia-projeto-que-prejudica-mais-pobres-mulheres-e-negros\\\/#primaryimage\"},\"image\":{\"@id\":\"https:\\\/\\\/vanderloubet.com.br\\\/deputado\\\/vander-rechaca-reforma-da-previdencia-projeto-que-prejudica-mais-pobres-mulheres-e-negros\\\/#primaryimage\"},\"thumbnailUrl\":\"https:\\\/\\\/vanderloubet.com.br\\\/deputado\\\/wp-content\\\/uploads\\\/2018\\\/02\\\/foto-2018-02-22-deputado-vander-loubet.jpg\",\"datePublished\":\"2018-02-22T20:22:28+00:00\",\"dateModified\":\"2018-03-30T01:08:53+00:00\",\"breadcrumb\":{\"@id\":\"https:\\\/\\\/vanderloubet.com.br\\\/deputado\\\/vander-rechaca-reforma-da-previdencia-projeto-que-prejudica-mais-pobres-mulheres-e-negros\\\/#breadcrumb\"},\"inLanguage\":\"pt-BR\",\"potentialAction\":[{\"@type\":\"ReadAction\",\"target\":[\"https:\\\/\\\/vanderloubet.com.br\\\/deputado\\\/vander-rechaca-reforma-da-previdencia-projeto-que-prejudica-mais-pobres-mulheres-e-negros\\\/\"]}]},{\"@type\":\"ImageObject\",\"inLanguage\":\"pt-BR\",\"@id\":\"https:\\\/\\\/vanderloubet.com.br\\\/deputado\\\/vander-rechaca-reforma-da-previdencia-projeto-que-prejudica-mais-pobres-mulheres-e-negros\\\/#primaryimage\",\"url\":\"https:\\\/\\\/vanderloubet.com.br\\\/deputado\\\/wp-content\\\/uploads\\\/2018\\\/02\\\/foto-2018-02-22-deputado-vander-loubet.jpg\",\"contentUrl\":\"https:\\\/\\\/vanderloubet.com.br\\\/deputado\\\/wp-content\\\/uploads\\\/2018\\\/02\\\/foto-2018-02-22-deputado-vander-loubet.jpg\",\"width\":1080,\"height\":720,\"caption\":\"Deputado Vander Loubet (Foto: Jo\u00e3o Cirilo)\"},{\"@type\":\"BreadcrumbList\",\"@id\":\"https:\\\/\\\/vanderloubet.com.br\\\/deputado\\\/vander-rechaca-reforma-da-previdencia-projeto-que-prejudica-mais-pobres-mulheres-e-negros\\\/#breadcrumb\",\"itemListElement\":[{\"@type\":\"ListItem\",\"position\":1,\"name\":\"In\u00edcio\",\"item\":\"https:\\\/\\\/vanderloubet.com.br\\\/deputado\\\/\"},{\"@type\":\"ListItem\",\"position\":2,\"name\":\"Vander recha\u00e7a Reforma da Previd\u00eancia, projeto que prejudica mais pobres, mulheres e negros\"}]},{\"@type\":\"WebSite\",\"@id\":\"https:\\\/\\\/vanderloubet.com.br\\\/deputado\\\/#website\",\"url\":\"https:\\\/\\\/vanderloubet.com.br\\\/deputado\\\/\",\"name\":\"Deputado Federal Vander Loubet\",\"description\":\"O Federal de MS\",\"publisher\":{\"@id\":\"https:\\\/\\\/vanderloubet.com.br\\\/deputado\\\/#organization\"},\"alternateName\":\"Deputado Vander\",\"potentialAction\":[{\"@type\":\"SearchAction\",\"target\":{\"@type\":\"EntryPoint\",\"urlTemplate\":\"https:\\\/\\\/vanderloubet.com.br\\\/deputado\\\/?s={search_term_string}\"},\"query-input\":{\"@type\":\"PropertyValueSpecification\",\"valueRequired\":true,\"valueName\":\"search_term_string\"}}],\"inLanguage\":\"pt-BR\"},{\"@type\":\"Organization\",\"@id\":\"https:\\\/\\\/vanderloubet.com.br\\\/deputado\\\/#organization\",\"name\":\"Deputado Federal Vander Loubet\",\"alternateName\":\"Deputado Vander\",\"url\":\"https:\\\/\\\/vanderloubet.com.br\\\/deputado\\\/\",\"logo\":{\"@type\":\"ImageObject\",\"inLanguage\":\"pt-BR\",\"@id\":\"https:\\\/\\\/vanderloubet.com.br\\\/deputado\\\/#\\\/schema\\\/logo\\\/image\\\/\",\"url\":\"https:\\\/\\\/vanderloubet.com.br\\\/deputado\\\/wp-content\\\/uploads\\\/2023\\\/06\\\/foto-2023-06-19-mandato-deputado-vander.jpg\",\"contentUrl\":\"https:\\\/\\\/vanderloubet.com.br\\\/deputado\\\/wp-content\\\/uploads\\\/2023\\\/06\\\/foto-2023-06-19-mandato-deputado-vander.jpg\",\"width\":1080,\"height\":1080,\"caption\":\"Deputado Federal Vander Loubet\"},\"image\":{\"@id\":\"https:\\\/\\\/vanderloubet.com.br\\\/deputado\\\/#\\\/schema\\\/logo\\\/image\\\/\"},\"sameAs\":[\"https:\\\/\\\/facebook.com\\\/deputadovander\",\"https:\\\/\\\/x.com\\\/vanderloubet\",\"https:\\\/\\\/instagram.com\\\/vanderloubet\",\"https:\\\/\\\/youtube.com\\\/vanderloubet\",\"https:\\\/\\\/tiktok.com\\\/@vanderloubetms\"]},{\"@type\":\"Person\",\"@id\":\"https:\\\/\\\/vanderloubet.com.br\\\/deputado\\\/#\\\/schema\\\/person\\\/15b51bd564532a8a68d9dec1b8eb890e\",\"name\":\"\u00c9der\",\"image\":{\"@type\":\"ImageObject\",\"inLanguage\":\"pt-BR\",\"@id\":\"https:\\\/\\\/vanderloubet.com.br\\\/deputado\\\/wp-content\\\/litespeed\\\/avatar\\\/88ca4090d9d5ab1c9495f6ca03b68efa.jpg?ver=1777058957\",\"url\":\"https:\\\/\\\/vanderloubet.com.br\\\/deputado\\\/wp-content\\\/litespeed\\\/avatar\\\/88ca4090d9d5ab1c9495f6ca03b68efa.jpg?ver=1777058957\",\"contentUrl\":\"https:\\\/\\\/vanderloubet.com.br\\\/deputado\\\/wp-content\\\/litespeed\\\/avatar\\\/88ca4090d9d5ab1c9495f6ca03b68efa.jpg?ver=1777058957\",\"caption\":\"\u00c9der\"}}]}<\/script>\n<!-- \/ Yoast SEO plugin. -->","yoast_head_json":{"title":"Vander recha\u00e7a Reforma da Previd\u00eancia, projeto que prejudica mais pobres, mulheres e negros","robots":{"index":"index","follow":"follow","max-snippet":"max-snippet:-1","max-image-preview":"max-image-preview:large","max-video-preview":"max-video-preview:-1"},"canonical":"https:\/\/vanderloubet.com.br\/deputado\/vander-rechaca-reforma-da-previdencia-projeto-que-prejudica-mais-pobres-mulheres-e-negros\/","og_locale":"pt_BR","og_type":"article","og_title":"Vander recha\u00e7a Reforma da Previd\u00eancia, projeto que prejudica mais pobres, mulheres e negros","og_description":"\"Seria praticamente o fim da aposentadoria para a maioria da popula\u00e7\u00e3o\", avalia o deputado.","og_url":"https:\/\/vanderloubet.com.br\/deputado\/vander-rechaca-reforma-da-previdencia-projeto-que-prejudica-mais-pobres-mulheres-e-negros\/","og_site_name":"Deputado Federal Vander Loubet","article_publisher":"https:\/\/facebook.com\/deputadovander","article_published_time":"2018-02-22T20:22:28+00:00","article_modified_time":"2018-03-30T01:08:53+00:00","og_image":[{"width":1080,"height":720,"url":"https:\/\/vanderloubet.com.br\/deputado\/wp-content\/uploads\/2018\/02\/foto-2018-02-22-deputado-vander-loubet.jpg","type":"image\/jpeg"}],"author":"\u00c9der","twitter_card":"summary_large_image","twitter_creator":"@vanderloubet","twitter_site":"@vanderloubet","schema":{"@context":"https:\/\/schema.org","@graph":[{"@type":"Article","@id":"https:\/\/vanderloubet.com.br\/deputado\/vander-rechaca-reforma-da-previdencia-projeto-que-prejudica-mais-pobres-mulheres-e-negros\/#article","isPartOf":{"@id":"https:\/\/vanderloubet.com.br\/deputado\/vander-rechaca-reforma-da-previdencia-projeto-que-prejudica-mais-pobres-mulheres-e-negros\/"},"author":{"name":"\u00c9der","@id":"https:\/\/vanderloubet.com.br\/deputado\/#\/schema\/person\/15b51bd564532a8a68d9dec1b8eb890e"},"headline":"Vander recha\u00e7a Reforma da Previd\u00eancia, projeto que prejudica mais pobres, mulheres e negros","datePublished":"2018-02-22T20:22:28+00:00","dateModified":"2018-03-30T01:08:53+00:00","mainEntityOfPage":{"@id":"https:\/\/vanderloubet.com.br\/deputado\/vander-rechaca-reforma-da-previdencia-projeto-que-prejudica-mais-pobres-mulheres-e-negros\/"},"wordCount":490,"publisher":{"@id":"https:\/\/vanderloubet.com.br\/deputado\/#organization"},"image":{"@id":"https:\/\/vanderloubet.com.br\/deputado\/vander-rechaca-reforma-da-previdencia-projeto-que-prejudica-mais-pobres-mulheres-e-negros\/#primaryimage"},"thumbnailUrl":"https:\/\/vanderloubet.com.br\/deputado\/wp-content\/uploads\/2018\/02\/foto-2018-02-22-deputado-vander-loubet.jpg","keywords":["pec","proposta de emenda \u00e0 constitui\u00e7\u00e3o","reforma da previd\u00eancia"],"articleSection":["Brasil","Not\u00edcias"],"inLanguage":"pt-BR"},{"@type":"WebPage","@id":"https:\/\/vanderloubet.com.br\/deputado\/vander-rechaca-reforma-da-previdencia-projeto-que-prejudica-mais-pobres-mulheres-e-negros\/","url":"https:\/\/vanderloubet.com.br\/deputado\/vander-rechaca-reforma-da-previdencia-projeto-que-prejudica-mais-pobres-mulheres-e-negros\/","name":"Vander recha\u00e7a Reforma da Previd\u00eancia, projeto que prejudica mais pobres, mulheres e negros","isPartOf":{"@id":"https:\/\/vanderloubet.com.br\/deputado\/#website"},"primaryImageOfPage":{"@id":"https:\/\/vanderloubet.com.br\/deputado\/vander-rechaca-reforma-da-previdencia-projeto-que-prejudica-mais-pobres-mulheres-e-negros\/#primaryimage"},"image":{"@id":"https:\/\/vanderloubet.com.br\/deputado\/vander-rechaca-reforma-da-previdencia-projeto-que-prejudica-mais-pobres-mulheres-e-negros\/#primaryimage"},"thumbnailUrl":"https:\/\/vanderloubet.com.br\/deputado\/wp-content\/uploads\/2018\/02\/foto-2018-02-22-deputado-vander-loubet.jpg","datePublished":"2018-02-22T20:22:28+00:00","dateModified":"2018-03-30T01:08:53+00:00","breadcrumb":{"@id":"https:\/\/vanderloubet.com.br\/deputado\/vander-rechaca-reforma-da-previdencia-projeto-que-prejudica-mais-pobres-mulheres-e-negros\/#breadcrumb"},"inLanguage":"pt-BR","potentialAction":[{"@type":"ReadAction","target":["https:\/\/vanderloubet.com.br\/deputado\/vander-rechaca-reforma-da-previdencia-projeto-que-prejudica-mais-pobres-mulheres-e-negros\/"]}]},{"@type":"ImageObject","inLanguage":"pt-BR","@id":"https:\/\/vanderloubet.com.br\/deputado\/vander-rechaca-reforma-da-previdencia-projeto-que-prejudica-mais-pobres-mulheres-e-negros\/#primaryimage","url":"https:\/\/vanderloubet.com.br\/deputado\/wp-content\/uploads\/2018\/02\/foto-2018-02-22-deputado-vander-loubet.jpg","contentUrl":"https:\/\/vanderloubet.com.br\/deputado\/wp-content\/uploads\/2018\/02\/foto-2018-02-22-deputado-vander-loubet.jpg","width":1080,"height":720,"caption":"Deputado Vander Loubet (Foto: Jo\u00e3o Cirilo)"},{"@type":"BreadcrumbList","@id":"https:\/\/vanderloubet.com.br\/deputado\/vander-rechaca-reforma-da-previdencia-projeto-que-prejudica-mais-pobres-mulheres-e-negros\/#breadcrumb","itemListElement":[{"@type":"ListItem","position":1,"name":"In\u00edcio","item":"https:\/\/vanderloubet.com.br\/deputado\/"},{"@type":"ListItem","position":2,"name":"Vander recha\u00e7a Reforma da Previd\u00eancia, projeto que prejudica mais pobres, mulheres e negros"}]},{"@type":"WebSite","@id":"https:\/\/vanderloubet.com.br\/deputado\/#website","url":"https:\/\/vanderloubet.com.br\/deputado\/","name":"Deputado Federal Vander Loubet","description":"O Federal de MS","publisher":{"@id":"https:\/\/vanderloubet.com.br\/deputado\/#organization"},"alternateName":"Deputado Vander","potentialAction":[{"@type":"SearchAction","target":{"@type":"EntryPoint","urlTemplate":"https:\/\/vanderloubet.com.br\/deputado\/?s={search_term_string}"},"query-input":{"@type":"PropertyValueSpecification","valueRequired":true,"valueName":"search_term_string"}}],"inLanguage":"pt-BR"},{"@type":"Organization","@id":"https:\/\/vanderloubet.com.br\/deputado\/#organization","name":"Deputado Federal Vander Loubet","alternateName":"Deputado Vander","url":"https:\/\/vanderloubet.com.br\/deputado\/","logo":{"@type":"ImageObject","inLanguage":"pt-BR","@id":"https:\/\/vanderloubet.com.br\/deputado\/#\/schema\/logo\/image\/","url":"https:\/\/vanderloubet.com.br\/deputado\/wp-content\/uploads\/2023\/06\/foto-2023-06-19-mandato-deputado-vander.jpg","contentUrl":"https:\/\/vanderloubet.com.br\/deputado\/wp-content\/uploads\/2023\/06\/foto-2023-06-19-mandato-deputado-vander.jpg","width":1080,"height":1080,"caption":"Deputado Federal Vander Loubet"},"image":{"@id":"https:\/\/vanderloubet.com.br\/deputado\/#\/schema\/logo\/image\/"},"sameAs":["https:\/\/facebook.com\/deputadovander","https:\/\/x.com\/vanderloubet","https:\/\/instagram.com\/vanderloubet","https:\/\/youtube.com\/vanderloubet","https:\/\/tiktok.com\/@vanderloubetms"]},{"@type":"Person","@id":"https:\/\/vanderloubet.com.br\/deputado\/#\/schema\/person\/15b51bd564532a8a68d9dec1b8eb890e","name":"\u00c9der","image":{"@type":"ImageObject","inLanguage":"pt-BR","@id":"https:\/\/vanderloubet.com.br\/deputado\/wp-content\/litespeed\/avatar\/88ca4090d9d5ab1c9495f6ca03b68efa.jpg?ver=1777058957","url":"https:\/\/vanderloubet.com.br\/deputado\/wp-content\/litespeed\/avatar\/88ca4090d9d5ab1c9495f6ca03b68efa.jpg?ver=1777058957","contentUrl":"https:\/\/vanderloubet.com.br\/deputado\/wp-content\/litespeed\/avatar\/88ca4090d9d5ab1c9495f6ca03b68efa.jpg?ver=1777058957","caption":"\u00c9der"}}]}},"jetpack_featured_media_url":"https:\/\/vanderloubet.com.br\/deputado\/wp-content\/uploads\/2018\/02\/foto-2018-02-22-deputado-vander-loubet.jpg","jetpack_sharing_enabled":true,"_links":{"self":[{"href":"https:\/\/vanderloubet.com.br\/deputado\/wp-json\/wp\/v2\/posts\/13658","targetHints":{"allow":["GET"]}}],"collection":[{"href":"https:\/\/vanderloubet.com.br\/deputado\/wp-json\/wp\/v2\/posts"}],"about":[{"href":"https:\/\/vanderloubet.com.br\/deputado\/wp-json\/wp\/v2\/types\/post"}],"author":[{"embeddable":true,"href":"https:\/\/vanderloubet.com.br\/deputado\/wp-json\/wp\/v2\/users\/2"}],"replies":[{"embeddable":true,"href":"https:\/\/vanderloubet.com.br\/deputado\/wp-json\/wp\/v2\/comments?post=13658"}],"version-history":[{"count":0,"href":"https:\/\/vanderloubet.com.br\/deputado\/wp-json\/wp\/v2\/posts\/13658\/revisions"}],"wp:featuredmedia":[{"embeddable":true,"href":"https:\/\/vanderloubet.com.br\/deputado\/wp-json\/wp\/v2\/media\/13659"}],"wp:attachment":[{"href":"https:\/\/vanderloubet.com.br\/deputado\/wp-json\/wp\/v2\/media?parent=13658"}],"wp:term":[{"taxonomy":"category","embeddable":true,"href":"https:\/\/vanderloubet.com.br\/deputado\/wp-json\/wp\/v2\/categories?post=13658"},{"taxonomy":"post_tag","embeddable":true,"href":"https:\/\/vanderloubet.com.br\/deputado\/wp-json\/wp\/v2\/tags?post=13658"}],"curies":[{"name":"wp","href":"https:\/\/api.w.org\/{rel}","templated":true}]}}