{"id":13606,"date":"2018-02-07T10:14:26","date_gmt":"2018-02-07T13:14:26","guid":{"rendered":"http:\/\/vanderloubet.com.br\/deputado\/?p=13606"},"modified":"2018-02-07T10:17:51","modified_gmt":"2018-02-07T13:17:51","slug":"estudo-diz-que-reforma-da-previdencia-vai-prejudicar-mais-pobres-mulheres-e-negros","status":"publish","type":"post","link":"https:\/\/vanderloubet.com.br\/deputado\/estudo-diz-que-reforma-da-previdencia-vai-prejudicar-mais-pobres-mulheres-e-negros\/","title":{"rendered":"Estudo diz que Reforma da Previd\u00eancia vai prejudicar mais pobres, mulheres e negros"},"content":{"rendered":"<figure id=\"attachment_13607\" aria-describedby=\"caption-attachment-13607\" style=\"width: 700px\" class=\"wp-caption alignnone\"><img decoding=\"async\" class=\"wp-image-13607 size-large\" title=\"Estima-se que 40,6% dos contribuintes urbanos n\u00e3o teriam aposentadoria com novas regras\" src=\"http:\/\/vanderloubet.com.br\/deputado\/wp-content\/uploads\/2018\/02\/foto-2018-02-07-reforma-previdencia-ctps-700x455.jpg\" alt=\"Estima-se que 40,6% dos contribuintes urbanos n\u00e3o teriam aposentadoria com novas regras\" width=\"700\" height=\"455\" srcset=\"https:\/\/vanderloubet.com.br\/deputado\/wp-content\/uploads\/2018\/02\/foto-2018-02-07-reforma-previdencia-ctps-700x455.jpg 700w, https:\/\/vanderloubet.com.br\/deputado\/wp-content\/uploads\/2018\/02\/foto-2018-02-07-reforma-previdencia-ctps-350x228.jpg 350w, https:\/\/vanderloubet.com.br\/deputado\/wp-content\/uploads\/2018\/02\/foto-2018-02-07-reforma-previdencia-ctps-768x499.jpg 768w, https:\/\/vanderloubet.com.br\/deputado\/wp-content\/uploads\/2018\/02\/foto-2018-02-07-reforma-previdencia-ctps-646x420.jpg 646w, https:\/\/vanderloubet.com.br\/deputado\/wp-content\/uploads\/2018\/02\/foto-2018-02-07-reforma-previdencia-ctps-696x453.jpg 696w, https:\/\/vanderloubet.com.br\/deputado\/wp-content\/uploads\/2018\/02\/foto-2018-02-07-reforma-previdencia-ctps.jpg 932w\" sizes=\"(max-width: 700px) 100vw, 700px\" \/><figcaption id=\"caption-attachment-13607\" class=\"wp-caption-text\">Estima-se que 40,6% dos contribuintes urbanos n\u00e3o teriam aposentadoria com novas regras<\/figcaption><\/figure>\n<p><a href=\"http:\/\/economia.estadao.com.br\/noticias\/geral,estudo-diz-que-reforma-da-previdencia-vai-prejudicar-mais-pobres-mulheres-e-negros,70001845731\" target=\"_blank\" rel=\"noopener\">http:\/\/economia.estadao.com.br\/noticias\/geral,estudo-diz-que-reforma-da-previdencia-vai-prejudicar-mais-pobres-mulheres-e-negros,70001845731<\/a><\/p>\n<p>Consultores legislativos do Senado consideram que alguns aspectos da reforma previdenci\u00e1ria defendida pelo governo ter\u00e3o impacto negativo no Pa\u00eds, sobretudo na vida dos trabalhadores em situa\u00e7\u00e3o precarizada, que possuem menor n\u00edvel de escolaridade e de menores rendimentos, mulheres e negros. A Proposta de Emenda \u00e0 Constitui\u00e7\u00e3o 287, que trata do tema, ainda est\u00e1 em an\u00e1lise na C\u00e2mara dos Deputados e deve ser apreciada pelos senadores no segundo semestre deste ano.<\/p>\n<p>Respons\u00e1veis pelo boletim &#8220;(Des)prote\u00e7\u00e3o social: impactos da reforma da Previd\u00eancia no contexto urbano&#8221;, os consultores Joana Mostafa e M\u00e1rio Theodoro avaliam que, levando em conta a rotatividade m\u00e9dia e o tempo m\u00e9dio de desemprego no Brasil, a exig\u00eancia de pelo menos 40 anos de contribui\u00e7\u00e3o significa 53 anos de vida laboral ativa, enquanto o m\u00ednimo de 25 anos de contribui\u00e7\u00e3o equivalem a 33 anos de vida laboral ativa. &#8220;S\u00e3o n\u00fameros que denotam a perversidade e a falta de perspectiva social da PEC 287&#8221;, concluem.<\/p>\n<p>Os consultores destacam como principais alvos de cr\u00edtica ao texto o fim da modalidade de aposentadoria por tempo de contribui\u00e7\u00e3o (ATC) para o Regime Geral de Previd\u00eancia Social (RGPS) e a amplia\u00e7\u00e3o de 15 para 25 anos do tempo m\u00ednimo de contribui\u00e7\u00e3o para o acesso ao benef\u00edcio da aposentadoria. &#8220;Ambas as propostas ter\u00e3o impacto delet\u00e9rio para o regime p\u00fablico de previd\u00eancia social brasileiro, sua sustentabilidade, a inclus\u00e3o e a garantia de benef\u00edcios pelos trabalhadores brasileiros&#8221;, dizem no estudo.<\/p>\n<p>Para os consultores, a mudan\u00e7a do tempo m\u00ednimo de contribui\u00e7\u00e3o para acesso \u00e0 aposentadoria pode desorganizar o sistema p\u00fablico, dificultando o acesso de trabalhadores em situa\u00e7\u00e3o precarizada e facilitando o cumprimento do per\u00edodo m\u00ednimo para aqueles que possuem condi\u00e7\u00f5es mais estruturadas.<\/p>\n<p>J\u00e1 a amplia\u00e7\u00e3o da car\u00eancia de 15 para 25 anos para acesso \u00e0 aposentadoria no \u00e2mbito do RGPS urbano, segundo os pesquisadores, pode gerar &#8220;altos patamares de exclus\u00e3o previdenci\u00e1ria&#8221;, principalmente entre mulheres, negros e trabalhadores menos escolarizados e de menores rendimentos.<\/p>\n<p>&#8220;Estimamos com base nas concess\u00f5es de 2014 que 40,6% de todos os contribuintes urbanos n\u00e3o conseguir\u00e3o ter acesso \u00e0 aposentadoria se a car\u00eancia for elevada para 25 anos. Ademais, essa exclus\u00e3o ser\u00e1 maior entre as mulheres do que entre os homens, de 56% e 27%, respectivamente &#8211; o que resultaria numa intensa masculiniza\u00e7\u00e3o da previd\u00eancia social&#8221;, diz outro trecho do estudo.<\/p>\n<p>De acordo com os consultores, a proposta quer &#8220;colapsar&#8221; dois &#8220;Brasis&#8221; em um s\u00f3. De um lado, dizem, h\u00e1 um Brasil com empregos mais est\u00e1veis, sal\u00e1rios maiores e trabalhadores mais escolarizados, formados principalmente por homens, empregados via CLT, que se aposentam pela modalidade de tempo de contribui\u00e7\u00e3o aos 55 anos de idade, tendo acumulado 33 anos de contribui\u00e7\u00e3o, em m\u00e9dia.<\/p>\n<p>O &#8220;outro Brasil&#8221;, que seria mais prejudicado, \u00e9 composto por trabalhadores que t\u00eam trajet\u00f3rias entrecortadas por per\u00edodos extensos de desemprego, marcadas pela informalidade e por longas jornadas de trabalho n\u00e3o remunerado, que se referem a cuidados e afazeres dom\u00e9sticos. Nesse Brasil, os trabalhadores s\u00e3o, em maioria, mulheres, t\u00eam menor remunera\u00e7\u00e3o, s\u00e3o menos escolarizados e t\u00eam acesso \u00e0 aposentadoria por idade aos 64 anos, tendo acumulado apenas 19 anos de contribui\u00e7\u00e3o, em m\u00e9dia.<\/p>\n<p><em>(Fonte: O Estado de S. Paulo)<\/em><\/p>\n","protected":false},"excerpt":{"rendered":"<p>Consultores legislativos do Senado avaliam que a PEC 287 \u00e9 perversa e n\u00e3o tem perspectiva social.<\/p>\n","protected":false},"author":2,"featured_media":13607,"comment_status":"closed","ping_status":"closed","sticky":false,"template":"","format":"standard","meta":{"jetpack_post_was_ever_published":false,"_jetpack_newsletter_access":"","_jetpack_dont_email_post_to_subs":false,"_jetpack_newsletter_tier_id":0,"_jetpack_memberships_contains_paywalled_content":false,"_jetpack_memberships_contains_paid_content":false,"footnotes":""},"categories":[2098,10],"tags":[1514,2300,2386],"class_list":{"0":"post-13606","1":"post","2":"type-post","3":"status-publish","4":"format-standard","5":"has-post-thumbnail","7":"category-brasil-noticias","8":"category-noticias","9":"tag-pec","10":"tag-proposta-de-emenda-a-constituicao","11":"tag-reforma-da-previdencia"},"yoast_head":"<!-- This site is optimized with the Yoast SEO plugin v27.4 - https:\/\/yoast.com\/product\/yoast-seo-wordpress\/ -->\n<title>Estudo diz que Reforma da Previd\u00eancia vai prejudicar mais pobres, mulheres e negros<\/title>\n<meta name=\"robots\" content=\"index, follow, max-snippet:-1, max-image-preview:large, max-video-preview:-1\" \/>\n<link rel=\"canonical\" href=\"https:\/\/vanderloubet.com.br\/deputado\/estudo-diz-que-reforma-da-previdencia-vai-prejudicar-mais-pobres-mulheres-e-negros\/\" \/>\n<meta property=\"og:locale\" content=\"pt_BR\" \/>\n<meta property=\"og:type\" content=\"article\" \/>\n<meta property=\"og:title\" content=\"Estudo diz que Reforma da Previd\u00eancia vai prejudicar mais pobres, mulheres e negros\" \/>\n<meta property=\"og:description\" content=\"Consultores legislativos do Senado avaliam que a PEC 287 \u00e9 perversa e n\u00e3o tem perspectiva social.\" \/>\n<meta property=\"og:url\" content=\"https:\/\/vanderloubet.com.br\/deputado\/estudo-diz-que-reforma-da-previdencia-vai-prejudicar-mais-pobres-mulheres-e-negros\/\" \/>\n<meta property=\"og:site_name\" content=\"Deputado Federal Vander Loubet\" \/>\n<meta property=\"article:publisher\" content=\"https:\/\/facebook.com\/deputadovander\" \/>\n<meta property=\"article:published_time\" content=\"2018-02-07T13:14:26+00:00\" \/>\n<meta property=\"article:modified_time\" content=\"2018-02-07T13:17:51+00:00\" \/>\n<meta property=\"og:image\" content=\"https:\/\/vanderloubet.com.br\/deputado\/wp-content\/uploads\/2018\/02\/foto-2018-02-07-reforma-previdencia-ctps.jpg\" \/>\n\t<meta property=\"og:image:width\" content=\"932\" \/>\n\t<meta property=\"og:image:height\" content=\"606\" \/>\n\t<meta property=\"og:image:type\" content=\"image\/jpeg\" \/>\n<meta name=\"author\" content=\"\u00c9der\" \/>\n<meta name=\"twitter:card\" content=\"summary_large_image\" \/>\n<meta name=\"twitter:creator\" content=\"@vanderloubet\" \/>\n<meta name=\"twitter:site\" content=\"@vanderloubet\" \/>\n<script type=\"application\/ld+json\" class=\"yoast-schema-graph\">{\"@context\":\"https:\\\/\\\/schema.org\",\"@graph\":[{\"@type\":\"Article\",\"@id\":\"https:\\\/\\\/vanderloubet.com.br\\\/deputado\\\/estudo-diz-que-reforma-da-previdencia-vai-prejudicar-mais-pobres-mulheres-e-negros\\\/#article\",\"isPartOf\":{\"@id\":\"https:\\\/\\\/vanderloubet.com.br\\\/deputado\\\/estudo-diz-que-reforma-da-previdencia-vai-prejudicar-mais-pobres-mulheres-e-negros\\\/\"},\"author\":{\"name\":\"\u00c9der\",\"@id\":\"https:\\\/\\\/vanderloubet.com.br\\\/deputado\\\/#\\\/schema\\\/person\\\/15b51bd564532a8a68d9dec1b8eb890e\"},\"headline\":\"Estudo diz que Reforma da Previd\u00eancia vai prejudicar mais pobres, mulheres e negros\",\"datePublished\":\"2018-02-07T13:14:26+00:00\",\"dateModified\":\"2018-02-07T13:17:51+00:00\",\"mainEntityOfPage\":{\"@id\":\"https:\\\/\\\/vanderloubet.com.br\\\/deputado\\\/estudo-diz-que-reforma-da-previdencia-vai-prejudicar-mais-pobres-mulheres-e-negros\\\/\"},\"wordCount\":599,\"publisher\":{\"@id\":\"https:\\\/\\\/vanderloubet.com.br\\\/deputado\\\/#organization\"},\"image\":{\"@id\":\"https:\\\/\\\/vanderloubet.com.br\\\/deputado\\\/estudo-diz-que-reforma-da-previdencia-vai-prejudicar-mais-pobres-mulheres-e-negros\\\/#primaryimage\"},\"thumbnailUrl\":\"https:\\\/\\\/vanderloubet.com.br\\\/deputado\\\/wp-content\\\/uploads\\\/2018\\\/02\\\/foto-2018-02-07-reforma-previdencia-ctps.jpg\",\"keywords\":[\"pec\",\"proposta de emenda \u00e0 constitui\u00e7\u00e3o\",\"reforma da previd\u00eancia\"],\"articleSection\":[\"Brasil\",\"Not\u00edcias\"],\"inLanguage\":\"pt-BR\"},{\"@type\":\"WebPage\",\"@id\":\"https:\\\/\\\/vanderloubet.com.br\\\/deputado\\\/estudo-diz-que-reforma-da-previdencia-vai-prejudicar-mais-pobres-mulheres-e-negros\\\/\",\"url\":\"https:\\\/\\\/vanderloubet.com.br\\\/deputado\\\/estudo-diz-que-reforma-da-previdencia-vai-prejudicar-mais-pobres-mulheres-e-negros\\\/\",\"name\":\"Estudo diz que Reforma da Previd\u00eancia vai prejudicar mais pobres, mulheres e negros\",\"isPartOf\":{\"@id\":\"https:\\\/\\\/vanderloubet.com.br\\\/deputado\\\/#website\"},\"primaryImageOfPage\":{\"@id\":\"https:\\\/\\\/vanderloubet.com.br\\\/deputado\\\/estudo-diz-que-reforma-da-previdencia-vai-prejudicar-mais-pobres-mulheres-e-negros\\\/#primaryimage\"},\"image\":{\"@id\":\"https:\\\/\\\/vanderloubet.com.br\\\/deputado\\\/estudo-diz-que-reforma-da-previdencia-vai-prejudicar-mais-pobres-mulheres-e-negros\\\/#primaryimage\"},\"thumbnailUrl\":\"https:\\\/\\\/vanderloubet.com.br\\\/deputado\\\/wp-content\\\/uploads\\\/2018\\\/02\\\/foto-2018-02-07-reforma-previdencia-ctps.jpg\",\"datePublished\":\"2018-02-07T13:14:26+00:00\",\"dateModified\":\"2018-02-07T13:17:51+00:00\",\"breadcrumb\":{\"@id\":\"https:\\\/\\\/vanderloubet.com.br\\\/deputado\\\/estudo-diz-que-reforma-da-previdencia-vai-prejudicar-mais-pobres-mulheres-e-negros\\\/#breadcrumb\"},\"inLanguage\":\"pt-BR\",\"potentialAction\":[{\"@type\":\"ReadAction\",\"target\":[\"https:\\\/\\\/vanderloubet.com.br\\\/deputado\\\/estudo-diz-que-reforma-da-previdencia-vai-prejudicar-mais-pobres-mulheres-e-negros\\\/\"]}]},{\"@type\":\"ImageObject\",\"inLanguage\":\"pt-BR\",\"@id\":\"https:\\\/\\\/vanderloubet.com.br\\\/deputado\\\/estudo-diz-que-reforma-da-previdencia-vai-prejudicar-mais-pobres-mulheres-e-negros\\\/#primaryimage\",\"url\":\"https:\\\/\\\/vanderloubet.com.br\\\/deputado\\\/wp-content\\\/uploads\\\/2018\\\/02\\\/foto-2018-02-07-reforma-previdencia-ctps.jpg\",\"contentUrl\":\"https:\\\/\\\/vanderloubet.com.br\\\/deputado\\\/wp-content\\\/uploads\\\/2018\\\/02\\\/foto-2018-02-07-reforma-previdencia-ctps.jpg\",\"width\":932,\"height\":606,\"caption\":\"Estima-se que 40,6% dos contribuintes urbanos n\u00e3o teriam aposentadoria com novas regras\"},{\"@type\":\"BreadcrumbList\",\"@id\":\"https:\\\/\\\/vanderloubet.com.br\\\/deputado\\\/estudo-diz-que-reforma-da-previdencia-vai-prejudicar-mais-pobres-mulheres-e-negros\\\/#breadcrumb\",\"itemListElement\":[{\"@type\":\"ListItem\",\"position\":1,\"name\":\"In\u00edcio\",\"item\":\"https:\\\/\\\/vanderloubet.com.br\\\/deputado\\\/\"},{\"@type\":\"ListItem\",\"position\":2,\"name\":\"Estudo diz que Reforma da Previd\u00eancia vai prejudicar mais pobres, mulheres e negros\"}]},{\"@type\":\"WebSite\",\"@id\":\"https:\\\/\\\/vanderloubet.com.br\\\/deputado\\\/#website\",\"url\":\"https:\\\/\\\/vanderloubet.com.br\\\/deputado\\\/\",\"name\":\"Deputado Federal Vander Loubet\",\"description\":\"O Federal de MS\",\"publisher\":{\"@id\":\"https:\\\/\\\/vanderloubet.com.br\\\/deputado\\\/#organization\"},\"alternateName\":\"Deputado Vander\",\"potentialAction\":[{\"@type\":\"SearchAction\",\"target\":{\"@type\":\"EntryPoint\",\"urlTemplate\":\"https:\\\/\\\/vanderloubet.com.br\\\/deputado\\\/?s={search_term_string}\"},\"query-input\":{\"@type\":\"PropertyValueSpecification\",\"valueRequired\":true,\"valueName\":\"search_term_string\"}}],\"inLanguage\":\"pt-BR\"},{\"@type\":\"Organization\",\"@id\":\"https:\\\/\\\/vanderloubet.com.br\\\/deputado\\\/#organization\",\"name\":\"Deputado Federal Vander Loubet\",\"alternateName\":\"Deputado Vander\",\"url\":\"https:\\\/\\\/vanderloubet.com.br\\\/deputado\\\/\",\"logo\":{\"@type\":\"ImageObject\",\"inLanguage\":\"pt-BR\",\"@id\":\"https:\\\/\\\/vanderloubet.com.br\\\/deputado\\\/#\\\/schema\\\/logo\\\/image\\\/\",\"url\":\"https:\\\/\\\/vanderloubet.com.br\\\/deputado\\\/wp-content\\\/uploads\\\/2023\\\/06\\\/foto-2023-06-19-mandato-deputado-vander.jpg\",\"contentUrl\":\"https:\\\/\\\/vanderloubet.com.br\\\/deputado\\\/wp-content\\\/uploads\\\/2023\\\/06\\\/foto-2023-06-19-mandato-deputado-vander.jpg\",\"width\":1080,\"height\":1080,\"caption\":\"Deputado Federal Vander Loubet\"},\"image\":{\"@id\":\"https:\\\/\\\/vanderloubet.com.br\\\/deputado\\\/#\\\/schema\\\/logo\\\/image\\\/\"},\"sameAs\":[\"https:\\\/\\\/facebook.com\\\/deputadovander\",\"https:\\\/\\\/x.com\\\/vanderloubet\",\"https:\\\/\\\/instagram.com\\\/vanderloubet\",\"https:\\\/\\\/youtube.com\\\/vanderloubet\",\"https:\\\/\\\/tiktok.com\\\/@vanderloubetms\"]},{\"@type\":\"Person\",\"@id\":\"https:\\\/\\\/vanderloubet.com.br\\\/deputado\\\/#\\\/schema\\\/person\\\/15b51bd564532a8a68d9dec1b8eb890e\",\"name\":\"\u00c9der\",\"image\":{\"@type\":\"ImageObject\",\"inLanguage\":\"pt-BR\",\"@id\":\"https:\\\/\\\/vanderloubet.com.br\\\/deputado\\\/wp-content\\\/litespeed\\\/avatar\\\/88ca4090d9d5ab1c9495f6ca03b68efa.jpg?ver=1777058957\",\"url\":\"https:\\\/\\\/vanderloubet.com.br\\\/deputado\\\/wp-content\\\/litespeed\\\/avatar\\\/88ca4090d9d5ab1c9495f6ca03b68efa.jpg?ver=1777058957\",\"contentUrl\":\"https:\\\/\\\/vanderloubet.com.br\\\/deputado\\\/wp-content\\\/litespeed\\\/avatar\\\/88ca4090d9d5ab1c9495f6ca03b68efa.jpg?ver=1777058957\",\"caption\":\"\u00c9der\"}}]}<\/script>\n<!-- \/ Yoast SEO plugin. -->","yoast_head_json":{"title":"Estudo diz que Reforma da Previd\u00eancia vai prejudicar mais pobres, mulheres e negros","robots":{"index":"index","follow":"follow","max-snippet":"max-snippet:-1","max-image-preview":"max-image-preview:large","max-video-preview":"max-video-preview:-1"},"canonical":"https:\/\/vanderloubet.com.br\/deputado\/estudo-diz-que-reforma-da-previdencia-vai-prejudicar-mais-pobres-mulheres-e-negros\/","og_locale":"pt_BR","og_type":"article","og_title":"Estudo diz que Reforma da Previd\u00eancia vai prejudicar mais pobres, mulheres e negros","og_description":"Consultores legislativos do Senado avaliam que a PEC 287 \u00e9 perversa e n\u00e3o tem perspectiva social.","og_url":"https:\/\/vanderloubet.com.br\/deputado\/estudo-diz-que-reforma-da-previdencia-vai-prejudicar-mais-pobres-mulheres-e-negros\/","og_site_name":"Deputado Federal Vander Loubet","article_publisher":"https:\/\/facebook.com\/deputadovander","article_published_time":"2018-02-07T13:14:26+00:00","article_modified_time":"2018-02-07T13:17:51+00:00","og_image":[{"width":932,"height":606,"url":"https:\/\/vanderloubet.com.br\/deputado\/wp-content\/uploads\/2018\/02\/foto-2018-02-07-reforma-previdencia-ctps.jpg","type":"image\/jpeg"}],"author":"\u00c9der","twitter_card":"summary_large_image","twitter_creator":"@vanderloubet","twitter_site":"@vanderloubet","schema":{"@context":"https:\/\/schema.org","@graph":[{"@type":"Article","@id":"https:\/\/vanderloubet.com.br\/deputado\/estudo-diz-que-reforma-da-previdencia-vai-prejudicar-mais-pobres-mulheres-e-negros\/#article","isPartOf":{"@id":"https:\/\/vanderloubet.com.br\/deputado\/estudo-diz-que-reforma-da-previdencia-vai-prejudicar-mais-pobres-mulheres-e-negros\/"},"author":{"name":"\u00c9der","@id":"https:\/\/vanderloubet.com.br\/deputado\/#\/schema\/person\/15b51bd564532a8a68d9dec1b8eb890e"},"headline":"Estudo diz que Reforma da Previd\u00eancia vai prejudicar mais pobres, mulheres e negros","datePublished":"2018-02-07T13:14:26+00:00","dateModified":"2018-02-07T13:17:51+00:00","mainEntityOfPage":{"@id":"https:\/\/vanderloubet.com.br\/deputado\/estudo-diz-que-reforma-da-previdencia-vai-prejudicar-mais-pobres-mulheres-e-negros\/"},"wordCount":599,"publisher":{"@id":"https:\/\/vanderloubet.com.br\/deputado\/#organization"},"image":{"@id":"https:\/\/vanderloubet.com.br\/deputado\/estudo-diz-que-reforma-da-previdencia-vai-prejudicar-mais-pobres-mulheres-e-negros\/#primaryimage"},"thumbnailUrl":"https:\/\/vanderloubet.com.br\/deputado\/wp-content\/uploads\/2018\/02\/foto-2018-02-07-reforma-previdencia-ctps.jpg","keywords":["pec","proposta de emenda \u00e0 constitui\u00e7\u00e3o","reforma da previd\u00eancia"],"articleSection":["Brasil","Not\u00edcias"],"inLanguage":"pt-BR"},{"@type":"WebPage","@id":"https:\/\/vanderloubet.com.br\/deputado\/estudo-diz-que-reforma-da-previdencia-vai-prejudicar-mais-pobres-mulheres-e-negros\/","url":"https:\/\/vanderloubet.com.br\/deputado\/estudo-diz-que-reforma-da-previdencia-vai-prejudicar-mais-pobres-mulheres-e-negros\/","name":"Estudo diz que Reforma da Previd\u00eancia vai prejudicar mais pobres, mulheres e negros","isPartOf":{"@id":"https:\/\/vanderloubet.com.br\/deputado\/#website"},"primaryImageOfPage":{"@id":"https:\/\/vanderloubet.com.br\/deputado\/estudo-diz-que-reforma-da-previdencia-vai-prejudicar-mais-pobres-mulheres-e-negros\/#primaryimage"},"image":{"@id":"https:\/\/vanderloubet.com.br\/deputado\/estudo-diz-que-reforma-da-previdencia-vai-prejudicar-mais-pobres-mulheres-e-negros\/#primaryimage"},"thumbnailUrl":"https:\/\/vanderloubet.com.br\/deputado\/wp-content\/uploads\/2018\/02\/foto-2018-02-07-reforma-previdencia-ctps.jpg","datePublished":"2018-02-07T13:14:26+00:00","dateModified":"2018-02-07T13:17:51+00:00","breadcrumb":{"@id":"https:\/\/vanderloubet.com.br\/deputado\/estudo-diz-que-reforma-da-previdencia-vai-prejudicar-mais-pobres-mulheres-e-negros\/#breadcrumb"},"inLanguage":"pt-BR","potentialAction":[{"@type":"ReadAction","target":["https:\/\/vanderloubet.com.br\/deputado\/estudo-diz-que-reforma-da-previdencia-vai-prejudicar-mais-pobres-mulheres-e-negros\/"]}]},{"@type":"ImageObject","inLanguage":"pt-BR","@id":"https:\/\/vanderloubet.com.br\/deputado\/estudo-diz-que-reforma-da-previdencia-vai-prejudicar-mais-pobres-mulheres-e-negros\/#primaryimage","url":"https:\/\/vanderloubet.com.br\/deputado\/wp-content\/uploads\/2018\/02\/foto-2018-02-07-reforma-previdencia-ctps.jpg","contentUrl":"https:\/\/vanderloubet.com.br\/deputado\/wp-content\/uploads\/2018\/02\/foto-2018-02-07-reforma-previdencia-ctps.jpg","width":932,"height":606,"caption":"Estima-se que 40,6% dos contribuintes urbanos n\u00e3o teriam aposentadoria com novas regras"},{"@type":"BreadcrumbList","@id":"https:\/\/vanderloubet.com.br\/deputado\/estudo-diz-que-reforma-da-previdencia-vai-prejudicar-mais-pobres-mulheres-e-negros\/#breadcrumb","itemListElement":[{"@type":"ListItem","position":1,"name":"In\u00edcio","item":"https:\/\/vanderloubet.com.br\/deputado\/"},{"@type":"ListItem","position":2,"name":"Estudo diz que Reforma da Previd\u00eancia vai prejudicar mais pobres, mulheres e negros"}]},{"@type":"WebSite","@id":"https:\/\/vanderloubet.com.br\/deputado\/#website","url":"https:\/\/vanderloubet.com.br\/deputado\/","name":"Deputado Federal Vander Loubet","description":"O Federal de MS","publisher":{"@id":"https:\/\/vanderloubet.com.br\/deputado\/#organization"},"alternateName":"Deputado Vander","potentialAction":[{"@type":"SearchAction","target":{"@type":"EntryPoint","urlTemplate":"https:\/\/vanderloubet.com.br\/deputado\/?s={search_term_string}"},"query-input":{"@type":"PropertyValueSpecification","valueRequired":true,"valueName":"search_term_string"}}],"inLanguage":"pt-BR"},{"@type":"Organization","@id":"https:\/\/vanderloubet.com.br\/deputado\/#organization","name":"Deputado Federal Vander Loubet","alternateName":"Deputado Vander","url":"https:\/\/vanderloubet.com.br\/deputado\/","logo":{"@type":"ImageObject","inLanguage":"pt-BR","@id":"https:\/\/vanderloubet.com.br\/deputado\/#\/schema\/logo\/image\/","url":"https:\/\/vanderloubet.com.br\/deputado\/wp-content\/uploads\/2023\/06\/foto-2023-06-19-mandato-deputado-vander.jpg","contentUrl":"https:\/\/vanderloubet.com.br\/deputado\/wp-content\/uploads\/2023\/06\/foto-2023-06-19-mandato-deputado-vander.jpg","width":1080,"height":1080,"caption":"Deputado Federal Vander Loubet"},"image":{"@id":"https:\/\/vanderloubet.com.br\/deputado\/#\/schema\/logo\/image\/"},"sameAs":["https:\/\/facebook.com\/deputadovander","https:\/\/x.com\/vanderloubet","https:\/\/instagram.com\/vanderloubet","https:\/\/youtube.com\/vanderloubet","https:\/\/tiktok.com\/@vanderloubetms"]},{"@type":"Person","@id":"https:\/\/vanderloubet.com.br\/deputado\/#\/schema\/person\/15b51bd564532a8a68d9dec1b8eb890e","name":"\u00c9der","image":{"@type":"ImageObject","inLanguage":"pt-BR","@id":"https:\/\/vanderloubet.com.br\/deputado\/wp-content\/litespeed\/avatar\/88ca4090d9d5ab1c9495f6ca03b68efa.jpg?ver=1777058957","url":"https:\/\/vanderloubet.com.br\/deputado\/wp-content\/litespeed\/avatar\/88ca4090d9d5ab1c9495f6ca03b68efa.jpg?ver=1777058957","contentUrl":"https:\/\/vanderloubet.com.br\/deputado\/wp-content\/litespeed\/avatar\/88ca4090d9d5ab1c9495f6ca03b68efa.jpg?ver=1777058957","caption":"\u00c9der"}}]}},"jetpack_featured_media_url":"https:\/\/vanderloubet.com.br\/deputado\/wp-content\/uploads\/2018\/02\/foto-2018-02-07-reforma-previdencia-ctps.jpg","jetpack_sharing_enabled":true,"_links":{"self":[{"href":"https:\/\/vanderloubet.com.br\/deputado\/wp-json\/wp\/v2\/posts\/13606","targetHints":{"allow":["GET"]}}],"collection":[{"href":"https:\/\/vanderloubet.com.br\/deputado\/wp-json\/wp\/v2\/posts"}],"about":[{"href":"https:\/\/vanderloubet.com.br\/deputado\/wp-json\/wp\/v2\/types\/post"}],"author":[{"embeddable":true,"href":"https:\/\/vanderloubet.com.br\/deputado\/wp-json\/wp\/v2\/users\/2"}],"replies":[{"embeddable":true,"href":"https:\/\/vanderloubet.com.br\/deputado\/wp-json\/wp\/v2\/comments?post=13606"}],"version-history":[{"count":0,"href":"https:\/\/vanderloubet.com.br\/deputado\/wp-json\/wp\/v2\/posts\/13606\/revisions"}],"wp:featuredmedia":[{"embeddable":true,"href":"https:\/\/vanderloubet.com.br\/deputado\/wp-json\/wp\/v2\/media\/13607"}],"wp:attachment":[{"href":"https:\/\/vanderloubet.com.br\/deputado\/wp-json\/wp\/v2\/media?parent=13606"}],"wp:term":[{"taxonomy":"category","embeddable":true,"href":"https:\/\/vanderloubet.com.br\/deputado\/wp-json\/wp\/v2\/categories?post=13606"},{"taxonomy":"post_tag","embeddable":true,"href":"https:\/\/vanderloubet.com.br\/deputado\/wp-json\/wp\/v2\/tags?post=13606"}],"curies":[{"name":"wp","href":"https:\/\/api.w.org\/{rel}","templated":true}]}}