{"id":1355,"date":"2010-06-23T07:00:51","date_gmt":"2010-06-23T11:00:51","guid":{"rendered":"http:\/\/www.deputadovander.com.br\/website\/?p=1355"},"modified":"2010-06-23T07:00:51","modified_gmt":"2010-06-23T11:00:51","slug":"mobilidade-urbana-liberados-r-55-milhoes-para-campo-grande","status":"publish","type":"post","link":"https:\/\/vanderloubet.com.br\/deputado\/mobilidade-urbana-liberados-r-55-milhoes-para-campo-grande\/","title":{"rendered":"Mobilidade urbana: liberados R$ 55 milh\u00f5es para Campo Grande"},"content":{"rendered":"<figure id=\"attachment_1356\" aria-describedby=\"caption-attachment-1356\" style=\"width: 300px\" class=\"wp-caption aligncenter\"><a href=\"http:\/\/deputadovander.com.br\/website\/wp-content\/uploads\/2010\/06\/foto-2010-06-22-mobilidade-urbana1.jpg\"><img decoding=\"async\" class=\"size-medium wp-image-1356\" title=\"foto-2010-06-22-mobilidade-urbana\" src=\"http:\/\/www.deputadovander.com.br\/website\/wp-content\/uploads\/2010\/06\/foto-2010-06-22-mobilidade-urbana-300x225.jpg\" alt=\"Dagoberto, Vander, Vacarezza e Nelsinho\" width=\"300\" height=\"225\" \/><\/a><figcaption id=\"caption-attachment-1356\" class=\"wp-caption-text\">Dagoberto, Vander, Vacarezza e Nelsinho<\/figcaption><\/figure>\n<p>O Conselho Monet\u00e1rio Nacional (CMN) autorizou a Prefeitura de Campo Grande a contratar junto \u00e0 Caixa Econ\u00f4mica Federal (CEF) os R$ 55 milh\u00f5es destinados ao mais completo projeto de mobilidade urbana da hist\u00f3ria do munic\u00edpio. Na reuni\u00e3o do CMN realizada ontem (22), s\u00f3 dois munic\u00edpios brasileiros \u2013 Campo Grande e Rio de Janeiro \u2013 obtiveram aval para opera\u00e7\u00f5es financeiras dessa natureza. No total, as duas capitais est\u00e3o contratando R$ 100 milh\u00f5es, que estavam represados no Or\u00e7amento e s\u00e3o destinados ao Programa Pr\u00f3-Transporte.<\/p>\n<p>A libera\u00e7\u00e3o dos recursos se concretizou mediante a\u00e7\u00e3o articulada pelo deputado federal Vander Loubet (PT-MS), a pedido do prefeito Nelson Trad Filho (PMDB), e contou com o respaldo dos deputados federais Dagoberto Nogueira (PDT-MS), Waldemir Moka (PMDB-MS) e C\u00e2ndido Vacarezza (PT-SP), l\u00edder do Governo na C\u00e2mara. A autoriza\u00e7\u00e3o do CMN \u00e9 necess\u00e1ria porque o recurso sai dos cofres do Governo Federal. A Prefeitura entra com uma contrapartida de R$ 3 milh\u00f5es. Segundo Nelsinho Trad, o Pr\u00f3-Transporte vai revolucionar a log\u00edstica de Campo Grande, com a constru\u00e7\u00e3o de corredor exclusivo para \u00f4nibus, terminais de transporte coletivo e abrigos.<\/p>\n<p>O diretor-presidente da Ag\u00eancia de Transportes e Tr\u00e2nsito de Campo Grande (Agetran), Rudel Trindade Junior, detalha que a maior parte da verba (R$ 35 milh\u00f5es) ser\u00e1 empregada na reformula\u00e7\u00e3o completa dos sinaleiros, com a troca de todos os sem\u00e1foros existentes, e na implanta\u00e7\u00e3o de uma das mais modernas centrais semaf\u00f3ricas do Pa\u00eds, com tecnologia de ponta. Para implantar a nova sinaliza\u00e7\u00e3o, ser\u00e3o destinados R$ 6 milh\u00f5es e outros R$ 6 milh\u00f5es custear\u00e3o a constru\u00e7\u00e3o de mil novos abrigos em pontos de \u00f4nibus. O restante dos recursos vai financiar outras obras, como os 9 km de defensas met\u00e1licas (guard-rails), os 6 km de ciclovias na Avenida Guri Marques e 11 pontes e passarelas.<\/p>\n<p>&#8220;Al\u00e9m do ganho em humaniza\u00e7\u00e3o com as op\u00e7\u00f5es de mobilidade urbana, o fluxo do tr\u00e1fego vai melhorar e ser melhor distribu\u00eddo, focalizando antes de tudo o conforto e a seguran\u00e7a das pessoas e a utiliza\u00e7\u00e3o eficiente dos espa\u00e7os destinados aos ve\u00edculos&#8221;, aposta Vander. Ele diz ser um investimento urgente e indispens\u00e1vel para uma cidade que caminha com velocidade para chegar ao primeiro milh\u00e3o de habitantes e precisa de respostas para um tr\u00e2nsito com cerca de 350 mil ve\u00edculos.<\/p>\n<p>INSIST\u00caNCIA &#8211; Para conquistar o recurso, o prefeito esteve v\u00e1rias vezes em Bras\u00edlia. No dia 28 de abril deste ano, ele e Vander explicaram a viabilidade do projeto aos t\u00e9cnicos do Tesouro Nacional (Minist\u00e9rio da Fazenda). A insist\u00eancia funcionou. E abriu ainda uma porta para novos benef\u00edcios. Para viabilizar mais recursos, Vander, Nelsinho e Dagoberto se reuniram com o l\u00edder do governo na C\u00e2mara, deputado C\u00e2ndido Vacarezza, a quem mostraram o Programa Multissetorial Integrado (PMI) de Campo Grande e pediram apoio para sua execu\u00e7\u00e3o, que depende do financiamento de R$ 51 milh\u00f5es junto ao BNDES (Banco Nacional de Desenvolvimento Econ\u00f4mico e Social).<\/p>\n<p>Depois da reuni\u00e3o, Dagoberto afirmou que Vacarezza assumiu o compromisso de agilizar o tr\u00e2mite burocr\u00e1tico. &#8220;Ele ligou para o Paulo Bernardo (ministro do Planejamento) e para o Guido Mantega (ministro da Fazenda) durante a reuni\u00e3o para solicitar empenho dos dois para que Campo Grande seja atendida o mais r\u00e1pido poss\u00edvel&#8221;, contou o deputado pedetista, enfatizando que os t\u00e9cnicos do BNDES elogiaram o projeto campograndense.<\/p>\n<p><small>(Edson Moraes &#8211; Assessoria Deputado Vander)<\/small><\/p>\n","protected":false},"excerpt":{"rendered":"<p>Libera\u00e7\u00e3o \u00e9 a\u00e7\u00e3o de Vander, a pedido de Nelsinho, com apoio de Dagoberto e do l\u00edder do Governo na C\u00e2mara, C\u00e2ndido Vacarezza.<\/p>\n","protected":false},"author":2,"featured_media":0,"comment_status":"closed","ping_status":"open","sticky":false,"template":"","format":"standard","meta":{"jetpack_post_was_ever_published":false,"_jetpack_newsletter_access":"","_jetpack_dont_email_post_to_subs":false,"_jetpack_newsletter_tier_id":0,"_jetpack_memberships_contains_paywalled_content":false,"_jetpack_memberships_contains_paid_content":false,"footnotes":""},"categories":[10],"tags":[65,332,342,350,567,1311,1377,2035],"class_list":{"0":"post-1355","1":"post","2":"type-post","3":"status-publish","4":"format-standard","6":"category-noticias","7":"tag-agetran","8":"tag-camara","9":"tag-campo-grande","10":"tag-candido-vacarezza","11":"tag-dagoberto","12":"tag-mobilidade-urbana","13":"tag-nelson-trad-filho","14":"tag-vander-loubet"},"yoast_head":"<!-- This site is optimized with the Yoast SEO plugin v27.4 - https:\/\/yoast.com\/product\/yoast-seo-wordpress\/ -->\n<title>Mobilidade urbana: liberados R$ 55 milh\u00f5es para Campo Grande<\/title>\n<meta name=\"robots\" content=\"index, follow, max-snippet:-1, max-image-preview:large, max-video-preview:-1\" \/>\n<link rel=\"canonical\" href=\"https:\/\/vanderloubet.com.br\/deputado\/mobilidade-urbana-liberados-r-55-milhoes-para-campo-grande\/\" \/>\n<meta property=\"og:locale\" content=\"pt_BR\" \/>\n<meta property=\"og:type\" content=\"article\" \/>\n<meta property=\"og:title\" content=\"Mobilidade urbana: liberados R$ 55 milh\u00f5es para Campo Grande\" \/>\n<meta property=\"og:description\" content=\"Libera\u00e7\u00e3o \u00e9 a\u00e7\u00e3o de Vander, a pedido de Nelsinho, com apoio de Dagoberto e do l\u00edder do Governo na C\u00e2mara, C\u00e2ndido Vacarezza.\" \/>\n<meta property=\"og:url\" content=\"https:\/\/vanderloubet.com.br\/deputado\/mobilidade-urbana-liberados-r-55-milhoes-para-campo-grande\/\" \/>\n<meta property=\"og:site_name\" content=\"Deputado Federal Vander Loubet\" \/>\n<meta property=\"article:publisher\" content=\"https:\/\/facebook.com\/deputadovander\" \/>\n<meta property=\"article:published_time\" content=\"2010-06-23T11:00:51+00:00\" \/>\n<meta property=\"og:image\" content=\"http:\/\/www.deputadovander.com.br\/website\/wp-content\/uploads\/2010\/06\/foto-2010-06-22-mobilidade-urbana-300x225.jpg\" \/>\n<meta name=\"author\" content=\"\u00c9der\" \/>\n<meta name=\"twitter:card\" content=\"summary_large_image\" \/>\n<meta name=\"twitter:creator\" content=\"@vanderloubet\" \/>\n<meta name=\"twitter:site\" content=\"@vanderloubet\" \/>\n<script type=\"application\/ld+json\" class=\"yoast-schema-graph\">{\"@context\":\"https:\\\/\\\/schema.org\",\"@graph\":[{\"@type\":\"Article\",\"@id\":\"https:\\\/\\\/vanderloubet.com.br\\\/deputado\\\/mobilidade-urbana-liberados-r-55-milhoes-para-campo-grande\\\/#article\",\"isPartOf\":{\"@id\":\"https:\\\/\\\/vanderloubet.com.br\\\/deputado\\\/mobilidade-urbana-liberados-r-55-milhoes-para-campo-grande\\\/\"},\"author\":{\"name\":\"\u00c9der\",\"@id\":\"https:\\\/\\\/vanderloubet.com.br\\\/deputado\\\/#\\\/schema\\\/person\\\/15b51bd564532a8a68d9dec1b8eb890e\"},\"headline\":\"Mobilidade urbana: liberados R$ 55 milh\u00f5es para Campo Grande\",\"datePublished\":\"2010-06-23T11:00:51+00:00\",\"mainEntityOfPage\":{\"@id\":\"https:\\\/\\\/vanderloubet.com.br\\\/deputado\\\/mobilidade-urbana-liberados-r-55-milhoes-para-campo-grande\\\/\"},\"wordCount\":618,\"publisher\":{\"@id\":\"https:\\\/\\\/vanderloubet.com.br\\\/deputado\\\/#organization\"},\"image\":{\"@id\":\"https:\\\/\\\/vanderloubet.com.br\\\/deputado\\\/mobilidade-urbana-liberados-r-55-milhoes-para-campo-grande\\\/#primaryimage\"},\"thumbnailUrl\":\"http:\\\/\\\/www.deputadovander.com.br\\\/website\\\/wp-content\\\/uploads\\\/2010\\\/06\\\/foto-2010-06-22-mobilidade-urbana-300x225.jpg\",\"keywords\":[\"agetran\",\"c\u00e2mara\",\"campo grande\",\"c\u00e2ndido vacarezza\",\"dagoberto\",\"mobilidade urbana\",\"nelson trad filho\",\"vander loubet\"],\"articleSection\":[\"Not\u00edcias\"],\"inLanguage\":\"pt-BR\"},{\"@type\":\"WebPage\",\"@id\":\"https:\\\/\\\/vanderloubet.com.br\\\/deputado\\\/mobilidade-urbana-liberados-r-55-milhoes-para-campo-grande\\\/\",\"url\":\"https:\\\/\\\/vanderloubet.com.br\\\/deputado\\\/mobilidade-urbana-liberados-r-55-milhoes-para-campo-grande\\\/\",\"name\":\"Mobilidade urbana: liberados R$ 55 milh\u00f5es para Campo Grande\",\"isPartOf\":{\"@id\":\"https:\\\/\\\/vanderloubet.com.br\\\/deputado\\\/#website\"},\"primaryImageOfPage\":{\"@id\":\"https:\\\/\\\/vanderloubet.com.br\\\/deputado\\\/mobilidade-urbana-liberados-r-55-milhoes-para-campo-grande\\\/#primaryimage\"},\"image\":{\"@id\":\"https:\\\/\\\/vanderloubet.com.br\\\/deputado\\\/mobilidade-urbana-liberados-r-55-milhoes-para-campo-grande\\\/#primaryimage\"},\"thumbnailUrl\":\"http:\\\/\\\/www.deputadovander.com.br\\\/website\\\/wp-content\\\/uploads\\\/2010\\\/06\\\/foto-2010-06-22-mobilidade-urbana-300x225.jpg\",\"datePublished\":\"2010-06-23T11:00:51+00:00\",\"breadcrumb\":{\"@id\":\"https:\\\/\\\/vanderloubet.com.br\\\/deputado\\\/mobilidade-urbana-liberados-r-55-milhoes-para-campo-grande\\\/#breadcrumb\"},\"inLanguage\":\"pt-BR\",\"potentialAction\":[{\"@type\":\"ReadAction\",\"target\":[\"https:\\\/\\\/vanderloubet.com.br\\\/deputado\\\/mobilidade-urbana-liberados-r-55-milhoes-para-campo-grande\\\/\"]}]},{\"@type\":\"ImageObject\",\"inLanguage\":\"pt-BR\",\"@id\":\"https:\\\/\\\/vanderloubet.com.br\\\/deputado\\\/mobilidade-urbana-liberados-r-55-milhoes-para-campo-grande\\\/#primaryimage\",\"url\":\"http:\\\/\\\/www.deputadovander.com.br\\\/website\\\/wp-content\\\/uploads\\\/2010\\\/06\\\/foto-2010-06-22-mobilidade-urbana-300x225.jpg\",\"contentUrl\":\"http:\\\/\\\/www.deputadovander.com.br\\\/website\\\/wp-content\\\/uploads\\\/2010\\\/06\\\/foto-2010-06-22-mobilidade-urbana-300x225.jpg\"},{\"@type\":\"BreadcrumbList\",\"@id\":\"https:\\\/\\\/vanderloubet.com.br\\\/deputado\\\/mobilidade-urbana-liberados-r-55-milhoes-para-campo-grande\\\/#breadcrumb\",\"itemListElement\":[{\"@type\":\"ListItem\",\"position\":1,\"name\":\"In\u00edcio\",\"item\":\"https:\\\/\\\/vanderloubet.com.br\\\/deputado\\\/\"},{\"@type\":\"ListItem\",\"position\":2,\"name\":\"Mobilidade urbana: liberados R$ 55 milh\u00f5es para Campo Grande\"}]},{\"@type\":\"WebSite\",\"@id\":\"https:\\\/\\\/vanderloubet.com.br\\\/deputado\\\/#website\",\"url\":\"https:\\\/\\\/vanderloubet.com.br\\\/deputado\\\/\",\"name\":\"Deputado Federal Vander Loubet\",\"description\":\"O Federal de MS\",\"publisher\":{\"@id\":\"https:\\\/\\\/vanderloubet.com.br\\\/deputado\\\/#organization\"},\"alternateName\":\"Deputado Vander\",\"potentialAction\":[{\"@type\":\"SearchAction\",\"target\":{\"@type\":\"EntryPoint\",\"urlTemplate\":\"https:\\\/\\\/vanderloubet.com.br\\\/deputado\\\/?s={search_term_string}\"},\"query-input\":{\"@type\":\"PropertyValueSpecification\",\"valueRequired\":true,\"valueName\":\"search_term_string\"}}],\"inLanguage\":\"pt-BR\"},{\"@type\":\"Organization\",\"@id\":\"https:\\\/\\\/vanderloubet.com.br\\\/deputado\\\/#organization\",\"name\":\"Deputado Federal Vander Loubet\",\"alternateName\":\"Deputado Vander\",\"url\":\"https:\\\/\\\/vanderloubet.com.br\\\/deputado\\\/\",\"logo\":{\"@type\":\"ImageObject\",\"inLanguage\":\"pt-BR\",\"@id\":\"https:\\\/\\\/vanderloubet.com.br\\\/deputado\\\/#\\\/schema\\\/logo\\\/image\\\/\",\"url\":\"https:\\\/\\\/vanderloubet.com.br\\\/deputado\\\/wp-content\\\/uploads\\\/2023\\\/06\\\/foto-2023-06-19-mandato-deputado-vander.jpg\",\"contentUrl\":\"https:\\\/\\\/vanderloubet.com.br\\\/deputado\\\/wp-content\\\/uploads\\\/2023\\\/06\\\/foto-2023-06-19-mandato-deputado-vander.jpg\",\"width\":1080,\"height\":1080,\"caption\":\"Deputado Federal Vander Loubet\"},\"image\":{\"@id\":\"https:\\\/\\\/vanderloubet.com.br\\\/deputado\\\/#\\\/schema\\\/logo\\\/image\\\/\"},\"sameAs\":[\"https:\\\/\\\/facebook.com\\\/deputadovander\",\"https:\\\/\\\/x.com\\\/vanderloubet\",\"https:\\\/\\\/instagram.com\\\/vanderloubet\",\"https:\\\/\\\/youtube.com\\\/vanderloubet\",\"https:\\\/\\\/tiktok.com\\\/@vanderloubetms\"]},{\"@type\":\"Person\",\"@id\":\"https:\\\/\\\/vanderloubet.com.br\\\/deputado\\\/#\\\/schema\\\/person\\\/15b51bd564532a8a68d9dec1b8eb890e\",\"name\":\"\u00c9der\",\"image\":{\"@type\":\"ImageObject\",\"inLanguage\":\"pt-BR\",\"@id\":\"https:\\\/\\\/vanderloubet.com.br\\\/deputado\\\/wp-content\\\/litespeed\\\/avatar\\\/88ca4090d9d5ab1c9495f6ca03b68efa.jpg?ver=1777058957\",\"url\":\"https:\\\/\\\/vanderloubet.com.br\\\/deputado\\\/wp-content\\\/litespeed\\\/avatar\\\/88ca4090d9d5ab1c9495f6ca03b68efa.jpg?ver=1777058957\",\"contentUrl\":\"https:\\\/\\\/vanderloubet.com.br\\\/deputado\\\/wp-content\\\/litespeed\\\/avatar\\\/88ca4090d9d5ab1c9495f6ca03b68efa.jpg?ver=1777058957\",\"caption\":\"\u00c9der\"}}]}<\/script>\n<!-- \/ Yoast SEO plugin. -->","yoast_head_json":{"title":"Mobilidade urbana: liberados R$ 55 milh\u00f5es para Campo Grande","robots":{"index":"index","follow":"follow","max-snippet":"max-snippet:-1","max-image-preview":"max-image-preview:large","max-video-preview":"max-video-preview:-1"},"canonical":"https:\/\/vanderloubet.com.br\/deputado\/mobilidade-urbana-liberados-r-55-milhoes-para-campo-grande\/","og_locale":"pt_BR","og_type":"article","og_title":"Mobilidade urbana: liberados R$ 55 milh\u00f5es para Campo Grande","og_description":"Libera\u00e7\u00e3o \u00e9 a\u00e7\u00e3o de Vander, a pedido de Nelsinho, com apoio de Dagoberto e do l\u00edder do Governo na C\u00e2mara, C\u00e2ndido Vacarezza.","og_url":"https:\/\/vanderloubet.com.br\/deputado\/mobilidade-urbana-liberados-r-55-milhoes-para-campo-grande\/","og_site_name":"Deputado Federal Vander Loubet","article_publisher":"https:\/\/facebook.com\/deputadovander","article_published_time":"2010-06-23T11:00:51+00:00","og_image":[{"url":"http:\/\/www.deputadovander.com.br\/website\/wp-content\/uploads\/2010\/06\/foto-2010-06-22-mobilidade-urbana-300x225.jpg","type":"","width":"","height":""}],"author":"\u00c9der","twitter_card":"summary_large_image","twitter_creator":"@vanderloubet","twitter_site":"@vanderloubet","schema":{"@context":"https:\/\/schema.org","@graph":[{"@type":"Article","@id":"https:\/\/vanderloubet.com.br\/deputado\/mobilidade-urbana-liberados-r-55-milhoes-para-campo-grande\/#article","isPartOf":{"@id":"https:\/\/vanderloubet.com.br\/deputado\/mobilidade-urbana-liberados-r-55-milhoes-para-campo-grande\/"},"author":{"name":"\u00c9der","@id":"https:\/\/vanderloubet.com.br\/deputado\/#\/schema\/person\/15b51bd564532a8a68d9dec1b8eb890e"},"headline":"Mobilidade urbana: liberados R$ 55 milh\u00f5es para Campo Grande","datePublished":"2010-06-23T11:00:51+00:00","mainEntityOfPage":{"@id":"https:\/\/vanderloubet.com.br\/deputado\/mobilidade-urbana-liberados-r-55-milhoes-para-campo-grande\/"},"wordCount":618,"publisher":{"@id":"https:\/\/vanderloubet.com.br\/deputado\/#organization"},"image":{"@id":"https:\/\/vanderloubet.com.br\/deputado\/mobilidade-urbana-liberados-r-55-milhoes-para-campo-grande\/#primaryimage"},"thumbnailUrl":"http:\/\/www.deputadovander.com.br\/website\/wp-content\/uploads\/2010\/06\/foto-2010-06-22-mobilidade-urbana-300x225.jpg","keywords":["agetran","c\u00e2mara","campo grande","c\u00e2ndido vacarezza","dagoberto","mobilidade urbana","nelson trad filho","vander loubet"],"articleSection":["Not\u00edcias"],"inLanguage":"pt-BR"},{"@type":"WebPage","@id":"https:\/\/vanderloubet.com.br\/deputado\/mobilidade-urbana-liberados-r-55-milhoes-para-campo-grande\/","url":"https:\/\/vanderloubet.com.br\/deputado\/mobilidade-urbana-liberados-r-55-milhoes-para-campo-grande\/","name":"Mobilidade urbana: liberados R$ 55 milh\u00f5es para Campo Grande","isPartOf":{"@id":"https:\/\/vanderloubet.com.br\/deputado\/#website"},"primaryImageOfPage":{"@id":"https:\/\/vanderloubet.com.br\/deputado\/mobilidade-urbana-liberados-r-55-milhoes-para-campo-grande\/#primaryimage"},"image":{"@id":"https:\/\/vanderloubet.com.br\/deputado\/mobilidade-urbana-liberados-r-55-milhoes-para-campo-grande\/#primaryimage"},"thumbnailUrl":"http:\/\/www.deputadovander.com.br\/website\/wp-content\/uploads\/2010\/06\/foto-2010-06-22-mobilidade-urbana-300x225.jpg","datePublished":"2010-06-23T11:00:51+00:00","breadcrumb":{"@id":"https:\/\/vanderloubet.com.br\/deputado\/mobilidade-urbana-liberados-r-55-milhoes-para-campo-grande\/#breadcrumb"},"inLanguage":"pt-BR","potentialAction":[{"@type":"ReadAction","target":["https:\/\/vanderloubet.com.br\/deputado\/mobilidade-urbana-liberados-r-55-milhoes-para-campo-grande\/"]}]},{"@type":"ImageObject","inLanguage":"pt-BR","@id":"https:\/\/vanderloubet.com.br\/deputado\/mobilidade-urbana-liberados-r-55-milhoes-para-campo-grande\/#primaryimage","url":"http:\/\/www.deputadovander.com.br\/website\/wp-content\/uploads\/2010\/06\/foto-2010-06-22-mobilidade-urbana-300x225.jpg","contentUrl":"http:\/\/www.deputadovander.com.br\/website\/wp-content\/uploads\/2010\/06\/foto-2010-06-22-mobilidade-urbana-300x225.jpg"},{"@type":"BreadcrumbList","@id":"https:\/\/vanderloubet.com.br\/deputado\/mobilidade-urbana-liberados-r-55-milhoes-para-campo-grande\/#breadcrumb","itemListElement":[{"@type":"ListItem","position":1,"name":"In\u00edcio","item":"https:\/\/vanderloubet.com.br\/deputado\/"},{"@type":"ListItem","position":2,"name":"Mobilidade urbana: liberados R$ 55 milh\u00f5es para Campo Grande"}]},{"@type":"WebSite","@id":"https:\/\/vanderloubet.com.br\/deputado\/#website","url":"https:\/\/vanderloubet.com.br\/deputado\/","name":"Deputado Federal Vander Loubet","description":"O Federal de MS","publisher":{"@id":"https:\/\/vanderloubet.com.br\/deputado\/#organization"},"alternateName":"Deputado Vander","potentialAction":[{"@type":"SearchAction","target":{"@type":"EntryPoint","urlTemplate":"https:\/\/vanderloubet.com.br\/deputado\/?s={search_term_string}"},"query-input":{"@type":"PropertyValueSpecification","valueRequired":true,"valueName":"search_term_string"}}],"inLanguage":"pt-BR"},{"@type":"Organization","@id":"https:\/\/vanderloubet.com.br\/deputado\/#organization","name":"Deputado Federal Vander Loubet","alternateName":"Deputado Vander","url":"https:\/\/vanderloubet.com.br\/deputado\/","logo":{"@type":"ImageObject","inLanguage":"pt-BR","@id":"https:\/\/vanderloubet.com.br\/deputado\/#\/schema\/logo\/image\/","url":"https:\/\/vanderloubet.com.br\/deputado\/wp-content\/uploads\/2023\/06\/foto-2023-06-19-mandato-deputado-vander.jpg","contentUrl":"https:\/\/vanderloubet.com.br\/deputado\/wp-content\/uploads\/2023\/06\/foto-2023-06-19-mandato-deputado-vander.jpg","width":1080,"height":1080,"caption":"Deputado Federal Vander Loubet"},"image":{"@id":"https:\/\/vanderloubet.com.br\/deputado\/#\/schema\/logo\/image\/"},"sameAs":["https:\/\/facebook.com\/deputadovander","https:\/\/x.com\/vanderloubet","https:\/\/instagram.com\/vanderloubet","https:\/\/youtube.com\/vanderloubet","https:\/\/tiktok.com\/@vanderloubetms"]},{"@type":"Person","@id":"https:\/\/vanderloubet.com.br\/deputado\/#\/schema\/person\/15b51bd564532a8a68d9dec1b8eb890e","name":"\u00c9der","image":{"@type":"ImageObject","inLanguage":"pt-BR","@id":"https:\/\/vanderloubet.com.br\/deputado\/wp-content\/litespeed\/avatar\/88ca4090d9d5ab1c9495f6ca03b68efa.jpg?ver=1777058957","url":"https:\/\/vanderloubet.com.br\/deputado\/wp-content\/litespeed\/avatar\/88ca4090d9d5ab1c9495f6ca03b68efa.jpg?ver=1777058957","contentUrl":"https:\/\/vanderloubet.com.br\/deputado\/wp-content\/litespeed\/avatar\/88ca4090d9d5ab1c9495f6ca03b68efa.jpg?ver=1777058957","caption":"\u00c9der"}}]}},"jetpack_featured_media_url":"","jetpack_sharing_enabled":true,"_links":{"self":[{"href":"https:\/\/vanderloubet.com.br\/deputado\/wp-json\/wp\/v2\/posts\/1355","targetHints":{"allow":["GET"]}}],"collection":[{"href":"https:\/\/vanderloubet.com.br\/deputado\/wp-json\/wp\/v2\/posts"}],"about":[{"href":"https:\/\/vanderloubet.com.br\/deputado\/wp-json\/wp\/v2\/types\/post"}],"author":[{"embeddable":true,"href":"https:\/\/vanderloubet.com.br\/deputado\/wp-json\/wp\/v2\/users\/2"}],"replies":[{"embeddable":true,"href":"https:\/\/vanderloubet.com.br\/deputado\/wp-json\/wp\/v2\/comments?post=1355"}],"version-history":[{"count":0,"href":"https:\/\/vanderloubet.com.br\/deputado\/wp-json\/wp\/v2\/posts\/1355\/revisions"}],"wp:attachment":[{"href":"https:\/\/vanderloubet.com.br\/deputado\/wp-json\/wp\/v2\/media?parent=1355"}],"wp:term":[{"taxonomy":"category","embeddable":true,"href":"https:\/\/vanderloubet.com.br\/deputado\/wp-json\/wp\/v2\/categories?post=1355"},{"taxonomy":"post_tag","embeddable":true,"href":"https:\/\/vanderloubet.com.br\/deputado\/wp-json\/wp\/v2\/tags?post=1355"}],"curies":[{"name":"wp","href":"https:\/\/api.w.org\/{rel}","templated":true}]}}