{"id":13283,"date":"2017-12-21T09:51:13","date_gmt":"2017-12-21T12:51:13","guid":{"rendered":"http:\/\/vanderloubet.com.br\/deputado\/?p=13283"},"modified":"2017-12-21T09:51:47","modified_gmt":"2017-12-21T12:51:47","slug":"vander-consegue-pagamento-de-414-mil-em-parcelas-para-amambai-bataguassu-e-sonora","status":"publish","type":"post","link":"https:\/\/vanderloubet.com.br\/deputado\/vander-consegue-pagamento-de-414-mil-em-parcelas-para-amambai-bataguassu-e-sonora\/","title":{"rendered":"Vander consegue pagamento de R$ 414 mil em parcelas para Amambai, Bataguassu e Sonora"},"content":{"rendered":"<figure id=\"attachment_13284\" aria-describedby=\"caption-attachment-13284\" style=\"width: 700px\" class=\"wp-caption alignnone\"><img decoding=\"async\" class=\"wp-image-13284 size-large\" title=\"Em setembro, Vander esteve nos minist\u00e9rios do Turismo e do Esporte cobrando pagamentos\" src=\"http:\/\/vanderloubet.com.br\/deputado\/wp-content\/uploads\/2017\/12\/foto-2017-12-21-vander-ministerio-turismo-700x467.jpg\" alt=\"Em setembro, Vander esteve nos minist\u00e9rios do Turismo e do Esporte cobrando pagamentos\" width=\"700\" height=\"467\" srcset=\"https:\/\/vanderloubet.com.br\/deputado\/wp-content\/uploads\/2017\/12\/foto-2017-12-21-vander-ministerio-turismo-700x467.jpg 700w, https:\/\/vanderloubet.com.br\/deputado\/wp-content\/uploads\/2017\/12\/foto-2017-12-21-vander-ministerio-turismo-350x233.jpg 350w, https:\/\/vanderloubet.com.br\/deputado\/wp-content\/uploads\/2017\/12\/foto-2017-12-21-vander-ministerio-turismo-768x512.jpg 768w, https:\/\/vanderloubet.com.br\/deputado\/wp-content\/uploads\/2017\/12\/foto-2017-12-21-vander-ministerio-turismo-630x420.jpg 630w, https:\/\/vanderloubet.com.br\/deputado\/wp-content\/uploads\/2017\/12\/foto-2017-12-21-vander-ministerio-turismo-696x464.jpg 696w, https:\/\/vanderloubet.com.br\/deputado\/wp-content\/uploads\/2017\/12\/foto-2017-12-21-vander-ministerio-turismo.jpg 960w\" sizes=\"(max-width: 700px) 100vw, 700px\" \/><figcaption id=\"caption-attachment-13284\" class=\"wp-caption-text\">Em setembro, Vander esteve nos minist\u00e9rios do Turismo e do Esporte cobrando pagamentos<\/figcaption><\/figure>\n<p>Ap\u00f3s gest\u00f5es e reivindica\u00e7\u00f5es junto ao governo, o deputado federal Vander Loubet conseguiu o pagamento de parcelas de conv\u00eanios firmados por meio de emendas parlamentares de sua autoria. A informa\u00e7\u00e3o do pagamento foi repassada ao deputado no dia 19 de dezembro. Os valores das parcelas somam R$ 414.375,00 e beneficiam as seguintes a\u00e7\u00f5es:<\/p>\n<p>Conv\u00eanio: 806921 (27321\/2014)<br \/>\nOrigem do recurso: Minist\u00e9rio do Esporte<br \/>\nBeneficiado: Prefeitura de Amambai<br \/>\nA\u00e7\u00e3o: Revitaliza\u00e7\u00e3o do Est\u00e1dio Municipal Ernesto Landolfi &#8211; ilumina\u00e7\u00e3o, amplia\u00e7\u00e3o da arquibancada e reforma do vesti\u00e1rio e sanit\u00e1rios<br \/>\nValor da parcela paga: R$ 97.500,00<br \/>\nValor total do conv\u00eanio: R$ 542.500,00<\/p>\n<p>Conv\u00eanio: 758451 (51575\/2011)<br \/>\nOrigem do recurso: Minist\u00e9rio do Turismo<br \/>\nBeneficiado: Prefeitura de Bataguassu<br \/>\nA\u00e7\u00e3o: Centro de Eventos Jo\u00e3o Lemes, no Jardim S\u00e3o Francisco (2\u00aa Etapa)<br \/>\nValor da parcela paga: R$ 199.875,00<br \/>\nValor total do conv\u00eanio: R$ 1.037.200,00<\/p>\n<p>Conv\u00eanio: 804595 (35415\/2014)<br \/>\nOrigem do recurso: Minist\u00e9rio do Turismo<br \/>\nBeneficiado: Prefeitura de Sonora<br \/>\nA\u00e7\u00e3o: Constru\u00e7\u00e3o de portal e pra\u00e7a na entrada da cidade (Av. Jo\u00e3o Leite Schimidt)<br \/>\nValor da parcela paga: R$ 117.000,00<br \/>\nValor total do conv\u00eanio: R$ 405.600,00<\/p>\n<p><em>(\u00c9der Yanaguita &#8211; Ascom\/Dep. Vander Loubet)<\/em><\/p>\n","protected":false},"excerpt":{"rendered":"<p>Parcelas se referem a conv\u00eanios firmados com emendas parlamentares de autoria do deputado.<\/p>\n","protected":false},"author":2,"featured_media":13284,"comment_status":"closed","ping_status":"closed","sticky":false,"template":"","format":"standard","meta":{"jetpack_post_was_ever_published":false,"_jetpack_newsletter_access":"","_jetpack_dont_email_post_to_subs":false,"_jetpack_newsletter_tier_id":0,"_jetpack_memberships_contains_paywalled_content":false,"_jetpack_memberships_contains_paid_content":false,"footnotes":""},"categories":[2097,10],"tags":[2127,739,1993],"class_list":{"0":"post-13283","1":"post","2":"type-post","3":"status-publish","4":"format-standard","5":"has-post-thumbnail","7":"category-municipios-noticias","8":"category-noticias","9":"tag-emenda-parlamentar","10":"tag-esporte","11":"tag-turismo"},"yoast_head":"<!-- This site is optimized with the Yoast SEO plugin v27.4 - https:\/\/yoast.com\/product\/yoast-seo-wordpress\/ -->\n<title>Vander consegue pagamento de R$ 414 mil em parcelas para Amambai, Bataguassu e Sonora<\/title>\n<meta name=\"robots\" content=\"index, follow, max-snippet:-1, max-image-preview:large, max-video-preview:-1\" \/>\n<link rel=\"canonical\" href=\"https:\/\/vanderloubet.com.br\/deputado\/vander-consegue-pagamento-de-414-mil-em-parcelas-para-amambai-bataguassu-e-sonora\/\" \/>\n<meta property=\"og:locale\" content=\"pt_BR\" \/>\n<meta property=\"og:type\" content=\"article\" \/>\n<meta property=\"og:title\" content=\"Vander consegue pagamento de R$ 414 mil em parcelas para Amambai, Bataguassu e Sonora\" \/>\n<meta property=\"og:description\" content=\"Parcelas se referem a conv\u00eanios firmados com emendas parlamentares de autoria do deputado.\" \/>\n<meta property=\"og:url\" content=\"https:\/\/vanderloubet.com.br\/deputado\/vander-consegue-pagamento-de-414-mil-em-parcelas-para-amambai-bataguassu-e-sonora\/\" \/>\n<meta property=\"og:site_name\" content=\"Deputado Federal Vander Loubet\" \/>\n<meta property=\"article:publisher\" content=\"https:\/\/facebook.com\/deputadovander\" \/>\n<meta property=\"article:published_time\" content=\"2017-12-21T12:51:13+00:00\" \/>\n<meta property=\"article:modified_time\" content=\"2017-12-21T12:51:47+00:00\" \/>\n<meta property=\"og:image\" content=\"https:\/\/vanderloubet.com.br\/deputado\/wp-content\/uploads\/2017\/12\/foto-2017-12-21-vander-ministerio-turismo.jpg\" \/>\n\t<meta property=\"og:image:width\" content=\"960\" \/>\n\t<meta property=\"og:image:height\" content=\"640\" \/>\n\t<meta property=\"og:image:type\" content=\"image\/jpeg\" \/>\n<meta name=\"author\" content=\"\u00c9der\" \/>\n<meta name=\"twitter:card\" content=\"summary_large_image\" \/>\n<meta name=\"twitter:creator\" content=\"@vanderloubet\" \/>\n<meta name=\"twitter:site\" content=\"@vanderloubet\" \/>\n<script type=\"application\/ld+json\" class=\"yoast-schema-graph\">{\"@context\":\"https:\\\/\\\/schema.org\",\"@graph\":[{\"@type\":\"Article\",\"@id\":\"https:\\\/\\\/vanderloubet.com.br\\\/deputado\\\/vander-consegue-pagamento-de-414-mil-em-parcelas-para-amambai-bataguassu-e-sonora\\\/#article\",\"isPartOf\":{\"@id\":\"https:\\\/\\\/vanderloubet.com.br\\\/deputado\\\/vander-consegue-pagamento-de-414-mil-em-parcelas-para-amambai-bataguassu-e-sonora\\\/\"},\"author\":{\"name\":\"\u00c9der\",\"@id\":\"https:\\\/\\\/vanderloubet.com.br\\\/deputado\\\/#\\\/schema\\\/person\\\/15b51bd564532a8a68d9dec1b8eb890e\"},\"headline\":\"Vander consegue pagamento de R$ 414 mil em parcelas para Amambai, Bataguassu e Sonora\",\"datePublished\":\"2017-12-21T12:51:13+00:00\",\"dateModified\":\"2017-12-21T12:51:47+00:00\",\"mainEntityOfPage\":{\"@id\":\"https:\\\/\\\/vanderloubet.com.br\\\/deputado\\\/vander-consegue-pagamento-de-414-mil-em-parcelas-para-amambai-bataguassu-e-sonora\\\/\"},\"wordCount\":227,\"publisher\":{\"@id\":\"https:\\\/\\\/vanderloubet.com.br\\\/deputado\\\/#organization\"},\"image\":{\"@id\":\"https:\\\/\\\/vanderloubet.com.br\\\/deputado\\\/vander-consegue-pagamento-de-414-mil-em-parcelas-para-amambai-bataguassu-e-sonora\\\/#primaryimage\"},\"thumbnailUrl\":\"https:\\\/\\\/vanderloubet.com.br\\\/deputado\\\/wp-content\\\/uploads\\\/2017\\\/12\\\/foto-2017-12-21-vander-ministerio-turismo.jpg\",\"keywords\":[\"emenda parlamentar\",\"esporte\",\"turismo\"],\"articleSection\":[\"Munic\u00edpios\",\"Not\u00edcias\"],\"inLanguage\":\"pt-BR\"},{\"@type\":\"WebPage\",\"@id\":\"https:\\\/\\\/vanderloubet.com.br\\\/deputado\\\/vander-consegue-pagamento-de-414-mil-em-parcelas-para-amambai-bataguassu-e-sonora\\\/\",\"url\":\"https:\\\/\\\/vanderloubet.com.br\\\/deputado\\\/vander-consegue-pagamento-de-414-mil-em-parcelas-para-amambai-bataguassu-e-sonora\\\/\",\"name\":\"Vander consegue pagamento de R$ 414 mil em parcelas para Amambai, Bataguassu e Sonora\",\"isPartOf\":{\"@id\":\"https:\\\/\\\/vanderloubet.com.br\\\/deputado\\\/#website\"},\"primaryImageOfPage\":{\"@id\":\"https:\\\/\\\/vanderloubet.com.br\\\/deputado\\\/vander-consegue-pagamento-de-414-mil-em-parcelas-para-amambai-bataguassu-e-sonora\\\/#primaryimage\"},\"image\":{\"@id\":\"https:\\\/\\\/vanderloubet.com.br\\\/deputado\\\/vander-consegue-pagamento-de-414-mil-em-parcelas-para-amambai-bataguassu-e-sonora\\\/#primaryimage\"},\"thumbnailUrl\":\"https:\\\/\\\/vanderloubet.com.br\\\/deputado\\\/wp-content\\\/uploads\\\/2017\\\/12\\\/foto-2017-12-21-vander-ministerio-turismo.jpg\",\"datePublished\":\"2017-12-21T12:51:13+00:00\",\"dateModified\":\"2017-12-21T12:51:47+00:00\",\"breadcrumb\":{\"@id\":\"https:\\\/\\\/vanderloubet.com.br\\\/deputado\\\/vander-consegue-pagamento-de-414-mil-em-parcelas-para-amambai-bataguassu-e-sonora\\\/#breadcrumb\"},\"inLanguage\":\"pt-BR\",\"potentialAction\":[{\"@type\":\"ReadAction\",\"target\":[\"https:\\\/\\\/vanderloubet.com.br\\\/deputado\\\/vander-consegue-pagamento-de-414-mil-em-parcelas-para-amambai-bataguassu-e-sonora\\\/\"]}]},{\"@type\":\"ImageObject\",\"inLanguage\":\"pt-BR\",\"@id\":\"https:\\\/\\\/vanderloubet.com.br\\\/deputado\\\/vander-consegue-pagamento-de-414-mil-em-parcelas-para-amambai-bataguassu-e-sonora\\\/#primaryimage\",\"url\":\"https:\\\/\\\/vanderloubet.com.br\\\/deputado\\\/wp-content\\\/uploads\\\/2017\\\/12\\\/foto-2017-12-21-vander-ministerio-turismo.jpg\",\"contentUrl\":\"https:\\\/\\\/vanderloubet.com.br\\\/deputado\\\/wp-content\\\/uploads\\\/2017\\\/12\\\/foto-2017-12-21-vander-ministerio-turismo.jpg\",\"width\":960,\"height\":640,\"caption\":\"Em setembro, Vander esteve nos minist\u00e9rios do Turismo e do Esporte cobrando pagamentos\"},{\"@type\":\"BreadcrumbList\",\"@id\":\"https:\\\/\\\/vanderloubet.com.br\\\/deputado\\\/vander-consegue-pagamento-de-414-mil-em-parcelas-para-amambai-bataguassu-e-sonora\\\/#breadcrumb\",\"itemListElement\":[{\"@type\":\"ListItem\",\"position\":1,\"name\":\"In\u00edcio\",\"item\":\"https:\\\/\\\/vanderloubet.com.br\\\/deputado\\\/\"},{\"@type\":\"ListItem\",\"position\":2,\"name\":\"Vander consegue pagamento de R$ 414 mil em parcelas para Amambai, Bataguassu e Sonora\"}]},{\"@type\":\"WebSite\",\"@id\":\"https:\\\/\\\/vanderloubet.com.br\\\/deputado\\\/#website\",\"url\":\"https:\\\/\\\/vanderloubet.com.br\\\/deputado\\\/\",\"name\":\"Deputado Federal Vander Loubet\",\"description\":\"O Federal de MS\",\"publisher\":{\"@id\":\"https:\\\/\\\/vanderloubet.com.br\\\/deputado\\\/#organization\"},\"alternateName\":\"Deputado Vander\",\"potentialAction\":[{\"@type\":\"SearchAction\",\"target\":{\"@type\":\"EntryPoint\",\"urlTemplate\":\"https:\\\/\\\/vanderloubet.com.br\\\/deputado\\\/?s={search_term_string}\"},\"query-input\":{\"@type\":\"PropertyValueSpecification\",\"valueRequired\":true,\"valueName\":\"search_term_string\"}}],\"inLanguage\":\"pt-BR\"},{\"@type\":\"Organization\",\"@id\":\"https:\\\/\\\/vanderloubet.com.br\\\/deputado\\\/#organization\",\"name\":\"Deputado Federal Vander Loubet\",\"alternateName\":\"Deputado Vander\",\"url\":\"https:\\\/\\\/vanderloubet.com.br\\\/deputado\\\/\",\"logo\":{\"@type\":\"ImageObject\",\"inLanguage\":\"pt-BR\",\"@id\":\"https:\\\/\\\/vanderloubet.com.br\\\/deputado\\\/#\\\/schema\\\/logo\\\/image\\\/\",\"url\":\"https:\\\/\\\/vanderloubet.com.br\\\/deputado\\\/wp-content\\\/uploads\\\/2023\\\/06\\\/foto-2023-06-19-mandato-deputado-vander.jpg\",\"contentUrl\":\"https:\\\/\\\/vanderloubet.com.br\\\/deputado\\\/wp-content\\\/uploads\\\/2023\\\/06\\\/foto-2023-06-19-mandato-deputado-vander.jpg\",\"width\":1080,\"height\":1080,\"caption\":\"Deputado Federal Vander Loubet\"},\"image\":{\"@id\":\"https:\\\/\\\/vanderloubet.com.br\\\/deputado\\\/#\\\/schema\\\/logo\\\/image\\\/\"},\"sameAs\":[\"https:\\\/\\\/facebook.com\\\/deputadovander\",\"https:\\\/\\\/x.com\\\/vanderloubet\",\"https:\\\/\\\/instagram.com\\\/vanderloubet\",\"https:\\\/\\\/youtube.com\\\/vanderloubet\",\"https:\\\/\\\/tiktok.com\\\/@vanderloubetms\"]},{\"@type\":\"Person\",\"@id\":\"https:\\\/\\\/vanderloubet.com.br\\\/deputado\\\/#\\\/schema\\\/person\\\/15b51bd564532a8a68d9dec1b8eb890e\",\"name\":\"\u00c9der\",\"image\":{\"@type\":\"ImageObject\",\"inLanguage\":\"pt-BR\",\"@id\":\"https:\\\/\\\/vanderloubet.com.br\\\/deputado\\\/wp-content\\\/litespeed\\\/avatar\\\/88ca4090d9d5ab1c9495f6ca03b68efa.jpg?ver=1777058957\",\"url\":\"https:\\\/\\\/vanderloubet.com.br\\\/deputado\\\/wp-content\\\/litespeed\\\/avatar\\\/88ca4090d9d5ab1c9495f6ca03b68efa.jpg?ver=1777058957\",\"contentUrl\":\"https:\\\/\\\/vanderloubet.com.br\\\/deputado\\\/wp-content\\\/litespeed\\\/avatar\\\/88ca4090d9d5ab1c9495f6ca03b68efa.jpg?ver=1777058957\",\"caption\":\"\u00c9der\"}}]}<\/script>\n<!-- \/ Yoast SEO plugin. -->","yoast_head_json":{"title":"Vander consegue pagamento de R$ 414 mil em parcelas para Amambai, Bataguassu e Sonora","robots":{"index":"index","follow":"follow","max-snippet":"max-snippet:-1","max-image-preview":"max-image-preview:large","max-video-preview":"max-video-preview:-1"},"canonical":"https:\/\/vanderloubet.com.br\/deputado\/vander-consegue-pagamento-de-414-mil-em-parcelas-para-amambai-bataguassu-e-sonora\/","og_locale":"pt_BR","og_type":"article","og_title":"Vander consegue pagamento de R$ 414 mil em parcelas para Amambai, Bataguassu e Sonora","og_description":"Parcelas se referem a conv\u00eanios firmados com emendas parlamentares de autoria do deputado.","og_url":"https:\/\/vanderloubet.com.br\/deputado\/vander-consegue-pagamento-de-414-mil-em-parcelas-para-amambai-bataguassu-e-sonora\/","og_site_name":"Deputado Federal Vander Loubet","article_publisher":"https:\/\/facebook.com\/deputadovander","article_published_time":"2017-12-21T12:51:13+00:00","article_modified_time":"2017-12-21T12:51:47+00:00","og_image":[{"width":960,"height":640,"url":"https:\/\/vanderloubet.com.br\/deputado\/wp-content\/uploads\/2017\/12\/foto-2017-12-21-vander-ministerio-turismo.jpg","type":"image\/jpeg"}],"author":"\u00c9der","twitter_card":"summary_large_image","twitter_creator":"@vanderloubet","twitter_site":"@vanderloubet","schema":{"@context":"https:\/\/schema.org","@graph":[{"@type":"Article","@id":"https:\/\/vanderloubet.com.br\/deputado\/vander-consegue-pagamento-de-414-mil-em-parcelas-para-amambai-bataguassu-e-sonora\/#article","isPartOf":{"@id":"https:\/\/vanderloubet.com.br\/deputado\/vander-consegue-pagamento-de-414-mil-em-parcelas-para-amambai-bataguassu-e-sonora\/"},"author":{"name":"\u00c9der","@id":"https:\/\/vanderloubet.com.br\/deputado\/#\/schema\/person\/15b51bd564532a8a68d9dec1b8eb890e"},"headline":"Vander consegue pagamento de R$ 414 mil em parcelas para Amambai, Bataguassu e Sonora","datePublished":"2017-12-21T12:51:13+00:00","dateModified":"2017-12-21T12:51:47+00:00","mainEntityOfPage":{"@id":"https:\/\/vanderloubet.com.br\/deputado\/vander-consegue-pagamento-de-414-mil-em-parcelas-para-amambai-bataguassu-e-sonora\/"},"wordCount":227,"publisher":{"@id":"https:\/\/vanderloubet.com.br\/deputado\/#organization"},"image":{"@id":"https:\/\/vanderloubet.com.br\/deputado\/vander-consegue-pagamento-de-414-mil-em-parcelas-para-amambai-bataguassu-e-sonora\/#primaryimage"},"thumbnailUrl":"https:\/\/vanderloubet.com.br\/deputado\/wp-content\/uploads\/2017\/12\/foto-2017-12-21-vander-ministerio-turismo.jpg","keywords":["emenda parlamentar","esporte","turismo"],"articleSection":["Munic\u00edpios","Not\u00edcias"],"inLanguage":"pt-BR"},{"@type":"WebPage","@id":"https:\/\/vanderloubet.com.br\/deputado\/vander-consegue-pagamento-de-414-mil-em-parcelas-para-amambai-bataguassu-e-sonora\/","url":"https:\/\/vanderloubet.com.br\/deputado\/vander-consegue-pagamento-de-414-mil-em-parcelas-para-amambai-bataguassu-e-sonora\/","name":"Vander consegue pagamento de R$ 414 mil em parcelas para Amambai, Bataguassu e Sonora","isPartOf":{"@id":"https:\/\/vanderloubet.com.br\/deputado\/#website"},"primaryImageOfPage":{"@id":"https:\/\/vanderloubet.com.br\/deputado\/vander-consegue-pagamento-de-414-mil-em-parcelas-para-amambai-bataguassu-e-sonora\/#primaryimage"},"image":{"@id":"https:\/\/vanderloubet.com.br\/deputado\/vander-consegue-pagamento-de-414-mil-em-parcelas-para-amambai-bataguassu-e-sonora\/#primaryimage"},"thumbnailUrl":"https:\/\/vanderloubet.com.br\/deputado\/wp-content\/uploads\/2017\/12\/foto-2017-12-21-vander-ministerio-turismo.jpg","datePublished":"2017-12-21T12:51:13+00:00","dateModified":"2017-12-21T12:51:47+00:00","breadcrumb":{"@id":"https:\/\/vanderloubet.com.br\/deputado\/vander-consegue-pagamento-de-414-mil-em-parcelas-para-amambai-bataguassu-e-sonora\/#breadcrumb"},"inLanguage":"pt-BR","potentialAction":[{"@type":"ReadAction","target":["https:\/\/vanderloubet.com.br\/deputado\/vander-consegue-pagamento-de-414-mil-em-parcelas-para-amambai-bataguassu-e-sonora\/"]}]},{"@type":"ImageObject","inLanguage":"pt-BR","@id":"https:\/\/vanderloubet.com.br\/deputado\/vander-consegue-pagamento-de-414-mil-em-parcelas-para-amambai-bataguassu-e-sonora\/#primaryimage","url":"https:\/\/vanderloubet.com.br\/deputado\/wp-content\/uploads\/2017\/12\/foto-2017-12-21-vander-ministerio-turismo.jpg","contentUrl":"https:\/\/vanderloubet.com.br\/deputado\/wp-content\/uploads\/2017\/12\/foto-2017-12-21-vander-ministerio-turismo.jpg","width":960,"height":640,"caption":"Em setembro, Vander esteve nos minist\u00e9rios do Turismo e do Esporte cobrando pagamentos"},{"@type":"BreadcrumbList","@id":"https:\/\/vanderloubet.com.br\/deputado\/vander-consegue-pagamento-de-414-mil-em-parcelas-para-amambai-bataguassu-e-sonora\/#breadcrumb","itemListElement":[{"@type":"ListItem","position":1,"name":"In\u00edcio","item":"https:\/\/vanderloubet.com.br\/deputado\/"},{"@type":"ListItem","position":2,"name":"Vander consegue pagamento de R$ 414 mil em parcelas para Amambai, Bataguassu e Sonora"}]},{"@type":"WebSite","@id":"https:\/\/vanderloubet.com.br\/deputado\/#website","url":"https:\/\/vanderloubet.com.br\/deputado\/","name":"Deputado Federal Vander Loubet","description":"O Federal de MS","publisher":{"@id":"https:\/\/vanderloubet.com.br\/deputado\/#organization"},"alternateName":"Deputado Vander","potentialAction":[{"@type":"SearchAction","target":{"@type":"EntryPoint","urlTemplate":"https:\/\/vanderloubet.com.br\/deputado\/?s={search_term_string}"},"query-input":{"@type":"PropertyValueSpecification","valueRequired":true,"valueName":"search_term_string"}}],"inLanguage":"pt-BR"},{"@type":"Organization","@id":"https:\/\/vanderloubet.com.br\/deputado\/#organization","name":"Deputado Federal Vander Loubet","alternateName":"Deputado Vander","url":"https:\/\/vanderloubet.com.br\/deputado\/","logo":{"@type":"ImageObject","inLanguage":"pt-BR","@id":"https:\/\/vanderloubet.com.br\/deputado\/#\/schema\/logo\/image\/","url":"https:\/\/vanderloubet.com.br\/deputado\/wp-content\/uploads\/2023\/06\/foto-2023-06-19-mandato-deputado-vander.jpg","contentUrl":"https:\/\/vanderloubet.com.br\/deputado\/wp-content\/uploads\/2023\/06\/foto-2023-06-19-mandato-deputado-vander.jpg","width":1080,"height":1080,"caption":"Deputado Federal Vander Loubet"},"image":{"@id":"https:\/\/vanderloubet.com.br\/deputado\/#\/schema\/logo\/image\/"},"sameAs":["https:\/\/facebook.com\/deputadovander","https:\/\/x.com\/vanderloubet","https:\/\/instagram.com\/vanderloubet","https:\/\/youtube.com\/vanderloubet","https:\/\/tiktok.com\/@vanderloubetms"]},{"@type":"Person","@id":"https:\/\/vanderloubet.com.br\/deputado\/#\/schema\/person\/15b51bd564532a8a68d9dec1b8eb890e","name":"\u00c9der","image":{"@type":"ImageObject","inLanguage":"pt-BR","@id":"https:\/\/vanderloubet.com.br\/deputado\/wp-content\/litespeed\/avatar\/88ca4090d9d5ab1c9495f6ca03b68efa.jpg?ver=1777058957","url":"https:\/\/vanderloubet.com.br\/deputado\/wp-content\/litespeed\/avatar\/88ca4090d9d5ab1c9495f6ca03b68efa.jpg?ver=1777058957","contentUrl":"https:\/\/vanderloubet.com.br\/deputado\/wp-content\/litespeed\/avatar\/88ca4090d9d5ab1c9495f6ca03b68efa.jpg?ver=1777058957","caption":"\u00c9der"}}]}},"jetpack_featured_media_url":"https:\/\/vanderloubet.com.br\/deputado\/wp-content\/uploads\/2017\/12\/foto-2017-12-21-vander-ministerio-turismo.jpg","jetpack_sharing_enabled":true,"_links":{"self":[{"href":"https:\/\/vanderloubet.com.br\/deputado\/wp-json\/wp\/v2\/posts\/13283","targetHints":{"allow":["GET"]}}],"collection":[{"href":"https:\/\/vanderloubet.com.br\/deputado\/wp-json\/wp\/v2\/posts"}],"about":[{"href":"https:\/\/vanderloubet.com.br\/deputado\/wp-json\/wp\/v2\/types\/post"}],"author":[{"embeddable":true,"href":"https:\/\/vanderloubet.com.br\/deputado\/wp-json\/wp\/v2\/users\/2"}],"replies":[{"embeddable":true,"href":"https:\/\/vanderloubet.com.br\/deputado\/wp-json\/wp\/v2\/comments?post=13283"}],"version-history":[{"count":0,"href":"https:\/\/vanderloubet.com.br\/deputado\/wp-json\/wp\/v2\/posts\/13283\/revisions"}],"wp:featuredmedia":[{"embeddable":true,"href":"https:\/\/vanderloubet.com.br\/deputado\/wp-json\/wp\/v2\/media\/13284"}],"wp:attachment":[{"href":"https:\/\/vanderloubet.com.br\/deputado\/wp-json\/wp\/v2\/media?parent=13283"}],"wp:term":[{"taxonomy":"category","embeddable":true,"href":"https:\/\/vanderloubet.com.br\/deputado\/wp-json\/wp\/v2\/categories?post=13283"},{"taxonomy":"post_tag","embeddable":true,"href":"https:\/\/vanderloubet.com.br\/deputado\/wp-json\/wp\/v2\/tags?post=13283"}],"curies":[{"name":"wp","href":"https:\/\/api.w.org\/{rel}","templated":true}]}}