{"id":13246,"date":"2017-11-29T15:41:31","date_gmt":"2017-11-29T18:41:31","guid":{"rendered":"http:\/\/vanderloubet.com.br\/deputado\/?p=13246"},"modified":"2017-11-30T20:12:57","modified_gmt":"2017-11-30T23:12:57","slug":"governo-temer-corta-147-milhoes-de-ms-e-vander-protesta-na-cmo","status":"publish","type":"post","link":"https:\/\/vanderloubet.com.br\/deputado\/governo-temer-corta-147-milhoes-de-ms-e-vander-protesta-na-cmo\/","title":{"rendered":"Governo Temer corta R$ 147 milh\u00f5es de MS e Vander protesta na CMO"},"content":{"rendered":"<figure id=\"attachment_13247\" aria-describedby=\"caption-attachment-13247\" style=\"width: 700px\" class=\"wp-caption alignnone\"><img decoding=\"async\" class=\"wp-image-13247 size-large\" title=\"Deputado Vander Loubet durante reuni\u00e3o da CMO em Bras\u00edlia\" src=\"http:\/\/vanderloubet.com.br\/deputado\/wp-content\/uploads\/2017\/11\/foto-2017-11-29-vander-cmo-700x467.jpg\" alt=\"Deputado Vander Loubet durante reuni\u00e3o da CMO em Bras\u00edlia\" width=\"700\" height=\"467\" srcset=\"https:\/\/vanderloubet.com.br\/deputado\/wp-content\/uploads\/2017\/11\/foto-2017-11-29-vander-cmo-700x467.jpg 700w, https:\/\/vanderloubet.com.br\/deputado\/wp-content\/uploads\/2017\/11\/foto-2017-11-29-vander-cmo-350x233.jpg 350w, https:\/\/vanderloubet.com.br\/deputado\/wp-content\/uploads\/2017\/11\/foto-2017-11-29-vander-cmo-768x512.jpg 768w, https:\/\/vanderloubet.com.br\/deputado\/wp-content\/uploads\/2017\/11\/foto-2017-11-29-vander-cmo-630x420.jpg 630w, https:\/\/vanderloubet.com.br\/deputado\/wp-content\/uploads\/2017\/11\/foto-2017-11-29-vander-cmo-696x464.jpg 696w, https:\/\/vanderloubet.com.br\/deputado\/wp-content\/uploads\/2017\/11\/foto-2017-11-29-vander-cmo-1068x712.jpg 1068w, https:\/\/vanderloubet.com.br\/deputado\/wp-content\/uploads\/2017\/11\/foto-2017-11-29-vander-cmo.jpg 1080w\" sizes=\"(max-width: 700px) 100vw, 700px\" \/><figcaption id=\"caption-attachment-13247\" class=\"wp-caption-text\">Deputado Vander Loubet durante reuni\u00e3o da CMO em Bras\u00edlia<\/figcaption><\/figure>\n<p>Na ter\u00e7a-feira (28), a Comiss\u00e3o Mista de Planos, Or\u00e7amentos P\u00fablicos e Fiscaliza\u00e7\u00e3o (CMO) do Congresso Nacional promoveu reuni\u00e3o para apreciar as emendas parlamentares coletivas (oriundas de bancadas e comiss\u00f5es) ao Projeto de Lei Or\u00e7ament\u00e1ria para 2018. Na ocasi\u00e3o, o deputado federal Vander Loubet (PT-MS), membro titular da CMO, protestou contra o corte de mais de R$ 147 milh\u00f5es promovido pelo governo ileg\u00edtimo de Michel Temer e seus aliados em rela\u00e7\u00e3o \u00e0s emendas coletivas destinadas a Mato Grosso do Sul.<\/p>\n<p>&#8220;S\u00e3o todas obras de infraestrutura estrat\u00e9gicas. E nenhuma foi acatada pelo governo. Trata-se de um preju\u00edzo muito grande para Mato Grosso do Sul. Nosso estado est\u00e1 sendo muito desprestigiado por esse governo, que n\u00e3o tem compromisso com os investimentos p\u00fablicos&#8221;, afirma Vander.<\/p>\n<p>O deputado sul-mato-grossense questiona se o governo ileg\u00edtimo realmente est\u00e1 preocupado com o crescimento econ\u00f4mico e o desenvolvimento como diz em discursos reproduzidos pela grande m\u00eddia. &#8220;Como o Brasil vai crescer sem investimento em infraestrutura? N\u00e3o tem como. Paralisaram todas as obras estruturantes do PAC [Programa de Acelera\u00e7\u00e3o do Crescimento] e agora est\u00e3o vetando as emendas de bancada. Desse jeito n\u00e3o h\u00e1 como retomar o crescimento&#8221;, defende.<\/p>\n<p>Entre os investimentos vetados pelo governo golpista, est\u00e3o a constru\u00e7\u00e3o do anel rodovi\u00e1rio em Tr\u00eas Lagoas (BR-262 e MS-158); a constru\u00e7\u00e3o do trecho interligando Cascavel e Chapec\u00f3 (SC) a Dourados, Mundo Novo e Maracaju pela Ferrovia Ferroeste (EF 484); a constru\u00e7\u00e3o da Ponte Internacional sobre o Rio Paraguai (fronteira Brasil\/Paraguai) em Porto Murtinho, na BR-267; e as obras de manuten\u00e7\u00e3o de rodovias no estado.<\/p>\n<p><em>(\u00c9der Yanaguita &#8211; Ascom\/Dep. Vander Loubet)<\/em><\/p>\n","protected":false},"excerpt":{"rendered":"<p>Corte afeta obras de infraestrutura rodovi\u00e1ria e ferrovi\u00e1ria, incluindo a manuten\u00e7\u00e3o de estradas no estado.<\/p>\n","protected":false},"author":2,"featured_media":13247,"comment_status":"closed","ping_status":"closed","sticky":false,"template":"","format":"standard","meta":{"jetpack_post_was_ever_published":false,"_jetpack_newsletter_access":"","_jetpack_dont_email_post_to_subs":false,"_jetpack_newsletter_tier_id":0,"_jetpack_memberships_contains_paywalled_content":false,"_jetpack_memberships_contains_paid_content":false,"footnotes":""},"categories":[2099,10],"tags":[2246,2127,2244],"class_list":{"0":"post-13246","1":"post","2":"type-post","3":"status-publish","4":"format-standard","5":"has-post-thumbnail","7":"category-ms-noticias","8":"category-noticias","9":"tag-comissao-mista-de-orcamento","10":"tag-emenda-parlamentar","11":"tag-orcamento-geral-da-uniao"},"yoast_head":"<!-- This site is optimized with the Yoast SEO plugin v27.4 - https:\/\/yoast.com\/product\/yoast-seo-wordpress\/ -->\n<title>Governo Temer corta R$ 147 milh\u00f5es de MS e Vander protesta na CMO<\/title>\n<meta name=\"robots\" content=\"index, follow, max-snippet:-1, max-image-preview:large, max-video-preview:-1\" \/>\n<link rel=\"canonical\" href=\"https:\/\/vanderloubet.com.br\/deputado\/governo-temer-corta-147-milhoes-de-ms-e-vander-protesta-na-cmo\/\" \/>\n<meta property=\"og:locale\" content=\"pt_BR\" \/>\n<meta property=\"og:type\" content=\"article\" \/>\n<meta property=\"og:title\" content=\"Governo Temer corta R$ 147 milh\u00f5es de MS e Vander protesta na CMO\" \/>\n<meta property=\"og:description\" content=\"Corte afeta obras de infraestrutura rodovi\u00e1ria e ferrovi\u00e1ria, incluindo a manuten\u00e7\u00e3o de estradas no estado.\" \/>\n<meta property=\"og:url\" content=\"https:\/\/vanderloubet.com.br\/deputado\/governo-temer-corta-147-milhoes-de-ms-e-vander-protesta-na-cmo\/\" \/>\n<meta property=\"og:site_name\" content=\"Deputado Federal Vander Loubet\" \/>\n<meta property=\"article:publisher\" content=\"https:\/\/facebook.com\/deputadovander\" \/>\n<meta property=\"article:published_time\" content=\"2017-11-29T18:41:31+00:00\" \/>\n<meta property=\"article:modified_time\" content=\"2017-11-30T23:12:57+00:00\" \/>\n<meta property=\"og:image\" content=\"https:\/\/vanderloubet.com.br\/deputado\/wp-content\/uploads\/2017\/11\/foto-2017-11-29-vander-cmo.jpg\" \/>\n\t<meta property=\"og:image:width\" content=\"1080\" \/>\n\t<meta property=\"og:image:height\" content=\"720\" \/>\n\t<meta property=\"og:image:type\" content=\"image\/jpeg\" \/>\n<meta name=\"author\" content=\"\u00c9der\" \/>\n<meta name=\"twitter:card\" content=\"summary_large_image\" \/>\n<meta name=\"twitter:creator\" content=\"@vanderloubet\" \/>\n<meta name=\"twitter:site\" content=\"@vanderloubet\" \/>\n<script type=\"application\/ld+json\" class=\"yoast-schema-graph\">{\"@context\":\"https:\\\/\\\/schema.org\",\"@graph\":[{\"@type\":\"Article\",\"@id\":\"https:\\\/\\\/vanderloubet.com.br\\\/deputado\\\/governo-temer-corta-147-milhoes-de-ms-e-vander-protesta-na-cmo\\\/#article\",\"isPartOf\":{\"@id\":\"https:\\\/\\\/vanderloubet.com.br\\\/deputado\\\/governo-temer-corta-147-milhoes-de-ms-e-vander-protesta-na-cmo\\\/\"},\"author\":{\"name\":\"\u00c9der\",\"@id\":\"https:\\\/\\\/vanderloubet.com.br\\\/deputado\\\/#\\\/schema\\\/person\\\/15b51bd564532a8a68d9dec1b8eb890e\"},\"headline\":\"Governo Temer corta R$ 147 milh\u00f5es de MS e Vander protesta na CMO\",\"datePublished\":\"2017-11-29T18:41:31+00:00\",\"dateModified\":\"2017-11-30T23:12:57+00:00\",\"mainEntityOfPage\":{\"@id\":\"https:\\\/\\\/vanderloubet.com.br\\\/deputado\\\/governo-temer-corta-147-milhoes-de-ms-e-vander-protesta-na-cmo\\\/\"},\"wordCount\":319,\"publisher\":{\"@id\":\"https:\\\/\\\/vanderloubet.com.br\\\/deputado\\\/#organization\"},\"image\":{\"@id\":\"https:\\\/\\\/vanderloubet.com.br\\\/deputado\\\/governo-temer-corta-147-milhoes-de-ms-e-vander-protesta-na-cmo\\\/#primaryimage\"},\"thumbnailUrl\":\"https:\\\/\\\/vanderloubet.com.br\\\/deputado\\\/wp-content\\\/uploads\\\/2017\\\/11\\\/foto-2017-11-29-vander-cmo.jpg\",\"keywords\":[\"comiss\u00e3o mista de or\u00e7amento\",\"emenda parlamentar\",\"or\u00e7amento geral da uni\u00e3o\"],\"articleSection\":[\"Mato Grosso do Sul\",\"Not\u00edcias\"],\"inLanguage\":\"pt-BR\"},{\"@type\":\"WebPage\",\"@id\":\"https:\\\/\\\/vanderloubet.com.br\\\/deputado\\\/governo-temer-corta-147-milhoes-de-ms-e-vander-protesta-na-cmo\\\/\",\"url\":\"https:\\\/\\\/vanderloubet.com.br\\\/deputado\\\/governo-temer-corta-147-milhoes-de-ms-e-vander-protesta-na-cmo\\\/\",\"name\":\"Governo Temer corta R$ 147 milh\u00f5es de MS e Vander protesta na CMO\",\"isPartOf\":{\"@id\":\"https:\\\/\\\/vanderloubet.com.br\\\/deputado\\\/#website\"},\"primaryImageOfPage\":{\"@id\":\"https:\\\/\\\/vanderloubet.com.br\\\/deputado\\\/governo-temer-corta-147-milhoes-de-ms-e-vander-protesta-na-cmo\\\/#primaryimage\"},\"image\":{\"@id\":\"https:\\\/\\\/vanderloubet.com.br\\\/deputado\\\/governo-temer-corta-147-milhoes-de-ms-e-vander-protesta-na-cmo\\\/#primaryimage\"},\"thumbnailUrl\":\"https:\\\/\\\/vanderloubet.com.br\\\/deputado\\\/wp-content\\\/uploads\\\/2017\\\/11\\\/foto-2017-11-29-vander-cmo.jpg\",\"datePublished\":\"2017-11-29T18:41:31+00:00\",\"dateModified\":\"2017-11-30T23:12:57+00:00\",\"breadcrumb\":{\"@id\":\"https:\\\/\\\/vanderloubet.com.br\\\/deputado\\\/governo-temer-corta-147-milhoes-de-ms-e-vander-protesta-na-cmo\\\/#breadcrumb\"},\"inLanguage\":\"pt-BR\",\"potentialAction\":[{\"@type\":\"ReadAction\",\"target\":[\"https:\\\/\\\/vanderloubet.com.br\\\/deputado\\\/governo-temer-corta-147-milhoes-de-ms-e-vander-protesta-na-cmo\\\/\"]}]},{\"@type\":\"ImageObject\",\"inLanguage\":\"pt-BR\",\"@id\":\"https:\\\/\\\/vanderloubet.com.br\\\/deputado\\\/governo-temer-corta-147-milhoes-de-ms-e-vander-protesta-na-cmo\\\/#primaryimage\",\"url\":\"https:\\\/\\\/vanderloubet.com.br\\\/deputado\\\/wp-content\\\/uploads\\\/2017\\\/11\\\/foto-2017-11-29-vander-cmo.jpg\",\"contentUrl\":\"https:\\\/\\\/vanderloubet.com.br\\\/deputado\\\/wp-content\\\/uploads\\\/2017\\\/11\\\/foto-2017-11-29-vander-cmo.jpg\",\"width\":1080,\"height\":720,\"caption\":\"Deputado Vander Loubet durante reuni\u00e3o da CMO em Bras\u00edlia\"},{\"@type\":\"BreadcrumbList\",\"@id\":\"https:\\\/\\\/vanderloubet.com.br\\\/deputado\\\/governo-temer-corta-147-milhoes-de-ms-e-vander-protesta-na-cmo\\\/#breadcrumb\",\"itemListElement\":[{\"@type\":\"ListItem\",\"position\":1,\"name\":\"In\u00edcio\",\"item\":\"https:\\\/\\\/vanderloubet.com.br\\\/deputado\\\/\"},{\"@type\":\"ListItem\",\"position\":2,\"name\":\"Governo Temer corta R$ 147 milh\u00f5es de MS e Vander protesta na CMO\"}]},{\"@type\":\"WebSite\",\"@id\":\"https:\\\/\\\/vanderloubet.com.br\\\/deputado\\\/#website\",\"url\":\"https:\\\/\\\/vanderloubet.com.br\\\/deputado\\\/\",\"name\":\"Deputado Federal Vander Loubet\",\"description\":\"O Federal de MS\",\"publisher\":{\"@id\":\"https:\\\/\\\/vanderloubet.com.br\\\/deputado\\\/#organization\"},\"alternateName\":\"Deputado Vander\",\"potentialAction\":[{\"@type\":\"SearchAction\",\"target\":{\"@type\":\"EntryPoint\",\"urlTemplate\":\"https:\\\/\\\/vanderloubet.com.br\\\/deputado\\\/?s={search_term_string}\"},\"query-input\":{\"@type\":\"PropertyValueSpecification\",\"valueRequired\":true,\"valueName\":\"search_term_string\"}}],\"inLanguage\":\"pt-BR\"},{\"@type\":\"Organization\",\"@id\":\"https:\\\/\\\/vanderloubet.com.br\\\/deputado\\\/#organization\",\"name\":\"Deputado Federal Vander Loubet\",\"alternateName\":\"Deputado Vander\",\"url\":\"https:\\\/\\\/vanderloubet.com.br\\\/deputado\\\/\",\"logo\":{\"@type\":\"ImageObject\",\"inLanguage\":\"pt-BR\",\"@id\":\"https:\\\/\\\/vanderloubet.com.br\\\/deputado\\\/#\\\/schema\\\/logo\\\/image\\\/\",\"url\":\"https:\\\/\\\/vanderloubet.com.br\\\/deputado\\\/wp-content\\\/uploads\\\/2023\\\/06\\\/foto-2023-06-19-mandato-deputado-vander.jpg\",\"contentUrl\":\"https:\\\/\\\/vanderloubet.com.br\\\/deputado\\\/wp-content\\\/uploads\\\/2023\\\/06\\\/foto-2023-06-19-mandato-deputado-vander.jpg\",\"width\":1080,\"height\":1080,\"caption\":\"Deputado Federal Vander Loubet\"},\"image\":{\"@id\":\"https:\\\/\\\/vanderloubet.com.br\\\/deputado\\\/#\\\/schema\\\/logo\\\/image\\\/\"},\"sameAs\":[\"https:\\\/\\\/facebook.com\\\/deputadovander\",\"https:\\\/\\\/x.com\\\/vanderloubet\",\"https:\\\/\\\/instagram.com\\\/vanderloubet\",\"https:\\\/\\\/youtube.com\\\/vanderloubet\",\"https:\\\/\\\/tiktok.com\\\/@vanderloubetms\"]},{\"@type\":\"Person\",\"@id\":\"https:\\\/\\\/vanderloubet.com.br\\\/deputado\\\/#\\\/schema\\\/person\\\/15b51bd564532a8a68d9dec1b8eb890e\",\"name\":\"\u00c9der\",\"image\":{\"@type\":\"ImageObject\",\"inLanguage\":\"pt-BR\",\"@id\":\"https:\\\/\\\/vanderloubet.com.br\\\/deputado\\\/wp-content\\\/litespeed\\\/avatar\\\/88ca4090d9d5ab1c9495f6ca03b68efa.jpg?ver=1777058957\",\"url\":\"https:\\\/\\\/vanderloubet.com.br\\\/deputado\\\/wp-content\\\/litespeed\\\/avatar\\\/88ca4090d9d5ab1c9495f6ca03b68efa.jpg?ver=1777058957\",\"contentUrl\":\"https:\\\/\\\/vanderloubet.com.br\\\/deputado\\\/wp-content\\\/litespeed\\\/avatar\\\/88ca4090d9d5ab1c9495f6ca03b68efa.jpg?ver=1777058957\",\"caption\":\"\u00c9der\"}}]}<\/script>\n<!-- \/ Yoast SEO plugin. -->","yoast_head_json":{"title":"Governo Temer corta R$ 147 milh\u00f5es de MS e Vander protesta na CMO","robots":{"index":"index","follow":"follow","max-snippet":"max-snippet:-1","max-image-preview":"max-image-preview:large","max-video-preview":"max-video-preview:-1"},"canonical":"https:\/\/vanderloubet.com.br\/deputado\/governo-temer-corta-147-milhoes-de-ms-e-vander-protesta-na-cmo\/","og_locale":"pt_BR","og_type":"article","og_title":"Governo Temer corta R$ 147 milh\u00f5es de MS e Vander protesta na CMO","og_description":"Corte afeta obras de infraestrutura rodovi\u00e1ria e ferrovi\u00e1ria, incluindo a manuten\u00e7\u00e3o de estradas no estado.","og_url":"https:\/\/vanderloubet.com.br\/deputado\/governo-temer-corta-147-milhoes-de-ms-e-vander-protesta-na-cmo\/","og_site_name":"Deputado Federal Vander Loubet","article_publisher":"https:\/\/facebook.com\/deputadovander","article_published_time":"2017-11-29T18:41:31+00:00","article_modified_time":"2017-11-30T23:12:57+00:00","og_image":[{"width":1080,"height":720,"url":"https:\/\/vanderloubet.com.br\/deputado\/wp-content\/uploads\/2017\/11\/foto-2017-11-29-vander-cmo.jpg","type":"image\/jpeg"}],"author":"\u00c9der","twitter_card":"summary_large_image","twitter_creator":"@vanderloubet","twitter_site":"@vanderloubet","schema":{"@context":"https:\/\/schema.org","@graph":[{"@type":"Article","@id":"https:\/\/vanderloubet.com.br\/deputado\/governo-temer-corta-147-milhoes-de-ms-e-vander-protesta-na-cmo\/#article","isPartOf":{"@id":"https:\/\/vanderloubet.com.br\/deputado\/governo-temer-corta-147-milhoes-de-ms-e-vander-protesta-na-cmo\/"},"author":{"name":"\u00c9der","@id":"https:\/\/vanderloubet.com.br\/deputado\/#\/schema\/person\/15b51bd564532a8a68d9dec1b8eb890e"},"headline":"Governo Temer corta R$ 147 milh\u00f5es de MS e Vander protesta na CMO","datePublished":"2017-11-29T18:41:31+00:00","dateModified":"2017-11-30T23:12:57+00:00","mainEntityOfPage":{"@id":"https:\/\/vanderloubet.com.br\/deputado\/governo-temer-corta-147-milhoes-de-ms-e-vander-protesta-na-cmo\/"},"wordCount":319,"publisher":{"@id":"https:\/\/vanderloubet.com.br\/deputado\/#organization"},"image":{"@id":"https:\/\/vanderloubet.com.br\/deputado\/governo-temer-corta-147-milhoes-de-ms-e-vander-protesta-na-cmo\/#primaryimage"},"thumbnailUrl":"https:\/\/vanderloubet.com.br\/deputado\/wp-content\/uploads\/2017\/11\/foto-2017-11-29-vander-cmo.jpg","keywords":["comiss\u00e3o mista de or\u00e7amento","emenda parlamentar","or\u00e7amento geral da uni\u00e3o"],"articleSection":["Mato Grosso do Sul","Not\u00edcias"],"inLanguage":"pt-BR"},{"@type":"WebPage","@id":"https:\/\/vanderloubet.com.br\/deputado\/governo-temer-corta-147-milhoes-de-ms-e-vander-protesta-na-cmo\/","url":"https:\/\/vanderloubet.com.br\/deputado\/governo-temer-corta-147-milhoes-de-ms-e-vander-protesta-na-cmo\/","name":"Governo Temer corta R$ 147 milh\u00f5es de MS e Vander protesta na CMO","isPartOf":{"@id":"https:\/\/vanderloubet.com.br\/deputado\/#website"},"primaryImageOfPage":{"@id":"https:\/\/vanderloubet.com.br\/deputado\/governo-temer-corta-147-milhoes-de-ms-e-vander-protesta-na-cmo\/#primaryimage"},"image":{"@id":"https:\/\/vanderloubet.com.br\/deputado\/governo-temer-corta-147-milhoes-de-ms-e-vander-protesta-na-cmo\/#primaryimage"},"thumbnailUrl":"https:\/\/vanderloubet.com.br\/deputado\/wp-content\/uploads\/2017\/11\/foto-2017-11-29-vander-cmo.jpg","datePublished":"2017-11-29T18:41:31+00:00","dateModified":"2017-11-30T23:12:57+00:00","breadcrumb":{"@id":"https:\/\/vanderloubet.com.br\/deputado\/governo-temer-corta-147-milhoes-de-ms-e-vander-protesta-na-cmo\/#breadcrumb"},"inLanguage":"pt-BR","potentialAction":[{"@type":"ReadAction","target":["https:\/\/vanderloubet.com.br\/deputado\/governo-temer-corta-147-milhoes-de-ms-e-vander-protesta-na-cmo\/"]}]},{"@type":"ImageObject","inLanguage":"pt-BR","@id":"https:\/\/vanderloubet.com.br\/deputado\/governo-temer-corta-147-milhoes-de-ms-e-vander-protesta-na-cmo\/#primaryimage","url":"https:\/\/vanderloubet.com.br\/deputado\/wp-content\/uploads\/2017\/11\/foto-2017-11-29-vander-cmo.jpg","contentUrl":"https:\/\/vanderloubet.com.br\/deputado\/wp-content\/uploads\/2017\/11\/foto-2017-11-29-vander-cmo.jpg","width":1080,"height":720,"caption":"Deputado Vander Loubet durante reuni\u00e3o da CMO em Bras\u00edlia"},{"@type":"BreadcrumbList","@id":"https:\/\/vanderloubet.com.br\/deputado\/governo-temer-corta-147-milhoes-de-ms-e-vander-protesta-na-cmo\/#breadcrumb","itemListElement":[{"@type":"ListItem","position":1,"name":"In\u00edcio","item":"https:\/\/vanderloubet.com.br\/deputado\/"},{"@type":"ListItem","position":2,"name":"Governo Temer corta R$ 147 milh\u00f5es de MS e Vander protesta na CMO"}]},{"@type":"WebSite","@id":"https:\/\/vanderloubet.com.br\/deputado\/#website","url":"https:\/\/vanderloubet.com.br\/deputado\/","name":"Deputado Federal Vander Loubet","description":"O Federal de MS","publisher":{"@id":"https:\/\/vanderloubet.com.br\/deputado\/#organization"},"alternateName":"Deputado Vander","potentialAction":[{"@type":"SearchAction","target":{"@type":"EntryPoint","urlTemplate":"https:\/\/vanderloubet.com.br\/deputado\/?s={search_term_string}"},"query-input":{"@type":"PropertyValueSpecification","valueRequired":true,"valueName":"search_term_string"}}],"inLanguage":"pt-BR"},{"@type":"Organization","@id":"https:\/\/vanderloubet.com.br\/deputado\/#organization","name":"Deputado Federal Vander Loubet","alternateName":"Deputado Vander","url":"https:\/\/vanderloubet.com.br\/deputado\/","logo":{"@type":"ImageObject","inLanguage":"pt-BR","@id":"https:\/\/vanderloubet.com.br\/deputado\/#\/schema\/logo\/image\/","url":"https:\/\/vanderloubet.com.br\/deputado\/wp-content\/uploads\/2023\/06\/foto-2023-06-19-mandato-deputado-vander.jpg","contentUrl":"https:\/\/vanderloubet.com.br\/deputado\/wp-content\/uploads\/2023\/06\/foto-2023-06-19-mandato-deputado-vander.jpg","width":1080,"height":1080,"caption":"Deputado Federal Vander Loubet"},"image":{"@id":"https:\/\/vanderloubet.com.br\/deputado\/#\/schema\/logo\/image\/"},"sameAs":["https:\/\/facebook.com\/deputadovander","https:\/\/x.com\/vanderloubet","https:\/\/instagram.com\/vanderloubet","https:\/\/youtube.com\/vanderloubet","https:\/\/tiktok.com\/@vanderloubetms"]},{"@type":"Person","@id":"https:\/\/vanderloubet.com.br\/deputado\/#\/schema\/person\/15b51bd564532a8a68d9dec1b8eb890e","name":"\u00c9der","image":{"@type":"ImageObject","inLanguage":"pt-BR","@id":"https:\/\/vanderloubet.com.br\/deputado\/wp-content\/litespeed\/avatar\/88ca4090d9d5ab1c9495f6ca03b68efa.jpg?ver=1777058957","url":"https:\/\/vanderloubet.com.br\/deputado\/wp-content\/litespeed\/avatar\/88ca4090d9d5ab1c9495f6ca03b68efa.jpg?ver=1777058957","contentUrl":"https:\/\/vanderloubet.com.br\/deputado\/wp-content\/litespeed\/avatar\/88ca4090d9d5ab1c9495f6ca03b68efa.jpg?ver=1777058957","caption":"\u00c9der"}}]}},"jetpack_featured_media_url":"https:\/\/vanderloubet.com.br\/deputado\/wp-content\/uploads\/2017\/11\/foto-2017-11-29-vander-cmo.jpg","jetpack_sharing_enabled":true,"_links":{"self":[{"href":"https:\/\/vanderloubet.com.br\/deputado\/wp-json\/wp\/v2\/posts\/13246","targetHints":{"allow":["GET"]}}],"collection":[{"href":"https:\/\/vanderloubet.com.br\/deputado\/wp-json\/wp\/v2\/posts"}],"about":[{"href":"https:\/\/vanderloubet.com.br\/deputado\/wp-json\/wp\/v2\/types\/post"}],"author":[{"embeddable":true,"href":"https:\/\/vanderloubet.com.br\/deputado\/wp-json\/wp\/v2\/users\/2"}],"replies":[{"embeddable":true,"href":"https:\/\/vanderloubet.com.br\/deputado\/wp-json\/wp\/v2\/comments?post=13246"}],"version-history":[{"count":0,"href":"https:\/\/vanderloubet.com.br\/deputado\/wp-json\/wp\/v2\/posts\/13246\/revisions"}],"wp:featuredmedia":[{"embeddable":true,"href":"https:\/\/vanderloubet.com.br\/deputado\/wp-json\/wp\/v2\/media\/13247"}],"wp:attachment":[{"href":"https:\/\/vanderloubet.com.br\/deputado\/wp-json\/wp\/v2\/media?parent=13246"}],"wp:term":[{"taxonomy":"category","embeddable":true,"href":"https:\/\/vanderloubet.com.br\/deputado\/wp-json\/wp\/v2\/categories?post=13246"},{"taxonomy":"post_tag","embeddable":true,"href":"https:\/\/vanderloubet.com.br\/deputado\/wp-json\/wp\/v2\/tags?post=13246"}],"curies":[{"name":"wp","href":"https:\/\/api.w.org\/{rel}","templated":true}]}}