{"id":13212,"date":"2017-11-08T14:31:08","date_gmt":"2017-11-08T17:31:08","guid":{"rendered":"http:\/\/vanderloubet.com.br\/deputado\/?p=13212"},"modified":"2017-11-08T14:32:30","modified_gmt":"2017-11-08T17:32:30","slug":"vander-e-zeca-pedem-na-anatel-solucao-para-vazios-de-cobertura-3g-em-ms","status":"publish","type":"post","link":"https:\/\/vanderloubet.com.br\/deputado\/vander-e-zeca-pedem-na-anatel-solucao-para-vazios-de-cobertura-3g-em-ms\/","title":{"rendered":"Vander e Zeca pedem na Anatel solu\u00e7\u00e3o para &#8220;vazios&#8221; de cobertura 3G em MS"},"content":{"rendered":"<figure id=\"attachment_13213\" aria-describedby=\"caption-attachment-13213\" style=\"width: 700px\" class=\"wp-caption alignnone\"><img decoding=\"async\" class=\"wp-image-13213 size-large\" title=\"Vander e Zeca pediram na Anatel solu\u00e7\u00e3o para falta de sinal m\u00f3vel em MS\" src=\"http:\/\/vanderloubet.com.br\/deputado\/wp-content\/uploads\/2017\/11\/foto-2017-11-08-vander-zeca-anatel-700x467.jpg\" alt=\"Vander e Zeca pediram na Anatel solu\u00e7\u00e3o para falta de sinal m\u00f3vel em MS\" width=\"700\" height=\"467\" srcset=\"https:\/\/vanderloubet.com.br\/deputado\/wp-content\/uploads\/2017\/11\/foto-2017-11-08-vander-zeca-anatel-700x467.jpg 700w, https:\/\/vanderloubet.com.br\/deputado\/wp-content\/uploads\/2017\/11\/foto-2017-11-08-vander-zeca-anatel-350x233.jpg 350w, https:\/\/vanderloubet.com.br\/deputado\/wp-content\/uploads\/2017\/11\/foto-2017-11-08-vander-zeca-anatel-768x512.jpg 768w, https:\/\/vanderloubet.com.br\/deputado\/wp-content\/uploads\/2017\/11\/foto-2017-11-08-vander-zeca-anatel-630x420.jpg 630w, https:\/\/vanderloubet.com.br\/deputado\/wp-content\/uploads\/2017\/11\/foto-2017-11-08-vander-zeca-anatel-696x464.jpg 696w, https:\/\/vanderloubet.com.br\/deputado\/wp-content\/uploads\/2017\/11\/foto-2017-11-08-vander-zeca-anatel.jpg 960w\" sizes=\"(max-width: 700px) 100vw, 700px\" \/><figcaption id=\"caption-attachment-13213\" class=\"wp-caption-text\">Vander e Zeca pediram na Anatel solu\u00e7\u00e3o para falta de sinal m\u00f3vel em MS<\/figcaption><\/figure>\n<p>Na tarde de ter\u00e7a-feira (7), os deputados federais Vander Loubet e Zeca do PT estiveram na sede da Ag\u00eancia Nacional de Telecomunica\u00e7\u00e3o (Anatel), em Bras\u00edlia, para uma audi\u00eancia com gerentes do \u00f3rg\u00e3o. Em pauta esteve a cobertura de sinal de internet m\u00f3vel em Mato Grosso do Sul, sobretudo o sinal 3G.<\/p>\n<p>&#8220;O Zeca e eu temos recebido muitas reivindica\u00e7\u00f5es sobre essa quest\u00e3o da cobertura de 3G. S\u00e3o v\u00e1rios os distritos e comunidades que carecem desse servi\u00e7o e passam por dificuldades para ter comunica\u00e7\u00e3o, como s\u00e3o os casos que chegaram at\u00e9 n\u00f3s: Piraputanga, em Aquidauana; Santa Terezinha, em Itapor\u00e3; e Vista Alegre, em Maracaju. E com certeza h\u00e1 outras localidades com a mesma situa\u00e7\u00e3o&#8221;, pontuou Vander.<\/p>\n<p>Apesar de haver operadoras de telefonia m\u00f3vel que divulgam possuir cobertura em todo o estado, na maioria das vezes o sinal \u00e9 restrito \u00e0 sede do munic\u00edpio, ou seja, ao centro urbano. &#8220;As pessoas que vivem afastadas da sede, como as popula\u00e7\u00f5es rurais e habitantes de distritos, acabam ficando desassistidas de internet m\u00f3vel, que \u00e9 uma tecnologia essencial na atualidade&#8221;, observa Zeca.<\/p>\n<p>Os deputados foram recebidos na ag\u00eancia por Nilo Pasquali, gerente de Regulamenta\u00e7\u00e3o, e por assessores de Rela\u00e7\u00f5es Institucionais. Durante a reuni\u00e3o, ficou acordado que a Anatel vai fazer um estudo sobre os &#8220;vazios&#8221; de cobertura de sinal em MS e que Vander e Zeca v\u00e3o propor aos deputados estaduais do PT uma audi\u00eancia p\u00fablica na Assembleia Legislativa para que esse levantamento seja apresentado a prefeitos, lideran\u00e7as comunit\u00e1rias e ao Governo do Estado a fim de discutir alternativas para a solu\u00e7\u00e3o do problema.<\/p>\n<p><em>(\u00c9der Yanaguita &#8211; Ascom\/Dep. Vander Loubet)<\/em><\/p>\n","protected":false},"excerpt":{"rendered":"<p>Ag\u00eancia vai fazer estudo sobre \u00e1rea de cobertura e deputados v\u00e3o propor audi\u00eancia com prefeitos e Governo do Estado para tratar do tema.<\/p>\n","protected":false},"author":2,"featured_media":13213,"comment_status":"closed","ping_status":"closed","sticky":false,"template":"","format":"standard","meta":{"jetpack_post_was_ever_published":false,"_jetpack_newsletter_access":"","_jetpack_dont_email_post_to_subs":false,"_jetpack_newsletter_tier_id":0,"_jetpack_memberships_contains_paywalled_content":false,"_jetpack_memberships_contains_paid_content":false,"footnotes":""},"categories":[2099,10],"tags":[1929],"class_list":{"0":"post-13212","1":"post","2":"type-post","3":"status-publish","4":"format-standard","5":"has-post-thumbnail","7":"category-ms-noticias","8":"category-noticias","9":"tag-telecomunicacoes"},"yoast_head":"<!-- This site is optimized with the Yoast SEO plugin v27.4 - https:\/\/yoast.com\/product\/yoast-seo-wordpress\/ -->\n<title>Vander e Zeca pedem na Anatel solu\u00e7\u00e3o para &quot;vazios&quot; de cobertura 3G em MS<\/title>\n<meta name=\"robots\" content=\"index, follow, max-snippet:-1, max-image-preview:large, max-video-preview:-1\" \/>\n<link rel=\"canonical\" href=\"https:\/\/vanderloubet.com.br\/deputado\/vander-e-zeca-pedem-na-anatel-solucao-para-vazios-de-cobertura-3g-em-ms\/\" \/>\n<meta property=\"og:locale\" content=\"pt_BR\" \/>\n<meta property=\"og:type\" content=\"article\" \/>\n<meta property=\"og:title\" content=\"Vander e Zeca pedem na Anatel solu\u00e7\u00e3o para &quot;vazios&quot; de cobertura 3G em MS\" \/>\n<meta property=\"og:description\" content=\"Ag\u00eancia vai fazer estudo sobre \u00e1rea de cobertura e deputados v\u00e3o propor audi\u00eancia com prefeitos e Governo do Estado para tratar do tema.\" \/>\n<meta property=\"og:url\" content=\"https:\/\/vanderloubet.com.br\/deputado\/vander-e-zeca-pedem-na-anatel-solucao-para-vazios-de-cobertura-3g-em-ms\/\" \/>\n<meta property=\"og:site_name\" content=\"Deputado Federal Vander Loubet\" \/>\n<meta property=\"article:publisher\" content=\"https:\/\/facebook.com\/deputadovander\" \/>\n<meta property=\"article:published_time\" content=\"2017-11-08T17:31:08+00:00\" \/>\n<meta property=\"article:modified_time\" content=\"2017-11-08T17:32:30+00:00\" \/>\n<meta property=\"og:image\" content=\"https:\/\/vanderloubet.com.br\/deputado\/wp-content\/uploads\/2017\/11\/foto-2017-11-08-vander-zeca-anatel.jpg\" \/>\n\t<meta property=\"og:image:width\" content=\"960\" \/>\n\t<meta property=\"og:image:height\" content=\"640\" \/>\n\t<meta property=\"og:image:type\" content=\"image\/jpeg\" \/>\n<meta name=\"author\" content=\"\u00c9der\" \/>\n<meta name=\"twitter:card\" content=\"summary_large_image\" \/>\n<meta name=\"twitter:creator\" content=\"@vanderloubet\" \/>\n<meta name=\"twitter:site\" content=\"@vanderloubet\" \/>\n<script type=\"application\/ld+json\" class=\"yoast-schema-graph\">{\"@context\":\"https:\\\/\\\/schema.org\",\"@graph\":[{\"@type\":\"Article\",\"@id\":\"https:\\\/\\\/vanderloubet.com.br\\\/deputado\\\/vander-e-zeca-pedem-na-anatel-solucao-para-vazios-de-cobertura-3g-em-ms\\\/#article\",\"isPartOf\":{\"@id\":\"https:\\\/\\\/vanderloubet.com.br\\\/deputado\\\/vander-e-zeca-pedem-na-anatel-solucao-para-vazios-de-cobertura-3g-em-ms\\\/\"},\"author\":{\"name\":\"\u00c9der\",\"@id\":\"https:\\\/\\\/vanderloubet.com.br\\\/deputado\\\/#\\\/schema\\\/person\\\/15b51bd564532a8a68d9dec1b8eb890e\"},\"headline\":\"Vander e Zeca pedem na Anatel solu\u00e7\u00e3o para &#8220;vazios&#8221; de cobertura 3G em MS\",\"datePublished\":\"2017-11-08T17:31:08+00:00\",\"dateModified\":\"2017-11-08T17:32:30+00:00\",\"mainEntityOfPage\":{\"@id\":\"https:\\\/\\\/vanderloubet.com.br\\\/deputado\\\/vander-e-zeca-pedem-na-anatel-solucao-para-vazios-de-cobertura-3g-em-ms\\\/\"},\"wordCount\":330,\"publisher\":{\"@id\":\"https:\\\/\\\/vanderloubet.com.br\\\/deputado\\\/#organization\"},\"image\":{\"@id\":\"https:\\\/\\\/vanderloubet.com.br\\\/deputado\\\/vander-e-zeca-pedem-na-anatel-solucao-para-vazios-de-cobertura-3g-em-ms\\\/#primaryimage\"},\"thumbnailUrl\":\"https:\\\/\\\/vanderloubet.com.br\\\/deputado\\\/wp-content\\\/uploads\\\/2017\\\/11\\\/foto-2017-11-08-vander-zeca-anatel.jpg\",\"keywords\":[\"telecomunica\u00e7\u00f5es\"],\"articleSection\":[\"Mato Grosso do Sul\",\"Not\u00edcias\"],\"inLanguage\":\"pt-BR\"},{\"@type\":\"WebPage\",\"@id\":\"https:\\\/\\\/vanderloubet.com.br\\\/deputado\\\/vander-e-zeca-pedem-na-anatel-solucao-para-vazios-de-cobertura-3g-em-ms\\\/\",\"url\":\"https:\\\/\\\/vanderloubet.com.br\\\/deputado\\\/vander-e-zeca-pedem-na-anatel-solucao-para-vazios-de-cobertura-3g-em-ms\\\/\",\"name\":\"Vander e Zeca pedem na Anatel solu\u00e7\u00e3o para \\\"vazios\\\" de cobertura 3G em MS\",\"isPartOf\":{\"@id\":\"https:\\\/\\\/vanderloubet.com.br\\\/deputado\\\/#website\"},\"primaryImageOfPage\":{\"@id\":\"https:\\\/\\\/vanderloubet.com.br\\\/deputado\\\/vander-e-zeca-pedem-na-anatel-solucao-para-vazios-de-cobertura-3g-em-ms\\\/#primaryimage\"},\"image\":{\"@id\":\"https:\\\/\\\/vanderloubet.com.br\\\/deputado\\\/vander-e-zeca-pedem-na-anatel-solucao-para-vazios-de-cobertura-3g-em-ms\\\/#primaryimage\"},\"thumbnailUrl\":\"https:\\\/\\\/vanderloubet.com.br\\\/deputado\\\/wp-content\\\/uploads\\\/2017\\\/11\\\/foto-2017-11-08-vander-zeca-anatel.jpg\",\"datePublished\":\"2017-11-08T17:31:08+00:00\",\"dateModified\":\"2017-11-08T17:32:30+00:00\",\"breadcrumb\":{\"@id\":\"https:\\\/\\\/vanderloubet.com.br\\\/deputado\\\/vander-e-zeca-pedem-na-anatel-solucao-para-vazios-de-cobertura-3g-em-ms\\\/#breadcrumb\"},\"inLanguage\":\"pt-BR\",\"potentialAction\":[{\"@type\":\"ReadAction\",\"target\":[\"https:\\\/\\\/vanderloubet.com.br\\\/deputado\\\/vander-e-zeca-pedem-na-anatel-solucao-para-vazios-de-cobertura-3g-em-ms\\\/\"]}]},{\"@type\":\"ImageObject\",\"inLanguage\":\"pt-BR\",\"@id\":\"https:\\\/\\\/vanderloubet.com.br\\\/deputado\\\/vander-e-zeca-pedem-na-anatel-solucao-para-vazios-de-cobertura-3g-em-ms\\\/#primaryimage\",\"url\":\"https:\\\/\\\/vanderloubet.com.br\\\/deputado\\\/wp-content\\\/uploads\\\/2017\\\/11\\\/foto-2017-11-08-vander-zeca-anatel.jpg\",\"contentUrl\":\"https:\\\/\\\/vanderloubet.com.br\\\/deputado\\\/wp-content\\\/uploads\\\/2017\\\/11\\\/foto-2017-11-08-vander-zeca-anatel.jpg\",\"width\":960,\"height\":640,\"caption\":\"Vander e Zeca pediram na Anatel solu\u00e7\u00e3o para falta de sinal m\u00f3vel em MS\"},{\"@type\":\"BreadcrumbList\",\"@id\":\"https:\\\/\\\/vanderloubet.com.br\\\/deputado\\\/vander-e-zeca-pedem-na-anatel-solucao-para-vazios-de-cobertura-3g-em-ms\\\/#breadcrumb\",\"itemListElement\":[{\"@type\":\"ListItem\",\"position\":1,\"name\":\"In\u00edcio\",\"item\":\"https:\\\/\\\/vanderloubet.com.br\\\/deputado\\\/\"},{\"@type\":\"ListItem\",\"position\":2,\"name\":\"Vander e Zeca pedem na Anatel solu\u00e7\u00e3o para &#8220;vazios&#8221; de cobertura 3G em MS\"}]},{\"@type\":\"WebSite\",\"@id\":\"https:\\\/\\\/vanderloubet.com.br\\\/deputado\\\/#website\",\"url\":\"https:\\\/\\\/vanderloubet.com.br\\\/deputado\\\/\",\"name\":\"Deputado Federal Vander Loubet\",\"description\":\"O Federal de MS\",\"publisher\":{\"@id\":\"https:\\\/\\\/vanderloubet.com.br\\\/deputado\\\/#organization\"},\"alternateName\":\"Deputado Vander\",\"potentialAction\":[{\"@type\":\"SearchAction\",\"target\":{\"@type\":\"EntryPoint\",\"urlTemplate\":\"https:\\\/\\\/vanderloubet.com.br\\\/deputado\\\/?s={search_term_string}\"},\"query-input\":{\"@type\":\"PropertyValueSpecification\",\"valueRequired\":true,\"valueName\":\"search_term_string\"}}],\"inLanguage\":\"pt-BR\"},{\"@type\":\"Organization\",\"@id\":\"https:\\\/\\\/vanderloubet.com.br\\\/deputado\\\/#organization\",\"name\":\"Deputado Federal Vander Loubet\",\"alternateName\":\"Deputado Vander\",\"url\":\"https:\\\/\\\/vanderloubet.com.br\\\/deputado\\\/\",\"logo\":{\"@type\":\"ImageObject\",\"inLanguage\":\"pt-BR\",\"@id\":\"https:\\\/\\\/vanderloubet.com.br\\\/deputado\\\/#\\\/schema\\\/logo\\\/image\\\/\",\"url\":\"https:\\\/\\\/vanderloubet.com.br\\\/deputado\\\/wp-content\\\/uploads\\\/2023\\\/06\\\/foto-2023-06-19-mandato-deputado-vander.jpg\",\"contentUrl\":\"https:\\\/\\\/vanderloubet.com.br\\\/deputado\\\/wp-content\\\/uploads\\\/2023\\\/06\\\/foto-2023-06-19-mandato-deputado-vander.jpg\",\"width\":1080,\"height\":1080,\"caption\":\"Deputado Federal Vander Loubet\"},\"image\":{\"@id\":\"https:\\\/\\\/vanderloubet.com.br\\\/deputado\\\/#\\\/schema\\\/logo\\\/image\\\/\"},\"sameAs\":[\"https:\\\/\\\/facebook.com\\\/deputadovander\",\"https:\\\/\\\/x.com\\\/vanderloubet\",\"https:\\\/\\\/instagram.com\\\/vanderloubet\",\"https:\\\/\\\/youtube.com\\\/vanderloubet\",\"https:\\\/\\\/tiktok.com\\\/@vanderloubetms\"]},{\"@type\":\"Person\",\"@id\":\"https:\\\/\\\/vanderloubet.com.br\\\/deputado\\\/#\\\/schema\\\/person\\\/15b51bd564532a8a68d9dec1b8eb890e\",\"name\":\"\u00c9der\",\"image\":{\"@type\":\"ImageObject\",\"inLanguage\":\"pt-BR\",\"@id\":\"https:\\\/\\\/vanderloubet.com.br\\\/deputado\\\/wp-content\\\/litespeed\\\/avatar\\\/88ca4090d9d5ab1c9495f6ca03b68efa.jpg?ver=1777058957\",\"url\":\"https:\\\/\\\/vanderloubet.com.br\\\/deputado\\\/wp-content\\\/litespeed\\\/avatar\\\/88ca4090d9d5ab1c9495f6ca03b68efa.jpg?ver=1777058957\",\"contentUrl\":\"https:\\\/\\\/vanderloubet.com.br\\\/deputado\\\/wp-content\\\/litespeed\\\/avatar\\\/88ca4090d9d5ab1c9495f6ca03b68efa.jpg?ver=1777058957\",\"caption\":\"\u00c9der\"}}]}<\/script>\n<!-- \/ Yoast SEO plugin. -->","yoast_head_json":{"title":"Vander e Zeca pedem na Anatel solu\u00e7\u00e3o para \"vazios\" de cobertura 3G em MS","robots":{"index":"index","follow":"follow","max-snippet":"max-snippet:-1","max-image-preview":"max-image-preview:large","max-video-preview":"max-video-preview:-1"},"canonical":"https:\/\/vanderloubet.com.br\/deputado\/vander-e-zeca-pedem-na-anatel-solucao-para-vazios-de-cobertura-3g-em-ms\/","og_locale":"pt_BR","og_type":"article","og_title":"Vander e Zeca pedem na Anatel solu\u00e7\u00e3o para \"vazios\" de cobertura 3G em MS","og_description":"Ag\u00eancia vai fazer estudo sobre \u00e1rea de cobertura e deputados v\u00e3o propor audi\u00eancia com prefeitos e Governo do Estado para tratar do tema.","og_url":"https:\/\/vanderloubet.com.br\/deputado\/vander-e-zeca-pedem-na-anatel-solucao-para-vazios-de-cobertura-3g-em-ms\/","og_site_name":"Deputado Federal Vander Loubet","article_publisher":"https:\/\/facebook.com\/deputadovander","article_published_time":"2017-11-08T17:31:08+00:00","article_modified_time":"2017-11-08T17:32:30+00:00","og_image":[{"width":960,"height":640,"url":"https:\/\/vanderloubet.com.br\/deputado\/wp-content\/uploads\/2017\/11\/foto-2017-11-08-vander-zeca-anatel.jpg","type":"image\/jpeg"}],"author":"\u00c9der","twitter_card":"summary_large_image","twitter_creator":"@vanderloubet","twitter_site":"@vanderloubet","schema":{"@context":"https:\/\/schema.org","@graph":[{"@type":"Article","@id":"https:\/\/vanderloubet.com.br\/deputado\/vander-e-zeca-pedem-na-anatel-solucao-para-vazios-de-cobertura-3g-em-ms\/#article","isPartOf":{"@id":"https:\/\/vanderloubet.com.br\/deputado\/vander-e-zeca-pedem-na-anatel-solucao-para-vazios-de-cobertura-3g-em-ms\/"},"author":{"name":"\u00c9der","@id":"https:\/\/vanderloubet.com.br\/deputado\/#\/schema\/person\/15b51bd564532a8a68d9dec1b8eb890e"},"headline":"Vander e Zeca pedem na Anatel solu\u00e7\u00e3o para &#8220;vazios&#8221; de cobertura 3G em MS","datePublished":"2017-11-08T17:31:08+00:00","dateModified":"2017-11-08T17:32:30+00:00","mainEntityOfPage":{"@id":"https:\/\/vanderloubet.com.br\/deputado\/vander-e-zeca-pedem-na-anatel-solucao-para-vazios-de-cobertura-3g-em-ms\/"},"wordCount":330,"publisher":{"@id":"https:\/\/vanderloubet.com.br\/deputado\/#organization"},"image":{"@id":"https:\/\/vanderloubet.com.br\/deputado\/vander-e-zeca-pedem-na-anatel-solucao-para-vazios-de-cobertura-3g-em-ms\/#primaryimage"},"thumbnailUrl":"https:\/\/vanderloubet.com.br\/deputado\/wp-content\/uploads\/2017\/11\/foto-2017-11-08-vander-zeca-anatel.jpg","keywords":["telecomunica\u00e7\u00f5es"],"articleSection":["Mato Grosso do Sul","Not\u00edcias"],"inLanguage":"pt-BR"},{"@type":"WebPage","@id":"https:\/\/vanderloubet.com.br\/deputado\/vander-e-zeca-pedem-na-anatel-solucao-para-vazios-de-cobertura-3g-em-ms\/","url":"https:\/\/vanderloubet.com.br\/deputado\/vander-e-zeca-pedem-na-anatel-solucao-para-vazios-de-cobertura-3g-em-ms\/","name":"Vander e Zeca pedem na Anatel solu\u00e7\u00e3o para \"vazios\" de cobertura 3G em MS","isPartOf":{"@id":"https:\/\/vanderloubet.com.br\/deputado\/#website"},"primaryImageOfPage":{"@id":"https:\/\/vanderloubet.com.br\/deputado\/vander-e-zeca-pedem-na-anatel-solucao-para-vazios-de-cobertura-3g-em-ms\/#primaryimage"},"image":{"@id":"https:\/\/vanderloubet.com.br\/deputado\/vander-e-zeca-pedem-na-anatel-solucao-para-vazios-de-cobertura-3g-em-ms\/#primaryimage"},"thumbnailUrl":"https:\/\/vanderloubet.com.br\/deputado\/wp-content\/uploads\/2017\/11\/foto-2017-11-08-vander-zeca-anatel.jpg","datePublished":"2017-11-08T17:31:08+00:00","dateModified":"2017-11-08T17:32:30+00:00","breadcrumb":{"@id":"https:\/\/vanderloubet.com.br\/deputado\/vander-e-zeca-pedem-na-anatel-solucao-para-vazios-de-cobertura-3g-em-ms\/#breadcrumb"},"inLanguage":"pt-BR","potentialAction":[{"@type":"ReadAction","target":["https:\/\/vanderloubet.com.br\/deputado\/vander-e-zeca-pedem-na-anatel-solucao-para-vazios-de-cobertura-3g-em-ms\/"]}]},{"@type":"ImageObject","inLanguage":"pt-BR","@id":"https:\/\/vanderloubet.com.br\/deputado\/vander-e-zeca-pedem-na-anatel-solucao-para-vazios-de-cobertura-3g-em-ms\/#primaryimage","url":"https:\/\/vanderloubet.com.br\/deputado\/wp-content\/uploads\/2017\/11\/foto-2017-11-08-vander-zeca-anatel.jpg","contentUrl":"https:\/\/vanderloubet.com.br\/deputado\/wp-content\/uploads\/2017\/11\/foto-2017-11-08-vander-zeca-anatel.jpg","width":960,"height":640,"caption":"Vander e Zeca pediram na Anatel solu\u00e7\u00e3o para falta de sinal m\u00f3vel em MS"},{"@type":"BreadcrumbList","@id":"https:\/\/vanderloubet.com.br\/deputado\/vander-e-zeca-pedem-na-anatel-solucao-para-vazios-de-cobertura-3g-em-ms\/#breadcrumb","itemListElement":[{"@type":"ListItem","position":1,"name":"In\u00edcio","item":"https:\/\/vanderloubet.com.br\/deputado\/"},{"@type":"ListItem","position":2,"name":"Vander e Zeca pedem na Anatel solu\u00e7\u00e3o para &#8220;vazios&#8221; de cobertura 3G em MS"}]},{"@type":"WebSite","@id":"https:\/\/vanderloubet.com.br\/deputado\/#website","url":"https:\/\/vanderloubet.com.br\/deputado\/","name":"Deputado Federal Vander Loubet","description":"O Federal de MS","publisher":{"@id":"https:\/\/vanderloubet.com.br\/deputado\/#organization"},"alternateName":"Deputado Vander","potentialAction":[{"@type":"SearchAction","target":{"@type":"EntryPoint","urlTemplate":"https:\/\/vanderloubet.com.br\/deputado\/?s={search_term_string}"},"query-input":{"@type":"PropertyValueSpecification","valueRequired":true,"valueName":"search_term_string"}}],"inLanguage":"pt-BR"},{"@type":"Organization","@id":"https:\/\/vanderloubet.com.br\/deputado\/#organization","name":"Deputado Federal Vander Loubet","alternateName":"Deputado Vander","url":"https:\/\/vanderloubet.com.br\/deputado\/","logo":{"@type":"ImageObject","inLanguage":"pt-BR","@id":"https:\/\/vanderloubet.com.br\/deputado\/#\/schema\/logo\/image\/","url":"https:\/\/vanderloubet.com.br\/deputado\/wp-content\/uploads\/2023\/06\/foto-2023-06-19-mandato-deputado-vander.jpg","contentUrl":"https:\/\/vanderloubet.com.br\/deputado\/wp-content\/uploads\/2023\/06\/foto-2023-06-19-mandato-deputado-vander.jpg","width":1080,"height":1080,"caption":"Deputado Federal Vander Loubet"},"image":{"@id":"https:\/\/vanderloubet.com.br\/deputado\/#\/schema\/logo\/image\/"},"sameAs":["https:\/\/facebook.com\/deputadovander","https:\/\/x.com\/vanderloubet","https:\/\/instagram.com\/vanderloubet","https:\/\/youtube.com\/vanderloubet","https:\/\/tiktok.com\/@vanderloubetms"]},{"@type":"Person","@id":"https:\/\/vanderloubet.com.br\/deputado\/#\/schema\/person\/15b51bd564532a8a68d9dec1b8eb890e","name":"\u00c9der","image":{"@type":"ImageObject","inLanguage":"pt-BR","@id":"https:\/\/vanderloubet.com.br\/deputado\/wp-content\/litespeed\/avatar\/88ca4090d9d5ab1c9495f6ca03b68efa.jpg?ver=1777058957","url":"https:\/\/vanderloubet.com.br\/deputado\/wp-content\/litespeed\/avatar\/88ca4090d9d5ab1c9495f6ca03b68efa.jpg?ver=1777058957","contentUrl":"https:\/\/vanderloubet.com.br\/deputado\/wp-content\/litespeed\/avatar\/88ca4090d9d5ab1c9495f6ca03b68efa.jpg?ver=1777058957","caption":"\u00c9der"}}]}},"jetpack_featured_media_url":"https:\/\/vanderloubet.com.br\/deputado\/wp-content\/uploads\/2017\/11\/foto-2017-11-08-vander-zeca-anatel.jpg","jetpack_sharing_enabled":true,"_links":{"self":[{"href":"https:\/\/vanderloubet.com.br\/deputado\/wp-json\/wp\/v2\/posts\/13212","targetHints":{"allow":["GET"]}}],"collection":[{"href":"https:\/\/vanderloubet.com.br\/deputado\/wp-json\/wp\/v2\/posts"}],"about":[{"href":"https:\/\/vanderloubet.com.br\/deputado\/wp-json\/wp\/v2\/types\/post"}],"author":[{"embeddable":true,"href":"https:\/\/vanderloubet.com.br\/deputado\/wp-json\/wp\/v2\/users\/2"}],"replies":[{"embeddable":true,"href":"https:\/\/vanderloubet.com.br\/deputado\/wp-json\/wp\/v2\/comments?post=13212"}],"version-history":[{"count":0,"href":"https:\/\/vanderloubet.com.br\/deputado\/wp-json\/wp\/v2\/posts\/13212\/revisions"}],"wp:featuredmedia":[{"embeddable":true,"href":"https:\/\/vanderloubet.com.br\/deputado\/wp-json\/wp\/v2\/media\/13213"}],"wp:attachment":[{"href":"https:\/\/vanderloubet.com.br\/deputado\/wp-json\/wp\/v2\/media?parent=13212"}],"wp:term":[{"taxonomy":"category","embeddable":true,"href":"https:\/\/vanderloubet.com.br\/deputado\/wp-json\/wp\/v2\/categories?post=13212"},{"taxonomy":"post_tag","embeddable":true,"href":"https:\/\/vanderloubet.com.br\/deputado\/wp-json\/wp\/v2\/tags?post=13212"}],"curies":[{"name":"wp","href":"https:\/\/api.w.org\/{rel}","templated":true}]}}