{"id":13182,"date":"2017-10-26T12:19:07","date_gmt":"2017-10-26T15:19:07","guid":{"rendered":"http:\/\/vanderloubet.com.br\/deputado\/?p=13182"},"modified":"2017-10-26T12:19:46","modified_gmt":"2017-10-26T15:19:46","slug":"vander-destina-recursos-para-formacao-de-medicos-na-santa-casa-de-campo-grande","status":"publish","type":"post","link":"https:\/\/vanderloubet.com.br\/deputado\/vander-destina-recursos-para-formacao-de-medicos-na-santa-casa-de-campo-grande\/","title":{"rendered":"Vander destina recursos para forma\u00e7\u00e3o de m\u00e9dicos na Santa Casa de Campo Grande"},"content":{"rendered":"\r\n                <style type=\"text\/css\">\r\n                    \r\n                    #tdi_1  .td-doubleSlider-2 .td-item1 {\r\n                        background: url(https:\/\/vanderloubet.com.br\/deputado\/wp-content\/uploads\/2017\/10\/foto-2017-10-23-fundacao-santa-casa-01-80x60.jpg) 0 0 no-repeat;\r\n                    }\r\n                    #tdi_1  .td-doubleSlider-2 .td-item2 {\r\n                        background: url(https:\/\/vanderloubet.com.br\/deputado\/wp-content\/uploads\/2017\/10\/foto-2017-10-23-fundacao-santa-casa-02-80x60.jpg) 0 0 no-repeat;\r\n                    }\r\n                    #tdi_1  .td-doubleSlider-2 .td-item3 {\r\n                        background: url(https:\/\/vanderloubet.com.br\/deputado\/wp-content\/uploads\/2017\/10\/foto-2017-10-23-fundacao-santa-casa-03-80x60.jpg) 0 0 no-repeat;\r\n                    }\r\n                    #tdi_1  .td-doubleSlider-2 .td-item4 {\r\n                        background: url(https:\/\/vanderloubet.com.br\/deputado\/wp-content\/uploads\/2017\/10\/foto-2017-10-23-fundacao-santa-casa-04-80x60.jpg) 0 0 no-repeat;\r\n                    }\r\n                    #tdi_1  .td-doubleSlider-2 .td-item5 {\r\n                        background: url(https:\/\/vanderloubet.com.br\/deputado\/wp-content\/uploads\/2017\/10\/foto-2017-10-23-fundacao-santa-casa-05-80x60.jpg) 0 0 no-repeat;\r\n                    }\r\n                    #tdi_1  .td-doubleSlider-2 .td-item6 {\r\n                        background: url(https:\/\/vanderloubet.com.br\/deputado\/wp-content\/uploads\/2017\/10\/foto-2017-10-23-fundacao-santa-casa-06-80x60.jpg) 0 0 no-repeat;\r\n                    }\r\n                <\/style>\r\n\r\n                <div id=\"tdi_1\" class=\"td-gallery td-slide-on-2-columns\">\r\n                    <div class=\"post_td_gallery\">\r\n                        <div class=\"td-gallery-slide-top\">\r\n                           <div class=\"td-gallery-title\"><\/div>\r\n\r\n                            <div class=\"td-gallery-controls-wrapper\">\r\n                                <div class=\"td-gallery-slide-count\"><span class=\"td-gallery-slide-item-focus\">1<\/span> de 6<\/div>\r\n                                <div class=\"td-gallery-slide-prev-next-but\">\r\n                                    <i class = \"td-icon-left doubleSliderPrevButton\"><\/i>\r\n                                    <i class = \"td-icon-right doubleSliderNextButton\"><\/i>\r\n                                <\/div>\r\n                            <\/div>\r\n                        <\/div>\r\n\r\n                        <div class = \"td-doubleSlider-1 \">\r\n                            <div class = \"td-slider\">\r\n                                \r\n                    <div class = \"td-slide-item td-item1\">\r\n                        <figure class=\"td-slide-galery-figure td-slide-popup-gallery\">\r\n                            <a class=\"slide-gallery-image-link\" href=\"https:\/\/vanderloubet.com.br\/deputado\/wp-content\/uploads\/2017\/10\/foto-2017-10-23-fundacao-santa-casa-01.jpg\" title=\"Deputado Vander ao lado do Dr. Marcos Tiguman (Foto: Marcos Pires)\"  data-caption=\"\"  data-description=\"Deputado Vander ao lado do Dr. Marcos Tiguman (Foto: Marcos Pires)\">\r\n                                <img decoding=\"async\" src=\"https:\/\/vanderloubet.com.br\/deputado\/wp-content\/uploads\/2017\/10\/foto-2017-10-23-fundacao-santa-casa-01-630x420.jpg\" srcset=\"https:\/\/vanderloubet.com.br\/deputado\/wp-content\/uploads\/2017\/10\/foto-2017-10-23-fundacao-santa-casa-01-630x420.jpg 630w, https:\/\/vanderloubet.com.br\/deputado\/wp-content\/uploads\/2017\/10\/foto-2017-10-23-fundacao-santa-casa-01-350x233.jpg 350w, https:\/\/vanderloubet.com.br\/deputado\/wp-content\/uploads\/2017\/10\/foto-2017-10-23-fundacao-santa-casa-01-768x512.jpg 768w, https:\/\/vanderloubet.com.br\/deputado\/wp-content\/uploads\/2017\/10\/foto-2017-10-23-fundacao-santa-casa-01-700x467.jpg 700w, https:\/\/vanderloubet.com.br\/deputado\/wp-content\/uploads\/2017\/10\/foto-2017-10-23-fundacao-santa-casa-01-696x464.jpg 696w, https:\/\/vanderloubet.com.br\/deputado\/wp-content\/uploads\/2017\/10\/foto-2017-10-23-fundacao-santa-casa-01-1068x712.jpg 1068w, https:\/\/vanderloubet.com.br\/deputado\/wp-content\/uploads\/2017\/10\/foto-2017-10-23-fundacao-santa-casa-01.jpg 1080w\" sizes=\"(max-width: 630px) 100vw, 630px\" alt=\"Deputado Vander ao lado do Dr. Marcos Tiguman (Foto: Marcos Pires)\">\r\n                            <\/a>\r\n                            <figcaption class = \"td-slide-caption td-gallery-slide-content\"><span>Deputado Vander ao lado do Dr. Marcos Tiguman (Foto: Marcos Pires)<\/span><\/figcaption>\r\n                        <\/figure>\r\n                    <\/div>\r\n                    <div class = \"td-slide-item td-item2\">\r\n                        <figure class=\"td-slide-galery-figure td-slide-popup-gallery\">\r\n                            <a class=\"slide-gallery-image-link\" href=\"https:\/\/vanderloubet.com.br\/deputado\/wp-content\/uploads\/2017\/10\/foto-2017-10-23-fundacao-santa-casa-02.jpg\" title=\"Evento reuniu m\u00e9dicos, residentes, dirigentes do hospital e membros da comunidade acad\u00eamica (Foto: Marcos Pires)\"  data-caption=\"\"  data-description=\"Evento reuniu m&eacute;dicos, residentes, dirigentes do hospital e membros da comunidade acad&ecirc;mica (Foto: Marcos Pires)\">\r\n                                <img decoding=\"async\" src=\"https:\/\/vanderloubet.com.br\/deputado\/wp-content\/uploads\/2017\/10\/foto-2017-10-23-fundacao-santa-casa-02-630x420.jpg\" srcset=\"https:\/\/vanderloubet.com.br\/deputado\/wp-content\/uploads\/2017\/10\/foto-2017-10-23-fundacao-santa-casa-02-630x420.jpg 630w, https:\/\/vanderloubet.com.br\/deputado\/wp-content\/uploads\/2017\/10\/foto-2017-10-23-fundacao-santa-casa-02-350x233.jpg 350w, https:\/\/vanderloubet.com.br\/deputado\/wp-content\/uploads\/2017\/10\/foto-2017-10-23-fundacao-santa-casa-02-768x512.jpg 768w, https:\/\/vanderloubet.com.br\/deputado\/wp-content\/uploads\/2017\/10\/foto-2017-10-23-fundacao-santa-casa-02-700x467.jpg 700w, https:\/\/vanderloubet.com.br\/deputado\/wp-content\/uploads\/2017\/10\/foto-2017-10-23-fundacao-santa-casa-02-696x464.jpg 696w, https:\/\/vanderloubet.com.br\/deputado\/wp-content\/uploads\/2017\/10\/foto-2017-10-23-fundacao-santa-casa-02-1068x712.jpg 1068w, https:\/\/vanderloubet.com.br\/deputado\/wp-content\/uploads\/2017\/10\/foto-2017-10-23-fundacao-santa-casa-02.jpg 1080w\" sizes=\"(max-width: 630px) 100vw, 630px\" alt=\"Evento reuniu m&eacute;dicos, residentes, dirigentes do hospital e membros da comunidade acad&ecirc;mica (Foto: Marcos Pires)\">\r\n                            <\/a>\r\n                            <figcaption class = \"td-slide-caption td-gallery-slide-content\"><span>Evento reuniu m\u00e9dicos, residentes, dirigentes do hospital e membros da comunidade acad\u00eamica (Foto: Marcos Pires)<\/span><\/figcaption>\r\n                        <\/figure>\r\n                    <\/div>\r\n                    <div class = \"td-slide-item td-item3\">\r\n                        <figure class=\"td-slide-galery-figure td-slide-popup-gallery\">\r\n                            <a class=\"slide-gallery-image-link\" href=\"https:\/\/vanderloubet.com.br\/deputado\/wp-content\/uploads\/2017\/10\/foto-2017-10-23-fundacao-santa-casa-03.jpg\" title=\"Assinaram o conv\u00eanio Vander, Tavares e Tiguman (Foto: Marcos Pires)\"  data-caption=\"\"  data-description=\"Assinaram o conv&ecirc;nio Vander, Tavares e Tiguman (Foto: Marcos Pires)\">\r\n                                <img decoding=\"async\" src=\"https:\/\/vanderloubet.com.br\/deputado\/wp-content\/uploads\/2017\/10\/foto-2017-10-23-fundacao-santa-casa-03-630x420.jpg\" srcset=\"https:\/\/vanderloubet.com.br\/deputado\/wp-content\/uploads\/2017\/10\/foto-2017-10-23-fundacao-santa-casa-03-630x420.jpg 630w, https:\/\/vanderloubet.com.br\/deputado\/wp-content\/uploads\/2017\/10\/foto-2017-10-23-fundacao-santa-casa-03-350x233.jpg 350w, https:\/\/vanderloubet.com.br\/deputado\/wp-content\/uploads\/2017\/10\/foto-2017-10-23-fundacao-santa-casa-03-768x512.jpg 768w, https:\/\/vanderloubet.com.br\/deputado\/wp-content\/uploads\/2017\/10\/foto-2017-10-23-fundacao-santa-casa-03-700x467.jpg 700w, https:\/\/vanderloubet.com.br\/deputado\/wp-content\/uploads\/2017\/10\/foto-2017-10-23-fundacao-santa-casa-03-696x464.jpg 696w, https:\/\/vanderloubet.com.br\/deputado\/wp-content\/uploads\/2017\/10\/foto-2017-10-23-fundacao-santa-casa-03-1068x712.jpg 1068w, https:\/\/vanderloubet.com.br\/deputado\/wp-content\/uploads\/2017\/10\/foto-2017-10-23-fundacao-santa-casa-03.jpg 1080w\" sizes=\"(max-width: 630px) 100vw, 630px\" alt=\"Assinaram o conv&ecirc;nio Vander, Tavares e Tiguman (Foto: Marcos Pires)\">\r\n                            <\/a>\r\n                            <figcaption class = \"td-slide-caption td-gallery-slide-content\"><span>Assinaram o conv\u00eanio Vander, Tavares e Tiguman (Foto: Marcos Pires)<\/span><\/figcaption>\r\n                        <\/figure>\r\n                    <\/div>\r\n                    <div class = \"td-slide-item td-item4\">\r\n                        <figure class=\"td-slide-galery-figure td-slide-popup-gallery\">\r\n                            <a class=\"slide-gallery-image-link\" href=\"https:\/\/vanderloubet.com.br\/deputado\/wp-content\/uploads\/2017\/10\/foto-2017-10-23-fundacao-santa-casa-04.jpg\" title=\"Assinaram o conv\u00eanio Vander, Tavares e Tiguman (Foto: Marcos Pires)\"  data-caption=\"\"  data-description=\"Assinaram o conv&ecirc;nio Vander, Tavares e Tiguman (Foto: Marcos Pires)\">\r\n                                <img decoding=\"async\" src=\"https:\/\/vanderloubet.com.br\/deputado\/wp-content\/uploads\/2017\/10\/foto-2017-10-23-fundacao-santa-casa-04-630x420.jpg\" srcset=\"https:\/\/vanderloubet.com.br\/deputado\/wp-content\/uploads\/2017\/10\/foto-2017-10-23-fundacao-santa-casa-04-630x420.jpg 630w, https:\/\/vanderloubet.com.br\/deputado\/wp-content\/uploads\/2017\/10\/foto-2017-10-23-fundacao-santa-casa-04-350x233.jpg 350w, https:\/\/vanderloubet.com.br\/deputado\/wp-content\/uploads\/2017\/10\/foto-2017-10-23-fundacao-santa-casa-04-768x512.jpg 768w, https:\/\/vanderloubet.com.br\/deputado\/wp-content\/uploads\/2017\/10\/foto-2017-10-23-fundacao-santa-casa-04-700x467.jpg 700w, https:\/\/vanderloubet.com.br\/deputado\/wp-content\/uploads\/2017\/10\/foto-2017-10-23-fundacao-santa-casa-04-696x464.jpg 696w, https:\/\/vanderloubet.com.br\/deputado\/wp-content\/uploads\/2017\/10\/foto-2017-10-23-fundacao-santa-casa-04-1068x712.jpg 1068w, https:\/\/vanderloubet.com.br\/deputado\/wp-content\/uploads\/2017\/10\/foto-2017-10-23-fundacao-santa-casa-04.jpg 1080w\" sizes=\"(max-width: 630px) 100vw, 630px\" alt=\"Assinaram o conv&ecirc;nio Vander, Tavares e Tiguman (Foto: Marcos Pires)\">\r\n                            <\/a>\r\n                            <figcaption class = \"td-slide-caption td-gallery-slide-content\"><span>Assinaram o conv\u00eanio Vander, Tavares e Tiguman (Foto: Marcos Pires)<\/span><\/figcaption>\r\n                        <\/figure>\r\n                    <\/div>\r\n                    <div class = \"td-slide-item td-item5\">\r\n                        <figure class=\"td-slide-galery-figure td-slide-popup-gallery\">\r\n                            <a class=\"slide-gallery-image-link\" href=\"https:\/\/vanderloubet.com.br\/deputado\/wp-content\/uploads\/2017\/10\/foto-2017-10-23-fundacao-santa-casa-05.jpg\" title=\"Assinaram o conv\u00eanio Vander, Tavares e Tiguman (Foto: Marcos Pires)\"  data-caption=\"\"  data-description=\"Assinaram o conv&ecirc;nio Vander, Tavares e Tiguman (Foto: Marcos Pires)\">\r\n                                <img decoding=\"async\" src=\"https:\/\/vanderloubet.com.br\/deputado\/wp-content\/uploads\/2017\/10\/foto-2017-10-23-fundacao-santa-casa-05-630x420.jpg\" srcset=\"https:\/\/vanderloubet.com.br\/deputado\/wp-content\/uploads\/2017\/10\/foto-2017-10-23-fundacao-santa-casa-05-630x420.jpg 630w, https:\/\/vanderloubet.com.br\/deputado\/wp-content\/uploads\/2017\/10\/foto-2017-10-23-fundacao-santa-casa-05-350x233.jpg 350w, https:\/\/vanderloubet.com.br\/deputado\/wp-content\/uploads\/2017\/10\/foto-2017-10-23-fundacao-santa-casa-05-768x512.jpg 768w, https:\/\/vanderloubet.com.br\/deputado\/wp-content\/uploads\/2017\/10\/foto-2017-10-23-fundacao-santa-casa-05-700x467.jpg 700w, https:\/\/vanderloubet.com.br\/deputado\/wp-content\/uploads\/2017\/10\/foto-2017-10-23-fundacao-santa-casa-05-696x464.jpg 696w, https:\/\/vanderloubet.com.br\/deputado\/wp-content\/uploads\/2017\/10\/foto-2017-10-23-fundacao-santa-casa-05-1068x712.jpg 1068w, https:\/\/vanderloubet.com.br\/deputado\/wp-content\/uploads\/2017\/10\/foto-2017-10-23-fundacao-santa-casa-05.jpg 1080w\" sizes=\"(max-width: 630px) 100vw, 630px\" alt=\"Assinaram o conv&ecirc;nio Vander, Tavares e Tiguman (Foto: Marcos Pires)\">\r\n                            <\/a>\r\n                            <figcaption class = \"td-slide-caption td-gallery-slide-content\"><span>Assinaram o conv\u00eanio Vander, Tavares e Tiguman (Foto: Marcos Pires)<\/span><\/figcaption>\r\n                        <\/figure>\r\n                    <\/div>\r\n                    <div class = \"td-slide-item td-item6\">\r\n                        <figure class=\"td-slide-galery-figure td-slide-popup-gallery\">\r\n                            <a class=\"slide-gallery-image-link\" href=\"https:\/\/vanderloubet.com.br\/deputado\/wp-content\/uploads\/2017\/10\/foto-2017-10-23-fundacao-santa-casa-06.jpg\" title=\"Evento reuniu m\u00e9dicos, residentes, dirigentes do hospital e membros da comunidade acad\u00eamica (Foto: Marcos Pires)\"  data-caption=\"\"  data-description=\"Evento reuniu m&eacute;dicos, residentes, dirigentes do hospital e membros da comunidade acad&ecirc;mica (Foto: Marcos Pires)\">\r\n                                <img decoding=\"async\" src=\"https:\/\/vanderloubet.com.br\/deputado\/wp-content\/uploads\/2017\/10\/foto-2017-10-23-fundacao-santa-casa-06-630x420.jpg\" srcset=\"https:\/\/vanderloubet.com.br\/deputado\/wp-content\/uploads\/2017\/10\/foto-2017-10-23-fundacao-santa-casa-06-630x420.jpg 630w, https:\/\/vanderloubet.com.br\/deputado\/wp-content\/uploads\/2017\/10\/foto-2017-10-23-fundacao-santa-casa-06-350x233.jpg 350w, https:\/\/vanderloubet.com.br\/deputado\/wp-content\/uploads\/2017\/10\/foto-2017-10-23-fundacao-santa-casa-06-768x512.jpg 768w, https:\/\/vanderloubet.com.br\/deputado\/wp-content\/uploads\/2017\/10\/foto-2017-10-23-fundacao-santa-casa-06-700x467.jpg 700w, https:\/\/vanderloubet.com.br\/deputado\/wp-content\/uploads\/2017\/10\/foto-2017-10-23-fundacao-santa-casa-06-696x464.jpg 696w, https:\/\/vanderloubet.com.br\/deputado\/wp-content\/uploads\/2017\/10\/foto-2017-10-23-fundacao-santa-casa-06-1068x712.jpg 1068w, https:\/\/vanderloubet.com.br\/deputado\/wp-content\/uploads\/2017\/10\/foto-2017-10-23-fundacao-santa-casa-06.jpg 1080w\" sizes=\"(max-width: 630px) 100vw, 630px\" alt=\"Evento reuniu m&eacute;dicos, residentes, dirigentes do hospital e membros da comunidade acad&ecirc;mica (Foto: Marcos Pires)\">\r\n                            <\/a>\r\n                            <figcaption class = \"td-slide-caption td-gallery-slide-content\"><span>Evento reuniu m\u00e9dicos, residentes, dirigentes do hospital e membros da comunidade acad\u00eamica (Foto: Marcos Pires)<\/span><\/figcaption>\r\n                        <\/figure>\r\n                    <\/div>\r\n                            <\/div>\r\n                        <\/div>\r\n\r\n                        <div class = \"td-doubleSlider-2\">\r\n                            <div class = \"td-slider\">\r\n                                \r\n                    <div class = \"td-button td-item1\">\r\n                        <div class = \"td-border\"><\/div>\r\n                    <\/div>\r\n                    <div class = \"td-button td-item2\">\r\n                        <div class = \"td-border\"><\/div>\r\n                    <\/div>\r\n                    <div class = \"td-button td-item3\">\r\n                        <div class = \"td-border\"><\/div>\r\n                    <\/div>\r\n                    <div class = \"td-button td-item4\">\r\n                        <div class = \"td-border\"><\/div>\r\n                    <\/div>\r\n                    <div class = \"td-button td-item5\">\r\n                        <div class = \"td-border\"><\/div>\r\n                    <\/div>\r\n                    <div class = \"td-button td-item6\">\r\n                        <div class = \"td-border\"><\/div>\r\n                    <\/div>\r\n                            <\/div>\r\n                        <\/div>\r\n\r\n                    <\/div>\r\n\r\n                <\/div>\r\n                \n<p>A Funda\u00e7\u00e3o Centro de Estudos da Santa Casa e a Secretaria de Estado de Sa\u00fade (SES) realizaram na noite da \u00faltima segunda-feira (23), em Campo Grande, a solenidade de formaliza\u00e7\u00e3o de um conv\u00eanio para manuten\u00e7\u00e3o das a\u00e7\u00f5es de forma\u00e7\u00e3o e treinamento de m\u00e9dicos residentes em \u00e1reas b\u00e1sicas e demais especialidades do hospital.<\/p>\n<p>O valor do conv\u00eanio \u00e9 de R$ 350 mil, recurso proveniente de emenda parlamentar do deputado federal Vander Loubet. Al\u00e9m do deputado, assinaram o documento o secret\u00e1rio de Estado de Sa\u00fade, Nelson Tavares, e o presidente do Conselho Deliberativo da Funda\u00e7\u00e3o, Dr. Marcos Tiguman.<\/p>\n<p>Para Tiguman, os recursos s\u00e3o importantes j\u00e1 que a entidade se mant\u00e9m por meio de doa\u00e7\u00f5es. Al\u00e9m disso, ele destaca a import\u00e2ncia das a\u00e7\u00f5es de forma\u00e7\u00e3o e capacita\u00e7\u00e3o para buscar um melhor atendimento das demandas de sa\u00fade da popula\u00e7\u00e3o.<\/p>\n<p>&#8220;Nosso objetivo final \u00e9 sempre atender a comunidade. E a Funda\u00e7\u00e3o faz isso por meio de cursos e capacita\u00e7\u00f5es para os m\u00e9dicos. E m\u00e9dicos bem formados, bem orientados, garantem benef\u00edcios para quem utiliza os servi\u00e7os de sa\u00fade, seja no ambulat\u00f3rio e no centro cir\u00fargico da Santa Casa, seja fora da institui\u00e7\u00e3o&#8221;, afirmou o m\u00e9dico. &#8220;Em todos os grandes hospitais a resid\u00eancia m\u00e9dica \u00e9 um alicerce para o funcionamento da institui\u00e7\u00e3o. Temos mais de 100 residentes na Santa Casa e precisamos dar suporte para que eles desenvolvam todo o seu potencial. Sendo assim, a aloca\u00e7\u00e3o dessa verba para o funcionamento desse trabalho \u00e9 muito importante&#8221;, completou.<\/p>\n<p>De acordo com Ionise Piazzi, consultora de Treinamento da Funda\u00e7\u00e3o, al\u00e9m da forma\u00e7\u00e3o dos m\u00e9dicos dentro do hospital, existe preocupa\u00e7\u00e3o com o papel social destes profissionais. Por isso, a institui\u00e7\u00e3o desenvolve a\u00e7\u00f5es com a popula\u00e7\u00e3o. Uma delas &#8211; e que ter\u00e1 suporte do conv\u00eanio &#8211; \u00e9 a multiplica\u00e7\u00e3o dos conhecimentos de primeiros socorros para comunidades rurais, cujas popula\u00e7\u00f5es receber\u00e3o treinamento pelos residentes da Santa Casa. &#8220;Esse trabalho de contato direto entre os residentes e as comunidades que necessitam de aten\u00e7\u00e3o b\u00e1sica \u00e9 muito importante&#8221;, explicou.<\/p>\n<p><strong>Amplia\u00e7\u00e3o da verba<\/strong> &#8211; Para o deputado Vander Loubet, a destina\u00e7\u00e3o de recursos para a sa\u00fade &#8211; seja para custeio, capacita\u00e7\u00e3o, compra de equipamentos e medicamentos ou reformas e amplia\u00e7\u00f5es &#8211; \u00e9 uma necessidade constante. Ele recorda que essa necessidade chegou a mudar a forma como s\u00e3o apresentadas as emendas parlamentares ao Or\u00e7amento Geral da Uni\u00e3o.<\/p>\n<p>&#8220;Com a aprova\u00e7\u00e3o do Or\u00e7amento Impositivo, no final de 2013, passou a ser obrigat\u00f3ria a destina\u00e7\u00e3o de 50% das emendas parlamentares para o setor de sa\u00fade a partir do Or\u00e7amento de 2015. Isso atendeu a um clamor dos estados e dos munic\u00edpios, que veem nas emendas uma forma de ampliar a verba aplicada em sa\u00fade p\u00fablica&#8221;, pontuou.<\/p>\n<p>Com isso, nos \u00faltimos tr\u00eas anos, Vander viabilizou para a sa\u00fade em Mato Grosso do Sul cerca de R$ 15,1 milh\u00f5es: R$ 3,9 milh\u00f5es em 2015 (para amplia\u00e7\u00e3o do ambulat\u00f3rio, centro cir\u00fargico, UTI para adultos e enfermaria do Hospital Regional de Campo Grande), R$ 5,6 milh\u00f5es em 2016 (para manuten\u00e7\u00e3o do Hemosul de Campo Grande) e R$ 5,6 milh\u00f5es em 2017 (para a SES custear os servi\u00e7os de sa\u00fade p\u00fablica do Estado e dos munic\u00edpios). Al\u00e9m disso, gra\u00e7as a uma parceria com o mandato do tamb\u00e9m deputado federal Zeca do PT e com o Governo do Estado, Vander est\u00e1 viabilizando mais R$ 16,1 milh\u00f5es para aplica\u00e7\u00e3o custeio dos servi\u00e7os de sa\u00fade de entidades e de prefeituras em 34 munic\u00edpios.<\/p>\n<p><em>(\u00c9der Yanaguita &#8211; Ascom\/Dep. Vander Loubet)<\/em><\/p>\n","protected":false},"excerpt":{"rendered":"<p>Conv\u00eanio de R$ 350 mil foi assinado pelo deputado, pelo secret\u00e1rio estadual de Sa\u00fade e pelo presidente da Funda\u00e7\u00e3o Centro de Estudos da Santa Casa.<\/p>\n","protected":false},"author":2,"featured_media":13183,"comment_status":"closed","ping_status":"closed","sticky":false,"template":"","format":"standard","meta":{"jetpack_post_was_ever_published":false,"_jetpack_newsletter_access":"","_jetpack_dont_email_post_to_subs":false,"_jetpack_newsletter_tier_id":0,"_jetpack_memberships_contains_paywalled_content":false,"_jetpack_memberships_contains_paid_content":false,"footnotes":""},"categories":[2097,10],"tags":[2127,1803],"class_list":{"0":"post-13182","1":"post","2":"type-post","3":"status-publish","4":"format-standard","5":"has-post-thumbnail","7":"category-municipios-noticias","8":"category-noticias","9":"tag-emenda-parlamentar","10":"tag-saude"},"yoast_head":"<!-- This site is optimized with the Yoast SEO plugin v27.4 - https:\/\/yoast.com\/product\/yoast-seo-wordpress\/ -->\n<title>Vander destina recursos para forma\u00e7\u00e3o de m\u00e9dicos na Santa Casa de Campo Grande<\/title>\n<meta name=\"robots\" content=\"index, follow, max-snippet:-1, max-image-preview:large, max-video-preview:-1\" \/>\n<link rel=\"canonical\" href=\"https:\/\/vanderloubet.com.br\/deputado\/vander-destina-recursos-para-formacao-de-medicos-na-santa-casa-de-campo-grande\/\" \/>\n<meta property=\"og:locale\" content=\"pt_BR\" \/>\n<meta property=\"og:type\" content=\"article\" \/>\n<meta property=\"og:title\" content=\"Vander destina recursos para forma\u00e7\u00e3o de m\u00e9dicos na Santa Casa de Campo Grande\" \/>\n<meta property=\"og:description\" content=\"Conv\u00eanio de R$ 350 mil foi assinado pelo deputado, pelo secret\u00e1rio estadual de Sa\u00fade e pelo presidente da Funda\u00e7\u00e3o Centro de Estudos da Santa Casa.\" \/>\n<meta property=\"og:url\" content=\"https:\/\/vanderloubet.com.br\/deputado\/vander-destina-recursos-para-formacao-de-medicos-na-santa-casa-de-campo-grande\/\" \/>\n<meta property=\"og:site_name\" content=\"Deputado Federal Vander Loubet\" \/>\n<meta property=\"article:publisher\" content=\"https:\/\/facebook.com\/deputadovander\" \/>\n<meta property=\"article:published_time\" content=\"2017-10-26T15:19:07+00:00\" \/>\n<meta property=\"article:modified_time\" content=\"2017-10-26T15:19:46+00:00\" \/>\n<meta property=\"og:image\" content=\"https:\/\/vanderloubet.com.br\/deputado\/wp-content\/uploads\/2017\/10\/foto-2017-10-23-fundacao-santa-casa-01.jpg\" \/>\n\t<meta property=\"og:image:width\" content=\"1080\" \/>\n\t<meta property=\"og:image:height\" content=\"720\" \/>\n\t<meta property=\"og:image:type\" content=\"image\/jpeg\" \/>\n<meta name=\"author\" content=\"\u00c9der\" \/>\n<meta name=\"twitter:card\" content=\"summary_large_image\" \/>\n<meta name=\"twitter:creator\" content=\"@vanderloubet\" \/>\n<meta name=\"twitter:site\" content=\"@vanderloubet\" \/>\n<script type=\"application\/ld+json\" class=\"yoast-schema-graph\">{\"@context\":\"https:\\\/\\\/schema.org\",\"@graph\":[{\"@type\":\"Article\",\"@id\":\"https:\\\/\\\/vanderloubet.com.br\\\/deputado\\\/vander-destina-recursos-para-formacao-de-medicos-na-santa-casa-de-campo-grande\\\/#article\",\"isPartOf\":{\"@id\":\"https:\\\/\\\/vanderloubet.com.br\\\/deputado\\\/vander-destina-recursos-para-formacao-de-medicos-na-santa-casa-de-campo-grande\\\/\"},\"author\":{\"name\":\"\u00c9der\",\"@id\":\"https:\\\/\\\/vanderloubet.com.br\\\/deputado\\\/#\\\/schema\\\/person\\\/15b51bd564532a8a68d9dec1b8eb890e\"},\"headline\":\"Vander destina recursos para forma\u00e7\u00e3o de m\u00e9dicos na Santa Casa de Campo Grande\",\"datePublished\":\"2017-10-26T15:19:07+00:00\",\"dateModified\":\"2017-10-26T15:19:46+00:00\",\"mainEntityOfPage\":{\"@id\":\"https:\\\/\\\/vanderloubet.com.br\\\/deputado\\\/vander-destina-recursos-para-formacao-de-medicos-na-santa-casa-de-campo-grande\\\/\"},\"wordCount\":658,\"publisher\":{\"@id\":\"https:\\\/\\\/vanderloubet.com.br\\\/deputado\\\/#organization\"},\"image\":{\"@id\":\"https:\\\/\\\/vanderloubet.com.br\\\/deputado\\\/vander-destina-recursos-para-formacao-de-medicos-na-santa-casa-de-campo-grande\\\/#primaryimage\"},\"thumbnailUrl\":\"https:\\\/\\\/vanderloubet.com.br\\\/deputado\\\/wp-content\\\/uploads\\\/2017\\\/10\\\/foto-2017-10-23-fundacao-santa-casa-01.jpg\",\"keywords\":[\"emenda parlamentar\",\"sa\u00fade\"],\"articleSection\":[\"Munic\u00edpios\",\"Not\u00edcias\"],\"inLanguage\":\"pt-BR\"},{\"@type\":\"WebPage\",\"@id\":\"https:\\\/\\\/vanderloubet.com.br\\\/deputado\\\/vander-destina-recursos-para-formacao-de-medicos-na-santa-casa-de-campo-grande\\\/\",\"url\":\"https:\\\/\\\/vanderloubet.com.br\\\/deputado\\\/vander-destina-recursos-para-formacao-de-medicos-na-santa-casa-de-campo-grande\\\/\",\"name\":\"Vander destina recursos para forma\u00e7\u00e3o de m\u00e9dicos na Santa Casa de Campo Grande\",\"isPartOf\":{\"@id\":\"https:\\\/\\\/vanderloubet.com.br\\\/deputado\\\/#website\"},\"primaryImageOfPage\":{\"@id\":\"https:\\\/\\\/vanderloubet.com.br\\\/deputado\\\/vander-destina-recursos-para-formacao-de-medicos-na-santa-casa-de-campo-grande\\\/#primaryimage\"},\"image\":{\"@id\":\"https:\\\/\\\/vanderloubet.com.br\\\/deputado\\\/vander-destina-recursos-para-formacao-de-medicos-na-santa-casa-de-campo-grande\\\/#primaryimage\"},\"thumbnailUrl\":\"https:\\\/\\\/vanderloubet.com.br\\\/deputado\\\/wp-content\\\/uploads\\\/2017\\\/10\\\/foto-2017-10-23-fundacao-santa-casa-01.jpg\",\"datePublished\":\"2017-10-26T15:19:07+00:00\",\"dateModified\":\"2017-10-26T15:19:46+00:00\",\"breadcrumb\":{\"@id\":\"https:\\\/\\\/vanderloubet.com.br\\\/deputado\\\/vander-destina-recursos-para-formacao-de-medicos-na-santa-casa-de-campo-grande\\\/#breadcrumb\"},\"inLanguage\":\"pt-BR\",\"potentialAction\":[{\"@type\":\"ReadAction\",\"target\":[\"https:\\\/\\\/vanderloubet.com.br\\\/deputado\\\/vander-destina-recursos-para-formacao-de-medicos-na-santa-casa-de-campo-grande\\\/\"]}]},{\"@type\":\"ImageObject\",\"inLanguage\":\"pt-BR\",\"@id\":\"https:\\\/\\\/vanderloubet.com.br\\\/deputado\\\/vander-destina-recursos-para-formacao-de-medicos-na-santa-casa-de-campo-grande\\\/#primaryimage\",\"url\":\"https:\\\/\\\/vanderloubet.com.br\\\/deputado\\\/wp-content\\\/uploads\\\/2017\\\/10\\\/foto-2017-10-23-fundacao-santa-casa-01.jpg\",\"contentUrl\":\"https:\\\/\\\/vanderloubet.com.br\\\/deputado\\\/wp-content\\\/uploads\\\/2017\\\/10\\\/foto-2017-10-23-fundacao-santa-casa-01.jpg\",\"width\":1080,\"height\":720,\"caption\":\"Deputado Vander ao lado do Dr. Marcos Tiguman (Foto: Marcos Pires)\"},{\"@type\":\"BreadcrumbList\",\"@id\":\"https:\\\/\\\/vanderloubet.com.br\\\/deputado\\\/vander-destina-recursos-para-formacao-de-medicos-na-santa-casa-de-campo-grande\\\/#breadcrumb\",\"itemListElement\":[{\"@type\":\"ListItem\",\"position\":1,\"name\":\"In\u00edcio\",\"item\":\"https:\\\/\\\/vanderloubet.com.br\\\/deputado\\\/\"},{\"@type\":\"ListItem\",\"position\":2,\"name\":\"Vander destina recursos para forma\u00e7\u00e3o de m\u00e9dicos na Santa Casa de Campo Grande\"}]},{\"@type\":\"WebSite\",\"@id\":\"https:\\\/\\\/vanderloubet.com.br\\\/deputado\\\/#website\",\"url\":\"https:\\\/\\\/vanderloubet.com.br\\\/deputado\\\/\",\"name\":\"Deputado Federal Vander Loubet\",\"description\":\"O Federal de MS\",\"publisher\":{\"@id\":\"https:\\\/\\\/vanderloubet.com.br\\\/deputado\\\/#organization\"},\"alternateName\":\"Deputado Vander\",\"potentialAction\":[{\"@type\":\"SearchAction\",\"target\":{\"@type\":\"EntryPoint\",\"urlTemplate\":\"https:\\\/\\\/vanderloubet.com.br\\\/deputado\\\/?s={search_term_string}\"},\"query-input\":{\"@type\":\"PropertyValueSpecification\",\"valueRequired\":true,\"valueName\":\"search_term_string\"}}],\"inLanguage\":\"pt-BR\"},{\"@type\":\"Organization\",\"@id\":\"https:\\\/\\\/vanderloubet.com.br\\\/deputado\\\/#organization\",\"name\":\"Deputado Federal Vander Loubet\",\"alternateName\":\"Deputado Vander\",\"url\":\"https:\\\/\\\/vanderloubet.com.br\\\/deputado\\\/\",\"logo\":{\"@type\":\"ImageObject\",\"inLanguage\":\"pt-BR\",\"@id\":\"https:\\\/\\\/vanderloubet.com.br\\\/deputado\\\/#\\\/schema\\\/logo\\\/image\\\/\",\"url\":\"https:\\\/\\\/vanderloubet.com.br\\\/deputado\\\/wp-content\\\/uploads\\\/2023\\\/06\\\/foto-2023-06-19-mandato-deputado-vander.jpg\",\"contentUrl\":\"https:\\\/\\\/vanderloubet.com.br\\\/deputado\\\/wp-content\\\/uploads\\\/2023\\\/06\\\/foto-2023-06-19-mandato-deputado-vander.jpg\",\"width\":1080,\"height\":1080,\"caption\":\"Deputado Federal Vander Loubet\"},\"image\":{\"@id\":\"https:\\\/\\\/vanderloubet.com.br\\\/deputado\\\/#\\\/schema\\\/logo\\\/image\\\/\"},\"sameAs\":[\"https:\\\/\\\/facebook.com\\\/deputadovander\",\"https:\\\/\\\/x.com\\\/vanderloubet\",\"https:\\\/\\\/instagram.com\\\/vanderloubet\",\"https:\\\/\\\/youtube.com\\\/vanderloubet\",\"https:\\\/\\\/tiktok.com\\\/@vanderloubetms\"]},{\"@type\":\"Person\",\"@id\":\"https:\\\/\\\/vanderloubet.com.br\\\/deputado\\\/#\\\/schema\\\/person\\\/15b51bd564532a8a68d9dec1b8eb890e\",\"name\":\"\u00c9der\",\"image\":{\"@type\":\"ImageObject\",\"inLanguage\":\"pt-BR\",\"@id\":\"https:\\\/\\\/vanderloubet.com.br\\\/deputado\\\/wp-content\\\/litespeed\\\/avatar\\\/88ca4090d9d5ab1c9495f6ca03b68efa.jpg?ver=1777058957\",\"url\":\"https:\\\/\\\/vanderloubet.com.br\\\/deputado\\\/wp-content\\\/litespeed\\\/avatar\\\/88ca4090d9d5ab1c9495f6ca03b68efa.jpg?ver=1777058957\",\"contentUrl\":\"https:\\\/\\\/vanderloubet.com.br\\\/deputado\\\/wp-content\\\/litespeed\\\/avatar\\\/88ca4090d9d5ab1c9495f6ca03b68efa.jpg?ver=1777058957\",\"caption\":\"\u00c9der\"}}]}<\/script>\n<!-- \/ Yoast SEO plugin. -->","yoast_head_json":{"title":"Vander destina recursos para forma\u00e7\u00e3o de m\u00e9dicos na Santa Casa de Campo Grande","robots":{"index":"index","follow":"follow","max-snippet":"max-snippet:-1","max-image-preview":"max-image-preview:large","max-video-preview":"max-video-preview:-1"},"canonical":"https:\/\/vanderloubet.com.br\/deputado\/vander-destina-recursos-para-formacao-de-medicos-na-santa-casa-de-campo-grande\/","og_locale":"pt_BR","og_type":"article","og_title":"Vander destina recursos para forma\u00e7\u00e3o de m\u00e9dicos na Santa Casa de Campo Grande","og_description":"Conv\u00eanio de R$ 350 mil foi assinado pelo deputado, pelo secret\u00e1rio estadual de Sa\u00fade e pelo presidente da Funda\u00e7\u00e3o Centro de Estudos da Santa Casa.","og_url":"https:\/\/vanderloubet.com.br\/deputado\/vander-destina-recursos-para-formacao-de-medicos-na-santa-casa-de-campo-grande\/","og_site_name":"Deputado Federal Vander Loubet","article_publisher":"https:\/\/facebook.com\/deputadovander","article_published_time":"2017-10-26T15:19:07+00:00","article_modified_time":"2017-10-26T15:19:46+00:00","og_image":[{"width":1080,"height":720,"url":"https:\/\/vanderloubet.com.br\/deputado\/wp-content\/uploads\/2017\/10\/foto-2017-10-23-fundacao-santa-casa-01.jpg","type":"image\/jpeg"}],"author":"\u00c9der","twitter_card":"summary_large_image","twitter_creator":"@vanderloubet","twitter_site":"@vanderloubet","schema":{"@context":"https:\/\/schema.org","@graph":[{"@type":"Article","@id":"https:\/\/vanderloubet.com.br\/deputado\/vander-destina-recursos-para-formacao-de-medicos-na-santa-casa-de-campo-grande\/#article","isPartOf":{"@id":"https:\/\/vanderloubet.com.br\/deputado\/vander-destina-recursos-para-formacao-de-medicos-na-santa-casa-de-campo-grande\/"},"author":{"name":"\u00c9der","@id":"https:\/\/vanderloubet.com.br\/deputado\/#\/schema\/person\/15b51bd564532a8a68d9dec1b8eb890e"},"headline":"Vander destina recursos para forma\u00e7\u00e3o de m\u00e9dicos na Santa Casa de Campo Grande","datePublished":"2017-10-26T15:19:07+00:00","dateModified":"2017-10-26T15:19:46+00:00","mainEntityOfPage":{"@id":"https:\/\/vanderloubet.com.br\/deputado\/vander-destina-recursos-para-formacao-de-medicos-na-santa-casa-de-campo-grande\/"},"wordCount":658,"publisher":{"@id":"https:\/\/vanderloubet.com.br\/deputado\/#organization"},"image":{"@id":"https:\/\/vanderloubet.com.br\/deputado\/vander-destina-recursos-para-formacao-de-medicos-na-santa-casa-de-campo-grande\/#primaryimage"},"thumbnailUrl":"https:\/\/vanderloubet.com.br\/deputado\/wp-content\/uploads\/2017\/10\/foto-2017-10-23-fundacao-santa-casa-01.jpg","keywords":["emenda parlamentar","sa\u00fade"],"articleSection":["Munic\u00edpios","Not\u00edcias"],"inLanguage":"pt-BR"},{"@type":"WebPage","@id":"https:\/\/vanderloubet.com.br\/deputado\/vander-destina-recursos-para-formacao-de-medicos-na-santa-casa-de-campo-grande\/","url":"https:\/\/vanderloubet.com.br\/deputado\/vander-destina-recursos-para-formacao-de-medicos-na-santa-casa-de-campo-grande\/","name":"Vander destina recursos para forma\u00e7\u00e3o de m\u00e9dicos na Santa Casa de Campo Grande","isPartOf":{"@id":"https:\/\/vanderloubet.com.br\/deputado\/#website"},"primaryImageOfPage":{"@id":"https:\/\/vanderloubet.com.br\/deputado\/vander-destina-recursos-para-formacao-de-medicos-na-santa-casa-de-campo-grande\/#primaryimage"},"image":{"@id":"https:\/\/vanderloubet.com.br\/deputado\/vander-destina-recursos-para-formacao-de-medicos-na-santa-casa-de-campo-grande\/#primaryimage"},"thumbnailUrl":"https:\/\/vanderloubet.com.br\/deputado\/wp-content\/uploads\/2017\/10\/foto-2017-10-23-fundacao-santa-casa-01.jpg","datePublished":"2017-10-26T15:19:07+00:00","dateModified":"2017-10-26T15:19:46+00:00","breadcrumb":{"@id":"https:\/\/vanderloubet.com.br\/deputado\/vander-destina-recursos-para-formacao-de-medicos-na-santa-casa-de-campo-grande\/#breadcrumb"},"inLanguage":"pt-BR","potentialAction":[{"@type":"ReadAction","target":["https:\/\/vanderloubet.com.br\/deputado\/vander-destina-recursos-para-formacao-de-medicos-na-santa-casa-de-campo-grande\/"]}]},{"@type":"ImageObject","inLanguage":"pt-BR","@id":"https:\/\/vanderloubet.com.br\/deputado\/vander-destina-recursos-para-formacao-de-medicos-na-santa-casa-de-campo-grande\/#primaryimage","url":"https:\/\/vanderloubet.com.br\/deputado\/wp-content\/uploads\/2017\/10\/foto-2017-10-23-fundacao-santa-casa-01.jpg","contentUrl":"https:\/\/vanderloubet.com.br\/deputado\/wp-content\/uploads\/2017\/10\/foto-2017-10-23-fundacao-santa-casa-01.jpg","width":1080,"height":720,"caption":"Deputado Vander ao lado do Dr. Marcos Tiguman (Foto: Marcos Pires)"},{"@type":"BreadcrumbList","@id":"https:\/\/vanderloubet.com.br\/deputado\/vander-destina-recursos-para-formacao-de-medicos-na-santa-casa-de-campo-grande\/#breadcrumb","itemListElement":[{"@type":"ListItem","position":1,"name":"In\u00edcio","item":"https:\/\/vanderloubet.com.br\/deputado\/"},{"@type":"ListItem","position":2,"name":"Vander destina recursos para forma\u00e7\u00e3o de m\u00e9dicos na Santa Casa de Campo Grande"}]},{"@type":"WebSite","@id":"https:\/\/vanderloubet.com.br\/deputado\/#website","url":"https:\/\/vanderloubet.com.br\/deputado\/","name":"Deputado Federal Vander Loubet","description":"O Federal de MS","publisher":{"@id":"https:\/\/vanderloubet.com.br\/deputado\/#organization"},"alternateName":"Deputado Vander","potentialAction":[{"@type":"SearchAction","target":{"@type":"EntryPoint","urlTemplate":"https:\/\/vanderloubet.com.br\/deputado\/?s={search_term_string}"},"query-input":{"@type":"PropertyValueSpecification","valueRequired":true,"valueName":"search_term_string"}}],"inLanguage":"pt-BR"},{"@type":"Organization","@id":"https:\/\/vanderloubet.com.br\/deputado\/#organization","name":"Deputado Federal Vander Loubet","alternateName":"Deputado Vander","url":"https:\/\/vanderloubet.com.br\/deputado\/","logo":{"@type":"ImageObject","inLanguage":"pt-BR","@id":"https:\/\/vanderloubet.com.br\/deputado\/#\/schema\/logo\/image\/","url":"https:\/\/vanderloubet.com.br\/deputado\/wp-content\/uploads\/2023\/06\/foto-2023-06-19-mandato-deputado-vander.jpg","contentUrl":"https:\/\/vanderloubet.com.br\/deputado\/wp-content\/uploads\/2023\/06\/foto-2023-06-19-mandato-deputado-vander.jpg","width":1080,"height":1080,"caption":"Deputado Federal Vander Loubet"},"image":{"@id":"https:\/\/vanderloubet.com.br\/deputado\/#\/schema\/logo\/image\/"},"sameAs":["https:\/\/facebook.com\/deputadovander","https:\/\/x.com\/vanderloubet","https:\/\/instagram.com\/vanderloubet","https:\/\/youtube.com\/vanderloubet","https:\/\/tiktok.com\/@vanderloubetms"]},{"@type":"Person","@id":"https:\/\/vanderloubet.com.br\/deputado\/#\/schema\/person\/15b51bd564532a8a68d9dec1b8eb890e","name":"\u00c9der","image":{"@type":"ImageObject","inLanguage":"pt-BR","@id":"https:\/\/vanderloubet.com.br\/deputado\/wp-content\/litespeed\/avatar\/88ca4090d9d5ab1c9495f6ca03b68efa.jpg?ver=1777058957","url":"https:\/\/vanderloubet.com.br\/deputado\/wp-content\/litespeed\/avatar\/88ca4090d9d5ab1c9495f6ca03b68efa.jpg?ver=1777058957","contentUrl":"https:\/\/vanderloubet.com.br\/deputado\/wp-content\/litespeed\/avatar\/88ca4090d9d5ab1c9495f6ca03b68efa.jpg?ver=1777058957","caption":"\u00c9der"}}]}},"jetpack_featured_media_url":"https:\/\/vanderloubet.com.br\/deputado\/wp-content\/uploads\/2017\/10\/foto-2017-10-23-fundacao-santa-casa-01.jpg","jetpack_sharing_enabled":true,"_links":{"self":[{"href":"https:\/\/vanderloubet.com.br\/deputado\/wp-json\/wp\/v2\/posts\/13182","targetHints":{"allow":["GET"]}}],"collection":[{"href":"https:\/\/vanderloubet.com.br\/deputado\/wp-json\/wp\/v2\/posts"}],"about":[{"href":"https:\/\/vanderloubet.com.br\/deputado\/wp-json\/wp\/v2\/types\/post"}],"author":[{"embeddable":true,"href":"https:\/\/vanderloubet.com.br\/deputado\/wp-json\/wp\/v2\/users\/2"}],"replies":[{"embeddable":true,"href":"https:\/\/vanderloubet.com.br\/deputado\/wp-json\/wp\/v2\/comments?post=13182"}],"version-history":[{"count":0,"href":"https:\/\/vanderloubet.com.br\/deputado\/wp-json\/wp\/v2\/posts\/13182\/revisions"}],"wp:featuredmedia":[{"embeddable":true,"href":"https:\/\/vanderloubet.com.br\/deputado\/wp-json\/wp\/v2\/media\/13183"}],"wp:attachment":[{"href":"https:\/\/vanderloubet.com.br\/deputado\/wp-json\/wp\/v2\/media?parent=13182"}],"wp:term":[{"taxonomy":"category","embeddable":true,"href":"https:\/\/vanderloubet.com.br\/deputado\/wp-json\/wp\/v2\/categories?post=13182"},{"taxonomy":"post_tag","embeddable":true,"href":"https:\/\/vanderloubet.com.br\/deputado\/wp-json\/wp\/v2\/tags?post=13182"}],"curies":[{"name":"wp","href":"https:\/\/api.w.org\/{rel}","templated":true}]}}